{"id":10100,"date":"2024-11-19T06:00:27","date_gmt":"2024-11-19T09:00:27","guid":{"rendered":"https:\/\/globalattitude.org.br\/?p=10100"},"modified":"2024-11-12T13:08:01","modified_gmt":"2024-11-12T16:08:01","slug":"saiba-tudo-sobre-a-area-das-relacoes-publicas","status":"publish","type":"post","link":"http:\/\/globalattitude.org.br\/en\/saiba-tudo-sobre-a-area-das-relacoes-publicas\/","title":{"rendered":"Saiba tudo sobre a \u00e1rea das rela\u00e7\u00f5es p\u00fablicas"},"content":{"rendered":"<p>Rela\u00e7\u00f5es P\u00fablicas \u00e9 um processo estrat\u00e9gico de comunica\u00e7\u00e3o que constr\u00f3i rela\u00e7\u00f5es de benef\u00edcio m\u00fatuo entre as organiza\u00e7\u00f5es e seus p\u00fablicos.<\/p>\n<p>Por Braiam Resende \u2014 IGA SP \u2014 S\u00e3o Paulo 19\/11\/2024 06h00 Atualizado h\u00e1 15 minutos<\/p>\n<p>De forma simples, a\u00a0Sociedade Americana de Rela\u00e7\u00f5es P\u00fablicas definiu as Rela\u00e7\u00f5es P\u00fablicas (RP) como um\u00a0processo estrat\u00e9gico de comunica\u00e7\u00e3o que constr\u00f3i rela\u00e7\u00f5es de benef\u00edcio m\u00fatuo entre as organiza\u00e7\u00f5es e seus p\u00fablicos.<\/p>\n<p>Vamos destrinchar isso para facilitar o entendimento e conhecer melhor os elementos definidores de RP.<\/p>\n<p><strong>Organiza\u00e7\u00f5es:<\/strong> um agrupamento de pessoas em torno de uma causa comum. Uma organiza\u00e7\u00e3o pode ser uma empresa, um governo, um partido, ou seja, pode assumir v\u00e1rias formas.<\/p>\n<p><strong>P\u00fablicos:<\/strong> assim como as organiza\u00e7\u00f5es, os p\u00fablicos s\u00e3o m\u00faltiplos e abarcam em si diversos recortes sociais. Podemos pens\u00e1-los como agrupamentos de pessoas que interagem com uma determinada organiza\u00e7\u00e3o.<\/p>\n<p><strong>Processo comunicacional:<\/strong> como toda forma de comunica\u00e7\u00e3o, a atividade de RP envolve pelo menos duas partes (na pr\u00e1tica, s\u00e3o m\u00faltiplas partes). Essas partes, que s\u00e3o as organiza\u00e7\u00f5es e os p\u00fablicos, se relacionam de formas diversas para estabelecer processos de troca.<\/p>\n<p><strong>Processos n\u00e3o lineares:<\/strong> muito pelo contr\u00e1rio: eles acontecem de forma espont\u00e2nea e multilateral. As rela\u00e7\u00f5es p\u00fablicas surgem como uma forma de compreend\u00ea-los e otimizar o relacionamento entre os v\u00e1rios agentes envolvidos.<\/p>\n<p><strong>Rela\u00e7\u00f5es de troca:\u00a0<\/strong>organiza\u00e7\u00f5es e p\u00fablicos se relacionam o tempo todo por diversas din\u00e2micas que podem agregar valor a ambas as partes.<\/p>\n<p>Nesse sentido, as Rela\u00e7\u00f5es P\u00fablicas surgem como forma de organizar as rela\u00e7\u00f5es e processos de troca entre organiza\u00e7\u00f5es e p\u00fablicos, gerando benef\u00edcio e valor para ambas as partes.<\/p>\n<p>As organiza\u00e7\u00f5es se beneficiam na medida em que conseguem transmitir sua mensagem e gerar uma percep\u00e7\u00e3o positiva de marca e servi\u00e7os.<\/p>\n<p>J\u00e1 os p\u00fablicos conseguem ter uma vis\u00e3o mais transparente das organiza\u00e7\u00f5es e cobr\u00e1-las pelos servi\u00e7os oferecidos e posicionamentos feitos.<\/p>\n","protected":false},"excerpt":{"rendered":"<p>Rela\u00e7\u00f5es P\u00fablicas \u00e9 um processo estrat\u00e9gico de comunica\u00e7\u00e3o que constr\u00f3i rela\u00e7\u00f5es de benef\u00edcio m\u00fatuo entre as organiza\u00e7\u00f5es e seus p\u00fablicos. Por Braiam Resende \u2014 IGA SP \u2014 S\u00e3o Paulo 19\/11\/2024 06h00 Atualizado h\u00e1 15 minutos De forma simples, a\u00a0Sociedade Americana de Rela\u00e7\u00f5es P\u00fablicas definiu as Rela\u00e7\u00f5es P\u00fablicas (RP) como um\u00a0processo estrat\u00e9gico de comunica\u00e7\u00e3o que constr\u00f3i [&hellip;]<\/p>\n","protected":false},"author":4,"featured_media":0,"comment_status":"open","ping_status":"open","sticky":false,"template":"","format":"standard","meta":{"_acf_changed":false,"om_disable_all_campaigns":false,"_monsterinsights_skip_tracking":false,"_monsterinsights_sitenote_active":false,"_monsterinsights_sitenote_note":"","_monsterinsights_sitenote_category":0,"_uf_show_specific_survey":0,"_uf_disable_surveys":false,"footnotes":""},"categories":[360],"tags":[581],"class_list":["post-10100","post","type-post","status-publish","format-standard","hentry","category-noticias","tag-saiba-tudo-sobre-a-area-das-relacoes-publicas"],"acf":[],"aioseo_notices":[],"yoast_head":"<!-- This site is optimized with the Yoast SEO plugin v27.5 - https:\/\/yoast.com\/product\/yoast-seo-wordpress\/ -->\n<title>Saiba tudo sobre a \u00e1rea das rela\u00e7\u00f5es p\u00fablicas - Instituto Global Attitude<\/title>\n<meta name=\"robots\" content=\"index, follow, max-snippet:-1, max-image-preview:large, max-video-preview:-1\" \/>\n<link rel=\"canonical\" href=\"https:\/\/globalattitude.org.br\/saiba-tudo-sobre-a-area-das-relacoes-publicas\/\" \/>\n<meta property=\"og:locale\" content=\"en_US\" \/>\n<meta property=\"og:type\" content=\"article\" \/>\n<meta property=\"og:title\" content=\"Saiba tudo sobre a \u00e1rea das rela\u00e7\u00f5es p\u00fablicas - Instituto Global Attitude\" \/>\n<meta property=\"og:description\" content=\"Rela\u00e7\u00f5es P\u00fablicas \u00e9 um processo estrat\u00e9gico de comunica\u00e7\u00e3o que constr\u00f3i rela\u00e7\u00f5es de benef\u00edcio m\u00fatuo entre as organiza\u00e7\u00f5es e seus p\u00fablicos. Por Braiam Resende \u2014 IGA SP \u2014 S\u00e3o Paulo 19\/11\/2024 06h00 Atualizado h\u00e1 15 minutos De forma simples, a\u00a0Sociedade Americana de Rela\u00e7\u00f5es P\u00fablicas definiu as Rela\u00e7\u00f5es P\u00fablicas (RP) como um\u00a0processo estrat\u00e9gico de comunica\u00e7\u00e3o que constr\u00f3i [&hellip;]\" \/>\n<meta property=\"og:url\" content=\"https:\/\/globalattitude.org.br\/saiba-tudo-sobre-a-area-das-relacoes-publicas\/\" \/>\n<meta property=\"og:site_name\" content=\"Instituto Global Attitude\" \/>\n<meta property=\"article:publisher\" content=\"https:\/\/www.facebook.com\/global.attitude.org\/\" \/>\n<meta property=\"article:published_time\" content=\"2024-11-19T09:00:27+00:00\" \/>\n<meta name=\"author\" content=\"comunicacao\" \/>\n<meta name=\"twitter:card\" content=\"summary_large_image\" \/>\n<meta name=\"twitter:creator\" content=\"@global_attitude\" \/>\n<meta name=\"twitter:site\" content=\"@global_attitude\" \/>\n<meta name=\"twitter:label1\" content=\"Written by\" \/>\n\t<meta name=\"twitter:data1\" content=\"comunicacao\" \/>\n\t<meta name=\"twitter:label2\" content=\"Est. reading time\" \/>\n\t<meta name=\"twitter:data2\" content=\"2 minutes\" \/>\n<script type=\"application\/ld+json\" class=\"yoast-schema-graph\">{\"@context\":\"https:\\\/\\\/schema.org\",\"@graph\":[{\"@type\":[\"Article\",\"BlogPosting\"],\"@id\":\"https:\\\/\\\/globalattitude.org.br\\\/saiba-tudo-sobre-a-area-das-relacoes-publicas\\\/#article\",\"isPartOf\":{\"@id\":\"https:\\\/\\\/globalattitude.org.br\\\/saiba-tudo-sobre-a-area-das-relacoes-publicas\\\/\"},\"author\":{\"name\":\"comunicacao\",\"@id\":\"http:\\\/\\\/globalattitude.org.br\\\/#\\\/schema\\\/person\\\/d2d0edb26129b7407b05aa493af63725\"},\"headline\":\"Saiba tudo sobre a \u00e1rea das rela\u00e7\u00f5es p\u00fablicas\",\"datePublished\":\"2024-11-19T09:00:27+00:00\",\"mainEntityOfPage\":{\"@id\":\"https:\\\/\\\/globalattitude.org.br\\\/saiba-tudo-sobre-a-area-das-relacoes-publicas\\\/\"},\"wordCount\":368,\"commentCount\":0,\"publisher\":{\"@id\":\"http:\\\/\\\/globalattitude.org.br\\\/#organization\"},\"keywords\":[\"Saiba tudo sobre a \u00e1rea das rela\u00e7\u00f5es p\u00fablicas\"],\"articleSection\":[\"Not\u00edcias\"],\"inLanguage\":\"en-US\",\"potentialAction\":[{\"@type\":\"CommentAction\",\"name\":\"Comment\",\"target\":[\"https:\\\/\\\/globalattitude.org.br\\\/saiba-tudo-sobre-a-area-das-relacoes-publicas\\\/#respond\"]}]},{\"@type\":\"WebPage\",\"@id\":\"https:\\\/\\\/globalattitude.org.br\\\/saiba-tudo-sobre-a-area-das-relacoes-publicas\\\/\",\"url\":\"https:\\\/\\\/globalattitude.org.br\\\/saiba-tudo-sobre-a-area-das-relacoes-publicas\\\/\",\"name\":\"Saiba tudo sobre a \u00e1rea das rela\u00e7\u00f5es p\u00fablicas - Instituto Global Attitude\",\"isPartOf\":{\"@id\":\"http:\\\/\\\/globalattitude.org.br\\\/#website\"},\"datePublished\":\"2024-11-19T09:00:27+00:00\",\"breadcrumb\":{\"@id\":\"https:\\\/\\\/globalattitude.org.br\\\/saiba-tudo-sobre-a-area-das-relacoes-publicas\\\/#breadcrumb\"},\"inLanguage\":\"en-US\",\"potentialAction\":[{\"@type\":\"ReadAction\",\"target\":[\"https:\\\/\\\/globalattitude.org.br\\\/saiba-tudo-sobre-a-area-das-relacoes-publicas\\\/\"]}]},{\"@type\":\"BreadcrumbList\",\"@id\":\"https:\\\/\\\/globalattitude.org.br\\\/saiba-tudo-sobre-a-area-das-relacoes-publicas\\\/#breadcrumb\",\"itemListElement\":[{\"@type\":\"ListItem\",\"position\":1,\"name\":\"In\u00edcio\",\"item\":\"https:\\\/\\\/globalattitude.org.br\\\/en\\\/\"},{\"@type\":\"ListItem\",\"position\":2,\"name\":\"Saiba tudo sobre a \u00e1rea das rela\u00e7\u00f5es p\u00fablicas\"}]},{\"@type\":\"WebSite\",\"@id\":\"http:\\\/\\\/globalattitude.org.br\\\/#website\",\"url\":\"http:\\\/\\\/globalattitude.org.br\\\/\",\"name\":\"Instituto Global Attitude\",\"description\":\"\",\"publisher\":{\"@id\":\"http:\\\/\\\/globalattitude.org.br\\\/#organization\"},\"potentialAction\":[{\"@type\":\"SearchAction\",\"target\":{\"@type\":\"EntryPoint\",\"urlTemplate\":\"http:\\\/\\\/globalattitude.org.br\\\/?s={search_term_string}\"},\"query-input\":{\"@type\":\"PropertyValueSpecification\",\"valueRequired\":true,\"valueName\":\"search_term_string\"}}],\"inLanguage\":\"en-US\"},{\"@type\":\"Organization\",\"@id\":\"http:\\\/\\\/globalattitude.org.br\\\/#organization\",\"name\":\"Instituto Global Attitude\",\"url\":\"http:\\\/\\\/globalattitude.org.br\\\/\",\"logo\":{\"@type\":\"ImageObject\",\"inLanguage\":\"en-US\",\"@id\":\"http:\\\/\\\/globalattitude.org.br\\\/#\\\/schema\\\/logo\\\/image\\\/\",\"url\":\"https:\\\/\\\/globalattitude.org.br\\\/wp-content\\\/uploads\\\/2023\\\/01\\\/instituto-global-attitude-color.png\",\"contentUrl\":\"https:\\\/\\\/globalattitude.org.br\\\/wp-content\\\/uploads\\\/2023\\\/01\\\/instituto-global-attitude-color.png\",\"width\":300,\"height\":131,\"caption\":\"Instituto Global Attitude\"},\"image\":{\"@id\":\"http:\\\/\\\/globalattitude.org.br\\\/#\\\/schema\\\/logo\\\/image\\\/\"},\"sameAs\":[\"https:\\\/\\\/www.facebook.com\\\/global.attitude.org\\\/\",\"https:\\\/\\\/x.com\\\/global_attitude\",\"https:\\\/\\\/www.instagram.com\\\/globalattitude\",\"https:\\\/\\\/www.linkedin.com\\\/company\\\/global-attitude\\\/?viewAsMember=true\"]},{\"@type\":\"Person\",\"@id\":\"http:\\\/\\\/globalattitude.org.br\\\/#\\\/schema\\\/person\\\/d2d0edb26129b7407b05aa493af63725\",\"name\":\"comunicacao\",\"image\":{\"@type\":\"ImageObject\",\"inLanguage\":\"en-US\",\"@id\":\"https:\\\/\\\/secure.gravatar.com\\\/avatar\\\/a25dbef6d352d1355e632d9629c19165ddb3e176cbcb21ee573e3d96d011d16b?s=96&d=mm&r=g\",\"url\":\"https:\\\/\\\/secure.gravatar.com\\\/avatar\\\/a25dbef6d352d1355e632d9629c19165ddb3e176cbcb21ee573e3d96d011d16b?s=96&d=mm&r=g\",\"contentUrl\":\"https:\\\/\\\/secure.gravatar.com\\\/avatar\\\/a25dbef6d352d1355e632d9629c19165ddb3e176cbcb21ee573e3d96d011d16b?s=96&d=mm&r=g\",\"caption\":\"comunicacao\"},\"url\":\"http:\\\/\\\/globalattitude.org.br\\\/en\\\/author\\\/comunicacao\\\/\"}]}<\/script>\n<!-- \/ Yoast SEO plugin. -->","yoast_head_json":{"title":"Saiba tudo sobre a \u00e1rea das rela\u00e7\u00f5es p\u00fablicas - Instituto Global Attitude","robots":{"index":"index","follow":"follow","max-snippet":"max-snippet:-1","max-image-preview":"max-image-preview:large","max-video-preview":"max-video-preview:-1"},"canonical":"https:\/\/globalattitude.org.br\/saiba-tudo-sobre-a-area-das-relacoes-publicas\/","og_locale":"en_US","og_type":"article","og_title":"Saiba tudo sobre a \u00e1rea das rela\u00e7\u00f5es p\u00fablicas - Instituto Global Attitude","og_description":"Rela\u00e7\u00f5es P\u00fablicas \u00e9 um processo estrat\u00e9gico de comunica\u00e7\u00e3o que constr\u00f3i rela\u00e7\u00f5es de benef\u00edcio m\u00fatuo entre as organiza\u00e7\u00f5es e seus p\u00fablicos. Por Braiam Resende \u2014 IGA SP \u2014 S\u00e3o Paulo 19\/11\/2024 06h00 Atualizado h\u00e1 15 minutos De forma simples, a\u00a0Sociedade Americana de Rela\u00e7\u00f5es P\u00fablicas definiu as Rela\u00e7\u00f5es P\u00fablicas (RP) como um\u00a0processo estrat\u00e9gico de comunica\u00e7\u00e3o que constr\u00f3i [&hellip;]","og_url":"https:\/\/globalattitude.org.br\/saiba-tudo-sobre-a-area-das-relacoes-publicas\/","og_site_name":"Instituto Global Attitude","article_publisher":"https:\/\/www.facebook.com\/global.attitude.org\/","article_published_time":"2024-11-19T09:00:27+00:00","author":"comunicacao","twitter_card":"summary_large_image","twitter_creator":"@global_attitude","twitter_site":"@global_attitude","twitter_misc":{"Written by":"comunicacao","Est. reading time":"2 minutes"},"schema":{"@context":"https:\/\/schema.org","@graph":[{"@type":["Article","BlogPosting"],"@id":"https:\/\/globalattitude.org.br\/saiba-tudo-sobre-a-area-das-relacoes-publicas\/#article","isPartOf":{"@id":"https:\/\/globalattitude.org.br\/saiba-tudo-sobre-a-area-das-relacoes-publicas\/"},"author":{"name":"comunicacao","@id":"http:\/\/globalattitude.org.br\/#\/schema\/person\/d2d0edb26129b7407b05aa493af63725"},"headline":"Saiba tudo sobre a \u00e1rea das rela\u00e7\u00f5es p\u00fablicas","datePublished":"2024-11-19T09:00:27+00:00","mainEntityOfPage":{"@id":"https:\/\/globalattitude.org.br\/saiba-tudo-sobre-a-area-das-relacoes-publicas\/"},"wordCount":368,"commentCount":0,"publisher":{"@id":"http:\/\/globalattitude.org.br\/#organization"},"keywords":["Saiba tudo sobre a \u00e1rea das rela\u00e7\u00f5es p\u00fablicas"],"articleSection":["Not\u00edcias"],"inLanguage":"en-US","potentialAction":[{"@type":"CommentAction","name":"Comment","target":["https:\/\/globalattitude.org.br\/saiba-tudo-sobre-a-area-das-relacoes-publicas\/#respond"]}]},{"@type":"WebPage","@id":"https:\/\/globalattitude.org.br\/saiba-tudo-sobre-a-area-das-relacoes-publicas\/","url":"https:\/\/globalattitude.org.br\/saiba-tudo-sobre-a-area-das-relacoes-publicas\/","name":"Saiba tudo sobre a \u00e1rea das rela\u00e7\u00f5es p\u00fablicas - Instituto Global Attitude","isPartOf":{"@id":"http:\/\/globalattitude.org.br\/#website"},"datePublished":"2024-11-19T09:00:27+00:00","breadcrumb":{"@id":"https:\/\/globalattitude.org.br\/saiba-tudo-sobre-a-area-das-relacoes-publicas\/#breadcrumb"},"inLanguage":"en-US","potentialAction":[{"@type":"ReadAction","target":["https:\/\/globalattitude.org.br\/saiba-tudo-sobre-a-area-das-relacoes-publicas\/"]}]},{"@type":"BreadcrumbList","@id":"https:\/\/globalattitude.org.br\/saiba-tudo-sobre-a-area-das-relacoes-publicas\/#breadcrumb","itemListElement":[{"@type":"ListItem","position":1,"name":"In\u00edcio","item":"https:\/\/globalattitude.org.br\/en\/"},{"@type":"ListItem","position":2,"name":"Saiba tudo sobre a \u00e1rea das rela\u00e7\u00f5es p\u00fablicas"}]},{"@type":"WebSite","@id":"http:\/\/globalattitude.org.br\/#website","url":"http:\/\/globalattitude.org.br\/","name":"Instituto Global Attitude","description":"","publisher":{"@id":"http:\/\/globalattitude.org.br\/#organization"},"potentialAction":[{"@type":"SearchAction","target":{"@type":"EntryPoint","urlTemplate":"http:\/\/globalattitude.org.br\/?s={search_term_string}"},"query-input":{"@type":"PropertyValueSpecification","valueRequired":true,"valueName":"search_term_string"}}],"inLanguage":"en-US"},{"@type":"Organization","@id":"http:\/\/globalattitude.org.br\/#organization","name":"Instituto Global Attitude","url":"http:\/\/globalattitude.org.br\/","logo":{"@type":"ImageObject","inLanguage":"en-US","@id":"http:\/\/globalattitude.org.br\/#\/schema\/logo\/image\/","url":"https:\/\/globalattitude.org.br\/wp-content\/uploads\/2023\/01\/instituto-global-attitude-color.png","contentUrl":"https:\/\/globalattitude.org.br\/wp-content\/uploads\/2023\/01\/instituto-global-attitude-color.png","width":300,"height":131,"caption":"Instituto Global Attitude"},"image":{"@id":"http:\/\/globalattitude.org.br\/#\/schema\/logo\/image\/"},"sameAs":["https:\/\/www.facebook.com\/global.attitude.org\/","https:\/\/x.com\/global_attitude","https:\/\/www.instagram.com\/globalattitude","https:\/\/www.linkedin.com\/company\/global-attitude\/?viewAsMember=true"]},{"@type":"Person","@id":"http:\/\/globalattitude.org.br\/#\/schema\/person\/d2d0edb26129b7407b05aa493af63725","name":"comunicacao","image":{"@type":"ImageObject","inLanguage":"en-US","@id":"https:\/\/secure.gravatar.com\/avatar\/a25dbef6d352d1355e632d9629c19165ddb3e176cbcb21ee573e3d96d011d16b?s=96&d=mm&r=g","url":"https:\/\/secure.gravatar.com\/avatar\/a25dbef6d352d1355e632d9629c19165ddb3e176cbcb21ee573e3d96d011d16b?s=96&d=mm&r=g","contentUrl":"https:\/\/secure.gravatar.com\/avatar\/a25dbef6d352d1355e632d9629c19165ddb3e176cbcb21ee573e3d96d011d16b?s=96&d=mm&r=g","caption":"comunicacao"},"url":"http:\/\/globalattitude.org.br\/en\/author\/comunicacao\/"}]}},"_links":{"self":[{"href":"http:\/\/globalattitude.org.br\/en\/wp-json\/wp\/v2\/posts\/10100","targetHints":{"allow":["GET"]}}],"collection":[{"href":"http:\/\/globalattitude.org.br\/en\/wp-json\/wp\/v2\/posts"}],"about":[{"href":"http:\/\/globalattitude.org.br\/en\/wp-json\/wp\/v2\/types\/post"}],"author":[{"embeddable":true,"href":"http:\/\/globalattitude.org.br\/en\/wp-json\/wp\/v2\/users\/4"}],"replies":[{"embeddable":true,"href":"http:\/\/globalattitude.org.br\/en\/wp-json\/wp\/v2\/comments?post=10100"}],"version-history":[{"count":1,"href":"http:\/\/globalattitude.org.br\/en\/wp-json\/wp\/v2\/posts\/10100\/revisions"}],"predecessor-version":[{"id":10103,"href":"http:\/\/globalattitude.org.br\/en\/wp-json\/wp\/v2\/posts\/10100\/revisions\/10103"}],"wp:attachment":[{"href":"http:\/\/globalattitude.org.br\/en\/wp-json\/wp\/v2\/media?parent=10100"}],"wp:term":[{"taxonomy":"category","embeddable":true,"href":"http:\/\/globalattitude.org.br\/en\/wp-json\/wp\/v2\/categories?post=10100"},{"taxonomy":"post_tag","embeddable":true,"href":"http:\/\/globalattitude.org.br\/en\/wp-json\/wp\/v2\/tags?post=10100"}],"curies":[{"name":"wp","href":"https:\/\/api.w.org\/{rel}","templated":true}]}}