{"id":1088,"date":"2016-05-13T14:00:19","date_gmt":"2016-05-13T17:00:19","guid":{"rendered":"https:\/\/globalattitude.org.br\/conheca-a-delegacao-brasileira-que-participara-do-oecd-forum-2016\/"},"modified":"2023-03-10T10:03:40","modified_gmt":"2023-03-10T13:03:40","slug":"conheca-a-delegacao-brasileira-que-participara-do-oecd-forum-2016","status":"publish","type":"post","link":"http:\/\/globalattitude.org.br\/en\/conheca-a-delegacao-brasileira-que-participara-do-oecd-forum-2016\/","title":{"rendered":"Conhe\u00e7a a delega\u00e7\u00e3o brasileira que participar\u00e1 do OECD Forum 2016"},"content":{"rendered":"<p>Ap\u00f3s mais de 60 inscri\u00e7\u00f5es, o Instituto Global Attitude tem o prazer de anunciar a delega\u00e7\u00e3o que participar\u00e1 do <a href=\"https:\/\/www.oecd.org\/forum\/\">f\u00f3rum da Organiza\u00e7\u00e3o para a Coopera\u00e7\u00e3o e Desenvolvimento Econ\u00f4mico<\/a> (OECD, na sigla em ingl\u00eas), a ser realizado em Paris, Fran\u00e7a, entre os dias 28 de maio e 3 de junho.<br \/>\nO f\u00f3rum, de grande refer\u00eancia mundial, prop\u00f5e o debate sobre desafios econ\u00f4micos, sociais e de governo decorrentes da economia globalizada, reunindo grandes executivos dos setores p\u00fablico, privado e social, acad\u00eamicos e representantes da pr\u00f3pria OECD.<br \/>\nEste ano, o tema principal da confer\u00eancia \u00e9: <a href=\"https:\/\/www.oecd.org\/forum\/issues\/\">&#8220;Economias Produtivas, Sociedades Inclusivas&#8221;<\/a>, contando com discuss\u00f5es sobre produtividade, crescimento inclusivo, colabora\u00e7\u00e3o internacional, inova\u00e7\u00e3o e economia digital e migra\u00e7\u00e3o.<br \/>\nA delega\u00e7\u00e3o passa por <a href=\"http:\/\/blog.globalattitude.org.br\/services-1\/\">quatro workshops preparat\u00f3rios<\/a> para o melhor proveito da viagem e produzir\u00e1, ainda, um artigo de opini\u00e3o com tema de pr\u00f3pria escolha. Durante a confer\u00eancia, os delegados ter\u00e3o a oportunidade de participar dos debates e discuss\u00f5es, estando em constante contato com pessoas influentes.<br \/>\n<strong>Conhe\u00e7a um pouco mais sobre os nossos delegados:<\/strong><\/p>\n<p><strong><a href=\"http:\/\/globalattitude.org.br\/wp-content\/uploads\/2023\/03\/5.jpg\" rel=\"attachment wp-att-2284\"><img decoding=\"async\" class=\"alignleft wp-image-2284 size-full\" src=\"http:\/\/globalattitude.org.br\/wp-content\/uploads\/2023\/03\/5.jpg\" alt=\"5\" width=\"200\" height=\"200\" \/><\/a>Felipe de Macedo Teixeira &#8211;\u00a0<\/strong>Graduando em Direito pela Universidade Federal\u00a0do Rio Grande-FURG. Estagi\u00e1rio do escrit\u00f3rio de advocacia <a href=\"http:\/\/mzadvocacia.com.br\/pt-br\/\">Moncks, Zibetti e Cagol\u00a0Advocacia<\/a>, atuou como volunt\u00e1rio\u00a0na Defensoria P\u00fablica do Estado. Foi bolsista do <a href=\"http:\/\/www.sdh.gov.br\/assuntos\/direito-para-todos\/programas\/centros-de-referencia-em-direitos-humanos\">Centro de Refer\u00eancias em Direitos Humanos<\/a>, projeto universit\u00e1rio que presta assist\u00eancia jur\u00eddica e social \u00e0s popula\u00e7\u00f5es de baixa renda de Rio Grande. Atual tesoureiro do <a href=\"http:\/\/dcefurg.blogspot.com.br\/\">Diret\u00f3rio Central dos Estudantes da FURG <\/a>e pesquisador na \u00e1rea de Direito Internacional, tendo feito apresenta\u00e7\u00f5es em Congressos locais.<\/p>\n<p>&nbsp;<\/p>\n<p><strong><a href=\"http:\/\/globalattitude.org.br\/wp-content\/uploads\/2023\/03\/1.jpg\" rel=\"attachment wp-att-2281\"><img decoding=\"async\" class=\"alignleft wp-image-2281\" src=\"http:\/\/globalattitude.org.br\/wp-content\/uploads\/2023\/03\/1.jpg\" alt=\"1\" width=\"200\" height=\"200\" \/><\/a>Caio C\u00e9sar de Oliveira &#8211;<\/strong>\u00a0Advogado no escrit\u00f3rio <a href=\"http:\/\/www.souzacescon.com.br\/pt-br\/\">Souza, Cescon, Barrieu &amp; Flesh<\/a>. Bacharel em Direito pela Universidade Presbiteriana Mackenzie e Especialista em Direito Digital pela FGV-SP. Aprovado no mestrado em Direito Civil da USP e aluno especial nas disciplinas &#8220;Aspectos da Prote\u00e7\u00e3o do Consumidor na Sociedade de Risco&#8221; e &#8220;Vis\u00e3o Din\u00e2mica da Responsabilidade Civil&#8221;. Professor Assistente do Curso Preparat\u00f3rio para 2\u00aa Fase da\u00a0OAB em Civil do <a href=\"http:\/\/www.cursoiedi.com.br\/ead\/\">IEDI<\/a> e Membro da <a href=\"http:\/\/www.iasp.org.br\/comissao-dos-novos-advogados\/\">Comiss\u00e3o dos Novos Advogados do Instituto dos Advogados de S\u00e3o Paulo<\/a> &#8211; CNA IASP.<\/p>\n<p>&nbsp;<\/p>\n<p><strong><a href=\"http:\/\/globalattitude.org.br\/wp-content\/uploads\/2023\/03\/IMG_2958.jpg\" rel=\"attachment wp-att-2285\"><img decoding=\"async\" class=\"alignleft wp-image-2285\" src=\"http:\/\/globalattitude.org.br\/wp-content\/uploads\/2023\/03\/IMG_2958.jpg\" alt=\"IMG_2958\" width=\"200\" height=\"200\" \/><\/a>Ga\u00eblle Aguiar Layet &#8211;<\/strong> Bacharela em Direito pela Universidade Presbiteriana Mackenzie e aprovada no XVIII Exame da Ordem dos Advogados do Brasil. Cursou Direito Digital Aplicado na Funda\u00e7\u00e3o Get\u00falio Vargas de S\u00e3o Paulo. Foi aluna-pesquisadora do <a href=\"http:\/\/www.mackenzie.br\/iniciacao_cientifica.html\">Programa Institucional Volunt\u00e1rio de Inicia\u00e7\u00e3o Cient\u00edfica<\/a> \u2013 PIVIC Mackenzie sobre a responsabilidade civil nas redes sociais. Desenvolveu seu Trabalho de Conclus\u00e3o de Curso da Gradua\u00e7\u00e3o no tema de tratamento de dados pessoais e privacidade na Internet. Trabalha no departamento jur\u00eddico da <a href=\"http:\/\/www.cargill.com.br\/pt\/index.jsp\">Cargill<\/a> desde 2011, atuando predominantemente na \u00e1rea consultiva c\u00edvel. \u00c9 franco-brasileira e fluente nos idiomas ingl\u00eas, franc\u00eas e alem\u00e3o. Possui experi\u00eancia internacional em conceituada institui\u00e7\u00e3o acad\u00eamica em Vancouver, Canad\u00e1. Foi volunt\u00e1ria no programa <a href=\"http:\/\/www.habitat.org\/lac\">Habitat for Humanity<\/a>.<\/p>\n<p><strong><a href=\"http:\/\/globalattitude.org.br\/wp-content\/uploads\/2023\/03\/2.jpg\" rel=\"attachment wp-att-2282\"><img loading=\"lazy\" decoding=\"async\" class=\"alignleft wp-image-2282\" src=\"http:\/\/globalattitude.org.br\/wp-content\/uploads\/2023\/03\/2.jpg\" alt=\"2\" width=\"200\" height=\"200\" \/><\/a>Ana Cl\u00e1udia Louren\u00e7o Stein &#8211;<\/strong>\u00a0Formada em Direito pela Universidade Presbiteriana Mackenzie com p\u00f3s-gradua\u00e7\u00e3o, em\u00a0andamento, na \u00e1rea de Direito Administrativo pela Funda\u00e7\u00e3o Armando \u00c1lvares Penteado.\u00a0Frequentou cursos de Direito Empresarial e Concorrencial pela <a href=\"http:\/\/www.lse.ac.uk\/home.aspx\">London School of\u00a0Economics and Political Science<\/a> &#8211; LSE e, atualmente, integra o time de advogados do\u00a0<a href=\"http:\/\/emlaw.com.br\/\">Mattos Engelberg Advogados<\/a>. Antes disso, teve passagens por escrit\u00f3rios como\u00a0<a href=\"http:\/\/www.demarest.com.br\/pt-br\">Demarest Advogados<\/a> (5 anos); L.O. Baptista \u2013 Schmidt, Valois, Miranda, Ferreira,\u00a0Agel Advogados; e Dinamarco, Rossi, Beraldo &amp; Bedaque Advocacia. Atua em projetos\u00a0como pesquisadora volunt\u00e1ria do grupo de Direito Administrativo do Mackenzie\u00a0envolvendo temas de (i) Direito Administrativo Contempor\u00e2neo e (ii) Mobilidade\u00a0Urbana: transporte coletivo de passageiros na cidade de S\u00e3o Paulo; participa do\u00a0grupo de monitoria de Direito Administrativo pela mesma universidade e \u00e9 volunt\u00e1ria\u00a0na ONG <a href=\"https:\/\/www.climaterealityproject.org\/leadership-corps\">Climate Reality Leadership<\/a>.<\/p>\n<p><strong><a href=\"http:\/\/globalattitude.org.br\/wp-content\/uploads\/2023\/03\/3.jpg\" rel=\"attachment wp-att-2283\"><img loading=\"lazy\" decoding=\"async\" class=\"alignleft wp-image-2283 size-full\" src=\"http:\/\/globalattitude.org.br\/wp-content\/uploads\/2023\/03\/3.jpg\" alt=\"3\" width=\"200\" height=\"200\" \/><\/a>Beatriz Santos de Almeida Barcelos &#8211;\u00a0<\/strong>Aos 20 anos, \u00e9 aluna de Economia da UERJ e cursa\u00a0International Business na <a href=\"http:\/\/abracomex.org\/\">ABRACOMEX<\/a>. Atualmente, \u00e9 Coordenadora de Rela\u00e7\u00f5es Institucionais da <a href=\"http:\/\/brasiljunior.org.br\/\">Confedera\u00e7\u00e3o Brasileira de Empresas Juniores<\/a>. Foi Presidente da Empresa J\u00fanior da Faculdade e respons\u00e1vel por uma mudan\u00e7a de estrat\u00e9gia que resultou em um crescimento significativo desta. Fez parte da \u00e1rea de Rela\u00e7\u00f5es Institucionais da <a href=\"http:\/\/riojunior.com.br\/\">Federa\u00e7\u00e3o de Empresas\u00a0Juniores do RJ<\/a>.<\/p>\n<p>&nbsp;<\/p>\n<p>Parabenizamos os delegados e esperamos que a experi\u00eancia seja enriquecedora para cada um.\u00a0Aos que n\u00e3o foram aprovados, fiquem ligados! O Diplomacia Civil ainda ter\u00e1 muitas inscri\u00e7\u00f5es para f\u00f3runs internacionais.<br \/>\n<a href=\"https:\/\/www.facebook.com\/global.attitude.org\/app\/558781764146601\/\">Assine nosso newsletter<\/a> e acompanhe nossas <a href=\"https:\/\/www.facebook.com\/global.attitude.org\/\">redes sociais<\/a> para n\u00e3o deixar passar nenhum prazo de inscri\u00e7\u00e3o.<\/p>\n","protected":false},"excerpt":{"rendered":"<p>Ap\u00f3s mais de 60 inscri\u00e7\u00f5es, o Instituto Global Attitude tem o prazer de anunciar a delega\u00e7\u00e3o que participar\u00e1 do f\u00f3rum da Organiza\u00e7\u00e3o para a Coopera\u00e7\u00e3o e Desenvolvimento Econ\u00f4mico (OECD, na sigla em ingl\u00eas), a ser realizado em Paris, Fran\u00e7a, entre os dias 28 de maio e 3 de junho. O f\u00f3rum, de grande refer\u00eancia mundial, [&hellip;]<\/p>\n","protected":false},"author":1,"featured_media":1089,"comment_status":"open","ping_status":"open","sticky":false,"template":"","format":"standard","meta":{"_acf_changed":false,"om_disable_all_campaigns":false,"_monsterinsights_skip_tracking":false,"_monsterinsights_sitenote_active":false,"_monsterinsights_sitenote_note":"","_monsterinsights_sitenote_category":0,"_uf_show_specific_survey":0,"_uf_disable_surveys":false,"footnotes":""},"categories":[22,34],"tags":[],"class_list":["post-1088","post","type-post","status-publish","format-standard","hentry","category-programas","category-ultimas"],"acf":[],"aioseo_notices":[],"yoast_head":"<!-- This site is optimized with the Yoast SEO plugin v27.5 - https:\/\/yoast.com\/product\/yoast-seo-wordpress\/ -->\n<title>Conhe\u00e7a a delega\u00e7\u00e3o brasileira que participar\u00e1 do OECD Forum 2016 - Instituto Global Attitude<\/title>\n<meta name=\"robots\" content=\"index, follow, max-snippet:-1, max-image-preview:large, max-video-preview:-1\" \/>\n<link rel=\"canonical\" href=\"http:\/\/globalattitude.org.br\/conheca-a-delegacao-brasileira-que-participara-do-oecd-forum-2016\/\" \/>\n<meta property=\"og:locale\" content=\"en_US\" \/>\n<meta property=\"og:type\" content=\"article\" \/>\n<meta property=\"og:title\" content=\"Conhe\u00e7a a delega\u00e7\u00e3o brasileira que participar\u00e1 do OECD Forum 2016 - Instituto Global Attitude\" \/>\n<meta property=\"og:description\" content=\"Ap\u00f3s mais de 60 inscri\u00e7\u00f5es, o Instituto Global Attitude tem o prazer de anunciar a delega\u00e7\u00e3o que participar\u00e1 do f\u00f3rum da Organiza\u00e7\u00e3o para a Coopera\u00e7\u00e3o e Desenvolvimento Econ\u00f4mico (OECD, na sigla em ingl\u00eas), a ser realizado em Paris, Fran\u00e7a, entre os dias 28 de maio e 3 de junho. O f\u00f3rum, de grande refer\u00eancia mundial, [&hellip;]\" \/>\n<meta property=\"og:url\" content=\"http:\/\/globalattitude.org.br\/conheca-a-delegacao-brasileira-que-participara-do-oecd-forum-2016\/\" \/>\n<meta property=\"og:site_name\" content=\"Instituto Global Attitude\" \/>\n<meta property=\"article:publisher\" content=\"https:\/\/www.facebook.com\/global.attitude.org\/\" \/>\n<meta property=\"article:published_time\" content=\"2016-05-13T17:00:19+00:00\" \/>\n<meta property=\"article:modified_time\" content=\"2023-03-10T13:03:40+00:00\" \/>\n<meta property=\"og:image\" content=\"http:\/\/globalattitude.org.br\/wp-content\/uploads\/2023\/03\/5.jpg\" \/>\n\t<meta property=\"og:image:width\" content=\"200\" \/>\n\t<meta property=\"og:image:height\" content=\"200\" \/>\n\t<meta property=\"og:image:type\" content=\"image\/jpeg\" \/>\n<meta name=\"author\" content=\"123esite\" \/>\n<meta name=\"twitter:card\" content=\"summary_large_image\" \/>\n<meta name=\"twitter:creator\" content=\"@global_attitude\" \/>\n<meta name=\"twitter:site\" content=\"@global_attitude\" \/>\n<meta name=\"twitter:label1\" content=\"Written by\" \/>\n\t<meta name=\"twitter:data1\" content=\"123esite\" \/>\n\t<meta name=\"twitter:label2\" content=\"Est. reading time\" \/>\n\t<meta name=\"twitter:data2\" content=\"4 minutes\" \/>\n<script type=\"application\/ld+json\" class=\"yoast-schema-graph\">{\"@context\":\"https:\\\/\\\/schema.org\",\"@graph\":[{\"@type\":[\"Article\",\"BlogPosting\"],\"@id\":\"http:\\\/\\\/globalattitude.org.br\\\/conheca-a-delegacao-brasileira-que-participara-do-oecd-forum-2016\\\/#article\",\"isPartOf\":{\"@id\":\"http:\\\/\\\/globalattitude.org.br\\\/conheca-a-delegacao-brasileira-que-participara-do-oecd-forum-2016\\\/\"},\"author\":{\"name\":\"123esite\",\"@id\":\"http:\\\/\\\/globalattitude.org.br\\\/#\\\/schema\\\/person\\\/6d308f9d9d1eebad0278ad9386f13169\"},\"headline\":\"Conhe\u00e7a a delega\u00e7\u00e3o brasileira que participar\u00e1 do OECD Forum 2016\",\"datePublished\":\"2016-05-13T17:00:19+00:00\",\"dateModified\":\"2023-03-10T13:03:40+00:00\",\"mainEntityOfPage\":{\"@id\":\"http:\\\/\\\/globalattitude.org.br\\\/conheca-a-delegacao-brasileira-que-participara-do-oecd-forum-2016\\\/\"},\"wordCount\":781,\"commentCount\":0,\"publisher\":{\"@id\":\"http:\\\/\\\/globalattitude.org.br\\\/#organization\"},\"image\":{\"@id\":\"http:\\\/\\\/globalattitude.org.br\\\/conheca-a-delegacao-brasileira-que-participara-do-oecd-forum-2016\\\/#primaryimage\"},\"thumbnailUrl\":\"http:\\\/\\\/globalattitude.org.br\\\/wp-content\\\/uploads\\\/2023\\\/03\\\/5.jpg\",\"articleSection\":[\"Programas\",\"\u00daltimas\"],\"inLanguage\":\"en-US\",\"potentialAction\":[{\"@type\":\"CommentAction\",\"name\":\"Comment\",\"target\":[\"http:\\\/\\\/globalattitude.org.br\\\/conheca-a-delegacao-brasileira-que-participara-do-oecd-forum-2016\\\/#respond\"]}]},{\"@type\":\"WebPage\",\"@id\":\"http:\\\/\\\/globalattitude.org.br\\\/conheca-a-delegacao-brasileira-que-participara-do-oecd-forum-2016\\\/\",\"url\":\"http:\\\/\\\/globalattitude.org.br\\\/conheca-a-delegacao-brasileira-que-participara-do-oecd-forum-2016\\\/\",\"name\":\"Conhe\u00e7a a delega\u00e7\u00e3o brasileira que participar\u00e1 do OECD Forum 2016 - Instituto Global Attitude\",\"isPartOf\":{\"@id\":\"http:\\\/\\\/globalattitude.org.br\\\/#website\"},\"primaryImageOfPage\":{\"@id\":\"http:\\\/\\\/globalattitude.org.br\\\/conheca-a-delegacao-brasileira-que-participara-do-oecd-forum-2016\\\/#primaryimage\"},\"image\":{\"@id\":\"http:\\\/\\\/globalattitude.org.br\\\/conheca-a-delegacao-brasileira-que-participara-do-oecd-forum-2016\\\/#primaryimage\"},\"thumbnailUrl\":\"http:\\\/\\\/globalattitude.org.br\\\/wp-content\\\/uploads\\\/2023\\\/03\\\/5.jpg\",\"datePublished\":\"2016-05-13T17:00:19+00:00\",\"dateModified\":\"2023-03-10T13:03:40+00:00\",\"breadcrumb\":{\"@id\":\"http:\\\/\\\/globalattitude.org.br\\\/conheca-a-delegacao-brasileira-que-participara-do-oecd-forum-2016\\\/#breadcrumb\"},\"inLanguage\":\"en-US\",\"potentialAction\":[{\"@type\":\"ReadAction\",\"target\":[\"http:\\\/\\\/globalattitude.org.br\\\/conheca-a-delegacao-brasileira-que-participara-do-oecd-forum-2016\\\/\"]}]},{\"@type\":\"ImageObject\",\"inLanguage\":\"en-US\",\"@id\":\"http:\\\/\\\/globalattitude.org.br\\\/conheca-a-delegacao-brasileira-que-participara-do-oecd-forum-2016\\\/#primaryimage\",\"url\":\"http:\\\/\\\/globalattitude.org.br\\\/wp-content\\\/uploads\\\/2023\\\/03\\\/5.jpg\",\"contentUrl\":\"http:\\\/\\\/globalattitude.org.br\\\/wp-content\\\/uploads\\\/2023\\\/03\\\/5.jpg\",\"width\":200,\"height\":200},{\"@type\":\"BreadcrumbList\",\"@id\":\"http:\\\/\\\/globalattitude.org.br\\\/conheca-a-delegacao-brasileira-que-participara-do-oecd-forum-2016\\\/#breadcrumb\",\"itemListElement\":[{\"@type\":\"ListItem\",\"position\":1,\"name\":\"In\u00edcio\",\"item\":\"https:\\\/\\\/globalattitude.org.br\\\/en\\\/\"},{\"@type\":\"ListItem\",\"position\":2,\"name\":\"Conhe\u00e7a a delega\u00e7\u00e3o brasileira que participar\u00e1 do OECD Forum 2016\"}]},{\"@type\":\"WebSite\",\"@id\":\"http:\\\/\\\/globalattitude.org.br\\\/#website\",\"url\":\"http:\\\/\\\/globalattitude.org.br\\\/\",\"name\":\"Instituto Global Attitude\",\"description\":\"\",\"publisher\":{\"@id\":\"http:\\\/\\\/globalattitude.org.br\\\/#organization\"},\"potentialAction\":[{\"@type\":\"SearchAction\",\"target\":{\"@type\":\"EntryPoint\",\"urlTemplate\":\"http:\\\/\\\/globalattitude.org.br\\\/?s={search_term_string}\"},\"query-input\":{\"@type\":\"PropertyValueSpecification\",\"valueRequired\":true,\"valueName\":\"search_term_string\"}}],\"inLanguage\":\"en-US\"},{\"@type\":\"Organization\",\"@id\":\"http:\\\/\\\/globalattitude.org.br\\\/#organization\",\"name\":\"Instituto Global Attitude\",\"url\":\"http:\\\/\\\/globalattitude.org.br\\\/\",\"logo\":{\"@type\":\"ImageObject\",\"inLanguage\":\"en-US\",\"@id\":\"http:\\\/\\\/globalattitude.org.br\\\/#\\\/schema\\\/logo\\\/image\\\/\",\"url\":\"https:\\\/\\\/globalattitude.org.br\\\/wp-content\\\/uploads\\\/2023\\\/01\\\/instituto-global-attitude-color.png\",\"contentUrl\":\"https:\\\/\\\/globalattitude.org.br\\\/wp-content\\\/uploads\\\/2023\\\/01\\\/instituto-global-attitude-color.png\",\"width\":300,\"height\":131,\"caption\":\"Instituto Global Attitude\"},\"image\":{\"@id\":\"http:\\\/\\\/globalattitude.org.br\\\/#\\\/schema\\\/logo\\\/image\\\/\"},\"sameAs\":[\"https:\\\/\\\/www.facebook.com\\\/global.attitude.org\\\/\",\"https:\\\/\\\/x.com\\\/global_attitude\",\"https:\\\/\\\/www.instagram.com\\\/globalattitude\",\"https:\\\/\\\/www.linkedin.com\\\/company\\\/global-attitude\\\/?viewAsMember=true\"]},{\"@type\":\"Person\",\"@id\":\"http:\\\/\\\/globalattitude.org.br\\\/#\\\/schema\\\/person\\\/6d308f9d9d1eebad0278ad9386f13169\",\"name\":\"123esite\",\"image\":{\"@type\":\"ImageObject\",\"inLanguage\":\"en-US\",\"@id\":\"https:\\\/\\\/secure.gravatar.com\\\/avatar\\\/07bd71fac19f42004f2b73567f012e126689afdb23cb0017536dea9113ba1806?s=96&d=mm&r=g\",\"url\":\"https:\\\/\\\/secure.gravatar.com\\\/avatar\\\/07bd71fac19f42004f2b73567f012e126689afdb23cb0017536dea9113ba1806?s=96&d=mm&r=g\",\"contentUrl\":\"https:\\\/\\\/secure.gravatar.com\\\/avatar\\\/07bd71fac19f42004f2b73567f012e126689afdb23cb0017536dea9113ba1806?s=96&d=mm&r=g\",\"caption\":\"123esite\"},\"sameAs\":[\"http:\\\/\\\/globalattitude.org.br\"],\"url\":\"http:\\\/\\\/globalattitude.org.br\\\/en\\\/author\\\/123esite\\\/\"}]}<\/script>\n<!-- \/ Yoast SEO plugin. -->","yoast_head_json":{"title":"Conhe\u00e7a a delega\u00e7\u00e3o brasileira que participar\u00e1 do OECD Forum 2016 - Instituto Global Attitude","robots":{"index":"index","follow":"follow","max-snippet":"max-snippet:-1","max-image-preview":"max-image-preview:large","max-video-preview":"max-video-preview:-1"},"canonical":"http:\/\/globalattitude.org.br\/conheca-a-delegacao-brasileira-que-participara-do-oecd-forum-2016\/","og_locale":"en_US","og_type":"article","og_title":"Conhe\u00e7a a delega\u00e7\u00e3o brasileira que participar\u00e1 do OECD Forum 2016 - Instituto Global Attitude","og_description":"Ap\u00f3s mais de 60 inscri\u00e7\u00f5es, o Instituto Global Attitude tem o prazer de anunciar a delega\u00e7\u00e3o que participar\u00e1 do f\u00f3rum da Organiza\u00e7\u00e3o para a Coopera\u00e7\u00e3o e Desenvolvimento Econ\u00f4mico (OECD, na sigla em ingl\u00eas), a ser realizado em Paris, Fran\u00e7a, entre os dias 28 de maio e 3 de junho. O f\u00f3rum, de grande refer\u00eancia mundial, [&hellip;]","og_url":"http:\/\/globalattitude.org.br\/conheca-a-delegacao-brasileira-que-participara-do-oecd-forum-2016\/","og_site_name":"Instituto Global Attitude","article_publisher":"https:\/\/www.facebook.com\/global.attitude.org\/","article_published_time":"2016-05-13T17:00:19+00:00","article_modified_time":"2023-03-10T13:03:40+00:00","og_image":[{"width":200,"height":200,"url":"http:\/\/globalattitude.org.br\/wp-content\/uploads\/2023\/03\/5.jpg","type":"image\/jpeg"}],"author":"123esite","twitter_card":"summary_large_image","twitter_creator":"@global_attitude","twitter_site":"@global_attitude","twitter_misc":{"Written by":"123esite","Est. reading time":"4 minutes"},"schema":{"@context":"https:\/\/schema.org","@graph":[{"@type":["Article","BlogPosting"],"@id":"http:\/\/globalattitude.org.br\/conheca-a-delegacao-brasileira-que-participara-do-oecd-forum-2016\/#article","isPartOf":{"@id":"http:\/\/globalattitude.org.br\/conheca-a-delegacao-brasileira-que-participara-do-oecd-forum-2016\/"},"author":{"name":"123esite","@id":"http:\/\/globalattitude.org.br\/#\/schema\/person\/6d308f9d9d1eebad0278ad9386f13169"},"headline":"Conhe\u00e7a a delega\u00e7\u00e3o brasileira que participar\u00e1 do OECD Forum 2016","datePublished":"2016-05-13T17:00:19+00:00","dateModified":"2023-03-10T13:03:40+00:00","mainEntityOfPage":{"@id":"http:\/\/globalattitude.org.br\/conheca-a-delegacao-brasileira-que-participara-do-oecd-forum-2016\/"},"wordCount":781,"commentCount":0,"publisher":{"@id":"http:\/\/globalattitude.org.br\/#organization"},"image":{"@id":"http:\/\/globalattitude.org.br\/conheca-a-delegacao-brasileira-que-participara-do-oecd-forum-2016\/#primaryimage"},"thumbnailUrl":"http:\/\/globalattitude.org.br\/wp-content\/uploads\/2023\/03\/5.jpg","articleSection":["Programas","\u00daltimas"],"inLanguage":"en-US","potentialAction":[{"@type":"CommentAction","name":"Comment","target":["http:\/\/globalattitude.org.br\/conheca-a-delegacao-brasileira-que-participara-do-oecd-forum-2016\/#respond"]}]},{"@type":"WebPage","@id":"http:\/\/globalattitude.org.br\/conheca-a-delegacao-brasileira-que-participara-do-oecd-forum-2016\/","url":"http:\/\/globalattitude.org.br\/conheca-a-delegacao-brasileira-que-participara-do-oecd-forum-2016\/","name":"Conhe\u00e7a a delega\u00e7\u00e3o brasileira que participar\u00e1 do OECD Forum 2016 - Instituto Global Attitude","isPartOf":{"@id":"http:\/\/globalattitude.org.br\/#website"},"primaryImageOfPage":{"@id":"http:\/\/globalattitude.org.br\/conheca-a-delegacao-brasileira-que-participara-do-oecd-forum-2016\/#primaryimage"},"image":{"@id":"http:\/\/globalattitude.org.br\/conheca-a-delegacao-brasileira-que-participara-do-oecd-forum-2016\/#primaryimage"},"thumbnailUrl":"http:\/\/globalattitude.org.br\/wp-content\/uploads\/2023\/03\/5.jpg","datePublished":"2016-05-13T17:00:19+00:00","dateModified":"2023-03-10T13:03:40+00:00","breadcrumb":{"@id":"http:\/\/globalattitude.org.br\/conheca-a-delegacao-brasileira-que-participara-do-oecd-forum-2016\/#breadcrumb"},"inLanguage":"en-US","potentialAction":[{"@type":"ReadAction","target":["http:\/\/globalattitude.org.br\/conheca-a-delegacao-brasileira-que-participara-do-oecd-forum-2016\/"]}]},{"@type":"ImageObject","inLanguage":"en-US","@id":"http:\/\/globalattitude.org.br\/conheca-a-delegacao-brasileira-que-participara-do-oecd-forum-2016\/#primaryimage","url":"http:\/\/globalattitude.org.br\/wp-content\/uploads\/2023\/03\/5.jpg","contentUrl":"http:\/\/globalattitude.org.br\/wp-content\/uploads\/2023\/03\/5.jpg","width":200,"height":200},{"@type":"BreadcrumbList","@id":"http:\/\/globalattitude.org.br\/conheca-a-delegacao-brasileira-que-participara-do-oecd-forum-2016\/#breadcrumb","itemListElement":[{"@type":"ListItem","position":1,"name":"In\u00edcio","item":"https:\/\/globalattitude.org.br\/en\/"},{"@type":"ListItem","position":2,"name":"Conhe\u00e7a a delega\u00e7\u00e3o brasileira que participar\u00e1 do OECD Forum 2016"}]},{"@type":"WebSite","@id":"http:\/\/globalattitude.org.br\/#website","url":"http:\/\/globalattitude.org.br\/","name":"Instituto Global Attitude","description":"","publisher":{"@id":"http:\/\/globalattitude.org.br\/#organization"},"potentialAction":[{"@type":"SearchAction","target":{"@type":"EntryPoint","urlTemplate":"http:\/\/globalattitude.org.br\/?s={search_term_string}"},"query-input":{"@type":"PropertyValueSpecification","valueRequired":true,"valueName":"search_term_string"}}],"inLanguage":"en-US"},{"@type":"Organization","@id":"http:\/\/globalattitude.org.br\/#organization","name":"Instituto Global Attitude","url":"http:\/\/globalattitude.org.br\/","logo":{"@type":"ImageObject","inLanguage":"en-US","@id":"http:\/\/globalattitude.org.br\/#\/schema\/logo\/image\/","url":"https:\/\/globalattitude.org.br\/wp-content\/uploads\/2023\/01\/instituto-global-attitude-color.png","contentUrl":"https:\/\/globalattitude.org.br\/wp-content\/uploads\/2023\/01\/instituto-global-attitude-color.png","width":300,"height":131,"caption":"Instituto Global Attitude"},"image":{"@id":"http:\/\/globalattitude.org.br\/#\/schema\/logo\/image\/"},"sameAs":["https:\/\/www.facebook.com\/global.attitude.org\/","https:\/\/x.com\/global_attitude","https:\/\/www.instagram.com\/globalattitude","https:\/\/www.linkedin.com\/company\/global-attitude\/?viewAsMember=true"]},{"@type":"Person","@id":"http:\/\/globalattitude.org.br\/#\/schema\/person\/6d308f9d9d1eebad0278ad9386f13169","name":"123esite","image":{"@type":"ImageObject","inLanguage":"en-US","@id":"https:\/\/secure.gravatar.com\/avatar\/07bd71fac19f42004f2b73567f012e126689afdb23cb0017536dea9113ba1806?s=96&d=mm&r=g","url":"https:\/\/secure.gravatar.com\/avatar\/07bd71fac19f42004f2b73567f012e126689afdb23cb0017536dea9113ba1806?s=96&d=mm&r=g","contentUrl":"https:\/\/secure.gravatar.com\/avatar\/07bd71fac19f42004f2b73567f012e126689afdb23cb0017536dea9113ba1806?s=96&d=mm&r=g","caption":"123esite"},"sameAs":["http:\/\/globalattitude.org.br"],"url":"http:\/\/globalattitude.org.br\/en\/author\/123esite\/"}]}},"_links":{"self":[{"href":"http:\/\/globalattitude.org.br\/en\/wp-json\/wp\/v2\/posts\/1088","targetHints":{"allow":["GET"]}}],"collection":[{"href":"http:\/\/globalattitude.org.br\/en\/wp-json\/wp\/v2\/posts"}],"about":[{"href":"http:\/\/globalattitude.org.br\/en\/wp-json\/wp\/v2\/types\/post"}],"author":[{"embeddable":true,"href":"http:\/\/globalattitude.org.br\/en\/wp-json\/wp\/v2\/users\/1"}],"replies":[{"embeddable":true,"href":"http:\/\/globalattitude.org.br\/en\/wp-json\/wp\/v2\/comments?post=1088"}],"version-history":[{"count":1,"href":"http:\/\/globalattitude.org.br\/en\/wp-json\/wp\/v2\/posts\/1088\/revisions"}],"predecessor-version":[{"id":1094,"href":"http:\/\/globalattitude.org.br\/en\/wp-json\/wp\/v2\/posts\/1088\/revisions\/1094"}],"wp:featuredmedia":[{"embeddable":true,"href":"http:\/\/globalattitude.org.br\/en\/wp-json\/wp\/v2\/media\/1089"}],"wp:attachment":[{"href":"http:\/\/globalattitude.org.br\/en\/wp-json\/wp\/v2\/media?parent=1088"}],"wp:term":[{"taxonomy":"category","embeddable":true,"href":"http:\/\/globalattitude.org.br\/en\/wp-json\/wp\/v2\/categories?post=1088"},{"taxonomy":"post_tag","embeddable":true,"href":"http:\/\/globalattitude.org.br\/en\/wp-json\/wp\/v2\/tags?post=1088"}],"curies":[{"name":"wp","href":"https:\/\/api.w.org\/{rel}","templated":true}]}}