{"id":11312,"date":"2025-02-03T15:03:18","date_gmt":"2025-02-03T18:03:18","guid":{"rendered":"https:\/\/globalattitude.org.br\/?p=11312"},"modified":"2025-02-03T15:03:18","modified_gmt":"2025-02-03T18:03:18","slug":"mercado-de-trabalho-em-administracao","status":"publish","type":"post","link":"http:\/\/globalattitude.org.br\/en\/mercado-de-trabalho-em-administracao\/","title":{"rendered":"Mercado de trabalho em Administra\u00e7\u00e3o"},"content":{"rendered":"<p>Saiba mais sobre as diferentes \u00e1reas do mercado de trabalho em Administra\u00e7\u00e3o!<\/p>\n<p>Por Braiam Resende, IGA S\u00e3o Paulo \u2014 S\u00e3o Paulo 03\/02\/2025 15h10\u00a0 Atualizado h\u00e1 05 minutos<\/p>\n<p>O\u00a0curso de Administra\u00e7\u00e3o\u00a0abre in\u00fameras portas profissionais. Quem o escolhe pode trabalhar em diferentes setores do mercado de trabalho. Al\u00e9m disso, \u00e9 poss\u00edvel se especializar na administra\u00e7\u00e3o de restaurantes, por exemplo, ou seguir carreira em \u00f3rg\u00e3os governamentais.<\/p>\n<h2><strong>Como est\u00e1 o mercado de trabalho em Administra\u00e7\u00e3o?<\/strong><\/h2>\n<p>N\u00e3o sei se voc\u00ea j\u00e1 parou para pensar, mas uma grande parcela dos trabalhadores de uma empresa estuda ou estudou Administra\u00e7\u00e3o, desde os estagi\u00e1rios at\u00e9 os gerentes e diretores. \u00c9 muito comum, inclusive, que o pr\u00f3prio dono ou presidente da firma tenha feito essa faculdade.<\/p>\n<p>Isso acontece porque o curso de Administra\u00e7\u00e3o d\u00e1 ao estudante conhecimentos amplos, que o possibilitam trabalhar em diversas \u00e1reas. Por isso, a grande versatilidade desses profissionais, o que aumenta muito a empregabilidade.<\/p>\n<p>O mercado de trabalho em Administra\u00e7\u00e3o \u00e9 bastante abrangente e oferece in\u00fameras oportunidades para quem opta por essa \u00e1rea. Afinal, empresas de todos os setores precisam de profissionais especializados em gest\u00e3o.<\/p>\n<p>Os administradores podem trabalhar em empresas p\u00fablicas, privadas, startups ou at\u00e9 mesmo como consultores aut\u00f4nomos. Dentre as fun\u00e7\u00f5es que oferecem as melhores oportunidades, podemos destacar: consultoria, finan\u00e7as, auditoria,\u00a0Marketing Digital,\u00a0Recursos Humanos, planejamento estrat\u00e9gico, entra outras.<\/p>\n<p>Portanto, o mercado de trabalho para o administrador \u00e9 sempre din\u00e2mico. Nos momentos de baixa econ\u00f4mica, o profissional ganha import\u00e2ncia para otimizar custos, racionalizar investimentos e aumentar a produtividade. J\u00e1 nos momentos de alta, com o mercado aquecido e a produ\u00e7\u00e3o a pleno vapor, as oportunidades naturalmente aumentam.<\/p>\n<h2><strong>Quem se forma em Administra\u00e7\u00e3o trabalha onde?<\/strong><\/h2>\n<p>O\u00a0curso de Administra\u00e7\u00e3o\u00a0percorre tanto o campo das Exatas (log\u00edstica, finan\u00e7as, contabilidade etc.) quanto o campo das Humanidades (planejamento organizacional, gest\u00e3o de pessoas, RH etc.). Nesse sentido, o profissional formado pode atuar em in\u00fameros setores e mercados, seja no ramo industrial, comercial, empresarial ou p\u00fablico.<\/p>\n<p>Em empresas, por exemplo, o administrador tem a fun\u00e7\u00e3o de planejar, organizar e controlar o RH. Da mesma forma, ele tamb\u00e9m pode atuar no financeiro e na gest\u00e3o empresarial. Ainda, pode optar por algo mais flex\u00edvel, como prestar consultoria de administra\u00e7\u00e3o e gest\u00e3o, desenvolvendo estrat\u00e9gias para melhorar a organiza\u00e7\u00e3o e o relacionamento interno de uma empresa.<\/p>\n<p>O profissional formado em Administra\u00e7\u00e3o tamb\u00e9m se faz indispens\u00e1vel no setor p\u00fablico. Podemos v\u00ea-lo, por exemplo, atuando na \u00e1rea de gest\u00e3o de sa\u00fade em hospitais, ou atuando em c\u00e2maras municipais, como no cargo de Administrador de Rede.<\/p>\n<p>&nbsp;<\/p>\n","protected":false},"excerpt":{"rendered":"<p>Saiba mais sobre as diferentes \u00e1reas do mercado de trabalho em Administra\u00e7\u00e3o! Por Braiam Resende, IGA S\u00e3o Paulo \u2014 S\u00e3o Paulo 03\/02\/2025 15h10\u00a0 Atualizado h\u00e1 05 minutos O\u00a0curso de Administra\u00e7\u00e3o\u00a0abre in\u00fameras portas profissionais. Quem o escolhe pode trabalhar em diferentes setores do mercado de trabalho. Al\u00e9m disso, \u00e9 poss\u00edvel se especializar na administra\u00e7\u00e3o de restaurantes, [&hellip;]<\/p>\n","protected":false},"author":4,"featured_media":0,"comment_status":"open","ping_status":"open","sticky":false,"template":"","format":"standard","meta":{"_acf_changed":false,"om_disable_all_campaigns":false,"_monsterinsights_skip_tracking":false,"_monsterinsights_sitenote_active":false,"_monsterinsights_sitenote_note":"","_monsterinsights_sitenote_category":0,"_uf_show_specific_survey":0,"_uf_disable_surveys":false,"footnotes":""},"categories":[360],"tags":[620],"class_list":["post-11312","post","type-post","status-publish","format-standard","hentry","category-noticias","tag-mercado-de-trabalho-em-administracao"],"acf":[],"aioseo_notices":[],"yoast_head":"<!-- This site is optimized with the Yoast SEO plugin v27.5 - https:\/\/yoast.com\/product\/yoast-seo-wordpress\/ -->\n<title>Mercado de trabalho em Administra\u00e7\u00e3o - Instituto Global Attitude<\/title>\n<meta name=\"robots\" content=\"index, follow, max-snippet:-1, max-image-preview:large, max-video-preview:-1\" \/>\n<link rel=\"canonical\" href=\"https:\/\/globalattitude.org.br\/en\/mercado-de-trabalho-em-administracao\/\" \/>\n<meta property=\"og:locale\" content=\"en_US\" \/>\n<meta property=\"og:type\" content=\"article\" \/>\n<meta property=\"og:title\" content=\"Mercado de trabalho em Administra\u00e7\u00e3o - Instituto Global Attitude\" \/>\n<meta property=\"og:description\" content=\"Saiba mais sobre as diferentes \u00e1reas do mercado de trabalho em Administra\u00e7\u00e3o! Por Braiam Resende, IGA S\u00e3o Paulo \u2014 S\u00e3o Paulo 03\/02\/2025 15h10\u00a0 Atualizado h\u00e1 05 minutos O\u00a0curso de Administra\u00e7\u00e3o\u00a0abre in\u00fameras portas profissionais. Quem o escolhe pode trabalhar em diferentes setores do mercado de trabalho. Al\u00e9m disso, \u00e9 poss\u00edvel se especializar na administra\u00e7\u00e3o de restaurantes, [&hellip;]\" \/>\n<meta property=\"og:url\" content=\"https:\/\/globalattitude.org.br\/en\/mercado-de-trabalho-em-administracao\/\" \/>\n<meta property=\"og:site_name\" content=\"Instituto Global Attitude\" \/>\n<meta property=\"article:publisher\" content=\"https:\/\/www.facebook.com\/global.attitude.org\/\" \/>\n<meta property=\"article:published_time\" content=\"2025-02-03T18:03:18+00:00\" \/>\n<meta name=\"author\" content=\"comunicacao\" \/>\n<meta name=\"twitter:card\" content=\"summary_large_image\" \/>\n<meta name=\"twitter:creator\" content=\"@global_attitude\" \/>\n<meta name=\"twitter:site\" content=\"@global_attitude\" \/>\n<meta name=\"twitter:label1\" content=\"Written by\" \/>\n\t<meta name=\"twitter:data1\" content=\"comunicacao\" \/>\n\t<meta name=\"twitter:label2\" content=\"Est. reading time\" \/>\n\t<meta name=\"twitter:data2\" content=\"3 minutes\" \/>\n<script type=\"application\/ld+json\" class=\"yoast-schema-graph\">{\"@context\":\"https:\\\/\\\/schema.org\",\"@graph\":[{\"@type\":[\"Article\",\"BlogPosting\"],\"@id\":\"https:\\\/\\\/globalattitude.org.br\\\/en\\\/mercado-de-trabalho-em-administracao\\\/#article\",\"isPartOf\":{\"@id\":\"https:\\\/\\\/globalattitude.org.br\\\/en\\\/mercado-de-trabalho-em-administracao\\\/\"},\"author\":{\"name\":\"comunicacao\",\"@id\":\"https:\\\/\\\/globalattitude.org.br\\\/en\\\/#\\\/schema\\\/person\\\/d2d0edb26129b7407b05aa493af63725\"},\"headline\":\"Mercado de trabalho em Administra\u00e7\u00e3o\",\"datePublished\":\"2025-02-03T18:03:18+00:00\",\"mainEntityOfPage\":{\"@id\":\"https:\\\/\\\/globalattitude.org.br\\\/en\\\/mercado-de-trabalho-em-administracao\\\/\"},\"wordCount\":461,\"commentCount\":0,\"publisher\":{\"@id\":\"https:\\\/\\\/globalattitude.org.br\\\/en\\\/#organization\"},\"keywords\":[\"Mercado de trabalho em Administra\u00e7\u00e3o\"],\"articleSection\":[\"Not\u00edcias\"],\"inLanguage\":\"en-US\",\"potentialAction\":[{\"@type\":\"CommentAction\",\"name\":\"Comment\",\"target\":[\"https:\\\/\\\/globalattitude.org.br\\\/en\\\/mercado-de-trabalho-em-administracao\\\/#respond\"]}]},{\"@type\":\"WebPage\",\"@id\":\"https:\\\/\\\/globalattitude.org.br\\\/en\\\/mercado-de-trabalho-em-administracao\\\/\",\"url\":\"https:\\\/\\\/globalattitude.org.br\\\/en\\\/mercado-de-trabalho-em-administracao\\\/\",\"name\":\"Mercado de trabalho em Administra\u00e7\u00e3o - Instituto Global Attitude\",\"isPartOf\":{\"@id\":\"https:\\\/\\\/globalattitude.org.br\\\/en\\\/#website\"},\"datePublished\":\"2025-02-03T18:03:18+00:00\",\"breadcrumb\":{\"@id\":\"https:\\\/\\\/globalattitude.org.br\\\/en\\\/mercado-de-trabalho-em-administracao\\\/#breadcrumb\"},\"inLanguage\":\"en-US\",\"potentialAction\":[{\"@type\":\"ReadAction\",\"target\":[\"https:\\\/\\\/globalattitude.org.br\\\/en\\\/mercado-de-trabalho-em-administracao\\\/\"]}]},{\"@type\":\"BreadcrumbList\",\"@id\":\"https:\\\/\\\/globalattitude.org.br\\\/en\\\/mercado-de-trabalho-em-administracao\\\/#breadcrumb\",\"itemListElement\":[{\"@type\":\"ListItem\",\"position\":1,\"name\":\"In\u00edcio\",\"item\":\"https:\\\/\\\/globalattitude.org.br\\\/en\\\/\"},{\"@type\":\"ListItem\",\"position\":2,\"name\":\"Mercado de trabalho em Administra\u00e7\u00e3o\"}]},{\"@type\":\"WebSite\",\"@id\":\"https:\\\/\\\/globalattitude.org.br\\\/en\\\/#website\",\"url\":\"https:\\\/\\\/globalattitude.org.br\\\/en\\\/\",\"name\":\"Instituto Global Attitude\",\"description\":\"\",\"publisher\":{\"@id\":\"https:\\\/\\\/globalattitude.org.br\\\/en\\\/#organization\"},\"potentialAction\":[{\"@type\":\"SearchAction\",\"target\":{\"@type\":\"EntryPoint\",\"urlTemplate\":\"https:\\\/\\\/globalattitude.org.br\\\/en\\\/?s={search_term_string}\"},\"query-input\":{\"@type\":\"PropertyValueSpecification\",\"valueRequired\":true,\"valueName\":\"search_term_string\"}}],\"inLanguage\":\"en-US\"},{\"@type\":\"Organization\",\"@id\":\"https:\\\/\\\/globalattitude.org.br\\\/en\\\/#organization\",\"name\":\"Instituto Global Attitude\",\"url\":\"https:\\\/\\\/globalattitude.org.br\\\/en\\\/\",\"logo\":{\"@type\":\"ImageObject\",\"inLanguage\":\"en-US\",\"@id\":\"https:\\\/\\\/globalattitude.org.br\\\/en\\\/#\\\/schema\\\/logo\\\/image\\\/\",\"url\":\"https:\\\/\\\/globalattitude.org.br\\\/wp-content\\\/uploads\\\/2023\\\/01\\\/instituto-global-attitude-color.png\",\"contentUrl\":\"https:\\\/\\\/globalattitude.org.br\\\/wp-content\\\/uploads\\\/2023\\\/01\\\/instituto-global-attitude-color.png\",\"width\":300,\"height\":131,\"caption\":\"Instituto Global Attitude\"},\"image\":{\"@id\":\"https:\\\/\\\/globalattitude.org.br\\\/en\\\/#\\\/schema\\\/logo\\\/image\\\/\"},\"sameAs\":[\"https:\\\/\\\/www.facebook.com\\\/global.attitude.org\\\/\",\"https:\\\/\\\/x.com\\\/global_attitude\",\"https:\\\/\\\/www.instagram.com\\\/globalattitude\",\"https:\\\/\\\/www.linkedin.com\\\/company\\\/global-attitude\\\/?viewAsMember=true\"]},{\"@type\":\"Person\",\"@id\":\"https:\\\/\\\/globalattitude.org.br\\\/en\\\/#\\\/schema\\\/person\\\/d2d0edb26129b7407b05aa493af63725\",\"name\":\"comunicacao\",\"image\":{\"@type\":\"ImageObject\",\"inLanguage\":\"en-US\",\"@id\":\"https:\\\/\\\/secure.gravatar.com\\\/avatar\\\/a25dbef6d352d1355e632d9629c19165ddb3e176cbcb21ee573e3d96d011d16b?s=96&d=mm&r=g\",\"url\":\"https:\\\/\\\/secure.gravatar.com\\\/avatar\\\/a25dbef6d352d1355e632d9629c19165ddb3e176cbcb21ee573e3d96d011d16b?s=96&d=mm&r=g\",\"contentUrl\":\"https:\\\/\\\/secure.gravatar.com\\\/avatar\\\/a25dbef6d352d1355e632d9629c19165ddb3e176cbcb21ee573e3d96d011d16b?s=96&d=mm&r=g\",\"caption\":\"comunicacao\"},\"url\":\"http:\\\/\\\/globalattitude.org.br\\\/en\\\/author\\\/comunicacao\\\/\"}]}<\/script>\n<!-- \/ Yoast SEO plugin. -->","yoast_head_json":{"title":"Mercado de trabalho em Administra\u00e7\u00e3o - Instituto Global Attitude","robots":{"index":"index","follow":"follow","max-snippet":"max-snippet:-1","max-image-preview":"max-image-preview:large","max-video-preview":"max-video-preview:-1"},"canonical":"https:\/\/globalattitude.org.br\/en\/mercado-de-trabalho-em-administracao\/","og_locale":"en_US","og_type":"article","og_title":"Mercado de trabalho em Administra\u00e7\u00e3o - Instituto Global Attitude","og_description":"Saiba mais sobre as diferentes \u00e1reas do mercado de trabalho em Administra\u00e7\u00e3o! Por Braiam Resende, IGA S\u00e3o Paulo \u2014 S\u00e3o Paulo 03\/02\/2025 15h10\u00a0 Atualizado h\u00e1 05 minutos O\u00a0curso de Administra\u00e7\u00e3o\u00a0abre in\u00fameras portas profissionais. Quem o escolhe pode trabalhar em diferentes setores do mercado de trabalho. Al\u00e9m disso, \u00e9 poss\u00edvel se especializar na administra\u00e7\u00e3o de restaurantes, [&hellip;]","og_url":"https:\/\/globalattitude.org.br\/en\/mercado-de-trabalho-em-administracao\/","og_site_name":"Instituto Global Attitude","article_publisher":"https:\/\/www.facebook.com\/global.attitude.org\/","article_published_time":"2025-02-03T18:03:18+00:00","author":"comunicacao","twitter_card":"summary_large_image","twitter_creator":"@global_attitude","twitter_site":"@global_attitude","twitter_misc":{"Written by":"comunicacao","Est. reading time":"3 minutes"},"schema":{"@context":"https:\/\/schema.org","@graph":[{"@type":["Article","BlogPosting"],"@id":"https:\/\/globalattitude.org.br\/en\/mercado-de-trabalho-em-administracao\/#article","isPartOf":{"@id":"https:\/\/globalattitude.org.br\/en\/mercado-de-trabalho-em-administracao\/"},"author":{"name":"comunicacao","@id":"https:\/\/globalattitude.org.br\/en\/#\/schema\/person\/d2d0edb26129b7407b05aa493af63725"},"headline":"Mercado de trabalho em Administra\u00e7\u00e3o","datePublished":"2025-02-03T18:03:18+00:00","mainEntityOfPage":{"@id":"https:\/\/globalattitude.org.br\/en\/mercado-de-trabalho-em-administracao\/"},"wordCount":461,"commentCount":0,"publisher":{"@id":"https:\/\/globalattitude.org.br\/en\/#organization"},"keywords":["Mercado de trabalho em Administra\u00e7\u00e3o"],"articleSection":["Not\u00edcias"],"inLanguage":"en-US","potentialAction":[{"@type":"CommentAction","name":"Comment","target":["https:\/\/globalattitude.org.br\/en\/mercado-de-trabalho-em-administracao\/#respond"]}]},{"@type":"WebPage","@id":"https:\/\/globalattitude.org.br\/en\/mercado-de-trabalho-em-administracao\/","url":"https:\/\/globalattitude.org.br\/en\/mercado-de-trabalho-em-administracao\/","name":"Mercado de trabalho em Administra\u00e7\u00e3o - Instituto Global Attitude","isPartOf":{"@id":"https:\/\/globalattitude.org.br\/en\/#website"},"datePublished":"2025-02-03T18:03:18+00:00","breadcrumb":{"@id":"https:\/\/globalattitude.org.br\/en\/mercado-de-trabalho-em-administracao\/#breadcrumb"},"inLanguage":"en-US","potentialAction":[{"@type":"ReadAction","target":["https:\/\/globalattitude.org.br\/en\/mercado-de-trabalho-em-administracao\/"]}]},{"@type":"BreadcrumbList","@id":"https:\/\/globalattitude.org.br\/en\/mercado-de-trabalho-em-administracao\/#breadcrumb","itemListElement":[{"@type":"ListItem","position":1,"name":"In\u00edcio","item":"https:\/\/globalattitude.org.br\/en\/"},{"@type":"ListItem","position":2,"name":"Mercado de trabalho em Administra\u00e7\u00e3o"}]},{"@type":"WebSite","@id":"https:\/\/globalattitude.org.br\/en\/#website","url":"https:\/\/globalattitude.org.br\/en\/","name":"Instituto Global Attitude","description":"","publisher":{"@id":"https:\/\/globalattitude.org.br\/en\/#organization"},"potentialAction":[{"@type":"SearchAction","target":{"@type":"EntryPoint","urlTemplate":"https:\/\/globalattitude.org.br\/en\/?s={search_term_string}"},"query-input":{"@type":"PropertyValueSpecification","valueRequired":true,"valueName":"search_term_string"}}],"inLanguage":"en-US"},{"@type":"Organization","@id":"https:\/\/globalattitude.org.br\/en\/#organization","name":"Instituto Global Attitude","url":"https:\/\/globalattitude.org.br\/en\/","logo":{"@type":"ImageObject","inLanguage":"en-US","@id":"https:\/\/globalattitude.org.br\/en\/#\/schema\/logo\/image\/","url":"https:\/\/globalattitude.org.br\/wp-content\/uploads\/2023\/01\/instituto-global-attitude-color.png","contentUrl":"https:\/\/globalattitude.org.br\/wp-content\/uploads\/2023\/01\/instituto-global-attitude-color.png","width":300,"height":131,"caption":"Instituto Global Attitude"},"image":{"@id":"https:\/\/globalattitude.org.br\/en\/#\/schema\/logo\/image\/"},"sameAs":["https:\/\/www.facebook.com\/global.attitude.org\/","https:\/\/x.com\/global_attitude","https:\/\/www.instagram.com\/globalattitude","https:\/\/www.linkedin.com\/company\/global-attitude\/?viewAsMember=true"]},{"@type":"Person","@id":"https:\/\/globalattitude.org.br\/en\/#\/schema\/person\/d2d0edb26129b7407b05aa493af63725","name":"comunicacao","image":{"@type":"ImageObject","inLanguage":"en-US","@id":"https:\/\/secure.gravatar.com\/avatar\/a25dbef6d352d1355e632d9629c19165ddb3e176cbcb21ee573e3d96d011d16b?s=96&d=mm&r=g","url":"https:\/\/secure.gravatar.com\/avatar\/a25dbef6d352d1355e632d9629c19165ddb3e176cbcb21ee573e3d96d011d16b?s=96&d=mm&r=g","contentUrl":"https:\/\/secure.gravatar.com\/avatar\/a25dbef6d352d1355e632d9629c19165ddb3e176cbcb21ee573e3d96d011d16b?s=96&d=mm&r=g","caption":"comunicacao"},"url":"http:\/\/globalattitude.org.br\/en\/author\/comunicacao\/"}]}},"_links":{"self":[{"href":"http:\/\/globalattitude.org.br\/en\/wp-json\/wp\/v2\/posts\/11312","targetHints":{"allow":["GET"]}}],"collection":[{"href":"http:\/\/globalattitude.org.br\/en\/wp-json\/wp\/v2\/posts"}],"about":[{"href":"http:\/\/globalattitude.org.br\/en\/wp-json\/wp\/v2\/types\/post"}],"author":[{"embeddable":true,"href":"http:\/\/globalattitude.org.br\/en\/wp-json\/wp\/v2\/users\/4"}],"replies":[{"embeddable":true,"href":"http:\/\/globalattitude.org.br\/en\/wp-json\/wp\/v2\/comments?post=11312"}],"version-history":[{"count":1,"href":"http:\/\/globalattitude.org.br\/en\/wp-json\/wp\/v2\/posts\/11312\/revisions"}],"predecessor-version":[{"id":11315,"href":"http:\/\/globalattitude.org.br\/en\/wp-json\/wp\/v2\/posts\/11312\/revisions\/11315"}],"wp:attachment":[{"href":"http:\/\/globalattitude.org.br\/en\/wp-json\/wp\/v2\/media?parent=11312"}],"wp:term":[{"taxonomy":"category","embeddable":true,"href":"http:\/\/globalattitude.org.br\/en\/wp-json\/wp\/v2\/categories?post=11312"},{"taxonomy":"post_tag","embeddable":true,"href":"http:\/\/globalattitude.org.br\/en\/wp-json\/wp\/v2\/tags?post=11312"}],"curies":[{"name":"wp","href":"https:\/\/api.w.org\/{rel}","templated":true}]}}