{"id":1183,"date":"2016-06-17T16:33:28","date_gmt":"2016-06-17T19:33:28","guid":{"rendered":"https:\/\/globalattitude.org.br\/com-tema-sobre-sustentabilidade-delegacao-conta-tudo-sobre-european-development-days\/"},"modified":"2023-03-10T10:05:41","modified_gmt":"2023-03-10T13:05:41","slug":"com-tema-sobre-sustentabilidade-delegacao-conta-tudo-sobre-european-development-days","status":"publish","type":"post","link":"http:\/\/globalattitude.org.br\/en\/com-tema-sobre-sustentabilidade-delegacao-conta-tudo-sobre-european-development-days\/","title":{"rendered":"Com tema sobre sustentabilidade, delega\u00e7\u00e3o conta tudo sobre European Development Days"},"content":{"rendered":"<p>A delega\u00e7\u00e3o brasileira do <a href=\"https:\/\/www.eudevdays.eu\/\">European Development Days<\/a> (EDD) 2016, selecionada pelo Diplomacia Civil, passou esta semana em Bruxelas, na B\u00e9lgica, para participar das palestras, debates e workshops realizados nos dois dias do evento.<\/p>\n<p>Neste ano, o EDD completou 10 anos de atua\u00e7\u00e3o, reunindo cerca de 5 mil pessoas de 140 pa\u00edses e 1.200 organiza\u00e7\u00f5es para compartilhar ideias e experi\u00eancias sob o tema &#8220;<a href=\"http:\/\/www.itamaraty.gov.br\/pt-BR\/politica-externa\/desenvolvimento-sustentavel-e-meio-ambiente\/135-agenda-de-desenvolvimento-pos-2015\">Agenda 2030 para o Desenvolvimento Sustent\u00e1vel<\/a>&#8220;.\u00a0Sendo uma das primeiras confer\u00eancias de grande porte dedicada \u00e0 sustentabilidade, o EDD destacou, ainda, discuss\u00f5es sobre desigualdade, g\u00eanero, mudan\u00e7as clim\u00e1ticas, economia circular, cidades sustent\u00e1veis, ci\u00eancia e tecnologia, inova\u00e7\u00e3o, estados fr\u00e1geis, migra\u00e7\u00e3o e ref\u00fagio, engajamento do setor privado, entre outros.<\/p>\n<p>Um dia antes do in\u00edcio do evento, a delega\u00e7\u00e3o formada por Beatriz Scotton, Let\u00edcia Nogueira, Jack Netto, Juarez Silva, M\u00edzia Brito, Pedro Guedes e Stefanny Officiati fez uma visita oficial ao Parlamento Europeu, onde eles puderam conhecer um pouco mais sobre o funcionamento da institui\u00e7\u00e3o. Ainda no mesmo dia, a delega\u00e7\u00e3o teve uma reuni\u00e3o com a Conselheira Tatiana Bustamante, do setor de Direitos Humanos e Temas Sociais da <a href=\"http:\/\/braseuropa.itamaraty.gov.br\/pt-br\/\">Miss\u00e3o Brasileira Junto \u00e0 Uni\u00e3o Europeia<\/a>.<\/p>\n<div id=\"attachment_2404\" style=\"width: 710px\" class=\"wp-caption aligncenter\"><a href=\"http:\/\/globalattitude.org.br\/wp-content\/uploads\/2023\/03\/DSC0003.jpg\" rel=\"attachment wp-att-2404\"><img fetchpriority=\"high\" decoding=\"async\" aria-describedby=\"caption-attachment-2404\" class=\"wp-image-2404\" src=\"http:\/\/globalattitude.org.br\/wp-content\/uploads\/2023\/03\/DSC0003-300x176.jpg\" alt=\"_DSC0003\" width=\"700\" height=\"410\" \/><\/a><p id=\"caption-attachment-2404\" class=\"wp-caption-text\">Delega\u00e7\u00e3o conversa com Tatiana Bustamante. Foto: Global Attitude<\/p><\/div>\n<div id=\"attachment_2405\" style=\"width: 510px\" class=\"wp-caption aligncenter\"><a href=\"http:\/\/globalattitude.org.br\/wp-content\/uploads\/2023\/03\/DSC0023.jpg\" rel=\"attachment wp-att-2405\"><img decoding=\"async\" aria-describedby=\"caption-attachment-2405\" class=\"wp-image-2405\" src=\"http:\/\/globalattitude.org.br\/wp-content\/uploads\/2023\/03\/DSC0023-228x300.jpg\" alt=\"_DSC0023\" width=\"500\" height=\"658\" \/><\/a><p id=\"caption-attachment-2405\" class=\"wp-caption-text\">Delega\u00e7\u00e3o visita a Miss\u00e3o do Brasil Junto \u00e0 Uni\u00e3o Europeia. Foto: Global Attitude<\/p><\/div>\n<p>&#8220;Tatiana falou sobre a quest\u00e3o de g\u00eanero, tanto no Brasil quanto na Europa, e como isso \u00e9 tratado em reuni\u00f5es e qual \u00e9 o papel dos diplomatas neste assunto. Ela foi muito aberta ao falar de temas pol\u00eamicos, como o tr\u00e1fico de drogas, um assunto que est\u00e1 presente em todos os pa\u00edses, e destacou ainda o papel das mulheres na estrutura do tr\u00e1fico. Foi surpreendente ver que ela sabe muito sobre isso e est\u00e1 consciente sobre estes assuntos, porque n\u00e3o costuma ser um tema muito tratado&#8221;, explica Beatriz.<\/p>\n<div id=\"attachment_2406\" style=\"width: 610px\" class=\"wp-caption aligncenter\"><a href=\"http:\/\/globalattitude.org.br\/wp-content\/uploads\/2023\/03\/DSC0040.jpg\" rel=\"attachment wp-att-2406\"><img decoding=\"async\" aria-describedby=\"caption-attachment-2406\" class=\"wp-image-2406\" src=\"http:\/\/globalattitude.org.br\/wp-content\/uploads\/2023\/03\/DSC0040-300x178.jpg\" alt=\"_DSC0040\" width=\"600\" height=\"356\" \/><\/a><p id=\"caption-attachment-2406\" class=\"wp-caption-text\">Delegados visitam Parlamento Europeu. Foto: Global Attitude<\/p><\/div>\n<p>J\u00e1 no primeiro dia do EDD, na quarta-feira (15), os delegados se distribu\u00edram em uma s\u00e9rie de palestras e debates de interesse pr\u00f3prio, como tr\u00e1fico humano, cidades inclusivas sustent\u00e1veis e resilientes, justi\u00e7a como pilar para o desenvolvimento, luta contra pobreza e fome, entre outros.<\/p>\n<p>&#8220;O primeiro dia foi al\u00e9m das minhas expectativas. Assisti a um semin\u00e1rio sobre a quest\u00e3o da mutila\u00e7\u00e3o feminina em alguns pa\u00edses da \u00c1frica e como a religi\u00e3o interfere nisso. Conversei com uma das palestrantes, a brit\u00e2nica Jay Kamara-Fedrick, do <a href=\"https:\/\/orchidproject.org\/\">Orchid Project<\/a>, e ela foi incr\u00edvel. Trocamos contatos e ela ainda disse ser apaixonada pelo Brasil e que tem a inten\u00e7\u00e3o de levar o assunto da palestra para ser discutido em mais escolas e faculdades brasileiras&#8221;, lembra Juarez.<\/p>\n<p>&#8220;O que achei mais incr\u00edvel no evento foi o contato que tivemos com outros brasileiros, que est\u00e3o a trabalho ou estudando na Uni\u00e3o Europeia. Eles nos deram dicas de como se candidatar para est\u00e1gios no Parlamento ou em \u00f3rg\u00e3os da Comiss\u00e3o Europeia. O evento \u00e9 o mais internacional poss\u00edvel, tornando a troca de informa\u00e7\u00f5es e contatos uma atividade integrada ao crescimento profissional e pessoal&#8221;, conta Let\u00edcia.<\/p>\n<div id=\"attachment_2407\" style=\"width: 610px\" class=\"wp-caption aligncenter\"><a href=\"http:\/\/globalattitude.org.br\/wp-content\/uploads\/2023\/03\/DSC0120.jpg\" rel=\"attachment wp-att-2407\"><img loading=\"lazy\" decoding=\"async\" aria-describedby=\"caption-attachment-2407\" class=\"wp-image-2407\" src=\"http:\/\/globalattitude.org.br\/wp-content\/uploads\/2023\/03\/DSC0120-300x199.jpg\" alt=\"_DSC0120\" width=\"600\" height=\"397\" \/><\/a><p id=\"caption-attachment-2407\" class=\"wp-caption-text\">Delegados conversam com Jay Kamara-Kendrick. Foto: Global Attitude<\/p><\/div>\n<p>A delega\u00e7\u00e3o participou da cerim\u00f4nia de abertura, que contou com discurso do Secret\u00e1rio-Geral da ONU, Ban Ki-Moon, sobre a coopera\u00e7\u00e3o para a constru\u00e7\u00e3o de um mundo melhor e mais pac\u00edfico e conversou ainda com alguns <a href=\"https:\/\/www.eudevdays.eu\/young-leaders\">Young Leaders<\/a> e com a jornalista filipina Rina David.<\/p>\n<p>&#8220;Me chamou bastante aten\u00e7\u00e3o o engajamento da sociedade jovem, em especial os Young Leaders, que transmitiam discursos de otimismo e desejo de um mundo com mais oportunidades para todos. Tive o prazer de ouvir a Young Leader do Marrocos, Sana Afouaiz, uma advogada focada em empoderamento feminino, juvenil e migra\u00e7\u00e3o. Ela conseguia transmitir a todos a ideia de que o mundo s\u00f3 ser\u00e1 um lugar mais acess\u00edvel quando o investimento em educa\u00e7\u00e3o for uma prioridade&#8221;, diz Let\u00edcia.<\/p>\n<p>Para a delegada M\u00edzia, o contato com Young Leaders e seus discursos sobre solu\u00e7\u00f5es para problemas globais foram inspiradores para querer p\u00f4r em pr\u00e1tica projetos no Brasil. &#8220;Achei muito interessante o que foi dito em um dos pain\u00e9is sobre a necessidade de investir na educa\u00e7\u00e3o das crian\u00e7as para que, no futuro, elas se tornem jovens preparados para realizar a diferen\u00e7a em sua comunidade local&#8221;.<\/p>\n<div id=\"attachment_2410\" style=\"width: 410px\" class=\"wp-caption alignleft\"><a href=\"http:\/\/globalattitude.org.br\/wp-content\/uploads\/2023\/03\/IMG_3459.jpg\" rel=\"attachment wp-att-2410\"><img loading=\"lazy\" decoding=\"async\" aria-describedby=\"caption-attachment-2410\" class=\"wp-image-2410\" src=\"http:\/\/globalattitude.org.br\/wp-content\/uploads\/2023\/03\/IMG_3459-248x300.jpg\" alt=\"IMG_3459\" width=\"400\" height=\"484\" \/><\/a><p id=\"caption-attachment-2410\" class=\"wp-caption-text\">Delegado Juarez Silva com a jornalista Rina David. Foto: Arquivo Pessoal<\/p><\/div>\n<p>&#8220;Al\u00e9m dos assuntos que me interesso, procurei assistir tamb\u00e9m as palestras com temas dif\u00edceis de encontrar na internet ou que a m\u00eddia n\u00e3o discursa tanto. N\u00fameros e estat\u00edsticas n\u00e3o tocam as pessoas tanto quanto o relato de uma experi\u00eancia pr\u00f3pria, que vem do cora\u00e7\u00e3o, e foi isso que percebi: os palestrantes n\u00e3o se mostram c\u00e9ticos ao ocupar cargos de embaixadores, diplomatas, etc, eles est\u00e3o ali com paix\u00e3o e defendendo ideais que acreditam ser importantes para uma na\u00e7\u00e3o. Achei muito bonito e diferente do que estamos acostumados a ver&#8221;, lembra Stefanny.<\/p>\n<p>O segundo dia contou com a participa\u00e7\u00e3o do delegado Jack em um dos workshops com debate aberto sobre cidades inclusivas. Ap\u00f3s se focar em palestras sobre este assunto, ele se sentiu mais confiante em seu discurso, expondo ideias para a cria\u00e7\u00e3o de espa\u00e7os urbanos preparados para receber fluxos imigrat\u00f3rios e projetos que ajudem na capacidade de produ\u00e7\u00e3o agr\u00edcola.<\/p>\n<p>&#8220;Tive uma conversa com uma delegada do Malaui. Ela falou sobre a situa\u00e7\u00e3o da fome no pa\u00eds dela e discutimos a possibilidade de trabalharmos em conjunto para implementar alguns projetos brasileiros no seu pa\u00eds, de forma que a produ\u00e7\u00e3o agr\u00edcola aumente. Conversei tamb\u00e9m com funcion\u00e1rios do UN Habitat, que mostraram interesse por minhas ideias e pretendem estud\u00e1-las para futuros projetos. Vou levar essa viv\u00eancia com grande crescimento e amadurecimento. Foi uma abertura de portas muito grande para neg\u00f3cios, trabalho, networking e novas amizades&#8221;, explica.<\/p>\n<div id=\"attachment_2408\" style=\"width: 610px\" class=\"wp-caption aligncenter\"><a href=\"http:\/\/globalattitude.org.br\/wp-content\/uploads\/2023\/03\/DSC0135.jpg\" rel=\"attachment wp-att-2408\"><img loading=\"lazy\" decoding=\"async\" aria-describedby=\"caption-attachment-2408\" class=\"wp-image-2408\" src=\"http:\/\/globalattitude.org.br\/wp-content\/uploads\/2023\/03\/DSC0135-300x199.jpg\" alt=\"_DSC0135\" width=\"600\" height=\"397\" \/><\/a><p id=\"caption-attachment-2408\" class=\"wp-caption-text\">Foto: Global Attitude<\/p><\/div>\n<p>Outro delegado que considerou a experi\u00eancia do evento uma forma de abertura para novas vis\u00f5es foi Pedro. Diferente dos demais delegados, ele \u00e9 estudante de engenharia el\u00e9trica e afirma que, antes do EDD, n\u00e3o tinha contato com temas mais pol\u00edticos, sustent\u00e1veis ou diplom\u00e1ticos, sendo uma forma de expandir seus conhecimentos e horizontes.<\/p>\n<p>&#8220;Senti que toda a prepara\u00e7\u00e3o que o Instituto Global Attitude proporcionou e todos os conte\u00fados apresentados no EDD me fizeram aprender de uma forma exponencial e isso me despertou um interesse ainda maior de seguir uma carreira pol\u00edtica no Brasil e em buscar um prop\u00f3sito de vida profissional que de fato traga um impacto mais interessante para a sociedade brasileira e at\u00e9 para o mundo&#8221;, afirma o delegado.<\/p>\n<p>E Pedro continua: &#8220;o que \u00e9 fascinante \u00e9 que nunca iria imaginar que com 22 anos participaria de um evento de renome internacional, com personalidades conhecidas no mundo inteiro, refer\u00eancia em assuntos pol\u00edticos. N\u00e3o imaginava assistir a uma palestra do Secret\u00e1rio-Geral da ONU ou conhecer o Secret\u00e1rio-Geral da OCDE. Isso \u00e9 impressionante&#8221;.<\/p>\n<div id=\"attachment_2409\" style=\"width: 610px\" class=\"wp-caption aligncenter\"><a href=\"http:\/\/globalattitude.org.br\/wp-content\/uploads\/2023\/03\/DSC0209.jpg\" rel=\"attachment wp-att-2409\"><img loading=\"lazy\" decoding=\"async\" aria-describedby=\"caption-attachment-2409\" class=\"wp-image-2409\" src=\"http:\/\/globalattitude.org.br\/wp-content\/uploads\/2023\/03\/DSC0209-300x199.jpg\" alt=\"_DSC0209\" width=\"600\" height=\"397\" \/><\/a><p id=\"caption-attachment-2409\" class=\"wp-caption-text\">Delega\u00e7\u00e3o estava acompanhada do diretor do Instituto Global Attitude, Rodrigo Reis, e do coordenador do programa Diplomacia Civil, Felipe Toledo. Foto: Global Attitude<\/p><\/div>\n<p>&#8220;O evento me transformou como ser humano para aprender determinadas coisas que n\u00e3o percebemos t\u00e3o a fundo sozinhos. Acho que meu maior ganho foi a motiva\u00e7\u00e3o e a certeza do que quero fazer e onde quero estar daqui a alguns anos, me dedicando ao Direito Internacional&#8221;, explica Juarez.<\/p>\n<p>Ainda no segundo e \u00faltimo dia, o evento contou com um <a href=\"https:\/\/eudevdays.eu\/sessions\/special-address-her-majesty-mathilde-queen-belgians\">discurso da Rainha Matilde da B\u00e9lgica<\/a>, que destacou a import\u00e2ncia da Uni\u00e3o Europeia ter uma vis\u00e3o global e comprometimento com o desenvolvimento sustent\u00e1vel, mencionando ainda dificuldades com o terrorismo, crise econ\u00f4mica, migra\u00e7\u00e3o, intoler\u00e2ncia e racismo.<\/p>\n<div id=\"attachment_2411\" style=\"width: 610px\" class=\"wp-caption aligncenter\"><a href=\"http:\/\/globalattitude.org.br\/wp-content\/uploads\/2023\/03\/rainha-da-belgica-mathilde.jpg\" rel=\"attachment wp-att-2411\"><img loading=\"lazy\" decoding=\"async\" aria-describedby=\"caption-attachment-2411\" class=\"wp-image-2411\" src=\"http:\/\/globalattitude.org.br\/wp-content\/uploads\/2023\/03\/rainha-da-belgica-mathilde-300x199.jpg\" alt=\"rainha da belgica mathilde\" width=\"600\" height=\"397\" \/><\/a><p id=\"caption-attachment-2411\" class=\"wp-caption-text\">Rainha Matilde destaca import\u00e2ncia da Agenda 2030 para o Desenvolvimento Sustent\u00e1vel. Foto: Global Attitude<\/p><\/div>\n<p>&#8220;Assisti uma Young Leader falando sobre empoderamento da juventude e ela citou que &#8216;s\u00e3o com grandes ambi\u00e7\u00f5es que se atingem grandes objetivos&#8217;. Com isso, aprendi que n\u00e3o devemos nos contentar com a nossa realidade. Temos voz e poder desde que sonhemos alto e lutemos para chegar l\u00e1&#8221;, afirma Stefanny.<\/p>\n<p><strong>Leia mais: <a href=\"http:\/\/blog.globalattitude.org.br\/conheca-a-delegacao-brasileira-que-ira-ao-european-development-days-na-belgica\/\">Conhe\u00e7a a delega\u00e7\u00e3o que ir\u00e1 ao European Development Days<br \/>\n<\/a><\/strong><strong><a href=\"http:\/\/blog.globalattitude.org.br\/nobel-da-paz-jose-serra-e-embaixadores-delegacao-conta-vivencias-no-oecd-forum-2016\/\">Nobel da Paz, Jos\u00e9 Serra e Embaixadores: delega\u00e7\u00e3o conta viv\u00eancias no OECD Forum 2016<\/a><\/strong><\/p>\n","protected":false},"excerpt":{"rendered":"<p>A delega\u00e7\u00e3o brasileira do European Development Days (EDD) 2016, selecionada pelo Diplomacia Civil, passou esta semana em Bruxelas, na B\u00e9lgica, para participar das palestras, debates e workshops realizados nos dois dias do evento. Neste ano, o EDD completou 10 anos de atua\u00e7\u00e3o, reunindo cerca de 5 mil pessoas de 140 pa\u00edses e 1.200 organiza\u00e7\u00f5es para [&hellip;]<\/p>\n","protected":false},"author":1,"featured_media":1184,"comment_status":"open","ping_status":"open","sticky":false,"template":"","format":"standard","meta":{"_acf_changed":false,"om_disable_all_campaigns":false,"_monsterinsights_skip_tracking":false,"_monsterinsights_sitenote_active":false,"_monsterinsights_sitenote_note":"","_monsterinsights_sitenote_category":0,"_uf_show_specific_survey":0,"_uf_disable_surveys":false,"footnotes":""},"categories":[22,34],"tags":[],"class_list":["post-1183","post","type-post","status-publish","format-standard","hentry","category-programas","category-ultimas"],"acf":[],"aioseo_notices":[],"yoast_head":"<!-- This site is optimized with the Yoast SEO plugin v27.5 - https:\/\/yoast.com\/product\/yoast-seo-wordpress\/ -->\n<title>Com tema sobre sustentabilidade, delega\u00e7\u00e3o conta tudo sobre European Development Days - Instituto Global Attitude<\/title>\n<meta name=\"robots\" content=\"index, follow, max-snippet:-1, max-image-preview:large, max-video-preview:-1\" \/>\n<link rel=\"canonical\" href=\"http:\/\/globalattitude.org.br\/en\/com-tema-sobre-sustentabilidade-delegacao-conta-tudo-sobre-european-development-days\/\" \/>\n<meta property=\"og:locale\" content=\"en_US\" \/>\n<meta property=\"og:type\" content=\"article\" \/>\n<meta property=\"og:title\" content=\"Com tema sobre sustentabilidade, delega\u00e7\u00e3o conta tudo sobre European Development Days - Instituto Global Attitude\" \/>\n<meta property=\"og:description\" content=\"A delega\u00e7\u00e3o brasileira do European Development Days (EDD) 2016, selecionada pelo Diplomacia Civil, passou esta semana em Bruxelas, na B\u00e9lgica, para participar das palestras, debates e workshops realizados nos dois dias do evento. Neste ano, o EDD completou 10 anos de atua\u00e7\u00e3o, reunindo cerca de 5 mil pessoas de 140 pa\u00edses e 1.200 organiza\u00e7\u00f5es para [&hellip;]\" \/>\n<meta property=\"og:url\" content=\"http:\/\/globalattitude.org.br\/en\/com-tema-sobre-sustentabilidade-delegacao-conta-tudo-sobre-european-development-days\/\" \/>\n<meta property=\"og:site_name\" content=\"Instituto Global Attitude\" \/>\n<meta property=\"article:publisher\" content=\"https:\/\/www.facebook.com\/global.attitude.org\/\" \/>\n<meta property=\"article:published_time\" content=\"2016-06-17T19:33:28+00:00\" \/>\n<meta property=\"article:modified_time\" content=\"2023-03-10T13:05:41+00:00\" \/>\n<meta property=\"og:image\" content=\"http:\/\/globalattitude.org.br\/wp-content\/uploads\/2023\/03\/DSC0003-1200x703.jpg\" \/>\n\t<meta property=\"og:image:width\" content=\"2182\" \/>\n\t<meta property=\"og:image:height\" content=\"1278\" \/>\n\t<meta property=\"og:image:type\" content=\"image\/jpeg\" \/>\n<meta name=\"author\" content=\"123esite\" \/>\n<meta name=\"twitter:card\" content=\"summary_large_image\" \/>\n<meta name=\"twitter:creator\" content=\"@global_attitude\" \/>\n<meta name=\"twitter:site\" content=\"@global_attitude\" \/>\n<meta name=\"twitter:label1\" content=\"Written by\" \/>\n\t<meta name=\"twitter:data1\" content=\"123esite\" \/>\n\t<meta name=\"twitter:label2\" content=\"Est. reading time\" \/>\n\t<meta name=\"twitter:data2\" content=\"7 minutes\" \/>\n<script type=\"application\/ld+json\" class=\"yoast-schema-graph\">{\"@context\":\"https:\\\/\\\/schema.org\",\"@graph\":[{\"@type\":[\"Article\",\"BlogPosting\"],\"@id\":\"http:\\\/\\\/globalattitude.org.br\\\/en\\\/com-tema-sobre-sustentabilidade-delegacao-conta-tudo-sobre-european-development-days\\\/#article\",\"isPartOf\":{\"@id\":\"http:\\\/\\\/globalattitude.org.br\\\/en\\\/com-tema-sobre-sustentabilidade-delegacao-conta-tudo-sobre-european-development-days\\\/\"},\"author\":{\"name\":\"123esite\",\"@id\":\"http:\\\/\\\/globalattitude.org.br\\\/#\\\/schema\\\/person\\\/6d308f9d9d1eebad0278ad9386f13169\"},\"headline\":\"Com tema sobre sustentabilidade, delega\u00e7\u00e3o conta tudo sobre European Development Days\",\"datePublished\":\"2016-06-17T19:33:28+00:00\",\"dateModified\":\"2023-03-10T13:05:41+00:00\",\"mainEntityOfPage\":{\"@id\":\"http:\\\/\\\/globalattitude.org.br\\\/en\\\/com-tema-sobre-sustentabilidade-delegacao-conta-tudo-sobre-european-development-days\\\/\"},\"wordCount\":1501,\"commentCount\":0,\"publisher\":{\"@id\":\"http:\\\/\\\/globalattitude.org.br\\\/#organization\"},\"image\":{\"@id\":\"http:\\\/\\\/globalattitude.org.br\\\/en\\\/com-tema-sobre-sustentabilidade-delegacao-conta-tudo-sobre-european-development-days\\\/#primaryimage\"},\"thumbnailUrl\":\"http:\\\/\\\/globalattitude.org.br\\\/wp-content\\\/uploads\\\/2023\\\/03\\\/DSC0003-1200x703.jpg\",\"articleSection\":[\"Programas\",\"\u00daltimas\"],\"inLanguage\":\"en-US\",\"potentialAction\":[{\"@type\":\"CommentAction\",\"name\":\"Comment\",\"target\":[\"http:\\\/\\\/globalattitude.org.br\\\/en\\\/com-tema-sobre-sustentabilidade-delegacao-conta-tudo-sobre-european-development-days\\\/#respond\"]}]},{\"@type\":\"WebPage\",\"@id\":\"http:\\\/\\\/globalattitude.org.br\\\/en\\\/com-tema-sobre-sustentabilidade-delegacao-conta-tudo-sobre-european-development-days\\\/\",\"url\":\"http:\\\/\\\/globalattitude.org.br\\\/en\\\/com-tema-sobre-sustentabilidade-delegacao-conta-tudo-sobre-european-development-days\\\/\",\"name\":\"Com tema sobre sustentabilidade, delega\u00e7\u00e3o conta tudo sobre European Development Days - Instituto Global Attitude\",\"isPartOf\":{\"@id\":\"http:\\\/\\\/globalattitude.org.br\\\/#website\"},\"primaryImageOfPage\":{\"@id\":\"http:\\\/\\\/globalattitude.org.br\\\/en\\\/com-tema-sobre-sustentabilidade-delegacao-conta-tudo-sobre-european-development-days\\\/#primaryimage\"},\"image\":{\"@id\":\"http:\\\/\\\/globalattitude.org.br\\\/en\\\/com-tema-sobre-sustentabilidade-delegacao-conta-tudo-sobre-european-development-days\\\/#primaryimage\"},\"thumbnailUrl\":\"http:\\\/\\\/globalattitude.org.br\\\/wp-content\\\/uploads\\\/2023\\\/03\\\/DSC0003-1200x703.jpg\",\"datePublished\":\"2016-06-17T19:33:28+00:00\",\"dateModified\":\"2023-03-10T13:05:41+00:00\",\"breadcrumb\":{\"@id\":\"http:\\\/\\\/globalattitude.org.br\\\/en\\\/com-tema-sobre-sustentabilidade-delegacao-conta-tudo-sobre-european-development-days\\\/#breadcrumb\"},\"inLanguage\":\"en-US\",\"potentialAction\":[{\"@type\":\"ReadAction\",\"target\":[\"http:\\\/\\\/globalattitude.org.br\\\/en\\\/com-tema-sobre-sustentabilidade-delegacao-conta-tudo-sobre-european-development-days\\\/\"]}]},{\"@type\":\"ImageObject\",\"inLanguage\":\"en-US\",\"@id\":\"http:\\\/\\\/globalattitude.org.br\\\/en\\\/com-tema-sobre-sustentabilidade-delegacao-conta-tudo-sobre-european-development-days\\\/#primaryimage\",\"url\":\"http:\\\/\\\/globalattitude.org.br\\\/wp-content\\\/uploads\\\/2023\\\/03\\\/DSC0003-1200x703.jpg\",\"contentUrl\":\"http:\\\/\\\/globalattitude.org.br\\\/wp-content\\\/uploads\\\/2023\\\/03\\\/DSC0003-1200x703.jpg\",\"width\":2182,\"height\":1278},{\"@type\":\"BreadcrumbList\",\"@id\":\"http:\\\/\\\/globalattitude.org.br\\\/en\\\/com-tema-sobre-sustentabilidade-delegacao-conta-tudo-sobre-european-development-days\\\/#breadcrumb\",\"itemListElement\":[{\"@type\":\"ListItem\",\"position\":1,\"name\":\"In\u00edcio\",\"item\":\"https:\\\/\\\/globalattitude.org.br\\\/en\\\/\"},{\"@type\":\"ListItem\",\"position\":2,\"name\":\"Com tema sobre sustentabilidade, delega\u00e7\u00e3o conta tudo sobre European Development Days\"}]},{\"@type\":\"WebSite\",\"@id\":\"http:\\\/\\\/globalattitude.org.br\\\/#website\",\"url\":\"http:\\\/\\\/globalattitude.org.br\\\/\",\"name\":\"Instituto Global Attitude\",\"description\":\"\",\"publisher\":{\"@id\":\"http:\\\/\\\/globalattitude.org.br\\\/#organization\"},\"potentialAction\":[{\"@type\":\"SearchAction\",\"target\":{\"@type\":\"EntryPoint\",\"urlTemplate\":\"http:\\\/\\\/globalattitude.org.br\\\/?s={search_term_string}\"},\"query-input\":{\"@type\":\"PropertyValueSpecification\",\"valueRequired\":true,\"valueName\":\"search_term_string\"}}],\"inLanguage\":\"en-US\"},{\"@type\":\"Organization\",\"@id\":\"http:\\\/\\\/globalattitude.org.br\\\/#organization\",\"name\":\"Instituto Global Attitude\",\"url\":\"http:\\\/\\\/globalattitude.org.br\\\/\",\"logo\":{\"@type\":\"ImageObject\",\"inLanguage\":\"en-US\",\"@id\":\"http:\\\/\\\/globalattitude.org.br\\\/#\\\/schema\\\/logo\\\/image\\\/\",\"url\":\"https:\\\/\\\/globalattitude.org.br\\\/wp-content\\\/uploads\\\/2023\\\/01\\\/instituto-global-attitude-color.png\",\"contentUrl\":\"https:\\\/\\\/globalattitude.org.br\\\/wp-content\\\/uploads\\\/2023\\\/01\\\/instituto-global-attitude-color.png\",\"width\":300,\"height\":131,\"caption\":\"Instituto Global Attitude\"},\"image\":{\"@id\":\"http:\\\/\\\/globalattitude.org.br\\\/#\\\/schema\\\/logo\\\/image\\\/\"},\"sameAs\":[\"https:\\\/\\\/www.facebook.com\\\/global.attitude.org\\\/\",\"https:\\\/\\\/x.com\\\/global_attitude\",\"https:\\\/\\\/www.instagram.com\\\/globalattitude\",\"https:\\\/\\\/www.linkedin.com\\\/company\\\/global-attitude\\\/?viewAsMember=true\"]},{\"@type\":\"Person\",\"@id\":\"http:\\\/\\\/globalattitude.org.br\\\/#\\\/schema\\\/person\\\/6d308f9d9d1eebad0278ad9386f13169\",\"name\":\"123esite\",\"image\":{\"@type\":\"ImageObject\",\"inLanguage\":\"en-US\",\"@id\":\"https:\\\/\\\/secure.gravatar.com\\\/avatar\\\/07bd71fac19f42004f2b73567f012e126689afdb23cb0017536dea9113ba1806?s=96&d=mm&r=g\",\"url\":\"https:\\\/\\\/secure.gravatar.com\\\/avatar\\\/07bd71fac19f42004f2b73567f012e126689afdb23cb0017536dea9113ba1806?s=96&d=mm&r=g\",\"contentUrl\":\"https:\\\/\\\/secure.gravatar.com\\\/avatar\\\/07bd71fac19f42004f2b73567f012e126689afdb23cb0017536dea9113ba1806?s=96&d=mm&r=g\",\"caption\":\"123esite\"},\"sameAs\":[\"http:\\\/\\\/globalattitude.org.br\"],\"url\":\"http:\\\/\\\/globalattitude.org.br\\\/en\\\/author\\\/123esite\\\/\"}]}<\/script>\n<!-- \/ Yoast SEO plugin. -->","yoast_head_json":{"title":"Com tema sobre sustentabilidade, delega\u00e7\u00e3o conta tudo sobre European Development Days - Instituto Global Attitude","robots":{"index":"index","follow":"follow","max-snippet":"max-snippet:-1","max-image-preview":"max-image-preview:large","max-video-preview":"max-video-preview:-1"},"canonical":"http:\/\/globalattitude.org.br\/en\/com-tema-sobre-sustentabilidade-delegacao-conta-tudo-sobre-european-development-days\/","og_locale":"en_US","og_type":"article","og_title":"Com tema sobre sustentabilidade, delega\u00e7\u00e3o conta tudo sobre European Development Days - Instituto Global Attitude","og_description":"A delega\u00e7\u00e3o brasileira do European Development Days (EDD) 2016, selecionada pelo Diplomacia Civil, passou esta semana em Bruxelas, na B\u00e9lgica, para participar das palestras, debates e workshops realizados nos dois dias do evento. Neste ano, o EDD completou 10 anos de atua\u00e7\u00e3o, reunindo cerca de 5 mil pessoas de 140 pa\u00edses e 1.200 organiza\u00e7\u00f5es para [&hellip;]","og_url":"http:\/\/globalattitude.org.br\/en\/com-tema-sobre-sustentabilidade-delegacao-conta-tudo-sobre-european-development-days\/","og_site_name":"Instituto Global Attitude","article_publisher":"https:\/\/www.facebook.com\/global.attitude.org\/","article_published_time":"2016-06-17T19:33:28+00:00","article_modified_time":"2023-03-10T13:05:41+00:00","og_image":[{"width":2182,"height":1278,"url":"http:\/\/globalattitude.org.br\/wp-content\/uploads\/2023\/03\/DSC0003-1200x703.jpg","type":"image\/jpeg"}],"author":"123esite","twitter_card":"summary_large_image","twitter_creator":"@global_attitude","twitter_site":"@global_attitude","twitter_misc":{"Written by":"123esite","Est. reading time":"7 minutes"},"schema":{"@context":"https:\/\/schema.org","@graph":[{"@type":["Article","BlogPosting"],"@id":"http:\/\/globalattitude.org.br\/en\/com-tema-sobre-sustentabilidade-delegacao-conta-tudo-sobre-european-development-days\/#article","isPartOf":{"@id":"http:\/\/globalattitude.org.br\/en\/com-tema-sobre-sustentabilidade-delegacao-conta-tudo-sobre-european-development-days\/"},"author":{"name":"123esite","@id":"http:\/\/globalattitude.org.br\/#\/schema\/person\/6d308f9d9d1eebad0278ad9386f13169"},"headline":"Com tema sobre sustentabilidade, delega\u00e7\u00e3o conta tudo sobre European Development Days","datePublished":"2016-06-17T19:33:28+00:00","dateModified":"2023-03-10T13:05:41+00:00","mainEntityOfPage":{"@id":"http:\/\/globalattitude.org.br\/en\/com-tema-sobre-sustentabilidade-delegacao-conta-tudo-sobre-european-development-days\/"},"wordCount":1501,"commentCount":0,"publisher":{"@id":"http:\/\/globalattitude.org.br\/#organization"},"image":{"@id":"http:\/\/globalattitude.org.br\/en\/com-tema-sobre-sustentabilidade-delegacao-conta-tudo-sobre-european-development-days\/#primaryimage"},"thumbnailUrl":"http:\/\/globalattitude.org.br\/wp-content\/uploads\/2023\/03\/DSC0003-1200x703.jpg","articleSection":["Programas","\u00daltimas"],"inLanguage":"en-US","potentialAction":[{"@type":"CommentAction","name":"Comment","target":["http:\/\/globalattitude.org.br\/en\/com-tema-sobre-sustentabilidade-delegacao-conta-tudo-sobre-european-development-days\/#respond"]}]},{"@type":"WebPage","@id":"http:\/\/globalattitude.org.br\/en\/com-tema-sobre-sustentabilidade-delegacao-conta-tudo-sobre-european-development-days\/","url":"http:\/\/globalattitude.org.br\/en\/com-tema-sobre-sustentabilidade-delegacao-conta-tudo-sobre-european-development-days\/","name":"Com tema sobre sustentabilidade, delega\u00e7\u00e3o conta tudo sobre European Development Days - Instituto Global Attitude","isPartOf":{"@id":"http:\/\/globalattitude.org.br\/#website"},"primaryImageOfPage":{"@id":"http:\/\/globalattitude.org.br\/en\/com-tema-sobre-sustentabilidade-delegacao-conta-tudo-sobre-european-development-days\/#primaryimage"},"image":{"@id":"http:\/\/globalattitude.org.br\/en\/com-tema-sobre-sustentabilidade-delegacao-conta-tudo-sobre-european-development-days\/#primaryimage"},"thumbnailUrl":"http:\/\/globalattitude.org.br\/wp-content\/uploads\/2023\/03\/DSC0003-1200x703.jpg","datePublished":"2016-06-17T19:33:28+00:00","dateModified":"2023-03-10T13:05:41+00:00","breadcrumb":{"@id":"http:\/\/globalattitude.org.br\/en\/com-tema-sobre-sustentabilidade-delegacao-conta-tudo-sobre-european-development-days\/#breadcrumb"},"inLanguage":"en-US","potentialAction":[{"@type":"ReadAction","target":["http:\/\/globalattitude.org.br\/en\/com-tema-sobre-sustentabilidade-delegacao-conta-tudo-sobre-european-development-days\/"]}]},{"@type":"ImageObject","inLanguage":"en-US","@id":"http:\/\/globalattitude.org.br\/en\/com-tema-sobre-sustentabilidade-delegacao-conta-tudo-sobre-european-development-days\/#primaryimage","url":"http:\/\/globalattitude.org.br\/wp-content\/uploads\/2023\/03\/DSC0003-1200x703.jpg","contentUrl":"http:\/\/globalattitude.org.br\/wp-content\/uploads\/2023\/03\/DSC0003-1200x703.jpg","width":2182,"height":1278},{"@type":"BreadcrumbList","@id":"http:\/\/globalattitude.org.br\/en\/com-tema-sobre-sustentabilidade-delegacao-conta-tudo-sobre-european-development-days\/#breadcrumb","itemListElement":[{"@type":"ListItem","position":1,"name":"In\u00edcio","item":"https:\/\/globalattitude.org.br\/en\/"},{"@type":"ListItem","position":2,"name":"Com tema sobre sustentabilidade, delega\u00e7\u00e3o conta tudo sobre European Development Days"}]},{"@type":"WebSite","@id":"http:\/\/globalattitude.org.br\/#website","url":"http:\/\/globalattitude.org.br\/","name":"Instituto Global Attitude","description":"","publisher":{"@id":"http:\/\/globalattitude.org.br\/#organization"},"potentialAction":[{"@type":"SearchAction","target":{"@type":"EntryPoint","urlTemplate":"http:\/\/globalattitude.org.br\/?s={search_term_string}"},"query-input":{"@type":"PropertyValueSpecification","valueRequired":true,"valueName":"search_term_string"}}],"inLanguage":"en-US"},{"@type":"Organization","@id":"http:\/\/globalattitude.org.br\/#organization","name":"Instituto Global Attitude","url":"http:\/\/globalattitude.org.br\/","logo":{"@type":"ImageObject","inLanguage":"en-US","@id":"http:\/\/globalattitude.org.br\/#\/schema\/logo\/image\/","url":"https:\/\/globalattitude.org.br\/wp-content\/uploads\/2023\/01\/instituto-global-attitude-color.png","contentUrl":"https:\/\/globalattitude.org.br\/wp-content\/uploads\/2023\/01\/instituto-global-attitude-color.png","width":300,"height":131,"caption":"Instituto Global Attitude"},"image":{"@id":"http:\/\/globalattitude.org.br\/#\/schema\/logo\/image\/"},"sameAs":["https:\/\/www.facebook.com\/global.attitude.org\/","https:\/\/x.com\/global_attitude","https:\/\/www.instagram.com\/globalattitude","https:\/\/www.linkedin.com\/company\/global-attitude\/?viewAsMember=true"]},{"@type":"Person","@id":"http:\/\/globalattitude.org.br\/#\/schema\/person\/6d308f9d9d1eebad0278ad9386f13169","name":"123esite","image":{"@type":"ImageObject","inLanguage":"en-US","@id":"https:\/\/secure.gravatar.com\/avatar\/07bd71fac19f42004f2b73567f012e126689afdb23cb0017536dea9113ba1806?s=96&d=mm&r=g","url":"https:\/\/secure.gravatar.com\/avatar\/07bd71fac19f42004f2b73567f012e126689afdb23cb0017536dea9113ba1806?s=96&d=mm&r=g","contentUrl":"https:\/\/secure.gravatar.com\/avatar\/07bd71fac19f42004f2b73567f012e126689afdb23cb0017536dea9113ba1806?s=96&d=mm&r=g","caption":"123esite"},"sameAs":["http:\/\/globalattitude.org.br"],"url":"http:\/\/globalattitude.org.br\/en\/author\/123esite\/"}]}},"_links":{"self":[{"href":"http:\/\/globalattitude.org.br\/en\/wp-json\/wp\/v2\/posts\/1183","targetHints":{"allow":["GET"]}}],"collection":[{"href":"http:\/\/globalattitude.org.br\/en\/wp-json\/wp\/v2\/posts"}],"about":[{"href":"http:\/\/globalattitude.org.br\/en\/wp-json\/wp\/v2\/types\/post"}],"author":[{"embeddable":true,"href":"http:\/\/globalattitude.org.br\/en\/wp-json\/wp\/v2\/users\/1"}],"replies":[{"embeddable":true,"href":"http:\/\/globalattitude.org.br\/en\/wp-json\/wp\/v2\/comments?post=1183"}],"version-history":[{"count":1,"href":"http:\/\/globalattitude.org.br\/en\/wp-json\/wp\/v2\/posts\/1183\/revisions"}],"predecessor-version":[{"id":1192,"href":"http:\/\/globalattitude.org.br\/en\/wp-json\/wp\/v2\/posts\/1183\/revisions\/1192"}],"wp:featuredmedia":[{"embeddable":true,"href":"http:\/\/globalattitude.org.br\/en\/wp-json\/wp\/v2\/media\/1184"}],"wp:attachment":[{"href":"http:\/\/globalattitude.org.br\/en\/wp-json\/wp\/v2\/media?parent=1183"}],"wp:term":[{"taxonomy":"category","embeddable":true,"href":"http:\/\/globalattitude.org.br\/en\/wp-json\/wp\/v2\/categories?post=1183"},{"taxonomy":"post_tag","embeddable":true,"href":"http:\/\/globalattitude.org.br\/en\/wp-json\/wp\/v2\/tags?post=1183"}],"curies":[{"name":"wp","href":"https:\/\/api.w.org\/{rel}","templated":true}]}}