{"id":12493,"date":"2025-03-25T11:03:19","date_gmt":"2025-03-25T14:03:19","guid":{"rendered":"https:\/\/globalattitude.org.br\/?p=12493"},"modified":"2025-03-27T10:46:39","modified_gmt":"2025-03-27T13:46:39","slug":"pracas-da-cultura-leva-arte-e-entretenimento-para-a-mooca-em-um-fim-de-semana-de-celebracao","status":"publish","type":"post","link":"http:\/\/globalattitude.org.br\/en\/pracas-da-cultura-leva-arte-e-entretenimento-para-a-mooca-em-um-fim-de-semana-de-celebracao\/","title":{"rendered":"Pra\u00e7as da Cultura leva arte e entretenimento para a Mooca em um fim de semana de celebra\u00e7\u00e3o"},"content":{"rendered":"<p>Evento reuniu diversas atra\u00e7\u00f5es nos dias 22 e 23 de mar\u00e7o, com apresenta\u00e7\u00f5es musicais, teatro, circo e atividades interativas ao ar livre.<\/p>\n<p>Por Braiam Resende, IGA S\u00e3o Paulo \u2014 S\u00e3o Paulo 25\/03\/2025 11h10 Atualizado h\u00e1 30 minutos<\/p>\n<p>A Mooca, tradicional bairro da Zona Leste de S\u00e3o Paulo, recebeu mais uma edi\u00e7\u00e3o do Pra\u00e7as da Cultura nos dias 22 e 23 de mar\u00e7o, transformando seus espa\u00e7os p\u00fablicos em verdadeiros pontos de encontro para a arte e o entretenimento. Durante o fim de semana, moradores e visitantes puderam acompanhar 36 apresenta\u00e7\u00f5es de diferentes estilos, promovendo momentos de lazer e valoriza\u00e7\u00e3o da cultura local.<\/p>\n<p>O evento contou com shows musicais de artistas independentes, trazendo g\u00eaneros como samba, forr\u00f3, jazz e hip-hop. As pra\u00e7as se tornaram grandes pistas de dan\u00e7a com performances de DJs, que embalaram o p\u00fablico com sets animados e cheios de ritmo.<\/p>\n<p>As artes c\u00eanicas tamb\u00e9m tiveram grande destaque na programa\u00e7\u00e3o, com apresenta\u00e7\u00f5es de teatro de rua, performances interativas e espet\u00e1culos circenses. Malabaristas, equilibristas e palha\u00e7os encantaram o p\u00fablico com n\u00fameros din\u00e2micos e cheios de humor. J\u00e1 as encena\u00e7\u00f5es teatrais trouxeram hist\u00f3rias emocionantes e reflex\u00f5es sobre o cotidiano, conectando o p\u00fablico com diferentes narrativas e personagens.<\/p>\n<p>Pensando no p\u00fablico infantil, o evento trouxe uma s\u00e9rie de atividades recreativas, oficinas criativas e sess\u00f5es de conta\u00e7\u00e3o de hist\u00f3rias, proporcionando experi\u00eancias l\u00fadicas para as crian\u00e7as. Oficinas de desenho e pintura estimularam a imagina\u00e7\u00e3o dos pequenos, enquanto os espet\u00e1culos infantis garantiram a divers\u00e3o das fam\u00edlias presentes.<\/p>\n<p>A energia vibrante do evento refor\u00e7ou a import\u00e2ncia de ocupar os espa\u00e7os p\u00fablicos com cultura e lazer, proporcionando \u00e0 popula\u00e7\u00e3o acesso gratuito a diversas formas de arte. A edi\u00e7\u00e3o da Mooca consolidou mais um cap\u00edtulo de sucesso do Pra\u00e7as da Cultura, que segue levando sua programa\u00e7\u00e3o para diferentes regi\u00f5es da cidade.<\/p>\n<p>Fique atento \u00e0s pr\u00f3ximas edi\u00e7\u00f5es e venha fazer parte dessa celebra\u00e7\u00e3o cultural!<\/p>\n<h2><strong>+ conte\u00fados:\u00a0\u00a0assista \u00e0 \u00edntegra da cobertura do evento<\/strong><\/h2>\n<p><iframe title=\"YouTube video player\" src=\"https:\/\/www.youtube.com\/embed\/jqxoohSoGYA?si=zFgpoFmsorFK7A6O\" width=\"560\" height=\"315\" frameborder=\"0\" allowfullscreen=\"allowfullscreen\"><\/iframe><\/p>\n<h2><strong>+ conte\u00fados: veja a galeria de fotos<\/strong><\/h2>\n\n\t\t<style type=\"text\/css\">\n\t\t\t#gallery-1 {\n\t\t\t\tmargin: auto;\n\t\t\t}\n\t\t\t#gallery-1 .gallery-item {\n\t\t\t\tfloat: left;\n\t\t\t\tmargin-top: 10px;\n\t\t\t\ttext-align: center;\n\t\t\t\twidth: 33%;\n\t\t\t}\n\t\t\t#gallery-1 img {\n\t\t\t\tborder: 2px solid #cfcfcf;\n\t\t\t}\n\t\t\t#gallery-1 .gallery-caption {\n\t\t\t\tmargin-left: 0;\n\t\t\t}\n\t\t\t\/* see gallery_shortcode() in wp-includes\/media.php *\/\n\t\t<\/style>\n\t\t<div id='gallery-1' class='gallery galleryid-12493 gallery-columns-3 gallery-size-large'><dl class='gallery-item'>\n\t\t\t<dt class='gallery-icon landscape'>\n\t\t\t\t<a href='http:\/\/globalattitude.org.br\/en\/img_9087-2\/'><img fetchpriority=\"high\" decoding=\"async\" width=\"1024\" height=\"683\" src=\"http:\/\/globalattitude.org.br\/wp-content\/uploads\/2025\/03\/IMG_9087-1024x683.jpg\" class=\"attachment-large size-large\" alt=\"\" srcset=\"http:\/\/globalattitude.org.br\/wp-content\/uploads\/2025\/03\/IMG_9087-1024x683.jpg 1024w, http:\/\/globalattitude.org.br\/wp-content\/uploads\/2025\/03\/IMG_9087-300x200.jpg 300w, http:\/\/globalattitude.org.br\/wp-content\/uploads\/2025\/03\/IMG_9087-768x512.jpg 768w, http:\/\/globalattitude.org.br\/wp-content\/uploads\/2025\/03\/IMG_9087-1536x1024.jpg 1536w, http:\/\/globalattitude.org.br\/wp-content\/uploads\/2025\/03\/IMG_9087-2048x1365.jpg 2048w, http:\/\/globalattitude.org.br\/wp-content\/uploads\/2025\/03\/IMG_9087-1920x1280.jpg 1920w, http:\/\/globalattitude.org.br\/wp-content\/uploads\/2025\/03\/IMG_9087-180x120.jpg 180w, http:\/\/globalattitude.org.br\/wp-content\/uploads\/2025\/03\/IMG_9087-270x180.jpg 270w, http:\/\/globalattitude.org.br\/wp-content\/uploads\/2025\/03\/IMG_9087-450x300.jpg 450w, http:\/\/globalattitude.org.br\/wp-content\/uploads\/2025\/03\/IMG_9087-1200x800.jpg 1200w\" sizes=\"(max-width: 1024px) 100vw, 1024px\" \/><\/a>\n\t\t\t<\/dt><\/dl><dl class='gallery-item'>\n\t\t\t<dt class='gallery-icon landscape'>\n\t\t\t\t<a href='http:\/\/globalattitude.org.br\/en\/img_9360-2\/'><img decoding=\"async\" width=\"1024\" height=\"683\" src=\"http:\/\/globalattitude.org.br\/wp-content\/uploads\/2025\/03\/IMG_9360-1024x683.jpg\" class=\"attachment-large size-large\" alt=\"\" srcset=\"http:\/\/globalattitude.org.br\/wp-content\/uploads\/2025\/03\/IMG_9360-1024x683.jpg 1024w, http:\/\/globalattitude.org.br\/wp-content\/uploads\/2025\/03\/IMG_9360-300x200.jpg 300w, http:\/\/globalattitude.org.br\/wp-content\/uploads\/2025\/03\/IMG_9360-768x512.jpg 768w, http:\/\/globalattitude.org.br\/wp-content\/uploads\/2025\/03\/IMG_9360-1536x1024.jpg 1536w, http:\/\/globalattitude.org.br\/wp-content\/uploads\/2025\/03\/IMG_9360-2048x1365.jpg 2048w, http:\/\/globalattitude.org.br\/wp-content\/uploads\/2025\/03\/IMG_9360-1920x1280.jpg 1920w, http:\/\/globalattitude.org.br\/wp-content\/uploads\/2025\/03\/IMG_9360-180x120.jpg 180w, http:\/\/globalattitude.org.br\/wp-content\/uploads\/2025\/03\/IMG_9360-270x180.jpg 270w, http:\/\/globalattitude.org.br\/wp-content\/uploads\/2025\/03\/IMG_9360-450x300.jpg 450w, http:\/\/globalattitude.org.br\/wp-content\/uploads\/2025\/03\/IMG_9360-1200x800.jpg 1200w\" sizes=\"(max-width: 1024px) 100vw, 1024px\" \/><\/a>\n\t\t\t<\/dt><\/dl><dl class='gallery-item'>\n\t\t\t<dt class='gallery-icon landscape'>\n\t\t\t\t<a href='http:\/\/globalattitude.org.br\/en\/img_9297-2\/'><img decoding=\"async\" width=\"1024\" height=\"683\" src=\"http:\/\/globalattitude.org.br\/wp-content\/uploads\/2025\/03\/IMG_9297-scaled.jpg\" class=\"attachment-large size-large\" alt=\"\" \/><\/a>\n\t\t\t<\/dt><\/dl><br style=\"clear: both\" \/><dl class='gallery-item'>\n\t\t\t<dt class='gallery-icon landscape'>\n\t\t\t\t<a href='http:\/\/globalattitude.org.br\/en\/img_9128-2\/'><img loading=\"lazy\" decoding=\"async\" width=\"1024\" height=\"683\" src=\"http:\/\/globalattitude.org.br\/wp-content\/uploads\/2025\/03\/IMG_9128.jpg\" class=\"attachment-large size-large\" alt=\"\" \/><\/a>\n\t\t\t<\/dt><\/dl><dl class='gallery-item'>\n\t\t\t<dt class='gallery-icon landscape'>\n\t\t\t\t<a href='http:\/\/globalattitude.org.br\/en\/img_8973-2\/'><img loading=\"lazy\" decoding=\"async\" width=\"1024\" height=\"683\" src=\"http:\/\/globalattitude.org.br\/wp-content\/uploads\/2025\/03\/IMG_8973-scaled.jpg\" class=\"attachment-large size-large\" alt=\"\" \/><\/a>\n\t\t\t<\/dt><\/dl><dl class='gallery-item'>\n\t\t\t<dt class='gallery-icon landscape'>\n\t\t\t\t<a href='http:\/\/globalattitude.org.br\/en\/img_8706-2-2\/'><img loading=\"lazy\" decoding=\"async\" width=\"1024\" height=\"683\" src=\"http:\/\/globalattitude.org.br\/wp-content\/uploads\/2025\/03\/IMG_8706-1-1024x683.jpg\" class=\"attachment-large size-large\" alt=\"\" srcset=\"http:\/\/globalattitude.org.br\/wp-content\/uploads\/2025\/03\/IMG_8706-1-1024x683.jpg 1024w, http:\/\/globalattitude.org.br\/wp-content\/uploads\/2025\/03\/IMG_8706-1-300x200.jpg 300w, http:\/\/globalattitude.org.br\/wp-content\/uploads\/2025\/03\/IMG_8706-1-768x512.jpg 768w, http:\/\/globalattitude.org.br\/wp-content\/uploads\/2025\/03\/IMG_8706-1-1536x1024.jpg 1536w, http:\/\/globalattitude.org.br\/wp-content\/uploads\/2025\/03\/IMG_8706-1-2048x1365.jpg 2048w, http:\/\/globalattitude.org.br\/wp-content\/uploads\/2025\/03\/IMG_8706-1-1920x1280.jpg 1920w, http:\/\/globalattitude.org.br\/wp-content\/uploads\/2025\/03\/IMG_8706-1-180x120.jpg 180w, http:\/\/globalattitude.org.br\/wp-content\/uploads\/2025\/03\/IMG_8706-1-270x180.jpg 270w, http:\/\/globalattitude.org.br\/wp-content\/uploads\/2025\/03\/IMG_8706-1-450x300.jpg 450w, http:\/\/globalattitude.org.br\/wp-content\/uploads\/2025\/03\/IMG_8706-1-1200x800.jpg 1200w\" sizes=\"(max-width: 1024px) 100vw, 1024px\" \/><\/a>\n\t\t\t<\/dt><\/dl><br style=\"clear: both\" \/><dl class='gallery-item'>\n\t\t\t<dt class='gallery-icon landscape'>\n\t\t\t\t<a href='http:\/\/globalattitude.org.br\/en\/img_8665-2-2\/'><img loading=\"lazy\" decoding=\"async\" width=\"1024\" height=\"683\" src=\"http:\/\/globalattitude.org.br\/wp-content\/uploads\/2025\/03\/IMG_8665-1-scaled.jpg\" class=\"attachment-large size-large\" alt=\"\" \/><\/a>\n\t\t\t<\/dt><\/dl><dl class='gallery-item'>\n\t\t\t<dt class='gallery-icon landscape'>\n\t\t\t\t<a href='http:\/\/globalattitude.org.br\/en\/img_8635-2-2\/'><img loading=\"lazy\" decoding=\"async\" width=\"1024\" height=\"683\" src=\"http:\/\/globalattitude.org.br\/wp-content\/uploads\/2025\/03\/IMG_8635-1.jpg\" class=\"attachment-large size-large\" alt=\"\" \/><\/a>\n\t\t\t<\/dt><\/dl><dl class='gallery-item'>\n\t\t\t<dt class='gallery-icon landscape'>\n\t\t\t\t<a href='http:\/\/globalattitude.org.br\/en\/img_8639-2-2\/'><img loading=\"lazy\" decoding=\"async\" width=\"1024\" height=\"683\" src=\"http:\/\/globalattitude.org.br\/wp-content\/uploads\/2025\/03\/IMG_8639-1.jpg\" class=\"attachment-large size-large\" alt=\"\" \/><\/a>\n\t\t\t<\/dt><\/dl><br style=\"clear: both\" \/><dl class='gallery-item'>\n\t\t\t<dt class='gallery-icon landscape'>\n\t\t\t\t<a href='http:\/\/globalattitude.org.br\/en\/img_8656-2-2\/'><img loading=\"lazy\" decoding=\"async\" width=\"1024\" height=\"683\" src=\"http:\/\/globalattitude.org.br\/wp-content\/uploads\/2025\/03\/IMG_8656-1.jpg\" class=\"attachment-large size-large\" alt=\"\" \/><\/a>\n\t\t\t<\/dt><\/dl><dl class='gallery-item'>\n\t\t\t<dt class='gallery-icon landscape'>\n\t\t\t\t<a href='http:\/\/globalattitude.org.br\/en\/img_8664-2-2\/'><img loading=\"lazy\" decoding=\"async\" width=\"1024\" height=\"683\" src=\"http:\/\/globalattitude.org.br\/wp-content\/uploads\/2025\/03\/IMG_8664-1-1024x683.jpg\" class=\"attachment-large size-large\" alt=\"\" srcset=\"http:\/\/globalattitude.org.br\/wp-content\/uploads\/2025\/03\/IMG_8664-1-1024x683.jpg 1024w, http:\/\/globalattitude.org.br\/wp-content\/uploads\/2025\/03\/IMG_8664-1-300x200.jpg 300w, http:\/\/globalattitude.org.br\/wp-content\/uploads\/2025\/03\/IMG_8664-1-768x512.jpg 768w, http:\/\/globalattitude.org.br\/wp-content\/uploads\/2025\/03\/IMG_8664-1-1536x1024.jpg 1536w, http:\/\/globalattitude.org.br\/wp-content\/uploads\/2025\/03\/IMG_8664-1-2048x1365.jpg 2048w, http:\/\/globalattitude.org.br\/wp-content\/uploads\/2025\/03\/IMG_8664-1-1920x1280.jpg 1920w, http:\/\/globalattitude.org.br\/wp-content\/uploads\/2025\/03\/IMG_8664-1-180x120.jpg 180w, http:\/\/globalattitude.org.br\/wp-content\/uploads\/2025\/03\/IMG_8664-1-270x180.jpg 270w, http:\/\/globalattitude.org.br\/wp-content\/uploads\/2025\/03\/IMG_8664-1-450x300.jpg 450w, http:\/\/globalattitude.org.br\/wp-content\/uploads\/2025\/03\/IMG_8664-1-1200x800.jpg 1200w\" sizes=\"(max-width: 1024px) 100vw, 1024px\" \/><\/a>\n\t\t\t<\/dt><\/dl>\n\t\t\t<br style='clear: both' \/>\n\t\t<\/div>\n\n","protected":false},"excerpt":{"rendered":"<p>Evento reuniu diversas atra\u00e7\u00f5es nos dias 22 e 23 de mar\u00e7o, com apresenta\u00e7\u00f5es musicais, teatro, circo e atividades interativas ao ar livre. Por Braiam Resende, IGA S\u00e3o Paulo \u2014 S\u00e3o Paulo 25\/03\/2025 11h10 Atualizado h\u00e1 30 minutos A Mooca, tradicional bairro da Zona Leste de S\u00e3o Paulo, recebeu mais uma edi\u00e7\u00e3o do Pra\u00e7as da Cultura [&hellip;]<\/p>\n","protected":false},"author":4,"featured_media":0,"comment_status":"open","ping_status":"open","sticky":false,"template":"","format":"standard","meta":{"_acf_changed":false,"om_disable_all_campaigns":false,"_monsterinsights_skip_tracking":false,"_monsterinsights_sitenote_active":false,"_monsterinsights_sitenote_note":"","_monsterinsights_sitenote_category":0,"_uf_show_specific_survey":0,"_uf_disable_surveys":false,"footnotes":""},"categories":[360],"tags":[632],"class_list":["post-12493","post","type-post","status-publish","format-standard","hentry","category-noticias","tag-pracas-da-cultura-leva-arte-e-entretenimento-para-a-mooca-em-um-fim-de-semana-de-celebracao"],"acf":[],"aioseo_notices":[],"yoast_head":"<!-- This site is optimized with the Yoast SEO plugin v27.5 - https:\/\/yoast.com\/product\/yoast-seo-wordpress\/ -->\n<title>Pra\u00e7as da Cultura leva arte e entretenimento para a Mooca em um fim de semana de celebra\u00e7\u00e3o - Instituto Global Attitude<\/title>\n<meta name=\"robots\" content=\"index, follow, max-snippet:-1, max-image-preview:large, max-video-preview:-1\" \/>\n<link rel=\"canonical\" href=\"https:\/\/globalattitude.org.br\/pracas-da-cultura-leva-arte-e-entretenimento-para-a-mooca-em-um-fim-de-semana-de-celebracao\/\" \/>\n<meta property=\"og:locale\" content=\"en_US\" \/>\n<meta property=\"og:type\" content=\"article\" \/>\n<meta property=\"og:title\" content=\"Pra\u00e7as da Cultura leva arte e entretenimento para a Mooca em um fim de semana de celebra\u00e7\u00e3o - Instituto Global Attitude\" \/>\n<meta property=\"og:description\" content=\"Evento reuniu diversas atra\u00e7\u00f5es nos dias 22 e 23 de mar\u00e7o, com apresenta\u00e7\u00f5es musicais, teatro, circo e atividades interativas ao ar livre. Por Braiam Resende, IGA S\u00e3o Paulo \u2014 S\u00e3o Paulo 25\/03\/2025 11h10 Atualizado h\u00e1 30 minutos A Mooca, tradicional bairro da Zona Leste de S\u00e3o Paulo, recebeu mais uma edi\u00e7\u00e3o do Pra\u00e7as da Cultura [&hellip;]\" \/>\n<meta property=\"og:url\" content=\"https:\/\/globalattitude.org.br\/pracas-da-cultura-leva-arte-e-entretenimento-para-a-mooca-em-um-fim-de-semana-de-celebracao\/\" \/>\n<meta property=\"og:site_name\" content=\"Instituto Global Attitude\" \/>\n<meta property=\"article:publisher\" content=\"https:\/\/www.facebook.com\/global.attitude.org\/\" \/>\n<meta property=\"article:published_time\" content=\"2025-03-25T14:03:19+00:00\" \/>\n<meta property=\"article:modified_time\" content=\"2025-03-27T13:46:39+00:00\" \/>\n<meta property=\"og:image\" content=\"https:\/\/globalattitude.org.br\/wp-content\/uploads\/2025\/03\/IMG_9087-1024x683.jpg\" \/>\n<meta name=\"author\" content=\"comunicacao\" \/>\n<meta name=\"twitter:card\" content=\"summary_large_image\" \/>\n<meta name=\"twitter:creator\" content=\"@global_attitude\" \/>\n<meta name=\"twitter:site\" content=\"@global_attitude\" \/>\n<meta name=\"twitter:label1\" content=\"Written by\" \/>\n\t<meta name=\"twitter:data1\" content=\"comunicacao\" \/>\n\t<meta name=\"twitter:label2\" content=\"Est. reading time\" \/>\n\t<meta name=\"twitter:data2\" content=\"2 minutes\" \/>\n<script type=\"application\/ld+json\" class=\"yoast-schema-graph\">{\"@context\":\"https:\\\/\\\/schema.org\",\"@graph\":[{\"@type\":[\"Article\",\"BlogPosting\"],\"@id\":\"https:\\\/\\\/globalattitude.org.br\\\/pracas-da-cultura-leva-arte-e-entretenimento-para-a-mooca-em-um-fim-de-semana-de-celebracao\\\/#article\",\"isPartOf\":{\"@id\":\"https:\\\/\\\/globalattitude.org.br\\\/pracas-da-cultura-leva-arte-e-entretenimento-para-a-mooca-em-um-fim-de-semana-de-celebracao\\\/\"},\"author\":{\"name\":\"comunicacao\",\"@id\":\"https:\\\/\\\/globalattitude.org.br\\\/en\\\/#\\\/schema\\\/person\\\/d2d0edb26129b7407b05aa493af63725\"},\"headline\":\"Pra\u00e7as da Cultura leva arte e entretenimento para a Mooca em um fim de semana de celebra\u00e7\u00e3o\",\"datePublished\":\"2025-03-25T14:03:19+00:00\",\"dateModified\":\"2025-03-27T13:46:39+00:00\",\"mainEntityOfPage\":{\"@id\":\"https:\\\/\\\/globalattitude.org.br\\\/pracas-da-cultura-leva-arte-e-entretenimento-para-a-mooca-em-um-fim-de-semana-de-celebracao\\\/\"},\"wordCount\":388,\"commentCount\":0,\"publisher\":{\"@id\":\"https:\\\/\\\/globalattitude.org.br\\\/en\\\/#organization\"},\"keywords\":[\"Pra\u00e7as da Cultura leva arte e entretenimento para a Mooca em um fim de semana de celebra\u00e7\u00e3o\"],\"articleSection\":[\"Not\u00edcias\"],\"inLanguage\":\"en-US\",\"potentialAction\":[{\"@type\":\"CommentAction\",\"name\":\"Comment\",\"target\":[\"https:\\\/\\\/globalattitude.org.br\\\/pracas-da-cultura-leva-arte-e-entretenimento-para-a-mooca-em-um-fim-de-semana-de-celebracao\\\/#respond\"]}]},{\"@type\":\"WebPage\",\"@id\":\"https:\\\/\\\/globalattitude.org.br\\\/pracas-da-cultura-leva-arte-e-entretenimento-para-a-mooca-em-um-fim-de-semana-de-celebracao\\\/\",\"url\":\"https:\\\/\\\/globalattitude.org.br\\\/pracas-da-cultura-leva-arte-e-entretenimento-para-a-mooca-em-um-fim-de-semana-de-celebracao\\\/\",\"name\":\"Pra\u00e7as da Cultura leva arte e entretenimento para a Mooca em um fim de semana de celebra\u00e7\u00e3o - Instituto Global Attitude\",\"isPartOf\":{\"@id\":\"https:\\\/\\\/globalattitude.org.br\\\/en\\\/#website\"},\"datePublished\":\"2025-03-25T14:03:19+00:00\",\"dateModified\":\"2025-03-27T13:46:39+00:00\",\"breadcrumb\":{\"@id\":\"https:\\\/\\\/globalattitude.org.br\\\/pracas-da-cultura-leva-arte-e-entretenimento-para-a-mooca-em-um-fim-de-semana-de-celebracao\\\/#breadcrumb\"},\"inLanguage\":\"en-US\",\"potentialAction\":[{\"@type\":\"ReadAction\",\"target\":[\"https:\\\/\\\/globalattitude.org.br\\\/pracas-da-cultura-leva-arte-e-entretenimento-para-a-mooca-em-um-fim-de-semana-de-celebracao\\\/\"]}]},{\"@type\":\"BreadcrumbList\",\"@id\":\"https:\\\/\\\/globalattitude.org.br\\\/pracas-da-cultura-leva-arte-e-entretenimento-para-a-mooca-em-um-fim-de-semana-de-celebracao\\\/#breadcrumb\",\"itemListElement\":[{\"@type\":\"ListItem\",\"position\":1,\"name\":\"In\u00edcio\",\"item\":\"https:\\\/\\\/globalattitude.org.br\\\/en\\\/\"},{\"@type\":\"ListItem\",\"position\":2,\"name\":\"Pra\u00e7as da Cultura leva arte e entretenimento para a Mooca em um fim de semana de celebra\u00e7\u00e3o\"}]},{\"@type\":\"WebSite\",\"@id\":\"https:\\\/\\\/globalattitude.org.br\\\/en\\\/#website\",\"url\":\"https:\\\/\\\/globalattitude.org.br\\\/en\\\/\",\"name\":\"Instituto Global Attitude\",\"description\":\"\",\"publisher\":{\"@id\":\"https:\\\/\\\/globalattitude.org.br\\\/en\\\/#organization\"},\"potentialAction\":[{\"@type\":\"SearchAction\",\"target\":{\"@type\":\"EntryPoint\",\"urlTemplate\":\"https:\\\/\\\/globalattitude.org.br\\\/en\\\/?s={search_term_string}\"},\"query-input\":{\"@type\":\"PropertyValueSpecification\",\"valueRequired\":true,\"valueName\":\"search_term_string\"}}],\"inLanguage\":\"en-US\"},{\"@type\":\"Organization\",\"@id\":\"https:\\\/\\\/globalattitude.org.br\\\/en\\\/#organization\",\"name\":\"Instituto Global Attitude\",\"url\":\"https:\\\/\\\/globalattitude.org.br\\\/en\\\/\",\"logo\":{\"@type\":\"ImageObject\",\"inLanguage\":\"en-US\",\"@id\":\"https:\\\/\\\/globalattitude.org.br\\\/en\\\/#\\\/schema\\\/logo\\\/image\\\/\",\"url\":\"https:\\\/\\\/globalattitude.org.br\\\/wp-content\\\/uploads\\\/2023\\\/01\\\/instituto-global-attitude-color.png\",\"contentUrl\":\"https:\\\/\\\/globalattitude.org.br\\\/wp-content\\\/uploads\\\/2023\\\/01\\\/instituto-global-attitude-color.png\",\"width\":300,\"height\":131,\"caption\":\"Instituto Global Attitude\"},\"image\":{\"@id\":\"https:\\\/\\\/globalattitude.org.br\\\/en\\\/#\\\/schema\\\/logo\\\/image\\\/\"},\"sameAs\":[\"https:\\\/\\\/www.facebook.com\\\/global.attitude.org\\\/\",\"https:\\\/\\\/x.com\\\/global_attitude\",\"https:\\\/\\\/www.instagram.com\\\/globalattitude\",\"https:\\\/\\\/www.linkedin.com\\\/company\\\/global-attitude\\\/?viewAsMember=true\"]},{\"@type\":\"Person\",\"@id\":\"https:\\\/\\\/globalattitude.org.br\\\/en\\\/#\\\/schema\\\/person\\\/d2d0edb26129b7407b05aa493af63725\",\"name\":\"comunicacao\",\"image\":{\"@type\":\"ImageObject\",\"inLanguage\":\"en-US\",\"@id\":\"https:\\\/\\\/secure.gravatar.com\\\/avatar\\\/a25dbef6d352d1355e632d9629c19165ddb3e176cbcb21ee573e3d96d011d16b?s=96&d=mm&r=g\",\"url\":\"https:\\\/\\\/secure.gravatar.com\\\/avatar\\\/a25dbef6d352d1355e632d9629c19165ddb3e176cbcb21ee573e3d96d011d16b?s=96&d=mm&r=g\",\"contentUrl\":\"https:\\\/\\\/secure.gravatar.com\\\/avatar\\\/a25dbef6d352d1355e632d9629c19165ddb3e176cbcb21ee573e3d96d011d16b?s=96&d=mm&r=g\",\"caption\":\"comunicacao\"},\"url\":\"http:\\\/\\\/globalattitude.org.br\\\/en\\\/author\\\/comunicacao\\\/\"}]}<\/script>\n<!-- \/ Yoast SEO plugin. -->","yoast_head_json":{"title":"Pra\u00e7as da Cultura leva arte e entretenimento para a Mooca em um fim de semana de celebra\u00e7\u00e3o - Instituto Global Attitude","robots":{"index":"index","follow":"follow","max-snippet":"max-snippet:-1","max-image-preview":"max-image-preview:large","max-video-preview":"max-video-preview:-1"},"canonical":"https:\/\/globalattitude.org.br\/pracas-da-cultura-leva-arte-e-entretenimento-para-a-mooca-em-um-fim-de-semana-de-celebracao\/","og_locale":"en_US","og_type":"article","og_title":"Pra\u00e7as da Cultura leva arte e entretenimento para a Mooca em um fim de semana de celebra\u00e7\u00e3o - Instituto Global Attitude","og_description":"Evento reuniu diversas atra\u00e7\u00f5es nos dias 22 e 23 de mar\u00e7o, com apresenta\u00e7\u00f5es musicais, teatro, circo e atividades interativas ao ar livre. Por Braiam Resende, IGA S\u00e3o Paulo \u2014 S\u00e3o Paulo 25\/03\/2025 11h10 Atualizado h\u00e1 30 minutos A Mooca, tradicional bairro da Zona Leste de S\u00e3o Paulo, recebeu mais uma edi\u00e7\u00e3o do Pra\u00e7as da Cultura [&hellip;]","og_url":"https:\/\/globalattitude.org.br\/pracas-da-cultura-leva-arte-e-entretenimento-para-a-mooca-em-um-fim-de-semana-de-celebracao\/","og_site_name":"Instituto Global Attitude","article_publisher":"https:\/\/www.facebook.com\/global.attitude.org\/","article_published_time":"2025-03-25T14:03:19+00:00","article_modified_time":"2025-03-27T13:46:39+00:00","og_image":[{"url":"https:\/\/globalattitude.org.br\/wp-content\/uploads\/2025\/03\/IMG_9087-1024x683.jpg","type":"","width":"","height":""}],"author":"comunicacao","twitter_card":"summary_large_image","twitter_creator":"@global_attitude","twitter_site":"@global_attitude","twitter_misc":{"Written by":"comunicacao","Est. reading time":"2 minutes"},"schema":{"@context":"https:\/\/schema.org","@graph":[{"@type":["Article","BlogPosting"],"@id":"https:\/\/globalattitude.org.br\/pracas-da-cultura-leva-arte-e-entretenimento-para-a-mooca-em-um-fim-de-semana-de-celebracao\/#article","isPartOf":{"@id":"https:\/\/globalattitude.org.br\/pracas-da-cultura-leva-arte-e-entretenimento-para-a-mooca-em-um-fim-de-semana-de-celebracao\/"},"author":{"name":"comunicacao","@id":"https:\/\/globalattitude.org.br\/en\/#\/schema\/person\/d2d0edb26129b7407b05aa493af63725"},"headline":"Pra\u00e7as da Cultura leva arte e entretenimento para a Mooca em um fim de semana de celebra\u00e7\u00e3o","datePublished":"2025-03-25T14:03:19+00:00","dateModified":"2025-03-27T13:46:39+00:00","mainEntityOfPage":{"@id":"https:\/\/globalattitude.org.br\/pracas-da-cultura-leva-arte-e-entretenimento-para-a-mooca-em-um-fim-de-semana-de-celebracao\/"},"wordCount":388,"commentCount":0,"publisher":{"@id":"https:\/\/globalattitude.org.br\/en\/#organization"},"keywords":["Pra\u00e7as da Cultura leva arte e entretenimento para a Mooca em um fim de semana de celebra\u00e7\u00e3o"],"articleSection":["Not\u00edcias"],"inLanguage":"en-US","potentialAction":[{"@type":"CommentAction","name":"Comment","target":["https:\/\/globalattitude.org.br\/pracas-da-cultura-leva-arte-e-entretenimento-para-a-mooca-em-um-fim-de-semana-de-celebracao\/#respond"]}]},{"@type":"WebPage","@id":"https:\/\/globalattitude.org.br\/pracas-da-cultura-leva-arte-e-entretenimento-para-a-mooca-em-um-fim-de-semana-de-celebracao\/","url":"https:\/\/globalattitude.org.br\/pracas-da-cultura-leva-arte-e-entretenimento-para-a-mooca-em-um-fim-de-semana-de-celebracao\/","name":"Pra\u00e7as da Cultura leva arte e entretenimento para a Mooca em um fim de semana de celebra\u00e7\u00e3o - Instituto Global Attitude","isPartOf":{"@id":"https:\/\/globalattitude.org.br\/en\/#website"},"datePublished":"2025-03-25T14:03:19+00:00","dateModified":"2025-03-27T13:46:39+00:00","breadcrumb":{"@id":"https:\/\/globalattitude.org.br\/pracas-da-cultura-leva-arte-e-entretenimento-para-a-mooca-em-um-fim-de-semana-de-celebracao\/#breadcrumb"},"inLanguage":"en-US","potentialAction":[{"@type":"ReadAction","target":["https:\/\/globalattitude.org.br\/pracas-da-cultura-leva-arte-e-entretenimento-para-a-mooca-em-um-fim-de-semana-de-celebracao\/"]}]},{"@type":"BreadcrumbList","@id":"https:\/\/globalattitude.org.br\/pracas-da-cultura-leva-arte-e-entretenimento-para-a-mooca-em-um-fim-de-semana-de-celebracao\/#breadcrumb","itemListElement":[{"@type":"ListItem","position":1,"name":"In\u00edcio","item":"https:\/\/globalattitude.org.br\/en\/"},{"@type":"ListItem","position":2,"name":"Pra\u00e7as da Cultura leva arte e entretenimento para a Mooca em um fim de semana de celebra\u00e7\u00e3o"}]},{"@type":"WebSite","@id":"https:\/\/globalattitude.org.br\/en\/#website","url":"https:\/\/globalattitude.org.br\/en\/","name":"Instituto Global Attitude","description":"","publisher":{"@id":"https:\/\/globalattitude.org.br\/en\/#organization"},"potentialAction":[{"@type":"SearchAction","target":{"@type":"EntryPoint","urlTemplate":"https:\/\/globalattitude.org.br\/en\/?s={search_term_string}"},"query-input":{"@type":"PropertyValueSpecification","valueRequired":true,"valueName":"search_term_string"}}],"inLanguage":"en-US"},{"@type":"Organization","@id":"https:\/\/globalattitude.org.br\/en\/#organization","name":"Instituto Global Attitude","url":"https:\/\/globalattitude.org.br\/en\/","logo":{"@type":"ImageObject","inLanguage":"en-US","@id":"https:\/\/globalattitude.org.br\/en\/#\/schema\/logo\/image\/","url":"https:\/\/globalattitude.org.br\/wp-content\/uploads\/2023\/01\/instituto-global-attitude-color.png","contentUrl":"https:\/\/globalattitude.org.br\/wp-content\/uploads\/2023\/01\/instituto-global-attitude-color.png","width":300,"height":131,"caption":"Instituto Global Attitude"},"image":{"@id":"https:\/\/globalattitude.org.br\/en\/#\/schema\/logo\/image\/"},"sameAs":["https:\/\/www.facebook.com\/global.attitude.org\/","https:\/\/x.com\/global_attitude","https:\/\/www.instagram.com\/globalattitude","https:\/\/www.linkedin.com\/company\/global-attitude\/?viewAsMember=true"]},{"@type":"Person","@id":"https:\/\/globalattitude.org.br\/en\/#\/schema\/person\/d2d0edb26129b7407b05aa493af63725","name":"comunicacao","image":{"@type":"ImageObject","inLanguage":"en-US","@id":"https:\/\/secure.gravatar.com\/avatar\/a25dbef6d352d1355e632d9629c19165ddb3e176cbcb21ee573e3d96d011d16b?s=96&d=mm&r=g","url":"https:\/\/secure.gravatar.com\/avatar\/a25dbef6d352d1355e632d9629c19165ddb3e176cbcb21ee573e3d96d011d16b?s=96&d=mm&r=g","contentUrl":"https:\/\/secure.gravatar.com\/avatar\/a25dbef6d352d1355e632d9629c19165ddb3e176cbcb21ee573e3d96d011d16b?s=96&d=mm&r=g","caption":"comunicacao"},"url":"http:\/\/globalattitude.org.br\/en\/author\/comunicacao\/"}]}},"_links":{"self":[{"href":"http:\/\/globalattitude.org.br\/en\/wp-json\/wp\/v2\/posts\/12493","targetHints":{"allow":["GET"]}}],"collection":[{"href":"http:\/\/globalattitude.org.br\/en\/wp-json\/wp\/v2\/posts"}],"about":[{"href":"http:\/\/globalattitude.org.br\/en\/wp-json\/wp\/v2\/types\/post"}],"author":[{"embeddable":true,"href":"http:\/\/globalattitude.org.br\/en\/wp-json\/wp\/v2\/users\/4"}],"replies":[{"embeddable":true,"href":"http:\/\/globalattitude.org.br\/en\/wp-json\/wp\/v2\/comments?post=12493"}],"version-history":[{"count":4,"href":"http:\/\/globalattitude.org.br\/en\/wp-json\/wp\/v2\/posts\/12493\/revisions"}],"predecessor-version":[{"id":12624,"href":"http:\/\/globalattitude.org.br\/en\/wp-json\/wp\/v2\/posts\/12493\/revisions\/12624"}],"wp:attachment":[{"href":"http:\/\/globalattitude.org.br\/en\/wp-json\/wp\/v2\/media?parent=12493"}],"wp:term":[{"taxonomy":"category","embeddable":true,"href":"http:\/\/globalattitude.org.br\/en\/wp-json\/wp\/v2\/categories?post=12493"},{"taxonomy":"post_tag","embeddable":true,"href":"http:\/\/globalattitude.org.br\/en\/wp-json\/wp\/v2\/tags?post=12493"}],"curies":[{"name":"wp","href":"https:\/\/api.w.org\/{rel}","templated":true}]}}