{"id":12881,"date":"2025-04-28T11:00:16","date_gmt":"2025-04-28T14:00:16","guid":{"rendered":"https:\/\/globalattitude.org.br\/?p=12881"},"modified":"2025-04-30T11:21:49","modified_gmt":"2025-04-30T14:21:49","slug":"pracas-da-cultura-movimenta-perus-e-anhanguera-com-dois-dias-de-atracoes-gratuitas","status":"publish","type":"post","link":"http:\/\/globalattitude.org.br\/en\/pracas-da-cultura-movimenta-perus-e-anhanguera-com-dois-dias-de-atracoes-gratuitas\/","title":{"rendered":"Pra\u00e7as da Cultura movimenta Perus e Anhanguera com dois dias de atra\u00e7\u00f5es gratuitas"},"content":{"rendered":"<p>Evento levou m\u00fasica, dan\u00e7a, teatro e oficinas para centenas de moradores nos dias 26 e 27 de maio.<\/p>\n<p>Por Braiam Resende, IGA S\u00e3o Paulo \u2014 S\u00e3o Paulo 2\/04\/2025 11h00 Atualizado h\u00e1 30 minutos<\/p>\n<p class=\"\" data-start=\"354\" data-end=\"754\">As regi\u00f5es de Perus e Anhanguera, na Zona Noroeste da capital paulista, foram palco de mais uma edi\u00e7\u00e3o do programa Pra\u00e7as da Cultura no \u00faltimo fim de semana, dias 26 e 27 de maio. Com uma programa\u00e7\u00e3o totalmente gratuita, o evento levou 36 atra\u00e7\u00f5es art\u00edsticas \u00e0s pra\u00e7as p\u00fablicas, reunindo fam\u00edlias, jovens e crian\u00e7as em torno de m\u00fasica, dan\u00e7a, teatro e atividades culturais diversas.<\/p>\n<p class=\"\" data-start=\"756\" data-end=\"1193\">A a\u00e7\u00e3o faz parte do calend\u00e1rio 2025 do projeto, que tem como objetivo democratizar o acesso \u00e0 cultura e valorizar os espa\u00e7os p\u00fablicos como pontos de encontro e conviv\u00eancia. Durante os dois dias de evento, o p\u00fablico p\u00f4de acompanhar apresenta\u00e7\u00f5es de grupos musicais, espet\u00e1culos de teatro de rua, batalhas de rima, shows de DJs e n\u00fameros circenses, al\u00e9m de participar de oficinas de artes visuais, dan\u00e7a e m\u00fasica.<\/p>\n<p class=\"\" data-start=\"1195\" data-end=\"1516\">Com forte presen\u00e7a de artistas locais, a edi\u00e7\u00e3o em Perus e Anhanguera apostou em uma programa\u00e7\u00e3o plural, que transitou entre diferentes ritmos e linguagens art\u00edsticas. Os shows de samba e rap, as performances de dan\u00e7as urbanas e as interven\u00e7\u00f5es de arte urbana transformaram as pra\u00e7as em verdadeiros palcos a c\u00e9u aberto.<\/p>\n<p class=\"\" data-start=\"1518\" data-end=\"1719\">As atividades voltadas para o p\u00fablico infantil tamb\u00e9m tiveram grande destaque, com espet\u00e1culos de teatro para crian\u00e7as, sess\u00f5es de conta\u00e7\u00e3o de hist\u00f3rias, brincadeiras e oficinas de cria\u00e7\u00e3o art\u00edstica.<\/p>\n<p class=\"\" data-start=\"1721\" data-end=\"1926\">De acordo com a organiza\u00e7\u00e3o do evento, o objetivo \u00e9 n\u00e3o apenas oferecer lazer gratuito, mas tamb\u00e9m fortalecer os la\u00e7os comunit\u00e1rios e incentivar a participa\u00e7\u00e3o popular nas atividades culturais da cidade.<\/p>\n<p class=\"\" data-start=\"1928\" data-end=\"2195\">O Pra\u00e7as da Cultura segue com novas edi\u00e7\u00f5es programadas para outros bairros ao longo do ano. A cada etapa, o projeto reafirma seu compromisso de levar cultura de qualidade para todas as regi\u00f5es da cidade, ocupando os espa\u00e7os p\u00fablicos com vida, arte e cidadania.<\/p>\n<h2 data-start=\"2049\" data-end=\"2184\">+ conte\u00fados:\u00a0\u00a0assista \u00e0 \u00edntegra da cobertura do evento<\/h2>\n<p><iframe title=\"YouTube video player\" src=\"https:\/\/www.youtube.com\/embed\/MNuRTq3Tq50?si=5aLJGjDWqh1alNBq\" width=\"560\" height=\"315\" frameborder=\"0\" allowfullscreen=\"allowfullscreen\"><\/iframe><\/p>\n<h2 data-start=\"2049\" data-end=\"2184\">+ conte\u00fados: veja a galeria de fotos<\/h2>\n\n\t\t<style type=\"text\/css\">\n\t\t\t#gallery-1 {\n\t\t\t\tmargin: auto;\n\t\t\t}\n\t\t\t#gallery-1 .gallery-item {\n\t\t\t\tfloat: left;\n\t\t\t\tmargin-top: 10px;\n\t\t\t\ttext-align: center;\n\t\t\t\twidth: 33%;\n\t\t\t}\n\t\t\t#gallery-1 img {\n\t\t\t\tborder: 2px solid #cfcfcf;\n\t\t\t}\n\t\t\t#gallery-1 .gallery-caption {\n\t\t\t\tmargin-left: 0;\n\t\t\t}\n\t\t\t\/* see gallery_shortcode() in wp-includes\/media.php *\/\n\t\t<\/style>\n\t\t<div id='gallery-1' class='gallery galleryid-12881 gallery-columns-3 gallery-size-large'><dl class='gallery-item'>\n\t\t\t<dt class='gallery-icon landscape'>\n\t\t\t\t<a href='http:\/\/globalattitude.org.br\/en\/img_2872-2\/'><img fetchpriority=\"high\" decoding=\"async\" width=\"1024\" height=\"768\" src=\"http:\/\/globalattitude.org.br\/wp-content\/uploads\/2025\/04\/IMG_2872-1024x768.jpg\" class=\"attachment-large size-large\" alt=\"\" srcset=\"http:\/\/globalattitude.org.br\/wp-content\/uploads\/2025\/04\/IMG_2872-1024x768.jpg 1024w, http:\/\/globalattitude.org.br\/wp-content\/uploads\/2025\/04\/IMG_2872-300x225.jpg 300w, http:\/\/globalattitude.org.br\/wp-content\/uploads\/2025\/04\/IMG_2872-768x576.jpg 768w, http:\/\/globalattitude.org.br\/wp-content\/uploads\/2025\/04\/IMG_2872-1536x1152.jpg 1536w, http:\/\/globalattitude.org.br\/wp-content\/uploads\/2025\/04\/IMG_2872-2048x1536.jpg 2048w, http:\/\/globalattitude.org.br\/wp-content\/uploads\/2025\/04\/IMG_2872-180x135.jpg 180w, http:\/\/globalattitude.org.br\/wp-content\/uploads\/2025\/04\/IMG_2872-240x180.jpg 240w, http:\/\/globalattitude.org.br\/wp-content\/uploads\/2025\/04\/IMG_2872-1200x900.jpg 1200w\" sizes=\"(max-width: 1024px) 100vw, 1024px\" \/><\/a>\n\t\t\t<\/dt><\/dl><dl class='gallery-item'>\n\t\t\t<dt class='gallery-icon landscape'>\n\t\t\t\t<a href='http:\/\/globalattitude.org.br\/en\/img_2874-2\/'><img decoding=\"async\" width=\"1024\" height=\"768\" src=\"http:\/\/globalattitude.org.br\/wp-content\/uploads\/2025\/04\/IMG_2874-1024x768.jpg\" class=\"attachment-large size-large\" alt=\"\" srcset=\"http:\/\/globalattitude.org.br\/wp-content\/uploads\/2025\/04\/IMG_2874-1024x768.jpg 1024w, http:\/\/globalattitude.org.br\/wp-content\/uploads\/2025\/04\/IMG_2874-300x225.jpg 300w, http:\/\/globalattitude.org.br\/wp-content\/uploads\/2025\/04\/IMG_2874-768x576.jpg 768w, http:\/\/globalattitude.org.br\/wp-content\/uploads\/2025\/04\/IMG_2874-1536x1152.jpg 1536w, http:\/\/globalattitude.org.br\/wp-content\/uploads\/2025\/04\/IMG_2874-2048x1536.jpg 2048w, http:\/\/globalattitude.org.br\/wp-content\/uploads\/2025\/04\/IMG_2874-180x135.jpg 180w, http:\/\/globalattitude.org.br\/wp-content\/uploads\/2025\/04\/IMG_2874-240x180.jpg 240w, http:\/\/globalattitude.org.br\/wp-content\/uploads\/2025\/04\/IMG_2874-1200x900.jpg 1200w\" sizes=\"(max-width: 1024px) 100vw, 1024px\" \/><\/a>\n\t\t\t<\/dt><\/dl><dl class='gallery-item'>\n\t\t\t<dt class='gallery-icon landscape'>\n\t\t\t\t<a href='http:\/\/globalattitude.org.br\/en\/img_2876-2\/'><img decoding=\"async\" width=\"1024\" height=\"768\" src=\"http:\/\/globalattitude.org.br\/wp-content\/uploads\/2025\/04\/IMG_2876-1024x768.jpg\" class=\"attachment-large size-large\" alt=\"\" srcset=\"http:\/\/globalattitude.org.br\/wp-content\/uploads\/2025\/04\/IMG_2876-1024x768.jpg 1024w, http:\/\/globalattitude.org.br\/wp-content\/uploads\/2025\/04\/IMG_2876-300x225.jpg 300w, http:\/\/globalattitude.org.br\/wp-content\/uploads\/2025\/04\/IMG_2876-768x576.jpg 768w, http:\/\/globalattitude.org.br\/wp-content\/uploads\/2025\/04\/IMG_2876-1536x1152.jpg 1536w, http:\/\/globalattitude.org.br\/wp-content\/uploads\/2025\/04\/IMG_2876-2048x1536.jpg 2048w, http:\/\/globalattitude.org.br\/wp-content\/uploads\/2025\/04\/IMG_2876-180x135.jpg 180w, http:\/\/globalattitude.org.br\/wp-content\/uploads\/2025\/04\/IMG_2876-240x180.jpg 240w, http:\/\/globalattitude.org.br\/wp-content\/uploads\/2025\/04\/IMG_2876-1200x900.jpg 1200w\" sizes=\"(max-width: 1024px) 100vw, 1024px\" \/><\/a>\n\t\t\t<\/dt><\/dl><br style=\"clear: both\" \/><dl class='gallery-item'>\n\t\t\t<dt class='gallery-icon landscape'>\n\t\t\t\t<a href='http:\/\/globalattitude.org.br\/en\/img_2830-2\/'><img loading=\"lazy\" decoding=\"async\" width=\"1024\" height=\"768\" src=\"http:\/\/globalattitude.org.br\/wp-content\/uploads\/2025\/04\/IMG_2830-1024x768.jpg\" class=\"attachment-large size-large\" alt=\"\" srcset=\"http:\/\/globalattitude.org.br\/wp-content\/uploads\/2025\/04\/IMG_2830-1024x768.jpg 1024w, http:\/\/globalattitude.org.br\/wp-content\/uploads\/2025\/04\/IMG_2830-300x225.jpg 300w, http:\/\/globalattitude.org.br\/wp-content\/uploads\/2025\/04\/IMG_2830-768x576.jpg 768w, http:\/\/globalattitude.org.br\/wp-content\/uploads\/2025\/04\/IMG_2830-1536x1152.jpg 1536w, http:\/\/globalattitude.org.br\/wp-content\/uploads\/2025\/04\/IMG_2830-2048x1536.jpg 2048w, http:\/\/globalattitude.org.br\/wp-content\/uploads\/2025\/04\/IMG_2830-180x135.jpg 180w, http:\/\/globalattitude.org.br\/wp-content\/uploads\/2025\/04\/IMG_2830-240x180.jpg 240w, http:\/\/globalattitude.org.br\/wp-content\/uploads\/2025\/04\/IMG_2830-1200x900.jpg 1200w\" sizes=\"(max-width: 1024px) 100vw, 1024px\" \/><\/a>\n\t\t\t<\/dt><\/dl><dl class='gallery-item'>\n\t\t\t<dt class='gallery-icon portrait'>\n\t\t\t\t<a href='http:\/\/globalattitude.org.br\/en\/img_2845-2\/'><img loading=\"lazy\" decoding=\"async\" width=\"768\" height=\"1024\" src=\"http:\/\/globalattitude.org.br\/wp-content\/uploads\/2025\/04\/IMG_2845-768x1024.jpg\" class=\"attachment-large size-large\" alt=\"\" srcset=\"http:\/\/globalattitude.org.br\/wp-content\/uploads\/2025\/04\/IMG_2845-768x1024.jpg 768w, http:\/\/globalattitude.org.br\/wp-content\/uploads\/2025\/04\/IMG_2845-225x300.jpg 225w, http:\/\/globalattitude.org.br\/wp-content\/uploads\/2025\/04\/IMG_2845-1152x1536.jpg 1152w, http:\/\/globalattitude.org.br\/wp-content\/uploads\/2025\/04\/IMG_2845-1536x2048.jpg 1536w, http:\/\/globalattitude.org.br\/wp-content\/uploads\/2025\/04\/IMG_2845-135x180.jpg 135w, http:\/\/globalattitude.org.br\/wp-content\/uploads\/2025\/04\/IMG_2845-900x1200.jpg 900w, http:\/\/globalattitude.org.br\/wp-content\/uploads\/2025\/04\/IMG_2845-scaled.jpg 1920w\" sizes=\"(max-width: 768px) 100vw, 768px\" \/><\/a>\n\t\t\t<\/dt><\/dl><dl class='gallery-item'>\n\t\t\t<dt class='gallery-icon portrait'>\n\t\t\t\t<a href='http:\/\/globalattitude.org.br\/en\/img_2863-2\/'><img loading=\"lazy\" decoding=\"async\" width=\"768\" height=\"1024\" src=\"http:\/\/globalattitude.org.br\/wp-content\/uploads\/2025\/04\/IMG_2863-768x1024.jpg\" class=\"attachment-large size-large\" alt=\"\" srcset=\"http:\/\/globalattitude.org.br\/wp-content\/uploads\/2025\/04\/IMG_2863-768x1024.jpg 768w, http:\/\/globalattitude.org.br\/wp-content\/uploads\/2025\/04\/IMG_2863-225x300.jpg 225w, http:\/\/globalattitude.org.br\/wp-content\/uploads\/2025\/04\/IMG_2863-1152x1536.jpg 1152w, http:\/\/globalattitude.org.br\/wp-content\/uploads\/2025\/04\/IMG_2863-1536x2048.jpg 1536w, http:\/\/globalattitude.org.br\/wp-content\/uploads\/2025\/04\/IMG_2863-135x180.jpg 135w, http:\/\/globalattitude.org.br\/wp-content\/uploads\/2025\/04\/IMG_2863-900x1200.jpg 900w, http:\/\/globalattitude.org.br\/wp-content\/uploads\/2025\/04\/IMG_2863-scaled.jpg 1920w\" sizes=\"(max-width: 768px) 100vw, 768px\" \/><\/a>\n\t\t\t<\/dt><\/dl><br style=\"clear: both\" \/><dl class='gallery-item'>\n\t\t\t<dt class='gallery-icon portrait'>\n\t\t\t\t<a href='http:\/\/globalattitude.org.br\/en\/img_2902-2\/'><img loading=\"lazy\" decoding=\"async\" width=\"768\" height=\"1024\" src=\"http:\/\/globalattitude.org.br\/wp-content\/uploads\/2025\/04\/IMG_2902-768x1024.jpg\" class=\"attachment-large size-large\" alt=\"\" srcset=\"http:\/\/globalattitude.org.br\/wp-content\/uploads\/2025\/04\/IMG_2902-768x1024.jpg 768w, http:\/\/globalattitude.org.br\/wp-content\/uploads\/2025\/04\/IMG_2902-225x300.jpg 225w, http:\/\/globalattitude.org.br\/wp-content\/uploads\/2025\/04\/IMG_2902-1152x1536.jpg 1152w, http:\/\/globalattitude.org.br\/wp-content\/uploads\/2025\/04\/IMG_2902-1536x2048.jpg 1536w, http:\/\/globalattitude.org.br\/wp-content\/uploads\/2025\/04\/IMG_2902-135x180.jpg 135w, http:\/\/globalattitude.org.br\/wp-content\/uploads\/2025\/04\/IMG_2902-900x1200.jpg 900w, http:\/\/globalattitude.org.br\/wp-content\/uploads\/2025\/04\/IMG_2902-scaled.jpg 1920w\" sizes=\"(max-width: 768px) 100vw, 768px\" \/><\/a>\n\t\t\t<\/dt><\/dl><dl class='gallery-item'>\n\t\t\t<dt class='gallery-icon portrait'>\n\t\t\t\t<a href='http:\/\/globalattitude.org.br\/en\/img_2914-2\/'><img loading=\"lazy\" decoding=\"async\" width=\"768\" height=\"1024\" src=\"http:\/\/globalattitude.org.br\/wp-content\/uploads\/2025\/04\/IMG_2914-768x1024.jpg\" class=\"attachment-large size-large\" alt=\"\" srcset=\"http:\/\/globalattitude.org.br\/wp-content\/uploads\/2025\/04\/IMG_2914-768x1024.jpg 768w, http:\/\/globalattitude.org.br\/wp-content\/uploads\/2025\/04\/IMG_2914-225x300.jpg 225w, http:\/\/globalattitude.org.br\/wp-content\/uploads\/2025\/04\/IMG_2914-1152x1536.jpg 1152w, http:\/\/globalattitude.org.br\/wp-content\/uploads\/2025\/04\/IMG_2914-1536x2048.jpg 1536w, http:\/\/globalattitude.org.br\/wp-content\/uploads\/2025\/04\/IMG_2914-135x180.jpg 135w, http:\/\/globalattitude.org.br\/wp-content\/uploads\/2025\/04\/IMG_2914-900x1200.jpg 900w, http:\/\/globalattitude.org.br\/wp-content\/uploads\/2025\/04\/IMG_2914-scaled.jpg 1920w\" sizes=\"(max-width: 768px) 100vw, 768px\" \/><\/a>\n\t\t\t<\/dt><\/dl><dl class='gallery-item'>\n\t\t\t<dt class='gallery-icon portrait'>\n\t\t\t\t<a href='http:\/\/globalattitude.org.br\/en\/img_2936-2\/'><img loading=\"lazy\" decoding=\"async\" width=\"768\" height=\"1024\" src=\"http:\/\/globalattitude.org.br\/wp-content\/uploads\/2025\/04\/IMG_2936-768x1024.jpg\" class=\"attachment-large size-large\" alt=\"\" srcset=\"http:\/\/globalattitude.org.br\/wp-content\/uploads\/2025\/04\/IMG_2936-768x1024.jpg 768w, http:\/\/globalattitude.org.br\/wp-content\/uploads\/2025\/04\/IMG_2936-225x300.jpg 225w, http:\/\/globalattitude.org.br\/wp-content\/uploads\/2025\/04\/IMG_2936-1152x1536.jpg 1152w, http:\/\/globalattitude.org.br\/wp-content\/uploads\/2025\/04\/IMG_2936-1536x2048.jpg 1536w, http:\/\/globalattitude.org.br\/wp-content\/uploads\/2025\/04\/IMG_2936-135x180.jpg 135w, http:\/\/globalattitude.org.br\/wp-content\/uploads\/2025\/04\/IMG_2936-900x1200.jpg 900w, http:\/\/globalattitude.org.br\/wp-content\/uploads\/2025\/04\/IMG_2936-scaled.jpg 1920w\" sizes=\"(max-width: 768px) 100vw, 768px\" \/><\/a>\n\t\t\t<\/dt><\/dl><br style=\"clear: both\" \/><dl class='gallery-item'>\n\t\t\t<dt class='gallery-icon portrait'>\n\t\t\t\t<a href='http:\/\/globalattitude.org.br\/en\/img_2964-2\/'><img loading=\"lazy\" decoding=\"async\" width=\"768\" height=\"1024\" src=\"http:\/\/globalattitude.org.br\/wp-content\/uploads\/2025\/04\/IMG_2964-768x1024.jpg\" class=\"attachment-large size-large\" alt=\"\" srcset=\"http:\/\/globalattitude.org.br\/wp-content\/uploads\/2025\/04\/IMG_2964-768x1024.jpg 768w, http:\/\/globalattitude.org.br\/wp-content\/uploads\/2025\/04\/IMG_2964-225x300.jpg 225w, http:\/\/globalattitude.org.br\/wp-content\/uploads\/2025\/04\/IMG_2964-1152x1536.jpg 1152w, http:\/\/globalattitude.org.br\/wp-content\/uploads\/2025\/04\/IMG_2964-1536x2048.jpg 1536w, http:\/\/globalattitude.org.br\/wp-content\/uploads\/2025\/04\/IMG_2964-135x180.jpg 135w, http:\/\/globalattitude.org.br\/wp-content\/uploads\/2025\/04\/IMG_2964-900x1200.jpg 900w, http:\/\/globalattitude.org.br\/wp-content\/uploads\/2025\/04\/IMG_2964-scaled.jpg 1920w\" sizes=\"(max-width: 768px) 100vw, 768px\" \/><\/a>\n\t\t\t<\/dt><\/dl><dl class='gallery-item'>\n\t\t\t<dt class='gallery-icon portrait'>\n\t\t\t\t<a href='http:\/\/globalattitude.org.br\/en\/img_2976-2\/'><img loading=\"lazy\" decoding=\"async\" width=\"768\" height=\"1024\" src=\"http:\/\/globalattitude.org.br\/wp-content\/uploads\/2025\/04\/IMG_2976-768x1024.jpg\" class=\"attachment-large size-large\" alt=\"\" srcset=\"http:\/\/globalattitude.org.br\/wp-content\/uploads\/2025\/04\/IMG_2976-768x1024.jpg 768w, http:\/\/globalattitude.org.br\/wp-content\/uploads\/2025\/04\/IMG_2976-225x300.jpg 225w, http:\/\/globalattitude.org.br\/wp-content\/uploads\/2025\/04\/IMG_2976-1152x1536.jpg 1152w, http:\/\/globalattitude.org.br\/wp-content\/uploads\/2025\/04\/IMG_2976-1536x2048.jpg 1536w, http:\/\/globalattitude.org.br\/wp-content\/uploads\/2025\/04\/IMG_2976-135x180.jpg 135w, http:\/\/globalattitude.org.br\/wp-content\/uploads\/2025\/04\/IMG_2976-900x1200.jpg 900w, http:\/\/globalattitude.org.br\/wp-content\/uploads\/2025\/04\/IMG_2976-scaled.jpg 1920w\" sizes=\"(max-width: 768px) 100vw, 768px\" \/><\/a>\n\t\t\t<\/dt><\/dl><dl class='gallery-item'>\n\t\t\t<dt class='gallery-icon portrait'>\n\t\t\t\t<a href='http:\/\/globalattitude.org.br\/en\/img_2984-2\/'><img loading=\"lazy\" decoding=\"async\" width=\"768\" height=\"1024\" src=\"http:\/\/globalattitude.org.br\/wp-content\/uploads\/2025\/04\/IMG_2984-768x1024.jpg\" class=\"attachment-large size-large\" alt=\"\" srcset=\"http:\/\/globalattitude.org.br\/wp-content\/uploads\/2025\/04\/IMG_2984-768x1024.jpg 768w, http:\/\/globalattitude.org.br\/wp-content\/uploads\/2025\/04\/IMG_2984-225x300.jpg 225w, http:\/\/globalattitude.org.br\/wp-content\/uploads\/2025\/04\/IMG_2984-1152x1536.jpg 1152w, http:\/\/globalattitude.org.br\/wp-content\/uploads\/2025\/04\/IMG_2984-1536x2048.jpg 1536w, http:\/\/globalattitude.org.br\/wp-content\/uploads\/2025\/04\/IMG_2984-135x180.jpg 135w, http:\/\/globalattitude.org.br\/wp-content\/uploads\/2025\/04\/IMG_2984-900x1200.jpg 900w, http:\/\/globalattitude.org.br\/wp-content\/uploads\/2025\/04\/IMG_2984-scaled.jpg 1920w\" sizes=\"(max-width: 768px) 100vw, 768px\" \/><\/a>\n\t\t\t<\/dt><\/dl><br style=\"clear: both\" \/><dl class='gallery-item'>\n\t\t\t<dt class='gallery-icon portrait'>\n\t\t\t\t<a href='http:\/\/globalattitude.org.br\/en\/img_2765-2\/'><img loading=\"lazy\" decoding=\"async\" width=\"768\" height=\"1024\" src=\"http:\/\/globalattitude.org.br\/wp-content\/uploads\/2025\/04\/IMG_2765-768x1024.jpg\" class=\"attachment-large size-large\" alt=\"\" srcset=\"http:\/\/globalattitude.org.br\/wp-content\/uploads\/2025\/04\/IMG_2765-768x1024.jpg 768w, http:\/\/globalattitude.org.br\/wp-content\/uploads\/2025\/04\/IMG_2765-225x300.jpg 225w, http:\/\/globalattitude.org.br\/wp-content\/uploads\/2025\/04\/IMG_2765-1152x1536.jpg 1152w, http:\/\/globalattitude.org.br\/wp-content\/uploads\/2025\/04\/IMG_2765-1536x2048.jpg 1536w, http:\/\/globalattitude.org.br\/wp-content\/uploads\/2025\/04\/IMG_2765-135x180.jpg 135w, http:\/\/globalattitude.org.br\/wp-content\/uploads\/2025\/04\/IMG_2765-900x1200.jpg 900w, http:\/\/globalattitude.org.br\/wp-content\/uploads\/2025\/04\/IMG_2765-scaled.jpg 1920w\" sizes=\"(max-width: 768px) 100vw, 768px\" \/><\/a>\n\t\t\t<\/dt><\/dl><dl class='gallery-item'>\n\t\t\t<dt class='gallery-icon portrait'>\n\t\t\t\t<a href='http:\/\/globalattitude.org.br\/en\/img_2772-2-2\/'><img loading=\"lazy\" decoding=\"async\" width=\"768\" height=\"1024\" src=\"http:\/\/globalattitude.org.br\/wp-content\/uploads\/2025\/04\/IMG_2772-768x1024.jpg\" class=\"attachment-large size-large\" alt=\"\" srcset=\"http:\/\/globalattitude.org.br\/wp-content\/uploads\/2025\/04\/IMG_2772-768x1024.jpg 768w, http:\/\/globalattitude.org.br\/wp-content\/uploads\/2025\/04\/IMG_2772-225x300.jpg 225w, http:\/\/globalattitude.org.br\/wp-content\/uploads\/2025\/04\/IMG_2772-1152x1536.jpg 1152w, http:\/\/globalattitude.org.br\/wp-content\/uploads\/2025\/04\/IMG_2772-1536x2048.jpg 1536w, http:\/\/globalattitude.org.br\/wp-content\/uploads\/2025\/04\/IMG_2772-135x180.jpg 135w, http:\/\/globalattitude.org.br\/wp-content\/uploads\/2025\/04\/IMG_2772-900x1200.jpg 900w, http:\/\/globalattitude.org.br\/wp-content\/uploads\/2025\/04\/IMG_2772-scaled.jpg 1920w\" sizes=\"(max-width: 768px) 100vw, 768px\" \/><\/a>\n\t\t\t<\/dt><\/dl><dl class='gallery-item'>\n\t\t\t<dt class='gallery-icon portrait'>\n\t\t\t\t<a href='http:\/\/globalattitude.org.br\/en\/img_2776-2\/'><img loading=\"lazy\" decoding=\"async\" width=\"768\" height=\"1024\" src=\"http:\/\/globalattitude.org.br\/wp-content\/uploads\/2025\/04\/IMG_2776-768x1024.jpg\" class=\"attachment-large size-large\" alt=\"\" srcset=\"http:\/\/globalattitude.org.br\/wp-content\/uploads\/2025\/04\/IMG_2776-768x1024.jpg 768w, http:\/\/globalattitude.org.br\/wp-content\/uploads\/2025\/04\/IMG_2776-225x300.jpg 225w, http:\/\/globalattitude.org.br\/wp-content\/uploads\/2025\/04\/IMG_2776-1152x1536.jpg 1152w, http:\/\/globalattitude.org.br\/wp-content\/uploads\/2025\/04\/IMG_2776-1536x2048.jpg 1536w, http:\/\/globalattitude.org.br\/wp-content\/uploads\/2025\/04\/IMG_2776-135x180.jpg 135w, http:\/\/globalattitude.org.br\/wp-content\/uploads\/2025\/04\/IMG_2776-900x1200.jpg 900w, http:\/\/globalattitude.org.br\/wp-content\/uploads\/2025\/04\/IMG_2776-scaled.jpg 1920w\" sizes=\"(max-width: 768px) 100vw, 768px\" \/><\/a>\n\t\t\t<\/dt><\/dl><br style=\"clear: both\" \/><dl class='gallery-item'>\n\t\t\t<dt class='gallery-icon portrait'>\n\t\t\t\t<a href='http:\/\/globalattitude.org.br\/en\/img_2784-2\/'><img loading=\"lazy\" decoding=\"async\" width=\"768\" height=\"1024\" src=\"http:\/\/globalattitude.org.br\/wp-content\/uploads\/2025\/04\/IMG_2784-768x1024.jpg\" class=\"attachment-large size-large\" alt=\"\" srcset=\"http:\/\/globalattitude.org.br\/wp-content\/uploads\/2025\/04\/IMG_2784-768x1024.jpg 768w, http:\/\/globalattitude.org.br\/wp-content\/uploads\/2025\/04\/IMG_2784-225x300.jpg 225w, http:\/\/globalattitude.org.br\/wp-content\/uploads\/2025\/04\/IMG_2784-1152x1536.jpg 1152w, http:\/\/globalattitude.org.br\/wp-content\/uploads\/2025\/04\/IMG_2784-1536x2048.jpg 1536w, http:\/\/globalattitude.org.br\/wp-content\/uploads\/2025\/04\/IMG_2784-135x180.jpg 135w, http:\/\/globalattitude.org.br\/wp-content\/uploads\/2025\/04\/IMG_2784-900x1200.jpg 900w, http:\/\/globalattitude.org.br\/wp-content\/uploads\/2025\/04\/IMG_2784-scaled.jpg 1920w\" sizes=\"(max-width: 768px) 100vw, 768px\" \/><\/a>\n\t\t\t<\/dt><\/dl><dl class='gallery-item'>\n\t\t\t<dt class='gallery-icon portrait'>\n\t\t\t\t<a href='http:\/\/globalattitude.org.br\/en\/img_2789-2\/'><img loading=\"lazy\" decoding=\"async\" width=\"768\" height=\"1024\" src=\"http:\/\/globalattitude.org.br\/wp-content\/uploads\/2025\/04\/IMG_2789-768x1024.jpg\" class=\"attachment-large size-large\" alt=\"\" srcset=\"http:\/\/globalattitude.org.br\/wp-content\/uploads\/2025\/04\/IMG_2789-768x1024.jpg 768w, http:\/\/globalattitude.org.br\/wp-content\/uploads\/2025\/04\/IMG_2789-225x300.jpg 225w, http:\/\/globalattitude.org.br\/wp-content\/uploads\/2025\/04\/IMG_2789-1152x1536.jpg 1152w, http:\/\/globalattitude.org.br\/wp-content\/uploads\/2025\/04\/IMG_2789-1536x2048.jpg 1536w, http:\/\/globalattitude.org.br\/wp-content\/uploads\/2025\/04\/IMG_2789-135x180.jpg 135w, http:\/\/globalattitude.org.br\/wp-content\/uploads\/2025\/04\/IMG_2789-900x1200.jpg 900w, http:\/\/globalattitude.org.br\/wp-content\/uploads\/2025\/04\/IMG_2789-scaled.jpg 1920w\" sizes=\"(max-width: 768px) 100vw, 768px\" \/><\/a>\n\t\t\t<\/dt><\/dl><dl class='gallery-item'>\n\t\t\t<dt class='gallery-icon portrait'>\n\t\t\t\t<a href='http:\/\/globalattitude.org.br\/en\/img_2817-2\/'><img loading=\"lazy\" decoding=\"async\" width=\"768\" height=\"1024\" src=\"http:\/\/globalattitude.org.br\/wp-content\/uploads\/2025\/04\/IMG_2817-768x1024.jpg\" class=\"attachment-large size-large\" alt=\"\" srcset=\"http:\/\/globalattitude.org.br\/wp-content\/uploads\/2025\/04\/IMG_2817-768x1024.jpg 768w, http:\/\/globalattitude.org.br\/wp-content\/uploads\/2025\/04\/IMG_2817-225x300.jpg 225w, http:\/\/globalattitude.org.br\/wp-content\/uploads\/2025\/04\/IMG_2817-1152x1536.jpg 1152w, http:\/\/globalattitude.org.br\/wp-content\/uploads\/2025\/04\/IMG_2817-1536x2048.jpg 1536w, http:\/\/globalattitude.org.br\/wp-content\/uploads\/2025\/04\/IMG_2817-135x180.jpg 135w, http:\/\/globalattitude.org.br\/wp-content\/uploads\/2025\/04\/IMG_2817-900x1200.jpg 900w, http:\/\/globalattitude.org.br\/wp-content\/uploads\/2025\/04\/IMG_2817-scaled.jpg 1920w\" sizes=\"(max-width: 768px) 100vw, 768px\" \/><\/a>\n\t\t\t<\/dt><\/dl><br style=\"clear: both\" \/>\n\t\t<\/div>\n\n","protected":false},"excerpt":{"rendered":"<p>Evento levou m\u00fasica, dan\u00e7a, teatro e oficinas para centenas de moradores nos dias 26 e 27 de maio. Por Braiam Resende, IGA S\u00e3o Paulo \u2014 S\u00e3o Paulo 2\/04\/2025 11h00 Atualizado h\u00e1 30 minutos As regi\u00f5es de Perus e Anhanguera, na Zona Noroeste da capital paulista, foram palco de mais uma edi\u00e7\u00e3o do programa Pra\u00e7as da [&hellip;]<\/p>\n","protected":false},"author":4,"featured_media":0,"comment_status":"open","ping_status":"open","sticky":false,"template":"","format":"standard","meta":{"_acf_changed":false,"om_disable_all_campaigns":false,"_monsterinsights_skip_tracking":false,"_monsterinsights_sitenote_active":false,"_monsterinsights_sitenote_note":"","_monsterinsights_sitenote_category":0,"_uf_show_specific_survey":0,"_uf_disable_surveys":false,"footnotes":""},"categories":[360],"tags":[639],"class_list":["post-12881","post","type-post","status-publish","format-standard","hentry","category-noticias","tag-pracas-da-cultura-movimenta-perus-e-anhanguera-com-dois-dias-de-atracoes-gratuitas"],"acf":[],"aioseo_notices":[],"yoast_head":"<!-- This site is optimized with the Yoast SEO plugin v27.5 - https:\/\/yoast.com\/product\/yoast-seo-wordpress\/ -->\n<title>Pra\u00e7as da Cultura movimenta Perus e Anhanguera com dois dias de atra\u00e7\u00f5es gratuitas - Instituto Global Attitude<\/title>\n<meta name=\"robots\" content=\"index, follow, max-snippet:-1, max-image-preview:large, max-video-preview:-1\" \/>\n<link rel=\"canonical\" href=\"https:\/\/globalattitude.org.br\/pracas-da-cultura-movimenta-perus-e-anhanguera-com-dois-dias-de-atracoes-gratuitas\/\" \/>\n<meta property=\"og:locale\" content=\"en_US\" \/>\n<meta property=\"og:type\" content=\"article\" \/>\n<meta property=\"og:title\" content=\"Pra\u00e7as da Cultura movimenta Perus e Anhanguera com dois dias de atra\u00e7\u00f5es gratuitas - Instituto Global Attitude\" \/>\n<meta property=\"og:description\" content=\"Evento levou m\u00fasica, dan\u00e7a, teatro e oficinas para centenas de moradores nos dias 26 e 27 de maio. Por Braiam Resende, IGA S\u00e3o Paulo \u2014 S\u00e3o Paulo 2\/04\/2025 11h00 Atualizado h\u00e1 30 minutos As regi\u00f5es de Perus e Anhanguera, na Zona Noroeste da capital paulista, foram palco de mais uma edi\u00e7\u00e3o do programa Pra\u00e7as da [&hellip;]\" \/>\n<meta property=\"og:url\" content=\"https:\/\/globalattitude.org.br\/pracas-da-cultura-movimenta-perus-e-anhanguera-com-dois-dias-de-atracoes-gratuitas\/\" \/>\n<meta property=\"og:site_name\" content=\"Instituto Global Attitude\" \/>\n<meta property=\"article:publisher\" content=\"https:\/\/www.facebook.com\/global.attitude.org\/\" \/>\n<meta property=\"article:published_time\" content=\"2025-04-28T14:00:16+00:00\" \/>\n<meta property=\"article:modified_time\" content=\"2025-04-30T14:21:49+00:00\" \/>\n<meta property=\"og:image\" content=\"https:\/\/globalattitude.org.br\/wp-content\/uploads\/2025\/04\/IMG_2872-1024x768.jpg\" \/>\n<meta name=\"author\" content=\"comunicacao\" \/>\n<meta name=\"twitter:card\" content=\"summary_large_image\" \/>\n<meta name=\"twitter:creator\" content=\"@global_attitude\" \/>\n<meta name=\"twitter:site\" content=\"@global_attitude\" \/>\n<meta name=\"twitter:label1\" content=\"Written by\" \/>\n\t<meta name=\"twitter:data1\" content=\"comunicacao\" \/>\n\t<meta name=\"twitter:label2\" content=\"Est. reading time\" \/>\n\t<meta name=\"twitter:data2\" content=\"3 minutes\" \/>\n<script type=\"application\/ld+json\" class=\"yoast-schema-graph\">{\"@context\":\"https:\\\/\\\/schema.org\",\"@graph\":[{\"@type\":[\"Article\",\"BlogPosting\"],\"@id\":\"https:\\\/\\\/globalattitude.org.br\\\/pracas-da-cultura-movimenta-perus-e-anhanguera-com-dois-dias-de-atracoes-gratuitas\\\/#article\",\"isPartOf\":{\"@id\":\"https:\\\/\\\/globalattitude.org.br\\\/pracas-da-cultura-movimenta-perus-e-anhanguera-com-dois-dias-de-atracoes-gratuitas\\\/\"},\"author\":{\"name\":\"comunicacao\",\"@id\":\"http:\\\/\\\/globalattitude.org.br\\\/#\\\/schema\\\/person\\\/d2d0edb26129b7407b05aa493af63725\"},\"headline\":\"Pra\u00e7as da Cultura movimenta Perus e Anhanguera com dois dias de atra\u00e7\u00f5es gratuitas\",\"datePublished\":\"2025-04-28T14:00:16+00:00\",\"dateModified\":\"2025-04-30T14:21:49+00:00\",\"mainEntityOfPage\":{\"@id\":\"https:\\\/\\\/globalattitude.org.br\\\/pracas-da-cultura-movimenta-perus-e-anhanguera-com-dois-dias-de-atracoes-gratuitas\\\/\"},\"wordCount\":398,\"commentCount\":0,\"publisher\":{\"@id\":\"http:\\\/\\\/globalattitude.org.br\\\/#organization\"},\"keywords\":[\"Pra\u00e7as da Cultura movimenta Perus e Anhanguera com dois dias de atra\u00e7\u00f5es gratuitas\"],\"articleSection\":[\"Not\u00edcias\"],\"inLanguage\":\"en-US\",\"potentialAction\":[{\"@type\":\"CommentAction\",\"name\":\"Comment\",\"target\":[\"https:\\\/\\\/globalattitude.org.br\\\/pracas-da-cultura-movimenta-perus-e-anhanguera-com-dois-dias-de-atracoes-gratuitas\\\/#respond\"]}]},{\"@type\":\"WebPage\",\"@id\":\"https:\\\/\\\/globalattitude.org.br\\\/pracas-da-cultura-movimenta-perus-e-anhanguera-com-dois-dias-de-atracoes-gratuitas\\\/\",\"url\":\"https:\\\/\\\/globalattitude.org.br\\\/pracas-da-cultura-movimenta-perus-e-anhanguera-com-dois-dias-de-atracoes-gratuitas\\\/\",\"name\":\"Pra\u00e7as da Cultura movimenta Perus e Anhanguera com dois dias de atra\u00e7\u00f5es gratuitas - Instituto Global Attitude\",\"isPartOf\":{\"@id\":\"http:\\\/\\\/globalattitude.org.br\\\/#website\"},\"datePublished\":\"2025-04-28T14:00:16+00:00\",\"dateModified\":\"2025-04-30T14:21:49+00:00\",\"breadcrumb\":{\"@id\":\"https:\\\/\\\/globalattitude.org.br\\\/pracas-da-cultura-movimenta-perus-e-anhanguera-com-dois-dias-de-atracoes-gratuitas\\\/#breadcrumb\"},\"inLanguage\":\"en-US\",\"potentialAction\":[{\"@type\":\"ReadAction\",\"target\":[\"https:\\\/\\\/globalattitude.org.br\\\/pracas-da-cultura-movimenta-perus-e-anhanguera-com-dois-dias-de-atracoes-gratuitas\\\/\"]}]},{\"@type\":\"BreadcrumbList\",\"@id\":\"https:\\\/\\\/globalattitude.org.br\\\/pracas-da-cultura-movimenta-perus-e-anhanguera-com-dois-dias-de-atracoes-gratuitas\\\/#breadcrumb\",\"itemListElement\":[{\"@type\":\"ListItem\",\"position\":1,\"name\":\"In\u00edcio\",\"item\":\"https:\\\/\\\/globalattitude.org.br\\\/en\\\/\"},{\"@type\":\"ListItem\",\"position\":2,\"name\":\"Pra\u00e7as da Cultura movimenta Perus e Anhanguera com dois dias de atra\u00e7\u00f5es gratuitas\"}]},{\"@type\":\"WebSite\",\"@id\":\"http:\\\/\\\/globalattitude.org.br\\\/#website\",\"url\":\"http:\\\/\\\/globalattitude.org.br\\\/\",\"name\":\"Instituto Global Attitude\",\"description\":\"\",\"publisher\":{\"@id\":\"http:\\\/\\\/globalattitude.org.br\\\/#organization\"},\"potentialAction\":[{\"@type\":\"SearchAction\",\"target\":{\"@type\":\"EntryPoint\",\"urlTemplate\":\"http:\\\/\\\/globalattitude.org.br\\\/?s={search_term_string}\"},\"query-input\":{\"@type\":\"PropertyValueSpecification\",\"valueRequired\":true,\"valueName\":\"search_term_string\"}}],\"inLanguage\":\"en-US\"},{\"@type\":\"Organization\",\"@id\":\"http:\\\/\\\/globalattitude.org.br\\\/#organization\",\"name\":\"Instituto Global Attitude\",\"url\":\"http:\\\/\\\/globalattitude.org.br\\\/\",\"logo\":{\"@type\":\"ImageObject\",\"inLanguage\":\"en-US\",\"@id\":\"http:\\\/\\\/globalattitude.org.br\\\/#\\\/schema\\\/logo\\\/image\\\/\",\"url\":\"https:\\\/\\\/globalattitude.org.br\\\/wp-content\\\/uploads\\\/2023\\\/01\\\/instituto-global-attitude-color.png\",\"contentUrl\":\"https:\\\/\\\/globalattitude.org.br\\\/wp-content\\\/uploads\\\/2023\\\/01\\\/instituto-global-attitude-color.png\",\"width\":300,\"height\":131,\"caption\":\"Instituto Global Attitude\"},\"image\":{\"@id\":\"http:\\\/\\\/globalattitude.org.br\\\/#\\\/schema\\\/logo\\\/image\\\/\"},\"sameAs\":[\"https:\\\/\\\/www.facebook.com\\\/global.attitude.org\\\/\",\"https:\\\/\\\/x.com\\\/global_attitude\",\"https:\\\/\\\/www.instagram.com\\\/globalattitude\",\"https:\\\/\\\/www.linkedin.com\\\/company\\\/global-attitude\\\/?viewAsMember=true\"]},{\"@type\":\"Person\",\"@id\":\"http:\\\/\\\/globalattitude.org.br\\\/#\\\/schema\\\/person\\\/d2d0edb26129b7407b05aa493af63725\",\"name\":\"comunicacao\",\"image\":{\"@type\":\"ImageObject\",\"inLanguage\":\"en-US\",\"@id\":\"https:\\\/\\\/secure.gravatar.com\\\/avatar\\\/a25dbef6d352d1355e632d9629c19165ddb3e176cbcb21ee573e3d96d011d16b?s=96&d=mm&r=g\",\"url\":\"https:\\\/\\\/secure.gravatar.com\\\/avatar\\\/a25dbef6d352d1355e632d9629c19165ddb3e176cbcb21ee573e3d96d011d16b?s=96&d=mm&r=g\",\"contentUrl\":\"https:\\\/\\\/secure.gravatar.com\\\/avatar\\\/a25dbef6d352d1355e632d9629c19165ddb3e176cbcb21ee573e3d96d011d16b?s=96&d=mm&r=g\",\"caption\":\"comunicacao\"},\"url\":\"http:\\\/\\\/globalattitude.org.br\\\/en\\\/author\\\/comunicacao\\\/\"}]}<\/script>\n<!-- \/ Yoast SEO plugin. -->","yoast_head_json":{"title":"Pra\u00e7as da Cultura movimenta Perus e Anhanguera com dois dias de atra\u00e7\u00f5es gratuitas - Instituto Global Attitude","robots":{"index":"index","follow":"follow","max-snippet":"max-snippet:-1","max-image-preview":"max-image-preview:large","max-video-preview":"max-video-preview:-1"},"canonical":"https:\/\/globalattitude.org.br\/pracas-da-cultura-movimenta-perus-e-anhanguera-com-dois-dias-de-atracoes-gratuitas\/","og_locale":"en_US","og_type":"article","og_title":"Pra\u00e7as da Cultura movimenta Perus e Anhanguera com dois dias de atra\u00e7\u00f5es gratuitas - Instituto Global Attitude","og_description":"Evento levou m\u00fasica, dan\u00e7a, teatro e oficinas para centenas de moradores nos dias 26 e 27 de maio. Por Braiam Resende, IGA S\u00e3o Paulo \u2014 S\u00e3o Paulo 2\/04\/2025 11h00 Atualizado h\u00e1 30 minutos As regi\u00f5es de Perus e Anhanguera, na Zona Noroeste da capital paulista, foram palco de mais uma edi\u00e7\u00e3o do programa Pra\u00e7as da [&hellip;]","og_url":"https:\/\/globalattitude.org.br\/pracas-da-cultura-movimenta-perus-e-anhanguera-com-dois-dias-de-atracoes-gratuitas\/","og_site_name":"Instituto Global Attitude","article_publisher":"https:\/\/www.facebook.com\/global.attitude.org\/","article_published_time":"2025-04-28T14:00:16+00:00","article_modified_time":"2025-04-30T14:21:49+00:00","og_image":[{"url":"https:\/\/globalattitude.org.br\/wp-content\/uploads\/2025\/04\/IMG_2872-1024x768.jpg","type":"","width":"","height":""}],"author":"comunicacao","twitter_card":"summary_large_image","twitter_creator":"@global_attitude","twitter_site":"@global_attitude","twitter_misc":{"Written by":"comunicacao","Est. reading time":"3 minutes"},"schema":{"@context":"https:\/\/schema.org","@graph":[{"@type":["Article","BlogPosting"],"@id":"https:\/\/globalattitude.org.br\/pracas-da-cultura-movimenta-perus-e-anhanguera-com-dois-dias-de-atracoes-gratuitas\/#article","isPartOf":{"@id":"https:\/\/globalattitude.org.br\/pracas-da-cultura-movimenta-perus-e-anhanguera-com-dois-dias-de-atracoes-gratuitas\/"},"author":{"name":"comunicacao","@id":"http:\/\/globalattitude.org.br\/#\/schema\/person\/d2d0edb26129b7407b05aa493af63725"},"headline":"Pra\u00e7as da Cultura movimenta Perus e Anhanguera com dois dias de atra\u00e7\u00f5es gratuitas","datePublished":"2025-04-28T14:00:16+00:00","dateModified":"2025-04-30T14:21:49+00:00","mainEntityOfPage":{"@id":"https:\/\/globalattitude.org.br\/pracas-da-cultura-movimenta-perus-e-anhanguera-com-dois-dias-de-atracoes-gratuitas\/"},"wordCount":398,"commentCount":0,"publisher":{"@id":"http:\/\/globalattitude.org.br\/#organization"},"keywords":["Pra\u00e7as da Cultura movimenta Perus e Anhanguera com dois dias de atra\u00e7\u00f5es gratuitas"],"articleSection":["Not\u00edcias"],"inLanguage":"en-US","potentialAction":[{"@type":"CommentAction","name":"Comment","target":["https:\/\/globalattitude.org.br\/pracas-da-cultura-movimenta-perus-e-anhanguera-com-dois-dias-de-atracoes-gratuitas\/#respond"]}]},{"@type":"WebPage","@id":"https:\/\/globalattitude.org.br\/pracas-da-cultura-movimenta-perus-e-anhanguera-com-dois-dias-de-atracoes-gratuitas\/","url":"https:\/\/globalattitude.org.br\/pracas-da-cultura-movimenta-perus-e-anhanguera-com-dois-dias-de-atracoes-gratuitas\/","name":"Pra\u00e7as da Cultura movimenta Perus e Anhanguera com dois dias de atra\u00e7\u00f5es gratuitas - Instituto Global Attitude","isPartOf":{"@id":"http:\/\/globalattitude.org.br\/#website"},"datePublished":"2025-04-28T14:00:16+00:00","dateModified":"2025-04-30T14:21:49+00:00","breadcrumb":{"@id":"https:\/\/globalattitude.org.br\/pracas-da-cultura-movimenta-perus-e-anhanguera-com-dois-dias-de-atracoes-gratuitas\/#breadcrumb"},"inLanguage":"en-US","potentialAction":[{"@type":"ReadAction","target":["https:\/\/globalattitude.org.br\/pracas-da-cultura-movimenta-perus-e-anhanguera-com-dois-dias-de-atracoes-gratuitas\/"]}]},{"@type":"BreadcrumbList","@id":"https:\/\/globalattitude.org.br\/pracas-da-cultura-movimenta-perus-e-anhanguera-com-dois-dias-de-atracoes-gratuitas\/#breadcrumb","itemListElement":[{"@type":"ListItem","position":1,"name":"In\u00edcio","item":"https:\/\/globalattitude.org.br\/en\/"},{"@type":"ListItem","position":2,"name":"Pra\u00e7as da Cultura movimenta Perus e Anhanguera com dois dias de atra\u00e7\u00f5es gratuitas"}]},{"@type":"WebSite","@id":"http:\/\/globalattitude.org.br\/#website","url":"http:\/\/globalattitude.org.br\/","name":"Instituto Global Attitude","description":"","publisher":{"@id":"http:\/\/globalattitude.org.br\/#organization"},"potentialAction":[{"@type":"SearchAction","target":{"@type":"EntryPoint","urlTemplate":"http:\/\/globalattitude.org.br\/?s={search_term_string}"},"query-input":{"@type":"PropertyValueSpecification","valueRequired":true,"valueName":"search_term_string"}}],"inLanguage":"en-US"},{"@type":"Organization","@id":"http:\/\/globalattitude.org.br\/#organization","name":"Instituto Global Attitude","url":"http:\/\/globalattitude.org.br\/","logo":{"@type":"ImageObject","inLanguage":"en-US","@id":"http:\/\/globalattitude.org.br\/#\/schema\/logo\/image\/","url":"https:\/\/globalattitude.org.br\/wp-content\/uploads\/2023\/01\/instituto-global-attitude-color.png","contentUrl":"https:\/\/globalattitude.org.br\/wp-content\/uploads\/2023\/01\/instituto-global-attitude-color.png","width":300,"height":131,"caption":"Instituto Global Attitude"},"image":{"@id":"http:\/\/globalattitude.org.br\/#\/schema\/logo\/image\/"},"sameAs":["https:\/\/www.facebook.com\/global.attitude.org\/","https:\/\/x.com\/global_attitude","https:\/\/www.instagram.com\/globalattitude","https:\/\/www.linkedin.com\/company\/global-attitude\/?viewAsMember=true"]},{"@type":"Person","@id":"http:\/\/globalattitude.org.br\/#\/schema\/person\/d2d0edb26129b7407b05aa493af63725","name":"comunicacao","image":{"@type":"ImageObject","inLanguage":"en-US","@id":"https:\/\/secure.gravatar.com\/avatar\/a25dbef6d352d1355e632d9629c19165ddb3e176cbcb21ee573e3d96d011d16b?s=96&d=mm&r=g","url":"https:\/\/secure.gravatar.com\/avatar\/a25dbef6d352d1355e632d9629c19165ddb3e176cbcb21ee573e3d96d011d16b?s=96&d=mm&r=g","contentUrl":"https:\/\/secure.gravatar.com\/avatar\/a25dbef6d352d1355e632d9629c19165ddb3e176cbcb21ee573e3d96d011d16b?s=96&d=mm&r=g","caption":"comunicacao"},"url":"http:\/\/globalattitude.org.br\/en\/author\/comunicacao\/"}]}},"_links":{"self":[{"href":"http:\/\/globalattitude.org.br\/en\/wp-json\/wp\/v2\/posts\/12881","targetHints":{"allow":["GET"]}}],"collection":[{"href":"http:\/\/globalattitude.org.br\/en\/wp-json\/wp\/v2\/posts"}],"about":[{"href":"http:\/\/globalattitude.org.br\/en\/wp-json\/wp\/v2\/types\/post"}],"author":[{"embeddable":true,"href":"http:\/\/globalattitude.org.br\/en\/wp-json\/wp\/v2\/users\/4"}],"replies":[{"embeddable":true,"href":"http:\/\/globalattitude.org.br\/en\/wp-json\/wp\/v2\/comments?post=12881"}],"version-history":[{"count":6,"href":"http:\/\/globalattitude.org.br\/en\/wp-json\/wp\/v2\/posts\/12881\/revisions"}],"predecessor-version":[{"id":12932,"href":"http:\/\/globalattitude.org.br\/en\/wp-json\/wp\/v2\/posts\/12881\/revisions\/12932"}],"wp:attachment":[{"href":"http:\/\/globalattitude.org.br\/en\/wp-json\/wp\/v2\/media?parent=12881"}],"wp:term":[{"taxonomy":"category","embeddable":true,"href":"http:\/\/globalattitude.org.br\/en\/wp-json\/wp\/v2\/categories?post=12881"},{"taxonomy":"post_tag","embeddable":true,"href":"http:\/\/globalattitude.org.br\/en\/wp-json\/wp\/v2\/tags?post=12881"}],"curies":[{"name":"wp","href":"https:\/\/api.w.org\/{rel}","templated":true}]}}