{"id":1332,"date":"2016-08-23T19:24:48","date_gmt":"2016-08-23T22:24:48","guid":{"rendered":"https:\/\/globalattitude.org.br\/inscricoes-abertas-diplomacia-civil-seleciona-delegacao-para-conferencia-da-onu\/"},"modified":"2023-03-10T10:10:21","modified_gmt":"2023-03-10T13:10:21","slug":"inscricoes-abertas-diplomacia-civil-seleciona-delegacao-para-conferencia-da-onu","status":"publish","type":"post","link":"http:\/\/globalattitude.org.br\/en\/inscricoes-abertas-diplomacia-civil-seleciona-delegacao-para-conferencia-da-onu\/","title":{"rendered":"Inscri\u00e7\u00f5es abertas: Diplomacia Civil seleciona delega\u00e7\u00e3o para confer\u00eancia da ONU"},"content":{"rendered":"<p>Se interessa por Desenvolvimento Sustent\u00e1vel, Assentamento Humano e programas da ONU? O Diplomacia Civil est\u00e1 selecionando at\u00e9 10 jovens para formar a delega\u00e7\u00e3o que participar\u00e1 do <a href=\"https:\/\/www.habitat3.org\/\">Habitat III<\/a>, evento realizado de 16 a 21 de outubro em Quito, Equador.<\/p>\n<p>Os selecionados, que independente do grau de forma\u00e7\u00e3o dever\u00e3o ter de <strong>18 a 30 anos<\/strong>, poder\u00e3o assistir a debates com l\u00edderes mundiais e contar\u00e3o com reuni\u00f5es exclusivas, agendadas pelo Diplomacia Civil. A delega\u00e7\u00e3o ser\u00e1 respons\u00e1vel por promover o engajamento da juventude brasileira atrav\u00e9s da cria\u00e7\u00e3o de uma consulta p\u00fablica online, buscando entender suas demandas e tornando-se porta voz destas opini\u00f5es.\u00a0Os resultados da consulta ser\u00e3o reunidos em um position paper, documento que ser\u00e1 utilizado no evento.<\/p>\n<p><strong>O Habitat III<br \/>\n<\/strong>Promovido pelo <a href=\"http:\/\/blog.globalattitude.org.br\/project-view\/programa-da-onu-para-assentamentos-humanos\/\">Programa da ONU para Assentamentos Humanos<\/a> (UN-Habitat), o evento, realizado a cada 20 anos, chega \u00e0 sua terceira edi\u00e7\u00e3o (sendo a primeira realizada em Vancouver, 1976, e a segunda em Istambul, 1996) e foca na tem\u00e1tica da habita\u00e7\u00e3o e desenvolvimento sustent\u00e1vel urbano.<\/p>\n<p>Esta \u00e9 a primeira confer\u00eancia global da ONU a ser realizada ap\u00f3s a cria\u00e7\u00e3o da Agenda 2030 para o Desenvolvimento Sustent\u00e1vel e seus objetivos, com a proposta de implementar uma &#8220;Nova Agenda Urbana&#8221; para o s\u00e9culo 21 reconhecendo, ao mesmo tempo, as mudan\u00e7as da civiliza\u00e7\u00e3o humana.<\/p>\n<p>O Habitat III reunir\u00e1 diversos atores urbanos como governos, autoridades locais, sociedade civil, setor privado, institui\u00e7\u00f5es acad\u00eamicas, entre outros para discutir as pol\u00edticas urbanas e habitacionais que afetam o futuro das cidades.<\/p>\n<p>&#8220;A confer\u00eancia \u00e9 uma oportunidade \u00fanica para repensar a Agenda Urbana, em que os governos podem responder atrav\u00e9s da promo\u00e7\u00e3o de um novo modelo de desenvolvimento urbano capaz de integrar todos os aspectos do desenvolvimento sustent\u00e1vel de forma a promover a igualdade, \u00a0bem-estar e a prosperidade compartilhada&#8221;, afirma o Secret\u00e1rio-Geral do Habitat III, Dr. Joan Clos.<\/p>\n<div id=\"attachment_2619\" style=\"width: 510px\" class=\"wp-caption alignnone\"><a href=\"http:\/\/globalattitude.org.br\/wp-content\/uploads\/2023\/03\/img_0762-1-scaled.jpg\" rel=\"attachment wp-att-2619\"><img fetchpriority=\"high\" decoding=\"async\" aria-describedby=\"caption-attachment-2619\" class=\"wp-image-2619\" src=\"http:\/\/globalattitude.org.br\/wp-content\/uploads\/2023\/03\/img_0762-1-scaled.jpg\" alt=\"img_0762\" width=\"500\" height=\"308\" \/><\/a><p id=\"caption-attachment-2619\" class=\"wp-caption-text\">UN-Habitat \u00e9 dedicada \u00e0 promo\u00e7\u00e3o de cidades social e ambientalmente sustent\u00e1veis, atuando na disponibiliza\u00e7\u00e3o de abrigo adequado a todos. Foto: Divulga\u00e7\u00e3o<\/p><\/div>\n<p><strong>Quero participar<br \/>\n<\/strong>Os interessados devem responder ao formul\u00e1rio dispon\u00edvel <a href=\"https:\/\/form.jotformz.com\/62355047894666\">neste link<\/a> at\u00e9 o dia <strong>31 de agosto (quarta-feira), \u00e0s 23h59<\/strong>. Os crit\u00e9rios de avalia\u00e7\u00e3o levam em conta o curr\u00edculo e motiva\u00e7\u00e3o pessoal e profissional.<\/p>\n<p>O programa \u00e9 pago e inclui o credenciamento no evento, passagens a\u00e9reas de ida e volta, translado aeroporto-hotel, acomoda\u00e7\u00e3o em hotel, seguro sa\u00fade, assist\u00eancia na emiss\u00e3o de visto, workshops de capacita\u00e7\u00e3o, orienta\u00e7\u00e3o para plano de engajamento, cart\u00e3o de visita personalizado, certificado de participa\u00e7\u00e3o e acompanhamento de um coordenador do Instituto Global Attitude.<\/p>\n<p><strong>N\u00e3o perca esta oportunidade, inscreva-se j\u00e1!<\/strong><\/p>\n<p>Para mais informa\u00e7\u00f5es, acesse a nossa p\u00e1gina de <a href=\"http:\/\/blog.globalattitude.org.br\/services-1\/\">perguntas frequentes<\/a>.<\/p>\n","protected":false},"excerpt":{"rendered":"<p>Se interessa por Desenvolvimento Sustent\u00e1vel, Assentamento Humano e programas da ONU? O Diplomacia Civil est\u00e1 selecionando at\u00e9 10 jovens para formar a delega\u00e7\u00e3o que participar\u00e1 do Habitat III, evento realizado de 16 a 21 de outubro em Quito, Equador. Os selecionados, que independente do grau de forma\u00e7\u00e3o dever\u00e3o ter de 18 a 30 anos, poder\u00e3o [&hellip;]<\/p>\n","protected":false},"author":1,"featured_media":1333,"comment_status":"open","ping_status":"open","sticky":false,"template":"","format":"standard","meta":{"_acf_changed":false,"om_disable_all_campaigns":false,"_monsterinsights_skip_tracking":false,"_monsterinsights_sitenote_active":false,"_monsterinsights_sitenote_note":"","_monsterinsights_sitenote_category":0,"_uf_show_specific_survey":0,"_uf_disable_surveys":false,"footnotes":""},"categories":[22,34],"tags":[],"class_list":["post-1332","post","type-post","status-publish","format-standard","hentry","category-programas","category-ultimas"],"acf":[],"aioseo_notices":[],"yoast_head":"<!-- This site is optimized with the Yoast SEO plugin v27.5 - https:\/\/yoast.com\/product\/yoast-seo-wordpress\/ -->\n<title>Inscri\u00e7\u00f5es abertas: Diplomacia Civil seleciona delega\u00e7\u00e3o para confer\u00eancia da ONU - Instituto Global Attitude<\/title>\n<meta name=\"robots\" content=\"index, follow, max-snippet:-1, max-image-preview:large, max-video-preview:-1\" \/>\n<link rel=\"canonical\" href=\"https:\/\/globalattitude.org.br\/en\/inscricoes-abertas-diplomacia-civil-seleciona-delegacao-para-conferencia-da-onu\/\" \/>\n<meta property=\"og:locale\" content=\"en_US\" \/>\n<meta property=\"og:type\" content=\"article\" \/>\n<meta property=\"og:title\" content=\"Inscri\u00e7\u00f5es abertas: Diplomacia Civil seleciona delega\u00e7\u00e3o para confer\u00eancia da ONU - Instituto Global Attitude\" \/>\n<meta property=\"og:description\" content=\"Se interessa por Desenvolvimento Sustent\u00e1vel, Assentamento Humano e programas da ONU? O Diplomacia Civil est\u00e1 selecionando at\u00e9 10 jovens para formar a delega\u00e7\u00e3o que participar\u00e1 do Habitat III, evento realizado de 16 a 21 de outubro em Quito, Equador. Os selecionados, que independente do grau de forma\u00e7\u00e3o dever\u00e3o ter de 18 a 30 anos, poder\u00e3o [&hellip;]\" \/>\n<meta property=\"og:url\" content=\"https:\/\/globalattitude.org.br\/en\/inscricoes-abertas-diplomacia-civil-seleciona-delegacao-para-conferencia-da-onu\/\" \/>\n<meta property=\"og:site_name\" content=\"Instituto Global Attitude\" \/>\n<meta property=\"article:publisher\" content=\"https:\/\/www.facebook.com\/global.attitude.org\/\" \/>\n<meta property=\"article:published_time\" content=\"2016-08-23T22:24:48+00:00\" \/>\n<meta property=\"article:modified_time\" content=\"2023-03-10T13:10:21+00:00\" \/>\n<meta property=\"og:image\" content=\"https:\/\/globalattitude.org.br\/wp-content\/uploads\/2023\/03\/img_0762-1-1200x740.jpg\" \/>\n\t<meta property=\"og:image:width\" content=\"2560\" \/>\n\t<meta property=\"og:image:height\" content=\"1578\" \/>\n\t<meta property=\"og:image:type\" content=\"image\/jpeg\" \/>\n<meta name=\"author\" content=\"123esite\" \/>\n<meta name=\"twitter:card\" content=\"summary_large_image\" \/>\n<meta name=\"twitter:creator\" content=\"@global_attitude\" \/>\n<meta name=\"twitter:site\" content=\"@global_attitude\" \/>\n<meta name=\"twitter:label1\" content=\"Written by\" \/>\n\t<meta name=\"twitter:data1\" content=\"123esite\" \/>\n\t<meta name=\"twitter:label2\" content=\"Est. reading time\" \/>\n\t<meta name=\"twitter:data2\" content=\"2 minutes\" \/>\n<script type=\"application\/ld+json\" class=\"yoast-schema-graph\">{\"@context\":\"https:\\\/\\\/schema.org\",\"@graph\":[{\"@type\":[\"Article\",\"BlogPosting\"],\"@id\":\"https:\\\/\\\/globalattitude.org.br\\\/en\\\/inscricoes-abertas-diplomacia-civil-seleciona-delegacao-para-conferencia-da-onu\\\/#article\",\"isPartOf\":{\"@id\":\"https:\\\/\\\/globalattitude.org.br\\\/en\\\/inscricoes-abertas-diplomacia-civil-seleciona-delegacao-para-conferencia-da-onu\\\/\"},\"author\":{\"name\":\"123esite\",\"@id\":\"http:\\\/\\\/globalattitude.org.br\\\/#\\\/schema\\\/person\\\/6d308f9d9d1eebad0278ad9386f13169\"},\"headline\":\"Inscri\u00e7\u00f5es abertas: Diplomacia Civil seleciona delega\u00e7\u00e3o para confer\u00eancia da ONU\",\"datePublished\":\"2016-08-23T22:24:48+00:00\",\"dateModified\":\"2023-03-10T13:10:21+00:00\",\"mainEntityOfPage\":{\"@id\":\"https:\\\/\\\/globalattitude.org.br\\\/en\\\/inscricoes-abertas-diplomacia-civil-seleciona-delegacao-para-conferencia-da-onu\\\/\"},\"wordCount\":478,\"commentCount\":0,\"publisher\":{\"@id\":\"http:\\\/\\\/globalattitude.org.br\\\/#organization\"},\"image\":{\"@id\":\"https:\\\/\\\/globalattitude.org.br\\\/en\\\/inscricoes-abertas-diplomacia-civil-seleciona-delegacao-para-conferencia-da-onu\\\/#primaryimage\"},\"thumbnailUrl\":\"http:\\\/\\\/globalattitude.org.br\\\/wp-content\\\/uploads\\\/2023\\\/03\\\/img_0762-1-1200x740.jpg\",\"articleSection\":[\"Programas\",\"\u00daltimas\"],\"inLanguage\":\"en-US\",\"potentialAction\":[{\"@type\":\"CommentAction\",\"name\":\"Comment\",\"target\":[\"https:\\\/\\\/globalattitude.org.br\\\/en\\\/inscricoes-abertas-diplomacia-civil-seleciona-delegacao-para-conferencia-da-onu\\\/#respond\"]}]},{\"@type\":\"WebPage\",\"@id\":\"https:\\\/\\\/globalattitude.org.br\\\/en\\\/inscricoes-abertas-diplomacia-civil-seleciona-delegacao-para-conferencia-da-onu\\\/\",\"url\":\"https:\\\/\\\/globalattitude.org.br\\\/en\\\/inscricoes-abertas-diplomacia-civil-seleciona-delegacao-para-conferencia-da-onu\\\/\",\"name\":\"Inscri\u00e7\u00f5es abertas: Diplomacia Civil seleciona delega\u00e7\u00e3o para confer\u00eancia da ONU - Instituto Global Attitude\",\"isPartOf\":{\"@id\":\"http:\\\/\\\/globalattitude.org.br\\\/#website\"},\"primaryImageOfPage\":{\"@id\":\"https:\\\/\\\/globalattitude.org.br\\\/en\\\/inscricoes-abertas-diplomacia-civil-seleciona-delegacao-para-conferencia-da-onu\\\/#primaryimage\"},\"image\":{\"@id\":\"https:\\\/\\\/globalattitude.org.br\\\/en\\\/inscricoes-abertas-diplomacia-civil-seleciona-delegacao-para-conferencia-da-onu\\\/#primaryimage\"},\"thumbnailUrl\":\"http:\\\/\\\/globalattitude.org.br\\\/wp-content\\\/uploads\\\/2023\\\/03\\\/img_0762-1-1200x740.jpg\",\"datePublished\":\"2016-08-23T22:24:48+00:00\",\"dateModified\":\"2023-03-10T13:10:21+00:00\",\"breadcrumb\":{\"@id\":\"https:\\\/\\\/globalattitude.org.br\\\/en\\\/inscricoes-abertas-diplomacia-civil-seleciona-delegacao-para-conferencia-da-onu\\\/#breadcrumb\"},\"inLanguage\":\"en-US\",\"potentialAction\":[{\"@type\":\"ReadAction\",\"target\":[\"https:\\\/\\\/globalattitude.org.br\\\/en\\\/inscricoes-abertas-diplomacia-civil-seleciona-delegacao-para-conferencia-da-onu\\\/\"]}]},{\"@type\":\"ImageObject\",\"inLanguage\":\"en-US\",\"@id\":\"https:\\\/\\\/globalattitude.org.br\\\/en\\\/inscricoes-abertas-diplomacia-civil-seleciona-delegacao-para-conferencia-da-onu\\\/#primaryimage\",\"url\":\"http:\\\/\\\/globalattitude.org.br\\\/wp-content\\\/uploads\\\/2023\\\/03\\\/img_0762-1-1200x740.jpg\",\"contentUrl\":\"http:\\\/\\\/globalattitude.org.br\\\/wp-content\\\/uploads\\\/2023\\\/03\\\/img_0762-1-1200x740.jpg\",\"width\":2560,\"height\":1578},{\"@type\":\"BreadcrumbList\",\"@id\":\"https:\\\/\\\/globalattitude.org.br\\\/en\\\/inscricoes-abertas-diplomacia-civil-seleciona-delegacao-para-conferencia-da-onu\\\/#breadcrumb\",\"itemListElement\":[{\"@type\":\"ListItem\",\"position\":1,\"name\":\"In\u00edcio\",\"item\":\"https:\\\/\\\/globalattitude.org.br\\\/en\\\/\"},{\"@type\":\"ListItem\",\"position\":2,\"name\":\"Inscri\u00e7\u00f5es abertas: Diplomacia Civil seleciona delega\u00e7\u00e3o para confer\u00eancia da ONU\"}]},{\"@type\":\"WebSite\",\"@id\":\"http:\\\/\\\/globalattitude.org.br\\\/#website\",\"url\":\"http:\\\/\\\/globalattitude.org.br\\\/\",\"name\":\"Instituto Global Attitude\",\"description\":\"\",\"publisher\":{\"@id\":\"http:\\\/\\\/globalattitude.org.br\\\/#organization\"},\"potentialAction\":[{\"@type\":\"SearchAction\",\"target\":{\"@type\":\"EntryPoint\",\"urlTemplate\":\"http:\\\/\\\/globalattitude.org.br\\\/?s={search_term_string}\"},\"query-input\":{\"@type\":\"PropertyValueSpecification\",\"valueRequired\":true,\"valueName\":\"search_term_string\"}}],\"inLanguage\":\"en-US\"},{\"@type\":\"Organization\",\"@id\":\"http:\\\/\\\/globalattitude.org.br\\\/#organization\",\"name\":\"Instituto Global Attitude\",\"url\":\"http:\\\/\\\/globalattitude.org.br\\\/\",\"logo\":{\"@type\":\"ImageObject\",\"inLanguage\":\"en-US\",\"@id\":\"http:\\\/\\\/globalattitude.org.br\\\/#\\\/schema\\\/logo\\\/image\\\/\",\"url\":\"https:\\\/\\\/globalattitude.org.br\\\/wp-content\\\/uploads\\\/2023\\\/01\\\/instituto-global-attitude-color.png\",\"contentUrl\":\"https:\\\/\\\/globalattitude.org.br\\\/wp-content\\\/uploads\\\/2023\\\/01\\\/instituto-global-attitude-color.png\",\"width\":300,\"height\":131,\"caption\":\"Instituto Global Attitude\"},\"image\":{\"@id\":\"http:\\\/\\\/globalattitude.org.br\\\/#\\\/schema\\\/logo\\\/image\\\/\"},\"sameAs\":[\"https:\\\/\\\/www.facebook.com\\\/global.attitude.org\\\/\",\"https:\\\/\\\/x.com\\\/global_attitude\",\"https:\\\/\\\/www.instagram.com\\\/globalattitude\",\"https:\\\/\\\/www.linkedin.com\\\/company\\\/global-attitude\\\/?viewAsMember=true\"]},{\"@type\":\"Person\",\"@id\":\"http:\\\/\\\/globalattitude.org.br\\\/#\\\/schema\\\/person\\\/6d308f9d9d1eebad0278ad9386f13169\",\"name\":\"123esite\",\"image\":{\"@type\":\"ImageObject\",\"inLanguage\":\"en-US\",\"@id\":\"https:\\\/\\\/secure.gravatar.com\\\/avatar\\\/07bd71fac19f42004f2b73567f012e126689afdb23cb0017536dea9113ba1806?s=96&d=mm&r=g\",\"url\":\"https:\\\/\\\/secure.gravatar.com\\\/avatar\\\/07bd71fac19f42004f2b73567f012e126689afdb23cb0017536dea9113ba1806?s=96&d=mm&r=g\",\"contentUrl\":\"https:\\\/\\\/secure.gravatar.com\\\/avatar\\\/07bd71fac19f42004f2b73567f012e126689afdb23cb0017536dea9113ba1806?s=96&d=mm&r=g\",\"caption\":\"123esite\"},\"sameAs\":[\"http:\\\/\\\/globalattitude.org.br\"],\"url\":\"http:\\\/\\\/globalattitude.org.br\\\/en\\\/author\\\/123esite\\\/\"}]}<\/script>\n<!-- \/ Yoast SEO plugin. -->","yoast_head_json":{"title":"Inscri\u00e7\u00f5es abertas: Diplomacia Civil seleciona delega\u00e7\u00e3o para confer\u00eancia da ONU - Instituto Global Attitude","robots":{"index":"index","follow":"follow","max-snippet":"max-snippet:-1","max-image-preview":"max-image-preview:large","max-video-preview":"max-video-preview:-1"},"canonical":"https:\/\/globalattitude.org.br\/en\/inscricoes-abertas-diplomacia-civil-seleciona-delegacao-para-conferencia-da-onu\/","og_locale":"en_US","og_type":"article","og_title":"Inscri\u00e7\u00f5es abertas: Diplomacia Civil seleciona delega\u00e7\u00e3o para confer\u00eancia da ONU - Instituto Global Attitude","og_description":"Se interessa por Desenvolvimento Sustent\u00e1vel, Assentamento Humano e programas da ONU? O Diplomacia Civil est\u00e1 selecionando at\u00e9 10 jovens para formar a delega\u00e7\u00e3o que participar\u00e1 do Habitat III, evento realizado de 16 a 21 de outubro em Quito, Equador. Os selecionados, que independente do grau de forma\u00e7\u00e3o dever\u00e3o ter de 18 a 30 anos, poder\u00e3o [&hellip;]","og_url":"https:\/\/globalattitude.org.br\/en\/inscricoes-abertas-diplomacia-civil-seleciona-delegacao-para-conferencia-da-onu\/","og_site_name":"Instituto Global Attitude","article_publisher":"https:\/\/www.facebook.com\/global.attitude.org\/","article_published_time":"2016-08-23T22:24:48+00:00","article_modified_time":"2023-03-10T13:10:21+00:00","og_image":[{"width":2560,"height":1578,"url":"https:\/\/globalattitude.org.br\/wp-content\/uploads\/2023\/03\/img_0762-1-1200x740.jpg","type":"image\/jpeg"}],"author":"123esite","twitter_card":"summary_large_image","twitter_creator":"@global_attitude","twitter_site":"@global_attitude","twitter_misc":{"Written by":"123esite","Est. reading time":"2 minutes"},"schema":{"@context":"https:\/\/schema.org","@graph":[{"@type":["Article","BlogPosting"],"@id":"https:\/\/globalattitude.org.br\/en\/inscricoes-abertas-diplomacia-civil-seleciona-delegacao-para-conferencia-da-onu\/#article","isPartOf":{"@id":"https:\/\/globalattitude.org.br\/en\/inscricoes-abertas-diplomacia-civil-seleciona-delegacao-para-conferencia-da-onu\/"},"author":{"name":"123esite","@id":"http:\/\/globalattitude.org.br\/#\/schema\/person\/6d308f9d9d1eebad0278ad9386f13169"},"headline":"Inscri\u00e7\u00f5es abertas: Diplomacia Civil seleciona delega\u00e7\u00e3o para confer\u00eancia da ONU","datePublished":"2016-08-23T22:24:48+00:00","dateModified":"2023-03-10T13:10:21+00:00","mainEntityOfPage":{"@id":"https:\/\/globalattitude.org.br\/en\/inscricoes-abertas-diplomacia-civil-seleciona-delegacao-para-conferencia-da-onu\/"},"wordCount":478,"commentCount":0,"publisher":{"@id":"http:\/\/globalattitude.org.br\/#organization"},"image":{"@id":"https:\/\/globalattitude.org.br\/en\/inscricoes-abertas-diplomacia-civil-seleciona-delegacao-para-conferencia-da-onu\/#primaryimage"},"thumbnailUrl":"http:\/\/globalattitude.org.br\/wp-content\/uploads\/2023\/03\/img_0762-1-1200x740.jpg","articleSection":["Programas","\u00daltimas"],"inLanguage":"en-US","potentialAction":[{"@type":"CommentAction","name":"Comment","target":["https:\/\/globalattitude.org.br\/en\/inscricoes-abertas-diplomacia-civil-seleciona-delegacao-para-conferencia-da-onu\/#respond"]}]},{"@type":"WebPage","@id":"https:\/\/globalattitude.org.br\/en\/inscricoes-abertas-diplomacia-civil-seleciona-delegacao-para-conferencia-da-onu\/","url":"https:\/\/globalattitude.org.br\/en\/inscricoes-abertas-diplomacia-civil-seleciona-delegacao-para-conferencia-da-onu\/","name":"Inscri\u00e7\u00f5es abertas: Diplomacia Civil seleciona delega\u00e7\u00e3o para confer\u00eancia da ONU - Instituto Global Attitude","isPartOf":{"@id":"http:\/\/globalattitude.org.br\/#website"},"primaryImageOfPage":{"@id":"https:\/\/globalattitude.org.br\/en\/inscricoes-abertas-diplomacia-civil-seleciona-delegacao-para-conferencia-da-onu\/#primaryimage"},"image":{"@id":"https:\/\/globalattitude.org.br\/en\/inscricoes-abertas-diplomacia-civil-seleciona-delegacao-para-conferencia-da-onu\/#primaryimage"},"thumbnailUrl":"http:\/\/globalattitude.org.br\/wp-content\/uploads\/2023\/03\/img_0762-1-1200x740.jpg","datePublished":"2016-08-23T22:24:48+00:00","dateModified":"2023-03-10T13:10:21+00:00","breadcrumb":{"@id":"https:\/\/globalattitude.org.br\/en\/inscricoes-abertas-diplomacia-civil-seleciona-delegacao-para-conferencia-da-onu\/#breadcrumb"},"inLanguage":"en-US","potentialAction":[{"@type":"ReadAction","target":["https:\/\/globalattitude.org.br\/en\/inscricoes-abertas-diplomacia-civil-seleciona-delegacao-para-conferencia-da-onu\/"]}]},{"@type":"ImageObject","inLanguage":"en-US","@id":"https:\/\/globalattitude.org.br\/en\/inscricoes-abertas-diplomacia-civil-seleciona-delegacao-para-conferencia-da-onu\/#primaryimage","url":"http:\/\/globalattitude.org.br\/wp-content\/uploads\/2023\/03\/img_0762-1-1200x740.jpg","contentUrl":"http:\/\/globalattitude.org.br\/wp-content\/uploads\/2023\/03\/img_0762-1-1200x740.jpg","width":2560,"height":1578},{"@type":"BreadcrumbList","@id":"https:\/\/globalattitude.org.br\/en\/inscricoes-abertas-diplomacia-civil-seleciona-delegacao-para-conferencia-da-onu\/#breadcrumb","itemListElement":[{"@type":"ListItem","position":1,"name":"In\u00edcio","item":"https:\/\/globalattitude.org.br\/en\/"},{"@type":"ListItem","position":2,"name":"Inscri\u00e7\u00f5es abertas: Diplomacia Civil seleciona delega\u00e7\u00e3o para confer\u00eancia da ONU"}]},{"@type":"WebSite","@id":"http:\/\/globalattitude.org.br\/#website","url":"http:\/\/globalattitude.org.br\/","name":"Instituto Global Attitude","description":"","publisher":{"@id":"http:\/\/globalattitude.org.br\/#organization"},"potentialAction":[{"@type":"SearchAction","target":{"@type":"EntryPoint","urlTemplate":"http:\/\/globalattitude.org.br\/?s={search_term_string}"},"query-input":{"@type":"PropertyValueSpecification","valueRequired":true,"valueName":"search_term_string"}}],"inLanguage":"en-US"},{"@type":"Organization","@id":"http:\/\/globalattitude.org.br\/#organization","name":"Instituto Global Attitude","url":"http:\/\/globalattitude.org.br\/","logo":{"@type":"ImageObject","inLanguage":"en-US","@id":"http:\/\/globalattitude.org.br\/#\/schema\/logo\/image\/","url":"https:\/\/globalattitude.org.br\/wp-content\/uploads\/2023\/01\/instituto-global-attitude-color.png","contentUrl":"https:\/\/globalattitude.org.br\/wp-content\/uploads\/2023\/01\/instituto-global-attitude-color.png","width":300,"height":131,"caption":"Instituto Global Attitude"},"image":{"@id":"http:\/\/globalattitude.org.br\/#\/schema\/logo\/image\/"},"sameAs":["https:\/\/www.facebook.com\/global.attitude.org\/","https:\/\/x.com\/global_attitude","https:\/\/www.instagram.com\/globalattitude","https:\/\/www.linkedin.com\/company\/global-attitude\/?viewAsMember=true"]},{"@type":"Person","@id":"http:\/\/globalattitude.org.br\/#\/schema\/person\/6d308f9d9d1eebad0278ad9386f13169","name":"123esite","image":{"@type":"ImageObject","inLanguage":"en-US","@id":"https:\/\/secure.gravatar.com\/avatar\/07bd71fac19f42004f2b73567f012e126689afdb23cb0017536dea9113ba1806?s=96&d=mm&r=g","url":"https:\/\/secure.gravatar.com\/avatar\/07bd71fac19f42004f2b73567f012e126689afdb23cb0017536dea9113ba1806?s=96&d=mm&r=g","contentUrl":"https:\/\/secure.gravatar.com\/avatar\/07bd71fac19f42004f2b73567f012e126689afdb23cb0017536dea9113ba1806?s=96&d=mm&r=g","caption":"123esite"},"sameAs":["http:\/\/globalattitude.org.br"],"url":"http:\/\/globalattitude.org.br\/en\/author\/123esite\/"}]}},"_links":{"self":[{"href":"http:\/\/globalattitude.org.br\/en\/wp-json\/wp\/v2\/posts\/1332","targetHints":{"allow":["GET"]}}],"collection":[{"href":"http:\/\/globalattitude.org.br\/en\/wp-json\/wp\/v2\/posts"}],"about":[{"href":"http:\/\/globalattitude.org.br\/en\/wp-json\/wp\/v2\/types\/post"}],"author":[{"embeddable":true,"href":"http:\/\/globalattitude.org.br\/en\/wp-json\/wp\/v2\/users\/1"}],"replies":[{"embeddable":true,"href":"http:\/\/globalattitude.org.br\/en\/wp-json\/wp\/v2\/comments?post=1332"}],"version-history":[{"count":1,"href":"http:\/\/globalattitude.org.br\/en\/wp-json\/wp\/v2\/posts\/1332\/revisions"}],"predecessor-version":[{"id":1334,"href":"http:\/\/globalattitude.org.br\/en\/wp-json\/wp\/v2\/posts\/1332\/revisions\/1334"}],"wp:featuredmedia":[{"embeddable":true,"href":"http:\/\/globalattitude.org.br\/en\/wp-json\/wp\/v2\/media\/1333"}],"wp:attachment":[{"href":"http:\/\/globalattitude.org.br\/en\/wp-json\/wp\/v2\/media?parent=1332"}],"wp:term":[{"taxonomy":"category","embeddable":true,"href":"http:\/\/globalattitude.org.br\/en\/wp-json\/wp\/v2\/categories?post=1332"},{"taxonomy":"post_tag","embeddable":true,"href":"http:\/\/globalattitude.org.br\/en\/wp-json\/wp\/v2\/tags?post=1332"}],"curies":[{"name":"wp","href":"https:\/\/api.w.org\/{rel}","templated":true}]}}