{"id":13850,"date":"2026-03-02T11:06:56","date_gmt":"2026-03-02T14:06:56","guid":{"rendered":"https:\/\/globalattitude.org.br\/?p=13850"},"modified":"2026-04-01T16:35:00","modified_gmt":"2026-04-01T19:35:00","slug":"guaratingueta-no-mundo-edital-prova-de-intercambio","status":"publish","type":"post","link":"http:\/\/globalattitude.org.br\/en\/guaratingueta-no-mundo-edital-prova-de-intercambio\/","title":{"rendered":"Guaratinguet\u00e1 no Mundo | Edital prova de interc\u00e2mbio"},"content":{"rendered":"<div class=\"hide-scrollbar markdown prose relative w-full max-w-none overflow-x-scroll break-words text-base leading-7 first:mt-0 prose-headings:first:mt-0 prose-strong:font-bold prose-thead:font-bold light:text-[#3E4247] dark:text-[#EBEBEB] prose-headings:light:text-[#3E4247]\">\n<div>\n<div>\n<p class=\"mb-3 mt-0\" data-copy-text=\"true\">Os alunos da rede municipal de Guaratinguet\u00e1, em S\u00e3o Paulo, inscritos no programa <strong>Guaratinguet\u00e1 no Mundo<\/strong> poder\u00e3o realizar a prova de sele\u00e7\u00e3o para o interc\u00e2mbio no dia <strong>15\/03<\/strong>.<\/p>\n<\/div>\n<\/div>\n<\/div>\n<div class=\"hide-scrollbar markdown prose relative w-full max-w-none overflow-x-scroll break-words text-base leading-7 first:mt-0 prose-headings:first:mt-0 prose-strong:font-bold prose-thead:font-bold light:text-[#3E4247] dark:text-[#EBEBEB] prose-headings:light:text-[#3E4247]\">\n<div>As inscri\u00e7\u00f5es estar\u00e3o abertas de <strong>02\/03 a 09\/03<\/strong>.<\/div>\n<\/div>\n<div class=\"hide-scrollbar markdown prose relative w-full max-w-none overflow-x-scroll break-words text-base leading-7 first:mt-0 prose-headings:first:mt-0 prose-strong:font-bold prose-thead:font-bold light:text-[#3E4247] dark:text-[#EBEBEB] prose-headings:light:text-[#3E4247]\">\n<div>Nesta aba os alunos poder\u00e3o acessar o edital e se preparar para a prova. Dentro do edital, poder\u00e3o acessar o link de inscri\u00e7\u00e3o.<\/div>\n<\/div>\n<div><\/div>\n<div>Edital Interc\u00e2mbio clicando <span style=\"color: #ffff00;\"><strong><em><a style=\"color: #ffff00;\" href=\"http:\/\/globalattitude.org.br\/wp-content\/uploads\/2026\/03\/EDITAL_RETIFICADO_INTERCAMBIO_GUARATINGUETA_NO_MUNDO.pdf\">aqui<\/a><\/em><\/strong><\/span><\/div>\n<hr \/>\n<p data-copy-text=\"true\"><strong>Atualiza\u00e7\u00f5es 01\/04\/2026<\/strong><\/p>\n<p data-copy-text=\"true\">Clique <a href=\"http:\/\/globalattitude.org.br\/wp-content\/uploads\/2026\/03\/RETIFICACAO_EDITAL_INTERCAMBIO_GUARATINGUETA_NO_MUNDO-1.pdf\"><span style=\"color: #ffff00;\"><strong><em>aqui<\/em><\/strong><\/span><\/a>\u00a0 para visualizar o documento com retifica\u00e7\u00e3o sobre o edital de interc\u00e2mbio do programa.<\/p>\n","protected":false},"excerpt":{"rendered":"<p>Os alunos da rede municipal de Guaratinguet\u00e1, em S\u00e3o Paulo, inscritos no programa Guaratinguet\u00e1 no Mundo poder\u00e3o realizar a prova de sele\u00e7\u00e3o para o interc\u00e2mbio no dia 15\/03. As inscri\u00e7\u00f5es estar\u00e3o abertas de 02\/03 a 09\/03. Nesta aba os alunos poder\u00e3o acessar o edital e se preparar para a prova. Dentro do edital, poder\u00e3o acessar [&hellip;]<\/p>\n","protected":false},"author":4,"featured_media":0,"comment_status":"open","ping_status":"open","sticky":false,"template":"","format":"standard","meta":{"_acf_changed":false,"om_disable_all_campaigns":false,"_monsterinsights_skip_tracking":false,"_uf_show_specific_survey":0,"_uf_disable_surveys":false,"footnotes":""},"categories":[1],"tags":[],"class_list":["post-13850","post","type-post","status-publish","format-standard","hentry","category-nao-categorizado"],"acf":[],"aioseo_notices":[],"aioseo_head":"\n\t\t<!-- All in One SEO 5.0.1.1 - aioseo.com -->\n\t<meta name=\"description\" content=\"Os alunos da rede municipal de Guaratinguet\u00e1, em S\u00e3o Paulo, inscritos no programa Guaratinguet\u00e1 no Mundo poder\u00e3o realizar a prova de sele\u00e7\u00e3o para o interc\u00e2mbio no dia 15\/03. As inscri\u00e7\u00f5es estar\u00e3o abertas de 02\/03 a 09\/03. Nesta aba os alunos poder\u00e3o acessar o edital e se preparar para a prova. Dentro do edital, poder\u00e3o acessar\" \/>\n\t<meta name=\"robots\" content=\"max-image-preview:large\" \/>\n\t<meta name=\"author\" content=\"comunicacao\"\/>\n\t<link rel=\"canonical\" href=\"http:\/\/globalattitude.org.br\/en\/guaratingueta-no-mundo-edital-prova-de-intercambio\/\" \/>\n\t<meta name=\"generator\" content=\"All in One SEO (AIOSEO) 5.0.1.1\" \/>\n\t\t<meta property=\"og:locale\" content=\"en_US\" \/>\n\t\t<meta property=\"og:site_name\" content=\"Instituto Global Attitude -\" \/>\n\t\t<meta property=\"og:type\" content=\"article\" \/>\n\t\t<meta property=\"og:title\" content=\"Guaratinguet\u00e1 no Mundo | Edital prova de interc\u00e2mbio - Instituto Global Attitude\" \/>\n\t\t<meta property=\"og:description\" content=\"Os alunos da rede municipal de Guaratinguet\u00e1, em S\u00e3o Paulo, inscritos no programa Guaratinguet\u00e1 no Mundo poder\u00e3o realizar a prova de sele\u00e7\u00e3o para o interc\u00e2mbio no dia 15\/03. As inscri\u00e7\u00f5es estar\u00e3o abertas de 02\/03 a 09\/03. Nesta aba os alunos poder\u00e3o acessar o edital e se preparar para a prova. Dentro do edital, poder\u00e3o acessar\" \/>\n\t\t<meta property=\"og:url\" content=\"http:\/\/globalattitude.org.br\/en\/guaratingueta-no-mundo-edital-prova-de-intercambio\/\" \/>\n\t\t<meta property=\"article:published_time\" content=\"2026-03-02T14:06:56+00:00\" \/>\n\t\t<meta property=\"article:modified_time\" content=\"2026-04-01T19:35:00+00:00\" \/>\n\t\t<meta name=\"twitter:card\" content=\"summary_large_image\" \/>\n\t\t<meta name=\"twitter:title\" content=\"Guaratinguet\u00e1 no Mundo | Edital prova de interc\u00e2mbio - Instituto Global Attitude\" \/>\n\t\t<meta name=\"twitter:description\" content=\"Os alunos da rede municipal de Guaratinguet\u00e1, em S\u00e3o Paulo, inscritos no programa Guaratinguet\u00e1 no Mundo poder\u00e3o realizar a prova de sele\u00e7\u00e3o para o interc\u00e2mbio no dia 15\/03. As inscri\u00e7\u00f5es estar\u00e3o abertas de 02\/03 a 09\/03. Nesta aba os alunos poder\u00e3o acessar o edital e se preparar para a prova. Dentro do edital, poder\u00e3o acessar\" \/>\n\t\t<script type=\"application\/ld+json\" class=\"aioseo-schema\">\n\t\t\t{\"@context\":\"https:\\\/\\\/schema.org\",\"@graph\":[{\"@type\":\"BlogPosting\",\"@id\":\"http:\\\/\\\/globalattitude.org.br\\\/en\\\/guaratingueta-no-mundo-edital-prova-de-intercambio\\\/#blogposting\",\"name\":\"Guaratinguet\\u00e1 no Mundo | Edital prova de interc\\u00e2mbio - Instituto Global Attitude\",\"headline\":\"Guaratinguet\\u00e1 no Mundo | Edital prova de interc\\u00e2mbio\",\"author\":{\"@id\":\"http:\\\/\\\/globalattitude.org.br\\\/en\\\/author\\\/comunicacao\\\/#author\"},\"publisher\":{\"@id\":\"http:\\\/\\\/globalattitude.org.br\\\/en\\\/#organization\"},\"datePublished\":\"2026-03-02T11:06:56-03:00\",\"dateModified\":\"2026-04-01T16:35:00-03:00\",\"inLanguage\":\"en-US\",\"mainEntityOfPage\":{\"@id\":\"http:\\\/\\\/globalattitude.org.br\\\/en\\\/guaratingueta-no-mundo-edital-prova-de-intercambio\\\/#webpage\"},\"isPartOf\":{\"@id\":\"http:\\\/\\\/globalattitude.org.br\\\/en\\\/guaratingueta-no-mundo-edital-prova-de-intercambio\\\/#webpage\"},\"articleSection\":\"N\\u00e3o categorizado, Opcional\"},{\"@type\":\"BreadcrumbList\",\"@id\":\"http:\\\/\\\/globalattitude.org.br\\\/en\\\/guaratingueta-no-mundo-edital-prova-de-intercambio\\\/#breadcrumblist\",\"itemListElement\":[{\"@type\":\"ListItem\",\"@id\":\"http:\\\/\\\/globalattitude.org.br\\\/en\\\/#listItem\",\"position\":1,\"name\":\"Home\",\"item\":\"http:\\\/\\\/globalattitude.org.br\\\/en\\\/\",\"nextItem\":{\"@type\":\"ListItem\",\"@id\":\"http:\\\/\\\/globalattitude.org.br\\\/en\\\/category\\\/nao-categorizado\\\/#listItem\",\"name\":\"N\\u00e3o categorizado\"}},{\"@type\":\"ListItem\",\"@id\":\"http:\\\/\\\/globalattitude.org.br\\\/en\\\/category\\\/nao-categorizado\\\/#listItem\",\"position\":2,\"name\":\"N\\u00e3o categorizado\",\"item\":\"http:\\\/\\\/globalattitude.org.br\\\/en\\\/category\\\/nao-categorizado\\\/\",\"nextItem\":{\"@type\":\"ListItem\",\"@id\":\"http:\\\/\\\/globalattitude.org.br\\\/en\\\/guaratingueta-no-mundo-edital-prova-de-intercambio\\\/#listItem\",\"name\":\"Guaratinguet\\u00e1 no Mundo | Edital prova de interc\\u00e2mbio\"},\"previousItem\":{\"@type\":\"ListItem\",\"@id\":\"http:\\\/\\\/globalattitude.org.br\\\/en\\\/#listItem\",\"name\":\"Home\"}},{\"@type\":\"ListItem\",\"@id\":\"http:\\\/\\\/globalattitude.org.br\\\/en\\\/guaratingueta-no-mundo-edital-prova-de-intercambio\\\/#listItem\",\"position\":3,\"name\":\"Guaratinguet\\u00e1 no Mundo | Edital prova de interc\\u00e2mbio\",\"previousItem\":{\"@type\":\"ListItem\",\"@id\":\"http:\\\/\\\/globalattitude.org.br\\\/en\\\/category\\\/nao-categorizado\\\/#listItem\",\"name\":\"N\\u00e3o categorizado\"}}]},{\"@type\":\"Organization\",\"@id\":\"http:\\\/\\\/globalattitude.org.br\\\/en\\\/#organization\",\"name\":\"Global Attitude\",\"url\":\"http:\\\/\\\/globalattitude.org.br\\\/en\\\/\"},{\"@type\":\"Person\",\"@id\":\"http:\\\/\\\/globalattitude.org.br\\\/en\\\/author\\\/comunicacao\\\/#author\",\"url\":\"http:\\\/\\\/globalattitude.org.br\\\/en\\\/author\\\/comunicacao\\\/\",\"name\":\"comunicacao\",\"image\":{\"@type\":\"ImageObject\",\"@id\":\"http:\\\/\\\/globalattitude.org.br\\\/en\\\/guaratingueta-no-mundo-edital-prova-de-intercambio\\\/#authorImage\",\"url\":\"https:\\\/\\\/secure.gravatar.com\\\/avatar\\\/a25dbef6d352d1355e632d9629c19165ddb3e176cbcb21ee573e3d96d011d16b?s=96&d=mm&r=g\",\"width\":96,\"height\":96,\"caption\":\"comunicacao\"}},{\"@type\":\"WebPage\",\"@id\":\"http:\\\/\\\/globalattitude.org.br\\\/en\\\/guaratingueta-no-mundo-edital-prova-de-intercambio\\\/#webpage\",\"url\":\"http:\\\/\\\/globalattitude.org.br\\\/en\\\/guaratingueta-no-mundo-edital-prova-de-intercambio\\\/\",\"name\":\"Guaratinguet\\u00e1 no Mundo | Edital prova de interc\\u00e2mbio - Instituto Global Attitude\",\"description\":\"Os alunos da rede municipal de Guaratinguet\\u00e1, em S\\u00e3o Paulo, inscritos no programa Guaratinguet\\u00e1 no Mundo poder\\u00e3o realizar a prova de sele\\u00e7\\u00e3o para o interc\\u00e2mbio no dia 15\\\/03. As inscri\\u00e7\\u00f5es estar\\u00e3o abertas de 02\\\/03 a 09\\\/03. Nesta aba os alunos poder\\u00e3o acessar o edital e se preparar para a prova. Dentro do edital, poder\\u00e3o acessar\",\"inLanguage\":\"en-US\",\"isPartOf\":{\"@id\":\"http:\\\/\\\/globalattitude.org.br\\\/en\\\/#website\"},\"breadcrumb\":{\"@id\":\"http:\\\/\\\/globalattitude.org.br\\\/en\\\/guaratingueta-no-mundo-edital-prova-de-intercambio\\\/#breadcrumblist\"},\"author\":{\"@id\":\"http:\\\/\\\/globalattitude.org.br\\\/en\\\/author\\\/comunicacao\\\/#author\"},\"creator\":{\"@id\":\"http:\\\/\\\/globalattitude.org.br\\\/en\\\/author\\\/comunicacao\\\/#author\"},\"datePublished\":\"2026-03-02T11:06:56-03:00\",\"dateModified\":\"2026-04-01T16:35:00-03:00\"},{\"@type\":\"WebSite\",\"@id\":\"http:\\\/\\\/globalattitude.org.br\\\/en\\\/#website\",\"url\":\"http:\\\/\\\/globalattitude.org.br\\\/en\\\/\",\"name\":\"Global Attitude\",\"inLanguage\":\"en-US\",\"publisher\":{\"@id\":\"http:\\\/\\\/globalattitude.org.br\\\/en\\\/#organization\"}}]}\n\t\t<\/script>\n\t\t<!-- All in One SEO -->\n\n","aioseo_head_json":{"title":"Guaratinguet\u00e1 no Mundo | Edital prova de interc\u00e2mbio - Instituto Global Attitude","description":"Os alunos da rede municipal de Guaratinguet\u00e1, em S\u00e3o Paulo, inscritos no programa Guaratinguet\u00e1 no Mundo poder\u00e3o realizar a prova de sele\u00e7\u00e3o para o interc\u00e2mbio no dia 15\/03. As inscri\u00e7\u00f5es estar\u00e3o abertas de 02\/03 a 09\/03. Nesta aba os alunos poder\u00e3o acessar o edital e se preparar para a prova. Dentro do edital, poder\u00e3o acessar","canonical_url":"http:\/\/globalattitude.org.br\/en\/guaratingueta-no-mundo-edital-prova-de-intercambio\/","robots":"max-image-preview:large","keywords":"","webmasterTools":{"miscellaneous":""},"schema":{"@context":"https:\/\/schema.org","@graph":[{"@type":"BlogPosting","@id":"http:\/\/globalattitude.org.br\/en\/guaratingueta-no-mundo-edital-prova-de-intercambio\/#blogposting","name":"Guaratinguet\u00e1 no Mundo | Edital prova de interc\u00e2mbio - Instituto Global Attitude","headline":"Guaratinguet\u00e1 no Mundo | Edital prova de interc\u00e2mbio","author":{"@id":"http:\/\/globalattitude.org.br\/en\/author\/comunicacao\/#author"},"publisher":{"@id":"http:\/\/globalattitude.org.br\/en\/#organization"},"datePublished":"2026-03-02T11:06:56-03:00","dateModified":"2026-04-01T16:35:00-03:00","inLanguage":"en-US","mainEntityOfPage":{"@id":"http:\/\/globalattitude.org.br\/en\/guaratingueta-no-mundo-edital-prova-de-intercambio\/#webpage"},"isPartOf":{"@id":"http:\/\/globalattitude.org.br\/en\/guaratingueta-no-mundo-edital-prova-de-intercambio\/#webpage"},"articleSection":"N\u00e3o categorizado, Opcional"},{"@type":"BreadcrumbList","@id":"http:\/\/globalattitude.org.br\/en\/guaratingueta-no-mundo-edital-prova-de-intercambio\/#breadcrumblist","itemListElement":[{"@type":"ListItem","@id":"http:\/\/globalattitude.org.br\/en\/#listItem","position":1,"name":"Home","item":"http:\/\/globalattitude.org.br\/en\/","nextItem":{"@type":"ListItem","@id":"http:\/\/globalattitude.org.br\/en\/category\/nao-categorizado\/#listItem","name":"N\u00e3o categorizado"}},{"@type":"ListItem","@id":"http:\/\/globalattitude.org.br\/en\/category\/nao-categorizado\/#listItem","position":2,"name":"N\u00e3o categorizado","item":"http:\/\/globalattitude.org.br\/en\/category\/nao-categorizado\/","nextItem":{"@type":"ListItem","@id":"http:\/\/globalattitude.org.br\/en\/guaratingueta-no-mundo-edital-prova-de-intercambio\/#listItem","name":"Guaratinguet\u00e1 no Mundo | Edital prova de interc\u00e2mbio"},"previousItem":{"@type":"ListItem","@id":"http:\/\/globalattitude.org.br\/en\/#listItem","name":"Home"}},{"@type":"ListItem","@id":"http:\/\/globalattitude.org.br\/en\/guaratingueta-no-mundo-edital-prova-de-intercambio\/#listItem","position":3,"name":"Guaratinguet\u00e1 no Mundo | Edital prova de interc\u00e2mbio","previousItem":{"@type":"ListItem","@id":"http:\/\/globalattitude.org.br\/en\/category\/nao-categorizado\/#listItem","name":"N\u00e3o categorizado"}}]},{"@type":"Organization","@id":"http:\/\/globalattitude.org.br\/en\/#organization","name":"Global Attitude","url":"http:\/\/globalattitude.org.br\/en\/"},{"@type":"Person","@id":"http:\/\/globalattitude.org.br\/en\/author\/comunicacao\/#author","url":"http:\/\/globalattitude.org.br\/en\/author\/comunicacao\/","name":"comunicacao","image":{"@type":"ImageObject","@id":"http:\/\/globalattitude.org.br\/en\/guaratingueta-no-mundo-edital-prova-de-intercambio\/#authorImage","url":"https:\/\/secure.gravatar.com\/avatar\/a25dbef6d352d1355e632d9629c19165ddb3e176cbcb21ee573e3d96d011d16b?s=96&d=mm&r=g","width":96,"height":96,"caption":"comunicacao"}},{"@type":"WebPage","@id":"http:\/\/globalattitude.org.br\/en\/guaratingueta-no-mundo-edital-prova-de-intercambio\/#webpage","url":"http:\/\/globalattitude.org.br\/en\/guaratingueta-no-mundo-edital-prova-de-intercambio\/","name":"Guaratinguet\u00e1 no Mundo | Edital prova de interc\u00e2mbio - Instituto Global Attitude","description":"Os alunos da rede municipal de Guaratinguet\u00e1, em S\u00e3o Paulo, inscritos no programa Guaratinguet\u00e1 no Mundo poder\u00e3o realizar a prova de sele\u00e7\u00e3o para o interc\u00e2mbio no dia 15\/03. As inscri\u00e7\u00f5es estar\u00e3o abertas de 02\/03 a 09\/03. Nesta aba os alunos poder\u00e3o acessar o edital e se preparar para a prova. Dentro do edital, poder\u00e3o acessar","inLanguage":"en-US","isPartOf":{"@id":"http:\/\/globalattitude.org.br\/en\/#website"},"breadcrumb":{"@id":"http:\/\/globalattitude.org.br\/en\/guaratingueta-no-mundo-edital-prova-de-intercambio\/#breadcrumblist"},"author":{"@id":"http:\/\/globalattitude.org.br\/en\/author\/comunicacao\/#author"},"creator":{"@id":"http:\/\/globalattitude.org.br\/en\/author\/comunicacao\/#author"},"datePublished":"2026-03-02T11:06:56-03:00","dateModified":"2026-04-01T16:35:00-03:00"},{"@type":"WebSite","@id":"http:\/\/globalattitude.org.br\/en\/#website","url":"http:\/\/globalattitude.org.br\/en\/","name":"Global Attitude","inLanguage":"en-US","publisher":{"@id":"http:\/\/globalattitude.org.br\/en\/#organization"}}]},"og:locale":"en_US","og:site_name":"Instituto Global Attitude -","og:type":"article","og:title":"Guaratinguet\u00e1 no Mundo | Edital prova de interc\u00e2mbio - Instituto Global Attitude","og:description":"Os alunos da rede municipal de Guaratinguet\u00e1, em S\u00e3o Paulo, inscritos no programa Guaratinguet\u00e1 no Mundo poder\u00e3o realizar a prova de sele\u00e7\u00e3o para o interc\u00e2mbio no dia 15\/03. As inscri\u00e7\u00f5es estar\u00e3o abertas de 02\/03 a 09\/03. Nesta aba os alunos poder\u00e3o acessar o edital e se preparar para a prova. Dentro do edital, poder\u00e3o acessar","og:url":"http:\/\/globalattitude.org.br\/en\/guaratingueta-no-mundo-edital-prova-de-intercambio\/","article:published_time":"2026-03-02T14:06:56+00:00","article:modified_time":"2026-04-01T19:35:00+00:00","twitter:card":"summary_large_image","twitter:title":"Guaratinguet\u00e1 no Mundo | Edital prova de interc\u00e2mbio - Instituto Global Attitude","twitter:description":"Os alunos da rede municipal de Guaratinguet\u00e1, em S\u00e3o Paulo, inscritos no programa Guaratinguet\u00e1 no Mundo poder\u00e3o realizar a prova de sele\u00e7\u00e3o para o interc\u00e2mbio no dia 15\/03. As inscri\u00e7\u00f5es estar\u00e3o abertas de 02\/03 a 09\/03. Nesta aba os alunos poder\u00e3o acessar o edital e se preparar para a prova. Dentro do edital, poder\u00e3o acessar"},"aioseo_meta_data":{"post_id":"13850","title":null,"description":null,"keywords":null,"keyphrases":{"focus":{"keyphrase":"","score":0,"analysis":{"keyphraseInTitle":{"score":0,"maxScore":9,"error":1}}},"additional":[]},"primary_term":null,"canonical_url":null,"og_title":null,"og_description":null,"og_object_type":"default","og_image_type":"default","og_image_url":null,"og_image_width":null,"og_image_height":null,"og_image_custom_url":null,"og_image_custom_fields":null,"og_video":"","og_custom_url":null,"og_article_section":null,"og_article_tags":null,"twitter_use_og":false,"twitter_card":"default","twitter_image_type":"default","twitter_image_url":null,"twitter_image_custom_url":null,"twitter_image_custom_fields":null,"twitter_title":null,"twitter_description":null,"schema":{"blockGraphs":[],"customGraphs":[],"default":{"data":{"Article":[],"Course":[],"Dataset":[],"FAQPage":[],"Movie":[],"Person":[],"Product":[],"ProductReview":[],"Car":[],"Recipe":[],"Service":[],"SoftwareApplication":[],"WebPage":[]},"graphName":"BlogPosting","isEnabled":true},"graphs":[]},"schema_type":"default","schema_type_options":null,"pillar_content":false,"robots_default":true,"robots_noindex":false,"robots_noarchive":false,"robots_nosnippet":false,"robots_nofollow":false,"robots_noimageindex":false,"robots_noodp":false,"robots_notranslate":false,"robots_max_snippet":"-1","robots_max_videopreview":"-1","robots_max_imagepreview":"large","priority":null,"frequency":"default","local_seo":null,"breadcrumb_settings":null,"limit_modified_date":false,"ai":{"faqs":[],"keyPoints":[],"titles":[],"descriptions":[],"socialPosts":{"email":[],"linkedin":[],"twitter":[],"facebook":[],"instagram":[]}},"created":"2026-03-02 14:04:59","updated":"2026-04-09 09:28:47","seo_analyzer_scan_date":null,"focus_keyword":null,"additional_keywords":null,"truseo_locale":null},"aioseo_breadcrumb":"<div class=\"aioseo-breadcrumbs\"><span class=\"aioseo-breadcrumb\">\n\t\t\t<a href=\"http:\/\/globalattitude.org.br\/en\/\" title=\"Home\">Home<\/a>\n\t\t<\/span><span class=\"aioseo-breadcrumb-separator\">&raquo;<\/span><span class=\"aioseo-breadcrumb\">\n\t\t\t<a href=\"http:\/\/globalattitude.org.br\/en\/category\/nao-categorizado\/\" title=\"N\u00e3o categorizado\">N\u00e3o categorizado<\/a>\n\t\t<\/span><span class=\"aioseo-breadcrumb-separator\">&raquo;<\/span><span class=\"aioseo-breadcrumb\">\n\t\t\tGuaratinguet\u00e1 no Mundo | Edital prova de interc\u00e2mbio\n\t\t<\/span><\/div>","aioseo_breadcrumb_json":[{"label":"Home","link":"http:\/\/globalattitude.org.br\/en\/"},{"label":"N\u00e3o categorizado","link":"http:\/\/globalattitude.org.br\/en\/category\/nao-categorizado\/"},{"label":"Guaratinguet\u00e1 no Mundo | Edital prova de interc\u00e2mbio","link":"http:\/\/globalattitude.org.br\/en\/guaratingueta-no-mundo-edital-prova-de-intercambio\/"}],"yoast_head":"<!-- This site is optimized with the Yoast SEO plugin v28.4 - https:\/\/yoast.com\/product\/yoast-seo-wordpress\/ -->\n<title>Guaratinguet\u00e1 no Mundo | Edital prova de interc\u00e2mbio - Instituto Global Attitude<\/title>\n<meta name=\"robots\" content=\"index, follow, max-snippet:-1, max-image-preview:large, max-video-preview:-1\" \/>\n<link rel=\"canonical\" href=\"https:\/\/globalattitude.org.br\/guaratingueta-no-mundo-edital-prova-de-intercambio\/\" \/>\n<meta property=\"og:locale\" content=\"en_US\" \/>\n<meta property=\"og:type\" content=\"article\" \/>\n<meta property=\"og:title\" content=\"Guaratinguet\u00e1 no Mundo | Edital prova de interc\u00e2mbio - Instituto Global Attitude\" \/>\n<meta property=\"og:description\" content=\"Os alunos da rede municipal de Guaratinguet\u00e1, em S\u00e3o Paulo, inscritos no programa Guaratinguet\u00e1 no Mundo poder\u00e3o realizar a prova de sele\u00e7\u00e3o para o interc\u00e2mbio no dia 15\/03. As inscri\u00e7\u00f5es estar\u00e3o abertas de 02\/03 a 09\/03. Nesta aba os alunos poder\u00e3o acessar o edital e se preparar para a prova. Dentro do edital, poder\u00e3o acessar [&hellip;]\" \/>\n<meta property=\"og:url\" content=\"https:\/\/globalattitude.org.br\/guaratingueta-no-mundo-edital-prova-de-intercambio\/\" \/>\n<meta property=\"og:site_name\" content=\"Instituto Global Attitude\" \/>\n<meta property=\"article:publisher\" content=\"https:\/\/www.facebook.com\/global.attitude.org\/\" \/>\n<meta property=\"article:published_time\" content=\"2026-03-02T14:06:56+00:00\" \/>\n<meta property=\"article:modified_time\" content=\"2026-04-01T19:35:00+00:00\" \/>\n<meta name=\"author\" content=\"comunicacao\" \/>\n<meta name=\"twitter:card\" content=\"summary_large_image\" \/>\n<meta name=\"twitter:creator\" content=\"@global_attitude\" \/>\n<meta name=\"twitter:site\" content=\"@global_attitude\" \/>\n<meta name=\"twitter:label1\" content=\"Written by\" \/>\n\t<meta name=\"twitter:data1\" content=\"comunicacao\" \/>\n\t<meta name=\"twitter:label2\" content=\"Est. reading time\" \/>\n\t<meta name=\"twitter:data2\" content=\"1 minute\" \/>\n<script type=\"application\/ld+json\" class=\"yoast-schema-graph\">{\"@context\":\"https:\\\/\\\/schema.org\",\"@graph\":[{\"@type\":[\"Article\",\"BlogPosting\"],\"@id\":\"https:\\\/\\\/globalattitude.org.br\\\/guaratingueta-no-mundo-edital-prova-de-intercambio\\\/#article\",\"isPartOf\":{\"@id\":\"https:\\\/\\\/globalattitude.org.br\\\/guaratingueta-no-mundo-edital-prova-de-intercambio\\\/\"},\"author\":{\"name\":\"comunicacao\",\"@id\":\"https:\\\/\\\/globalattitude.org.br\\\/#\\\/schema\\\/person\\\/d2d0edb26129b7407b05aa493af63725\"},\"headline\":\"Guaratinguet\u00e1 no Mundo | Edital prova de interc\u00e2mbio\",\"datePublished\":\"2026-03-02T14:06:56+00:00\",\"dateModified\":\"2026-04-01T19:35:00+00:00\",\"mainEntityOfPage\":{\"@id\":\"https:\\\/\\\/globalattitude.org.br\\\/guaratingueta-no-mundo-edital-prova-de-intercambio\\\/\"},\"wordCount\":97,\"commentCount\":0,\"publisher\":{\"@id\":\"https:\\\/\\\/globalattitude.org.br\\\/#organization\"},\"articleSection\":[\"N\u00e3o categorizado\"],\"inLanguage\":\"en-US\",\"potentialAction\":[{\"@type\":\"CommentAction\",\"name\":\"Comment\",\"target\":[\"https:\\\/\\\/globalattitude.org.br\\\/guaratingueta-no-mundo-edital-prova-de-intercambio\\\/#respond\"]}]},{\"@type\":\"WebPage\",\"@id\":\"https:\\\/\\\/globalattitude.org.br\\\/guaratingueta-no-mundo-edital-prova-de-intercambio\\\/\",\"url\":\"https:\\\/\\\/globalattitude.org.br\\\/guaratingueta-no-mundo-edital-prova-de-intercambio\\\/\",\"name\":\"Guaratinguet\u00e1 no Mundo | Edital prova de interc\u00e2mbio - Instituto Global Attitude\",\"isPartOf\":{\"@id\":\"https:\\\/\\\/globalattitude.org.br\\\/#website\"},\"datePublished\":\"2026-03-02T14:06:56+00:00\",\"dateModified\":\"2026-04-01T19:35:00+00:00\",\"breadcrumb\":{\"@id\":\"https:\\\/\\\/globalattitude.org.br\\\/guaratingueta-no-mundo-edital-prova-de-intercambio\\\/#breadcrumb\"},\"inLanguage\":\"en-US\",\"potentialAction\":[{\"@type\":\"ReadAction\",\"target\":[\"https:\\\/\\\/globalattitude.org.br\\\/guaratingueta-no-mundo-edital-prova-de-intercambio\\\/\"]}]},{\"@type\":\"BreadcrumbList\",\"@id\":\"https:\\\/\\\/globalattitude.org.br\\\/guaratingueta-no-mundo-edital-prova-de-intercambio\\\/#breadcrumb\",\"itemListElement\":[{\"@type\":\"ListItem\",\"position\":1,\"name\":\"In\u00edcio\",\"item\":\"http:\\\/\\\/globalattitude.org.br\\\/en\\\/\"},{\"@type\":\"ListItem\",\"position\":2,\"name\":\"Guaratinguet\u00e1 no Mundo | Edital prova de interc\u00e2mbio\"}]},{\"@type\":\"WebSite\",\"@id\":\"https:\\\/\\\/globalattitude.org.br\\\/#website\",\"url\":\"https:\\\/\\\/globalattitude.org.br\\\/\",\"name\":\"Instituto Global Attitude\",\"description\":\"\",\"publisher\":{\"@id\":\"https:\\\/\\\/globalattitude.org.br\\\/#organization\"},\"potentialAction\":[{\"@type\":\"SearchAction\",\"target\":{\"@type\":\"EntryPoint\",\"urlTemplate\":\"https:\\\/\\\/globalattitude.org.br\\\/?s={search_term_string}\"},\"query-input\":{\"@type\":\"PropertyValueSpecification\",\"valueRequired\":true,\"valueName\":\"search_term_string\"}}],\"inLanguage\":\"en-US\"},{\"@type\":\"Organization\",\"@id\":\"https:\\\/\\\/globalattitude.org.br\\\/#organization\",\"name\":\"Instituto Global Attitude\",\"url\":\"https:\\\/\\\/globalattitude.org.br\\\/\",\"logo\":{\"@type\":\"ImageObject\",\"inLanguage\":\"en-US\",\"@id\":\"https:\\\/\\\/globalattitude.org.br\\\/#\\\/schema\\\/logo\\\/image\\\/\",\"url\":\"https:\\\/\\\/globalattitude.org.br\\\/wp-content\\\/uploads\\\/2023\\\/01\\\/instituto-global-attitude-color.png\",\"contentUrl\":\"https:\\\/\\\/globalattitude.org.br\\\/wp-content\\\/uploads\\\/2023\\\/01\\\/instituto-global-attitude-color.png\",\"width\":300,\"height\":131,\"caption\":\"Instituto Global Attitude\"},\"image\":{\"@id\":\"https:\\\/\\\/globalattitude.org.br\\\/#\\\/schema\\\/logo\\\/image\\\/\"},\"sameAs\":[\"https:\\\/\\\/www.facebook.com\\\/global.attitude.org\\\/\",\"https:\\\/\\\/x.com\\\/global_attitude\",\"https:\\\/\\\/www.instagram.com\\\/globalattitude\",\"https:\\\/\\\/www.linkedin.com\\\/company\\\/global-attitude\\\/?viewAsMember=true\"]},{\"@type\":\"Person\",\"@id\":\"https:\\\/\\\/globalattitude.org.br\\\/#\\\/schema\\\/person\\\/d2d0edb26129b7407b05aa493af63725\",\"name\":\"comunicacao\",\"image\":{\"@type\":\"ImageObject\",\"inLanguage\":\"en-US\",\"@id\":\"https:\\\/\\\/secure.gravatar.com\\\/avatar\\\/a25dbef6d352d1355e632d9629c19165ddb3e176cbcb21ee573e3d96d011d16b?s=96&d=mm&r=g\",\"url\":\"https:\\\/\\\/secure.gravatar.com\\\/avatar\\\/a25dbef6d352d1355e632d9629c19165ddb3e176cbcb21ee573e3d96d011d16b?s=96&d=mm&r=g\",\"contentUrl\":\"https:\\\/\\\/secure.gravatar.com\\\/avatar\\\/a25dbef6d352d1355e632d9629c19165ddb3e176cbcb21ee573e3d96d011d16b?s=96&d=mm&r=g\",\"caption\":\"comunicacao\"},\"url\":\"http:\\\/\\\/globalattitude.org.br\\\/en\\\/author\\\/comunicacao\\\/\"}]}<\/script>\n<!-- \/ Yoast SEO plugin. -->","yoast_head_json":{"title":"Guaratinguet\u00e1 no Mundo | Edital prova de interc\u00e2mbio - Instituto Global Attitude","robots":{"index":"index","follow":"follow","max-snippet":"max-snippet:-1","max-image-preview":"max-image-preview:large","max-video-preview":"max-video-preview:-1"},"canonical":"https:\/\/globalattitude.org.br\/guaratingueta-no-mundo-edital-prova-de-intercambio\/","og_locale":"en_US","og_type":"article","og_title":"Guaratinguet\u00e1 no Mundo | Edital prova de interc\u00e2mbio - Instituto Global Attitude","og_description":"Os alunos da rede municipal de Guaratinguet\u00e1, em S\u00e3o Paulo, inscritos no programa Guaratinguet\u00e1 no Mundo poder\u00e3o realizar a prova de sele\u00e7\u00e3o para o interc\u00e2mbio no dia 15\/03. As inscri\u00e7\u00f5es estar\u00e3o abertas de 02\/03 a 09\/03. Nesta aba os alunos poder\u00e3o acessar o edital e se preparar para a prova. Dentro do edital, poder\u00e3o acessar [&hellip;]","og_url":"https:\/\/globalattitude.org.br\/guaratingueta-no-mundo-edital-prova-de-intercambio\/","og_site_name":"Instituto Global Attitude","article_publisher":"https:\/\/www.facebook.com\/global.attitude.org\/","article_published_time":"2026-03-02T14:06:56+00:00","article_modified_time":"2026-04-01T19:35:00+00:00","author":"comunicacao","twitter_card":"summary_large_image","twitter_creator":"@global_attitude","twitter_site":"@global_attitude","twitter_misc":{"Written by":"comunicacao","Est. reading time":"1 minute"},"schema":{"@context":"https:\/\/schema.org","@graph":[{"@type":["Article","BlogPosting"],"@id":"https:\/\/globalattitude.org.br\/guaratingueta-no-mundo-edital-prova-de-intercambio\/#article","isPartOf":{"@id":"https:\/\/globalattitude.org.br\/guaratingueta-no-mundo-edital-prova-de-intercambio\/"},"author":{"name":"comunicacao","@id":"https:\/\/globalattitude.org.br\/#\/schema\/person\/d2d0edb26129b7407b05aa493af63725"},"headline":"Guaratinguet\u00e1 no Mundo | Edital prova de interc\u00e2mbio","datePublished":"2026-03-02T14:06:56+00:00","dateModified":"2026-04-01T19:35:00+00:00","mainEntityOfPage":{"@id":"https:\/\/globalattitude.org.br\/guaratingueta-no-mundo-edital-prova-de-intercambio\/"},"wordCount":97,"commentCount":0,"publisher":{"@id":"https:\/\/globalattitude.org.br\/#organization"},"articleSection":["N\u00e3o categorizado"],"inLanguage":"en-US","potentialAction":[{"@type":"CommentAction","name":"Comment","target":["https:\/\/globalattitude.org.br\/guaratingueta-no-mundo-edital-prova-de-intercambio\/#respond"]}]},{"@type":"WebPage","@id":"https:\/\/globalattitude.org.br\/guaratingueta-no-mundo-edital-prova-de-intercambio\/","url":"https:\/\/globalattitude.org.br\/guaratingueta-no-mundo-edital-prova-de-intercambio\/","name":"Guaratinguet\u00e1 no Mundo | Edital prova de interc\u00e2mbio - Instituto Global Attitude","isPartOf":{"@id":"https:\/\/globalattitude.org.br\/#website"},"datePublished":"2026-03-02T14:06:56+00:00","dateModified":"2026-04-01T19:35:00+00:00","breadcrumb":{"@id":"https:\/\/globalattitude.org.br\/guaratingueta-no-mundo-edital-prova-de-intercambio\/#breadcrumb"},"inLanguage":"en-US","potentialAction":[{"@type":"ReadAction","target":["https:\/\/globalattitude.org.br\/guaratingueta-no-mundo-edital-prova-de-intercambio\/"]}]},{"@type":"BreadcrumbList","@id":"https:\/\/globalattitude.org.br\/guaratingueta-no-mundo-edital-prova-de-intercambio\/#breadcrumb","itemListElement":[{"@type":"ListItem","position":1,"name":"In\u00edcio","item":"http:\/\/globalattitude.org.br\/en\/"},{"@type":"ListItem","position":2,"name":"Guaratinguet\u00e1 no Mundo | Edital prova de interc\u00e2mbio"}]},{"@type":"WebSite","@id":"https:\/\/globalattitude.org.br\/#website","url":"https:\/\/globalattitude.org.br\/","name":"Instituto Global Attitude","description":"","publisher":{"@id":"https:\/\/globalattitude.org.br\/#organization"},"potentialAction":[{"@type":"SearchAction","target":{"@type":"EntryPoint","urlTemplate":"https:\/\/globalattitude.org.br\/?s={search_term_string}"},"query-input":{"@type":"PropertyValueSpecification","valueRequired":true,"valueName":"search_term_string"}}],"inLanguage":"en-US"},{"@type":"Organization","@id":"https:\/\/globalattitude.org.br\/#organization","name":"Instituto Global Attitude","url":"https:\/\/globalattitude.org.br\/","logo":{"@type":"ImageObject","inLanguage":"en-US","@id":"https:\/\/globalattitude.org.br\/#\/schema\/logo\/image\/","url":"https:\/\/globalattitude.org.br\/wp-content\/uploads\/2023\/01\/instituto-global-attitude-color.png","contentUrl":"https:\/\/globalattitude.org.br\/wp-content\/uploads\/2023\/01\/instituto-global-attitude-color.png","width":300,"height":131,"caption":"Instituto Global Attitude"},"image":{"@id":"https:\/\/globalattitude.org.br\/#\/schema\/logo\/image\/"},"sameAs":["https:\/\/www.facebook.com\/global.attitude.org\/","https:\/\/x.com\/global_attitude","https:\/\/www.instagram.com\/globalattitude","https:\/\/www.linkedin.com\/company\/global-attitude\/?viewAsMember=true"]},{"@type":"Person","@id":"https:\/\/globalattitude.org.br\/#\/schema\/person\/d2d0edb26129b7407b05aa493af63725","name":"comunicacao","image":{"@type":"ImageObject","inLanguage":"en-US","@id":"https:\/\/secure.gravatar.com\/avatar\/a25dbef6d352d1355e632d9629c19165ddb3e176cbcb21ee573e3d96d011d16b?s=96&d=mm&r=g","url":"https:\/\/secure.gravatar.com\/avatar\/a25dbef6d352d1355e632d9629c19165ddb3e176cbcb21ee573e3d96d011d16b?s=96&d=mm&r=g","contentUrl":"https:\/\/secure.gravatar.com\/avatar\/a25dbef6d352d1355e632d9629c19165ddb3e176cbcb21ee573e3d96d011d16b?s=96&d=mm&r=g","caption":"comunicacao"},"url":"http:\/\/globalattitude.org.br\/en\/author\/comunicacao\/"}]}},"_links":{"self":[{"href":"http:\/\/globalattitude.org.br\/en\/wp-json\/wp\/v2\/posts\/13850","targetHints":{"allow":["GET"]}}],"collection":[{"href":"http:\/\/globalattitude.org.br\/en\/wp-json\/wp\/v2\/posts"}],"about":[{"href":"http:\/\/globalattitude.org.br\/en\/wp-json\/wp\/v2\/types\/post"}],"author":[{"embeddable":true,"href":"http:\/\/globalattitude.org.br\/en\/wp-json\/wp\/v2\/users\/4"}],"replies":[{"embeddable":true,"href":"http:\/\/globalattitude.org.br\/en\/wp-json\/wp\/v2\/comments?post=13850"}],"version-history":[{"count":8,"href":"http:\/\/globalattitude.org.br\/en\/wp-json\/wp\/v2\/posts\/13850\/revisions"}],"predecessor-version":[{"id":13937,"href":"http:\/\/globalattitude.org.br\/en\/wp-json\/wp\/v2\/posts\/13850\/revisions\/13937"}],"wp:attachment":[{"href":"http:\/\/globalattitude.org.br\/en\/wp-json\/wp\/v2\/media?parent=13850"}],"wp:term":[{"taxonomy":"category","embeddable":true,"href":"http:\/\/globalattitude.org.br\/en\/wp-json\/wp\/v2\/categories?post=13850"},{"taxonomy":"post_tag","embeddable":true,"href":"http:\/\/globalattitude.org.br\/en\/wp-json\/wp\/v2\/tags?post=13850"}],"curies":[{"name":"wp","href":"https:\/\/api.w.org\/{rel}","templated":true}]}}