{"id":1727,"date":"2017-06-02T20:32:03","date_gmt":"2017-06-02T23:32:03","guid":{"rendered":"https:\/\/globalattitude.org.br\/conheca-a-delegacao-que-vai-a-paris-para-o-oecd-forum-2017\/"},"modified":"2023-03-10T10:19:20","modified_gmt":"2023-03-10T13:19:20","slug":"conheca-a-delegacao-que-vai-a-paris-para-o-oecd-forum-2017","status":"publish","type":"post","link":"http:\/\/globalattitude.org.br\/en\/conheca-a-delegacao-que-vai-a-paris-para-o-oecd-forum-2017\/","title":{"rendered":"Conhe\u00e7a a delega\u00e7\u00e3o que vai a Paris para o OECD Forum 2017"},"content":{"rendered":"<p><img fetchpriority=\"high\" decoding=\"async\" class=\"alignnone wp-image-3322 size-full\" src=\"http:\/\/globalattitude.org.br\/wp-content\/uploads\/2023\/03\/unknown_0-1.png\" alt=\"\" width=\"481\" height=\"240\" \/><\/p>\n<p>&#8220;Aproximar as divis\u00f5es&#8221;: \u00e9 este o tema da edi\u00e7\u00e3o deste ano do <a href=\"http:\/\/www.oecd.org\/forum\/about\/\">OECD Forum<\/a> &#8211; Organiza\u00e7\u00e3o para a Coopera\u00e7\u00e3o e Desenvolvimento Econ\u00f4mico OECD, que ser\u00e1 realizado em Paris na pr\u00f3xima semana.<\/p>\n<p>Nos\u00a0dias 6 e 7 de junho, centenas de l\u00edderes mundiais e participantes da sociedade civil estar\u00e3o reunidos na capital francesa para debaterem sobre os mais atuais e pertinentes temas relacionados aos desafios econ\u00f4micos e sociais globais.<\/p>\n<p>Entre eles, estar\u00e3o quatro jovens delegadas\u00a0escolhidas e capacitadas pelo Diplomacia Civil, do Instituto Global Attitude, acompanhadas por um\u00a0coordenador com experi\u00eancia em diversos eventos do programa.<\/p>\n<p>Conhe\u00e7a um pouco mais sobre quem ir\u00e1 compor a delega\u00e7\u00e3o desta edi\u00e7\u00e3o:<\/p>\n<p>&nbsp;<\/p>\n<p><span style=\"font-weight: 400;\"><span style=\"font-weight: 400;\"><strong><img decoding=\"async\" class=\"alignleft wp-image-3318 size-thumbnail\" src=\"http:\/\/globalattitude.org.br\/wp-content\/uploads\/2023\/03\/Screen-Shot-2017-06-02-at-4.35.50-PM-150x150.png\" alt=\"\" width=\"150\" height=\"150\" \/>Clara Nogueira<\/strong> \u00e9 graduada no curso de Direito pela Universidade Federal da Bahia (UFBA). Oradora e Pesquisadora do Subn\u00facleo de Direitos Humanos do N\u00facleo de Competi\u00e7\u00f5es Internacionais (NCI) da UFBA, foi bolsista do Ford Motor Company Global Scholars Program, no The Washington Center, em programa realizado\u00a0durante o segundo semestre do ano\u00a0ano de 2016. Durante seus estudos foi\u00a0tamb\u00e9m estagi\u00e1ria da Brazil Industries Coalition (BIC), com atua\u00e7\u00e3o principalmente na<\/span><span style=\"font-weight: 400;\">\u00a0\u00e1rea de Diplomacia Empresarial.<\/span><strong>\u00a0<\/strong><\/span><\/p>\n<p>&nbsp;<\/p>\n<p><span style=\"font-weight: 400;\"><strong><img decoding=\"async\" class=\"wp-image-3319 size-thumbnail alignright\" src=\"http:\/\/globalattitude.org.br\/wp-content\/uploads\/2023\/03\/Screen-Shot-2017-06-02-at-4.36.02-PM-150x150.png\" alt=\"\" width=\"150\" height=\"150\" \/>Mariana de Ara\u00fajo<\/strong> \u00e9 formada em Direito pela Universidade Federal de Juiz de Fora, com p\u00f3s-gradua\u00e7\u00e3o em Direitos Humanos pela Funda\u00e7\u00e3o Get\u00falio Vargas e Micromaster em Social Work pela Universidade de Michigan, ambos em andamento. Fundou o grupo de voluntariado \u201cUbuntu Juiz de Fora\u201d, e atua h\u00e1 anos em causas sociais. Possui\u00a0experi\u00eancia volunt\u00e1ria internacional, tendo atuado na ONG franco-peruana ManoaMano, na Embaixada Francesa em Lima e com o TECHO Peru.\u00a0<\/span><span style=\"font-weight: 400;\">Durante a faculdade participou de projetos de pesquisa, monitorias, foi volunt\u00e1ria na Defensoria P\u00fablica e no Minist\u00e9rio P\u00fablico, al\u00e9m de estagi\u00e1ria em um escrit\u00f3rio de advocacia\u00a0e na Vara de Fam\u00edlia. Possui cursos de capacita\u00e7\u00e3o em Media\u00e7\u00e3o, Concilia\u00e7\u00e3o e em Direitos Humanos, e seus temas de interesse s\u00e3o direitos humanos, peacebuilding, direito internacional humanit\u00e1rio, quest\u00f5es migrat\u00f3rias e seguran\u00e7a internacional.<\/span><\/p>\n<p>&nbsp;<\/p>\n<p><strong><img loading=\"lazy\" decoding=\"async\" class=\"alignnone wp-image-3350 size-thumbnail alignleft\" src=\"http:\/\/globalattitude.org.br\/wp-content\/uploads\/2023\/03\/Luizacovre_foto2-150x150.jpg\" alt=\"\" width=\"150\" height=\"150\" \/>Luiza Covre<\/strong> atualmente cursa o s\u00e9timo per\u00edodo da Faculdade de Direito pelo Centro Universit\u00e1rio do Espirito Santo \u2013 UNESC Colatina, e especializa\u00e7\u00e3o em Negocia\u00e7\u00e3o Avan\u00e7ada pela Pontif\u00edcia Universidade Cat\u00f3lica \u2013 PUC Virtual\/MG. Ao longo do curso participou\u00a0de uma atividade de extens\u00e3o e aperfei\u00e7oamento em Lideran\u00e7a e Gest\u00e3o de Equipes pela Universidade Veiga de Almeida (UVA) com certifica\u00e7\u00e3o pela School of Continuing Education \u2013 Universitat de Barcelona. Estudou\u00a0Filosofia e Sociologia pela Funda\u00e7\u00e3o Get\u00falio Vargas, e atuou em\u00a0programas e projetos voltados \u00e0 gest\u00e3o promovidos pela Junior Achievement. Hoje, trabalha em um escrit\u00f3rio de advocacia, participa de pesquisas na \u00e1rea de Direitos Fundamentais e Responsabilidade do Estado e atua como volunt\u00e1ria na ActionAid.<\/p>\n<p>&nbsp;<\/p>\n<p><span style=\"font-weight: 400;\"><strong><img loading=\"lazy\" decoding=\"async\" class=\"wp-image-3351 alignright\" src=\"http:\/\/globalattitude.org.br\/wp-content\/uploads\/2023\/03\/Samyra_perfil_2-150x150.png\" alt=\"\" width=\"150\" height=\"150\" \/>Samyra Nakahira<\/strong>\u00a0\u00e9 graduada em Engenharia Ambiental pela Universidade Estadual Paulista (UNESP). Na faculdade fez\u00a0parte do projeto de extens\u00e3o Rede de Educa\u00e7\u00e3o Ambiental e 2 anos de inicia\u00e7\u00e3o cient\u00edfica sobre os efeitos dos interferentes end\u00f3crinos na \u00e1gua. Tamb\u00e9m fez parte da AIESEC Sorocaba, onde foi vice-presidente de interc\u00e2mbio social. Pela mesma organiza\u00e7\u00e3o, fez\u00a0interc\u00e2mbio para o Sri Lanka, onde trabalhou com efici\u00eancia energ\u00e9tica nas empresas da Expolanka Holdings. Hoje<\/span><span style=\"font-weight: 400;\">\u00a0atua como Analista de Opera\u00e7\u00f5es de TI no Ita\u00fa Unibanco, com trabalho voltado para a\u00a0\u00e1rea de indicadores e governan\u00e7a de processos. Al\u00e9m disso, participa das a\u00e7\u00f5es volunt\u00e1rias \u201cLeia para uma crian\u00e7a\u201d e \u201cVale a Pena Estudar\u201d do Instituto e Funda\u00e7\u00e3o Ita\u00fa Unibanco.<\/span><\/p>\n<p>&nbsp;<\/p>\n<p><strong><img loading=\"lazy\" decoding=\"async\" class=\"alignnone wp-image-3320 size-thumbnail alignleft\" src=\"http:\/\/globalattitude.org.br\/wp-content\/uploads\/2023\/03\/Pedro-Casali-768x541_pequeno-150x150-1.jpg\" alt=\"\" width=\"150\" height=\"150\" \/>Pedro Casali<\/strong> \u00e9 estudante de Engenharia de Controle e Automa\u00e7\u00e3o da Universidade Federal de Santa Catarina (UFSC) na\u00a0UFSC e est\u00e1 desde\u00a02015 na Fran\u00e7a, onde estuda para obter dupla diploma\u00e7\u00e3o em Engenharia El\u00e9trica no <i>Institut National Polytechnique de Toulouse.<\/i>\u00a0Em processo de finaliza\u00e7\u00e3o do seu est\u00e1gio na Fran\u00e7a, em julho ele retorna ao Brasil para se dedicar\u00a0\u00e0 sua nova\u00a0empreitada: foi escolhido escolhido pela Organiza\u00e7\u00e3o das Na\u00e7\u00f5es Unidas (ONU) para ser\u00a0integrante da <i>Local Pathways Fellowship<\/i>, uma rede formada por 50 jovens-l\u00edderes de v\u00e1rios pa\u00edses, com o objetivo de capacitar e empoderar jovens a implementarem os Objetivos do Desenvolvimento Sustent\u00e1vel (ODS) em sua regi\u00e3o. Pedro j\u00e1 participou de dois grandes eventos pelo Diplomacia Civil: o European Development Days e o Habitat III, em\u00a02016. Nessa semana em Paris, Pedro atuar\u00e1 como Head Delegate do\u00a0programa.<\/p>\n<p>&nbsp;<\/p>\n<p>Para ficar por dentro das principais\u00a0not\u00edcias de tudo o\u00a0que acontecer\u00e1 nesses dias de evento, siga acompanhando aqui no site e tamb\u00e9m nas <a href=\"https:\/\/www.facebook.com\/global.attitude.org\/?ref=br_rs\">redes sociais<\/a>.<\/p>\n<p>Se quiser saber mais detalhes sobre a OECD e o evento, confira\u00a0o site oficial:\u00a0<a href=\"http:\/\/www.oecd.org\/\">http:\/\/www.oecd.org\/<\/a><\/p>\n<p>O Diplomacia Civil e o Instituto Global Attitude desejam um excelente evento\u00a0\u00e0<em>\u00a0<\/em>delega\u00e7\u00e3o!<\/p>\n<p>&nbsp;<\/p>\n","protected":false},"excerpt":{"rendered":"<p>&#8220;Aproximar as divis\u00f5es&#8221;: \u00e9 este o tema da edi\u00e7\u00e3o deste ano do OECD Forum &#8211; Organiza\u00e7\u00e3o para a Coopera\u00e7\u00e3o e Desenvolvimento Econ\u00f4mico OECD, que ser\u00e1 realizado em Paris na pr\u00f3xima semana. Nos\u00a0dias 6 e 7 de junho, centenas de l\u00edderes mundiais e participantes da sociedade civil estar\u00e3o reunidos na capital francesa para debaterem sobre os [&hellip;]<\/p>\n","protected":false},"author":1,"featured_media":1728,"comment_status":"open","ping_status":"open","sticky":false,"template":"","format":"standard","meta":{"_acf_changed":false,"om_disable_all_campaigns":false,"_monsterinsights_skip_tracking":false,"_monsterinsights_sitenote_active":false,"_monsterinsights_sitenote_note":"","_monsterinsights_sitenote_category":0,"_uf_show_specific_survey":0,"_uf_disable_surveys":false,"footnotes":""},"categories":[22,34],"tags":[],"class_list":["post-1727","post","type-post","status-publish","format-standard","hentry","category-programas","category-ultimas"],"acf":[],"aioseo_notices":[],"yoast_head":"<!-- This site is optimized with the Yoast SEO plugin v27.5 - https:\/\/yoast.com\/product\/yoast-seo-wordpress\/ -->\n<title>Conhe\u00e7a a delega\u00e7\u00e3o que vai a Paris para o OECD Forum 2017 - Instituto Global Attitude<\/title>\n<meta name=\"robots\" content=\"index, follow, max-snippet:-1, max-image-preview:large, max-video-preview:-1\" \/>\n<link rel=\"canonical\" href=\"http:\/\/globalattitude.org.br\/en\/conheca-a-delegacao-que-vai-a-paris-para-o-oecd-forum-2017\/\" \/>\n<meta property=\"og:locale\" content=\"en_US\" \/>\n<meta property=\"og:type\" content=\"article\" \/>\n<meta property=\"og:title\" content=\"Conhe\u00e7a a delega\u00e7\u00e3o que vai a Paris para o OECD Forum 2017 - Instituto Global Attitude\" \/>\n<meta property=\"og:description\" content=\"&#8220;Aproximar as divis\u00f5es&#8221;: \u00e9 este o tema da edi\u00e7\u00e3o deste ano do OECD Forum &#8211; Organiza\u00e7\u00e3o para a Coopera\u00e7\u00e3o e Desenvolvimento Econ\u00f4mico OECD, que ser\u00e1 realizado em Paris na pr\u00f3xima semana. Nos\u00a0dias 6 e 7 de junho, centenas de l\u00edderes mundiais e participantes da sociedade civil estar\u00e3o reunidos na capital francesa para debaterem sobre os [&hellip;]\" \/>\n<meta property=\"og:url\" content=\"http:\/\/globalattitude.org.br\/en\/conheca-a-delegacao-que-vai-a-paris-para-o-oecd-forum-2017\/\" \/>\n<meta property=\"og:site_name\" content=\"Instituto Global Attitude\" \/>\n<meta property=\"article:publisher\" content=\"https:\/\/www.facebook.com\/global.attitude.org\/\" \/>\n<meta property=\"article:published_time\" content=\"2017-06-02T23:32:03+00:00\" \/>\n<meta property=\"article:modified_time\" content=\"2023-03-10T13:19:20+00:00\" \/>\n<meta property=\"og:image\" content=\"http:\/\/globalattitude.org.br\/wp-content\/uploads\/2023\/03\/unknown_0-1.png\" \/>\n\t<meta property=\"og:image:width\" content=\"481\" \/>\n\t<meta property=\"og:image:height\" content=\"240\" \/>\n\t<meta property=\"og:image:type\" content=\"image\/png\" \/>\n<meta name=\"author\" content=\"123esite\" \/>\n<meta name=\"twitter:card\" content=\"summary_large_image\" \/>\n<meta name=\"twitter:creator\" content=\"@global_attitude\" \/>\n<meta name=\"twitter:site\" content=\"@global_attitude\" \/>\n<meta name=\"twitter:label1\" content=\"Written by\" \/>\n\t<meta name=\"twitter:data1\" content=\"123esite\" \/>\n\t<meta name=\"twitter:label2\" content=\"Est. reading time\" \/>\n\t<meta name=\"twitter:data2\" content=\"4 minutes\" \/>\n<script type=\"application\/ld+json\" class=\"yoast-schema-graph\">{\"@context\":\"https:\\\/\\\/schema.org\",\"@graph\":[{\"@type\":[\"Article\",\"BlogPosting\"],\"@id\":\"http:\\\/\\\/globalattitude.org.br\\\/en\\\/conheca-a-delegacao-que-vai-a-paris-para-o-oecd-forum-2017\\\/#article\",\"isPartOf\":{\"@id\":\"http:\\\/\\\/globalattitude.org.br\\\/en\\\/conheca-a-delegacao-que-vai-a-paris-para-o-oecd-forum-2017\\\/\"},\"author\":{\"name\":\"123esite\",\"@id\":\"https:\\\/\\\/globalattitude.org.br\\\/en\\\/#\\\/schema\\\/person\\\/6d308f9d9d1eebad0278ad9386f13169\"},\"headline\":\"Conhe\u00e7a a delega\u00e7\u00e3o que vai a Paris para o OECD Forum 2017\",\"datePublished\":\"2017-06-02T23:32:03+00:00\",\"dateModified\":\"2023-03-10T13:19:20+00:00\",\"mainEntityOfPage\":{\"@id\":\"http:\\\/\\\/globalattitude.org.br\\\/en\\\/conheca-a-delegacao-que-vai-a-paris-para-o-oecd-forum-2017\\\/\"},\"wordCount\":832,\"commentCount\":0,\"publisher\":{\"@id\":\"https:\\\/\\\/globalattitude.org.br\\\/en\\\/#organization\"},\"image\":{\"@id\":\"http:\\\/\\\/globalattitude.org.br\\\/en\\\/conheca-a-delegacao-que-vai-a-paris-para-o-oecd-forum-2017\\\/#primaryimage\"},\"thumbnailUrl\":\"http:\\\/\\\/globalattitude.org.br\\\/wp-content\\\/uploads\\\/2023\\\/03\\\/unknown_0-1.png\",\"articleSection\":[\"Programas\",\"\u00daltimas\"],\"inLanguage\":\"en-US\",\"potentialAction\":[{\"@type\":\"CommentAction\",\"name\":\"Comment\",\"target\":[\"http:\\\/\\\/globalattitude.org.br\\\/en\\\/conheca-a-delegacao-que-vai-a-paris-para-o-oecd-forum-2017\\\/#respond\"]}]},{\"@type\":\"WebPage\",\"@id\":\"http:\\\/\\\/globalattitude.org.br\\\/en\\\/conheca-a-delegacao-que-vai-a-paris-para-o-oecd-forum-2017\\\/\",\"url\":\"http:\\\/\\\/globalattitude.org.br\\\/en\\\/conheca-a-delegacao-que-vai-a-paris-para-o-oecd-forum-2017\\\/\",\"name\":\"Conhe\u00e7a a delega\u00e7\u00e3o que vai a Paris para o OECD Forum 2017 - Instituto Global Attitude\",\"isPartOf\":{\"@id\":\"https:\\\/\\\/globalattitude.org.br\\\/en\\\/#website\"},\"primaryImageOfPage\":{\"@id\":\"http:\\\/\\\/globalattitude.org.br\\\/en\\\/conheca-a-delegacao-que-vai-a-paris-para-o-oecd-forum-2017\\\/#primaryimage\"},\"image\":{\"@id\":\"http:\\\/\\\/globalattitude.org.br\\\/en\\\/conheca-a-delegacao-que-vai-a-paris-para-o-oecd-forum-2017\\\/#primaryimage\"},\"thumbnailUrl\":\"http:\\\/\\\/globalattitude.org.br\\\/wp-content\\\/uploads\\\/2023\\\/03\\\/unknown_0-1.png\",\"datePublished\":\"2017-06-02T23:32:03+00:00\",\"dateModified\":\"2023-03-10T13:19:20+00:00\",\"breadcrumb\":{\"@id\":\"http:\\\/\\\/globalattitude.org.br\\\/en\\\/conheca-a-delegacao-que-vai-a-paris-para-o-oecd-forum-2017\\\/#breadcrumb\"},\"inLanguage\":\"en-US\",\"potentialAction\":[{\"@type\":\"ReadAction\",\"target\":[\"http:\\\/\\\/globalattitude.org.br\\\/en\\\/conheca-a-delegacao-que-vai-a-paris-para-o-oecd-forum-2017\\\/\"]}]},{\"@type\":\"ImageObject\",\"inLanguage\":\"en-US\",\"@id\":\"http:\\\/\\\/globalattitude.org.br\\\/en\\\/conheca-a-delegacao-que-vai-a-paris-para-o-oecd-forum-2017\\\/#primaryimage\",\"url\":\"http:\\\/\\\/globalattitude.org.br\\\/wp-content\\\/uploads\\\/2023\\\/03\\\/unknown_0-1.png\",\"contentUrl\":\"http:\\\/\\\/globalattitude.org.br\\\/wp-content\\\/uploads\\\/2023\\\/03\\\/unknown_0-1.png\",\"width\":481,\"height\":240},{\"@type\":\"BreadcrumbList\",\"@id\":\"http:\\\/\\\/globalattitude.org.br\\\/en\\\/conheca-a-delegacao-que-vai-a-paris-para-o-oecd-forum-2017\\\/#breadcrumb\",\"itemListElement\":[{\"@type\":\"ListItem\",\"position\":1,\"name\":\"In\u00edcio\",\"item\":\"https:\\\/\\\/globalattitude.org.br\\\/en\\\/\"},{\"@type\":\"ListItem\",\"position\":2,\"name\":\"Conhe\u00e7a a delega\u00e7\u00e3o que vai a Paris para o OECD Forum 2017\"}]},{\"@type\":\"WebSite\",\"@id\":\"https:\\\/\\\/globalattitude.org.br\\\/en\\\/#website\",\"url\":\"https:\\\/\\\/globalattitude.org.br\\\/en\\\/\",\"name\":\"Instituto Global Attitude\",\"description\":\"\",\"publisher\":{\"@id\":\"https:\\\/\\\/globalattitude.org.br\\\/en\\\/#organization\"},\"potentialAction\":[{\"@type\":\"SearchAction\",\"target\":{\"@type\":\"EntryPoint\",\"urlTemplate\":\"https:\\\/\\\/globalattitude.org.br\\\/en\\\/?s={search_term_string}\"},\"query-input\":{\"@type\":\"PropertyValueSpecification\",\"valueRequired\":true,\"valueName\":\"search_term_string\"}}],\"inLanguage\":\"en-US\"},{\"@type\":\"Organization\",\"@id\":\"https:\\\/\\\/globalattitude.org.br\\\/en\\\/#organization\",\"name\":\"Instituto Global Attitude\",\"url\":\"https:\\\/\\\/globalattitude.org.br\\\/en\\\/\",\"logo\":{\"@type\":\"ImageObject\",\"inLanguage\":\"en-US\",\"@id\":\"https:\\\/\\\/globalattitude.org.br\\\/en\\\/#\\\/schema\\\/logo\\\/image\\\/\",\"url\":\"https:\\\/\\\/globalattitude.org.br\\\/wp-content\\\/uploads\\\/2023\\\/01\\\/instituto-global-attitude-color.png\",\"contentUrl\":\"https:\\\/\\\/globalattitude.org.br\\\/wp-content\\\/uploads\\\/2023\\\/01\\\/instituto-global-attitude-color.png\",\"width\":300,\"height\":131,\"caption\":\"Instituto Global Attitude\"},\"image\":{\"@id\":\"https:\\\/\\\/globalattitude.org.br\\\/en\\\/#\\\/schema\\\/logo\\\/image\\\/\"},\"sameAs\":[\"https:\\\/\\\/www.facebook.com\\\/global.attitude.org\\\/\",\"https:\\\/\\\/x.com\\\/global_attitude\",\"https:\\\/\\\/www.instagram.com\\\/globalattitude\",\"https:\\\/\\\/www.linkedin.com\\\/company\\\/global-attitude\\\/?viewAsMember=true\"]},{\"@type\":\"Person\",\"@id\":\"https:\\\/\\\/globalattitude.org.br\\\/en\\\/#\\\/schema\\\/person\\\/6d308f9d9d1eebad0278ad9386f13169\",\"name\":\"123esite\",\"image\":{\"@type\":\"ImageObject\",\"inLanguage\":\"en-US\",\"@id\":\"https:\\\/\\\/secure.gravatar.com\\\/avatar\\\/07bd71fac19f42004f2b73567f012e126689afdb23cb0017536dea9113ba1806?s=96&d=mm&r=g\",\"url\":\"https:\\\/\\\/secure.gravatar.com\\\/avatar\\\/07bd71fac19f42004f2b73567f012e126689afdb23cb0017536dea9113ba1806?s=96&d=mm&r=g\",\"contentUrl\":\"https:\\\/\\\/secure.gravatar.com\\\/avatar\\\/07bd71fac19f42004f2b73567f012e126689afdb23cb0017536dea9113ba1806?s=96&d=mm&r=g\",\"caption\":\"123esite\"},\"sameAs\":[\"http:\\\/\\\/globalattitude.org.br\"],\"url\":\"http:\\\/\\\/globalattitude.org.br\\\/en\\\/author\\\/123esite\\\/\"}]}<\/script>\n<!-- \/ Yoast SEO plugin. -->","yoast_head_json":{"title":"Conhe\u00e7a a delega\u00e7\u00e3o que vai a Paris para o OECD Forum 2017 - Instituto Global Attitude","robots":{"index":"index","follow":"follow","max-snippet":"max-snippet:-1","max-image-preview":"max-image-preview:large","max-video-preview":"max-video-preview:-1"},"canonical":"http:\/\/globalattitude.org.br\/en\/conheca-a-delegacao-que-vai-a-paris-para-o-oecd-forum-2017\/","og_locale":"en_US","og_type":"article","og_title":"Conhe\u00e7a a delega\u00e7\u00e3o que vai a Paris para o OECD Forum 2017 - Instituto Global Attitude","og_description":"&#8220;Aproximar as divis\u00f5es&#8221;: \u00e9 este o tema da edi\u00e7\u00e3o deste ano do OECD Forum &#8211; Organiza\u00e7\u00e3o para a Coopera\u00e7\u00e3o e Desenvolvimento Econ\u00f4mico OECD, que ser\u00e1 realizado em Paris na pr\u00f3xima semana. Nos\u00a0dias 6 e 7 de junho, centenas de l\u00edderes mundiais e participantes da sociedade civil estar\u00e3o reunidos na capital francesa para debaterem sobre os [&hellip;]","og_url":"http:\/\/globalattitude.org.br\/en\/conheca-a-delegacao-que-vai-a-paris-para-o-oecd-forum-2017\/","og_site_name":"Instituto Global Attitude","article_publisher":"https:\/\/www.facebook.com\/global.attitude.org\/","article_published_time":"2017-06-02T23:32:03+00:00","article_modified_time":"2023-03-10T13:19:20+00:00","og_image":[{"width":481,"height":240,"url":"http:\/\/globalattitude.org.br\/wp-content\/uploads\/2023\/03\/unknown_0-1.png","type":"image\/png"}],"author":"123esite","twitter_card":"summary_large_image","twitter_creator":"@global_attitude","twitter_site":"@global_attitude","twitter_misc":{"Written by":"123esite","Est. reading time":"4 minutes"},"schema":{"@context":"https:\/\/schema.org","@graph":[{"@type":["Article","BlogPosting"],"@id":"http:\/\/globalattitude.org.br\/en\/conheca-a-delegacao-que-vai-a-paris-para-o-oecd-forum-2017\/#article","isPartOf":{"@id":"http:\/\/globalattitude.org.br\/en\/conheca-a-delegacao-que-vai-a-paris-para-o-oecd-forum-2017\/"},"author":{"name":"123esite","@id":"https:\/\/globalattitude.org.br\/en\/#\/schema\/person\/6d308f9d9d1eebad0278ad9386f13169"},"headline":"Conhe\u00e7a a delega\u00e7\u00e3o que vai a Paris para o OECD Forum 2017","datePublished":"2017-06-02T23:32:03+00:00","dateModified":"2023-03-10T13:19:20+00:00","mainEntityOfPage":{"@id":"http:\/\/globalattitude.org.br\/en\/conheca-a-delegacao-que-vai-a-paris-para-o-oecd-forum-2017\/"},"wordCount":832,"commentCount":0,"publisher":{"@id":"https:\/\/globalattitude.org.br\/en\/#organization"},"image":{"@id":"http:\/\/globalattitude.org.br\/en\/conheca-a-delegacao-que-vai-a-paris-para-o-oecd-forum-2017\/#primaryimage"},"thumbnailUrl":"http:\/\/globalattitude.org.br\/wp-content\/uploads\/2023\/03\/unknown_0-1.png","articleSection":["Programas","\u00daltimas"],"inLanguage":"en-US","potentialAction":[{"@type":"CommentAction","name":"Comment","target":["http:\/\/globalattitude.org.br\/en\/conheca-a-delegacao-que-vai-a-paris-para-o-oecd-forum-2017\/#respond"]}]},{"@type":"WebPage","@id":"http:\/\/globalattitude.org.br\/en\/conheca-a-delegacao-que-vai-a-paris-para-o-oecd-forum-2017\/","url":"http:\/\/globalattitude.org.br\/en\/conheca-a-delegacao-que-vai-a-paris-para-o-oecd-forum-2017\/","name":"Conhe\u00e7a a delega\u00e7\u00e3o que vai a Paris para o OECD Forum 2017 - Instituto Global Attitude","isPartOf":{"@id":"https:\/\/globalattitude.org.br\/en\/#website"},"primaryImageOfPage":{"@id":"http:\/\/globalattitude.org.br\/en\/conheca-a-delegacao-que-vai-a-paris-para-o-oecd-forum-2017\/#primaryimage"},"image":{"@id":"http:\/\/globalattitude.org.br\/en\/conheca-a-delegacao-que-vai-a-paris-para-o-oecd-forum-2017\/#primaryimage"},"thumbnailUrl":"http:\/\/globalattitude.org.br\/wp-content\/uploads\/2023\/03\/unknown_0-1.png","datePublished":"2017-06-02T23:32:03+00:00","dateModified":"2023-03-10T13:19:20+00:00","breadcrumb":{"@id":"http:\/\/globalattitude.org.br\/en\/conheca-a-delegacao-que-vai-a-paris-para-o-oecd-forum-2017\/#breadcrumb"},"inLanguage":"en-US","potentialAction":[{"@type":"ReadAction","target":["http:\/\/globalattitude.org.br\/en\/conheca-a-delegacao-que-vai-a-paris-para-o-oecd-forum-2017\/"]}]},{"@type":"ImageObject","inLanguage":"en-US","@id":"http:\/\/globalattitude.org.br\/en\/conheca-a-delegacao-que-vai-a-paris-para-o-oecd-forum-2017\/#primaryimage","url":"http:\/\/globalattitude.org.br\/wp-content\/uploads\/2023\/03\/unknown_0-1.png","contentUrl":"http:\/\/globalattitude.org.br\/wp-content\/uploads\/2023\/03\/unknown_0-1.png","width":481,"height":240},{"@type":"BreadcrumbList","@id":"http:\/\/globalattitude.org.br\/en\/conheca-a-delegacao-que-vai-a-paris-para-o-oecd-forum-2017\/#breadcrumb","itemListElement":[{"@type":"ListItem","position":1,"name":"In\u00edcio","item":"https:\/\/globalattitude.org.br\/en\/"},{"@type":"ListItem","position":2,"name":"Conhe\u00e7a a delega\u00e7\u00e3o que vai a Paris para o OECD Forum 2017"}]},{"@type":"WebSite","@id":"https:\/\/globalattitude.org.br\/en\/#website","url":"https:\/\/globalattitude.org.br\/en\/","name":"Instituto Global Attitude","description":"","publisher":{"@id":"https:\/\/globalattitude.org.br\/en\/#organization"},"potentialAction":[{"@type":"SearchAction","target":{"@type":"EntryPoint","urlTemplate":"https:\/\/globalattitude.org.br\/en\/?s={search_term_string}"},"query-input":{"@type":"PropertyValueSpecification","valueRequired":true,"valueName":"search_term_string"}}],"inLanguage":"en-US"},{"@type":"Organization","@id":"https:\/\/globalattitude.org.br\/en\/#organization","name":"Instituto Global Attitude","url":"https:\/\/globalattitude.org.br\/en\/","logo":{"@type":"ImageObject","inLanguage":"en-US","@id":"https:\/\/globalattitude.org.br\/en\/#\/schema\/logo\/image\/","url":"https:\/\/globalattitude.org.br\/wp-content\/uploads\/2023\/01\/instituto-global-attitude-color.png","contentUrl":"https:\/\/globalattitude.org.br\/wp-content\/uploads\/2023\/01\/instituto-global-attitude-color.png","width":300,"height":131,"caption":"Instituto Global Attitude"},"image":{"@id":"https:\/\/globalattitude.org.br\/en\/#\/schema\/logo\/image\/"},"sameAs":["https:\/\/www.facebook.com\/global.attitude.org\/","https:\/\/x.com\/global_attitude","https:\/\/www.instagram.com\/globalattitude","https:\/\/www.linkedin.com\/company\/global-attitude\/?viewAsMember=true"]},{"@type":"Person","@id":"https:\/\/globalattitude.org.br\/en\/#\/schema\/person\/6d308f9d9d1eebad0278ad9386f13169","name":"123esite","image":{"@type":"ImageObject","inLanguage":"en-US","@id":"https:\/\/secure.gravatar.com\/avatar\/07bd71fac19f42004f2b73567f012e126689afdb23cb0017536dea9113ba1806?s=96&d=mm&r=g","url":"https:\/\/secure.gravatar.com\/avatar\/07bd71fac19f42004f2b73567f012e126689afdb23cb0017536dea9113ba1806?s=96&d=mm&r=g","contentUrl":"https:\/\/secure.gravatar.com\/avatar\/07bd71fac19f42004f2b73567f012e126689afdb23cb0017536dea9113ba1806?s=96&d=mm&r=g","caption":"123esite"},"sameAs":["http:\/\/globalattitude.org.br"],"url":"http:\/\/globalattitude.org.br\/en\/author\/123esite\/"}]}},"_links":{"self":[{"href":"http:\/\/globalattitude.org.br\/en\/wp-json\/wp\/v2\/posts\/1727","targetHints":{"allow":["GET"]}}],"collection":[{"href":"http:\/\/globalattitude.org.br\/en\/wp-json\/wp\/v2\/posts"}],"about":[{"href":"http:\/\/globalattitude.org.br\/en\/wp-json\/wp\/v2\/types\/post"}],"author":[{"embeddable":true,"href":"http:\/\/globalattitude.org.br\/en\/wp-json\/wp\/v2\/users\/1"}],"replies":[{"embeddable":true,"href":"http:\/\/globalattitude.org.br\/en\/wp-json\/wp\/v2\/comments?post=1727"}],"version-history":[{"count":1,"href":"http:\/\/globalattitude.org.br\/en\/wp-json\/wp\/v2\/posts\/1727\/revisions"}],"predecessor-version":[{"id":1734,"href":"http:\/\/globalattitude.org.br\/en\/wp-json\/wp\/v2\/posts\/1727\/revisions\/1734"}],"wp:featuredmedia":[{"embeddable":true,"href":"http:\/\/globalattitude.org.br\/en\/wp-json\/wp\/v2\/media\/1728"}],"wp:attachment":[{"href":"http:\/\/globalattitude.org.br\/en\/wp-json\/wp\/v2\/media?parent=1727"}],"wp:term":[{"taxonomy":"category","embeddable":true,"href":"http:\/\/globalattitude.org.br\/en\/wp-json\/wp\/v2\/categories?post=1727"},{"taxonomy":"post_tag","embeddable":true,"href":"http:\/\/globalattitude.org.br\/en\/wp-json\/wp\/v2\/tags?post=1727"}],"curies":[{"name":"wp","href":"https:\/\/api.w.org\/{rel}","templated":true}]}}