{"id":1762,"date":"2017-06-13T18:41:50","date_gmt":"2017-06-13T21:41:50","guid":{"rendered":"https:\/\/globalattitude.org.br\/tema-migracoes-e-destaque-no-european-development-days-2017\/"},"modified":"2023-03-10T10:20:19","modified_gmt":"2023-03-10T13:20:19","slug":"tema-migracoes-e-destaque-no-european-development-days-2017","status":"publish","type":"post","link":"http:\/\/globalattitude.org.br\/en\/tema-migracoes-e-destaque-no-european-development-days-2017\/","title":{"rendered":"Tema &#8216;Migra\u00e7\u00f5es&#8217; \u00e9 destaque no European Development Days 2017"},"content":{"rendered":"<p><img fetchpriority=\"high\" decoding=\"async\" class=\"alignnone wp-image-3359 size-full\" src=\"http:\/\/globalattitude.org.br\/wp-content\/uploads\/2023\/03\/world-information-sharing.jpg\" alt=\"\" width=\"580\" height=\"335\" \/><\/p>\n<p>Na semana passada, entre 6 e 7 de junho, o programa <strong>Diplomacia Civil,<\/strong> do Instituto Global Attitude, esteve presente em Bruxelas, na B\u00e9lgica, atrav\u00e9s de quatro jovens delegados da sociedade civil brasileira que tiveram a oportunidade de participar da 11<sup>a<\/sup> edi\u00e7\u00e3o do <strong>European Development Days (EDD 2017)<\/strong>.<\/p>\n<p>Na confer\u00eancia, organizada desde 2006 pela Comiss\u00e3o Europeia e que configure hoje um dos mais relevantes f\u00f3runs globais da atualidade, estiveram presentes mais de 100 l\u00edderes globais\u00a0e 40 mil participantes de todos os cantos do planeta, que se reuniram na capital da Uni\u00e3o Europeia para discutir a agenda de desenvolvimento e propor solu\u00e7\u00f5es para as mais importantes quest\u00f5es mundiais.<\/p>\n<p>Din\u00e2mica e movimentada, a edi\u00e7\u00e3o deste ano trouxe a debate os mais diversos temas internacionais, divididos em: Pessoas, Planeta, Prosperidade, Paz e Parcerias; atrav\u00e9s de dezenas de pain\u00e9is que compuseram a\u00a0<a href=\"https:\/\/www.eudevdays.eu\/programme\">programa\u00e7\u00e3o<\/a>.<\/p>\n<p>Entre os temas de maior relev\u00e2ncia na agenda global atual e que obteve grande destaque no f\u00f3rum, esteve o tema das <strong>migra\u00e7\u00f5es<\/strong>. Dois delegados do Diplomacia Civil com interesse particular no assunto, Camila Barros e Lucas Ribeiro, estiveram presentes e contam nesta mat\u00e9ria suas impress\u00f5es sobre os pain\u00e9is e os principais destaques sobre o tema no EDD 2017:<\/p>\n<p>&nbsp;<\/p>\n<p><img decoding=\"async\" class=\"wp-image-3335 size-thumbnail alignleft\" src=\"http:\/\/globalattitude.org.br\/wp-content\/uploads\/2023\/03\/foto_camila-150x150.jpg\" alt=\"\" width=\"150\" height=\"150\" \/><\/p>\n<p><strong>Camila Barros<\/strong>,\u00a0estudante de Rela\u00e7\u00f5es Internacionais e Pesquisadora em Migra\u00e7\u00f5es e Crian\u00e7as Refugiadas:<\/p>\n<p>\u201cEntre as diversas pautas discutidas no European Development Days 2017, quest\u00f5es relacionadas \u00e0s migra\u00e7\u00f5es e a mobilidade de pessoas s\u00e3o sempre um assunto delicado a ser tratado. Segundo o ACNUR, quase 65,3 milh\u00f5es de pessoas atravessaram suas fronteiras e se deslocaram por guerras e conflitos at\u00e9 o final de 2015, onde um dos principais destinos \u00e9 a Europa.<\/p>\n<p>Por isso, foi de extrema import\u00e2ncia estar no European Development Days e deliberar com diversas pessoas ao redor do mundo quest\u00f5es e poss\u00edveis solu\u00e7\u00f5es para a real situa\u00e7\u00e3o f\u00edsica e emocional das pessoas em condi\u00e7\u00e3o de ref\u00fagio. Foram realizados debates e mesas redondas que tratavam sobre os mais diversos temas que cercam as migra\u00e7\u00f5es.<\/p>\n<p>Como pesquisadora na \u00e1rea de Migra\u00e7\u00f5es e Crian\u00e7as Refugiadas, participei ativamente dos debates, que em alguns sentidos, demonstraram a abrang\u00eancia e a perspectiva do continente europeu em rela\u00e7\u00e3o a este tema bastante sens\u00edvel.<\/p>\n<p>Diversos l\u00edderes de organiza\u00e7\u00f5es internacionais e pesquisadores na \u00e1rea estiveram presentes neste f\u00f3rum, deliberando sobre os diversos temas, entre eles: \u201cMigra\u00e7\u00f5es e Corrup\u00e7\u00e3o\u201d, relatando como a corrup\u00e7\u00e3o pode ser impulsionadora para o deslocamento for\u00e7ado; \u201cMulheres e Meninas Refugiadas\u201d, como um dos grupos mais vulner\u00e1veis na travessia de fronteiras; e \u201cAbordagens Efetivas para o Emprego de Refugiados\u201d, destacando a import\u00e2ncia da oportunidade de emprego para os refugiados como forma de conferir independ\u00eancia e dar voz \u00e0 estes indiv\u00edduos. Outra importante quest\u00e3o abordada foi a viol\u00eancia enfrentada pelas Crian\u00e7as Refugiados durante todo o processo de deslocamento for\u00e7ado, que confere \u00e0 estas crian\u00e7as \u201ccicatrizes\u201d f\u00edsicas e emocionais.<\/p>\n<p>Por isso, o European Development Days buscou trazer as principais quest\u00f5es e abordagens que s\u00e3o importantes para a realidade europeia e dos seus pa\u00edses e continentes vizinhos. Como membro da delega\u00e7\u00e3o do Brasil neste f\u00f3rum, percebi que os discursos ali tratados abordam quest\u00f5es profundas e que muitas vezes diante das muitas dificuldades econ\u00f4micas, pol\u00edticas e sociais que cercam o Brasil, n\u00f3s quanto sociedade civil brasileira ainda n\u00e3o nos preocupamos o bastante ou n\u00e3o nos aprofundamos o quanto dever\u00edamos para buscar novas atitudes e solu\u00e7\u00f5es para a realidade dos refugiados e imigrantes do nosso pa\u00eds.<\/p>\n<p>Precisamos estar mais ativos e aprofundar cada vez mais estudos e pesquisas relacionados \u00e0s migra\u00e7\u00f5es e deslocamentos for\u00e7ados, na tentativa de acolher progressivamente homens, mulheres, idosos, jovens e crian\u00e7as que se encontram em condi\u00e7\u00e3o de ref\u00fagio no nosso pa\u00eds e que precisam de mais apoio do Governo Federal, de institui\u00e7\u00f5es e organismos nacionais e internacionais, e de n\u00f3s, cidad\u00e3os brasileiros.<\/p>\n<p>&nbsp;<\/p>\n<p><img decoding=\"async\" class=\"alignnone wp-image-3339 size-thumbnail alignleft\" src=\"http:\/\/globalattitude.org.br\/wp-content\/uploads\/2023\/03\/foto_lucas-150x150.jpg\" alt=\"\" width=\"150\" height=\"150\" \/><strong>Lucas Ribeiro Guimar\u00e3es<\/strong>\u00a0especialista em Rela\u00e7\u00f5es Internacionais\u00a0e atualmente editor e coordenador do blog <a href=\"https:\/\/cidadaosdomundosite.wordpress.com\/\">Cidad\u00e3os do Mundo<\/a>:<\/p>\n<p>&#8220;Em um dos\u00a0debates, intitulado \u201cMaximizando o potencial desenvolvimento de migra\u00e7\u00e3o legal e mobilidade\u201d, a moderadora e os stakeholders europeus e africanos reconheceram que existe uma dificuldade de promover canais legais mais acess\u00edveis para a migra\u00e7\u00e3o na Uni\u00e3o Europeia. Acredito que um dos benef\u00edcios de facilitar o processo legal seria a possibilidade dos governos gerirem e terem maior controle do fluxo migrat\u00f3rio. A consequ\u00eancia direta disso est\u00e1 em reduzir a migra\u00e7\u00e3o irregular e combater redes clandestinas de tr\u00e1fico humano que p\u00f5em em risco os migrantes e refugiados.<\/p>\n<p>Al\u00e9m do mais, foi apresentada durante a discuss\u00e3o a emerg\u00eancia de buscar as causas ra\u00edzes da migra\u00e7\u00e3o irregular e como solucionar os desafios da migra\u00e7\u00e3o \u00e0 n\u00edvel europeu. Apesar de grande parte dos pa\u00edses europeus consideram a migra\u00e7\u00e3o como algo negativo, tem sido comprovado que a migra\u00e7\u00e3o traz benef\u00edcios para o pa\u00eds receptor: eles contribuem para o aumento da inova\u00e7\u00e3o, criatividade, empreendedorismo, diversifica\u00e7\u00e3o, abrem mercados, a facilidade de movimento de pessoas e novas habilidades no mercado de trabalho. Por fim, os especialistas ressaltaram a import\u00e2ncia de criar um modelo de parceria regional e governamental e, sobretudo, reafirmar o compromisso com prote\u00e7\u00e3o e promo\u00e7\u00e3o dos direitos humanos.<\/p>\n<p>H\u00e1 ainda outra forma de analisar a quest\u00e3o da migra\u00e7\u00e3o. No painel: \u201cCorrup\u00e7\u00e3o e migra\u00e7\u00e3o\u201d, teve destaque a discuss\u00e3o sobre a corrup\u00e7\u00e3o no contexto de migra\u00e7\u00f5es e os impactos na migra\u00e7\u00e3o de g\u00eanero marcado de forma complexa de se enfrentar. Nesse contexto, mulheres s\u00e3o especialmente alvos assim como afetadas pelo aspecto espec\u00edfico de corrup\u00e7\u00e3o, por exemplo, a <em>sextortion <\/em>e o abuso sexual, muitos casos acontecem na travessia da fronteira seja por contrabandistas seja por autoridades. O representante da \u00c1frica chegou a mencionar que a falta de educa\u00e7\u00e3o e falta de conhecimento em idiomas faz das mulheres mais vulner\u00e1veis.<\/p>\n<p>Ademais, foi abordado o painel:\u201d a liberdade da migra\u00e7\u00e3o-Contrariando o \u00f3dio, informa\u00e7\u00f5es falsas e equ\u00edvocos\u201d, observou-se uma sess\u00e3o interativa com conversa com os palestrantes sobre como verificar fatos e \u00a0n\u00e3o ser enganado por informa\u00e7\u00f5es falsas na internet ainda mais quando pretende-se migrar para algum pa\u00eds na condi\u00e7\u00e3o de imigrante ou refugiado.<\/p>\n<p>Assim, a \u00faltima sess\u00e3o discutiu \u201cA vulnerabilidade durante o processo de migra\u00e7\u00e3o: Uma perspectiva da sa\u00fade\u201d, com o foco na situa\u00e7\u00e3o de migrantes na Europa, Oriente M\u00e9dio, \u00c1frica do Norte, e leste da \u00c1frica. Fortemente admitiu-se a necessidade de acesso de servi\u00e7os sociais b\u00e1sicos, notadamente os servi\u00e7os de sa\u00fade, at\u00e9 mesmo do ponto de vista da prote\u00e7\u00e3o dos direitos humanos e a igualdade de acesso.&#8221;<\/p>\n<p>&nbsp;<\/p>\n<p>Tem interesse em ler mais sobre o tema\u00a0migra\u00e7\u00f5es? Conhe\u00e7a o site <a href=\"http:\/\/migramundo.com\/\">Migramundo<\/a>, especialista no assunto e parceiro do Instituto Global Attitude.<\/p>\n<p>Para saber mais sobre a participa\u00e7\u00e3o em f\u00f3runs globais pelo programa Diplomacia Civil, siga o nosso site: <a href=\"http:\/\/blog.globalattitude.org.br\">http:\/\/blog.globalattitude.org.br<\/a><\/p>\n<p>&nbsp;<\/p>\n","protected":false},"excerpt":{"rendered":"<p>Na semana passada, entre 6 e 7 de junho, o programa Diplomacia Civil, do Instituto Global Attitude, esteve presente em Bruxelas, na B\u00e9lgica, atrav\u00e9s de quatro jovens delegados da sociedade civil brasileira que tiveram a oportunidade de participar da 11a edi\u00e7\u00e3o do European Development Days (EDD 2017). Na confer\u00eancia, organizada desde 2006 pela Comiss\u00e3o Europeia [&hellip;]<\/p>\n","protected":false},"author":1,"featured_media":1763,"comment_status":"open","ping_status":"open","sticky":false,"template":"","format":"standard","meta":{"_acf_changed":false,"om_disable_all_campaigns":false,"_monsterinsights_skip_tracking":false,"_monsterinsights_sitenote_active":false,"_monsterinsights_sitenote_note":"","_monsterinsights_sitenote_category":0,"_uf_show_specific_survey":0,"_uf_disable_surveys":false,"footnotes":""},"categories":[22,34],"tags":[],"class_list":["post-1762","post","type-post","status-publish","format-standard","hentry","category-programas","category-ultimas"],"acf":[],"aioseo_notices":[],"yoast_head":"<!-- This site is optimized with the Yoast SEO plugin v27.5 - https:\/\/yoast.com\/product\/yoast-seo-wordpress\/ -->\n<title>Tema &#039;Migra\u00e7\u00f5es&#039; \u00e9 destaque no European Development Days 2017 - Instituto Global Attitude<\/title>\n<meta name=\"robots\" content=\"index, follow, max-snippet:-1, max-image-preview:large, max-video-preview:-1\" \/>\n<link rel=\"canonical\" href=\"http:\/\/globalattitude.org.br\/en\/tema-migracoes-e-destaque-no-european-development-days-2017\/\" \/>\n<meta property=\"og:locale\" content=\"en_US\" \/>\n<meta property=\"og:type\" content=\"article\" \/>\n<meta property=\"og:title\" content=\"Tema &#039;Migra\u00e7\u00f5es&#039; \u00e9 destaque no European Development Days 2017 - Instituto Global Attitude\" \/>\n<meta property=\"og:description\" content=\"Na semana passada, entre 6 e 7 de junho, o programa Diplomacia Civil, do Instituto Global Attitude, esteve presente em Bruxelas, na B\u00e9lgica, atrav\u00e9s de quatro jovens delegados da sociedade civil brasileira que tiveram a oportunidade de participar da 11a edi\u00e7\u00e3o do European Development Days (EDD 2017). Na confer\u00eancia, organizada desde 2006 pela Comiss\u00e3o Europeia [&hellip;]\" \/>\n<meta property=\"og:url\" content=\"http:\/\/globalattitude.org.br\/en\/tema-migracoes-e-destaque-no-european-development-days-2017\/\" \/>\n<meta property=\"og:site_name\" content=\"Instituto Global Attitude\" \/>\n<meta property=\"article:publisher\" content=\"https:\/\/www.facebook.com\/global.attitude.org\/\" \/>\n<meta property=\"article:published_time\" content=\"2017-06-13T21:41:50+00:00\" \/>\n<meta property=\"article:modified_time\" content=\"2023-03-10T13:20:19+00:00\" \/>\n<meta property=\"og:image\" content=\"http:\/\/globalattitude.org.br\/wp-content\/uploads\/2023\/03\/world-information-sharing.jpg\" \/>\n\t<meta property=\"og:image:width\" content=\"580\" \/>\n\t<meta property=\"og:image:height\" content=\"335\" \/>\n\t<meta property=\"og:image:type\" content=\"image\/jpeg\" \/>\n<meta name=\"author\" content=\"123esite\" \/>\n<meta name=\"twitter:card\" content=\"summary_large_image\" \/>\n<meta name=\"twitter:creator\" content=\"@global_attitude\" \/>\n<meta name=\"twitter:site\" content=\"@global_attitude\" \/>\n<meta name=\"twitter:label1\" content=\"Written by\" \/>\n\t<meta name=\"twitter:data1\" content=\"123esite\" \/>\n\t<meta name=\"twitter:label2\" content=\"Est. reading time\" \/>\n\t<meta name=\"twitter:data2\" content=\"6 minutes\" \/>\n<script type=\"application\/ld+json\" class=\"yoast-schema-graph\">{\"@context\":\"https:\\\/\\\/schema.org\",\"@graph\":[{\"@type\":[\"Article\",\"BlogPosting\"],\"@id\":\"http:\\\/\\\/globalattitude.org.br\\\/en\\\/tema-migracoes-e-destaque-no-european-development-days-2017\\\/#article\",\"isPartOf\":{\"@id\":\"http:\\\/\\\/globalattitude.org.br\\\/en\\\/tema-migracoes-e-destaque-no-european-development-days-2017\\\/\"},\"author\":{\"name\":\"123esite\",\"@id\":\"http:\\\/\\\/globalattitude.org.br\\\/#\\\/schema\\\/person\\\/6d308f9d9d1eebad0278ad9386f13169\"},\"headline\":\"Tema &#8216;Migra\u00e7\u00f5es&#8217; \u00e9 destaque no European Development Days 2017\",\"datePublished\":\"2017-06-13T21:41:50+00:00\",\"dateModified\":\"2023-03-10T13:20:19+00:00\",\"mainEntityOfPage\":{\"@id\":\"http:\\\/\\\/globalattitude.org.br\\\/en\\\/tema-migracoes-e-destaque-no-european-development-days-2017\\\/\"},\"wordCount\":1227,\"commentCount\":0,\"publisher\":{\"@id\":\"http:\\\/\\\/globalattitude.org.br\\\/#organization\"},\"image\":{\"@id\":\"http:\\\/\\\/globalattitude.org.br\\\/en\\\/tema-migracoes-e-destaque-no-european-development-days-2017\\\/#primaryimage\"},\"thumbnailUrl\":\"http:\\\/\\\/globalattitude.org.br\\\/wp-content\\\/uploads\\\/2023\\\/03\\\/world-information-sharing.jpg\",\"articleSection\":[\"Programas\",\"\u00daltimas\"],\"inLanguage\":\"en-US\",\"potentialAction\":[{\"@type\":\"CommentAction\",\"name\":\"Comment\",\"target\":[\"http:\\\/\\\/globalattitude.org.br\\\/en\\\/tema-migracoes-e-destaque-no-european-development-days-2017\\\/#respond\"]}]},{\"@type\":\"WebPage\",\"@id\":\"http:\\\/\\\/globalattitude.org.br\\\/en\\\/tema-migracoes-e-destaque-no-european-development-days-2017\\\/\",\"url\":\"http:\\\/\\\/globalattitude.org.br\\\/en\\\/tema-migracoes-e-destaque-no-european-development-days-2017\\\/\",\"name\":\"Tema 'Migra\u00e7\u00f5es' \u00e9 destaque no European Development Days 2017 - Instituto Global Attitude\",\"isPartOf\":{\"@id\":\"http:\\\/\\\/globalattitude.org.br\\\/#website\"},\"primaryImageOfPage\":{\"@id\":\"http:\\\/\\\/globalattitude.org.br\\\/en\\\/tema-migracoes-e-destaque-no-european-development-days-2017\\\/#primaryimage\"},\"image\":{\"@id\":\"http:\\\/\\\/globalattitude.org.br\\\/en\\\/tema-migracoes-e-destaque-no-european-development-days-2017\\\/#primaryimage\"},\"thumbnailUrl\":\"http:\\\/\\\/globalattitude.org.br\\\/wp-content\\\/uploads\\\/2023\\\/03\\\/world-information-sharing.jpg\",\"datePublished\":\"2017-06-13T21:41:50+00:00\",\"dateModified\":\"2023-03-10T13:20:19+00:00\",\"breadcrumb\":{\"@id\":\"http:\\\/\\\/globalattitude.org.br\\\/en\\\/tema-migracoes-e-destaque-no-european-development-days-2017\\\/#breadcrumb\"},\"inLanguage\":\"en-US\",\"potentialAction\":[{\"@type\":\"ReadAction\",\"target\":[\"http:\\\/\\\/globalattitude.org.br\\\/en\\\/tema-migracoes-e-destaque-no-european-development-days-2017\\\/\"]}]},{\"@type\":\"ImageObject\",\"inLanguage\":\"en-US\",\"@id\":\"http:\\\/\\\/globalattitude.org.br\\\/en\\\/tema-migracoes-e-destaque-no-european-development-days-2017\\\/#primaryimage\",\"url\":\"http:\\\/\\\/globalattitude.org.br\\\/wp-content\\\/uploads\\\/2023\\\/03\\\/world-information-sharing.jpg\",\"contentUrl\":\"http:\\\/\\\/globalattitude.org.br\\\/wp-content\\\/uploads\\\/2023\\\/03\\\/world-information-sharing.jpg\",\"width\":580,\"height\":335},{\"@type\":\"BreadcrumbList\",\"@id\":\"http:\\\/\\\/globalattitude.org.br\\\/en\\\/tema-migracoes-e-destaque-no-european-development-days-2017\\\/#breadcrumb\",\"itemListElement\":[{\"@type\":\"ListItem\",\"position\":1,\"name\":\"In\u00edcio\",\"item\":\"https:\\\/\\\/globalattitude.org.br\\\/en\\\/\"},{\"@type\":\"ListItem\",\"position\":2,\"name\":\"Tema &#8216;Migra\u00e7\u00f5es&#8217; \u00e9 destaque no European Development Days 2017\"}]},{\"@type\":\"WebSite\",\"@id\":\"http:\\\/\\\/globalattitude.org.br\\\/#website\",\"url\":\"http:\\\/\\\/globalattitude.org.br\\\/\",\"name\":\"Instituto Global Attitude\",\"description\":\"\",\"publisher\":{\"@id\":\"http:\\\/\\\/globalattitude.org.br\\\/#organization\"},\"potentialAction\":[{\"@type\":\"SearchAction\",\"target\":{\"@type\":\"EntryPoint\",\"urlTemplate\":\"http:\\\/\\\/globalattitude.org.br\\\/?s={search_term_string}\"},\"query-input\":{\"@type\":\"PropertyValueSpecification\",\"valueRequired\":true,\"valueName\":\"search_term_string\"}}],\"inLanguage\":\"en-US\"},{\"@type\":\"Organization\",\"@id\":\"http:\\\/\\\/globalattitude.org.br\\\/#organization\",\"name\":\"Instituto Global Attitude\",\"url\":\"http:\\\/\\\/globalattitude.org.br\\\/\",\"logo\":{\"@type\":\"ImageObject\",\"inLanguage\":\"en-US\",\"@id\":\"http:\\\/\\\/globalattitude.org.br\\\/#\\\/schema\\\/logo\\\/image\\\/\",\"url\":\"https:\\\/\\\/globalattitude.org.br\\\/wp-content\\\/uploads\\\/2023\\\/01\\\/instituto-global-attitude-color.png\",\"contentUrl\":\"https:\\\/\\\/globalattitude.org.br\\\/wp-content\\\/uploads\\\/2023\\\/01\\\/instituto-global-attitude-color.png\",\"width\":300,\"height\":131,\"caption\":\"Instituto Global Attitude\"},\"image\":{\"@id\":\"http:\\\/\\\/globalattitude.org.br\\\/#\\\/schema\\\/logo\\\/image\\\/\"},\"sameAs\":[\"https:\\\/\\\/www.facebook.com\\\/global.attitude.org\\\/\",\"https:\\\/\\\/x.com\\\/global_attitude\",\"https:\\\/\\\/www.instagram.com\\\/globalattitude\",\"https:\\\/\\\/www.linkedin.com\\\/company\\\/global-attitude\\\/?viewAsMember=true\"]},{\"@type\":\"Person\",\"@id\":\"http:\\\/\\\/globalattitude.org.br\\\/#\\\/schema\\\/person\\\/6d308f9d9d1eebad0278ad9386f13169\",\"name\":\"123esite\",\"image\":{\"@type\":\"ImageObject\",\"inLanguage\":\"en-US\",\"@id\":\"https:\\\/\\\/secure.gravatar.com\\\/avatar\\\/07bd71fac19f42004f2b73567f012e126689afdb23cb0017536dea9113ba1806?s=96&d=mm&r=g\",\"url\":\"https:\\\/\\\/secure.gravatar.com\\\/avatar\\\/07bd71fac19f42004f2b73567f012e126689afdb23cb0017536dea9113ba1806?s=96&d=mm&r=g\",\"contentUrl\":\"https:\\\/\\\/secure.gravatar.com\\\/avatar\\\/07bd71fac19f42004f2b73567f012e126689afdb23cb0017536dea9113ba1806?s=96&d=mm&r=g\",\"caption\":\"123esite\"},\"sameAs\":[\"http:\\\/\\\/globalattitude.org.br\"],\"url\":\"http:\\\/\\\/globalattitude.org.br\\\/en\\\/author\\\/123esite\\\/\"}]}<\/script>\n<!-- \/ Yoast SEO plugin. -->","yoast_head_json":{"title":"Tema 'Migra\u00e7\u00f5es' \u00e9 destaque no European Development Days 2017 - Instituto Global Attitude","robots":{"index":"index","follow":"follow","max-snippet":"max-snippet:-1","max-image-preview":"max-image-preview:large","max-video-preview":"max-video-preview:-1"},"canonical":"http:\/\/globalattitude.org.br\/en\/tema-migracoes-e-destaque-no-european-development-days-2017\/","og_locale":"en_US","og_type":"article","og_title":"Tema 'Migra\u00e7\u00f5es' \u00e9 destaque no European Development Days 2017 - Instituto Global Attitude","og_description":"Na semana passada, entre 6 e 7 de junho, o programa Diplomacia Civil, do Instituto Global Attitude, esteve presente em Bruxelas, na B\u00e9lgica, atrav\u00e9s de quatro jovens delegados da sociedade civil brasileira que tiveram a oportunidade de participar da 11a edi\u00e7\u00e3o do European Development Days (EDD 2017). Na confer\u00eancia, organizada desde 2006 pela Comiss\u00e3o Europeia [&hellip;]","og_url":"http:\/\/globalattitude.org.br\/en\/tema-migracoes-e-destaque-no-european-development-days-2017\/","og_site_name":"Instituto Global Attitude","article_publisher":"https:\/\/www.facebook.com\/global.attitude.org\/","article_published_time":"2017-06-13T21:41:50+00:00","article_modified_time":"2023-03-10T13:20:19+00:00","og_image":[{"width":580,"height":335,"url":"http:\/\/globalattitude.org.br\/wp-content\/uploads\/2023\/03\/world-information-sharing.jpg","type":"image\/jpeg"}],"author":"123esite","twitter_card":"summary_large_image","twitter_creator":"@global_attitude","twitter_site":"@global_attitude","twitter_misc":{"Written by":"123esite","Est. reading time":"6 minutes"},"schema":{"@context":"https:\/\/schema.org","@graph":[{"@type":["Article","BlogPosting"],"@id":"http:\/\/globalattitude.org.br\/en\/tema-migracoes-e-destaque-no-european-development-days-2017\/#article","isPartOf":{"@id":"http:\/\/globalattitude.org.br\/en\/tema-migracoes-e-destaque-no-european-development-days-2017\/"},"author":{"name":"123esite","@id":"http:\/\/globalattitude.org.br\/#\/schema\/person\/6d308f9d9d1eebad0278ad9386f13169"},"headline":"Tema &#8216;Migra\u00e7\u00f5es&#8217; \u00e9 destaque no European Development Days 2017","datePublished":"2017-06-13T21:41:50+00:00","dateModified":"2023-03-10T13:20:19+00:00","mainEntityOfPage":{"@id":"http:\/\/globalattitude.org.br\/en\/tema-migracoes-e-destaque-no-european-development-days-2017\/"},"wordCount":1227,"commentCount":0,"publisher":{"@id":"http:\/\/globalattitude.org.br\/#organization"},"image":{"@id":"http:\/\/globalattitude.org.br\/en\/tema-migracoes-e-destaque-no-european-development-days-2017\/#primaryimage"},"thumbnailUrl":"http:\/\/globalattitude.org.br\/wp-content\/uploads\/2023\/03\/world-information-sharing.jpg","articleSection":["Programas","\u00daltimas"],"inLanguage":"en-US","potentialAction":[{"@type":"CommentAction","name":"Comment","target":["http:\/\/globalattitude.org.br\/en\/tema-migracoes-e-destaque-no-european-development-days-2017\/#respond"]}]},{"@type":"WebPage","@id":"http:\/\/globalattitude.org.br\/en\/tema-migracoes-e-destaque-no-european-development-days-2017\/","url":"http:\/\/globalattitude.org.br\/en\/tema-migracoes-e-destaque-no-european-development-days-2017\/","name":"Tema 'Migra\u00e7\u00f5es' \u00e9 destaque no European Development Days 2017 - Instituto Global Attitude","isPartOf":{"@id":"http:\/\/globalattitude.org.br\/#website"},"primaryImageOfPage":{"@id":"http:\/\/globalattitude.org.br\/en\/tema-migracoes-e-destaque-no-european-development-days-2017\/#primaryimage"},"image":{"@id":"http:\/\/globalattitude.org.br\/en\/tema-migracoes-e-destaque-no-european-development-days-2017\/#primaryimage"},"thumbnailUrl":"http:\/\/globalattitude.org.br\/wp-content\/uploads\/2023\/03\/world-information-sharing.jpg","datePublished":"2017-06-13T21:41:50+00:00","dateModified":"2023-03-10T13:20:19+00:00","breadcrumb":{"@id":"http:\/\/globalattitude.org.br\/en\/tema-migracoes-e-destaque-no-european-development-days-2017\/#breadcrumb"},"inLanguage":"en-US","potentialAction":[{"@type":"ReadAction","target":["http:\/\/globalattitude.org.br\/en\/tema-migracoes-e-destaque-no-european-development-days-2017\/"]}]},{"@type":"ImageObject","inLanguage":"en-US","@id":"http:\/\/globalattitude.org.br\/en\/tema-migracoes-e-destaque-no-european-development-days-2017\/#primaryimage","url":"http:\/\/globalattitude.org.br\/wp-content\/uploads\/2023\/03\/world-information-sharing.jpg","contentUrl":"http:\/\/globalattitude.org.br\/wp-content\/uploads\/2023\/03\/world-information-sharing.jpg","width":580,"height":335},{"@type":"BreadcrumbList","@id":"http:\/\/globalattitude.org.br\/en\/tema-migracoes-e-destaque-no-european-development-days-2017\/#breadcrumb","itemListElement":[{"@type":"ListItem","position":1,"name":"In\u00edcio","item":"https:\/\/globalattitude.org.br\/en\/"},{"@type":"ListItem","position":2,"name":"Tema &#8216;Migra\u00e7\u00f5es&#8217; \u00e9 destaque no European Development Days 2017"}]},{"@type":"WebSite","@id":"http:\/\/globalattitude.org.br\/#website","url":"http:\/\/globalattitude.org.br\/","name":"Instituto Global Attitude","description":"","publisher":{"@id":"http:\/\/globalattitude.org.br\/#organization"},"potentialAction":[{"@type":"SearchAction","target":{"@type":"EntryPoint","urlTemplate":"http:\/\/globalattitude.org.br\/?s={search_term_string}"},"query-input":{"@type":"PropertyValueSpecification","valueRequired":true,"valueName":"search_term_string"}}],"inLanguage":"en-US"},{"@type":"Organization","@id":"http:\/\/globalattitude.org.br\/#organization","name":"Instituto Global Attitude","url":"http:\/\/globalattitude.org.br\/","logo":{"@type":"ImageObject","inLanguage":"en-US","@id":"http:\/\/globalattitude.org.br\/#\/schema\/logo\/image\/","url":"https:\/\/globalattitude.org.br\/wp-content\/uploads\/2023\/01\/instituto-global-attitude-color.png","contentUrl":"https:\/\/globalattitude.org.br\/wp-content\/uploads\/2023\/01\/instituto-global-attitude-color.png","width":300,"height":131,"caption":"Instituto Global Attitude"},"image":{"@id":"http:\/\/globalattitude.org.br\/#\/schema\/logo\/image\/"},"sameAs":["https:\/\/www.facebook.com\/global.attitude.org\/","https:\/\/x.com\/global_attitude","https:\/\/www.instagram.com\/globalattitude","https:\/\/www.linkedin.com\/company\/global-attitude\/?viewAsMember=true"]},{"@type":"Person","@id":"http:\/\/globalattitude.org.br\/#\/schema\/person\/6d308f9d9d1eebad0278ad9386f13169","name":"123esite","image":{"@type":"ImageObject","inLanguage":"en-US","@id":"https:\/\/secure.gravatar.com\/avatar\/07bd71fac19f42004f2b73567f012e126689afdb23cb0017536dea9113ba1806?s=96&d=mm&r=g","url":"https:\/\/secure.gravatar.com\/avatar\/07bd71fac19f42004f2b73567f012e126689afdb23cb0017536dea9113ba1806?s=96&d=mm&r=g","contentUrl":"https:\/\/secure.gravatar.com\/avatar\/07bd71fac19f42004f2b73567f012e126689afdb23cb0017536dea9113ba1806?s=96&d=mm&r=g","caption":"123esite"},"sameAs":["http:\/\/globalattitude.org.br"],"url":"http:\/\/globalattitude.org.br\/en\/author\/123esite\/"}]}},"_links":{"self":[{"href":"http:\/\/globalattitude.org.br\/en\/wp-json\/wp\/v2\/posts\/1762","targetHints":{"allow":["GET"]}}],"collection":[{"href":"http:\/\/globalattitude.org.br\/en\/wp-json\/wp\/v2\/posts"}],"about":[{"href":"http:\/\/globalattitude.org.br\/en\/wp-json\/wp\/v2\/types\/post"}],"author":[{"embeddable":true,"href":"http:\/\/globalattitude.org.br\/en\/wp-json\/wp\/v2\/users\/1"}],"replies":[{"embeddable":true,"href":"http:\/\/globalattitude.org.br\/en\/wp-json\/wp\/v2\/comments?post=1762"}],"version-history":[{"count":1,"href":"http:\/\/globalattitude.org.br\/en\/wp-json\/wp\/v2\/posts\/1762\/revisions"}],"predecessor-version":[{"id":1764,"href":"http:\/\/globalattitude.org.br\/en\/wp-json\/wp\/v2\/posts\/1762\/revisions\/1764"}],"wp:featuredmedia":[{"embeddable":true,"href":"http:\/\/globalattitude.org.br\/en\/wp-json\/wp\/v2\/media\/1763"}],"wp:attachment":[{"href":"http:\/\/globalattitude.org.br\/en\/wp-json\/wp\/v2\/media?parent=1762"}],"wp:term":[{"taxonomy":"category","embeddable":true,"href":"http:\/\/globalattitude.org.br\/en\/wp-json\/wp\/v2\/categories?post=1762"},{"taxonomy":"post_tag","embeddable":true,"href":"http:\/\/globalattitude.org.br\/en\/wp-json\/wp\/v2\/tags?post=1762"}],"curies":[{"name":"wp","href":"https:\/\/api.w.org\/{rel}","templated":true}]}}