{"id":1914,"date":"2017-09-27T20:23:49","date_gmt":"2017-09-27T23:23:49","guid":{"rendered":"https:\/\/globalattitude.org.br\/artigo-de-r-i-o-presidente-trump-e-o-oriente-medio\/"},"modified":"2017-09-27T20:23:49","modified_gmt":"2017-09-27T23:23:49","slug":"artigo-de-r-i-o-presidente-trump-e-o-oriente-medio","status":"publish","type":"post","link":"http:\/\/globalattitude.org.br\/en\/artigo-de-r-i-o-presidente-trump-e-o-oriente-medio\/","title":{"rendered":"Artigo de R.I.: &#8216;O presidente Trump e o Oriente M\u00e9dio&#8217;"},"content":{"rendered":"<p style=\"text-align: left;\">As elei\u00e7\u00f5es para a presid\u00eancia dos Estados Unidos chamaram a aten\u00e7\u00e3o do mundo inteiro durante o \u00faltimo ano todo, principalmente devido \u00e0 import\u00e2ncia do pa\u00eds para as rela\u00e7\u00f5es internacionais contempor\u00e2neas. A ansiedade tomou conta de todos na reta final da campanha eleitoral. Os candidatos, Hilary Clinton e Donald Trump n\u00e3o eram vistos como os melhores concorrentes \u00e0 Casa Branca por alguns e a vit\u00f3ria do segundo causou furor.\u00a0Os principais meios de<br \/>\ncomunica\u00e7\u00e3o europeus, sejam eles de esquerda ou de direita, progressistas ou conservadores, ficaram profundamente assustados com a perspectiva de Donald Trump liderar a \u00fanica superpot\u00eancia do mundo.\u00a0At\u00e9 mesmo proeminentes<br \/>\npensadores conservadores nos Estados Unidos veem Trump como uma amea\u00e7a \u00e0 democracia estadunidense\u00a0e, possivelmente, ao mundo em geral.<\/p>\n<p>Mas mesmo se Trump tivesse perdido a elei\u00e7\u00e3o, a pergunta teria sido como aproximadamente a metade dos votos v\u00e1lidos da principal democracia ocidental poderia apoiar um homem t\u00e3o desqualificado para ser o l\u00edder mais poderoso do mundo. Agora todos se perguntam como ser\u00e1 o governo de Trump, pois, se lembrarmos de Hobbes, o que mais gera medo no ser humano \u00e9 o desconhecido. E o governo de Trump ainda \u00e9 uma inc\u00f3gnita at\u00e9 mesmo para os<br \/>\nanalistas mais experientes. Entretanto, tentaremos delinear poss\u00edveis quadros da pol\u00edtica externa para o Oriente M\u00e9dio a partir dos discursos e posturas tomadas pelo novo presidente estadunidense na campanha eleitoral.<\/p>\n<p style=\"text-align: left;\">O Oriente M\u00e9dio \u00e9 um espa\u00e7o em branco no mapa para Trump. Ele tem sido duramente criticado por sua falta de\u00a0know how\u00a0em pol\u00edtica externa,\u00a0inclusive n\u00e3o conseguindo distinguir o Hezbollah do Hamas, durante entrevista. Em mesma<br \/>\nmedida, Trump cita regularmente as pol\u00edticas israelenses atuais, que j\u00e1 dividem a comunidade judaica americana, como sendo bem-sucedidas e replic\u00e1veis para os Estados Unidos. Ele cita o pol\u00eamico muro que divide Israel e Palestina como um exemplo a\u00a0ser replicado pelos Estados Unidos em rela\u00e7\u00e3o ao M\u00e9xico, e tem apelado repetidamente para a expuls\u00e3o das fam\u00edlias de \u201cterroristas\u201d, mais um ponto controverso da pol\u00edtica israelense de demolir casas de supostos terroristas. Muitos cr\u00edticos de Donald Trump o acusaram de explorar atos realizados pelo Estado Isl\u00e2mico e o medo do terrorismo para intensificar um movimento anti-isl\u00e2mico e alavancar apoio.<\/p>\n<p>A nova abordagem da pol\u00edtica externa de Trump (de acordo com os discursos proferidos durante a campanha eleitoral) baseia-se nos Estados Unidos que fazem &#8220;bons neg\u00f3cios&#8221;; e recebem &#8220;reembolsos&#8221;; por prote\u00e7\u00e3o ou interven\u00e7\u00e3o no<br \/>\nexterior.\u00a0 Dessa forma, a imagem dos EUA como \u201csalvadores da p\u00e1tria\u201d por intervir em diversas quest\u00f5es mundo afora n\u00e3o far\u00e1 mais sentido, contrariando as tradi\u00e7\u00f5es americanas familiares da pol\u00edtica neoconservadora ou liberal<br \/>\nintervencionista. Como parte desta abordagem dos interesses dos EUA, o presidente eleito regularmente proferiu que deixassem Putin, Assad e o ISIS lutarem sozinhos na S\u00edria.<\/p>\n<p>Enquanto isso, para Israel, apesar da comemora\u00e7\u00e3o imediata, essas escolhas de Trump n\u00e3o ser\u00e3o nem um pouco favor\u00e1veis. Quanto mais os Estados Unidos sa\u00edrem da regi\u00e3o, mais Putin e seus aliados de fato, especialmente o Ir\u00e3 e o Hezbollah, fortalecer\u00e3o sua oposi\u00e7\u00e3o a Israel.<\/p>\n<p>Donald Trump gosta de se vangloriar de suas credenciais pr\u00f3-Israel.\u00a0Entretanto, quando questionado pela primeira vez se Jerusal\u00e9m deveria ou n\u00e3o ser a capital de Israel e se a Embaixada dos Estados Unidos deveria ser movida para l\u00e1, ele se recusou a dar uma resposta clara. Assim, Donald Trump n\u00e3o mostrou nenhum fundamento ideol\u00f3gico, al\u00e9m de &#8220;tornar a Am\u00e9rica grande novamente&#8221;, que garantisse que ele apoiaria Israel em tempos dif\u00edceis, o que torna um pouco<br \/>\ncontradit\u00f3ria a comemora\u00e7\u00e3o exacerbada e prematura de alguns ministros israelenses. Ele j\u00e1 mostrou pouca vontade em defesa da independ\u00eancia de outros Estados contra inimigos maiores. Por exemplo, quando questionado se<br \/>\nacreditava ou n\u00e3o que a Ucr\u00e2nia deveria fazer parte da OTAN, disse que n\u00e3o se importava. Ele n\u00e3o sente nostalgia por apoiar aliados estrat\u00e9gicos do \u00faltimo s\u00e9culo:\u00a0&#8220;Se algu\u00e9m atacar o Jap\u00e3o, temos que ir imediatamente e come\u00e7ar a<br \/>\nTerceira Guerra Mundial, se n\u00f3s somos atacados, o Jap\u00e3o n\u00e3o precisa nos ajudar. De alguma forma, isso n\u00e3o parece t\u00e3o justo. Isso parece bom.&#8221;, disse Trump.<\/p>\n<p style=\"text-align: left;\">O destino de Israel em termos de sua depend\u00eancia militar e estrat\u00e9gica em rela\u00e7\u00e3o aos EUA estaria sujeito a uma esp\u00e9cie de oportunismo err\u00e1tico baseado nos caprichos de Donald Trump e nos \u00faltimos temas de sua mentalidade de bunker.<\/p>\n<p>Os contornos dessa pol\u00edtica externa ainda nascente deixam os pa\u00edses do Oriente M\u00e9dio sem &#8220;orienta\u00e7\u00e3o&#8221; internacional e com d\u00favidas crescentes sobre a sobreviv\u00eancia das coaliz\u00f5es que l\u00e1 se formaram. Ser\u00e1 que a coaliz\u00e3o ocidental na luta contra o Estado Isl\u00e2mico persistir\u00e1 at\u00e9 o fim do mandato de Obama, quando n\u00e3o h\u00e1 garantia de que Trump gostaria de mant\u00ea-la funcionando? A coaliz\u00e3o \u00e1rabe liderada pela Ar\u00e1bia Saudita e o I\u00eamen ser\u00e1 sustent\u00e1vel sem o apoio estadunidense, caso Trump decida que &#8220;seus&#8221; Estados Unidos est\u00e3o isentos de compromissos anteriores? As defini\u00e7\u00f5es &#8220;pr\u00f3-ocidentais&#8221; e &#8220;anti-ocidentais&#8221; que se tornaram vinculadas aos pa\u00edses da regi\u00e3o ao longo das \u00faltimas d\u00e9cadas significam alguma coisa?<\/p>\n<p>Todos os dilemas agora enfrentados pelos l\u00edderes da regi\u00e3o tamb\u00e9m ser\u00e3o afetados pelas rela\u00e7\u00f5es que surgem entre a R\u00fassia e os Estados Unidos. A grande preocupa\u00e7\u00e3o \u00e9 que a coaliz\u00e3o iraniano-russa na S\u00edria tamb\u00e9m se<br \/>\nexpandir\u00e1 para o Iraque, caso os Estados Unidos decidam que seu trabalho est\u00e1 finalizado.<\/p>\n<p>Esta expectativa j\u00e1 est\u00e1 perturbando a Ar\u00e1bia Saudita, onde numerosos artigos na imprensa afirmam que, a partir de agora, o principal desafio ser\u00e1 deter a expans\u00e3o da influ\u00eancia do Ir\u00e3. Al\u00e9m disso, o reino saudita n\u00e3o pode contar com<br \/>\nas promessas de Trump de reabrir e retrabalhar o acordo nuclear do Ir\u00e3. Legalmente ele n\u00e3o pode faz\u00ea-lo, uma vez que o acordo n\u00e3o \u00e9 apenas entre os Estados Unidos e o Ir\u00e3, mas tamb\u00e9m entre cinco outras pot\u00eancias e o Ir\u00e3.<\/p>\n<p>No plano estrat\u00e9gico, se Trump decidir assumir uma posi\u00e7\u00e3o isolacionista, abriria as frentes s\u00edria e iraquiana \u00e0 influ\u00eancia iraniana. Se ele tentar mexer com o acordo nuclear, o Ir\u00e3 ser\u00e1 capaz de retratar os Estados Unidos como a parte que viola o acordo e pedir a ajuda de outros, especialmente da Uni\u00e3o Europeia, para manter as san\u00e7\u00f5es levantadas ao longo prazo.<\/p>\n<p>\u00c9 evidente que ainda temos que esperar para concluir qualquer an\u00e1lise sobre a pol\u00edtica externa do governo Trump, mas baseado em seus discursos, entrevistas e declara\u00e7\u00f5es podemos esperar reviravoltas.<\/p>\n<p>&nbsp;<\/p>\n<p style=\"text-align: left;\"><em><strong>Karina Stange Calandrin \u00e9 doutoranda em Rela\u00e7\u00f5es Internacionais pelo Programa de P\u00f3s-Gradua\u00e7\u00e3o San Tiago Dantas (UNESP\/UNICAMP\/PUC-SP) e assistente de projetos no Instituto Global Attitude.<\/strong><\/em><\/p>\n<p style=\"text-align: left;\">Para mais artigos atuais sobre temas na \u00e1rea de rela\u00e7\u00f5es internacionais, siga a p\u00e1gina do <a href=\"http:\/\/facebook.com\/global.attitude.org\">Global Attitude<\/a>!<\/p>\n","protected":false},"excerpt":{"rendered":"<p>As elei\u00e7\u00f5es para a presid\u00eancia dos Estados Unidos chamaram a aten\u00e7\u00e3o do mundo inteiro durante o \u00faltimo ano todo, principalmente devido \u00e0 import\u00e2ncia do pa\u00eds para as rela\u00e7\u00f5es internacionais contempor\u00e2neas. A ansiedade tomou conta de todos na reta final da campanha eleitoral. Os candidatos, Hilary Clinton e Donald Trump n\u00e3o eram vistos como os melhores [&hellip;]<\/p>\n","protected":false},"author":1,"featured_media":0,"comment_status":"open","ping_status":"open","sticky":false,"template":"","format":"standard","meta":{"_acf_changed":false,"om_disable_all_campaigns":false,"_monsterinsights_skip_tracking":false,"_monsterinsights_sitenote_active":false,"_monsterinsights_sitenote_note":"","_monsterinsights_sitenote_category":0,"_uf_show_specific_survey":0,"_uf_disable_surveys":false,"footnotes":""},"categories":[35,34],"tags":[],"class_list":["post-1914","post","type-post","status-publish","format-standard","hentry","category-opiniao","category-ultimas"],"acf":[],"aioseo_notices":[],"yoast_head":"<!-- This site is optimized with the Yoast SEO plugin v27.5 - https:\/\/yoast.com\/product\/yoast-seo-wordpress\/ -->\n<title>Artigo de R.I.: &#039;O presidente Trump e o Oriente M\u00e9dio&#039; - Instituto Global Attitude<\/title>\n<meta name=\"robots\" content=\"index, follow, max-snippet:-1, max-image-preview:large, max-video-preview:-1\" \/>\n<link rel=\"canonical\" href=\"https:\/\/globalattitude.org.br\/artigo-de-r-i-o-presidente-trump-e-o-oriente-medio\/\" \/>\n<meta property=\"og:locale\" content=\"en_US\" \/>\n<meta property=\"og:type\" content=\"article\" \/>\n<meta property=\"og:title\" content=\"Artigo de R.I.: &#039;O presidente Trump e o Oriente M\u00e9dio&#039; - Instituto Global Attitude\" \/>\n<meta property=\"og:description\" content=\"As elei\u00e7\u00f5es para a presid\u00eancia dos Estados Unidos chamaram a aten\u00e7\u00e3o do mundo inteiro durante o \u00faltimo ano todo, principalmente devido \u00e0 import\u00e2ncia do pa\u00eds para as rela\u00e7\u00f5es internacionais contempor\u00e2neas. A ansiedade tomou conta de todos na reta final da campanha eleitoral. Os candidatos, Hilary Clinton e Donald Trump n\u00e3o eram vistos como os melhores [&hellip;]\" \/>\n<meta property=\"og:url\" content=\"https:\/\/globalattitude.org.br\/artigo-de-r-i-o-presidente-trump-e-o-oriente-medio\/\" \/>\n<meta property=\"og:site_name\" content=\"Instituto Global Attitude\" \/>\n<meta property=\"article:publisher\" content=\"https:\/\/www.facebook.com\/global.attitude.org\/\" \/>\n<meta property=\"article:published_time\" content=\"2017-09-27T23:23:49+00:00\" \/>\n<meta name=\"author\" content=\"123esite\" \/>\n<meta name=\"twitter:card\" content=\"summary_large_image\" \/>\n<meta name=\"twitter:creator\" content=\"@global_attitude\" \/>\n<meta name=\"twitter:site\" content=\"@global_attitude\" \/>\n<meta name=\"twitter:label1\" content=\"Written by\" \/>\n\t<meta name=\"twitter:data1\" content=\"123esite\" \/>\n\t<meta name=\"twitter:label2\" content=\"Est. reading time\" \/>\n\t<meta name=\"twitter:data2\" content=\"6 minutes\" \/>\n<script type=\"application\/ld+json\" class=\"yoast-schema-graph\">{\"@context\":\"https:\\\/\\\/schema.org\",\"@graph\":[{\"@type\":[\"Article\",\"BlogPosting\"],\"@id\":\"https:\\\/\\\/globalattitude.org.br\\\/artigo-de-r-i-o-presidente-trump-e-o-oriente-medio\\\/#article\",\"isPartOf\":{\"@id\":\"https:\\\/\\\/globalattitude.org.br\\\/artigo-de-r-i-o-presidente-trump-e-o-oriente-medio\\\/\"},\"author\":{\"name\":\"123esite\",\"@id\":\"https:\\\/\\\/globalattitude.org.br\\\/en\\\/#\\\/schema\\\/person\\\/6d308f9d9d1eebad0278ad9386f13169\"},\"headline\":\"Artigo de R.I.: &#8216;O presidente Trump e o Oriente M\u00e9dio&#8217;\",\"datePublished\":\"2017-09-27T23:23:49+00:00\",\"mainEntityOfPage\":{\"@id\":\"https:\\\/\\\/globalattitude.org.br\\\/artigo-de-r-i-o-presidente-trump-e-o-oriente-medio\\\/\"},\"wordCount\":1217,\"commentCount\":0,\"publisher\":{\"@id\":\"https:\\\/\\\/globalattitude.org.br\\\/en\\\/#organization\"},\"articleSection\":[\"Opini\u00e3o\",\"\u00daltimas\"],\"inLanguage\":\"en-US\",\"potentialAction\":[{\"@type\":\"CommentAction\",\"name\":\"Comment\",\"target\":[\"https:\\\/\\\/globalattitude.org.br\\\/artigo-de-r-i-o-presidente-trump-e-o-oriente-medio\\\/#respond\"]}]},{\"@type\":\"WebPage\",\"@id\":\"https:\\\/\\\/globalattitude.org.br\\\/artigo-de-r-i-o-presidente-trump-e-o-oriente-medio\\\/\",\"url\":\"https:\\\/\\\/globalattitude.org.br\\\/artigo-de-r-i-o-presidente-trump-e-o-oriente-medio\\\/\",\"name\":\"Artigo de R.I.: 'O presidente Trump e o Oriente M\u00e9dio' - Instituto Global Attitude\",\"isPartOf\":{\"@id\":\"https:\\\/\\\/globalattitude.org.br\\\/en\\\/#website\"},\"datePublished\":\"2017-09-27T23:23:49+00:00\",\"breadcrumb\":{\"@id\":\"https:\\\/\\\/globalattitude.org.br\\\/artigo-de-r-i-o-presidente-trump-e-o-oriente-medio\\\/#breadcrumb\"},\"inLanguage\":\"en-US\",\"potentialAction\":[{\"@type\":\"ReadAction\",\"target\":[\"https:\\\/\\\/globalattitude.org.br\\\/artigo-de-r-i-o-presidente-trump-e-o-oriente-medio\\\/\"]}]},{\"@type\":\"BreadcrumbList\",\"@id\":\"https:\\\/\\\/globalattitude.org.br\\\/artigo-de-r-i-o-presidente-trump-e-o-oriente-medio\\\/#breadcrumb\",\"itemListElement\":[{\"@type\":\"ListItem\",\"position\":1,\"name\":\"In\u00edcio\",\"item\":\"https:\\\/\\\/globalattitude.org.br\\\/en\\\/\"},{\"@type\":\"ListItem\",\"position\":2,\"name\":\"Artigo de R.I.: &#8216;O presidente Trump e o Oriente M\u00e9dio&#8217;\"}]},{\"@type\":\"WebSite\",\"@id\":\"https:\\\/\\\/globalattitude.org.br\\\/en\\\/#website\",\"url\":\"https:\\\/\\\/globalattitude.org.br\\\/en\\\/\",\"name\":\"Instituto Global Attitude\",\"description\":\"\",\"publisher\":{\"@id\":\"https:\\\/\\\/globalattitude.org.br\\\/en\\\/#organization\"},\"potentialAction\":[{\"@type\":\"SearchAction\",\"target\":{\"@type\":\"EntryPoint\",\"urlTemplate\":\"https:\\\/\\\/globalattitude.org.br\\\/en\\\/?s={search_term_string}\"},\"query-input\":{\"@type\":\"PropertyValueSpecification\",\"valueRequired\":true,\"valueName\":\"search_term_string\"}}],\"inLanguage\":\"en-US\"},{\"@type\":\"Organization\",\"@id\":\"https:\\\/\\\/globalattitude.org.br\\\/en\\\/#organization\",\"name\":\"Instituto Global Attitude\",\"url\":\"https:\\\/\\\/globalattitude.org.br\\\/en\\\/\",\"logo\":{\"@type\":\"ImageObject\",\"inLanguage\":\"en-US\",\"@id\":\"https:\\\/\\\/globalattitude.org.br\\\/en\\\/#\\\/schema\\\/logo\\\/image\\\/\",\"url\":\"https:\\\/\\\/globalattitude.org.br\\\/wp-content\\\/uploads\\\/2023\\\/01\\\/instituto-global-attitude-color.png\",\"contentUrl\":\"https:\\\/\\\/globalattitude.org.br\\\/wp-content\\\/uploads\\\/2023\\\/01\\\/instituto-global-attitude-color.png\",\"width\":300,\"height\":131,\"caption\":\"Instituto Global Attitude\"},\"image\":{\"@id\":\"https:\\\/\\\/globalattitude.org.br\\\/en\\\/#\\\/schema\\\/logo\\\/image\\\/\"},\"sameAs\":[\"https:\\\/\\\/www.facebook.com\\\/global.attitude.org\\\/\",\"https:\\\/\\\/x.com\\\/global_attitude\",\"https:\\\/\\\/www.instagram.com\\\/globalattitude\",\"https:\\\/\\\/www.linkedin.com\\\/company\\\/global-attitude\\\/?viewAsMember=true\"]},{\"@type\":\"Person\",\"@id\":\"https:\\\/\\\/globalattitude.org.br\\\/en\\\/#\\\/schema\\\/person\\\/6d308f9d9d1eebad0278ad9386f13169\",\"name\":\"123esite\",\"image\":{\"@type\":\"ImageObject\",\"inLanguage\":\"en-US\",\"@id\":\"https:\\\/\\\/secure.gravatar.com\\\/avatar\\\/07bd71fac19f42004f2b73567f012e126689afdb23cb0017536dea9113ba1806?s=96&d=mm&r=g\",\"url\":\"https:\\\/\\\/secure.gravatar.com\\\/avatar\\\/07bd71fac19f42004f2b73567f012e126689afdb23cb0017536dea9113ba1806?s=96&d=mm&r=g\",\"contentUrl\":\"https:\\\/\\\/secure.gravatar.com\\\/avatar\\\/07bd71fac19f42004f2b73567f012e126689afdb23cb0017536dea9113ba1806?s=96&d=mm&r=g\",\"caption\":\"123esite\"},\"sameAs\":[\"http:\\\/\\\/globalattitude.org.br\"],\"url\":\"http:\\\/\\\/globalattitude.org.br\\\/en\\\/author\\\/123esite\\\/\"}]}<\/script>\n<!-- \/ Yoast SEO plugin. -->","yoast_head_json":{"title":"Artigo de R.I.: 'O presidente Trump e o Oriente M\u00e9dio' - Instituto Global Attitude","robots":{"index":"index","follow":"follow","max-snippet":"max-snippet:-1","max-image-preview":"max-image-preview:large","max-video-preview":"max-video-preview:-1"},"canonical":"https:\/\/globalattitude.org.br\/artigo-de-r-i-o-presidente-trump-e-o-oriente-medio\/","og_locale":"en_US","og_type":"article","og_title":"Artigo de R.I.: 'O presidente Trump e o Oriente M\u00e9dio' - Instituto Global Attitude","og_description":"As elei\u00e7\u00f5es para a presid\u00eancia dos Estados Unidos chamaram a aten\u00e7\u00e3o do mundo inteiro durante o \u00faltimo ano todo, principalmente devido \u00e0 import\u00e2ncia do pa\u00eds para as rela\u00e7\u00f5es internacionais contempor\u00e2neas. A ansiedade tomou conta de todos na reta final da campanha eleitoral. Os candidatos, Hilary Clinton e Donald Trump n\u00e3o eram vistos como os melhores [&hellip;]","og_url":"https:\/\/globalattitude.org.br\/artigo-de-r-i-o-presidente-trump-e-o-oriente-medio\/","og_site_name":"Instituto Global Attitude","article_publisher":"https:\/\/www.facebook.com\/global.attitude.org\/","article_published_time":"2017-09-27T23:23:49+00:00","author":"123esite","twitter_card":"summary_large_image","twitter_creator":"@global_attitude","twitter_site":"@global_attitude","twitter_misc":{"Written by":"123esite","Est. reading time":"6 minutes"},"schema":{"@context":"https:\/\/schema.org","@graph":[{"@type":["Article","BlogPosting"],"@id":"https:\/\/globalattitude.org.br\/artigo-de-r-i-o-presidente-trump-e-o-oriente-medio\/#article","isPartOf":{"@id":"https:\/\/globalattitude.org.br\/artigo-de-r-i-o-presidente-trump-e-o-oriente-medio\/"},"author":{"name":"123esite","@id":"https:\/\/globalattitude.org.br\/en\/#\/schema\/person\/6d308f9d9d1eebad0278ad9386f13169"},"headline":"Artigo de R.I.: &#8216;O presidente Trump e o Oriente M\u00e9dio&#8217;","datePublished":"2017-09-27T23:23:49+00:00","mainEntityOfPage":{"@id":"https:\/\/globalattitude.org.br\/artigo-de-r-i-o-presidente-trump-e-o-oriente-medio\/"},"wordCount":1217,"commentCount":0,"publisher":{"@id":"https:\/\/globalattitude.org.br\/en\/#organization"},"articleSection":["Opini\u00e3o","\u00daltimas"],"inLanguage":"en-US","potentialAction":[{"@type":"CommentAction","name":"Comment","target":["https:\/\/globalattitude.org.br\/artigo-de-r-i-o-presidente-trump-e-o-oriente-medio\/#respond"]}]},{"@type":"WebPage","@id":"https:\/\/globalattitude.org.br\/artigo-de-r-i-o-presidente-trump-e-o-oriente-medio\/","url":"https:\/\/globalattitude.org.br\/artigo-de-r-i-o-presidente-trump-e-o-oriente-medio\/","name":"Artigo de R.I.: 'O presidente Trump e o Oriente M\u00e9dio' - Instituto Global Attitude","isPartOf":{"@id":"https:\/\/globalattitude.org.br\/en\/#website"},"datePublished":"2017-09-27T23:23:49+00:00","breadcrumb":{"@id":"https:\/\/globalattitude.org.br\/artigo-de-r-i-o-presidente-trump-e-o-oriente-medio\/#breadcrumb"},"inLanguage":"en-US","potentialAction":[{"@type":"ReadAction","target":["https:\/\/globalattitude.org.br\/artigo-de-r-i-o-presidente-trump-e-o-oriente-medio\/"]}]},{"@type":"BreadcrumbList","@id":"https:\/\/globalattitude.org.br\/artigo-de-r-i-o-presidente-trump-e-o-oriente-medio\/#breadcrumb","itemListElement":[{"@type":"ListItem","position":1,"name":"In\u00edcio","item":"https:\/\/globalattitude.org.br\/en\/"},{"@type":"ListItem","position":2,"name":"Artigo de R.I.: &#8216;O presidente Trump e o Oriente M\u00e9dio&#8217;"}]},{"@type":"WebSite","@id":"https:\/\/globalattitude.org.br\/en\/#website","url":"https:\/\/globalattitude.org.br\/en\/","name":"Instituto Global Attitude","description":"","publisher":{"@id":"https:\/\/globalattitude.org.br\/en\/#organization"},"potentialAction":[{"@type":"SearchAction","target":{"@type":"EntryPoint","urlTemplate":"https:\/\/globalattitude.org.br\/en\/?s={search_term_string}"},"query-input":{"@type":"PropertyValueSpecification","valueRequired":true,"valueName":"search_term_string"}}],"inLanguage":"en-US"},{"@type":"Organization","@id":"https:\/\/globalattitude.org.br\/en\/#organization","name":"Instituto Global Attitude","url":"https:\/\/globalattitude.org.br\/en\/","logo":{"@type":"ImageObject","inLanguage":"en-US","@id":"https:\/\/globalattitude.org.br\/en\/#\/schema\/logo\/image\/","url":"https:\/\/globalattitude.org.br\/wp-content\/uploads\/2023\/01\/instituto-global-attitude-color.png","contentUrl":"https:\/\/globalattitude.org.br\/wp-content\/uploads\/2023\/01\/instituto-global-attitude-color.png","width":300,"height":131,"caption":"Instituto Global Attitude"},"image":{"@id":"https:\/\/globalattitude.org.br\/en\/#\/schema\/logo\/image\/"},"sameAs":["https:\/\/www.facebook.com\/global.attitude.org\/","https:\/\/x.com\/global_attitude","https:\/\/www.instagram.com\/globalattitude","https:\/\/www.linkedin.com\/company\/global-attitude\/?viewAsMember=true"]},{"@type":"Person","@id":"https:\/\/globalattitude.org.br\/en\/#\/schema\/person\/6d308f9d9d1eebad0278ad9386f13169","name":"123esite","image":{"@type":"ImageObject","inLanguage":"en-US","@id":"https:\/\/secure.gravatar.com\/avatar\/07bd71fac19f42004f2b73567f012e126689afdb23cb0017536dea9113ba1806?s=96&d=mm&r=g","url":"https:\/\/secure.gravatar.com\/avatar\/07bd71fac19f42004f2b73567f012e126689afdb23cb0017536dea9113ba1806?s=96&d=mm&r=g","contentUrl":"https:\/\/secure.gravatar.com\/avatar\/07bd71fac19f42004f2b73567f012e126689afdb23cb0017536dea9113ba1806?s=96&d=mm&r=g","caption":"123esite"},"sameAs":["http:\/\/globalattitude.org.br"],"url":"http:\/\/globalattitude.org.br\/en\/author\/123esite\/"}]}},"_links":{"self":[{"href":"http:\/\/globalattitude.org.br\/en\/wp-json\/wp\/v2\/posts\/1914","targetHints":{"allow":["GET"]}}],"collection":[{"href":"http:\/\/globalattitude.org.br\/en\/wp-json\/wp\/v2\/posts"}],"about":[{"href":"http:\/\/globalattitude.org.br\/en\/wp-json\/wp\/v2\/types\/post"}],"author":[{"embeddable":true,"href":"http:\/\/globalattitude.org.br\/en\/wp-json\/wp\/v2\/users\/1"}],"replies":[{"embeddable":true,"href":"http:\/\/globalattitude.org.br\/en\/wp-json\/wp\/v2\/comments?post=1914"}],"version-history":[{"count":0,"href":"http:\/\/globalattitude.org.br\/en\/wp-json\/wp\/v2\/posts\/1914\/revisions"}],"wp:attachment":[{"href":"http:\/\/globalattitude.org.br\/en\/wp-json\/wp\/v2\/media?parent=1914"}],"wp:term":[{"taxonomy":"category","embeddable":true,"href":"http:\/\/globalattitude.org.br\/en\/wp-json\/wp\/v2\/categories?post=1914"},{"taxonomy":"post_tag","embeddable":true,"href":"http:\/\/globalattitude.org.br\/en\/wp-json\/wp\/v2\/tags?post=1914"}],"curies":[{"name":"wp","href":"https:\/\/api.w.org\/{rel}","templated":true}]}}