{"id":2082,"date":"2018-01-30T14:22:06","date_gmt":"2018-01-30T16:22:06","guid":{"rendered":"https:\/\/globalattitude.org.br\/delegacao-se-prepara-para-ir-a-forum-mundial-na-malasia-conheca-selecionados\/"},"modified":"2023-03-10T10:31:31","modified_gmt":"2023-03-10T13:31:31","slug":"delegacao-se-prepara-para-ir-a-forum-mundial-na-malasia-conheca-selecionados","status":"publish","type":"post","link":"http:\/\/globalattitude.org.br\/en\/delegacao-se-prepara-para-ir-a-forum-mundial-na-malasia-conheca-selecionados\/","title":{"rendered":"Delega\u00e7\u00e3o se prepara para ir a f\u00f3rum mundial na Mal\u00e1sia. Conhe\u00e7a selecionados"},"content":{"rendered":"<p>Foram mais de 100 inscritos por todo o Brasil e, finalmente, o Diplomacia Civil apresenta os sete delegados que participar\u00e3o do World Urban Forum 9 (WUF 9), evento do Programa de Assentamento da ONU (UN-Habitat), a ser realizado em Kuala Lumpur, na Mal\u00e1sia.<\/p>\n<p>Realizado desde 2002, o f\u00f3rum re\u00fane uma vasta gama de especialistas de diversas \u00e1reas, entre representantes de governos locais, regionais e nacionais, organiza\u00e7\u00f5es n\u00e3o-governamentais, iniciativas comunit\u00e1rias, acad\u00eamicos, profissionais de pesquisa, setor privado, institui\u00e7\u00f5es de desenvolvimento financeiro, funda\u00e7\u00f5es, imprensa, membros de diversos \u00f3rg\u00e3os da ONU e demais ag\u00eancias internacionais. O WUF \u00e9 conhecido como o maior evento global de intera\u00e7\u00e3o no campo do desenvolvimento sustent\u00e1vel urbano.<\/p>\n<p>Nesta semana os delegados participam dos \u00faltimos workshops preparat\u00f3rios e revis\u00f5es dos artigos produzidos por eles mesmos, com orienta\u00e7\u00e3o de um especialista. A viagem acontece de 4 a 15 de fevereiro e l\u00e1 os jovens poder\u00e3o n\u00e3o s\u00f3 participar das palestras e debates do evento como tamb\u00e9m contar\u00e3o com\u00a0uma agenda exclusiva de reuni\u00f5es e encontros com l\u00edderes e especialistas, promovidos pela coordena\u00e7\u00e3o do Diplomacia Civil.<\/p>\n<p>Saiba mais sobre a delega\u00e7\u00e3o:<\/p>\n<p><strong><a href=\"http:\/\/globalattitude.org.br\/wp-content\/uploads\/2023\/03\/lais-bacci.png\"><img decoding=\"async\" class=\"alignleft wp-image-3847\" src=\"http:\/\/globalattitude.org.br\/wp-content\/uploads\/2023\/03\/lais-bacci-300x300.png\" alt=\"\" width=\"200\" height=\"200\" \/><\/a>La\u00eds Bacci<\/strong> &#8211; Cursando Rela\u00e7\u00f5es Internacionais na Pontif\u00edcia Universidade Cat\u00f3lica de Minas Gerais (PUC-MG), em Belo Horizonte. Possui grande interesse na \u00e1rea de desenvolvimento sustent\u00e1vel, tendo iniciado seus estudos voltados a este tema. Atualmente, desenvolve uma pesquisa sobre a Agenda de 2030 da ONU e seus 17 objetivos e fazendo uma an\u00e1lise sobre o processo de ado\u00e7\u00e3o desta agenda e quais medidas j\u00e1 est\u00e3o sendo tomadas para conseguir alcan\u00e7\u00e1-la.<\/p>\n<p>&nbsp;<\/p>\n<p>&nbsp;<\/p>\n<p><a href=\"http:\/\/globalattitude.org.br\/wp-content\/uploads\/2023\/03\/Lais-penna.jpg\"><img decoding=\"async\" class=\"alignleft wp-image-3848\" src=\"http:\/\/globalattitude.org.br\/wp-content\/uploads\/2023\/03\/Lais-penna-300x300.jpg\" alt=\"\" width=\"200\" height=\"200\" \/><\/a><strong>La\u00eds Penna<\/strong> &#8211; Cursando o \u00faltimo ano de gradua\u00e7\u00e3o em Gest\u00e3o Ambiental na Escola Superior de Agricultura Luiz de Queiroz, da Universidade de S\u00e3o Paulo em Piracicaba (ESALQ\/USP). Recentemente realizou interc\u00e2mbio acad\u00eamico na KU Leuven University, na B\u00e9lgica. Realizou cursos de conserva\u00e7\u00e3o da biodiversidade, educa\u00e7\u00e3o ambiental e gera\u00e7\u00e3o de res\u00edduos, e sobre o bioma Mata Atl\u00e2ntica. Atualmente, possui projeto sobre pol\u00edticas p\u00fablicas e a gest\u00e3o ambiental urbana das cidades brasileiras. \u00c9 pesquisadora-bolsista de Inicia\u00e7\u00e3o Cient\u00edfica CNPq com projeto na \u00e1rea de conserva\u00e7\u00e3o da natureza, com enfoque na resolu\u00e7\u00e3o dos conflitos de comunidades no entorno de unidades de conserva\u00e7\u00e3o.<\/p>\n<p><strong><a href=\"http:\/\/globalattitude.org.br\/wp-content\/uploads\/2023\/03\/LeticiaRizerio.jpg\"><img decoding=\"async\" class=\"alignleft wp-image-3849\" src=\"http:\/\/globalattitude.org.br\/wp-content\/uploads\/2023\/03\/LeticiaRizerio-300x300.jpg\" alt=\"\" width=\"200\" height=\"200\" \/><\/a>Leticia Riz\u00e9rio<\/strong> &#8211; Graduanda em Engenharia Civil pela Universidade Federal de Minas Gerais (UFMG) e atualmente conclui seu Mestrado em Transporte e Planejamento Territorial pela \u00c9cole des Ponts ParisTech (ENPC), em Paris. Ap\u00f3s dois anos de pesquisa na \u00e1rea de integra\u00e7\u00e3o intermodal, foi contemplada com o pr\u00eamio \u201cRelev\u00e2ncia Acad\u00eamica\u201d em 2014 pela UFMG pela autoria do artigo cient\u00edfico \u201cA bicicleta como meio de transporte integrado ao sistema de transporte de \u00f4nibus metropolitano de Sarzedo\u201d. Foi vencedora do concurso SVQT 2017, realizado pela Agence Nationale pour l&#8217;Am\u00e9lioration des Conditions de Travail (ANACT) e posteriormente foi palestrante no Congresso \u201cInovar para o desenvolvimento de amanh\u00e3\u201d, realizado pela ANACT, em Paris. \u00a0Atualmente integra a equipe da AFD \u2013 Agence Fran\u00e7aise de Developpement &#8211; e atua na \u00e1rea de acompanhamento da valoriza\u00e7\u00e3o imobili\u00e1ria local nos polos de infraestrutura de transporte intermodais, multifuncionais e integrados ao tecido urbano.<\/p>\n<p><b><a href=\"http:\/\/globalattitude.org.br\/wp-content\/uploads\/2023\/03\/Rafael.jpg\"><img loading=\"lazy\" decoding=\"async\" class=\"alignleft wp-image-3850\" src=\"http:\/\/globalattitude.org.br\/wp-content\/uploads\/2023\/03\/Rafael-300x300.jpg\" alt=\"\" width=\"200\" height=\"200\" \/><\/a>Rafael Corr\u00eaa<\/b> &#8211; Mestre em Sa\u00fade P\u00fablica em Regi\u00e3o de Fronteira pela Universidade Estadual do Oeste do Paran\u00e1 (Unioeste). Especialista em Gest\u00e3o do Trabalho e da Educa\u00e7\u00e3o em Sa\u00fade pela Escola Nacional de Sa\u00fade P\u00fablica &#8211; ENSP\/ Fiocruz. Especialista em An\u00e1lise do Comportamento e Graduado em Psicologia pela Faculdade Assis Gurgacz \u2013 FAG. Desenvolve pesquisas em Sa\u00fade P\u00fablica, Vulnerabilidade e Resili\u00eancia em Adolescentes, Planejamento Estrat\u00e9gico Intersetorial e Desenvolvimento Territorial. Recebeu o Pr\u00eamio de Incentivo em Ci\u00eancia e Tecnologia para o SUS, EVIPNet &#8211; Minist\u00e9rio da Sa\u00fade (2016) e participou como Experi\u00eancia Exitosa do Laborat\u00f3rio de Inova\u00e7\u00f5es na Aten\u00e7\u00e3o de Adolescentes e Jovens, Minist\u00e9rio da Sa\u00fade \u2013 OPAS\/ OMS (2015). Atua como Psic\u00f3logo na Prefeitura Municipal de Santa Terezinha de Itaipu \u2013 PR, \u00e9 Gerente de Projeto no Parque Tecnol\u00f3gico de Itaipu \u2013 PTI e Membro da equipe de pesquisa do Health Behavior in School-aged Children (HBSC) Linked Project Brasil &#8211; Universidade de S\u00e3o Paulo &#8211; USP.<\/p>\n<p><span style=\"font-weight: 400;\"><strong><a href=\"http:\/\/globalattitude.org.br\/wp-content\/uploads\/2023\/03\/Sara.jpg\"><img loading=\"lazy\" decoding=\"async\" class=\"alignleft wp-image-3851\" src=\"http:\/\/globalattitude.org.br\/wp-content\/uploads\/2023\/03\/Sara.jpg\" alt=\"\" width=\"200\" height=\"200\" \/><\/a>Sara Bel\u00e9m<\/strong> &#8211; \u00c9 arquiteta e urbanista pela Universidade de Fortaleza (UNIFOR), com dupla titula\u00e7\u00e3o pela Appalachian State University (ASU), Estados Unidos. Mestranda pelo Programa de P\u00f3s-Gradua\u00e7\u00e3o em Arquitetura e Urbanismo, da Universidade Presbiteriana Mackenzie (FAU-UPM), com \u00eanfase em Desenvolvimento Urbano e Patrim\u00f4nio Hist\u00f3rico, e p\u00f3s-graduada em Arquitetura, Educa\u00e7\u00e3o e Sociedade, pela Escola da Cidade. Atualmente, \u00e9 professora assistente na Escola da Cidade, nas disciplinas de urbanismo, e \u00e9 secret\u00e1ria executiva do grupo de pesquisa: &#8220;Desenvolvimento Sustent\u00e1vel e Instrumentos Urban\u00edsticos no Bexiga: Cidade Compacta, Patrim\u00f4nio Cultural e Urbanidade&#8221;, da FAU-UPM. Trabalha com pesquisas sobre o tema da gentrifica\u00e7\u00e3o urbana, tendo publica\u00e7\u00f5es em peri\u00f3dicos como a Revista ARA, da FAU-USP. Participa como volunt\u00e1ria do Fundo Imobili\u00e1rio Comunit\u00e1rio para Aluguel (FICA). Participou como uma das documentaristas do projeto &#8220;Civic City, Places en Relation&#8221;, pesquisa realizada em v\u00e1rias cidades do mundo para abordar a apropria\u00e7\u00e3o do espa\u00e7o p\u00fablico e o futuro das metr\u00f3poles. \u00a0<\/span><\/p>\n<p><span style=\"font-weight: 400;\"><strong><a href=\"http:\/\/globalattitude.org.br\/wp-content\/uploads\/2023\/03\/susel.jpg\"><img loading=\"lazy\" decoding=\"async\" class=\"alignleft wp-image-3852\" src=\"http:\/\/globalattitude.org.br\/wp-content\/uploads\/2023\/03\/susel-300x300.jpg\" alt=\"\" width=\"200\" height=\"200\" \/><\/a>S\u00fasel Lopes<\/strong> &#8211; Bacharel em Fisioterapia (UNIP\/Bauru) e Educa\u00e7\u00e3o F\u00edsica (UNESP\/Bauru), mestranda em Desenvolvimento Humano e Tecnologias (UNESP\/Rio Claro). Membro do Laborat\u00f3rio de Atividade Motora Adaptada, Pedagogia e Psicologia do Esporte (LAMAPPE), por onde desenvolve projeto de extens\u00e3o e inicia\u00e7\u00e3o cient\u00edfica (CNPq) \u201cDan\u00e7ando no Escuro: atividades r\u00edtmicas e expressivas para pessoas com defici\u00eancia visual\u201d. Por sua atua\u00e7\u00e3o no est\u00edmulo \u00e0 gradua\u00e7\u00e3o, recebeu em 2017 certificado de \u201cReconhecimento de responsabilidade profissional e social com a educa\u00e7\u00e3o bauruense\u201d, pela E.E. Prof. Luiz Castanho de Almeida (Bauru\/SP), escola p\u00fablica mais antiga do munic\u00edpio, e palco de sua forma\u00e7\u00e3o fundamental e m\u00e9dia.<\/span><\/p>\n<p><span style=\"font-weight: 400;\"><strong><a href=\"http:\/\/globalattitude.org.br\/wp-content\/uploads\/2023\/03\/yago.jpg\"><img loading=\"lazy\" decoding=\"async\" class=\"alignleft wp-image-3853\" src=\"http:\/\/globalattitude.org.br\/wp-content\/uploads\/2023\/03\/yago-300x300.jpg\" alt=\"\" width=\"200\" height=\"200\" \/><\/a>Yago Evangelista<\/strong> &#8211;\u00a0<\/span><span style=\"font-weight: 400;\">Graduando em Geografia pela Universidade Federal Fluminense (UFF). Interessado em quest\u00f5es culturais, estudou hist\u00f3ria do cinema na Academia Internacional de Cinema e Hist\u00f3ria do Samba no Col\u00e9gio Pedro II. Durante sua forma\u00e7\u00e3o participou de diversos modelos de simula\u00e7\u00e3o e foi diretor acad\u00eamico por diversas vezes. \u00a0Atualmente ministra aulas de Geografia no Pr\u00e9-Vestibular Social +N\u00f3s.<\/span><\/p>\n<p>&nbsp;<\/p>\n<p>&nbsp;<\/p>\n<p>Para ficar por dentro de tudo o que acontece sobre os jovens delegados neste f\u00f3rum acompanhe a p\u00e1gina do Instituto Global Attitude nas\u00a0<a href=\"https:\/\/www.facebook.com\/global.attitude.org\/\">m\u00eddias sociais<\/a>.<\/p>\n<p>Tem interesse em participar dos mais importantes\u00a0f\u00f3runs globais com o Diplomacia Civil? Aproveite as nossas novas inscri\u00e7\u00f5es para o <strong>Spring Meetings 2018<\/strong> e o <strong>NGO Committee on the Status of Women<\/strong>. Saiba mais\u00a0<a href=\"http:\/\/blog.globalattitude.org.br\/diplomacia-civil-seleciona-delegados-para-evento-da-onu-e-banco-mundialfmi\/\">aqui<\/a>.<\/p>\n","protected":false},"excerpt":{"rendered":"<p>Foram mais de 100 inscritos por todo o Brasil e, finalmente, o Diplomacia Civil apresenta os sete delegados que participar\u00e3o do World Urban Forum 9 (WUF 9), evento do Programa de Assentamento da ONU (UN-Habitat), a ser realizado em Kuala Lumpur, na Mal\u00e1sia. Realizado desde 2002, o f\u00f3rum re\u00fane uma vasta gama de especialistas de [&hellip;]<\/p>\n","protected":false},"author":1,"featured_media":2083,"comment_status":"open","ping_status":"open","sticky":false,"template":"","format":"standard","meta":{"_acf_changed":false,"om_disable_all_campaigns":false,"_monsterinsights_skip_tracking":false,"_monsterinsights_sitenote_active":false,"_monsterinsights_sitenote_note":"","_monsterinsights_sitenote_category":0,"_uf_show_specific_survey":0,"_uf_disable_surveys":false,"footnotes":""},"categories":[22,34],"tags":[],"class_list":["post-2082","post","type-post","status-publish","format-standard","hentry","category-programas","category-ultimas"],"acf":[],"aioseo_notices":[],"yoast_head":"<!-- This site is optimized with the Yoast SEO plugin v27.5 - https:\/\/yoast.com\/product\/yoast-seo-wordpress\/ -->\n<title>Delega\u00e7\u00e3o se prepara para ir a f\u00f3rum mundial na Mal\u00e1sia. Conhe\u00e7a selecionados - Instituto Global Attitude<\/title>\n<meta name=\"robots\" content=\"index, follow, max-snippet:-1, max-image-preview:large, max-video-preview:-1\" \/>\n<link rel=\"canonical\" href=\"http:\/\/globalattitude.org.br\/en\/delegacao-se-prepara-para-ir-a-forum-mundial-na-malasia-conheca-selecionados\/\" \/>\n<meta property=\"og:locale\" content=\"en_US\" \/>\n<meta property=\"og:type\" content=\"article\" \/>\n<meta property=\"og:title\" content=\"Delega\u00e7\u00e3o se prepara para ir a f\u00f3rum mundial na Mal\u00e1sia. Conhe\u00e7a selecionados - Instituto Global Attitude\" \/>\n<meta property=\"og:description\" content=\"Foram mais de 100 inscritos por todo o Brasil e, finalmente, o Diplomacia Civil apresenta os sete delegados que participar\u00e3o do World Urban Forum 9 (WUF 9), evento do Programa de Assentamento da ONU (UN-Habitat), a ser realizado em Kuala Lumpur, na Mal\u00e1sia. Realizado desde 2002, o f\u00f3rum re\u00fane uma vasta gama de especialistas de [&hellip;]\" \/>\n<meta property=\"og:url\" content=\"http:\/\/globalattitude.org.br\/en\/delegacao-se-prepara-para-ir-a-forum-mundial-na-malasia-conheca-selecionados\/\" \/>\n<meta property=\"og:site_name\" content=\"Instituto Global Attitude\" \/>\n<meta property=\"article:publisher\" content=\"https:\/\/www.facebook.com\/global.attitude.org\/\" \/>\n<meta property=\"article:published_time\" content=\"2018-01-30T16:22:06+00:00\" \/>\n<meta property=\"article:modified_time\" content=\"2023-03-10T13:31:31+00:00\" \/>\n<meta property=\"og:image\" content=\"http:\/\/globalattitude.org.br\/wp-content\/uploads\/2023\/03\/lais-bacci.png\" \/>\n\t<meta property=\"og:image:width\" content=\"371\" \/>\n\t<meta property=\"og:image:height\" content=\"371\" \/>\n\t<meta property=\"og:image:type\" content=\"image\/png\" \/>\n<meta name=\"author\" content=\"123esite\" \/>\n<meta name=\"twitter:card\" content=\"summary_large_image\" \/>\n<meta name=\"twitter:creator\" content=\"@global_attitude\" \/>\n<meta name=\"twitter:site\" content=\"@global_attitude\" \/>\n<meta name=\"twitter:label1\" content=\"Written by\" \/>\n\t<meta name=\"twitter:data1\" content=\"123esite\" \/>\n\t<meta name=\"twitter:label2\" content=\"Est. reading time\" \/>\n\t<meta name=\"twitter:data2\" content=\"6 minutes\" \/>\n<script type=\"application\/ld+json\" class=\"yoast-schema-graph\">{\"@context\":\"https:\\\/\\\/schema.org\",\"@graph\":[{\"@type\":[\"Article\",\"BlogPosting\"],\"@id\":\"http:\\\/\\\/globalattitude.org.br\\\/en\\\/delegacao-se-prepara-para-ir-a-forum-mundial-na-malasia-conheca-selecionados\\\/#article\",\"isPartOf\":{\"@id\":\"http:\\\/\\\/globalattitude.org.br\\\/en\\\/delegacao-se-prepara-para-ir-a-forum-mundial-na-malasia-conheca-selecionados\\\/\"},\"author\":{\"name\":\"123esite\",\"@id\":\"http:\\\/\\\/globalattitude.org.br\\\/#\\\/schema\\\/person\\\/6d308f9d9d1eebad0278ad9386f13169\"},\"headline\":\"Delega\u00e7\u00e3o se prepara para ir a f\u00f3rum mundial na Mal\u00e1sia. Conhe\u00e7a selecionados\",\"datePublished\":\"2018-01-30T16:22:06+00:00\",\"dateModified\":\"2023-03-10T13:31:31+00:00\",\"mainEntityOfPage\":{\"@id\":\"http:\\\/\\\/globalattitude.org.br\\\/en\\\/delegacao-se-prepara-para-ir-a-forum-mundial-na-malasia-conheca-selecionados\\\/\"},\"wordCount\":1157,\"commentCount\":0,\"publisher\":{\"@id\":\"http:\\\/\\\/globalattitude.org.br\\\/#organization\"},\"image\":{\"@id\":\"http:\\\/\\\/globalattitude.org.br\\\/en\\\/delegacao-se-prepara-para-ir-a-forum-mundial-na-malasia-conheca-selecionados\\\/#primaryimage\"},\"thumbnailUrl\":\"http:\\\/\\\/globalattitude.org.br\\\/wp-content\\\/uploads\\\/2023\\\/03\\\/lais-bacci.png\",\"articleSection\":[\"Programas\",\"\u00daltimas\"],\"inLanguage\":\"en-US\",\"potentialAction\":[{\"@type\":\"CommentAction\",\"name\":\"Comment\",\"target\":[\"http:\\\/\\\/globalattitude.org.br\\\/en\\\/delegacao-se-prepara-para-ir-a-forum-mundial-na-malasia-conheca-selecionados\\\/#respond\"]}]},{\"@type\":\"WebPage\",\"@id\":\"http:\\\/\\\/globalattitude.org.br\\\/en\\\/delegacao-se-prepara-para-ir-a-forum-mundial-na-malasia-conheca-selecionados\\\/\",\"url\":\"http:\\\/\\\/globalattitude.org.br\\\/en\\\/delegacao-se-prepara-para-ir-a-forum-mundial-na-malasia-conheca-selecionados\\\/\",\"name\":\"Delega\u00e7\u00e3o se prepara para ir a f\u00f3rum mundial na Mal\u00e1sia. Conhe\u00e7a selecionados - Instituto Global Attitude\",\"isPartOf\":{\"@id\":\"http:\\\/\\\/globalattitude.org.br\\\/#website\"},\"primaryImageOfPage\":{\"@id\":\"http:\\\/\\\/globalattitude.org.br\\\/en\\\/delegacao-se-prepara-para-ir-a-forum-mundial-na-malasia-conheca-selecionados\\\/#primaryimage\"},\"image\":{\"@id\":\"http:\\\/\\\/globalattitude.org.br\\\/en\\\/delegacao-se-prepara-para-ir-a-forum-mundial-na-malasia-conheca-selecionados\\\/#primaryimage\"},\"thumbnailUrl\":\"http:\\\/\\\/globalattitude.org.br\\\/wp-content\\\/uploads\\\/2023\\\/03\\\/lais-bacci.png\",\"datePublished\":\"2018-01-30T16:22:06+00:00\",\"dateModified\":\"2023-03-10T13:31:31+00:00\",\"breadcrumb\":{\"@id\":\"http:\\\/\\\/globalattitude.org.br\\\/en\\\/delegacao-se-prepara-para-ir-a-forum-mundial-na-malasia-conheca-selecionados\\\/#breadcrumb\"},\"inLanguage\":\"en-US\",\"potentialAction\":[{\"@type\":\"ReadAction\",\"target\":[\"http:\\\/\\\/globalattitude.org.br\\\/en\\\/delegacao-se-prepara-para-ir-a-forum-mundial-na-malasia-conheca-selecionados\\\/\"]}]},{\"@type\":\"ImageObject\",\"inLanguage\":\"en-US\",\"@id\":\"http:\\\/\\\/globalattitude.org.br\\\/en\\\/delegacao-se-prepara-para-ir-a-forum-mundial-na-malasia-conheca-selecionados\\\/#primaryimage\",\"url\":\"http:\\\/\\\/globalattitude.org.br\\\/wp-content\\\/uploads\\\/2023\\\/03\\\/lais-bacci.png\",\"contentUrl\":\"http:\\\/\\\/globalattitude.org.br\\\/wp-content\\\/uploads\\\/2023\\\/03\\\/lais-bacci.png\",\"width\":371,\"height\":371},{\"@type\":\"BreadcrumbList\",\"@id\":\"http:\\\/\\\/globalattitude.org.br\\\/en\\\/delegacao-se-prepara-para-ir-a-forum-mundial-na-malasia-conheca-selecionados\\\/#breadcrumb\",\"itemListElement\":[{\"@type\":\"ListItem\",\"position\":1,\"name\":\"In\u00edcio\",\"item\":\"https:\\\/\\\/globalattitude.org.br\\\/en\\\/\"},{\"@type\":\"ListItem\",\"position\":2,\"name\":\"Delega\u00e7\u00e3o se prepara para ir a f\u00f3rum mundial na Mal\u00e1sia. Conhe\u00e7a selecionados\"}]},{\"@type\":\"WebSite\",\"@id\":\"http:\\\/\\\/globalattitude.org.br\\\/#website\",\"url\":\"http:\\\/\\\/globalattitude.org.br\\\/\",\"name\":\"Instituto Global Attitude\",\"description\":\"\",\"publisher\":{\"@id\":\"http:\\\/\\\/globalattitude.org.br\\\/#organization\"},\"potentialAction\":[{\"@type\":\"SearchAction\",\"target\":{\"@type\":\"EntryPoint\",\"urlTemplate\":\"http:\\\/\\\/globalattitude.org.br\\\/?s={search_term_string}\"},\"query-input\":{\"@type\":\"PropertyValueSpecification\",\"valueRequired\":true,\"valueName\":\"search_term_string\"}}],\"inLanguage\":\"en-US\"},{\"@type\":\"Organization\",\"@id\":\"http:\\\/\\\/globalattitude.org.br\\\/#organization\",\"name\":\"Instituto Global Attitude\",\"url\":\"http:\\\/\\\/globalattitude.org.br\\\/\",\"logo\":{\"@type\":\"ImageObject\",\"inLanguage\":\"en-US\",\"@id\":\"http:\\\/\\\/globalattitude.org.br\\\/#\\\/schema\\\/logo\\\/image\\\/\",\"url\":\"https:\\\/\\\/globalattitude.org.br\\\/wp-content\\\/uploads\\\/2023\\\/01\\\/instituto-global-attitude-color.png\",\"contentUrl\":\"https:\\\/\\\/globalattitude.org.br\\\/wp-content\\\/uploads\\\/2023\\\/01\\\/instituto-global-attitude-color.png\",\"width\":300,\"height\":131,\"caption\":\"Instituto Global Attitude\"},\"image\":{\"@id\":\"http:\\\/\\\/globalattitude.org.br\\\/#\\\/schema\\\/logo\\\/image\\\/\"},\"sameAs\":[\"https:\\\/\\\/www.facebook.com\\\/global.attitude.org\\\/\",\"https:\\\/\\\/x.com\\\/global_attitude\",\"https:\\\/\\\/www.instagram.com\\\/globalattitude\",\"https:\\\/\\\/www.linkedin.com\\\/company\\\/global-attitude\\\/?viewAsMember=true\"]},{\"@type\":\"Person\",\"@id\":\"http:\\\/\\\/globalattitude.org.br\\\/#\\\/schema\\\/person\\\/6d308f9d9d1eebad0278ad9386f13169\",\"name\":\"123esite\",\"image\":{\"@type\":\"ImageObject\",\"inLanguage\":\"en-US\",\"@id\":\"https:\\\/\\\/secure.gravatar.com\\\/avatar\\\/07bd71fac19f42004f2b73567f012e126689afdb23cb0017536dea9113ba1806?s=96&d=mm&r=g\",\"url\":\"https:\\\/\\\/secure.gravatar.com\\\/avatar\\\/07bd71fac19f42004f2b73567f012e126689afdb23cb0017536dea9113ba1806?s=96&d=mm&r=g\",\"contentUrl\":\"https:\\\/\\\/secure.gravatar.com\\\/avatar\\\/07bd71fac19f42004f2b73567f012e126689afdb23cb0017536dea9113ba1806?s=96&d=mm&r=g\",\"caption\":\"123esite\"},\"sameAs\":[\"http:\\\/\\\/globalattitude.org.br\"],\"url\":\"http:\\\/\\\/globalattitude.org.br\\\/en\\\/author\\\/123esite\\\/\"}]}<\/script>\n<!-- \/ Yoast SEO plugin. -->","yoast_head_json":{"title":"Delega\u00e7\u00e3o se prepara para ir a f\u00f3rum mundial na Mal\u00e1sia. Conhe\u00e7a selecionados - Instituto Global Attitude","robots":{"index":"index","follow":"follow","max-snippet":"max-snippet:-1","max-image-preview":"max-image-preview:large","max-video-preview":"max-video-preview:-1"},"canonical":"http:\/\/globalattitude.org.br\/en\/delegacao-se-prepara-para-ir-a-forum-mundial-na-malasia-conheca-selecionados\/","og_locale":"en_US","og_type":"article","og_title":"Delega\u00e7\u00e3o se prepara para ir a f\u00f3rum mundial na Mal\u00e1sia. Conhe\u00e7a selecionados - Instituto Global Attitude","og_description":"Foram mais de 100 inscritos por todo o Brasil e, finalmente, o Diplomacia Civil apresenta os sete delegados que participar\u00e3o do World Urban Forum 9 (WUF 9), evento do Programa de Assentamento da ONU (UN-Habitat), a ser realizado em Kuala Lumpur, na Mal\u00e1sia. Realizado desde 2002, o f\u00f3rum re\u00fane uma vasta gama de especialistas de [&hellip;]","og_url":"http:\/\/globalattitude.org.br\/en\/delegacao-se-prepara-para-ir-a-forum-mundial-na-malasia-conheca-selecionados\/","og_site_name":"Instituto Global Attitude","article_publisher":"https:\/\/www.facebook.com\/global.attitude.org\/","article_published_time":"2018-01-30T16:22:06+00:00","article_modified_time":"2023-03-10T13:31:31+00:00","og_image":[{"width":371,"height":371,"url":"http:\/\/globalattitude.org.br\/wp-content\/uploads\/2023\/03\/lais-bacci.png","type":"image\/png"}],"author":"123esite","twitter_card":"summary_large_image","twitter_creator":"@global_attitude","twitter_site":"@global_attitude","twitter_misc":{"Written by":"123esite","Est. reading time":"6 minutes"},"schema":{"@context":"https:\/\/schema.org","@graph":[{"@type":["Article","BlogPosting"],"@id":"http:\/\/globalattitude.org.br\/en\/delegacao-se-prepara-para-ir-a-forum-mundial-na-malasia-conheca-selecionados\/#article","isPartOf":{"@id":"http:\/\/globalattitude.org.br\/en\/delegacao-se-prepara-para-ir-a-forum-mundial-na-malasia-conheca-selecionados\/"},"author":{"name":"123esite","@id":"http:\/\/globalattitude.org.br\/#\/schema\/person\/6d308f9d9d1eebad0278ad9386f13169"},"headline":"Delega\u00e7\u00e3o se prepara para ir a f\u00f3rum mundial na Mal\u00e1sia. Conhe\u00e7a selecionados","datePublished":"2018-01-30T16:22:06+00:00","dateModified":"2023-03-10T13:31:31+00:00","mainEntityOfPage":{"@id":"http:\/\/globalattitude.org.br\/en\/delegacao-se-prepara-para-ir-a-forum-mundial-na-malasia-conheca-selecionados\/"},"wordCount":1157,"commentCount":0,"publisher":{"@id":"http:\/\/globalattitude.org.br\/#organization"},"image":{"@id":"http:\/\/globalattitude.org.br\/en\/delegacao-se-prepara-para-ir-a-forum-mundial-na-malasia-conheca-selecionados\/#primaryimage"},"thumbnailUrl":"http:\/\/globalattitude.org.br\/wp-content\/uploads\/2023\/03\/lais-bacci.png","articleSection":["Programas","\u00daltimas"],"inLanguage":"en-US","potentialAction":[{"@type":"CommentAction","name":"Comment","target":["http:\/\/globalattitude.org.br\/en\/delegacao-se-prepara-para-ir-a-forum-mundial-na-malasia-conheca-selecionados\/#respond"]}]},{"@type":"WebPage","@id":"http:\/\/globalattitude.org.br\/en\/delegacao-se-prepara-para-ir-a-forum-mundial-na-malasia-conheca-selecionados\/","url":"http:\/\/globalattitude.org.br\/en\/delegacao-se-prepara-para-ir-a-forum-mundial-na-malasia-conheca-selecionados\/","name":"Delega\u00e7\u00e3o se prepara para ir a f\u00f3rum mundial na Mal\u00e1sia. Conhe\u00e7a selecionados - Instituto Global Attitude","isPartOf":{"@id":"http:\/\/globalattitude.org.br\/#website"},"primaryImageOfPage":{"@id":"http:\/\/globalattitude.org.br\/en\/delegacao-se-prepara-para-ir-a-forum-mundial-na-malasia-conheca-selecionados\/#primaryimage"},"image":{"@id":"http:\/\/globalattitude.org.br\/en\/delegacao-se-prepara-para-ir-a-forum-mundial-na-malasia-conheca-selecionados\/#primaryimage"},"thumbnailUrl":"http:\/\/globalattitude.org.br\/wp-content\/uploads\/2023\/03\/lais-bacci.png","datePublished":"2018-01-30T16:22:06+00:00","dateModified":"2023-03-10T13:31:31+00:00","breadcrumb":{"@id":"http:\/\/globalattitude.org.br\/en\/delegacao-se-prepara-para-ir-a-forum-mundial-na-malasia-conheca-selecionados\/#breadcrumb"},"inLanguage":"en-US","potentialAction":[{"@type":"ReadAction","target":["http:\/\/globalattitude.org.br\/en\/delegacao-se-prepara-para-ir-a-forum-mundial-na-malasia-conheca-selecionados\/"]}]},{"@type":"ImageObject","inLanguage":"en-US","@id":"http:\/\/globalattitude.org.br\/en\/delegacao-se-prepara-para-ir-a-forum-mundial-na-malasia-conheca-selecionados\/#primaryimage","url":"http:\/\/globalattitude.org.br\/wp-content\/uploads\/2023\/03\/lais-bacci.png","contentUrl":"http:\/\/globalattitude.org.br\/wp-content\/uploads\/2023\/03\/lais-bacci.png","width":371,"height":371},{"@type":"BreadcrumbList","@id":"http:\/\/globalattitude.org.br\/en\/delegacao-se-prepara-para-ir-a-forum-mundial-na-malasia-conheca-selecionados\/#breadcrumb","itemListElement":[{"@type":"ListItem","position":1,"name":"In\u00edcio","item":"https:\/\/globalattitude.org.br\/en\/"},{"@type":"ListItem","position":2,"name":"Delega\u00e7\u00e3o se prepara para ir a f\u00f3rum mundial na Mal\u00e1sia. Conhe\u00e7a selecionados"}]},{"@type":"WebSite","@id":"http:\/\/globalattitude.org.br\/#website","url":"http:\/\/globalattitude.org.br\/","name":"Instituto Global Attitude","description":"","publisher":{"@id":"http:\/\/globalattitude.org.br\/#organization"},"potentialAction":[{"@type":"SearchAction","target":{"@type":"EntryPoint","urlTemplate":"http:\/\/globalattitude.org.br\/?s={search_term_string}"},"query-input":{"@type":"PropertyValueSpecification","valueRequired":true,"valueName":"search_term_string"}}],"inLanguage":"en-US"},{"@type":"Organization","@id":"http:\/\/globalattitude.org.br\/#organization","name":"Instituto Global Attitude","url":"http:\/\/globalattitude.org.br\/","logo":{"@type":"ImageObject","inLanguage":"en-US","@id":"http:\/\/globalattitude.org.br\/#\/schema\/logo\/image\/","url":"https:\/\/globalattitude.org.br\/wp-content\/uploads\/2023\/01\/instituto-global-attitude-color.png","contentUrl":"https:\/\/globalattitude.org.br\/wp-content\/uploads\/2023\/01\/instituto-global-attitude-color.png","width":300,"height":131,"caption":"Instituto Global Attitude"},"image":{"@id":"http:\/\/globalattitude.org.br\/#\/schema\/logo\/image\/"},"sameAs":["https:\/\/www.facebook.com\/global.attitude.org\/","https:\/\/x.com\/global_attitude","https:\/\/www.instagram.com\/globalattitude","https:\/\/www.linkedin.com\/company\/global-attitude\/?viewAsMember=true"]},{"@type":"Person","@id":"http:\/\/globalattitude.org.br\/#\/schema\/person\/6d308f9d9d1eebad0278ad9386f13169","name":"123esite","image":{"@type":"ImageObject","inLanguage":"en-US","@id":"https:\/\/secure.gravatar.com\/avatar\/07bd71fac19f42004f2b73567f012e126689afdb23cb0017536dea9113ba1806?s=96&d=mm&r=g","url":"https:\/\/secure.gravatar.com\/avatar\/07bd71fac19f42004f2b73567f012e126689afdb23cb0017536dea9113ba1806?s=96&d=mm&r=g","contentUrl":"https:\/\/secure.gravatar.com\/avatar\/07bd71fac19f42004f2b73567f012e126689afdb23cb0017536dea9113ba1806?s=96&d=mm&r=g","caption":"123esite"},"sameAs":["http:\/\/globalattitude.org.br"],"url":"http:\/\/globalattitude.org.br\/en\/author\/123esite\/"}]}},"_links":{"self":[{"href":"http:\/\/globalattitude.org.br\/en\/wp-json\/wp\/v2\/posts\/2082","targetHints":{"allow":["GET"]}}],"collection":[{"href":"http:\/\/globalattitude.org.br\/en\/wp-json\/wp\/v2\/posts"}],"about":[{"href":"http:\/\/globalattitude.org.br\/en\/wp-json\/wp\/v2\/types\/post"}],"author":[{"embeddable":true,"href":"http:\/\/globalattitude.org.br\/en\/wp-json\/wp\/v2\/users\/1"}],"replies":[{"embeddable":true,"href":"http:\/\/globalattitude.org.br\/en\/wp-json\/wp\/v2\/comments?post=2082"}],"version-history":[{"count":1,"href":"http:\/\/globalattitude.org.br\/en\/wp-json\/wp\/v2\/posts\/2082\/revisions"}],"predecessor-version":[{"id":2090,"href":"http:\/\/globalattitude.org.br\/en\/wp-json\/wp\/v2\/posts\/2082\/revisions\/2090"}],"wp:featuredmedia":[{"embeddable":true,"href":"http:\/\/globalattitude.org.br\/en\/wp-json\/wp\/v2\/media\/2083"}],"wp:attachment":[{"href":"http:\/\/globalattitude.org.br\/en\/wp-json\/wp\/v2\/media?parent=2082"}],"wp:term":[{"taxonomy":"category","embeddable":true,"href":"http:\/\/globalattitude.org.br\/en\/wp-json\/wp\/v2\/categories?post=2082"},{"taxonomy":"post_tag","embeddable":true,"href":"http:\/\/globalattitude.org.br\/en\/wp-json\/wp\/v2\/tags?post=2082"}],"curies":[{"name":"wp","href":"https:\/\/api.w.org\/{rel}","templated":true}]}}