{"id":2605,"date":"2018-11-08T19:49:05","date_gmt":"2018-11-08T21:49:05","guid":{"rendered":"https:\/\/globalattitude.org.br\/inscricoes-abertas-participe-do-programa-de-imersao-em-empreendedorismo-na-colombia\/"},"modified":"2023-03-10T10:41:20","modified_gmt":"2023-03-10T13:41:20","slug":"inscricoes-abertas-participe-do-programa-de-imersao-em-empreendedorismo-na-colombia","status":"publish","type":"post","link":"http:\/\/globalattitude.org.br\/en\/inscricoes-abertas-participe-do-programa-de-imersao-em-empreendedorismo-na-colombia\/","title":{"rendered":"Inscri\u00e7\u00f5es abertas: participe do programa de imers\u00e3o em empreendedorismo na Col\u00f4mbia"},"content":{"rendered":"<p>A Col\u00f4mbia tem ganhado grande notoriedade na \u00e1rea do empreendedorismo. Entre os anos 2000 e 2011, o n\u00famero de empreendedores em alta tecnologia cresceu mais r\u00e1pido que em qualquer outro pa\u00eds no mundo. Pensando nas oportunidades e aprendizado que o pa\u00eds pode oferecer, o <a href=\"https:\/\/mobbrasil.wixsite.com\/inovarparaempreender\"><strong>Mob:Brasil<\/strong><\/a> lan\u00e7a o programa <strong>Inovar para Empreender: o ecossistema colombiano de empreendedorismo<\/strong>, que acontece entre os dias 28 de janeiro e 4 de fevereiro, nas cidades de Bogot\u00e1 e Medell\u00edn.<\/p>\n<p><a href=\"http:\/\/globalattitude.org.br\/wp-content\/uploads\/2023\/03\/mob.png\"><img fetchpriority=\"high\" decoding=\"async\" class=\"aligncenter wp-image-4441\" src=\"http:\/\/globalattitude.org.br\/wp-content\/uploads\/2023\/03\/mob-300x224.png\" alt=\"programa de imers\u00e3o em empreendedorismo\" width=\"500\" height=\"374\" \/><\/a><\/p>\n<p>Buscando conectar os participantes a pr\u00e1ticas inovadoras, aumentar a rede de contatos e proporcionar uma experi\u00eancia educacional integrada, com foco na pr\u00e1tica, o Mob:Brasil promove um programa customizado de imers\u00e3o. Em parceria com a Universidad del Rosario (uma das 40 melhores universidades da Am\u00e9rica Latina, de acordo com a Times Higher Education, a qual possui um Centro de Empreendedorismo com mais de 168 empresas criadas), os integrantes contar\u00e3o com reuni\u00f5es preparat\u00f3rias antes da viagem e, j\u00e1 na Col\u00f4mbia, poder\u00e3o vivenciar um conte\u00fado acad\u00eamico na pr\u00e1tica, com metodologias inovadoras, visita a startups, \u00f3rg\u00e3os de governo e fundos de investimento, workshops interativos e muita &#8220;m\u00e3o na massa&#8221;.<\/p>\n<p>Com a miss\u00e3o de oferecer programas de interc\u00e2mbio educacional customizados e de curto prazo para estudantes colegiais, universit\u00e1rios e jovens profissionais, esta nova iniciativa do Instituto Global Attitude\u00a0busca ensinar e engajar seus participantes com pr\u00e1ticas internacionais no exterior. Para este programa,\u00a0s\u00e3o oferecidos workshops, palestras e visitas t\u00e9cnicas e acad\u00eamicas, al\u00e9m de\u00a0sete dias de imers\u00e3o no pa\u00eds e oportunidades de networking.<\/p>\n<p><a href=\"http:\/\/globalattitude.org.br\/wp-content\/uploads\/2023\/03\/https_2F2Fs3-eu-west-1.amazonaws.com2Fhtsi-ez-prod2Fez2Fimages2F72F92F72F12F631797-1-eng-GB2Fmain_de9359a3-4651-426f-a2d0-4cab07c75b1a.jpeg\"><img decoding=\"async\" class=\"aligncenter wp-image-4442\" src=\"http:\/\/globalattitude.org.br\/wp-content\/uploads\/2023\/03\/https_2F2Fs3-eu-west-1.amazonaws.com2Fhtsi-ez-prod2Fez2Fimages2F72F92F72F12F631797-1-eng-GB2Fmain_de9359a3-4651-426f-a2d0-4cab07c75b1a-300x222.jpeg\" alt=\"programa de imers\u00e3o em empreendedorismo\" width=\"600\" height=\"445\" \/><\/a><\/p>\n<p><strong>Como participar &#8211; Programa de Imers\u00e3o em Empreendedorismo<\/strong><br \/>\nOs interessados devem se inscrever por meio de\u00a0<a href=\"https:\/\/form.jotformz.com\/83115130376651\"><strong>formul\u00e1rio online<\/strong><\/a>. A sele\u00e7\u00e3o\u00a0levar\u00e1 em conta a motiva\u00e7\u00e3o\u00a0para participar do programa.<\/p>\n<p><strong>O programa \u00e9 pago<\/strong>\u00a0e inclui o programa acad\u00eamico e visitas t\u00e9cnicas com a Universidad del Rosario, acomoda\u00e7\u00e3o em hotel, alimenta\u00e7\u00e3o, transporte local, transporte de ida e volta a Medell\u00edn, visita guiada a programas tur\u00edsticos, seguro sa\u00fade, kit participante com camiseta e um coordenador Mob:Brasil bil\u00edngue.<\/p>\n<p>Mais informa\u00e7\u00f5es podem ser encontradas no\u00a0<a href=\"https:\/\/mobbrasil.wixsite.com\/inovarparaempreender\">site do programa<\/a>.<\/p>\n","protected":false},"excerpt":{"rendered":"<p>A Col\u00f4mbia tem ganhado grande notoriedade na \u00e1rea do empreendedorismo. Entre os anos 2000 e 2011, o n\u00famero de empreendedores em alta tecnologia cresceu mais r\u00e1pido que em qualquer outro pa\u00eds no mundo. Pensando nas oportunidades e aprendizado que o pa\u00eds pode oferecer, o Mob:Brasil lan\u00e7a o programa Inovar para Empreender: o ecossistema colombiano de [&hellip;]<\/p>\n","protected":false},"author":3,"featured_media":2606,"comment_status":"open","ping_status":"open","sticky":false,"template":"","format":"standard","meta":{"_acf_changed":false,"om_disable_all_campaigns":false,"_monsterinsights_skip_tracking":false,"_monsterinsights_sitenote_active":false,"_monsterinsights_sitenote_note":"","_monsterinsights_sitenote_category":0,"_uf_show_specific_survey":0,"_uf_disable_surveys":false,"footnotes":""},"categories":[22,34],"tags":[],"class_list":["post-2605","post","type-post","status-publish","format-standard","hentry","category-programas","category-ultimas"],"acf":[],"aioseo_notices":[],"yoast_head":"<!-- This site is optimized with the Yoast SEO plugin v27.5 - https:\/\/yoast.com\/product\/yoast-seo-wordpress\/ -->\n<title>Programa de imers\u00e3o em empreendedorismo - Inscri\u00e7\u00f5es Abertas<\/title>\n<meta name=\"description\" content=\"Programa de imers\u00e3o em empreendedorismo - Buscando conectar os participantes a pr\u00e1ticas inovadoras, aumentar a rede de contatos ... saiba mais\" \/>\n<meta name=\"robots\" content=\"index, follow, max-snippet:-1, max-image-preview:large, max-video-preview:-1\" \/>\n<link rel=\"canonical\" href=\"http:\/\/globalattitude.org.br\/en\/inscricoes-abertas-participe-do-programa-de-imersao-em-empreendedorismo-na-colombia\/\" \/>\n<meta property=\"og:locale\" content=\"en_US\" \/>\n<meta property=\"og:type\" content=\"article\" \/>\n<meta property=\"og:title\" content=\"Programa de imers\u00e3o em empreendedorismo - Inscri\u00e7\u00f5es Abertas\" \/>\n<meta property=\"og:description\" content=\"Programa de imers\u00e3o em empreendedorismo - Buscando conectar os participantes a pr\u00e1ticas inovadoras, aumentar a rede de contatos ... saiba mais\" \/>\n<meta property=\"og:url\" content=\"http:\/\/globalattitude.org.br\/en\/inscricoes-abertas-participe-do-programa-de-imersao-em-empreendedorismo-na-colombia\/\" \/>\n<meta property=\"og:site_name\" content=\"Instituto Global Attitude\" \/>\n<meta property=\"article:publisher\" content=\"https:\/\/www.facebook.com\/global.attitude.org\/\" \/>\n<meta property=\"article:published_time\" content=\"2018-11-08T21:49:05+00:00\" \/>\n<meta property=\"article:modified_time\" content=\"2023-03-10T13:41:20+00:00\" \/>\n<meta property=\"og:image\" content=\"http:\/\/globalattitude.org.br\/wp-content\/uploads\/2023\/03\/mob.png\" \/>\n\t<meta property=\"og:image:width\" content=\"800\" \/>\n\t<meta property=\"og:image:height\" content=\"598\" \/>\n\t<meta property=\"og:image:type\" content=\"image\/png\" \/>\n<meta name=\"author\" content=\"rodrigo\" \/>\n<meta name=\"twitter:card\" content=\"summary_large_image\" \/>\n<meta name=\"twitter:creator\" content=\"@global_attitude\" \/>\n<meta name=\"twitter:site\" content=\"@global_attitude\" \/>\n<meta name=\"twitter:label1\" content=\"Written by\" \/>\n\t<meta name=\"twitter:data1\" content=\"rodrigo\" \/>\n\t<meta name=\"twitter:label2\" content=\"Est. reading time\" \/>\n\t<meta name=\"twitter:data2\" content=\"2 minutes\" \/>\n<script type=\"application\/ld+json\" class=\"yoast-schema-graph\">{\"@context\":\"https:\\\/\\\/schema.org\",\"@graph\":[{\"@type\":[\"Article\",\"BlogPosting\"],\"@id\":\"http:\\\/\\\/globalattitude.org.br\\\/en\\\/inscricoes-abertas-participe-do-programa-de-imersao-em-empreendedorismo-na-colombia\\\/#article\",\"isPartOf\":{\"@id\":\"http:\\\/\\\/globalattitude.org.br\\\/en\\\/inscricoes-abertas-participe-do-programa-de-imersao-em-empreendedorismo-na-colombia\\\/\"},\"author\":{\"name\":\"rodrigo\",\"@id\":\"https:\\\/\\\/globalattitude.org.br\\\/en\\\/#\\\/schema\\\/person\\\/c0db5efc16133ab28ea2d64fc19667e5\"},\"headline\":\"Inscri\u00e7\u00f5es abertas: participe do programa de imers\u00e3o em empreendedorismo na Col\u00f4mbia\",\"datePublished\":\"2018-11-08T21:49:05+00:00\",\"dateModified\":\"2023-03-10T13:41:20+00:00\",\"mainEntityOfPage\":{\"@id\":\"http:\\\/\\\/globalattitude.org.br\\\/en\\\/inscricoes-abertas-participe-do-programa-de-imersao-em-empreendedorismo-na-colombia\\\/\"},\"wordCount\":381,\"commentCount\":0,\"publisher\":{\"@id\":\"https:\\\/\\\/globalattitude.org.br\\\/en\\\/#organization\"},\"image\":{\"@id\":\"http:\\\/\\\/globalattitude.org.br\\\/en\\\/inscricoes-abertas-participe-do-programa-de-imersao-em-empreendedorismo-na-colombia\\\/#primaryimage\"},\"thumbnailUrl\":\"http:\\\/\\\/globalattitude.org.br\\\/wp-content\\\/uploads\\\/2023\\\/03\\\/mob.png\",\"articleSection\":[\"Programas\",\"\u00daltimas\"],\"inLanguage\":\"en-US\",\"potentialAction\":[{\"@type\":\"CommentAction\",\"name\":\"Comment\",\"target\":[\"http:\\\/\\\/globalattitude.org.br\\\/en\\\/inscricoes-abertas-participe-do-programa-de-imersao-em-empreendedorismo-na-colombia\\\/#respond\"]}]},{\"@type\":\"WebPage\",\"@id\":\"http:\\\/\\\/globalattitude.org.br\\\/en\\\/inscricoes-abertas-participe-do-programa-de-imersao-em-empreendedorismo-na-colombia\\\/\",\"url\":\"http:\\\/\\\/globalattitude.org.br\\\/en\\\/inscricoes-abertas-participe-do-programa-de-imersao-em-empreendedorismo-na-colombia\\\/\",\"name\":\"Programa de imers\u00e3o em empreendedorismo - Inscri\u00e7\u00f5es Abertas\",\"isPartOf\":{\"@id\":\"https:\\\/\\\/globalattitude.org.br\\\/en\\\/#website\"},\"primaryImageOfPage\":{\"@id\":\"http:\\\/\\\/globalattitude.org.br\\\/en\\\/inscricoes-abertas-participe-do-programa-de-imersao-em-empreendedorismo-na-colombia\\\/#primaryimage\"},\"image\":{\"@id\":\"http:\\\/\\\/globalattitude.org.br\\\/en\\\/inscricoes-abertas-participe-do-programa-de-imersao-em-empreendedorismo-na-colombia\\\/#primaryimage\"},\"thumbnailUrl\":\"http:\\\/\\\/globalattitude.org.br\\\/wp-content\\\/uploads\\\/2023\\\/03\\\/mob.png\",\"datePublished\":\"2018-11-08T21:49:05+00:00\",\"dateModified\":\"2023-03-10T13:41:20+00:00\",\"description\":\"Programa de imers\u00e3o em empreendedorismo - Buscando conectar os participantes a pr\u00e1ticas inovadoras, aumentar a rede de contatos ... saiba mais\",\"breadcrumb\":{\"@id\":\"http:\\\/\\\/globalattitude.org.br\\\/en\\\/inscricoes-abertas-participe-do-programa-de-imersao-em-empreendedorismo-na-colombia\\\/#breadcrumb\"},\"inLanguage\":\"en-US\",\"potentialAction\":[{\"@type\":\"ReadAction\",\"target\":[\"http:\\\/\\\/globalattitude.org.br\\\/en\\\/inscricoes-abertas-participe-do-programa-de-imersao-em-empreendedorismo-na-colombia\\\/\"]}]},{\"@type\":\"ImageObject\",\"inLanguage\":\"en-US\",\"@id\":\"http:\\\/\\\/globalattitude.org.br\\\/en\\\/inscricoes-abertas-participe-do-programa-de-imersao-em-empreendedorismo-na-colombia\\\/#primaryimage\",\"url\":\"http:\\\/\\\/globalattitude.org.br\\\/wp-content\\\/uploads\\\/2023\\\/03\\\/mob.png\",\"contentUrl\":\"http:\\\/\\\/globalattitude.org.br\\\/wp-content\\\/uploads\\\/2023\\\/03\\\/mob.png\",\"width\":800,\"height\":598},{\"@type\":\"BreadcrumbList\",\"@id\":\"http:\\\/\\\/globalattitude.org.br\\\/en\\\/inscricoes-abertas-participe-do-programa-de-imersao-em-empreendedorismo-na-colombia\\\/#breadcrumb\",\"itemListElement\":[{\"@type\":\"ListItem\",\"position\":1,\"name\":\"In\u00edcio\",\"item\":\"https:\\\/\\\/globalattitude.org.br\\\/en\\\/\"},{\"@type\":\"ListItem\",\"position\":2,\"name\":\"Inscri\u00e7\u00f5es abertas: participe do programa de imers\u00e3o em empreendedorismo na Col\u00f4mbia\"}]},{\"@type\":\"WebSite\",\"@id\":\"https:\\\/\\\/globalattitude.org.br\\\/en\\\/#website\",\"url\":\"https:\\\/\\\/globalattitude.org.br\\\/en\\\/\",\"name\":\"Instituto Global Attitude\",\"description\":\"\",\"publisher\":{\"@id\":\"https:\\\/\\\/globalattitude.org.br\\\/en\\\/#organization\"},\"potentialAction\":[{\"@type\":\"SearchAction\",\"target\":{\"@type\":\"EntryPoint\",\"urlTemplate\":\"https:\\\/\\\/globalattitude.org.br\\\/en\\\/?s={search_term_string}\"},\"query-input\":{\"@type\":\"PropertyValueSpecification\",\"valueRequired\":true,\"valueName\":\"search_term_string\"}}],\"inLanguage\":\"en-US\"},{\"@type\":\"Organization\",\"@id\":\"https:\\\/\\\/globalattitude.org.br\\\/en\\\/#organization\",\"name\":\"Instituto Global Attitude\",\"url\":\"https:\\\/\\\/globalattitude.org.br\\\/en\\\/\",\"logo\":{\"@type\":\"ImageObject\",\"inLanguage\":\"en-US\",\"@id\":\"https:\\\/\\\/globalattitude.org.br\\\/en\\\/#\\\/schema\\\/logo\\\/image\\\/\",\"url\":\"https:\\\/\\\/globalattitude.org.br\\\/wp-content\\\/uploads\\\/2023\\\/01\\\/instituto-global-attitude-color.png\",\"contentUrl\":\"https:\\\/\\\/globalattitude.org.br\\\/wp-content\\\/uploads\\\/2023\\\/01\\\/instituto-global-attitude-color.png\",\"width\":300,\"height\":131,\"caption\":\"Instituto Global Attitude\"},\"image\":{\"@id\":\"https:\\\/\\\/globalattitude.org.br\\\/en\\\/#\\\/schema\\\/logo\\\/image\\\/\"},\"sameAs\":[\"https:\\\/\\\/www.facebook.com\\\/global.attitude.org\\\/\",\"https:\\\/\\\/x.com\\\/global_attitude\",\"https:\\\/\\\/www.instagram.com\\\/globalattitude\",\"https:\\\/\\\/www.linkedin.com\\\/company\\\/global-attitude\\\/?viewAsMember=true\"]},{\"@type\":\"Person\",\"@id\":\"https:\\\/\\\/globalattitude.org.br\\\/en\\\/#\\\/schema\\\/person\\\/c0db5efc16133ab28ea2d64fc19667e5\",\"name\":\"rodrigo\",\"image\":{\"@type\":\"ImageObject\",\"inLanguage\":\"en-US\",\"@id\":\"https:\\\/\\\/secure.gravatar.com\\\/avatar\\\/1c1599db13943f3289fb3206e5aaf9560b644e4aaf0b4d3a378ba91202ab9cc4?s=96&d=mm&r=g\",\"url\":\"https:\\\/\\\/secure.gravatar.com\\\/avatar\\\/1c1599db13943f3289fb3206e5aaf9560b644e4aaf0b4d3a378ba91202ab9cc4?s=96&d=mm&r=g\",\"contentUrl\":\"https:\\\/\\\/secure.gravatar.com\\\/avatar\\\/1c1599db13943f3289fb3206e5aaf9560b644e4aaf0b4d3a378ba91202ab9cc4?s=96&d=mm&r=g\",\"caption\":\"rodrigo\"},\"url\":\"http:\\\/\\\/globalattitude.org.br\\\/en\\\/author\\\/rodrigo\\\/\"}]}<\/script>\n<!-- \/ Yoast SEO plugin. -->","yoast_head_json":{"title":"Programa de imers\u00e3o em empreendedorismo - Inscri\u00e7\u00f5es Abertas","description":"Programa de imers\u00e3o em empreendedorismo - Buscando conectar os participantes a pr\u00e1ticas inovadoras, aumentar a rede de contatos ... saiba mais","robots":{"index":"index","follow":"follow","max-snippet":"max-snippet:-1","max-image-preview":"max-image-preview:large","max-video-preview":"max-video-preview:-1"},"canonical":"http:\/\/globalattitude.org.br\/en\/inscricoes-abertas-participe-do-programa-de-imersao-em-empreendedorismo-na-colombia\/","og_locale":"en_US","og_type":"article","og_title":"Programa de imers\u00e3o em empreendedorismo - Inscri\u00e7\u00f5es Abertas","og_description":"Programa de imers\u00e3o em empreendedorismo - Buscando conectar os participantes a pr\u00e1ticas inovadoras, aumentar a rede de contatos ... saiba mais","og_url":"http:\/\/globalattitude.org.br\/en\/inscricoes-abertas-participe-do-programa-de-imersao-em-empreendedorismo-na-colombia\/","og_site_name":"Instituto Global Attitude","article_publisher":"https:\/\/www.facebook.com\/global.attitude.org\/","article_published_time":"2018-11-08T21:49:05+00:00","article_modified_time":"2023-03-10T13:41:20+00:00","og_image":[{"width":800,"height":598,"url":"http:\/\/globalattitude.org.br\/wp-content\/uploads\/2023\/03\/mob.png","type":"image\/png"}],"author":"rodrigo","twitter_card":"summary_large_image","twitter_creator":"@global_attitude","twitter_site":"@global_attitude","twitter_misc":{"Written by":"rodrigo","Est. reading time":"2 minutes"},"schema":{"@context":"https:\/\/schema.org","@graph":[{"@type":["Article","BlogPosting"],"@id":"http:\/\/globalattitude.org.br\/en\/inscricoes-abertas-participe-do-programa-de-imersao-em-empreendedorismo-na-colombia\/#article","isPartOf":{"@id":"http:\/\/globalattitude.org.br\/en\/inscricoes-abertas-participe-do-programa-de-imersao-em-empreendedorismo-na-colombia\/"},"author":{"name":"rodrigo","@id":"https:\/\/globalattitude.org.br\/en\/#\/schema\/person\/c0db5efc16133ab28ea2d64fc19667e5"},"headline":"Inscri\u00e7\u00f5es abertas: participe do programa de imers\u00e3o em empreendedorismo na Col\u00f4mbia","datePublished":"2018-11-08T21:49:05+00:00","dateModified":"2023-03-10T13:41:20+00:00","mainEntityOfPage":{"@id":"http:\/\/globalattitude.org.br\/en\/inscricoes-abertas-participe-do-programa-de-imersao-em-empreendedorismo-na-colombia\/"},"wordCount":381,"commentCount":0,"publisher":{"@id":"https:\/\/globalattitude.org.br\/en\/#organization"},"image":{"@id":"http:\/\/globalattitude.org.br\/en\/inscricoes-abertas-participe-do-programa-de-imersao-em-empreendedorismo-na-colombia\/#primaryimage"},"thumbnailUrl":"http:\/\/globalattitude.org.br\/wp-content\/uploads\/2023\/03\/mob.png","articleSection":["Programas","\u00daltimas"],"inLanguage":"en-US","potentialAction":[{"@type":"CommentAction","name":"Comment","target":["http:\/\/globalattitude.org.br\/en\/inscricoes-abertas-participe-do-programa-de-imersao-em-empreendedorismo-na-colombia\/#respond"]}]},{"@type":"WebPage","@id":"http:\/\/globalattitude.org.br\/en\/inscricoes-abertas-participe-do-programa-de-imersao-em-empreendedorismo-na-colombia\/","url":"http:\/\/globalattitude.org.br\/en\/inscricoes-abertas-participe-do-programa-de-imersao-em-empreendedorismo-na-colombia\/","name":"Programa de imers\u00e3o em empreendedorismo - Inscri\u00e7\u00f5es Abertas","isPartOf":{"@id":"https:\/\/globalattitude.org.br\/en\/#website"},"primaryImageOfPage":{"@id":"http:\/\/globalattitude.org.br\/en\/inscricoes-abertas-participe-do-programa-de-imersao-em-empreendedorismo-na-colombia\/#primaryimage"},"image":{"@id":"http:\/\/globalattitude.org.br\/en\/inscricoes-abertas-participe-do-programa-de-imersao-em-empreendedorismo-na-colombia\/#primaryimage"},"thumbnailUrl":"http:\/\/globalattitude.org.br\/wp-content\/uploads\/2023\/03\/mob.png","datePublished":"2018-11-08T21:49:05+00:00","dateModified":"2023-03-10T13:41:20+00:00","description":"Programa de imers\u00e3o em empreendedorismo - Buscando conectar os participantes a pr\u00e1ticas inovadoras, aumentar a rede de contatos ... saiba mais","breadcrumb":{"@id":"http:\/\/globalattitude.org.br\/en\/inscricoes-abertas-participe-do-programa-de-imersao-em-empreendedorismo-na-colombia\/#breadcrumb"},"inLanguage":"en-US","potentialAction":[{"@type":"ReadAction","target":["http:\/\/globalattitude.org.br\/en\/inscricoes-abertas-participe-do-programa-de-imersao-em-empreendedorismo-na-colombia\/"]}]},{"@type":"ImageObject","inLanguage":"en-US","@id":"http:\/\/globalattitude.org.br\/en\/inscricoes-abertas-participe-do-programa-de-imersao-em-empreendedorismo-na-colombia\/#primaryimage","url":"http:\/\/globalattitude.org.br\/wp-content\/uploads\/2023\/03\/mob.png","contentUrl":"http:\/\/globalattitude.org.br\/wp-content\/uploads\/2023\/03\/mob.png","width":800,"height":598},{"@type":"BreadcrumbList","@id":"http:\/\/globalattitude.org.br\/en\/inscricoes-abertas-participe-do-programa-de-imersao-em-empreendedorismo-na-colombia\/#breadcrumb","itemListElement":[{"@type":"ListItem","position":1,"name":"In\u00edcio","item":"https:\/\/globalattitude.org.br\/en\/"},{"@type":"ListItem","position":2,"name":"Inscri\u00e7\u00f5es abertas: participe do programa de imers\u00e3o em empreendedorismo na Col\u00f4mbia"}]},{"@type":"WebSite","@id":"https:\/\/globalattitude.org.br\/en\/#website","url":"https:\/\/globalattitude.org.br\/en\/","name":"Instituto Global Attitude","description":"","publisher":{"@id":"https:\/\/globalattitude.org.br\/en\/#organization"},"potentialAction":[{"@type":"SearchAction","target":{"@type":"EntryPoint","urlTemplate":"https:\/\/globalattitude.org.br\/en\/?s={search_term_string}"},"query-input":{"@type":"PropertyValueSpecification","valueRequired":true,"valueName":"search_term_string"}}],"inLanguage":"en-US"},{"@type":"Organization","@id":"https:\/\/globalattitude.org.br\/en\/#organization","name":"Instituto Global Attitude","url":"https:\/\/globalattitude.org.br\/en\/","logo":{"@type":"ImageObject","inLanguage":"en-US","@id":"https:\/\/globalattitude.org.br\/en\/#\/schema\/logo\/image\/","url":"https:\/\/globalattitude.org.br\/wp-content\/uploads\/2023\/01\/instituto-global-attitude-color.png","contentUrl":"https:\/\/globalattitude.org.br\/wp-content\/uploads\/2023\/01\/instituto-global-attitude-color.png","width":300,"height":131,"caption":"Instituto Global Attitude"},"image":{"@id":"https:\/\/globalattitude.org.br\/en\/#\/schema\/logo\/image\/"},"sameAs":["https:\/\/www.facebook.com\/global.attitude.org\/","https:\/\/x.com\/global_attitude","https:\/\/www.instagram.com\/globalattitude","https:\/\/www.linkedin.com\/company\/global-attitude\/?viewAsMember=true"]},{"@type":"Person","@id":"https:\/\/globalattitude.org.br\/en\/#\/schema\/person\/c0db5efc16133ab28ea2d64fc19667e5","name":"rodrigo","image":{"@type":"ImageObject","inLanguage":"en-US","@id":"https:\/\/secure.gravatar.com\/avatar\/1c1599db13943f3289fb3206e5aaf9560b644e4aaf0b4d3a378ba91202ab9cc4?s=96&d=mm&r=g","url":"https:\/\/secure.gravatar.com\/avatar\/1c1599db13943f3289fb3206e5aaf9560b644e4aaf0b4d3a378ba91202ab9cc4?s=96&d=mm&r=g","contentUrl":"https:\/\/secure.gravatar.com\/avatar\/1c1599db13943f3289fb3206e5aaf9560b644e4aaf0b4d3a378ba91202ab9cc4?s=96&d=mm&r=g","caption":"rodrigo"},"url":"http:\/\/globalattitude.org.br\/en\/author\/rodrigo\/"}]}},"_links":{"self":[{"href":"http:\/\/globalattitude.org.br\/en\/wp-json\/wp\/v2\/posts\/2605","targetHints":{"allow":["GET"]}}],"collection":[{"href":"http:\/\/globalattitude.org.br\/en\/wp-json\/wp\/v2\/posts"}],"about":[{"href":"http:\/\/globalattitude.org.br\/en\/wp-json\/wp\/v2\/types\/post"}],"author":[{"embeddable":true,"href":"http:\/\/globalattitude.org.br\/en\/wp-json\/wp\/v2\/users\/3"}],"replies":[{"embeddable":true,"href":"http:\/\/globalattitude.org.br\/en\/wp-json\/wp\/v2\/comments?post=2605"}],"version-history":[{"count":1,"href":"http:\/\/globalattitude.org.br\/en\/wp-json\/wp\/v2\/posts\/2605\/revisions"}],"predecessor-version":[{"id":2608,"href":"http:\/\/globalattitude.org.br\/en\/wp-json\/wp\/v2\/posts\/2605\/revisions\/2608"}],"wp:featuredmedia":[{"embeddable":true,"href":"http:\/\/globalattitude.org.br\/en\/wp-json\/wp\/v2\/media\/2606"}],"wp:attachment":[{"href":"http:\/\/globalattitude.org.br\/en\/wp-json\/wp\/v2\/media?parent=2605"}],"wp:term":[{"taxonomy":"category","embeddable":true,"href":"http:\/\/globalattitude.org.br\/en\/wp-json\/wp\/v2\/categories?post=2605"},{"taxonomy":"post_tag","embeddable":true,"href":"http:\/\/globalattitude.org.br\/en\/wp-json\/wp\/v2\/tags?post=2605"}],"curies":[{"name":"wp","href":"https:\/\/api.w.org\/{rel}","templated":true}]}}