{"id":2785,"date":"2019-03-13T19:52:47","date_gmt":"2019-03-13T22:52:47","guid":{"rendered":"https:\/\/globalattitude.org.br\/primeiro-bolsista-do-diplomacia-civil-desenvolve-projeto-com-agua-da-chuva-para-seca-no-nordeste\/"},"modified":"2019-03-13T19:52:47","modified_gmt":"2019-03-13T22:52:47","slug":"primeiro-bolsista-do-diplomacia-civil-desenvolve-projeto-com-agua-da-chuva-para-seca-no-nordeste","status":"publish","type":"post","link":"http:\/\/globalattitude.org.br\/en\/primeiro-bolsista-do-diplomacia-civil-desenvolve-projeto-com-agua-da-chuva-para-seca-no-nordeste\/","title":{"rendered":"Primeiro bolsista do Diplomacia Civil desenvolve projeto com \u00e1gua da chuva para seca no Nordeste"},"content":{"rendered":"<p>Ap\u00f3s uma sele\u00e7\u00e3o que contou com mais de 300 candidatos de todas as partes do Brasil, o Instituto Global Attitude lan\u00e7a o primeiro vencedor da Bolsa Jovem Diplomacia Civil. Erleyvaldo Bispo dos Santos ir\u00e1 participar, com tudo pago,\u00a0da <a href=\"http:\/\/blog.globalattitude.org.br\/inscricoes-abertas-delegacao-para-forum-da-onu-na-america-latina-tem-oportunidade-de-bolsa\/\">delega\u00e7\u00e3o oficial do programa no F\u00f3rum dos Pa\u00edses da Am\u00e9rica Latina e Caribe sobre Desenvolvimento Sustent\u00e1vel<\/a>, promovido pela Comiss\u00e3o\u00a0Econ\u00f4mica para a Am\u00e9rica Latina e Caribe (Cepal), em Santiago, Chile, no m\u00eas de abril.<\/p>\n<p>Visando o engajamento da juventude brasileira no \u00e2mbito internacional, por meio de um processo que busca incluir a todas e todos, independente da origem regional, \u00e9tnica ou de g\u00eanero, o Instituto Global Attitude lan\u00e7ou a primeira vaga para o\u00a0benef\u00edcio, voltado \u00e0 parcela da juventude considerada em situa\u00e7\u00e3o de vulnerabilidade socioecon\u00f4mica que cobrir\u00e1 todos os custos do programa.<\/p>\n<p>Natural da cidade de Lagarto, no interior de Sergipe, Erleyvaldo, 22 anos, \u00e9 t\u00e9cnico em Agropecu\u00e1ria pelo Instituto\u00a0Federal de Educa\u00e7\u00e3o, Ci\u00eancia e Tecnologia de Sergipe (IFS), graduando em Engenharia Florestal pela\u00a0Universidade Federal Rural do Rio de Janeiro (UFRRJ) e membro do Laborat\u00f3rio de Sensoriamento Remoto e Climatologia Aplicada e estagi\u00e1riode Recursos H\u00eddricos da Ag\u00eancia de Bacia (AGEVAP). Motivado por suas pr\u00f3prias viv\u00eancias de escassez h\u00eddrica enquanto jovem nordestino, o bolsista possui grande interesse por quest\u00f5es ambientais, com a \u00e1gua sendo seu foco principal.<\/p>\n<p>Sua dedica\u00e7\u00e3o ao meio ambiente come\u00e7ou ainda em 2009, quando\u00a0foi medalhista na II Olimp\u00edada Ambiental de Sergipe. Em 2018, participou de dois eventos internacionais, em S\u00e3o Paulo, como relator volunt\u00e1rio do 8th World Water Forum e convidado do 4th Global Climate Policy Conference.<\/p>\n<div id=\"attachment_4636\" style=\"width: 610px\" class=\"wp-caption aligncenter\"><a href=\"http:\/\/blog.globalattitude.org.br\/wordpress\/wp-content\/uploads\/2019\/03\/Erleyvaldo-foto-03.jpg\"><img fetchpriority=\"high\" decoding=\"async\" aria-describedby=\"caption-attachment-4636\" class=\"wp-image-4636\" src=\"http:\/\/blog.globalattitude.org.br\/wordpress\/wp-content\/uploads\/2019\/03\/Erleyvaldo-foto-03-300x200.jpg\" alt=\"projeto com \u00e1gua da chuva para seca\" width=\"600\" height=\"400\" \/><\/a><p id=\"caption-attachment-4636\" class=\"wp-caption-text\">Foto: Arquivo pessoal<\/p><\/div>\n<p>&#8220;Quando voc\u00ea fala em meio ambiente tem v\u00e1rias vertentes e caminhos pra seguir. Eu n\u00e3o tinha um caminho, falava no geral, n\u00e3o tinha enfoque. No momento que fui pro F\u00f3rum Mundial da \u00c1gua me deparei com v\u00e1rias informa\u00e7\u00f5es que, at\u00e9 ent\u00e3o, eu n\u00e3o conhecia e me deu um estalo na mente: eu tenho que trabalhar com \u00e1gua. Foi onde oficializei minha grande vontade e paix\u00e3o e quando comecei a me conectar com a regi\u00e3o de onde vim&#8221;, explica Erleyvaldo.<\/p>\n<p>Ainda durante o evento, o sergipano conheceu um haitiano integrante de uma organiza\u00e7\u00e3o de jovens mobilizados pelas mudan\u00e7as clim\u00e1ticas que o inspirou a agir de forma mais concreta pelo meio ambiente. &#8220;Ele me questionou sobre o que fa\u00e7o, enquanto jovem, pela realidade do meu pa\u00eds.\u00a0\u00c9 importante que n\u00f3s sejamos o exemplo, tenhamos voz e que nossas pautas sejam ouvidas, mas vi a grande necessidade de fazer algo concreto. Fiquei o ano passado todo, depois do f\u00f3rum, me perguntando o que poderia fazer sobre a quest\u00e3o da \u00e1gua, que pudesse ajudar as pessoas e gerasse impacto&#8221;, lembra.<\/p>\n<p>Foi ent\u00e3o que, ainda em 2018, o jovem criou o projeto socioambiental \u00c1guas Resilientes, o qual busca reduzir as mudan\u00e7as clim\u00e1ticas e levar seguran\u00e7a h\u00eddrica e educa\u00e7\u00e3o clim\u00e1tica para pessoas em regi\u00f5es de vulnerabilidade por meio de um sistema de capta\u00e7\u00e3o de \u00e1gua da chuva de baixo custo. &#8220;J\u00e1 passei uma semana sem \u00e1gua em casa, mas tinha a sorte de ter uma caixa d&#8217;\u00e1gua, coisa que outras fam\u00edlias n\u00e3o t\u00eam. Este \u00e9 um projeto que fala muito de onde vim. N\u00f3s, nordestinos, sempre nos deparamos com escassez h\u00eddrica e, com o passar dos anos est\u00e1 ficando pior. 2012 a 2017 foi o pior per\u00edodo de seca no Nordeste nos \u00faltimos 100 anos&#8221;.<\/p>\n<div id=\"attachment_4634\" style=\"width: 610px\" class=\"wp-caption aligncenter\"><a href=\"http:\/\/blog.globalattitude.org.br\/wordpress\/wp-content\/uploads\/2019\/03\/Erleyvaldo-foto-01.jpeg\"><img decoding=\"async\" aria-describedby=\"caption-attachment-4634\" class=\"wp-image-4634\" src=\"http:\/\/blog.globalattitude.org.br\/wordpress\/wp-content\/uploads\/2019\/03\/Erleyvaldo-foto-01-284x300.jpeg\" alt=\"projeto com \u00e1gua da chuva para seca\" width=\"600\" height=\"634\" \/><\/a><p id=\"caption-attachment-4634\" class=\"wp-caption-text\">Foto: Arquivo pessoal<\/p><\/div>\n<p>Contando com a parceria de um amigo, Erleyvaldo est\u00e1 em fase de desenvolvimento do projeto e inscrevendo-o em editais.\u00a0Com a sua participa\u00e7\u00e3o\u00a0como delegado no f\u00f3rum da Cepal, o sergipano espera reunir um aprendizado ainda maior na quest\u00e3o ambiental, ao mesmo tempo que compartilhar\u00e1 com os participantes seus conhecimentos sobre a import\u00e2ncia da prote\u00e7\u00e3o da \u00e1gua pela juventude e a gest\u00e3o sustent\u00e1vel de recursos h\u00eddricos, oferecendo a possibilidade de &#8220;pensar outras formas de governan\u00e7a da \u00e1gua&#8221;.<\/p>\n<p class=\"p1\">Esta ser\u00e1 a primeira vez que ele sair\u00e1 do pa\u00eds, feito que aguarda com muita expectativa. &#8220;<span class=\"s1\">A\u00a0minha vis\u00e3o de mundo \u00e9 ampliada a partir dos eventos que fui. Nem sempre \u00e9 f\u00e1cil ir pra um evento internacional, mas \u00e9 importante que estejamos nestes ambientes, porque expande sua vis\u00e3o de mundo. Voc\u00ea fica contextualizado globalmente e amplia seus horizontes, pois estes eventos internacionais sempre me trazem muitas reflex\u00f5es. V<\/span><span class=\"s1\">ai ser uma grande experi\u00eancia&#8221;, declara.<\/span><\/p>\n<p><strong>O f\u00f3rum<\/strong><br \/>\nPromovido pela Cepal, o F\u00f3rum dos Pa\u00edses da Am\u00e9rica Latina e Caribe sobre Desenvolvimento Sustent\u00e1vel foi criado durante sess\u00e3o de 2016 no M\u00e9xico, com o objetivo de dar seguimento e monitorar a implementa\u00e7\u00e3o da Agenda 2030 para o Desenvolvimento Sustent\u00e1vel, os Objetivos de Desenvolvimento Sustent\u00e1vel (ODS) e suas metas.<\/p>\n<div id=\"attachment_4566\" style=\"width: 610px\" class=\"wp-caption aligncenter\"><a href=\"http:\/\/blog.globalattitude.org.br\/wordpress\/wp-content\/uploads\/2019\/02\/CEPAL1-1.jpg\"><img decoding=\"async\" aria-describedby=\"caption-attachment-4566\" class=\"wp-image-4566\" src=\"http:\/\/blog.globalattitude.org.br\/wordpress\/wp-content\/uploads\/2019\/02\/CEPAL1-1-300x183.jpg\" alt=\"\" width=\"600\" height=\"366\" \/><\/a><p id=\"caption-attachment-4566\" class=\"wp-caption-text\">Foto: Divulga\u00e7\u00e3o<\/p><\/div>\n<p>J\u00e1 em sua terceira edi\u00e7\u00e3o, o evento acontece na sede da Cepal, de 22 a 27 de abril, e tem como foco todos os pa\u00edses da regi\u00e3o, reunindo representantes de Estado, setores privados, sociedade civil, bancos de desenvolvimento, \u00f3rg\u00e3os subsidi\u00e1rios da pr\u00f3pria Cepal, ag\u00eancias da ONU e blocos de integra\u00e7\u00e3o regional.<\/p>\n","protected":false},"excerpt":{"rendered":"<p>Ap\u00f3s uma sele\u00e7\u00e3o que contou com mais de 300 candidatos de todas as partes do Brasil, o Instituto Global Attitude lan\u00e7a o primeiro vencedor da Bolsa Jovem Diplomacia Civil. Erleyvaldo Bispo dos Santos ir\u00e1 participar, com tudo pago,\u00a0da delega\u00e7\u00e3o oficial do programa no F\u00f3rum dos Pa\u00edses da Am\u00e9rica Latina e Caribe sobre Desenvolvimento Sustent\u00e1vel, promovido [&hellip;]<\/p>\n","protected":false},"author":3,"featured_media":0,"comment_status":"open","ping_status":"open","sticky":false,"template":"","format":"standard","meta":{"_acf_changed":false,"om_disable_all_campaigns":false,"_monsterinsights_skip_tracking":false,"_monsterinsights_sitenote_active":false,"_monsterinsights_sitenote_note":"","_monsterinsights_sitenote_category":0,"_uf_show_specific_survey":0,"_uf_disable_surveys":false,"footnotes":""},"categories":[1],"tags":[],"class_list":["post-2785","post","type-post","status-publish","format-standard","hentry","category-nao-categorizado"],"acf":[],"aioseo_notices":[],"yoast_head":"<!-- This site is optimized with the Yoast SEO plugin v27.5 - https:\/\/yoast.com\/product\/yoast-seo-wordpress\/ -->\n<title>Projeto com \u00e1gua da chuva para seca - Bolsista do Diplomacia Civil<\/title>\n<meta name=\"description\" content=\"Projeto com \u00e1gua da chuva para seca - Ap\u00f3s uma sele\u00e7\u00e3o que contou com mais de 300 candidatos de todas as partes do Brasil, o Instituto Global Attitude...\" \/>\n<meta name=\"robots\" content=\"index, follow, max-snippet:-1, max-image-preview:large, max-video-preview:-1\" \/>\n<link rel=\"canonical\" href=\"http:\/\/globalattitude.org.br\/primeiro-bolsista-do-diplomacia-civil-desenvolve-projeto-com-agua-da-chuva-para-seca-no-nordeste\/\" \/>\n<meta property=\"og:locale\" content=\"en_US\" \/>\n<meta property=\"og:type\" content=\"article\" \/>\n<meta property=\"og:title\" content=\"Projeto com \u00e1gua da chuva para seca - Bolsista do Diplomacia Civil\" \/>\n<meta property=\"og:description\" content=\"Projeto com \u00e1gua da chuva para seca - Ap\u00f3s uma sele\u00e7\u00e3o que contou com mais de 300 candidatos de todas as partes do Brasil, o Instituto Global Attitude...\" \/>\n<meta property=\"og:url\" content=\"http:\/\/globalattitude.org.br\/primeiro-bolsista-do-diplomacia-civil-desenvolve-projeto-com-agua-da-chuva-para-seca-no-nordeste\/\" \/>\n<meta property=\"og:site_name\" content=\"Instituto Global Attitude\" \/>\n<meta property=\"article:publisher\" content=\"https:\/\/www.facebook.com\/global.attitude.org\/\" \/>\n<meta property=\"article:published_time\" content=\"2019-03-13T22:52:47+00:00\" \/>\n<meta property=\"og:image\" content=\"http:\/\/blog.globalattitude.org.br\/wordpress\/wp-content\/uploads\/2019\/03\/Erleyvaldo-foto-03-300x200.jpg\" \/>\n<meta name=\"author\" content=\"rodrigo\" \/>\n<meta name=\"twitter:card\" content=\"summary_large_image\" \/>\n<meta name=\"twitter:creator\" content=\"@global_attitude\" \/>\n<meta name=\"twitter:site\" content=\"@global_attitude\" \/>\n<meta name=\"twitter:label1\" content=\"Written by\" \/>\n\t<meta name=\"twitter:data1\" content=\"rodrigo\" \/>\n\t<meta name=\"twitter:label2\" content=\"Est. reading time\" \/>\n\t<meta name=\"twitter:data2\" content=\"5 minutes\" \/>\n<script type=\"application\/ld+json\" class=\"yoast-schema-graph\">{\"@context\":\"https:\\\/\\\/schema.org\",\"@graph\":[{\"@type\":[\"Article\",\"BlogPosting\"],\"@id\":\"http:\\\/\\\/globalattitude.org.br\\\/primeiro-bolsista-do-diplomacia-civil-desenvolve-projeto-com-agua-da-chuva-para-seca-no-nordeste\\\/#article\",\"isPartOf\":{\"@id\":\"http:\\\/\\\/globalattitude.org.br\\\/primeiro-bolsista-do-diplomacia-civil-desenvolve-projeto-com-agua-da-chuva-para-seca-no-nordeste\\\/\"},\"author\":{\"name\":\"rodrigo\",\"@id\":\"http:\\\/\\\/globalattitude.org.br\\\/#\\\/schema\\\/person\\\/c0db5efc16133ab28ea2d64fc19667e5\"},\"headline\":\"Primeiro bolsista do Diplomacia Civil desenvolve projeto com \u00e1gua da chuva para seca no Nordeste\",\"datePublished\":\"2019-03-13T22:52:47+00:00\",\"mainEntityOfPage\":{\"@id\":\"http:\\\/\\\/globalattitude.org.br\\\/primeiro-bolsista-do-diplomacia-civil-desenvolve-projeto-com-agua-da-chuva-para-seca-no-nordeste\\\/\"},\"wordCount\":930,\"commentCount\":0,\"publisher\":{\"@id\":\"http:\\\/\\\/globalattitude.org.br\\\/#organization\"},\"image\":{\"@id\":\"http:\\\/\\\/globalattitude.org.br\\\/primeiro-bolsista-do-diplomacia-civil-desenvolve-projeto-com-agua-da-chuva-para-seca-no-nordeste\\\/#primaryimage\"},\"thumbnailUrl\":\"http:\\\/\\\/blog.globalattitude.org.br\\\/wordpress\\\/wp-content\\\/uploads\\\/2019\\\/03\\\/Erleyvaldo-foto-03-300x200.jpg\",\"articleSection\":[\"N\u00e3o categorizado\"],\"inLanguage\":\"en-US\",\"potentialAction\":[{\"@type\":\"CommentAction\",\"name\":\"Comment\",\"target\":[\"http:\\\/\\\/globalattitude.org.br\\\/primeiro-bolsista-do-diplomacia-civil-desenvolve-projeto-com-agua-da-chuva-para-seca-no-nordeste\\\/#respond\"]}]},{\"@type\":\"WebPage\",\"@id\":\"http:\\\/\\\/globalattitude.org.br\\\/primeiro-bolsista-do-diplomacia-civil-desenvolve-projeto-com-agua-da-chuva-para-seca-no-nordeste\\\/\",\"url\":\"http:\\\/\\\/globalattitude.org.br\\\/primeiro-bolsista-do-diplomacia-civil-desenvolve-projeto-com-agua-da-chuva-para-seca-no-nordeste\\\/\",\"name\":\"Projeto com \u00e1gua da chuva para seca - Bolsista do Diplomacia Civil\",\"isPartOf\":{\"@id\":\"http:\\\/\\\/globalattitude.org.br\\\/#website\"},\"primaryImageOfPage\":{\"@id\":\"http:\\\/\\\/globalattitude.org.br\\\/primeiro-bolsista-do-diplomacia-civil-desenvolve-projeto-com-agua-da-chuva-para-seca-no-nordeste\\\/#primaryimage\"},\"image\":{\"@id\":\"http:\\\/\\\/globalattitude.org.br\\\/primeiro-bolsista-do-diplomacia-civil-desenvolve-projeto-com-agua-da-chuva-para-seca-no-nordeste\\\/#primaryimage\"},\"thumbnailUrl\":\"http:\\\/\\\/blog.globalattitude.org.br\\\/wordpress\\\/wp-content\\\/uploads\\\/2019\\\/03\\\/Erleyvaldo-foto-03-300x200.jpg\",\"datePublished\":\"2019-03-13T22:52:47+00:00\",\"description\":\"Projeto com \u00e1gua da chuva para seca - Ap\u00f3s uma sele\u00e7\u00e3o que contou com mais de 300 candidatos de todas as partes do Brasil, o Instituto Global Attitude...\",\"breadcrumb\":{\"@id\":\"http:\\\/\\\/globalattitude.org.br\\\/primeiro-bolsista-do-diplomacia-civil-desenvolve-projeto-com-agua-da-chuva-para-seca-no-nordeste\\\/#breadcrumb\"},\"inLanguage\":\"en-US\",\"potentialAction\":[{\"@type\":\"ReadAction\",\"target\":[\"http:\\\/\\\/globalattitude.org.br\\\/primeiro-bolsista-do-diplomacia-civil-desenvolve-projeto-com-agua-da-chuva-para-seca-no-nordeste\\\/\"]}]},{\"@type\":\"ImageObject\",\"inLanguage\":\"en-US\",\"@id\":\"http:\\\/\\\/globalattitude.org.br\\\/primeiro-bolsista-do-diplomacia-civil-desenvolve-projeto-com-agua-da-chuva-para-seca-no-nordeste\\\/#primaryimage\",\"url\":\"http:\\\/\\\/blog.globalattitude.org.br\\\/wordpress\\\/wp-content\\\/uploads\\\/2019\\\/03\\\/Erleyvaldo-foto-03-300x200.jpg\",\"contentUrl\":\"http:\\\/\\\/blog.globalattitude.org.br\\\/wordpress\\\/wp-content\\\/uploads\\\/2019\\\/03\\\/Erleyvaldo-foto-03-300x200.jpg\"},{\"@type\":\"BreadcrumbList\",\"@id\":\"http:\\\/\\\/globalattitude.org.br\\\/primeiro-bolsista-do-diplomacia-civil-desenvolve-projeto-com-agua-da-chuva-para-seca-no-nordeste\\\/#breadcrumb\",\"itemListElement\":[{\"@type\":\"ListItem\",\"position\":1,\"name\":\"In\u00edcio\",\"item\":\"https:\\\/\\\/globalattitude.org.br\\\/en\\\/\"},{\"@type\":\"ListItem\",\"position\":2,\"name\":\"Primeiro bolsista do Diplomacia Civil desenvolve projeto com \u00e1gua da chuva para seca no Nordeste\"}]},{\"@type\":\"WebSite\",\"@id\":\"http:\\\/\\\/globalattitude.org.br\\\/#website\",\"url\":\"http:\\\/\\\/globalattitude.org.br\\\/\",\"name\":\"Instituto Global Attitude\",\"description\":\"\",\"publisher\":{\"@id\":\"http:\\\/\\\/globalattitude.org.br\\\/#organization\"},\"potentialAction\":[{\"@type\":\"SearchAction\",\"target\":{\"@type\":\"EntryPoint\",\"urlTemplate\":\"http:\\\/\\\/globalattitude.org.br\\\/?s={search_term_string}\"},\"query-input\":{\"@type\":\"PropertyValueSpecification\",\"valueRequired\":true,\"valueName\":\"search_term_string\"}}],\"inLanguage\":\"en-US\"},{\"@type\":\"Organization\",\"@id\":\"http:\\\/\\\/globalattitude.org.br\\\/#organization\",\"name\":\"Instituto Global Attitude\",\"url\":\"http:\\\/\\\/globalattitude.org.br\\\/\",\"logo\":{\"@type\":\"ImageObject\",\"inLanguage\":\"en-US\",\"@id\":\"http:\\\/\\\/globalattitude.org.br\\\/#\\\/schema\\\/logo\\\/image\\\/\",\"url\":\"https:\\\/\\\/globalattitude.org.br\\\/wp-content\\\/uploads\\\/2023\\\/01\\\/instituto-global-attitude-color.png\",\"contentUrl\":\"https:\\\/\\\/globalattitude.org.br\\\/wp-content\\\/uploads\\\/2023\\\/01\\\/instituto-global-attitude-color.png\",\"width\":300,\"height\":131,\"caption\":\"Instituto Global Attitude\"},\"image\":{\"@id\":\"http:\\\/\\\/globalattitude.org.br\\\/#\\\/schema\\\/logo\\\/image\\\/\"},\"sameAs\":[\"https:\\\/\\\/www.facebook.com\\\/global.attitude.org\\\/\",\"https:\\\/\\\/x.com\\\/global_attitude\",\"https:\\\/\\\/www.instagram.com\\\/globalattitude\",\"https:\\\/\\\/www.linkedin.com\\\/company\\\/global-attitude\\\/?viewAsMember=true\"]},{\"@type\":\"Person\",\"@id\":\"http:\\\/\\\/globalattitude.org.br\\\/#\\\/schema\\\/person\\\/c0db5efc16133ab28ea2d64fc19667e5\",\"name\":\"rodrigo\",\"image\":{\"@type\":\"ImageObject\",\"inLanguage\":\"en-US\",\"@id\":\"https:\\\/\\\/secure.gravatar.com\\\/avatar\\\/1c1599db13943f3289fb3206e5aaf9560b644e4aaf0b4d3a378ba91202ab9cc4?s=96&d=mm&r=g\",\"url\":\"https:\\\/\\\/secure.gravatar.com\\\/avatar\\\/1c1599db13943f3289fb3206e5aaf9560b644e4aaf0b4d3a378ba91202ab9cc4?s=96&d=mm&r=g\",\"contentUrl\":\"https:\\\/\\\/secure.gravatar.com\\\/avatar\\\/1c1599db13943f3289fb3206e5aaf9560b644e4aaf0b4d3a378ba91202ab9cc4?s=96&d=mm&r=g\",\"caption\":\"rodrigo\"},\"url\":\"http:\\\/\\\/globalattitude.org.br\\\/en\\\/author\\\/rodrigo\\\/\"}]}<\/script>\n<!-- \/ Yoast SEO plugin. -->","yoast_head_json":{"title":"Projeto com \u00e1gua da chuva para seca - Bolsista do Diplomacia Civil","description":"Projeto com \u00e1gua da chuva para seca - Ap\u00f3s uma sele\u00e7\u00e3o que contou com mais de 300 candidatos de todas as partes do Brasil, o Instituto Global Attitude...","robots":{"index":"index","follow":"follow","max-snippet":"max-snippet:-1","max-image-preview":"max-image-preview:large","max-video-preview":"max-video-preview:-1"},"canonical":"http:\/\/globalattitude.org.br\/primeiro-bolsista-do-diplomacia-civil-desenvolve-projeto-com-agua-da-chuva-para-seca-no-nordeste\/","og_locale":"en_US","og_type":"article","og_title":"Projeto com \u00e1gua da chuva para seca - Bolsista do Diplomacia Civil","og_description":"Projeto com \u00e1gua da chuva para seca - Ap\u00f3s uma sele\u00e7\u00e3o que contou com mais de 300 candidatos de todas as partes do Brasil, o Instituto Global Attitude...","og_url":"http:\/\/globalattitude.org.br\/primeiro-bolsista-do-diplomacia-civil-desenvolve-projeto-com-agua-da-chuva-para-seca-no-nordeste\/","og_site_name":"Instituto Global Attitude","article_publisher":"https:\/\/www.facebook.com\/global.attitude.org\/","article_published_time":"2019-03-13T22:52:47+00:00","og_image":[{"url":"http:\/\/blog.globalattitude.org.br\/wordpress\/wp-content\/uploads\/2019\/03\/Erleyvaldo-foto-03-300x200.jpg","type":"","width":"","height":""}],"author":"rodrigo","twitter_card":"summary_large_image","twitter_creator":"@global_attitude","twitter_site":"@global_attitude","twitter_misc":{"Written by":"rodrigo","Est. reading time":"5 minutes"},"schema":{"@context":"https:\/\/schema.org","@graph":[{"@type":["Article","BlogPosting"],"@id":"http:\/\/globalattitude.org.br\/primeiro-bolsista-do-diplomacia-civil-desenvolve-projeto-com-agua-da-chuva-para-seca-no-nordeste\/#article","isPartOf":{"@id":"http:\/\/globalattitude.org.br\/primeiro-bolsista-do-diplomacia-civil-desenvolve-projeto-com-agua-da-chuva-para-seca-no-nordeste\/"},"author":{"name":"rodrigo","@id":"http:\/\/globalattitude.org.br\/#\/schema\/person\/c0db5efc16133ab28ea2d64fc19667e5"},"headline":"Primeiro bolsista do Diplomacia Civil desenvolve projeto com \u00e1gua da chuva para seca no Nordeste","datePublished":"2019-03-13T22:52:47+00:00","mainEntityOfPage":{"@id":"http:\/\/globalattitude.org.br\/primeiro-bolsista-do-diplomacia-civil-desenvolve-projeto-com-agua-da-chuva-para-seca-no-nordeste\/"},"wordCount":930,"commentCount":0,"publisher":{"@id":"http:\/\/globalattitude.org.br\/#organization"},"image":{"@id":"http:\/\/globalattitude.org.br\/primeiro-bolsista-do-diplomacia-civil-desenvolve-projeto-com-agua-da-chuva-para-seca-no-nordeste\/#primaryimage"},"thumbnailUrl":"http:\/\/blog.globalattitude.org.br\/wordpress\/wp-content\/uploads\/2019\/03\/Erleyvaldo-foto-03-300x200.jpg","articleSection":["N\u00e3o categorizado"],"inLanguage":"en-US","potentialAction":[{"@type":"CommentAction","name":"Comment","target":["http:\/\/globalattitude.org.br\/primeiro-bolsista-do-diplomacia-civil-desenvolve-projeto-com-agua-da-chuva-para-seca-no-nordeste\/#respond"]}]},{"@type":"WebPage","@id":"http:\/\/globalattitude.org.br\/primeiro-bolsista-do-diplomacia-civil-desenvolve-projeto-com-agua-da-chuva-para-seca-no-nordeste\/","url":"http:\/\/globalattitude.org.br\/primeiro-bolsista-do-diplomacia-civil-desenvolve-projeto-com-agua-da-chuva-para-seca-no-nordeste\/","name":"Projeto com \u00e1gua da chuva para seca - Bolsista do Diplomacia Civil","isPartOf":{"@id":"http:\/\/globalattitude.org.br\/#website"},"primaryImageOfPage":{"@id":"http:\/\/globalattitude.org.br\/primeiro-bolsista-do-diplomacia-civil-desenvolve-projeto-com-agua-da-chuva-para-seca-no-nordeste\/#primaryimage"},"image":{"@id":"http:\/\/globalattitude.org.br\/primeiro-bolsista-do-diplomacia-civil-desenvolve-projeto-com-agua-da-chuva-para-seca-no-nordeste\/#primaryimage"},"thumbnailUrl":"http:\/\/blog.globalattitude.org.br\/wordpress\/wp-content\/uploads\/2019\/03\/Erleyvaldo-foto-03-300x200.jpg","datePublished":"2019-03-13T22:52:47+00:00","description":"Projeto com \u00e1gua da chuva para seca - Ap\u00f3s uma sele\u00e7\u00e3o que contou com mais de 300 candidatos de todas as partes do Brasil, o Instituto Global Attitude...","breadcrumb":{"@id":"http:\/\/globalattitude.org.br\/primeiro-bolsista-do-diplomacia-civil-desenvolve-projeto-com-agua-da-chuva-para-seca-no-nordeste\/#breadcrumb"},"inLanguage":"en-US","potentialAction":[{"@type":"ReadAction","target":["http:\/\/globalattitude.org.br\/primeiro-bolsista-do-diplomacia-civil-desenvolve-projeto-com-agua-da-chuva-para-seca-no-nordeste\/"]}]},{"@type":"ImageObject","inLanguage":"en-US","@id":"http:\/\/globalattitude.org.br\/primeiro-bolsista-do-diplomacia-civil-desenvolve-projeto-com-agua-da-chuva-para-seca-no-nordeste\/#primaryimage","url":"http:\/\/blog.globalattitude.org.br\/wordpress\/wp-content\/uploads\/2019\/03\/Erleyvaldo-foto-03-300x200.jpg","contentUrl":"http:\/\/blog.globalattitude.org.br\/wordpress\/wp-content\/uploads\/2019\/03\/Erleyvaldo-foto-03-300x200.jpg"},{"@type":"BreadcrumbList","@id":"http:\/\/globalattitude.org.br\/primeiro-bolsista-do-diplomacia-civil-desenvolve-projeto-com-agua-da-chuva-para-seca-no-nordeste\/#breadcrumb","itemListElement":[{"@type":"ListItem","position":1,"name":"In\u00edcio","item":"https:\/\/globalattitude.org.br\/en\/"},{"@type":"ListItem","position":2,"name":"Primeiro bolsista do Diplomacia Civil desenvolve projeto com \u00e1gua da chuva para seca no Nordeste"}]},{"@type":"WebSite","@id":"http:\/\/globalattitude.org.br\/#website","url":"http:\/\/globalattitude.org.br\/","name":"Instituto Global Attitude","description":"","publisher":{"@id":"http:\/\/globalattitude.org.br\/#organization"},"potentialAction":[{"@type":"SearchAction","target":{"@type":"EntryPoint","urlTemplate":"http:\/\/globalattitude.org.br\/?s={search_term_string}"},"query-input":{"@type":"PropertyValueSpecification","valueRequired":true,"valueName":"search_term_string"}}],"inLanguage":"en-US"},{"@type":"Organization","@id":"http:\/\/globalattitude.org.br\/#organization","name":"Instituto Global Attitude","url":"http:\/\/globalattitude.org.br\/","logo":{"@type":"ImageObject","inLanguage":"en-US","@id":"http:\/\/globalattitude.org.br\/#\/schema\/logo\/image\/","url":"https:\/\/globalattitude.org.br\/wp-content\/uploads\/2023\/01\/instituto-global-attitude-color.png","contentUrl":"https:\/\/globalattitude.org.br\/wp-content\/uploads\/2023\/01\/instituto-global-attitude-color.png","width":300,"height":131,"caption":"Instituto Global Attitude"},"image":{"@id":"http:\/\/globalattitude.org.br\/#\/schema\/logo\/image\/"},"sameAs":["https:\/\/www.facebook.com\/global.attitude.org\/","https:\/\/x.com\/global_attitude","https:\/\/www.instagram.com\/globalattitude","https:\/\/www.linkedin.com\/company\/global-attitude\/?viewAsMember=true"]},{"@type":"Person","@id":"http:\/\/globalattitude.org.br\/#\/schema\/person\/c0db5efc16133ab28ea2d64fc19667e5","name":"rodrigo","image":{"@type":"ImageObject","inLanguage":"en-US","@id":"https:\/\/secure.gravatar.com\/avatar\/1c1599db13943f3289fb3206e5aaf9560b644e4aaf0b4d3a378ba91202ab9cc4?s=96&d=mm&r=g","url":"https:\/\/secure.gravatar.com\/avatar\/1c1599db13943f3289fb3206e5aaf9560b644e4aaf0b4d3a378ba91202ab9cc4?s=96&d=mm&r=g","contentUrl":"https:\/\/secure.gravatar.com\/avatar\/1c1599db13943f3289fb3206e5aaf9560b644e4aaf0b4d3a378ba91202ab9cc4?s=96&d=mm&r=g","caption":"rodrigo"},"url":"http:\/\/globalattitude.org.br\/en\/author\/rodrigo\/"}]}},"_links":{"self":[{"href":"http:\/\/globalattitude.org.br\/en\/wp-json\/wp\/v2\/posts\/2785","targetHints":{"allow":["GET"]}}],"collection":[{"href":"http:\/\/globalattitude.org.br\/en\/wp-json\/wp\/v2\/posts"}],"about":[{"href":"http:\/\/globalattitude.org.br\/en\/wp-json\/wp\/v2\/types\/post"}],"author":[{"embeddable":true,"href":"http:\/\/globalattitude.org.br\/en\/wp-json\/wp\/v2\/users\/3"}],"replies":[{"embeddable":true,"href":"http:\/\/globalattitude.org.br\/en\/wp-json\/wp\/v2\/comments?post=2785"}],"version-history":[{"count":0,"href":"http:\/\/globalattitude.org.br\/en\/wp-json\/wp\/v2\/posts\/2785\/revisions"}],"wp:attachment":[{"href":"http:\/\/globalattitude.org.br\/en\/wp-json\/wp\/v2\/media?parent=2785"}],"wp:term":[{"taxonomy":"category","embeddable":true,"href":"http:\/\/globalattitude.org.br\/en\/wp-json\/wp\/v2\/categories?post=2785"},{"taxonomy":"post_tag","embeddable":true,"href":"http:\/\/globalattitude.org.br\/en\/wp-json\/wp\/v2\/tags?post=2785"}],"curies":[{"name":"wp","href":"https:\/\/api.w.org\/{rel}","templated":true}]}}