{"id":2926,"date":"2019-07-15T18:35:01","date_gmt":"2019-07-15T21:35:01","guid":{"rendered":"https:\/\/globalattitude.org.br\/diplomacia-civil-busca-jovens-interessados-em-comercio-e-economia-mundial-para-compor-delegacoes\/"},"modified":"2023-03-10T10:52:28","modified_gmt":"2023-03-10T13:52:28","slug":"diplomacia-civil-busca-jovens-interessados-em-comercio-e-economia-mundial-para-compor-delegacoes","status":"publish","type":"post","link":"http:\/\/globalattitude.org.br\/en\/diplomacia-civil-busca-jovens-interessados-em-comercio-e-economia-mundial-para-compor-delegacoes\/","title":{"rendered":"Diplomacia Civil busca jovens interessados em com\u00e9rcio e economia mundial para compor delega\u00e7\u00f5es"},"content":{"rendered":"<p>Diplomacia Civil abre as inscri\u00e7\u00f5es para suas delega\u00e7\u00f5es do m\u00eas de outubro. Se voc\u00ea se interessa por debates voltados \u00e0s inova\u00e7\u00f5es do com\u00e9rcio mundial, crescimento inclusivo, combate \u00e0 pobreza e economia internacional, esta \u00e9 sua oportunidade de se tornar um dos nossos jovens delegados. Selecionados ir\u00e3o participar do <strong>WTO Public Forum 2019<\/strong>, em Genebra, Su\u00ed\u00e7a, ou do <strong>Annual Meetings 2019<\/strong>, em Washington, Estados Unidos.<\/p>\n<p>Candidatos devem ter entre 18 e 35 anos \u2013 podendo ser estudante, jovem\u00a0profissional ou pesquisador, independente da \u00e1rea de forma\u00e7\u00e3o \u2013 e\u00a0preencher o formul\u00e1rio online,\u00a0<strong><a href=\"http:\/\/diplomaciacivil.org.br\/inscricoes\/\">dispon\u00edvel na aba inscri\u00e7\u00f5es<\/a><\/strong>.<\/p>\n<p>As delega\u00e7\u00f5es ter\u00e3o\u00a0a oportunidade de assistir a debates e palestras com l\u00edderes mundiais e organiza\u00e7\u00f5es internacionais, al\u00e9m de contar com uma agenda de reuni\u00f5es exclusiva, organizada pelo programa, e com os Diplo.Labs \u2013 workshops online de capacita\u00e7\u00e3o,\u00a0realizados antes\u00a0do evento.<\/p>\n<p><strong>Conhe\u00e7a os f\u00f3runs<br \/>\n<\/strong>Evento anual da Organiza\u00e7\u00e3o Mundial do Com\u00e9rcio (OMC), o <strong>WTO Public Forum<\/strong> serve como plataforma de discuss\u00e3o sobre os \u00faltimos desenvolvimentos no com\u00e9rcio mundial, propondo meios de melhorar o sistema comercial multilateral. O evento atrai mais de 1.500 representantes da sociedade civil, empresas, academia, m\u00eddia, governos, parlamentares e organiza\u00e7\u00f5es inter-governamentais.\u00a0A edi\u00e7\u00e3o deste ano acontece de <strong>6 a 13 de outubro<\/strong> e se debru\u00e7ar\u00e1\u00a0sobre o tema \u201cAvan\u00e7os no Mercado: adaptando-se a um mundo em mudan\u00e7a\u201d, tamb\u00e9m discutindo outros assuntos como &#8220;servi\u00e7os: a pr\u00f3xima fronteira do mercado&#8221;,\u00a0o que Millennials e a Gera\u00e7\u00e3o Z querem ver no com\u00e9rcio mundial e o\u00a0fortalecimento do sistema de com\u00e9rcio.<\/p>\n<div id=\"attachment_5045\" style=\"width: 610px\" class=\"wp-caption aligncenter\"><a href=\"http:\/\/globalattitude.org.br\/wp-content\/uploads\/2023\/03\/GettyImages-82087165.jpg\"><img fetchpriority=\"high\" decoding=\"async\" aria-describedby=\"caption-attachment-5045\" class=\"wp-image-5045\" src=\"http:\/\/globalattitude.org.br\/wp-content\/uploads\/2023\/03\/GettyImages-82087165-300x167.jpg\" alt=\"Economia mundial\" width=\"600\" height=\"333\" \/><\/a><p id=\"caption-attachment-5045\" class=\"wp-caption-text\">Foto: Fabrice Coffrini\/AFP<\/p><\/div>\n<p>O <strong>Annual Meetings<\/strong>, por sua vez, \u00e9 o principal evento do Banco Mundial e do Fundo Monet\u00e1rio Internacional (FMI) para discutir os progressos das duas organiza\u00e7\u00f5es ao longo do ano, al\u00e9m de debater sobre quest\u00f5es pol\u00edticas e monet\u00e1rias internacionais, crescimento inclusivo, economia mundial, mercado financeiro e aprovar resolu\u00e7\u00f5es correspondentes para a implementa\u00e7\u00e3o de novas pol\u00edticas financeiras. Ao fim do encontro, \u00e9 emitido o Final Communiqu\u00e9. Este ano o f\u00f3rum acontece de <strong>13 a 21 de outubro<\/strong> e espera receber 13 mil participantes, entre eles o presidente do Banco Mundial, Jim Yong Kim, a diretora-gerente do FMI, Christine Lagarde, ministros das Finan\u00e7as de todo o mundo, representantes de governos, da sociedade civil e de outras organiza\u00e7\u00f5es internacionais como OCDE e OMC.<\/p>\n<div id=\"attachment_5046\" style=\"width: 610px\" class=\"wp-caption aligncenter\"><a href=\"http:\/\/globalattitude.org.br\/wp-content\/uploads\/2023\/03\/investing-in-people-the-time.jpg\"><img decoding=\"async\" aria-describedby=\"caption-attachment-5046\" class=\"wp-image-5046\" src=\"http:\/\/globalattitude.org.br\/wp-content\/uploads\/2023\/03\/investing-in-people-the-time-300x169.jpg\" alt=\"Economia mundial\" width=\"600\" height=\"338\" \/><\/a><p id=\"caption-attachment-5046\" class=\"wp-caption-text\">Foto: Divulga\u00e7\u00e3o<\/p><\/div>\n<p class=\"p1\"><strong>Como participar<br \/>\n<\/strong>Interessados devem se inscrever em um dos eventos\u00a0<strong>at\u00e9 o dia 29 de julho<\/strong>, \u00e0s 23h59 (hor\u00e1rio de Bras\u00edlia), preenchendo o formul\u00e1rio eletr\u00f4nico e anexando curr\u00edculo.\u00a0O crit\u00e9rio de sele\u00e7\u00e3o leva em conta tanto o desempenho acad\u00eamico do candidato como o interesse pela tem\u00e1tica abordada nos eventos, al\u00e9m da proposta de artigo (desenvolvido durante a prepara\u00e7\u00e3o para a viagem).<\/p>\n<p><strong>O programa \u00e9 pago<\/strong>\u00a0e inclui o credenciamento no evento, passagens a\u00e9reas de ida e volta, traslado aeroporto-hotel, acomoda\u00e7\u00e3o em hotel, seguro sa\u00fade, workshops de capacita\u00e7\u00e3o, supervis\u00e3o e orienta\u00e7\u00e3o para reda\u00e7\u00e3o do artigo de pesquisa, cart\u00e3o de visita personalizado, kit do delegado, certificado de participa\u00e7\u00e3o e acompanhamento de um coordenador do Diplomacia Civil.<\/p>\n<p>Para mais informa\u00e7\u00f5es, acesse a nossa p\u00e1gina de\u00a0<a href=\"http:\/\/diplomaciacivil.org.br\/services-1\/\" target=\"_blank\" rel=\"noopener noreferrer\">perguntas frequentes<\/a>.<\/p>\n","protected":false},"excerpt":{"rendered":"<p>Diplomacia Civil abre as inscri\u00e7\u00f5es para suas delega\u00e7\u00f5es do m\u00eas de outubro. Se voc\u00ea se interessa por debates voltados \u00e0s inova\u00e7\u00f5es do com\u00e9rcio mundial, crescimento inclusivo, combate \u00e0 pobreza e economia internacional, esta \u00e9 sua oportunidade de se tornar um dos nossos jovens delegados. Selecionados ir\u00e3o participar do WTO Public Forum 2019, em Genebra, Su\u00ed\u00e7a, [&hellip;]<\/p>\n","protected":false},"author":3,"featured_media":2927,"comment_status":"open","ping_status":"open","sticky":false,"template":"","format":"standard","meta":{"_acf_changed":false,"om_disable_all_campaigns":false,"_monsterinsights_skip_tracking":false,"_monsterinsights_sitenote_active":false,"_monsterinsights_sitenote_note":"","_monsterinsights_sitenote_category":0,"_uf_show_specific_survey":0,"_uf_disable_surveys":false,"footnotes":""},"categories":[22,34],"tags":[117,39,118,25,27,41,119,4,120,121,43,122],"class_list":["post-2926","post","type-post","status-publish","format-standard","hentry","category-programas","category-ultimas","tag-annual-meetings","tag-banco-mundial","tag-comercio-mundial","tag-diplomacia-civil","tag-economia","tag-fmi","tag-genebra","tag-instituto-global-attitude","tag-investimento","tag-omc","tag-washington","tag-wto-public-forum"],"acf":[],"aioseo_notices":[],"yoast_head":"<!-- This site is optimized with the Yoast SEO plugin v27.5 - https:\/\/yoast.com\/product\/yoast-seo-wordpress\/ -->\n<title>Economia mundial - Diplomacia Civil busca jovens interessados<\/title>\n<meta name=\"description\" content=\"Economia mundial - Diplomacia Civil abre as inscri\u00e7\u00f5es para suas delega\u00e7\u00f5es do m\u00eas de outubro. Se voc\u00ea se interessa por debates voltados ... Saiba Mais\" \/>\n<meta name=\"robots\" content=\"index, follow, max-snippet:-1, max-image-preview:large, max-video-preview:-1\" \/>\n<link rel=\"canonical\" href=\"http:\/\/globalattitude.org.br\/en\/diplomacia-civil-busca-jovens-interessados-em-comercio-e-economia-mundial-para-compor-delegacoes\/\" \/>\n<meta property=\"og:locale\" content=\"en_US\" \/>\n<meta property=\"og:type\" content=\"article\" \/>\n<meta property=\"og:title\" content=\"Economia mundial - Diplomacia Civil busca jovens interessados\" \/>\n<meta property=\"og:description\" content=\"Economia mundial - Diplomacia Civil abre as inscri\u00e7\u00f5es para suas delega\u00e7\u00f5es do m\u00eas de outubro. Se voc\u00ea se interessa por debates voltados ... Saiba Mais\" \/>\n<meta property=\"og:url\" content=\"http:\/\/globalattitude.org.br\/en\/diplomacia-civil-busca-jovens-interessados-em-comercio-e-economia-mundial-para-compor-delegacoes\/\" \/>\n<meta property=\"og:site_name\" content=\"Instituto Global Attitude\" \/>\n<meta property=\"article:publisher\" content=\"https:\/\/www.facebook.com\/global.attitude.org\/\" \/>\n<meta property=\"article:published_time\" content=\"2019-07-15T21:35:01+00:00\" \/>\n<meta property=\"article:modified_time\" content=\"2023-03-10T13:52:28+00:00\" \/>\n<meta property=\"og:image\" content=\"http:\/\/globalattitude.org.br\/wp-content\/uploads\/2023\/03\/GettyImages-82087165-1200x667.jpg\" \/>\n\t<meta property=\"og:image:width\" content=\"1800\" \/>\n\t<meta property=\"og:image:height\" content=\"1000\" \/>\n\t<meta property=\"og:image:type\" content=\"image\/jpeg\" \/>\n<meta name=\"author\" content=\"rodrigo\" \/>\n<meta name=\"twitter:card\" content=\"summary_large_image\" \/>\n<meta name=\"twitter:creator\" content=\"@global_attitude\" \/>\n<meta name=\"twitter:site\" content=\"@global_attitude\" \/>\n<meta name=\"twitter:label1\" content=\"Written by\" \/>\n\t<meta name=\"twitter:data1\" content=\"rodrigo\" \/>\n\t<meta name=\"twitter:label2\" content=\"Est. reading time\" \/>\n\t<meta name=\"twitter:data2\" content=\"3 minutes\" \/>\n<script type=\"application\/ld+json\" class=\"yoast-schema-graph\">{\"@context\":\"https:\\\/\\\/schema.org\",\"@graph\":[{\"@type\":[\"Article\",\"BlogPosting\"],\"@id\":\"http:\\\/\\\/globalattitude.org.br\\\/en\\\/diplomacia-civil-busca-jovens-interessados-em-comercio-e-economia-mundial-para-compor-delegacoes\\\/#article\",\"isPartOf\":{\"@id\":\"http:\\\/\\\/globalattitude.org.br\\\/en\\\/diplomacia-civil-busca-jovens-interessados-em-comercio-e-economia-mundial-para-compor-delegacoes\\\/\"},\"author\":{\"name\":\"rodrigo\",\"@id\":\"http:\\\/\\\/globalattitude.org.br\\\/#\\\/schema\\\/person\\\/c0db5efc16133ab28ea2d64fc19667e5\"},\"headline\":\"Diplomacia Civil busca jovens interessados em com\u00e9rcio e economia mundial para compor delega\u00e7\u00f5es\",\"datePublished\":\"2019-07-15T21:35:01+00:00\",\"dateModified\":\"2023-03-10T13:52:28+00:00\",\"mainEntityOfPage\":{\"@id\":\"http:\\\/\\\/globalattitude.org.br\\\/en\\\/diplomacia-civil-busca-jovens-interessados-em-comercio-e-economia-mundial-para-compor-delegacoes\\\/\"},\"wordCount\":578,\"commentCount\":0,\"publisher\":{\"@id\":\"http:\\\/\\\/globalattitude.org.br\\\/#organization\"},\"image\":{\"@id\":\"http:\\\/\\\/globalattitude.org.br\\\/en\\\/diplomacia-civil-busca-jovens-interessados-em-comercio-e-economia-mundial-para-compor-delegacoes\\\/#primaryimage\"},\"thumbnailUrl\":\"http:\\\/\\\/globalattitude.org.br\\\/wp-content\\\/uploads\\\/2023\\\/03\\\/GettyImages-82087165-1200x667.jpg\",\"keywords\":[\"Annual Meetings\",\"Banco Mundial\",\"com\u00e9rcio mundial\",\"Diplomacia Civil\",\"Economia\",\"FMI\",\"Genebra\",\"Instituto Global Attitude\",\"Investimento\",\"OMC\",\"Washington\",\"WTO Public Forum\"],\"articleSection\":[\"Programas\",\"\u00daltimas\"],\"inLanguage\":\"en-US\",\"potentialAction\":[{\"@type\":\"CommentAction\",\"name\":\"Comment\",\"target\":[\"http:\\\/\\\/globalattitude.org.br\\\/en\\\/diplomacia-civil-busca-jovens-interessados-em-comercio-e-economia-mundial-para-compor-delegacoes\\\/#respond\"]}]},{\"@type\":\"WebPage\",\"@id\":\"http:\\\/\\\/globalattitude.org.br\\\/en\\\/diplomacia-civil-busca-jovens-interessados-em-comercio-e-economia-mundial-para-compor-delegacoes\\\/\",\"url\":\"http:\\\/\\\/globalattitude.org.br\\\/en\\\/diplomacia-civil-busca-jovens-interessados-em-comercio-e-economia-mundial-para-compor-delegacoes\\\/\",\"name\":\"Economia mundial - Diplomacia Civil busca jovens interessados\",\"isPartOf\":{\"@id\":\"http:\\\/\\\/globalattitude.org.br\\\/#website\"},\"primaryImageOfPage\":{\"@id\":\"http:\\\/\\\/globalattitude.org.br\\\/en\\\/diplomacia-civil-busca-jovens-interessados-em-comercio-e-economia-mundial-para-compor-delegacoes\\\/#primaryimage\"},\"image\":{\"@id\":\"http:\\\/\\\/globalattitude.org.br\\\/en\\\/diplomacia-civil-busca-jovens-interessados-em-comercio-e-economia-mundial-para-compor-delegacoes\\\/#primaryimage\"},\"thumbnailUrl\":\"http:\\\/\\\/globalattitude.org.br\\\/wp-content\\\/uploads\\\/2023\\\/03\\\/GettyImages-82087165-1200x667.jpg\",\"datePublished\":\"2019-07-15T21:35:01+00:00\",\"dateModified\":\"2023-03-10T13:52:28+00:00\",\"description\":\"Economia mundial - Diplomacia Civil abre as inscri\u00e7\u00f5es para suas delega\u00e7\u00f5es do m\u00eas de outubro. Se voc\u00ea se interessa por debates voltados ... Saiba Mais\",\"breadcrumb\":{\"@id\":\"http:\\\/\\\/globalattitude.org.br\\\/en\\\/diplomacia-civil-busca-jovens-interessados-em-comercio-e-economia-mundial-para-compor-delegacoes\\\/#breadcrumb\"},\"inLanguage\":\"en-US\",\"potentialAction\":[{\"@type\":\"ReadAction\",\"target\":[\"http:\\\/\\\/globalattitude.org.br\\\/en\\\/diplomacia-civil-busca-jovens-interessados-em-comercio-e-economia-mundial-para-compor-delegacoes\\\/\"]}]},{\"@type\":\"ImageObject\",\"inLanguage\":\"en-US\",\"@id\":\"http:\\\/\\\/globalattitude.org.br\\\/en\\\/diplomacia-civil-busca-jovens-interessados-em-comercio-e-economia-mundial-para-compor-delegacoes\\\/#primaryimage\",\"url\":\"http:\\\/\\\/globalattitude.org.br\\\/wp-content\\\/uploads\\\/2023\\\/03\\\/GettyImages-82087165-1200x667.jpg\",\"contentUrl\":\"http:\\\/\\\/globalattitude.org.br\\\/wp-content\\\/uploads\\\/2023\\\/03\\\/GettyImages-82087165-1200x667.jpg\",\"width\":1800,\"height\":1000},{\"@type\":\"BreadcrumbList\",\"@id\":\"http:\\\/\\\/globalattitude.org.br\\\/en\\\/diplomacia-civil-busca-jovens-interessados-em-comercio-e-economia-mundial-para-compor-delegacoes\\\/#breadcrumb\",\"itemListElement\":[{\"@type\":\"ListItem\",\"position\":1,\"name\":\"In\u00edcio\",\"item\":\"https:\\\/\\\/globalattitude.org.br\\\/en\\\/\"},{\"@type\":\"ListItem\",\"position\":2,\"name\":\"Diplomacia Civil busca jovens interessados em com\u00e9rcio e economia mundial para compor delega\u00e7\u00f5es\"}]},{\"@type\":\"WebSite\",\"@id\":\"http:\\\/\\\/globalattitude.org.br\\\/#website\",\"url\":\"http:\\\/\\\/globalattitude.org.br\\\/\",\"name\":\"Instituto Global Attitude\",\"description\":\"\",\"publisher\":{\"@id\":\"http:\\\/\\\/globalattitude.org.br\\\/#organization\"},\"potentialAction\":[{\"@type\":\"SearchAction\",\"target\":{\"@type\":\"EntryPoint\",\"urlTemplate\":\"http:\\\/\\\/globalattitude.org.br\\\/?s={search_term_string}\"},\"query-input\":{\"@type\":\"PropertyValueSpecification\",\"valueRequired\":true,\"valueName\":\"search_term_string\"}}],\"inLanguage\":\"en-US\"},{\"@type\":\"Organization\",\"@id\":\"http:\\\/\\\/globalattitude.org.br\\\/#organization\",\"name\":\"Instituto Global Attitude\",\"url\":\"http:\\\/\\\/globalattitude.org.br\\\/\",\"logo\":{\"@type\":\"ImageObject\",\"inLanguage\":\"en-US\",\"@id\":\"http:\\\/\\\/globalattitude.org.br\\\/#\\\/schema\\\/logo\\\/image\\\/\",\"url\":\"https:\\\/\\\/globalattitude.org.br\\\/wp-content\\\/uploads\\\/2023\\\/01\\\/instituto-global-attitude-color.png\",\"contentUrl\":\"https:\\\/\\\/globalattitude.org.br\\\/wp-content\\\/uploads\\\/2023\\\/01\\\/instituto-global-attitude-color.png\",\"width\":300,\"height\":131,\"caption\":\"Instituto Global Attitude\"},\"image\":{\"@id\":\"http:\\\/\\\/globalattitude.org.br\\\/#\\\/schema\\\/logo\\\/image\\\/\"},\"sameAs\":[\"https:\\\/\\\/www.facebook.com\\\/global.attitude.org\\\/\",\"https:\\\/\\\/x.com\\\/global_attitude\",\"https:\\\/\\\/www.instagram.com\\\/globalattitude\",\"https:\\\/\\\/www.linkedin.com\\\/company\\\/global-attitude\\\/?viewAsMember=true\"]},{\"@type\":\"Person\",\"@id\":\"http:\\\/\\\/globalattitude.org.br\\\/#\\\/schema\\\/person\\\/c0db5efc16133ab28ea2d64fc19667e5\",\"name\":\"rodrigo\",\"image\":{\"@type\":\"ImageObject\",\"inLanguage\":\"en-US\",\"@id\":\"https:\\\/\\\/secure.gravatar.com\\\/avatar\\\/1c1599db13943f3289fb3206e5aaf9560b644e4aaf0b4d3a378ba91202ab9cc4?s=96&d=mm&r=g\",\"url\":\"https:\\\/\\\/secure.gravatar.com\\\/avatar\\\/1c1599db13943f3289fb3206e5aaf9560b644e4aaf0b4d3a378ba91202ab9cc4?s=96&d=mm&r=g\",\"contentUrl\":\"https:\\\/\\\/secure.gravatar.com\\\/avatar\\\/1c1599db13943f3289fb3206e5aaf9560b644e4aaf0b4d3a378ba91202ab9cc4?s=96&d=mm&r=g\",\"caption\":\"rodrigo\"},\"url\":\"http:\\\/\\\/globalattitude.org.br\\\/en\\\/author\\\/rodrigo\\\/\"}]}<\/script>\n<!-- \/ Yoast SEO plugin. -->","yoast_head_json":{"title":"Economia mundial - Diplomacia Civil busca jovens interessados","description":"Economia mundial - Diplomacia Civil abre as inscri\u00e7\u00f5es para suas delega\u00e7\u00f5es do m\u00eas de outubro. Se voc\u00ea se interessa por debates voltados ... Saiba Mais","robots":{"index":"index","follow":"follow","max-snippet":"max-snippet:-1","max-image-preview":"max-image-preview:large","max-video-preview":"max-video-preview:-1"},"canonical":"http:\/\/globalattitude.org.br\/en\/diplomacia-civil-busca-jovens-interessados-em-comercio-e-economia-mundial-para-compor-delegacoes\/","og_locale":"en_US","og_type":"article","og_title":"Economia mundial - Diplomacia Civil busca jovens interessados","og_description":"Economia mundial - Diplomacia Civil abre as inscri\u00e7\u00f5es para suas delega\u00e7\u00f5es do m\u00eas de outubro. Se voc\u00ea se interessa por debates voltados ... Saiba Mais","og_url":"http:\/\/globalattitude.org.br\/en\/diplomacia-civil-busca-jovens-interessados-em-comercio-e-economia-mundial-para-compor-delegacoes\/","og_site_name":"Instituto Global Attitude","article_publisher":"https:\/\/www.facebook.com\/global.attitude.org\/","article_published_time":"2019-07-15T21:35:01+00:00","article_modified_time":"2023-03-10T13:52:28+00:00","og_image":[{"width":1800,"height":1000,"url":"http:\/\/globalattitude.org.br\/wp-content\/uploads\/2023\/03\/GettyImages-82087165-1200x667.jpg","type":"image\/jpeg"}],"author":"rodrigo","twitter_card":"summary_large_image","twitter_creator":"@global_attitude","twitter_site":"@global_attitude","twitter_misc":{"Written by":"rodrigo","Est. reading time":"3 minutes"},"schema":{"@context":"https:\/\/schema.org","@graph":[{"@type":["Article","BlogPosting"],"@id":"http:\/\/globalattitude.org.br\/en\/diplomacia-civil-busca-jovens-interessados-em-comercio-e-economia-mundial-para-compor-delegacoes\/#article","isPartOf":{"@id":"http:\/\/globalattitude.org.br\/en\/diplomacia-civil-busca-jovens-interessados-em-comercio-e-economia-mundial-para-compor-delegacoes\/"},"author":{"name":"rodrigo","@id":"http:\/\/globalattitude.org.br\/#\/schema\/person\/c0db5efc16133ab28ea2d64fc19667e5"},"headline":"Diplomacia Civil busca jovens interessados em com\u00e9rcio e economia mundial para compor delega\u00e7\u00f5es","datePublished":"2019-07-15T21:35:01+00:00","dateModified":"2023-03-10T13:52:28+00:00","mainEntityOfPage":{"@id":"http:\/\/globalattitude.org.br\/en\/diplomacia-civil-busca-jovens-interessados-em-comercio-e-economia-mundial-para-compor-delegacoes\/"},"wordCount":578,"commentCount":0,"publisher":{"@id":"http:\/\/globalattitude.org.br\/#organization"},"image":{"@id":"http:\/\/globalattitude.org.br\/en\/diplomacia-civil-busca-jovens-interessados-em-comercio-e-economia-mundial-para-compor-delegacoes\/#primaryimage"},"thumbnailUrl":"http:\/\/globalattitude.org.br\/wp-content\/uploads\/2023\/03\/GettyImages-82087165-1200x667.jpg","keywords":["Annual Meetings","Banco Mundial","com\u00e9rcio mundial","Diplomacia Civil","Economia","FMI","Genebra","Instituto Global Attitude","Investimento","OMC","Washington","WTO Public Forum"],"articleSection":["Programas","\u00daltimas"],"inLanguage":"en-US","potentialAction":[{"@type":"CommentAction","name":"Comment","target":["http:\/\/globalattitude.org.br\/en\/diplomacia-civil-busca-jovens-interessados-em-comercio-e-economia-mundial-para-compor-delegacoes\/#respond"]}]},{"@type":"WebPage","@id":"http:\/\/globalattitude.org.br\/en\/diplomacia-civil-busca-jovens-interessados-em-comercio-e-economia-mundial-para-compor-delegacoes\/","url":"http:\/\/globalattitude.org.br\/en\/diplomacia-civil-busca-jovens-interessados-em-comercio-e-economia-mundial-para-compor-delegacoes\/","name":"Economia mundial - Diplomacia Civil busca jovens interessados","isPartOf":{"@id":"http:\/\/globalattitude.org.br\/#website"},"primaryImageOfPage":{"@id":"http:\/\/globalattitude.org.br\/en\/diplomacia-civil-busca-jovens-interessados-em-comercio-e-economia-mundial-para-compor-delegacoes\/#primaryimage"},"image":{"@id":"http:\/\/globalattitude.org.br\/en\/diplomacia-civil-busca-jovens-interessados-em-comercio-e-economia-mundial-para-compor-delegacoes\/#primaryimage"},"thumbnailUrl":"http:\/\/globalattitude.org.br\/wp-content\/uploads\/2023\/03\/GettyImages-82087165-1200x667.jpg","datePublished":"2019-07-15T21:35:01+00:00","dateModified":"2023-03-10T13:52:28+00:00","description":"Economia mundial - Diplomacia Civil abre as inscri\u00e7\u00f5es para suas delega\u00e7\u00f5es do m\u00eas de outubro. Se voc\u00ea se interessa por debates voltados ... Saiba Mais","breadcrumb":{"@id":"http:\/\/globalattitude.org.br\/en\/diplomacia-civil-busca-jovens-interessados-em-comercio-e-economia-mundial-para-compor-delegacoes\/#breadcrumb"},"inLanguage":"en-US","potentialAction":[{"@type":"ReadAction","target":["http:\/\/globalattitude.org.br\/en\/diplomacia-civil-busca-jovens-interessados-em-comercio-e-economia-mundial-para-compor-delegacoes\/"]}]},{"@type":"ImageObject","inLanguage":"en-US","@id":"http:\/\/globalattitude.org.br\/en\/diplomacia-civil-busca-jovens-interessados-em-comercio-e-economia-mundial-para-compor-delegacoes\/#primaryimage","url":"http:\/\/globalattitude.org.br\/wp-content\/uploads\/2023\/03\/GettyImages-82087165-1200x667.jpg","contentUrl":"http:\/\/globalattitude.org.br\/wp-content\/uploads\/2023\/03\/GettyImages-82087165-1200x667.jpg","width":1800,"height":1000},{"@type":"BreadcrumbList","@id":"http:\/\/globalattitude.org.br\/en\/diplomacia-civil-busca-jovens-interessados-em-comercio-e-economia-mundial-para-compor-delegacoes\/#breadcrumb","itemListElement":[{"@type":"ListItem","position":1,"name":"In\u00edcio","item":"https:\/\/globalattitude.org.br\/en\/"},{"@type":"ListItem","position":2,"name":"Diplomacia Civil busca jovens interessados em com\u00e9rcio e economia mundial para compor delega\u00e7\u00f5es"}]},{"@type":"WebSite","@id":"http:\/\/globalattitude.org.br\/#website","url":"http:\/\/globalattitude.org.br\/","name":"Instituto Global Attitude","description":"","publisher":{"@id":"http:\/\/globalattitude.org.br\/#organization"},"potentialAction":[{"@type":"SearchAction","target":{"@type":"EntryPoint","urlTemplate":"http:\/\/globalattitude.org.br\/?s={search_term_string}"},"query-input":{"@type":"PropertyValueSpecification","valueRequired":true,"valueName":"search_term_string"}}],"inLanguage":"en-US"},{"@type":"Organization","@id":"http:\/\/globalattitude.org.br\/#organization","name":"Instituto Global Attitude","url":"http:\/\/globalattitude.org.br\/","logo":{"@type":"ImageObject","inLanguage":"en-US","@id":"http:\/\/globalattitude.org.br\/#\/schema\/logo\/image\/","url":"https:\/\/globalattitude.org.br\/wp-content\/uploads\/2023\/01\/instituto-global-attitude-color.png","contentUrl":"https:\/\/globalattitude.org.br\/wp-content\/uploads\/2023\/01\/instituto-global-attitude-color.png","width":300,"height":131,"caption":"Instituto Global Attitude"},"image":{"@id":"http:\/\/globalattitude.org.br\/#\/schema\/logo\/image\/"},"sameAs":["https:\/\/www.facebook.com\/global.attitude.org\/","https:\/\/x.com\/global_attitude","https:\/\/www.instagram.com\/globalattitude","https:\/\/www.linkedin.com\/company\/global-attitude\/?viewAsMember=true"]},{"@type":"Person","@id":"http:\/\/globalattitude.org.br\/#\/schema\/person\/c0db5efc16133ab28ea2d64fc19667e5","name":"rodrigo","image":{"@type":"ImageObject","inLanguage":"en-US","@id":"https:\/\/secure.gravatar.com\/avatar\/1c1599db13943f3289fb3206e5aaf9560b644e4aaf0b4d3a378ba91202ab9cc4?s=96&d=mm&r=g","url":"https:\/\/secure.gravatar.com\/avatar\/1c1599db13943f3289fb3206e5aaf9560b644e4aaf0b4d3a378ba91202ab9cc4?s=96&d=mm&r=g","contentUrl":"https:\/\/secure.gravatar.com\/avatar\/1c1599db13943f3289fb3206e5aaf9560b644e4aaf0b4d3a378ba91202ab9cc4?s=96&d=mm&r=g","caption":"rodrigo"},"url":"http:\/\/globalattitude.org.br\/en\/author\/rodrigo\/"}]}},"_links":{"self":[{"href":"http:\/\/globalattitude.org.br\/en\/wp-json\/wp\/v2\/posts\/2926","targetHints":{"allow":["GET"]}}],"collection":[{"href":"http:\/\/globalattitude.org.br\/en\/wp-json\/wp\/v2\/posts"}],"about":[{"href":"http:\/\/globalattitude.org.br\/en\/wp-json\/wp\/v2\/types\/post"}],"author":[{"embeddable":true,"href":"http:\/\/globalattitude.org.br\/en\/wp-json\/wp\/v2\/users\/3"}],"replies":[{"embeddable":true,"href":"http:\/\/globalattitude.org.br\/en\/wp-json\/wp\/v2\/comments?post=2926"}],"version-history":[{"count":1,"href":"http:\/\/globalattitude.org.br\/en\/wp-json\/wp\/v2\/posts\/2926\/revisions"}],"predecessor-version":[{"id":2929,"href":"http:\/\/globalattitude.org.br\/en\/wp-json\/wp\/v2\/posts\/2926\/revisions\/2929"}],"wp:featuredmedia":[{"embeddable":true,"href":"http:\/\/globalattitude.org.br\/en\/wp-json\/wp\/v2\/media\/2927"}],"wp:attachment":[{"href":"http:\/\/globalattitude.org.br\/en\/wp-json\/wp\/v2\/media?parent=2926"}],"wp:term":[{"taxonomy":"category","embeddable":true,"href":"http:\/\/globalattitude.org.br\/en\/wp-json\/wp\/v2\/categories?post=2926"},{"taxonomy":"post_tag","embeddable":true,"href":"http:\/\/globalattitude.org.br\/en\/wp-json\/wp\/v2\/tags?post=2926"}],"curies":[{"name":"wp","href":"https:\/\/api.w.org\/{rel}","templated":true}]}}