{"id":3023,"date":"2019-10-14T19:12:34","date_gmt":"2019-10-14T22:12:34","guid":{"rendered":"https:\/\/globalattitude.org.br\/pela-primeira-vez-o-diplomacia-civil-leva-jovens-para-o-world-green-economy-summit-em-dubai-saiba-quem-sao-eles\/"},"modified":"2023-05-03T15:53:18","modified_gmt":"2023-05-03T18:53:18","slug":"pela-primeira-vez-o-diplomacia-civil-leva-jovens-para-o-world-green-economy-summit-em-dubai-saiba-quem-sao-eles","status":"publish","type":"post","link":"http:\/\/globalattitude.org.br\/en\/pela-primeira-vez-o-diplomacia-civil-leva-jovens-para-o-world-green-economy-summit-em-dubai-saiba-quem-sao-eles\/","title":{"rendered":"Pela primeira vez o Diplomacia Civil leva jovens para o World Green Economy Summit, em Dubai. Saiba quem s\u00e3o eles!"},"content":{"rendered":"<p>Esse ano, o Diplomacia Civil chega a novos territ\u00f3rios. Pela primeira vez, o programa levar\u00e1 jovens a Dubai para participar do World Green Economy Summit (WGES), entre os dias 18 e 24 de outubro. Por outro lado, entre os delegados h\u00e1\u00a0um veterano. Yuri Rugai Marinho est\u00e1 embarcando em sua segunda jornada internacional com o programa.<\/p>\n<h2>O F\u00f3rum<\/h2>\n<p>O World Green Economy Summit (WGES) \u00e9 um dos principais f\u00f3runs globais sobre economia verde. Organizado pela World Green Economy Organisation e pelo Dubai Electricity &amp; Water Authority, o WGES re\u00fane especialistas de setores cr\u00edticos do mundo todo para debater os avan\u00e7os da economia verde global e da agenda sustent\u00e1vel, de forma a alcan\u00e7ar os Objetivos do Desenvolvimento Sustent\u00e1vel da ONU (ODS), al\u00e9m de buscar as melhores pr\u00e1ticas para implementar as recomenda\u00e7\u00f5es das Confer\u00eancias da ONU para A\u00e7\u00f5es Clim\u00e1ticas (COP).<\/p>\n<p>O f\u00f3rum re\u00fane ministros, l\u00edderes pol\u00edticos, institui\u00e7\u00f5es financeiras p\u00fablicas e privadas, organiza\u00e7\u00f5es internacionais, especialistas em economia sustent\u00e1vel, acad\u00eamicos e a sociedade civil. Entre eles, est\u00e1 confirmada a participa\u00e7\u00e3o do ex-Secret\u00e1rio Geral da ONU, Ban Ki-Moon, e o representante do Grupo Shell, Ali Al Janabi.<\/p>\n<p>A edi\u00e7\u00e3o deste ano se debru\u00e7ar\u00e1 sobre o tema \u201cTecnologias Inovadoras para a Economia Sustent\u00e1vel\u201d, com foco em discutir assuntos como:<\/p>\n<p>&#8211; Progressos alcan\u00e7ados nos ODS e os obst\u00e1culos que atrasam a economia sustent\u00e1vel;<\/p>\n<p>&#8211; Coopera\u00e7\u00e3o internacional dedicada ao sistema de economia sustent\u00e1vel e desafios globais;<\/p>\n<p>&#8211; Ado\u00e7\u00e3o de solu\u00e7\u00f5es sustent\u00e1veis inovadoras.<\/p>\n<h2>Os delegados<\/h2>\n<p><strong>J\u00falio Carteri<\/strong> \u00e9 graduando em Rela\u00e7\u00f5es Internacionais na Universidade Federal de Goi\u00e1s. Atualmente, ocupa o cargo de Diretor Acad\u00eamico do Centro Acad\u00eamico de Rela\u00e7\u00f5es\u00a0 Internacionais Vin\u00edcius de Moraes \u2013 UFG e Coordenador de Log\u00edstica do Centro de Pesquisa e Simula\u00e7\u00e3o Olga Ben\u00e1rio. \u00c9 estagi\u00e1rio no departamento de economia e finan\u00e7as de uma empresa do setor imobili\u00e1rio e possui forma\u00e7\u00e3o em l\u00edngua inglesa, al\u00e9m de estar cursando a gradua\u00e7\u00e3o em Letras Portugu\u00eas-Alem\u00e3o na PUC-Goi\u00e1s.<\/p>\n<p><span style=\"font-weight: 400;\"><strong>Lucas Tavares Franzon<\/strong> \u00e9 advogado formado pela Pontif\u00edcia Universidade Cat\u00f3lica do Paran\u00e1, Brasil e pela Universit\u00e0 degli Studi di Ferrara, It\u00e1lia. P\u00f3s-graduado em Direito Internacional pelo Centro de Estudos em Direito e Neg\u00f3cios &#8211; CEDIN, onde focou em legisla\u00e7\u00e3o internacional voltada ao meio ambiente e a Agenda 2030. Colabora e trabalha em projetos socioambientais, na busca do consumo consciente, da reeduca\u00e7\u00e3o social e de uma sociedade mais sustent\u00e1vel atrav\u00e9s da economia circular. Realizou projeto de estudo, junto ao Instituto-e, Rio de Janeiro, e a OSKLEN correlacionando os 17 ODS e o projeto Water Traces, com o foco no impacto ecol\u00f3gico e ambiental de bens e servi\u00e7os, avaliando a dimens\u00e3o social, assim como a pegada h\u00eddrica e ecol\u00f3gica, em prol do desenvolvimento sustent\u00e1vel nos setores p\u00fablicos, privados e no terceiro setor.<\/span><\/p>\n<p><span style=\"font-weight: 400;\"><strong>Yuri Rugai Marinho<\/strong> \u00e9 advogado e empreendedor com atua\u00e7\u00e3o na \u00e1rea de meio ambiente. Atuou, durante 10 anos, nos principais escrit\u00f3rios de advocacia do Brasil. Em 2014, fundou a consultoria ambiental ECCON Solu\u00e7\u00f5es Ambientais. Tem t\u00edtulo de gradua\u00e7\u00e3o (2008) e mestrado (2012) em Direito pela Faculdade de Direito da Universidade de S\u00e3o Paulo (USP). Em 2014, foi premiado no Dow Sustainability Innovation Student Challenge Award (SISCA). Em 2015, foi aprovado no EMPRETEC, Programa da Organiza\u00e7\u00e3o das Na\u00e7\u00f5es Unidas (ONU) para empreendedores. \u00c9 palestrante e convidado para eventos internacionais, com presen\u00e7a no Brasil, Estados Unidos, Canad\u00e1 e M\u00e9xico. Em 2018, criou o Banco de \u00c1reas Verdes, a maior plataforma do mundo de ativos florestais. Tem canal no YouTube para discuss\u00f5es sobre temas ambientais.<\/span><\/p>\n","protected":false},"excerpt":{"rendered":"<p>Esse ano, o Diplomacia Civil chega a novos territ\u00f3rios. Pela primeira vez, o programa levar\u00e1 jovens a Dubai para participar do World Green Economy Summit (WGES), entre os dias 18 e 24 de outubro. Por outro lado, entre os delegados h\u00e1\u00a0um veterano. Yuri Rugai Marinho est\u00e1 embarcando em sua segunda jornada internacional com o programa. [&hellip;]<\/p>\n","protected":false},"author":1,"featured_media":3024,"comment_status":"open","ping_status":"open","sticky":false,"template":"","format":"standard","meta":{"_acf_changed":false,"om_disable_all_campaigns":false,"_monsterinsights_skip_tracking":false,"_monsterinsights_sitenote_active":false,"_monsterinsights_sitenote_note":"","_monsterinsights_sitenote_category":0,"_uf_show_specific_survey":0,"_uf_disable_surveys":false,"footnotes":""},"categories":[22,34],"tags":[25,143,162,163,161,4,61,66,149,150],"class_list":["post-3023","post","type-post","status-publish","format-standard","hentry","category-programas","category-ultimas","tag-diplomacia-civil","tag-dubai","tag-economia-verde","tag-emirados-arabes-unidos","tag-global-attitude","tag-instituto-global-attitude","tag-relacoes-internacionais","tag-sustentabilidade","tag-wges","tag-world-green-economy-summit"],"acf":[],"aioseo_notices":[],"yoast_head":"<!-- This site is optimized with the Yoast SEO plugin v27.5 - https:\/\/yoast.com\/product\/yoast-seo-wordpress\/ -->\n<title>World Green Economy Summit - Diplomacia Civil leva jovens<\/title>\n<meta name=\"description\" content=\"World Green Economy Summit - Pela primeira vez o Diplomacia Civil leva jovens para o World Green Economy Summit, em Dubai. Saiba quem s\u00e3o eles!\" \/>\n<meta name=\"robots\" content=\"index, follow, max-snippet:-1, max-image-preview:large, max-video-preview:-1\" \/>\n<link rel=\"canonical\" href=\"https:\/\/globalattitude.org.br\/en\/pela-primeira-vez-o-diplomacia-civil-leva-jovens-para-o-world-green-economy-summit-em-dubai-saiba-quem-sao-eles\/\" \/>\n<meta property=\"og:locale\" content=\"en_US\" \/>\n<meta property=\"og:type\" content=\"article\" \/>\n<meta property=\"og:title\" content=\"World Green Economy Summit - Diplomacia Civil leva jovens\" \/>\n<meta property=\"og:description\" content=\"World Green Economy Summit - Pela primeira vez o Diplomacia Civil leva jovens para o World Green Economy Summit, em Dubai. Saiba quem s\u00e3o eles!\" \/>\n<meta property=\"og:url\" content=\"https:\/\/globalattitude.org.br\/en\/pela-primeira-vez-o-diplomacia-civil-leva-jovens-para-o-world-green-economy-summit-em-dubai-saiba-quem-sao-eles\/\" \/>\n<meta property=\"og:site_name\" content=\"Instituto Global Attitude\" \/>\n<meta property=\"article:publisher\" content=\"https:\/\/www.facebook.com\/global.attitude.org\/\" \/>\n<meta property=\"article:published_time\" content=\"2019-10-14T22:12:34+00:00\" \/>\n<meta property=\"article:modified_time\" content=\"2023-05-03T18:53:18+00:00\" \/>\n<meta property=\"og:image\" content=\"https:\/\/globalattitude.org.br\/wp-content\/uploads\/2023\/03\/World-Green-Economy-Summit-2019-1200x643.png\" \/>\n\t<meta property=\"og:image:width\" content=\"1400\" \/>\n\t<meta property=\"og:image:height\" content=\"750\" \/>\n\t<meta property=\"og:image:type\" content=\"image\/png\" \/>\n<meta name=\"author\" content=\"123esite\" \/>\n<meta name=\"twitter:card\" content=\"summary_large_image\" \/>\n<meta name=\"twitter:creator\" content=\"@global_attitude\" \/>\n<meta name=\"twitter:site\" content=\"@global_attitude\" \/>\n<meta name=\"twitter:label1\" content=\"Written by\" \/>\n\t<meta name=\"twitter:data1\" content=\"123esite\" \/>\n\t<meta name=\"twitter:label2\" content=\"Est. reading time\" \/>\n\t<meta name=\"twitter:data2\" content=\"4 minutes\" \/>\n<script type=\"application\/ld+json\" class=\"yoast-schema-graph\">{\"@context\":\"https:\\\/\\\/schema.org\",\"@graph\":[{\"@type\":[\"Article\",\"BlogPosting\"],\"@id\":\"https:\\\/\\\/globalattitude.org.br\\\/en\\\/pela-primeira-vez-o-diplomacia-civil-leva-jovens-para-o-world-green-economy-summit-em-dubai-saiba-quem-sao-eles\\\/#article\",\"isPartOf\":{\"@id\":\"https:\\\/\\\/globalattitude.org.br\\\/en\\\/pela-primeira-vez-o-diplomacia-civil-leva-jovens-para-o-world-green-economy-summit-em-dubai-saiba-quem-sao-eles\\\/\"},\"author\":{\"name\":\"123esite\",\"@id\":\"https:\\\/\\\/globalattitude.org.br\\\/en\\\/#\\\/schema\\\/person\\\/6d308f9d9d1eebad0278ad9386f13169\"},\"headline\":\"Pela primeira vez o Diplomacia Civil leva jovens para o World Green Economy Summit, em Dubai. Saiba quem s\u00e3o eles!\",\"datePublished\":\"2019-10-14T22:12:34+00:00\",\"dateModified\":\"2023-05-03T18:53:18+00:00\",\"mainEntityOfPage\":{\"@id\":\"https:\\\/\\\/globalattitude.org.br\\\/en\\\/pela-primeira-vez-o-diplomacia-civil-leva-jovens-para-o-world-green-economy-summit-em-dubai-saiba-quem-sao-eles\\\/\"},\"wordCount\":648,\"commentCount\":0,\"publisher\":{\"@id\":\"https:\\\/\\\/globalattitude.org.br\\\/en\\\/#organization\"},\"image\":{\"@id\":\"https:\\\/\\\/globalattitude.org.br\\\/en\\\/pela-primeira-vez-o-diplomacia-civil-leva-jovens-para-o-world-green-economy-summit-em-dubai-saiba-quem-sao-eles\\\/#primaryimage\"},\"thumbnailUrl\":\"http:\\\/\\\/globalattitude.org.br\\\/wp-content\\\/uploads\\\/2023\\\/03\\\/World-Green-Economy-Summit-2019-1200x643.png\",\"keywords\":[\"Diplomacia Civil\",\"Dubai\",\"Economia Verde\",\"Emirados \u00c1rabes Unidos\",\"Global Attitude\",\"Instituto Global Attitude\",\"rela\u00e7\u00f5es internacionais\",\"sustentabilidade\",\"WGES\",\"World Green Economy Summit\"],\"articleSection\":[\"Programas\",\"\u00daltimas\"],\"inLanguage\":\"en-US\",\"potentialAction\":[{\"@type\":\"CommentAction\",\"name\":\"Comment\",\"target\":[\"https:\\\/\\\/globalattitude.org.br\\\/en\\\/pela-primeira-vez-o-diplomacia-civil-leva-jovens-para-o-world-green-economy-summit-em-dubai-saiba-quem-sao-eles\\\/#respond\"]}]},{\"@type\":\"WebPage\",\"@id\":\"https:\\\/\\\/globalattitude.org.br\\\/en\\\/pela-primeira-vez-o-diplomacia-civil-leva-jovens-para-o-world-green-economy-summit-em-dubai-saiba-quem-sao-eles\\\/\",\"url\":\"https:\\\/\\\/globalattitude.org.br\\\/en\\\/pela-primeira-vez-o-diplomacia-civil-leva-jovens-para-o-world-green-economy-summit-em-dubai-saiba-quem-sao-eles\\\/\",\"name\":\"World Green Economy Summit - Diplomacia Civil leva jovens\",\"isPartOf\":{\"@id\":\"https:\\\/\\\/globalattitude.org.br\\\/en\\\/#website\"},\"primaryImageOfPage\":{\"@id\":\"https:\\\/\\\/globalattitude.org.br\\\/en\\\/pela-primeira-vez-o-diplomacia-civil-leva-jovens-para-o-world-green-economy-summit-em-dubai-saiba-quem-sao-eles\\\/#primaryimage\"},\"image\":{\"@id\":\"https:\\\/\\\/globalattitude.org.br\\\/en\\\/pela-primeira-vez-o-diplomacia-civil-leva-jovens-para-o-world-green-economy-summit-em-dubai-saiba-quem-sao-eles\\\/#primaryimage\"},\"thumbnailUrl\":\"http:\\\/\\\/globalattitude.org.br\\\/wp-content\\\/uploads\\\/2023\\\/03\\\/World-Green-Economy-Summit-2019-1200x643.png\",\"datePublished\":\"2019-10-14T22:12:34+00:00\",\"dateModified\":\"2023-05-03T18:53:18+00:00\",\"description\":\"World Green Economy Summit - Pela primeira vez o Diplomacia Civil leva jovens para o World Green Economy Summit, em Dubai. Saiba quem s\u00e3o eles!\",\"breadcrumb\":{\"@id\":\"https:\\\/\\\/globalattitude.org.br\\\/en\\\/pela-primeira-vez-o-diplomacia-civil-leva-jovens-para-o-world-green-economy-summit-em-dubai-saiba-quem-sao-eles\\\/#breadcrumb\"},\"inLanguage\":\"en-US\",\"potentialAction\":[{\"@type\":\"ReadAction\",\"target\":[\"https:\\\/\\\/globalattitude.org.br\\\/en\\\/pela-primeira-vez-o-diplomacia-civil-leva-jovens-para-o-world-green-economy-summit-em-dubai-saiba-quem-sao-eles\\\/\"]}]},{\"@type\":\"ImageObject\",\"inLanguage\":\"en-US\",\"@id\":\"https:\\\/\\\/globalattitude.org.br\\\/en\\\/pela-primeira-vez-o-diplomacia-civil-leva-jovens-para-o-world-green-economy-summit-em-dubai-saiba-quem-sao-eles\\\/#primaryimage\",\"url\":\"http:\\\/\\\/globalattitude.org.br\\\/wp-content\\\/uploads\\\/2023\\\/03\\\/World-Green-Economy-Summit-2019-1200x643.png\",\"contentUrl\":\"http:\\\/\\\/globalattitude.org.br\\\/wp-content\\\/uploads\\\/2023\\\/03\\\/World-Green-Economy-Summit-2019-1200x643.png\",\"width\":1400,\"height\":750},{\"@type\":\"BreadcrumbList\",\"@id\":\"https:\\\/\\\/globalattitude.org.br\\\/en\\\/pela-primeira-vez-o-diplomacia-civil-leva-jovens-para-o-world-green-economy-summit-em-dubai-saiba-quem-sao-eles\\\/#breadcrumb\",\"itemListElement\":[{\"@type\":\"ListItem\",\"position\":1,\"name\":\"In\u00edcio\",\"item\":\"https:\\\/\\\/globalattitude.org.br\\\/en\\\/\"},{\"@type\":\"ListItem\",\"position\":2,\"name\":\"Pela primeira vez o Diplomacia Civil leva jovens para o World Green Economy Summit, em Dubai. Saiba quem s\u00e3o eles!\"}]},{\"@type\":\"WebSite\",\"@id\":\"https:\\\/\\\/globalattitude.org.br\\\/en\\\/#website\",\"url\":\"https:\\\/\\\/globalattitude.org.br\\\/en\\\/\",\"name\":\"Instituto Global Attitude\",\"description\":\"\",\"publisher\":{\"@id\":\"https:\\\/\\\/globalattitude.org.br\\\/en\\\/#organization\"},\"potentialAction\":[{\"@type\":\"SearchAction\",\"target\":{\"@type\":\"EntryPoint\",\"urlTemplate\":\"https:\\\/\\\/globalattitude.org.br\\\/en\\\/?s={search_term_string}\"},\"query-input\":{\"@type\":\"PropertyValueSpecification\",\"valueRequired\":true,\"valueName\":\"search_term_string\"}}],\"inLanguage\":\"en-US\"},{\"@type\":\"Organization\",\"@id\":\"https:\\\/\\\/globalattitude.org.br\\\/en\\\/#organization\",\"name\":\"Instituto Global Attitude\",\"url\":\"https:\\\/\\\/globalattitude.org.br\\\/en\\\/\",\"logo\":{\"@type\":\"ImageObject\",\"inLanguage\":\"en-US\",\"@id\":\"https:\\\/\\\/globalattitude.org.br\\\/en\\\/#\\\/schema\\\/logo\\\/image\\\/\",\"url\":\"https:\\\/\\\/globalattitude.org.br\\\/wp-content\\\/uploads\\\/2023\\\/01\\\/instituto-global-attitude-color.png\",\"contentUrl\":\"https:\\\/\\\/globalattitude.org.br\\\/wp-content\\\/uploads\\\/2023\\\/01\\\/instituto-global-attitude-color.png\",\"width\":300,\"height\":131,\"caption\":\"Instituto Global Attitude\"},\"image\":{\"@id\":\"https:\\\/\\\/globalattitude.org.br\\\/en\\\/#\\\/schema\\\/logo\\\/image\\\/\"},\"sameAs\":[\"https:\\\/\\\/www.facebook.com\\\/global.attitude.org\\\/\",\"https:\\\/\\\/x.com\\\/global_attitude\",\"https:\\\/\\\/www.instagram.com\\\/globalattitude\",\"https:\\\/\\\/www.linkedin.com\\\/company\\\/global-attitude\\\/?viewAsMember=true\"]},{\"@type\":\"Person\",\"@id\":\"https:\\\/\\\/globalattitude.org.br\\\/en\\\/#\\\/schema\\\/person\\\/6d308f9d9d1eebad0278ad9386f13169\",\"name\":\"123esite\",\"image\":{\"@type\":\"ImageObject\",\"inLanguage\":\"en-US\",\"@id\":\"https:\\\/\\\/secure.gravatar.com\\\/avatar\\\/07bd71fac19f42004f2b73567f012e126689afdb23cb0017536dea9113ba1806?s=96&d=mm&r=g\",\"url\":\"https:\\\/\\\/secure.gravatar.com\\\/avatar\\\/07bd71fac19f42004f2b73567f012e126689afdb23cb0017536dea9113ba1806?s=96&d=mm&r=g\",\"contentUrl\":\"https:\\\/\\\/secure.gravatar.com\\\/avatar\\\/07bd71fac19f42004f2b73567f012e126689afdb23cb0017536dea9113ba1806?s=96&d=mm&r=g\",\"caption\":\"123esite\"},\"sameAs\":[\"http:\\\/\\\/globalattitude.org.br\"],\"url\":\"http:\\\/\\\/globalattitude.org.br\\\/en\\\/author\\\/123esite\\\/\"}]}<\/script>\n<!-- \/ Yoast SEO plugin. -->","yoast_head_json":{"title":"World Green Economy Summit - Diplomacia Civil leva jovens","description":"World Green Economy Summit - Pela primeira vez o Diplomacia Civil leva jovens para o World Green Economy Summit, em Dubai. Saiba quem s\u00e3o eles!","robots":{"index":"index","follow":"follow","max-snippet":"max-snippet:-1","max-image-preview":"max-image-preview:large","max-video-preview":"max-video-preview:-1"},"canonical":"https:\/\/globalattitude.org.br\/en\/pela-primeira-vez-o-diplomacia-civil-leva-jovens-para-o-world-green-economy-summit-em-dubai-saiba-quem-sao-eles\/","og_locale":"en_US","og_type":"article","og_title":"World Green Economy Summit - Diplomacia Civil leva jovens","og_description":"World Green Economy Summit - Pela primeira vez o Diplomacia Civil leva jovens para o World Green Economy Summit, em Dubai. Saiba quem s\u00e3o eles!","og_url":"https:\/\/globalattitude.org.br\/en\/pela-primeira-vez-o-diplomacia-civil-leva-jovens-para-o-world-green-economy-summit-em-dubai-saiba-quem-sao-eles\/","og_site_name":"Instituto Global Attitude","article_publisher":"https:\/\/www.facebook.com\/global.attitude.org\/","article_published_time":"2019-10-14T22:12:34+00:00","article_modified_time":"2023-05-03T18:53:18+00:00","og_image":[{"width":1400,"height":750,"url":"https:\/\/globalattitude.org.br\/wp-content\/uploads\/2023\/03\/World-Green-Economy-Summit-2019-1200x643.png","type":"image\/png"}],"author":"123esite","twitter_card":"summary_large_image","twitter_creator":"@global_attitude","twitter_site":"@global_attitude","twitter_misc":{"Written by":"123esite","Est. reading time":"4 minutes"},"schema":{"@context":"https:\/\/schema.org","@graph":[{"@type":["Article","BlogPosting"],"@id":"https:\/\/globalattitude.org.br\/en\/pela-primeira-vez-o-diplomacia-civil-leva-jovens-para-o-world-green-economy-summit-em-dubai-saiba-quem-sao-eles\/#article","isPartOf":{"@id":"https:\/\/globalattitude.org.br\/en\/pela-primeira-vez-o-diplomacia-civil-leva-jovens-para-o-world-green-economy-summit-em-dubai-saiba-quem-sao-eles\/"},"author":{"name":"123esite","@id":"https:\/\/globalattitude.org.br\/en\/#\/schema\/person\/6d308f9d9d1eebad0278ad9386f13169"},"headline":"Pela primeira vez o Diplomacia Civil leva jovens para o World Green Economy Summit, em Dubai. Saiba quem s\u00e3o eles!","datePublished":"2019-10-14T22:12:34+00:00","dateModified":"2023-05-03T18:53:18+00:00","mainEntityOfPage":{"@id":"https:\/\/globalattitude.org.br\/en\/pela-primeira-vez-o-diplomacia-civil-leva-jovens-para-o-world-green-economy-summit-em-dubai-saiba-quem-sao-eles\/"},"wordCount":648,"commentCount":0,"publisher":{"@id":"https:\/\/globalattitude.org.br\/en\/#organization"},"image":{"@id":"https:\/\/globalattitude.org.br\/en\/pela-primeira-vez-o-diplomacia-civil-leva-jovens-para-o-world-green-economy-summit-em-dubai-saiba-quem-sao-eles\/#primaryimage"},"thumbnailUrl":"http:\/\/globalattitude.org.br\/wp-content\/uploads\/2023\/03\/World-Green-Economy-Summit-2019-1200x643.png","keywords":["Diplomacia Civil","Dubai","Economia Verde","Emirados \u00c1rabes Unidos","Global Attitude","Instituto Global Attitude","rela\u00e7\u00f5es internacionais","sustentabilidade","WGES","World Green Economy Summit"],"articleSection":["Programas","\u00daltimas"],"inLanguage":"en-US","potentialAction":[{"@type":"CommentAction","name":"Comment","target":["https:\/\/globalattitude.org.br\/en\/pela-primeira-vez-o-diplomacia-civil-leva-jovens-para-o-world-green-economy-summit-em-dubai-saiba-quem-sao-eles\/#respond"]}]},{"@type":"WebPage","@id":"https:\/\/globalattitude.org.br\/en\/pela-primeira-vez-o-diplomacia-civil-leva-jovens-para-o-world-green-economy-summit-em-dubai-saiba-quem-sao-eles\/","url":"https:\/\/globalattitude.org.br\/en\/pela-primeira-vez-o-diplomacia-civil-leva-jovens-para-o-world-green-economy-summit-em-dubai-saiba-quem-sao-eles\/","name":"World Green Economy Summit - Diplomacia Civil leva jovens","isPartOf":{"@id":"https:\/\/globalattitude.org.br\/en\/#website"},"primaryImageOfPage":{"@id":"https:\/\/globalattitude.org.br\/en\/pela-primeira-vez-o-diplomacia-civil-leva-jovens-para-o-world-green-economy-summit-em-dubai-saiba-quem-sao-eles\/#primaryimage"},"image":{"@id":"https:\/\/globalattitude.org.br\/en\/pela-primeira-vez-o-diplomacia-civil-leva-jovens-para-o-world-green-economy-summit-em-dubai-saiba-quem-sao-eles\/#primaryimage"},"thumbnailUrl":"http:\/\/globalattitude.org.br\/wp-content\/uploads\/2023\/03\/World-Green-Economy-Summit-2019-1200x643.png","datePublished":"2019-10-14T22:12:34+00:00","dateModified":"2023-05-03T18:53:18+00:00","description":"World Green Economy Summit - Pela primeira vez o Diplomacia Civil leva jovens para o World Green Economy Summit, em Dubai. Saiba quem s\u00e3o eles!","breadcrumb":{"@id":"https:\/\/globalattitude.org.br\/en\/pela-primeira-vez-o-diplomacia-civil-leva-jovens-para-o-world-green-economy-summit-em-dubai-saiba-quem-sao-eles\/#breadcrumb"},"inLanguage":"en-US","potentialAction":[{"@type":"ReadAction","target":["https:\/\/globalattitude.org.br\/en\/pela-primeira-vez-o-diplomacia-civil-leva-jovens-para-o-world-green-economy-summit-em-dubai-saiba-quem-sao-eles\/"]}]},{"@type":"ImageObject","inLanguage":"en-US","@id":"https:\/\/globalattitude.org.br\/en\/pela-primeira-vez-o-diplomacia-civil-leva-jovens-para-o-world-green-economy-summit-em-dubai-saiba-quem-sao-eles\/#primaryimage","url":"http:\/\/globalattitude.org.br\/wp-content\/uploads\/2023\/03\/World-Green-Economy-Summit-2019-1200x643.png","contentUrl":"http:\/\/globalattitude.org.br\/wp-content\/uploads\/2023\/03\/World-Green-Economy-Summit-2019-1200x643.png","width":1400,"height":750},{"@type":"BreadcrumbList","@id":"https:\/\/globalattitude.org.br\/en\/pela-primeira-vez-o-diplomacia-civil-leva-jovens-para-o-world-green-economy-summit-em-dubai-saiba-quem-sao-eles\/#breadcrumb","itemListElement":[{"@type":"ListItem","position":1,"name":"In\u00edcio","item":"https:\/\/globalattitude.org.br\/en\/"},{"@type":"ListItem","position":2,"name":"Pela primeira vez o Diplomacia Civil leva jovens para o World Green Economy Summit, em Dubai. Saiba quem s\u00e3o eles!"}]},{"@type":"WebSite","@id":"https:\/\/globalattitude.org.br\/en\/#website","url":"https:\/\/globalattitude.org.br\/en\/","name":"Instituto Global Attitude","description":"","publisher":{"@id":"https:\/\/globalattitude.org.br\/en\/#organization"},"potentialAction":[{"@type":"SearchAction","target":{"@type":"EntryPoint","urlTemplate":"https:\/\/globalattitude.org.br\/en\/?s={search_term_string}"},"query-input":{"@type":"PropertyValueSpecification","valueRequired":true,"valueName":"search_term_string"}}],"inLanguage":"en-US"},{"@type":"Organization","@id":"https:\/\/globalattitude.org.br\/en\/#organization","name":"Instituto Global Attitude","url":"https:\/\/globalattitude.org.br\/en\/","logo":{"@type":"ImageObject","inLanguage":"en-US","@id":"https:\/\/globalattitude.org.br\/en\/#\/schema\/logo\/image\/","url":"https:\/\/globalattitude.org.br\/wp-content\/uploads\/2023\/01\/instituto-global-attitude-color.png","contentUrl":"https:\/\/globalattitude.org.br\/wp-content\/uploads\/2023\/01\/instituto-global-attitude-color.png","width":300,"height":131,"caption":"Instituto Global Attitude"},"image":{"@id":"https:\/\/globalattitude.org.br\/en\/#\/schema\/logo\/image\/"},"sameAs":["https:\/\/www.facebook.com\/global.attitude.org\/","https:\/\/x.com\/global_attitude","https:\/\/www.instagram.com\/globalattitude","https:\/\/www.linkedin.com\/company\/global-attitude\/?viewAsMember=true"]},{"@type":"Person","@id":"https:\/\/globalattitude.org.br\/en\/#\/schema\/person\/6d308f9d9d1eebad0278ad9386f13169","name":"123esite","image":{"@type":"ImageObject","inLanguage":"en-US","@id":"https:\/\/secure.gravatar.com\/avatar\/07bd71fac19f42004f2b73567f012e126689afdb23cb0017536dea9113ba1806?s=96&d=mm&r=g","url":"https:\/\/secure.gravatar.com\/avatar\/07bd71fac19f42004f2b73567f012e126689afdb23cb0017536dea9113ba1806?s=96&d=mm&r=g","contentUrl":"https:\/\/secure.gravatar.com\/avatar\/07bd71fac19f42004f2b73567f012e126689afdb23cb0017536dea9113ba1806?s=96&d=mm&r=g","caption":"123esite"},"sameAs":["http:\/\/globalattitude.org.br"],"url":"http:\/\/globalattitude.org.br\/en\/author\/123esite\/"}]}},"_links":{"self":[{"href":"http:\/\/globalattitude.org.br\/en\/wp-json\/wp\/v2\/posts\/3023","targetHints":{"allow":["GET"]}}],"collection":[{"href":"http:\/\/globalattitude.org.br\/en\/wp-json\/wp\/v2\/posts"}],"about":[{"href":"http:\/\/globalattitude.org.br\/en\/wp-json\/wp\/v2\/types\/post"}],"author":[{"embeddable":true,"href":"http:\/\/globalattitude.org.br\/en\/wp-json\/wp\/v2\/users\/1"}],"replies":[{"embeddable":true,"href":"http:\/\/globalattitude.org.br\/en\/wp-json\/wp\/v2\/comments?post=3023"}],"version-history":[{"count":3,"href":"http:\/\/globalattitude.org.br\/en\/wp-json\/wp\/v2\/posts\/3023\/revisions"}],"predecessor-version":[{"id":3838,"href":"http:\/\/globalattitude.org.br\/en\/wp-json\/wp\/v2\/posts\/3023\/revisions\/3838"}],"wp:featuredmedia":[{"embeddable":true,"href":"http:\/\/globalattitude.org.br\/en\/wp-json\/wp\/v2\/media\/3024"}],"wp:attachment":[{"href":"http:\/\/globalattitude.org.br\/en\/wp-json\/wp\/v2\/media?parent=3023"}],"wp:term":[{"taxonomy":"category","embeddable":true,"href":"http:\/\/globalattitude.org.br\/en\/wp-json\/wp\/v2\/categories?post=3023"},{"taxonomy":"post_tag","embeddable":true,"href":"http:\/\/globalattitude.org.br\/en\/wp-json\/wp\/v2\/tags?post=3023"}],"curies":[{"name":"wp","href":"https:\/\/api.w.org\/{rel}","templated":true}]}}