{"id":3092,"date":"2020-02-05T18:31:29","date_gmt":"2020-02-05T21:31:29","guid":{"rendered":"https:\/\/globalattitude.org.br\/delegacao-diplomacia-civil-world-urban-forum\/"},"modified":"2023-05-03T14:23:31","modified_gmt":"2023-05-03T17:23:31","slug":"delegacao-diplomacia-civil-world-urban-forum","status":"publish","type":"post","link":"http:\/\/globalattitude.org.br\/en\/delegacao-diplomacia-civil-world-urban-forum\/","title":{"rendered":"Conhe\u00e7a os selecionados para compor a delega\u00e7\u00e3o do Diplomacia Civil que embarca amanh\u00e3 para o World Urban Forum"},"content":{"rendered":"<p>Prestes a embarcarem, esses delegados passar\u00e3o pela indescrit\u00edvel experi\u00eancia de dividirem espa\u00e7o e discutirem com tomadores de decis\u00e3o internacionais em Abu Dhabi, onde ocorre o World Urban Forum, entre os dias 6 e 14 de fevereiro.<\/p>\n<h2><strong>O F\u00f3rum\u00a0<\/strong><\/h2>\n<p><span style=\"font-weight: 400;\">O World Urban Forum (WUF) foi estabelecido pelas Na\u00e7\u00f5es Unidas em 2001 com o objetivo de discutir uma das quest\u00f5es mais urgentes do mundo hoje: a acelerada urbaniza\u00e7\u00e3o e seus impactos nas comunidades, cidades, economias, mudan\u00e7as clim\u00e1ticas e pol\u00edticas. Realizado pelo UN Habitat, o f\u00f3rum \u00e9 uma plataforma bianual, aberta e inclusiva que promove di\u00e1logos de de alto n\u00edvel com o objetivo de buscar resolu\u00e7\u00f5es para os desafios da urbaniza\u00e7\u00e3o sustent\u00e1vel.<\/span><\/p>\n<p><span style=\"font-weight: 400;\">O f\u00f3rum possui os seguintes objetivos: 1) aumentar a conscientiza\u00e7\u00e3o acerca da sustentabilidade na urbaniza\u00e7\u00e3o entre investidores e constituintes, incluindo a sociedade civil; 2) desenvolver o conhecimento coletivo sobre desenvolvimento urbano sustent\u00e1vel atrav\u00e9s de debates e compartilhamento de boas pr\u00e1ticas e pol\u00edticas p\u00fablicas; 3) promover colabora\u00e7\u00e3o e coopera\u00e7\u00e3o entre as diversas partes envolvidas com o avan\u00e7o e a implementa\u00e7\u00e3o da urbaniza\u00e7\u00e3o sustent\u00e1vel.<\/span><\/p>\n<p><span style=\"font-weight: 400;\">Em sua d\u00e9cima edi\u00e7\u00e3o, a ser realizada em Abu Dhabi, Emirados \u00c1rabes Unidos, de 8 a 13 de fevereiro de 2020, o tema a ser discutido ser\u00e1 &#8220;Cities of Opportunities: Connecting Culture and Innovation&#8221;.<\/span><\/p>\n<p><span style=\"font-weight: 400;\">O tema ser\u00e1 amplamente discutido em 6 sess\u00f5es de di\u00e1logo que buscar\u00e3o fazer um balan\u00e7o das abordagens e pr\u00e1ticas emergentes mais inovadoras que buscam aproveitar cultura e inova\u00e7\u00e3o como impulsionadores da urbaniza\u00e7\u00e3o sustent\u00e1vel e chegar a solu\u00e7\u00f5es que conectem urbaniza\u00e7\u00e3o, cultura e inova\u00e7\u00e3o como base para alcan\u00e7ar cidades e habita\u00e7\u00f5es mais inclusivas, seguras, resilientes e sustent\u00e1veis.\u00a0 <\/span><span style=\"font-weight: 400;\"><br \/>\n<\/span><\/p>\n<p><span style=\"font-weight: 400;\">s di\u00e1logos em que delega\u00e7\u00e3o do Diplomacia Civil v\u00e3o participar promover\u00e3o a sinergia entre tradi\u00e7\u00e3o e modernidade, criando espa\u00e7os de converg\u00eancia para comunidades multiculturais e multigeracionais al\u00e9m de explorar o papel da cultura e da inova\u00e7\u00e3o na implementa\u00e7\u00e3o da New Urban Agenda para o cumprimento das dimens\u00f5es urbanas dos Objetivos de Desenvolvimento Sustent\u00e1vel para 2030.<\/span><\/p>\n<h2><strong>Conhe\u00e7a a delega\u00e7\u00e3o do Diplomacia Civil<\/strong><\/h2>\n<p><span style=\"font-weight: 400;\"><strong>Eur\u00eddice Hernandes<\/strong> \u00e9 formada em Administra\u00e7\u00e3o P\u00fablica pela Funda\u00e7\u00e3o Get\u00falio Vargas e atualmente cursa o \u00faltimo ano de Direito na mesma institui\u00e7\u00e3o. Trabalha como assistente de pesquisa na \u00e1rea de estudos urbanos do CEPESP (<\/span><span style=\"font-weight: 400;\">Centro de Estudos em Pol\u00edtica e Economia do Setor P\u00fablico) e j\u00e1 estagiou na Prefeitura de Buenos Aires na \u00e1rea de cidades inteligentes e dados abertos. Pesquisou durante um tempo a tem\u00e1tica de desenvolvimento local e moedas sociais, tendo publicado um artigo sobre bancos comunit\u00e1rios digitais no IJCCR <\/span><i><span style=\"font-weight: 400;\">journal<\/span><\/i><span style=\"font-weight: 400;\">, mas hoje concentra suas pesquisas na pauta de cidades e sustentabilidade, apresentando artigos sobre essas tem\u00e1ticas em congressos como o ENANPAD. Finalista do programa Talentos do Legislativo do Legisla Brasil acredita que a pol\u00edtica tem que ser mais acess\u00edvel e cidad\u00e3 para que cidades se tornem lugares melhores para se viver.\u00a0<\/span><\/p>\n<p><span style=\"font-weight: 400;\"><strong>Marcelo Ignatios<\/strong> \u00e9 <\/span><span style=\"font-weight: 400;\">arquiteto e urbanista, especialista em Desenvolvimento Imobili\u00e1rio. No setor privado, atuou no segmento de loteamentos de bairros planejados. Na \u00e1rea p\u00fablica tem experi\u00eancia de mais de 10 anos em planejamento urbano e habita\u00e7\u00e3o de interesse social (HIS), sendo que desde 2013 colabora com a Prefeitura de S\u00e3o Paulo na empresa municipal SP-Urbanismo, tendo sido respons\u00e1vel pela realiza\u00e7\u00e3o dos estudos econ\u00f4micos no \u00e2mbito do novo Plano Diretor Estrat\u00e9gico (Lei n. 16.050\/14), da revis\u00e3o da lei de zoneamento (Lei n. 16.402\/16) e das opera\u00e7\u00f5es urbanas consorciadas, aferindo e simulando cen\u00e1rios de transforma\u00e7\u00e3o urbana, e realizando projetos de parcerias p\u00fablico-privadas. Desde 2017 \u00e9 membro da diretoria do Instituto de Arquitetos do Brasil (<\/span><span style=\"font-weight: 400;\">IABsp<\/span><span style=\"font-weight: 400;\">), tendo fundado no mesmo ano a consultoria Alimento Urbano com a finalidade de assessorar empresas e munic\u00edpios em planejamento urbano e projetos envolvendo as cidades.<\/span><\/p>\n<p><span style=\"font-weight: 400;\"><strong>Pedro Caio de Oliveira Freitas<\/strong> \u00e9 graduando de Rela\u00e7\u00f5es Internacionais pela Universidade Anhembi Morumbi. Trabalha atualmente como estagi\u00e1rio na \u00e1rea de intelig\u00eancia comercial na empresa Syngenta prote\u00e7\u00e3o de cultivo. Possui experi\u00eancia internacional como intercambista na institui\u00e7\u00e3o ILAC (International Language Academy of Canada) e como jogador de basquete.<\/span><\/p>\n","protected":false},"excerpt":{"rendered":"<p>Prestes a embarcarem, esses delegados passar\u00e3o pela indescrit\u00edvel experi\u00eancia de dividirem espa\u00e7o e discutirem com tomadores de decis\u00e3o internacionais em Abu Dhabi, onde ocorre o World Urban Forum, entre os dias 6 e 14 de fevereiro. O F\u00f3rum\u00a0 O World Urban Forum (WUF) foi estabelecido pelas Na\u00e7\u00f5es Unidas em 2001 com o objetivo de discutir [&hellip;]<\/p>\n","protected":false},"author":1,"featured_media":3093,"comment_status":"open","ping_status":"open","sticky":false,"template":"","format":"standard","meta":{"_acf_changed":false,"om_disable_all_campaigns":false,"_monsterinsights_skip_tracking":false,"_monsterinsights_sitenote_active":false,"_monsterinsights_sitenote_note":"","_monsterinsights_sitenote_category":0,"_uf_show_specific_survey":0,"_uf_disable_surveys":false,"footnotes":""},"categories":[22,34],"tags":[179,180,181,182,25,161,4,183,61,66,175,178],"class_list":["post-3092","post","type-post","status-publish","format-standard","hentry","category-programas","category-ultimas","tag-abudhabi","tag-arquitetura","tag-cidades","tag-comunidades","tag-diplomacia-civil","tag-global-attitude","tag-instituto-global-attitude","tag-programa-diplomacia-civil","tag-relacoes-internacionais","tag-sustentabilidade","tag-un-habitat","tag-world-urban-forum"],"acf":[],"aioseo_notices":[],"yoast_head":"<!-- This site is optimized with the Yoast SEO plugin v27.5 - https:\/\/yoast.com\/product\/yoast-seo-wordpress\/ -->\n<title>Delega\u00e7\u00e3o do Diplomacia Civil - Conhe\u00e7a os selecionados para o WUF<\/title>\n<meta name=\"description\" content=\"Delega\u00e7\u00e3o do Diplomacia Civil - esses delegados passar\u00e3o pela indescrit\u00edvel experi\u00eancia de dividirem espa\u00e7o e discutirem com tomadores de ... Saiba Mais\" \/>\n<meta name=\"robots\" content=\"index, follow, max-snippet:-1, max-image-preview:large, max-video-preview:-1\" \/>\n<link rel=\"canonical\" href=\"http:\/\/globalattitude.org.br\/en\/delegacao-diplomacia-civil-world-urban-forum\/\" \/>\n<meta property=\"og:locale\" content=\"en_US\" \/>\n<meta property=\"og:type\" content=\"article\" \/>\n<meta property=\"og:title\" content=\"Delega\u00e7\u00e3o do Diplomacia Civil - Conhe\u00e7a os selecionados para o WUF\" \/>\n<meta property=\"og:description\" content=\"Delega\u00e7\u00e3o do Diplomacia Civil - esses delegados passar\u00e3o pela indescrit\u00edvel experi\u00eancia de dividirem espa\u00e7o e discutirem com tomadores de ... Saiba Mais\" \/>\n<meta property=\"og:url\" content=\"http:\/\/globalattitude.org.br\/en\/delegacao-diplomacia-civil-world-urban-forum\/\" \/>\n<meta property=\"og:site_name\" content=\"Instituto Global Attitude\" \/>\n<meta property=\"article:publisher\" content=\"https:\/\/www.facebook.com\/global.attitude.org\/\" \/>\n<meta property=\"article:published_time\" content=\"2020-02-05T21:31:29+00:00\" \/>\n<meta property=\"article:modified_time\" content=\"2023-05-03T17:23:31+00:00\" \/>\n<meta property=\"og:image\" content=\"http:\/\/globalattitude.org.br\/wp-content\/uploads\/2023\/03\/diplomacia-civil-post.png\" \/>\n\t<meta property=\"og:image:width\" content=\"801\" \/>\n\t<meta property=\"og:image:height\" content=\"450\" \/>\n\t<meta property=\"og:image:type\" content=\"image\/png\" \/>\n<meta name=\"author\" content=\"123esite\" \/>\n<meta name=\"twitter:card\" content=\"summary_large_image\" \/>\n<meta name=\"twitter:creator\" content=\"@global_attitude\" \/>\n<meta name=\"twitter:site\" content=\"@global_attitude\" \/>\n<meta name=\"twitter:label1\" content=\"Written by\" \/>\n\t<meta name=\"twitter:data1\" content=\"123esite\" \/>\n\t<meta name=\"twitter:label2\" content=\"Est. reading time\" \/>\n\t<meta name=\"twitter:data2\" content=\"4 minutes\" \/>\n<script type=\"application\/ld+json\" class=\"yoast-schema-graph\">{\"@context\":\"https:\\\/\\\/schema.org\",\"@graph\":[{\"@type\":[\"Article\",\"BlogPosting\"],\"@id\":\"http:\\\/\\\/globalattitude.org.br\\\/en\\\/delegacao-diplomacia-civil-world-urban-forum\\\/#article\",\"isPartOf\":{\"@id\":\"http:\\\/\\\/globalattitude.org.br\\\/en\\\/delegacao-diplomacia-civil-world-urban-forum\\\/\"},\"author\":{\"name\":\"123esite\",\"@id\":\"https:\\\/\\\/globalattitude.org.br\\\/en\\\/#\\\/schema\\\/person\\\/6d308f9d9d1eebad0278ad9386f13169\"},\"headline\":\"Conhe\u00e7a os selecionados para compor a delega\u00e7\u00e3o do Diplomacia Civil que embarca amanh\u00e3 para o World Urban Forum\",\"datePublished\":\"2020-02-05T21:31:29+00:00\",\"dateModified\":\"2023-05-03T17:23:31+00:00\",\"mainEntityOfPage\":{\"@id\":\"http:\\\/\\\/globalattitude.org.br\\\/en\\\/delegacao-diplomacia-civil-world-urban-forum\\\/\"},\"wordCount\":736,\"commentCount\":0,\"publisher\":{\"@id\":\"https:\\\/\\\/globalattitude.org.br\\\/en\\\/#organization\"},\"image\":{\"@id\":\"http:\\\/\\\/globalattitude.org.br\\\/en\\\/delegacao-diplomacia-civil-world-urban-forum\\\/#primaryimage\"},\"thumbnailUrl\":\"http:\\\/\\\/globalattitude.org.br\\\/wp-content\\\/uploads\\\/2023\\\/03\\\/diplomacia-civil-post.png\",\"keywords\":[\"abudhabi\",\"arquitetura\",\"cidades\",\"comunidades\",\"Diplomacia Civil\",\"Global Attitude\",\"Instituto Global Attitude\",\"Programa Diplomacia Civil\",\"rela\u00e7\u00f5es internacionais\",\"sustentabilidade\",\"UN Habitat\",\"World Urban Forum\"],\"articleSection\":[\"Programas\",\"\u00daltimas\"],\"inLanguage\":\"en-US\",\"potentialAction\":[{\"@type\":\"CommentAction\",\"name\":\"Comment\",\"target\":[\"http:\\\/\\\/globalattitude.org.br\\\/en\\\/delegacao-diplomacia-civil-world-urban-forum\\\/#respond\"]}]},{\"@type\":\"WebPage\",\"@id\":\"http:\\\/\\\/globalattitude.org.br\\\/en\\\/delegacao-diplomacia-civil-world-urban-forum\\\/\",\"url\":\"http:\\\/\\\/globalattitude.org.br\\\/en\\\/delegacao-diplomacia-civil-world-urban-forum\\\/\",\"name\":\"Delega\u00e7\u00e3o do Diplomacia Civil - Conhe\u00e7a os selecionados para o WUF\",\"isPartOf\":{\"@id\":\"https:\\\/\\\/globalattitude.org.br\\\/en\\\/#website\"},\"primaryImageOfPage\":{\"@id\":\"http:\\\/\\\/globalattitude.org.br\\\/en\\\/delegacao-diplomacia-civil-world-urban-forum\\\/#primaryimage\"},\"image\":{\"@id\":\"http:\\\/\\\/globalattitude.org.br\\\/en\\\/delegacao-diplomacia-civil-world-urban-forum\\\/#primaryimage\"},\"thumbnailUrl\":\"http:\\\/\\\/globalattitude.org.br\\\/wp-content\\\/uploads\\\/2023\\\/03\\\/diplomacia-civil-post.png\",\"datePublished\":\"2020-02-05T21:31:29+00:00\",\"dateModified\":\"2023-05-03T17:23:31+00:00\",\"description\":\"Delega\u00e7\u00e3o do Diplomacia Civil - esses delegados passar\u00e3o pela indescrit\u00edvel experi\u00eancia de dividirem espa\u00e7o e discutirem com tomadores de ... Saiba Mais\",\"breadcrumb\":{\"@id\":\"http:\\\/\\\/globalattitude.org.br\\\/en\\\/delegacao-diplomacia-civil-world-urban-forum\\\/#breadcrumb\"},\"inLanguage\":\"en-US\",\"potentialAction\":[{\"@type\":\"ReadAction\",\"target\":[\"http:\\\/\\\/globalattitude.org.br\\\/en\\\/delegacao-diplomacia-civil-world-urban-forum\\\/\"]}]},{\"@type\":\"ImageObject\",\"inLanguage\":\"en-US\",\"@id\":\"http:\\\/\\\/globalattitude.org.br\\\/en\\\/delegacao-diplomacia-civil-world-urban-forum\\\/#primaryimage\",\"url\":\"http:\\\/\\\/globalattitude.org.br\\\/wp-content\\\/uploads\\\/2023\\\/03\\\/diplomacia-civil-post.png\",\"contentUrl\":\"http:\\\/\\\/globalattitude.org.br\\\/wp-content\\\/uploads\\\/2023\\\/03\\\/diplomacia-civil-post.png\",\"width\":801,\"height\":450},{\"@type\":\"BreadcrumbList\",\"@id\":\"http:\\\/\\\/globalattitude.org.br\\\/en\\\/delegacao-diplomacia-civil-world-urban-forum\\\/#breadcrumb\",\"itemListElement\":[{\"@type\":\"ListItem\",\"position\":1,\"name\":\"In\u00edcio\",\"item\":\"https:\\\/\\\/globalattitude.org.br\\\/en\\\/\"},{\"@type\":\"ListItem\",\"position\":2,\"name\":\"Conhe\u00e7a os selecionados para compor a delega\u00e7\u00e3o do Diplomacia Civil que embarca amanh\u00e3 para o World Urban Forum\"}]},{\"@type\":\"WebSite\",\"@id\":\"https:\\\/\\\/globalattitude.org.br\\\/en\\\/#website\",\"url\":\"https:\\\/\\\/globalattitude.org.br\\\/en\\\/\",\"name\":\"Instituto Global Attitude\",\"description\":\"\",\"publisher\":{\"@id\":\"https:\\\/\\\/globalattitude.org.br\\\/en\\\/#organization\"},\"potentialAction\":[{\"@type\":\"SearchAction\",\"target\":{\"@type\":\"EntryPoint\",\"urlTemplate\":\"https:\\\/\\\/globalattitude.org.br\\\/en\\\/?s={search_term_string}\"},\"query-input\":{\"@type\":\"PropertyValueSpecification\",\"valueRequired\":true,\"valueName\":\"search_term_string\"}}],\"inLanguage\":\"en-US\"},{\"@type\":\"Organization\",\"@id\":\"https:\\\/\\\/globalattitude.org.br\\\/en\\\/#organization\",\"name\":\"Instituto Global Attitude\",\"url\":\"https:\\\/\\\/globalattitude.org.br\\\/en\\\/\",\"logo\":{\"@type\":\"ImageObject\",\"inLanguage\":\"en-US\",\"@id\":\"https:\\\/\\\/globalattitude.org.br\\\/en\\\/#\\\/schema\\\/logo\\\/image\\\/\",\"url\":\"https:\\\/\\\/globalattitude.org.br\\\/wp-content\\\/uploads\\\/2023\\\/01\\\/instituto-global-attitude-color.png\",\"contentUrl\":\"https:\\\/\\\/globalattitude.org.br\\\/wp-content\\\/uploads\\\/2023\\\/01\\\/instituto-global-attitude-color.png\",\"width\":300,\"height\":131,\"caption\":\"Instituto Global Attitude\"},\"image\":{\"@id\":\"https:\\\/\\\/globalattitude.org.br\\\/en\\\/#\\\/schema\\\/logo\\\/image\\\/\"},\"sameAs\":[\"https:\\\/\\\/www.facebook.com\\\/global.attitude.org\\\/\",\"https:\\\/\\\/x.com\\\/global_attitude\",\"https:\\\/\\\/www.instagram.com\\\/globalattitude\",\"https:\\\/\\\/www.linkedin.com\\\/company\\\/global-attitude\\\/?viewAsMember=true\"]},{\"@type\":\"Person\",\"@id\":\"https:\\\/\\\/globalattitude.org.br\\\/en\\\/#\\\/schema\\\/person\\\/6d308f9d9d1eebad0278ad9386f13169\",\"name\":\"123esite\",\"image\":{\"@type\":\"ImageObject\",\"inLanguage\":\"en-US\",\"@id\":\"https:\\\/\\\/secure.gravatar.com\\\/avatar\\\/07bd71fac19f42004f2b73567f012e126689afdb23cb0017536dea9113ba1806?s=96&d=mm&r=g\",\"url\":\"https:\\\/\\\/secure.gravatar.com\\\/avatar\\\/07bd71fac19f42004f2b73567f012e126689afdb23cb0017536dea9113ba1806?s=96&d=mm&r=g\",\"contentUrl\":\"https:\\\/\\\/secure.gravatar.com\\\/avatar\\\/07bd71fac19f42004f2b73567f012e126689afdb23cb0017536dea9113ba1806?s=96&d=mm&r=g\",\"caption\":\"123esite\"},\"sameAs\":[\"http:\\\/\\\/globalattitude.org.br\"],\"url\":\"http:\\\/\\\/globalattitude.org.br\\\/en\\\/author\\\/123esite\\\/\"}]}<\/script>\n<!-- \/ Yoast SEO plugin. -->","yoast_head_json":{"title":"Delega\u00e7\u00e3o do Diplomacia Civil - Conhe\u00e7a os selecionados para o WUF","description":"Delega\u00e7\u00e3o do Diplomacia Civil - esses delegados passar\u00e3o pela indescrit\u00edvel experi\u00eancia de dividirem espa\u00e7o e discutirem com tomadores de ... Saiba Mais","robots":{"index":"index","follow":"follow","max-snippet":"max-snippet:-1","max-image-preview":"max-image-preview:large","max-video-preview":"max-video-preview:-1"},"canonical":"http:\/\/globalattitude.org.br\/en\/delegacao-diplomacia-civil-world-urban-forum\/","og_locale":"en_US","og_type":"article","og_title":"Delega\u00e7\u00e3o do Diplomacia Civil - Conhe\u00e7a os selecionados para o WUF","og_description":"Delega\u00e7\u00e3o do Diplomacia Civil - esses delegados passar\u00e3o pela indescrit\u00edvel experi\u00eancia de dividirem espa\u00e7o e discutirem com tomadores de ... Saiba Mais","og_url":"http:\/\/globalattitude.org.br\/en\/delegacao-diplomacia-civil-world-urban-forum\/","og_site_name":"Instituto Global Attitude","article_publisher":"https:\/\/www.facebook.com\/global.attitude.org\/","article_published_time":"2020-02-05T21:31:29+00:00","article_modified_time":"2023-05-03T17:23:31+00:00","og_image":[{"width":801,"height":450,"url":"http:\/\/globalattitude.org.br\/wp-content\/uploads\/2023\/03\/diplomacia-civil-post.png","type":"image\/png"}],"author":"123esite","twitter_card":"summary_large_image","twitter_creator":"@global_attitude","twitter_site":"@global_attitude","twitter_misc":{"Written by":"123esite","Est. reading time":"4 minutes"},"schema":{"@context":"https:\/\/schema.org","@graph":[{"@type":["Article","BlogPosting"],"@id":"http:\/\/globalattitude.org.br\/en\/delegacao-diplomacia-civil-world-urban-forum\/#article","isPartOf":{"@id":"http:\/\/globalattitude.org.br\/en\/delegacao-diplomacia-civil-world-urban-forum\/"},"author":{"name":"123esite","@id":"https:\/\/globalattitude.org.br\/en\/#\/schema\/person\/6d308f9d9d1eebad0278ad9386f13169"},"headline":"Conhe\u00e7a os selecionados para compor a delega\u00e7\u00e3o do Diplomacia Civil que embarca amanh\u00e3 para o World Urban Forum","datePublished":"2020-02-05T21:31:29+00:00","dateModified":"2023-05-03T17:23:31+00:00","mainEntityOfPage":{"@id":"http:\/\/globalattitude.org.br\/en\/delegacao-diplomacia-civil-world-urban-forum\/"},"wordCount":736,"commentCount":0,"publisher":{"@id":"https:\/\/globalattitude.org.br\/en\/#organization"},"image":{"@id":"http:\/\/globalattitude.org.br\/en\/delegacao-diplomacia-civil-world-urban-forum\/#primaryimage"},"thumbnailUrl":"http:\/\/globalattitude.org.br\/wp-content\/uploads\/2023\/03\/diplomacia-civil-post.png","keywords":["abudhabi","arquitetura","cidades","comunidades","Diplomacia Civil","Global Attitude","Instituto Global Attitude","Programa Diplomacia Civil","rela\u00e7\u00f5es internacionais","sustentabilidade","UN Habitat","World Urban Forum"],"articleSection":["Programas","\u00daltimas"],"inLanguage":"en-US","potentialAction":[{"@type":"CommentAction","name":"Comment","target":["http:\/\/globalattitude.org.br\/en\/delegacao-diplomacia-civil-world-urban-forum\/#respond"]}]},{"@type":"WebPage","@id":"http:\/\/globalattitude.org.br\/en\/delegacao-diplomacia-civil-world-urban-forum\/","url":"http:\/\/globalattitude.org.br\/en\/delegacao-diplomacia-civil-world-urban-forum\/","name":"Delega\u00e7\u00e3o do Diplomacia Civil - Conhe\u00e7a os selecionados para o WUF","isPartOf":{"@id":"https:\/\/globalattitude.org.br\/en\/#website"},"primaryImageOfPage":{"@id":"http:\/\/globalattitude.org.br\/en\/delegacao-diplomacia-civil-world-urban-forum\/#primaryimage"},"image":{"@id":"http:\/\/globalattitude.org.br\/en\/delegacao-diplomacia-civil-world-urban-forum\/#primaryimage"},"thumbnailUrl":"http:\/\/globalattitude.org.br\/wp-content\/uploads\/2023\/03\/diplomacia-civil-post.png","datePublished":"2020-02-05T21:31:29+00:00","dateModified":"2023-05-03T17:23:31+00:00","description":"Delega\u00e7\u00e3o do Diplomacia Civil - esses delegados passar\u00e3o pela indescrit\u00edvel experi\u00eancia de dividirem espa\u00e7o e discutirem com tomadores de ... Saiba Mais","breadcrumb":{"@id":"http:\/\/globalattitude.org.br\/en\/delegacao-diplomacia-civil-world-urban-forum\/#breadcrumb"},"inLanguage":"en-US","potentialAction":[{"@type":"ReadAction","target":["http:\/\/globalattitude.org.br\/en\/delegacao-diplomacia-civil-world-urban-forum\/"]}]},{"@type":"ImageObject","inLanguage":"en-US","@id":"http:\/\/globalattitude.org.br\/en\/delegacao-diplomacia-civil-world-urban-forum\/#primaryimage","url":"http:\/\/globalattitude.org.br\/wp-content\/uploads\/2023\/03\/diplomacia-civil-post.png","contentUrl":"http:\/\/globalattitude.org.br\/wp-content\/uploads\/2023\/03\/diplomacia-civil-post.png","width":801,"height":450},{"@type":"BreadcrumbList","@id":"http:\/\/globalattitude.org.br\/en\/delegacao-diplomacia-civil-world-urban-forum\/#breadcrumb","itemListElement":[{"@type":"ListItem","position":1,"name":"In\u00edcio","item":"https:\/\/globalattitude.org.br\/en\/"},{"@type":"ListItem","position":2,"name":"Conhe\u00e7a os selecionados para compor a delega\u00e7\u00e3o do Diplomacia Civil que embarca amanh\u00e3 para o World Urban Forum"}]},{"@type":"WebSite","@id":"https:\/\/globalattitude.org.br\/en\/#website","url":"https:\/\/globalattitude.org.br\/en\/","name":"Instituto Global Attitude","description":"","publisher":{"@id":"https:\/\/globalattitude.org.br\/en\/#organization"},"potentialAction":[{"@type":"SearchAction","target":{"@type":"EntryPoint","urlTemplate":"https:\/\/globalattitude.org.br\/en\/?s={search_term_string}"},"query-input":{"@type":"PropertyValueSpecification","valueRequired":true,"valueName":"search_term_string"}}],"inLanguage":"en-US"},{"@type":"Organization","@id":"https:\/\/globalattitude.org.br\/en\/#organization","name":"Instituto Global Attitude","url":"https:\/\/globalattitude.org.br\/en\/","logo":{"@type":"ImageObject","inLanguage":"en-US","@id":"https:\/\/globalattitude.org.br\/en\/#\/schema\/logo\/image\/","url":"https:\/\/globalattitude.org.br\/wp-content\/uploads\/2023\/01\/instituto-global-attitude-color.png","contentUrl":"https:\/\/globalattitude.org.br\/wp-content\/uploads\/2023\/01\/instituto-global-attitude-color.png","width":300,"height":131,"caption":"Instituto Global Attitude"},"image":{"@id":"https:\/\/globalattitude.org.br\/en\/#\/schema\/logo\/image\/"},"sameAs":["https:\/\/www.facebook.com\/global.attitude.org\/","https:\/\/x.com\/global_attitude","https:\/\/www.instagram.com\/globalattitude","https:\/\/www.linkedin.com\/company\/global-attitude\/?viewAsMember=true"]},{"@type":"Person","@id":"https:\/\/globalattitude.org.br\/en\/#\/schema\/person\/6d308f9d9d1eebad0278ad9386f13169","name":"123esite","image":{"@type":"ImageObject","inLanguage":"en-US","@id":"https:\/\/secure.gravatar.com\/avatar\/07bd71fac19f42004f2b73567f012e126689afdb23cb0017536dea9113ba1806?s=96&d=mm&r=g","url":"https:\/\/secure.gravatar.com\/avatar\/07bd71fac19f42004f2b73567f012e126689afdb23cb0017536dea9113ba1806?s=96&d=mm&r=g","contentUrl":"https:\/\/secure.gravatar.com\/avatar\/07bd71fac19f42004f2b73567f012e126689afdb23cb0017536dea9113ba1806?s=96&d=mm&r=g","caption":"123esite"},"sameAs":["http:\/\/globalattitude.org.br"],"url":"http:\/\/globalattitude.org.br\/en\/author\/123esite\/"}]}},"_links":{"self":[{"href":"http:\/\/globalattitude.org.br\/en\/wp-json\/wp\/v2\/posts\/3092","targetHints":{"allow":["GET"]}}],"collection":[{"href":"http:\/\/globalattitude.org.br\/en\/wp-json\/wp\/v2\/posts"}],"about":[{"href":"http:\/\/globalattitude.org.br\/en\/wp-json\/wp\/v2\/types\/post"}],"author":[{"embeddable":true,"href":"http:\/\/globalattitude.org.br\/en\/wp-json\/wp\/v2\/users\/1"}],"replies":[{"embeddable":true,"href":"http:\/\/globalattitude.org.br\/en\/wp-json\/wp\/v2\/comments?post=3092"}],"version-history":[{"count":3,"href":"http:\/\/globalattitude.org.br\/en\/wp-json\/wp\/v2\/posts\/3092\/revisions"}],"predecessor-version":[{"id":3819,"href":"http:\/\/globalattitude.org.br\/en\/wp-json\/wp\/v2\/posts\/3092\/revisions\/3819"}],"wp:featuredmedia":[{"embeddable":true,"href":"http:\/\/globalattitude.org.br\/en\/wp-json\/wp\/v2\/media\/3093"}],"wp:attachment":[{"href":"http:\/\/globalattitude.org.br\/en\/wp-json\/wp\/v2\/media?parent=3092"}],"wp:term":[{"taxonomy":"category","embeddable":true,"href":"http:\/\/globalattitude.org.br\/en\/wp-json\/wp\/v2\/categories?post=3092"},{"taxonomy":"post_tag","embeddable":true,"href":"http:\/\/globalattitude.org.br\/en\/wp-json\/wp\/v2\/tags?post=3092"}],"curies":[{"name":"wp","href":"https:\/\/api.w.org\/{rel}","templated":true}]}}