{"id":3390,"date":"2021-06-25T18:02:21","date_gmt":"2021-06-25T21:02:21","guid":{"rendered":"https:\/\/globalattitude.org.br\/comercio-internacional-e-sustentabilidade-uma-analise-sobre-o-filme-o-menino-que-descobriu-o-vento\/"},"modified":"2023-08-08T15:18:57","modified_gmt":"2023-08-08T18:18:57","slug":"comercio-internacional-e-sustentabilidade-uma-analise-sobre-o-filme-o-menino-que-descobriu-o-vento","status":"publish","type":"post","link":"http:\/\/globalattitude.org.br\/en\/comercio-internacional-e-sustentabilidade-uma-analise-sobre-o-filme-o-menino-que-descobriu-o-vento\/","title":{"rendered":"Com\u00e9rcio Internacional e Sustentabilidade, uma an\u00e1lise sobre o filme: \u201cO Menino que Descobriu o Vento\u201d"},"content":{"rendered":"<p>Se voc\u00ea j\u00e1 assistiu ou ouviu falar sobre o filme \u201cO Menino que Descobriu o Vento&#8221;, provavelmente se deparou com o contexto de vis\u00e3o ampla do mundo que nos leva a uma reflex\u00e3o em rela\u00e7\u00e3o \u00e0s quest\u00f5es sociais e econ\u00f4micas. O filme supramencionado, baseado em fatos reais, retrata a hist\u00f3ria de William Kamkwamba.<\/p>\n<p>Em 2001, em Malaui, no sudeste da \u00c1frica, uma fam\u00edlia de agricultores de gr\u00e3os tentam sobreviver \u00e0 mis\u00e9ria em meio a uma crise de recursos no pa\u00eds, provocada pelas mudan\u00e7as clim\u00e1ticas, conflitos globais e a corrup\u00e7\u00e3o pol\u00edtica.<\/p>\n<h2>O Filme Por Outro \u00c2ngulo<\/h2>\n<p>Sem poder frequentar as aulas, o protagonista William tenta ao menos acessar a biblioteca local para estudar e descobrir um jeito de ajudar seu pai com a colheita. E \u00e9 neste cen\u00e1rio improv\u00e1vel, consequente das limita\u00e7\u00f5es ao acesso ao conhecimento, que o garoto encontra um livro sobre energia e\u00f3lica. Assim, ele consegue encontrar uma solu\u00e7\u00e3o para tirar sua comunidade da fome e gerar energia para sua fam\u00edlia e vilarejo, assim como acontecia na Am\u00e9rica.<\/p>\n<p>Neste sentido, al\u00e9m das mensagens de supera\u00e7\u00e3o, \u00e9 poss\u00edvel entender um pouco mais sobre sustentabilidade e com\u00e9rcio internacional. A Sustentabilidade corresponde \u00e0 caracter\u00edstica ou condi\u00e7\u00e3o de um processo ou sistema que permite sua sustenta\u00e7\u00e3o ou conserva\u00e7\u00e3o. Ou seja, ela \u00e9 o desenvolvimento que n\u00e3o esgota os recursos naturais para futuras gera\u00e7\u00f5es, essas medidas sustent\u00e1veis contribuem com a preserva\u00e7\u00e3o do meio ambiente.<\/p>\n<blockquote><p><a href=\"https:\/\/globalattitude.org.br\/a-importancia-do-profissional-de-relacoes-internacionais\/\" target=\"_blank\" rel=\"noopener\"><em><strong>Leia tamb\u00e9m: A import\u00e2ncia do profissional de Rela\u00e7\u00f5es Internacionais<\/strong><\/em><\/a><\/p><\/blockquote>\n<p>No filme, ela acabou sendo observada atrav\u00e9s do grande feito do protagonista, onde ele utiliza a transforma\u00e7\u00e3o da energia do vento em energia \u00fatil, gerando assim uma energia limpa e renov\u00e1vel. Al\u00e9m do mais, construiu-se o moinho a partir da reciclagem de sucatas. Em s\u00edntese, uma outra pr\u00e1tica que contribui com o meio ambiente, onde o res\u00edduo pode ser reutilizado de forma consciente e gerar produtividade.<\/p>\n<p>Por fim, no que tange o com\u00e9rcio internacional, que corresponde aos processos operacionais entre pa\u00edses que est\u00e3o em pleno desenvolvimento e promovem grande influ\u00eancia em suas economias, o que William fez foi desenvolver uma tecnologia naturalmente associada \u00e0 globaliza\u00e7\u00e3o. Por isso, o filme elucida solu\u00e7\u00f5es encontradas por William, onde \u201co menino que descobriu o vento\u201d em um contexto de globaliza\u00e7\u00e3o ele consegue utilizar uma tecnologia para gerar a energia e\u00f3lica, com responsabilidade social e sustent\u00e1vel.<\/p>\n<h3>Fontes:<\/h3>\n<ul>\n<li><a href=\"https:\/\/www.fazcomex.com.br\/blog\/comercio-internacional-o-que-e\/\" target=\"_blank\" rel=\"noopener\"><strong>Fazcomex, 2021. Com\u00e9rcio Internacional: O que \u00e9?<\/strong><\/a><\/li>\n<li><strong><a href=\"https:\/\/sustentabilidade.sescsp.org.br\/conceito-de-sustentabilidade\" target=\"_blank\" rel=\"noopener\">Sesc Sorocaba. Conceito de Sustentabilidade.<\/a><\/strong><\/li>\n<\/ul>\n","protected":false},"excerpt":{"rendered":"<p>Se voc\u00ea j\u00e1 assistiu ou ouviu falar sobre o filme \u201cO Menino que Descobriu o Vento&#8221;, provavelmente se deparou com o contexto de vis\u00e3o ampla do mundo que nos leva a uma reflex\u00e3o em rela\u00e7\u00e3o \u00e0s quest\u00f5es sociais e econ\u00f4micas. O filme supramencionado, baseado em fatos reais, retrata a hist\u00f3ria de William Kamkwamba. Em 2001, [&hellip;]<\/p>\n","protected":false},"author":1,"featured_media":3391,"comment_status":"open","ping_status":"open","sticky":false,"template":"","format":"standard","meta":{"_acf_changed":false,"om_disable_all_campaigns":false,"_monsterinsights_skip_tracking":false,"_monsterinsights_sitenote_active":false,"_monsterinsights_sitenote_note":"","_monsterinsights_sitenote_category":0,"_uf_show_specific_survey":0,"_uf_disable_surveys":false,"footnotes":""},"categories":[211,35],"tags":[382,381,66],"class_list":["post-3390","post","type-post","status-publish","format-standard","hentry","category-nota","category-opiniao","tag-comercio-internacional","tag-filme","tag-sustentabilidade"],"acf":[],"aioseo_notices":[],"yoast_head":"<!-- This site is optimized with the Yoast SEO plugin v27.5 - https:\/\/yoast.com\/product\/yoast-seo-wordpress\/ -->\n<title>Uma an\u00e1lise sobre o filme: &quot;O Menino que Descobriu o Vento&quot;<\/title>\n<meta name=\"description\" content=\"O filme cativa todos os espectadores com a jornada inspiradora de um jovem em busca do conhecimento para salvar sua comunidade da fome.\" \/>\n<meta name=\"robots\" content=\"index, follow, max-snippet:-1, max-image-preview:large, max-video-preview:-1\" \/>\n<link rel=\"canonical\" href=\"https:\/\/globalattitude.org.br\/comercio-internacional-e-sustentabilidade-uma-analise-sobre-o-filme-o-menino-que-descobriu-o-vento\/\" \/>\n<meta property=\"og:locale\" content=\"en_US\" \/>\n<meta property=\"og:type\" content=\"article\" \/>\n<meta property=\"og:title\" content=\"Uma an\u00e1lise sobre o filme: &quot;O Menino que Descobriu o Vento&quot;\" \/>\n<meta property=\"og:description\" content=\"O filme cativa todos os espectadores com a jornada inspiradora de um jovem em busca do conhecimento para salvar sua comunidade da fome.\" \/>\n<meta property=\"og:url\" content=\"https:\/\/globalattitude.org.br\/comercio-internacional-e-sustentabilidade-uma-analise-sobre-o-filme-o-menino-que-descobriu-o-vento\/\" \/>\n<meta property=\"og:site_name\" content=\"Instituto Global Attitude\" \/>\n<meta property=\"article:publisher\" content=\"https:\/\/www.facebook.com\/global.attitude.org\/\" \/>\n<meta property=\"article:published_time\" content=\"2021-06-25T21:02:21+00:00\" \/>\n<meta property=\"article:modified_time\" content=\"2023-08-08T18:18:57+00:00\" \/>\n<meta property=\"og:image\" content=\"https:\/\/globalattitude.org.br\/wp-content\/uploads\/2023\/03\/Capa-blog-3-1-1-1200x675.png\" \/>\n\t<meta property=\"og:image:width\" content=\"1920\" \/>\n\t<meta property=\"og:image:height\" content=\"1080\" \/>\n\t<meta property=\"og:image:type\" content=\"image\/png\" \/>\n<meta name=\"author\" content=\"123esite\" \/>\n<meta name=\"twitter:card\" content=\"summary_large_image\" \/>\n<meta name=\"twitter:creator\" content=\"@global_attitude\" \/>\n<meta name=\"twitter:site\" content=\"@global_attitude\" \/>\n<meta name=\"twitter:label1\" content=\"Written by\" \/>\n\t<meta name=\"twitter:data1\" content=\"123esite\" \/>\n\t<meta name=\"twitter:label2\" content=\"Est. reading time\" \/>\n\t<meta name=\"twitter:data2\" content=\"3 minutes\" \/>\n<script type=\"application\/ld+json\" class=\"yoast-schema-graph\">{\"@context\":\"https:\\\/\\\/schema.org\",\"@graph\":[{\"@type\":[\"Article\",\"BlogPosting\"],\"@id\":\"https:\\\/\\\/globalattitude.org.br\\\/comercio-internacional-e-sustentabilidade-uma-analise-sobre-o-filme-o-menino-que-descobriu-o-vento\\\/#article\",\"isPartOf\":{\"@id\":\"https:\\\/\\\/globalattitude.org.br\\\/comercio-internacional-e-sustentabilidade-uma-analise-sobre-o-filme-o-menino-que-descobriu-o-vento\\\/\"},\"author\":{\"name\":\"123esite\",\"@id\":\"https:\\\/\\\/globalattitude.org.br\\\/en\\\/#\\\/schema\\\/person\\\/6d308f9d9d1eebad0278ad9386f13169\"},\"headline\":\"Com\u00e9rcio Internacional e Sustentabilidade, uma an\u00e1lise sobre o filme: \u201cO Menino que Descobriu o Vento\u201d\",\"datePublished\":\"2021-06-25T21:02:21+00:00\",\"dateModified\":\"2023-08-08T18:18:57+00:00\",\"mainEntityOfPage\":{\"@id\":\"https:\\\/\\\/globalattitude.org.br\\\/comercio-internacional-e-sustentabilidade-uma-analise-sobre-o-filme-o-menino-que-descobriu-o-vento\\\/\"},\"wordCount\":454,\"commentCount\":0,\"publisher\":{\"@id\":\"https:\\\/\\\/globalattitude.org.br\\\/en\\\/#organization\"},\"image\":{\"@id\":\"https:\\\/\\\/globalattitude.org.br\\\/comercio-internacional-e-sustentabilidade-uma-analise-sobre-o-filme-o-menino-que-descobriu-o-vento\\\/#primaryimage\"},\"thumbnailUrl\":\"http:\\\/\\\/globalattitude.org.br\\\/wp-content\\\/uploads\\\/2023\\\/03\\\/Capa-blog-3-1-1-1200x675.png\",\"keywords\":[\"Com\u00e9rcio Internacional\",\"Filme\",\"sustentabilidade\"],\"articleSection\":[\"Nota\",\"Opini\u00e3o\"],\"inLanguage\":\"en-US\",\"potentialAction\":[{\"@type\":\"CommentAction\",\"name\":\"Comment\",\"target\":[\"https:\\\/\\\/globalattitude.org.br\\\/comercio-internacional-e-sustentabilidade-uma-analise-sobre-o-filme-o-menino-que-descobriu-o-vento\\\/#respond\"]}]},{\"@type\":\"WebPage\",\"@id\":\"https:\\\/\\\/globalattitude.org.br\\\/comercio-internacional-e-sustentabilidade-uma-analise-sobre-o-filme-o-menino-que-descobriu-o-vento\\\/\",\"url\":\"https:\\\/\\\/globalattitude.org.br\\\/comercio-internacional-e-sustentabilidade-uma-analise-sobre-o-filme-o-menino-que-descobriu-o-vento\\\/\",\"name\":\"Uma an\u00e1lise sobre o filme: \\\"O Menino que Descobriu o Vento\\\"\",\"isPartOf\":{\"@id\":\"https:\\\/\\\/globalattitude.org.br\\\/en\\\/#website\"},\"primaryImageOfPage\":{\"@id\":\"https:\\\/\\\/globalattitude.org.br\\\/comercio-internacional-e-sustentabilidade-uma-analise-sobre-o-filme-o-menino-que-descobriu-o-vento\\\/#primaryimage\"},\"image\":{\"@id\":\"https:\\\/\\\/globalattitude.org.br\\\/comercio-internacional-e-sustentabilidade-uma-analise-sobre-o-filme-o-menino-que-descobriu-o-vento\\\/#primaryimage\"},\"thumbnailUrl\":\"http:\\\/\\\/globalattitude.org.br\\\/wp-content\\\/uploads\\\/2023\\\/03\\\/Capa-blog-3-1-1-1200x675.png\",\"datePublished\":\"2021-06-25T21:02:21+00:00\",\"dateModified\":\"2023-08-08T18:18:57+00:00\",\"description\":\"O filme cativa todos os espectadores com a jornada inspiradora de um jovem em busca do conhecimento para salvar sua comunidade da fome.\",\"breadcrumb\":{\"@id\":\"https:\\\/\\\/globalattitude.org.br\\\/comercio-internacional-e-sustentabilidade-uma-analise-sobre-o-filme-o-menino-que-descobriu-o-vento\\\/#breadcrumb\"},\"inLanguage\":\"en-US\",\"potentialAction\":[{\"@type\":\"ReadAction\",\"target\":[\"https:\\\/\\\/globalattitude.org.br\\\/comercio-internacional-e-sustentabilidade-uma-analise-sobre-o-filme-o-menino-que-descobriu-o-vento\\\/\"]}]},{\"@type\":\"ImageObject\",\"inLanguage\":\"en-US\",\"@id\":\"https:\\\/\\\/globalattitude.org.br\\\/comercio-internacional-e-sustentabilidade-uma-analise-sobre-o-filme-o-menino-que-descobriu-o-vento\\\/#primaryimage\",\"url\":\"http:\\\/\\\/globalattitude.org.br\\\/wp-content\\\/uploads\\\/2023\\\/03\\\/Capa-blog-3-1-1-1200x675.png\",\"contentUrl\":\"http:\\\/\\\/globalattitude.org.br\\\/wp-content\\\/uploads\\\/2023\\\/03\\\/Capa-blog-3-1-1-1200x675.png\",\"width\":1920,\"height\":1080},{\"@type\":\"BreadcrumbList\",\"@id\":\"https:\\\/\\\/globalattitude.org.br\\\/comercio-internacional-e-sustentabilidade-uma-analise-sobre-o-filme-o-menino-que-descobriu-o-vento\\\/#breadcrumb\",\"itemListElement\":[{\"@type\":\"ListItem\",\"position\":1,\"name\":\"In\u00edcio\",\"item\":\"https:\\\/\\\/globalattitude.org.br\\\/en\\\/\"},{\"@type\":\"ListItem\",\"position\":2,\"name\":\"Com\u00e9rcio Internacional e Sustentabilidade, uma an\u00e1lise sobre o filme: \u201cO Menino que Descobriu o Vento\u201d\"}]},{\"@type\":\"WebSite\",\"@id\":\"https:\\\/\\\/globalattitude.org.br\\\/en\\\/#website\",\"url\":\"https:\\\/\\\/globalattitude.org.br\\\/en\\\/\",\"name\":\"Instituto Global Attitude\",\"description\":\"\",\"publisher\":{\"@id\":\"https:\\\/\\\/globalattitude.org.br\\\/en\\\/#organization\"},\"potentialAction\":[{\"@type\":\"SearchAction\",\"target\":{\"@type\":\"EntryPoint\",\"urlTemplate\":\"https:\\\/\\\/globalattitude.org.br\\\/en\\\/?s={search_term_string}\"},\"query-input\":{\"@type\":\"PropertyValueSpecification\",\"valueRequired\":true,\"valueName\":\"search_term_string\"}}],\"inLanguage\":\"en-US\"},{\"@type\":\"Organization\",\"@id\":\"https:\\\/\\\/globalattitude.org.br\\\/en\\\/#organization\",\"name\":\"Instituto Global Attitude\",\"url\":\"https:\\\/\\\/globalattitude.org.br\\\/en\\\/\",\"logo\":{\"@type\":\"ImageObject\",\"inLanguage\":\"en-US\",\"@id\":\"https:\\\/\\\/globalattitude.org.br\\\/en\\\/#\\\/schema\\\/logo\\\/image\\\/\",\"url\":\"https:\\\/\\\/globalattitude.org.br\\\/wp-content\\\/uploads\\\/2023\\\/01\\\/instituto-global-attitude-color.png\",\"contentUrl\":\"https:\\\/\\\/globalattitude.org.br\\\/wp-content\\\/uploads\\\/2023\\\/01\\\/instituto-global-attitude-color.png\",\"width\":300,\"height\":131,\"caption\":\"Instituto Global Attitude\"},\"image\":{\"@id\":\"https:\\\/\\\/globalattitude.org.br\\\/en\\\/#\\\/schema\\\/logo\\\/image\\\/\"},\"sameAs\":[\"https:\\\/\\\/www.facebook.com\\\/global.attitude.org\\\/\",\"https:\\\/\\\/x.com\\\/global_attitude\",\"https:\\\/\\\/www.instagram.com\\\/globalattitude\",\"https:\\\/\\\/www.linkedin.com\\\/company\\\/global-attitude\\\/?viewAsMember=true\"]},{\"@type\":\"Person\",\"@id\":\"https:\\\/\\\/globalattitude.org.br\\\/en\\\/#\\\/schema\\\/person\\\/6d308f9d9d1eebad0278ad9386f13169\",\"name\":\"123esite\",\"image\":{\"@type\":\"ImageObject\",\"inLanguage\":\"en-US\",\"@id\":\"https:\\\/\\\/secure.gravatar.com\\\/avatar\\\/07bd71fac19f42004f2b73567f012e126689afdb23cb0017536dea9113ba1806?s=96&d=mm&r=g\",\"url\":\"https:\\\/\\\/secure.gravatar.com\\\/avatar\\\/07bd71fac19f42004f2b73567f012e126689afdb23cb0017536dea9113ba1806?s=96&d=mm&r=g\",\"contentUrl\":\"https:\\\/\\\/secure.gravatar.com\\\/avatar\\\/07bd71fac19f42004f2b73567f012e126689afdb23cb0017536dea9113ba1806?s=96&d=mm&r=g\",\"caption\":\"123esite\"},\"sameAs\":[\"http:\\\/\\\/globalattitude.org.br\"],\"url\":\"http:\\\/\\\/globalattitude.org.br\\\/en\\\/author\\\/123esite\\\/\"}]}<\/script>\n<!-- \/ Yoast SEO plugin. -->","yoast_head_json":{"title":"Uma an\u00e1lise sobre o filme: \"O Menino que Descobriu o Vento\"","description":"O filme cativa todos os espectadores com a jornada inspiradora de um jovem em busca do conhecimento para salvar sua comunidade da fome.","robots":{"index":"index","follow":"follow","max-snippet":"max-snippet:-1","max-image-preview":"max-image-preview:large","max-video-preview":"max-video-preview:-1"},"canonical":"https:\/\/globalattitude.org.br\/comercio-internacional-e-sustentabilidade-uma-analise-sobre-o-filme-o-menino-que-descobriu-o-vento\/","og_locale":"en_US","og_type":"article","og_title":"Uma an\u00e1lise sobre o filme: \"O Menino que Descobriu o Vento\"","og_description":"O filme cativa todos os espectadores com a jornada inspiradora de um jovem em busca do conhecimento para salvar sua comunidade da fome.","og_url":"https:\/\/globalattitude.org.br\/comercio-internacional-e-sustentabilidade-uma-analise-sobre-o-filme-o-menino-que-descobriu-o-vento\/","og_site_name":"Instituto Global Attitude","article_publisher":"https:\/\/www.facebook.com\/global.attitude.org\/","article_published_time":"2021-06-25T21:02:21+00:00","article_modified_time":"2023-08-08T18:18:57+00:00","og_image":[{"width":1920,"height":1080,"url":"https:\/\/globalattitude.org.br\/wp-content\/uploads\/2023\/03\/Capa-blog-3-1-1-1200x675.png","type":"image\/png"}],"author":"123esite","twitter_card":"summary_large_image","twitter_creator":"@global_attitude","twitter_site":"@global_attitude","twitter_misc":{"Written by":"123esite","Est. reading time":"3 minutes"},"schema":{"@context":"https:\/\/schema.org","@graph":[{"@type":["Article","BlogPosting"],"@id":"https:\/\/globalattitude.org.br\/comercio-internacional-e-sustentabilidade-uma-analise-sobre-o-filme-o-menino-que-descobriu-o-vento\/#article","isPartOf":{"@id":"https:\/\/globalattitude.org.br\/comercio-internacional-e-sustentabilidade-uma-analise-sobre-o-filme-o-menino-que-descobriu-o-vento\/"},"author":{"name":"123esite","@id":"https:\/\/globalattitude.org.br\/en\/#\/schema\/person\/6d308f9d9d1eebad0278ad9386f13169"},"headline":"Com\u00e9rcio Internacional e Sustentabilidade, uma an\u00e1lise sobre o filme: \u201cO Menino que Descobriu o Vento\u201d","datePublished":"2021-06-25T21:02:21+00:00","dateModified":"2023-08-08T18:18:57+00:00","mainEntityOfPage":{"@id":"https:\/\/globalattitude.org.br\/comercio-internacional-e-sustentabilidade-uma-analise-sobre-o-filme-o-menino-que-descobriu-o-vento\/"},"wordCount":454,"commentCount":0,"publisher":{"@id":"https:\/\/globalattitude.org.br\/en\/#organization"},"image":{"@id":"https:\/\/globalattitude.org.br\/comercio-internacional-e-sustentabilidade-uma-analise-sobre-o-filme-o-menino-que-descobriu-o-vento\/#primaryimage"},"thumbnailUrl":"http:\/\/globalattitude.org.br\/wp-content\/uploads\/2023\/03\/Capa-blog-3-1-1-1200x675.png","keywords":["Com\u00e9rcio Internacional","Filme","sustentabilidade"],"articleSection":["Nota","Opini\u00e3o"],"inLanguage":"en-US","potentialAction":[{"@type":"CommentAction","name":"Comment","target":["https:\/\/globalattitude.org.br\/comercio-internacional-e-sustentabilidade-uma-analise-sobre-o-filme-o-menino-que-descobriu-o-vento\/#respond"]}]},{"@type":"WebPage","@id":"https:\/\/globalattitude.org.br\/comercio-internacional-e-sustentabilidade-uma-analise-sobre-o-filme-o-menino-que-descobriu-o-vento\/","url":"https:\/\/globalattitude.org.br\/comercio-internacional-e-sustentabilidade-uma-analise-sobre-o-filme-o-menino-que-descobriu-o-vento\/","name":"Uma an\u00e1lise sobre o filme: \"O Menino que Descobriu o Vento\"","isPartOf":{"@id":"https:\/\/globalattitude.org.br\/en\/#website"},"primaryImageOfPage":{"@id":"https:\/\/globalattitude.org.br\/comercio-internacional-e-sustentabilidade-uma-analise-sobre-o-filme-o-menino-que-descobriu-o-vento\/#primaryimage"},"image":{"@id":"https:\/\/globalattitude.org.br\/comercio-internacional-e-sustentabilidade-uma-analise-sobre-o-filme-o-menino-que-descobriu-o-vento\/#primaryimage"},"thumbnailUrl":"http:\/\/globalattitude.org.br\/wp-content\/uploads\/2023\/03\/Capa-blog-3-1-1-1200x675.png","datePublished":"2021-06-25T21:02:21+00:00","dateModified":"2023-08-08T18:18:57+00:00","description":"O filme cativa todos os espectadores com a jornada inspiradora de um jovem em busca do conhecimento para salvar sua comunidade da fome.","breadcrumb":{"@id":"https:\/\/globalattitude.org.br\/comercio-internacional-e-sustentabilidade-uma-analise-sobre-o-filme-o-menino-que-descobriu-o-vento\/#breadcrumb"},"inLanguage":"en-US","potentialAction":[{"@type":"ReadAction","target":["https:\/\/globalattitude.org.br\/comercio-internacional-e-sustentabilidade-uma-analise-sobre-o-filme-o-menino-que-descobriu-o-vento\/"]}]},{"@type":"ImageObject","inLanguage":"en-US","@id":"https:\/\/globalattitude.org.br\/comercio-internacional-e-sustentabilidade-uma-analise-sobre-o-filme-o-menino-que-descobriu-o-vento\/#primaryimage","url":"http:\/\/globalattitude.org.br\/wp-content\/uploads\/2023\/03\/Capa-blog-3-1-1-1200x675.png","contentUrl":"http:\/\/globalattitude.org.br\/wp-content\/uploads\/2023\/03\/Capa-blog-3-1-1-1200x675.png","width":1920,"height":1080},{"@type":"BreadcrumbList","@id":"https:\/\/globalattitude.org.br\/comercio-internacional-e-sustentabilidade-uma-analise-sobre-o-filme-o-menino-que-descobriu-o-vento\/#breadcrumb","itemListElement":[{"@type":"ListItem","position":1,"name":"In\u00edcio","item":"https:\/\/globalattitude.org.br\/en\/"},{"@type":"ListItem","position":2,"name":"Com\u00e9rcio Internacional e Sustentabilidade, uma an\u00e1lise sobre o filme: \u201cO Menino que Descobriu o Vento\u201d"}]},{"@type":"WebSite","@id":"https:\/\/globalattitude.org.br\/en\/#website","url":"https:\/\/globalattitude.org.br\/en\/","name":"Instituto Global Attitude","description":"","publisher":{"@id":"https:\/\/globalattitude.org.br\/en\/#organization"},"potentialAction":[{"@type":"SearchAction","target":{"@type":"EntryPoint","urlTemplate":"https:\/\/globalattitude.org.br\/en\/?s={search_term_string}"},"query-input":{"@type":"PropertyValueSpecification","valueRequired":true,"valueName":"search_term_string"}}],"inLanguage":"en-US"},{"@type":"Organization","@id":"https:\/\/globalattitude.org.br\/en\/#organization","name":"Instituto Global Attitude","url":"https:\/\/globalattitude.org.br\/en\/","logo":{"@type":"ImageObject","inLanguage":"en-US","@id":"https:\/\/globalattitude.org.br\/en\/#\/schema\/logo\/image\/","url":"https:\/\/globalattitude.org.br\/wp-content\/uploads\/2023\/01\/instituto-global-attitude-color.png","contentUrl":"https:\/\/globalattitude.org.br\/wp-content\/uploads\/2023\/01\/instituto-global-attitude-color.png","width":300,"height":131,"caption":"Instituto Global Attitude"},"image":{"@id":"https:\/\/globalattitude.org.br\/en\/#\/schema\/logo\/image\/"},"sameAs":["https:\/\/www.facebook.com\/global.attitude.org\/","https:\/\/x.com\/global_attitude","https:\/\/www.instagram.com\/globalattitude","https:\/\/www.linkedin.com\/company\/global-attitude\/?viewAsMember=true"]},{"@type":"Person","@id":"https:\/\/globalattitude.org.br\/en\/#\/schema\/person\/6d308f9d9d1eebad0278ad9386f13169","name":"123esite","image":{"@type":"ImageObject","inLanguage":"en-US","@id":"https:\/\/secure.gravatar.com\/avatar\/07bd71fac19f42004f2b73567f012e126689afdb23cb0017536dea9113ba1806?s=96&d=mm&r=g","url":"https:\/\/secure.gravatar.com\/avatar\/07bd71fac19f42004f2b73567f012e126689afdb23cb0017536dea9113ba1806?s=96&d=mm&r=g","contentUrl":"https:\/\/secure.gravatar.com\/avatar\/07bd71fac19f42004f2b73567f012e126689afdb23cb0017536dea9113ba1806?s=96&d=mm&r=g","caption":"123esite"},"sameAs":["http:\/\/globalattitude.org.br"],"url":"http:\/\/globalattitude.org.br\/en\/author\/123esite\/"}]}},"_links":{"self":[{"href":"http:\/\/globalattitude.org.br\/en\/wp-json\/wp\/v2\/posts\/3390","targetHints":{"allow":["GET"]}}],"collection":[{"href":"http:\/\/globalattitude.org.br\/en\/wp-json\/wp\/v2\/posts"}],"about":[{"href":"http:\/\/globalattitude.org.br\/en\/wp-json\/wp\/v2\/types\/post"}],"author":[{"embeddable":true,"href":"http:\/\/globalattitude.org.br\/en\/wp-json\/wp\/v2\/users\/1"}],"replies":[{"embeddable":true,"href":"http:\/\/globalattitude.org.br\/en\/wp-json\/wp\/v2\/comments?post=3390"}],"version-history":[{"count":6,"href":"http:\/\/globalattitude.org.br\/en\/wp-json\/wp\/v2\/posts\/3390\/revisions"}],"predecessor-version":[{"id":7256,"href":"http:\/\/globalattitude.org.br\/en\/wp-json\/wp\/v2\/posts\/3390\/revisions\/7256"}],"wp:featuredmedia":[{"embeddable":true,"href":"http:\/\/globalattitude.org.br\/en\/wp-json\/wp\/v2\/media\/3391"}],"wp:attachment":[{"href":"http:\/\/globalattitude.org.br\/en\/wp-json\/wp\/v2\/media?parent=3390"}],"wp:term":[{"taxonomy":"category","embeddable":true,"href":"http:\/\/globalattitude.org.br\/en\/wp-json\/wp\/v2\/categories?post=3390"},{"taxonomy":"post_tag","embeddable":true,"href":"http:\/\/globalattitude.org.br\/en\/wp-json\/wp\/v2\/tags?post=3390"}],"curies":[{"name":"wp","href":"https:\/\/api.w.org\/{rel}","templated":true}]}}