{"id":3413,"date":"2021-09-27T14:23:47","date_gmt":"2021-09-27T17:23:47","guid":{"rendered":"https:\/\/globalattitude.org.br\/criseclimatica\/"},"modified":"2023-08-02T15:20:50","modified_gmt":"2023-08-02T18:20:50","slug":"desafios-da-juventude-brasileira-no-enfrentamento-a-crise-climatica","status":"publish","type":"post","link":"http:\/\/globalattitude.org.br\/en\/desafios-da-juventude-brasileira-no-enfrentamento-a-crise-climatica\/","title":{"rendered":"Desafios da juventude brasileira no enfrentamento \u00e0 crise clim\u00e1tica"},"content":{"rendered":"<p>Um dos principais desafios da juventude brasileira \u00e9 liderar a luta contra a crise clim\u00e1tica, buscando solu\u00e7\u00f5es sustent\u00e1veis, pressionando por pol\u00edticas ambientais mais efetivas e promovendo a conscientiza\u00e7\u00e3o. Ali\u00e1s, seu ativismo e engajamento s\u00e3o fundamentais para proteger o meio ambiente e garantir um futuro mais saud\u00e1vel e resiliente para as pr\u00f3ximas gera\u00e7\u00f5es.<\/p>\n<h2>Desafios da juventude<\/h2>\n<ul>\n<li>Conscientiza\u00e7\u00e3o: A falta de conscientiza\u00e7\u00e3o sobre a gravidade da crise clim\u00e1tica entre a juventude pode dificultar a mobiliza\u00e7\u00e3o e o engajamento em a\u00e7\u00f5es de combate ao problema;<\/li>\n<li>Educa\u00e7\u00e3o ambiental: A necessidade de aprimorar o ensino sobre quest\u00f5es ambientais nas escolas para capacitar os jovens a compreenderem e enfrentarem os desafios clim\u00e1ticos;<\/li>\n<li>Participa\u00e7\u00e3o pol\u00edtica: A dificuldade de inser\u00e7\u00e3o da juventude brasileira nos espa\u00e7os de decis\u00e3o pol\u00edtica, o que limita sua capacidade de influenciar pol\u00edticas ambientais efetivas;<\/li>\n<li>Desigualdade social: A crise clim\u00e1tica afeta de forma desproporcional comunidades carentes, tornando essencial considerar a inclus\u00e3o social e a equidade nas estrat\u00e9gias de enfrentamento;<\/li>\n<li>Press\u00e3o econ\u00f4mica: A depend\u00eancia do pa\u00eds em setores econ\u00f4micos intensivos em carbono dificulta a transi\u00e7\u00e3o para uma economia verde. Desse modo, ela exige mudan\u00e7as profundas em pol\u00edticas e pr\u00e1ticas;<\/li>\n<li>Negacionismo e interesses divergentes: Enfrentar a resist\u00eancia de grupos negacionistas e interesses econ\u00f4micos que se op\u00f5em a medidas ambientais pode criar obst\u00e1culos significativos;<\/li>\n<li>Preserva\u00e7\u00e3o da Amaz\u00f4nia: A prote\u00e7\u00e3o do maior bioma brasileiro \u00e9 crucial, mas enfrenta desafios como o desmatamento ilegal e a expans\u00e3o agropecu\u00e1ria;<\/li>\n<li>Adapta\u00e7\u00e3o \u00e0s mudan\u00e7as clim\u00e1ticas: A juventude ter\u00e1 que enfrentar os impactos j\u00e1 inevit\u00e1veis das mudan\u00e7as clim\u00e1ticas e desenvolver estrat\u00e9gias de adapta\u00e7\u00e3o;<\/li>\n<li>Coopera\u00e7\u00e3o internacional: A crise clim\u00e1tica \u00e9 um problema global que requer coopera\u00e7\u00e3o internacional. Entretanto, isso pode ser dif\u00edcil de alcan\u00e7ar em meio a interesses divergentes entre na\u00e7\u00f5es;<\/li>\n<li>Resist\u00eancia a mudan\u00e7as de h\u00e1bitos: A mudan\u00e7a de comportamento individual \u00e9 essencial, mas muitos jovens podem enfrentar resist\u00eancia em abandonar padr\u00f5es de consumo insustent\u00e1veis.<\/li>\n<\/ul>\n<h2>Sociedade Civil<\/h2>\n<p>O envolvimento da sociedade civil em processos pol\u00edticos e em reivindica\u00e7\u00f5es a respeito de pautas ambientalistas, como no <a href=\"https:\/\/fridaysforfuture.org\/\" target=\"_blank\" rel=\"noopener\"><em><strong>#FridaysForFuture,<\/strong><\/em><\/a> que em 2018 mobilizou jovens ao redor do mundo inteiro em prol das mudan\u00e7as clim\u00e1ticas, \u00e9 de suma import\u00e2ncia para transforma\u00e7\u00f5es efetivas em nosso modo de vida. Contudo, para a realidade brasileira, isso n\u00e3o \u00e9 o suficiente.<\/p>\n<p>\u00c9 importante lembrar que a juventude, em qualquer lugar do mundo, mas especialmente no Brasil, \u00e9 o produto de uma constru\u00e7\u00e3o social muito diversa que precisa levar em conta in\u00fameros contextos relacionados a g\u00eanero, etnia, cultura e classe social. E para integrar todas essas \u201cjuventudes\u201d a discuss\u00f5es sobre o enfrentamento da crise clim\u00e1tica, em primeiro lugar, \u00e9 necess\u00e1rio uma educa\u00e7\u00e3o ambiental adequada e democr\u00e1tica. Pois, o amplo acesso a informa\u00e7\u00f5es, fomento \u00e0 pesquisa e reconhecimento da import\u00e2ncia dos movimentos ind\u00edgenas \u00e9 imprescind\u00edvel para que os jovens brasileiros se engajem efetivamente em pautas clim\u00e1ticas e ambientais em geral.<\/p>\n<p>O Brasil possui uma grande relev\u00e2ncia perante a manuten\u00e7\u00e3o da crise clim\u00e1tica. A biodiversidade brasileira, e em especial a Amaz\u00f4nia, considerada o pulm\u00e3o do mundo, \u00e9 um agente decisivo na transforma\u00e7\u00e3o da realidade ambiental. Este fato compete \u00e0 juventude do Brasil um desafio ainda maior, posto que possu\u00edmos a responsabilidade de manter a nossa \u201ccasa\u201d. Ponto que afeta principalmente a juventude ind\u00edgena, os principais e diretamente afetados pela crise clim\u00e1tica. E tamb\u00e9m de corresponder \u00e0s expectativas globais de sermos os atores da mudan\u00e7a.<\/p>\n<h2>Pol\u00edticas p\u00fablicas<\/h2>\n<p>A car\u00eancia de <a href=\"https:\/\/globalattitude.org.br\/consulta-publica-mudancas-climaticas\/\" target=\"_blank\" rel=\"noopener\"><strong>pol\u00edticas p\u00fablicas<\/strong><\/a> consistentes e cont\u00ednuas sobre mudan\u00e7as clim\u00e1ticas no Brasil n\u00e3o apenas impossibilita um debate socioambiental abrangente nos setores corporativos, agr\u00edcolas, etc., como tamb\u00e9m enfraquece o envolvimento do jovem brasileiro e atrasa a constru\u00e7\u00e3o de um espa\u00e7o formal para atua\u00e7\u00e3o de jovens que, na maioria das vezes, existem como um conselho consultivo, nunca de forma deliberativa e vinculante, como foi muito bem colocado pela Paloma Costa, coordenadora do grupo de trabalho sobre o clima na <strong><a href=\"https:\/\/engajamundo.org\/pt\/\" target=\"_blank\" rel=\"noopener\">Engajamundo,<\/a><\/strong> no Encontro de C\u00fapula da Juventude para o Clima, em 2019. Assim, como ficam os desafios da juventude?<\/p>\n<p>Durante boa parte da hist\u00f3ria, jovens foram respons\u00e1veis pela idealiza\u00e7\u00e3o de um futuro sem terem condi\u00e7\u00f5es de intercederem na constru\u00e7\u00e3o do presente. Por isso, a ocupa\u00e7\u00e3o da juventude em espa\u00e7os estrat\u00e9gicos e sua atua\u00e7\u00e3o em debates, planejamentos, execu\u00e7\u00f5es e avalia\u00e7\u00f5es de pol\u00edticas em governos e organiza\u00e7\u00f5es que lideram a agenda clim\u00e1tica, \u00e9 essencial para o fortalecimento da posi\u00e7\u00e3o da juventude na constru\u00e7\u00e3o de um mundo mais sustent\u00e1vel.<\/p>\n","protected":false},"excerpt":{"rendered":"<p>Um dos principais desafios da juventude brasileira \u00e9 liderar a luta contra a crise clim\u00e1tica, buscando solu\u00e7\u00f5es sustent\u00e1veis, pressionando por pol\u00edticas ambientais mais efetivas e promovendo a conscientiza\u00e7\u00e3o. Ali\u00e1s, seu ativismo e engajamento s\u00e3o fundamentais para proteger o meio ambiente e garantir um futuro mais saud\u00e1vel e resiliente para as pr\u00f3ximas gera\u00e7\u00f5es. Desafios da juventude [&hellip;]<\/p>\n","protected":false},"author":1,"featured_media":3414,"comment_status":"open","ping_status":"open","sticky":false,"template":"","format":"standard","meta":{"_acf_changed":false,"om_disable_all_campaigns":false,"_monsterinsights_skip_tracking":false,"_monsterinsights_sitenote_active":false,"_monsterinsights_sitenote_note":"","_monsterinsights_sitenote_category":0,"_uf_show_specific_survey":0,"_uf_disable_surveys":false,"footnotes":""},"categories":[35],"tags":[374,10,66],"class_list":["post-3413","post","type-post","status-publish","format-standard","hentry","category-opiniao","tag-crise-climatica","tag-juventude","tag-sustentabilidade"],"acf":[],"aioseo_notices":[],"yoast_head":"<!-- This site is optimized with the Yoast SEO plugin v27.5 - https:\/\/yoast.com\/product\/yoast-seo-wordpress\/ -->\n<title>Desafios da juventude brasileira no enfrentamento \u00e0 crise clim\u00e1tica<\/title>\n<meta name=\"description\" content=\"Liderar a luta contra a crise clim\u00e1tica, pressionando pol\u00edticas e promovendo solu\u00e7\u00f5es sustent\u00e1veis s\u00e3o desafios da juventude.\" \/>\n<meta name=\"robots\" content=\"index, follow, max-snippet:-1, max-image-preview:large, max-video-preview:-1\" \/>\n<link rel=\"canonical\" href=\"http:\/\/globalattitude.org.br\/en\/desafios-da-juventude-brasileira-no-enfrentamento-a-crise-climatica\/\" \/>\n<meta property=\"og:locale\" content=\"en_US\" \/>\n<meta property=\"og:type\" content=\"article\" \/>\n<meta property=\"og:title\" content=\"Desafios da juventude brasileira no enfrentamento \u00e0 crise clim\u00e1tica\" \/>\n<meta property=\"og:description\" content=\"Liderar a luta contra a crise clim\u00e1tica, pressionando pol\u00edticas e promovendo solu\u00e7\u00f5es sustent\u00e1veis s\u00e3o desafios da juventude.\" \/>\n<meta property=\"og:url\" content=\"http:\/\/globalattitude.org.br\/en\/desafios-da-juventude-brasileira-no-enfrentamento-a-crise-climatica\/\" \/>\n<meta property=\"og:site_name\" content=\"Instituto Global Attitude\" \/>\n<meta property=\"article:publisher\" content=\"https:\/\/www.facebook.com\/global.attitude.org\/\" \/>\n<meta property=\"article:published_time\" content=\"2021-09-27T17:23:47+00:00\" \/>\n<meta property=\"article:modified_time\" content=\"2023-08-02T18:20:50+00:00\" \/>\n<meta property=\"og:image\" content=\"http:\/\/globalattitude.org.br\/wp-content\/uploads\/2023\/03\/Capa-blog-8-1-1200x675.png\" \/>\n\t<meta property=\"og:image:width\" content=\"1920\" \/>\n\t<meta property=\"og:image:height\" content=\"1080\" \/>\n\t<meta property=\"og:image:type\" content=\"image\/png\" \/>\n<meta name=\"author\" content=\"123esite\" \/>\n<meta name=\"twitter:card\" content=\"summary_large_image\" \/>\n<meta name=\"twitter:creator\" content=\"@global_attitude\" \/>\n<meta name=\"twitter:site\" content=\"@global_attitude\" \/>\n<meta name=\"twitter:label1\" content=\"Written by\" \/>\n\t<meta name=\"twitter:data1\" content=\"123esite\" \/>\n\t<meta name=\"twitter:label2\" content=\"Est. reading time\" \/>\n\t<meta name=\"twitter:data2\" content=\"4 minutes\" \/>\n<script type=\"application\/ld+json\" class=\"yoast-schema-graph\">{\"@context\":\"https:\\\/\\\/schema.org\",\"@graph\":[{\"@type\":[\"Article\",\"BlogPosting\"],\"@id\":\"http:\\\/\\\/globalattitude.org.br\\\/en\\\/desafios-da-juventude-brasileira-no-enfrentamento-a-crise-climatica\\\/#article\",\"isPartOf\":{\"@id\":\"http:\\\/\\\/globalattitude.org.br\\\/en\\\/desafios-da-juventude-brasileira-no-enfrentamento-a-crise-climatica\\\/\"},\"author\":{\"name\":\"123esite\",\"@id\":\"http:\\\/\\\/globalattitude.org.br\\\/#\\\/schema\\\/person\\\/6d308f9d9d1eebad0278ad9386f13169\"},\"headline\":\"Desafios da juventude brasileira no enfrentamento \u00e0 crise clim\u00e1tica\",\"datePublished\":\"2021-09-27T17:23:47+00:00\",\"dateModified\":\"2023-08-02T18:20:50+00:00\",\"mainEntityOfPage\":{\"@id\":\"http:\\\/\\\/globalattitude.org.br\\\/en\\\/desafios-da-juventude-brasileira-no-enfrentamento-a-crise-climatica\\\/\"},\"wordCount\":827,\"commentCount\":0,\"publisher\":{\"@id\":\"http:\\\/\\\/globalattitude.org.br\\\/#organization\"},\"image\":{\"@id\":\"http:\\\/\\\/globalattitude.org.br\\\/en\\\/desafios-da-juventude-brasileira-no-enfrentamento-a-crise-climatica\\\/#primaryimage\"},\"thumbnailUrl\":\"http:\\\/\\\/globalattitude.org.br\\\/wp-content\\\/uploads\\\/2023\\\/03\\\/Capa-blog-8-1-1200x675.png\",\"keywords\":[\"Crise clim\u00e1tica\",\"juventude\",\"sustentabilidade\"],\"articleSection\":[\"Opini\u00e3o\"],\"inLanguage\":\"en-US\",\"potentialAction\":[{\"@type\":\"CommentAction\",\"name\":\"Comment\",\"target\":[\"http:\\\/\\\/globalattitude.org.br\\\/en\\\/desafios-da-juventude-brasileira-no-enfrentamento-a-crise-climatica\\\/#respond\"]}]},{\"@type\":\"WebPage\",\"@id\":\"http:\\\/\\\/globalattitude.org.br\\\/en\\\/desafios-da-juventude-brasileira-no-enfrentamento-a-crise-climatica\\\/\",\"url\":\"http:\\\/\\\/globalattitude.org.br\\\/en\\\/desafios-da-juventude-brasileira-no-enfrentamento-a-crise-climatica\\\/\",\"name\":\"Desafios da juventude brasileira no enfrentamento \u00e0 crise clim\u00e1tica\",\"isPartOf\":{\"@id\":\"http:\\\/\\\/globalattitude.org.br\\\/#website\"},\"primaryImageOfPage\":{\"@id\":\"http:\\\/\\\/globalattitude.org.br\\\/en\\\/desafios-da-juventude-brasileira-no-enfrentamento-a-crise-climatica\\\/#primaryimage\"},\"image\":{\"@id\":\"http:\\\/\\\/globalattitude.org.br\\\/en\\\/desafios-da-juventude-brasileira-no-enfrentamento-a-crise-climatica\\\/#primaryimage\"},\"thumbnailUrl\":\"http:\\\/\\\/globalattitude.org.br\\\/wp-content\\\/uploads\\\/2023\\\/03\\\/Capa-blog-8-1-1200x675.png\",\"datePublished\":\"2021-09-27T17:23:47+00:00\",\"dateModified\":\"2023-08-02T18:20:50+00:00\",\"description\":\"Liderar a luta contra a crise clim\u00e1tica, pressionando pol\u00edticas e promovendo solu\u00e7\u00f5es sustent\u00e1veis s\u00e3o desafios da juventude.\",\"breadcrumb\":{\"@id\":\"http:\\\/\\\/globalattitude.org.br\\\/en\\\/desafios-da-juventude-brasileira-no-enfrentamento-a-crise-climatica\\\/#breadcrumb\"},\"inLanguage\":\"en-US\",\"potentialAction\":[{\"@type\":\"ReadAction\",\"target\":[\"http:\\\/\\\/globalattitude.org.br\\\/en\\\/desafios-da-juventude-brasileira-no-enfrentamento-a-crise-climatica\\\/\"]}]},{\"@type\":\"ImageObject\",\"inLanguage\":\"en-US\",\"@id\":\"http:\\\/\\\/globalattitude.org.br\\\/en\\\/desafios-da-juventude-brasileira-no-enfrentamento-a-crise-climatica\\\/#primaryimage\",\"url\":\"http:\\\/\\\/globalattitude.org.br\\\/wp-content\\\/uploads\\\/2023\\\/03\\\/Capa-blog-8-1-1200x675.png\",\"contentUrl\":\"http:\\\/\\\/globalattitude.org.br\\\/wp-content\\\/uploads\\\/2023\\\/03\\\/Capa-blog-8-1-1200x675.png\",\"width\":1920,\"height\":1080},{\"@type\":\"BreadcrumbList\",\"@id\":\"http:\\\/\\\/globalattitude.org.br\\\/en\\\/desafios-da-juventude-brasileira-no-enfrentamento-a-crise-climatica\\\/#breadcrumb\",\"itemListElement\":[{\"@type\":\"ListItem\",\"position\":1,\"name\":\"In\u00edcio\",\"item\":\"https:\\\/\\\/globalattitude.org.br\\\/en\\\/\"},{\"@type\":\"ListItem\",\"position\":2,\"name\":\"Desafios da juventude brasileira no enfrentamento \u00e0 crise clim\u00e1tica\"}]},{\"@type\":\"WebSite\",\"@id\":\"http:\\\/\\\/globalattitude.org.br\\\/#website\",\"url\":\"http:\\\/\\\/globalattitude.org.br\\\/\",\"name\":\"Instituto Global Attitude\",\"description\":\"\",\"publisher\":{\"@id\":\"http:\\\/\\\/globalattitude.org.br\\\/#organization\"},\"potentialAction\":[{\"@type\":\"SearchAction\",\"target\":{\"@type\":\"EntryPoint\",\"urlTemplate\":\"http:\\\/\\\/globalattitude.org.br\\\/?s={search_term_string}\"},\"query-input\":{\"@type\":\"PropertyValueSpecification\",\"valueRequired\":true,\"valueName\":\"search_term_string\"}}],\"inLanguage\":\"en-US\"},{\"@type\":\"Organization\",\"@id\":\"http:\\\/\\\/globalattitude.org.br\\\/#organization\",\"name\":\"Instituto Global Attitude\",\"url\":\"http:\\\/\\\/globalattitude.org.br\\\/\",\"logo\":{\"@type\":\"ImageObject\",\"inLanguage\":\"en-US\",\"@id\":\"http:\\\/\\\/globalattitude.org.br\\\/#\\\/schema\\\/logo\\\/image\\\/\",\"url\":\"https:\\\/\\\/globalattitude.org.br\\\/wp-content\\\/uploads\\\/2023\\\/01\\\/instituto-global-attitude-color.png\",\"contentUrl\":\"https:\\\/\\\/globalattitude.org.br\\\/wp-content\\\/uploads\\\/2023\\\/01\\\/instituto-global-attitude-color.png\",\"width\":300,\"height\":131,\"caption\":\"Instituto Global Attitude\"},\"image\":{\"@id\":\"http:\\\/\\\/globalattitude.org.br\\\/#\\\/schema\\\/logo\\\/image\\\/\"},\"sameAs\":[\"https:\\\/\\\/www.facebook.com\\\/global.attitude.org\\\/\",\"https:\\\/\\\/x.com\\\/global_attitude\",\"https:\\\/\\\/www.instagram.com\\\/globalattitude\",\"https:\\\/\\\/www.linkedin.com\\\/company\\\/global-attitude\\\/?viewAsMember=true\"]},{\"@type\":\"Person\",\"@id\":\"http:\\\/\\\/globalattitude.org.br\\\/#\\\/schema\\\/person\\\/6d308f9d9d1eebad0278ad9386f13169\",\"name\":\"123esite\",\"image\":{\"@type\":\"ImageObject\",\"inLanguage\":\"en-US\",\"@id\":\"https:\\\/\\\/secure.gravatar.com\\\/avatar\\\/07bd71fac19f42004f2b73567f012e126689afdb23cb0017536dea9113ba1806?s=96&d=mm&r=g\",\"url\":\"https:\\\/\\\/secure.gravatar.com\\\/avatar\\\/07bd71fac19f42004f2b73567f012e126689afdb23cb0017536dea9113ba1806?s=96&d=mm&r=g\",\"contentUrl\":\"https:\\\/\\\/secure.gravatar.com\\\/avatar\\\/07bd71fac19f42004f2b73567f012e126689afdb23cb0017536dea9113ba1806?s=96&d=mm&r=g\",\"caption\":\"123esite\"},\"sameAs\":[\"http:\\\/\\\/globalattitude.org.br\"],\"url\":\"http:\\\/\\\/globalattitude.org.br\\\/en\\\/author\\\/123esite\\\/\"}]}<\/script>\n<!-- \/ Yoast SEO plugin. -->","yoast_head_json":{"title":"Desafios da juventude brasileira no enfrentamento \u00e0 crise clim\u00e1tica","description":"Liderar a luta contra a crise clim\u00e1tica, pressionando pol\u00edticas e promovendo solu\u00e7\u00f5es sustent\u00e1veis s\u00e3o desafios da juventude.","robots":{"index":"index","follow":"follow","max-snippet":"max-snippet:-1","max-image-preview":"max-image-preview:large","max-video-preview":"max-video-preview:-1"},"canonical":"http:\/\/globalattitude.org.br\/en\/desafios-da-juventude-brasileira-no-enfrentamento-a-crise-climatica\/","og_locale":"en_US","og_type":"article","og_title":"Desafios da juventude brasileira no enfrentamento \u00e0 crise clim\u00e1tica","og_description":"Liderar a luta contra a crise clim\u00e1tica, pressionando pol\u00edticas e promovendo solu\u00e7\u00f5es sustent\u00e1veis s\u00e3o desafios da juventude.","og_url":"http:\/\/globalattitude.org.br\/en\/desafios-da-juventude-brasileira-no-enfrentamento-a-crise-climatica\/","og_site_name":"Instituto Global Attitude","article_publisher":"https:\/\/www.facebook.com\/global.attitude.org\/","article_published_time":"2021-09-27T17:23:47+00:00","article_modified_time":"2023-08-02T18:20:50+00:00","og_image":[{"width":1920,"height":1080,"url":"http:\/\/globalattitude.org.br\/wp-content\/uploads\/2023\/03\/Capa-blog-8-1-1200x675.png","type":"image\/png"}],"author":"123esite","twitter_card":"summary_large_image","twitter_creator":"@global_attitude","twitter_site":"@global_attitude","twitter_misc":{"Written by":"123esite","Est. reading time":"4 minutes"},"schema":{"@context":"https:\/\/schema.org","@graph":[{"@type":["Article","BlogPosting"],"@id":"http:\/\/globalattitude.org.br\/en\/desafios-da-juventude-brasileira-no-enfrentamento-a-crise-climatica\/#article","isPartOf":{"@id":"http:\/\/globalattitude.org.br\/en\/desafios-da-juventude-brasileira-no-enfrentamento-a-crise-climatica\/"},"author":{"name":"123esite","@id":"http:\/\/globalattitude.org.br\/#\/schema\/person\/6d308f9d9d1eebad0278ad9386f13169"},"headline":"Desafios da juventude brasileira no enfrentamento \u00e0 crise clim\u00e1tica","datePublished":"2021-09-27T17:23:47+00:00","dateModified":"2023-08-02T18:20:50+00:00","mainEntityOfPage":{"@id":"http:\/\/globalattitude.org.br\/en\/desafios-da-juventude-brasileira-no-enfrentamento-a-crise-climatica\/"},"wordCount":827,"commentCount":0,"publisher":{"@id":"http:\/\/globalattitude.org.br\/#organization"},"image":{"@id":"http:\/\/globalattitude.org.br\/en\/desafios-da-juventude-brasileira-no-enfrentamento-a-crise-climatica\/#primaryimage"},"thumbnailUrl":"http:\/\/globalattitude.org.br\/wp-content\/uploads\/2023\/03\/Capa-blog-8-1-1200x675.png","keywords":["Crise clim\u00e1tica","juventude","sustentabilidade"],"articleSection":["Opini\u00e3o"],"inLanguage":"en-US","potentialAction":[{"@type":"CommentAction","name":"Comment","target":["http:\/\/globalattitude.org.br\/en\/desafios-da-juventude-brasileira-no-enfrentamento-a-crise-climatica\/#respond"]}]},{"@type":"WebPage","@id":"http:\/\/globalattitude.org.br\/en\/desafios-da-juventude-brasileira-no-enfrentamento-a-crise-climatica\/","url":"http:\/\/globalattitude.org.br\/en\/desafios-da-juventude-brasileira-no-enfrentamento-a-crise-climatica\/","name":"Desafios da juventude brasileira no enfrentamento \u00e0 crise clim\u00e1tica","isPartOf":{"@id":"http:\/\/globalattitude.org.br\/#website"},"primaryImageOfPage":{"@id":"http:\/\/globalattitude.org.br\/en\/desafios-da-juventude-brasileira-no-enfrentamento-a-crise-climatica\/#primaryimage"},"image":{"@id":"http:\/\/globalattitude.org.br\/en\/desafios-da-juventude-brasileira-no-enfrentamento-a-crise-climatica\/#primaryimage"},"thumbnailUrl":"http:\/\/globalattitude.org.br\/wp-content\/uploads\/2023\/03\/Capa-blog-8-1-1200x675.png","datePublished":"2021-09-27T17:23:47+00:00","dateModified":"2023-08-02T18:20:50+00:00","description":"Liderar a luta contra a crise clim\u00e1tica, pressionando pol\u00edticas e promovendo solu\u00e7\u00f5es sustent\u00e1veis s\u00e3o desafios da juventude.","breadcrumb":{"@id":"http:\/\/globalattitude.org.br\/en\/desafios-da-juventude-brasileira-no-enfrentamento-a-crise-climatica\/#breadcrumb"},"inLanguage":"en-US","potentialAction":[{"@type":"ReadAction","target":["http:\/\/globalattitude.org.br\/en\/desafios-da-juventude-brasileira-no-enfrentamento-a-crise-climatica\/"]}]},{"@type":"ImageObject","inLanguage":"en-US","@id":"http:\/\/globalattitude.org.br\/en\/desafios-da-juventude-brasileira-no-enfrentamento-a-crise-climatica\/#primaryimage","url":"http:\/\/globalattitude.org.br\/wp-content\/uploads\/2023\/03\/Capa-blog-8-1-1200x675.png","contentUrl":"http:\/\/globalattitude.org.br\/wp-content\/uploads\/2023\/03\/Capa-blog-8-1-1200x675.png","width":1920,"height":1080},{"@type":"BreadcrumbList","@id":"http:\/\/globalattitude.org.br\/en\/desafios-da-juventude-brasileira-no-enfrentamento-a-crise-climatica\/#breadcrumb","itemListElement":[{"@type":"ListItem","position":1,"name":"In\u00edcio","item":"https:\/\/globalattitude.org.br\/en\/"},{"@type":"ListItem","position":2,"name":"Desafios da juventude brasileira no enfrentamento \u00e0 crise clim\u00e1tica"}]},{"@type":"WebSite","@id":"http:\/\/globalattitude.org.br\/#website","url":"http:\/\/globalattitude.org.br\/","name":"Instituto Global Attitude","description":"","publisher":{"@id":"http:\/\/globalattitude.org.br\/#organization"},"potentialAction":[{"@type":"SearchAction","target":{"@type":"EntryPoint","urlTemplate":"http:\/\/globalattitude.org.br\/?s={search_term_string}"},"query-input":{"@type":"PropertyValueSpecification","valueRequired":true,"valueName":"search_term_string"}}],"inLanguage":"en-US"},{"@type":"Organization","@id":"http:\/\/globalattitude.org.br\/#organization","name":"Instituto Global Attitude","url":"http:\/\/globalattitude.org.br\/","logo":{"@type":"ImageObject","inLanguage":"en-US","@id":"http:\/\/globalattitude.org.br\/#\/schema\/logo\/image\/","url":"https:\/\/globalattitude.org.br\/wp-content\/uploads\/2023\/01\/instituto-global-attitude-color.png","contentUrl":"https:\/\/globalattitude.org.br\/wp-content\/uploads\/2023\/01\/instituto-global-attitude-color.png","width":300,"height":131,"caption":"Instituto Global Attitude"},"image":{"@id":"http:\/\/globalattitude.org.br\/#\/schema\/logo\/image\/"},"sameAs":["https:\/\/www.facebook.com\/global.attitude.org\/","https:\/\/x.com\/global_attitude","https:\/\/www.instagram.com\/globalattitude","https:\/\/www.linkedin.com\/company\/global-attitude\/?viewAsMember=true"]},{"@type":"Person","@id":"http:\/\/globalattitude.org.br\/#\/schema\/person\/6d308f9d9d1eebad0278ad9386f13169","name":"123esite","image":{"@type":"ImageObject","inLanguage":"en-US","@id":"https:\/\/secure.gravatar.com\/avatar\/07bd71fac19f42004f2b73567f012e126689afdb23cb0017536dea9113ba1806?s=96&d=mm&r=g","url":"https:\/\/secure.gravatar.com\/avatar\/07bd71fac19f42004f2b73567f012e126689afdb23cb0017536dea9113ba1806?s=96&d=mm&r=g","contentUrl":"https:\/\/secure.gravatar.com\/avatar\/07bd71fac19f42004f2b73567f012e126689afdb23cb0017536dea9113ba1806?s=96&d=mm&r=g","caption":"123esite"},"sameAs":["http:\/\/globalattitude.org.br"],"url":"http:\/\/globalattitude.org.br\/en\/author\/123esite\/"}]}},"_links":{"self":[{"href":"http:\/\/globalattitude.org.br\/en\/wp-json\/wp\/v2\/posts\/3413","targetHints":{"allow":["GET"]}}],"collection":[{"href":"http:\/\/globalattitude.org.br\/en\/wp-json\/wp\/v2\/posts"}],"about":[{"href":"http:\/\/globalattitude.org.br\/en\/wp-json\/wp\/v2\/types\/post"}],"author":[{"embeddable":true,"href":"http:\/\/globalattitude.org.br\/en\/wp-json\/wp\/v2\/users\/1"}],"replies":[{"embeddable":true,"href":"http:\/\/globalattitude.org.br\/en\/wp-json\/wp\/v2\/comments?post=3413"}],"version-history":[{"count":4,"href":"http:\/\/globalattitude.org.br\/en\/wp-json\/wp\/v2\/posts\/3413\/revisions"}],"predecessor-version":[{"id":7225,"href":"http:\/\/globalattitude.org.br\/en\/wp-json\/wp\/v2\/posts\/3413\/revisions\/7225"}],"wp:featuredmedia":[{"embeddable":true,"href":"http:\/\/globalattitude.org.br\/en\/wp-json\/wp\/v2\/media\/3414"}],"wp:attachment":[{"href":"http:\/\/globalattitude.org.br\/en\/wp-json\/wp\/v2\/media?parent=3413"}],"wp:term":[{"taxonomy":"category","embeddable":true,"href":"http:\/\/globalattitude.org.br\/en\/wp-json\/wp\/v2\/categories?post=3413"},{"taxonomy":"post_tag","embeddable":true,"href":"http:\/\/globalattitude.org.br\/en\/wp-json\/wp\/v2\/tags?post=3413"}],"curies":[{"name":"wp","href":"https:\/\/api.w.org\/{rel}","templated":true}]}}