{"id":599,"date":"2015-02-02T14:28:24","date_gmt":"2015-02-02T16:28:24","guid":{"rendered":"https:\/\/globalattitude.org.br\/estao-abertas-as-inscricoes-para-as-delegacoes-do-g20-banco-mundial-e-fmi\/"},"modified":"2026-06-10T14:21:43","modified_gmt":"2026-06-10T17:21:43","slug":"estao-abertas-as-inscricoes-para-as-delegacoes-do-g20-banco-mundial-e-fmi","status":"publish","type":"post","link":"http:\/\/globalattitude.org.br\/en\/estao-abertas-as-inscricoes-para-as-delegacoes-do-g20-banco-mundial-e-fmi\/","title":{"rendered":"Est\u00e3o abertas as inscri\u00e7\u00f5es para as delega\u00e7\u00f5es do G20, Banco Mundial e FMI"},"content":{"rendered":"<p>O programa Diplomacia Civil abre hoje as inscri\u00e7\u00f5es para jovens de 18 a 30 anos interessados em fazer parte das delega\u00e7\u00f5es brasileiras para\u00a0duas confer\u00eancias do <b>Banco Mundial e FMI<\/b> &#8211; Spring Meetings e Civil Society Policy Forum &#8211; e do <b>Y20, <\/b>evento para jovens do G20. \u00a0Os encontros ocorrem entre 14 e 19 de abril, em Washington D.C. (EUA), e 15 e 21 de agosto, em Istambul (Turquia), respectivamente. Corre, porque a nossa busca vai s\u00f3 at\u00e9 12 de fevereiro!<\/p>\n<p>Para se inscrever \u00e9 f\u00e1cil, basta acessar nossa aba de <a href=\"http:\/\/goo.gl\/QUQYM6\" target=\"_blank\" rel=\"noopener noreferrer\">inscri\u00e7\u00f5es<\/a>\u00a0e preencher o formul\u00e1rio. Se voc\u00ea for selecionado, ter\u00e1 a oportunidade de assistir a debates e reuni\u00f5es entre v\u00e1rios l\u00edderes mundiais e participar ativamente na elabora\u00e7\u00e3o de recomenda\u00e7\u00f5es sobre quest\u00f5es importantes da agenda internacional.<\/p>\n<p>O programa \u00e9 pago e inclui o credenciamento no evento, passagem a\u00e9rea de ida e volta, translado aeroporto-hotel, acomoda\u00e7\u00e3o em quarto duplo, seguro sa\u00fade, assist\u00eancia na emiss\u00e3o de visto, workshops de capacita\u00e7\u00e3o, supervis\u00e3o na reda\u00e7\u00e3o de artigo de pesquisa cart\u00e3o de visita personalizado e certificado de participa\u00e7\u00e3o. Para mais informa\u00e7\u00f5es, acesse a nossa p\u00e1gina de <a href=\"http:\/\/goo.gl\/r4wbHY\" target=\"_blank\" rel=\"noopener noreferrer\">perguntas frequentes<\/a>.<\/p>\n<p><b>Saiba mais sobre as confer\u00eancias<\/b><\/p>\n<p>O Spring Meetings \u00e9 o encontro anual que re\u00fane funcion\u00e1rios governamentais de todo o mundo, jornalistas, acad\u00eamicos e membros do setor privado para discutir a pol\u00edtica monet\u00e1ria mundial. Paralelamente, acontece o Civil Society Policy Forum, que promove discuss\u00f5es entre funcion\u00e1rios do BM\/FMI e membros da Sociedade Civil.<\/p>\n<p>O Y20 \u00e9 a plataforma oficial do <a href=\"https:\/\/g20.org\" target=\"_blank\" rel=\"noopener noreferrer\">G20<\/a> para jovens se envolverem em temas internacionais. Neste ano, a confer\u00eancia ser\u00e1 em Istambul (Turquia), e ter\u00e1 como base o t\u00f3pico central de discuss\u00e3o do G20 em 2015 &#8211; como garantir um crescimento inclusivo e robusto por meio da a\u00e7\u00e3o coletiva.<\/p>\n","protected":false},"excerpt":{"rendered":"<p>O programa Diplomacia Civil abre hoje as inscri\u00e7\u00f5es para jovens de 18 a 30 anos interessados em fazer parte das delega\u00e7\u00f5es brasileiras para\u00a0duas confer\u00eancias do Banco Mundial e FMI &#8211; Spring Meetings e Civil Society Policy Forum &#8211; e do Y20, evento para jovens do G20. \u00a0Os encontros ocorrem entre 14 e 19 de abril, [&hellip;]<\/p>\n","protected":false},"author":1,"featured_media":0,"comment_status":"open","ping_status":"open","sticky":false,"template":"","format":"standard","meta":{"_acf_changed":false,"om_disable_all_campaigns":false,"_monsterinsights_skip_tracking":false,"_uf_show_specific_survey":0,"_uf_disable_surveys":false,"footnotes":""},"categories":[22,34],"tags":[],"class_list":["post-599","post","type-post","status-publish","format-standard","hentry","category-programas","category-ultimas"],"acf":[],"aioseo_notices":[],"aioseo_head":"\n\t\t<!-- All in One SEO 5.0.1.1 - aioseo.com -->\n\t<meta name=\"description\" content=\"O programa Diplomacia Civil abre hoje as inscri\u00e7\u00f5es para jovens de 18 a 30 anos interessados em fazer parte das delega\u00e7\u00f5es brasileiras para duas confer\u00eancias do Banco Mundial e FMI - Spring Meetings e Civil Society Policy Forum - e do Y20, evento para jovens do G20. Os encontros ocorrem entre 14 e 19 de abril,\" \/>\n\t<meta name=\"robots\" content=\"max-image-preview:large\" \/>\n\t<meta name=\"author\" content=\"123esite\"\/>\n\t<link rel=\"canonical\" href=\"http:\/\/globalattitude.org.br\/en\/estao-abertas-as-inscricoes-para-as-delegacoes-do-g20-banco-mundial-e-fmi\/\" \/>\n\t<meta name=\"generator\" content=\"All in One SEO (AIOSEO) 5.0.1.1\" \/>\n\t\t<meta property=\"og:locale\" content=\"en_US\" \/>\n\t\t<meta property=\"og:site_name\" content=\"Instituto Global Attitude -\" \/>\n\t\t<meta property=\"og:type\" content=\"article\" \/>\n\t\t<meta property=\"og:title\" content=\"Est\u00e3o abertas as inscri\u00e7\u00f5es para as delega\u00e7\u00f5es do G20, Banco Mundial e FMI - Instituto Global Attitude\" \/>\n\t\t<meta property=\"og:description\" content=\"O programa Diplomacia Civil abre hoje as inscri\u00e7\u00f5es para jovens de 18 a 30 anos interessados em fazer parte das delega\u00e7\u00f5es brasileiras para duas confer\u00eancias do Banco Mundial e FMI - Spring Meetings e Civil Society Policy Forum - e do Y20, evento para jovens do G20. Os encontros ocorrem entre 14 e 19 de abril,\" \/>\n\t\t<meta property=\"og:url\" content=\"http:\/\/globalattitude.org.br\/en\/estao-abertas-as-inscricoes-para-as-delegacoes-do-g20-banco-mundial-e-fmi\/\" \/>\n\t\t<meta property=\"article:published_time\" content=\"2015-02-02T16:28:24+00:00\" \/>\n\t\t<meta property=\"article:modified_time\" content=\"2026-06-10T17:21:43+00:00\" \/>\n\t\t<meta name=\"twitter:card\" content=\"summary_large_image\" \/>\n\t\t<meta name=\"twitter:title\" content=\"Est\u00e3o abertas as inscri\u00e7\u00f5es para as delega\u00e7\u00f5es do G20, Banco Mundial e FMI - Instituto Global Attitude\" \/>\n\t\t<meta name=\"twitter:description\" content=\"O programa Diplomacia Civil abre hoje as inscri\u00e7\u00f5es para jovens de 18 a 30 anos interessados em fazer parte das delega\u00e7\u00f5es brasileiras para duas confer\u00eancias do Banco Mundial e FMI - Spring Meetings e Civil Society Policy Forum - e do Y20, evento para jovens do G20. Os encontros ocorrem entre 14 e 19 de abril,\" \/>\n\t\t<script type=\"application\/ld+json\" class=\"aioseo-schema\">\n\t\t\t{\"@context\":\"https:\\\/\\\/schema.org\",\"@graph\":[{\"@type\":\"BlogPosting\",\"@id\":\"http:\\\/\\\/globalattitude.org.br\\\/en\\\/estao-abertas-as-inscricoes-para-as-delegacoes-do-g20-banco-mundial-e-fmi\\\/#blogposting\",\"name\":\"Est\\u00e3o abertas as inscri\\u00e7\\u00f5es para as delega\\u00e7\\u00f5es do G20, Banco Mundial e FMI - Instituto Global Attitude\",\"headline\":\"Est\\u00e3o abertas as inscri\\u00e7\\u00f5es para as delega\\u00e7\\u00f5es do G20, Banco Mundial e FMI\",\"author\":{\"@id\":\"http:\\\/\\\/globalattitude.org.br\\\/en\\\/author\\\/123esite\\\/#author\"},\"publisher\":{\"@id\":\"http:\\\/\\\/globalattitude.org.br\\\/en\\\/#organization\"},\"datePublished\":\"2015-02-02T14:28:24-02:00\",\"dateModified\":\"2026-06-10T14:21:43-03:00\",\"inLanguage\":\"en-US\",\"mainEntityOfPage\":{\"@id\":\"http:\\\/\\\/globalattitude.org.br\\\/en\\\/estao-abertas-as-inscricoes-para-as-delegacoes-do-g20-banco-mundial-e-fmi\\\/#webpage\"},\"isPartOf\":{\"@id\":\"http:\\\/\\\/globalattitude.org.br\\\/en\\\/estao-abertas-as-inscricoes-para-as-delegacoes-do-g20-banco-mundial-e-fmi\\\/#webpage\"},\"articleSection\":\"Programas, \\u00daltimas, Opcional\"},{\"@type\":\"BreadcrumbList\",\"@id\":\"http:\\\/\\\/globalattitude.org.br\\\/en\\\/estao-abertas-as-inscricoes-para-as-delegacoes-do-g20-banco-mundial-e-fmi\\\/#breadcrumblist\",\"itemListElement\":[{\"@type\":\"ListItem\",\"@id\":\"http:\\\/\\\/globalattitude.org.br\\\/en\\\/#listItem\",\"position\":1,\"name\":\"Home\",\"item\":\"http:\\\/\\\/globalattitude.org.br\\\/en\\\/\",\"nextItem\":{\"@type\":\"ListItem\",\"@id\":\"http:\\\/\\\/globalattitude.org.br\\\/category\\\/programas\\\/#listItem\",\"name\":\"Programas\"}},{\"@type\":\"ListItem\",\"@id\":\"http:\\\/\\\/globalattitude.org.br\\\/category\\\/programas\\\/#listItem\",\"position\":2,\"name\":\"Programas\",\"item\":\"http:\\\/\\\/globalattitude.org.br\\\/category\\\/programas\\\/\",\"nextItem\":{\"@type\":\"ListItem\",\"@id\":\"http:\\\/\\\/globalattitude.org.br\\\/en\\\/estao-abertas-as-inscricoes-para-as-delegacoes-do-g20-banco-mundial-e-fmi\\\/#listItem\",\"name\":\"Est\\u00e3o abertas as inscri\\u00e7\\u00f5es para as delega\\u00e7\\u00f5es do G20, Banco Mundial e FMI\"},\"previousItem\":{\"@type\":\"ListItem\",\"@id\":\"http:\\\/\\\/globalattitude.org.br\\\/en\\\/#listItem\",\"name\":\"Home\"}},{\"@type\":\"ListItem\",\"@id\":\"http:\\\/\\\/globalattitude.org.br\\\/en\\\/estao-abertas-as-inscricoes-para-as-delegacoes-do-g20-banco-mundial-e-fmi\\\/#listItem\",\"position\":3,\"name\":\"Est\\u00e3o abertas as inscri\\u00e7\\u00f5es para as delega\\u00e7\\u00f5es do G20, Banco Mundial e FMI\",\"previousItem\":{\"@type\":\"ListItem\",\"@id\":\"http:\\\/\\\/globalattitude.org.br\\\/category\\\/programas\\\/#listItem\",\"name\":\"Programas\"}}]},{\"@type\":\"Organization\",\"@id\":\"http:\\\/\\\/globalattitude.org.br\\\/en\\\/#organization\",\"name\":\"Global Attitude\",\"url\":\"http:\\\/\\\/globalattitude.org.br\\\/en\\\/\"},{\"@type\":\"Person\",\"@id\":\"http:\\\/\\\/globalattitude.org.br\\\/en\\\/author\\\/123esite\\\/#author\",\"url\":\"http:\\\/\\\/globalattitude.org.br\\\/en\\\/author\\\/123esite\\\/\",\"name\":\"123esite\",\"image\":{\"@type\":\"ImageObject\",\"@id\":\"http:\\\/\\\/globalattitude.org.br\\\/en\\\/estao-abertas-as-inscricoes-para-as-delegacoes-do-g20-banco-mundial-e-fmi\\\/#authorImage\",\"url\":\"https:\\\/\\\/secure.gravatar.com\\\/avatar\\\/07bd71fac19f42004f2b73567f012e126689afdb23cb0017536dea9113ba1806?s=96&d=mm&r=g\",\"width\":96,\"height\":96,\"caption\":\"123esite\"}},{\"@type\":\"WebPage\",\"@id\":\"http:\\\/\\\/globalattitude.org.br\\\/en\\\/estao-abertas-as-inscricoes-para-as-delegacoes-do-g20-banco-mundial-e-fmi\\\/#webpage\",\"url\":\"http:\\\/\\\/globalattitude.org.br\\\/en\\\/estao-abertas-as-inscricoes-para-as-delegacoes-do-g20-banco-mundial-e-fmi\\\/\",\"name\":\"Est\\u00e3o abertas as inscri\\u00e7\\u00f5es para as delega\\u00e7\\u00f5es do G20, Banco Mundial e FMI - Instituto Global Attitude\",\"description\":\"O programa Diplomacia Civil abre hoje as inscri\\u00e7\\u00f5es para jovens de 18 a 30 anos interessados em fazer parte das delega\\u00e7\\u00f5es brasileiras para duas confer\\u00eancias do Banco Mundial e FMI - Spring Meetings e Civil Society Policy Forum - e do Y20, evento para jovens do G20. Os encontros ocorrem entre 14 e 19 de abril,\",\"inLanguage\":\"en-US\",\"isPartOf\":{\"@id\":\"http:\\\/\\\/globalattitude.org.br\\\/en\\\/#website\"},\"breadcrumb\":{\"@id\":\"http:\\\/\\\/globalattitude.org.br\\\/en\\\/estao-abertas-as-inscricoes-para-as-delegacoes-do-g20-banco-mundial-e-fmi\\\/#breadcrumblist\"},\"author\":{\"@id\":\"http:\\\/\\\/globalattitude.org.br\\\/en\\\/author\\\/123esite\\\/#author\"},\"creator\":{\"@id\":\"http:\\\/\\\/globalattitude.org.br\\\/en\\\/author\\\/123esite\\\/#author\"},\"datePublished\":\"2015-02-02T14:28:24-02:00\",\"dateModified\":\"2026-06-10T14:21:43-03:00\"},{\"@type\":\"WebSite\",\"@id\":\"http:\\\/\\\/globalattitude.org.br\\\/en\\\/#website\",\"url\":\"http:\\\/\\\/globalattitude.org.br\\\/en\\\/\",\"name\":\"Global Attitude\",\"inLanguage\":\"en-US\",\"publisher\":{\"@id\":\"http:\\\/\\\/globalattitude.org.br\\\/en\\\/#organization\"}}]}\n\t\t<\/script>\n\t\t<!-- All in One SEO -->\n\n","aioseo_head_json":{"title":"Est\u00e3o abertas as inscri\u00e7\u00f5es para as delega\u00e7\u00f5es do G20, Banco Mundial e FMI - Instituto Global Attitude","description":"O programa Diplomacia Civil abre hoje as inscri\u00e7\u00f5es para jovens de 18 a 30 anos interessados em fazer parte das delega\u00e7\u00f5es brasileiras para duas confer\u00eancias do Banco Mundial e FMI - Spring Meetings e Civil Society Policy Forum - e do Y20, evento para jovens do G20. Os encontros ocorrem entre 14 e 19 de abril,","canonical_url":"http:\/\/globalattitude.org.br\/en\/estao-abertas-as-inscricoes-para-as-delegacoes-do-g20-banco-mundial-e-fmi\/","robots":"max-image-preview:large","keywords":"","webmasterTools":{"miscellaneous":""},"schema":{"@context":"https:\/\/schema.org","@graph":[{"@type":"BlogPosting","@id":"http:\/\/globalattitude.org.br\/en\/estao-abertas-as-inscricoes-para-as-delegacoes-do-g20-banco-mundial-e-fmi\/#blogposting","name":"Est\u00e3o abertas as inscri\u00e7\u00f5es para as delega\u00e7\u00f5es do G20, Banco Mundial e FMI - Instituto Global Attitude","headline":"Est\u00e3o abertas as inscri\u00e7\u00f5es para as delega\u00e7\u00f5es do G20, Banco Mundial e FMI","author":{"@id":"http:\/\/globalattitude.org.br\/en\/author\/123esite\/#author"},"publisher":{"@id":"http:\/\/globalattitude.org.br\/en\/#organization"},"datePublished":"2015-02-02T14:28:24-02:00","dateModified":"2026-06-10T14:21:43-03:00","inLanguage":"en-US","mainEntityOfPage":{"@id":"http:\/\/globalattitude.org.br\/en\/estao-abertas-as-inscricoes-para-as-delegacoes-do-g20-banco-mundial-e-fmi\/#webpage"},"isPartOf":{"@id":"http:\/\/globalattitude.org.br\/en\/estao-abertas-as-inscricoes-para-as-delegacoes-do-g20-banco-mundial-e-fmi\/#webpage"},"articleSection":"Programas, \u00daltimas, Opcional"},{"@type":"BreadcrumbList","@id":"http:\/\/globalattitude.org.br\/en\/estao-abertas-as-inscricoes-para-as-delegacoes-do-g20-banco-mundial-e-fmi\/#breadcrumblist","itemListElement":[{"@type":"ListItem","@id":"http:\/\/globalattitude.org.br\/en\/#listItem","position":1,"name":"Home","item":"http:\/\/globalattitude.org.br\/en\/","nextItem":{"@type":"ListItem","@id":"http:\/\/globalattitude.org.br\/category\/programas\/#listItem","name":"Programas"}},{"@type":"ListItem","@id":"http:\/\/globalattitude.org.br\/category\/programas\/#listItem","position":2,"name":"Programas","item":"http:\/\/globalattitude.org.br\/category\/programas\/","nextItem":{"@type":"ListItem","@id":"http:\/\/globalattitude.org.br\/en\/estao-abertas-as-inscricoes-para-as-delegacoes-do-g20-banco-mundial-e-fmi\/#listItem","name":"Est\u00e3o abertas as inscri\u00e7\u00f5es para as delega\u00e7\u00f5es do G20, Banco Mundial e FMI"},"previousItem":{"@type":"ListItem","@id":"http:\/\/globalattitude.org.br\/en\/#listItem","name":"Home"}},{"@type":"ListItem","@id":"http:\/\/globalattitude.org.br\/en\/estao-abertas-as-inscricoes-para-as-delegacoes-do-g20-banco-mundial-e-fmi\/#listItem","position":3,"name":"Est\u00e3o abertas as inscri\u00e7\u00f5es para as delega\u00e7\u00f5es do G20, Banco Mundial e FMI","previousItem":{"@type":"ListItem","@id":"http:\/\/globalattitude.org.br\/category\/programas\/#listItem","name":"Programas"}}]},{"@type":"Organization","@id":"http:\/\/globalattitude.org.br\/en\/#organization","name":"Global Attitude","url":"http:\/\/globalattitude.org.br\/en\/"},{"@type":"Person","@id":"http:\/\/globalattitude.org.br\/en\/author\/123esite\/#author","url":"http:\/\/globalattitude.org.br\/en\/author\/123esite\/","name":"123esite","image":{"@type":"ImageObject","@id":"http:\/\/globalattitude.org.br\/en\/estao-abertas-as-inscricoes-para-as-delegacoes-do-g20-banco-mundial-e-fmi\/#authorImage","url":"https:\/\/secure.gravatar.com\/avatar\/07bd71fac19f42004f2b73567f012e126689afdb23cb0017536dea9113ba1806?s=96&d=mm&r=g","width":96,"height":96,"caption":"123esite"}},{"@type":"WebPage","@id":"http:\/\/globalattitude.org.br\/en\/estao-abertas-as-inscricoes-para-as-delegacoes-do-g20-banco-mundial-e-fmi\/#webpage","url":"http:\/\/globalattitude.org.br\/en\/estao-abertas-as-inscricoes-para-as-delegacoes-do-g20-banco-mundial-e-fmi\/","name":"Est\u00e3o abertas as inscri\u00e7\u00f5es para as delega\u00e7\u00f5es do G20, Banco Mundial e FMI - Instituto Global Attitude","description":"O programa Diplomacia Civil abre hoje as inscri\u00e7\u00f5es para jovens de 18 a 30 anos interessados em fazer parte das delega\u00e7\u00f5es brasileiras para duas confer\u00eancias do Banco Mundial e FMI - Spring Meetings e Civil Society Policy Forum - e do Y20, evento para jovens do G20. Os encontros ocorrem entre 14 e 19 de abril,","inLanguage":"en-US","isPartOf":{"@id":"http:\/\/globalattitude.org.br\/en\/#website"},"breadcrumb":{"@id":"http:\/\/globalattitude.org.br\/en\/estao-abertas-as-inscricoes-para-as-delegacoes-do-g20-banco-mundial-e-fmi\/#breadcrumblist"},"author":{"@id":"http:\/\/globalattitude.org.br\/en\/author\/123esite\/#author"},"creator":{"@id":"http:\/\/globalattitude.org.br\/en\/author\/123esite\/#author"},"datePublished":"2015-02-02T14:28:24-02:00","dateModified":"2026-06-10T14:21:43-03:00"},{"@type":"WebSite","@id":"http:\/\/globalattitude.org.br\/en\/#website","url":"http:\/\/globalattitude.org.br\/en\/","name":"Global Attitude","inLanguage":"en-US","publisher":{"@id":"http:\/\/globalattitude.org.br\/en\/#organization"}}]},"og:locale":"en_US","og:site_name":"Instituto Global Attitude -","og:type":"article","og:title":"Est\u00e3o abertas as inscri\u00e7\u00f5es para as delega\u00e7\u00f5es do G20, Banco Mundial e FMI - Instituto Global Attitude","og:description":"O programa Diplomacia Civil abre hoje as inscri\u00e7\u00f5es para jovens de 18 a 30 anos interessados em fazer parte das delega\u00e7\u00f5es brasileiras para duas confer\u00eancias do Banco Mundial e FMI - Spring Meetings e Civil Society Policy Forum - e do Y20, evento para jovens do G20. Os encontros ocorrem entre 14 e 19 de abril,","og:url":"http:\/\/globalattitude.org.br\/en\/estao-abertas-as-inscricoes-para-as-delegacoes-do-g20-banco-mundial-e-fmi\/","article:published_time":"2015-02-02T16:28:24+00:00","article:modified_time":"2026-06-10T17:21:43+00:00","twitter:card":"summary_large_image","twitter:title":"Est\u00e3o abertas as inscri\u00e7\u00f5es para as delega\u00e7\u00f5es do G20, Banco Mundial e FMI - Instituto Global Attitude","twitter:description":"O programa Diplomacia Civil abre hoje as inscri\u00e7\u00f5es para jovens de 18 a 30 anos interessados em fazer parte das delega\u00e7\u00f5es brasileiras para duas confer\u00eancias do Banco Mundial e FMI - Spring Meetings e Civil Society Policy Forum - e do Y20, evento para jovens do G20. Os encontros ocorrem entre 14 e 19 de abril,"},"aioseo_meta_data":{"post_id":"599","title":null,"description":null,"keywords":null,"keyphrases":{"focus":{"keyphrase":"","score":0,"analysis":{"keyphraseInTitle":{"score":0,"maxScore":9,"error":1}}},"additional":[]},"primary_term":null,"canonical_url":null,"og_title":null,"og_description":null,"og_object_type":"default","og_image_type":"default","og_image_url":null,"og_image_width":null,"og_image_height":null,"og_image_custom_url":null,"og_image_custom_fields":null,"og_video":"","og_custom_url":null,"og_article_section":null,"og_article_tags":null,"twitter_use_og":false,"twitter_card":"default","twitter_image_type":"default","twitter_image_url":null,"twitter_image_custom_url":null,"twitter_image_custom_fields":null,"twitter_title":null,"twitter_description":null,"schema":{"blockGraphs":[],"customGraphs":[],"default":{"data":{"Article":[],"Course":[],"Dataset":[],"FAQPage":[],"Movie":[],"Person":[],"Product":[],"ProductReview":[],"Car":[],"Recipe":[],"Service":[],"SoftwareApplication":[],"WebPage":[]},"graphName":"BlogPosting","isEnabled":true},"graphs":[]},"schema_type":"default","schema_type_options":null,"pillar_content":false,"robots_default":true,"robots_noindex":false,"robots_noarchive":false,"robots_nosnippet":false,"robots_nofollow":false,"robots_noimageindex":false,"robots_noodp":false,"robots_notranslate":false,"robots_max_snippet":"-1","robots_max_videopreview":"-1","robots_max_imagepreview":"large","priority":null,"frequency":"default","local_seo":null,"breadcrumb_settings":null,"limit_modified_date":false,"ai":{"faqs":[],"keyPoints":[],"schemas":[],"titles":[],"descriptions":[],"socialPosts":{"email":[],"linkedin":[],"twitter":[],"facebook":[],"instagram":[]}},"created":"2024-04-18 13:21:48","updated":"2026-06-10 18:20:31","seo_analyzer_scan_date":null,"focus_keyword":null,"additional_keywords":null,"truseo_locale":null},"aioseo_breadcrumb":"<div class=\"aioseo-breadcrumbs\"><span class=\"aioseo-breadcrumb\">\n\t\t\t<a href=\"http:\/\/globalattitude.org.br\/en\/\" title=\"Home\">Home<\/a>\n\t\t<\/span><span class=\"aioseo-breadcrumb-separator\">&raquo;<\/span><span class=\"aioseo-breadcrumb\">\n\t\t\t<a href=\"http:\/\/globalattitude.org.br\/category\/programas\/\" title=\"Programas\">Programas<\/a>\n\t\t<\/span><span class=\"aioseo-breadcrumb-separator\">&raquo;<\/span><span class=\"aioseo-breadcrumb\">\n\t\t\tEst\u00e3o abertas as inscri\u00e7\u00f5es para as delega\u00e7\u00f5es do G20, Banco Mundial e FMI\n\t\t<\/span><\/div>","aioseo_breadcrumb_json":[{"label":"Home","link":"http:\/\/globalattitude.org.br\/en\/"},{"label":"Programas","link":"http:\/\/globalattitude.org.br\/category\/programas\/"},{"label":"Est\u00e3o abertas as inscri\u00e7\u00f5es para as delega\u00e7\u00f5es do G20, Banco Mundial e FMI","link":"http:\/\/globalattitude.org.br\/en\/estao-abertas-as-inscricoes-para-as-delegacoes-do-g20-banco-mundial-e-fmi\/"}],"yoast_head":"<!-- This site is optimized with the Yoast SEO plugin v28.4 - https:\/\/yoast.com\/product\/yoast-seo-wordpress\/ -->\n<title>Est\u00e3o abertas as inscri\u00e7\u00f5es para as delega\u00e7\u00f5es do G20, Banco Mundial e FMI - Instituto Global Attitude<\/title>\n<meta name=\"robots\" content=\"index, follow, max-snippet:-1, max-image-preview:large, max-video-preview:-1\" \/>\n<link rel=\"canonical\" href=\"https:\/\/globalattitude.org.br\/estao-abertas-as-inscricoes-para-as-delegacoes-do-g20-banco-mundial-e-fmi\/\" \/>\n<meta property=\"og:locale\" content=\"en_US\" \/>\n<meta property=\"og:type\" content=\"article\" \/>\n<meta property=\"og:title\" content=\"Est\u00e3o abertas as inscri\u00e7\u00f5es para as delega\u00e7\u00f5es do G20, Banco Mundial e FMI - Instituto Global Attitude\" \/>\n<meta property=\"og:description\" content=\"O programa Diplomacia Civil abre hoje as inscri\u00e7\u00f5es para jovens de 18 a 30 anos interessados em fazer parte das delega\u00e7\u00f5es brasileiras para\u00a0duas confer\u00eancias do Banco Mundial e FMI &#8211; Spring Meetings e Civil Society Policy Forum &#8211; e do Y20, evento para jovens do G20. \u00a0Os encontros ocorrem entre 14 e 19 de abril, [&hellip;]\" \/>\n<meta property=\"og:url\" content=\"https:\/\/globalattitude.org.br\/estao-abertas-as-inscricoes-para-as-delegacoes-do-g20-banco-mundial-e-fmi\/\" \/>\n<meta property=\"og:site_name\" content=\"Instituto Global Attitude\" \/>\n<meta property=\"article:publisher\" content=\"https:\/\/www.facebook.com\/global.attitude.org\/\" \/>\n<meta property=\"article:published_time\" content=\"2015-02-02T16:28:24+00:00\" \/>\n<meta property=\"article:modified_time\" content=\"2026-06-10T17:21:43+00:00\" \/>\n<meta name=\"author\" content=\"123esite\" \/>\n<meta name=\"twitter:card\" content=\"summary_large_image\" \/>\n<meta name=\"twitter:creator\" content=\"@global_attitude\" \/>\n<meta name=\"twitter:site\" content=\"@global_attitude\" \/>\n<meta name=\"twitter:label1\" content=\"Written by\" \/>\n\t<meta name=\"twitter:data1\" content=\"123esite\" \/>\n\t<meta name=\"twitter:label2\" content=\"Est. reading time\" \/>\n\t<meta name=\"twitter:data2\" content=\"2 minutes\" \/>\n<script type=\"application\/ld+json\" class=\"yoast-schema-graph\">{\"@context\":\"https:\\\/\\\/schema.org\",\"@graph\":[{\"@type\":[\"Article\",\"BlogPosting\"],\"@id\":\"https:\\\/\\\/globalattitude.org.br\\\/estao-abertas-as-inscricoes-para-as-delegacoes-do-g20-banco-mundial-e-fmi\\\/#article\",\"isPartOf\":{\"@id\":\"https:\\\/\\\/globalattitude.org.br\\\/estao-abertas-as-inscricoes-para-as-delegacoes-do-g20-banco-mundial-e-fmi\\\/\"},\"author\":{\"name\":\"123esite\",\"@id\":\"https:\\\/\\\/globalattitude.org.br\\\/#\\\/schema\\\/person\\\/6d308f9d9d1eebad0278ad9386f13169\"},\"headline\":\"Est\u00e3o abertas as inscri\u00e7\u00f5es para as delega\u00e7\u00f5es do G20, Banco Mundial e FMI\",\"datePublished\":\"2015-02-02T16:28:24+00:00\",\"dateModified\":\"2026-06-10T17:21:43+00:00\",\"mainEntityOfPage\":{\"@id\":\"https:\\\/\\\/globalattitude.org.br\\\/estao-abertas-as-inscricoes-para-as-delegacoes-do-g20-banco-mundial-e-fmi\\\/\"},\"wordCount\":326,\"commentCount\":0,\"publisher\":{\"@id\":\"https:\\\/\\\/globalattitude.org.br\\\/#organization\"},\"articleSection\":[\"Programas\",\"\u00daltimas\"],\"inLanguage\":\"en-US\",\"potentialAction\":[{\"@type\":\"CommentAction\",\"name\":\"Comment\",\"target\":[\"https:\\\/\\\/globalattitude.org.br\\\/estao-abertas-as-inscricoes-para-as-delegacoes-do-g20-banco-mundial-e-fmi\\\/#respond\"]}]},{\"@type\":\"WebPage\",\"@id\":\"https:\\\/\\\/globalattitude.org.br\\\/estao-abertas-as-inscricoes-para-as-delegacoes-do-g20-banco-mundial-e-fmi\\\/\",\"url\":\"https:\\\/\\\/globalattitude.org.br\\\/estao-abertas-as-inscricoes-para-as-delegacoes-do-g20-banco-mundial-e-fmi\\\/\",\"name\":\"Est\u00e3o abertas as inscri\u00e7\u00f5es para as delega\u00e7\u00f5es do G20, Banco Mundial e FMI - Instituto Global Attitude\",\"isPartOf\":{\"@id\":\"https:\\\/\\\/globalattitude.org.br\\\/#website\"},\"datePublished\":\"2015-02-02T16:28:24+00:00\",\"dateModified\":\"2026-06-10T17:21:43+00:00\",\"breadcrumb\":{\"@id\":\"https:\\\/\\\/globalattitude.org.br\\\/estao-abertas-as-inscricoes-para-as-delegacoes-do-g20-banco-mundial-e-fmi\\\/#breadcrumb\"},\"inLanguage\":\"en-US\",\"potentialAction\":[{\"@type\":\"ReadAction\",\"target\":[\"https:\\\/\\\/globalattitude.org.br\\\/estao-abertas-as-inscricoes-para-as-delegacoes-do-g20-banco-mundial-e-fmi\\\/\"]}]},{\"@type\":\"BreadcrumbList\",\"@id\":\"https:\\\/\\\/globalattitude.org.br\\\/estao-abertas-as-inscricoes-para-as-delegacoes-do-g20-banco-mundial-e-fmi\\\/#breadcrumb\",\"itemListElement\":[{\"@type\":\"ListItem\",\"position\":1,\"name\":\"In\u00edcio\",\"item\":\"http:\\\/\\\/globalattitude.org.br\\\/en\\\/\"},{\"@type\":\"ListItem\",\"position\":2,\"name\":\"Est\u00e3o abertas as inscri\u00e7\u00f5es para as delega\u00e7\u00f5es do G20, Banco Mundial e FMI\"}]},{\"@type\":\"WebSite\",\"@id\":\"https:\\\/\\\/globalattitude.org.br\\\/#website\",\"url\":\"https:\\\/\\\/globalattitude.org.br\\\/\",\"name\":\"Instituto Global Attitude\",\"description\":\"\",\"publisher\":{\"@id\":\"https:\\\/\\\/globalattitude.org.br\\\/#organization\"},\"potentialAction\":[{\"@type\":\"SearchAction\",\"target\":{\"@type\":\"EntryPoint\",\"urlTemplate\":\"https:\\\/\\\/globalattitude.org.br\\\/?s={search_term_string}\"},\"query-input\":{\"@type\":\"PropertyValueSpecification\",\"valueRequired\":true,\"valueName\":\"search_term_string\"}}],\"inLanguage\":\"en-US\"},{\"@type\":\"Organization\",\"@id\":\"https:\\\/\\\/globalattitude.org.br\\\/#organization\",\"name\":\"Instituto Global Attitude\",\"url\":\"https:\\\/\\\/globalattitude.org.br\\\/\",\"logo\":{\"@type\":\"ImageObject\",\"inLanguage\":\"en-US\",\"@id\":\"https:\\\/\\\/globalattitude.org.br\\\/#\\\/schema\\\/logo\\\/image\\\/\",\"url\":\"https:\\\/\\\/globalattitude.org.br\\\/wp-content\\\/uploads\\\/2023\\\/01\\\/instituto-global-attitude-color.png\",\"contentUrl\":\"https:\\\/\\\/globalattitude.org.br\\\/wp-content\\\/uploads\\\/2023\\\/01\\\/instituto-global-attitude-color.png\",\"width\":300,\"height\":131,\"caption\":\"Instituto Global Attitude\"},\"image\":{\"@id\":\"https:\\\/\\\/globalattitude.org.br\\\/#\\\/schema\\\/logo\\\/image\\\/\"},\"sameAs\":[\"https:\\\/\\\/www.facebook.com\\\/global.attitude.org\\\/\",\"https:\\\/\\\/x.com\\\/global_attitude\",\"https:\\\/\\\/www.instagram.com\\\/globalattitude\",\"https:\\\/\\\/www.linkedin.com\\\/company\\\/global-attitude\\\/?viewAsMember=true\"]},{\"@type\":\"Person\",\"@id\":\"https:\\\/\\\/globalattitude.org.br\\\/#\\\/schema\\\/person\\\/6d308f9d9d1eebad0278ad9386f13169\",\"name\":\"123esite\",\"image\":{\"@type\":\"ImageObject\",\"inLanguage\":\"en-US\",\"@id\":\"https:\\\/\\\/secure.gravatar.com\\\/avatar\\\/07bd71fac19f42004f2b73567f012e126689afdb23cb0017536dea9113ba1806?s=96&d=mm&r=g\",\"url\":\"https:\\\/\\\/secure.gravatar.com\\\/avatar\\\/07bd71fac19f42004f2b73567f012e126689afdb23cb0017536dea9113ba1806?s=96&d=mm&r=g\",\"contentUrl\":\"https:\\\/\\\/secure.gravatar.com\\\/avatar\\\/07bd71fac19f42004f2b73567f012e126689afdb23cb0017536dea9113ba1806?s=96&d=mm&r=g\",\"caption\":\"123esite\"},\"sameAs\":[\"http:\\\/\\\/globalattitude.org.br\"],\"url\":\"http:\\\/\\\/globalattitude.org.br\\\/en\\\/author\\\/123esite\\\/\"}]}<\/script>\n<!-- \/ Yoast SEO plugin. -->","yoast_head_json":{"title":"Est\u00e3o abertas as inscri\u00e7\u00f5es para as delega\u00e7\u00f5es do G20, Banco Mundial e FMI - Instituto Global Attitude","robots":{"index":"index","follow":"follow","max-snippet":"max-snippet:-1","max-image-preview":"max-image-preview:large","max-video-preview":"max-video-preview:-1"},"canonical":"https:\/\/globalattitude.org.br\/estao-abertas-as-inscricoes-para-as-delegacoes-do-g20-banco-mundial-e-fmi\/","og_locale":"en_US","og_type":"article","og_title":"Est\u00e3o abertas as inscri\u00e7\u00f5es para as delega\u00e7\u00f5es do G20, Banco Mundial e FMI - Instituto Global Attitude","og_description":"O programa Diplomacia Civil abre hoje as inscri\u00e7\u00f5es para jovens de 18 a 30 anos interessados em fazer parte das delega\u00e7\u00f5es brasileiras para\u00a0duas confer\u00eancias do Banco Mundial e FMI &#8211; Spring Meetings e Civil Society Policy Forum &#8211; e do Y20, evento para jovens do G20. \u00a0Os encontros ocorrem entre 14 e 19 de abril, [&hellip;]","og_url":"https:\/\/globalattitude.org.br\/estao-abertas-as-inscricoes-para-as-delegacoes-do-g20-banco-mundial-e-fmi\/","og_site_name":"Instituto Global Attitude","article_publisher":"https:\/\/www.facebook.com\/global.attitude.org\/","article_published_time":"2015-02-02T16:28:24+00:00","article_modified_time":"2026-06-10T17:21:43+00:00","author":"123esite","twitter_card":"summary_large_image","twitter_creator":"@global_attitude","twitter_site":"@global_attitude","twitter_misc":{"Written by":"123esite","Est. reading time":"2 minutes"},"schema":{"@context":"https:\/\/schema.org","@graph":[{"@type":["Article","BlogPosting"],"@id":"https:\/\/globalattitude.org.br\/estao-abertas-as-inscricoes-para-as-delegacoes-do-g20-banco-mundial-e-fmi\/#article","isPartOf":{"@id":"https:\/\/globalattitude.org.br\/estao-abertas-as-inscricoes-para-as-delegacoes-do-g20-banco-mundial-e-fmi\/"},"author":{"name":"123esite","@id":"https:\/\/globalattitude.org.br\/#\/schema\/person\/6d308f9d9d1eebad0278ad9386f13169"},"headline":"Est\u00e3o abertas as inscri\u00e7\u00f5es para as delega\u00e7\u00f5es do G20, Banco Mundial e FMI","datePublished":"2015-02-02T16:28:24+00:00","dateModified":"2026-06-10T17:21:43+00:00","mainEntityOfPage":{"@id":"https:\/\/globalattitude.org.br\/estao-abertas-as-inscricoes-para-as-delegacoes-do-g20-banco-mundial-e-fmi\/"},"wordCount":326,"commentCount":0,"publisher":{"@id":"https:\/\/globalattitude.org.br\/#organization"},"articleSection":["Programas","\u00daltimas"],"inLanguage":"en-US","potentialAction":[{"@type":"CommentAction","name":"Comment","target":["https:\/\/globalattitude.org.br\/estao-abertas-as-inscricoes-para-as-delegacoes-do-g20-banco-mundial-e-fmi\/#respond"]}]},{"@type":"WebPage","@id":"https:\/\/globalattitude.org.br\/estao-abertas-as-inscricoes-para-as-delegacoes-do-g20-banco-mundial-e-fmi\/","url":"https:\/\/globalattitude.org.br\/estao-abertas-as-inscricoes-para-as-delegacoes-do-g20-banco-mundial-e-fmi\/","name":"Est\u00e3o abertas as inscri\u00e7\u00f5es para as delega\u00e7\u00f5es do G20, Banco Mundial e FMI - Instituto Global Attitude","isPartOf":{"@id":"https:\/\/globalattitude.org.br\/#website"},"datePublished":"2015-02-02T16:28:24+00:00","dateModified":"2026-06-10T17:21:43+00:00","breadcrumb":{"@id":"https:\/\/globalattitude.org.br\/estao-abertas-as-inscricoes-para-as-delegacoes-do-g20-banco-mundial-e-fmi\/#breadcrumb"},"inLanguage":"en-US","potentialAction":[{"@type":"ReadAction","target":["https:\/\/globalattitude.org.br\/estao-abertas-as-inscricoes-para-as-delegacoes-do-g20-banco-mundial-e-fmi\/"]}]},{"@type":"BreadcrumbList","@id":"https:\/\/globalattitude.org.br\/estao-abertas-as-inscricoes-para-as-delegacoes-do-g20-banco-mundial-e-fmi\/#breadcrumb","itemListElement":[{"@type":"ListItem","position":1,"name":"In\u00edcio","item":"http:\/\/globalattitude.org.br\/en\/"},{"@type":"ListItem","position":2,"name":"Est\u00e3o abertas as inscri\u00e7\u00f5es para as delega\u00e7\u00f5es do G20, Banco Mundial e FMI"}]},{"@type":"WebSite","@id":"https:\/\/globalattitude.org.br\/#website","url":"https:\/\/globalattitude.org.br\/","name":"Instituto Global Attitude","description":"","publisher":{"@id":"https:\/\/globalattitude.org.br\/#organization"},"potentialAction":[{"@type":"SearchAction","target":{"@type":"EntryPoint","urlTemplate":"https:\/\/globalattitude.org.br\/?s={search_term_string}"},"query-input":{"@type":"PropertyValueSpecification","valueRequired":true,"valueName":"search_term_string"}}],"inLanguage":"en-US"},{"@type":"Organization","@id":"https:\/\/globalattitude.org.br\/#organization","name":"Instituto Global Attitude","url":"https:\/\/globalattitude.org.br\/","logo":{"@type":"ImageObject","inLanguage":"en-US","@id":"https:\/\/globalattitude.org.br\/#\/schema\/logo\/image\/","url":"https:\/\/globalattitude.org.br\/wp-content\/uploads\/2023\/01\/instituto-global-attitude-color.png","contentUrl":"https:\/\/globalattitude.org.br\/wp-content\/uploads\/2023\/01\/instituto-global-attitude-color.png","width":300,"height":131,"caption":"Instituto Global Attitude"},"image":{"@id":"https:\/\/globalattitude.org.br\/#\/schema\/logo\/image\/"},"sameAs":["https:\/\/www.facebook.com\/global.attitude.org\/","https:\/\/x.com\/global_attitude","https:\/\/www.instagram.com\/globalattitude","https:\/\/www.linkedin.com\/company\/global-attitude\/?viewAsMember=true"]},{"@type":"Person","@id":"https:\/\/globalattitude.org.br\/#\/schema\/person\/6d308f9d9d1eebad0278ad9386f13169","name":"123esite","image":{"@type":"ImageObject","inLanguage":"en-US","@id":"https:\/\/secure.gravatar.com\/avatar\/07bd71fac19f42004f2b73567f012e126689afdb23cb0017536dea9113ba1806?s=96&d=mm&r=g","url":"https:\/\/secure.gravatar.com\/avatar\/07bd71fac19f42004f2b73567f012e126689afdb23cb0017536dea9113ba1806?s=96&d=mm&r=g","contentUrl":"https:\/\/secure.gravatar.com\/avatar\/07bd71fac19f42004f2b73567f012e126689afdb23cb0017536dea9113ba1806?s=96&d=mm&r=g","caption":"123esite"},"sameAs":["http:\/\/globalattitude.org.br"],"url":"http:\/\/globalattitude.org.br\/en\/author\/123esite\/"}]}},"_links":{"self":[{"href":"http:\/\/globalattitude.org.br\/en\/wp-json\/wp\/v2\/posts\/599","targetHints":{"allow":["GET"]}}],"collection":[{"href":"http:\/\/globalattitude.org.br\/en\/wp-json\/wp\/v2\/posts"}],"about":[{"href":"http:\/\/globalattitude.org.br\/en\/wp-json\/wp\/v2\/types\/post"}],"author":[{"embeddable":true,"href":"http:\/\/globalattitude.org.br\/en\/wp-json\/wp\/v2\/users\/1"}],"replies":[{"embeddable":true,"href":"http:\/\/globalattitude.org.br\/en\/wp-json\/wp\/v2\/comments?post=599"}],"version-history":[{"count":1,"href":"http:\/\/globalattitude.org.br\/en\/wp-json\/wp\/v2\/posts\/599\/revisions"}],"predecessor-version":[{"id":14409,"href":"http:\/\/globalattitude.org.br\/en\/wp-json\/wp\/v2\/posts\/599\/revisions\/14409"}],"wp:attachment":[{"href":"http:\/\/globalattitude.org.br\/en\/wp-json\/wp\/v2\/media?parent=599"}],"wp:term":[{"taxonomy":"category","embeddable":true,"href":"http:\/\/globalattitude.org.br\/en\/wp-json\/wp\/v2\/categories?post=599"},{"taxonomy":"post_tag","embeddable":true,"href":"http:\/\/globalattitude.org.br\/en\/wp-json\/wp\/v2\/tags?post=599"}],"curies":[{"name":"wp","href":"https:\/\/api.w.org\/{rel}","templated":true}]}}