{"id":613,"date":"2015-05-18T21:46:42","date_gmt":"2015-05-19T00:46:42","guid":{"rendered":"https:\/\/globalattitude.org.br\/conheca-os-delegados-brasileiros-que-irao-participar-dos-proximos-foruns-mundiais-pelo-diplomacia-civil\/"},"modified":"2015-05-18T21:46:42","modified_gmt":"2015-05-19T00:46:42","slug":"conheca-os-delegados-brasileiros-que-irao-participar-dos-proximos-foruns-mundiais-pelo-diplomacia-civil","status":"publish","type":"post","link":"http:\/\/globalattitude.org.br\/en\/conheca-os-delegados-brasileiros-que-irao-participar-dos-proximos-foruns-mundiais-pelo-diplomacia-civil\/","title":{"rendered":"Conhe\u00e7a os delegados brasileiros que ir\u00e3o participar de f\u00f3runs mundiais pelo Diplomacia Civil"},"content":{"rendered":"<p>Mais tr\u00eas delega\u00e7\u00f5es brasileiras foram formadas pelo programa Diplomacia Civil. Conhe\u00e7a\u00a0quem s\u00e3o os delegados para o OECD Forum, em Paris (Fran\u00e7a), Vienna Energy Forum, em Viena (\u00c1utria), e Euro-BRICS Young Leaders Summit, em Hels\u00ednquia (Finl\u00e2ndia).<\/p>\n<p>&nbsp;<\/p>\n<h3>OECD Forum &#8211; 1 a 5 de maio &#8211; Paris<\/h3>\n<p><strong>Guilherme Silva Fracarolli<\/strong> &#8211;\u00a0Engenheiro agr\u00f4nomo pela USP, com especializa\u00e7\u00e3o em Desenvolvimento Regional pela UFPR e mestrando em Gest\u00e3o e Pol\u00edticas P\u00fablicas na EAESP\/FGV. Trabalha no Minist\u00e9rio do Desenvolvimento Agr\u00e1rio. Tem participa\u00e7\u00f5es nas edi\u00e7\u00f5es de 2013 e 2014 do Global Public Policy Conference (GPPN), realizadas em T\u00f3quio e Berlim, com os textos titulados &#8220;The role of Brazilian Institutions in National Rural Conflicts&#8221; e &#8220;Responsibility of the Brazilian government in defense of its peasants&#8221;. Tem foco de pesquisa em\u00a0desenvolvimento regional e pol\u00edticas p\u00fablicas para seguran\u00e7a alimentar e nutricional.<\/p>\n<p><strong>Ana Beatriz de Alc\u00e2ntara<\/strong>\u00a0&#8211;\u00a0Bacharelanda em Direito pelo Centro Universit\u00e1rio do Par\u00e1 &#8211; Cesupa. Trabalha h\u00e1 tr\u00eas anos em escrit\u00f3rio privado com foco na \u00e1rea empresarial e grupos econ\u00f4micos na capital paraense. Est\u00e1 produzindo sua Tese de Conclus\u00e3o de Curso, com foco na fun\u00e7\u00e3o social da empresa aplicada em direito, comparando Brasil x Fran\u00e7a, onde residiu por 4 meses. \u00c9 fluente em ingl\u00eas, espanhol, franc\u00eas e estudando mandarim.<\/p>\n<p><strong>Artur Villela Ferreira<\/strong> &#8211;\u00a0Administrador de empresas pela Escola de Administra\u00e7\u00e3o de Empresas de S\u00e3o Paulo, da Funda\u00e7\u00e3o Get\u00falio Vargas, com concentra\u00e7\u00e3o em Sustentabilidade e Meio Ambiente. J\u00e1 atuou profissionalmente com investimentos de impacto no Instituto de Cidadania Empresarial, na \u00e1rea de marketing da startup brasileira de educa\u00e7\u00e3o Geekie e, atualmente, \u00e9 consultor nas \u00e1reas de infraestrutura, saneamento e meio ambiente na consultoria GO Associados.<\/p>\n<p>&nbsp;<\/p>\n<h3>Euro-BRICS Young Leaders Summit &#8211; 8 e 9 de junho &#8211; Hels\u00ednquia<\/h3>\n<p><b>Gabriela Santos Bazzo &#8211; <\/b>Editora internacional do Brasil Post. Jornalista pela UFSC, com especializa\u00e7\u00e3o em Rela\u00e7\u00f5es Culturais Internacionais pela Universitat de Girona (Espanha). P\u00f3s-graduanda em Pol\u00edtica e Rela\u00e7\u00f5es Internacionais na Funda\u00e7\u00e3o Escola de Sociologia e Pol\u00edtica de S\u00e3o Paulo. Trabalhou 2 anos na Folha de S. Paulo, com passagem pelas editorias Mundo e Mercado, al\u00e9m do programa de trainee, onde desenvolveu o projeto &#8220;O Custo do Voto&#8221;, sobre financiamento de campanhas eleitorais no Brasil e no mundo.<\/p>\n<p><b>Eduardo Zanatta de Carvalho &#8211; <\/b>Formado em Rela\u00e7\u00f5es Internacionais pela Universidade do Vale do Itaja\u00ed (UNIVALI), com passagens por Su\u00ed\u00e7a, Portugal e China durante a gradua\u00e7\u00e3o. \u00c9 assessor parlamentar na C\u00e2mara de Vereadores e conselheiro do Conselho Municipal da Juventude (COMJUV-BC), tendo sido presidente na gest\u00e3o de 2014. Em 2014 tamb\u00e9m integrou como representante da sociedade civil a delega\u00e7\u00e3o brasileira no 1\u00ba F\u00f3rum Global de Pol\u00edticas de Juventude, promovido pela ONU, em Baku, Azerbaij\u00e3o.<\/p>\n<p><b>Maiara Folly Gomes &#8211; <\/b>Estuda Rela\u00e7\u00f5es Internacionais e \u00e9 pesquisadora do Programa de Educa\u00e7\u00e3o Tutorial do Instituto de Rela\u00e7\u00f5es Internacionais da PUC-Rio, em parceria com o BRICS Policy Center, com o projeto \u201cBrasil Global: os desafios da inser\u00e7\u00e3o internacional brasileira em um mundo em transforma\u00e7\u00e3o\u201d. Integra o grupo de pesquisa sobre \u201cPot\u00eancias Emergentes no Atl\u00e2ntico Sul\u201d. Foi contemplada com Bolsa de Pesquisa J\u00fanior pelo Real Gabinete Portugu\u00eas de Leitura e pelo Instituto Internacional de Macau, por seu projeto sobre o papel estrat\u00e9gico dos pa\u00edses de l\u00edngua portuguesa nas intera\u00e7\u00f5es entre Brasil e China.<\/p>\n<p><b>Vanessa Tarantini &#8211; <\/b>Formada em Rela\u00e7\u00f5es Internacionais pela UNESP Franca. Mestre, pela Universidad Aut\u00f3noma de Madrid, em gest\u00e3o de organiza\u00e7\u00f5es n\u00e3o-lucrativas e mestranda em Direitos Humanos na Faculdade de Direito da USP. Trabalha no Escrit\u00f3rio Compartilhado da ONU em S\u00e3o Paulo,\u00a0<span class=\"s1\">para a\u00a0<\/span>Rede Brasileira do Pacto Global. J\u00e1 foi volunt\u00e1ria da ONU no programa Cisco Networking Academy, e hoje coordena o\u00a0programa de Facilitadores Sociais, do Instituto ADUS. Trabalhou na Cisco, na sede do Alto Comissariado das Na\u00e7\u00f5es Unidas para Refugiados em Genebra e na Fundaci\u00f3n Luis Vives, em Madri.<\/p>\n<p><strong><b>Fernando Haddad Moura &#8211; <\/b><\/strong>Formado em Rela\u00e7\u00f5es Internacionais com \u00eanfase em Marketing e Neg\u00f3cios pela ESPM-SP. H\u00e1 seis anos trabalha no Terceiro Setor e em organiza\u00e7\u00f5es internacionais como o Cities Alliance. Em 2012, representou o Brasil no G20 Youth Summit como sherpa da delega\u00e7\u00e3o brasileira. Atualmente, \u00e9 diretor regional do TETO, sendo respons\u00e1vel por apoiar e gerir os escrit\u00f3rios do Rio de Janeiro, Paran\u00e1 e Bahia e planejar as pr\u00f3ximas expans\u00f5es da organiza\u00e7\u00e3o pelo Brasil. Cresceu nos EUA e morou na Fran\u00e7a e Espanha.<\/p>\n<p>&nbsp;<\/p>\n<h3>Vienna Energy Forum &#8211; 17 a 21 de junho &#8211; Viena<\/h3>\n<p><strong>Thalison Bruno Campos Correa<\/strong> &#8211; Graduando em Engenharia Florestal na Universidade Federal Rural da Amaz\u00f4nia, onde integra o N\u00facleo de Pesquisa Vegetal B\u00e1sica e Aplicada. Entre 2013 e 2015, foi bolsista do programa Ci\u00eancia Sem Fronteiras no College of the Rockies, Canad\u00e1, onde foi premiado pelo Fraser Institute com uma &#8220;bursary travel&#8221; para participa\u00e7\u00e3o em um semin\u00e1rio de pol\u00edticas p\u00fablicas. No Brasil, trabalhou como trainee na Secretaria Estadual de Meio Ambiente do Par\u00e1 e EMBRAPA.<\/p>\n<p><strong>Maiara Martines<\/strong> &#8211; P\u00f3s-graduanda em Comunica\u00e7\u00e3o Organizacional pela Faculdade C\u00e1sper L\u00edbero. Graduada em Jornalismo pela Universidade Metodista de S\u00e3o Paulo. Possui experi\u00eancia em comunica\u00e7\u00e3o corporativa e assessoria de imprensa e hoje atua na Comunica\u00e7\u00e3o Interna do Ita\u00fa Unibanco. Atualmente desenvolve um trabalho de conclus\u00e3o de curso sobre os di\u00e1logos pol\u00edticos, sociais e econ\u00f4micos na quest\u00e3o da \u00e1gua.<\/p>\n<p><strong>Priscila de Carvalho<\/strong> &#8211; Estudante de Engenharia El\u00e9trica com \u00eanfase em Automa\u00e7\u00e3o e Controle na Poli-USP. Fez inicia\u00e7\u00e3o cient\u00edfica em mobilidade urbana sustent\u00e1vel com foco em guiagem autom\u00e1tica de ve\u00edculos. O projeto participou do Simp\u00f3sio Internacional de Inicia\u00e7\u00e3o Cient\u00edfica da USP em 2011. J\u00e1 estudou na Universidade de Karlsruhe e trabalhou na empresa Robert Bosch GmbH, ambas na Alemanha. Tem um projeto de startup voltada para acessibilidade, MaisAcesso, em desenvolvimento junto \u00e0 USP.<\/p>\n<p><strong>Paula Fontana de Lima<\/strong> &#8211; Formada em Rela\u00e7\u00f5es Internacionais pela PUC Minas, com Trabalho de Conclus\u00e3o de Curso sobre a interven\u00e7\u00e3o das Na\u00e7\u00f5es Unidas e da Cruz Vermelha em Ruanda durante o genoc\u00eddio em 1994. Graduanda em Direito pela UFMG. Escreveu um artigo sobre a reforma no conselho de seguran\u00e7a, sendo selecionada, com bolsa, para participar da Terceira Confer\u00eancia de Paz de Haia. J\u00e1 morou nos Estados Unidos.<\/p>\n<p><strong>Olivia Miranda Carneiro<\/strong> &#8211; Graduanda em Economia pela USP. Desenvolve pesquisa sobre os fatores que explicam a baixa produ\u00e7\u00e3o de tecnologia no Brasil em compara\u00e7\u00e3o com os demais BRICS e pa\u00edses desenvolvidos. Possui experi\u00eancia no mercado financeiro, com passagem pelo portal Infomoney e pela corretora de valores Futura. Tamb\u00e9m trabalhou com direito econ\u00f4mico, no escrit\u00f3rio Magalh\u00e3es e Dias Advocacia, onde teve contato com a an\u00e1lise da concorr\u00eancia no Brasil no estudo das pol\u00edticas antidumping, antitruste e de Processo Produtivo B\u00e1sico.<\/p>\n<p><strong>Fl\u00e1via Pedrosa Costa<\/strong> &#8211; Mestranda e bacharel em Rela\u00e7\u00f5es Internacionais pela PUC-MG, com especializa\u00e7\u00e3o em Gest\u00e3o de Neg\u00f3cios pela Funda\u00e7\u00e3o Dom Cabral. Possui experi\u00eancia no setor p\u00fablico e atualmente integra o grupo de pesquisa em Processos Decis\u00f3rios (CEPDE) da PUC-MG e \u00e9 pesquisadora na \u00e1rea de Neg\u00f3cios Internacionais e Estrat\u00e9gia da FDC. Recebeu o \u201cPr\u00eamio Jovem Cientista do Futuro\u201d (CNPq) pelo desenvolvimento de pesquisa sob o tema &#8220;Energia el\u00e9trica: gera\u00e7\u00e3o, transmiss\u00e3o, distribui\u00e7\u00e3o e uso racional&#8221;.<\/p>\n<p>O Instituto Global Attitude parabeniza os aprovados. Aos que n\u00e3o foram escolhidos,\u00a0n\u00e3o desistam.\u00a0Divulgaremos nas nossas redes quando outras inscri\u00e7\u00f5es estiverem dispon\u00edveis.<\/p>\n","protected":false},"excerpt":{"rendered":"<p>Mais tr\u00eas delega\u00e7\u00f5es brasileiras foram formadas pelo programa Diplomacia Civil. Conhe\u00e7a\u00a0quem s\u00e3o os delegados para o OECD Forum, em Paris (Fran\u00e7a), Vienna Energy Forum, em Viena (\u00c1utria), e Euro-BRICS Young Leaders Summit, em Hels\u00ednquia (Finl\u00e2ndia). &nbsp; OECD Forum &#8211; 1 a 5 de maio &#8211; Paris Guilherme Silva Fracarolli &#8211;\u00a0Engenheiro agr\u00f4nomo pela USP, com especializa\u00e7\u00e3o [&hellip;]<\/p>\n","protected":false},"author":1,"featured_media":0,"comment_status":"open","ping_status":"open","sticky":false,"template":"","format":"standard","meta":{"_acf_changed":false,"om_disable_all_campaigns":false,"_monsterinsights_skip_tracking":false,"_monsterinsights_sitenote_active":false,"_monsterinsights_sitenote_note":"","_monsterinsights_sitenote_category":0,"_uf_show_specific_survey":0,"_uf_disable_surveys":false,"footnotes":""},"categories":[22,34],"tags":[],"class_list":["post-613","post","type-post","status-publish","format-standard","hentry","category-programas","category-ultimas"],"acf":[],"aioseo_notices":[],"yoast_head":"<!-- This site is optimized with the Yoast SEO plugin v27.5 - https:\/\/yoast.com\/product\/yoast-seo-wordpress\/ -->\n<title>Conhe\u00e7a os delegados brasileiros que ir\u00e3o participar de f\u00f3runs mundiais pelo Diplomacia Civil - Instituto Global Attitude<\/title>\n<meta name=\"robots\" content=\"index, follow, max-snippet:-1, max-image-preview:large, max-video-preview:-1\" \/>\n<link rel=\"canonical\" href=\"http:\/\/globalattitude.org.br\/en\/conheca-os-delegados-brasileiros-que-irao-participar-dos-proximos-foruns-mundiais-pelo-diplomacia-civil\/\" \/>\n<meta property=\"og:locale\" content=\"en_US\" \/>\n<meta property=\"og:type\" content=\"article\" \/>\n<meta property=\"og:title\" content=\"Conhe\u00e7a os delegados brasileiros que ir\u00e3o participar de f\u00f3runs mundiais pelo Diplomacia Civil - Instituto Global Attitude\" \/>\n<meta property=\"og:description\" content=\"Mais tr\u00eas delega\u00e7\u00f5es brasileiras foram formadas pelo programa Diplomacia Civil. Conhe\u00e7a\u00a0quem s\u00e3o os delegados para o OECD Forum, em Paris (Fran\u00e7a), Vienna Energy Forum, em Viena (\u00c1utria), e Euro-BRICS Young Leaders Summit, em Hels\u00ednquia (Finl\u00e2ndia). &nbsp; OECD Forum &#8211; 1 a 5 de maio &#8211; Paris Guilherme Silva Fracarolli &#8211;\u00a0Engenheiro agr\u00f4nomo pela USP, com especializa\u00e7\u00e3o [&hellip;]\" \/>\n<meta property=\"og:url\" content=\"http:\/\/globalattitude.org.br\/en\/conheca-os-delegados-brasileiros-que-irao-participar-dos-proximos-foruns-mundiais-pelo-diplomacia-civil\/\" \/>\n<meta property=\"og:site_name\" content=\"Instituto Global Attitude\" \/>\n<meta property=\"article:publisher\" content=\"https:\/\/www.facebook.com\/global.attitude.org\/\" \/>\n<meta property=\"article:published_time\" content=\"2015-05-19T00:46:42+00:00\" \/>\n<meta name=\"author\" content=\"123esite\" \/>\n<meta name=\"twitter:card\" content=\"summary_large_image\" \/>\n<meta name=\"twitter:creator\" content=\"@global_attitude\" \/>\n<meta name=\"twitter:site\" content=\"@global_attitude\" \/>\n<meta name=\"twitter:label1\" content=\"Written by\" \/>\n\t<meta name=\"twitter:data1\" content=\"123esite\" \/>\n\t<meta name=\"twitter:label2\" content=\"Est. reading time\" \/>\n\t<meta name=\"twitter:data2\" content=\"6 minutes\" \/>\n<script type=\"application\/ld+json\" class=\"yoast-schema-graph\">{\"@context\":\"https:\\\/\\\/schema.org\",\"@graph\":[{\"@type\":[\"Article\",\"BlogPosting\"],\"@id\":\"http:\\\/\\\/globalattitude.org.br\\\/en\\\/conheca-os-delegados-brasileiros-que-irao-participar-dos-proximos-foruns-mundiais-pelo-diplomacia-civil\\\/#article\",\"isPartOf\":{\"@id\":\"http:\\\/\\\/globalattitude.org.br\\\/en\\\/conheca-os-delegados-brasileiros-que-irao-participar-dos-proximos-foruns-mundiais-pelo-diplomacia-civil\\\/\"},\"author\":{\"name\":\"123esite\",\"@id\":\"https:\\\/\\\/globalattitude.org.br\\\/en\\\/#\\\/schema\\\/person\\\/6d308f9d9d1eebad0278ad9386f13169\"},\"headline\":\"Conhe\u00e7a os delegados brasileiros que ir\u00e3o participar de f\u00f3runs mundiais pelo Diplomacia Civil\",\"datePublished\":\"2015-05-19T00:46:42+00:00\",\"mainEntityOfPage\":{\"@id\":\"http:\\\/\\\/globalattitude.org.br\\\/en\\\/conheca-os-delegados-brasileiros-que-irao-participar-dos-proximos-foruns-mundiais-pelo-diplomacia-civil\\\/\"},\"wordCount\":1315,\"commentCount\":0,\"publisher\":{\"@id\":\"https:\\\/\\\/globalattitude.org.br\\\/en\\\/#organization\"},\"articleSection\":[\"Programas\",\"\u00daltimas\"],\"inLanguage\":\"en-US\",\"potentialAction\":[{\"@type\":\"CommentAction\",\"name\":\"Comment\",\"target\":[\"http:\\\/\\\/globalattitude.org.br\\\/en\\\/conheca-os-delegados-brasileiros-que-irao-participar-dos-proximos-foruns-mundiais-pelo-diplomacia-civil\\\/#respond\"]}]},{\"@type\":\"WebPage\",\"@id\":\"http:\\\/\\\/globalattitude.org.br\\\/en\\\/conheca-os-delegados-brasileiros-que-irao-participar-dos-proximos-foruns-mundiais-pelo-diplomacia-civil\\\/\",\"url\":\"http:\\\/\\\/globalattitude.org.br\\\/en\\\/conheca-os-delegados-brasileiros-que-irao-participar-dos-proximos-foruns-mundiais-pelo-diplomacia-civil\\\/\",\"name\":\"Conhe\u00e7a os delegados brasileiros que ir\u00e3o participar de f\u00f3runs mundiais pelo Diplomacia Civil - Instituto Global Attitude\",\"isPartOf\":{\"@id\":\"https:\\\/\\\/globalattitude.org.br\\\/en\\\/#website\"},\"datePublished\":\"2015-05-19T00:46:42+00:00\",\"breadcrumb\":{\"@id\":\"http:\\\/\\\/globalattitude.org.br\\\/en\\\/conheca-os-delegados-brasileiros-que-irao-participar-dos-proximos-foruns-mundiais-pelo-diplomacia-civil\\\/#breadcrumb\"},\"inLanguage\":\"en-US\",\"potentialAction\":[{\"@type\":\"ReadAction\",\"target\":[\"http:\\\/\\\/globalattitude.org.br\\\/en\\\/conheca-os-delegados-brasileiros-que-irao-participar-dos-proximos-foruns-mundiais-pelo-diplomacia-civil\\\/\"]}]},{\"@type\":\"BreadcrumbList\",\"@id\":\"http:\\\/\\\/globalattitude.org.br\\\/en\\\/conheca-os-delegados-brasileiros-que-irao-participar-dos-proximos-foruns-mundiais-pelo-diplomacia-civil\\\/#breadcrumb\",\"itemListElement\":[{\"@type\":\"ListItem\",\"position\":1,\"name\":\"In\u00edcio\",\"item\":\"https:\\\/\\\/globalattitude.org.br\\\/en\\\/\"},{\"@type\":\"ListItem\",\"position\":2,\"name\":\"Conhe\u00e7a os delegados brasileiros que ir\u00e3o participar de f\u00f3runs mundiais pelo Diplomacia Civil\"}]},{\"@type\":\"WebSite\",\"@id\":\"https:\\\/\\\/globalattitude.org.br\\\/en\\\/#website\",\"url\":\"https:\\\/\\\/globalattitude.org.br\\\/en\\\/\",\"name\":\"Instituto Global Attitude\",\"description\":\"\",\"publisher\":{\"@id\":\"https:\\\/\\\/globalattitude.org.br\\\/en\\\/#organization\"},\"potentialAction\":[{\"@type\":\"SearchAction\",\"target\":{\"@type\":\"EntryPoint\",\"urlTemplate\":\"https:\\\/\\\/globalattitude.org.br\\\/en\\\/?s={search_term_string}\"},\"query-input\":{\"@type\":\"PropertyValueSpecification\",\"valueRequired\":true,\"valueName\":\"search_term_string\"}}],\"inLanguage\":\"en-US\"},{\"@type\":\"Organization\",\"@id\":\"https:\\\/\\\/globalattitude.org.br\\\/en\\\/#organization\",\"name\":\"Instituto Global Attitude\",\"url\":\"https:\\\/\\\/globalattitude.org.br\\\/en\\\/\",\"logo\":{\"@type\":\"ImageObject\",\"inLanguage\":\"en-US\",\"@id\":\"https:\\\/\\\/globalattitude.org.br\\\/en\\\/#\\\/schema\\\/logo\\\/image\\\/\",\"url\":\"https:\\\/\\\/globalattitude.org.br\\\/wp-content\\\/uploads\\\/2023\\\/01\\\/instituto-global-attitude-color.png\",\"contentUrl\":\"https:\\\/\\\/globalattitude.org.br\\\/wp-content\\\/uploads\\\/2023\\\/01\\\/instituto-global-attitude-color.png\",\"width\":300,\"height\":131,\"caption\":\"Instituto Global Attitude\"},\"image\":{\"@id\":\"https:\\\/\\\/globalattitude.org.br\\\/en\\\/#\\\/schema\\\/logo\\\/image\\\/\"},\"sameAs\":[\"https:\\\/\\\/www.facebook.com\\\/global.attitude.org\\\/\",\"https:\\\/\\\/x.com\\\/global_attitude\",\"https:\\\/\\\/www.instagram.com\\\/globalattitude\",\"https:\\\/\\\/www.linkedin.com\\\/company\\\/global-attitude\\\/?viewAsMember=true\"]},{\"@type\":\"Person\",\"@id\":\"https:\\\/\\\/globalattitude.org.br\\\/en\\\/#\\\/schema\\\/person\\\/6d308f9d9d1eebad0278ad9386f13169\",\"name\":\"123esite\",\"image\":{\"@type\":\"ImageObject\",\"inLanguage\":\"en-US\",\"@id\":\"https:\\\/\\\/secure.gravatar.com\\\/avatar\\\/07bd71fac19f42004f2b73567f012e126689afdb23cb0017536dea9113ba1806?s=96&d=mm&r=g\",\"url\":\"https:\\\/\\\/secure.gravatar.com\\\/avatar\\\/07bd71fac19f42004f2b73567f012e126689afdb23cb0017536dea9113ba1806?s=96&d=mm&r=g\",\"contentUrl\":\"https:\\\/\\\/secure.gravatar.com\\\/avatar\\\/07bd71fac19f42004f2b73567f012e126689afdb23cb0017536dea9113ba1806?s=96&d=mm&r=g\",\"caption\":\"123esite\"},\"sameAs\":[\"http:\\\/\\\/globalattitude.org.br\"],\"url\":\"http:\\\/\\\/globalattitude.org.br\\\/en\\\/author\\\/123esite\\\/\"}]}<\/script>\n<!-- \/ Yoast SEO plugin. -->","yoast_head_json":{"title":"Conhe\u00e7a os delegados brasileiros que ir\u00e3o participar de f\u00f3runs mundiais pelo Diplomacia Civil - Instituto Global Attitude","robots":{"index":"index","follow":"follow","max-snippet":"max-snippet:-1","max-image-preview":"max-image-preview:large","max-video-preview":"max-video-preview:-1"},"canonical":"http:\/\/globalattitude.org.br\/en\/conheca-os-delegados-brasileiros-que-irao-participar-dos-proximos-foruns-mundiais-pelo-diplomacia-civil\/","og_locale":"en_US","og_type":"article","og_title":"Conhe\u00e7a os delegados brasileiros que ir\u00e3o participar de f\u00f3runs mundiais pelo Diplomacia Civil - Instituto Global Attitude","og_description":"Mais tr\u00eas delega\u00e7\u00f5es brasileiras foram formadas pelo programa Diplomacia Civil. Conhe\u00e7a\u00a0quem s\u00e3o os delegados para o OECD Forum, em Paris (Fran\u00e7a), Vienna Energy Forum, em Viena (\u00c1utria), e Euro-BRICS Young Leaders Summit, em Hels\u00ednquia (Finl\u00e2ndia). &nbsp; OECD Forum &#8211; 1 a 5 de maio &#8211; Paris Guilherme Silva Fracarolli &#8211;\u00a0Engenheiro agr\u00f4nomo pela USP, com especializa\u00e7\u00e3o [&hellip;]","og_url":"http:\/\/globalattitude.org.br\/en\/conheca-os-delegados-brasileiros-que-irao-participar-dos-proximos-foruns-mundiais-pelo-diplomacia-civil\/","og_site_name":"Instituto Global Attitude","article_publisher":"https:\/\/www.facebook.com\/global.attitude.org\/","article_published_time":"2015-05-19T00:46:42+00:00","author":"123esite","twitter_card":"summary_large_image","twitter_creator":"@global_attitude","twitter_site":"@global_attitude","twitter_misc":{"Written by":"123esite","Est. reading time":"6 minutes"},"schema":{"@context":"https:\/\/schema.org","@graph":[{"@type":["Article","BlogPosting"],"@id":"http:\/\/globalattitude.org.br\/en\/conheca-os-delegados-brasileiros-que-irao-participar-dos-proximos-foruns-mundiais-pelo-diplomacia-civil\/#article","isPartOf":{"@id":"http:\/\/globalattitude.org.br\/en\/conheca-os-delegados-brasileiros-que-irao-participar-dos-proximos-foruns-mundiais-pelo-diplomacia-civil\/"},"author":{"name":"123esite","@id":"https:\/\/globalattitude.org.br\/en\/#\/schema\/person\/6d308f9d9d1eebad0278ad9386f13169"},"headline":"Conhe\u00e7a os delegados brasileiros que ir\u00e3o participar de f\u00f3runs mundiais pelo Diplomacia Civil","datePublished":"2015-05-19T00:46:42+00:00","mainEntityOfPage":{"@id":"http:\/\/globalattitude.org.br\/en\/conheca-os-delegados-brasileiros-que-irao-participar-dos-proximos-foruns-mundiais-pelo-diplomacia-civil\/"},"wordCount":1315,"commentCount":0,"publisher":{"@id":"https:\/\/globalattitude.org.br\/en\/#organization"},"articleSection":["Programas","\u00daltimas"],"inLanguage":"en-US","potentialAction":[{"@type":"CommentAction","name":"Comment","target":["http:\/\/globalattitude.org.br\/en\/conheca-os-delegados-brasileiros-que-irao-participar-dos-proximos-foruns-mundiais-pelo-diplomacia-civil\/#respond"]}]},{"@type":"WebPage","@id":"http:\/\/globalattitude.org.br\/en\/conheca-os-delegados-brasileiros-que-irao-participar-dos-proximos-foruns-mundiais-pelo-diplomacia-civil\/","url":"http:\/\/globalattitude.org.br\/en\/conheca-os-delegados-brasileiros-que-irao-participar-dos-proximos-foruns-mundiais-pelo-diplomacia-civil\/","name":"Conhe\u00e7a os delegados brasileiros que ir\u00e3o participar de f\u00f3runs mundiais pelo Diplomacia Civil - Instituto Global Attitude","isPartOf":{"@id":"https:\/\/globalattitude.org.br\/en\/#website"},"datePublished":"2015-05-19T00:46:42+00:00","breadcrumb":{"@id":"http:\/\/globalattitude.org.br\/en\/conheca-os-delegados-brasileiros-que-irao-participar-dos-proximos-foruns-mundiais-pelo-diplomacia-civil\/#breadcrumb"},"inLanguage":"en-US","potentialAction":[{"@type":"ReadAction","target":["http:\/\/globalattitude.org.br\/en\/conheca-os-delegados-brasileiros-que-irao-participar-dos-proximos-foruns-mundiais-pelo-diplomacia-civil\/"]}]},{"@type":"BreadcrumbList","@id":"http:\/\/globalattitude.org.br\/en\/conheca-os-delegados-brasileiros-que-irao-participar-dos-proximos-foruns-mundiais-pelo-diplomacia-civil\/#breadcrumb","itemListElement":[{"@type":"ListItem","position":1,"name":"In\u00edcio","item":"https:\/\/globalattitude.org.br\/en\/"},{"@type":"ListItem","position":2,"name":"Conhe\u00e7a os delegados brasileiros que ir\u00e3o participar de f\u00f3runs mundiais pelo Diplomacia Civil"}]},{"@type":"WebSite","@id":"https:\/\/globalattitude.org.br\/en\/#website","url":"https:\/\/globalattitude.org.br\/en\/","name":"Instituto Global Attitude","description":"","publisher":{"@id":"https:\/\/globalattitude.org.br\/en\/#organization"},"potentialAction":[{"@type":"SearchAction","target":{"@type":"EntryPoint","urlTemplate":"https:\/\/globalattitude.org.br\/en\/?s={search_term_string}"},"query-input":{"@type":"PropertyValueSpecification","valueRequired":true,"valueName":"search_term_string"}}],"inLanguage":"en-US"},{"@type":"Organization","@id":"https:\/\/globalattitude.org.br\/en\/#organization","name":"Instituto Global Attitude","url":"https:\/\/globalattitude.org.br\/en\/","logo":{"@type":"ImageObject","inLanguage":"en-US","@id":"https:\/\/globalattitude.org.br\/en\/#\/schema\/logo\/image\/","url":"https:\/\/globalattitude.org.br\/wp-content\/uploads\/2023\/01\/instituto-global-attitude-color.png","contentUrl":"https:\/\/globalattitude.org.br\/wp-content\/uploads\/2023\/01\/instituto-global-attitude-color.png","width":300,"height":131,"caption":"Instituto Global Attitude"},"image":{"@id":"https:\/\/globalattitude.org.br\/en\/#\/schema\/logo\/image\/"},"sameAs":["https:\/\/www.facebook.com\/global.attitude.org\/","https:\/\/x.com\/global_attitude","https:\/\/www.instagram.com\/globalattitude","https:\/\/www.linkedin.com\/company\/global-attitude\/?viewAsMember=true"]},{"@type":"Person","@id":"https:\/\/globalattitude.org.br\/en\/#\/schema\/person\/6d308f9d9d1eebad0278ad9386f13169","name":"123esite","image":{"@type":"ImageObject","inLanguage":"en-US","@id":"https:\/\/secure.gravatar.com\/avatar\/07bd71fac19f42004f2b73567f012e126689afdb23cb0017536dea9113ba1806?s=96&d=mm&r=g","url":"https:\/\/secure.gravatar.com\/avatar\/07bd71fac19f42004f2b73567f012e126689afdb23cb0017536dea9113ba1806?s=96&d=mm&r=g","contentUrl":"https:\/\/secure.gravatar.com\/avatar\/07bd71fac19f42004f2b73567f012e126689afdb23cb0017536dea9113ba1806?s=96&d=mm&r=g","caption":"123esite"},"sameAs":["http:\/\/globalattitude.org.br"],"url":"http:\/\/globalattitude.org.br\/en\/author\/123esite\/"}]}},"_links":{"self":[{"href":"http:\/\/globalattitude.org.br\/en\/wp-json\/wp\/v2\/posts\/613","targetHints":{"allow":["GET"]}}],"collection":[{"href":"http:\/\/globalattitude.org.br\/en\/wp-json\/wp\/v2\/posts"}],"about":[{"href":"http:\/\/globalattitude.org.br\/en\/wp-json\/wp\/v2\/types\/post"}],"author":[{"embeddable":true,"href":"http:\/\/globalattitude.org.br\/en\/wp-json\/wp\/v2\/users\/1"}],"replies":[{"embeddable":true,"href":"http:\/\/globalattitude.org.br\/en\/wp-json\/wp\/v2\/comments?post=613"}],"version-history":[{"count":0,"href":"http:\/\/globalattitude.org.br\/en\/wp-json\/wp\/v2\/posts\/613\/revisions"}],"wp:attachment":[{"href":"http:\/\/globalattitude.org.br\/en\/wp-json\/wp\/v2\/media?parent=613"}],"wp:term":[{"taxonomy":"category","embeddable":true,"href":"http:\/\/globalattitude.org.br\/en\/wp-json\/wp\/v2\/categories?post=613"},{"taxonomy":"post_tag","embeddable":true,"href":"http:\/\/globalattitude.org.br\/en\/wp-json\/wp\/v2\/tags?post=613"}],"curies":[{"name":"wp","href":"https:\/\/api.w.org\/{rel}","templated":true}]}}