{"id":670,"date":"2015-08-19T23:52:51","date_gmt":"2015-08-20T02:52:51","guid":{"rendered":"https:\/\/globalattitude.org.br\/y20-com-foco-no-genero-recomendacoes-da-cupula-brasileira-busca-diminuir-desigualdade-e-violencia-contra-refugiadas\/"},"modified":"2023-03-10T09:54:14","modified_gmt":"2023-03-10T12:54:14","slug":"y20-com-foco-no-genero-recomendacoes-da-cupula-brasileira-busca-diminuir-desigualdade-e-violencia-contra-refugiadas","status":"publish","type":"post","link":"http:\/\/globalattitude.org.br\/en\/y20-com-foco-no-genero-recomendacoes-da-cupula-brasileira-busca-diminuir-desigualdade-e-violencia-contra-refugiadas\/","title":{"rendered":"Y20:  Brasileiros buscam diminuir desigualdade entre g\u00eaneros e viol\u00eancia contra refugiados em f\u00f3rum jovem do G20"},"content":{"rendered":"<p>POR BIAH PERCINOTO<\/p>\n<p>As propostas\u00a0dos\u00a0brasileiros,\u00a0sobre g\u00eanero e apoio aos refugiados s\u00edrios, foram recebidas com entusiasmo pelas delega\u00e7\u00f5es que integraram\u00a0a c\u00fapula jovem do G20. Tr\u00eas\u00a0delas obtiveram apoio un\u00e2nime durante o evento de seis dias.<\/p>\n<p>Intitulado &#8220;Youth 20&#8221;, o evento est\u00e1 acontecendo em\u00a0Istambul, Turquia, e tem como objetivo fornecer aos l\u00edderes da coopera\u00e7\u00e3o econ\u00f4mica a\u00a0perspectiva dos jovens sobre problemas globais contempor\u00e2neos, como desemprego juvenil,\u00a0educa\u00e7\u00e3o e a quest\u00e3o dos refugiados.\u00a0Cada pa\u00eds \u00e9 representado por quatro ou cinco pessoas, perfazendo um total de cerca de 100 delegados na cimeira.<\/p>\n<p>Selecionados\u00a0pelo programa Diplomacia Civil, do Instituto Global Attitude, a <a href=\"http:\/\/blog.globalattitude.org.br\/vem-ver-quem-sao-os-delegados-brasileiros-para-o-spring-meetings-e-y20-em-2015\/\" target=\"_blank\" rel=\"noopener noreferrer\">delega\u00e7\u00e3o brasileira<\/a> \u00e9 composta pela jornalista Juliana de Faria Kenski, pelos Internacionalistas\u00a0Bruno Stankevicius Bassi, Lucas Gabriel Figueira Rocha e\u00a0Boris Perius Zabolotsky, e pelo economista\u00a0Helder Seabra Consoli.<\/p>\n<div id=\"attachment_1525\" style=\"width: 610px\" class=\"wp-caption aligncenter\"><a href=\"http:\/\/globalattitude.org.br\/wp-content\/uploads\/2023\/03\/Y20-delegacao-brasileira-2015-istambul-turquia.jpg\"><img fetchpriority=\"high\" decoding=\"async\" aria-describedby=\"caption-attachment-1525\" class=\"wp-image-1525\" src=\"http:\/\/globalattitude.org.br\/wp-content\/uploads\/2023\/03\/Y20-delegacao-brasileira-2015-istambul-turquia-1024x657.jpg\" alt=\"Y20- delega\u00e7\u00e3o-brasileira-2015-istambul-turquia\" width=\"600\" height=\"385\" \/><\/a><p id=\"caption-attachment-1525\" class=\"wp-caption-text\">Da esquerda para a direita: Bruno S. Bassi, Lucas Gabriel Rocha,\u00a0Juliana Kenski, Helder S. Consoli e Boris P. Zabolotsky<\/p><\/div>\n<p>Dentre as recomenda\u00e7\u00f5es brasileiras\u00a0que tiveram\u00a0aprova\u00e7\u00e3o un\u00e2nime durante o f\u00f3rum est\u00e1 a elimina\u00e7\u00e3o das desigualdades de g\u00eanero no \u00e2mbito da educa\u00e7\u00e3o e do ambiente de trabalho, por meio do acesso gratuito ao ensino secund\u00e1rio, conte\u00fado com perspectiva de g\u00eanero e sensibiliza\u00e7\u00e3o dos professores no combate de estere\u00f3tipos;\u00a0a educa\u00e7\u00e3o como instrumento de coes\u00e3o social e toler\u00e2ncia, celebrando a diversidade, al\u00e9m do apoio jur\u00eddico a refugiados s\u00edrios, combate a viol\u00eancia sexual e empoderamento por meio da educa\u00e7\u00e3o.<\/p>\n<p>&#8220;Recentemente o G20 criou o W20 provando que finalmente o debate sobre a mulher est\u00e1 sendo reconhecido e ganhando aten\u00e7\u00e3o na agenda internacional. A redu\u00e7\u00e3o deste gap de oportunidades entre homens e mulheres tamb\u00e9m foi falado na abertura do Y20, que pretende\u00a0quebrar preconceitos e estere\u00f3tipos por meio da educa\u00e7\u00e3o, promovendo a\u00a0inclus\u00e3o a todos os g\u00eaneros&#8221;, comentou a jornalista e delegada brasileira no evento Juliana\u00a0Kenski.<\/p>\n","protected":false},"excerpt":{"rendered":"<p>POR BIAH PERCINOTO As propostas\u00a0dos\u00a0brasileiros,\u00a0sobre g\u00eanero e apoio aos refugiados s\u00edrios, foram recebidas com entusiasmo pelas delega\u00e7\u00f5es que integraram\u00a0a c\u00fapula jovem do G20. Tr\u00eas\u00a0delas obtiveram apoio un\u00e2nime durante o evento de seis dias. Intitulado &#8220;Youth 20&#8221;, o evento est\u00e1 acontecendo em\u00a0Istambul, Turquia, e tem como objetivo fornecer aos l\u00edderes da coopera\u00e7\u00e3o econ\u00f4mica a\u00a0perspectiva dos jovens [&hellip;]<\/p>\n","protected":false},"author":1,"featured_media":671,"comment_status":"open","ping_status":"open","sticky":false,"template":"","format":"standard","meta":{"_acf_changed":false,"om_disable_all_campaigns":false,"_monsterinsights_skip_tracking":false,"_monsterinsights_sitenote_active":false,"_monsterinsights_sitenote_note":"","_monsterinsights_sitenote_category":0,"_uf_show_specific_survey":0,"_uf_disable_surveys":false,"footnotes":""},"categories":[22,34],"tags":[],"class_list":["post-670","post","type-post","status-publish","format-standard","hentry","category-programas","category-ultimas"],"acf":[],"aioseo_notices":[],"yoast_head":"<!-- This site is optimized with the Yoast SEO plugin v27.5 - https:\/\/yoast.com\/product\/yoast-seo-wordpress\/ -->\n<title>Y20: Brasileiros buscam diminuir desigualdade entre g\u00eaneros e viol\u00eancia contra refugiados em f\u00f3rum jovem do G20 - Instituto Global Attitude<\/title>\n<meta name=\"robots\" content=\"index, follow, max-snippet:-1, max-image-preview:large, max-video-preview:-1\" \/>\n<link rel=\"canonical\" href=\"https:\/\/globalattitude.org.br\/y20-com-foco-no-genero-recomendacoes-da-cupula-brasileira-busca-diminuir-desigualdade-e-violencia-contra-refugiadas\/\" \/>\n<meta property=\"og:locale\" content=\"en_US\" \/>\n<meta property=\"og:type\" content=\"article\" \/>\n<meta property=\"og:title\" content=\"Y20: Brasileiros buscam diminuir desigualdade entre g\u00eaneros e viol\u00eancia contra refugiados em f\u00f3rum jovem do G20 - Instituto Global Attitude\" \/>\n<meta property=\"og:description\" content=\"POR BIAH PERCINOTO As propostas\u00a0dos\u00a0brasileiros,\u00a0sobre g\u00eanero e apoio aos refugiados s\u00edrios, foram recebidas com entusiasmo pelas delega\u00e7\u00f5es que integraram\u00a0a c\u00fapula jovem do G20. Tr\u00eas\u00a0delas obtiveram apoio un\u00e2nime durante o evento de seis dias. Intitulado &#8220;Youth 20&#8221;, o evento est\u00e1 acontecendo em\u00a0Istambul, Turquia, e tem como objetivo fornecer aos l\u00edderes da coopera\u00e7\u00e3o econ\u00f4mica a\u00a0perspectiva dos jovens [&hellip;]\" \/>\n<meta property=\"og:url\" content=\"https:\/\/globalattitude.org.br\/y20-com-foco-no-genero-recomendacoes-da-cupula-brasileira-busca-diminuir-desigualdade-e-violencia-contra-refugiadas\/\" \/>\n<meta property=\"og:site_name\" content=\"Instituto Global Attitude\" \/>\n<meta property=\"article:publisher\" content=\"https:\/\/www.facebook.com\/global.attitude.org\/\" \/>\n<meta property=\"article:published_time\" content=\"2015-08-20T02:52:51+00:00\" \/>\n<meta property=\"article:modified_time\" content=\"2023-03-10T12:54:14+00:00\" \/>\n<meta property=\"og:image\" content=\"https:\/\/globalattitude.org.br\/wp-content\/uploads\/2023\/03\/Y20-delegacao-brasileira-2015-istambul-turquia-1200x769.jpg\" \/>\n\t<meta property=\"og:image:width\" content=\"1371\" \/>\n\t<meta property=\"og:image:height\" content=\"879\" \/>\n\t<meta property=\"og:image:type\" content=\"image\/jpeg\" \/>\n<meta name=\"author\" content=\"123esite\" \/>\n<meta name=\"twitter:card\" content=\"summary_large_image\" \/>\n<meta name=\"twitter:creator\" content=\"@global_attitude\" \/>\n<meta name=\"twitter:site\" content=\"@global_attitude\" \/>\n<meta name=\"twitter:label1\" content=\"Written by\" \/>\n\t<meta name=\"twitter:data1\" content=\"123esite\" \/>\n\t<meta name=\"twitter:label2\" content=\"Est. reading time\" \/>\n\t<meta name=\"twitter:data2\" content=\"2 minutes\" \/>\n<script type=\"application\/ld+json\" class=\"yoast-schema-graph\">{\"@context\":\"https:\\\/\\\/schema.org\",\"@graph\":[{\"@type\":[\"Article\",\"BlogPosting\"],\"@id\":\"https:\\\/\\\/globalattitude.org.br\\\/y20-com-foco-no-genero-recomendacoes-da-cupula-brasileira-busca-diminuir-desigualdade-e-violencia-contra-refugiadas\\\/#article\",\"isPartOf\":{\"@id\":\"https:\\\/\\\/globalattitude.org.br\\\/y20-com-foco-no-genero-recomendacoes-da-cupula-brasileira-busca-diminuir-desigualdade-e-violencia-contra-refugiadas\\\/\"},\"author\":{\"name\":\"123esite\",\"@id\":\"http:\\\/\\\/globalattitude.org.br\\\/#\\\/schema\\\/person\\\/6d308f9d9d1eebad0278ad9386f13169\"},\"headline\":\"Y20: Brasileiros buscam diminuir desigualdade entre g\u00eaneros e viol\u00eancia contra refugiados em f\u00f3rum jovem do G20\",\"datePublished\":\"2015-08-20T02:52:51+00:00\",\"dateModified\":\"2023-03-10T12:54:14+00:00\",\"mainEntityOfPage\":{\"@id\":\"https:\\\/\\\/globalattitude.org.br\\\/y20-com-foco-no-genero-recomendacoes-da-cupula-brasileira-busca-diminuir-desigualdade-e-violencia-contra-refugiadas\\\/\"},\"wordCount\":360,\"commentCount\":0,\"publisher\":{\"@id\":\"http:\\\/\\\/globalattitude.org.br\\\/#organization\"},\"image\":{\"@id\":\"https:\\\/\\\/globalattitude.org.br\\\/y20-com-foco-no-genero-recomendacoes-da-cupula-brasileira-busca-diminuir-desigualdade-e-violencia-contra-refugiadas\\\/#primaryimage\"},\"thumbnailUrl\":\"http:\\\/\\\/globalattitude.org.br\\\/wp-content\\\/uploads\\\/2023\\\/03\\\/Y20-delegacao-brasileira-2015-istambul-turquia-1200x769.jpg\",\"articleSection\":[\"Programas\",\"\u00daltimas\"],\"inLanguage\":\"en-US\",\"potentialAction\":[{\"@type\":\"CommentAction\",\"name\":\"Comment\",\"target\":[\"https:\\\/\\\/globalattitude.org.br\\\/y20-com-foco-no-genero-recomendacoes-da-cupula-brasileira-busca-diminuir-desigualdade-e-violencia-contra-refugiadas\\\/#respond\"]}]},{\"@type\":\"WebPage\",\"@id\":\"https:\\\/\\\/globalattitude.org.br\\\/y20-com-foco-no-genero-recomendacoes-da-cupula-brasileira-busca-diminuir-desigualdade-e-violencia-contra-refugiadas\\\/\",\"url\":\"https:\\\/\\\/globalattitude.org.br\\\/y20-com-foco-no-genero-recomendacoes-da-cupula-brasileira-busca-diminuir-desigualdade-e-violencia-contra-refugiadas\\\/\",\"name\":\"Y20: Brasileiros buscam diminuir desigualdade entre g\u00eaneros e viol\u00eancia contra refugiados em f\u00f3rum jovem do G20 - Instituto Global Attitude\",\"isPartOf\":{\"@id\":\"http:\\\/\\\/globalattitude.org.br\\\/#website\"},\"primaryImageOfPage\":{\"@id\":\"https:\\\/\\\/globalattitude.org.br\\\/y20-com-foco-no-genero-recomendacoes-da-cupula-brasileira-busca-diminuir-desigualdade-e-violencia-contra-refugiadas\\\/#primaryimage\"},\"image\":{\"@id\":\"https:\\\/\\\/globalattitude.org.br\\\/y20-com-foco-no-genero-recomendacoes-da-cupula-brasileira-busca-diminuir-desigualdade-e-violencia-contra-refugiadas\\\/#primaryimage\"},\"thumbnailUrl\":\"http:\\\/\\\/globalattitude.org.br\\\/wp-content\\\/uploads\\\/2023\\\/03\\\/Y20-delegacao-brasileira-2015-istambul-turquia-1200x769.jpg\",\"datePublished\":\"2015-08-20T02:52:51+00:00\",\"dateModified\":\"2023-03-10T12:54:14+00:00\",\"breadcrumb\":{\"@id\":\"https:\\\/\\\/globalattitude.org.br\\\/y20-com-foco-no-genero-recomendacoes-da-cupula-brasileira-busca-diminuir-desigualdade-e-violencia-contra-refugiadas\\\/#breadcrumb\"},\"inLanguage\":\"en-US\",\"potentialAction\":[{\"@type\":\"ReadAction\",\"target\":[\"https:\\\/\\\/globalattitude.org.br\\\/y20-com-foco-no-genero-recomendacoes-da-cupula-brasileira-busca-diminuir-desigualdade-e-violencia-contra-refugiadas\\\/\"]}]},{\"@type\":\"ImageObject\",\"inLanguage\":\"en-US\",\"@id\":\"https:\\\/\\\/globalattitude.org.br\\\/y20-com-foco-no-genero-recomendacoes-da-cupula-brasileira-busca-diminuir-desigualdade-e-violencia-contra-refugiadas\\\/#primaryimage\",\"url\":\"http:\\\/\\\/globalattitude.org.br\\\/wp-content\\\/uploads\\\/2023\\\/03\\\/Y20-delegacao-brasileira-2015-istambul-turquia-1200x769.jpg\",\"contentUrl\":\"http:\\\/\\\/globalattitude.org.br\\\/wp-content\\\/uploads\\\/2023\\\/03\\\/Y20-delegacao-brasileira-2015-istambul-turquia-1200x769.jpg\",\"width\":1371,\"height\":879},{\"@type\":\"BreadcrumbList\",\"@id\":\"https:\\\/\\\/globalattitude.org.br\\\/y20-com-foco-no-genero-recomendacoes-da-cupula-brasileira-busca-diminuir-desigualdade-e-violencia-contra-refugiadas\\\/#breadcrumb\",\"itemListElement\":[{\"@type\":\"ListItem\",\"position\":1,\"name\":\"In\u00edcio\",\"item\":\"https:\\\/\\\/globalattitude.org.br\\\/en\\\/\"},{\"@type\":\"ListItem\",\"position\":2,\"name\":\"Y20: Brasileiros buscam diminuir desigualdade entre g\u00eaneros e viol\u00eancia contra refugiados em f\u00f3rum jovem do G20\"}]},{\"@type\":\"WebSite\",\"@id\":\"http:\\\/\\\/globalattitude.org.br\\\/#website\",\"url\":\"http:\\\/\\\/globalattitude.org.br\\\/\",\"name\":\"Instituto Global Attitude\",\"description\":\"\",\"publisher\":{\"@id\":\"http:\\\/\\\/globalattitude.org.br\\\/#organization\"},\"potentialAction\":[{\"@type\":\"SearchAction\",\"target\":{\"@type\":\"EntryPoint\",\"urlTemplate\":\"http:\\\/\\\/globalattitude.org.br\\\/?s={search_term_string}\"},\"query-input\":{\"@type\":\"PropertyValueSpecification\",\"valueRequired\":true,\"valueName\":\"search_term_string\"}}],\"inLanguage\":\"en-US\"},{\"@type\":\"Organization\",\"@id\":\"http:\\\/\\\/globalattitude.org.br\\\/#organization\",\"name\":\"Instituto Global Attitude\",\"url\":\"http:\\\/\\\/globalattitude.org.br\\\/\",\"logo\":{\"@type\":\"ImageObject\",\"inLanguage\":\"en-US\",\"@id\":\"http:\\\/\\\/globalattitude.org.br\\\/#\\\/schema\\\/logo\\\/image\\\/\",\"url\":\"https:\\\/\\\/globalattitude.org.br\\\/wp-content\\\/uploads\\\/2023\\\/01\\\/instituto-global-attitude-color.png\",\"contentUrl\":\"https:\\\/\\\/globalattitude.org.br\\\/wp-content\\\/uploads\\\/2023\\\/01\\\/instituto-global-attitude-color.png\",\"width\":300,\"height\":131,\"caption\":\"Instituto Global Attitude\"},\"image\":{\"@id\":\"http:\\\/\\\/globalattitude.org.br\\\/#\\\/schema\\\/logo\\\/image\\\/\"},\"sameAs\":[\"https:\\\/\\\/www.facebook.com\\\/global.attitude.org\\\/\",\"https:\\\/\\\/x.com\\\/global_attitude\",\"https:\\\/\\\/www.instagram.com\\\/globalattitude\",\"https:\\\/\\\/www.linkedin.com\\\/company\\\/global-attitude\\\/?viewAsMember=true\"]},{\"@type\":\"Person\",\"@id\":\"http:\\\/\\\/globalattitude.org.br\\\/#\\\/schema\\\/person\\\/6d308f9d9d1eebad0278ad9386f13169\",\"name\":\"123esite\",\"image\":{\"@type\":\"ImageObject\",\"inLanguage\":\"en-US\",\"@id\":\"https:\\\/\\\/secure.gravatar.com\\\/avatar\\\/07bd71fac19f42004f2b73567f012e126689afdb23cb0017536dea9113ba1806?s=96&d=mm&r=g\",\"url\":\"https:\\\/\\\/secure.gravatar.com\\\/avatar\\\/07bd71fac19f42004f2b73567f012e126689afdb23cb0017536dea9113ba1806?s=96&d=mm&r=g\",\"contentUrl\":\"https:\\\/\\\/secure.gravatar.com\\\/avatar\\\/07bd71fac19f42004f2b73567f012e126689afdb23cb0017536dea9113ba1806?s=96&d=mm&r=g\",\"caption\":\"123esite\"},\"sameAs\":[\"http:\\\/\\\/globalattitude.org.br\"],\"url\":\"http:\\\/\\\/globalattitude.org.br\\\/en\\\/author\\\/123esite\\\/\"}]}<\/script>\n<!-- \/ Yoast SEO plugin. -->","yoast_head_json":{"title":"Y20: Brasileiros buscam diminuir desigualdade entre g\u00eaneros e viol\u00eancia contra refugiados em f\u00f3rum jovem do G20 - Instituto Global Attitude","robots":{"index":"index","follow":"follow","max-snippet":"max-snippet:-1","max-image-preview":"max-image-preview:large","max-video-preview":"max-video-preview:-1"},"canonical":"https:\/\/globalattitude.org.br\/y20-com-foco-no-genero-recomendacoes-da-cupula-brasileira-busca-diminuir-desigualdade-e-violencia-contra-refugiadas\/","og_locale":"en_US","og_type":"article","og_title":"Y20: Brasileiros buscam diminuir desigualdade entre g\u00eaneros e viol\u00eancia contra refugiados em f\u00f3rum jovem do G20 - Instituto Global Attitude","og_description":"POR BIAH PERCINOTO As propostas\u00a0dos\u00a0brasileiros,\u00a0sobre g\u00eanero e apoio aos refugiados s\u00edrios, foram recebidas com entusiasmo pelas delega\u00e7\u00f5es que integraram\u00a0a c\u00fapula jovem do G20. Tr\u00eas\u00a0delas obtiveram apoio un\u00e2nime durante o evento de seis dias. Intitulado &#8220;Youth 20&#8221;, o evento est\u00e1 acontecendo em\u00a0Istambul, Turquia, e tem como objetivo fornecer aos l\u00edderes da coopera\u00e7\u00e3o econ\u00f4mica a\u00a0perspectiva dos jovens [&hellip;]","og_url":"https:\/\/globalattitude.org.br\/y20-com-foco-no-genero-recomendacoes-da-cupula-brasileira-busca-diminuir-desigualdade-e-violencia-contra-refugiadas\/","og_site_name":"Instituto Global Attitude","article_publisher":"https:\/\/www.facebook.com\/global.attitude.org\/","article_published_time":"2015-08-20T02:52:51+00:00","article_modified_time":"2023-03-10T12:54:14+00:00","og_image":[{"width":1371,"height":879,"url":"https:\/\/globalattitude.org.br\/wp-content\/uploads\/2023\/03\/Y20-delegacao-brasileira-2015-istambul-turquia-1200x769.jpg","type":"image\/jpeg"}],"author":"123esite","twitter_card":"summary_large_image","twitter_creator":"@global_attitude","twitter_site":"@global_attitude","twitter_misc":{"Written by":"123esite","Est. reading time":"2 minutes"},"schema":{"@context":"https:\/\/schema.org","@graph":[{"@type":["Article","BlogPosting"],"@id":"https:\/\/globalattitude.org.br\/y20-com-foco-no-genero-recomendacoes-da-cupula-brasileira-busca-diminuir-desigualdade-e-violencia-contra-refugiadas\/#article","isPartOf":{"@id":"https:\/\/globalattitude.org.br\/y20-com-foco-no-genero-recomendacoes-da-cupula-brasileira-busca-diminuir-desigualdade-e-violencia-contra-refugiadas\/"},"author":{"name":"123esite","@id":"http:\/\/globalattitude.org.br\/#\/schema\/person\/6d308f9d9d1eebad0278ad9386f13169"},"headline":"Y20: Brasileiros buscam diminuir desigualdade entre g\u00eaneros e viol\u00eancia contra refugiados em f\u00f3rum jovem do G20","datePublished":"2015-08-20T02:52:51+00:00","dateModified":"2023-03-10T12:54:14+00:00","mainEntityOfPage":{"@id":"https:\/\/globalattitude.org.br\/y20-com-foco-no-genero-recomendacoes-da-cupula-brasileira-busca-diminuir-desigualdade-e-violencia-contra-refugiadas\/"},"wordCount":360,"commentCount":0,"publisher":{"@id":"http:\/\/globalattitude.org.br\/#organization"},"image":{"@id":"https:\/\/globalattitude.org.br\/y20-com-foco-no-genero-recomendacoes-da-cupula-brasileira-busca-diminuir-desigualdade-e-violencia-contra-refugiadas\/#primaryimage"},"thumbnailUrl":"http:\/\/globalattitude.org.br\/wp-content\/uploads\/2023\/03\/Y20-delegacao-brasileira-2015-istambul-turquia-1200x769.jpg","articleSection":["Programas","\u00daltimas"],"inLanguage":"en-US","potentialAction":[{"@type":"CommentAction","name":"Comment","target":["https:\/\/globalattitude.org.br\/y20-com-foco-no-genero-recomendacoes-da-cupula-brasileira-busca-diminuir-desigualdade-e-violencia-contra-refugiadas\/#respond"]}]},{"@type":"WebPage","@id":"https:\/\/globalattitude.org.br\/y20-com-foco-no-genero-recomendacoes-da-cupula-brasileira-busca-diminuir-desigualdade-e-violencia-contra-refugiadas\/","url":"https:\/\/globalattitude.org.br\/y20-com-foco-no-genero-recomendacoes-da-cupula-brasileira-busca-diminuir-desigualdade-e-violencia-contra-refugiadas\/","name":"Y20: Brasileiros buscam diminuir desigualdade entre g\u00eaneros e viol\u00eancia contra refugiados em f\u00f3rum jovem do G20 - Instituto Global Attitude","isPartOf":{"@id":"http:\/\/globalattitude.org.br\/#website"},"primaryImageOfPage":{"@id":"https:\/\/globalattitude.org.br\/y20-com-foco-no-genero-recomendacoes-da-cupula-brasileira-busca-diminuir-desigualdade-e-violencia-contra-refugiadas\/#primaryimage"},"image":{"@id":"https:\/\/globalattitude.org.br\/y20-com-foco-no-genero-recomendacoes-da-cupula-brasileira-busca-diminuir-desigualdade-e-violencia-contra-refugiadas\/#primaryimage"},"thumbnailUrl":"http:\/\/globalattitude.org.br\/wp-content\/uploads\/2023\/03\/Y20-delegacao-brasileira-2015-istambul-turquia-1200x769.jpg","datePublished":"2015-08-20T02:52:51+00:00","dateModified":"2023-03-10T12:54:14+00:00","breadcrumb":{"@id":"https:\/\/globalattitude.org.br\/y20-com-foco-no-genero-recomendacoes-da-cupula-brasileira-busca-diminuir-desigualdade-e-violencia-contra-refugiadas\/#breadcrumb"},"inLanguage":"en-US","potentialAction":[{"@type":"ReadAction","target":["https:\/\/globalattitude.org.br\/y20-com-foco-no-genero-recomendacoes-da-cupula-brasileira-busca-diminuir-desigualdade-e-violencia-contra-refugiadas\/"]}]},{"@type":"ImageObject","inLanguage":"en-US","@id":"https:\/\/globalattitude.org.br\/y20-com-foco-no-genero-recomendacoes-da-cupula-brasileira-busca-diminuir-desigualdade-e-violencia-contra-refugiadas\/#primaryimage","url":"http:\/\/globalattitude.org.br\/wp-content\/uploads\/2023\/03\/Y20-delegacao-brasileira-2015-istambul-turquia-1200x769.jpg","contentUrl":"http:\/\/globalattitude.org.br\/wp-content\/uploads\/2023\/03\/Y20-delegacao-brasileira-2015-istambul-turquia-1200x769.jpg","width":1371,"height":879},{"@type":"BreadcrumbList","@id":"https:\/\/globalattitude.org.br\/y20-com-foco-no-genero-recomendacoes-da-cupula-brasileira-busca-diminuir-desigualdade-e-violencia-contra-refugiadas\/#breadcrumb","itemListElement":[{"@type":"ListItem","position":1,"name":"In\u00edcio","item":"https:\/\/globalattitude.org.br\/en\/"},{"@type":"ListItem","position":2,"name":"Y20: Brasileiros buscam diminuir desigualdade entre g\u00eaneros e viol\u00eancia contra refugiados em f\u00f3rum jovem do G20"}]},{"@type":"WebSite","@id":"http:\/\/globalattitude.org.br\/#website","url":"http:\/\/globalattitude.org.br\/","name":"Instituto Global Attitude","description":"","publisher":{"@id":"http:\/\/globalattitude.org.br\/#organization"},"potentialAction":[{"@type":"SearchAction","target":{"@type":"EntryPoint","urlTemplate":"http:\/\/globalattitude.org.br\/?s={search_term_string}"},"query-input":{"@type":"PropertyValueSpecification","valueRequired":true,"valueName":"search_term_string"}}],"inLanguage":"en-US"},{"@type":"Organization","@id":"http:\/\/globalattitude.org.br\/#organization","name":"Instituto Global Attitude","url":"http:\/\/globalattitude.org.br\/","logo":{"@type":"ImageObject","inLanguage":"en-US","@id":"http:\/\/globalattitude.org.br\/#\/schema\/logo\/image\/","url":"https:\/\/globalattitude.org.br\/wp-content\/uploads\/2023\/01\/instituto-global-attitude-color.png","contentUrl":"https:\/\/globalattitude.org.br\/wp-content\/uploads\/2023\/01\/instituto-global-attitude-color.png","width":300,"height":131,"caption":"Instituto Global Attitude"},"image":{"@id":"http:\/\/globalattitude.org.br\/#\/schema\/logo\/image\/"},"sameAs":["https:\/\/www.facebook.com\/global.attitude.org\/","https:\/\/x.com\/global_attitude","https:\/\/www.instagram.com\/globalattitude","https:\/\/www.linkedin.com\/company\/global-attitude\/?viewAsMember=true"]},{"@type":"Person","@id":"http:\/\/globalattitude.org.br\/#\/schema\/person\/6d308f9d9d1eebad0278ad9386f13169","name":"123esite","image":{"@type":"ImageObject","inLanguage":"en-US","@id":"https:\/\/secure.gravatar.com\/avatar\/07bd71fac19f42004f2b73567f012e126689afdb23cb0017536dea9113ba1806?s=96&d=mm&r=g","url":"https:\/\/secure.gravatar.com\/avatar\/07bd71fac19f42004f2b73567f012e126689afdb23cb0017536dea9113ba1806?s=96&d=mm&r=g","contentUrl":"https:\/\/secure.gravatar.com\/avatar\/07bd71fac19f42004f2b73567f012e126689afdb23cb0017536dea9113ba1806?s=96&d=mm&r=g","caption":"123esite"},"sameAs":["http:\/\/globalattitude.org.br"],"url":"http:\/\/globalattitude.org.br\/en\/author\/123esite\/"}]}},"_links":{"self":[{"href":"http:\/\/globalattitude.org.br\/en\/wp-json\/wp\/v2\/posts\/670","targetHints":{"allow":["GET"]}}],"collection":[{"href":"http:\/\/globalattitude.org.br\/en\/wp-json\/wp\/v2\/posts"}],"about":[{"href":"http:\/\/globalattitude.org.br\/en\/wp-json\/wp\/v2\/types\/post"}],"author":[{"embeddable":true,"href":"http:\/\/globalattitude.org.br\/en\/wp-json\/wp\/v2\/users\/1"}],"replies":[{"embeddable":true,"href":"http:\/\/globalattitude.org.br\/en\/wp-json\/wp\/v2\/comments?post=670"}],"version-history":[{"count":1,"href":"http:\/\/globalattitude.org.br\/en\/wp-json\/wp\/v2\/posts\/670\/revisions"}],"predecessor-version":[{"id":672,"href":"http:\/\/globalattitude.org.br\/en\/wp-json\/wp\/v2\/posts\/670\/revisions\/672"}],"wp:featuredmedia":[{"embeddable":true,"href":"http:\/\/globalattitude.org.br\/en\/wp-json\/wp\/v2\/media\/671"}],"wp:attachment":[{"href":"http:\/\/globalattitude.org.br\/en\/wp-json\/wp\/v2\/media?parent=670"}],"wp:term":[{"taxonomy":"category","embeddable":true,"href":"http:\/\/globalattitude.org.br\/en\/wp-json\/wp\/v2\/categories?post=670"},{"taxonomy":"post_tag","embeddable":true,"href":"http:\/\/globalattitude.org.br\/en\/wp-json\/wp\/v2\/tags?post=670"}],"curies":[{"name":"wp","href":"https:\/\/api.w.org\/{rel}","templated":true}]}}