{"id":8281,"date":"2024-06-06T10:36:28","date_gmt":"2024-06-06T13:36:28","guid":{"rendered":"https:\/\/globalattitude.org.br\/?p=8281"},"modified":"2024-07-30T12:16:05","modified_gmt":"2024-07-30T15:16:05","slug":"junho-e-o-mes-da-diversidade-sexual-e-de-genero","status":"publish","type":"post","link":"http:\/\/globalattitude.org.br\/en\/junho-e-o-mes-da-diversidade-sexual-e-de-genero\/","title":{"rendered":"Junho \u00e9 o m\u00eas da diversidade sexual e de g\u00eanero"},"content":{"rendered":"<p>A data \u00e9 lembrada como luta pela igualdade, representatividade, respeito e combate a retrocessos que amea\u00e7am direitos de l\u00e9sbicas, gays, bissexuais, pessoas trans e interssexuais.<\/p>\n<p>Por Reda\u00e7\u00e3o, IGA SP \u2014 S\u00e3o Paulo 06\/06\/2024 10h21 Atualizado h\u00e1 20 minutos<\/p>\n<p>O m\u00eas de junho costuma ser marcado por diversos movimentos e passeatas do movimento\u00a0<a href=\"https:\/\/querobolsa.com.br\/revista\/lgbtqia\">LGBTQIAP+<\/a> pelo Brasil. Para se ter uma ideia, a <a href=\"https:\/\/g1.globo.com\/sp\/sao-paulo\/noticia\/2024\/06\/02\/parada-lgbt-2024-sp.ghtml\">28\u00aa Parada do Orgulho LGBT+<\/a>, reuniu mais de 70 mil pessoas, na Avenida Paulista, em S\u00e3o Paulo. No Rio de Janeiro, o evento ultrapassou a marca dos 100 mil.<\/p>\n<p>Em outros pa\u00edses, as diversas passeatas s\u00e3o marcadas por serem, ao mesmo tempo, uma celebra\u00e7\u00e3o das rela\u00e7\u00f5es homoafetivas e movimentos pol\u00edticos, de reivindica\u00e7\u00e3o por direitos e cidadania por parte da comunidade LGBTQIAP+.<\/p>\n<h2><strong>Porque junho \u00e9 o m\u00eas do orgulho LGBTI+?<\/strong><\/h2>\n<p>A data \u00e9 importante porque remete \u00e0 hist\u00f3ria do movimento LGBTQIAP+, j\u00e1 que,\u00a0em 1969, houve a chamada revolta de Stonewall em Nova Iorque, que foi desencadeada quando grupos de homens homossexuais decidiram enfrentar a viol\u00eancia policial, da qual eles eram v\u00edtimas.<\/p>\n<p>Na madrugada do dia 28 de 1969 o motim resolveu enfrentar a a\u00e7\u00e3o policial em um bar que era ponto de encontro de pessoas\u00a0LGBTQIAP+. Como protesto, eles ficaram confinados dentro do bar. Nesse per\u00edodo, o grupo recebeu apoio de uma multid\u00e3o de gays e l\u00e9sbicas que ficaram do lado de fora.<\/p>\n<h2><strong>O que significa\u00a0LGBTQIAP+<\/strong><\/h2>\n<p>A sigla\u00a0LGBTQIAP+\u00a0remete \u00e0 diversidade sexual existente entre os humanos e significa:\u00a0L\u00e9sbicas, Gays, Bissexuais, Travestis e Transexuais, Intersexuais, Queer, Assexuais, Pansexuais,\u00a0entre outros. Na d\u00e9cada de 1990, alguns movimentos culturais e pol\u00edticos utilizavam a sigla \u201cGLS\u201d, (Gays, L\u00e9sbicas e Simpatizantes), para se referir \u00e0 comunidade.<\/p>\n<p>Com o tempo, outras express\u00f5es sexuais conquistaram visibilidade e relev\u00e2ncia pol\u00edtica dentro dos pr\u00f3prios movimentos\u00a0LGBTQIAP+\u00a0E passaram a ser representadas tamb\u00e9m pela sigla do movimento.<\/p>\n<p>\u201cA viol\u00eancia motivada pela homofobia e transfobia \u00e9 muitas vezes particularmente brutal, e em alguns casos caracterizada por n\u00edveis de crueldade superior a de outros crimes de \u00f3dio\u201d, afirma o relat\u00f3rio do Escrit\u00f3rio das Na\u00e7\u00f5es Unidas de Direitos Humanos (ACNUDH).<\/p>\n<h2><strong>O que diz a ONU sobre o movimento?<\/strong><\/h2>\n<p>\u201cA luta contra a homofobia \u00e9 uma parte essencial da batalha mais ampla dos direitos humanos para todos\u201d,\u00a0<a href=\"http:\/\/www.unifem.org.br\/003\/00301009.asp?ttCD_CHAVE=189100\">disse<\/a>\u00a0o secret\u00e1rio-geral da ONU, Ban Ki-moon, em seu discurso para o F\u00f3rum Internacional sobre o Dia Internacional Contra a Homofobia e Transfobia (IDAHO), realizado em Haia, na Holanda.<\/p>\n<p><img fetchpriority=\"high\" decoding=\"async\" class=\"wp-image-8282 size-full\" src=\"http:\/\/globalattitude.org.br\/wp-content\/uploads\/2024\/06\/ban_ki-moon.jpg\" alt=\"\" width=\"1024\" height=\"703\" srcset=\"http:\/\/globalattitude.org.br\/wp-content\/uploads\/2024\/06\/ban_ki-moon.jpg 1024w, http:\/\/globalattitude.org.br\/wp-content\/uploads\/2024\/06\/ban_ki-moon-300x206.jpg 300w, http:\/\/globalattitude.org.br\/wp-content\/uploads\/2024\/06\/ban_ki-moon-768x527.jpg 768w, http:\/\/globalattitude.org.br\/wp-content\/uploads\/2024\/06\/ban_ki-moon-180x124.jpg 180w, http:\/\/globalattitude.org.br\/wp-content\/uploads\/2024\/06\/ban_ki-moon-262x180.jpg 262w\" sizes=\"(max-width: 1024px) 100vw, 1024px\" \/>\u00a0 \u00a0 \u00a0 \u00a0 \u00a0 \u00a0 \u00a0 \u00a0 \u00a0 \u00a0 \u00a0 \u00a0 \u00a0 \u00a0 \u00a0 \u00a0 \u00a0 \u00a0 <span style=\"font-size: 14px;\">Ban Ki Moon, secret\u00e1rio-geral da Organiza\u00e7\u00e3o das Na\u00e7\u00f5es Unidas Reprodu\u00e7\u00e3o \/ AFP<\/span><\/p>\n<p>\u201cA Declara\u00e7\u00e3o Universal dos Direitos Humanos promete um mundo que \u00e9 livre e igual, e n\u00f3s s\u00f3 vamos conseguir honrar essa promessa se todos \u2014 sem exce\u00e7\u00e3o \u2014 gozarem da prote\u00e7\u00e3o que merecem.\u201d Ban Ki-moon ressaltou a responsabilidade dos governos de tomar a iniciativa para promover uma maior compreens\u00e3o da quest\u00e3o, acabando com os estere\u00f3tipos negativos.<\/p>\n<h2><strong>Dados para entender a luta contra a homofobia no Brasil<\/strong><\/h2>\n<p>As passeatas do movimento\u00a0LGBTQIAP+\u00a0est\u00e3o historicamente relacionadas com protestos de acesso \u00e0 cidadania e a direitos.\u00a0Listamos abaixo alguns dados para que se possa entender a import\u00e2ncia da luta contra a homofobia no Brasil.<\/p>\n<p>Uma pesquisa realizada pela Funda\u00e7\u00e3o Get\u00falio Vargas (FGV) com base nos dados obtidos pelo Disque 100, referentes a 2017, sobre a popula\u00e7\u00e3o LGBT, constatou que:<\/p>\n<ol>\n<li style=\"text-align: left;\">73% dos estudantes LGBTs afirmam ter sido v\u00edtimas de viol\u00eancia verbal;<\/li>\n<li style=\"text-align: left;\">36% dos estudantes LGBTs afirmam ter sido v\u00edtimas de viol\u00eancia f\u00edsica.<\/li>\n<li style=\"text-align: left;\">Al\u00e9m disso, as den\u00fancias feitas por LGBTs mostram como o grupo ainda \u00e9 v\u00edtima de viol\u00eancia:<\/li>\n<li style=\"text-align: left;\">Viol\u00eancia psicol\u00f3gica: 35%<\/li>\n<li style=\"text-align: left;\">Discrimina\u00e7\u00e3o: 35%<\/li>\n<li style=\"text-align: left;\">Viol\u00eancia f\u00edsica: 20%<\/li>\n<\/ol>\n<h2><strong>Criminaliza\u00e7\u00e3o da homofobia<\/strong><\/h2>\n<p>Em 2019, a LGBTfobia tornou-se crime no Brasil. Por meio de uma vota\u00e7\u00e3o, o Supremo Tribunal Federal (STF) decidiu, por um placar de 8 votos a 3, que a discrimina\u00e7\u00e3o contra homossexuais e transexuais\u00a0\u00e9 um crime com pena prevista de 1 a 3 anos de pris\u00e3o, al\u00e9m de multa.<\/p>\n","protected":false},"excerpt":{"rendered":"<p>A data \u00e9 lembrada como luta pela igualdade, representatividade, respeito e combate a retrocessos que amea\u00e7am direitos de l\u00e9sbicas, gays, bissexuais, pessoas trans e interssexuais. Por Reda\u00e7\u00e3o, IGA SP \u2014 S\u00e3o Paulo 06\/06\/2024 10h21 Atualizado h\u00e1 20 minutos O m\u00eas de junho costuma ser marcado por diversos movimentos e passeatas do movimento\u00a0LGBTQIAP+ pelo Brasil. Para [&hellip;]<\/p>\n","protected":false},"author":4,"featured_media":0,"comment_status":"open","ping_status":"open","sticky":false,"template":"","format":"standard","meta":{"_acf_changed":false,"om_disable_all_campaigns":false,"_monsterinsights_skip_tracking":false,"_monsterinsights_sitenote_active":false,"_monsterinsights_sitenote_note":"","_monsterinsights_sitenote_category":0,"_uf_show_specific_survey":0,"_uf_disable_surveys":false,"footnotes":""},"categories":[360],"tags":[],"class_list":["post-8281","post","type-post","status-publish","format-standard","hentry","category-noticias"],"acf":[],"aioseo_notices":[],"yoast_head":"<!-- This site is optimized with the Yoast SEO plugin v27.5 - https:\/\/yoast.com\/product\/yoast-seo-wordpress\/ -->\n<title>Junho \u00e9 o m\u00eas da diversidade sexual e de g\u00eanero - Instituto Global Attitude<\/title>\n<meta name=\"robots\" content=\"index, follow, max-snippet:-1, max-image-preview:large, max-video-preview:-1\" \/>\n<link rel=\"canonical\" href=\"https:\/\/globalattitude.org.br\/junho-e-o-mes-da-diversidade-sexual-e-de-genero\/\" \/>\n<meta property=\"og:locale\" content=\"en_US\" \/>\n<meta property=\"og:type\" content=\"article\" \/>\n<meta property=\"og:title\" content=\"Junho \u00e9 o m\u00eas da diversidade sexual e de g\u00eanero - Instituto Global Attitude\" \/>\n<meta property=\"og:description\" content=\"A data \u00e9 lembrada como luta pela igualdade, representatividade, respeito e combate a retrocessos que amea\u00e7am direitos de l\u00e9sbicas, gays, bissexuais, pessoas trans e interssexuais. Por Reda\u00e7\u00e3o, IGA SP \u2014 S\u00e3o Paulo 06\/06\/2024 10h21 Atualizado h\u00e1 20 minutos O m\u00eas de junho costuma ser marcado por diversos movimentos e passeatas do movimento\u00a0LGBTQIAP+ pelo Brasil. Para [&hellip;]\" \/>\n<meta property=\"og:url\" content=\"https:\/\/globalattitude.org.br\/junho-e-o-mes-da-diversidade-sexual-e-de-genero\/\" \/>\n<meta property=\"og:site_name\" content=\"Instituto Global Attitude\" \/>\n<meta property=\"article:publisher\" content=\"https:\/\/www.facebook.com\/global.attitude.org\/\" \/>\n<meta property=\"article:published_time\" content=\"2024-06-06T13:36:28+00:00\" \/>\n<meta property=\"article:modified_time\" content=\"2024-07-30T15:16:05+00:00\" \/>\n<meta property=\"og:image\" content=\"http:\/\/globalattitude.org.br\/wp-content\/uploads\/2024\/06\/ban_ki-moon.jpg\" \/>\n<meta name=\"author\" content=\"comunicacao\" \/>\n<meta name=\"twitter:card\" content=\"summary_large_image\" \/>\n<meta name=\"twitter:creator\" content=\"@global_attitude\" \/>\n<meta name=\"twitter:site\" content=\"@global_attitude\" \/>\n<meta name=\"twitter:label1\" content=\"Written by\" \/>\n\t<meta name=\"twitter:data1\" content=\"comunicacao\" \/>\n\t<meta name=\"twitter:label2\" content=\"Est. reading time\" \/>\n\t<meta name=\"twitter:data2\" content=\"4 minutes\" \/>\n<script type=\"application\/ld+json\" class=\"yoast-schema-graph\">{\"@context\":\"https:\\\/\\\/schema.org\",\"@graph\":[{\"@type\":[\"Article\",\"BlogPosting\"],\"@id\":\"https:\\\/\\\/globalattitude.org.br\\\/junho-e-o-mes-da-diversidade-sexual-e-de-genero\\\/#article\",\"isPartOf\":{\"@id\":\"https:\\\/\\\/globalattitude.org.br\\\/junho-e-o-mes-da-diversidade-sexual-e-de-genero\\\/\"},\"author\":{\"name\":\"comunicacao\",\"@id\":\"https:\\\/\\\/globalattitude.org.br\\\/en\\\/#\\\/schema\\\/person\\\/d2d0edb26129b7407b05aa493af63725\"},\"headline\":\"Junho \u00e9 o m\u00eas da diversidade sexual e de g\u00eanero\",\"datePublished\":\"2024-06-06T13:36:28+00:00\",\"dateModified\":\"2024-07-30T15:16:05+00:00\",\"mainEntityOfPage\":{\"@id\":\"https:\\\/\\\/globalattitude.org.br\\\/junho-e-o-mes-da-diversidade-sexual-e-de-genero\\\/\"},\"wordCount\":678,\"commentCount\":0,\"publisher\":{\"@id\":\"https:\\\/\\\/globalattitude.org.br\\\/en\\\/#organization\"},\"image\":{\"@id\":\"https:\\\/\\\/globalattitude.org.br\\\/junho-e-o-mes-da-diversidade-sexual-e-de-genero\\\/#primaryimage\"},\"thumbnailUrl\":\"http:\\\/\\\/globalattitude.org.br\\\/wp-content\\\/uploads\\\/2024\\\/06\\\/ban_ki-moon.jpg\",\"articleSection\":[\"Not\u00edcias\"],\"inLanguage\":\"en-US\",\"potentialAction\":[{\"@type\":\"CommentAction\",\"name\":\"Comment\",\"target\":[\"https:\\\/\\\/globalattitude.org.br\\\/junho-e-o-mes-da-diversidade-sexual-e-de-genero\\\/#respond\"]}]},{\"@type\":\"WebPage\",\"@id\":\"https:\\\/\\\/globalattitude.org.br\\\/junho-e-o-mes-da-diversidade-sexual-e-de-genero\\\/\",\"url\":\"https:\\\/\\\/globalattitude.org.br\\\/junho-e-o-mes-da-diversidade-sexual-e-de-genero\\\/\",\"name\":\"Junho \u00e9 o m\u00eas da diversidade sexual e de g\u00eanero - Instituto Global Attitude\",\"isPartOf\":{\"@id\":\"https:\\\/\\\/globalattitude.org.br\\\/en\\\/#website\"},\"primaryImageOfPage\":{\"@id\":\"https:\\\/\\\/globalattitude.org.br\\\/junho-e-o-mes-da-diversidade-sexual-e-de-genero\\\/#primaryimage\"},\"image\":{\"@id\":\"https:\\\/\\\/globalattitude.org.br\\\/junho-e-o-mes-da-diversidade-sexual-e-de-genero\\\/#primaryimage\"},\"thumbnailUrl\":\"http:\\\/\\\/globalattitude.org.br\\\/wp-content\\\/uploads\\\/2024\\\/06\\\/ban_ki-moon.jpg\",\"datePublished\":\"2024-06-06T13:36:28+00:00\",\"dateModified\":\"2024-07-30T15:16:05+00:00\",\"breadcrumb\":{\"@id\":\"https:\\\/\\\/globalattitude.org.br\\\/junho-e-o-mes-da-diversidade-sexual-e-de-genero\\\/#breadcrumb\"},\"inLanguage\":\"en-US\",\"potentialAction\":[{\"@type\":\"ReadAction\",\"target\":[\"https:\\\/\\\/globalattitude.org.br\\\/junho-e-o-mes-da-diversidade-sexual-e-de-genero\\\/\"]}]},{\"@type\":\"ImageObject\",\"inLanguage\":\"en-US\",\"@id\":\"https:\\\/\\\/globalattitude.org.br\\\/junho-e-o-mes-da-diversidade-sexual-e-de-genero\\\/#primaryimage\",\"url\":\"http:\\\/\\\/globalattitude.org.br\\\/wp-content\\\/uploads\\\/2024\\\/06\\\/ban_ki-moon.jpg\",\"contentUrl\":\"http:\\\/\\\/globalattitude.org.br\\\/wp-content\\\/uploads\\\/2024\\\/06\\\/ban_ki-moon.jpg\"},{\"@type\":\"BreadcrumbList\",\"@id\":\"https:\\\/\\\/globalattitude.org.br\\\/junho-e-o-mes-da-diversidade-sexual-e-de-genero\\\/#breadcrumb\",\"itemListElement\":[{\"@type\":\"ListItem\",\"position\":1,\"name\":\"In\u00edcio\",\"item\":\"https:\\\/\\\/globalattitude.org.br\\\/en\\\/\"},{\"@type\":\"ListItem\",\"position\":2,\"name\":\"Junho \u00e9 o m\u00eas da diversidade sexual e de g\u00eanero\"}]},{\"@type\":\"WebSite\",\"@id\":\"https:\\\/\\\/globalattitude.org.br\\\/en\\\/#website\",\"url\":\"https:\\\/\\\/globalattitude.org.br\\\/en\\\/\",\"name\":\"Instituto Global Attitude\",\"description\":\"\",\"publisher\":{\"@id\":\"https:\\\/\\\/globalattitude.org.br\\\/en\\\/#organization\"},\"potentialAction\":[{\"@type\":\"SearchAction\",\"target\":{\"@type\":\"EntryPoint\",\"urlTemplate\":\"https:\\\/\\\/globalattitude.org.br\\\/en\\\/?s={search_term_string}\"},\"query-input\":{\"@type\":\"PropertyValueSpecification\",\"valueRequired\":true,\"valueName\":\"search_term_string\"}}],\"inLanguage\":\"en-US\"},{\"@type\":\"Organization\",\"@id\":\"https:\\\/\\\/globalattitude.org.br\\\/en\\\/#organization\",\"name\":\"Instituto Global Attitude\",\"url\":\"https:\\\/\\\/globalattitude.org.br\\\/en\\\/\",\"logo\":{\"@type\":\"ImageObject\",\"inLanguage\":\"en-US\",\"@id\":\"https:\\\/\\\/globalattitude.org.br\\\/en\\\/#\\\/schema\\\/logo\\\/image\\\/\",\"url\":\"https:\\\/\\\/globalattitude.org.br\\\/wp-content\\\/uploads\\\/2023\\\/01\\\/instituto-global-attitude-color.png\",\"contentUrl\":\"https:\\\/\\\/globalattitude.org.br\\\/wp-content\\\/uploads\\\/2023\\\/01\\\/instituto-global-attitude-color.png\",\"width\":300,\"height\":131,\"caption\":\"Instituto Global Attitude\"},\"image\":{\"@id\":\"https:\\\/\\\/globalattitude.org.br\\\/en\\\/#\\\/schema\\\/logo\\\/image\\\/\"},\"sameAs\":[\"https:\\\/\\\/www.facebook.com\\\/global.attitude.org\\\/\",\"https:\\\/\\\/x.com\\\/global_attitude\",\"https:\\\/\\\/www.instagram.com\\\/globalattitude\",\"https:\\\/\\\/www.linkedin.com\\\/company\\\/global-attitude\\\/?viewAsMember=true\"]},{\"@type\":\"Person\",\"@id\":\"https:\\\/\\\/globalattitude.org.br\\\/en\\\/#\\\/schema\\\/person\\\/d2d0edb26129b7407b05aa493af63725\",\"name\":\"comunicacao\",\"image\":{\"@type\":\"ImageObject\",\"inLanguage\":\"en-US\",\"@id\":\"https:\\\/\\\/secure.gravatar.com\\\/avatar\\\/a25dbef6d352d1355e632d9629c19165ddb3e176cbcb21ee573e3d96d011d16b?s=96&d=mm&r=g\",\"url\":\"https:\\\/\\\/secure.gravatar.com\\\/avatar\\\/a25dbef6d352d1355e632d9629c19165ddb3e176cbcb21ee573e3d96d011d16b?s=96&d=mm&r=g\",\"contentUrl\":\"https:\\\/\\\/secure.gravatar.com\\\/avatar\\\/a25dbef6d352d1355e632d9629c19165ddb3e176cbcb21ee573e3d96d011d16b?s=96&d=mm&r=g\",\"caption\":\"comunicacao\"},\"url\":\"http:\\\/\\\/globalattitude.org.br\\\/en\\\/author\\\/comunicacao\\\/\"}]}<\/script>\n<!-- \/ Yoast SEO plugin. -->","yoast_head_json":{"title":"Junho \u00e9 o m\u00eas da diversidade sexual e de g\u00eanero - Instituto Global Attitude","robots":{"index":"index","follow":"follow","max-snippet":"max-snippet:-1","max-image-preview":"max-image-preview:large","max-video-preview":"max-video-preview:-1"},"canonical":"https:\/\/globalattitude.org.br\/junho-e-o-mes-da-diversidade-sexual-e-de-genero\/","og_locale":"en_US","og_type":"article","og_title":"Junho \u00e9 o m\u00eas da diversidade sexual e de g\u00eanero - Instituto Global Attitude","og_description":"A data \u00e9 lembrada como luta pela igualdade, representatividade, respeito e combate a retrocessos que amea\u00e7am direitos de l\u00e9sbicas, gays, bissexuais, pessoas trans e interssexuais. Por Reda\u00e7\u00e3o, IGA SP \u2014 S\u00e3o Paulo 06\/06\/2024 10h21 Atualizado h\u00e1 20 minutos O m\u00eas de junho costuma ser marcado por diversos movimentos e passeatas do movimento\u00a0LGBTQIAP+ pelo Brasil. Para [&hellip;]","og_url":"https:\/\/globalattitude.org.br\/junho-e-o-mes-da-diversidade-sexual-e-de-genero\/","og_site_name":"Instituto Global Attitude","article_publisher":"https:\/\/www.facebook.com\/global.attitude.org\/","article_published_time":"2024-06-06T13:36:28+00:00","article_modified_time":"2024-07-30T15:16:05+00:00","og_image":[{"url":"http:\/\/globalattitude.org.br\/wp-content\/uploads\/2024\/06\/ban_ki-moon.jpg","type":"","width":"","height":""}],"author":"comunicacao","twitter_card":"summary_large_image","twitter_creator":"@global_attitude","twitter_site":"@global_attitude","twitter_misc":{"Written by":"comunicacao","Est. reading time":"4 minutes"},"schema":{"@context":"https:\/\/schema.org","@graph":[{"@type":["Article","BlogPosting"],"@id":"https:\/\/globalattitude.org.br\/junho-e-o-mes-da-diversidade-sexual-e-de-genero\/#article","isPartOf":{"@id":"https:\/\/globalattitude.org.br\/junho-e-o-mes-da-diversidade-sexual-e-de-genero\/"},"author":{"name":"comunicacao","@id":"https:\/\/globalattitude.org.br\/en\/#\/schema\/person\/d2d0edb26129b7407b05aa493af63725"},"headline":"Junho \u00e9 o m\u00eas da diversidade sexual e de g\u00eanero","datePublished":"2024-06-06T13:36:28+00:00","dateModified":"2024-07-30T15:16:05+00:00","mainEntityOfPage":{"@id":"https:\/\/globalattitude.org.br\/junho-e-o-mes-da-diversidade-sexual-e-de-genero\/"},"wordCount":678,"commentCount":0,"publisher":{"@id":"https:\/\/globalattitude.org.br\/en\/#organization"},"image":{"@id":"https:\/\/globalattitude.org.br\/junho-e-o-mes-da-diversidade-sexual-e-de-genero\/#primaryimage"},"thumbnailUrl":"http:\/\/globalattitude.org.br\/wp-content\/uploads\/2024\/06\/ban_ki-moon.jpg","articleSection":["Not\u00edcias"],"inLanguage":"en-US","potentialAction":[{"@type":"CommentAction","name":"Comment","target":["https:\/\/globalattitude.org.br\/junho-e-o-mes-da-diversidade-sexual-e-de-genero\/#respond"]}]},{"@type":"WebPage","@id":"https:\/\/globalattitude.org.br\/junho-e-o-mes-da-diversidade-sexual-e-de-genero\/","url":"https:\/\/globalattitude.org.br\/junho-e-o-mes-da-diversidade-sexual-e-de-genero\/","name":"Junho \u00e9 o m\u00eas da diversidade sexual e de g\u00eanero - Instituto Global Attitude","isPartOf":{"@id":"https:\/\/globalattitude.org.br\/en\/#website"},"primaryImageOfPage":{"@id":"https:\/\/globalattitude.org.br\/junho-e-o-mes-da-diversidade-sexual-e-de-genero\/#primaryimage"},"image":{"@id":"https:\/\/globalattitude.org.br\/junho-e-o-mes-da-diversidade-sexual-e-de-genero\/#primaryimage"},"thumbnailUrl":"http:\/\/globalattitude.org.br\/wp-content\/uploads\/2024\/06\/ban_ki-moon.jpg","datePublished":"2024-06-06T13:36:28+00:00","dateModified":"2024-07-30T15:16:05+00:00","breadcrumb":{"@id":"https:\/\/globalattitude.org.br\/junho-e-o-mes-da-diversidade-sexual-e-de-genero\/#breadcrumb"},"inLanguage":"en-US","potentialAction":[{"@type":"ReadAction","target":["https:\/\/globalattitude.org.br\/junho-e-o-mes-da-diversidade-sexual-e-de-genero\/"]}]},{"@type":"ImageObject","inLanguage":"en-US","@id":"https:\/\/globalattitude.org.br\/junho-e-o-mes-da-diversidade-sexual-e-de-genero\/#primaryimage","url":"http:\/\/globalattitude.org.br\/wp-content\/uploads\/2024\/06\/ban_ki-moon.jpg","contentUrl":"http:\/\/globalattitude.org.br\/wp-content\/uploads\/2024\/06\/ban_ki-moon.jpg"},{"@type":"BreadcrumbList","@id":"https:\/\/globalattitude.org.br\/junho-e-o-mes-da-diversidade-sexual-e-de-genero\/#breadcrumb","itemListElement":[{"@type":"ListItem","position":1,"name":"In\u00edcio","item":"https:\/\/globalattitude.org.br\/en\/"},{"@type":"ListItem","position":2,"name":"Junho \u00e9 o m\u00eas da diversidade sexual e de g\u00eanero"}]},{"@type":"WebSite","@id":"https:\/\/globalattitude.org.br\/en\/#website","url":"https:\/\/globalattitude.org.br\/en\/","name":"Instituto Global Attitude","description":"","publisher":{"@id":"https:\/\/globalattitude.org.br\/en\/#organization"},"potentialAction":[{"@type":"SearchAction","target":{"@type":"EntryPoint","urlTemplate":"https:\/\/globalattitude.org.br\/en\/?s={search_term_string}"},"query-input":{"@type":"PropertyValueSpecification","valueRequired":true,"valueName":"search_term_string"}}],"inLanguage":"en-US"},{"@type":"Organization","@id":"https:\/\/globalattitude.org.br\/en\/#organization","name":"Instituto Global Attitude","url":"https:\/\/globalattitude.org.br\/en\/","logo":{"@type":"ImageObject","inLanguage":"en-US","@id":"https:\/\/globalattitude.org.br\/en\/#\/schema\/logo\/image\/","url":"https:\/\/globalattitude.org.br\/wp-content\/uploads\/2023\/01\/instituto-global-attitude-color.png","contentUrl":"https:\/\/globalattitude.org.br\/wp-content\/uploads\/2023\/01\/instituto-global-attitude-color.png","width":300,"height":131,"caption":"Instituto Global Attitude"},"image":{"@id":"https:\/\/globalattitude.org.br\/en\/#\/schema\/logo\/image\/"},"sameAs":["https:\/\/www.facebook.com\/global.attitude.org\/","https:\/\/x.com\/global_attitude","https:\/\/www.instagram.com\/globalattitude","https:\/\/www.linkedin.com\/company\/global-attitude\/?viewAsMember=true"]},{"@type":"Person","@id":"https:\/\/globalattitude.org.br\/en\/#\/schema\/person\/d2d0edb26129b7407b05aa493af63725","name":"comunicacao","image":{"@type":"ImageObject","inLanguage":"en-US","@id":"https:\/\/secure.gravatar.com\/avatar\/a25dbef6d352d1355e632d9629c19165ddb3e176cbcb21ee573e3d96d011d16b?s=96&d=mm&r=g","url":"https:\/\/secure.gravatar.com\/avatar\/a25dbef6d352d1355e632d9629c19165ddb3e176cbcb21ee573e3d96d011d16b?s=96&d=mm&r=g","contentUrl":"https:\/\/secure.gravatar.com\/avatar\/a25dbef6d352d1355e632d9629c19165ddb3e176cbcb21ee573e3d96d011d16b?s=96&d=mm&r=g","caption":"comunicacao"},"url":"http:\/\/globalattitude.org.br\/en\/author\/comunicacao\/"}]}},"_links":{"self":[{"href":"http:\/\/globalattitude.org.br\/en\/wp-json\/wp\/v2\/posts\/8281","targetHints":{"allow":["GET"]}}],"collection":[{"href":"http:\/\/globalattitude.org.br\/en\/wp-json\/wp\/v2\/posts"}],"about":[{"href":"http:\/\/globalattitude.org.br\/en\/wp-json\/wp\/v2\/types\/post"}],"author":[{"embeddable":true,"href":"http:\/\/globalattitude.org.br\/en\/wp-json\/wp\/v2\/users\/4"}],"replies":[{"embeddable":true,"href":"http:\/\/globalattitude.org.br\/en\/wp-json\/wp\/v2\/comments?post=8281"}],"version-history":[{"count":4,"href":"http:\/\/globalattitude.org.br\/en\/wp-json\/wp\/v2\/posts\/8281\/revisions"}],"predecessor-version":[{"id":8740,"href":"http:\/\/globalattitude.org.br\/en\/wp-json\/wp\/v2\/posts\/8281\/revisions\/8740"}],"wp:attachment":[{"href":"http:\/\/globalattitude.org.br\/en\/wp-json\/wp\/v2\/media?parent=8281"}],"wp:term":[{"taxonomy":"category","embeddable":true,"href":"http:\/\/globalattitude.org.br\/en\/wp-json\/wp\/v2\/categories?post=8281"},{"taxonomy":"post_tag","embeddable":true,"href":"http:\/\/globalattitude.org.br\/en\/wp-json\/wp\/v2\/tags?post=8281"}],"curies":[{"name":"wp","href":"https:\/\/api.w.org\/{rel}","templated":true}]}}