{"id":8295,"date":"2024-06-06T14:10:30","date_gmt":"2024-06-06T17:10:30","guid":{"rendered":"https:\/\/globalattitude.org.br\/?p=8295"},"modified":"2024-06-06T14:46:18","modified_gmt":"2024-06-06T17:46:18","slug":"rango-responsa-jovens-se-formam-em-projeto-que-luta-contra-o-desperdicio-de-alimentos-em-prol-do-desenvolvimento-sustentavel","status":"publish","type":"post","link":"http:\/\/globalattitude.org.br\/en\/rango-responsa-jovens-se-formam-em-projeto-que-luta-contra-o-desperdicio-de-alimentos-em-prol-do-desenvolvimento-sustentavel\/","title":{"rendered":"Rango Responsa: jovens se formam em projeto que luta contra o desperd\u00edcio de alimentos em prol do desenvolvimento sustent\u00e1vel"},"content":{"rendered":"<p><em>Evento atende a um p\u00fablico das periferias de S\u00e3o Paulo e \u00e9 assinado pela prefeitura.<\/em><\/p>\n<p>Por Rafaella Ranulfo, Reda\u00e7\u00e3o Vira Comunica\u00e7\u00e3o \u2014 S\u00e3o Paulo 06\/06\/2024 14h06 Atualizado h\u00e1 20 minutos<\/p>\n<p>Na pr\u00f3xima segunda-feira, dia 10 de junho, \u00e0s 14h, acontecer\u00e1 a formatura do Projeto Rango Responsa, um marco importante na luta contra o desperd\u00edcio de alimentos e em prol do desenvolvimento sustent\u00e1vel. O evento ser\u00e1 realizado no audit\u00f3rio da Prefeitura de S\u00e3o Paulo, localizado no 7\u00ba andar do Viaduto do Ch\u00e1, 15.<\/p>\n<p>Para a cerim\u00f4nia, o projeto conta com a presen\u00e7a de Rodrigo Reis, fundador e diretor Executivo do Instituto Global Attitude, Soninha Francine, Secret\u00e1ria Municipal de Direitos Humanos e Cidadania de S\u00e3o Paulo e tamb\u00e9m do prefeito da cidade, Ricardo Nunes.<\/p>\n<p>O Projeto Rango Responsa \u00e9 uma iniciativa do Instituto Global Attitude, em parceria com a Prefeitura de S\u00e3o Paulo, por meio da Secret\u00e1ria Municipal de Direitos Humanos, que oferece um curso de forma\u00e7\u00e3o para jovens multiplicadores, com foco na redu\u00e7\u00e3o do desperd\u00edcio de alimentos e na promo\u00e7\u00e3o do desenvolvimento sustent\u00e1vel.<\/p>\n<p>Destinado aos jovens entre 15 e 29 anos, o projeto aborda temas cruciais como sustentabilidade, alimenta\u00e7\u00e3o saud\u00e1vel e mudan\u00e7as clim\u00e1ticas. Al\u00e9m do conte\u00fado online, s\u00e3o realizados encontros presenciais que proporcionam experi\u00eancias pr\u00e1ticas, complementando a aprendizagem te\u00f3rica.<\/p>\n<p>O objetivo \u00e9 implantar mecanismos de conscientiza\u00e7\u00e3o sobre o desperd\u00edcio alimentar e quest\u00f5es de sustentabilidade, formando multiplicadores que disseminam conhecimentos sobre o impacto dos h\u00e1bitos alimentares no clima e a necessidade de repensar nossos costumes.<\/p>\n<h2><strong>Dados alarmantes<\/strong><\/h2>\n<p>Segundo a Organiza\u00e7\u00e3o das Na\u00e7\u00f5es Unidas para a Alimenta\u00e7\u00e3o e Agricultura (FAO), 33% da produ\u00e7\u00e3o alimentar global \u00e9 desperdi\u00e7ada, com o Brasil sendo um dos pa\u00edses que mais desperdi\u00e7a alimentos. Este dado ressalta a urg\u00eancia e a import\u00e2ncia do Projeto Rango Responsa, especialmente em uma metr\u00f3pole como S\u00e3o Paulo.<\/p>\n<h2><strong>Sobre o evento<\/strong><\/h2>\n<p>Ele contar\u00e1 com a presen\u00e7a de importantes figuras p\u00fablicas e especialistas, incluindo: Tom\u00e1s Covas, Coordenador de pol\u00edticas para juventude da Prefeitura de S\u00e3o Paulo e Presidente do Conselho Municipal de Juventude de SP; Rodrigo Reis, Presidente do Instituto Global Attitude; Patricia Carletto, Diretora de Opera\u00e7\u00f5es do Instituto Global Attitude; e Soninha Francine, Secret\u00e1ria Municipal de Direitos Humanos da cidade de S\u00e3o Paulo.<\/p>\n<p>Durante a cerim\u00f4nia, ser\u00e3o entregues os certificados aos jovens que conclu\u00edram o curso. Este evento marca o encerramento de um projeto piloto de extrema relev\u00e2ncia para S\u00e3o Paulo, que abordou temas essenciais como sustentabilidade e empregabilidade, atendendo a um p\u00fablico vulner\u00e1vel das periferias da cidade.<\/p>\n<p><img fetchpriority=\"high\" decoding=\"async\" class=\"aligncenter wp-image-8302 size-large\" src=\"http:\/\/globalattitude.org.br\/wp-content\/uploads\/2024\/06\/Imagem-do-WhatsApp-de-2024-06-06-as-08.17.23_d94234bf-1024x1024.jpg\" alt=\"\" width=\"1024\" height=\"1024\" srcset=\"http:\/\/globalattitude.org.br\/wp-content\/uploads\/2024\/06\/Imagem-do-WhatsApp-de-2024-06-06-as-08.17.23_d94234bf-1024x1024.jpg 1024w, http:\/\/globalattitude.org.br\/wp-content\/uploads\/2024\/06\/Imagem-do-WhatsApp-de-2024-06-06-as-08.17.23_d94234bf-300x300.jpg 300w, http:\/\/globalattitude.org.br\/wp-content\/uploads\/2024\/06\/Imagem-do-WhatsApp-de-2024-06-06-as-08.17.23_d94234bf-150x150.jpg 150w, http:\/\/globalattitude.org.br\/wp-content\/uploads\/2024\/06\/Imagem-do-WhatsApp-de-2024-06-06-as-08.17.23_d94234bf-768x768.jpg 768w, http:\/\/globalattitude.org.br\/wp-content\/uploads\/2024\/06\/Imagem-do-WhatsApp-de-2024-06-06-as-08.17.23_d94234bf-800x800.jpg 800w, http:\/\/globalattitude.org.br\/wp-content\/uploads\/2024\/06\/Imagem-do-WhatsApp-de-2024-06-06-as-08.17.23_d94234bf-180x180.jpg 180w, http:\/\/globalattitude.org.br\/wp-content\/uploads\/2024\/06\/Imagem-do-WhatsApp-de-2024-06-06-as-08.17.23_d94234bf-167x167.jpg 167w, http:\/\/globalattitude.org.br\/wp-content\/uploads\/2024\/06\/Imagem-do-WhatsApp-de-2024-06-06-as-08.17.23_d94234bf.jpg 1080w\" sizes=\"(max-width: 1024px) 100vw, 1024px\" \/><\/p>\n<p>&nbsp;<\/p>\n","protected":false},"excerpt":{"rendered":"<p>Evento atende a um p\u00fablico das periferias de S\u00e3o Paulo e \u00e9 assinado pela prefeitura. Por Rafaella Ranulfo, Reda\u00e7\u00e3o Vira Comunica\u00e7\u00e3o \u2014 S\u00e3o Paulo 06\/06\/2024 14h06 Atualizado h\u00e1 20 minutos Na pr\u00f3xima segunda-feira, dia 10 de junho, \u00e0s 14h, acontecer\u00e1 a formatura do Projeto Rango Responsa, um marco importante na luta contra o desperd\u00edcio de [&hellip;]<\/p>\n","protected":false},"author":4,"featured_media":0,"comment_status":"open","ping_status":"open","sticky":false,"template":"","format":"standard","meta":{"_acf_changed":false,"om_disable_all_campaigns":false,"_monsterinsights_skip_tracking":false,"_monsterinsights_sitenote_active":false,"_monsterinsights_sitenote_note":"","_monsterinsights_sitenote_category":0,"_uf_show_specific_survey":0,"_uf_disable_surveys":false,"footnotes":""},"categories":[360],"tags":[],"class_list":["post-8295","post","type-post","status-publish","format-standard","hentry","category-noticias"],"acf":[],"aioseo_notices":[],"yoast_head":"<!-- This site is optimized with the Yoast SEO plugin v27.5 - https:\/\/yoast.com\/product\/yoast-seo-wordpress\/ -->\n<title>Rango Responsa: jovens se formam em projeto que luta contra o desperd\u00edcio de alimentos em prol do desenvolvimento sustent\u00e1vel - Instituto Global Attitude<\/title>\n<meta name=\"robots\" content=\"index, follow, max-snippet:-1, max-image-preview:large, max-video-preview:-1\" \/>\n<link rel=\"canonical\" href=\"http:\/\/globalattitude.org.br\/rango-responsa-jovens-se-formam-em-projeto-que-luta-contra-o-desperdicio-de-alimentos-em-prol-do-desenvolvimento-sustentavel\/\" \/>\n<meta property=\"og:locale\" content=\"en_US\" \/>\n<meta property=\"og:type\" content=\"article\" \/>\n<meta property=\"og:title\" content=\"Rango Responsa: jovens se formam em projeto que luta contra o desperd\u00edcio de alimentos em prol do desenvolvimento sustent\u00e1vel - Instituto Global Attitude\" \/>\n<meta property=\"og:description\" content=\"Evento atende a um p\u00fablico das periferias de S\u00e3o Paulo e \u00e9 assinado pela prefeitura. Por Rafaella Ranulfo, Reda\u00e7\u00e3o Vira Comunica\u00e7\u00e3o \u2014 S\u00e3o Paulo 06\/06\/2024 14h06 Atualizado h\u00e1 20 minutos Na pr\u00f3xima segunda-feira, dia 10 de junho, \u00e0s 14h, acontecer\u00e1 a formatura do Projeto Rango Responsa, um marco importante na luta contra o desperd\u00edcio de [&hellip;]\" \/>\n<meta property=\"og:url\" content=\"http:\/\/globalattitude.org.br\/rango-responsa-jovens-se-formam-em-projeto-que-luta-contra-o-desperdicio-de-alimentos-em-prol-do-desenvolvimento-sustentavel\/\" \/>\n<meta property=\"og:site_name\" content=\"Instituto Global Attitude\" \/>\n<meta property=\"article:publisher\" content=\"https:\/\/www.facebook.com\/global.attitude.org\/\" \/>\n<meta property=\"article:published_time\" content=\"2024-06-06T17:10:30+00:00\" \/>\n<meta property=\"article:modified_time\" content=\"2024-06-06T17:46:18+00:00\" \/>\n<meta property=\"og:image\" content=\"http:\/\/globalattitude.org.br\/wp-content\/uploads\/2024\/06\/Imagem-do-WhatsApp-de-2024-06-06-as-08.17.23_d94234bf-1024x1024.jpg\" \/>\n<meta name=\"author\" content=\"comunicacao\" \/>\n<meta name=\"twitter:card\" content=\"summary_large_image\" \/>\n<meta name=\"twitter:creator\" content=\"@global_attitude\" \/>\n<meta name=\"twitter:site\" content=\"@global_attitude\" \/>\n<meta name=\"twitter:label1\" content=\"Written by\" \/>\n\t<meta name=\"twitter:data1\" content=\"comunicacao\" \/>\n\t<meta name=\"twitter:label2\" content=\"Est. reading time\" \/>\n\t<meta name=\"twitter:data2\" content=\"3 minutes\" \/>\n<script type=\"application\/ld+json\" class=\"yoast-schema-graph\">{\"@context\":\"https:\\\/\\\/schema.org\",\"@graph\":[{\"@type\":[\"Article\",\"BlogPosting\"],\"@id\":\"http:\\\/\\\/globalattitude.org.br\\\/rango-responsa-jovens-se-formam-em-projeto-que-luta-contra-o-desperdicio-de-alimentos-em-prol-do-desenvolvimento-sustentavel\\\/#article\",\"isPartOf\":{\"@id\":\"http:\\\/\\\/globalattitude.org.br\\\/rango-responsa-jovens-se-formam-em-projeto-que-luta-contra-o-desperdicio-de-alimentos-em-prol-do-desenvolvimento-sustentavel\\\/\"},\"author\":{\"name\":\"comunicacao\",\"@id\":\"https:\\\/\\\/globalattitude.org.br\\\/en\\\/#\\\/schema\\\/person\\\/d2d0edb26129b7407b05aa493af63725\"},\"headline\":\"Rango Responsa: jovens se formam em projeto que luta contra o desperd\u00edcio de alimentos em prol do desenvolvimento sustent\u00e1vel\",\"datePublished\":\"2024-06-06T17:10:30+00:00\",\"dateModified\":\"2024-06-06T17:46:18+00:00\",\"mainEntityOfPage\":{\"@id\":\"http:\\\/\\\/globalattitude.org.br\\\/rango-responsa-jovens-se-formam-em-projeto-que-luta-contra-o-desperdicio-de-alimentos-em-prol-do-desenvolvimento-sustentavel\\\/\"},\"wordCount\":475,\"commentCount\":0,\"publisher\":{\"@id\":\"https:\\\/\\\/globalattitude.org.br\\\/en\\\/#organization\"},\"image\":{\"@id\":\"http:\\\/\\\/globalattitude.org.br\\\/rango-responsa-jovens-se-formam-em-projeto-que-luta-contra-o-desperdicio-de-alimentos-em-prol-do-desenvolvimento-sustentavel\\\/#primaryimage\"},\"thumbnailUrl\":\"http:\\\/\\\/globalattitude.org.br\\\/wp-content\\\/uploads\\\/2024\\\/06\\\/Imagem-do-WhatsApp-de-2024-06-06-as-08.17.23_d94234bf-1024x1024.jpg\",\"articleSection\":[\"Not\u00edcias\"],\"inLanguage\":\"en-US\",\"potentialAction\":[{\"@type\":\"CommentAction\",\"name\":\"Comment\",\"target\":[\"http:\\\/\\\/globalattitude.org.br\\\/rango-responsa-jovens-se-formam-em-projeto-que-luta-contra-o-desperdicio-de-alimentos-em-prol-do-desenvolvimento-sustentavel\\\/#respond\"]}]},{\"@type\":\"WebPage\",\"@id\":\"http:\\\/\\\/globalattitude.org.br\\\/rango-responsa-jovens-se-formam-em-projeto-que-luta-contra-o-desperdicio-de-alimentos-em-prol-do-desenvolvimento-sustentavel\\\/\",\"url\":\"http:\\\/\\\/globalattitude.org.br\\\/rango-responsa-jovens-se-formam-em-projeto-que-luta-contra-o-desperdicio-de-alimentos-em-prol-do-desenvolvimento-sustentavel\\\/\",\"name\":\"Rango Responsa: jovens se formam em projeto que luta contra o desperd\u00edcio de alimentos em prol do desenvolvimento sustent\u00e1vel - Instituto Global Attitude\",\"isPartOf\":{\"@id\":\"https:\\\/\\\/globalattitude.org.br\\\/en\\\/#website\"},\"primaryImageOfPage\":{\"@id\":\"http:\\\/\\\/globalattitude.org.br\\\/rango-responsa-jovens-se-formam-em-projeto-que-luta-contra-o-desperdicio-de-alimentos-em-prol-do-desenvolvimento-sustentavel\\\/#primaryimage\"},\"image\":{\"@id\":\"http:\\\/\\\/globalattitude.org.br\\\/rango-responsa-jovens-se-formam-em-projeto-que-luta-contra-o-desperdicio-de-alimentos-em-prol-do-desenvolvimento-sustentavel\\\/#primaryimage\"},\"thumbnailUrl\":\"http:\\\/\\\/globalattitude.org.br\\\/wp-content\\\/uploads\\\/2024\\\/06\\\/Imagem-do-WhatsApp-de-2024-06-06-as-08.17.23_d94234bf-1024x1024.jpg\",\"datePublished\":\"2024-06-06T17:10:30+00:00\",\"dateModified\":\"2024-06-06T17:46:18+00:00\",\"breadcrumb\":{\"@id\":\"http:\\\/\\\/globalattitude.org.br\\\/rango-responsa-jovens-se-formam-em-projeto-que-luta-contra-o-desperdicio-de-alimentos-em-prol-do-desenvolvimento-sustentavel\\\/#breadcrumb\"},\"inLanguage\":\"en-US\",\"potentialAction\":[{\"@type\":\"ReadAction\",\"target\":[\"http:\\\/\\\/globalattitude.org.br\\\/rango-responsa-jovens-se-formam-em-projeto-que-luta-contra-o-desperdicio-de-alimentos-em-prol-do-desenvolvimento-sustentavel\\\/\"]}]},{\"@type\":\"ImageObject\",\"inLanguage\":\"en-US\",\"@id\":\"http:\\\/\\\/globalattitude.org.br\\\/rango-responsa-jovens-se-formam-em-projeto-que-luta-contra-o-desperdicio-de-alimentos-em-prol-do-desenvolvimento-sustentavel\\\/#primaryimage\",\"url\":\"http:\\\/\\\/globalattitude.org.br\\\/wp-content\\\/uploads\\\/2024\\\/06\\\/Imagem-do-WhatsApp-de-2024-06-06-as-08.17.23_d94234bf-1024x1024.jpg\",\"contentUrl\":\"http:\\\/\\\/globalattitude.org.br\\\/wp-content\\\/uploads\\\/2024\\\/06\\\/Imagem-do-WhatsApp-de-2024-06-06-as-08.17.23_d94234bf-1024x1024.jpg\"},{\"@type\":\"BreadcrumbList\",\"@id\":\"http:\\\/\\\/globalattitude.org.br\\\/rango-responsa-jovens-se-formam-em-projeto-que-luta-contra-o-desperdicio-de-alimentos-em-prol-do-desenvolvimento-sustentavel\\\/#breadcrumb\",\"itemListElement\":[{\"@type\":\"ListItem\",\"position\":1,\"name\":\"In\u00edcio\",\"item\":\"https:\\\/\\\/globalattitude.org.br\\\/en\\\/\"},{\"@type\":\"ListItem\",\"position\":2,\"name\":\"Rango Responsa: jovens se formam em projeto que luta contra o desperd\u00edcio de alimentos em prol do desenvolvimento sustent\u00e1vel\"}]},{\"@type\":\"WebSite\",\"@id\":\"https:\\\/\\\/globalattitude.org.br\\\/en\\\/#website\",\"url\":\"https:\\\/\\\/globalattitude.org.br\\\/en\\\/\",\"name\":\"Instituto Global Attitude\",\"description\":\"\",\"publisher\":{\"@id\":\"https:\\\/\\\/globalattitude.org.br\\\/en\\\/#organization\"},\"potentialAction\":[{\"@type\":\"SearchAction\",\"target\":{\"@type\":\"EntryPoint\",\"urlTemplate\":\"https:\\\/\\\/globalattitude.org.br\\\/en\\\/?s={search_term_string}\"},\"query-input\":{\"@type\":\"PropertyValueSpecification\",\"valueRequired\":true,\"valueName\":\"search_term_string\"}}],\"inLanguage\":\"en-US\"},{\"@type\":\"Organization\",\"@id\":\"https:\\\/\\\/globalattitude.org.br\\\/en\\\/#organization\",\"name\":\"Instituto Global Attitude\",\"url\":\"https:\\\/\\\/globalattitude.org.br\\\/en\\\/\",\"logo\":{\"@type\":\"ImageObject\",\"inLanguage\":\"en-US\",\"@id\":\"https:\\\/\\\/globalattitude.org.br\\\/en\\\/#\\\/schema\\\/logo\\\/image\\\/\",\"url\":\"https:\\\/\\\/globalattitude.org.br\\\/wp-content\\\/uploads\\\/2023\\\/01\\\/instituto-global-attitude-color.png\",\"contentUrl\":\"https:\\\/\\\/globalattitude.org.br\\\/wp-content\\\/uploads\\\/2023\\\/01\\\/instituto-global-attitude-color.png\",\"width\":300,\"height\":131,\"caption\":\"Instituto Global Attitude\"},\"image\":{\"@id\":\"https:\\\/\\\/globalattitude.org.br\\\/en\\\/#\\\/schema\\\/logo\\\/image\\\/\"},\"sameAs\":[\"https:\\\/\\\/www.facebook.com\\\/global.attitude.org\\\/\",\"https:\\\/\\\/x.com\\\/global_attitude\",\"https:\\\/\\\/www.instagram.com\\\/globalattitude\",\"https:\\\/\\\/www.linkedin.com\\\/company\\\/global-attitude\\\/?viewAsMember=true\"]},{\"@type\":\"Person\",\"@id\":\"https:\\\/\\\/globalattitude.org.br\\\/en\\\/#\\\/schema\\\/person\\\/d2d0edb26129b7407b05aa493af63725\",\"name\":\"comunicacao\",\"image\":{\"@type\":\"ImageObject\",\"inLanguage\":\"en-US\",\"@id\":\"https:\\\/\\\/secure.gravatar.com\\\/avatar\\\/a25dbef6d352d1355e632d9629c19165ddb3e176cbcb21ee573e3d96d011d16b?s=96&d=mm&r=g\",\"url\":\"https:\\\/\\\/secure.gravatar.com\\\/avatar\\\/a25dbef6d352d1355e632d9629c19165ddb3e176cbcb21ee573e3d96d011d16b?s=96&d=mm&r=g\",\"contentUrl\":\"https:\\\/\\\/secure.gravatar.com\\\/avatar\\\/a25dbef6d352d1355e632d9629c19165ddb3e176cbcb21ee573e3d96d011d16b?s=96&d=mm&r=g\",\"caption\":\"comunicacao\"},\"url\":\"http:\\\/\\\/globalattitude.org.br\\\/en\\\/author\\\/comunicacao\\\/\"}]}<\/script>\n<!-- \/ Yoast SEO plugin. -->","yoast_head_json":{"title":"Rango Responsa: jovens se formam em projeto que luta contra o desperd\u00edcio de alimentos em prol do desenvolvimento sustent\u00e1vel - Instituto Global Attitude","robots":{"index":"index","follow":"follow","max-snippet":"max-snippet:-1","max-image-preview":"max-image-preview:large","max-video-preview":"max-video-preview:-1"},"canonical":"http:\/\/globalattitude.org.br\/rango-responsa-jovens-se-formam-em-projeto-que-luta-contra-o-desperdicio-de-alimentos-em-prol-do-desenvolvimento-sustentavel\/","og_locale":"en_US","og_type":"article","og_title":"Rango Responsa: jovens se formam em projeto que luta contra o desperd\u00edcio de alimentos em prol do desenvolvimento sustent\u00e1vel - Instituto Global Attitude","og_description":"Evento atende a um p\u00fablico das periferias de S\u00e3o Paulo e \u00e9 assinado pela prefeitura. Por Rafaella Ranulfo, Reda\u00e7\u00e3o Vira Comunica\u00e7\u00e3o \u2014 S\u00e3o Paulo 06\/06\/2024 14h06 Atualizado h\u00e1 20 minutos Na pr\u00f3xima segunda-feira, dia 10 de junho, \u00e0s 14h, acontecer\u00e1 a formatura do Projeto Rango Responsa, um marco importante na luta contra o desperd\u00edcio de [&hellip;]","og_url":"http:\/\/globalattitude.org.br\/rango-responsa-jovens-se-formam-em-projeto-que-luta-contra-o-desperdicio-de-alimentos-em-prol-do-desenvolvimento-sustentavel\/","og_site_name":"Instituto Global Attitude","article_publisher":"https:\/\/www.facebook.com\/global.attitude.org\/","article_published_time":"2024-06-06T17:10:30+00:00","article_modified_time":"2024-06-06T17:46:18+00:00","og_image":[{"url":"http:\/\/globalattitude.org.br\/wp-content\/uploads\/2024\/06\/Imagem-do-WhatsApp-de-2024-06-06-as-08.17.23_d94234bf-1024x1024.jpg","type":"","width":"","height":""}],"author":"comunicacao","twitter_card":"summary_large_image","twitter_creator":"@global_attitude","twitter_site":"@global_attitude","twitter_misc":{"Written by":"comunicacao","Est. reading time":"3 minutes"},"schema":{"@context":"https:\/\/schema.org","@graph":[{"@type":["Article","BlogPosting"],"@id":"http:\/\/globalattitude.org.br\/rango-responsa-jovens-se-formam-em-projeto-que-luta-contra-o-desperdicio-de-alimentos-em-prol-do-desenvolvimento-sustentavel\/#article","isPartOf":{"@id":"http:\/\/globalattitude.org.br\/rango-responsa-jovens-se-formam-em-projeto-que-luta-contra-o-desperdicio-de-alimentos-em-prol-do-desenvolvimento-sustentavel\/"},"author":{"name":"comunicacao","@id":"https:\/\/globalattitude.org.br\/en\/#\/schema\/person\/d2d0edb26129b7407b05aa493af63725"},"headline":"Rango Responsa: jovens se formam em projeto que luta contra o desperd\u00edcio de alimentos em prol do desenvolvimento sustent\u00e1vel","datePublished":"2024-06-06T17:10:30+00:00","dateModified":"2024-06-06T17:46:18+00:00","mainEntityOfPage":{"@id":"http:\/\/globalattitude.org.br\/rango-responsa-jovens-se-formam-em-projeto-que-luta-contra-o-desperdicio-de-alimentos-em-prol-do-desenvolvimento-sustentavel\/"},"wordCount":475,"commentCount":0,"publisher":{"@id":"https:\/\/globalattitude.org.br\/en\/#organization"},"image":{"@id":"http:\/\/globalattitude.org.br\/rango-responsa-jovens-se-formam-em-projeto-que-luta-contra-o-desperdicio-de-alimentos-em-prol-do-desenvolvimento-sustentavel\/#primaryimage"},"thumbnailUrl":"http:\/\/globalattitude.org.br\/wp-content\/uploads\/2024\/06\/Imagem-do-WhatsApp-de-2024-06-06-as-08.17.23_d94234bf-1024x1024.jpg","articleSection":["Not\u00edcias"],"inLanguage":"en-US","potentialAction":[{"@type":"CommentAction","name":"Comment","target":["http:\/\/globalattitude.org.br\/rango-responsa-jovens-se-formam-em-projeto-que-luta-contra-o-desperdicio-de-alimentos-em-prol-do-desenvolvimento-sustentavel\/#respond"]}]},{"@type":"WebPage","@id":"http:\/\/globalattitude.org.br\/rango-responsa-jovens-se-formam-em-projeto-que-luta-contra-o-desperdicio-de-alimentos-em-prol-do-desenvolvimento-sustentavel\/","url":"http:\/\/globalattitude.org.br\/rango-responsa-jovens-se-formam-em-projeto-que-luta-contra-o-desperdicio-de-alimentos-em-prol-do-desenvolvimento-sustentavel\/","name":"Rango Responsa: jovens se formam em projeto que luta contra o desperd\u00edcio de alimentos em prol do desenvolvimento sustent\u00e1vel - Instituto Global Attitude","isPartOf":{"@id":"https:\/\/globalattitude.org.br\/en\/#website"},"primaryImageOfPage":{"@id":"http:\/\/globalattitude.org.br\/rango-responsa-jovens-se-formam-em-projeto-que-luta-contra-o-desperdicio-de-alimentos-em-prol-do-desenvolvimento-sustentavel\/#primaryimage"},"image":{"@id":"http:\/\/globalattitude.org.br\/rango-responsa-jovens-se-formam-em-projeto-que-luta-contra-o-desperdicio-de-alimentos-em-prol-do-desenvolvimento-sustentavel\/#primaryimage"},"thumbnailUrl":"http:\/\/globalattitude.org.br\/wp-content\/uploads\/2024\/06\/Imagem-do-WhatsApp-de-2024-06-06-as-08.17.23_d94234bf-1024x1024.jpg","datePublished":"2024-06-06T17:10:30+00:00","dateModified":"2024-06-06T17:46:18+00:00","breadcrumb":{"@id":"http:\/\/globalattitude.org.br\/rango-responsa-jovens-se-formam-em-projeto-que-luta-contra-o-desperdicio-de-alimentos-em-prol-do-desenvolvimento-sustentavel\/#breadcrumb"},"inLanguage":"en-US","potentialAction":[{"@type":"ReadAction","target":["http:\/\/globalattitude.org.br\/rango-responsa-jovens-se-formam-em-projeto-que-luta-contra-o-desperdicio-de-alimentos-em-prol-do-desenvolvimento-sustentavel\/"]}]},{"@type":"ImageObject","inLanguage":"en-US","@id":"http:\/\/globalattitude.org.br\/rango-responsa-jovens-se-formam-em-projeto-que-luta-contra-o-desperdicio-de-alimentos-em-prol-do-desenvolvimento-sustentavel\/#primaryimage","url":"http:\/\/globalattitude.org.br\/wp-content\/uploads\/2024\/06\/Imagem-do-WhatsApp-de-2024-06-06-as-08.17.23_d94234bf-1024x1024.jpg","contentUrl":"http:\/\/globalattitude.org.br\/wp-content\/uploads\/2024\/06\/Imagem-do-WhatsApp-de-2024-06-06-as-08.17.23_d94234bf-1024x1024.jpg"},{"@type":"BreadcrumbList","@id":"http:\/\/globalattitude.org.br\/rango-responsa-jovens-se-formam-em-projeto-que-luta-contra-o-desperdicio-de-alimentos-em-prol-do-desenvolvimento-sustentavel\/#breadcrumb","itemListElement":[{"@type":"ListItem","position":1,"name":"In\u00edcio","item":"https:\/\/globalattitude.org.br\/en\/"},{"@type":"ListItem","position":2,"name":"Rango Responsa: jovens se formam em projeto que luta contra o desperd\u00edcio de alimentos em prol do desenvolvimento sustent\u00e1vel"}]},{"@type":"WebSite","@id":"https:\/\/globalattitude.org.br\/en\/#website","url":"https:\/\/globalattitude.org.br\/en\/","name":"Instituto Global Attitude","description":"","publisher":{"@id":"https:\/\/globalattitude.org.br\/en\/#organization"},"potentialAction":[{"@type":"SearchAction","target":{"@type":"EntryPoint","urlTemplate":"https:\/\/globalattitude.org.br\/en\/?s={search_term_string}"},"query-input":{"@type":"PropertyValueSpecification","valueRequired":true,"valueName":"search_term_string"}}],"inLanguage":"en-US"},{"@type":"Organization","@id":"https:\/\/globalattitude.org.br\/en\/#organization","name":"Instituto Global Attitude","url":"https:\/\/globalattitude.org.br\/en\/","logo":{"@type":"ImageObject","inLanguage":"en-US","@id":"https:\/\/globalattitude.org.br\/en\/#\/schema\/logo\/image\/","url":"https:\/\/globalattitude.org.br\/wp-content\/uploads\/2023\/01\/instituto-global-attitude-color.png","contentUrl":"https:\/\/globalattitude.org.br\/wp-content\/uploads\/2023\/01\/instituto-global-attitude-color.png","width":300,"height":131,"caption":"Instituto Global Attitude"},"image":{"@id":"https:\/\/globalattitude.org.br\/en\/#\/schema\/logo\/image\/"},"sameAs":["https:\/\/www.facebook.com\/global.attitude.org\/","https:\/\/x.com\/global_attitude","https:\/\/www.instagram.com\/globalattitude","https:\/\/www.linkedin.com\/company\/global-attitude\/?viewAsMember=true"]},{"@type":"Person","@id":"https:\/\/globalattitude.org.br\/en\/#\/schema\/person\/d2d0edb26129b7407b05aa493af63725","name":"comunicacao","image":{"@type":"ImageObject","inLanguage":"en-US","@id":"https:\/\/secure.gravatar.com\/avatar\/a25dbef6d352d1355e632d9629c19165ddb3e176cbcb21ee573e3d96d011d16b?s=96&d=mm&r=g","url":"https:\/\/secure.gravatar.com\/avatar\/a25dbef6d352d1355e632d9629c19165ddb3e176cbcb21ee573e3d96d011d16b?s=96&d=mm&r=g","contentUrl":"https:\/\/secure.gravatar.com\/avatar\/a25dbef6d352d1355e632d9629c19165ddb3e176cbcb21ee573e3d96d011d16b?s=96&d=mm&r=g","caption":"comunicacao"},"url":"http:\/\/globalattitude.org.br\/en\/author\/comunicacao\/"}]}},"_links":{"self":[{"href":"http:\/\/globalattitude.org.br\/en\/wp-json\/wp\/v2\/posts\/8295","targetHints":{"allow":["GET"]}}],"collection":[{"href":"http:\/\/globalattitude.org.br\/en\/wp-json\/wp\/v2\/posts"}],"about":[{"href":"http:\/\/globalattitude.org.br\/en\/wp-json\/wp\/v2\/types\/post"}],"author":[{"embeddable":true,"href":"http:\/\/globalattitude.org.br\/en\/wp-json\/wp\/v2\/users\/4"}],"replies":[{"embeddable":true,"href":"http:\/\/globalattitude.org.br\/en\/wp-json\/wp\/v2\/comments?post=8295"}],"version-history":[{"count":5,"href":"http:\/\/globalattitude.org.br\/en\/wp-json\/wp\/v2\/posts\/8295\/revisions"}],"predecessor-version":[{"id":8306,"href":"http:\/\/globalattitude.org.br\/en\/wp-json\/wp\/v2\/posts\/8295\/revisions\/8306"}],"wp:attachment":[{"href":"http:\/\/globalattitude.org.br\/en\/wp-json\/wp\/v2\/media?parent=8295"}],"wp:term":[{"taxonomy":"category","embeddable":true,"href":"http:\/\/globalattitude.org.br\/en\/wp-json\/wp\/v2\/categories?post=8295"},{"taxonomy":"post_tag","embeddable":true,"href":"http:\/\/globalattitude.org.br\/en\/wp-json\/wp\/v2\/tags?post=8295"}],"curies":[{"name":"wp","href":"https:\/\/api.w.org\/{rel}","templated":true}]}}