{"id":8760,"date":"2024-07-31T06:00:23","date_gmt":"2024-07-31T09:00:23","guid":{"rendered":"https:\/\/globalattitude.org.br\/?p=8760"},"modified":"2024-07-30T15:33:24","modified_gmt":"2024-07-30T18:33:24","slug":"como-e-o-mercado-de-trabalho-na-area-do-direito","status":"publish","type":"post","link":"http:\/\/globalattitude.org.br\/en\/como-e-o-mercado-de-trabalho-na-area-do-direito\/","title":{"rendered":"Como \u00e9 o mercado de trabalho na \u00e1rea do direito?"},"content":{"rendered":"<p>O advogado pode escolher diferentes \u00e1reas de atua\u00e7\u00e3o e decidir como prefere trabalhar.<\/p>\n<p>Por Braiam Resende, com informa\u00e7\u00f5es do IPOG \u2014 IGA SP \u2014 S\u00e3o Paulo 31\/07\/2024 06h10 Atualizado h\u00e1 08 minutos<\/p>\n<p>Como foi visto nesta s\u00e9rie de reportagens, h\u00e1 muitas op\u00e7\u00f5es para um estudante seguir ao fim de sua\u00a0capacita\u00e7\u00e3o. Contudo, \u00e9 preciso estar atento ao fato de que, independentemente da \u00e1rea escolhida para atuar,\u00a0investir em aperfei\u00e7oamento\u00a0e continuar estudando s\u00e3o pr\u00e1ticas para o resto da vida.<\/p>\n<p>Depois de formado, nem sempre o aluno j\u00e1 se decidiu quanto \u00e0 carreira, mas, de todo modo, ao encontrar a realidade do mercado, ele tem melhores condi\u00e7\u00f5es de entender as tend\u00eancias e demandas, se posicionando conforme o seu interesse.<\/p>\n<p>O mercado de trabalho em\u00a0Direito\u00a0est\u00e1 em constante expans\u00e3o, com oportunidades de emprego em\u00a0v\u00e1rias \u00e1reas de atua\u00e7\u00e3o. Essa diversidade culmina em uma alta empregabilidade. Al\u00e9m de profissional liberal, \u00e9 poss\u00edvel atuar em escrit\u00f3rios especializados e em grupos de advogados, podendo trabalhar como empregado ou s\u00f3cio.<\/p>\n<p>O mercado da \u00e1rea \u00e9 reconhecido por oferecer\u00a0\u00f3timas oportunidades<strong>,<\/strong>\u00a0mas exigir profissionais muito qualificados. Seja para atuar no setor privado, seja para passar em um concurso p\u00fablico, \u00e9 necess\u00e1rio desenvolver uma base e manter-se atualizado, j\u00e1 que, a todo instante, surgem leis e decis\u00f5es com forte impacto no dia a dia.<\/p>\n<p>O mercado de trabalho em Direito se divide em tr\u00eas carreiras principais:<\/p>\n<ul>\n<li>advocacia\u00a0\u2014 nesse campo, o profissional atua na representa\u00e7\u00e3o jur\u00eddica de pessoas, defendendo seus interesses;<\/li>\n<li>setor p\u00fablico \u2014 quem atua na carreira p\u00fablica encontra duas op\u00e7\u00f5es. A primeira \u00e9 destinada aos bachar\u00e9is em Direito e a segunda abrange os de n\u00edvel superior na\u00a0administra\u00e7\u00e3o\u00a0p\u00fablica;<\/li>\n<li>acad\u00eamica \u2014 \u00e1rea destinada a quem decide dar aulas em faculdades p\u00fablicas e privadas.<\/li>\n<\/ul>\n<p>As regi\u00f5es do pa\u00eds com grande oferta de emprego incluem\u00a0o Sul e o Sudeste, com possibilidades de atua\u00e7\u00e3o em escrit\u00f3rios, \u00f3rg\u00e3os p\u00fablicos e departamentos jur\u00eddicos.<\/p>\n<p>&nbsp;<\/p>\n","protected":false},"excerpt":{"rendered":"<p>O advogado pode escolher diferentes \u00e1reas de atua\u00e7\u00e3o e decidir como prefere trabalhar. Por Braiam Resende, com informa\u00e7\u00f5es do IPOG \u2014 IGA SP \u2014 S\u00e3o Paulo 31\/07\/2024 06h10 Atualizado h\u00e1 08 minutos Como foi visto nesta s\u00e9rie de reportagens, h\u00e1 muitas op\u00e7\u00f5es para um estudante seguir ao fim de sua\u00a0capacita\u00e7\u00e3o. Contudo, \u00e9 preciso estar atento [&hellip;]<\/p>\n","protected":false},"author":4,"featured_media":0,"comment_status":"open","ping_status":"open","sticky":false,"template":"","format":"standard","meta":{"_acf_changed":false,"om_disable_all_campaigns":false,"_monsterinsights_skip_tracking":false,"_monsterinsights_sitenote_active":false,"_monsterinsights_sitenote_note":"","_monsterinsights_sitenote_category":0,"_uf_show_specific_survey":0,"_uf_disable_surveys":false,"footnotes":""},"categories":[360],"tags":[526],"class_list":["post-8760","post","type-post","status-publish","format-standard","hentry","category-noticias","tag-como-e-o-mercado-de-trabalho-na-area-do-direito"],"acf":[],"aioseo_notices":[],"yoast_head":"<!-- This site is optimized with the Yoast SEO plugin v27.5 - https:\/\/yoast.com\/product\/yoast-seo-wordpress\/ -->\n<title>Como \u00e9 o mercado de trabalho na \u00e1rea do direito? - Instituto Global Attitude<\/title>\n<meta name=\"robots\" content=\"index, follow, max-snippet:-1, max-image-preview:large, max-video-preview:-1\" \/>\n<link rel=\"canonical\" href=\"http:\/\/globalattitude.org.br\/como-e-o-mercado-de-trabalho-na-area-do-direito\/\" \/>\n<meta property=\"og:locale\" content=\"en_US\" \/>\n<meta property=\"og:type\" content=\"article\" \/>\n<meta property=\"og:title\" content=\"Como \u00e9 o mercado de trabalho na \u00e1rea do direito? - Instituto Global Attitude\" \/>\n<meta property=\"og:description\" content=\"O advogado pode escolher diferentes \u00e1reas de atua\u00e7\u00e3o e decidir como prefere trabalhar. Por Braiam Resende, com informa\u00e7\u00f5es do IPOG \u2014 IGA SP \u2014 S\u00e3o Paulo 31\/07\/2024 06h10 Atualizado h\u00e1 08 minutos Como foi visto nesta s\u00e9rie de reportagens, h\u00e1 muitas op\u00e7\u00f5es para um estudante seguir ao fim de sua\u00a0capacita\u00e7\u00e3o. Contudo, \u00e9 preciso estar atento [&hellip;]\" \/>\n<meta property=\"og:url\" content=\"http:\/\/globalattitude.org.br\/como-e-o-mercado-de-trabalho-na-area-do-direito\/\" \/>\n<meta property=\"og:site_name\" content=\"Instituto Global Attitude\" \/>\n<meta property=\"article:publisher\" content=\"https:\/\/www.facebook.com\/global.attitude.org\/\" \/>\n<meta property=\"article:published_time\" content=\"2024-07-31T09:00:23+00:00\" \/>\n<meta name=\"author\" content=\"comunicacao\" \/>\n<meta name=\"twitter:card\" content=\"summary_large_image\" \/>\n<meta name=\"twitter:creator\" content=\"@global_attitude\" \/>\n<meta name=\"twitter:site\" content=\"@global_attitude\" \/>\n<meta name=\"twitter:label1\" content=\"Written by\" \/>\n\t<meta name=\"twitter:data1\" content=\"comunicacao\" \/>\n\t<meta name=\"twitter:label2\" content=\"Est. reading time\" \/>\n\t<meta name=\"twitter:data2\" content=\"2 minutes\" \/>\n<script type=\"application\/ld+json\" class=\"yoast-schema-graph\">{\"@context\":\"https:\\\/\\\/schema.org\",\"@graph\":[{\"@type\":[\"Article\",\"BlogPosting\"],\"@id\":\"http:\\\/\\\/globalattitude.org.br\\\/como-e-o-mercado-de-trabalho-na-area-do-direito\\\/#article\",\"isPartOf\":{\"@id\":\"http:\\\/\\\/globalattitude.org.br\\\/como-e-o-mercado-de-trabalho-na-area-do-direito\\\/\"},\"author\":{\"name\":\"comunicacao\",\"@id\":\"http:\\\/\\\/globalattitude.org.br\\\/#\\\/schema\\\/person\\\/d2d0edb26129b7407b05aa493af63725\"},\"headline\":\"Como \u00e9 o mercado de trabalho na \u00e1rea do direito?\",\"datePublished\":\"2024-07-31T09:00:23+00:00\",\"mainEntityOfPage\":{\"@id\":\"http:\\\/\\\/globalattitude.org.br\\\/como-e-o-mercado-de-trabalho-na-area-do-direito\\\/\"},\"wordCount\":351,\"commentCount\":0,\"publisher\":{\"@id\":\"http:\\\/\\\/globalattitude.org.br\\\/#organization\"},\"keywords\":[\"Como \u00e9 o mercado de trabalho na \u00e1rea do direito?\"],\"articleSection\":[\"Not\u00edcias\"],\"inLanguage\":\"en-US\",\"potentialAction\":[{\"@type\":\"CommentAction\",\"name\":\"Comment\",\"target\":[\"http:\\\/\\\/globalattitude.org.br\\\/como-e-o-mercado-de-trabalho-na-area-do-direito\\\/#respond\"]}]},{\"@type\":\"WebPage\",\"@id\":\"http:\\\/\\\/globalattitude.org.br\\\/como-e-o-mercado-de-trabalho-na-area-do-direito\\\/\",\"url\":\"http:\\\/\\\/globalattitude.org.br\\\/como-e-o-mercado-de-trabalho-na-area-do-direito\\\/\",\"name\":\"Como \u00e9 o mercado de trabalho na \u00e1rea do direito? - Instituto Global Attitude\",\"isPartOf\":{\"@id\":\"http:\\\/\\\/globalattitude.org.br\\\/#website\"},\"datePublished\":\"2024-07-31T09:00:23+00:00\",\"breadcrumb\":{\"@id\":\"http:\\\/\\\/globalattitude.org.br\\\/como-e-o-mercado-de-trabalho-na-area-do-direito\\\/#breadcrumb\"},\"inLanguage\":\"en-US\",\"potentialAction\":[{\"@type\":\"ReadAction\",\"target\":[\"http:\\\/\\\/globalattitude.org.br\\\/como-e-o-mercado-de-trabalho-na-area-do-direito\\\/\"]}]},{\"@type\":\"BreadcrumbList\",\"@id\":\"http:\\\/\\\/globalattitude.org.br\\\/como-e-o-mercado-de-trabalho-na-area-do-direito\\\/#breadcrumb\",\"itemListElement\":[{\"@type\":\"ListItem\",\"position\":1,\"name\":\"In\u00edcio\",\"item\":\"https:\\\/\\\/globalattitude.org.br\\\/en\\\/\"},{\"@type\":\"ListItem\",\"position\":2,\"name\":\"Como \u00e9 o mercado de trabalho na \u00e1rea do direito?\"}]},{\"@type\":\"WebSite\",\"@id\":\"http:\\\/\\\/globalattitude.org.br\\\/#website\",\"url\":\"http:\\\/\\\/globalattitude.org.br\\\/\",\"name\":\"Instituto Global Attitude\",\"description\":\"\",\"publisher\":{\"@id\":\"http:\\\/\\\/globalattitude.org.br\\\/#organization\"},\"potentialAction\":[{\"@type\":\"SearchAction\",\"target\":{\"@type\":\"EntryPoint\",\"urlTemplate\":\"http:\\\/\\\/globalattitude.org.br\\\/?s={search_term_string}\"},\"query-input\":{\"@type\":\"PropertyValueSpecification\",\"valueRequired\":true,\"valueName\":\"search_term_string\"}}],\"inLanguage\":\"en-US\"},{\"@type\":\"Organization\",\"@id\":\"http:\\\/\\\/globalattitude.org.br\\\/#organization\",\"name\":\"Instituto Global Attitude\",\"url\":\"http:\\\/\\\/globalattitude.org.br\\\/\",\"logo\":{\"@type\":\"ImageObject\",\"inLanguage\":\"en-US\",\"@id\":\"http:\\\/\\\/globalattitude.org.br\\\/#\\\/schema\\\/logo\\\/image\\\/\",\"url\":\"https:\\\/\\\/globalattitude.org.br\\\/wp-content\\\/uploads\\\/2023\\\/01\\\/instituto-global-attitude-color.png\",\"contentUrl\":\"https:\\\/\\\/globalattitude.org.br\\\/wp-content\\\/uploads\\\/2023\\\/01\\\/instituto-global-attitude-color.png\",\"width\":300,\"height\":131,\"caption\":\"Instituto Global Attitude\"},\"image\":{\"@id\":\"http:\\\/\\\/globalattitude.org.br\\\/#\\\/schema\\\/logo\\\/image\\\/\"},\"sameAs\":[\"https:\\\/\\\/www.facebook.com\\\/global.attitude.org\\\/\",\"https:\\\/\\\/x.com\\\/global_attitude\",\"https:\\\/\\\/www.instagram.com\\\/globalattitude\",\"https:\\\/\\\/www.linkedin.com\\\/company\\\/global-attitude\\\/?viewAsMember=true\"]},{\"@type\":\"Person\",\"@id\":\"http:\\\/\\\/globalattitude.org.br\\\/#\\\/schema\\\/person\\\/d2d0edb26129b7407b05aa493af63725\",\"name\":\"comunicacao\",\"image\":{\"@type\":\"ImageObject\",\"inLanguage\":\"en-US\",\"@id\":\"https:\\\/\\\/secure.gravatar.com\\\/avatar\\\/a25dbef6d352d1355e632d9629c19165ddb3e176cbcb21ee573e3d96d011d16b?s=96&d=mm&r=g\",\"url\":\"https:\\\/\\\/secure.gravatar.com\\\/avatar\\\/a25dbef6d352d1355e632d9629c19165ddb3e176cbcb21ee573e3d96d011d16b?s=96&d=mm&r=g\",\"contentUrl\":\"https:\\\/\\\/secure.gravatar.com\\\/avatar\\\/a25dbef6d352d1355e632d9629c19165ddb3e176cbcb21ee573e3d96d011d16b?s=96&d=mm&r=g\",\"caption\":\"comunicacao\"},\"url\":\"http:\\\/\\\/globalattitude.org.br\\\/en\\\/author\\\/comunicacao\\\/\"}]}<\/script>\n<!-- \/ Yoast SEO plugin. -->","yoast_head_json":{"title":"Como \u00e9 o mercado de trabalho na \u00e1rea do direito? - Instituto Global Attitude","robots":{"index":"index","follow":"follow","max-snippet":"max-snippet:-1","max-image-preview":"max-image-preview:large","max-video-preview":"max-video-preview:-1"},"canonical":"http:\/\/globalattitude.org.br\/como-e-o-mercado-de-trabalho-na-area-do-direito\/","og_locale":"en_US","og_type":"article","og_title":"Como \u00e9 o mercado de trabalho na \u00e1rea do direito? - Instituto Global Attitude","og_description":"O advogado pode escolher diferentes \u00e1reas de atua\u00e7\u00e3o e decidir como prefere trabalhar. Por Braiam Resende, com informa\u00e7\u00f5es do IPOG \u2014 IGA SP \u2014 S\u00e3o Paulo 31\/07\/2024 06h10 Atualizado h\u00e1 08 minutos Como foi visto nesta s\u00e9rie de reportagens, h\u00e1 muitas op\u00e7\u00f5es para um estudante seguir ao fim de sua\u00a0capacita\u00e7\u00e3o. Contudo, \u00e9 preciso estar atento [&hellip;]","og_url":"http:\/\/globalattitude.org.br\/como-e-o-mercado-de-trabalho-na-area-do-direito\/","og_site_name":"Instituto Global Attitude","article_publisher":"https:\/\/www.facebook.com\/global.attitude.org\/","article_published_time":"2024-07-31T09:00:23+00:00","author":"comunicacao","twitter_card":"summary_large_image","twitter_creator":"@global_attitude","twitter_site":"@global_attitude","twitter_misc":{"Written by":"comunicacao","Est. reading time":"2 minutes"},"schema":{"@context":"https:\/\/schema.org","@graph":[{"@type":["Article","BlogPosting"],"@id":"http:\/\/globalattitude.org.br\/como-e-o-mercado-de-trabalho-na-area-do-direito\/#article","isPartOf":{"@id":"http:\/\/globalattitude.org.br\/como-e-o-mercado-de-trabalho-na-area-do-direito\/"},"author":{"name":"comunicacao","@id":"http:\/\/globalattitude.org.br\/#\/schema\/person\/d2d0edb26129b7407b05aa493af63725"},"headline":"Como \u00e9 o mercado de trabalho na \u00e1rea do direito?","datePublished":"2024-07-31T09:00:23+00:00","mainEntityOfPage":{"@id":"http:\/\/globalattitude.org.br\/como-e-o-mercado-de-trabalho-na-area-do-direito\/"},"wordCount":351,"commentCount":0,"publisher":{"@id":"http:\/\/globalattitude.org.br\/#organization"},"keywords":["Como \u00e9 o mercado de trabalho na \u00e1rea do direito?"],"articleSection":["Not\u00edcias"],"inLanguage":"en-US","potentialAction":[{"@type":"CommentAction","name":"Comment","target":["http:\/\/globalattitude.org.br\/como-e-o-mercado-de-trabalho-na-area-do-direito\/#respond"]}]},{"@type":"WebPage","@id":"http:\/\/globalattitude.org.br\/como-e-o-mercado-de-trabalho-na-area-do-direito\/","url":"http:\/\/globalattitude.org.br\/como-e-o-mercado-de-trabalho-na-area-do-direito\/","name":"Como \u00e9 o mercado de trabalho na \u00e1rea do direito? - Instituto Global Attitude","isPartOf":{"@id":"http:\/\/globalattitude.org.br\/#website"},"datePublished":"2024-07-31T09:00:23+00:00","breadcrumb":{"@id":"http:\/\/globalattitude.org.br\/como-e-o-mercado-de-trabalho-na-area-do-direito\/#breadcrumb"},"inLanguage":"en-US","potentialAction":[{"@type":"ReadAction","target":["http:\/\/globalattitude.org.br\/como-e-o-mercado-de-trabalho-na-area-do-direito\/"]}]},{"@type":"BreadcrumbList","@id":"http:\/\/globalattitude.org.br\/como-e-o-mercado-de-trabalho-na-area-do-direito\/#breadcrumb","itemListElement":[{"@type":"ListItem","position":1,"name":"In\u00edcio","item":"https:\/\/globalattitude.org.br\/en\/"},{"@type":"ListItem","position":2,"name":"Como \u00e9 o mercado de trabalho na \u00e1rea do direito?"}]},{"@type":"WebSite","@id":"http:\/\/globalattitude.org.br\/#website","url":"http:\/\/globalattitude.org.br\/","name":"Instituto Global Attitude","description":"","publisher":{"@id":"http:\/\/globalattitude.org.br\/#organization"},"potentialAction":[{"@type":"SearchAction","target":{"@type":"EntryPoint","urlTemplate":"http:\/\/globalattitude.org.br\/?s={search_term_string}"},"query-input":{"@type":"PropertyValueSpecification","valueRequired":true,"valueName":"search_term_string"}}],"inLanguage":"en-US"},{"@type":"Organization","@id":"http:\/\/globalattitude.org.br\/#organization","name":"Instituto Global Attitude","url":"http:\/\/globalattitude.org.br\/","logo":{"@type":"ImageObject","inLanguage":"en-US","@id":"http:\/\/globalattitude.org.br\/#\/schema\/logo\/image\/","url":"https:\/\/globalattitude.org.br\/wp-content\/uploads\/2023\/01\/instituto-global-attitude-color.png","contentUrl":"https:\/\/globalattitude.org.br\/wp-content\/uploads\/2023\/01\/instituto-global-attitude-color.png","width":300,"height":131,"caption":"Instituto Global Attitude"},"image":{"@id":"http:\/\/globalattitude.org.br\/#\/schema\/logo\/image\/"},"sameAs":["https:\/\/www.facebook.com\/global.attitude.org\/","https:\/\/x.com\/global_attitude","https:\/\/www.instagram.com\/globalattitude","https:\/\/www.linkedin.com\/company\/global-attitude\/?viewAsMember=true"]},{"@type":"Person","@id":"http:\/\/globalattitude.org.br\/#\/schema\/person\/d2d0edb26129b7407b05aa493af63725","name":"comunicacao","image":{"@type":"ImageObject","inLanguage":"en-US","@id":"https:\/\/secure.gravatar.com\/avatar\/a25dbef6d352d1355e632d9629c19165ddb3e176cbcb21ee573e3d96d011d16b?s=96&d=mm&r=g","url":"https:\/\/secure.gravatar.com\/avatar\/a25dbef6d352d1355e632d9629c19165ddb3e176cbcb21ee573e3d96d011d16b?s=96&d=mm&r=g","contentUrl":"https:\/\/secure.gravatar.com\/avatar\/a25dbef6d352d1355e632d9629c19165ddb3e176cbcb21ee573e3d96d011d16b?s=96&d=mm&r=g","caption":"comunicacao"},"url":"http:\/\/globalattitude.org.br\/en\/author\/comunicacao\/"}]}},"_links":{"self":[{"href":"http:\/\/globalattitude.org.br\/en\/wp-json\/wp\/v2\/posts\/8760","targetHints":{"allow":["GET"]}}],"collection":[{"href":"http:\/\/globalattitude.org.br\/en\/wp-json\/wp\/v2\/posts"}],"about":[{"href":"http:\/\/globalattitude.org.br\/en\/wp-json\/wp\/v2\/types\/post"}],"author":[{"embeddable":true,"href":"http:\/\/globalattitude.org.br\/en\/wp-json\/wp\/v2\/users\/4"}],"replies":[{"embeddable":true,"href":"http:\/\/globalattitude.org.br\/en\/wp-json\/wp\/v2\/comments?post=8760"}],"version-history":[{"count":1,"href":"http:\/\/globalattitude.org.br\/en\/wp-json\/wp\/v2\/posts\/8760\/revisions"}],"predecessor-version":[{"id":8763,"href":"http:\/\/globalattitude.org.br\/en\/wp-json\/wp\/v2\/posts\/8760\/revisions\/8763"}],"wp:attachment":[{"href":"http:\/\/globalattitude.org.br\/en\/wp-json\/wp\/v2\/media?parent=8760"}],"wp:term":[{"taxonomy":"category","embeddable":true,"href":"http:\/\/globalattitude.org.br\/en\/wp-json\/wp\/v2\/categories?post=8760"},{"taxonomy":"post_tag","embeddable":true,"href":"http:\/\/globalattitude.org.br\/en\/wp-json\/wp\/v2\/tags?post=8760"}],"curies":[{"name":"wp","href":"https:\/\/api.w.org\/{rel}","templated":true}]}}