{"id":9731,"date":"2024-10-22T16:23:00","date_gmt":"2024-10-22T19:23:00","guid":{"rendered":"https:\/\/globalattitude.org.br\/?p=9731"},"modified":"2024-10-22T16:34:21","modified_gmt":"2024-10-22T19:34:21","slug":"equipe-do-pracas-da-cultura-faz-visita-tecnica-a-subprefeitura-da-penha-na-zona-leste-de-sp","status":"publish","type":"post","link":"http:\/\/globalattitude.org.br\/en\/equipe-do-pracas-da-cultura-faz-visita-tecnica-a-subprefeitura-da-penha-na-zona-leste-de-sp\/","title":{"rendered":"Equipe do &#8220;Pra\u00e7as da Cultura&#8221; faz visita t\u00e9cnica \u00e0 Subprefeitura da Penha, na Zona Leste de SP"},"content":{"rendered":"<p>O programa promete transformar tr\u00eas pra\u00e7as da regi\u00e3o da Subprefeitura da Penha em palcos com atividades culturais, oferecendo m\u00fasica, teatro e bem-estar para a comunidade local.<\/p>\n<p>Por Braiam Resende \u2014 IGA SP \u2014 S\u00e3o Paulo 22\/10\/2024 16h23 Atualizado h\u00e1 05 minutos<\/p>\n<p>Nesta ter\u00e7a-feira (22), uma comitiva do programa Pra\u00e7as da Cultura fez uma visita t\u00e9cnica \u00e0 Subprefeitura da Penha, na Zona Leste de S\u00e3o Paulo.<\/p>\n<p>A regi\u00e3o \u00e9 de extrema relev\u00e2ncia para a execu\u00e7\u00e3o do projeto, pois abrangem os distritos da\u00a0Penha,\u00a0Canga\u00edba,\u00a0Vila Matilde\u00a0e\u00a0Artur Alvim, que somados representam uma \u00e1rea de 42,8 km\u00b2, e habitada por mais de 472 mil pessoas.<\/p>\n<p>\u201cEste \u00e9 o momento que membros do Instituto e da Subprefeitura se re\u00fanem para viabilizar a execu\u00e7\u00e3o do projeto na regi\u00e3o. Defini\u00e7\u00e3o do palco, das manuten\u00e7\u00f5es necess\u00e1rias e tudo que a gente precisa para oferecer um entretenimento de qualidade para a popula\u00e7\u00e3o\u201d, concluiu F\u00e1bio Reis, coordenador do projeto.<\/p>\n<p>A iniciativa promete transformar diversas pra\u00e7as de bairros da cidade, em palcos de cultura, arte e m\u00fasica, proporcionando entretenimento gratuito para a popula\u00e7\u00e3o. Com a visita de implementa\u00e7\u00e3o finalizada, o pr\u00f3ximo passo \u00e9 iniciar as atividades culturais no distrito. A programa\u00e7\u00e3o incluir\u00e1 uma variedade de eventos, desde shows musicais at\u00e9 exposi\u00e7\u00f5es de arte, garantindo que haja op\u00e7\u00f5es para todos os gostos.<\/p>\n<h2>Impacto na Comunidade<\/h2>\n<p>A expectativa \u00e9 que o programa &#8220;Pra\u00e7as da Cultura&#8221; n\u00e3o apenas revitalize os espa\u00e7os p\u00fablicos, mas tamb\u00e9m fortale\u00e7a o senso de comunidade e perten\u00e7a entre os moradores. &#8220;Estamos muito animados com essa iniciativa. \u00c9 uma oportunidade de trazer mais vida e cultura para o nosso bairro&#8221;, disse Maria Silva, moradora da regi\u00e3o.<\/p>\n<p>Al\u00e9m disso, o programa busca envolver a comunidade local em sua execu\u00e7\u00e3o, incentivando a participa\u00e7\u00e3o ativa dos moradores na organiza\u00e7\u00e3o e realiza\u00e7\u00e3o das atividades. Essa abordagem colaborativa visa garantir que o projeto atenda \u00e0s necessidades e interesses da popula\u00e7\u00e3o local.<\/p>\n<h2>+ conte\u00fados: veja a galeria de fotos<\/h2>\n<p>&nbsp;<\/p>\n\n\t\t<style type=\"text\/css\">\n\t\t\t#gallery-1 {\n\t\t\t\tmargin: auto;\n\t\t\t}\n\t\t\t#gallery-1 .gallery-item {\n\t\t\t\tfloat: left;\n\t\t\t\tmargin-top: 10px;\n\t\t\t\ttext-align: center;\n\t\t\t\twidth: 33%;\n\t\t\t}\n\t\t\t#gallery-1 img {\n\t\t\t\tborder: 2px solid #cfcfcf;\n\t\t\t}\n\t\t\t#gallery-1 .gallery-caption {\n\t\t\t\tmargin-left: 0;\n\t\t\t}\n\t\t\t\/* see gallery_shortcode() in wp-includes\/media.php *\/\n\t\t<\/style>\n\t\t<div id='gallery-1' class='gallery galleryid-9731 gallery-columns-3 gallery-size-thumbnail'><dl class='gallery-item'>\n\t\t\t<dt class='gallery-icon portrait'>\n\t\t\t\t<a href='http:\/\/globalattitude.org.br\/en\/whatsapp-image-2024-10-22-at-12-42-55-2\/'><img decoding=\"async\" width=\"150\" height=\"150\" src=\"http:\/\/globalattitude.org.br\/wp-content\/uploads\/2024\/10\/WhatsApp-Image-2024-10-22-at-12.42.55-150x150.jpeg\" class=\"attachment-thumbnail size-thumbnail\" alt=\"\" srcset=\"http:\/\/globalattitude.org.br\/wp-content\/uploads\/2024\/10\/WhatsApp-Image-2024-10-22-at-12.42.55-150x150.jpeg 150w, http:\/\/globalattitude.org.br\/wp-content\/uploads\/2024\/10\/WhatsApp-Image-2024-10-22-at-12.42.55-800x800.jpeg 800w, http:\/\/globalattitude.org.br\/wp-content\/uploads\/2024\/10\/WhatsApp-Image-2024-10-22-at-12.42.55-167x167.jpeg 167w\" sizes=\"(max-width: 150px) 100vw, 150px\" \/><\/a>\n\t\t\t<\/dt><\/dl><dl class='gallery-item'>\n\t\t\t<dt class='gallery-icon portrait'>\n\t\t\t\t<a href='http:\/\/globalattitude.org.br\/en\/whatsapp-image-2024-10-22-at-12-43-08-2\/'><img decoding=\"async\" width=\"150\" height=\"150\" src=\"http:\/\/globalattitude.org.br\/wp-content\/uploads\/2024\/10\/WhatsApp-Image-2024-10-22-at-12.43.08-150x150.jpeg\" class=\"attachment-thumbnail size-thumbnail\" alt=\"\" srcset=\"http:\/\/globalattitude.org.br\/wp-content\/uploads\/2024\/10\/WhatsApp-Image-2024-10-22-at-12.43.08-150x150.jpeg 150w, http:\/\/globalattitude.org.br\/wp-content\/uploads\/2024\/10\/WhatsApp-Image-2024-10-22-at-12.43.08-800x800.jpeg 800w, http:\/\/globalattitude.org.br\/wp-content\/uploads\/2024\/10\/WhatsApp-Image-2024-10-22-at-12.43.08-167x167.jpeg 167w\" sizes=\"(max-width: 150px) 100vw, 150px\" \/><\/a>\n\t\t\t<\/dt><\/dl><dl class='gallery-item'>\n\t\t\t<dt class='gallery-icon landscape'>\n\t\t\t\t<a href='http:\/\/globalattitude.org.br\/en\/whatsapp-image-2024-10-22-at-12-43-17-2\/'><img decoding=\"async\" width=\"150\" height=\"150\" src=\"http:\/\/globalattitude.org.br\/wp-content\/uploads\/2024\/10\/WhatsApp-Image-2024-10-22-at-12.43.17-150x150.jpeg\" class=\"attachment-thumbnail size-thumbnail\" alt=\"\" srcset=\"http:\/\/globalattitude.org.br\/wp-content\/uploads\/2024\/10\/WhatsApp-Image-2024-10-22-at-12.43.17-150x150.jpeg 150w, http:\/\/globalattitude.org.br\/wp-content\/uploads\/2024\/10\/WhatsApp-Image-2024-10-22-at-12.43.17-800x800.jpeg 800w, http:\/\/globalattitude.org.br\/wp-content\/uploads\/2024\/10\/WhatsApp-Image-2024-10-22-at-12.43.17-167x167.jpeg 167w\" sizes=\"(max-width: 150px) 100vw, 150px\" \/><\/a>\n\t\t\t<\/dt><\/dl><br style=\"clear: both\" \/>\n\t\t<\/div>\n\n<p>&nbsp;<\/p>\n","protected":false},"excerpt":{"rendered":"<p>O programa promete transformar tr\u00eas pra\u00e7as da regi\u00e3o da Subprefeitura da Penha em palcos com atividades culturais, oferecendo m\u00fasica, teatro e bem-estar para a comunidade local. Por Braiam Resende \u2014 IGA SP \u2014 S\u00e3o Paulo 22\/10\/2024 16h23 Atualizado h\u00e1 05 minutos Nesta ter\u00e7a-feira (22), uma comitiva do programa Pra\u00e7as da Cultura fez uma visita t\u00e9cnica [&hellip;]<\/p>\n","protected":false},"author":4,"featured_media":0,"comment_status":"open","ping_status":"open","sticky":false,"template":"","format":"standard","meta":{"_acf_changed":false,"om_disable_all_campaigns":false,"_monsterinsights_skip_tracking":false,"_monsterinsights_sitenote_active":false,"_monsterinsights_sitenote_note":"","_monsterinsights_sitenote_category":0,"_uf_show_specific_survey":0,"_uf_disable_surveys":false,"footnotes":""},"categories":[360],"tags":[562],"class_list":["post-9731","post","type-post","status-publish","format-standard","hentry","category-noticias","tag-equipe-do-pracas-da-cultura-faz-visita-tecnica-a-subprefeitura-da-penha-na-zona-leste-de-sp"],"acf":[],"aioseo_notices":[],"yoast_head":"<!-- This site is optimized with the Yoast SEO plugin v27.5 - https:\/\/yoast.com\/product\/yoast-seo-wordpress\/ -->\n<title>Equipe do &quot;Pra\u00e7as da Cultura&quot; faz visita t\u00e9cnica \u00e0 Subprefeitura da Penha, na Zona Leste de SP - Instituto Global Attitude<\/title>\n<meta name=\"robots\" content=\"index, follow, max-snippet:-1, max-image-preview:large, max-video-preview:-1\" \/>\n<link rel=\"canonical\" href=\"http:\/\/globalattitude.org.br\/en\/equipe-do-pracas-da-cultura-faz-visita-tecnica-a-subprefeitura-da-penha-na-zona-leste-de-sp\/\" \/>\n<meta property=\"og:locale\" content=\"en_US\" \/>\n<meta property=\"og:type\" content=\"article\" \/>\n<meta property=\"og:title\" content=\"Equipe do &quot;Pra\u00e7as da Cultura&quot; faz visita t\u00e9cnica \u00e0 Subprefeitura da Penha, na Zona Leste de SP - Instituto Global Attitude\" \/>\n<meta property=\"og:description\" content=\"O programa promete transformar tr\u00eas pra\u00e7as da regi\u00e3o da Subprefeitura da Penha em palcos com atividades culturais, oferecendo m\u00fasica, teatro e bem-estar para a comunidade local. Por Braiam Resende \u2014 IGA SP \u2014 S\u00e3o Paulo 22\/10\/2024 16h23 Atualizado h\u00e1 05 minutos Nesta ter\u00e7a-feira (22), uma comitiva do programa Pra\u00e7as da Cultura fez uma visita t\u00e9cnica [&hellip;]\" \/>\n<meta property=\"og:url\" content=\"http:\/\/globalattitude.org.br\/en\/equipe-do-pracas-da-cultura-faz-visita-tecnica-a-subprefeitura-da-penha-na-zona-leste-de-sp\/\" \/>\n<meta property=\"og:site_name\" content=\"Instituto Global Attitude\" \/>\n<meta property=\"article:publisher\" content=\"https:\/\/www.facebook.com\/global.attitude.org\/\" \/>\n<meta property=\"article:published_time\" content=\"2024-10-22T19:23:00+00:00\" \/>\n<meta property=\"article:modified_time\" content=\"2024-10-22T19:34:21+00:00\" \/>\n<meta property=\"og:image\" content=\"http:\/\/globalattitude.org.br\/wp-content\/uploads\/2024\/10\/WhatsApp-Image-2024-10-22-at-12.42.55-150x150.jpeg\" \/>\n<meta name=\"author\" content=\"comunicacao\" \/>\n<meta name=\"twitter:card\" content=\"summary_large_image\" \/>\n<meta name=\"twitter:creator\" content=\"@global_attitude\" \/>\n<meta name=\"twitter:site\" content=\"@global_attitude\" \/>\n<meta name=\"twitter:label1\" content=\"Written by\" \/>\n\t<meta name=\"twitter:data1\" content=\"comunicacao\" \/>\n\t<meta name=\"twitter:label2\" content=\"Est. reading time\" \/>\n\t<meta name=\"twitter:data2\" content=\"2 minutes\" \/>\n<script type=\"application\/ld+json\" class=\"yoast-schema-graph\">{\"@context\":\"https:\\\/\\\/schema.org\",\"@graph\":[{\"@type\":[\"Article\",\"BlogPosting\"],\"@id\":\"http:\\\/\\\/globalattitude.org.br\\\/en\\\/equipe-do-pracas-da-cultura-faz-visita-tecnica-a-subprefeitura-da-penha-na-zona-leste-de-sp\\\/#article\",\"isPartOf\":{\"@id\":\"http:\\\/\\\/globalattitude.org.br\\\/en\\\/equipe-do-pracas-da-cultura-faz-visita-tecnica-a-subprefeitura-da-penha-na-zona-leste-de-sp\\\/\"},\"author\":{\"name\":\"comunicacao\",\"@id\":\"http:\\\/\\\/globalattitude.org.br\\\/#\\\/schema\\\/person\\\/d2d0edb26129b7407b05aa493af63725\"},\"headline\":\"Equipe do &#8220;Pra\u00e7as da Cultura&#8221; faz visita t\u00e9cnica \u00e0 Subprefeitura da Penha, na Zona Leste de SP\",\"datePublished\":\"2024-10-22T19:23:00+00:00\",\"dateModified\":\"2024-10-22T19:34:21+00:00\",\"mainEntityOfPage\":{\"@id\":\"http:\\\/\\\/globalattitude.org.br\\\/en\\\/equipe-do-pracas-da-cultura-faz-visita-tecnica-a-subprefeitura-da-penha-na-zona-leste-de-sp\\\/\"},\"wordCount\":367,\"commentCount\":0,\"publisher\":{\"@id\":\"http:\\\/\\\/globalattitude.org.br\\\/#organization\"},\"keywords\":[\"Equipe do \\\"Pra\u00e7as da Cultura\\\" faz visita t\u00e9cnica \u00e0 Subprefeitura da Penha na Zona Leste de SP\"],\"articleSection\":[\"Not\u00edcias\"],\"inLanguage\":\"en-US\",\"potentialAction\":[{\"@type\":\"CommentAction\",\"name\":\"Comment\",\"target\":[\"http:\\\/\\\/globalattitude.org.br\\\/en\\\/equipe-do-pracas-da-cultura-faz-visita-tecnica-a-subprefeitura-da-penha-na-zona-leste-de-sp\\\/#respond\"]}]},{\"@type\":\"WebPage\",\"@id\":\"http:\\\/\\\/globalattitude.org.br\\\/en\\\/equipe-do-pracas-da-cultura-faz-visita-tecnica-a-subprefeitura-da-penha-na-zona-leste-de-sp\\\/\",\"url\":\"http:\\\/\\\/globalattitude.org.br\\\/en\\\/equipe-do-pracas-da-cultura-faz-visita-tecnica-a-subprefeitura-da-penha-na-zona-leste-de-sp\\\/\",\"name\":\"Equipe do \\\"Pra\u00e7as da Cultura\\\" faz visita t\u00e9cnica \u00e0 Subprefeitura da Penha, na Zona Leste de SP - Instituto Global Attitude\",\"isPartOf\":{\"@id\":\"http:\\\/\\\/globalattitude.org.br\\\/#website\"},\"datePublished\":\"2024-10-22T19:23:00+00:00\",\"dateModified\":\"2024-10-22T19:34:21+00:00\",\"breadcrumb\":{\"@id\":\"http:\\\/\\\/globalattitude.org.br\\\/en\\\/equipe-do-pracas-da-cultura-faz-visita-tecnica-a-subprefeitura-da-penha-na-zona-leste-de-sp\\\/#breadcrumb\"},\"inLanguage\":\"en-US\",\"potentialAction\":[{\"@type\":\"ReadAction\",\"target\":[\"http:\\\/\\\/globalattitude.org.br\\\/en\\\/equipe-do-pracas-da-cultura-faz-visita-tecnica-a-subprefeitura-da-penha-na-zona-leste-de-sp\\\/\"]}]},{\"@type\":\"BreadcrumbList\",\"@id\":\"http:\\\/\\\/globalattitude.org.br\\\/en\\\/equipe-do-pracas-da-cultura-faz-visita-tecnica-a-subprefeitura-da-penha-na-zona-leste-de-sp\\\/#breadcrumb\",\"itemListElement\":[{\"@type\":\"ListItem\",\"position\":1,\"name\":\"In\u00edcio\",\"item\":\"https:\\\/\\\/globalattitude.org.br\\\/en\\\/\"},{\"@type\":\"ListItem\",\"position\":2,\"name\":\"Equipe do &#8220;Pra\u00e7as da Cultura&#8221; faz visita t\u00e9cnica \u00e0 Subprefeitura da Penha, na Zona Leste de SP\"}]},{\"@type\":\"WebSite\",\"@id\":\"http:\\\/\\\/globalattitude.org.br\\\/#website\",\"url\":\"http:\\\/\\\/globalattitude.org.br\\\/\",\"name\":\"Instituto Global Attitude\",\"description\":\"\",\"publisher\":{\"@id\":\"http:\\\/\\\/globalattitude.org.br\\\/#organization\"},\"potentialAction\":[{\"@type\":\"SearchAction\",\"target\":{\"@type\":\"EntryPoint\",\"urlTemplate\":\"http:\\\/\\\/globalattitude.org.br\\\/?s={search_term_string}\"},\"query-input\":{\"@type\":\"PropertyValueSpecification\",\"valueRequired\":true,\"valueName\":\"search_term_string\"}}],\"inLanguage\":\"en-US\"},{\"@type\":\"Organization\",\"@id\":\"http:\\\/\\\/globalattitude.org.br\\\/#organization\",\"name\":\"Instituto Global Attitude\",\"url\":\"http:\\\/\\\/globalattitude.org.br\\\/\",\"logo\":{\"@type\":\"ImageObject\",\"inLanguage\":\"en-US\",\"@id\":\"http:\\\/\\\/globalattitude.org.br\\\/#\\\/schema\\\/logo\\\/image\\\/\",\"url\":\"https:\\\/\\\/globalattitude.org.br\\\/wp-content\\\/uploads\\\/2023\\\/01\\\/instituto-global-attitude-color.png\",\"contentUrl\":\"https:\\\/\\\/globalattitude.org.br\\\/wp-content\\\/uploads\\\/2023\\\/01\\\/instituto-global-attitude-color.png\",\"width\":300,\"height\":131,\"caption\":\"Instituto Global Attitude\"},\"image\":{\"@id\":\"http:\\\/\\\/globalattitude.org.br\\\/#\\\/schema\\\/logo\\\/image\\\/\"},\"sameAs\":[\"https:\\\/\\\/www.facebook.com\\\/global.attitude.org\\\/\",\"https:\\\/\\\/x.com\\\/global_attitude\",\"https:\\\/\\\/www.instagram.com\\\/globalattitude\",\"https:\\\/\\\/www.linkedin.com\\\/company\\\/global-attitude\\\/?viewAsMember=true\"]},{\"@type\":\"Person\",\"@id\":\"http:\\\/\\\/globalattitude.org.br\\\/#\\\/schema\\\/person\\\/d2d0edb26129b7407b05aa493af63725\",\"name\":\"comunicacao\",\"image\":{\"@type\":\"ImageObject\",\"inLanguage\":\"en-US\",\"@id\":\"https:\\\/\\\/secure.gravatar.com\\\/avatar\\\/a25dbef6d352d1355e632d9629c19165ddb3e176cbcb21ee573e3d96d011d16b?s=96&d=mm&r=g\",\"url\":\"https:\\\/\\\/secure.gravatar.com\\\/avatar\\\/a25dbef6d352d1355e632d9629c19165ddb3e176cbcb21ee573e3d96d011d16b?s=96&d=mm&r=g\",\"contentUrl\":\"https:\\\/\\\/secure.gravatar.com\\\/avatar\\\/a25dbef6d352d1355e632d9629c19165ddb3e176cbcb21ee573e3d96d011d16b?s=96&d=mm&r=g\",\"caption\":\"comunicacao\"},\"url\":\"http:\\\/\\\/globalattitude.org.br\\\/en\\\/author\\\/comunicacao\\\/\"}]}<\/script>\n<!-- \/ Yoast SEO plugin. -->","yoast_head_json":{"title":"Equipe do \"Pra\u00e7as da Cultura\" faz visita t\u00e9cnica \u00e0 Subprefeitura da Penha, na Zona Leste de SP - Instituto Global Attitude","robots":{"index":"index","follow":"follow","max-snippet":"max-snippet:-1","max-image-preview":"max-image-preview:large","max-video-preview":"max-video-preview:-1"},"canonical":"http:\/\/globalattitude.org.br\/en\/equipe-do-pracas-da-cultura-faz-visita-tecnica-a-subprefeitura-da-penha-na-zona-leste-de-sp\/","og_locale":"en_US","og_type":"article","og_title":"Equipe do \"Pra\u00e7as da Cultura\" faz visita t\u00e9cnica \u00e0 Subprefeitura da Penha, na Zona Leste de SP - Instituto Global Attitude","og_description":"O programa promete transformar tr\u00eas pra\u00e7as da regi\u00e3o da Subprefeitura da Penha em palcos com atividades culturais, oferecendo m\u00fasica, teatro e bem-estar para a comunidade local. Por Braiam Resende \u2014 IGA SP \u2014 S\u00e3o Paulo 22\/10\/2024 16h23 Atualizado h\u00e1 05 minutos Nesta ter\u00e7a-feira (22), uma comitiva do programa Pra\u00e7as da Cultura fez uma visita t\u00e9cnica [&hellip;]","og_url":"http:\/\/globalattitude.org.br\/en\/equipe-do-pracas-da-cultura-faz-visita-tecnica-a-subprefeitura-da-penha-na-zona-leste-de-sp\/","og_site_name":"Instituto Global Attitude","article_publisher":"https:\/\/www.facebook.com\/global.attitude.org\/","article_published_time":"2024-10-22T19:23:00+00:00","article_modified_time":"2024-10-22T19:34:21+00:00","og_image":[{"url":"http:\/\/globalattitude.org.br\/wp-content\/uploads\/2024\/10\/WhatsApp-Image-2024-10-22-at-12.42.55-150x150.jpeg","type":"","width":"","height":""}],"author":"comunicacao","twitter_card":"summary_large_image","twitter_creator":"@global_attitude","twitter_site":"@global_attitude","twitter_misc":{"Written by":"comunicacao","Est. reading time":"2 minutes"},"schema":{"@context":"https:\/\/schema.org","@graph":[{"@type":["Article","BlogPosting"],"@id":"http:\/\/globalattitude.org.br\/en\/equipe-do-pracas-da-cultura-faz-visita-tecnica-a-subprefeitura-da-penha-na-zona-leste-de-sp\/#article","isPartOf":{"@id":"http:\/\/globalattitude.org.br\/en\/equipe-do-pracas-da-cultura-faz-visita-tecnica-a-subprefeitura-da-penha-na-zona-leste-de-sp\/"},"author":{"name":"comunicacao","@id":"http:\/\/globalattitude.org.br\/#\/schema\/person\/d2d0edb26129b7407b05aa493af63725"},"headline":"Equipe do &#8220;Pra\u00e7as da Cultura&#8221; faz visita t\u00e9cnica \u00e0 Subprefeitura da Penha, na Zona Leste de SP","datePublished":"2024-10-22T19:23:00+00:00","dateModified":"2024-10-22T19:34:21+00:00","mainEntityOfPage":{"@id":"http:\/\/globalattitude.org.br\/en\/equipe-do-pracas-da-cultura-faz-visita-tecnica-a-subprefeitura-da-penha-na-zona-leste-de-sp\/"},"wordCount":367,"commentCount":0,"publisher":{"@id":"http:\/\/globalattitude.org.br\/#organization"},"keywords":["Equipe do \"Pra\u00e7as da Cultura\" faz visita t\u00e9cnica \u00e0 Subprefeitura da Penha na Zona Leste de SP"],"articleSection":["Not\u00edcias"],"inLanguage":"en-US","potentialAction":[{"@type":"CommentAction","name":"Comment","target":["http:\/\/globalattitude.org.br\/en\/equipe-do-pracas-da-cultura-faz-visita-tecnica-a-subprefeitura-da-penha-na-zona-leste-de-sp\/#respond"]}]},{"@type":"WebPage","@id":"http:\/\/globalattitude.org.br\/en\/equipe-do-pracas-da-cultura-faz-visita-tecnica-a-subprefeitura-da-penha-na-zona-leste-de-sp\/","url":"http:\/\/globalattitude.org.br\/en\/equipe-do-pracas-da-cultura-faz-visita-tecnica-a-subprefeitura-da-penha-na-zona-leste-de-sp\/","name":"Equipe do \"Pra\u00e7as da Cultura\" faz visita t\u00e9cnica \u00e0 Subprefeitura da Penha, na Zona Leste de SP - Instituto Global Attitude","isPartOf":{"@id":"http:\/\/globalattitude.org.br\/#website"},"datePublished":"2024-10-22T19:23:00+00:00","dateModified":"2024-10-22T19:34:21+00:00","breadcrumb":{"@id":"http:\/\/globalattitude.org.br\/en\/equipe-do-pracas-da-cultura-faz-visita-tecnica-a-subprefeitura-da-penha-na-zona-leste-de-sp\/#breadcrumb"},"inLanguage":"en-US","potentialAction":[{"@type":"ReadAction","target":["http:\/\/globalattitude.org.br\/en\/equipe-do-pracas-da-cultura-faz-visita-tecnica-a-subprefeitura-da-penha-na-zona-leste-de-sp\/"]}]},{"@type":"BreadcrumbList","@id":"http:\/\/globalattitude.org.br\/en\/equipe-do-pracas-da-cultura-faz-visita-tecnica-a-subprefeitura-da-penha-na-zona-leste-de-sp\/#breadcrumb","itemListElement":[{"@type":"ListItem","position":1,"name":"In\u00edcio","item":"https:\/\/globalattitude.org.br\/en\/"},{"@type":"ListItem","position":2,"name":"Equipe do &#8220;Pra\u00e7as da Cultura&#8221; faz visita t\u00e9cnica \u00e0 Subprefeitura da Penha, na Zona Leste de SP"}]},{"@type":"WebSite","@id":"http:\/\/globalattitude.org.br\/#website","url":"http:\/\/globalattitude.org.br\/","name":"Instituto Global Attitude","description":"","publisher":{"@id":"http:\/\/globalattitude.org.br\/#organization"},"potentialAction":[{"@type":"SearchAction","target":{"@type":"EntryPoint","urlTemplate":"http:\/\/globalattitude.org.br\/?s={search_term_string}"},"query-input":{"@type":"PropertyValueSpecification","valueRequired":true,"valueName":"search_term_string"}}],"inLanguage":"en-US"},{"@type":"Organization","@id":"http:\/\/globalattitude.org.br\/#organization","name":"Instituto Global Attitude","url":"http:\/\/globalattitude.org.br\/","logo":{"@type":"ImageObject","inLanguage":"en-US","@id":"http:\/\/globalattitude.org.br\/#\/schema\/logo\/image\/","url":"https:\/\/globalattitude.org.br\/wp-content\/uploads\/2023\/01\/instituto-global-attitude-color.png","contentUrl":"https:\/\/globalattitude.org.br\/wp-content\/uploads\/2023\/01\/instituto-global-attitude-color.png","width":300,"height":131,"caption":"Instituto Global Attitude"},"image":{"@id":"http:\/\/globalattitude.org.br\/#\/schema\/logo\/image\/"},"sameAs":["https:\/\/www.facebook.com\/global.attitude.org\/","https:\/\/x.com\/global_attitude","https:\/\/www.instagram.com\/globalattitude","https:\/\/www.linkedin.com\/company\/global-attitude\/?viewAsMember=true"]},{"@type":"Person","@id":"http:\/\/globalattitude.org.br\/#\/schema\/person\/d2d0edb26129b7407b05aa493af63725","name":"comunicacao","image":{"@type":"ImageObject","inLanguage":"en-US","@id":"https:\/\/secure.gravatar.com\/avatar\/a25dbef6d352d1355e632d9629c19165ddb3e176cbcb21ee573e3d96d011d16b?s=96&d=mm&r=g","url":"https:\/\/secure.gravatar.com\/avatar\/a25dbef6d352d1355e632d9629c19165ddb3e176cbcb21ee573e3d96d011d16b?s=96&d=mm&r=g","contentUrl":"https:\/\/secure.gravatar.com\/avatar\/a25dbef6d352d1355e632d9629c19165ddb3e176cbcb21ee573e3d96d011d16b?s=96&d=mm&r=g","caption":"comunicacao"},"url":"http:\/\/globalattitude.org.br\/en\/author\/comunicacao\/"}]}},"_links":{"self":[{"href":"http:\/\/globalattitude.org.br\/en\/wp-json\/wp\/v2\/posts\/9731","targetHints":{"allow":["GET"]}}],"collection":[{"href":"http:\/\/globalattitude.org.br\/en\/wp-json\/wp\/v2\/posts"}],"about":[{"href":"http:\/\/globalattitude.org.br\/en\/wp-json\/wp\/v2\/types\/post"}],"author":[{"embeddable":true,"href":"http:\/\/globalattitude.org.br\/en\/wp-json\/wp\/v2\/users\/4"}],"replies":[{"embeddable":true,"href":"http:\/\/globalattitude.org.br\/en\/wp-json\/wp\/v2\/comments?post=9731"}],"version-history":[{"count":4,"href":"http:\/\/globalattitude.org.br\/en\/wp-json\/wp\/v2\/posts\/9731\/revisions"}],"predecessor-version":[{"id":9745,"href":"http:\/\/globalattitude.org.br\/en\/wp-json\/wp\/v2\/posts\/9731\/revisions\/9745"}],"wp:attachment":[{"href":"http:\/\/globalattitude.org.br\/en\/wp-json\/wp\/v2\/media?parent=9731"}],"wp:term":[{"taxonomy":"category","embeddable":true,"href":"http:\/\/globalattitude.org.br\/en\/wp-json\/wp\/v2\/categories?post=9731"},{"taxonomy":"post_tag","embeddable":true,"href":"http:\/\/globalattitude.org.br\/en\/wp-json\/wp\/v2\/tags?post=9731"}],"curies":[{"name":"wp","href":"https:\/\/api.w.org\/{rel}","templated":true}]}}