{"id":9948,"date":"2024-11-06T11:08:35","date_gmt":"2024-11-06T14:08:35","guid":{"rendered":"https:\/\/globalattitude.org.br\/?p=9948"},"modified":"2024-11-06T13:18:44","modified_gmt":"2024-11-06T16:18:44","slug":"camara-aprova-projeto-que-regulamenta-emendas-parlamentares-ao-orcamento","status":"publish","type":"post","link":"http:\/\/globalattitude.org.br\/en\/camara-aprova-projeto-que-regulamenta-emendas-parlamentares-ao-orcamento\/","title":{"rendered":"C\u00e2mara aprova projeto que regulamenta emendas parlamentares ao Or\u00e7amento"},"content":{"rendered":"<p>A expectativa \u00e9 que o Senado tamb\u00e9m analise e aprove as mudan\u00e7as.<\/p>\n<p>Por Ag\u00eancia C\u00e2mara de Not\u00edcias \u2014 Bras\u00edlia 06\/11\/2024 11h06 Atualizado h\u00e1 12 minutos<\/p>\n<p>A C\u00e2mara dos Deputados aprovou nesta ter\u00e7a-feira (5) o texto-base de um<a href=\"https:\/\/www.brasildefato.com.br\/2024\/11\/05\/projeto-que-regulamenta-emendas-parlamentares-pode-ser-votado-nesta-terca-5-na-camara\">\u00a0Projeto de Lei Complementar (PLP) ) 175\/2024<\/a>, que estabelece novas diretrizes para a execu\u00e7\u00e3o das emendas parlamentares. O projeto foi aprovado com 330 votos favor\u00e1veis e 74 contr\u00e1rios.<\/p>\n<p>A vota\u00e7\u00e3o ocorreu ap\u00f3s a aprova\u00e7\u00e3o de um<a href=\"https:\/\/www.brasildefato.com.br\/2024\/11\/05\/camara-aprova-urgencia-de-plp-que-cria-regras-para-emendas-parlamentares-texto-esta-em-debate-no-plenario\">\u00a0pedido de urg\u00eancia<\/a>, o que acelerou o andamento do projeto na Casa.<\/p>\n<p>O Projeto, de autoria do deputado Rubens Pereira J\u00fanior (PT-MA), vice-l\u00edder do governo, \u00e9 fruto de um acordo entre o Congresso Nacional e o Executivo, visando atender a determina\u00e7\u00f5es do Supremo Tribunal Federal (STF), que exige que o Legislativo assegure transpar\u00eancia e rastreabilidade na aplica\u00e7\u00e3o dos recursos como condi\u00e7\u00e3o para que os ministros voltem a autorizar o pagamento das emendas impositivas, suspenso em agosto.<\/p>\n<p>A expectativa \u00e9 que o Senado tamb\u00e9m analise e aprove o PLP ap\u00f3s o exame da C\u00e2mara.<\/p>\n<p>Relatado por Elmar Nascimento, o texto estabelece regras para o processamento das emendas individuais, de comiss\u00e3o e de bancada, buscando garantir integridade no uso dos recursos p\u00fablicos. Por exemplo, o projeto pro\u00edbe que\u00a0<a href=\"https:\/\/brasildefatorj.com.br\/2024\/11\/04\/psol-diz-que-proposta-para-regulamentar-emendas-parlamentares-e-insuficiente-e-pede-mudancas-no-texto\">emendas\u00a0<\/a>de comiss\u00e3o tenham &#8220;designa\u00e7\u00e3o gen\u00e9rica de programa\u00e7\u00e3o&#8221;. Ele ainda determina que essas emendas, decididas por cada colegiado do Legislativo, dever\u00e3o ser voltadas a &#8220;a\u00e7\u00f5es or\u00e7ament\u00e1rias de interesse nacional ou regional&#8221; e seguir diretrizes das pol\u00edticas p\u00fablicas federais a partir de 2026.<\/p>\n<p>As regras, por\u00e9m, t\u00eam sido duramente criticado por entidades civis que atuam na \u00e1rea de transpar\u00eancia p\u00fablica e pela bancada do Psol, que afirmam que o texto n\u00e3o atende a todos os crit\u00e9rios normativos impostos pelo STF.<\/p>\n<p>Parlamentares do Psol acrescentam, ainda, que o texto repete a l\u00f3gica do or\u00e7amento secreto, din\u00e2mica em que o Legislativo passou a dominar o or\u00e7amento anual da Uni\u00e3o em detrimento do poder do governo eleito sobre tais verbas, como historicamente ocorria no pa\u00eds antes de a gest\u00e3o Bolsonaro implementar essa outra l\u00f3gica de administra\u00e7\u00e3o dos recursos.<\/p>\n<p>&#8220;Cabe ao Legislativo elaborar a pe\u00e7a or\u00e7ament\u00e1ria, fiscalizar o or\u00e7amento, mas n\u00e3o cabe ao Legislativo nem a cada parlamentar aqui nesta Casa se tornar uma unidade de execu\u00e7\u00e3o or\u00e7ament\u00e1ria. Isso est\u00e1 errado. O or\u00e7amento p\u00fablico deve responder ao interesse geral da sociedade, e n\u00e3o ao interesse particular de cada deputado e deputada, por isso somos contr\u00e1rios&#8221;, argumentou o deputado Tarc\u00edsio Motta (Psol-RJ), durante o debate do PLP.<\/p>\n<p>&nbsp;<\/p>\n","protected":false},"excerpt":{"rendered":"<p>A expectativa \u00e9 que o Senado tamb\u00e9m analise e aprove as mudan\u00e7as. Por Ag\u00eancia C\u00e2mara de Not\u00edcias \u2014 Bras\u00edlia 06\/11\/2024 11h06 Atualizado h\u00e1 12 minutos A C\u00e2mara dos Deputados aprovou nesta ter\u00e7a-feira (5) o texto-base de um\u00a0Projeto de Lei Complementar (PLP) ) 175\/2024, que estabelece novas diretrizes para a execu\u00e7\u00e3o das emendas parlamentares. O projeto [&hellip;]<\/p>\n","protected":false},"author":4,"featured_media":0,"comment_status":"open","ping_status":"open","sticky":false,"template":"","format":"standard","meta":{"_acf_changed":false,"om_disable_all_campaigns":false,"_monsterinsights_skip_tracking":false,"_monsterinsights_sitenote_active":false,"_monsterinsights_sitenote_note":"","_monsterinsights_sitenote_category":0,"_uf_show_specific_survey":0,"_uf_disable_surveys":false,"footnotes":""},"categories":[360],"tags":[573],"class_list":["post-9948","post","type-post","status-publish","format-standard","hentry","category-noticias","tag-camara-aprova-projeto-que-regulamenta-emendas-parlamentares-ao-orcamento"],"acf":[],"aioseo_notices":[],"yoast_head":"<!-- This site is optimized with the Yoast SEO plugin v27.5 - https:\/\/yoast.com\/product\/yoast-seo-wordpress\/ -->\n<title>C\u00e2mara aprova projeto que regulamenta emendas parlamentares ao Or\u00e7amento - Instituto Global Attitude<\/title>\n<meta name=\"robots\" content=\"index, follow, max-snippet:-1, max-image-preview:large, max-video-preview:-1\" \/>\n<link rel=\"canonical\" href=\"http:\/\/globalattitude.org.br\/en\/camara-aprova-projeto-que-regulamenta-emendas-parlamentares-ao-orcamento\/\" \/>\n<meta property=\"og:locale\" content=\"en_US\" \/>\n<meta property=\"og:type\" content=\"article\" \/>\n<meta property=\"og:title\" content=\"C\u00e2mara aprova projeto que regulamenta emendas parlamentares ao Or\u00e7amento - Instituto Global Attitude\" \/>\n<meta property=\"og:description\" content=\"A expectativa \u00e9 que o Senado tamb\u00e9m analise e aprove as mudan\u00e7as. Por Ag\u00eancia C\u00e2mara de Not\u00edcias \u2014 Bras\u00edlia 06\/11\/2024 11h06 Atualizado h\u00e1 12 minutos A C\u00e2mara dos Deputados aprovou nesta ter\u00e7a-feira (5) o texto-base de um\u00a0Projeto de Lei Complementar (PLP) ) 175\/2024, que estabelece novas diretrizes para a execu\u00e7\u00e3o das emendas parlamentares. O projeto [&hellip;]\" \/>\n<meta property=\"og:url\" content=\"http:\/\/globalattitude.org.br\/en\/camara-aprova-projeto-que-regulamenta-emendas-parlamentares-ao-orcamento\/\" \/>\n<meta property=\"og:site_name\" content=\"Instituto Global Attitude\" \/>\n<meta property=\"article:publisher\" content=\"https:\/\/www.facebook.com\/global.attitude.org\/\" \/>\n<meta property=\"article:published_time\" content=\"2024-11-06T14:08:35+00:00\" \/>\n<meta property=\"article:modified_time\" content=\"2024-11-06T16:18:44+00:00\" \/>\n<meta name=\"author\" content=\"comunicacao\" \/>\n<meta name=\"twitter:card\" content=\"summary_large_image\" \/>\n<meta name=\"twitter:creator\" content=\"@global_attitude\" \/>\n<meta name=\"twitter:site\" content=\"@global_attitude\" \/>\n<meta name=\"twitter:label1\" content=\"Written by\" \/>\n\t<meta name=\"twitter:data1\" content=\"comunicacao\" \/>\n\t<meta name=\"twitter:label2\" content=\"Est. reading time\" \/>\n\t<meta name=\"twitter:data2\" content=\"3 minutes\" \/>\n<script type=\"application\/ld+json\" class=\"yoast-schema-graph\">{\"@context\":\"https:\\\/\\\/schema.org\",\"@graph\":[{\"@type\":[\"Article\",\"BlogPosting\"],\"@id\":\"http:\\\/\\\/globalattitude.org.br\\\/en\\\/camara-aprova-projeto-que-regulamenta-emendas-parlamentares-ao-orcamento\\\/#article\",\"isPartOf\":{\"@id\":\"http:\\\/\\\/globalattitude.org.br\\\/en\\\/camara-aprova-projeto-que-regulamenta-emendas-parlamentares-ao-orcamento\\\/\"},\"author\":{\"name\":\"comunicacao\",\"@id\":\"http:\\\/\\\/globalattitude.org.br\\\/#\\\/schema\\\/person\\\/d2d0edb26129b7407b05aa493af63725\"},\"headline\":\"C\u00e2mara aprova projeto que regulamenta emendas parlamentares ao Or\u00e7amento\",\"datePublished\":\"2024-11-06T14:08:35+00:00\",\"dateModified\":\"2024-11-06T16:18:44+00:00\",\"mainEntityOfPage\":{\"@id\":\"http:\\\/\\\/globalattitude.org.br\\\/en\\\/camara-aprova-projeto-que-regulamenta-emendas-parlamentares-ao-orcamento\\\/\"},\"wordCount\":465,\"commentCount\":0,\"publisher\":{\"@id\":\"http:\\\/\\\/globalattitude.org.br\\\/#organization\"},\"keywords\":[\"C\u00e2mara aprova projeto que regulamenta emendas parlamentares ao Or\u00e7amento\"],\"articleSection\":[\"Not\u00edcias\"],\"inLanguage\":\"en-US\",\"potentialAction\":[{\"@type\":\"CommentAction\",\"name\":\"Comment\",\"target\":[\"http:\\\/\\\/globalattitude.org.br\\\/en\\\/camara-aprova-projeto-que-regulamenta-emendas-parlamentares-ao-orcamento\\\/#respond\"]}]},{\"@type\":\"WebPage\",\"@id\":\"http:\\\/\\\/globalattitude.org.br\\\/en\\\/camara-aprova-projeto-que-regulamenta-emendas-parlamentares-ao-orcamento\\\/\",\"url\":\"http:\\\/\\\/globalattitude.org.br\\\/en\\\/camara-aprova-projeto-que-regulamenta-emendas-parlamentares-ao-orcamento\\\/\",\"name\":\"C\u00e2mara aprova projeto que regulamenta emendas parlamentares ao Or\u00e7amento - Instituto Global Attitude\",\"isPartOf\":{\"@id\":\"http:\\\/\\\/globalattitude.org.br\\\/#website\"},\"datePublished\":\"2024-11-06T14:08:35+00:00\",\"dateModified\":\"2024-11-06T16:18:44+00:00\",\"breadcrumb\":{\"@id\":\"http:\\\/\\\/globalattitude.org.br\\\/en\\\/camara-aprova-projeto-que-regulamenta-emendas-parlamentares-ao-orcamento\\\/#breadcrumb\"},\"inLanguage\":\"en-US\",\"potentialAction\":[{\"@type\":\"ReadAction\",\"target\":[\"http:\\\/\\\/globalattitude.org.br\\\/en\\\/camara-aprova-projeto-que-regulamenta-emendas-parlamentares-ao-orcamento\\\/\"]}]},{\"@type\":\"BreadcrumbList\",\"@id\":\"http:\\\/\\\/globalattitude.org.br\\\/en\\\/camara-aprova-projeto-que-regulamenta-emendas-parlamentares-ao-orcamento\\\/#breadcrumb\",\"itemListElement\":[{\"@type\":\"ListItem\",\"position\":1,\"name\":\"In\u00edcio\",\"item\":\"https:\\\/\\\/globalattitude.org.br\\\/en\\\/\"},{\"@type\":\"ListItem\",\"position\":2,\"name\":\"C\u00e2mara aprova projeto que regulamenta emendas parlamentares ao Or\u00e7amento\"}]},{\"@type\":\"WebSite\",\"@id\":\"http:\\\/\\\/globalattitude.org.br\\\/#website\",\"url\":\"http:\\\/\\\/globalattitude.org.br\\\/\",\"name\":\"Instituto Global Attitude\",\"description\":\"\",\"publisher\":{\"@id\":\"http:\\\/\\\/globalattitude.org.br\\\/#organization\"},\"potentialAction\":[{\"@type\":\"SearchAction\",\"target\":{\"@type\":\"EntryPoint\",\"urlTemplate\":\"http:\\\/\\\/globalattitude.org.br\\\/?s={search_term_string}\"},\"query-input\":{\"@type\":\"PropertyValueSpecification\",\"valueRequired\":true,\"valueName\":\"search_term_string\"}}],\"inLanguage\":\"en-US\"},{\"@type\":\"Organization\",\"@id\":\"http:\\\/\\\/globalattitude.org.br\\\/#organization\",\"name\":\"Instituto Global Attitude\",\"url\":\"http:\\\/\\\/globalattitude.org.br\\\/\",\"logo\":{\"@type\":\"ImageObject\",\"inLanguage\":\"en-US\",\"@id\":\"http:\\\/\\\/globalattitude.org.br\\\/#\\\/schema\\\/logo\\\/image\\\/\",\"url\":\"https:\\\/\\\/globalattitude.org.br\\\/wp-content\\\/uploads\\\/2023\\\/01\\\/instituto-global-attitude-color.png\",\"contentUrl\":\"https:\\\/\\\/globalattitude.org.br\\\/wp-content\\\/uploads\\\/2023\\\/01\\\/instituto-global-attitude-color.png\",\"width\":300,\"height\":131,\"caption\":\"Instituto Global Attitude\"},\"image\":{\"@id\":\"http:\\\/\\\/globalattitude.org.br\\\/#\\\/schema\\\/logo\\\/image\\\/\"},\"sameAs\":[\"https:\\\/\\\/www.facebook.com\\\/global.attitude.org\\\/\",\"https:\\\/\\\/x.com\\\/global_attitude\",\"https:\\\/\\\/www.instagram.com\\\/globalattitude\",\"https:\\\/\\\/www.linkedin.com\\\/company\\\/global-attitude\\\/?viewAsMember=true\"]},{\"@type\":\"Person\",\"@id\":\"http:\\\/\\\/globalattitude.org.br\\\/#\\\/schema\\\/person\\\/d2d0edb26129b7407b05aa493af63725\",\"name\":\"comunicacao\",\"image\":{\"@type\":\"ImageObject\",\"inLanguage\":\"en-US\",\"@id\":\"https:\\\/\\\/secure.gravatar.com\\\/avatar\\\/a25dbef6d352d1355e632d9629c19165ddb3e176cbcb21ee573e3d96d011d16b?s=96&d=mm&r=g\",\"url\":\"https:\\\/\\\/secure.gravatar.com\\\/avatar\\\/a25dbef6d352d1355e632d9629c19165ddb3e176cbcb21ee573e3d96d011d16b?s=96&d=mm&r=g\",\"contentUrl\":\"https:\\\/\\\/secure.gravatar.com\\\/avatar\\\/a25dbef6d352d1355e632d9629c19165ddb3e176cbcb21ee573e3d96d011d16b?s=96&d=mm&r=g\",\"caption\":\"comunicacao\"},\"url\":\"http:\\\/\\\/globalattitude.org.br\\\/en\\\/author\\\/comunicacao\\\/\"}]}<\/script>\n<!-- \/ Yoast SEO plugin. -->","yoast_head_json":{"title":"C\u00e2mara aprova projeto que regulamenta emendas parlamentares ao Or\u00e7amento - Instituto Global Attitude","robots":{"index":"index","follow":"follow","max-snippet":"max-snippet:-1","max-image-preview":"max-image-preview:large","max-video-preview":"max-video-preview:-1"},"canonical":"http:\/\/globalattitude.org.br\/en\/camara-aprova-projeto-que-regulamenta-emendas-parlamentares-ao-orcamento\/","og_locale":"en_US","og_type":"article","og_title":"C\u00e2mara aprova projeto que regulamenta emendas parlamentares ao Or\u00e7amento - Instituto Global Attitude","og_description":"A expectativa \u00e9 que o Senado tamb\u00e9m analise e aprove as mudan\u00e7as. Por Ag\u00eancia C\u00e2mara de Not\u00edcias \u2014 Bras\u00edlia 06\/11\/2024 11h06 Atualizado h\u00e1 12 minutos A C\u00e2mara dos Deputados aprovou nesta ter\u00e7a-feira (5) o texto-base de um\u00a0Projeto de Lei Complementar (PLP) ) 175\/2024, que estabelece novas diretrizes para a execu\u00e7\u00e3o das emendas parlamentares. O projeto [&hellip;]","og_url":"http:\/\/globalattitude.org.br\/en\/camara-aprova-projeto-que-regulamenta-emendas-parlamentares-ao-orcamento\/","og_site_name":"Instituto Global Attitude","article_publisher":"https:\/\/www.facebook.com\/global.attitude.org\/","article_published_time":"2024-11-06T14:08:35+00:00","article_modified_time":"2024-11-06T16:18:44+00:00","author":"comunicacao","twitter_card":"summary_large_image","twitter_creator":"@global_attitude","twitter_site":"@global_attitude","twitter_misc":{"Written by":"comunicacao","Est. reading time":"3 minutes"},"schema":{"@context":"https:\/\/schema.org","@graph":[{"@type":["Article","BlogPosting"],"@id":"http:\/\/globalattitude.org.br\/en\/camara-aprova-projeto-que-regulamenta-emendas-parlamentares-ao-orcamento\/#article","isPartOf":{"@id":"http:\/\/globalattitude.org.br\/en\/camara-aprova-projeto-que-regulamenta-emendas-parlamentares-ao-orcamento\/"},"author":{"name":"comunicacao","@id":"http:\/\/globalattitude.org.br\/#\/schema\/person\/d2d0edb26129b7407b05aa493af63725"},"headline":"C\u00e2mara aprova projeto que regulamenta emendas parlamentares ao Or\u00e7amento","datePublished":"2024-11-06T14:08:35+00:00","dateModified":"2024-11-06T16:18:44+00:00","mainEntityOfPage":{"@id":"http:\/\/globalattitude.org.br\/en\/camara-aprova-projeto-que-regulamenta-emendas-parlamentares-ao-orcamento\/"},"wordCount":465,"commentCount":0,"publisher":{"@id":"http:\/\/globalattitude.org.br\/#organization"},"keywords":["C\u00e2mara aprova projeto que regulamenta emendas parlamentares ao Or\u00e7amento"],"articleSection":["Not\u00edcias"],"inLanguage":"en-US","potentialAction":[{"@type":"CommentAction","name":"Comment","target":["http:\/\/globalattitude.org.br\/en\/camara-aprova-projeto-que-regulamenta-emendas-parlamentares-ao-orcamento\/#respond"]}]},{"@type":"WebPage","@id":"http:\/\/globalattitude.org.br\/en\/camara-aprova-projeto-que-regulamenta-emendas-parlamentares-ao-orcamento\/","url":"http:\/\/globalattitude.org.br\/en\/camara-aprova-projeto-que-regulamenta-emendas-parlamentares-ao-orcamento\/","name":"C\u00e2mara aprova projeto que regulamenta emendas parlamentares ao Or\u00e7amento - Instituto Global Attitude","isPartOf":{"@id":"http:\/\/globalattitude.org.br\/#website"},"datePublished":"2024-11-06T14:08:35+00:00","dateModified":"2024-11-06T16:18:44+00:00","breadcrumb":{"@id":"http:\/\/globalattitude.org.br\/en\/camara-aprova-projeto-que-regulamenta-emendas-parlamentares-ao-orcamento\/#breadcrumb"},"inLanguage":"en-US","potentialAction":[{"@type":"ReadAction","target":["http:\/\/globalattitude.org.br\/en\/camara-aprova-projeto-que-regulamenta-emendas-parlamentares-ao-orcamento\/"]}]},{"@type":"BreadcrumbList","@id":"http:\/\/globalattitude.org.br\/en\/camara-aprova-projeto-que-regulamenta-emendas-parlamentares-ao-orcamento\/#breadcrumb","itemListElement":[{"@type":"ListItem","position":1,"name":"In\u00edcio","item":"https:\/\/globalattitude.org.br\/en\/"},{"@type":"ListItem","position":2,"name":"C\u00e2mara aprova projeto que regulamenta emendas parlamentares ao Or\u00e7amento"}]},{"@type":"WebSite","@id":"http:\/\/globalattitude.org.br\/#website","url":"http:\/\/globalattitude.org.br\/","name":"Instituto Global Attitude","description":"","publisher":{"@id":"http:\/\/globalattitude.org.br\/#organization"},"potentialAction":[{"@type":"SearchAction","target":{"@type":"EntryPoint","urlTemplate":"http:\/\/globalattitude.org.br\/?s={search_term_string}"},"query-input":{"@type":"PropertyValueSpecification","valueRequired":true,"valueName":"search_term_string"}}],"inLanguage":"en-US"},{"@type":"Organization","@id":"http:\/\/globalattitude.org.br\/#organization","name":"Instituto Global Attitude","url":"http:\/\/globalattitude.org.br\/","logo":{"@type":"ImageObject","inLanguage":"en-US","@id":"http:\/\/globalattitude.org.br\/#\/schema\/logo\/image\/","url":"https:\/\/globalattitude.org.br\/wp-content\/uploads\/2023\/01\/instituto-global-attitude-color.png","contentUrl":"https:\/\/globalattitude.org.br\/wp-content\/uploads\/2023\/01\/instituto-global-attitude-color.png","width":300,"height":131,"caption":"Instituto Global Attitude"},"image":{"@id":"http:\/\/globalattitude.org.br\/#\/schema\/logo\/image\/"},"sameAs":["https:\/\/www.facebook.com\/global.attitude.org\/","https:\/\/x.com\/global_attitude","https:\/\/www.instagram.com\/globalattitude","https:\/\/www.linkedin.com\/company\/global-attitude\/?viewAsMember=true"]},{"@type":"Person","@id":"http:\/\/globalattitude.org.br\/#\/schema\/person\/d2d0edb26129b7407b05aa493af63725","name":"comunicacao","image":{"@type":"ImageObject","inLanguage":"en-US","@id":"https:\/\/secure.gravatar.com\/avatar\/a25dbef6d352d1355e632d9629c19165ddb3e176cbcb21ee573e3d96d011d16b?s=96&d=mm&r=g","url":"https:\/\/secure.gravatar.com\/avatar\/a25dbef6d352d1355e632d9629c19165ddb3e176cbcb21ee573e3d96d011d16b?s=96&d=mm&r=g","contentUrl":"https:\/\/secure.gravatar.com\/avatar\/a25dbef6d352d1355e632d9629c19165ddb3e176cbcb21ee573e3d96d011d16b?s=96&d=mm&r=g","caption":"comunicacao"},"url":"http:\/\/globalattitude.org.br\/en\/author\/comunicacao\/"}]}},"_links":{"self":[{"href":"http:\/\/globalattitude.org.br\/en\/wp-json\/wp\/v2\/posts\/9948","targetHints":{"allow":["GET"]}}],"collection":[{"href":"http:\/\/globalattitude.org.br\/en\/wp-json\/wp\/v2\/posts"}],"about":[{"href":"http:\/\/globalattitude.org.br\/en\/wp-json\/wp\/v2\/types\/post"}],"author":[{"embeddable":true,"href":"http:\/\/globalattitude.org.br\/en\/wp-json\/wp\/v2\/users\/4"}],"replies":[{"embeddable":true,"href":"http:\/\/globalattitude.org.br\/en\/wp-json\/wp\/v2\/comments?post=9948"}],"version-history":[{"count":1,"href":"http:\/\/globalattitude.org.br\/en\/wp-json\/wp\/v2\/posts\/9948\/revisions"}],"predecessor-version":[{"id":9951,"href":"http:\/\/globalattitude.org.br\/en\/wp-json\/wp\/v2\/posts\/9948\/revisions\/9951"}],"wp:attachment":[{"href":"http:\/\/globalattitude.org.br\/en\/wp-json\/wp\/v2\/media?parent=9948"}],"wp:term":[{"taxonomy":"category","embeddable":true,"href":"http:\/\/globalattitude.org.br\/en\/wp-json\/wp\/v2\/categories?post=9948"},{"taxonomy":"post_tag","embeddable":true,"href":"http:\/\/globalattitude.org.br\/en\/wp-json\/wp\/v2\/tags?post=9948"}],"curies":[{"name":"wp","href":"https:\/\/api.w.org\/{rel}","templated":true}]}}