{"id":9957,"date":"2024-11-06T11:29:13","date_gmt":"2024-11-06T14:29:13","guid":{"rendered":"https:\/\/globalattitude.org.br\/?p=9957"},"modified":"2024-12-18T13:59:19","modified_gmt":"2024-12-18T16:59:19","slug":"banco-de-dados-artistico-pracas-da-cultura","status":"publish","type":"post","link":"http:\/\/globalattitude.org.br\/en\/banco-de-dados-artistico-pracas-da-cultura\/","title":{"rendered":"Banco de dados art\u00edstico Pra\u00e7as da Cultura\u00a02025"},"content":{"rendered":"<p>Sejam todos muito bem vindos ao programa Pra\u00e7as da Cultura!<\/p>\n<p>O Pra\u00e7as da Cultura \u00e9 um programa da Prefeitura de S\u00e3o Paulo, realizado por meio da Secretaria Municipal de Cultura em parceria com o Instituto Global Attitude, com o objetivo de democratizar o acesso \u00e0 cultura nas regi\u00f5es perif\u00e9ricas da cidade. O projeto leva apresenta\u00e7\u00f5es culturais e espet\u00e1culos gratuitos para pra\u00e7as p\u00fablicas, oferecendo uma programa\u00e7\u00e3o diversificada e inclusiva.<\/p>\n<p>Com a\u00e7\u00f5es que acontecem todos os finais de semana, o &#8220;Pra\u00e7as da Cultura&#8221; transforma os espa\u00e7os p\u00fablicos em palcos abertos, valorizando artistas locais e proporcionando cultura, lazer e entretenimento para toda a comunidade, especialmente em territ\u00f3rios com menor oferta cultural.<\/p>\n<h2><strong>1. Registro no Banco de Dados<\/strong><\/h2>\n<p>Ser\u00e3o selecionados artistas que se enquadrem dentro das linguagens contempladas pelo projeto e que possuam coer\u00eancia com o plano de trabalho. Tamb\u00e9m ser\u00e3o avaliados todos os documentos necess\u00e1rios para realizar a contrata\u00e7\u00e3o.<\/p>\n<p>Os artistas selecionados ser\u00e3o convidados para cumprir a programa\u00e7\u00e3o dos meses de fevereiro, mar\u00e7o e abril de 2025, e ser\u00e3o contatos pelo curador art\u00edstico com prazo suficiente para programar a agenda, emitir o contrato e receb\u00ea-lo devidamente assinado.\u00a0 Caso os documentos e\/ou requisitos m\u00ednimos estejam fora de regularidade, o registro no banco de dados n\u00e3o ser\u00e1 efetivado.<\/p>\n<h2><strong>2. Linguagens Contempladas<\/strong><\/h2>\n<ul>\n<li>Artes C\u00eanicas<\/li>\n<li>M\u00fasica<\/li>\n<li>Dan\u00e7a<\/li>\n<li>Literatura<\/li>\n<li>Artes Integradas<\/li>\n<li>Conta\u00e7\u00e3o de Hist\u00f3ria<\/li>\n<\/ul>\n<h2><strong>3. Requisitos M\u00ednimos<\/strong><\/h2>\n<ul>\n<li>Candidato deve possuir 18 anos ou mais.<\/li>\n<li>Candidato deve residir em um dos 96 distritos da cidade de S\u00e3o Paulo.<\/li>\n<li>Candidato deve se enquadrar \u00e0s linguagens contempladas.<\/li>\n<li>Candidato deve providenciar todos os documentos pessoais dos artistas e m\u00eddia kit completo.<\/li>\n<li>Candidato deve possuir representa\u00e7\u00e3o de uma Pessoa Jur\u00eddica (CNPJ).<\/li>\n<li>O CNAE do representante legal deve condizer com a atividade exercida.<\/li>\n<li>Todos os documentos jur\u00eddicos devem estar em dia e regularizados.<\/li>\n<li>Cart\u00e3o CNPJ.<\/li>\n<li>CADIN.<\/li>\n<li>Ficha de Dados Cadastrais (FDC &#8211; CCM).<\/li>\n<li>Certid\u00e3o de D\u00e9bitos Relativos a Cr\u00e9ditos Tribut\u00e1rios Federais.<\/li>\n<li>Para os selecionados, a apresenta\u00e7\u00e3o s\u00f3 ser\u00e1 confirmada com assinatura do contrato dentro do prazo estipulado pela Curadoria, que antecede a data da apresenta\u00e7\u00e3o.<\/li>\n<li>\u00c9 imprescind\u00edvel o cumprimento do hor\u00e1rio de chegada ao local (1 hora de anteced\u00eancia) de todos os integrantes do grupo para evitar imprevistos, ou ter agilidade para sanar qualquer eventual problema. Dia de produ\u00e7\u00e3o muita coisa pode acontecer.<\/li>\n<\/ul>\n<h2><strong>4. Programa\u00e7\u00e3o e contato<\/strong><\/h2>\n<p>O p\u00fablico poder\u00e1 acompanhar todas as novidades e a agenda dos eventos por meio do site da SMC, das redes sociais do <a href=\"https:\/\/www.instagram.com\/globalattitude\/\">Instituto Global Attitude<\/a>, al\u00e9m do perfil oficial do <a href=\"https:\/\/www.instagram.com\/pracasdacultura\/\">Pra\u00e7as da Cultura<\/a> no Instagram. O email do programa \u00e9 pracasdacultura@globalattitude.org.br.<\/p>\n<h2><strong>5. Importante<\/strong><\/h2>\n<p>O cadastro art\u00edstico \u00e9 o primeiro passo para participar do projeto Pra\u00e7as da Cultura. De acordo com a Lei 13.709\/18 (LGPD &#8211; Lei Geral de Prote\u00e7\u00e3o aos Dados) Esses dados ser\u00e3o utilizados apenas para finalidade de criar atra\u00e7\u00f5es art\u00edsticas, bem como fazer toda a gest\u00e3o de cada evento pela cidade de S\u00e3o Paulo.\u00a0A comunica\u00e7\u00e3o deve ser eficiente entre a nossa produ\u00e7\u00e3o e a produ\u00e7\u00e3o do artista, a fim de evitar qualquer ru\u00eddo.<\/p>\n<h2><strong>6. Formul\u00e1rio de Inscri\u00e7\u00e3o<\/strong><\/h2>\n<p>Artistas, grupos e coletivos culturais interessados em se apresentar no programa em 2025 podem enviar os seus projetos atrav\u00e9s do formul\u00e1rio:\u00a0<a href=\"https:\/\/abrir.link\/jcGyn\">https:\/\/abrir.link\/jcGyn<\/a><\/p>\n<p>&nbsp;<\/p>\n<p>&nbsp;<\/p>\n","protected":false},"excerpt":{"rendered":"<p>Sejam todos muito bem vindos ao programa Pra\u00e7as da Cultura! O Pra\u00e7as da Cultura \u00e9 um programa da Prefeitura de S\u00e3o Paulo, realizado por meio da Secretaria Municipal de Cultura em parceria com o Instituto Global Attitude, com o objetivo de democratizar o acesso \u00e0 cultura nas regi\u00f5es perif\u00e9ricas da cidade. O projeto leva apresenta\u00e7\u00f5es [&hellip;]<\/p>\n","protected":false},"author":4,"featured_media":0,"comment_status":"open","ping_status":"open","sticky":false,"template":"","format":"standard","meta":{"_acf_changed":false,"om_disable_all_campaigns":false,"_monsterinsights_skip_tracking":false,"_monsterinsights_sitenote_active":false,"_monsterinsights_sitenote_note":"","_monsterinsights_sitenote_category":0,"_uf_show_specific_survey":0,"_uf_disable_surveys":false,"footnotes":""},"categories":[360],"tags":[571],"class_list":["post-9957","post","type-post","status-publish","format-standard","hentry","category-noticias","tag-pracas-da-cultura-abre-inscricoes-para-artistas-se-apresentarem-no-projeto"],"acf":[],"aioseo_notices":[],"yoast_head":"<!-- This site is optimized with the Yoast SEO plugin v27.5 - https:\/\/yoast.com\/product\/yoast-seo-wordpress\/ -->\n<title>Banco de dados art\u00edstico Pra\u00e7as da Cultura\u00a02025 - Instituto Global Attitude<\/title>\n<meta name=\"robots\" content=\"index, follow, max-snippet:-1, max-image-preview:large, max-video-preview:-1\" \/>\n<link rel=\"canonical\" href=\"https:\/\/globalattitude.org.br\/banco-de-dados-artistico-pracas-da-cultura\/\" \/>\n<meta property=\"og:locale\" content=\"en_US\" \/>\n<meta property=\"og:type\" content=\"article\" \/>\n<meta property=\"og:title\" content=\"Banco de dados art\u00edstico Pra\u00e7as da Cultura\u00a02025 - Instituto Global Attitude\" \/>\n<meta property=\"og:description\" content=\"Sejam todos muito bem vindos ao programa Pra\u00e7as da Cultura! O Pra\u00e7as da Cultura \u00e9 um programa da Prefeitura de S\u00e3o Paulo, realizado por meio da Secretaria Municipal de Cultura em parceria com o Instituto Global Attitude, com o objetivo de democratizar o acesso \u00e0 cultura nas regi\u00f5es perif\u00e9ricas da cidade. O projeto leva apresenta\u00e7\u00f5es [&hellip;]\" \/>\n<meta property=\"og:url\" content=\"https:\/\/globalattitude.org.br\/banco-de-dados-artistico-pracas-da-cultura\/\" \/>\n<meta property=\"og:site_name\" content=\"Instituto Global Attitude\" \/>\n<meta property=\"article:publisher\" content=\"https:\/\/www.facebook.com\/global.attitude.org\/\" \/>\n<meta property=\"article:published_time\" content=\"2024-11-06T14:29:13+00:00\" \/>\n<meta property=\"article:modified_time\" content=\"2024-12-18T16:59:19+00:00\" \/>\n<meta name=\"author\" content=\"comunicacao\" \/>\n<meta name=\"twitter:card\" content=\"summary_large_image\" \/>\n<meta name=\"twitter:creator\" content=\"@global_attitude\" \/>\n<meta name=\"twitter:site\" content=\"@global_attitude\" \/>\n<meta name=\"twitter:label1\" content=\"Written by\" \/>\n\t<meta name=\"twitter:data1\" content=\"comunicacao\" \/>\n\t<meta name=\"twitter:label2\" content=\"Est. reading time\" \/>\n\t<meta name=\"twitter:data2\" content=\"4 minutes\" \/>\n<script type=\"application\/ld+json\" class=\"yoast-schema-graph\">{\"@context\":\"https:\\\/\\\/schema.org\",\"@graph\":[{\"@type\":[\"Article\",\"BlogPosting\"],\"@id\":\"https:\\\/\\\/globalattitude.org.br\\\/banco-de-dados-artistico-pracas-da-cultura\\\/#article\",\"isPartOf\":{\"@id\":\"https:\\\/\\\/globalattitude.org.br\\\/banco-de-dados-artistico-pracas-da-cultura\\\/\"},\"author\":{\"name\":\"comunicacao\",\"@id\":\"https:\\\/\\\/globalattitude.org.br\\\/en\\\/#\\\/schema\\\/person\\\/d2d0edb26129b7407b05aa493af63725\"},\"headline\":\"Banco de dados art\u00edstico Pra\u00e7as da Cultura\u00a02025\",\"datePublished\":\"2024-11-06T14:29:13+00:00\",\"dateModified\":\"2024-12-18T16:59:19+00:00\",\"mainEntityOfPage\":{\"@id\":\"https:\\\/\\\/globalattitude.org.br\\\/banco-de-dados-artistico-pracas-da-cultura\\\/\"},\"wordCount\":587,\"commentCount\":0,\"publisher\":{\"@id\":\"https:\\\/\\\/globalattitude.org.br\\\/en\\\/#organization\"},\"keywords\":[\"Pra\u00e7as da Cultura abre inscri\u00e7\u00f5es para artistas se apresentarem no projeto\"],\"articleSection\":[\"Not\u00edcias\"],\"inLanguage\":\"en-US\",\"potentialAction\":[{\"@type\":\"CommentAction\",\"name\":\"Comment\",\"target\":[\"https:\\\/\\\/globalattitude.org.br\\\/banco-de-dados-artistico-pracas-da-cultura\\\/#respond\"]}]},{\"@type\":\"WebPage\",\"@id\":\"https:\\\/\\\/globalattitude.org.br\\\/banco-de-dados-artistico-pracas-da-cultura\\\/\",\"url\":\"https:\\\/\\\/globalattitude.org.br\\\/banco-de-dados-artistico-pracas-da-cultura\\\/\",\"name\":\"Banco de dados art\u00edstico Pra\u00e7as da Cultura\u00a02025 - Instituto Global Attitude\",\"isPartOf\":{\"@id\":\"https:\\\/\\\/globalattitude.org.br\\\/en\\\/#website\"},\"datePublished\":\"2024-11-06T14:29:13+00:00\",\"dateModified\":\"2024-12-18T16:59:19+00:00\",\"breadcrumb\":{\"@id\":\"https:\\\/\\\/globalattitude.org.br\\\/banco-de-dados-artistico-pracas-da-cultura\\\/#breadcrumb\"},\"inLanguage\":\"en-US\",\"potentialAction\":[{\"@type\":\"ReadAction\",\"target\":[\"https:\\\/\\\/globalattitude.org.br\\\/banco-de-dados-artistico-pracas-da-cultura\\\/\"]}]},{\"@type\":\"BreadcrumbList\",\"@id\":\"https:\\\/\\\/globalattitude.org.br\\\/banco-de-dados-artistico-pracas-da-cultura\\\/#breadcrumb\",\"itemListElement\":[{\"@type\":\"ListItem\",\"position\":1,\"name\":\"In\u00edcio\",\"item\":\"https:\\\/\\\/globalattitude.org.br\\\/en\\\/\"},{\"@type\":\"ListItem\",\"position\":2,\"name\":\"Banco de dados art\u00edstico Pra\u00e7as da Cultura\u00a02025\"}]},{\"@type\":\"WebSite\",\"@id\":\"https:\\\/\\\/globalattitude.org.br\\\/en\\\/#website\",\"url\":\"https:\\\/\\\/globalattitude.org.br\\\/en\\\/\",\"name\":\"Instituto Global Attitude\",\"description\":\"\",\"publisher\":{\"@id\":\"https:\\\/\\\/globalattitude.org.br\\\/en\\\/#organization\"},\"potentialAction\":[{\"@type\":\"SearchAction\",\"target\":{\"@type\":\"EntryPoint\",\"urlTemplate\":\"https:\\\/\\\/globalattitude.org.br\\\/en\\\/?s={search_term_string}\"},\"query-input\":{\"@type\":\"PropertyValueSpecification\",\"valueRequired\":true,\"valueName\":\"search_term_string\"}}],\"inLanguage\":\"en-US\"},{\"@type\":\"Organization\",\"@id\":\"https:\\\/\\\/globalattitude.org.br\\\/en\\\/#organization\",\"name\":\"Instituto Global Attitude\",\"url\":\"https:\\\/\\\/globalattitude.org.br\\\/en\\\/\",\"logo\":{\"@type\":\"ImageObject\",\"inLanguage\":\"en-US\",\"@id\":\"https:\\\/\\\/globalattitude.org.br\\\/en\\\/#\\\/schema\\\/logo\\\/image\\\/\",\"url\":\"https:\\\/\\\/globalattitude.org.br\\\/wp-content\\\/uploads\\\/2023\\\/01\\\/instituto-global-attitude-color.png\",\"contentUrl\":\"https:\\\/\\\/globalattitude.org.br\\\/wp-content\\\/uploads\\\/2023\\\/01\\\/instituto-global-attitude-color.png\",\"width\":300,\"height\":131,\"caption\":\"Instituto Global Attitude\"},\"image\":{\"@id\":\"https:\\\/\\\/globalattitude.org.br\\\/en\\\/#\\\/schema\\\/logo\\\/image\\\/\"},\"sameAs\":[\"https:\\\/\\\/www.facebook.com\\\/global.attitude.org\\\/\",\"https:\\\/\\\/x.com\\\/global_attitude\",\"https:\\\/\\\/www.instagram.com\\\/globalattitude\",\"https:\\\/\\\/www.linkedin.com\\\/company\\\/global-attitude\\\/?viewAsMember=true\"]},{\"@type\":\"Person\",\"@id\":\"https:\\\/\\\/globalattitude.org.br\\\/en\\\/#\\\/schema\\\/person\\\/d2d0edb26129b7407b05aa493af63725\",\"name\":\"comunicacao\",\"image\":{\"@type\":\"ImageObject\",\"inLanguage\":\"en-US\",\"@id\":\"https:\\\/\\\/secure.gravatar.com\\\/avatar\\\/a25dbef6d352d1355e632d9629c19165ddb3e176cbcb21ee573e3d96d011d16b?s=96&d=mm&r=g\",\"url\":\"https:\\\/\\\/secure.gravatar.com\\\/avatar\\\/a25dbef6d352d1355e632d9629c19165ddb3e176cbcb21ee573e3d96d011d16b?s=96&d=mm&r=g\",\"contentUrl\":\"https:\\\/\\\/secure.gravatar.com\\\/avatar\\\/a25dbef6d352d1355e632d9629c19165ddb3e176cbcb21ee573e3d96d011d16b?s=96&d=mm&r=g\",\"caption\":\"comunicacao\"},\"url\":\"http:\\\/\\\/globalattitude.org.br\\\/en\\\/author\\\/comunicacao\\\/\"}]}<\/script>\n<!-- \/ Yoast SEO plugin. -->","yoast_head_json":{"title":"Banco de dados art\u00edstico Pra\u00e7as da Cultura\u00a02025 - Instituto Global Attitude","robots":{"index":"index","follow":"follow","max-snippet":"max-snippet:-1","max-image-preview":"max-image-preview:large","max-video-preview":"max-video-preview:-1"},"canonical":"https:\/\/globalattitude.org.br\/banco-de-dados-artistico-pracas-da-cultura\/","og_locale":"en_US","og_type":"article","og_title":"Banco de dados art\u00edstico Pra\u00e7as da Cultura\u00a02025 - Instituto Global Attitude","og_description":"Sejam todos muito bem vindos ao programa Pra\u00e7as da Cultura! O Pra\u00e7as da Cultura \u00e9 um programa da Prefeitura de S\u00e3o Paulo, realizado por meio da Secretaria Municipal de Cultura em parceria com o Instituto Global Attitude, com o objetivo de democratizar o acesso \u00e0 cultura nas regi\u00f5es perif\u00e9ricas da cidade. O projeto leva apresenta\u00e7\u00f5es [&hellip;]","og_url":"https:\/\/globalattitude.org.br\/banco-de-dados-artistico-pracas-da-cultura\/","og_site_name":"Instituto Global Attitude","article_publisher":"https:\/\/www.facebook.com\/global.attitude.org\/","article_published_time":"2024-11-06T14:29:13+00:00","article_modified_time":"2024-12-18T16:59:19+00:00","author":"comunicacao","twitter_card":"summary_large_image","twitter_creator":"@global_attitude","twitter_site":"@global_attitude","twitter_misc":{"Written by":"comunicacao","Est. reading time":"4 minutes"},"schema":{"@context":"https:\/\/schema.org","@graph":[{"@type":["Article","BlogPosting"],"@id":"https:\/\/globalattitude.org.br\/banco-de-dados-artistico-pracas-da-cultura\/#article","isPartOf":{"@id":"https:\/\/globalattitude.org.br\/banco-de-dados-artistico-pracas-da-cultura\/"},"author":{"name":"comunicacao","@id":"https:\/\/globalattitude.org.br\/en\/#\/schema\/person\/d2d0edb26129b7407b05aa493af63725"},"headline":"Banco de dados art\u00edstico Pra\u00e7as da Cultura\u00a02025","datePublished":"2024-11-06T14:29:13+00:00","dateModified":"2024-12-18T16:59:19+00:00","mainEntityOfPage":{"@id":"https:\/\/globalattitude.org.br\/banco-de-dados-artistico-pracas-da-cultura\/"},"wordCount":587,"commentCount":0,"publisher":{"@id":"https:\/\/globalattitude.org.br\/en\/#organization"},"keywords":["Pra\u00e7as da Cultura abre inscri\u00e7\u00f5es para artistas se apresentarem no projeto"],"articleSection":["Not\u00edcias"],"inLanguage":"en-US","potentialAction":[{"@type":"CommentAction","name":"Comment","target":["https:\/\/globalattitude.org.br\/banco-de-dados-artistico-pracas-da-cultura\/#respond"]}]},{"@type":"WebPage","@id":"https:\/\/globalattitude.org.br\/banco-de-dados-artistico-pracas-da-cultura\/","url":"https:\/\/globalattitude.org.br\/banco-de-dados-artistico-pracas-da-cultura\/","name":"Banco de dados art\u00edstico Pra\u00e7as da Cultura\u00a02025 - Instituto Global Attitude","isPartOf":{"@id":"https:\/\/globalattitude.org.br\/en\/#website"},"datePublished":"2024-11-06T14:29:13+00:00","dateModified":"2024-12-18T16:59:19+00:00","breadcrumb":{"@id":"https:\/\/globalattitude.org.br\/banco-de-dados-artistico-pracas-da-cultura\/#breadcrumb"},"inLanguage":"en-US","potentialAction":[{"@type":"ReadAction","target":["https:\/\/globalattitude.org.br\/banco-de-dados-artistico-pracas-da-cultura\/"]}]},{"@type":"BreadcrumbList","@id":"https:\/\/globalattitude.org.br\/banco-de-dados-artistico-pracas-da-cultura\/#breadcrumb","itemListElement":[{"@type":"ListItem","position":1,"name":"In\u00edcio","item":"https:\/\/globalattitude.org.br\/en\/"},{"@type":"ListItem","position":2,"name":"Banco de dados art\u00edstico Pra\u00e7as da Cultura\u00a02025"}]},{"@type":"WebSite","@id":"https:\/\/globalattitude.org.br\/en\/#website","url":"https:\/\/globalattitude.org.br\/en\/","name":"Instituto Global Attitude","description":"","publisher":{"@id":"https:\/\/globalattitude.org.br\/en\/#organization"},"potentialAction":[{"@type":"SearchAction","target":{"@type":"EntryPoint","urlTemplate":"https:\/\/globalattitude.org.br\/en\/?s={search_term_string}"},"query-input":{"@type":"PropertyValueSpecification","valueRequired":true,"valueName":"search_term_string"}}],"inLanguage":"en-US"},{"@type":"Organization","@id":"https:\/\/globalattitude.org.br\/en\/#organization","name":"Instituto Global Attitude","url":"https:\/\/globalattitude.org.br\/en\/","logo":{"@type":"ImageObject","inLanguage":"en-US","@id":"https:\/\/globalattitude.org.br\/en\/#\/schema\/logo\/image\/","url":"https:\/\/globalattitude.org.br\/wp-content\/uploads\/2023\/01\/instituto-global-attitude-color.png","contentUrl":"https:\/\/globalattitude.org.br\/wp-content\/uploads\/2023\/01\/instituto-global-attitude-color.png","width":300,"height":131,"caption":"Instituto Global Attitude"},"image":{"@id":"https:\/\/globalattitude.org.br\/en\/#\/schema\/logo\/image\/"},"sameAs":["https:\/\/www.facebook.com\/global.attitude.org\/","https:\/\/x.com\/global_attitude","https:\/\/www.instagram.com\/globalattitude","https:\/\/www.linkedin.com\/company\/global-attitude\/?viewAsMember=true"]},{"@type":"Person","@id":"https:\/\/globalattitude.org.br\/en\/#\/schema\/person\/d2d0edb26129b7407b05aa493af63725","name":"comunicacao","image":{"@type":"ImageObject","inLanguage":"en-US","@id":"https:\/\/secure.gravatar.com\/avatar\/a25dbef6d352d1355e632d9629c19165ddb3e176cbcb21ee573e3d96d011d16b?s=96&d=mm&r=g","url":"https:\/\/secure.gravatar.com\/avatar\/a25dbef6d352d1355e632d9629c19165ddb3e176cbcb21ee573e3d96d011d16b?s=96&d=mm&r=g","contentUrl":"https:\/\/secure.gravatar.com\/avatar\/a25dbef6d352d1355e632d9629c19165ddb3e176cbcb21ee573e3d96d011d16b?s=96&d=mm&r=g","caption":"comunicacao"},"url":"http:\/\/globalattitude.org.br\/en\/author\/comunicacao\/"}]}},"_links":{"self":[{"href":"http:\/\/globalattitude.org.br\/en\/wp-json\/wp\/v2\/posts\/9957","targetHints":{"allow":["GET"]}}],"collection":[{"href":"http:\/\/globalattitude.org.br\/en\/wp-json\/wp\/v2\/posts"}],"about":[{"href":"http:\/\/globalattitude.org.br\/en\/wp-json\/wp\/v2\/types\/post"}],"author":[{"embeddable":true,"href":"http:\/\/globalattitude.org.br\/en\/wp-json\/wp\/v2\/users\/4"}],"replies":[{"embeddable":true,"href":"http:\/\/globalattitude.org.br\/en\/wp-json\/wp\/v2\/comments?post=9957"}],"version-history":[{"count":7,"href":"http:\/\/globalattitude.org.br\/en\/wp-json\/wp\/v2\/posts\/9957\/revisions"}],"predecessor-version":[{"id":11080,"href":"http:\/\/globalattitude.org.br\/en\/wp-json\/wp\/v2\/posts\/9957\/revisions\/11080"}],"wp:attachment":[{"href":"http:\/\/globalattitude.org.br\/en\/wp-json\/wp\/v2\/media?parent=9957"}],"wp:term":[{"taxonomy":"category","embeddable":true,"href":"http:\/\/globalattitude.org.br\/en\/wp-json\/wp\/v2\/categories?post=9957"},{"taxonomy":"post_tag","embeddable":true,"href":"http:\/\/globalattitude.org.br\/en\/wp-json\/wp\/v2\/tags?post=9957"}],"curies":[{"name":"wp","href":"https:\/\/api.w.org\/{rel}","templated":true}]}}