{"id":1047,"date":"2016-05-03T16:00:05","date_gmt":"2016-05-03T19:00:05","guid":{"rendered":"https:\/\/globalattitude.org.br\/e-o-fim-da-globalizacao\/"},"modified":"2023-03-10T10:02:51","modified_gmt":"2023-03-10T13:02:51","slug":"e-o-fim-da-globalizacao","status":"publish","type":"post","link":"https:\/\/globalattitude.org.br\/en\/e-o-fim-da-globalizacao\/","title":{"rendered":"\u00c9 o fim da globaliza\u00e7\u00e3o?"},"content":{"rendered":"<p>China anunciou recentemente que no ano passado, pela primeira vez desde a abertura de sua economia ao mundo, no fim dos anos 70, as exporta\u00e7\u00f5es ca\u00edram em base anual. E isso n\u00e3o \u00e9 tudo. Em termos de valor , o com\u00e9rcio global diminuiu em 2015. A quest\u00e3o \u00e9: por qu\u00ea?<br \/>\nO com\u00e9rcio mundial caiu em 2009 tamb\u00e9m, mas a explica\u00e7\u00e3o era \u00f3bvia: o mundo estava vivendo uma grande contra\u00e7\u00e3o do PIB na \u00e9poca. No ano passado, por\u00e9m, a economia mundial cresceu respeit\u00e1veis 3%. Al\u00e9m disso, as barreiras comerciais n\u00e3o aumentaram significativamente em nenhum lugar e custos em transporte est\u00e3o reduzindo por conta do decl\u00ednio no pre\u00e7o do petr\u00f3leo.<br \/>\nO \u00cdndice de Seca do B\u00e1ltico (<a href=\"http:\/\/www.investopedia.com\/terms\/b\/baltic_dry_index.asp\">Baltic Dry Index<\/a>), que mede o custo de fretar navios de grande porte, os quais carregam a maior parte do com\u00e9rcio de longa dist\u00e2ncia, teve a sua maior baixa. Isso indica que os mercados n\u00e3o esperam por uma recupera\u00e7\u00e3o, o que significa que os dados de 2015 podem anunciar uma nova era de desacelera\u00e7\u00e3o do com\u00e9rcio. A conclus\u00e3o \u00f3bvia \u00e9 a de que as for\u00e7as da globaliza\u00e7\u00e3o est\u00e3o perdendo o g\u00e1s.<br \/>\nA situa\u00e7\u00e3o na China j\u00e1 diz tudo. Nas \u00faltimas d\u00e9cadas, ao se tornar uma das pot\u00eancias comerciais mais importantes do mundo, a China transformou o sistema de com\u00e9rcio global. Agora, o valor das importa\u00e7\u00f5es e exporta\u00e7\u00f5es ca\u00edram, embora o primeiro tenha diminu\u00eddo mais, devido \u00e0 queda dos pre\u00e7os das commodities mundiais.<br \/>\nOs pre\u00e7os das commodities s\u00e3o a chave para entender as t\u00eandencias comerciais ao longo das \u00faltimas d\u00e9cadas. Quando estavam altos, levavam ao aumento do com\u00e9rcio &#8211; a ponto da participa\u00e7\u00e3o do com\u00e9rcio no PIB aumentar &#8211; resultando no inevit\u00e1vel progresso da globaliza\u00e7\u00e3o. Em 2012, por\u00e9m, os pre\u00e7os das commodities come\u00e7aram a cair, levando consigo o com\u00e9rcio.<br \/>\nExiste uma rela\u00e7\u00e3o direta entre a evolu\u00e7\u00e3o nos pre\u00e7os do com\u00e9rcio e das commodities. Dado que esta conex\u00e3o afeta todos os bens manufaturados que exigem insumos de mat\u00e9ria-prima, n\u00e3o h\u00e1 surpresa em saber que \u00e0 medida que os pre\u00e7os das commodities caem os do com\u00e9rcio global v\u00e3o pelo mesmo caminho.<\/p>\n<div id=\"attachment_2221\" style=\"width: 710px\" class=\"wp-caption aligncenter\"><a href=\"http:\/\/globalattitude.org.br\/wp-content\/uploads\/2023\/03\/globaliz.png\" rel=\"attachment wp-att-2221\"><img fetchpriority=\"high\" decoding=\"async\" aria-describedby=\"caption-attachment-2221\" class=\"wp-image-2221\" src=\"http:\/\/globalattitude.org.br\/wp-content\/uploads\/2023\/03\/globaliz-300x191.png\" alt=\"globaliz\" width=\"700\" height=\"446\" \/><\/a><p id=\"caption-attachment-2221\" class=\"wp-caption-text\">Efeito dos pre\u00e7os das commodities no com\u00e9rcio mundial<\/p><\/div>\n<p>Isso afeta tamb\u00e9m os volumes de com\u00e9rcio, pois pre\u00e7os mais altos de commodities for\u00e7am pa\u00edses industriais a aumentar o volume de suas exporta\u00e7\u00f5es para cobrir os custos do mesmo volume de importa\u00e7\u00f5es de mat\u00e9rias-primas. Vale lembrar que comida, combust\u00edvel e mat\u00e9ria-prima englobam um quarto do com\u00e9rcio mundial.<br \/>\nIsso n\u00e3o significa que globaliza\u00e7\u00e3o e com\u00e9rcio s\u00e3o a mesma coisa. A primeira possui muitas outras caracter\u00edsticas, como o surto das transa\u00e7\u00f5es financeiras entre fronteiras e turismo, interc\u00e2mbio de dados e outras atividades econ\u00f4micas, que t\u00eam alimentado o com\u00e9rcio, permitindo o surgimento de cadeias de valor globais onde diferentes etapas de um processo de produ\u00e7\u00e3o ocorrem em diferentes pa\u00edses.<br \/>\nMas esse fen\u00f4meno foi superestimado. De acordo com a <a href=\"http:\/\/www.itamaraty.gov.br\/pt-BR\/politica-externa\/diplomacia-economica-comercial-e-financeira\/132-organizacao-mundial-do-comercio-omc\">Organiza\u00e7\u00e3o Mundial do Com\u00e9rcio<\/a> (OMC), o valor externo acrescentado nas exporta\u00e7\u00f5es consiste em cerca de 15% para a maioria das grandes economias, como Estados Unido e Uni\u00e3o Europeia. Isso significa que cadeias de valor globais causam pouco impacto nestas grandes economias.<br \/>\nChina \u00e9 a \u00fanica exce\u00e7\u00e3o. Sua posi\u00e7\u00e3o como plataforma de montagem para os produtos no mundo significa que o pa\u00eds importa a maior parte dos elementos de maior valor agregado destes bens. Mas \u00e0 medida em que a estrutura industrial chinesa amadure\u00e7a, o pa\u00eds se aproximar\u00e1 mais dos Estados Unidos e Uni\u00e3o Europeia em termos de valor agregado, e n\u00e3o o contr\u00e1rio. Esta \u00e9 mais uma raz\u00e3o pela qual o com\u00e9rcio pode vir a diminuir em import\u00e2ncia.<br \/>\nA maioria das economias est\u00e3o mais abertas hoje do que h\u00e1 uma gera\u00e7\u00e3o atr\u00e1s, mas est\u00e1 ficando claro que a percep\u00e7\u00e3o de que a globaliza\u00e7\u00e3o \u00e9 uma for\u00e7a esmagadora e inexor\u00e1vel refletiu grande parte os efeitos colaterais do surto de commodities da \u00faltima d\u00e9cada. Se os pre\u00e7os se mantiverem baixos, como parece que ficar\u00e3o, a pr\u00f3xima d\u00e9cada pode chegar a ver o com\u00e9rcio global estagnar, com o padr\u00e3o de com\u00e9rcio &#8220;reequilibrando&#8221; economias emergentes e pot\u00eancias industriais.<\/p>\n<p><strong>*Mat\u00e9ria original: <a href=\"https:\/\/www.weforum.org\/agenda\/2016\/03\/is-this-the-end-of-globalization?utm_content=buffer098ed&amp;utm_medium=social&amp;utm_source=facebook.com&amp;utm_campaign=buffer\">Is this the end of globalization?<\/a><\/strong><\/p>\n","protected":false},"excerpt":{"rendered":"<p>China anunciou recentemente que no ano passado, pela primeira vez desde a abertura de sua economia ao mundo, no fim dos anos 70, as exporta\u00e7\u00f5es ca\u00edram em base anual. E isso n\u00e3o \u00e9 tudo. Em termos de valor , o com\u00e9rcio global diminuiu em 2015. A quest\u00e3o \u00e9: por qu\u00ea? O com\u00e9rcio mundial caiu em [&hellip;]<\/p>\n","protected":false},"author":1,"featured_media":1048,"comment_status":"open","ping_status":"open","sticky":false,"template":"","format":"standard","meta":{"_acf_changed":false,"om_disable_all_campaigns":false,"_monsterinsights_skip_tracking":false,"_monsterinsights_sitenote_active":false,"_monsterinsights_sitenote_note":"","_monsterinsights_sitenote_category":0,"_uf_show_specific_survey":0,"_uf_disable_surveys":false,"footnotes":""},"categories":[35,34],"tags":[],"class_list":["post-1047","post","type-post","status-publish","format-standard","hentry","category-opiniao","category-ultimas"],"acf":[],"aioseo_notices":[],"yoast_head":"<!-- This site is optimized with the Yoast SEO plugin v27.5 - https:\/\/yoast.com\/product\/yoast-seo-wordpress\/ -->\n<title>\u00c9 o fim da globaliza\u00e7\u00e3o? - Instituto Global Attitude<\/title>\n<meta name=\"robots\" content=\"index, follow, max-snippet:-1, max-image-preview:large, max-video-preview:-1\" \/>\n<link rel=\"canonical\" href=\"https:\/\/globalattitude.org.br\/e-o-fim-da-globalizacao\/\" \/>\n<meta property=\"og:locale\" content=\"en_US\" \/>\n<meta property=\"og:type\" content=\"article\" \/>\n<meta property=\"og:title\" content=\"\u00c9 o fim da globaliza\u00e7\u00e3o? - Instituto Global Attitude\" \/>\n<meta property=\"og:description\" content=\"China anunciou recentemente que no ano passado, pela primeira vez desde a abertura de sua economia ao mundo, no fim dos anos 70, as exporta\u00e7\u00f5es ca\u00edram em base anual. E isso n\u00e3o \u00e9 tudo. Em termos de valor , o com\u00e9rcio global diminuiu em 2015. A quest\u00e3o \u00e9: por qu\u00ea? O com\u00e9rcio mundial caiu em [&hellip;]\" \/>\n<meta property=\"og:url\" content=\"https:\/\/globalattitude.org.br\/e-o-fim-da-globalizacao\/\" \/>\n<meta property=\"og:site_name\" content=\"Instituto Global Attitude\" \/>\n<meta property=\"article:publisher\" content=\"https:\/\/www.facebook.com\/global.attitude.org\/\" \/>\n<meta property=\"article:published_time\" content=\"2016-05-03T19:00:05+00:00\" \/>\n<meta property=\"article:modified_time\" content=\"2023-03-10T13:02:51+00:00\" \/>\n<meta property=\"og:image\" content=\"https:\/\/globalattitude.org.br\/wp-content\/uploads\/2023\/03\/globaliz-1200x764.png\" \/>\n\t<meta property=\"og:image:width\" content=\"1652\" \/>\n\t<meta property=\"og:image:height\" content=\"1052\" \/>\n\t<meta property=\"og:image:type\" content=\"image\/png\" \/>\n<meta name=\"author\" content=\"123esite\" \/>\n<meta name=\"twitter:card\" content=\"summary_large_image\" \/>\n<meta name=\"twitter:creator\" content=\"@global_attitude\" \/>\n<meta name=\"twitter:site\" content=\"@global_attitude\" \/>\n<meta name=\"twitter:label1\" content=\"Written by\" \/>\n\t<meta name=\"twitter:data1\" content=\"123esite\" \/>\n\t<meta name=\"twitter:label2\" content=\"Est. reading time\" \/>\n\t<meta name=\"twitter:data2\" content=\"4 minutes\" \/>\n<script type=\"application\/ld+json\" class=\"yoast-schema-graph\">{\"@context\":\"https:\\\/\\\/schema.org\",\"@graph\":[{\"@type\":[\"Article\",\"BlogPosting\"],\"@id\":\"https:\\\/\\\/globalattitude.org.br\\\/e-o-fim-da-globalizacao\\\/#article\",\"isPartOf\":{\"@id\":\"https:\\\/\\\/globalattitude.org.br\\\/e-o-fim-da-globalizacao\\\/\"},\"author\":{\"name\":\"123esite\",\"@id\":\"http:\\\/\\\/globalattitude.org.br\\\/#\\\/schema\\\/person\\\/6d308f9d9d1eebad0278ad9386f13169\"},\"headline\":\"\u00c9 o fim da globaliza\u00e7\u00e3o?\",\"datePublished\":\"2016-05-03T19:00:05+00:00\",\"dateModified\":\"2023-03-10T13:02:51+00:00\",\"mainEntityOfPage\":{\"@id\":\"https:\\\/\\\/globalattitude.org.br\\\/e-o-fim-da-globalizacao\\\/\"},\"wordCount\":781,\"commentCount\":0,\"publisher\":{\"@id\":\"http:\\\/\\\/globalattitude.org.br\\\/#organization\"},\"image\":{\"@id\":\"https:\\\/\\\/globalattitude.org.br\\\/e-o-fim-da-globalizacao\\\/#primaryimage\"},\"thumbnailUrl\":\"https:\\\/\\\/globalattitude.org.br\\\/wp-content\\\/uploads\\\/2023\\\/03\\\/globaliz-1200x764.png\",\"articleSection\":[\"Opini\u00e3o\",\"\u00daltimas\"],\"inLanguage\":\"en-US\",\"potentialAction\":[{\"@type\":\"CommentAction\",\"name\":\"Comment\",\"target\":[\"https:\\\/\\\/globalattitude.org.br\\\/e-o-fim-da-globalizacao\\\/#respond\"]}]},{\"@type\":\"WebPage\",\"@id\":\"https:\\\/\\\/globalattitude.org.br\\\/e-o-fim-da-globalizacao\\\/\",\"url\":\"https:\\\/\\\/globalattitude.org.br\\\/e-o-fim-da-globalizacao\\\/\",\"name\":\"\u00c9 o fim da globaliza\u00e7\u00e3o? - Instituto Global Attitude\",\"isPartOf\":{\"@id\":\"http:\\\/\\\/globalattitude.org.br\\\/#website\"},\"primaryImageOfPage\":{\"@id\":\"https:\\\/\\\/globalattitude.org.br\\\/e-o-fim-da-globalizacao\\\/#primaryimage\"},\"image\":{\"@id\":\"https:\\\/\\\/globalattitude.org.br\\\/e-o-fim-da-globalizacao\\\/#primaryimage\"},\"thumbnailUrl\":\"https:\\\/\\\/globalattitude.org.br\\\/wp-content\\\/uploads\\\/2023\\\/03\\\/globaliz-1200x764.png\",\"datePublished\":\"2016-05-03T19:00:05+00:00\",\"dateModified\":\"2023-03-10T13:02:51+00:00\",\"breadcrumb\":{\"@id\":\"https:\\\/\\\/globalattitude.org.br\\\/e-o-fim-da-globalizacao\\\/#breadcrumb\"},\"inLanguage\":\"en-US\",\"potentialAction\":[{\"@type\":\"ReadAction\",\"target\":[\"https:\\\/\\\/globalattitude.org.br\\\/e-o-fim-da-globalizacao\\\/\"]}]},{\"@type\":\"ImageObject\",\"inLanguage\":\"en-US\",\"@id\":\"https:\\\/\\\/globalattitude.org.br\\\/e-o-fim-da-globalizacao\\\/#primaryimage\",\"url\":\"https:\\\/\\\/globalattitude.org.br\\\/wp-content\\\/uploads\\\/2023\\\/03\\\/globaliz-1200x764.png\",\"contentUrl\":\"https:\\\/\\\/globalattitude.org.br\\\/wp-content\\\/uploads\\\/2023\\\/03\\\/globaliz-1200x764.png\",\"width\":1652,\"height\":1052},{\"@type\":\"BreadcrumbList\",\"@id\":\"https:\\\/\\\/globalattitude.org.br\\\/e-o-fim-da-globalizacao\\\/#breadcrumb\",\"itemListElement\":[{\"@type\":\"ListItem\",\"position\":1,\"name\":\"In\u00edcio\",\"item\":\"https:\\\/\\\/globalattitude.org.br\\\/en\\\/\"},{\"@type\":\"ListItem\",\"position\":2,\"name\":\"\u00c9 o fim da globaliza\u00e7\u00e3o?\"}]},{\"@type\":\"WebSite\",\"@id\":\"http:\\\/\\\/globalattitude.org.br\\\/#website\",\"url\":\"http:\\\/\\\/globalattitude.org.br\\\/\",\"name\":\"Instituto Global Attitude\",\"description\":\"\",\"publisher\":{\"@id\":\"http:\\\/\\\/globalattitude.org.br\\\/#organization\"},\"potentialAction\":[{\"@type\":\"SearchAction\",\"target\":{\"@type\":\"EntryPoint\",\"urlTemplate\":\"http:\\\/\\\/globalattitude.org.br\\\/?s={search_term_string}\"},\"query-input\":{\"@type\":\"PropertyValueSpecification\",\"valueRequired\":true,\"valueName\":\"search_term_string\"}}],\"inLanguage\":\"en-US\"},{\"@type\":\"Organization\",\"@id\":\"http:\\\/\\\/globalattitude.org.br\\\/#organization\",\"name\":\"Instituto Global Attitude\",\"url\":\"http:\\\/\\\/globalattitude.org.br\\\/\",\"logo\":{\"@type\":\"ImageObject\",\"inLanguage\":\"en-US\",\"@id\":\"http:\\\/\\\/globalattitude.org.br\\\/#\\\/schema\\\/logo\\\/image\\\/\",\"url\":\"https:\\\/\\\/globalattitude.org.br\\\/wp-content\\\/uploads\\\/2023\\\/01\\\/instituto-global-attitude-color.png\",\"contentUrl\":\"https:\\\/\\\/globalattitude.org.br\\\/wp-content\\\/uploads\\\/2023\\\/01\\\/instituto-global-attitude-color.png\",\"width\":300,\"height\":131,\"caption\":\"Instituto Global Attitude\"},\"image\":{\"@id\":\"http:\\\/\\\/globalattitude.org.br\\\/#\\\/schema\\\/logo\\\/image\\\/\"},\"sameAs\":[\"https:\\\/\\\/www.facebook.com\\\/global.attitude.org\\\/\",\"https:\\\/\\\/x.com\\\/global_attitude\",\"https:\\\/\\\/www.instagram.com\\\/globalattitude\",\"https:\\\/\\\/www.linkedin.com\\\/company\\\/global-attitude\\\/?viewAsMember=true\"]},{\"@type\":\"Person\",\"@id\":\"http:\\\/\\\/globalattitude.org.br\\\/#\\\/schema\\\/person\\\/6d308f9d9d1eebad0278ad9386f13169\",\"name\":\"123esite\",\"image\":{\"@type\":\"ImageObject\",\"inLanguage\":\"en-US\",\"@id\":\"https:\\\/\\\/secure.gravatar.com\\\/avatar\\\/07bd71fac19f42004f2b73567f012e126689afdb23cb0017536dea9113ba1806?s=96&d=mm&r=g\",\"url\":\"https:\\\/\\\/secure.gravatar.com\\\/avatar\\\/07bd71fac19f42004f2b73567f012e126689afdb23cb0017536dea9113ba1806?s=96&d=mm&r=g\",\"contentUrl\":\"https:\\\/\\\/secure.gravatar.com\\\/avatar\\\/07bd71fac19f42004f2b73567f012e126689afdb23cb0017536dea9113ba1806?s=96&d=mm&r=g\",\"caption\":\"123esite\"},\"sameAs\":[\"http:\\\/\\\/globalattitude.org.br\"],\"url\":\"https:\\\/\\\/globalattitude.org.br\\\/en\\\/author\\\/123esite\\\/\"}]}<\/script>\n<!-- \/ Yoast SEO plugin. -->","yoast_head_json":{"title":"\u00c9 o fim da globaliza\u00e7\u00e3o? - Instituto Global Attitude","robots":{"index":"index","follow":"follow","max-snippet":"max-snippet:-1","max-image-preview":"max-image-preview:large","max-video-preview":"max-video-preview:-1"},"canonical":"https:\/\/globalattitude.org.br\/e-o-fim-da-globalizacao\/","og_locale":"en_US","og_type":"article","og_title":"\u00c9 o fim da globaliza\u00e7\u00e3o? - Instituto Global Attitude","og_description":"China anunciou recentemente que no ano passado, pela primeira vez desde a abertura de sua economia ao mundo, no fim dos anos 70, as exporta\u00e7\u00f5es ca\u00edram em base anual. E isso n\u00e3o \u00e9 tudo. Em termos de valor , o com\u00e9rcio global diminuiu em 2015. A quest\u00e3o \u00e9: por qu\u00ea? O com\u00e9rcio mundial caiu em [&hellip;]","og_url":"https:\/\/globalattitude.org.br\/e-o-fim-da-globalizacao\/","og_site_name":"Instituto Global Attitude","article_publisher":"https:\/\/www.facebook.com\/global.attitude.org\/","article_published_time":"2016-05-03T19:00:05+00:00","article_modified_time":"2023-03-10T13:02:51+00:00","og_image":[{"width":1652,"height":1052,"url":"https:\/\/globalattitude.org.br\/wp-content\/uploads\/2023\/03\/globaliz-1200x764.png","type":"image\/png"}],"author":"123esite","twitter_card":"summary_large_image","twitter_creator":"@global_attitude","twitter_site":"@global_attitude","twitter_misc":{"Written by":"123esite","Est. reading time":"4 minutes"},"schema":{"@context":"https:\/\/schema.org","@graph":[{"@type":["Article","BlogPosting"],"@id":"https:\/\/globalattitude.org.br\/e-o-fim-da-globalizacao\/#article","isPartOf":{"@id":"https:\/\/globalattitude.org.br\/e-o-fim-da-globalizacao\/"},"author":{"name":"123esite","@id":"http:\/\/globalattitude.org.br\/#\/schema\/person\/6d308f9d9d1eebad0278ad9386f13169"},"headline":"\u00c9 o fim da globaliza\u00e7\u00e3o?","datePublished":"2016-05-03T19:00:05+00:00","dateModified":"2023-03-10T13:02:51+00:00","mainEntityOfPage":{"@id":"https:\/\/globalattitude.org.br\/e-o-fim-da-globalizacao\/"},"wordCount":781,"commentCount":0,"publisher":{"@id":"http:\/\/globalattitude.org.br\/#organization"},"image":{"@id":"https:\/\/globalattitude.org.br\/e-o-fim-da-globalizacao\/#primaryimage"},"thumbnailUrl":"https:\/\/globalattitude.org.br\/wp-content\/uploads\/2023\/03\/globaliz-1200x764.png","articleSection":["Opini\u00e3o","\u00daltimas"],"inLanguage":"en-US","potentialAction":[{"@type":"CommentAction","name":"Comment","target":["https:\/\/globalattitude.org.br\/e-o-fim-da-globalizacao\/#respond"]}]},{"@type":"WebPage","@id":"https:\/\/globalattitude.org.br\/e-o-fim-da-globalizacao\/","url":"https:\/\/globalattitude.org.br\/e-o-fim-da-globalizacao\/","name":"\u00c9 o fim da globaliza\u00e7\u00e3o? - Instituto Global Attitude","isPartOf":{"@id":"http:\/\/globalattitude.org.br\/#website"},"primaryImageOfPage":{"@id":"https:\/\/globalattitude.org.br\/e-o-fim-da-globalizacao\/#primaryimage"},"image":{"@id":"https:\/\/globalattitude.org.br\/e-o-fim-da-globalizacao\/#primaryimage"},"thumbnailUrl":"https:\/\/globalattitude.org.br\/wp-content\/uploads\/2023\/03\/globaliz-1200x764.png","datePublished":"2016-05-03T19:00:05+00:00","dateModified":"2023-03-10T13:02:51+00:00","breadcrumb":{"@id":"https:\/\/globalattitude.org.br\/e-o-fim-da-globalizacao\/#breadcrumb"},"inLanguage":"en-US","potentialAction":[{"@type":"ReadAction","target":["https:\/\/globalattitude.org.br\/e-o-fim-da-globalizacao\/"]}]},{"@type":"ImageObject","inLanguage":"en-US","@id":"https:\/\/globalattitude.org.br\/e-o-fim-da-globalizacao\/#primaryimage","url":"https:\/\/globalattitude.org.br\/wp-content\/uploads\/2023\/03\/globaliz-1200x764.png","contentUrl":"https:\/\/globalattitude.org.br\/wp-content\/uploads\/2023\/03\/globaliz-1200x764.png","width":1652,"height":1052},{"@type":"BreadcrumbList","@id":"https:\/\/globalattitude.org.br\/e-o-fim-da-globalizacao\/#breadcrumb","itemListElement":[{"@type":"ListItem","position":1,"name":"In\u00edcio","item":"https:\/\/globalattitude.org.br\/en\/"},{"@type":"ListItem","position":2,"name":"\u00c9 o fim da globaliza\u00e7\u00e3o?"}]},{"@type":"WebSite","@id":"http:\/\/globalattitude.org.br\/#website","url":"http:\/\/globalattitude.org.br\/","name":"Instituto Global Attitude","description":"","publisher":{"@id":"http:\/\/globalattitude.org.br\/#organization"},"potentialAction":[{"@type":"SearchAction","target":{"@type":"EntryPoint","urlTemplate":"http:\/\/globalattitude.org.br\/?s={search_term_string}"},"query-input":{"@type":"PropertyValueSpecification","valueRequired":true,"valueName":"search_term_string"}}],"inLanguage":"en-US"},{"@type":"Organization","@id":"http:\/\/globalattitude.org.br\/#organization","name":"Instituto Global Attitude","url":"http:\/\/globalattitude.org.br\/","logo":{"@type":"ImageObject","inLanguage":"en-US","@id":"http:\/\/globalattitude.org.br\/#\/schema\/logo\/image\/","url":"https:\/\/globalattitude.org.br\/wp-content\/uploads\/2023\/01\/instituto-global-attitude-color.png","contentUrl":"https:\/\/globalattitude.org.br\/wp-content\/uploads\/2023\/01\/instituto-global-attitude-color.png","width":300,"height":131,"caption":"Instituto Global Attitude"},"image":{"@id":"http:\/\/globalattitude.org.br\/#\/schema\/logo\/image\/"},"sameAs":["https:\/\/www.facebook.com\/global.attitude.org\/","https:\/\/x.com\/global_attitude","https:\/\/www.instagram.com\/globalattitude","https:\/\/www.linkedin.com\/company\/global-attitude\/?viewAsMember=true"]},{"@type":"Person","@id":"http:\/\/globalattitude.org.br\/#\/schema\/person\/6d308f9d9d1eebad0278ad9386f13169","name":"123esite","image":{"@type":"ImageObject","inLanguage":"en-US","@id":"https:\/\/secure.gravatar.com\/avatar\/07bd71fac19f42004f2b73567f012e126689afdb23cb0017536dea9113ba1806?s=96&d=mm&r=g","url":"https:\/\/secure.gravatar.com\/avatar\/07bd71fac19f42004f2b73567f012e126689afdb23cb0017536dea9113ba1806?s=96&d=mm&r=g","contentUrl":"https:\/\/secure.gravatar.com\/avatar\/07bd71fac19f42004f2b73567f012e126689afdb23cb0017536dea9113ba1806?s=96&d=mm&r=g","caption":"123esite"},"sameAs":["http:\/\/globalattitude.org.br"],"url":"https:\/\/globalattitude.org.br\/en\/author\/123esite\/"}]}},"_links":{"self":[{"href":"https:\/\/globalattitude.org.br\/en\/wp-json\/wp\/v2\/posts\/1047","targetHints":{"allow":["GET"]}}],"collection":[{"href":"https:\/\/globalattitude.org.br\/en\/wp-json\/wp\/v2\/posts"}],"about":[{"href":"https:\/\/globalattitude.org.br\/en\/wp-json\/wp\/v2\/types\/post"}],"author":[{"embeddable":true,"href":"https:\/\/globalattitude.org.br\/en\/wp-json\/wp\/v2\/users\/1"}],"replies":[{"embeddable":true,"href":"https:\/\/globalattitude.org.br\/en\/wp-json\/wp\/v2\/comments?post=1047"}],"version-history":[{"count":1,"href":"https:\/\/globalattitude.org.br\/en\/wp-json\/wp\/v2\/posts\/1047\/revisions"}],"predecessor-version":[{"id":1049,"href":"https:\/\/globalattitude.org.br\/en\/wp-json\/wp\/v2\/posts\/1047\/revisions\/1049"}],"wp:featuredmedia":[{"embeddable":true,"href":"https:\/\/globalattitude.org.br\/en\/wp-json\/wp\/v2\/media\/1048"}],"wp:attachment":[{"href":"https:\/\/globalattitude.org.br\/en\/wp-json\/wp\/v2\/media?parent=1047"}],"wp:term":[{"taxonomy":"category","embeddable":true,"href":"https:\/\/globalattitude.org.br\/en\/wp-json\/wp\/v2\/categories?post=1047"},{"taxonomy":"post_tag","embeddable":true,"href":"https:\/\/globalattitude.org.br\/en\/wp-json\/wp\/v2\/tags?post=1047"}],"curies":[{"name":"wp","href":"https:\/\/api.w.org\/{rel}","templated":true}]}}