{"id":1076,"date":"2016-05-04T11:03:51","date_gmt":"2016-05-04T14:03:51","guid":{"rendered":"https:\/\/globalattitude.org.br\/diplomacia-civil-seleciona-estudantes-para-participar-do-european-development-days\/"},"modified":"2023-03-10T10:03:29","modified_gmt":"2023-03-10T13:03:29","slug":"diplomacia-civil-seleciona-estudantes-para-participar-do-european-development-days","status":"publish","type":"post","link":"https:\/\/globalattitude.org.br\/en\/diplomacia-civil-seleciona-estudantes-para-participar-do-european-development-days\/","title":{"rendered":"Diplomacia Civil seleciona jovens para participar do European Development Days"},"content":{"rendered":"<p style=\"text-align: justify;\">Tem entre 18 e 30 anos, interesse em assuntos sobre coopera\u00e7\u00e3o e desenvolvimento internacional e passaporte v\u00e1lido? O Diplomacia Civil est\u00e1 com inscri\u00e7\u00f5es abertas para o <a href=\"https:\/\/www.eudevdays.eu\/\">European Development Days<\/a> (EDD), primeiro f\u00f3rum europeu voltado ao desenvolvimento mundial, a ser realizado entre os dias 12 e 18 de junho, em Bruxelas, B\u00e9lgica.<\/p>\n<p>Os selecionados poder\u00e3o assistir a debates e reuni\u00f5es entre v\u00e1rios l\u00edderes mundiais, al\u00e9m de participar de uma visita guiada ao Parlamento Europeu e de duas reuni\u00f5es privadas com organiza\u00e7\u00f5es que fa\u00e7am a rela\u00e7\u00e3o Brasil \u2013 Uni\u00e3o Europeia, organizadas pelo Diplomacia Civil.<\/p>\n<p><strong>O European Development Days<\/strong><\/p>\n<p><strong><a href=\"http:\/\/globalattitude.org.br\/wp-content\/uploads\/2023\/03\/bruxelas-europa-8.jpg\" rel=\"attachment wp-att-2264\"><img fetchpriority=\"high\" decoding=\"async\" class=\"alignright wp-image-2264\" src=\"http:\/\/globalattitude.org.br\/wp-content\/uploads\/2023\/03\/bruxelas-europa-8-300x188.jpg\" alt=\"bruxelas-europa-8\" width=\"500\" height=\"313\" \/><\/a><\/strong>Promovido anualmente pela <a href=\"http:\/\/ec.europa.eu\/index_pt.htm\">Comiss\u00e3o Europeia<\/a>, o EDD re\u00fane cerca de 5 mil pessoas de 140 pa\u00edses e 1.200 organiza\u00e7\u00f5es para compartilhar ideias e experi\u00eancias que inspirem novas parcerias e solu\u00e7\u00f5es inovadoras para os desafios mais urgentes do mundo.<\/p>\n<p>Em 2016, o evento completar\u00e1 sua 10a edi\u00e7\u00e3o e discutir\u00e1 o tema &#8220;Agenda 2030 para Desenvolvimento Sustent\u00e1vel&#8221;, sendo uma das primeiras confer\u00eancias de grande porte dedicada \u00e0 quest\u00e3o.<\/p>\n<p>O evento se basear\u00e1, ainda, em discuss\u00f5es voltadas a cinco t\u00f3picos: <strong>pessoas<\/strong> (desigualdade, g\u00eanero e n\u00e3o deixando ningu\u00e9m para tr\u00e1s), <strong>planeta<\/strong> (mudan\u00e7as clim\u00e1ticas, economia circular, rela\u00e7\u00e3o \u00e1gua-energia-comida), <strong>prosperidade<\/strong> (cidades sustent\u00e1veis, ci\u00eancia, tecnologia e inova\u00e7\u00e3o e com\u00e9rcio e crescimento), <strong><span style=\"-webkit-tap-highlight-color: rgba(0, 0, 0, 0);\">paz\u00a0<\/span><\/strong>(Estados fr\u00e1geis, migra\u00e7\u00e3o e refugiados) e <strong>parceria<\/strong> (m\u00e9todos de implementa\u00e7\u00e3o e engajando o setor privado).<\/p>\n<p><strong>Como participar<br \/>\n<\/strong>Para participar, o interessado deve preencher o formul\u00e1rio dispon\u00edvel <a href=\"https:\/\/form.jotformeu.com\/61236469615359\">neste link<\/a> at\u00e9 o dia 10 de maio, \u00e0s 18h. O programa oferece oito vagas e, como parte da sele\u00e7\u00e3o, os candidatos devem explicar sua motiva\u00e7\u00e3o e sugerir um artigo que ser\u00e1 desenvolvido durante a prepara\u00e7\u00e3o para a viagem.<\/p>\n<p>Os crit\u00e9rios de avalia\u00e7\u00e3o levam em conta o curr\u00edculo, motiva\u00e7\u00e3o pessoal e profissional e proposta de tema para a produ\u00e7\u00e3o de um artigo de opini\u00e3o. Os selecionados participar\u00e3o, ainda, de workshops de capacita\u00e7\u00e3o.<\/p>\n<p>O programa \u00e9 pago e inclui o credenciamento no evento, passagens a\u00e9reas de ida e volta, translado aeroporto-hotel, acomoda\u00e7\u00e3o em hotel, seguro sa\u00fade, assist\u00eancia na emiss\u00e3o de visto, workshops de capacita\u00e7\u00e3o, supervis\u00e3o e orienta\u00e7\u00e3o para reda\u00e7\u00e3o do artigo de pesquisa, cart\u00e3o de visita personalizado e certificado de participa\u00e7\u00e3o.<\/p>\n<p>Para mais informa\u00e7\u00f5es, acesse a nossa p\u00e1gina de <a href=\"http:\/\/blog.globalattitude.org.br\/services-1\/\">perguntas frequentes<\/a>.<\/p>\n<p>N\u00e3o perca esta chance!<\/p>\n","protected":false},"excerpt":{"rendered":"<p>Tem entre 18 e 30 anos, interesse em assuntos sobre coopera\u00e7\u00e3o e desenvolvimento internacional e passaporte v\u00e1lido? O Diplomacia Civil est\u00e1 com inscri\u00e7\u00f5es abertas para o European Development Days (EDD), primeiro f\u00f3rum europeu voltado ao desenvolvimento mundial, a ser realizado entre os dias 12 e 18 de junho, em Bruxelas, B\u00e9lgica. Os selecionados poder\u00e3o assistir [&hellip;]<\/p>\n","protected":false},"author":1,"featured_media":1077,"comment_status":"open","ping_status":"open","sticky":false,"template":"","format":"standard","meta":{"_acf_changed":false,"om_disable_all_campaigns":false,"_monsterinsights_skip_tracking":false,"_monsterinsights_sitenote_active":false,"_monsterinsights_sitenote_note":"","_monsterinsights_sitenote_category":0,"_uf_show_specific_survey":0,"_uf_disable_surveys":false,"footnotes":""},"categories":[22,34],"tags":[],"class_list":["post-1076","post","type-post","status-publish","format-standard","hentry","category-programas","category-ultimas"],"acf":[],"aioseo_notices":[],"yoast_head":"<!-- This site is optimized with the Yoast SEO plugin v27.5 - https:\/\/yoast.com\/product\/yoast-seo-wordpress\/ -->\n<title>Diplomacia Civil seleciona jovens para participar do European Development Days - Instituto Global Attitude<\/title>\n<meta name=\"robots\" content=\"index, follow, max-snippet:-1, max-image-preview:large, max-video-preview:-1\" \/>\n<link rel=\"canonical\" href=\"https:\/\/globalattitude.org.br\/en\/diplomacia-civil-seleciona-estudantes-para-participar-do-european-development-days\/\" \/>\n<meta property=\"og:locale\" content=\"en_US\" \/>\n<meta property=\"og:type\" content=\"article\" \/>\n<meta property=\"og:title\" content=\"Diplomacia Civil seleciona jovens para participar do European Development Days - Instituto Global Attitude\" \/>\n<meta property=\"og:description\" content=\"Tem entre 18 e 30 anos, interesse em assuntos sobre coopera\u00e7\u00e3o e desenvolvimento internacional e passaporte v\u00e1lido? O Diplomacia Civil est\u00e1 com inscri\u00e7\u00f5es abertas para o European Development Days (EDD), primeiro f\u00f3rum europeu voltado ao desenvolvimento mundial, a ser realizado entre os dias 12 e 18 de junho, em Bruxelas, B\u00e9lgica. Os selecionados poder\u00e3o assistir [&hellip;]\" \/>\n<meta property=\"og:url\" content=\"https:\/\/globalattitude.org.br\/en\/diplomacia-civil-seleciona-estudantes-para-participar-do-european-development-days\/\" \/>\n<meta property=\"og:site_name\" content=\"Instituto Global Attitude\" \/>\n<meta property=\"article:publisher\" content=\"https:\/\/www.facebook.com\/global.attitude.org\/\" \/>\n<meta property=\"article:published_time\" content=\"2016-05-04T14:03:51+00:00\" \/>\n<meta property=\"article:modified_time\" content=\"2023-03-10T13:03:29+00:00\" \/>\n<meta property=\"og:image\" content=\"https:\/\/globalattitude.org.br\/wp-content\/uploads\/2023\/03\/bruxelas-europa-8.jpg\" \/>\n\t<meta property=\"og:image:width\" content=\"1200\" \/>\n\t<meta property=\"og:image:height\" content=\"750\" \/>\n\t<meta property=\"og:image:type\" content=\"image\/jpeg\" \/>\n<meta name=\"author\" content=\"123esite\" \/>\n<meta name=\"twitter:card\" content=\"summary_large_image\" \/>\n<meta name=\"twitter:creator\" content=\"@global_attitude\" \/>\n<meta name=\"twitter:site\" content=\"@global_attitude\" \/>\n<meta name=\"twitter:label1\" content=\"Written by\" \/>\n\t<meta name=\"twitter:data1\" content=\"123esite\" \/>\n\t<meta name=\"twitter:label2\" content=\"Est. reading time\" \/>\n\t<meta name=\"twitter:data2\" content=\"2 minutes\" \/>\n<script type=\"application\/ld+json\" class=\"yoast-schema-graph\">{\"@context\":\"https:\\\/\\\/schema.org\",\"@graph\":[{\"@type\":[\"Article\",\"BlogPosting\"],\"@id\":\"https:\\\/\\\/globalattitude.org.br\\\/en\\\/diplomacia-civil-seleciona-estudantes-para-participar-do-european-development-days\\\/#article\",\"isPartOf\":{\"@id\":\"https:\\\/\\\/globalattitude.org.br\\\/en\\\/diplomacia-civil-seleciona-estudantes-para-participar-do-european-development-days\\\/\"},\"author\":{\"name\":\"123esite\",\"@id\":\"https:\\\/\\\/globalattitude.org.br\\\/en\\\/#\\\/schema\\\/person\\\/6d308f9d9d1eebad0278ad9386f13169\"},\"headline\":\"Diplomacia Civil seleciona jovens para participar do European Development Days\",\"datePublished\":\"2016-05-04T14:03:51+00:00\",\"dateModified\":\"2023-03-10T13:03:29+00:00\",\"mainEntityOfPage\":{\"@id\":\"https:\\\/\\\/globalattitude.org.br\\\/en\\\/diplomacia-civil-seleciona-estudantes-para-participar-do-european-development-days\\\/\"},\"wordCount\":427,\"commentCount\":0,\"publisher\":{\"@id\":\"https:\\\/\\\/globalattitude.org.br\\\/en\\\/#organization\"},\"image\":{\"@id\":\"https:\\\/\\\/globalattitude.org.br\\\/en\\\/diplomacia-civil-seleciona-estudantes-para-participar-do-european-development-days\\\/#primaryimage\"},\"thumbnailUrl\":\"https:\\\/\\\/globalattitude.org.br\\\/wp-content\\\/uploads\\\/2023\\\/03\\\/bruxelas-europa-8.jpg\",\"articleSection\":[\"Programas\",\"\u00daltimas\"],\"inLanguage\":\"en-US\",\"potentialAction\":[{\"@type\":\"CommentAction\",\"name\":\"Comment\",\"target\":[\"https:\\\/\\\/globalattitude.org.br\\\/en\\\/diplomacia-civil-seleciona-estudantes-para-participar-do-european-development-days\\\/#respond\"]}]},{\"@type\":\"WebPage\",\"@id\":\"https:\\\/\\\/globalattitude.org.br\\\/en\\\/diplomacia-civil-seleciona-estudantes-para-participar-do-european-development-days\\\/\",\"url\":\"https:\\\/\\\/globalattitude.org.br\\\/en\\\/diplomacia-civil-seleciona-estudantes-para-participar-do-european-development-days\\\/\",\"name\":\"Diplomacia Civil seleciona jovens para participar do European Development Days - Instituto Global Attitude\",\"isPartOf\":{\"@id\":\"https:\\\/\\\/globalattitude.org.br\\\/en\\\/#website\"},\"primaryImageOfPage\":{\"@id\":\"https:\\\/\\\/globalattitude.org.br\\\/en\\\/diplomacia-civil-seleciona-estudantes-para-participar-do-european-development-days\\\/#primaryimage\"},\"image\":{\"@id\":\"https:\\\/\\\/globalattitude.org.br\\\/en\\\/diplomacia-civil-seleciona-estudantes-para-participar-do-european-development-days\\\/#primaryimage\"},\"thumbnailUrl\":\"https:\\\/\\\/globalattitude.org.br\\\/wp-content\\\/uploads\\\/2023\\\/03\\\/bruxelas-europa-8.jpg\",\"datePublished\":\"2016-05-04T14:03:51+00:00\",\"dateModified\":\"2023-03-10T13:03:29+00:00\",\"breadcrumb\":{\"@id\":\"https:\\\/\\\/globalattitude.org.br\\\/en\\\/diplomacia-civil-seleciona-estudantes-para-participar-do-european-development-days\\\/#breadcrumb\"},\"inLanguage\":\"en-US\",\"potentialAction\":[{\"@type\":\"ReadAction\",\"target\":[\"https:\\\/\\\/globalattitude.org.br\\\/en\\\/diplomacia-civil-seleciona-estudantes-para-participar-do-european-development-days\\\/\"]}]},{\"@type\":\"ImageObject\",\"inLanguage\":\"en-US\",\"@id\":\"https:\\\/\\\/globalattitude.org.br\\\/en\\\/diplomacia-civil-seleciona-estudantes-para-participar-do-european-development-days\\\/#primaryimage\",\"url\":\"https:\\\/\\\/globalattitude.org.br\\\/wp-content\\\/uploads\\\/2023\\\/03\\\/bruxelas-europa-8.jpg\",\"contentUrl\":\"https:\\\/\\\/globalattitude.org.br\\\/wp-content\\\/uploads\\\/2023\\\/03\\\/bruxelas-europa-8.jpg\",\"width\":1200,\"height\":750},{\"@type\":\"BreadcrumbList\",\"@id\":\"https:\\\/\\\/globalattitude.org.br\\\/en\\\/diplomacia-civil-seleciona-estudantes-para-participar-do-european-development-days\\\/#breadcrumb\",\"itemListElement\":[{\"@type\":\"ListItem\",\"position\":1,\"name\":\"In\u00edcio\",\"item\":\"https:\\\/\\\/globalattitude.org.br\\\/en\\\/\"},{\"@type\":\"ListItem\",\"position\":2,\"name\":\"Diplomacia Civil seleciona jovens para participar do European Development Days\"}]},{\"@type\":\"WebSite\",\"@id\":\"https:\\\/\\\/globalattitude.org.br\\\/en\\\/#website\",\"url\":\"https:\\\/\\\/globalattitude.org.br\\\/en\\\/\",\"name\":\"Instituto Global Attitude\",\"description\":\"\",\"publisher\":{\"@id\":\"https:\\\/\\\/globalattitude.org.br\\\/en\\\/#organization\"},\"potentialAction\":[{\"@type\":\"SearchAction\",\"target\":{\"@type\":\"EntryPoint\",\"urlTemplate\":\"https:\\\/\\\/globalattitude.org.br\\\/en\\\/?s={search_term_string}\"},\"query-input\":{\"@type\":\"PropertyValueSpecification\",\"valueRequired\":true,\"valueName\":\"search_term_string\"}}],\"inLanguage\":\"en-US\"},{\"@type\":\"Organization\",\"@id\":\"https:\\\/\\\/globalattitude.org.br\\\/en\\\/#organization\",\"name\":\"Instituto Global Attitude\",\"url\":\"https:\\\/\\\/globalattitude.org.br\\\/en\\\/\",\"logo\":{\"@type\":\"ImageObject\",\"inLanguage\":\"en-US\",\"@id\":\"https:\\\/\\\/globalattitude.org.br\\\/en\\\/#\\\/schema\\\/logo\\\/image\\\/\",\"url\":\"https:\\\/\\\/globalattitude.org.br\\\/wp-content\\\/uploads\\\/2023\\\/01\\\/instituto-global-attitude-color.png\",\"contentUrl\":\"https:\\\/\\\/globalattitude.org.br\\\/wp-content\\\/uploads\\\/2023\\\/01\\\/instituto-global-attitude-color.png\",\"width\":300,\"height\":131,\"caption\":\"Instituto Global Attitude\"},\"image\":{\"@id\":\"https:\\\/\\\/globalattitude.org.br\\\/en\\\/#\\\/schema\\\/logo\\\/image\\\/\"},\"sameAs\":[\"https:\\\/\\\/www.facebook.com\\\/global.attitude.org\\\/\",\"https:\\\/\\\/x.com\\\/global_attitude\",\"https:\\\/\\\/www.instagram.com\\\/globalattitude\",\"https:\\\/\\\/www.linkedin.com\\\/company\\\/global-attitude\\\/?viewAsMember=true\"]},{\"@type\":\"Person\",\"@id\":\"https:\\\/\\\/globalattitude.org.br\\\/en\\\/#\\\/schema\\\/person\\\/6d308f9d9d1eebad0278ad9386f13169\",\"name\":\"123esite\",\"image\":{\"@type\":\"ImageObject\",\"inLanguage\":\"en-US\",\"@id\":\"https:\\\/\\\/secure.gravatar.com\\\/avatar\\\/07bd71fac19f42004f2b73567f012e126689afdb23cb0017536dea9113ba1806?s=96&d=mm&r=g\",\"url\":\"https:\\\/\\\/secure.gravatar.com\\\/avatar\\\/07bd71fac19f42004f2b73567f012e126689afdb23cb0017536dea9113ba1806?s=96&d=mm&r=g\",\"contentUrl\":\"https:\\\/\\\/secure.gravatar.com\\\/avatar\\\/07bd71fac19f42004f2b73567f012e126689afdb23cb0017536dea9113ba1806?s=96&d=mm&r=g\",\"caption\":\"123esite\"},\"sameAs\":[\"http:\\\/\\\/globalattitude.org.br\"],\"url\":\"https:\\\/\\\/globalattitude.org.br\\\/en\\\/author\\\/123esite\\\/\"}]}<\/script>\n<!-- \/ Yoast SEO plugin. -->","yoast_head_json":{"title":"Diplomacia Civil seleciona jovens para participar do European Development Days - Instituto Global Attitude","robots":{"index":"index","follow":"follow","max-snippet":"max-snippet:-1","max-image-preview":"max-image-preview:large","max-video-preview":"max-video-preview:-1"},"canonical":"https:\/\/globalattitude.org.br\/en\/diplomacia-civil-seleciona-estudantes-para-participar-do-european-development-days\/","og_locale":"en_US","og_type":"article","og_title":"Diplomacia Civil seleciona jovens para participar do European Development Days - Instituto Global Attitude","og_description":"Tem entre 18 e 30 anos, interesse em assuntos sobre coopera\u00e7\u00e3o e desenvolvimento internacional e passaporte v\u00e1lido? O Diplomacia Civil est\u00e1 com inscri\u00e7\u00f5es abertas para o European Development Days (EDD), primeiro f\u00f3rum europeu voltado ao desenvolvimento mundial, a ser realizado entre os dias 12 e 18 de junho, em Bruxelas, B\u00e9lgica. Os selecionados poder\u00e3o assistir [&hellip;]","og_url":"https:\/\/globalattitude.org.br\/en\/diplomacia-civil-seleciona-estudantes-para-participar-do-european-development-days\/","og_site_name":"Instituto Global Attitude","article_publisher":"https:\/\/www.facebook.com\/global.attitude.org\/","article_published_time":"2016-05-04T14:03:51+00:00","article_modified_time":"2023-03-10T13:03:29+00:00","og_image":[{"width":1200,"height":750,"url":"https:\/\/globalattitude.org.br\/wp-content\/uploads\/2023\/03\/bruxelas-europa-8.jpg","type":"image\/jpeg"}],"author":"123esite","twitter_card":"summary_large_image","twitter_creator":"@global_attitude","twitter_site":"@global_attitude","twitter_misc":{"Written by":"123esite","Est. reading time":"2 minutes"},"schema":{"@context":"https:\/\/schema.org","@graph":[{"@type":["Article","BlogPosting"],"@id":"https:\/\/globalattitude.org.br\/en\/diplomacia-civil-seleciona-estudantes-para-participar-do-european-development-days\/#article","isPartOf":{"@id":"https:\/\/globalattitude.org.br\/en\/diplomacia-civil-seleciona-estudantes-para-participar-do-european-development-days\/"},"author":{"name":"123esite","@id":"https:\/\/globalattitude.org.br\/en\/#\/schema\/person\/6d308f9d9d1eebad0278ad9386f13169"},"headline":"Diplomacia Civil seleciona jovens para participar do European Development Days","datePublished":"2016-05-04T14:03:51+00:00","dateModified":"2023-03-10T13:03:29+00:00","mainEntityOfPage":{"@id":"https:\/\/globalattitude.org.br\/en\/diplomacia-civil-seleciona-estudantes-para-participar-do-european-development-days\/"},"wordCount":427,"commentCount":0,"publisher":{"@id":"https:\/\/globalattitude.org.br\/en\/#organization"},"image":{"@id":"https:\/\/globalattitude.org.br\/en\/diplomacia-civil-seleciona-estudantes-para-participar-do-european-development-days\/#primaryimage"},"thumbnailUrl":"https:\/\/globalattitude.org.br\/wp-content\/uploads\/2023\/03\/bruxelas-europa-8.jpg","articleSection":["Programas","\u00daltimas"],"inLanguage":"en-US","potentialAction":[{"@type":"CommentAction","name":"Comment","target":["https:\/\/globalattitude.org.br\/en\/diplomacia-civil-seleciona-estudantes-para-participar-do-european-development-days\/#respond"]}]},{"@type":"WebPage","@id":"https:\/\/globalattitude.org.br\/en\/diplomacia-civil-seleciona-estudantes-para-participar-do-european-development-days\/","url":"https:\/\/globalattitude.org.br\/en\/diplomacia-civil-seleciona-estudantes-para-participar-do-european-development-days\/","name":"Diplomacia Civil seleciona jovens para participar do European Development Days - Instituto Global Attitude","isPartOf":{"@id":"https:\/\/globalattitude.org.br\/en\/#website"},"primaryImageOfPage":{"@id":"https:\/\/globalattitude.org.br\/en\/diplomacia-civil-seleciona-estudantes-para-participar-do-european-development-days\/#primaryimage"},"image":{"@id":"https:\/\/globalattitude.org.br\/en\/diplomacia-civil-seleciona-estudantes-para-participar-do-european-development-days\/#primaryimage"},"thumbnailUrl":"https:\/\/globalattitude.org.br\/wp-content\/uploads\/2023\/03\/bruxelas-europa-8.jpg","datePublished":"2016-05-04T14:03:51+00:00","dateModified":"2023-03-10T13:03:29+00:00","breadcrumb":{"@id":"https:\/\/globalattitude.org.br\/en\/diplomacia-civil-seleciona-estudantes-para-participar-do-european-development-days\/#breadcrumb"},"inLanguage":"en-US","potentialAction":[{"@type":"ReadAction","target":["https:\/\/globalattitude.org.br\/en\/diplomacia-civil-seleciona-estudantes-para-participar-do-european-development-days\/"]}]},{"@type":"ImageObject","inLanguage":"en-US","@id":"https:\/\/globalattitude.org.br\/en\/diplomacia-civil-seleciona-estudantes-para-participar-do-european-development-days\/#primaryimage","url":"https:\/\/globalattitude.org.br\/wp-content\/uploads\/2023\/03\/bruxelas-europa-8.jpg","contentUrl":"https:\/\/globalattitude.org.br\/wp-content\/uploads\/2023\/03\/bruxelas-europa-8.jpg","width":1200,"height":750},{"@type":"BreadcrumbList","@id":"https:\/\/globalattitude.org.br\/en\/diplomacia-civil-seleciona-estudantes-para-participar-do-european-development-days\/#breadcrumb","itemListElement":[{"@type":"ListItem","position":1,"name":"In\u00edcio","item":"https:\/\/globalattitude.org.br\/en\/"},{"@type":"ListItem","position":2,"name":"Diplomacia Civil seleciona jovens para participar do European Development Days"}]},{"@type":"WebSite","@id":"https:\/\/globalattitude.org.br\/en\/#website","url":"https:\/\/globalattitude.org.br\/en\/","name":"Instituto Global Attitude","description":"","publisher":{"@id":"https:\/\/globalattitude.org.br\/en\/#organization"},"potentialAction":[{"@type":"SearchAction","target":{"@type":"EntryPoint","urlTemplate":"https:\/\/globalattitude.org.br\/en\/?s={search_term_string}"},"query-input":{"@type":"PropertyValueSpecification","valueRequired":true,"valueName":"search_term_string"}}],"inLanguage":"en-US"},{"@type":"Organization","@id":"https:\/\/globalattitude.org.br\/en\/#organization","name":"Instituto Global Attitude","url":"https:\/\/globalattitude.org.br\/en\/","logo":{"@type":"ImageObject","inLanguage":"en-US","@id":"https:\/\/globalattitude.org.br\/en\/#\/schema\/logo\/image\/","url":"https:\/\/globalattitude.org.br\/wp-content\/uploads\/2023\/01\/instituto-global-attitude-color.png","contentUrl":"https:\/\/globalattitude.org.br\/wp-content\/uploads\/2023\/01\/instituto-global-attitude-color.png","width":300,"height":131,"caption":"Instituto Global Attitude"},"image":{"@id":"https:\/\/globalattitude.org.br\/en\/#\/schema\/logo\/image\/"},"sameAs":["https:\/\/www.facebook.com\/global.attitude.org\/","https:\/\/x.com\/global_attitude","https:\/\/www.instagram.com\/globalattitude","https:\/\/www.linkedin.com\/company\/global-attitude\/?viewAsMember=true"]},{"@type":"Person","@id":"https:\/\/globalattitude.org.br\/en\/#\/schema\/person\/6d308f9d9d1eebad0278ad9386f13169","name":"123esite","image":{"@type":"ImageObject","inLanguage":"en-US","@id":"https:\/\/secure.gravatar.com\/avatar\/07bd71fac19f42004f2b73567f012e126689afdb23cb0017536dea9113ba1806?s=96&d=mm&r=g","url":"https:\/\/secure.gravatar.com\/avatar\/07bd71fac19f42004f2b73567f012e126689afdb23cb0017536dea9113ba1806?s=96&d=mm&r=g","contentUrl":"https:\/\/secure.gravatar.com\/avatar\/07bd71fac19f42004f2b73567f012e126689afdb23cb0017536dea9113ba1806?s=96&d=mm&r=g","caption":"123esite"},"sameAs":["http:\/\/globalattitude.org.br"],"url":"https:\/\/globalattitude.org.br\/en\/author\/123esite\/"}]}},"_links":{"self":[{"href":"https:\/\/globalattitude.org.br\/en\/wp-json\/wp\/v2\/posts\/1076","targetHints":{"allow":["GET"]}}],"collection":[{"href":"https:\/\/globalattitude.org.br\/en\/wp-json\/wp\/v2\/posts"}],"about":[{"href":"https:\/\/globalattitude.org.br\/en\/wp-json\/wp\/v2\/types\/post"}],"author":[{"embeddable":true,"href":"https:\/\/globalattitude.org.br\/en\/wp-json\/wp\/v2\/users\/1"}],"replies":[{"embeddable":true,"href":"https:\/\/globalattitude.org.br\/en\/wp-json\/wp\/v2\/comments?post=1076"}],"version-history":[{"count":1,"href":"https:\/\/globalattitude.org.br\/en\/wp-json\/wp\/v2\/posts\/1076\/revisions"}],"predecessor-version":[{"id":1078,"href":"https:\/\/globalattitude.org.br\/en\/wp-json\/wp\/v2\/posts\/1076\/revisions\/1078"}],"wp:featuredmedia":[{"embeddable":true,"href":"https:\/\/globalattitude.org.br\/en\/wp-json\/wp\/v2\/media\/1077"}],"wp:attachment":[{"href":"https:\/\/globalattitude.org.br\/en\/wp-json\/wp\/v2\/media?parent=1076"}],"wp:term":[{"taxonomy":"category","embeddable":true,"href":"https:\/\/globalattitude.org.br\/en\/wp-json\/wp\/v2\/categories?post=1076"},{"taxonomy":"post_tag","embeddable":true,"href":"https:\/\/globalattitude.org.br\/en\/wp-json\/wp\/v2\/tags?post=1076"}],"curies":[{"name":"wp","href":"https:\/\/api.w.org\/{rel}","templated":true}]}}