{"id":10886,"date":"2024-12-16T15:01:50","date_gmt":"2024-12-16T18:01:50","guid":{"rendered":"https:\/\/globalattitude.org.br\/?p=10886"},"modified":"2024-12-17T13:29:39","modified_gmt":"2024-12-17T16:29:39","slug":"alunos-do-projeto-escola-de-lideres-do-grajau-na-zona-sul-de-sp-celebram-conclusao-de-curso-em-cerimonia-especial","status":"publish","type":"post","link":"https:\/\/globalattitude.org.br\/en\/alunos-do-projeto-escola-de-lideres-do-grajau-na-zona-sul-de-sp-celebram-conclusao-de-curso-em-cerimonia-especial\/","title":{"rendered":"Alunos do F\u00e1brica Criativa do Graja\u00fa, na Zona Sul de SP, celebram conclus\u00e3o de curso em cerim\u00f4nia especial"},"content":{"rendered":"<p>A solenidade comemora a finaliza\u00e7\u00e3o de mais uma etapa na vida acad\u00eamica de jovens, al\u00e9m da parceria de sucesso estabelecida entre o Instituto Global Attitude e o deputado federal Kiko Celeguim (PT).<\/p>\n<p>Por Braiam Resende, IGA S\u00e3o Paulo \u2014 S\u00e3o Paulo 16\/12\/2024 12h11 Atualizado h\u00e1 12 minutos<\/p>\n<p>O Centro de Integra\u00e7\u00e3o da Cidadania (CIC), em Graja\u00fa, na Zona Sul de S\u00e3o Paulo, recebeu os formandos e familiares do programa F\u00e1brica Criativa. Cerca de trinta alunos ganharam o certificado de conclus\u00e3o dos cursos de fotografia e m\u00eddias sociais, em uma cerim\u00f4nia marcada pela emo\u00e7\u00e3o. \u00a0A iniciativa contou o apoio do deputado federal Kiko Celeguim (PT), reconhecido por incentivar a\u00e7\u00f5es de educa\u00e7\u00e3o e forma\u00e7\u00e3o profissional no estado.<\/p>\n<p>O Escola de L\u00edderes \u00e9 um projeto financiado por emendas parlamentares, no programa Projovem Trabalhador, do Minist\u00e9rio do Trabalho, do Governo Federal, com a realiza\u00e7\u00e3o do Instituto Global Atittude. Essas parcerias s\u00e3o fundamentais para proporcionar aos participantes uma experi\u00eancia enriquecedora e alinhada \u00e0s necessidades da vida.<\/p>\n<p><span style=\"font-weight: 400;\">A F\u00e1brica Criativa ofereceu forma\u00e7\u00e3o em cursos de fotografia e gest\u00e3o de m\u00eddias sociais, abrangendo os principais aspectos da economia criativa. Os cursos v\u00e3o preparar os alunos para enfrentar os desafios e aproveitar as oportunidades desse mercado em crescimento exponencial. Cada componente curricular foi projetado para preparar o estudante para liderar equipes e ser protagonista de projetos transformadores, de forma eficaz e respons\u00e1vel!<\/span><\/p>\n<p>A cerim\u00f4nia tamb\u00e9m contou com a presen\u00e7a de professores que celebraram a conquista dos alunos: \u201cCada troca, a confian\u00e7a, o acolhimento, o carinho e o respeito, podem apostar, foi m\u00fatuo! Nisso aqui me debrucei porque acreditar nos sonhos \u00e9 a ferramenta principal de fazer acontecer\u201d, disse Jaqueline Pheli, educadora do programa.<\/p>\n<h2><strong>+ conte\u00fados: veja a galeria de fotos<\/strong><\/h2>\n<p>&nbsp;<\/p>\n\n\t\t<style>\n\t\t\t#gallery-1 {\n\t\t\t\tmargin: auto;\n\t\t\t}\n\t\t\t#gallery-1 .gallery-item {\n\t\t\t\tfloat: left;\n\t\t\t\tmargin-top: 10px;\n\t\t\t\ttext-align: center;\n\t\t\t\twidth: 33%;\n\t\t\t}\n\t\t\t#gallery-1 img {\n\t\t\t\tborder: 2px solid #cfcfcf;\n\t\t\t}\n\t\t\t#gallery-1 .gallery-caption {\n\t\t\t\tmargin-left: 0;\n\t\t\t}\n\t\t\t\/* see gallery_shortcode() in wp-includes\/media.php *\/\n\t\t<\/style>\n\t\t<div id='gallery-1' class='gallery galleryid-10886 gallery-columns-3 gallery-size-full'><dl class='gallery-item'>\n\t\t\t<dt class='gallery-icon landscape'>\n\t\t\t\t<a href='https:\/\/globalattitude.org.br\/en\/imagem-do-whatsapp-de-2024-12-16-as-14-55-05_ad8d714b-2\/'><img fetchpriority=\"high\" decoding=\"async\" width=\"1200\" height=\"903\" src=\"https:\/\/globalattitude.org.br\/wp-content\/uploads\/2024\/12\/Imagem-do-WhatsApp-de-2024-12-16-as-14.55.05_ad8d714b-1200x903.jpg\" class=\"attachment-full size-full\" alt=\"\" srcset=\"https:\/\/globalattitude.org.br\/wp-content\/uploads\/2024\/12\/Imagem-do-WhatsApp-de-2024-12-16-as-14.55.05_ad8d714b-1200x903.jpg 1200w, https:\/\/globalattitude.org.br\/wp-content\/uploads\/2024\/12\/Imagem-do-WhatsApp-de-2024-12-16-as-14.55.05_ad8d714b-300x226.jpg 300w, https:\/\/globalattitude.org.br\/wp-content\/uploads\/2024\/12\/Imagem-do-WhatsApp-de-2024-12-16-as-14.55.05_ad8d714b-1024x771.jpg 1024w, https:\/\/globalattitude.org.br\/wp-content\/uploads\/2024\/12\/Imagem-do-WhatsApp-de-2024-12-16-as-14.55.05_ad8d714b-768x578.jpg 768w, https:\/\/globalattitude.org.br\/wp-content\/uploads\/2024\/12\/Imagem-do-WhatsApp-de-2024-12-16-as-14.55.05_ad8d714b-1536x1156.jpg 1536w, https:\/\/globalattitude.org.br\/wp-content\/uploads\/2024\/12\/Imagem-do-WhatsApp-de-2024-12-16-as-14.55.05_ad8d714b-180x135.jpg 180w, https:\/\/globalattitude.org.br\/wp-content\/uploads\/2024\/12\/Imagem-do-WhatsApp-de-2024-12-16-as-14.55.05_ad8d714b-239x180.jpg 239w, https:\/\/globalattitude.org.br\/wp-content\/uploads\/2024\/12\/Imagem-do-WhatsApp-de-2024-12-16-as-14.55.05_ad8d714b.jpg 1600w\" sizes=\"(max-width: 1200px) 100vw, 1200px\" \/><\/a>\n\t\t\t<\/dt><\/dl><dl class='gallery-item'>\n\t\t\t<dt class='gallery-icon landscape'>\n\t\t\t\t<a href='https:\/\/globalattitude.org.br\/en\/imagem-do-whatsapp-de-2024-12-16-as-14-55-05_bb7c9c59-2\/'><img decoding=\"async\" width=\"1200\" height=\"903\" src=\"https:\/\/globalattitude.org.br\/wp-content\/uploads\/2024\/12\/Imagem-do-WhatsApp-de-2024-12-16-as-14.55.05_bb7c9c59-1200x903.jpg\" class=\"attachment-full size-full\" alt=\"\" srcset=\"https:\/\/globalattitude.org.br\/wp-content\/uploads\/2024\/12\/Imagem-do-WhatsApp-de-2024-12-16-as-14.55.05_bb7c9c59-1200x903.jpg 1200w, https:\/\/globalattitude.org.br\/wp-content\/uploads\/2024\/12\/Imagem-do-WhatsApp-de-2024-12-16-as-14.55.05_bb7c9c59-300x226.jpg 300w, https:\/\/globalattitude.org.br\/wp-content\/uploads\/2024\/12\/Imagem-do-WhatsApp-de-2024-12-16-as-14.55.05_bb7c9c59-1024x771.jpg 1024w, https:\/\/globalattitude.org.br\/wp-content\/uploads\/2024\/12\/Imagem-do-WhatsApp-de-2024-12-16-as-14.55.05_bb7c9c59-768x578.jpg 768w, https:\/\/globalattitude.org.br\/wp-content\/uploads\/2024\/12\/Imagem-do-WhatsApp-de-2024-12-16-as-14.55.05_bb7c9c59-1536x1156.jpg 1536w, https:\/\/globalattitude.org.br\/wp-content\/uploads\/2024\/12\/Imagem-do-WhatsApp-de-2024-12-16-as-14.55.05_bb7c9c59-180x135.jpg 180w, https:\/\/globalattitude.org.br\/wp-content\/uploads\/2024\/12\/Imagem-do-WhatsApp-de-2024-12-16-as-14.55.05_bb7c9c59-239x180.jpg 239w, https:\/\/globalattitude.org.br\/wp-content\/uploads\/2024\/12\/Imagem-do-WhatsApp-de-2024-12-16-as-14.55.05_bb7c9c59.jpg 1600w\" sizes=\"(max-width: 1200px) 100vw, 1200px\" \/><\/a>\n\t\t\t<\/dt><\/dl><dl class='gallery-item'>\n\t\t\t<dt class='gallery-icon landscape'>\n\t\t\t\t<a href='https:\/\/globalattitude.org.br\/en\/imagem-do-whatsapp-de-2024-12-16-as-14-55-05_c9a6ff03-2\/'><img decoding=\"async\" width=\"1200\" height=\"903\" src=\"https:\/\/globalattitude.org.br\/wp-content\/uploads\/2024\/12\/Imagem-do-WhatsApp-de-2024-12-16-as-14.55.05_c9a6ff03-1200x903.jpg\" class=\"attachment-full size-full\" alt=\"\" srcset=\"https:\/\/globalattitude.org.br\/wp-content\/uploads\/2024\/12\/Imagem-do-WhatsApp-de-2024-12-16-as-14.55.05_c9a6ff03-1200x903.jpg 1200w, https:\/\/globalattitude.org.br\/wp-content\/uploads\/2024\/12\/Imagem-do-WhatsApp-de-2024-12-16-as-14.55.05_c9a6ff03-300x226.jpg 300w, https:\/\/globalattitude.org.br\/wp-content\/uploads\/2024\/12\/Imagem-do-WhatsApp-de-2024-12-16-as-14.55.05_c9a6ff03-1024x771.jpg 1024w, https:\/\/globalattitude.org.br\/wp-content\/uploads\/2024\/12\/Imagem-do-WhatsApp-de-2024-12-16-as-14.55.05_c9a6ff03-768x578.jpg 768w, https:\/\/globalattitude.org.br\/wp-content\/uploads\/2024\/12\/Imagem-do-WhatsApp-de-2024-12-16-as-14.55.05_c9a6ff03-1536x1156.jpg 1536w, https:\/\/globalattitude.org.br\/wp-content\/uploads\/2024\/12\/Imagem-do-WhatsApp-de-2024-12-16-as-14.55.05_c9a6ff03-180x135.jpg 180w, https:\/\/globalattitude.org.br\/wp-content\/uploads\/2024\/12\/Imagem-do-WhatsApp-de-2024-12-16-as-14.55.05_c9a6ff03-239x180.jpg 239w, https:\/\/globalattitude.org.br\/wp-content\/uploads\/2024\/12\/Imagem-do-WhatsApp-de-2024-12-16-as-14.55.05_c9a6ff03.jpg 1600w\" sizes=\"(max-width: 1200px) 100vw, 1200px\" \/><\/a>\n\t\t\t<\/dt><\/dl><br style=\"clear: both\" \/><dl class='gallery-item'>\n\t\t\t<dt class='gallery-icon landscape'>\n\t\t\t\t<a href='https:\/\/globalattitude.org.br\/en\/imagem-do-whatsapp-de-2024-12-16-as-14-55-06_e1f27d64-2\/'><img loading=\"lazy\" decoding=\"async\" width=\"1200\" height=\"903\" src=\"https:\/\/globalattitude.org.br\/wp-content\/uploads\/2024\/12\/Imagem-do-WhatsApp-de-2024-12-16-as-14.55.06_e1f27d64-1200x903.jpg\" class=\"attachment-full size-full\" alt=\"\" srcset=\"https:\/\/globalattitude.org.br\/wp-content\/uploads\/2024\/12\/Imagem-do-WhatsApp-de-2024-12-16-as-14.55.06_e1f27d64-1200x903.jpg 1200w, https:\/\/globalattitude.org.br\/wp-content\/uploads\/2024\/12\/Imagem-do-WhatsApp-de-2024-12-16-as-14.55.06_e1f27d64-300x226.jpg 300w, https:\/\/globalattitude.org.br\/wp-content\/uploads\/2024\/12\/Imagem-do-WhatsApp-de-2024-12-16-as-14.55.06_e1f27d64-1024x771.jpg 1024w, https:\/\/globalattitude.org.br\/wp-content\/uploads\/2024\/12\/Imagem-do-WhatsApp-de-2024-12-16-as-14.55.06_e1f27d64-768x578.jpg 768w, https:\/\/globalattitude.org.br\/wp-content\/uploads\/2024\/12\/Imagem-do-WhatsApp-de-2024-12-16-as-14.55.06_e1f27d64-1536x1156.jpg 1536w, https:\/\/globalattitude.org.br\/wp-content\/uploads\/2024\/12\/Imagem-do-WhatsApp-de-2024-12-16-as-14.55.06_e1f27d64-180x135.jpg 180w, https:\/\/globalattitude.org.br\/wp-content\/uploads\/2024\/12\/Imagem-do-WhatsApp-de-2024-12-16-as-14.55.06_e1f27d64-239x180.jpg 239w, https:\/\/globalattitude.org.br\/wp-content\/uploads\/2024\/12\/Imagem-do-WhatsApp-de-2024-12-16-as-14.55.06_e1f27d64.jpg 1600w\" sizes=\"(max-width: 1200px) 100vw, 1200px\" \/><\/a>\n\t\t\t<\/dt><\/dl><dl class='gallery-item'>\n\t\t\t<dt class='gallery-icon landscape'>\n\t\t\t\t<a href='https:\/\/globalattitude.org.br\/en\/imagem-do-whatsapp-de-2024-12-16-as-14-55-07_38052d67-2\/'><img loading=\"lazy\" decoding=\"async\" width=\"1200\" height=\"903\" src=\"https:\/\/globalattitude.org.br\/wp-content\/uploads\/2024\/12\/Imagem-do-WhatsApp-de-2024-12-16-as-14.55.07_38052d67-1200x903.jpg\" class=\"attachment-full size-full\" alt=\"\" srcset=\"https:\/\/globalattitude.org.br\/wp-content\/uploads\/2024\/12\/Imagem-do-WhatsApp-de-2024-12-16-as-14.55.07_38052d67-1200x903.jpg 1200w, https:\/\/globalattitude.org.br\/wp-content\/uploads\/2024\/12\/Imagem-do-WhatsApp-de-2024-12-16-as-14.55.07_38052d67-300x226.jpg 300w, https:\/\/globalattitude.org.br\/wp-content\/uploads\/2024\/12\/Imagem-do-WhatsApp-de-2024-12-16-as-14.55.07_38052d67-1024x770.jpg 1024w, https:\/\/globalattitude.org.br\/wp-content\/uploads\/2024\/12\/Imagem-do-WhatsApp-de-2024-12-16-as-14.55.07_38052d67-768x578.jpg 768w, https:\/\/globalattitude.org.br\/wp-content\/uploads\/2024\/12\/Imagem-do-WhatsApp-de-2024-12-16-as-14.55.07_38052d67-180x135.jpg 180w, https:\/\/globalattitude.org.br\/wp-content\/uploads\/2024\/12\/Imagem-do-WhatsApp-de-2024-12-16-as-14.55.07_38052d67-239x180.jpg 239w, https:\/\/globalattitude.org.br\/wp-content\/uploads\/2024\/12\/Imagem-do-WhatsApp-de-2024-12-16-as-14.55.07_38052d67.jpg 1280w\" sizes=\"(max-width: 1200px) 100vw, 1200px\" \/><\/a>\n\t\t\t<\/dt><\/dl><dl class='gallery-item'>\n\t\t\t<dt class='gallery-icon landscape'>\n\t\t\t\t<a href='https:\/\/globalattitude.org.br\/en\/capa-11-2\/'><img loading=\"lazy\" decoding=\"async\" width=\"1200\" height=\"540\" src=\"https:\/\/globalattitude.org.br\/wp-content\/uploads\/2024\/12\/capa-6-1200x540.jpg\" class=\"attachment-full size-full\" alt=\"\" srcset=\"https:\/\/globalattitude.org.br\/wp-content\/uploads\/2024\/12\/capa-6-1200x540.jpg 1200w, https:\/\/globalattitude.org.br\/wp-content\/uploads\/2024\/12\/capa-6-300x135.jpg 300w, https:\/\/globalattitude.org.br\/wp-content\/uploads\/2024\/12\/capa-6-1024x461.jpg 1024w, https:\/\/globalattitude.org.br\/wp-content\/uploads\/2024\/12\/capa-6-768x346.jpg 768w, https:\/\/globalattitude.org.br\/wp-content\/uploads\/2024\/12\/capa-6-1536x691.jpg 1536w, https:\/\/globalattitude.org.br\/wp-content\/uploads\/2024\/12\/capa-6-180x81.jpg 180w, https:\/\/globalattitude.org.br\/wp-content\/uploads\/2024\/12\/capa-6-400x180.jpg 400w, https:\/\/globalattitude.org.br\/wp-content\/uploads\/2024\/12\/capa-6.jpg 1600w\" sizes=\"(max-width: 1200px) 100vw, 1200px\" \/><\/a>\n\t\t\t<\/dt><\/dl><br style=\"clear: both\" \/><dl class='gallery-item'>\n\t\t\t<dt class='gallery-icon landscape'>\n\t\t\t\t<a href='https:\/\/globalattitude.org.br\/en\/imagem-do-whatsapp-de-2024-12-16-as-14-55-04_a0d58f79-2\/'><img loading=\"lazy\" decoding=\"async\" width=\"1200\" height=\"540\" src=\"https:\/\/globalattitude.org.br\/wp-content\/uploads\/2024\/12\/Imagem-do-WhatsApp-de-2024-12-16-as-14.55.04_a0d58f79-1200x540.jpg\" class=\"attachment-full size-full\" alt=\"\" srcset=\"https:\/\/globalattitude.org.br\/wp-content\/uploads\/2024\/12\/Imagem-do-WhatsApp-de-2024-12-16-as-14.55.04_a0d58f79-1200x540.jpg 1200w, https:\/\/globalattitude.org.br\/wp-content\/uploads\/2024\/12\/Imagem-do-WhatsApp-de-2024-12-16-as-14.55.04_a0d58f79-300x135.jpg 300w, https:\/\/globalattitude.org.br\/wp-content\/uploads\/2024\/12\/Imagem-do-WhatsApp-de-2024-12-16-as-14.55.04_a0d58f79-1024x461.jpg 1024w, https:\/\/globalattitude.org.br\/wp-content\/uploads\/2024\/12\/Imagem-do-WhatsApp-de-2024-12-16-as-14.55.04_a0d58f79-768x346.jpg 768w, https:\/\/globalattitude.org.br\/wp-content\/uploads\/2024\/12\/Imagem-do-WhatsApp-de-2024-12-16-as-14.55.04_a0d58f79-1536x691.jpg 1536w, https:\/\/globalattitude.org.br\/wp-content\/uploads\/2024\/12\/Imagem-do-WhatsApp-de-2024-12-16-as-14.55.04_a0d58f79-180x81.jpg 180w, https:\/\/globalattitude.org.br\/wp-content\/uploads\/2024\/12\/Imagem-do-WhatsApp-de-2024-12-16-as-14.55.04_a0d58f79-400x180.jpg 400w, https:\/\/globalattitude.org.br\/wp-content\/uploads\/2024\/12\/Imagem-do-WhatsApp-de-2024-12-16-as-14.55.04_a0d58f79.jpg 1600w\" sizes=\"(max-width: 1200px) 100vw, 1200px\" \/><\/a>\n\t\t\t<\/dt><\/dl>\n\t\t\t<br style='clear: both' \/>\n\t\t<\/div>\n\n","protected":false},"excerpt":{"rendered":"<p>A solenidade comemora a finaliza\u00e7\u00e3o de mais uma etapa na vida acad\u00eamica de jovens, al\u00e9m da parceria de sucesso estabelecida entre o Instituto Global Attitude e o deputado federal Kiko Celeguim (PT). Por Braiam Resende, IGA S\u00e3o Paulo \u2014 S\u00e3o Paulo 16\/12\/2024 12h11 Atualizado h\u00e1 12 minutos O Centro de Integra\u00e7\u00e3o da Cidadania (CIC), em [&hellip;]<\/p>\n","protected":false},"author":4,"featured_media":0,"comment_status":"open","ping_status":"open","sticky":false,"template":"","format":"standard","meta":{"_acf_changed":false,"om_disable_all_campaigns":false,"_monsterinsights_skip_tracking":false,"_uf_show_specific_survey":0,"_uf_disable_surveys":false,"footnotes":""},"categories":[360],"tags":[606],"class_list":["post-10886","post","type-post","status-publish","format-standard","hentry","category-noticias","tag-alunos-do-escola-de-lideres-do-grajau-na-zona-sul-de-sp-celebram-conclusao-de-curso-em-cerimonia-especial"],"acf":[],"aioseo_notices":[],"aioseo_head":"\n\t\t<!-- All in One SEO 5.0.1.1 - aioseo.com -->\n\t<meta name=\"description\" content=\"A solenidade comemora a finaliza\u00e7\u00e3o de mais uma etapa na vida acad\u00eamica de jovens, al\u00e9m da parceria de sucesso estabelecida entre o Instituto Global Attitude e o deputado federal Kiko Celeguim (PT). Por Braiam Resende, IGA S\u00e3o Paulo \u2014 S\u00e3o Paulo 16\/12\/2024 12h11 Atualizado h\u00e1 12 minutos O Centro de Integra\u00e7\u00e3o da Cidadania (CIC), em\" \/>\n\t<meta name=\"robots\" content=\"max-image-preview:large\" \/>\n\t<meta name=\"author\" content=\"comunicacao\"\/>\n\t<link rel=\"canonical\" href=\"https:\/\/globalattitude.org.br\/en\/alunos-do-projeto-escola-de-lideres-do-grajau-na-zona-sul-de-sp-celebram-conclusao-de-curso-em-cerimonia-especial\/\" \/>\n\t<meta name=\"generator\" content=\"All in One SEO (AIOSEO) 5.0.1.1\" \/>\n\t\t<meta property=\"og:locale\" content=\"en_US\" \/>\n\t\t<meta property=\"og:site_name\" content=\"Instituto Global Attitude -\" \/>\n\t\t<meta property=\"og:type\" content=\"article\" \/>\n\t\t<meta property=\"og:title\" content=\"Alunos do F\u00e1brica Criativa do Graja\u00fa, na Zona Sul de SP, celebram conclus\u00e3o de curso em cerim\u00f4nia especial - Instituto Global Attitude\" \/>\n\t\t<meta property=\"og:description\" content=\"A solenidade comemora a finaliza\u00e7\u00e3o de mais uma etapa na vida acad\u00eamica de jovens, al\u00e9m da parceria de sucesso estabelecida entre o Instituto Global Attitude e o deputado federal Kiko Celeguim (PT). Por Braiam Resende, IGA S\u00e3o Paulo \u2014 S\u00e3o Paulo 16\/12\/2024 12h11 Atualizado h\u00e1 12 minutos O Centro de Integra\u00e7\u00e3o da Cidadania (CIC), em\" \/>\n\t\t<meta property=\"og:url\" content=\"https:\/\/globalattitude.org.br\/en\/alunos-do-projeto-escola-de-lideres-do-grajau-na-zona-sul-de-sp-celebram-conclusao-de-curso-em-cerimonia-especial\/\" \/>\n\t\t<meta property=\"article:published_time\" content=\"2024-12-16T18:01:50+00:00\" \/>\n\t\t<meta property=\"article:modified_time\" content=\"2024-12-17T16:29:39+00:00\" \/>\n\t\t<meta name=\"twitter:card\" content=\"summary_large_image\" \/>\n\t\t<meta name=\"twitter:title\" content=\"Alunos do F\u00e1brica Criativa do Graja\u00fa, na Zona Sul de SP, celebram conclus\u00e3o de curso em cerim\u00f4nia especial - Instituto Global Attitude\" \/>\n\t\t<meta name=\"twitter:description\" content=\"A solenidade comemora a finaliza\u00e7\u00e3o de mais uma etapa na vida acad\u00eamica de jovens, al\u00e9m da parceria de sucesso estabelecida entre o Instituto Global Attitude e o deputado federal Kiko Celeguim (PT). Por Braiam Resende, IGA S\u00e3o Paulo \u2014 S\u00e3o Paulo 16\/12\/2024 12h11 Atualizado h\u00e1 12 minutos O Centro de Integra\u00e7\u00e3o da Cidadania (CIC), em\" \/>\n\t\t<script type=\"application\/ld+json\" class=\"aioseo-schema\">\n\t\t\t{\"@context\":\"https:\\\/\\\/schema.org\",\"@graph\":[{\"@type\":\"BlogPosting\",\"@id\":\"https:\\\/\\\/globalattitude.org.br\\\/en\\\/alunos-do-projeto-escola-de-lideres-do-grajau-na-zona-sul-de-sp-celebram-conclusao-de-curso-em-cerimonia-especial\\\/#blogposting\",\"name\":\"Alunos do F\\u00e1brica Criativa do Graja\\u00fa, na Zona Sul de SP, celebram conclus\\u00e3o de curso em cerim\\u00f4nia especial - Instituto Global Attitude\",\"headline\":\"Alunos do F\\u00e1brica Criativa do Graja\\u00fa, na Zona Sul de SP, celebram conclus\\u00e3o de curso em cerim\\u00f4nia especial\",\"author\":{\"@id\":\"https:\\\/\\\/globalattitude.org.br\\\/en\\\/author\\\/comunicacao\\\/#author\"},\"publisher\":{\"@id\":\"https:\\\/\\\/globalattitude.org.br\\\/en\\\/#organization\"},\"datePublished\":\"2024-12-16T15:01:50-03:00\",\"dateModified\":\"2024-12-17T13:29:39-03:00\",\"inLanguage\":\"en-US\",\"mainEntityOfPage\":{\"@id\":\"https:\\\/\\\/globalattitude.org.br\\\/en\\\/alunos-do-projeto-escola-de-lideres-do-grajau-na-zona-sul-de-sp-celebram-conclusao-de-curso-em-cerimonia-especial\\\/#webpage\"},\"isPartOf\":{\"@id\":\"https:\\\/\\\/globalattitude.org.br\\\/en\\\/alunos-do-projeto-escola-de-lideres-do-grajau-na-zona-sul-de-sp-celebram-conclusao-de-curso-em-cerimonia-especial\\\/#webpage\"},\"articleSection\":\"Not\\u00edcias, Alunos do Escola de L\\u00edderes do Graja\\u00fa na Zona Sul de SP celebram conclus\\u00e3o de curso em cerim\\u00f4nia especial, Opcional\"},{\"@type\":\"BreadcrumbList\",\"@id\":\"https:\\\/\\\/globalattitude.org.br\\\/en\\\/alunos-do-projeto-escola-de-lideres-do-grajau-na-zona-sul-de-sp-celebram-conclusao-de-curso-em-cerimonia-especial\\\/#breadcrumblist\",\"itemListElement\":[{\"@type\":\"ListItem\",\"@id\":\"https:\\\/\\\/globalattitude.org.br\\\/en\\\/#listItem\",\"position\":1,\"name\":\"Home\",\"item\":\"https:\\\/\\\/globalattitude.org.br\\\/en\\\/\",\"nextItem\":{\"@type\":\"ListItem\",\"@id\":\"https:\\\/\\\/globalattitude.org.br\\\/category\\\/noticias\\\/#listItem\",\"name\":\"Not\\u00edcias\"}},{\"@type\":\"ListItem\",\"@id\":\"https:\\\/\\\/globalattitude.org.br\\\/category\\\/noticias\\\/#listItem\",\"position\":2,\"name\":\"Not\\u00edcias\",\"item\":\"https:\\\/\\\/globalattitude.org.br\\\/category\\\/noticias\\\/\",\"nextItem\":{\"@type\":\"ListItem\",\"@id\":\"https:\\\/\\\/globalattitude.org.br\\\/en\\\/alunos-do-projeto-escola-de-lideres-do-grajau-na-zona-sul-de-sp-celebram-conclusao-de-curso-em-cerimonia-especial\\\/#listItem\",\"name\":\"Alunos do F\\u00e1brica Criativa do Graja\\u00fa, na Zona Sul de SP, celebram conclus\\u00e3o de curso em cerim\\u00f4nia especial\"},\"previousItem\":{\"@type\":\"ListItem\",\"@id\":\"https:\\\/\\\/globalattitude.org.br\\\/en\\\/#listItem\",\"name\":\"Home\"}},{\"@type\":\"ListItem\",\"@id\":\"https:\\\/\\\/globalattitude.org.br\\\/en\\\/alunos-do-projeto-escola-de-lideres-do-grajau-na-zona-sul-de-sp-celebram-conclusao-de-curso-em-cerimonia-especial\\\/#listItem\",\"position\":3,\"name\":\"Alunos do F\\u00e1brica Criativa do Graja\\u00fa, na Zona Sul de SP, celebram conclus\\u00e3o de curso em cerim\\u00f4nia especial\",\"previousItem\":{\"@type\":\"ListItem\",\"@id\":\"https:\\\/\\\/globalattitude.org.br\\\/category\\\/noticias\\\/#listItem\",\"name\":\"Not\\u00edcias\"}}]},{\"@type\":\"Organization\",\"@id\":\"https:\\\/\\\/globalattitude.org.br\\\/en\\\/#organization\",\"name\":\"Global Attitude\",\"url\":\"https:\\\/\\\/globalattitude.org.br\\\/en\\\/\"},{\"@type\":\"Person\",\"@id\":\"https:\\\/\\\/globalattitude.org.br\\\/en\\\/author\\\/comunicacao\\\/#author\",\"url\":\"https:\\\/\\\/globalattitude.org.br\\\/en\\\/author\\\/comunicacao\\\/\",\"name\":\"comunicacao\",\"image\":{\"@type\":\"ImageObject\",\"@id\":\"https:\\\/\\\/globalattitude.org.br\\\/en\\\/alunos-do-projeto-escola-de-lideres-do-grajau-na-zona-sul-de-sp-celebram-conclusao-de-curso-em-cerimonia-especial\\\/#authorImage\",\"url\":\"https:\\\/\\\/secure.gravatar.com\\\/avatar\\\/a25dbef6d352d1355e632d9629c19165ddb3e176cbcb21ee573e3d96d011d16b?s=96&d=mm&r=g\",\"width\":96,\"height\":96,\"caption\":\"comunicacao\"}},{\"@type\":\"WebPage\",\"@id\":\"https:\\\/\\\/globalattitude.org.br\\\/en\\\/alunos-do-projeto-escola-de-lideres-do-grajau-na-zona-sul-de-sp-celebram-conclusao-de-curso-em-cerimonia-especial\\\/#webpage\",\"url\":\"https:\\\/\\\/globalattitude.org.br\\\/en\\\/alunos-do-projeto-escola-de-lideres-do-grajau-na-zona-sul-de-sp-celebram-conclusao-de-curso-em-cerimonia-especial\\\/\",\"name\":\"Alunos do F\\u00e1brica Criativa do Graja\\u00fa, na Zona Sul de SP, celebram conclus\\u00e3o de curso em cerim\\u00f4nia especial - Instituto Global Attitude\",\"description\":\"A solenidade comemora a finaliza\\u00e7\\u00e3o de mais uma etapa na vida acad\\u00eamica de jovens, al\\u00e9m da parceria de sucesso estabelecida entre o Instituto Global Attitude e o deputado federal Kiko Celeguim (PT). Por Braiam Resende, IGA S\\u00e3o Paulo \\u2014 S\\u00e3o Paulo 16\\\/12\\\/2024 12h11 Atualizado h\\u00e1 12 minutos O Centro de Integra\\u00e7\\u00e3o da Cidadania (CIC), em\",\"inLanguage\":\"en-US\",\"isPartOf\":{\"@id\":\"https:\\\/\\\/globalattitude.org.br\\\/en\\\/#website\"},\"breadcrumb\":{\"@id\":\"https:\\\/\\\/globalattitude.org.br\\\/en\\\/alunos-do-projeto-escola-de-lideres-do-grajau-na-zona-sul-de-sp-celebram-conclusao-de-curso-em-cerimonia-especial\\\/#breadcrumblist\"},\"author\":{\"@id\":\"https:\\\/\\\/globalattitude.org.br\\\/en\\\/author\\\/comunicacao\\\/#author\"},\"creator\":{\"@id\":\"https:\\\/\\\/globalattitude.org.br\\\/en\\\/author\\\/comunicacao\\\/#author\"},\"datePublished\":\"2024-12-16T15:01:50-03:00\",\"dateModified\":\"2024-12-17T13:29:39-03:00\"},{\"@type\":\"WebSite\",\"@id\":\"https:\\\/\\\/globalattitude.org.br\\\/en\\\/#website\",\"url\":\"https:\\\/\\\/globalattitude.org.br\\\/en\\\/\",\"name\":\"Global Attitude\",\"inLanguage\":\"en-US\",\"publisher\":{\"@id\":\"https:\\\/\\\/globalattitude.org.br\\\/en\\\/#organization\"}}]}\n\t\t<\/script>\n\t\t<!-- All in One SEO -->\n\n","aioseo_head_json":{"title":"Alunos do F\u00e1brica Criativa do Graja\u00fa, na Zona Sul de SP, celebram conclus\u00e3o de curso em cerim\u00f4nia especial - Instituto Global Attitude","description":"A solenidade comemora a finaliza\u00e7\u00e3o de mais uma etapa na vida acad\u00eamica de jovens, al\u00e9m da parceria de sucesso estabelecida entre o Instituto Global Attitude e o deputado federal Kiko Celeguim (PT). Por Braiam Resende, IGA S\u00e3o Paulo \u2014 S\u00e3o Paulo 16\/12\/2024 12h11 Atualizado h\u00e1 12 minutos O Centro de Integra\u00e7\u00e3o da Cidadania (CIC), em","canonical_url":"https:\/\/globalattitude.org.br\/en\/alunos-do-projeto-escola-de-lideres-do-grajau-na-zona-sul-de-sp-celebram-conclusao-de-curso-em-cerimonia-especial\/","robots":"max-image-preview:large","keywords":"","webmasterTools":{"miscellaneous":""},"schema":{"@context":"https:\/\/schema.org","@graph":[{"@type":"BlogPosting","@id":"https:\/\/globalattitude.org.br\/en\/alunos-do-projeto-escola-de-lideres-do-grajau-na-zona-sul-de-sp-celebram-conclusao-de-curso-em-cerimonia-especial\/#blogposting","name":"Alunos do F\u00e1brica Criativa do Graja\u00fa, na Zona Sul de SP, celebram conclus\u00e3o de curso em cerim\u00f4nia especial - Instituto Global Attitude","headline":"Alunos do F\u00e1brica Criativa do Graja\u00fa, na Zona Sul de SP, celebram conclus\u00e3o de curso em cerim\u00f4nia especial","author":{"@id":"https:\/\/globalattitude.org.br\/en\/author\/comunicacao\/#author"},"publisher":{"@id":"https:\/\/globalattitude.org.br\/en\/#organization"},"datePublished":"2024-12-16T15:01:50-03:00","dateModified":"2024-12-17T13:29:39-03:00","inLanguage":"en-US","mainEntityOfPage":{"@id":"https:\/\/globalattitude.org.br\/en\/alunos-do-projeto-escola-de-lideres-do-grajau-na-zona-sul-de-sp-celebram-conclusao-de-curso-em-cerimonia-especial\/#webpage"},"isPartOf":{"@id":"https:\/\/globalattitude.org.br\/en\/alunos-do-projeto-escola-de-lideres-do-grajau-na-zona-sul-de-sp-celebram-conclusao-de-curso-em-cerimonia-especial\/#webpage"},"articleSection":"Not\u00edcias, Alunos do Escola de L\u00edderes do Graja\u00fa na Zona Sul de SP celebram conclus\u00e3o de curso em cerim\u00f4nia especial, Opcional"},{"@type":"BreadcrumbList","@id":"https:\/\/globalattitude.org.br\/en\/alunos-do-projeto-escola-de-lideres-do-grajau-na-zona-sul-de-sp-celebram-conclusao-de-curso-em-cerimonia-especial\/#breadcrumblist","itemListElement":[{"@type":"ListItem","@id":"https:\/\/globalattitude.org.br\/en\/#listItem","position":1,"name":"Home","item":"https:\/\/globalattitude.org.br\/en\/","nextItem":{"@type":"ListItem","@id":"https:\/\/globalattitude.org.br\/category\/noticias\/#listItem","name":"Not\u00edcias"}},{"@type":"ListItem","@id":"https:\/\/globalattitude.org.br\/category\/noticias\/#listItem","position":2,"name":"Not\u00edcias","item":"https:\/\/globalattitude.org.br\/category\/noticias\/","nextItem":{"@type":"ListItem","@id":"https:\/\/globalattitude.org.br\/en\/alunos-do-projeto-escola-de-lideres-do-grajau-na-zona-sul-de-sp-celebram-conclusao-de-curso-em-cerimonia-especial\/#listItem","name":"Alunos do F\u00e1brica Criativa do Graja\u00fa, na Zona Sul de SP, celebram conclus\u00e3o de curso em cerim\u00f4nia especial"},"previousItem":{"@type":"ListItem","@id":"https:\/\/globalattitude.org.br\/en\/#listItem","name":"Home"}},{"@type":"ListItem","@id":"https:\/\/globalattitude.org.br\/en\/alunos-do-projeto-escola-de-lideres-do-grajau-na-zona-sul-de-sp-celebram-conclusao-de-curso-em-cerimonia-especial\/#listItem","position":3,"name":"Alunos do F\u00e1brica Criativa do Graja\u00fa, na Zona Sul de SP, celebram conclus\u00e3o de curso em cerim\u00f4nia especial","previousItem":{"@type":"ListItem","@id":"https:\/\/globalattitude.org.br\/category\/noticias\/#listItem","name":"Not\u00edcias"}}]},{"@type":"Organization","@id":"https:\/\/globalattitude.org.br\/en\/#organization","name":"Global Attitude","url":"https:\/\/globalattitude.org.br\/en\/"},{"@type":"Person","@id":"https:\/\/globalattitude.org.br\/en\/author\/comunicacao\/#author","url":"https:\/\/globalattitude.org.br\/en\/author\/comunicacao\/","name":"comunicacao","image":{"@type":"ImageObject","@id":"https:\/\/globalattitude.org.br\/en\/alunos-do-projeto-escola-de-lideres-do-grajau-na-zona-sul-de-sp-celebram-conclusao-de-curso-em-cerimonia-especial\/#authorImage","url":"https:\/\/secure.gravatar.com\/avatar\/a25dbef6d352d1355e632d9629c19165ddb3e176cbcb21ee573e3d96d011d16b?s=96&d=mm&r=g","width":96,"height":96,"caption":"comunicacao"}},{"@type":"WebPage","@id":"https:\/\/globalattitude.org.br\/en\/alunos-do-projeto-escola-de-lideres-do-grajau-na-zona-sul-de-sp-celebram-conclusao-de-curso-em-cerimonia-especial\/#webpage","url":"https:\/\/globalattitude.org.br\/en\/alunos-do-projeto-escola-de-lideres-do-grajau-na-zona-sul-de-sp-celebram-conclusao-de-curso-em-cerimonia-especial\/","name":"Alunos do F\u00e1brica Criativa do Graja\u00fa, na Zona Sul de SP, celebram conclus\u00e3o de curso em cerim\u00f4nia especial - Instituto Global Attitude","description":"A solenidade comemora a finaliza\u00e7\u00e3o de mais uma etapa na vida acad\u00eamica de jovens, al\u00e9m da parceria de sucesso estabelecida entre o Instituto Global Attitude e o deputado federal Kiko Celeguim (PT). Por Braiam Resende, IGA S\u00e3o Paulo \u2014 S\u00e3o Paulo 16\/12\/2024 12h11 Atualizado h\u00e1 12 minutos O Centro de Integra\u00e7\u00e3o da Cidadania (CIC), em","inLanguage":"en-US","isPartOf":{"@id":"https:\/\/globalattitude.org.br\/en\/#website"},"breadcrumb":{"@id":"https:\/\/globalattitude.org.br\/en\/alunos-do-projeto-escola-de-lideres-do-grajau-na-zona-sul-de-sp-celebram-conclusao-de-curso-em-cerimonia-especial\/#breadcrumblist"},"author":{"@id":"https:\/\/globalattitude.org.br\/en\/author\/comunicacao\/#author"},"creator":{"@id":"https:\/\/globalattitude.org.br\/en\/author\/comunicacao\/#author"},"datePublished":"2024-12-16T15:01:50-03:00","dateModified":"2024-12-17T13:29:39-03:00"},{"@type":"WebSite","@id":"https:\/\/globalattitude.org.br\/en\/#website","url":"https:\/\/globalattitude.org.br\/en\/","name":"Global Attitude","inLanguage":"en-US","publisher":{"@id":"https:\/\/globalattitude.org.br\/en\/#organization"}}]},"og:locale":"en_US","og:site_name":"Instituto Global Attitude -","og:type":"article","og:title":"Alunos do F\u00e1brica Criativa do Graja\u00fa, na Zona Sul de SP, celebram conclus\u00e3o de curso em cerim\u00f4nia especial - Instituto Global Attitude","og:description":"A solenidade comemora a finaliza\u00e7\u00e3o de mais uma etapa na vida acad\u00eamica de jovens, al\u00e9m da parceria de sucesso estabelecida entre o Instituto Global Attitude e o deputado federal Kiko Celeguim (PT). Por Braiam Resende, IGA S\u00e3o Paulo \u2014 S\u00e3o Paulo 16\/12\/2024 12h11 Atualizado h\u00e1 12 minutos O Centro de Integra\u00e7\u00e3o da Cidadania (CIC), em","og:url":"https:\/\/globalattitude.org.br\/en\/alunos-do-projeto-escola-de-lideres-do-grajau-na-zona-sul-de-sp-celebram-conclusao-de-curso-em-cerimonia-especial\/","article:published_time":"2024-12-16T18:01:50+00:00","article:modified_time":"2024-12-17T16:29:39+00:00","twitter:card":"summary_large_image","twitter:title":"Alunos do F\u00e1brica Criativa do Graja\u00fa, na Zona Sul de SP, celebram conclus\u00e3o de curso em cerim\u00f4nia especial - Instituto Global Attitude","twitter:description":"A solenidade comemora a finaliza\u00e7\u00e3o de mais uma etapa na vida acad\u00eamica de jovens, al\u00e9m da parceria de sucesso estabelecida entre o Instituto Global Attitude e o deputado federal Kiko Celeguim (PT). Por Braiam Resende, IGA S\u00e3o Paulo \u2014 S\u00e3o Paulo 16\/12\/2024 12h11 Atualizado h\u00e1 12 minutos O Centro de Integra\u00e7\u00e3o da Cidadania (CIC), em"},"aioseo_meta_data":{"post_id":"10886","title":null,"description":null,"keywords":null,"keyphrases":{"focus":{"keyphrase":"","score":0,"analysis":{"keyphraseInTitle":{"score":0,"maxScore":9,"error":1}}},"additional":[]},"primary_term":null,"canonical_url":null,"og_title":null,"og_description":null,"og_object_type":"default","og_image_type":"default","og_image_url":null,"og_image_width":null,"og_image_height":null,"og_image_custom_url":null,"og_image_custom_fields":null,"og_video":"","og_custom_url":null,"og_article_section":null,"og_article_tags":null,"twitter_use_og":false,"twitter_card":"default","twitter_image_type":"default","twitter_image_url":null,"twitter_image_custom_url":null,"twitter_image_custom_fields":null,"twitter_title":null,"twitter_description":null,"schema":{"blockGraphs":[],"customGraphs":[],"default":{"data":{"Article":[],"Course":[],"Dataset":[],"FAQPage":[],"Movie":[],"Person":[],"Product":[],"ProductReview":[],"Car":[],"Recipe":[],"Service":[],"SoftwareApplication":[],"WebPage":[]},"graphName":"BlogPosting","isEnabled":true},"graphs":[]},"schema_type":"default","schema_type_options":null,"pillar_content":false,"robots_default":true,"robots_noindex":false,"robots_noarchive":false,"robots_nosnippet":false,"robots_nofollow":false,"robots_noimageindex":false,"robots_noodp":false,"robots_notranslate":false,"robots_max_snippet":"-1","robots_max_videopreview":"-1","robots_max_imagepreview":"large","priority":null,"frequency":"default","local_seo":null,"breadcrumb_settings":null,"limit_modified_date":false,"ai":null,"created":"2024-12-16 16:50:49","updated":"2025-06-05 02:47:44","seo_analyzer_scan_date":null,"focus_keyword":null,"additional_keywords":null,"truseo_locale":null},"aioseo_breadcrumb":"<div class=\"aioseo-breadcrumbs\"><span class=\"aioseo-breadcrumb\">\n\t\t\t<a href=\"https:\/\/globalattitude.org.br\/en\/\" title=\"Home\">Home<\/a>\n\t\t<\/span><span class=\"aioseo-breadcrumb-separator\">&raquo;<\/span><span class=\"aioseo-breadcrumb\">\n\t\t\t<a href=\"https:\/\/globalattitude.org.br\/category\/noticias\/\" title=\"Not\u00edcias\">Not\u00edcias<\/a>\n\t\t<\/span><span class=\"aioseo-breadcrumb-separator\">&raquo;<\/span><span class=\"aioseo-breadcrumb\">\n\t\t\tAlunos do F\u00e1brica Criativa do Graja\u00fa, na Zona Sul de SP, celebram conclus\u00e3o de curso em cerim\u00f4nia especial\n\t\t<\/span><\/div>","aioseo_breadcrumb_json":[{"label":"Home","link":"https:\/\/globalattitude.org.br\/en\/"},{"label":"Not\u00edcias","link":"https:\/\/globalattitude.org.br\/category\/noticias\/"},{"label":"Alunos do F\u00e1brica Criativa do Graja\u00fa, na Zona Sul de SP, celebram conclus\u00e3o de curso em cerim\u00f4nia especial","link":"https:\/\/globalattitude.org.br\/en\/alunos-do-projeto-escola-de-lideres-do-grajau-na-zona-sul-de-sp-celebram-conclusao-de-curso-em-cerimonia-especial\/"}],"yoast_head":"<!-- This site is optimized with the Yoast SEO plugin v28.4 - https:\/\/yoast.com\/product\/yoast-seo-wordpress\/ -->\n<title>Alunos do F\u00e1brica Criativa do Graja\u00fa, na Zona Sul de SP, celebram conclus\u00e3o de curso em cerim\u00f4nia especial - Instituto Global Attitude<\/title>\n<meta name=\"robots\" content=\"index, follow, max-snippet:-1, max-image-preview:large, max-video-preview:-1\" \/>\n<link rel=\"canonical\" href=\"https:\/\/globalattitude.org.br\/alunos-do-projeto-escola-de-lideres-do-grajau-na-zona-sul-de-sp-celebram-conclusao-de-curso-em-cerimonia-especial\/\" \/>\n<meta property=\"og:locale\" content=\"en_US\" \/>\n<meta property=\"og:type\" content=\"article\" \/>\n<meta property=\"og:title\" content=\"Alunos do F\u00e1brica Criativa do Graja\u00fa, na Zona Sul de SP, celebram conclus\u00e3o de curso em cerim\u00f4nia especial - Instituto Global Attitude\" \/>\n<meta property=\"og:description\" content=\"A solenidade comemora a finaliza\u00e7\u00e3o de mais uma etapa na vida acad\u00eamica de jovens, al\u00e9m da parceria de sucesso estabelecida entre o Instituto Global Attitude e o deputado federal Kiko Celeguim (PT). Por Braiam Resende, IGA S\u00e3o Paulo \u2014 S\u00e3o Paulo 16\/12\/2024 12h11 Atualizado h\u00e1 12 minutos O Centro de Integra\u00e7\u00e3o da Cidadania (CIC), em [&hellip;]\" \/>\n<meta property=\"og:url\" content=\"https:\/\/globalattitude.org.br\/alunos-do-projeto-escola-de-lideres-do-grajau-na-zona-sul-de-sp-celebram-conclusao-de-curso-em-cerimonia-especial\/\" \/>\n<meta property=\"og:site_name\" content=\"Instituto Global Attitude\" \/>\n<meta property=\"article:publisher\" content=\"https:\/\/www.facebook.com\/global.attitude.org\/\" \/>\n<meta property=\"article:published_time\" content=\"2024-12-16T18:01:50+00:00\" \/>\n<meta property=\"article:modified_time\" content=\"2024-12-17T16:29:39+00:00\" \/>\n<meta property=\"og:image\" content=\"https:\/\/globalattitude.org.br\/wp-content\/uploads\/2024\/12\/Imagem-do-WhatsApp-de-2024-12-16-as-14.55.05_ad8d714b-1200x903.jpg\" \/>\n<meta name=\"author\" content=\"comunicacao\" \/>\n<meta name=\"twitter:card\" content=\"summary_large_image\" \/>\n<meta name=\"twitter:creator\" content=\"@global_attitude\" \/>\n<meta name=\"twitter:site\" content=\"@global_attitude\" \/>\n<meta name=\"twitter:label1\" content=\"Written by\" \/>\n\t<meta name=\"twitter:data1\" content=\"comunicacao\" \/>\n\t<meta name=\"twitter:label2\" content=\"Est. reading time\" \/>\n\t<meta name=\"twitter:data2\" content=\"2 minutes\" \/>\n<script type=\"application\/ld+json\" class=\"yoast-schema-graph\">{\"@context\":\"https:\\\/\\\/schema.org\",\"@graph\":[{\"@type\":[\"Article\",\"BlogPosting\"],\"@id\":\"https:\\\/\\\/globalattitude.org.br\\\/alunos-do-projeto-escola-de-lideres-do-grajau-na-zona-sul-de-sp-celebram-conclusao-de-curso-em-cerimonia-especial\\\/#article\",\"isPartOf\":{\"@id\":\"https:\\\/\\\/globalattitude.org.br\\\/alunos-do-projeto-escola-de-lideres-do-grajau-na-zona-sul-de-sp-celebram-conclusao-de-curso-em-cerimonia-especial\\\/\"},\"author\":{\"name\":\"comunicacao\",\"@id\":\"https:\\\/\\\/globalattitude.org.br\\\/#\\\/schema\\\/person\\\/d2d0edb26129b7407b05aa493af63725\"},\"headline\":\"Alunos do F\u00e1brica Criativa do Graja\u00fa, na Zona Sul de SP, celebram conclus\u00e3o de curso em cerim\u00f4nia especial\",\"datePublished\":\"2024-12-16T18:01:50+00:00\",\"dateModified\":\"2024-12-17T16:29:39+00:00\",\"mainEntityOfPage\":{\"@id\":\"https:\\\/\\\/globalattitude.org.br\\\/alunos-do-projeto-escola-de-lideres-do-grajau-na-zona-sul-de-sp-celebram-conclusao-de-curso-em-cerimonia-especial\\\/\"},\"wordCount\":334,\"commentCount\":0,\"publisher\":{\"@id\":\"https:\\\/\\\/globalattitude.org.br\\\/#organization\"},\"keywords\":[\"Alunos do Escola de L\u00edderes do Graja\u00fa na Zona Sul de SP celebram conclus\u00e3o de curso em cerim\u00f4nia especial\"],\"articleSection\":[\"Not\u00edcias\"],\"inLanguage\":\"en-US\",\"potentialAction\":[{\"@type\":\"CommentAction\",\"name\":\"Comment\",\"target\":[\"https:\\\/\\\/globalattitude.org.br\\\/alunos-do-projeto-escola-de-lideres-do-grajau-na-zona-sul-de-sp-celebram-conclusao-de-curso-em-cerimonia-especial\\\/#respond\"]}]},{\"@type\":\"WebPage\",\"@id\":\"https:\\\/\\\/globalattitude.org.br\\\/alunos-do-projeto-escola-de-lideres-do-grajau-na-zona-sul-de-sp-celebram-conclusao-de-curso-em-cerimonia-especial\\\/\",\"url\":\"https:\\\/\\\/globalattitude.org.br\\\/alunos-do-projeto-escola-de-lideres-do-grajau-na-zona-sul-de-sp-celebram-conclusao-de-curso-em-cerimonia-especial\\\/\",\"name\":\"Alunos do F\u00e1brica Criativa do Graja\u00fa, na Zona Sul de SP, celebram conclus\u00e3o de curso em cerim\u00f4nia especial - Instituto Global Attitude\",\"isPartOf\":{\"@id\":\"https:\\\/\\\/globalattitude.org.br\\\/#website\"},\"datePublished\":\"2024-12-16T18:01:50+00:00\",\"dateModified\":\"2024-12-17T16:29:39+00:00\",\"breadcrumb\":{\"@id\":\"https:\\\/\\\/globalattitude.org.br\\\/alunos-do-projeto-escola-de-lideres-do-grajau-na-zona-sul-de-sp-celebram-conclusao-de-curso-em-cerimonia-especial\\\/#breadcrumb\"},\"inLanguage\":\"en-US\",\"potentialAction\":[{\"@type\":\"ReadAction\",\"target\":[\"https:\\\/\\\/globalattitude.org.br\\\/alunos-do-projeto-escola-de-lideres-do-grajau-na-zona-sul-de-sp-celebram-conclusao-de-curso-em-cerimonia-especial\\\/\"]}]},{\"@type\":\"BreadcrumbList\",\"@id\":\"https:\\\/\\\/globalattitude.org.br\\\/alunos-do-projeto-escola-de-lideres-do-grajau-na-zona-sul-de-sp-celebram-conclusao-de-curso-em-cerimonia-especial\\\/#breadcrumb\",\"itemListElement\":[{\"@type\":\"ListItem\",\"position\":1,\"name\":\"In\u00edcio\",\"item\":\"http:\\\/\\\/globalattitude.org.br\\\/en\\\/\"},{\"@type\":\"ListItem\",\"position\":2,\"name\":\"Alunos do F\u00e1brica Criativa do Graja\u00fa, na Zona Sul de SP, celebram conclus\u00e3o de curso em cerim\u00f4nia especial\"}]},{\"@type\":\"WebSite\",\"@id\":\"https:\\\/\\\/globalattitude.org.br\\\/#website\",\"url\":\"https:\\\/\\\/globalattitude.org.br\\\/\",\"name\":\"Instituto Global Attitude\",\"description\":\"\",\"publisher\":{\"@id\":\"https:\\\/\\\/globalattitude.org.br\\\/#organization\"},\"potentialAction\":[{\"@type\":\"SearchAction\",\"target\":{\"@type\":\"EntryPoint\",\"urlTemplate\":\"https:\\\/\\\/globalattitude.org.br\\\/?s={search_term_string}\"},\"query-input\":{\"@type\":\"PropertyValueSpecification\",\"valueRequired\":true,\"valueName\":\"search_term_string\"}}],\"inLanguage\":\"en-US\"},{\"@type\":\"Organization\",\"@id\":\"https:\\\/\\\/globalattitude.org.br\\\/#organization\",\"name\":\"Instituto Global Attitude\",\"url\":\"https:\\\/\\\/globalattitude.org.br\\\/\",\"logo\":{\"@type\":\"ImageObject\",\"inLanguage\":\"en-US\",\"@id\":\"https:\\\/\\\/globalattitude.org.br\\\/#\\\/schema\\\/logo\\\/image\\\/\",\"url\":\"https:\\\/\\\/globalattitude.org.br\\\/wp-content\\\/uploads\\\/2023\\\/01\\\/instituto-global-attitude-color.png\",\"contentUrl\":\"https:\\\/\\\/globalattitude.org.br\\\/wp-content\\\/uploads\\\/2023\\\/01\\\/instituto-global-attitude-color.png\",\"width\":300,\"height\":131,\"caption\":\"Instituto Global Attitude\"},\"image\":{\"@id\":\"https:\\\/\\\/globalattitude.org.br\\\/#\\\/schema\\\/logo\\\/image\\\/\"},\"sameAs\":[\"https:\\\/\\\/www.facebook.com\\\/global.attitude.org\\\/\",\"https:\\\/\\\/x.com\\\/global_attitude\",\"https:\\\/\\\/www.instagram.com\\\/globalattitude\",\"https:\\\/\\\/www.linkedin.com\\\/company\\\/global-attitude\\\/?viewAsMember=true\"]},{\"@type\":\"Person\",\"@id\":\"https:\\\/\\\/globalattitude.org.br\\\/#\\\/schema\\\/person\\\/d2d0edb26129b7407b05aa493af63725\",\"name\":\"comunicacao\",\"image\":{\"@type\":\"ImageObject\",\"inLanguage\":\"en-US\",\"@id\":\"https:\\\/\\\/secure.gravatar.com\\\/avatar\\\/a25dbef6d352d1355e632d9629c19165ddb3e176cbcb21ee573e3d96d011d16b?s=96&d=mm&r=g\",\"url\":\"https:\\\/\\\/secure.gravatar.com\\\/avatar\\\/a25dbef6d352d1355e632d9629c19165ddb3e176cbcb21ee573e3d96d011d16b?s=96&d=mm&r=g\",\"contentUrl\":\"https:\\\/\\\/secure.gravatar.com\\\/avatar\\\/a25dbef6d352d1355e632d9629c19165ddb3e176cbcb21ee573e3d96d011d16b?s=96&d=mm&r=g\",\"caption\":\"comunicacao\"},\"url\":\"https:\\\/\\\/globalattitude.org.br\\\/en\\\/author\\\/comunicacao\\\/\"}]}<\/script>\n<!-- \/ Yoast SEO plugin. -->","yoast_head_json":{"title":"Alunos do F\u00e1brica Criativa do Graja\u00fa, na Zona Sul de SP, celebram conclus\u00e3o de curso em cerim\u00f4nia especial - Instituto Global Attitude","robots":{"index":"index","follow":"follow","max-snippet":"max-snippet:-1","max-image-preview":"max-image-preview:large","max-video-preview":"max-video-preview:-1"},"canonical":"https:\/\/globalattitude.org.br\/alunos-do-projeto-escola-de-lideres-do-grajau-na-zona-sul-de-sp-celebram-conclusao-de-curso-em-cerimonia-especial\/","og_locale":"en_US","og_type":"article","og_title":"Alunos do F\u00e1brica Criativa do Graja\u00fa, na Zona Sul de SP, celebram conclus\u00e3o de curso em cerim\u00f4nia especial - Instituto Global Attitude","og_description":"A solenidade comemora a finaliza\u00e7\u00e3o de mais uma etapa na vida acad\u00eamica de jovens, al\u00e9m da parceria de sucesso estabelecida entre o Instituto Global Attitude e o deputado federal Kiko Celeguim (PT). Por Braiam Resende, IGA S\u00e3o Paulo \u2014 S\u00e3o Paulo 16\/12\/2024 12h11 Atualizado h\u00e1 12 minutos O Centro de Integra\u00e7\u00e3o da Cidadania (CIC), em [&hellip;]","og_url":"https:\/\/globalattitude.org.br\/alunos-do-projeto-escola-de-lideres-do-grajau-na-zona-sul-de-sp-celebram-conclusao-de-curso-em-cerimonia-especial\/","og_site_name":"Instituto Global Attitude","article_publisher":"https:\/\/www.facebook.com\/global.attitude.org\/","article_published_time":"2024-12-16T18:01:50+00:00","article_modified_time":"2024-12-17T16:29:39+00:00","og_image":[{"url":"https:\/\/globalattitude.org.br\/wp-content\/uploads\/2024\/12\/Imagem-do-WhatsApp-de-2024-12-16-as-14.55.05_ad8d714b-1200x903.jpg","type":"","width":"","height":""}],"author":"comunicacao","twitter_card":"summary_large_image","twitter_creator":"@global_attitude","twitter_site":"@global_attitude","twitter_misc":{"Written by":"comunicacao","Est. reading time":"2 minutes"},"schema":{"@context":"https:\/\/schema.org","@graph":[{"@type":["Article","BlogPosting"],"@id":"https:\/\/globalattitude.org.br\/alunos-do-projeto-escola-de-lideres-do-grajau-na-zona-sul-de-sp-celebram-conclusao-de-curso-em-cerimonia-especial\/#article","isPartOf":{"@id":"https:\/\/globalattitude.org.br\/alunos-do-projeto-escola-de-lideres-do-grajau-na-zona-sul-de-sp-celebram-conclusao-de-curso-em-cerimonia-especial\/"},"author":{"name":"comunicacao","@id":"https:\/\/globalattitude.org.br\/#\/schema\/person\/d2d0edb26129b7407b05aa493af63725"},"headline":"Alunos do F\u00e1brica Criativa do Graja\u00fa, na Zona Sul de SP, celebram conclus\u00e3o de curso em cerim\u00f4nia especial","datePublished":"2024-12-16T18:01:50+00:00","dateModified":"2024-12-17T16:29:39+00:00","mainEntityOfPage":{"@id":"https:\/\/globalattitude.org.br\/alunos-do-projeto-escola-de-lideres-do-grajau-na-zona-sul-de-sp-celebram-conclusao-de-curso-em-cerimonia-especial\/"},"wordCount":334,"commentCount":0,"publisher":{"@id":"https:\/\/globalattitude.org.br\/#organization"},"keywords":["Alunos do Escola de L\u00edderes do Graja\u00fa na Zona Sul de SP celebram conclus\u00e3o de curso em cerim\u00f4nia especial"],"articleSection":["Not\u00edcias"],"inLanguage":"en-US","potentialAction":[{"@type":"CommentAction","name":"Comment","target":["https:\/\/globalattitude.org.br\/alunos-do-projeto-escola-de-lideres-do-grajau-na-zona-sul-de-sp-celebram-conclusao-de-curso-em-cerimonia-especial\/#respond"]}]},{"@type":"WebPage","@id":"https:\/\/globalattitude.org.br\/alunos-do-projeto-escola-de-lideres-do-grajau-na-zona-sul-de-sp-celebram-conclusao-de-curso-em-cerimonia-especial\/","url":"https:\/\/globalattitude.org.br\/alunos-do-projeto-escola-de-lideres-do-grajau-na-zona-sul-de-sp-celebram-conclusao-de-curso-em-cerimonia-especial\/","name":"Alunos do F\u00e1brica Criativa do Graja\u00fa, na Zona Sul de SP, celebram conclus\u00e3o de curso em cerim\u00f4nia especial - Instituto Global Attitude","isPartOf":{"@id":"https:\/\/globalattitude.org.br\/#website"},"datePublished":"2024-12-16T18:01:50+00:00","dateModified":"2024-12-17T16:29:39+00:00","breadcrumb":{"@id":"https:\/\/globalattitude.org.br\/alunos-do-projeto-escola-de-lideres-do-grajau-na-zona-sul-de-sp-celebram-conclusao-de-curso-em-cerimonia-especial\/#breadcrumb"},"inLanguage":"en-US","potentialAction":[{"@type":"ReadAction","target":["https:\/\/globalattitude.org.br\/alunos-do-projeto-escola-de-lideres-do-grajau-na-zona-sul-de-sp-celebram-conclusao-de-curso-em-cerimonia-especial\/"]}]},{"@type":"BreadcrumbList","@id":"https:\/\/globalattitude.org.br\/alunos-do-projeto-escola-de-lideres-do-grajau-na-zona-sul-de-sp-celebram-conclusao-de-curso-em-cerimonia-especial\/#breadcrumb","itemListElement":[{"@type":"ListItem","position":1,"name":"In\u00edcio","item":"http:\/\/globalattitude.org.br\/en\/"},{"@type":"ListItem","position":2,"name":"Alunos do F\u00e1brica Criativa do Graja\u00fa, na Zona Sul de SP, celebram conclus\u00e3o de curso em cerim\u00f4nia especial"}]},{"@type":"WebSite","@id":"https:\/\/globalattitude.org.br\/#website","url":"https:\/\/globalattitude.org.br\/","name":"Instituto Global Attitude","description":"","publisher":{"@id":"https:\/\/globalattitude.org.br\/#organization"},"potentialAction":[{"@type":"SearchAction","target":{"@type":"EntryPoint","urlTemplate":"https:\/\/globalattitude.org.br\/?s={search_term_string}"},"query-input":{"@type":"PropertyValueSpecification","valueRequired":true,"valueName":"search_term_string"}}],"inLanguage":"en-US"},{"@type":"Organization","@id":"https:\/\/globalattitude.org.br\/#organization","name":"Instituto Global Attitude","url":"https:\/\/globalattitude.org.br\/","logo":{"@type":"ImageObject","inLanguage":"en-US","@id":"https:\/\/globalattitude.org.br\/#\/schema\/logo\/image\/","url":"https:\/\/globalattitude.org.br\/wp-content\/uploads\/2023\/01\/instituto-global-attitude-color.png","contentUrl":"https:\/\/globalattitude.org.br\/wp-content\/uploads\/2023\/01\/instituto-global-attitude-color.png","width":300,"height":131,"caption":"Instituto Global Attitude"},"image":{"@id":"https:\/\/globalattitude.org.br\/#\/schema\/logo\/image\/"},"sameAs":["https:\/\/www.facebook.com\/global.attitude.org\/","https:\/\/x.com\/global_attitude","https:\/\/www.instagram.com\/globalattitude","https:\/\/www.linkedin.com\/company\/global-attitude\/?viewAsMember=true"]},{"@type":"Person","@id":"https:\/\/globalattitude.org.br\/#\/schema\/person\/d2d0edb26129b7407b05aa493af63725","name":"comunicacao","image":{"@type":"ImageObject","inLanguage":"en-US","@id":"https:\/\/secure.gravatar.com\/avatar\/a25dbef6d352d1355e632d9629c19165ddb3e176cbcb21ee573e3d96d011d16b?s=96&d=mm&r=g","url":"https:\/\/secure.gravatar.com\/avatar\/a25dbef6d352d1355e632d9629c19165ddb3e176cbcb21ee573e3d96d011d16b?s=96&d=mm&r=g","contentUrl":"https:\/\/secure.gravatar.com\/avatar\/a25dbef6d352d1355e632d9629c19165ddb3e176cbcb21ee573e3d96d011d16b?s=96&d=mm&r=g","caption":"comunicacao"},"url":"https:\/\/globalattitude.org.br\/en\/author\/comunicacao\/"}]}},"_links":{"self":[{"href":"https:\/\/globalattitude.org.br\/en\/wp-json\/wp\/v2\/posts\/10886","targetHints":{"allow":["GET"]}}],"collection":[{"href":"https:\/\/globalattitude.org.br\/en\/wp-json\/wp\/v2\/posts"}],"about":[{"href":"https:\/\/globalattitude.org.br\/en\/wp-json\/wp\/v2\/types\/post"}],"author":[{"embeddable":true,"href":"https:\/\/globalattitude.org.br\/en\/wp-json\/wp\/v2\/users\/4"}],"replies":[{"embeddable":true,"href":"https:\/\/globalattitude.org.br\/en\/wp-json\/wp\/v2\/comments?post=10886"}],"version-history":[{"count":7,"href":"https:\/\/globalattitude.org.br\/en\/wp-json\/wp\/v2\/posts\/10886\/revisions"}],"predecessor-version":[{"id":10970,"href":"https:\/\/globalattitude.org.br\/en\/wp-json\/wp\/v2\/posts\/10886\/revisions\/10970"}],"wp:attachment":[{"href":"https:\/\/globalattitude.org.br\/en\/wp-json\/wp\/v2\/media?parent=10886"}],"wp:term":[{"taxonomy":"category","embeddable":true,"href":"https:\/\/globalattitude.org.br\/en\/wp-json\/wp\/v2\/categories?post=10886"},{"taxonomy":"post_tag","embeddable":true,"href":"https:\/\/globalattitude.org.br\/en\/wp-json\/wp\/v2\/tags?post=10886"}],"curies":[{"name":"wp","href":"https:\/\/api.w.org\/{rel}","templated":true}]}}