{"id":11137,"date":"2025-01-08T12:18:56","date_gmt":"2025-01-08T15:18:56","guid":{"rendered":"https:\/\/globalattitude.org.br\/?p=11137"},"modified":"2025-01-09T16:40:50","modified_gmt":"2025-01-09T19:40:50","slug":"feliz-2025-instituto-global-attitude-deseja-um-novo-ciclo-de-saude-gratidao-e-crescimento-pessoal-e-profissional","status":"publish","type":"post","link":"https:\/\/globalattitude.org.br\/en\/feliz-2025-instituto-global-attitude-deseja-um-novo-ciclo-de-saude-gratidao-e-crescimento-pessoal-e-profissional\/","title":{"rendered":"Feliz 2025: Instituto Global Attitude deseja um novo ciclo de sa\u00fade, gratid\u00e3o e crescimento pessoal e profissional"},"content":{"rendered":"<p>Um brinde a 2025: Sa\u00fade, gratid\u00e3o e crescimento no ano que se inicia.<\/p>\n<p>Por Reda\u00e7\u00e3o, IGA SP\u00a0 \u2014 S\u00e3o Paulo 08\/01\/2025 12h16 Atualizado h\u00e1 12 minutos<\/p>\n<p>\u00c0 medida que as p\u00e1ginas do calend\u00e1rio viram para um novo ano, n\u00f3s, do Instituto Global Attitude, desejamos a voc\u00ea um 2025 repleto de sa\u00fade, felicidade e sucesso. Este \u00e9 o momento perfeito para refletir sobre nossos desafios e conquistas e olhar para frente com esperan\u00e7a e determina\u00e7\u00e3o.<\/p>\n<h2><strong>Crie Ambientes de Trabalho Saud\u00e1veis<\/strong><\/h2>\n<p>Sabemos que um ambiente de trabalho saud\u00e1vel \u00e9 a base para a qualidade de vida e a produtividade. Neste novo ano, que possamos continuar a transformar nossos espa\u00e7os de trabalho em locais onde o bem-estar \u00e9 priorizado. Juntos, podemos construir culturas corporativas que valorizem tanto a sa\u00fade mental quanto a f\u00edsica, garantindo que cada profissional possa atingir seu potencial m\u00e1ximo.<\/p>\n<h2><strong>Qualidade de Vida e Sa\u00fade: Prioridades M\u00e1ximas<\/strong><\/h2>\n<p>Em 2025, que a qualidade de vida n\u00e3o seja apenas um objetivo, mas uma realidade para todos n\u00f3s. Isso significa equilibrar trabalho e lazer, dedicar tempo para cuidar da nossa sa\u00fade e, o mais importante, estar presente com aqueles que amamos. Vamos fazer deste ano o momento em que colocamos nossa sa\u00fade no topo da lista de prioridades!<\/p>\n<h2><strong>Gratid\u00e3o: O Cora\u00e7\u00e3o do Nosso Dia a Dia\u00a0<\/strong><\/h2>\n<p>A gratid\u00e3o transforma o que temos em suficiente. Este ano, propomos um desafio: agradecer mais. Seja um dia leve ou desafiador, encontrar motivos para ser grato pode mudar nossa perspectiva de vida. Que possamos levar essa pr\u00e1tica para dentro e fora dos locais de trabalho, reconhecendo as pequenas vit\u00f3rias e aprendizados de cada dia.<\/p>\n<h2><strong>Ser Melhores Uns com os Outros<\/strong><\/h2>\n<p>Ser melhor n\u00e3o \u00e9 uma jornada que se faz sozinho. Em 2025, que possamos nos esfor\u00e7ar para sermos melhores colegas, l\u00edderes, amigos e parceiros. A gentileza e o respeito m\u00fatuos s\u00e3o os alicerces de qualquer rela\u00e7\u00e3o humana pr\u00f3spera.<\/p>\n<h2><strong>Vamos Juntos!<\/strong><\/h2>\n<p>Neste novo ciclo que se inicia, renovemos nossas energias e nosso compromisso de construir um futuro melhor para todos. Estamos ansiosos para compartilhar este caminho com voc\u00ea, trazendo luz e positividade a cada passo que damos juntos.<\/p>\n<p>Desejamos a voc\u00ea um 2025 extraordin\u00e1rio! Que seja um ano de renova\u00e7\u00e3o, realiza\u00e7\u00e3o e, acima de tudo, muita gratid\u00e3o.<\/p>\n","protected":false},"excerpt":{"rendered":"<p>Um brinde a 2025: Sa\u00fade, gratid\u00e3o e crescimento no ano que se inicia. Por Reda\u00e7\u00e3o, IGA SP\u00a0 \u2014 S\u00e3o Paulo 08\/01\/2025 12h16 Atualizado h\u00e1 12 minutos \u00c0 medida que as p\u00e1ginas do calend\u00e1rio viram para um novo ano, n\u00f3s, do Instituto Global Attitude, desejamos a voc\u00ea um 2025 repleto de sa\u00fade, felicidade e sucesso. Este [&hellip;]<\/p>\n","protected":false},"author":4,"featured_media":0,"comment_status":"open","ping_status":"open","sticky":false,"template":"","format":"standard","meta":{"_acf_changed":false,"om_disable_all_campaigns":false,"_monsterinsights_skip_tracking":false,"_monsterinsights_sitenote_active":false,"_monsterinsights_sitenote_note":"","_monsterinsights_sitenote_category":0,"_uf_show_specific_survey":0,"_uf_disable_surveys":false,"footnotes":""},"categories":[360],"tags":[610],"class_list":["post-11137","post","type-post","status-publish","format-standard","hentry","category-noticias","tag-feliz-2025-instituto-global-attitude-deseja-um-novo-ciclo-de-saude"],"acf":[],"aioseo_notices":[],"yoast_head":"<!-- This site is optimized with the Yoast SEO plugin v27.5 - https:\/\/yoast.com\/product\/yoast-seo-wordpress\/ -->\n<title>Feliz 2025: Instituto Global Attitude deseja um novo ciclo de sa\u00fade, gratid\u00e3o e crescimento pessoal e profissional - Instituto Global Attitude<\/title>\n<meta name=\"robots\" content=\"index, follow, max-snippet:-1, max-image-preview:large, max-video-preview:-1\" \/>\n<link rel=\"canonical\" href=\"https:\/\/globalattitude.org.br\/feliz-2025-instituto-global-attitude-deseja-um-novo-ciclo-de-saude-gratidao-e-crescimento-pessoal-e-profissional\/\" \/>\n<meta property=\"og:locale\" content=\"en_US\" \/>\n<meta property=\"og:type\" content=\"article\" \/>\n<meta property=\"og:title\" content=\"Feliz 2025: Instituto Global Attitude deseja um novo ciclo de sa\u00fade, gratid\u00e3o e crescimento pessoal e profissional - Instituto Global Attitude\" \/>\n<meta property=\"og:description\" content=\"Um brinde a 2025: Sa\u00fade, gratid\u00e3o e crescimento no ano que se inicia. Por Reda\u00e7\u00e3o, IGA SP\u00a0 \u2014 S\u00e3o Paulo 08\/01\/2025 12h16 Atualizado h\u00e1 12 minutos \u00c0 medida que as p\u00e1ginas do calend\u00e1rio viram para um novo ano, n\u00f3s, do Instituto Global Attitude, desejamos a voc\u00ea um 2025 repleto de sa\u00fade, felicidade e sucesso. Este [&hellip;]\" \/>\n<meta property=\"og:url\" content=\"https:\/\/globalattitude.org.br\/feliz-2025-instituto-global-attitude-deseja-um-novo-ciclo-de-saude-gratidao-e-crescimento-pessoal-e-profissional\/\" \/>\n<meta property=\"og:site_name\" content=\"Instituto Global Attitude\" \/>\n<meta property=\"article:publisher\" content=\"https:\/\/www.facebook.com\/global.attitude.org\/\" \/>\n<meta property=\"article:published_time\" content=\"2025-01-08T15:18:56+00:00\" \/>\n<meta property=\"article:modified_time\" content=\"2025-01-09T19:40:50+00:00\" \/>\n<meta name=\"author\" content=\"comunicacao\" \/>\n<meta name=\"twitter:card\" content=\"summary_large_image\" \/>\n<meta name=\"twitter:creator\" content=\"@global_attitude\" \/>\n<meta name=\"twitter:site\" content=\"@global_attitude\" \/>\n<meta name=\"twitter:label1\" content=\"Written by\" \/>\n\t<meta name=\"twitter:data1\" content=\"comunicacao\" \/>\n\t<meta name=\"twitter:label2\" content=\"Est. reading time\" \/>\n\t<meta name=\"twitter:data2\" content=\"3 minutes\" \/>\n<script type=\"application\/ld+json\" class=\"yoast-schema-graph\">{\"@context\":\"https:\\\/\\\/schema.org\",\"@graph\":[{\"@type\":[\"Article\",\"BlogPosting\"],\"@id\":\"https:\\\/\\\/globalattitude.org.br\\\/feliz-2025-instituto-global-attitude-deseja-um-novo-ciclo-de-saude-gratidao-e-crescimento-pessoal-e-profissional\\\/#article\",\"isPartOf\":{\"@id\":\"https:\\\/\\\/globalattitude.org.br\\\/feliz-2025-instituto-global-attitude-deseja-um-novo-ciclo-de-saude-gratidao-e-crescimento-pessoal-e-profissional\\\/\"},\"author\":{\"name\":\"comunicacao\",\"@id\":\"http:\\\/\\\/globalattitude.org.br\\\/#\\\/schema\\\/person\\\/d2d0edb26129b7407b05aa493af63725\"},\"headline\":\"Feliz 2025: Instituto Global Attitude deseja um novo ciclo de sa\u00fade, gratid\u00e3o e crescimento pessoal e profissional\",\"datePublished\":\"2025-01-08T15:18:56+00:00\",\"dateModified\":\"2025-01-09T19:40:50+00:00\",\"mainEntityOfPage\":{\"@id\":\"https:\\\/\\\/globalattitude.org.br\\\/feliz-2025-instituto-global-attitude-deseja-um-novo-ciclo-de-saude-gratidao-e-crescimento-pessoal-e-profissional\\\/\"},\"wordCount\":411,\"commentCount\":0,\"publisher\":{\"@id\":\"http:\\\/\\\/globalattitude.org.br\\\/#organization\"},\"keywords\":[\"Feliz 2025: Instituto Global Attitude deseja um novo ciclo de sa\u00fade\"],\"articleSection\":[\"Not\u00edcias\"],\"inLanguage\":\"en-US\",\"potentialAction\":[{\"@type\":\"CommentAction\",\"name\":\"Comment\",\"target\":[\"https:\\\/\\\/globalattitude.org.br\\\/feliz-2025-instituto-global-attitude-deseja-um-novo-ciclo-de-saude-gratidao-e-crescimento-pessoal-e-profissional\\\/#respond\"]}]},{\"@type\":\"WebPage\",\"@id\":\"https:\\\/\\\/globalattitude.org.br\\\/feliz-2025-instituto-global-attitude-deseja-um-novo-ciclo-de-saude-gratidao-e-crescimento-pessoal-e-profissional\\\/\",\"url\":\"https:\\\/\\\/globalattitude.org.br\\\/feliz-2025-instituto-global-attitude-deseja-um-novo-ciclo-de-saude-gratidao-e-crescimento-pessoal-e-profissional\\\/\",\"name\":\"Feliz 2025: Instituto Global Attitude deseja um novo ciclo de sa\u00fade, gratid\u00e3o e crescimento pessoal e profissional - Instituto Global Attitude\",\"isPartOf\":{\"@id\":\"http:\\\/\\\/globalattitude.org.br\\\/#website\"},\"datePublished\":\"2025-01-08T15:18:56+00:00\",\"dateModified\":\"2025-01-09T19:40:50+00:00\",\"breadcrumb\":{\"@id\":\"https:\\\/\\\/globalattitude.org.br\\\/feliz-2025-instituto-global-attitude-deseja-um-novo-ciclo-de-saude-gratidao-e-crescimento-pessoal-e-profissional\\\/#breadcrumb\"},\"inLanguage\":\"en-US\",\"potentialAction\":[{\"@type\":\"ReadAction\",\"target\":[\"https:\\\/\\\/globalattitude.org.br\\\/feliz-2025-instituto-global-attitude-deseja-um-novo-ciclo-de-saude-gratidao-e-crescimento-pessoal-e-profissional\\\/\"]}]},{\"@type\":\"BreadcrumbList\",\"@id\":\"https:\\\/\\\/globalattitude.org.br\\\/feliz-2025-instituto-global-attitude-deseja-um-novo-ciclo-de-saude-gratidao-e-crescimento-pessoal-e-profissional\\\/#breadcrumb\",\"itemListElement\":[{\"@type\":\"ListItem\",\"position\":1,\"name\":\"In\u00edcio\",\"item\":\"https:\\\/\\\/globalattitude.org.br\\\/en\\\/\"},{\"@type\":\"ListItem\",\"position\":2,\"name\":\"Feliz 2025: Instituto Global Attitude deseja um novo ciclo de sa\u00fade, gratid\u00e3o e crescimento pessoal e profissional\"}]},{\"@type\":\"WebSite\",\"@id\":\"http:\\\/\\\/globalattitude.org.br\\\/#website\",\"url\":\"http:\\\/\\\/globalattitude.org.br\\\/\",\"name\":\"Instituto Global Attitude\",\"description\":\"\",\"publisher\":{\"@id\":\"http:\\\/\\\/globalattitude.org.br\\\/#organization\"},\"potentialAction\":[{\"@type\":\"SearchAction\",\"target\":{\"@type\":\"EntryPoint\",\"urlTemplate\":\"http:\\\/\\\/globalattitude.org.br\\\/?s={search_term_string}\"},\"query-input\":{\"@type\":\"PropertyValueSpecification\",\"valueRequired\":true,\"valueName\":\"search_term_string\"}}],\"inLanguage\":\"en-US\"},{\"@type\":\"Organization\",\"@id\":\"http:\\\/\\\/globalattitude.org.br\\\/#organization\",\"name\":\"Instituto Global Attitude\",\"url\":\"http:\\\/\\\/globalattitude.org.br\\\/\",\"logo\":{\"@type\":\"ImageObject\",\"inLanguage\":\"en-US\",\"@id\":\"http:\\\/\\\/globalattitude.org.br\\\/#\\\/schema\\\/logo\\\/image\\\/\",\"url\":\"https:\\\/\\\/globalattitude.org.br\\\/wp-content\\\/uploads\\\/2023\\\/01\\\/instituto-global-attitude-color.png\",\"contentUrl\":\"https:\\\/\\\/globalattitude.org.br\\\/wp-content\\\/uploads\\\/2023\\\/01\\\/instituto-global-attitude-color.png\",\"width\":300,\"height\":131,\"caption\":\"Instituto Global Attitude\"},\"image\":{\"@id\":\"http:\\\/\\\/globalattitude.org.br\\\/#\\\/schema\\\/logo\\\/image\\\/\"},\"sameAs\":[\"https:\\\/\\\/www.facebook.com\\\/global.attitude.org\\\/\",\"https:\\\/\\\/x.com\\\/global_attitude\",\"https:\\\/\\\/www.instagram.com\\\/globalattitude\",\"https:\\\/\\\/www.linkedin.com\\\/company\\\/global-attitude\\\/?viewAsMember=true\"]},{\"@type\":\"Person\",\"@id\":\"http:\\\/\\\/globalattitude.org.br\\\/#\\\/schema\\\/person\\\/d2d0edb26129b7407b05aa493af63725\",\"name\":\"comunicacao\",\"image\":{\"@type\":\"ImageObject\",\"inLanguage\":\"en-US\",\"@id\":\"https:\\\/\\\/secure.gravatar.com\\\/avatar\\\/a25dbef6d352d1355e632d9629c19165ddb3e176cbcb21ee573e3d96d011d16b?s=96&d=mm&r=g\",\"url\":\"https:\\\/\\\/secure.gravatar.com\\\/avatar\\\/a25dbef6d352d1355e632d9629c19165ddb3e176cbcb21ee573e3d96d011d16b?s=96&d=mm&r=g\",\"contentUrl\":\"https:\\\/\\\/secure.gravatar.com\\\/avatar\\\/a25dbef6d352d1355e632d9629c19165ddb3e176cbcb21ee573e3d96d011d16b?s=96&d=mm&r=g\",\"caption\":\"comunicacao\"},\"url\":\"https:\\\/\\\/globalattitude.org.br\\\/en\\\/author\\\/comunicacao\\\/\"}]}<\/script>\n<!-- \/ Yoast SEO plugin. -->","yoast_head_json":{"title":"Feliz 2025: Instituto Global Attitude deseja um novo ciclo de sa\u00fade, gratid\u00e3o e crescimento pessoal e profissional - Instituto Global Attitude","robots":{"index":"index","follow":"follow","max-snippet":"max-snippet:-1","max-image-preview":"max-image-preview:large","max-video-preview":"max-video-preview:-1"},"canonical":"https:\/\/globalattitude.org.br\/feliz-2025-instituto-global-attitude-deseja-um-novo-ciclo-de-saude-gratidao-e-crescimento-pessoal-e-profissional\/","og_locale":"en_US","og_type":"article","og_title":"Feliz 2025: Instituto Global Attitude deseja um novo ciclo de sa\u00fade, gratid\u00e3o e crescimento pessoal e profissional - Instituto Global Attitude","og_description":"Um brinde a 2025: Sa\u00fade, gratid\u00e3o e crescimento no ano que se inicia. Por Reda\u00e7\u00e3o, IGA SP\u00a0 \u2014 S\u00e3o Paulo 08\/01\/2025 12h16 Atualizado h\u00e1 12 minutos \u00c0 medida que as p\u00e1ginas do calend\u00e1rio viram para um novo ano, n\u00f3s, do Instituto Global Attitude, desejamos a voc\u00ea um 2025 repleto de sa\u00fade, felicidade e sucesso. Este [&hellip;]","og_url":"https:\/\/globalattitude.org.br\/feliz-2025-instituto-global-attitude-deseja-um-novo-ciclo-de-saude-gratidao-e-crescimento-pessoal-e-profissional\/","og_site_name":"Instituto Global Attitude","article_publisher":"https:\/\/www.facebook.com\/global.attitude.org\/","article_published_time":"2025-01-08T15:18:56+00:00","article_modified_time":"2025-01-09T19:40:50+00:00","author":"comunicacao","twitter_card":"summary_large_image","twitter_creator":"@global_attitude","twitter_site":"@global_attitude","twitter_misc":{"Written by":"comunicacao","Est. reading time":"3 minutes"},"schema":{"@context":"https:\/\/schema.org","@graph":[{"@type":["Article","BlogPosting"],"@id":"https:\/\/globalattitude.org.br\/feliz-2025-instituto-global-attitude-deseja-um-novo-ciclo-de-saude-gratidao-e-crescimento-pessoal-e-profissional\/#article","isPartOf":{"@id":"https:\/\/globalattitude.org.br\/feliz-2025-instituto-global-attitude-deseja-um-novo-ciclo-de-saude-gratidao-e-crescimento-pessoal-e-profissional\/"},"author":{"name":"comunicacao","@id":"http:\/\/globalattitude.org.br\/#\/schema\/person\/d2d0edb26129b7407b05aa493af63725"},"headline":"Feliz 2025: Instituto Global Attitude deseja um novo ciclo de sa\u00fade, gratid\u00e3o e crescimento pessoal e profissional","datePublished":"2025-01-08T15:18:56+00:00","dateModified":"2025-01-09T19:40:50+00:00","mainEntityOfPage":{"@id":"https:\/\/globalattitude.org.br\/feliz-2025-instituto-global-attitude-deseja-um-novo-ciclo-de-saude-gratidao-e-crescimento-pessoal-e-profissional\/"},"wordCount":411,"commentCount":0,"publisher":{"@id":"http:\/\/globalattitude.org.br\/#organization"},"keywords":["Feliz 2025: Instituto Global Attitude deseja um novo ciclo de sa\u00fade"],"articleSection":["Not\u00edcias"],"inLanguage":"en-US","potentialAction":[{"@type":"CommentAction","name":"Comment","target":["https:\/\/globalattitude.org.br\/feliz-2025-instituto-global-attitude-deseja-um-novo-ciclo-de-saude-gratidao-e-crescimento-pessoal-e-profissional\/#respond"]}]},{"@type":"WebPage","@id":"https:\/\/globalattitude.org.br\/feliz-2025-instituto-global-attitude-deseja-um-novo-ciclo-de-saude-gratidao-e-crescimento-pessoal-e-profissional\/","url":"https:\/\/globalattitude.org.br\/feliz-2025-instituto-global-attitude-deseja-um-novo-ciclo-de-saude-gratidao-e-crescimento-pessoal-e-profissional\/","name":"Feliz 2025: Instituto Global Attitude deseja um novo ciclo de sa\u00fade, gratid\u00e3o e crescimento pessoal e profissional - Instituto Global Attitude","isPartOf":{"@id":"http:\/\/globalattitude.org.br\/#website"},"datePublished":"2025-01-08T15:18:56+00:00","dateModified":"2025-01-09T19:40:50+00:00","breadcrumb":{"@id":"https:\/\/globalattitude.org.br\/feliz-2025-instituto-global-attitude-deseja-um-novo-ciclo-de-saude-gratidao-e-crescimento-pessoal-e-profissional\/#breadcrumb"},"inLanguage":"en-US","potentialAction":[{"@type":"ReadAction","target":["https:\/\/globalattitude.org.br\/feliz-2025-instituto-global-attitude-deseja-um-novo-ciclo-de-saude-gratidao-e-crescimento-pessoal-e-profissional\/"]}]},{"@type":"BreadcrumbList","@id":"https:\/\/globalattitude.org.br\/feliz-2025-instituto-global-attitude-deseja-um-novo-ciclo-de-saude-gratidao-e-crescimento-pessoal-e-profissional\/#breadcrumb","itemListElement":[{"@type":"ListItem","position":1,"name":"In\u00edcio","item":"https:\/\/globalattitude.org.br\/en\/"},{"@type":"ListItem","position":2,"name":"Feliz 2025: Instituto Global Attitude deseja um novo ciclo de sa\u00fade, gratid\u00e3o e crescimento pessoal e profissional"}]},{"@type":"WebSite","@id":"http:\/\/globalattitude.org.br\/#website","url":"http:\/\/globalattitude.org.br\/","name":"Instituto Global Attitude","description":"","publisher":{"@id":"http:\/\/globalattitude.org.br\/#organization"},"potentialAction":[{"@type":"SearchAction","target":{"@type":"EntryPoint","urlTemplate":"http:\/\/globalattitude.org.br\/?s={search_term_string}"},"query-input":{"@type":"PropertyValueSpecification","valueRequired":true,"valueName":"search_term_string"}}],"inLanguage":"en-US"},{"@type":"Organization","@id":"http:\/\/globalattitude.org.br\/#organization","name":"Instituto Global Attitude","url":"http:\/\/globalattitude.org.br\/","logo":{"@type":"ImageObject","inLanguage":"en-US","@id":"http:\/\/globalattitude.org.br\/#\/schema\/logo\/image\/","url":"https:\/\/globalattitude.org.br\/wp-content\/uploads\/2023\/01\/instituto-global-attitude-color.png","contentUrl":"https:\/\/globalattitude.org.br\/wp-content\/uploads\/2023\/01\/instituto-global-attitude-color.png","width":300,"height":131,"caption":"Instituto Global Attitude"},"image":{"@id":"http:\/\/globalattitude.org.br\/#\/schema\/logo\/image\/"},"sameAs":["https:\/\/www.facebook.com\/global.attitude.org\/","https:\/\/x.com\/global_attitude","https:\/\/www.instagram.com\/globalattitude","https:\/\/www.linkedin.com\/company\/global-attitude\/?viewAsMember=true"]},{"@type":"Person","@id":"http:\/\/globalattitude.org.br\/#\/schema\/person\/d2d0edb26129b7407b05aa493af63725","name":"comunicacao","image":{"@type":"ImageObject","inLanguage":"en-US","@id":"https:\/\/secure.gravatar.com\/avatar\/a25dbef6d352d1355e632d9629c19165ddb3e176cbcb21ee573e3d96d011d16b?s=96&d=mm&r=g","url":"https:\/\/secure.gravatar.com\/avatar\/a25dbef6d352d1355e632d9629c19165ddb3e176cbcb21ee573e3d96d011d16b?s=96&d=mm&r=g","contentUrl":"https:\/\/secure.gravatar.com\/avatar\/a25dbef6d352d1355e632d9629c19165ddb3e176cbcb21ee573e3d96d011d16b?s=96&d=mm&r=g","caption":"comunicacao"},"url":"https:\/\/globalattitude.org.br\/en\/author\/comunicacao\/"}]}},"_links":{"self":[{"href":"https:\/\/globalattitude.org.br\/en\/wp-json\/wp\/v2\/posts\/11137","targetHints":{"allow":["GET"]}}],"collection":[{"href":"https:\/\/globalattitude.org.br\/en\/wp-json\/wp\/v2\/posts"}],"about":[{"href":"https:\/\/globalattitude.org.br\/en\/wp-json\/wp\/v2\/types\/post"}],"author":[{"embeddable":true,"href":"https:\/\/globalattitude.org.br\/en\/wp-json\/wp\/v2\/users\/4"}],"replies":[{"embeddable":true,"href":"https:\/\/globalattitude.org.br\/en\/wp-json\/wp\/v2\/comments?post=11137"}],"version-history":[{"count":1,"href":"https:\/\/globalattitude.org.br\/en\/wp-json\/wp\/v2\/posts\/11137\/revisions"}],"predecessor-version":[{"id":11140,"href":"https:\/\/globalattitude.org.br\/en\/wp-json\/wp\/v2\/posts\/11137\/revisions\/11140"}],"wp:attachment":[{"href":"https:\/\/globalattitude.org.br\/en\/wp-json\/wp\/v2\/media?parent=11137"}],"wp:term":[{"taxonomy":"category","embeddable":true,"href":"https:\/\/globalattitude.org.br\/en\/wp-json\/wp\/v2\/categories?post=11137"},{"taxonomy":"post_tag","embeddable":true,"href":"https:\/\/globalattitude.org.br\/en\/wp-json\/wp\/v2\/tags?post=11137"}],"curies":[{"name":"wp","href":"https:\/\/api.w.org\/{rel}","templated":true}]}}