{"id":11227,"date":"2025-01-21T15:28:30","date_gmt":"2025-01-21T18:28:30","guid":{"rendered":"https:\/\/globalattitude.org.br\/?p=11227"},"modified":"2025-01-22T11:42:11","modified_gmt":"2025-01-22T14:42:11","slug":"rodrigo-reis-comenta-posse-de-donald-trump-como-presidente-dos-estados-unidos","status":"publish","type":"post","link":"https:\/\/globalattitude.org.br\/en\/rodrigo-reis-comenta-posse-de-donald-trump-como-presidente-dos-estados-unidos\/","title":{"rendered":"Rodrigo Reis comenta posse de Donald Trump como presidente dos Estados Unidos"},"content":{"rendered":"<p>O internacionalista e presidente do Instituto Global Attitude, Rodrigo Reis, concedeu entrevista ao Flow News e a R\u00e1dio Nova Brasil FM<\/p>\n<p>Por Rodrigo Harshe, IGA S\u00e3o Paulo \u2014 S\u00e3o Paulo 21\/01\/2025 15h08 Atualizado h\u00e1 21 minutos<\/p>\n<p>Donald Trump tomou posse nesta segunda-feira (20) como presidente dos Estados Unidos. Ao entrar na rotunda do Capit\u00f3lio, a sede do Congresso dos Estados Unidos, ele cumprimentou o presidente Joe Biden.<\/p>\n<p>O juramento foi administrado pelo presidente da Suprema Corte dos EUA, John Roberts. Trump usou\u00a0a mesma B\u00edblia que Abraham Lincoln utilizou\u00a0na posse de 1861, al\u00e9m de uma B\u00edblia pessoal.<\/p>\n<p>A cerim\u00f4nia foi adaptada devido ao frio extremo \u2013 as temperaturas podem chegar a -12 \u00b0C em Washington nesta segunda \u2013, sendo transferida para a parte interna do Capit\u00f3lio. A \u00faltima vez que isso aconteceu foi em\u00a01985, na segunda posse de Ronald Reagan.<\/p>\n<h2><strong>Discurso de posse<\/strong><\/h2>\n<p>Ap\u00f3s o juramento, Donald Trump fez um discurso, no qual afirmou que \u201ca era de ouro\u201d dos Estados Unidos come\u00e7ou e que construir\u00e1 uma na\u00e7\u00e3o que \u00e9 \u201corgulhosa, pr\u00f3spera e livre\u201d.\u00a0Ele criticou o governo de Joe Biden, alegando que a administra\u00e7\u00e3o federal n\u00e3o soube lidar com crises internas, e destacou que h\u00e1 uma \u201ccrise de confian\u00e7a\u201d.<\/p>\n<p><img fetchpriority=\"high\" decoding=\"async\" class=\"aligncenter wp-image-11234 size-large\" src=\"http:\/\/globalattitude.org.br\/wp-content\/uploads\/2025\/01\/Sem-titulo-1-1024x576.png\" alt=\"\" width=\"1024\" height=\"576\" srcset=\"https:\/\/globalattitude.org.br\/wp-content\/uploads\/2025\/01\/Sem-titulo-1-1024x576.png 1024w, https:\/\/globalattitude.org.br\/wp-content\/uploads\/2025\/01\/Sem-titulo-1-300x169.png 300w, https:\/\/globalattitude.org.br\/wp-content\/uploads\/2025\/01\/Sem-titulo-1-768x432.png 768w, https:\/\/globalattitude.org.br\/wp-content\/uploads\/2025\/01\/Sem-titulo-1-180x101.png 180w, https:\/\/globalattitude.org.br\/wp-content\/uploads\/2025\/01\/Sem-titulo-1-320x180.png 320w, https:\/\/globalattitude.org.br\/wp-content\/uploads\/2025\/01\/Sem-titulo-1-1200x675.png 1200w, https:\/\/globalattitude.org.br\/wp-content\/uploads\/2025\/01\/Sem-titulo-1.png 1366w\" sizes=\"(max-width: 1024px) 100vw, 1024px\" \/><\/p>\n<h2><strong>Os desafios de Trump<\/strong><\/h2>\n<p>O\u00a0retorno\u00a0de\u00a0Donald Trump\u00a0\u00e0 Casa Branca deve reformular a pol\u00edtica externa dos\u00a0Estados Unidos,\u00a0prometendo mudan\u00e7as potencialmente radicais em v\u00e1rias frentes, \u00e0 medida que a guerra e a incerteza tomam conta de algumas partes do mundo. \u00c9 o que acredita Rodrigo Reis, especialista em rela\u00e7\u00f5es internacionais e fundador do Instituto Global Attitude.<\/p>\n<p>A entrevista ao podcast Flow News, jornal capitaneado pelo apresentador Rafael Colombo, trouxe temas que envolvem todo o processo eleitoral e \u00e0s rela\u00e7\u00f5es exteriores, em meio a crises paralelas, em muitos anos.<\/p>\n<p>J\u00e1 para a Nova Brasil FM, jornal apresentado por Her\u00f3doto Barbeiro, o internacionalista comentou que, Diferentemente de 2016, desta vez, Trump ter\u00e1 um governo com mais respaldo de eleitores e do Congresso americano.<\/p>\n<h2><strong>Assista \u00e0 \u00edntegra ao Flow News:<\/strong><\/h2>\n<p><iframe title=\"YouTube video player\" src=\"https:\/\/www.youtube.com\/embed\/FxtFYHPQIPw?si=A2MtBg_zx65gHp_P&amp;start=7577\" width=\"560\" height=\"315\" frameborder=\"0\" allowfullscreen=\"allowfullscreen\"><\/iframe><\/p>\n<h2>Assista \u00e0 \u00edntegra ao Jornal Nova Brasil FM:<\/h2>\n<p><iframe title=\"YouTube video player\" src=\"https:\/\/www.youtube.com\/embed\/OQN8-aM5dl4?si=WGKJc8fHDmdgoWic\" width=\"560\" height=\"315\" frameborder=\"0\" allowfullscreen=\"allowfullscreen\"><\/iframe><\/p>\n<p>&nbsp;<\/p>\n<p>&nbsp;<\/p>\n","protected":false},"excerpt":{"rendered":"<p>O internacionalista e presidente do Instituto Global Attitude, Rodrigo Reis, concedeu entrevista ao Flow News e a R\u00e1dio Nova Brasil FM Por Rodrigo Harshe, IGA S\u00e3o Paulo \u2014 S\u00e3o Paulo 21\/01\/2025 15h08 Atualizado h\u00e1 21 minutos Donald Trump tomou posse nesta segunda-feira (20) como presidente dos Estados Unidos. Ao entrar na rotunda do Capit\u00f3lio, a [&hellip;]<\/p>\n","protected":false},"author":4,"featured_media":0,"comment_status":"open","ping_status":"open","sticky":false,"template":"","format":"standard","meta":{"_acf_changed":false,"om_disable_all_campaigns":false,"_monsterinsights_skip_tracking":false,"_monsterinsights_sitenote_active":false,"_monsterinsights_sitenote_note":"","_monsterinsights_sitenote_category":0,"_uf_show_specific_survey":0,"_uf_disable_surveys":false,"footnotes":""},"categories":[360],"tags":[615],"class_list":["post-11227","post","type-post","status-publish","format-standard","hentry","category-noticias","tag-rodrigo-reis-comenta-posse-de-donald-trump-como-presidente-dos-estados-unidos"],"acf":[],"aioseo_notices":[],"yoast_head":"<!-- This site is optimized with the Yoast SEO plugin v27.5 - https:\/\/yoast.com\/product\/yoast-seo-wordpress\/ -->\n<title>Rodrigo Reis comenta posse de Donald Trump como presidente dos Estados Unidos - Instituto Global Attitude<\/title>\n<meta name=\"robots\" content=\"index, follow, max-snippet:-1, max-image-preview:large, max-video-preview:-1\" \/>\n<link rel=\"canonical\" href=\"https:\/\/globalattitude.org.br\/rodrigo-reis-comenta-posse-de-donald-trump-como-presidente-dos-estados-unidos\/\" \/>\n<meta property=\"og:locale\" content=\"en_US\" \/>\n<meta property=\"og:type\" content=\"article\" \/>\n<meta property=\"og:title\" content=\"Rodrigo Reis comenta posse de Donald Trump como presidente dos Estados Unidos - Instituto Global Attitude\" \/>\n<meta property=\"og:description\" content=\"O internacionalista e presidente do Instituto Global Attitude, Rodrigo Reis, concedeu entrevista ao Flow News e a R\u00e1dio Nova Brasil FM Por Rodrigo Harshe, IGA S\u00e3o Paulo \u2014 S\u00e3o Paulo 21\/01\/2025 15h08 Atualizado h\u00e1 21 minutos Donald Trump tomou posse nesta segunda-feira (20) como presidente dos Estados Unidos. Ao entrar na rotunda do Capit\u00f3lio, a [&hellip;]\" \/>\n<meta property=\"og:url\" content=\"https:\/\/globalattitude.org.br\/rodrigo-reis-comenta-posse-de-donald-trump-como-presidente-dos-estados-unidos\/\" \/>\n<meta property=\"og:site_name\" content=\"Instituto Global Attitude\" \/>\n<meta property=\"article:publisher\" content=\"https:\/\/www.facebook.com\/global.attitude.org\/\" \/>\n<meta property=\"article:published_time\" content=\"2025-01-21T18:28:30+00:00\" \/>\n<meta property=\"article:modified_time\" content=\"2025-01-22T14:42:11+00:00\" \/>\n<meta property=\"og:image\" content=\"http:\/\/globalattitude.org.br\/wp-content\/uploads\/2025\/01\/Sem-titulo-1-1024x576.png\" \/>\n<meta name=\"author\" content=\"comunicacao\" \/>\n<meta name=\"twitter:card\" content=\"summary_large_image\" \/>\n<meta name=\"twitter:creator\" content=\"@global_attitude\" \/>\n<meta name=\"twitter:site\" content=\"@global_attitude\" \/>\n<meta name=\"twitter:label1\" content=\"Written by\" \/>\n\t<meta name=\"twitter:data1\" content=\"comunicacao\" \/>\n\t<meta name=\"twitter:label2\" content=\"Est. reading time\" \/>\n\t<meta name=\"twitter:data2\" content=\"3 minutes\" \/>\n<script type=\"application\/ld+json\" class=\"yoast-schema-graph\">{\"@context\":\"https:\\\/\\\/schema.org\",\"@graph\":[{\"@type\":[\"Article\",\"BlogPosting\"],\"@id\":\"https:\\\/\\\/globalattitude.org.br\\\/rodrigo-reis-comenta-posse-de-donald-trump-como-presidente-dos-estados-unidos\\\/#article\",\"isPartOf\":{\"@id\":\"https:\\\/\\\/globalattitude.org.br\\\/rodrigo-reis-comenta-posse-de-donald-trump-como-presidente-dos-estados-unidos\\\/\"},\"author\":{\"name\":\"comunicacao\",\"@id\":\"https:\\\/\\\/globalattitude.org.br\\\/en\\\/#\\\/schema\\\/person\\\/d2d0edb26129b7407b05aa493af63725\"},\"headline\":\"Rodrigo Reis comenta posse de Donald Trump como presidente dos Estados Unidos\",\"datePublished\":\"2025-01-21T18:28:30+00:00\",\"dateModified\":\"2025-01-22T14:42:11+00:00\",\"mainEntityOfPage\":{\"@id\":\"https:\\\/\\\/globalattitude.org.br\\\/rodrigo-reis-comenta-posse-de-donald-trump-como-presidente-dos-estados-unidos\\\/\"},\"wordCount\":360,\"commentCount\":0,\"publisher\":{\"@id\":\"https:\\\/\\\/globalattitude.org.br\\\/en\\\/#organization\"},\"image\":{\"@id\":\"https:\\\/\\\/globalattitude.org.br\\\/rodrigo-reis-comenta-posse-de-donald-trump-como-presidente-dos-estados-unidos\\\/#primaryimage\"},\"thumbnailUrl\":\"http:\\\/\\\/globalattitude.org.br\\\/wp-content\\\/uploads\\\/2025\\\/01\\\/Sem-titulo-1-1024x576.png\",\"keywords\":[\"Rodrigo Reis comenta posse de Donald Trump como presidente dos Estados Unidos\"],\"articleSection\":[\"Not\u00edcias\"],\"inLanguage\":\"en-US\",\"potentialAction\":[{\"@type\":\"CommentAction\",\"name\":\"Comment\",\"target\":[\"https:\\\/\\\/globalattitude.org.br\\\/rodrigo-reis-comenta-posse-de-donald-trump-como-presidente-dos-estados-unidos\\\/#respond\"]}]},{\"@type\":\"WebPage\",\"@id\":\"https:\\\/\\\/globalattitude.org.br\\\/rodrigo-reis-comenta-posse-de-donald-trump-como-presidente-dos-estados-unidos\\\/\",\"url\":\"https:\\\/\\\/globalattitude.org.br\\\/rodrigo-reis-comenta-posse-de-donald-trump-como-presidente-dos-estados-unidos\\\/\",\"name\":\"Rodrigo Reis comenta posse de Donald Trump como presidente dos Estados Unidos - Instituto Global Attitude\",\"isPartOf\":{\"@id\":\"https:\\\/\\\/globalattitude.org.br\\\/en\\\/#website\"},\"primaryImageOfPage\":{\"@id\":\"https:\\\/\\\/globalattitude.org.br\\\/rodrigo-reis-comenta-posse-de-donald-trump-como-presidente-dos-estados-unidos\\\/#primaryimage\"},\"image\":{\"@id\":\"https:\\\/\\\/globalattitude.org.br\\\/rodrigo-reis-comenta-posse-de-donald-trump-como-presidente-dos-estados-unidos\\\/#primaryimage\"},\"thumbnailUrl\":\"http:\\\/\\\/globalattitude.org.br\\\/wp-content\\\/uploads\\\/2025\\\/01\\\/Sem-titulo-1-1024x576.png\",\"datePublished\":\"2025-01-21T18:28:30+00:00\",\"dateModified\":\"2025-01-22T14:42:11+00:00\",\"breadcrumb\":{\"@id\":\"https:\\\/\\\/globalattitude.org.br\\\/rodrigo-reis-comenta-posse-de-donald-trump-como-presidente-dos-estados-unidos\\\/#breadcrumb\"},\"inLanguage\":\"en-US\",\"potentialAction\":[{\"@type\":\"ReadAction\",\"target\":[\"https:\\\/\\\/globalattitude.org.br\\\/rodrigo-reis-comenta-posse-de-donald-trump-como-presidente-dos-estados-unidos\\\/\"]}]},{\"@type\":\"ImageObject\",\"inLanguage\":\"en-US\",\"@id\":\"https:\\\/\\\/globalattitude.org.br\\\/rodrigo-reis-comenta-posse-de-donald-trump-como-presidente-dos-estados-unidos\\\/#primaryimage\",\"url\":\"http:\\\/\\\/globalattitude.org.br\\\/wp-content\\\/uploads\\\/2025\\\/01\\\/Sem-titulo-1-1024x576.png\",\"contentUrl\":\"http:\\\/\\\/globalattitude.org.br\\\/wp-content\\\/uploads\\\/2025\\\/01\\\/Sem-titulo-1-1024x576.png\"},{\"@type\":\"BreadcrumbList\",\"@id\":\"https:\\\/\\\/globalattitude.org.br\\\/rodrigo-reis-comenta-posse-de-donald-trump-como-presidente-dos-estados-unidos\\\/#breadcrumb\",\"itemListElement\":[{\"@type\":\"ListItem\",\"position\":1,\"name\":\"In\u00edcio\",\"item\":\"https:\\\/\\\/globalattitude.org.br\\\/en\\\/\"},{\"@type\":\"ListItem\",\"position\":2,\"name\":\"Rodrigo Reis comenta posse de Donald Trump como presidente dos Estados Unidos\"}]},{\"@type\":\"WebSite\",\"@id\":\"https:\\\/\\\/globalattitude.org.br\\\/en\\\/#website\",\"url\":\"https:\\\/\\\/globalattitude.org.br\\\/en\\\/\",\"name\":\"Instituto Global Attitude\",\"description\":\"\",\"publisher\":{\"@id\":\"https:\\\/\\\/globalattitude.org.br\\\/en\\\/#organization\"},\"potentialAction\":[{\"@type\":\"SearchAction\",\"target\":{\"@type\":\"EntryPoint\",\"urlTemplate\":\"https:\\\/\\\/globalattitude.org.br\\\/en\\\/?s={search_term_string}\"},\"query-input\":{\"@type\":\"PropertyValueSpecification\",\"valueRequired\":true,\"valueName\":\"search_term_string\"}}],\"inLanguage\":\"en-US\"},{\"@type\":\"Organization\",\"@id\":\"https:\\\/\\\/globalattitude.org.br\\\/en\\\/#organization\",\"name\":\"Instituto Global Attitude\",\"url\":\"https:\\\/\\\/globalattitude.org.br\\\/en\\\/\",\"logo\":{\"@type\":\"ImageObject\",\"inLanguage\":\"en-US\",\"@id\":\"https:\\\/\\\/globalattitude.org.br\\\/en\\\/#\\\/schema\\\/logo\\\/image\\\/\",\"url\":\"https:\\\/\\\/globalattitude.org.br\\\/wp-content\\\/uploads\\\/2023\\\/01\\\/instituto-global-attitude-color.png\",\"contentUrl\":\"https:\\\/\\\/globalattitude.org.br\\\/wp-content\\\/uploads\\\/2023\\\/01\\\/instituto-global-attitude-color.png\",\"width\":300,\"height\":131,\"caption\":\"Instituto Global Attitude\"},\"image\":{\"@id\":\"https:\\\/\\\/globalattitude.org.br\\\/en\\\/#\\\/schema\\\/logo\\\/image\\\/\"},\"sameAs\":[\"https:\\\/\\\/www.facebook.com\\\/global.attitude.org\\\/\",\"https:\\\/\\\/x.com\\\/global_attitude\",\"https:\\\/\\\/www.instagram.com\\\/globalattitude\",\"https:\\\/\\\/www.linkedin.com\\\/company\\\/global-attitude\\\/?viewAsMember=true\"]},{\"@type\":\"Person\",\"@id\":\"https:\\\/\\\/globalattitude.org.br\\\/en\\\/#\\\/schema\\\/person\\\/d2d0edb26129b7407b05aa493af63725\",\"name\":\"comunicacao\",\"image\":{\"@type\":\"ImageObject\",\"inLanguage\":\"en-US\",\"@id\":\"https:\\\/\\\/secure.gravatar.com\\\/avatar\\\/a25dbef6d352d1355e632d9629c19165ddb3e176cbcb21ee573e3d96d011d16b?s=96&d=mm&r=g\",\"url\":\"https:\\\/\\\/secure.gravatar.com\\\/avatar\\\/a25dbef6d352d1355e632d9629c19165ddb3e176cbcb21ee573e3d96d011d16b?s=96&d=mm&r=g\",\"contentUrl\":\"https:\\\/\\\/secure.gravatar.com\\\/avatar\\\/a25dbef6d352d1355e632d9629c19165ddb3e176cbcb21ee573e3d96d011d16b?s=96&d=mm&r=g\",\"caption\":\"comunicacao\"},\"url\":\"https:\\\/\\\/globalattitude.org.br\\\/en\\\/author\\\/comunicacao\\\/\"}]}<\/script>\n<!-- \/ Yoast SEO plugin. -->","yoast_head_json":{"title":"Rodrigo Reis comenta posse de Donald Trump como presidente dos Estados Unidos - Instituto Global Attitude","robots":{"index":"index","follow":"follow","max-snippet":"max-snippet:-1","max-image-preview":"max-image-preview:large","max-video-preview":"max-video-preview:-1"},"canonical":"https:\/\/globalattitude.org.br\/rodrigo-reis-comenta-posse-de-donald-trump-como-presidente-dos-estados-unidos\/","og_locale":"en_US","og_type":"article","og_title":"Rodrigo Reis comenta posse de Donald Trump como presidente dos Estados Unidos - Instituto Global Attitude","og_description":"O internacionalista e presidente do Instituto Global Attitude, Rodrigo Reis, concedeu entrevista ao Flow News e a R\u00e1dio Nova Brasil FM Por Rodrigo Harshe, IGA S\u00e3o Paulo \u2014 S\u00e3o Paulo 21\/01\/2025 15h08 Atualizado h\u00e1 21 minutos Donald Trump tomou posse nesta segunda-feira (20) como presidente dos Estados Unidos. Ao entrar na rotunda do Capit\u00f3lio, a [&hellip;]","og_url":"https:\/\/globalattitude.org.br\/rodrigo-reis-comenta-posse-de-donald-trump-como-presidente-dos-estados-unidos\/","og_site_name":"Instituto Global Attitude","article_publisher":"https:\/\/www.facebook.com\/global.attitude.org\/","article_published_time":"2025-01-21T18:28:30+00:00","article_modified_time":"2025-01-22T14:42:11+00:00","og_image":[{"url":"http:\/\/globalattitude.org.br\/wp-content\/uploads\/2025\/01\/Sem-titulo-1-1024x576.png","type":"","width":"","height":""}],"author":"comunicacao","twitter_card":"summary_large_image","twitter_creator":"@global_attitude","twitter_site":"@global_attitude","twitter_misc":{"Written by":"comunicacao","Est. reading time":"3 minutes"},"schema":{"@context":"https:\/\/schema.org","@graph":[{"@type":["Article","BlogPosting"],"@id":"https:\/\/globalattitude.org.br\/rodrigo-reis-comenta-posse-de-donald-trump-como-presidente-dos-estados-unidos\/#article","isPartOf":{"@id":"https:\/\/globalattitude.org.br\/rodrigo-reis-comenta-posse-de-donald-trump-como-presidente-dos-estados-unidos\/"},"author":{"name":"comunicacao","@id":"https:\/\/globalattitude.org.br\/en\/#\/schema\/person\/d2d0edb26129b7407b05aa493af63725"},"headline":"Rodrigo Reis comenta posse de Donald Trump como presidente dos Estados Unidos","datePublished":"2025-01-21T18:28:30+00:00","dateModified":"2025-01-22T14:42:11+00:00","mainEntityOfPage":{"@id":"https:\/\/globalattitude.org.br\/rodrigo-reis-comenta-posse-de-donald-trump-como-presidente-dos-estados-unidos\/"},"wordCount":360,"commentCount":0,"publisher":{"@id":"https:\/\/globalattitude.org.br\/en\/#organization"},"image":{"@id":"https:\/\/globalattitude.org.br\/rodrigo-reis-comenta-posse-de-donald-trump-como-presidente-dos-estados-unidos\/#primaryimage"},"thumbnailUrl":"http:\/\/globalattitude.org.br\/wp-content\/uploads\/2025\/01\/Sem-titulo-1-1024x576.png","keywords":["Rodrigo Reis comenta posse de Donald Trump como presidente dos Estados Unidos"],"articleSection":["Not\u00edcias"],"inLanguage":"en-US","potentialAction":[{"@type":"CommentAction","name":"Comment","target":["https:\/\/globalattitude.org.br\/rodrigo-reis-comenta-posse-de-donald-trump-como-presidente-dos-estados-unidos\/#respond"]}]},{"@type":"WebPage","@id":"https:\/\/globalattitude.org.br\/rodrigo-reis-comenta-posse-de-donald-trump-como-presidente-dos-estados-unidos\/","url":"https:\/\/globalattitude.org.br\/rodrigo-reis-comenta-posse-de-donald-trump-como-presidente-dos-estados-unidos\/","name":"Rodrigo Reis comenta posse de Donald Trump como presidente dos Estados Unidos - Instituto Global Attitude","isPartOf":{"@id":"https:\/\/globalattitude.org.br\/en\/#website"},"primaryImageOfPage":{"@id":"https:\/\/globalattitude.org.br\/rodrigo-reis-comenta-posse-de-donald-trump-como-presidente-dos-estados-unidos\/#primaryimage"},"image":{"@id":"https:\/\/globalattitude.org.br\/rodrigo-reis-comenta-posse-de-donald-trump-como-presidente-dos-estados-unidos\/#primaryimage"},"thumbnailUrl":"http:\/\/globalattitude.org.br\/wp-content\/uploads\/2025\/01\/Sem-titulo-1-1024x576.png","datePublished":"2025-01-21T18:28:30+00:00","dateModified":"2025-01-22T14:42:11+00:00","breadcrumb":{"@id":"https:\/\/globalattitude.org.br\/rodrigo-reis-comenta-posse-de-donald-trump-como-presidente-dos-estados-unidos\/#breadcrumb"},"inLanguage":"en-US","potentialAction":[{"@type":"ReadAction","target":["https:\/\/globalattitude.org.br\/rodrigo-reis-comenta-posse-de-donald-trump-como-presidente-dos-estados-unidos\/"]}]},{"@type":"ImageObject","inLanguage":"en-US","@id":"https:\/\/globalattitude.org.br\/rodrigo-reis-comenta-posse-de-donald-trump-como-presidente-dos-estados-unidos\/#primaryimage","url":"http:\/\/globalattitude.org.br\/wp-content\/uploads\/2025\/01\/Sem-titulo-1-1024x576.png","contentUrl":"http:\/\/globalattitude.org.br\/wp-content\/uploads\/2025\/01\/Sem-titulo-1-1024x576.png"},{"@type":"BreadcrumbList","@id":"https:\/\/globalattitude.org.br\/rodrigo-reis-comenta-posse-de-donald-trump-como-presidente-dos-estados-unidos\/#breadcrumb","itemListElement":[{"@type":"ListItem","position":1,"name":"In\u00edcio","item":"https:\/\/globalattitude.org.br\/en\/"},{"@type":"ListItem","position":2,"name":"Rodrigo Reis comenta posse de Donald Trump como presidente dos Estados Unidos"}]},{"@type":"WebSite","@id":"https:\/\/globalattitude.org.br\/en\/#website","url":"https:\/\/globalattitude.org.br\/en\/","name":"Instituto Global Attitude","description":"","publisher":{"@id":"https:\/\/globalattitude.org.br\/en\/#organization"},"potentialAction":[{"@type":"SearchAction","target":{"@type":"EntryPoint","urlTemplate":"https:\/\/globalattitude.org.br\/en\/?s={search_term_string}"},"query-input":{"@type":"PropertyValueSpecification","valueRequired":true,"valueName":"search_term_string"}}],"inLanguage":"en-US"},{"@type":"Organization","@id":"https:\/\/globalattitude.org.br\/en\/#organization","name":"Instituto Global Attitude","url":"https:\/\/globalattitude.org.br\/en\/","logo":{"@type":"ImageObject","inLanguage":"en-US","@id":"https:\/\/globalattitude.org.br\/en\/#\/schema\/logo\/image\/","url":"https:\/\/globalattitude.org.br\/wp-content\/uploads\/2023\/01\/instituto-global-attitude-color.png","contentUrl":"https:\/\/globalattitude.org.br\/wp-content\/uploads\/2023\/01\/instituto-global-attitude-color.png","width":300,"height":131,"caption":"Instituto Global Attitude"},"image":{"@id":"https:\/\/globalattitude.org.br\/en\/#\/schema\/logo\/image\/"},"sameAs":["https:\/\/www.facebook.com\/global.attitude.org\/","https:\/\/x.com\/global_attitude","https:\/\/www.instagram.com\/globalattitude","https:\/\/www.linkedin.com\/company\/global-attitude\/?viewAsMember=true"]},{"@type":"Person","@id":"https:\/\/globalattitude.org.br\/en\/#\/schema\/person\/d2d0edb26129b7407b05aa493af63725","name":"comunicacao","image":{"@type":"ImageObject","inLanguage":"en-US","@id":"https:\/\/secure.gravatar.com\/avatar\/a25dbef6d352d1355e632d9629c19165ddb3e176cbcb21ee573e3d96d011d16b?s=96&d=mm&r=g","url":"https:\/\/secure.gravatar.com\/avatar\/a25dbef6d352d1355e632d9629c19165ddb3e176cbcb21ee573e3d96d011d16b?s=96&d=mm&r=g","contentUrl":"https:\/\/secure.gravatar.com\/avatar\/a25dbef6d352d1355e632d9629c19165ddb3e176cbcb21ee573e3d96d011d16b?s=96&d=mm&r=g","caption":"comunicacao"},"url":"https:\/\/globalattitude.org.br\/en\/author\/comunicacao\/"}]}},"_links":{"self":[{"href":"https:\/\/globalattitude.org.br\/en\/wp-json\/wp\/v2\/posts\/11227","targetHints":{"allow":["GET"]}}],"collection":[{"href":"https:\/\/globalattitude.org.br\/en\/wp-json\/wp\/v2\/posts"}],"about":[{"href":"https:\/\/globalattitude.org.br\/en\/wp-json\/wp\/v2\/types\/post"}],"author":[{"embeddable":true,"href":"https:\/\/globalattitude.org.br\/en\/wp-json\/wp\/v2\/users\/4"}],"replies":[{"embeddable":true,"href":"https:\/\/globalattitude.org.br\/en\/wp-json\/wp\/v2\/comments?post=11227"}],"version-history":[{"count":6,"href":"https:\/\/globalattitude.org.br\/en\/wp-json\/wp\/v2\/posts\/11227\/revisions"}],"predecessor-version":[{"id":11239,"href":"https:\/\/globalattitude.org.br\/en\/wp-json\/wp\/v2\/posts\/11227\/revisions\/11239"}],"wp:attachment":[{"href":"https:\/\/globalattitude.org.br\/en\/wp-json\/wp\/v2\/media?parent=11227"}],"wp:term":[{"taxonomy":"category","embeddable":true,"href":"https:\/\/globalattitude.org.br\/en\/wp-json\/wp\/v2\/categories?post=11227"},{"taxonomy":"post_tag","embeddable":true,"href":"https:\/\/globalattitude.org.br\/en\/wp-json\/wp\/v2\/tags?post=11227"}],"curies":[{"name":"wp","href":"https:\/\/api.w.org\/{rel}","templated":true}]}}