{"id":1211,"date":"2016-06-23T18:13:31","date_gmt":"2016-06-23T21:13:31","guid":{"rendered":"https:\/\/globalattitude.org.br\/diplomacia-civil-abre-inscricoes-para-compor-delegacao-brasileira-em-evento-da-omc\/"},"modified":"2023-03-10T10:06:15","modified_gmt":"2023-03-10T13:06:15","slug":"diplomacia-civil-abre-inscricoes-para-compor-delegacao-brasileira-em-evento-da-omc","status":"publish","type":"post","link":"https:\/\/globalattitude.org.br\/en\/diplomacia-civil-abre-inscricoes-para-compor-delegacao-brasileira-em-evento-da-omc\/","title":{"rendered":"Diplomacia Civil abre inscri\u00e7\u00f5es para compor delega\u00e7\u00e3o brasileira em evento da OMC"},"content":{"rendered":"<p>Est\u00e3o abertas as inscri\u00e7\u00f5es para jovens com idade de 18 a 30 anos para participar do <a href=\"https:\/\/www.wto.org\/english\/forums_e\/public_forum16_e\/public_forum16_e.htm\">Public Forum<\/a>, evento da Organiza\u00e7\u00e3o Mundial do Com\u00e9rcio, como parte da delega\u00e7\u00e3o brasileira. A viagem acontece de 25 de setembro a 1 de outubro, em Genebra (Su\u00ed\u00e7a).<\/p>\n<p>O programa <strong>Diplomacia Civil<\/strong> busca oito candidatos interessados em assuntos sobre com\u00e9rcio mundial e que tenham passaporte v\u00e1lido. Os selecionados poder\u00e3o assistir a debates e palestras com l\u00edderes mundiais, al\u00e9m de contar com uma agenda de reuni\u00f5es exclusiva, organizada pelo programa.<\/p>\n<p><strong>O Public Forum<\/strong><br \/>\nO evento re\u00fane mais de 1.500 participantes anualmente e foca no debate de assuntos relacionados ao com\u00e9rcio mundial, propondo maneiras de melhorar o sistema multilateral e reunindo grandes executivos dos setores p\u00fablico, privado e social, acad\u00eamicos e representantes da pr\u00f3pria OMC.<\/p>\n<p>Este ano, o Public Forum completa 15 anos e ter\u00e1 como tema <strong>&#8220;Com\u00e9rcio Inclusivo&#8221;<\/strong>, com discuss\u00f5es sobre como o sistema de com\u00e9rcio pode dar suporte \u00e0 inova\u00e7\u00e3o, internet e governan\u00e7a, novas tecnologias, pa\u00edses em desenvolvimento e participa\u00e7\u00e3o ativa da mulher no com\u00e9rcio mundial.<\/p>\n<p><strong><a href=\"http:\/\/globalattitude.org.br\/wp-content\/uploads\/2023\/03\/OMC-1.jpg\" rel=\"attachment wp-att-2451\"><img fetchpriority=\"high\" decoding=\"async\" class=\"alignleft wp-image-2451\" src=\"http:\/\/globalattitude.org.br\/wp-content\/uploads\/2023\/03\/OMC-1-300x129.jpg\" alt=\"OMC\" width=\"500\" height=\"215\" \/><\/a>Como participar<\/strong><br \/>\nO interessado em se candidatar deve preencher o formul\u00e1rio dispon\u00edvel <a href=\"http:\/\/blog.globalattitude.org.br\/inscricoes\/\">neste link<\/a> at\u00e9 o dia <strong>30 de junho<\/strong> (quinta-feira), <strong>\u00e0s 18h<\/strong>. S\u00e3o oito vagas no total e, como parte da sele\u00e7\u00e3o, o candidato deve explicar sua motiva\u00e7\u00e3o e sugerir um artigo que ser\u00e1 desenvolvido durante a prepara\u00e7\u00e3o para a viagem.<\/p>\n<p>Os crit\u00e9rios de avalia\u00e7\u00e3o levam em conta o curr\u00edculo, motiva\u00e7\u00e3o pessoal e profissional e proposta de tema para a produ\u00e7\u00e3o de um artigo de opini\u00e3o. Os selecionados participar\u00e3o, ainda, de workshops de capacita\u00e7\u00e3o.<\/p>\n<p>O programa \u00e9 pago e inclui o credenciamento no evento, passagens a\u00e9reas de ida e volta, translado aeroporto-hotel, acomoda\u00e7\u00e3o em hotel, seguro sa\u00fade, assist\u00eancia na emiss\u00e3o de visto, workshops de capacita\u00e7\u00e3o, supervis\u00e3o e orienta\u00e7\u00e3o para reda\u00e7\u00e3o do artigo de pesquisa, cart\u00e3o de visita personalizado, certificado de participa\u00e7\u00e3o e acompanhamento de um coordenador do Instituto Global Attitude.<\/p>\n<p>N\u00e3o perca esta chance, inscreva-se!<\/p>\n<p><strong>Leia mais: <a href=\"http:\/\/blog.globalattitude.org.br\/services-1\/\">Diplomacia Civil &#8211; perguntas frequentes<\/a><\/strong><br \/>\n<strong><a href=\"http:\/\/blog.globalattitude.org.br\/com-tema-sobre-sustentabilidade-delegacao-conta-tudo-sobre-european-development-days\/\">Com tema sobre sustentabilidade, delega\u00e7\u00e3o conta tudo sobre o European Development Days<\/a><\/strong><br \/>\n<strong><a href=\"http:\/\/blog.globalattitude.org.br\/nobel-da-paz-jose-serra-e-embaixadores-delegacao-conta-vivencias-no-oecd-forum-2016\/\">Nobel da Paz, Jos\u00e9 Serra e Embaixadores: delega\u00e7\u00e3o conta viv\u00eancias no OECD Forum 2016<\/a><\/strong><br \/>\n<strong><a href=\"http:\/\/blog.globalattitude.org.br\/2151-2\/\">Spring Meetings 2016: Delega\u00e7\u00e3o brasileira comenta sobre experi\u00eancias no evento<\/a><\/strong><\/p>\n","protected":false},"excerpt":{"rendered":"<p>Est\u00e3o abertas as inscri\u00e7\u00f5es para jovens com idade de 18 a 30 anos para participar do Public Forum, evento da Organiza\u00e7\u00e3o Mundial do Com\u00e9rcio, como parte da delega\u00e7\u00e3o brasileira. A viagem acontece de 25 de setembro a 1 de outubro, em Genebra (Su\u00ed\u00e7a). O programa Diplomacia Civil busca oito candidatos interessados em assuntos sobre com\u00e9rcio [&hellip;]<\/p>\n","protected":false},"author":1,"featured_media":1212,"comment_status":"open","ping_status":"open","sticky":false,"template":"","format":"standard","meta":{"_acf_changed":false,"om_disable_all_campaigns":false,"_monsterinsights_skip_tracking":false,"_monsterinsights_sitenote_active":false,"_monsterinsights_sitenote_note":"","_monsterinsights_sitenote_category":0,"_uf_show_specific_survey":0,"_uf_disable_surveys":false,"footnotes":""},"categories":[22,34],"tags":[],"class_list":["post-1211","post","type-post","status-publish","format-standard","hentry","category-programas","category-ultimas"],"acf":[],"aioseo_notices":[],"yoast_head":"<!-- This site is optimized with the Yoast SEO plugin v27.5 - https:\/\/yoast.com\/product\/yoast-seo-wordpress\/ -->\n<title>Diplomacia Civil abre inscri\u00e7\u00f5es para compor delega\u00e7\u00e3o brasileira em evento da OMC - Instituto Global Attitude<\/title>\n<meta name=\"robots\" content=\"index, follow, max-snippet:-1, max-image-preview:large, max-video-preview:-1\" \/>\n<link rel=\"canonical\" href=\"https:\/\/globalattitude.org.br\/diplomacia-civil-abre-inscricoes-para-compor-delegacao-brasileira-em-evento-da-omc\/\" \/>\n<meta property=\"og:locale\" content=\"en_US\" \/>\n<meta property=\"og:type\" content=\"article\" \/>\n<meta property=\"og:title\" content=\"Diplomacia Civil abre inscri\u00e7\u00f5es para compor delega\u00e7\u00e3o brasileira em evento da OMC - Instituto Global Attitude\" \/>\n<meta property=\"og:description\" content=\"Est\u00e3o abertas as inscri\u00e7\u00f5es para jovens com idade de 18 a 30 anos para participar do Public Forum, evento da Organiza\u00e7\u00e3o Mundial do Com\u00e9rcio, como parte da delega\u00e7\u00e3o brasileira. A viagem acontece de 25 de setembro a 1 de outubro, em Genebra (Su\u00ed\u00e7a). O programa Diplomacia Civil busca oito candidatos interessados em assuntos sobre com\u00e9rcio [&hellip;]\" \/>\n<meta property=\"og:url\" content=\"https:\/\/globalattitude.org.br\/diplomacia-civil-abre-inscricoes-para-compor-delegacao-brasileira-em-evento-da-omc\/\" \/>\n<meta property=\"og:site_name\" content=\"Instituto Global Attitude\" \/>\n<meta property=\"article:publisher\" content=\"https:\/\/www.facebook.com\/global.attitude.org\/\" \/>\n<meta property=\"article:published_time\" content=\"2016-06-23T21:13:31+00:00\" \/>\n<meta property=\"article:modified_time\" content=\"2023-03-10T13:06:15+00:00\" \/>\n<meta property=\"og:image\" content=\"https:\/\/globalattitude.org.br\/wp-content\/uploads\/2023\/03\/OMC-1.jpg\" \/>\n\t<meta property=\"og:image:width\" content=\"769\" \/>\n\t<meta property=\"og:image:height\" content=\"331\" \/>\n\t<meta property=\"og:image:type\" content=\"image\/jpeg\" \/>\n<meta name=\"author\" content=\"123esite\" \/>\n<meta name=\"twitter:card\" content=\"summary_large_image\" \/>\n<meta name=\"twitter:creator\" content=\"@global_attitude\" \/>\n<meta name=\"twitter:site\" content=\"@global_attitude\" \/>\n<meta name=\"twitter:label1\" content=\"Written by\" \/>\n\t<meta name=\"twitter:data1\" content=\"123esite\" \/>\n\t<meta name=\"twitter:label2\" content=\"Est. reading time\" \/>\n\t<meta name=\"twitter:data2\" content=\"2 minutes\" \/>\n<script type=\"application\/ld+json\" class=\"yoast-schema-graph\">{\"@context\":\"https:\\\/\\\/schema.org\",\"@graph\":[{\"@type\":[\"Article\",\"BlogPosting\"],\"@id\":\"https:\\\/\\\/globalattitude.org.br\\\/diplomacia-civil-abre-inscricoes-para-compor-delegacao-brasileira-em-evento-da-omc\\\/#article\",\"isPartOf\":{\"@id\":\"https:\\\/\\\/globalattitude.org.br\\\/diplomacia-civil-abre-inscricoes-para-compor-delegacao-brasileira-em-evento-da-omc\\\/\"},\"author\":{\"name\":\"123esite\",\"@id\":\"https:\\\/\\\/globalattitude.org.br\\\/en\\\/#\\\/schema\\\/person\\\/6d308f9d9d1eebad0278ad9386f13169\"},\"headline\":\"Diplomacia Civil abre inscri\u00e7\u00f5es para compor delega\u00e7\u00e3o brasileira em evento da OMC\",\"datePublished\":\"2016-06-23T21:13:31+00:00\",\"dateModified\":\"2023-03-10T13:06:15+00:00\",\"mainEntityOfPage\":{\"@id\":\"https:\\\/\\\/globalattitude.org.br\\\/diplomacia-civil-abre-inscricoes-para-compor-delegacao-brasileira-em-evento-da-omc\\\/\"},\"wordCount\":419,\"commentCount\":0,\"publisher\":{\"@id\":\"https:\\\/\\\/globalattitude.org.br\\\/en\\\/#organization\"},\"image\":{\"@id\":\"https:\\\/\\\/globalattitude.org.br\\\/diplomacia-civil-abre-inscricoes-para-compor-delegacao-brasileira-em-evento-da-omc\\\/#primaryimage\"},\"thumbnailUrl\":\"https:\\\/\\\/globalattitude.org.br\\\/wp-content\\\/uploads\\\/2023\\\/03\\\/OMC-1.jpg\",\"articleSection\":[\"Programas\",\"\u00daltimas\"],\"inLanguage\":\"en-US\",\"potentialAction\":[{\"@type\":\"CommentAction\",\"name\":\"Comment\",\"target\":[\"https:\\\/\\\/globalattitude.org.br\\\/diplomacia-civil-abre-inscricoes-para-compor-delegacao-brasileira-em-evento-da-omc\\\/#respond\"]}]},{\"@type\":\"WebPage\",\"@id\":\"https:\\\/\\\/globalattitude.org.br\\\/diplomacia-civil-abre-inscricoes-para-compor-delegacao-brasileira-em-evento-da-omc\\\/\",\"url\":\"https:\\\/\\\/globalattitude.org.br\\\/diplomacia-civil-abre-inscricoes-para-compor-delegacao-brasileira-em-evento-da-omc\\\/\",\"name\":\"Diplomacia Civil abre inscri\u00e7\u00f5es para compor delega\u00e7\u00e3o brasileira em evento da OMC - Instituto Global Attitude\",\"isPartOf\":{\"@id\":\"https:\\\/\\\/globalattitude.org.br\\\/en\\\/#website\"},\"primaryImageOfPage\":{\"@id\":\"https:\\\/\\\/globalattitude.org.br\\\/diplomacia-civil-abre-inscricoes-para-compor-delegacao-brasileira-em-evento-da-omc\\\/#primaryimage\"},\"image\":{\"@id\":\"https:\\\/\\\/globalattitude.org.br\\\/diplomacia-civil-abre-inscricoes-para-compor-delegacao-brasileira-em-evento-da-omc\\\/#primaryimage\"},\"thumbnailUrl\":\"https:\\\/\\\/globalattitude.org.br\\\/wp-content\\\/uploads\\\/2023\\\/03\\\/OMC-1.jpg\",\"datePublished\":\"2016-06-23T21:13:31+00:00\",\"dateModified\":\"2023-03-10T13:06:15+00:00\",\"breadcrumb\":{\"@id\":\"https:\\\/\\\/globalattitude.org.br\\\/diplomacia-civil-abre-inscricoes-para-compor-delegacao-brasileira-em-evento-da-omc\\\/#breadcrumb\"},\"inLanguage\":\"en-US\",\"potentialAction\":[{\"@type\":\"ReadAction\",\"target\":[\"https:\\\/\\\/globalattitude.org.br\\\/diplomacia-civil-abre-inscricoes-para-compor-delegacao-brasileira-em-evento-da-omc\\\/\"]}]},{\"@type\":\"ImageObject\",\"inLanguage\":\"en-US\",\"@id\":\"https:\\\/\\\/globalattitude.org.br\\\/diplomacia-civil-abre-inscricoes-para-compor-delegacao-brasileira-em-evento-da-omc\\\/#primaryimage\",\"url\":\"https:\\\/\\\/globalattitude.org.br\\\/wp-content\\\/uploads\\\/2023\\\/03\\\/OMC-1.jpg\",\"contentUrl\":\"https:\\\/\\\/globalattitude.org.br\\\/wp-content\\\/uploads\\\/2023\\\/03\\\/OMC-1.jpg\",\"width\":769,\"height\":331},{\"@type\":\"BreadcrumbList\",\"@id\":\"https:\\\/\\\/globalattitude.org.br\\\/diplomacia-civil-abre-inscricoes-para-compor-delegacao-brasileira-em-evento-da-omc\\\/#breadcrumb\",\"itemListElement\":[{\"@type\":\"ListItem\",\"position\":1,\"name\":\"In\u00edcio\",\"item\":\"https:\\\/\\\/globalattitude.org.br\\\/en\\\/\"},{\"@type\":\"ListItem\",\"position\":2,\"name\":\"Diplomacia Civil abre inscri\u00e7\u00f5es para compor delega\u00e7\u00e3o brasileira em evento da OMC\"}]},{\"@type\":\"WebSite\",\"@id\":\"https:\\\/\\\/globalattitude.org.br\\\/en\\\/#website\",\"url\":\"https:\\\/\\\/globalattitude.org.br\\\/en\\\/\",\"name\":\"Instituto Global Attitude\",\"description\":\"\",\"publisher\":{\"@id\":\"https:\\\/\\\/globalattitude.org.br\\\/en\\\/#organization\"},\"potentialAction\":[{\"@type\":\"SearchAction\",\"target\":{\"@type\":\"EntryPoint\",\"urlTemplate\":\"https:\\\/\\\/globalattitude.org.br\\\/en\\\/?s={search_term_string}\"},\"query-input\":{\"@type\":\"PropertyValueSpecification\",\"valueRequired\":true,\"valueName\":\"search_term_string\"}}],\"inLanguage\":\"en-US\"},{\"@type\":\"Organization\",\"@id\":\"https:\\\/\\\/globalattitude.org.br\\\/en\\\/#organization\",\"name\":\"Instituto Global Attitude\",\"url\":\"https:\\\/\\\/globalattitude.org.br\\\/en\\\/\",\"logo\":{\"@type\":\"ImageObject\",\"inLanguage\":\"en-US\",\"@id\":\"https:\\\/\\\/globalattitude.org.br\\\/en\\\/#\\\/schema\\\/logo\\\/image\\\/\",\"url\":\"https:\\\/\\\/globalattitude.org.br\\\/wp-content\\\/uploads\\\/2023\\\/01\\\/instituto-global-attitude-color.png\",\"contentUrl\":\"https:\\\/\\\/globalattitude.org.br\\\/wp-content\\\/uploads\\\/2023\\\/01\\\/instituto-global-attitude-color.png\",\"width\":300,\"height\":131,\"caption\":\"Instituto Global Attitude\"},\"image\":{\"@id\":\"https:\\\/\\\/globalattitude.org.br\\\/en\\\/#\\\/schema\\\/logo\\\/image\\\/\"},\"sameAs\":[\"https:\\\/\\\/www.facebook.com\\\/global.attitude.org\\\/\",\"https:\\\/\\\/x.com\\\/global_attitude\",\"https:\\\/\\\/www.instagram.com\\\/globalattitude\",\"https:\\\/\\\/www.linkedin.com\\\/company\\\/global-attitude\\\/?viewAsMember=true\"]},{\"@type\":\"Person\",\"@id\":\"https:\\\/\\\/globalattitude.org.br\\\/en\\\/#\\\/schema\\\/person\\\/6d308f9d9d1eebad0278ad9386f13169\",\"name\":\"123esite\",\"image\":{\"@type\":\"ImageObject\",\"inLanguage\":\"en-US\",\"@id\":\"https:\\\/\\\/secure.gravatar.com\\\/avatar\\\/07bd71fac19f42004f2b73567f012e126689afdb23cb0017536dea9113ba1806?s=96&d=mm&r=g\",\"url\":\"https:\\\/\\\/secure.gravatar.com\\\/avatar\\\/07bd71fac19f42004f2b73567f012e126689afdb23cb0017536dea9113ba1806?s=96&d=mm&r=g\",\"contentUrl\":\"https:\\\/\\\/secure.gravatar.com\\\/avatar\\\/07bd71fac19f42004f2b73567f012e126689afdb23cb0017536dea9113ba1806?s=96&d=mm&r=g\",\"caption\":\"123esite\"},\"sameAs\":[\"http:\\\/\\\/globalattitude.org.br\"],\"url\":\"https:\\\/\\\/globalattitude.org.br\\\/en\\\/author\\\/123esite\\\/\"}]}<\/script>\n<!-- \/ Yoast SEO plugin. -->","yoast_head_json":{"title":"Diplomacia Civil abre inscri\u00e7\u00f5es para compor delega\u00e7\u00e3o brasileira em evento da OMC - Instituto Global Attitude","robots":{"index":"index","follow":"follow","max-snippet":"max-snippet:-1","max-image-preview":"max-image-preview:large","max-video-preview":"max-video-preview:-1"},"canonical":"https:\/\/globalattitude.org.br\/diplomacia-civil-abre-inscricoes-para-compor-delegacao-brasileira-em-evento-da-omc\/","og_locale":"en_US","og_type":"article","og_title":"Diplomacia Civil abre inscri\u00e7\u00f5es para compor delega\u00e7\u00e3o brasileira em evento da OMC - Instituto Global Attitude","og_description":"Est\u00e3o abertas as inscri\u00e7\u00f5es para jovens com idade de 18 a 30 anos para participar do Public Forum, evento da Organiza\u00e7\u00e3o Mundial do Com\u00e9rcio, como parte da delega\u00e7\u00e3o brasileira. A viagem acontece de 25 de setembro a 1 de outubro, em Genebra (Su\u00ed\u00e7a). O programa Diplomacia Civil busca oito candidatos interessados em assuntos sobre com\u00e9rcio [&hellip;]","og_url":"https:\/\/globalattitude.org.br\/diplomacia-civil-abre-inscricoes-para-compor-delegacao-brasileira-em-evento-da-omc\/","og_site_name":"Instituto Global Attitude","article_publisher":"https:\/\/www.facebook.com\/global.attitude.org\/","article_published_time":"2016-06-23T21:13:31+00:00","article_modified_time":"2023-03-10T13:06:15+00:00","og_image":[{"width":769,"height":331,"url":"https:\/\/globalattitude.org.br\/wp-content\/uploads\/2023\/03\/OMC-1.jpg","type":"image\/jpeg"}],"author":"123esite","twitter_card":"summary_large_image","twitter_creator":"@global_attitude","twitter_site":"@global_attitude","twitter_misc":{"Written by":"123esite","Est. reading time":"2 minutes"},"schema":{"@context":"https:\/\/schema.org","@graph":[{"@type":["Article","BlogPosting"],"@id":"https:\/\/globalattitude.org.br\/diplomacia-civil-abre-inscricoes-para-compor-delegacao-brasileira-em-evento-da-omc\/#article","isPartOf":{"@id":"https:\/\/globalattitude.org.br\/diplomacia-civil-abre-inscricoes-para-compor-delegacao-brasileira-em-evento-da-omc\/"},"author":{"name":"123esite","@id":"https:\/\/globalattitude.org.br\/en\/#\/schema\/person\/6d308f9d9d1eebad0278ad9386f13169"},"headline":"Diplomacia Civil abre inscri\u00e7\u00f5es para compor delega\u00e7\u00e3o brasileira em evento da OMC","datePublished":"2016-06-23T21:13:31+00:00","dateModified":"2023-03-10T13:06:15+00:00","mainEntityOfPage":{"@id":"https:\/\/globalattitude.org.br\/diplomacia-civil-abre-inscricoes-para-compor-delegacao-brasileira-em-evento-da-omc\/"},"wordCount":419,"commentCount":0,"publisher":{"@id":"https:\/\/globalattitude.org.br\/en\/#organization"},"image":{"@id":"https:\/\/globalattitude.org.br\/diplomacia-civil-abre-inscricoes-para-compor-delegacao-brasileira-em-evento-da-omc\/#primaryimage"},"thumbnailUrl":"https:\/\/globalattitude.org.br\/wp-content\/uploads\/2023\/03\/OMC-1.jpg","articleSection":["Programas","\u00daltimas"],"inLanguage":"en-US","potentialAction":[{"@type":"CommentAction","name":"Comment","target":["https:\/\/globalattitude.org.br\/diplomacia-civil-abre-inscricoes-para-compor-delegacao-brasileira-em-evento-da-omc\/#respond"]}]},{"@type":"WebPage","@id":"https:\/\/globalattitude.org.br\/diplomacia-civil-abre-inscricoes-para-compor-delegacao-brasileira-em-evento-da-omc\/","url":"https:\/\/globalattitude.org.br\/diplomacia-civil-abre-inscricoes-para-compor-delegacao-brasileira-em-evento-da-omc\/","name":"Diplomacia Civil abre inscri\u00e7\u00f5es para compor delega\u00e7\u00e3o brasileira em evento da OMC - Instituto Global Attitude","isPartOf":{"@id":"https:\/\/globalattitude.org.br\/en\/#website"},"primaryImageOfPage":{"@id":"https:\/\/globalattitude.org.br\/diplomacia-civil-abre-inscricoes-para-compor-delegacao-brasileira-em-evento-da-omc\/#primaryimage"},"image":{"@id":"https:\/\/globalattitude.org.br\/diplomacia-civil-abre-inscricoes-para-compor-delegacao-brasileira-em-evento-da-omc\/#primaryimage"},"thumbnailUrl":"https:\/\/globalattitude.org.br\/wp-content\/uploads\/2023\/03\/OMC-1.jpg","datePublished":"2016-06-23T21:13:31+00:00","dateModified":"2023-03-10T13:06:15+00:00","breadcrumb":{"@id":"https:\/\/globalattitude.org.br\/diplomacia-civil-abre-inscricoes-para-compor-delegacao-brasileira-em-evento-da-omc\/#breadcrumb"},"inLanguage":"en-US","potentialAction":[{"@type":"ReadAction","target":["https:\/\/globalattitude.org.br\/diplomacia-civil-abre-inscricoes-para-compor-delegacao-brasileira-em-evento-da-omc\/"]}]},{"@type":"ImageObject","inLanguage":"en-US","@id":"https:\/\/globalattitude.org.br\/diplomacia-civil-abre-inscricoes-para-compor-delegacao-brasileira-em-evento-da-omc\/#primaryimage","url":"https:\/\/globalattitude.org.br\/wp-content\/uploads\/2023\/03\/OMC-1.jpg","contentUrl":"https:\/\/globalattitude.org.br\/wp-content\/uploads\/2023\/03\/OMC-1.jpg","width":769,"height":331},{"@type":"BreadcrumbList","@id":"https:\/\/globalattitude.org.br\/diplomacia-civil-abre-inscricoes-para-compor-delegacao-brasileira-em-evento-da-omc\/#breadcrumb","itemListElement":[{"@type":"ListItem","position":1,"name":"In\u00edcio","item":"https:\/\/globalattitude.org.br\/en\/"},{"@type":"ListItem","position":2,"name":"Diplomacia Civil abre inscri\u00e7\u00f5es para compor delega\u00e7\u00e3o brasileira em evento da OMC"}]},{"@type":"WebSite","@id":"https:\/\/globalattitude.org.br\/en\/#website","url":"https:\/\/globalattitude.org.br\/en\/","name":"Instituto Global Attitude","description":"","publisher":{"@id":"https:\/\/globalattitude.org.br\/en\/#organization"},"potentialAction":[{"@type":"SearchAction","target":{"@type":"EntryPoint","urlTemplate":"https:\/\/globalattitude.org.br\/en\/?s={search_term_string}"},"query-input":{"@type":"PropertyValueSpecification","valueRequired":true,"valueName":"search_term_string"}}],"inLanguage":"en-US"},{"@type":"Organization","@id":"https:\/\/globalattitude.org.br\/en\/#organization","name":"Instituto Global Attitude","url":"https:\/\/globalattitude.org.br\/en\/","logo":{"@type":"ImageObject","inLanguage":"en-US","@id":"https:\/\/globalattitude.org.br\/en\/#\/schema\/logo\/image\/","url":"https:\/\/globalattitude.org.br\/wp-content\/uploads\/2023\/01\/instituto-global-attitude-color.png","contentUrl":"https:\/\/globalattitude.org.br\/wp-content\/uploads\/2023\/01\/instituto-global-attitude-color.png","width":300,"height":131,"caption":"Instituto Global Attitude"},"image":{"@id":"https:\/\/globalattitude.org.br\/en\/#\/schema\/logo\/image\/"},"sameAs":["https:\/\/www.facebook.com\/global.attitude.org\/","https:\/\/x.com\/global_attitude","https:\/\/www.instagram.com\/globalattitude","https:\/\/www.linkedin.com\/company\/global-attitude\/?viewAsMember=true"]},{"@type":"Person","@id":"https:\/\/globalattitude.org.br\/en\/#\/schema\/person\/6d308f9d9d1eebad0278ad9386f13169","name":"123esite","image":{"@type":"ImageObject","inLanguage":"en-US","@id":"https:\/\/secure.gravatar.com\/avatar\/07bd71fac19f42004f2b73567f012e126689afdb23cb0017536dea9113ba1806?s=96&d=mm&r=g","url":"https:\/\/secure.gravatar.com\/avatar\/07bd71fac19f42004f2b73567f012e126689afdb23cb0017536dea9113ba1806?s=96&d=mm&r=g","contentUrl":"https:\/\/secure.gravatar.com\/avatar\/07bd71fac19f42004f2b73567f012e126689afdb23cb0017536dea9113ba1806?s=96&d=mm&r=g","caption":"123esite"},"sameAs":["http:\/\/globalattitude.org.br"],"url":"https:\/\/globalattitude.org.br\/en\/author\/123esite\/"}]}},"_links":{"self":[{"href":"https:\/\/globalattitude.org.br\/en\/wp-json\/wp\/v2\/posts\/1211","targetHints":{"allow":["GET"]}}],"collection":[{"href":"https:\/\/globalattitude.org.br\/en\/wp-json\/wp\/v2\/posts"}],"about":[{"href":"https:\/\/globalattitude.org.br\/en\/wp-json\/wp\/v2\/types\/post"}],"author":[{"embeddable":true,"href":"https:\/\/globalattitude.org.br\/en\/wp-json\/wp\/v2\/users\/1"}],"replies":[{"embeddable":true,"href":"https:\/\/globalattitude.org.br\/en\/wp-json\/wp\/v2\/comments?post=1211"}],"version-history":[{"count":1,"href":"https:\/\/globalattitude.org.br\/en\/wp-json\/wp\/v2\/posts\/1211\/revisions"}],"predecessor-version":[{"id":1213,"href":"https:\/\/globalattitude.org.br\/en\/wp-json\/wp\/v2\/posts\/1211\/revisions\/1213"}],"wp:featuredmedia":[{"embeddable":true,"href":"https:\/\/globalattitude.org.br\/en\/wp-json\/wp\/v2\/media\/1212"}],"wp:attachment":[{"href":"https:\/\/globalattitude.org.br\/en\/wp-json\/wp\/v2\/media?parent=1211"}],"wp:term":[{"taxonomy":"category","embeddable":true,"href":"https:\/\/globalattitude.org.br\/en\/wp-json\/wp\/v2\/categories?post=1211"},{"taxonomy":"post_tag","embeddable":true,"href":"https:\/\/globalattitude.org.br\/en\/wp-json\/wp\/v2\/tags?post=1211"}],"curies":[{"name":"wp","href":"https:\/\/api.w.org\/{rel}","templated":true}]}}