{"id":1218,"date":"2016-06-24T20:12:04","date_gmt":"2016-06-24T23:12:04","guid":{"rendered":"https:\/\/globalattitude.org.br\/falta-de-representatividade-no-brexit-pode-virar-castigo-aos-mais-jovens\/"},"modified":"2023-03-10T10:06:32","modified_gmt":"2023-03-10T13:06:32","slug":"falta-de-representatividade-no-brexit-pode-virar-castigo-aos-mais-jovens","status":"publish","type":"post","link":"https:\/\/globalattitude.org.br\/en\/falta-de-representatividade-no-brexit-pode-virar-castigo-aos-mais-jovens\/","title":{"rendered":"Falta de representatividade no Brexit pode virar &#8216;castigo&#8217; aos mais jovens"},"content":{"rendered":"<p><strong>Colaborou Rodrigo Borges Delfim, do <a href=\"http:\/\/migramundo.com\/\">MigraMundo<\/a><\/strong><\/p>\n<p>O dia 24 de junho de 2016 ficar\u00e1 marcado na hist\u00f3ria do continente europeu, sendo conhecido como a oficializa\u00e7\u00e3o da sa\u00edda do Reino Unido da Uni\u00e3o Europeia. O resultado, <a href=\"http:\/\/blog.globalattitude.org.br\/tudo-o-que-voce-precisa-saber-sobre-o-brexit\/\">votado em referendo nesta quinta-feira (23)<\/a>, representa uma grande inquietude, desintegra\u00e7\u00e3o e ruptura da governan\u00e7a global e da democracia brit\u00e2nica.<\/p>\n<p>A decis\u00e3o chega em um momento turbulento para a Europa, pois, inevitavelmente, essa realidade apresenta uma nova forma de fazer pol\u00edtica, onde a for\u00e7a do <em>United Kingdom Independence Party<\/em> (UKIP) prevaleceu sobre ambi\u00e7\u00f5es supranacionais.<\/p>\n<p>Pode-se classificar a proposta do Brexit como antiquada e economicamente desafiadora, sendo fundamentada em propostas conservadoras. Por esta perspectiva, percebemos o in\u00edcio de uma \u201ccrise existencial\u201d para o continente europeu, podendo significar um mau exemplo para outros pa\u00edses e at\u00e9 alimentar grupos populistas, anti-isl\u00e2micos e anti-imigrat\u00f3rios.<\/p>\n<p>As tentativas em v\u00e3o de manter a Europa unida simplesmente n\u00e3o parecem ser suficientes para integrar uma bipolaridade t\u00e3o latente.<\/p>\n<p><a href=\"http:\/\/globalattitude.org.br\/wp-content\/uploads\/2023\/03\/rtr46bry-scaled.jpg\" rel=\"attachment wp-att-2442\"><img fetchpriority=\"high\" decoding=\"async\" class=\"alignleft wp-image-2442\" src=\"http:\/\/globalattitude.org.br\/wp-content\/uploads\/2023\/03\/rtr46bry-scaled.jpg\" alt=\"rtr46bry\" width=\"500\" height=\"375\" \/><\/a><\/p>\n<p>Para o resto do mundo, que observa a Europa como simplesmente um bloco econ\u00f4mico de livre mercado, trocas comerciais, pol\u00edticas ambientalistas e pol\u00edtica externa (lembremos das san\u00e7\u00f5es contra a R\u00fassia na Crimeia e as san\u00e7\u00f5es sobre as negocia\u00e7\u00f5es nucleares do Ir\u00e3), a sa\u00edda do Reino Unido s\u00f3 solidifica uma falha consider\u00e1vel nas plataformas democr\u00e1ticas de governan\u00e7a.<\/p>\n<p>O Reino Unido, conhecido por sua estabilidade pol\u00edtica, tem ganhado momentos de tens\u00f5es e instabilidade nos \u00faltimos meses, principalmente porque a ideia do Brexit ganhou for\u00e7a ap\u00f3s a diverg\u00eancia de opini\u00f5es e caracter\u00edsticas da popula\u00e7\u00e3o: de um lado, uma gera\u00e7\u00e3o mais nova, influente e cosmopolita (os <em>Britons), <\/em>e de outro uma parcela da popula\u00e7\u00e3o mais velha, pobre e menos educada, residente de regi\u00f5es rurais e industriais.<\/p>\n<p>A consequ\u00eancia disso \u00e9 que a popula\u00e7\u00e3o jovem, que em sua maioria votou a favor da perman\u00eancia, viver\u00e1 por mais tempo com esta decis\u00e3o, que n\u00e3o representa seus valores defendidos ou estilo de vida.<\/p>\n<p><strong>Brexit \u00e9 mais excludente e menos integracion\u00e1rio?<br \/>\n<\/strong>H\u00e1, ainda, a narrativa da principal pol\u00eamica: as pol\u00edticas anti-imigra\u00e7\u00e3o. A campanha de perman\u00eancia do Reino Unido na UE via as for\u00e7as de imigra\u00e7\u00e3o como um benef\u00edcio \u00e0 liberdade econ\u00f4mica, o cosmopolitismo e a multiculturalidade, al\u00e9m do respeito aos direitos humanos e liberdades fundamentais.<\/p>\n<p>A campanha de sa\u00edda do Reino Unido, por sua vez, entendia isso como uma forma de desestabiliza\u00e7\u00e3o do sal\u00e1rio m\u00ednimo, do servi\u00e7o p\u00fablico, das pol\u00edticas conservadoras e um mal de longo prazo da soberania e identidade nacional. Uma vis\u00e3o que \u00e9, inclusive, desmentida por estudos diversos, inclusive de universidades brit\u00e2nicas, mas que conquistou apoio suficiente do eleitorado para sair vitoriosa \u2013 ainda que por uma margem estreita.<\/p>\n<p>O que de fato o Brexit representou foi uma polariza\u00e7\u00e3o pol\u00edtica de protecionismo e conservadorismo. O UKIP, partido de extrema direta que liderou a campanha anti-imigra\u00e7\u00e3o e contra a presen\u00e7a dos refugiados, conseguiu trazer uma pol\u00edtica similar \u00e0 tentativa de Donald Trump, agora na corrida presidencial norte-americana. Pol\u00edtica essa que tamb\u00e9m pode ser notada em outros pa\u00edses europeus e que deve ganhar for\u00e7a com a vit\u00f3ria do Brexit, com potencial para repercutir al\u00e9m dos limites do continente.<\/p>\n<p>A polariza\u00e7\u00e3o de elites e a diminui\u00e7\u00e3o de valores multilaterais e multiculturais n\u00e3o afeta somente a identidade, agora t\u00e3o miscigenada do Reino Unido, mas tamb\u00e9m fere o futuro de uma na\u00e7\u00e3o, da qual foi moldada pela inclus\u00e3o e pelo apoio intercultural. Em suma, representa um grande retrocesso no qual tais valores perdem espa\u00e7o para o \u00f3dio e para desconfian\u00e7a e criminaliza\u00e7\u00e3o do outro \u2013 que pode ser o negro, o imigrante, o homossexual, o mu\u00e7ulmano ou qualquer outro considerado \u201cdiferente\u201d.<\/p>\n<p><strong>O que a juventude e a sociedade civil t\u00eam a dizer<br \/>\n<\/strong>De acordo com o<a href=\"http:\/\/www.theguardian.com\/politics\/2016\/jun\/24\/meet-the-75-young-people-who-voted-to-remain-in-eu?CMP=fb_gu\"> The Guardian<\/a>, 75% da parcela de jovens votantes de 18 a 24 anos de todo o Reino Unido votou a favor da perman\u00eancia na Uni\u00e3o Europeia. Essa parcela \u00e9 bem mais representativa do que os 52% que retiraram o Reino Unido do bloco. E por qu\u00ea?<\/p>\n<p>Simplesmente pelo motivo da vit\u00f3ria do Brexit ser definida por uma maioria de pessoas, das quais, motivadas pelos partidos de extrema direita, de ordenamentos separatistas, nacionalistas, conservadores e xen\u00f3fobos, conseguiram alcan\u00e7ar uma parcela da popula\u00e7\u00e3o, que possu\u00eda uma elevada taxa de baixa escolaridade e j\u00e1 de elevada idade. Isso quer dizer que, ao curso dos pr\u00f3ximos anos, n\u00e3o ser\u00e3o as pessoas que votaram pelo \u2018sim\u2019, que ir\u00e3o colher as consequ\u00eancias dos atos do \u00faltimo dia 24, mas sim, a popula\u00e7\u00e3o jovem, maioria, que votou pelo \u2018n\u00e3o\u2019.<\/p>\n<p>Al\u00e9m de m\u00e1 representada, injustamente enquadrada e indesejada, a comunidade jovem, imigrante, trabalhadora, a classe m\u00e9dia e a maior parcela representativa da sociedade civil inglesa sofrer\u00e1, tanto politicamente quanto economica e educacionalmente, pela escolha de uma \u2018maioria\u2019 qualificada, que nada apresenta.<\/p>\n<div id=\"attachment_2444\" style=\"width: 510px\" class=\"wp-caption alignleft\"><a href=\"http:\/\/globalattitude.org.br\/wp-content\/uploads\/2023\/03\/the-boss-of-lloyds-thinks-a-brexit-could-be-a-good-idea-for-britain.jpg\" rel=\"attachment wp-att-2444\"><img decoding=\"async\" aria-describedby=\"caption-attachment-2444\" class=\"wp-image-2444\" src=\"http:\/\/globalattitude.org.br\/wp-content\/uploads\/2023\/03\/the-boss-of-lloyds-thinks-a-brexit-could-be-a-good-idea-for-britain-300x225.jpg\" alt=\"the-boss-of-lloyds-thinks-a-brexit-could-be-a-good-idea-for-britain\" width=\"500\" height=\"375\" \/><\/a><p id=\"caption-attachment-2444\" class=\"wp-caption-text\">Foto: Oli Scarff \/Getty Images<\/p><\/div>\n<p><strong>Crise europeia e consequ\u00eancias imediatas do Brexit<br \/>\n<\/strong>Sobretudo, a crise existencial da Europa e sua esquizofrenia pol\u00edtica possuem um futuro incerto, no sentido demogr\u00e1fico, econ\u00f4mico e geopol\u00edtico. Muitos dos desafios que a globaliza\u00e7\u00e3o traz agora se desenvolvem com mais permeabilidade (imigra\u00e7\u00e3o, competitividade de trocas comerciais, novas tecnologias, direitos humanos).<\/p>\n<p>Otimistas observar\u00e3o o Brexit como um novo come\u00e7o para a Europa &#8211; ou quase uma terapia de choque sem anestesia -, a qual busca um novo modelo de governan\u00e7a e independ\u00eancia, enquanto preservam as realidades individuais e coletivas europeias, como a abertura de mercados e fronteiras.<\/p>\n<p>Na realidade, essa crise chega mesmo com o oposto de otimismo. A realidade inevit\u00e1vel de menos com\u00e9rcio, menos multiculturalismo, mais protecionismo e uma desintegra\u00e7\u00e3o de valores europeus que, at\u00e9 ent\u00e3o, eram indivis\u00edveis, hoje, come\u00e7a a tomar uma forma excludente, de propor\u00e7\u00f5es das quais ainda temos que acompanhar.<\/p>\n<p>Em um continente que h\u00e1 menos de 30 anos atr\u00e1s celebrava a queda do Muro de Berlim, a expans\u00e3o e prov\u00e1vel consolida\u00e7\u00e3o de tais pol\u00edticas representam um grande retrocesso e a constru\u00e7\u00e3o de novos muros \u2013 sociais, pol\u00edticos, econ\u00f4micos e culturais. Barreiras essas que s\u00e3o bem mais dif\u00edceis de serem derrubadas do que os muros de concreto.<\/p>\n<p><strong>Leia mais: <a href=\"http:\/\/blog.globalattitude.org.br\/tudo-o-que-voce-precisa-saber-sobre-o-brexit\/\">Tudo o que voc\u00ea precisa saber sobre o Brexit<\/a><\/strong><\/p>\n","protected":false},"excerpt":{"rendered":"<p>Colaborou Rodrigo Borges Delfim, do MigraMundo O dia 24 de junho de 2016 ficar\u00e1 marcado na hist\u00f3ria do continente europeu, sendo conhecido como a oficializa\u00e7\u00e3o da sa\u00edda do Reino Unido da Uni\u00e3o Europeia. O resultado, votado em referendo nesta quinta-feira (23), representa uma grande inquietude, desintegra\u00e7\u00e3o e ruptura da governan\u00e7a global e da democracia brit\u00e2nica. [&hellip;]<\/p>\n","protected":false},"author":1,"featured_media":1219,"comment_status":"open","ping_status":"open","sticky":false,"template":"","format":"standard","meta":{"_acf_changed":false,"om_disable_all_campaigns":false,"_monsterinsights_skip_tracking":false,"_monsterinsights_sitenote_active":false,"_monsterinsights_sitenote_note":"","_monsterinsights_sitenote_category":0,"_uf_show_specific_survey":0,"_uf_disable_surveys":false,"footnotes":""},"categories":[35,34],"tags":[],"class_list":["post-1218","post","type-post","status-publish","format-standard","hentry","category-opiniao","category-ultimas"],"acf":[],"aioseo_notices":[],"yoast_head":"<!-- This site is optimized with the Yoast SEO plugin v27.5 - https:\/\/yoast.com\/product\/yoast-seo-wordpress\/ -->\n<title>Falta de representatividade no Brexit pode virar &#039;castigo&#039; aos mais jovens - Instituto Global Attitude<\/title>\n<meta name=\"robots\" content=\"index, follow, max-snippet:-1, max-image-preview:large, max-video-preview:-1\" \/>\n<link rel=\"canonical\" href=\"https:\/\/globalattitude.org.br\/falta-de-representatividade-no-brexit-pode-virar-castigo-aos-mais-jovens\/\" \/>\n<meta property=\"og:locale\" content=\"en_US\" \/>\n<meta property=\"og:type\" content=\"article\" \/>\n<meta property=\"og:title\" content=\"Falta de representatividade no Brexit pode virar &#039;castigo&#039; aos mais jovens - Instituto Global Attitude\" \/>\n<meta property=\"og:description\" content=\"Colaborou Rodrigo Borges Delfim, do MigraMundo O dia 24 de junho de 2016 ficar\u00e1 marcado na hist\u00f3ria do continente europeu, sendo conhecido como a oficializa\u00e7\u00e3o da sa\u00edda do Reino Unido da Uni\u00e3o Europeia. O resultado, votado em referendo nesta quinta-feira (23), representa uma grande inquietude, desintegra\u00e7\u00e3o e ruptura da governan\u00e7a global e da democracia brit\u00e2nica. [&hellip;]\" \/>\n<meta property=\"og:url\" content=\"https:\/\/globalattitude.org.br\/falta-de-representatividade-no-brexit-pode-virar-castigo-aos-mais-jovens\/\" \/>\n<meta property=\"og:site_name\" content=\"Instituto Global Attitude\" \/>\n<meta property=\"article:publisher\" content=\"https:\/\/www.facebook.com\/global.attitude.org\/\" \/>\n<meta property=\"article:published_time\" content=\"2016-06-24T23:12:04+00:00\" \/>\n<meta property=\"article:modified_time\" content=\"2023-03-10T13:06:32+00:00\" \/>\n<meta property=\"og:image\" content=\"https:\/\/globalattitude.org.br\/wp-content\/uploads\/2023\/03\/rtr46bry-1200x900.jpg\" \/>\n\t<meta property=\"og:image:width\" content=\"2560\" \/>\n\t<meta property=\"og:image:height\" content=\"1920\" \/>\n\t<meta property=\"og:image:type\" content=\"image\/jpeg\" \/>\n<meta name=\"author\" content=\"123esite\" \/>\n<meta name=\"twitter:card\" content=\"summary_large_image\" \/>\n<meta name=\"twitter:creator\" content=\"@global_attitude\" \/>\n<meta name=\"twitter:site\" content=\"@global_attitude\" \/>\n<meta name=\"twitter:label1\" content=\"Written by\" \/>\n\t<meta name=\"twitter:data1\" content=\"123esite\" \/>\n\t<meta name=\"twitter:label2\" content=\"Est. reading time\" \/>\n\t<meta name=\"twitter:data2\" content=\"6 minutes\" \/>\n<script type=\"application\/ld+json\" class=\"yoast-schema-graph\">{\"@context\":\"https:\\\/\\\/schema.org\",\"@graph\":[{\"@type\":[\"Article\",\"BlogPosting\"],\"@id\":\"https:\\\/\\\/globalattitude.org.br\\\/falta-de-representatividade-no-brexit-pode-virar-castigo-aos-mais-jovens\\\/#article\",\"isPartOf\":{\"@id\":\"https:\\\/\\\/globalattitude.org.br\\\/falta-de-representatividade-no-brexit-pode-virar-castigo-aos-mais-jovens\\\/\"},\"author\":{\"name\":\"123esite\",\"@id\":\"https:\\\/\\\/globalattitude.org.br\\\/en\\\/#\\\/schema\\\/person\\\/6d308f9d9d1eebad0278ad9386f13169\"},\"headline\":\"Falta de representatividade no Brexit pode virar &#8216;castigo&#8217; aos mais jovens\",\"datePublished\":\"2016-06-24T23:12:04+00:00\",\"dateModified\":\"2023-03-10T13:06:32+00:00\",\"mainEntityOfPage\":{\"@id\":\"https:\\\/\\\/globalattitude.org.br\\\/falta-de-representatividade-no-brexit-pode-virar-castigo-aos-mais-jovens\\\/\"},\"wordCount\":1120,\"commentCount\":0,\"publisher\":{\"@id\":\"https:\\\/\\\/globalattitude.org.br\\\/en\\\/#organization\"},\"image\":{\"@id\":\"https:\\\/\\\/globalattitude.org.br\\\/falta-de-representatividade-no-brexit-pode-virar-castigo-aos-mais-jovens\\\/#primaryimage\"},\"thumbnailUrl\":\"https:\\\/\\\/globalattitude.org.br\\\/wp-content\\\/uploads\\\/2023\\\/03\\\/rtr46bry-1200x900.jpg\",\"articleSection\":[\"Opini\u00e3o\",\"\u00daltimas\"],\"inLanguage\":\"en-US\",\"potentialAction\":[{\"@type\":\"CommentAction\",\"name\":\"Comment\",\"target\":[\"https:\\\/\\\/globalattitude.org.br\\\/falta-de-representatividade-no-brexit-pode-virar-castigo-aos-mais-jovens\\\/#respond\"]}]},{\"@type\":\"WebPage\",\"@id\":\"https:\\\/\\\/globalattitude.org.br\\\/falta-de-representatividade-no-brexit-pode-virar-castigo-aos-mais-jovens\\\/\",\"url\":\"https:\\\/\\\/globalattitude.org.br\\\/falta-de-representatividade-no-brexit-pode-virar-castigo-aos-mais-jovens\\\/\",\"name\":\"Falta de representatividade no Brexit pode virar 'castigo' aos mais jovens - Instituto Global Attitude\",\"isPartOf\":{\"@id\":\"https:\\\/\\\/globalattitude.org.br\\\/en\\\/#website\"},\"primaryImageOfPage\":{\"@id\":\"https:\\\/\\\/globalattitude.org.br\\\/falta-de-representatividade-no-brexit-pode-virar-castigo-aos-mais-jovens\\\/#primaryimage\"},\"image\":{\"@id\":\"https:\\\/\\\/globalattitude.org.br\\\/falta-de-representatividade-no-brexit-pode-virar-castigo-aos-mais-jovens\\\/#primaryimage\"},\"thumbnailUrl\":\"https:\\\/\\\/globalattitude.org.br\\\/wp-content\\\/uploads\\\/2023\\\/03\\\/rtr46bry-1200x900.jpg\",\"datePublished\":\"2016-06-24T23:12:04+00:00\",\"dateModified\":\"2023-03-10T13:06:32+00:00\",\"breadcrumb\":{\"@id\":\"https:\\\/\\\/globalattitude.org.br\\\/falta-de-representatividade-no-brexit-pode-virar-castigo-aos-mais-jovens\\\/#breadcrumb\"},\"inLanguage\":\"en-US\",\"potentialAction\":[{\"@type\":\"ReadAction\",\"target\":[\"https:\\\/\\\/globalattitude.org.br\\\/falta-de-representatividade-no-brexit-pode-virar-castigo-aos-mais-jovens\\\/\"]}]},{\"@type\":\"ImageObject\",\"inLanguage\":\"en-US\",\"@id\":\"https:\\\/\\\/globalattitude.org.br\\\/falta-de-representatividade-no-brexit-pode-virar-castigo-aos-mais-jovens\\\/#primaryimage\",\"url\":\"https:\\\/\\\/globalattitude.org.br\\\/wp-content\\\/uploads\\\/2023\\\/03\\\/rtr46bry-1200x900.jpg\",\"contentUrl\":\"https:\\\/\\\/globalattitude.org.br\\\/wp-content\\\/uploads\\\/2023\\\/03\\\/rtr46bry-1200x900.jpg\",\"width\":2560,\"height\":1920},{\"@type\":\"BreadcrumbList\",\"@id\":\"https:\\\/\\\/globalattitude.org.br\\\/falta-de-representatividade-no-brexit-pode-virar-castigo-aos-mais-jovens\\\/#breadcrumb\",\"itemListElement\":[{\"@type\":\"ListItem\",\"position\":1,\"name\":\"In\u00edcio\",\"item\":\"https:\\\/\\\/globalattitude.org.br\\\/en\\\/\"},{\"@type\":\"ListItem\",\"position\":2,\"name\":\"Falta de representatividade no Brexit pode virar &#8216;castigo&#8217; aos mais jovens\"}]},{\"@type\":\"WebSite\",\"@id\":\"https:\\\/\\\/globalattitude.org.br\\\/en\\\/#website\",\"url\":\"https:\\\/\\\/globalattitude.org.br\\\/en\\\/\",\"name\":\"Instituto Global Attitude\",\"description\":\"\",\"publisher\":{\"@id\":\"https:\\\/\\\/globalattitude.org.br\\\/en\\\/#organization\"},\"potentialAction\":[{\"@type\":\"SearchAction\",\"target\":{\"@type\":\"EntryPoint\",\"urlTemplate\":\"https:\\\/\\\/globalattitude.org.br\\\/en\\\/?s={search_term_string}\"},\"query-input\":{\"@type\":\"PropertyValueSpecification\",\"valueRequired\":true,\"valueName\":\"search_term_string\"}}],\"inLanguage\":\"en-US\"},{\"@type\":\"Organization\",\"@id\":\"https:\\\/\\\/globalattitude.org.br\\\/en\\\/#organization\",\"name\":\"Instituto Global Attitude\",\"url\":\"https:\\\/\\\/globalattitude.org.br\\\/en\\\/\",\"logo\":{\"@type\":\"ImageObject\",\"inLanguage\":\"en-US\",\"@id\":\"https:\\\/\\\/globalattitude.org.br\\\/en\\\/#\\\/schema\\\/logo\\\/image\\\/\",\"url\":\"https:\\\/\\\/globalattitude.org.br\\\/wp-content\\\/uploads\\\/2023\\\/01\\\/instituto-global-attitude-color.png\",\"contentUrl\":\"https:\\\/\\\/globalattitude.org.br\\\/wp-content\\\/uploads\\\/2023\\\/01\\\/instituto-global-attitude-color.png\",\"width\":300,\"height\":131,\"caption\":\"Instituto Global Attitude\"},\"image\":{\"@id\":\"https:\\\/\\\/globalattitude.org.br\\\/en\\\/#\\\/schema\\\/logo\\\/image\\\/\"},\"sameAs\":[\"https:\\\/\\\/www.facebook.com\\\/global.attitude.org\\\/\",\"https:\\\/\\\/x.com\\\/global_attitude\",\"https:\\\/\\\/www.instagram.com\\\/globalattitude\",\"https:\\\/\\\/www.linkedin.com\\\/company\\\/global-attitude\\\/?viewAsMember=true\"]},{\"@type\":\"Person\",\"@id\":\"https:\\\/\\\/globalattitude.org.br\\\/en\\\/#\\\/schema\\\/person\\\/6d308f9d9d1eebad0278ad9386f13169\",\"name\":\"123esite\",\"image\":{\"@type\":\"ImageObject\",\"inLanguage\":\"en-US\",\"@id\":\"https:\\\/\\\/secure.gravatar.com\\\/avatar\\\/07bd71fac19f42004f2b73567f012e126689afdb23cb0017536dea9113ba1806?s=96&d=mm&r=g\",\"url\":\"https:\\\/\\\/secure.gravatar.com\\\/avatar\\\/07bd71fac19f42004f2b73567f012e126689afdb23cb0017536dea9113ba1806?s=96&d=mm&r=g\",\"contentUrl\":\"https:\\\/\\\/secure.gravatar.com\\\/avatar\\\/07bd71fac19f42004f2b73567f012e126689afdb23cb0017536dea9113ba1806?s=96&d=mm&r=g\",\"caption\":\"123esite\"},\"sameAs\":[\"http:\\\/\\\/globalattitude.org.br\"],\"url\":\"https:\\\/\\\/globalattitude.org.br\\\/en\\\/author\\\/123esite\\\/\"}]}<\/script>\n<!-- \/ Yoast SEO plugin. -->","yoast_head_json":{"title":"Falta de representatividade no Brexit pode virar 'castigo' aos mais jovens - Instituto Global Attitude","robots":{"index":"index","follow":"follow","max-snippet":"max-snippet:-1","max-image-preview":"max-image-preview:large","max-video-preview":"max-video-preview:-1"},"canonical":"https:\/\/globalattitude.org.br\/falta-de-representatividade-no-brexit-pode-virar-castigo-aos-mais-jovens\/","og_locale":"en_US","og_type":"article","og_title":"Falta de representatividade no Brexit pode virar 'castigo' aos mais jovens - Instituto Global Attitude","og_description":"Colaborou Rodrigo Borges Delfim, do MigraMundo O dia 24 de junho de 2016 ficar\u00e1 marcado na hist\u00f3ria do continente europeu, sendo conhecido como a oficializa\u00e7\u00e3o da sa\u00edda do Reino Unido da Uni\u00e3o Europeia. O resultado, votado em referendo nesta quinta-feira (23), representa uma grande inquietude, desintegra\u00e7\u00e3o e ruptura da governan\u00e7a global e da democracia brit\u00e2nica. [&hellip;]","og_url":"https:\/\/globalattitude.org.br\/falta-de-representatividade-no-brexit-pode-virar-castigo-aos-mais-jovens\/","og_site_name":"Instituto Global Attitude","article_publisher":"https:\/\/www.facebook.com\/global.attitude.org\/","article_published_time":"2016-06-24T23:12:04+00:00","article_modified_time":"2023-03-10T13:06:32+00:00","og_image":[{"width":2560,"height":1920,"url":"https:\/\/globalattitude.org.br\/wp-content\/uploads\/2023\/03\/rtr46bry-1200x900.jpg","type":"image\/jpeg"}],"author":"123esite","twitter_card":"summary_large_image","twitter_creator":"@global_attitude","twitter_site":"@global_attitude","twitter_misc":{"Written by":"123esite","Est. reading time":"6 minutes"},"schema":{"@context":"https:\/\/schema.org","@graph":[{"@type":["Article","BlogPosting"],"@id":"https:\/\/globalattitude.org.br\/falta-de-representatividade-no-brexit-pode-virar-castigo-aos-mais-jovens\/#article","isPartOf":{"@id":"https:\/\/globalattitude.org.br\/falta-de-representatividade-no-brexit-pode-virar-castigo-aos-mais-jovens\/"},"author":{"name":"123esite","@id":"https:\/\/globalattitude.org.br\/en\/#\/schema\/person\/6d308f9d9d1eebad0278ad9386f13169"},"headline":"Falta de representatividade no Brexit pode virar &#8216;castigo&#8217; aos mais jovens","datePublished":"2016-06-24T23:12:04+00:00","dateModified":"2023-03-10T13:06:32+00:00","mainEntityOfPage":{"@id":"https:\/\/globalattitude.org.br\/falta-de-representatividade-no-brexit-pode-virar-castigo-aos-mais-jovens\/"},"wordCount":1120,"commentCount":0,"publisher":{"@id":"https:\/\/globalattitude.org.br\/en\/#organization"},"image":{"@id":"https:\/\/globalattitude.org.br\/falta-de-representatividade-no-brexit-pode-virar-castigo-aos-mais-jovens\/#primaryimage"},"thumbnailUrl":"https:\/\/globalattitude.org.br\/wp-content\/uploads\/2023\/03\/rtr46bry-1200x900.jpg","articleSection":["Opini\u00e3o","\u00daltimas"],"inLanguage":"en-US","potentialAction":[{"@type":"CommentAction","name":"Comment","target":["https:\/\/globalattitude.org.br\/falta-de-representatividade-no-brexit-pode-virar-castigo-aos-mais-jovens\/#respond"]}]},{"@type":"WebPage","@id":"https:\/\/globalattitude.org.br\/falta-de-representatividade-no-brexit-pode-virar-castigo-aos-mais-jovens\/","url":"https:\/\/globalattitude.org.br\/falta-de-representatividade-no-brexit-pode-virar-castigo-aos-mais-jovens\/","name":"Falta de representatividade no Brexit pode virar 'castigo' aos mais jovens - Instituto Global Attitude","isPartOf":{"@id":"https:\/\/globalattitude.org.br\/en\/#website"},"primaryImageOfPage":{"@id":"https:\/\/globalattitude.org.br\/falta-de-representatividade-no-brexit-pode-virar-castigo-aos-mais-jovens\/#primaryimage"},"image":{"@id":"https:\/\/globalattitude.org.br\/falta-de-representatividade-no-brexit-pode-virar-castigo-aos-mais-jovens\/#primaryimage"},"thumbnailUrl":"https:\/\/globalattitude.org.br\/wp-content\/uploads\/2023\/03\/rtr46bry-1200x900.jpg","datePublished":"2016-06-24T23:12:04+00:00","dateModified":"2023-03-10T13:06:32+00:00","breadcrumb":{"@id":"https:\/\/globalattitude.org.br\/falta-de-representatividade-no-brexit-pode-virar-castigo-aos-mais-jovens\/#breadcrumb"},"inLanguage":"en-US","potentialAction":[{"@type":"ReadAction","target":["https:\/\/globalattitude.org.br\/falta-de-representatividade-no-brexit-pode-virar-castigo-aos-mais-jovens\/"]}]},{"@type":"ImageObject","inLanguage":"en-US","@id":"https:\/\/globalattitude.org.br\/falta-de-representatividade-no-brexit-pode-virar-castigo-aos-mais-jovens\/#primaryimage","url":"https:\/\/globalattitude.org.br\/wp-content\/uploads\/2023\/03\/rtr46bry-1200x900.jpg","contentUrl":"https:\/\/globalattitude.org.br\/wp-content\/uploads\/2023\/03\/rtr46bry-1200x900.jpg","width":2560,"height":1920},{"@type":"BreadcrumbList","@id":"https:\/\/globalattitude.org.br\/falta-de-representatividade-no-brexit-pode-virar-castigo-aos-mais-jovens\/#breadcrumb","itemListElement":[{"@type":"ListItem","position":1,"name":"In\u00edcio","item":"https:\/\/globalattitude.org.br\/en\/"},{"@type":"ListItem","position":2,"name":"Falta de representatividade no Brexit pode virar &#8216;castigo&#8217; aos mais jovens"}]},{"@type":"WebSite","@id":"https:\/\/globalattitude.org.br\/en\/#website","url":"https:\/\/globalattitude.org.br\/en\/","name":"Instituto Global Attitude","description":"","publisher":{"@id":"https:\/\/globalattitude.org.br\/en\/#organization"},"potentialAction":[{"@type":"SearchAction","target":{"@type":"EntryPoint","urlTemplate":"https:\/\/globalattitude.org.br\/en\/?s={search_term_string}"},"query-input":{"@type":"PropertyValueSpecification","valueRequired":true,"valueName":"search_term_string"}}],"inLanguage":"en-US"},{"@type":"Organization","@id":"https:\/\/globalattitude.org.br\/en\/#organization","name":"Instituto Global Attitude","url":"https:\/\/globalattitude.org.br\/en\/","logo":{"@type":"ImageObject","inLanguage":"en-US","@id":"https:\/\/globalattitude.org.br\/en\/#\/schema\/logo\/image\/","url":"https:\/\/globalattitude.org.br\/wp-content\/uploads\/2023\/01\/instituto-global-attitude-color.png","contentUrl":"https:\/\/globalattitude.org.br\/wp-content\/uploads\/2023\/01\/instituto-global-attitude-color.png","width":300,"height":131,"caption":"Instituto Global Attitude"},"image":{"@id":"https:\/\/globalattitude.org.br\/en\/#\/schema\/logo\/image\/"},"sameAs":["https:\/\/www.facebook.com\/global.attitude.org\/","https:\/\/x.com\/global_attitude","https:\/\/www.instagram.com\/globalattitude","https:\/\/www.linkedin.com\/company\/global-attitude\/?viewAsMember=true"]},{"@type":"Person","@id":"https:\/\/globalattitude.org.br\/en\/#\/schema\/person\/6d308f9d9d1eebad0278ad9386f13169","name":"123esite","image":{"@type":"ImageObject","inLanguage":"en-US","@id":"https:\/\/secure.gravatar.com\/avatar\/07bd71fac19f42004f2b73567f012e126689afdb23cb0017536dea9113ba1806?s=96&d=mm&r=g","url":"https:\/\/secure.gravatar.com\/avatar\/07bd71fac19f42004f2b73567f012e126689afdb23cb0017536dea9113ba1806?s=96&d=mm&r=g","contentUrl":"https:\/\/secure.gravatar.com\/avatar\/07bd71fac19f42004f2b73567f012e126689afdb23cb0017536dea9113ba1806?s=96&d=mm&r=g","caption":"123esite"},"sameAs":["http:\/\/globalattitude.org.br"],"url":"https:\/\/globalattitude.org.br\/en\/author\/123esite\/"}]}},"_links":{"self":[{"href":"https:\/\/globalattitude.org.br\/en\/wp-json\/wp\/v2\/posts\/1218","targetHints":{"allow":["GET"]}}],"collection":[{"href":"https:\/\/globalattitude.org.br\/en\/wp-json\/wp\/v2\/posts"}],"about":[{"href":"https:\/\/globalattitude.org.br\/en\/wp-json\/wp\/v2\/types\/post"}],"author":[{"embeddable":true,"href":"https:\/\/globalattitude.org.br\/en\/wp-json\/wp\/v2\/users\/1"}],"replies":[{"embeddable":true,"href":"https:\/\/globalattitude.org.br\/en\/wp-json\/wp\/v2\/comments?post=1218"}],"version-history":[{"count":1,"href":"https:\/\/globalattitude.org.br\/en\/wp-json\/wp\/v2\/posts\/1218\/revisions"}],"predecessor-version":[{"id":1221,"href":"https:\/\/globalattitude.org.br\/en\/wp-json\/wp\/v2\/posts\/1218\/revisions\/1221"}],"wp:featuredmedia":[{"embeddable":true,"href":"https:\/\/globalattitude.org.br\/en\/wp-json\/wp\/v2\/media\/1219"}],"wp:attachment":[{"href":"https:\/\/globalattitude.org.br\/en\/wp-json\/wp\/v2\/media?parent=1218"}],"wp:term":[{"taxonomy":"category","embeddable":true,"href":"https:\/\/globalattitude.org.br\/en\/wp-json\/wp\/v2\/categories?post=1218"},{"taxonomy":"post_tag","embeddable":true,"href":"https:\/\/globalattitude.org.br\/en\/wp-json\/wp\/v2\/tags?post=1218"}],"curies":[{"name":"wp","href":"https:\/\/api.w.org\/{rel}","templated":true}]}}