{"id":1256,"date":"2016-07-11T14:41:33","date_gmt":"2016-07-11T17:41:33","guid":{"rendered":"https:\/\/globalattitude.org.br\/inscricoes-abertas-diplomacia-civil-seleciona-delegacao-brasileira-para-o-annual-meetings\/"},"modified":"2023-03-10T10:08:12","modified_gmt":"2023-03-10T13:08:12","slug":"inscricoes-abertas-diplomacia-civil-seleciona-delegacao-brasileira-para-o-annual-meetings","status":"publish","type":"post","link":"https:\/\/globalattitude.org.br\/en\/inscricoes-abertas-diplomacia-civil-seleciona-delegacao-brasileira-para-o-annual-meetings\/","title":{"rendered":"Inscri\u00e7\u00f5es abertas: Diplomacia Civil seleciona delega\u00e7\u00e3o brasileira para o Annual Meetings"},"content":{"rendered":"<p>O Diplomacia Civil est\u00e1 com novas inscri\u00e7\u00f5es abertas, desta vez para o Annual Meetings, evento do <a href=\"http:\/\/www.worldbank.org\/pt\/country\/brazil\">Banco Mundial<\/a> (BM) e do <a href=\"http:\/\/www.imf.org\/external\/index.htm\">Fundo Monet\u00e1rio Internacional<\/a> (FMI), a ser realizado em Washington, Estados Unidos, de 3 a 10 de outubro.\u00a0Interessados no com\u00e9rcio mundial, que tenham de 18 a 30 anos, independente do grau e \u00e1rea de forma\u00e7\u00e3o, podem se inscrever para se candidatar a uma das oito vagas da delega\u00e7\u00e3o brasileira que participar\u00e1 do evento.<\/p>\n<p>Os selecionados poder\u00e3o assistir a debates com l\u00edderes mundiais e contar\u00e3o com reuni\u00f5es exclusivas, agendadas pelo Diplomacia Civil. Al\u00e9m disso, acontece nestes dias o Civil Society Policy Forum, evento paralelo ao Annual Meetings que d\u00e1 espa\u00e7o para organiza\u00e7\u00f5es da sociedade civil dialogarem com o FMI e BM.<\/p>\n<p><a href=\"http:\/\/globalattitude.org.br\/wp-content\/uploads\/2023\/03\/Participe-do.jpg\" rel=\"attachment wp-att-2494\"><img fetchpriority=\"high\" decoding=\"async\" class=\"aligncenter wp-image-2494\" src=\"http:\/\/globalattitude.org.br\/wp-content\/uploads\/2023\/03\/Participe-do-300x203.jpg\" alt=\"Participe do\" width=\"600\" height=\"406\" \/><\/a><\/p>\n<p><strong>O Annual Meetings<\/strong><br \/>\nRealizado anualmente, o evento conta com a presen\u00e7a do presidente do Banco Mundial, <a href=\"http:\/\/www.worldbank.org\/en\/about\/president\">Jim Yong Kim<\/a>, da diretora-gerente do IMF, <a href=\"https:\/\/www.imf.org\/external\/np\/omd\/bios\/cl.htm\">Christine Lagarde<\/a>, e dos ministros das Finan\u00e7as de todo o mundo, que discutir\u00e3o os progressos das duas organiza\u00e7\u00f5es ao longo do ano.<\/p>\n<p>O Annual Meetings acontece antes das reuni\u00f5es do Comit\u00ea Monet\u00e1rio e Financeiro Internacional, do Comit\u00ea de Desenvolvimento, do Grupo dos Dez e do Grupo dos Vinte e Quatro, debatendo sobre quest\u00f5es monet\u00e1rias internacionais e aprovando resolu\u00e7\u00f5es correspondentes para a implementa\u00e7\u00e3o de novas pol\u00edticas financeiras, emitindo no fim do evento o Final Communiqu\u00e9.<\/p>\n<p>As palestras, workshops, mesas redondas e debates se centram em quest\u00f5es sobre o com\u00e9rcio mundial, pol\u00edticas e finan\u00e7as internacionais, crescimento inclusivo e mercado financeiro.<\/p>\n<p><strong>Como participar<\/strong><br \/>\nPara se candidatar, basta preencher o formul\u00e1rio dispon\u00edvel <a href=\"https:\/\/form.jotformz.com\/61676187339670\">neste link<\/a> at\u00e9 o dia <strong>17 de julho<\/strong> (domingo), <strong>\u00e0s 23h59<\/strong>. O interessado deve explicar sua motiva\u00e7\u00e3o e sugerir um tema de artigo, que ser\u00e1 desenvolvido durante a prepara\u00e7\u00e3o para a viagem.\u00a0Os crit\u00e9rios de avalia\u00e7\u00e3o levam em conta o curr\u00edculo, motiva\u00e7\u00e3o pessoal e profissional e proposta de tema para a produ\u00e7\u00e3o de um artigo de opini\u00e3o. Os selecionados participar\u00e3o, ainda, de workshops de capacita\u00e7\u00e3o.<\/p>\n<p>O programa \u00e9 pago e inclui o credenciamento no evento, passagens a\u00e9reas de ida e volta, translado aeroporto-hotel, acomoda\u00e7\u00e3o em hotel, seguro sa\u00fade, assist\u00eancia na emiss\u00e3o de visto, workshops de capacita\u00e7\u00e3o, supervis\u00e3o e orienta\u00e7\u00e3o para reda\u00e7\u00e3o do artigo de pesquisa, cart\u00e3o de visita personalizado, certificado de participa\u00e7\u00e3o e acompanhamento de um coordenador do Instituto Global Attitude.<\/p>\n<p><strong>Inscreva-se j\u00e1!<\/strong><\/p>\n<p>Para mais informa\u00e7\u00f5es, acesse a nossa p\u00e1gina de <a href=\"http:\/\/blog.globalattitude.org.br\/services-1\/\">perguntas frequentes<\/a>.<\/p>\n","protected":false},"excerpt":{"rendered":"<p>O Diplomacia Civil est\u00e1 com novas inscri\u00e7\u00f5es abertas, desta vez para o Annual Meetings, evento do Banco Mundial (BM) e do Fundo Monet\u00e1rio Internacional (FMI), a ser realizado em Washington, Estados Unidos, de 3 a 10 de outubro.\u00a0Interessados no com\u00e9rcio mundial, que tenham de 18 a 30 anos, independente do grau e \u00e1rea de forma\u00e7\u00e3o, [&hellip;]<\/p>\n","protected":false},"author":1,"featured_media":1257,"comment_status":"open","ping_status":"open","sticky":false,"template":"","format":"standard","meta":{"_acf_changed":false,"om_disable_all_campaigns":false,"_monsterinsights_skip_tracking":false,"_monsterinsights_sitenote_active":false,"_monsterinsights_sitenote_note":"","_monsterinsights_sitenote_category":0,"_uf_show_specific_survey":0,"_uf_disable_surveys":false,"footnotes":""},"categories":[1],"tags":[],"class_list":["post-1256","post","type-post","status-publish","format-standard","hentry","category-nao-categorizado"],"acf":[],"aioseo_notices":[],"yoast_head":"<!-- This site is optimized with the Yoast SEO plugin v27.5 - https:\/\/yoast.com\/product\/yoast-seo-wordpress\/ -->\n<title>Inscri\u00e7\u00f5es abertas: Diplomacia Civil seleciona delega\u00e7\u00e3o brasileira para o Annual Meetings - Instituto Global Attitude<\/title>\n<meta name=\"robots\" content=\"index, follow, max-snippet:-1, max-image-preview:large, max-video-preview:-1\" \/>\n<link rel=\"canonical\" href=\"https:\/\/globalattitude.org.br\/en\/inscricoes-abertas-diplomacia-civil-seleciona-delegacao-brasileira-para-o-annual-meetings\/\" \/>\n<meta property=\"og:locale\" content=\"en_US\" \/>\n<meta property=\"og:type\" content=\"article\" \/>\n<meta property=\"og:title\" content=\"Inscri\u00e7\u00f5es abertas: Diplomacia Civil seleciona delega\u00e7\u00e3o brasileira para o Annual Meetings - Instituto Global Attitude\" \/>\n<meta property=\"og:description\" content=\"O Diplomacia Civil est\u00e1 com novas inscri\u00e7\u00f5es abertas, desta vez para o Annual Meetings, evento do Banco Mundial (BM) e do Fundo Monet\u00e1rio Internacional (FMI), a ser realizado em Washington, Estados Unidos, de 3 a 10 de outubro.\u00a0Interessados no com\u00e9rcio mundial, que tenham de 18 a 30 anos, independente do grau e \u00e1rea de forma\u00e7\u00e3o, [&hellip;]\" \/>\n<meta property=\"og:url\" content=\"https:\/\/globalattitude.org.br\/en\/inscricoes-abertas-diplomacia-civil-seleciona-delegacao-brasileira-para-o-annual-meetings\/\" \/>\n<meta property=\"og:site_name\" content=\"Instituto Global Attitude\" \/>\n<meta property=\"article:publisher\" content=\"https:\/\/www.facebook.com\/global.attitude.org\/\" \/>\n<meta property=\"article:published_time\" content=\"2016-07-11T17:41:33+00:00\" \/>\n<meta property=\"article:modified_time\" content=\"2023-03-10T13:08:12+00:00\" \/>\n<meta property=\"og:image\" content=\"https:\/\/globalattitude.org.br\/wp-content\/uploads\/2023\/03\/Participe-do.jpg\" \/>\n\t<meta property=\"og:image:width\" content=\"1024\" \/>\n\t<meta property=\"og:image:height\" content=\"693\" \/>\n\t<meta property=\"og:image:type\" content=\"image\/jpeg\" \/>\n<meta name=\"author\" content=\"123esite\" \/>\n<meta name=\"twitter:card\" content=\"summary_large_image\" \/>\n<meta name=\"twitter:creator\" content=\"@global_attitude\" \/>\n<meta name=\"twitter:site\" content=\"@global_attitude\" \/>\n<meta name=\"twitter:label1\" content=\"Written by\" \/>\n\t<meta name=\"twitter:data1\" content=\"123esite\" \/>\n\t<meta name=\"twitter:label2\" content=\"Est. reading time\" \/>\n\t<meta name=\"twitter:data2\" content=\"2 minutes\" \/>\n<script type=\"application\/ld+json\" class=\"yoast-schema-graph\">{\"@context\":\"https:\\\/\\\/schema.org\",\"@graph\":[{\"@type\":[\"Article\",\"BlogPosting\"],\"@id\":\"https:\\\/\\\/globalattitude.org.br\\\/en\\\/inscricoes-abertas-diplomacia-civil-seleciona-delegacao-brasileira-para-o-annual-meetings\\\/#article\",\"isPartOf\":{\"@id\":\"https:\\\/\\\/globalattitude.org.br\\\/en\\\/inscricoes-abertas-diplomacia-civil-seleciona-delegacao-brasileira-para-o-annual-meetings\\\/\"},\"author\":{\"name\":\"123esite\",\"@id\":\"http:\\\/\\\/globalattitude.org.br\\\/#\\\/schema\\\/person\\\/6d308f9d9d1eebad0278ad9386f13169\"},\"headline\":\"Inscri\u00e7\u00f5es abertas: Diplomacia Civil seleciona delega\u00e7\u00e3o brasileira para o Annual Meetings\",\"datePublished\":\"2016-07-11T17:41:33+00:00\",\"dateModified\":\"2023-03-10T13:08:12+00:00\",\"mainEntityOfPage\":{\"@id\":\"https:\\\/\\\/globalattitude.org.br\\\/en\\\/inscricoes-abertas-diplomacia-civil-seleciona-delegacao-brasileira-para-o-annual-meetings\\\/\"},\"wordCount\":444,\"commentCount\":0,\"publisher\":{\"@id\":\"http:\\\/\\\/globalattitude.org.br\\\/#organization\"},\"image\":{\"@id\":\"https:\\\/\\\/globalattitude.org.br\\\/en\\\/inscricoes-abertas-diplomacia-civil-seleciona-delegacao-brasileira-para-o-annual-meetings\\\/#primaryimage\"},\"thumbnailUrl\":\"https:\\\/\\\/globalattitude.org.br\\\/wp-content\\\/uploads\\\/2023\\\/03\\\/Participe-do.jpg\",\"articleSection\":[\"N\u00e3o categorizado\"],\"inLanguage\":\"en-US\",\"potentialAction\":[{\"@type\":\"CommentAction\",\"name\":\"Comment\",\"target\":[\"https:\\\/\\\/globalattitude.org.br\\\/en\\\/inscricoes-abertas-diplomacia-civil-seleciona-delegacao-brasileira-para-o-annual-meetings\\\/#respond\"]}]},{\"@type\":\"WebPage\",\"@id\":\"https:\\\/\\\/globalattitude.org.br\\\/en\\\/inscricoes-abertas-diplomacia-civil-seleciona-delegacao-brasileira-para-o-annual-meetings\\\/\",\"url\":\"https:\\\/\\\/globalattitude.org.br\\\/en\\\/inscricoes-abertas-diplomacia-civil-seleciona-delegacao-brasileira-para-o-annual-meetings\\\/\",\"name\":\"Inscri\u00e7\u00f5es abertas: Diplomacia Civil seleciona delega\u00e7\u00e3o brasileira para o Annual Meetings - Instituto Global Attitude\",\"isPartOf\":{\"@id\":\"http:\\\/\\\/globalattitude.org.br\\\/#website\"},\"primaryImageOfPage\":{\"@id\":\"https:\\\/\\\/globalattitude.org.br\\\/en\\\/inscricoes-abertas-diplomacia-civil-seleciona-delegacao-brasileira-para-o-annual-meetings\\\/#primaryimage\"},\"image\":{\"@id\":\"https:\\\/\\\/globalattitude.org.br\\\/en\\\/inscricoes-abertas-diplomacia-civil-seleciona-delegacao-brasileira-para-o-annual-meetings\\\/#primaryimage\"},\"thumbnailUrl\":\"https:\\\/\\\/globalattitude.org.br\\\/wp-content\\\/uploads\\\/2023\\\/03\\\/Participe-do.jpg\",\"datePublished\":\"2016-07-11T17:41:33+00:00\",\"dateModified\":\"2023-03-10T13:08:12+00:00\",\"breadcrumb\":{\"@id\":\"https:\\\/\\\/globalattitude.org.br\\\/en\\\/inscricoes-abertas-diplomacia-civil-seleciona-delegacao-brasileira-para-o-annual-meetings\\\/#breadcrumb\"},\"inLanguage\":\"en-US\",\"potentialAction\":[{\"@type\":\"ReadAction\",\"target\":[\"https:\\\/\\\/globalattitude.org.br\\\/en\\\/inscricoes-abertas-diplomacia-civil-seleciona-delegacao-brasileira-para-o-annual-meetings\\\/\"]}]},{\"@type\":\"ImageObject\",\"inLanguage\":\"en-US\",\"@id\":\"https:\\\/\\\/globalattitude.org.br\\\/en\\\/inscricoes-abertas-diplomacia-civil-seleciona-delegacao-brasileira-para-o-annual-meetings\\\/#primaryimage\",\"url\":\"https:\\\/\\\/globalattitude.org.br\\\/wp-content\\\/uploads\\\/2023\\\/03\\\/Participe-do.jpg\",\"contentUrl\":\"https:\\\/\\\/globalattitude.org.br\\\/wp-content\\\/uploads\\\/2023\\\/03\\\/Participe-do.jpg\",\"width\":1024,\"height\":693},{\"@type\":\"BreadcrumbList\",\"@id\":\"https:\\\/\\\/globalattitude.org.br\\\/en\\\/inscricoes-abertas-diplomacia-civil-seleciona-delegacao-brasileira-para-o-annual-meetings\\\/#breadcrumb\",\"itemListElement\":[{\"@type\":\"ListItem\",\"position\":1,\"name\":\"In\u00edcio\",\"item\":\"https:\\\/\\\/globalattitude.org.br\\\/en\\\/\"},{\"@type\":\"ListItem\",\"position\":2,\"name\":\"Inscri\u00e7\u00f5es abertas: Diplomacia Civil seleciona delega\u00e7\u00e3o brasileira para o Annual Meetings\"}]},{\"@type\":\"WebSite\",\"@id\":\"http:\\\/\\\/globalattitude.org.br\\\/#website\",\"url\":\"http:\\\/\\\/globalattitude.org.br\\\/\",\"name\":\"Instituto Global Attitude\",\"description\":\"\",\"publisher\":{\"@id\":\"http:\\\/\\\/globalattitude.org.br\\\/#organization\"},\"potentialAction\":[{\"@type\":\"SearchAction\",\"target\":{\"@type\":\"EntryPoint\",\"urlTemplate\":\"http:\\\/\\\/globalattitude.org.br\\\/?s={search_term_string}\"},\"query-input\":{\"@type\":\"PropertyValueSpecification\",\"valueRequired\":true,\"valueName\":\"search_term_string\"}}],\"inLanguage\":\"en-US\"},{\"@type\":\"Organization\",\"@id\":\"http:\\\/\\\/globalattitude.org.br\\\/#organization\",\"name\":\"Instituto Global Attitude\",\"url\":\"http:\\\/\\\/globalattitude.org.br\\\/\",\"logo\":{\"@type\":\"ImageObject\",\"inLanguage\":\"en-US\",\"@id\":\"http:\\\/\\\/globalattitude.org.br\\\/#\\\/schema\\\/logo\\\/image\\\/\",\"url\":\"https:\\\/\\\/globalattitude.org.br\\\/wp-content\\\/uploads\\\/2023\\\/01\\\/instituto-global-attitude-color.png\",\"contentUrl\":\"https:\\\/\\\/globalattitude.org.br\\\/wp-content\\\/uploads\\\/2023\\\/01\\\/instituto-global-attitude-color.png\",\"width\":300,\"height\":131,\"caption\":\"Instituto Global Attitude\"},\"image\":{\"@id\":\"http:\\\/\\\/globalattitude.org.br\\\/#\\\/schema\\\/logo\\\/image\\\/\"},\"sameAs\":[\"https:\\\/\\\/www.facebook.com\\\/global.attitude.org\\\/\",\"https:\\\/\\\/x.com\\\/global_attitude\",\"https:\\\/\\\/www.instagram.com\\\/globalattitude\",\"https:\\\/\\\/www.linkedin.com\\\/company\\\/global-attitude\\\/?viewAsMember=true\"]},{\"@type\":\"Person\",\"@id\":\"http:\\\/\\\/globalattitude.org.br\\\/#\\\/schema\\\/person\\\/6d308f9d9d1eebad0278ad9386f13169\",\"name\":\"123esite\",\"image\":{\"@type\":\"ImageObject\",\"inLanguage\":\"en-US\",\"@id\":\"https:\\\/\\\/secure.gravatar.com\\\/avatar\\\/07bd71fac19f42004f2b73567f012e126689afdb23cb0017536dea9113ba1806?s=96&d=mm&r=g\",\"url\":\"https:\\\/\\\/secure.gravatar.com\\\/avatar\\\/07bd71fac19f42004f2b73567f012e126689afdb23cb0017536dea9113ba1806?s=96&d=mm&r=g\",\"contentUrl\":\"https:\\\/\\\/secure.gravatar.com\\\/avatar\\\/07bd71fac19f42004f2b73567f012e126689afdb23cb0017536dea9113ba1806?s=96&d=mm&r=g\",\"caption\":\"123esite\"},\"sameAs\":[\"http:\\\/\\\/globalattitude.org.br\"],\"url\":\"https:\\\/\\\/globalattitude.org.br\\\/en\\\/author\\\/123esite\\\/\"}]}<\/script>\n<!-- \/ Yoast SEO plugin. -->","yoast_head_json":{"title":"Inscri\u00e7\u00f5es abertas: Diplomacia Civil seleciona delega\u00e7\u00e3o brasileira para o Annual Meetings - Instituto Global Attitude","robots":{"index":"index","follow":"follow","max-snippet":"max-snippet:-1","max-image-preview":"max-image-preview:large","max-video-preview":"max-video-preview:-1"},"canonical":"https:\/\/globalattitude.org.br\/en\/inscricoes-abertas-diplomacia-civil-seleciona-delegacao-brasileira-para-o-annual-meetings\/","og_locale":"en_US","og_type":"article","og_title":"Inscri\u00e7\u00f5es abertas: Diplomacia Civil seleciona delega\u00e7\u00e3o brasileira para o Annual Meetings - Instituto Global Attitude","og_description":"O Diplomacia Civil est\u00e1 com novas inscri\u00e7\u00f5es abertas, desta vez para o Annual Meetings, evento do Banco Mundial (BM) e do Fundo Monet\u00e1rio Internacional (FMI), a ser realizado em Washington, Estados Unidos, de 3 a 10 de outubro.\u00a0Interessados no com\u00e9rcio mundial, que tenham de 18 a 30 anos, independente do grau e \u00e1rea de forma\u00e7\u00e3o, [&hellip;]","og_url":"https:\/\/globalattitude.org.br\/en\/inscricoes-abertas-diplomacia-civil-seleciona-delegacao-brasileira-para-o-annual-meetings\/","og_site_name":"Instituto Global Attitude","article_publisher":"https:\/\/www.facebook.com\/global.attitude.org\/","article_published_time":"2016-07-11T17:41:33+00:00","article_modified_time":"2023-03-10T13:08:12+00:00","og_image":[{"width":1024,"height":693,"url":"https:\/\/globalattitude.org.br\/wp-content\/uploads\/2023\/03\/Participe-do.jpg","type":"image\/jpeg"}],"author":"123esite","twitter_card":"summary_large_image","twitter_creator":"@global_attitude","twitter_site":"@global_attitude","twitter_misc":{"Written by":"123esite","Est. reading time":"2 minutes"},"schema":{"@context":"https:\/\/schema.org","@graph":[{"@type":["Article","BlogPosting"],"@id":"https:\/\/globalattitude.org.br\/en\/inscricoes-abertas-diplomacia-civil-seleciona-delegacao-brasileira-para-o-annual-meetings\/#article","isPartOf":{"@id":"https:\/\/globalattitude.org.br\/en\/inscricoes-abertas-diplomacia-civil-seleciona-delegacao-brasileira-para-o-annual-meetings\/"},"author":{"name":"123esite","@id":"http:\/\/globalattitude.org.br\/#\/schema\/person\/6d308f9d9d1eebad0278ad9386f13169"},"headline":"Inscri\u00e7\u00f5es abertas: Diplomacia Civil seleciona delega\u00e7\u00e3o brasileira para o Annual Meetings","datePublished":"2016-07-11T17:41:33+00:00","dateModified":"2023-03-10T13:08:12+00:00","mainEntityOfPage":{"@id":"https:\/\/globalattitude.org.br\/en\/inscricoes-abertas-diplomacia-civil-seleciona-delegacao-brasileira-para-o-annual-meetings\/"},"wordCount":444,"commentCount":0,"publisher":{"@id":"http:\/\/globalattitude.org.br\/#organization"},"image":{"@id":"https:\/\/globalattitude.org.br\/en\/inscricoes-abertas-diplomacia-civil-seleciona-delegacao-brasileira-para-o-annual-meetings\/#primaryimage"},"thumbnailUrl":"https:\/\/globalattitude.org.br\/wp-content\/uploads\/2023\/03\/Participe-do.jpg","articleSection":["N\u00e3o categorizado"],"inLanguage":"en-US","potentialAction":[{"@type":"CommentAction","name":"Comment","target":["https:\/\/globalattitude.org.br\/en\/inscricoes-abertas-diplomacia-civil-seleciona-delegacao-brasileira-para-o-annual-meetings\/#respond"]}]},{"@type":"WebPage","@id":"https:\/\/globalattitude.org.br\/en\/inscricoes-abertas-diplomacia-civil-seleciona-delegacao-brasileira-para-o-annual-meetings\/","url":"https:\/\/globalattitude.org.br\/en\/inscricoes-abertas-diplomacia-civil-seleciona-delegacao-brasileira-para-o-annual-meetings\/","name":"Inscri\u00e7\u00f5es abertas: Diplomacia Civil seleciona delega\u00e7\u00e3o brasileira para o Annual Meetings - Instituto Global Attitude","isPartOf":{"@id":"http:\/\/globalattitude.org.br\/#website"},"primaryImageOfPage":{"@id":"https:\/\/globalattitude.org.br\/en\/inscricoes-abertas-diplomacia-civil-seleciona-delegacao-brasileira-para-o-annual-meetings\/#primaryimage"},"image":{"@id":"https:\/\/globalattitude.org.br\/en\/inscricoes-abertas-diplomacia-civil-seleciona-delegacao-brasileira-para-o-annual-meetings\/#primaryimage"},"thumbnailUrl":"https:\/\/globalattitude.org.br\/wp-content\/uploads\/2023\/03\/Participe-do.jpg","datePublished":"2016-07-11T17:41:33+00:00","dateModified":"2023-03-10T13:08:12+00:00","breadcrumb":{"@id":"https:\/\/globalattitude.org.br\/en\/inscricoes-abertas-diplomacia-civil-seleciona-delegacao-brasileira-para-o-annual-meetings\/#breadcrumb"},"inLanguage":"en-US","potentialAction":[{"@type":"ReadAction","target":["https:\/\/globalattitude.org.br\/en\/inscricoes-abertas-diplomacia-civil-seleciona-delegacao-brasileira-para-o-annual-meetings\/"]}]},{"@type":"ImageObject","inLanguage":"en-US","@id":"https:\/\/globalattitude.org.br\/en\/inscricoes-abertas-diplomacia-civil-seleciona-delegacao-brasileira-para-o-annual-meetings\/#primaryimage","url":"https:\/\/globalattitude.org.br\/wp-content\/uploads\/2023\/03\/Participe-do.jpg","contentUrl":"https:\/\/globalattitude.org.br\/wp-content\/uploads\/2023\/03\/Participe-do.jpg","width":1024,"height":693},{"@type":"BreadcrumbList","@id":"https:\/\/globalattitude.org.br\/en\/inscricoes-abertas-diplomacia-civil-seleciona-delegacao-brasileira-para-o-annual-meetings\/#breadcrumb","itemListElement":[{"@type":"ListItem","position":1,"name":"In\u00edcio","item":"https:\/\/globalattitude.org.br\/en\/"},{"@type":"ListItem","position":2,"name":"Inscri\u00e7\u00f5es abertas: Diplomacia Civil seleciona delega\u00e7\u00e3o brasileira para o Annual Meetings"}]},{"@type":"WebSite","@id":"http:\/\/globalattitude.org.br\/#website","url":"http:\/\/globalattitude.org.br\/","name":"Instituto Global Attitude","description":"","publisher":{"@id":"http:\/\/globalattitude.org.br\/#organization"},"potentialAction":[{"@type":"SearchAction","target":{"@type":"EntryPoint","urlTemplate":"http:\/\/globalattitude.org.br\/?s={search_term_string}"},"query-input":{"@type":"PropertyValueSpecification","valueRequired":true,"valueName":"search_term_string"}}],"inLanguage":"en-US"},{"@type":"Organization","@id":"http:\/\/globalattitude.org.br\/#organization","name":"Instituto Global Attitude","url":"http:\/\/globalattitude.org.br\/","logo":{"@type":"ImageObject","inLanguage":"en-US","@id":"http:\/\/globalattitude.org.br\/#\/schema\/logo\/image\/","url":"https:\/\/globalattitude.org.br\/wp-content\/uploads\/2023\/01\/instituto-global-attitude-color.png","contentUrl":"https:\/\/globalattitude.org.br\/wp-content\/uploads\/2023\/01\/instituto-global-attitude-color.png","width":300,"height":131,"caption":"Instituto Global Attitude"},"image":{"@id":"http:\/\/globalattitude.org.br\/#\/schema\/logo\/image\/"},"sameAs":["https:\/\/www.facebook.com\/global.attitude.org\/","https:\/\/x.com\/global_attitude","https:\/\/www.instagram.com\/globalattitude","https:\/\/www.linkedin.com\/company\/global-attitude\/?viewAsMember=true"]},{"@type":"Person","@id":"http:\/\/globalattitude.org.br\/#\/schema\/person\/6d308f9d9d1eebad0278ad9386f13169","name":"123esite","image":{"@type":"ImageObject","inLanguage":"en-US","@id":"https:\/\/secure.gravatar.com\/avatar\/07bd71fac19f42004f2b73567f012e126689afdb23cb0017536dea9113ba1806?s=96&d=mm&r=g","url":"https:\/\/secure.gravatar.com\/avatar\/07bd71fac19f42004f2b73567f012e126689afdb23cb0017536dea9113ba1806?s=96&d=mm&r=g","contentUrl":"https:\/\/secure.gravatar.com\/avatar\/07bd71fac19f42004f2b73567f012e126689afdb23cb0017536dea9113ba1806?s=96&d=mm&r=g","caption":"123esite"},"sameAs":["http:\/\/globalattitude.org.br"],"url":"https:\/\/globalattitude.org.br\/en\/author\/123esite\/"}]}},"_links":{"self":[{"href":"https:\/\/globalattitude.org.br\/en\/wp-json\/wp\/v2\/posts\/1256","targetHints":{"allow":["GET"]}}],"collection":[{"href":"https:\/\/globalattitude.org.br\/en\/wp-json\/wp\/v2\/posts"}],"about":[{"href":"https:\/\/globalattitude.org.br\/en\/wp-json\/wp\/v2\/types\/post"}],"author":[{"embeddable":true,"href":"https:\/\/globalattitude.org.br\/en\/wp-json\/wp\/v2\/users\/1"}],"replies":[{"embeddable":true,"href":"https:\/\/globalattitude.org.br\/en\/wp-json\/wp\/v2\/comments?post=1256"}],"version-history":[{"count":1,"href":"https:\/\/globalattitude.org.br\/en\/wp-json\/wp\/v2\/posts\/1256\/revisions"}],"predecessor-version":[{"id":1258,"href":"https:\/\/globalattitude.org.br\/en\/wp-json\/wp\/v2\/posts\/1256\/revisions\/1258"}],"wp:featuredmedia":[{"embeddable":true,"href":"https:\/\/globalattitude.org.br\/en\/wp-json\/wp\/v2\/media\/1257"}],"wp:attachment":[{"href":"https:\/\/globalattitude.org.br\/en\/wp-json\/wp\/v2\/media?parent=1256"}],"wp:term":[{"taxonomy":"category","embeddable":true,"href":"https:\/\/globalattitude.org.br\/en\/wp-json\/wp\/v2\/categories?post=1256"},{"taxonomy":"post_tag","embeddable":true,"href":"https:\/\/globalattitude.org.br\/en\/wp-json\/wp\/v2\/tags?post=1256"}],"curies":[{"name":"wp","href":"https:\/\/api.w.org\/{rel}","templated":true}]}}