{"id":1359,"date":"2016-09-16T15:30:04","date_gmt":"2016-09-16T18:30:04","guid":{"rendered":"https:\/\/globalattitude.org.br\/conheca-a-delegacao-que-ira-ao-public-forum-2016-na-suica\/"},"modified":"2023-03-10T10:10:50","modified_gmt":"2023-03-10T13:10:50","slug":"conheca-a-delegacao-que-ira-ao-public-forum-2016-na-suica","status":"publish","type":"post","link":"https:\/\/globalattitude.org.br\/en\/conheca-a-delegacao-que-ira-ao-public-forum-2016-na-suica\/","title":{"rendered":"Conhe\u00e7a a delega\u00e7\u00e3o que ir\u00e1 ao Public Forum 2016, na Su\u00ed\u00e7a"},"content":{"rendered":"<p>Ap\u00f3s mais de 110 inscri\u00e7\u00f5es, o Instituto Global Attitude anuncia a delega\u00e7\u00e3o que participar\u00e1 do <a href=\"http:\/\/blog.globalattitude.org.br\/diplomacia-civil-abre-inscricoes-para-compor-delegacao-brasileira-em-evento-da-omc\/\">Public Forum 2016<\/a>, evento da Organiza\u00e7\u00e3o Mundial do Com\u00e9rcio (OMC) que acontece de 26 a 30 de setembro, em Genebra, Su\u00ed\u00e7a.<\/p>\n<p>Reunindo anualmente mais de 1.500 participantes para debater assuntos relacionados ao com\u00e9rcio mundial e propor maneiras de melhorar o sistema multilateral, o evento completa 15 anos com o tema \u201cCom\u00e9rcio Inclusivo\u201d, com discuss\u00f5es sobre como o sistema de com\u00e9rcio pode dar suporte \u00e0 inova\u00e7\u00e3o, internet e governan\u00e7a, novas tecnologias, pa\u00edses em desenvolvimento e participa\u00e7\u00e3o ativa da mulher no com\u00e9rcio mundial.<\/p>\n<p>A delega\u00e7\u00e3o participou de quatro workshops preparat\u00f3rios, que servem de aux\u00edlio para o melhor proveito da viagem, e est\u00e1 em processo de finaliza\u00e7\u00e3o de um artigo de opini\u00e3o ou pesquisa com tema de pr\u00f3pria escolha. Durante a confer\u00eancia, os delegados ter\u00e3o a oportunidade de participar dos debates e discuss\u00f5es, estando em constante contato com pessoas influentes, al\u00e9m de contar com uma agenda exclusiva do Diplomacia Civil.<\/p>\n<p><strong>Conhe\u00e7a os delegados:<\/strong><\/p>\n<p><strong><a href=\"http:\/\/globalattitude.org.br\/wp-content\/uploads\/2023\/03\/Beatrice.jpeg\" rel=\"attachment wp-att-2678\"><img decoding=\"async\" class=\"alignleft wp-image-2678\" src=\"http:\/\/globalattitude.org.br\/wp-content\/uploads\/2023\/03\/Beatrice.jpeg\" alt=\"beatrice\" width=\"200\" height=\"200\" \/><\/a>Beatrice Schmitke <\/strong>\u00e9 estudante de Rela\u00e7\u00f5es Internacionais na Pontif\u00edcia Universidade Cat\u00f3lica de S\u00e3o Paulo (PUC-SP) e de Artes Pl\u00e1sticas na Escola Panamericana de Artes e Design (EPA). J\u00e1 trabalhou como professora particular de ingl\u00eas e foi volunt\u00e1ria em projetos sociais desenvolvidos no interior do estado de S\u00e3o Paulo. Atualmente, \u00e9 colaboradora no departamento Administrativo-Financeiro da empresa j\u00fanior <a href=\"http:\/\/www.prismajr.org\/\">Prisma Consultoria Internacional<\/a>, da PUC-SP.<\/p>\n<p>&nbsp;<\/p>\n<p>&nbsp;<\/p>\n<p><strong><a href=\"http:\/\/globalattitude.org.br\/wp-content\/uploads\/2023\/03\/Foto-Carlos-WTO-2016.png\" rel=\"attachment wp-att-2679\"><img decoding=\"async\" class=\"alignleft wp-image-2679\" src=\"http:\/\/globalattitude.org.br\/wp-content\/uploads\/2023\/03\/Foto-Carlos-WTO-2016.png\" alt=\"foto-carlos-wto-2016\" width=\"200\" height=\"200\" \/><\/a>Carlos Alberto Durigan Junior<\/strong> \u00e9 mestre em Administra\u00e7\u00e3o pela Faculdade de Economia, Administra\u00e7\u00e3o e Contabilidade (FEA) da Universidade de S\u00e3o Paulo (USP), graduado em Engenharia Agron\u00f4mica pela Escola Superior de Agricultura Luiz de Queiroz da Universidade de S\u00e3o Paulo (ESALQ \u2013 USP). Durante a gradua\u00e7\u00e3o foi bolsista de inicia\u00e7\u00e3o cient\u00edfica da Funda\u00e7\u00e3o de Amparo \u00e0 Pesquisa do Estado de S\u00e3o Paulo (FAPESP) no <a href=\"http:\/\/www.fapesp.br\/bioen\/\">programa de bioenergia<\/a> (Bioen), realizou gradua\u00e7\u00e3o sandu\u00edche na <a href=\"https:\/\/www.osu.edu\/\">The Ohio State University<\/a> (OSU), nos Estados Unidos, sendo bolsista da CAPES-FIPSE.\u00a0 Foi embaixador do Brasil e da USP durante o f\u00f3rum internacional &#8220;<a href=\"http:\/\/www.nodai.ac.jp\/cip\/iss\/english\/11th_iss\/index.html\">11th International Students Summit on Food, Agriculture and Environment in the New Century<\/a>&#8220;, na Universidade de Agricultura de T\u00f3quio, no Jap\u00e3o\u00a0e participou do treinamento sobre o modelo oficial de negocia\u00e7\u00f5es das Na\u00e7\u00f5es Unidas (ONU), na sede da ONU, em Nova Iorque.\u00a0Atualmente atua na infraestrutura do mercado financeiro nacional, no sistema de pagamentos brasileiro. \u00c9 profissional certificado internacionalmente em gest\u00e3o de riscos.<\/p>\n<p><strong><a href=\"http:\/\/globalattitude.org.br\/wp-content\/uploads\/2023\/03\/Foto-Fernando-Mauad.jpg\" rel=\"attachment wp-att-2680\"><img decoding=\"async\" class=\"alignleft wp-image-2680\" src=\"http:\/\/globalattitude.org.br\/wp-content\/uploads\/2023\/03\/Foto-Fernando-Mauad.jpg\" alt=\"foto-fernando-mauad\" width=\"200\" height=\"200\" \/><\/a>Fernando Mauad <\/strong>cursa Economia na Universidade de S\u00e3o Paulo. Atualmente trabalha na empresa <a href=\"http:\/\/www.feajr.com\/\">FEA j\u00fanior USP<\/a>, buscando sempre realizar mais e melhores projetos de consultoria. Em 2013, fez um curso chamado Price and Profit pela Explo, realizado na <a href=\"http:\/\/www.yale.edu\/\">University of Yale<\/a>, nos Estados Unidos. Sempre se interessou por Finan\u00e7as P\u00fablicas e tem o objetivo de ajudar pa\u00edses subdesenvolvidos a atingir o crescimento econ\u00f4mico.<\/p>\n<p>&nbsp;<\/p>\n<p>&nbsp;<\/p>\n<p><strong><a href=\"http:\/\/globalattitude.org.br\/wp-content\/uploads\/2023\/03\/foto-GustavoCarinoRody.jpg\" rel=\"attachment wp-att-2681\"><img loading=\"lazy\" decoding=\"async\" class=\"alignleft wp-image-2681\" src=\"http:\/\/globalattitude.org.br\/wp-content\/uploads\/2023\/03\/foto-GustavoCarinoRody.jpg\" alt=\"foto-gustavocarinorody\" width=\"200\" height=\"200\" \/><\/a>Gustavo Rody <\/strong>\u00e9 bacharel em Rela\u00e7\u00f5es Internacionais pela ESPM do Rio de Janeiro e possui um MBA pela Cat\u00f3lica Business School Alliance, uma parceria entre a <a href=\"http:\/\/www.ucan.edu\/www14\/index.php\">Universidade Cat\u00f3lica de Angola<\/a>, PUC-RJ e <a href=\"http:\/\/www.porto.ucp.pt\/\">Universidade Cat\u00f3lica do Porto<\/a>, tendo feito um m\u00f3dulo do curso em cada pa\u00eds. O Marketing Internacional \u00e9 a sua principal \u00e1rea de conhecimento, com foco nos modelos de internacionaliza\u00e7\u00e3o de empresas. Atuou no <a href=\"https:\/\/www.irbbrasilre.com\/PT-BR\/Paginas\/default.aspx\">IRB Brasil RE<\/a>, dando suporte para a internacionaliza\u00e7\u00e3o da empresa. Tamb\u00e9m foi estagi\u00e1rio no departamento de marketing do <a href=\"http:\/\/web.zonamerica.com\/home\/\">Zonamerica<\/a>, uma zona franca uruguaia, al\u00e9m de ter atuado como volunt\u00e1rio na <a href=\"http:\/\/aiesec.org.br\/\">AIESEC<\/a>.<\/p>\n<p><strong><br \/>\n<a href=\"http:\/\/globalattitude.org.br\/wp-content\/uploads\/2023\/03\/FotoPerfil-Julia-Leite.jpg\" rel=\"attachment wp-att-2683\"><img loading=\"lazy\" decoding=\"async\" class=\"alignleft wp-image-2683\" src=\"http:\/\/globalattitude.org.br\/wp-content\/uploads\/2023\/03\/FotoPerfil-Julia-Leite.jpg\" alt=\"fotoperfil-julia-leite\" width=\"200\" height=\"200\" \/><\/a>Julia Leite<\/strong> \u00e9 graduada em Direito pela Universidade de S\u00e3o Paulo (USP). Fez um curso de curta dura\u00e7\u00e3o em direito da OMC no <a href=\"http:\/\/www.wti.org\/\">World Trade Institute<\/a>, na Su\u00ed\u00e7a, e interc\u00e2mbio acad\u00eamico de um ano na <a href=\"http:\/\/www.univ-nantes.fr\/\">Universit\u00e9 de Nantes<\/a>, na Fran\u00e7a. Atualmente trabalha na <a href=\"http:\/\/www.unotrade.com\/\">UNO International Trade Strategy<\/a>, uma consultoria de com\u00e9rcio internacional focada em defesa comercial, acesso a mercados, direito aduaneiro e pol\u00edtica comercial. Participou da equipe da USP na <a href=\"http:\/\/emc2.elsa.org\/\">ELSA Moot Court Competition on WTO Law<\/a> em 2014, tendo ganhado pr\u00eamios como oradora e pela submiss\u00e3o escrita. Tamb\u00e9m foi premiada como melhor delegada da <a href=\"https:\/\/sprimun.com\/\">Model United Nations Sciences Po Rennes<\/a> em 2013, que tratou de biodiversidade e desenvolvimento, dentre outros temas.<\/p>\n<p><strong><a href=\"http:\/\/globalattitude.org.br\/wp-content\/uploads\/2023\/03\/Patricia-Baruffi.jpg\" rel=\"attachment wp-att-2684\"><img loading=\"lazy\" decoding=\"async\" class=\"alignleft wp-image-2684\" src=\"http:\/\/globalattitude.org.br\/wp-content\/uploads\/2023\/03\/Patricia-Baruffi.jpg\" alt=\"patricia-baruffi\" width=\"200\" height=\"200\" \/><\/a>Patr\u00edcia Baruffi<\/strong> \u00e9 graduada em Rela\u00e7\u00f5es Internacionais pela Universidade Federal de Uberl\u00e2ndia e especializada em Rotinas e Procedimentos de Com\u00e9rcio Exterior pelo SENAC. Idealizadora de grupo de estudos e projetos de pesquisa em torno da An\u00e1lise de Discurso nas Rela\u00e7\u00f5es Internacionais, volunt\u00e1ria e entusiasta ass\u00eddua em ONG\u2019s e OING\u2019s, incluindo a\u00e7\u00e3o vinculada ao programa das Na\u00e7\u00f5es Unidas para escolas p\u00fablicas em Budapeste, Hungria, durante seis meses. Apaixonada por pessoas, culturas e l\u00ednguas, e uma otimista convicta da import\u00e2ncia das institui\u00e7\u00f5es internacionais no desenvolvimento de um sistema mais equitativo.<\/p>\n<p><strong><a href=\"http:\/\/globalattitude.org.br\/wp-content\/uploads\/2023\/03\/foto-Vitor.jpg\" rel=\"attachment wp-att-2682\"><img loading=\"lazy\" decoding=\"async\" class=\"alignleft wp-image-2682\" src=\"http:\/\/globalattitude.org.br\/wp-content\/uploads\/2023\/03\/foto-Vitor.jpg\" alt=\"foto-vitor\" width=\"200\" height=\"200\" \/><\/a>Vitor de Melo Silva<\/strong> \u00e9 graduando em Administra\u00e7\u00e3o de Empresas na Universidade de Bras\u00edlia (UnB) e possui experi\u00eancia em consultoria empresarial, tendo atuado nas \u00e1reas de marketing &amp; inova\u00e7\u00e3o e processos. Foi gerente de projetos na <a href=\"http:\/\/www.ideationbrasil.com.br\/\">Ideation Brasil<\/a>, com realiza\u00e7\u00e3o de eventos de empreendedorismo com mais de 600 participantes, tendo gerenciado 10 equipes em quatro regi\u00f5es do Brasil. Tamb\u00e9m foi palestrante no <a href=\"http:\/\/universitariosacimadamedia.com\/uamweek\/\">UAM Week<\/a>, juntamente com Ozires Silva (fundador Embraer).<\/p>\n<p>&nbsp;<\/p>\n<p><strong><a href=\"http:\/\/globalattitude.org.br\/wp-content\/uploads\/2023\/03\/yasmin-winther.png\" rel=\"attachment wp-att-2685\"><img loading=\"lazy\" decoding=\"async\" class=\"alignleft wp-image-2685\" src=\"http:\/\/globalattitude.org.br\/wp-content\/uploads\/2023\/03\/yasmin-winther.png\" alt=\"yasmin-winther\" width=\"200\" height=\"200\" \/><\/a>Yasmin Winther<\/strong> \u00e9 bacharela em Ci\u00eancias Econ\u00f4micas pela Pontif\u00edcia Universidade Cat\u00f3lica de S\u00e3o Paulo (PUC-SP), com interc\u00e2mbio realizado na <a href=\"https:\/\/www.univ-paris1.fr\/\">Universit\u00e9 Paris 1<\/a> \u2013 Panth\u00e9on \u2013 Sorbonne (Fran\u00e7a). Depois de estagiar na \u00e1rea de auditoria e realizar o interc\u00e2mbio, teve certeza que a \u00e1rea de diplomacia internacional era o caminho para fazer a diferen\u00e7a. Desde ent\u00e3o, passou a se dedicar a causas sociais, incluindo a cria\u00e7\u00e3o de um programa social para ensinar fundamentos de economia dom\u00e9stica a comunidades sem acesso \u00e0 informa\u00e7\u00e3o. Atualmente dedica-se \u00e0 vida acad\u00eamica e faz um curso de curta dura\u00e7\u00e3o em Berlim.<\/p>\n<p>Parabenizamos os delegados e esperamos que a experi\u00eancia no programa seja enriquecedora. Aos que n\u00e3o foram aprovados, sem des\u00e2nimo! O fim do semestre ainda promete muitas novidades do Diplomacia Civil. Assine nosso newsletter e acompanhe nossas redes sociais para n\u00e3o deixar passar nenhum prazo de inscri\u00e7\u00e3o.<\/p>\n","protected":false},"excerpt":{"rendered":"<p>Ap\u00f3s mais de 110 inscri\u00e7\u00f5es, o Instituto Global Attitude anuncia a delega\u00e7\u00e3o que participar\u00e1 do Public Forum 2016, evento da Organiza\u00e7\u00e3o Mundial do Com\u00e9rcio (OMC) que acontece de 26 a 30 de setembro, em Genebra, Su\u00ed\u00e7a. Reunindo anualmente mais de 1.500 participantes para debater assuntos relacionados ao com\u00e9rcio mundial e propor maneiras de melhorar o [&hellip;]<\/p>\n","protected":false},"author":1,"featured_media":1360,"comment_status":"open","ping_status":"open","sticky":false,"template":"","format":"standard","meta":{"_acf_changed":false,"om_disable_all_campaigns":false,"_monsterinsights_skip_tracking":false,"_uf_show_specific_survey":0,"_uf_disable_surveys":false,"footnotes":""},"categories":[22,34],"tags":[],"class_list":["post-1359","post","type-post","status-publish","format-standard","hentry","category-programas","category-ultimas"],"acf":[],"aioseo_notices":[],"aioseo_head":"\n\t\t<!-- All in One SEO 5.0.1.1 - aioseo.com -->\n\t<meta name=\"description\" content=\"Ap\u00f3s mais de 110 inscri\u00e7\u00f5es, o Instituto Global Attitude anuncia a delega\u00e7\u00e3o que participar\u00e1 do Public Forum 2016, evento da Organiza\u00e7\u00e3o Mundial do Com\u00e9rcio (OMC) que acontece de 26 a 30 de setembro, em Genebra, Su\u00ed\u00e7a. Reunindo anualmente mais de 1.500 participantes para debater assuntos relacionados ao com\u00e9rcio mundial e propor maneiras de melhorar o\" \/>\n\t<meta name=\"robots\" content=\"max-image-preview:large\" \/>\n\t<meta name=\"author\" content=\"123esite\"\/>\n\t<link rel=\"canonical\" href=\"https:\/\/globalattitude.org.br\/en\/conheca-a-delegacao-que-ira-ao-public-forum-2016-na-suica\/\" \/>\n\t<meta name=\"generator\" content=\"All in One SEO (AIOSEO) 5.0.1.1\" \/>\n\t\t<meta property=\"og:locale\" content=\"en_US\" \/>\n\t\t<meta property=\"og:site_name\" content=\"Instituto Global Attitude -\" \/>\n\t\t<meta property=\"og:type\" content=\"article\" \/>\n\t\t<meta property=\"og:title\" content=\"Conhe\u00e7a a delega\u00e7\u00e3o que ir\u00e1 ao Public Forum 2016, na Su\u00ed\u00e7a - Instituto Global Attitude\" \/>\n\t\t<meta property=\"og:description\" content=\"Ap\u00f3s mais de 110 inscri\u00e7\u00f5es, o Instituto Global Attitude anuncia a delega\u00e7\u00e3o que participar\u00e1 do Public Forum 2016, evento da Organiza\u00e7\u00e3o Mundial do Com\u00e9rcio (OMC) que acontece de 26 a 30 de setembro, em Genebra, Su\u00ed\u00e7a. Reunindo anualmente mais de 1.500 participantes para debater assuntos relacionados ao com\u00e9rcio mundial e propor maneiras de melhorar o\" \/>\n\t\t<meta property=\"og:url\" content=\"https:\/\/globalattitude.org.br\/en\/conheca-a-delegacao-que-ira-ao-public-forum-2016-na-suica\/\" \/>\n\t\t<meta property=\"article:published_time\" content=\"2016-09-16T18:30:04+00:00\" \/>\n\t\t<meta property=\"article:modified_time\" content=\"2023-03-10T13:10:50+00:00\" \/>\n\t\t<meta name=\"twitter:card\" content=\"summary_large_image\" \/>\n\t\t<meta name=\"twitter:title\" content=\"Conhe\u00e7a a delega\u00e7\u00e3o que ir\u00e1 ao Public Forum 2016, na Su\u00ed\u00e7a - Instituto Global Attitude\" \/>\n\t\t<meta name=\"twitter:description\" content=\"Ap\u00f3s mais de 110 inscri\u00e7\u00f5es, o Instituto Global Attitude anuncia a delega\u00e7\u00e3o que participar\u00e1 do Public Forum 2016, evento da Organiza\u00e7\u00e3o Mundial do Com\u00e9rcio (OMC) que acontece de 26 a 30 de setembro, em Genebra, Su\u00ed\u00e7a. Reunindo anualmente mais de 1.500 participantes para debater assuntos relacionados ao com\u00e9rcio mundial e propor maneiras de melhorar o\" \/>\n\t\t<script type=\"application\/ld+json\" class=\"aioseo-schema\">\n\t\t\t{\"@context\":\"https:\\\/\\\/schema.org\",\"@graph\":[{\"@type\":\"BlogPosting\",\"@id\":\"https:\\\/\\\/globalattitude.org.br\\\/en\\\/conheca-a-delegacao-que-ira-ao-public-forum-2016-na-suica\\\/#blogposting\",\"name\":\"Conhe\\u00e7a a delega\\u00e7\\u00e3o que ir\\u00e1 ao Public Forum 2016, na Su\\u00ed\\u00e7a - Instituto Global Attitude\",\"headline\":\"Conhe\\u00e7a a delega\\u00e7\\u00e3o que ir\\u00e1 ao Public Forum 2016, na Su\\u00ed\\u00e7a\",\"author\":{\"@id\":\"https:\\\/\\\/globalattitude.org.br\\\/en\\\/author\\\/123esite\\\/#author\"},\"publisher\":{\"@id\":\"https:\\\/\\\/globalattitude.org.br\\\/en\\\/#organization\"},\"image\":{\"@type\":\"ImageObject\",\"url\":\"https:\\\/\\\/globalattitude.org.br\\\/wp-content\\\/uploads\\\/2023\\\/03\\\/Beatrice.jpeg\",\"width\":300,\"height\":300},\"datePublished\":\"2016-09-16T15:30:04-03:00\",\"dateModified\":\"2023-03-10T10:10:50-03:00\",\"inLanguage\":\"en-US\",\"mainEntityOfPage\":{\"@id\":\"https:\\\/\\\/globalattitude.org.br\\\/en\\\/conheca-a-delegacao-que-ira-ao-public-forum-2016-na-suica\\\/#webpage\"},\"isPartOf\":{\"@id\":\"https:\\\/\\\/globalattitude.org.br\\\/en\\\/conheca-a-delegacao-que-ira-ao-public-forum-2016-na-suica\\\/#webpage\"},\"articleSection\":\"Programas, \\u00daltimas\"},{\"@type\":\"BreadcrumbList\",\"@id\":\"https:\\\/\\\/globalattitude.org.br\\\/en\\\/conheca-a-delegacao-que-ira-ao-public-forum-2016-na-suica\\\/#breadcrumblist\",\"itemListElement\":[{\"@type\":\"ListItem\",\"@id\":\"https:\\\/\\\/globalattitude.org.br\\\/en\\\/#listItem\",\"position\":1,\"name\":\"Home\",\"item\":\"https:\\\/\\\/globalattitude.org.br\\\/en\\\/\",\"nextItem\":{\"@type\":\"ListItem\",\"@id\":\"https:\\\/\\\/globalattitude.org.br\\\/category\\\/programas\\\/#listItem\",\"name\":\"Programas\"}},{\"@type\":\"ListItem\",\"@id\":\"https:\\\/\\\/globalattitude.org.br\\\/category\\\/programas\\\/#listItem\",\"position\":2,\"name\":\"Programas\",\"item\":\"https:\\\/\\\/globalattitude.org.br\\\/category\\\/programas\\\/\",\"nextItem\":{\"@type\":\"ListItem\",\"@id\":\"https:\\\/\\\/globalattitude.org.br\\\/en\\\/conheca-a-delegacao-que-ira-ao-public-forum-2016-na-suica\\\/#listItem\",\"name\":\"Conhe\\u00e7a a delega\\u00e7\\u00e3o que ir\\u00e1 ao Public Forum 2016, na Su\\u00ed\\u00e7a\"},\"previousItem\":{\"@type\":\"ListItem\",\"@id\":\"https:\\\/\\\/globalattitude.org.br\\\/en\\\/#listItem\",\"name\":\"Home\"}},{\"@type\":\"ListItem\",\"@id\":\"https:\\\/\\\/globalattitude.org.br\\\/en\\\/conheca-a-delegacao-que-ira-ao-public-forum-2016-na-suica\\\/#listItem\",\"position\":3,\"name\":\"Conhe\\u00e7a a delega\\u00e7\\u00e3o que ir\\u00e1 ao Public Forum 2016, na Su\\u00ed\\u00e7a\",\"previousItem\":{\"@type\":\"ListItem\",\"@id\":\"https:\\\/\\\/globalattitude.org.br\\\/category\\\/programas\\\/#listItem\",\"name\":\"Programas\"}}]},{\"@type\":\"Organization\",\"@id\":\"https:\\\/\\\/globalattitude.org.br\\\/en\\\/#organization\",\"name\":\"Global Attitude\",\"url\":\"https:\\\/\\\/globalattitude.org.br\\\/en\\\/\"},{\"@type\":\"Person\",\"@id\":\"https:\\\/\\\/globalattitude.org.br\\\/en\\\/author\\\/123esite\\\/#author\",\"url\":\"https:\\\/\\\/globalattitude.org.br\\\/en\\\/author\\\/123esite\\\/\",\"name\":\"123esite\",\"image\":{\"@type\":\"ImageObject\",\"@id\":\"https:\\\/\\\/globalattitude.org.br\\\/en\\\/conheca-a-delegacao-que-ira-ao-public-forum-2016-na-suica\\\/#authorImage\",\"url\":\"https:\\\/\\\/secure.gravatar.com\\\/avatar\\\/07bd71fac19f42004f2b73567f012e126689afdb23cb0017536dea9113ba1806?s=96&d=mm&r=g\",\"width\":96,\"height\":96,\"caption\":\"123esite\"}},{\"@type\":\"WebPage\",\"@id\":\"https:\\\/\\\/globalattitude.org.br\\\/en\\\/conheca-a-delegacao-que-ira-ao-public-forum-2016-na-suica\\\/#webpage\",\"url\":\"https:\\\/\\\/globalattitude.org.br\\\/en\\\/conheca-a-delegacao-que-ira-ao-public-forum-2016-na-suica\\\/\",\"name\":\"Conhe\\u00e7a a delega\\u00e7\\u00e3o que ir\\u00e1 ao Public Forum 2016, na Su\\u00ed\\u00e7a - Instituto Global Attitude\",\"description\":\"Ap\\u00f3s mais de 110 inscri\\u00e7\\u00f5es, o Instituto Global Attitude anuncia a delega\\u00e7\\u00e3o que participar\\u00e1 do Public Forum 2016, evento da Organiza\\u00e7\\u00e3o Mundial do Com\\u00e9rcio (OMC) que acontece de 26 a 30 de setembro, em Genebra, Su\\u00ed\\u00e7a. Reunindo anualmente mais de 1.500 participantes para debater assuntos relacionados ao com\\u00e9rcio mundial e propor maneiras de melhorar o\",\"inLanguage\":\"en-US\",\"isPartOf\":{\"@id\":\"https:\\\/\\\/globalattitude.org.br\\\/en\\\/#website\"},\"breadcrumb\":{\"@id\":\"https:\\\/\\\/globalattitude.org.br\\\/en\\\/conheca-a-delegacao-que-ira-ao-public-forum-2016-na-suica\\\/#breadcrumblist\"},\"author\":{\"@id\":\"https:\\\/\\\/globalattitude.org.br\\\/en\\\/author\\\/123esite\\\/#author\"},\"creator\":{\"@id\":\"https:\\\/\\\/globalattitude.org.br\\\/en\\\/author\\\/123esite\\\/#author\"},\"image\":{\"@type\":\"ImageObject\",\"url\":\"https:\\\/\\\/globalattitude.org.br\\\/wp-content\\\/uploads\\\/2023\\\/03\\\/Beatrice.jpeg\",\"@id\":\"https:\\\/\\\/globalattitude.org.br\\\/en\\\/conheca-a-delegacao-que-ira-ao-public-forum-2016-na-suica\\\/#mainImage\",\"width\":300,\"height\":300},\"primaryImageOfPage\":{\"@id\":\"https:\\\/\\\/globalattitude.org.br\\\/en\\\/conheca-a-delegacao-que-ira-ao-public-forum-2016-na-suica\\\/#mainImage\"},\"datePublished\":\"2016-09-16T15:30:04-03:00\",\"dateModified\":\"2023-03-10T10:10:50-03:00\"},{\"@type\":\"WebSite\",\"@id\":\"https:\\\/\\\/globalattitude.org.br\\\/en\\\/#website\",\"url\":\"https:\\\/\\\/globalattitude.org.br\\\/en\\\/\",\"name\":\"Global Attitude\",\"inLanguage\":\"en-US\",\"publisher\":{\"@id\":\"https:\\\/\\\/globalattitude.org.br\\\/en\\\/#organization\"}}]}\n\t\t<\/script>\n\t\t<!-- All in One SEO -->\n\n","aioseo_head_json":{"title":"Conhe\u00e7a a delega\u00e7\u00e3o que ir\u00e1 ao Public Forum 2016, na Su\u00ed\u00e7a - Instituto Global Attitude","description":"Ap\u00f3s mais de 110 inscri\u00e7\u00f5es, o Instituto Global Attitude anuncia a delega\u00e7\u00e3o que participar\u00e1 do Public Forum 2016, evento da Organiza\u00e7\u00e3o Mundial do Com\u00e9rcio (OMC) que acontece de 26 a 30 de setembro, em Genebra, Su\u00ed\u00e7a. Reunindo anualmente mais de 1.500 participantes para debater assuntos relacionados ao com\u00e9rcio mundial e propor maneiras de melhorar o","canonical_url":"https:\/\/globalattitude.org.br\/en\/conheca-a-delegacao-que-ira-ao-public-forum-2016-na-suica\/","robots":"max-image-preview:large","keywords":"","webmasterTools":{"miscellaneous":""},"schema":{"@context":"https:\/\/schema.org","@graph":[{"@type":"BlogPosting","@id":"https:\/\/globalattitude.org.br\/en\/conheca-a-delegacao-que-ira-ao-public-forum-2016-na-suica\/#blogposting","name":"Conhe\u00e7a a delega\u00e7\u00e3o que ir\u00e1 ao Public Forum 2016, na Su\u00ed\u00e7a - Instituto Global Attitude","headline":"Conhe\u00e7a a delega\u00e7\u00e3o que ir\u00e1 ao Public Forum 2016, na Su\u00ed\u00e7a","author":{"@id":"https:\/\/globalattitude.org.br\/en\/author\/123esite\/#author"},"publisher":{"@id":"https:\/\/globalattitude.org.br\/en\/#organization"},"image":{"@type":"ImageObject","url":"https:\/\/globalattitude.org.br\/wp-content\/uploads\/2023\/03\/Beatrice.jpeg","width":300,"height":300},"datePublished":"2016-09-16T15:30:04-03:00","dateModified":"2023-03-10T10:10:50-03:00","inLanguage":"en-US","mainEntityOfPage":{"@id":"https:\/\/globalattitude.org.br\/en\/conheca-a-delegacao-que-ira-ao-public-forum-2016-na-suica\/#webpage"},"isPartOf":{"@id":"https:\/\/globalattitude.org.br\/en\/conheca-a-delegacao-que-ira-ao-public-forum-2016-na-suica\/#webpage"},"articleSection":"Programas, \u00daltimas"},{"@type":"BreadcrumbList","@id":"https:\/\/globalattitude.org.br\/en\/conheca-a-delegacao-que-ira-ao-public-forum-2016-na-suica\/#breadcrumblist","itemListElement":[{"@type":"ListItem","@id":"https:\/\/globalattitude.org.br\/en\/#listItem","position":1,"name":"Home","item":"https:\/\/globalattitude.org.br\/en\/","nextItem":{"@type":"ListItem","@id":"https:\/\/globalattitude.org.br\/category\/programas\/#listItem","name":"Programas"}},{"@type":"ListItem","@id":"https:\/\/globalattitude.org.br\/category\/programas\/#listItem","position":2,"name":"Programas","item":"https:\/\/globalattitude.org.br\/category\/programas\/","nextItem":{"@type":"ListItem","@id":"https:\/\/globalattitude.org.br\/en\/conheca-a-delegacao-que-ira-ao-public-forum-2016-na-suica\/#listItem","name":"Conhe\u00e7a a delega\u00e7\u00e3o que ir\u00e1 ao Public Forum 2016, na Su\u00ed\u00e7a"},"previousItem":{"@type":"ListItem","@id":"https:\/\/globalattitude.org.br\/en\/#listItem","name":"Home"}},{"@type":"ListItem","@id":"https:\/\/globalattitude.org.br\/en\/conheca-a-delegacao-que-ira-ao-public-forum-2016-na-suica\/#listItem","position":3,"name":"Conhe\u00e7a a delega\u00e7\u00e3o que ir\u00e1 ao Public Forum 2016, na Su\u00ed\u00e7a","previousItem":{"@type":"ListItem","@id":"https:\/\/globalattitude.org.br\/category\/programas\/#listItem","name":"Programas"}}]},{"@type":"Organization","@id":"https:\/\/globalattitude.org.br\/en\/#organization","name":"Global Attitude","url":"https:\/\/globalattitude.org.br\/en\/"},{"@type":"Person","@id":"https:\/\/globalattitude.org.br\/en\/author\/123esite\/#author","url":"https:\/\/globalattitude.org.br\/en\/author\/123esite\/","name":"123esite","image":{"@type":"ImageObject","@id":"https:\/\/globalattitude.org.br\/en\/conheca-a-delegacao-que-ira-ao-public-forum-2016-na-suica\/#authorImage","url":"https:\/\/secure.gravatar.com\/avatar\/07bd71fac19f42004f2b73567f012e126689afdb23cb0017536dea9113ba1806?s=96&d=mm&r=g","width":96,"height":96,"caption":"123esite"}},{"@type":"WebPage","@id":"https:\/\/globalattitude.org.br\/en\/conheca-a-delegacao-que-ira-ao-public-forum-2016-na-suica\/#webpage","url":"https:\/\/globalattitude.org.br\/en\/conheca-a-delegacao-que-ira-ao-public-forum-2016-na-suica\/","name":"Conhe\u00e7a a delega\u00e7\u00e3o que ir\u00e1 ao Public Forum 2016, na Su\u00ed\u00e7a - Instituto Global Attitude","description":"Ap\u00f3s mais de 110 inscri\u00e7\u00f5es, o Instituto Global Attitude anuncia a delega\u00e7\u00e3o que participar\u00e1 do Public Forum 2016, evento da Organiza\u00e7\u00e3o Mundial do Com\u00e9rcio (OMC) que acontece de 26 a 30 de setembro, em Genebra, Su\u00ed\u00e7a. Reunindo anualmente mais de 1.500 participantes para debater assuntos relacionados ao com\u00e9rcio mundial e propor maneiras de melhorar o","inLanguage":"en-US","isPartOf":{"@id":"https:\/\/globalattitude.org.br\/en\/#website"},"breadcrumb":{"@id":"https:\/\/globalattitude.org.br\/en\/conheca-a-delegacao-que-ira-ao-public-forum-2016-na-suica\/#breadcrumblist"},"author":{"@id":"https:\/\/globalattitude.org.br\/en\/author\/123esite\/#author"},"creator":{"@id":"https:\/\/globalattitude.org.br\/en\/author\/123esite\/#author"},"image":{"@type":"ImageObject","url":"https:\/\/globalattitude.org.br\/wp-content\/uploads\/2023\/03\/Beatrice.jpeg","@id":"https:\/\/globalattitude.org.br\/en\/conheca-a-delegacao-que-ira-ao-public-forum-2016-na-suica\/#mainImage","width":300,"height":300},"primaryImageOfPage":{"@id":"https:\/\/globalattitude.org.br\/en\/conheca-a-delegacao-que-ira-ao-public-forum-2016-na-suica\/#mainImage"},"datePublished":"2016-09-16T15:30:04-03:00","dateModified":"2023-03-10T10:10:50-03:00"},{"@type":"WebSite","@id":"https:\/\/globalattitude.org.br\/en\/#website","url":"https:\/\/globalattitude.org.br\/en\/","name":"Global Attitude","inLanguage":"en-US","publisher":{"@id":"https:\/\/globalattitude.org.br\/en\/#organization"}}]},"og:locale":"en_US","og:site_name":"Instituto Global Attitude -","og:type":"article","og:title":"Conhe\u00e7a a delega\u00e7\u00e3o que ir\u00e1 ao Public Forum 2016, na Su\u00ed\u00e7a - Instituto Global Attitude","og:description":"Ap\u00f3s mais de 110 inscri\u00e7\u00f5es, o Instituto Global Attitude anuncia a delega\u00e7\u00e3o que participar\u00e1 do Public Forum 2016, evento da Organiza\u00e7\u00e3o Mundial do Com\u00e9rcio (OMC) que acontece de 26 a 30 de setembro, em Genebra, Su\u00ed\u00e7a. Reunindo anualmente mais de 1.500 participantes para debater assuntos relacionados ao com\u00e9rcio mundial e propor maneiras de melhorar o","og:url":"https:\/\/globalattitude.org.br\/en\/conheca-a-delegacao-que-ira-ao-public-forum-2016-na-suica\/","article:published_time":"2016-09-16T18:30:04+00:00","article:modified_time":"2023-03-10T13:10:50+00:00","twitter:card":"summary_large_image","twitter:title":"Conhe\u00e7a a delega\u00e7\u00e3o que ir\u00e1 ao Public Forum 2016, na Su\u00ed\u00e7a - Instituto Global Attitude","twitter:description":"Ap\u00f3s mais de 110 inscri\u00e7\u00f5es, o Instituto Global Attitude anuncia a delega\u00e7\u00e3o que participar\u00e1 do Public Forum 2016, evento da Organiza\u00e7\u00e3o Mundial do Com\u00e9rcio (OMC) que acontece de 26 a 30 de setembro, em Genebra, Su\u00ed\u00e7a. Reunindo anualmente mais de 1.500 participantes para debater assuntos relacionados ao com\u00e9rcio mundial e propor maneiras de melhorar o"},"aioseo_meta_data":{"post_id":"1359","title":null,"description":null,"keywords":null,"keyphrases":null,"primary_term":null,"canonical_url":null,"og_title":null,"og_description":null,"og_object_type":"default","og_image_type":"default","og_image_url":null,"og_image_width":null,"og_image_height":null,"og_image_custom_url":null,"og_image_custom_fields":null,"og_video":null,"og_custom_url":null,"og_article_section":null,"og_article_tags":null,"twitter_use_og":false,"twitter_card":"default","twitter_image_type":"default","twitter_image_url":null,"twitter_image_custom_url":null,"twitter_image_custom_fields":null,"twitter_title":null,"twitter_description":null,"schema":{"blockGraphs":[],"customGraphs":[],"default":{"data":{"Article":[],"Course":[],"Dataset":[],"FAQPage":[],"Movie":[],"Person":[],"Product":[],"ProductReview":[],"Car":[],"Recipe":[],"Service":[],"SoftwareApplication":[],"WebPage":[]},"graphName":"","isEnabled":true},"graphs":[]},"schema_type":"default","schema_type_options":null,"pillar_content":false,"robots_default":true,"robots_noindex":false,"robots_noarchive":false,"robots_nosnippet":false,"robots_nofollow":false,"robots_noimageindex":false,"robots_noodp":false,"robots_notranslate":false,"robots_max_snippet":null,"robots_max_videopreview":null,"robots_max_imagepreview":"large","priority":null,"frequency":null,"local_seo":null,"breadcrumb_settings":null,"limit_modified_date":false,"ai":null,"created":"2024-04-18 13:46:22","updated":"2025-06-05 02:07:39","seo_analyzer_scan_date":null,"focus_keyword":null,"additional_keywords":null,"truseo_locale":null},"aioseo_breadcrumb":"<div class=\"aioseo-breadcrumbs\"><span class=\"aioseo-breadcrumb\">\n\t\t\t<a href=\"https:\/\/globalattitude.org.br\/en\/\" title=\"Home\">Home<\/a>\n\t\t<\/span><span class=\"aioseo-breadcrumb-separator\">&raquo;<\/span><span class=\"aioseo-breadcrumb\">\n\t\t\t<a href=\"https:\/\/globalattitude.org.br\/category\/programas\/\" title=\"Programas\">Programas<\/a>\n\t\t<\/span><span class=\"aioseo-breadcrumb-separator\">&raquo;<\/span><span class=\"aioseo-breadcrumb\">\n\t\t\tConhe\u00e7a a delega\u00e7\u00e3o que ir\u00e1 ao Public Forum 2016, na Su\u00ed\u00e7a\n\t\t<\/span><\/div>","aioseo_breadcrumb_json":[{"label":"Home","link":"https:\/\/globalattitude.org.br\/en\/"},{"label":"Programas","link":"https:\/\/globalattitude.org.br\/category\/programas\/"},{"label":"Conhe\u00e7a a delega\u00e7\u00e3o que ir\u00e1 ao Public Forum 2016, na Su\u00ed\u00e7a","link":"https:\/\/globalattitude.org.br\/en\/conheca-a-delegacao-que-ira-ao-public-forum-2016-na-suica\/"}],"yoast_head":"<!-- This site is optimized with the Yoast SEO plugin v28.4 - https:\/\/yoast.com\/product\/yoast-seo-wordpress\/ -->\n<title>Conhe\u00e7a a delega\u00e7\u00e3o que ir\u00e1 ao Public Forum 2016, na Su\u00ed\u00e7a - Instituto Global Attitude<\/title>\n<meta name=\"robots\" content=\"index, follow, max-snippet:-1, max-image-preview:large, max-video-preview:-1\" \/>\n<link rel=\"canonical\" href=\"https:\/\/globalattitude.org.br\/en\/conheca-a-delegacao-que-ira-ao-public-forum-2016-na-suica\/\" \/>\n<meta property=\"og:locale\" content=\"en_US\" \/>\n<meta property=\"og:type\" content=\"article\" \/>\n<meta property=\"og:title\" content=\"Conhe\u00e7a a delega\u00e7\u00e3o que ir\u00e1 ao Public Forum 2016, na Su\u00ed\u00e7a - Instituto Global Attitude\" \/>\n<meta property=\"og:description\" content=\"Ap\u00f3s mais de 110 inscri\u00e7\u00f5es, o Instituto Global Attitude anuncia a delega\u00e7\u00e3o que participar\u00e1 do Public Forum 2016, evento da Organiza\u00e7\u00e3o Mundial do Com\u00e9rcio (OMC) que acontece de 26 a 30 de setembro, em Genebra, Su\u00ed\u00e7a. Reunindo anualmente mais de 1.500 participantes para debater assuntos relacionados ao com\u00e9rcio mundial e propor maneiras de melhorar o [&hellip;]\" \/>\n<meta property=\"og:url\" content=\"https:\/\/globalattitude.org.br\/en\/conheca-a-delegacao-que-ira-ao-public-forum-2016-na-suica\/\" \/>\n<meta property=\"og:site_name\" content=\"Instituto Global Attitude\" \/>\n<meta property=\"article:publisher\" content=\"https:\/\/www.facebook.com\/global.attitude.org\/\" \/>\n<meta property=\"article:published_time\" content=\"2016-09-16T18:30:04+00:00\" \/>\n<meta property=\"article:modified_time\" content=\"2023-03-10T13:10:50+00:00\" \/>\n<meta property=\"og:image\" content=\"https:\/\/globalattitude.org.br\/wp-content\/uploads\/2023\/03\/Beatrice.jpeg\" \/>\n\t<meta property=\"og:image:width\" content=\"300\" \/>\n\t<meta property=\"og:image:height\" content=\"300\" \/>\n\t<meta property=\"og:image:type\" content=\"image\/jpeg\" \/>\n<meta name=\"author\" content=\"123esite\" \/>\n<meta name=\"twitter:card\" content=\"summary_large_image\" \/>\n<meta name=\"twitter:creator\" content=\"@global_attitude\" \/>\n<meta name=\"twitter:site\" content=\"@global_attitude\" \/>\n<meta name=\"twitter:label1\" content=\"Written by\" \/>\n\t<meta name=\"twitter:data1\" content=\"123esite\" \/>\n\t<meta name=\"twitter:label2\" content=\"Est. reading time\" \/>\n\t<meta name=\"twitter:data2\" content=\"5 minutes\" \/>\n<script type=\"application\/ld+json\" class=\"yoast-schema-graph\">{\"@context\":\"https:\\\/\\\/schema.org\",\"@graph\":[{\"@type\":[\"Article\",\"BlogPosting\"],\"@id\":\"https:\\\/\\\/globalattitude.org.br\\\/en\\\/conheca-a-delegacao-que-ira-ao-public-forum-2016-na-suica\\\/#article\",\"isPartOf\":{\"@id\":\"https:\\\/\\\/globalattitude.org.br\\\/en\\\/conheca-a-delegacao-que-ira-ao-public-forum-2016-na-suica\\\/\"},\"author\":{\"name\":\"123esite\",\"@id\":\"https:\\\/\\\/globalattitude.org.br\\\/#\\\/schema\\\/person\\\/6d308f9d9d1eebad0278ad9386f13169\"},\"headline\":\"Conhe\u00e7a a delega\u00e7\u00e3o que ir\u00e1 ao Public Forum 2016, na Su\u00ed\u00e7a\",\"datePublished\":\"2016-09-16T18:30:04+00:00\",\"dateModified\":\"2023-03-10T13:10:50+00:00\",\"mainEntityOfPage\":{\"@id\":\"https:\\\/\\\/globalattitude.org.br\\\/en\\\/conheca-a-delegacao-que-ira-ao-public-forum-2016-na-suica\\\/\"},\"wordCount\":1069,\"commentCount\":0,\"publisher\":{\"@id\":\"https:\\\/\\\/globalattitude.org.br\\\/#organization\"},\"image\":{\"@id\":\"https:\\\/\\\/globalattitude.org.br\\\/en\\\/conheca-a-delegacao-que-ira-ao-public-forum-2016-na-suica\\\/#primaryimage\"},\"thumbnailUrl\":\"https:\\\/\\\/globalattitude.org.br\\\/wp-content\\\/uploads\\\/2023\\\/03\\\/Beatrice.jpeg\",\"articleSection\":[\"Programas\",\"\u00daltimas\"],\"inLanguage\":\"en-US\",\"potentialAction\":[{\"@type\":\"CommentAction\",\"name\":\"Comment\",\"target\":[\"https:\\\/\\\/globalattitude.org.br\\\/en\\\/conheca-a-delegacao-que-ira-ao-public-forum-2016-na-suica\\\/#respond\"]}]},{\"@type\":\"WebPage\",\"@id\":\"https:\\\/\\\/globalattitude.org.br\\\/en\\\/conheca-a-delegacao-que-ira-ao-public-forum-2016-na-suica\\\/\",\"url\":\"https:\\\/\\\/globalattitude.org.br\\\/en\\\/conheca-a-delegacao-que-ira-ao-public-forum-2016-na-suica\\\/\",\"name\":\"Conhe\u00e7a a delega\u00e7\u00e3o que ir\u00e1 ao Public Forum 2016, na Su\u00ed\u00e7a - Instituto Global Attitude\",\"isPartOf\":{\"@id\":\"https:\\\/\\\/globalattitude.org.br\\\/#website\"},\"primaryImageOfPage\":{\"@id\":\"https:\\\/\\\/globalattitude.org.br\\\/en\\\/conheca-a-delegacao-que-ira-ao-public-forum-2016-na-suica\\\/#primaryimage\"},\"image\":{\"@id\":\"https:\\\/\\\/globalattitude.org.br\\\/en\\\/conheca-a-delegacao-que-ira-ao-public-forum-2016-na-suica\\\/#primaryimage\"},\"thumbnailUrl\":\"https:\\\/\\\/globalattitude.org.br\\\/wp-content\\\/uploads\\\/2023\\\/03\\\/Beatrice.jpeg\",\"datePublished\":\"2016-09-16T18:30:04+00:00\",\"dateModified\":\"2023-03-10T13:10:50+00:00\",\"breadcrumb\":{\"@id\":\"https:\\\/\\\/globalattitude.org.br\\\/en\\\/conheca-a-delegacao-que-ira-ao-public-forum-2016-na-suica\\\/#breadcrumb\"},\"inLanguage\":\"en-US\",\"potentialAction\":[{\"@type\":\"ReadAction\",\"target\":[\"https:\\\/\\\/globalattitude.org.br\\\/en\\\/conheca-a-delegacao-que-ira-ao-public-forum-2016-na-suica\\\/\"]}]},{\"@type\":\"ImageObject\",\"inLanguage\":\"en-US\",\"@id\":\"https:\\\/\\\/globalattitude.org.br\\\/en\\\/conheca-a-delegacao-que-ira-ao-public-forum-2016-na-suica\\\/#primaryimage\",\"url\":\"https:\\\/\\\/globalattitude.org.br\\\/wp-content\\\/uploads\\\/2023\\\/03\\\/Beatrice.jpeg\",\"contentUrl\":\"https:\\\/\\\/globalattitude.org.br\\\/wp-content\\\/uploads\\\/2023\\\/03\\\/Beatrice.jpeg\",\"width\":300,\"height\":300},{\"@type\":\"BreadcrumbList\",\"@id\":\"https:\\\/\\\/globalattitude.org.br\\\/en\\\/conheca-a-delegacao-que-ira-ao-public-forum-2016-na-suica\\\/#breadcrumb\",\"itemListElement\":[{\"@type\":\"ListItem\",\"position\":1,\"name\":\"In\u00edcio\",\"item\":\"http:\\\/\\\/globalattitude.org.br\\\/en\\\/\"},{\"@type\":\"ListItem\",\"position\":2,\"name\":\"Conhe\u00e7a a delega\u00e7\u00e3o que ir\u00e1 ao Public Forum 2016, na Su\u00ed\u00e7a\"}]},{\"@type\":\"WebSite\",\"@id\":\"https:\\\/\\\/globalattitude.org.br\\\/#website\",\"url\":\"https:\\\/\\\/globalattitude.org.br\\\/\",\"name\":\"Instituto Global Attitude\",\"description\":\"\",\"publisher\":{\"@id\":\"https:\\\/\\\/globalattitude.org.br\\\/#organization\"},\"potentialAction\":[{\"@type\":\"SearchAction\",\"target\":{\"@type\":\"EntryPoint\",\"urlTemplate\":\"https:\\\/\\\/globalattitude.org.br\\\/?s={search_term_string}\"},\"query-input\":{\"@type\":\"PropertyValueSpecification\",\"valueRequired\":true,\"valueName\":\"search_term_string\"}}],\"inLanguage\":\"en-US\"},{\"@type\":\"Organization\",\"@id\":\"https:\\\/\\\/globalattitude.org.br\\\/#organization\",\"name\":\"Instituto Global Attitude\",\"url\":\"https:\\\/\\\/globalattitude.org.br\\\/\",\"logo\":{\"@type\":\"ImageObject\",\"inLanguage\":\"en-US\",\"@id\":\"https:\\\/\\\/globalattitude.org.br\\\/#\\\/schema\\\/logo\\\/image\\\/\",\"url\":\"https:\\\/\\\/globalattitude.org.br\\\/wp-content\\\/uploads\\\/2023\\\/01\\\/instituto-global-attitude-color.png\",\"contentUrl\":\"https:\\\/\\\/globalattitude.org.br\\\/wp-content\\\/uploads\\\/2023\\\/01\\\/instituto-global-attitude-color.png\",\"width\":300,\"height\":131,\"caption\":\"Instituto Global Attitude\"},\"image\":{\"@id\":\"https:\\\/\\\/globalattitude.org.br\\\/#\\\/schema\\\/logo\\\/image\\\/\"},\"sameAs\":[\"https:\\\/\\\/www.facebook.com\\\/global.attitude.org\\\/\",\"https:\\\/\\\/x.com\\\/global_attitude\",\"https:\\\/\\\/www.instagram.com\\\/globalattitude\",\"https:\\\/\\\/www.linkedin.com\\\/company\\\/global-attitude\\\/?viewAsMember=true\"]},{\"@type\":\"Person\",\"@id\":\"https:\\\/\\\/globalattitude.org.br\\\/#\\\/schema\\\/person\\\/6d308f9d9d1eebad0278ad9386f13169\",\"name\":\"123esite\",\"image\":{\"@type\":\"ImageObject\",\"inLanguage\":\"en-US\",\"@id\":\"https:\\\/\\\/secure.gravatar.com\\\/avatar\\\/07bd71fac19f42004f2b73567f012e126689afdb23cb0017536dea9113ba1806?s=96&d=mm&r=g\",\"url\":\"https:\\\/\\\/secure.gravatar.com\\\/avatar\\\/07bd71fac19f42004f2b73567f012e126689afdb23cb0017536dea9113ba1806?s=96&d=mm&r=g\",\"contentUrl\":\"https:\\\/\\\/secure.gravatar.com\\\/avatar\\\/07bd71fac19f42004f2b73567f012e126689afdb23cb0017536dea9113ba1806?s=96&d=mm&r=g\",\"caption\":\"123esite\"},\"sameAs\":[\"http:\\\/\\\/globalattitude.org.br\"],\"url\":\"https:\\\/\\\/globalattitude.org.br\\\/en\\\/author\\\/123esite\\\/\"}]}<\/script>\n<!-- \/ Yoast SEO plugin. -->","yoast_head_json":{"title":"Conhe\u00e7a a delega\u00e7\u00e3o que ir\u00e1 ao Public Forum 2016, na Su\u00ed\u00e7a - Instituto Global Attitude","robots":{"index":"index","follow":"follow","max-snippet":"max-snippet:-1","max-image-preview":"max-image-preview:large","max-video-preview":"max-video-preview:-1"},"canonical":"https:\/\/globalattitude.org.br\/en\/conheca-a-delegacao-que-ira-ao-public-forum-2016-na-suica\/","og_locale":"en_US","og_type":"article","og_title":"Conhe\u00e7a a delega\u00e7\u00e3o que ir\u00e1 ao Public Forum 2016, na Su\u00ed\u00e7a - Instituto Global Attitude","og_description":"Ap\u00f3s mais de 110 inscri\u00e7\u00f5es, o Instituto Global Attitude anuncia a delega\u00e7\u00e3o que participar\u00e1 do Public Forum 2016, evento da Organiza\u00e7\u00e3o Mundial do Com\u00e9rcio (OMC) que acontece de 26 a 30 de setembro, em Genebra, Su\u00ed\u00e7a. Reunindo anualmente mais de 1.500 participantes para debater assuntos relacionados ao com\u00e9rcio mundial e propor maneiras de melhorar o [&hellip;]","og_url":"https:\/\/globalattitude.org.br\/en\/conheca-a-delegacao-que-ira-ao-public-forum-2016-na-suica\/","og_site_name":"Instituto Global Attitude","article_publisher":"https:\/\/www.facebook.com\/global.attitude.org\/","article_published_time":"2016-09-16T18:30:04+00:00","article_modified_time":"2023-03-10T13:10:50+00:00","og_image":[{"width":300,"height":300,"url":"https:\/\/globalattitude.org.br\/wp-content\/uploads\/2023\/03\/Beatrice.jpeg","type":"image\/jpeg"}],"author":"123esite","twitter_card":"summary_large_image","twitter_creator":"@global_attitude","twitter_site":"@global_attitude","twitter_misc":{"Written by":"123esite","Est. reading time":"5 minutes"},"schema":{"@context":"https:\/\/schema.org","@graph":[{"@type":["Article","BlogPosting"],"@id":"https:\/\/globalattitude.org.br\/en\/conheca-a-delegacao-que-ira-ao-public-forum-2016-na-suica\/#article","isPartOf":{"@id":"https:\/\/globalattitude.org.br\/en\/conheca-a-delegacao-que-ira-ao-public-forum-2016-na-suica\/"},"author":{"name":"123esite","@id":"https:\/\/globalattitude.org.br\/#\/schema\/person\/6d308f9d9d1eebad0278ad9386f13169"},"headline":"Conhe\u00e7a a delega\u00e7\u00e3o que ir\u00e1 ao Public Forum 2016, na Su\u00ed\u00e7a","datePublished":"2016-09-16T18:30:04+00:00","dateModified":"2023-03-10T13:10:50+00:00","mainEntityOfPage":{"@id":"https:\/\/globalattitude.org.br\/en\/conheca-a-delegacao-que-ira-ao-public-forum-2016-na-suica\/"},"wordCount":1069,"commentCount":0,"publisher":{"@id":"https:\/\/globalattitude.org.br\/#organization"},"image":{"@id":"https:\/\/globalattitude.org.br\/en\/conheca-a-delegacao-que-ira-ao-public-forum-2016-na-suica\/#primaryimage"},"thumbnailUrl":"https:\/\/globalattitude.org.br\/wp-content\/uploads\/2023\/03\/Beatrice.jpeg","articleSection":["Programas","\u00daltimas"],"inLanguage":"en-US","potentialAction":[{"@type":"CommentAction","name":"Comment","target":["https:\/\/globalattitude.org.br\/en\/conheca-a-delegacao-que-ira-ao-public-forum-2016-na-suica\/#respond"]}]},{"@type":"WebPage","@id":"https:\/\/globalattitude.org.br\/en\/conheca-a-delegacao-que-ira-ao-public-forum-2016-na-suica\/","url":"https:\/\/globalattitude.org.br\/en\/conheca-a-delegacao-que-ira-ao-public-forum-2016-na-suica\/","name":"Conhe\u00e7a a delega\u00e7\u00e3o que ir\u00e1 ao Public Forum 2016, na Su\u00ed\u00e7a - Instituto Global Attitude","isPartOf":{"@id":"https:\/\/globalattitude.org.br\/#website"},"primaryImageOfPage":{"@id":"https:\/\/globalattitude.org.br\/en\/conheca-a-delegacao-que-ira-ao-public-forum-2016-na-suica\/#primaryimage"},"image":{"@id":"https:\/\/globalattitude.org.br\/en\/conheca-a-delegacao-que-ira-ao-public-forum-2016-na-suica\/#primaryimage"},"thumbnailUrl":"https:\/\/globalattitude.org.br\/wp-content\/uploads\/2023\/03\/Beatrice.jpeg","datePublished":"2016-09-16T18:30:04+00:00","dateModified":"2023-03-10T13:10:50+00:00","breadcrumb":{"@id":"https:\/\/globalattitude.org.br\/en\/conheca-a-delegacao-que-ira-ao-public-forum-2016-na-suica\/#breadcrumb"},"inLanguage":"en-US","potentialAction":[{"@type":"ReadAction","target":["https:\/\/globalattitude.org.br\/en\/conheca-a-delegacao-que-ira-ao-public-forum-2016-na-suica\/"]}]},{"@type":"ImageObject","inLanguage":"en-US","@id":"https:\/\/globalattitude.org.br\/en\/conheca-a-delegacao-que-ira-ao-public-forum-2016-na-suica\/#primaryimage","url":"https:\/\/globalattitude.org.br\/wp-content\/uploads\/2023\/03\/Beatrice.jpeg","contentUrl":"https:\/\/globalattitude.org.br\/wp-content\/uploads\/2023\/03\/Beatrice.jpeg","width":300,"height":300},{"@type":"BreadcrumbList","@id":"https:\/\/globalattitude.org.br\/en\/conheca-a-delegacao-que-ira-ao-public-forum-2016-na-suica\/#breadcrumb","itemListElement":[{"@type":"ListItem","position":1,"name":"In\u00edcio","item":"http:\/\/globalattitude.org.br\/en\/"},{"@type":"ListItem","position":2,"name":"Conhe\u00e7a a delega\u00e7\u00e3o que ir\u00e1 ao Public Forum 2016, na Su\u00ed\u00e7a"}]},{"@type":"WebSite","@id":"https:\/\/globalattitude.org.br\/#website","url":"https:\/\/globalattitude.org.br\/","name":"Instituto Global Attitude","description":"","publisher":{"@id":"https:\/\/globalattitude.org.br\/#organization"},"potentialAction":[{"@type":"SearchAction","target":{"@type":"EntryPoint","urlTemplate":"https:\/\/globalattitude.org.br\/?s={search_term_string}"},"query-input":{"@type":"PropertyValueSpecification","valueRequired":true,"valueName":"search_term_string"}}],"inLanguage":"en-US"},{"@type":"Organization","@id":"https:\/\/globalattitude.org.br\/#organization","name":"Instituto Global Attitude","url":"https:\/\/globalattitude.org.br\/","logo":{"@type":"ImageObject","inLanguage":"en-US","@id":"https:\/\/globalattitude.org.br\/#\/schema\/logo\/image\/","url":"https:\/\/globalattitude.org.br\/wp-content\/uploads\/2023\/01\/instituto-global-attitude-color.png","contentUrl":"https:\/\/globalattitude.org.br\/wp-content\/uploads\/2023\/01\/instituto-global-attitude-color.png","width":300,"height":131,"caption":"Instituto Global Attitude"},"image":{"@id":"https:\/\/globalattitude.org.br\/#\/schema\/logo\/image\/"},"sameAs":["https:\/\/www.facebook.com\/global.attitude.org\/","https:\/\/x.com\/global_attitude","https:\/\/www.instagram.com\/globalattitude","https:\/\/www.linkedin.com\/company\/global-attitude\/?viewAsMember=true"]},{"@type":"Person","@id":"https:\/\/globalattitude.org.br\/#\/schema\/person\/6d308f9d9d1eebad0278ad9386f13169","name":"123esite","image":{"@type":"ImageObject","inLanguage":"en-US","@id":"https:\/\/secure.gravatar.com\/avatar\/07bd71fac19f42004f2b73567f012e126689afdb23cb0017536dea9113ba1806?s=96&d=mm&r=g","url":"https:\/\/secure.gravatar.com\/avatar\/07bd71fac19f42004f2b73567f012e126689afdb23cb0017536dea9113ba1806?s=96&d=mm&r=g","contentUrl":"https:\/\/secure.gravatar.com\/avatar\/07bd71fac19f42004f2b73567f012e126689afdb23cb0017536dea9113ba1806?s=96&d=mm&r=g","caption":"123esite"},"sameAs":["http:\/\/globalattitude.org.br"],"url":"https:\/\/globalattitude.org.br\/en\/author\/123esite\/"}]}},"_links":{"self":[{"href":"https:\/\/globalattitude.org.br\/en\/wp-json\/wp\/v2\/posts\/1359","targetHints":{"allow":["GET"]}}],"collection":[{"href":"https:\/\/globalattitude.org.br\/en\/wp-json\/wp\/v2\/posts"}],"about":[{"href":"https:\/\/globalattitude.org.br\/en\/wp-json\/wp\/v2\/types\/post"}],"author":[{"embeddable":true,"href":"https:\/\/globalattitude.org.br\/en\/wp-json\/wp\/v2\/users\/1"}],"replies":[{"embeddable":true,"href":"https:\/\/globalattitude.org.br\/en\/wp-json\/wp\/v2\/comments?post=1359"}],"version-history":[{"count":1,"href":"https:\/\/globalattitude.org.br\/en\/wp-json\/wp\/v2\/posts\/1359\/revisions"}],"predecessor-version":[{"id":1368,"href":"https:\/\/globalattitude.org.br\/en\/wp-json\/wp\/v2\/posts\/1359\/revisions\/1368"}],"wp:featuredmedia":[{"embeddable":true,"href":"https:\/\/globalattitude.org.br\/en\/wp-json\/wp\/v2\/media\/1360"}],"wp:attachment":[{"href":"https:\/\/globalattitude.org.br\/en\/wp-json\/wp\/v2\/media?parent=1359"}],"wp:term":[{"taxonomy":"category","embeddable":true,"href":"https:\/\/globalattitude.org.br\/en\/wp-json\/wp\/v2\/categories?post=1359"},{"taxonomy":"post_tag","embeddable":true,"href":"https:\/\/globalattitude.org.br\/en\/wp-json\/wp\/v2\/tags?post=1359"}],"curies":[{"name":"wp","href":"https:\/\/api.w.org\/{rel}","templated":true}]}}