{"id":13661,"date":"2025-08-13T10:16:36","date_gmt":"2025-08-13T13:16:36","guid":{"rendered":"https:\/\/globalattitude.org.br\/?p=13661"},"modified":"2025-08-15T17:33:06","modified_gmt":"2025-08-15T20:33:06","slug":"projeto-divercidade-estao-com-inscricoes-abertas-agosto-de-2025","status":"publish","type":"post","link":"https:\/\/globalattitude.org.br\/en\/projeto-divercidade-estao-com-inscricoes-abertas-agosto-de-2025\/","title":{"rendered":"Projeto DiverCidade est\u00e1 com inscri\u00e7\u00f5es abertas- agosto de 2025"},"content":{"rendered":"<h2 data-start=\"128\" data-end=\"179\"><strong data-start=\"131\" data-end=\"177\">Festival DiverCidade \u2013 Arte por Toda Parte<\/strong><\/h2>\n<p data-start=\"180\" data-end=\"458\">O Instituto Global Attitude, respons\u00e1vel pela execu\u00e7\u00e3o do <strong data-start=\"238\" data-end=\"284\">Festival DiverCidade \u2013 Arte por Toda Parte<\/strong>, contemplado no <strong data-start=\"301\" data-end=\"340\">Edital n\u00ba 02\/2025 \u2013 SMC\/Aldir Blanc<\/strong> da Secretaria Municipal de Cultura de S\u00e3o Paulo, est\u00e1 com dois processos abertos para participa\u00e7\u00e3o. Confira abaixo:<\/p>\n<h2 data-start=\"1343\" data-end=\"1384\">1) Inscri\u00e7\u00f5es &#8211; Festivais<\/h2>\n<p data-start=\"1385\" data-end=\"1578\">Com foco em <strong data-start=\"1397\" data-end=\"1435\">escuta ativa e constru\u00e7\u00e3o coletiva<\/strong>, a consulta p\u00fablica busca mapear demandas, ideias e a\u00e7\u00f5es culturais j\u00e1 existentes na cidade de S\u00e3o Paulo que possam se conectar ao festival.<\/p>\n<p data-start=\"1580\" data-end=\"1794\">A iniciativa valoriza a <strong data-start=\"1604\" data-end=\"1639\">diversidade cultural paulistana<\/strong>, priorizando territ\u00f3rios mais vulner\u00e1veis e invisibilizados, e pretende fortalecer v\u00ednculos comunit\u00e1rios, respeitando hist\u00f3rias e redes j\u00e1 estruturadas.<\/p>\n<p data-start=\"1796\" data-end=\"1825\"><strong data-start=\"1796\" data-end=\"1823\">O que pode ser enviado:<\/strong><\/p>\n<ul>\n<li data-start=\"1828\" data-end=\"1870\">Propostas de conte\u00fado art\u00edstico-cultural<\/li>\n<li data-start=\"1873\" data-end=\"1911\">Curadorias tem\u00e1ticas ou territoriais<\/li>\n<li data-start=\"1914\" data-end=\"1954\">Estrat\u00e9gias de mobiliza\u00e7\u00e3o comunit\u00e1ria<\/li>\n<li data-start=\"1957\" data-end=\"1999\">Indica\u00e7\u00e3o de espa\u00e7os e estruturas locais<\/li>\n<li data-start=\"2002\" data-end=\"2044\">Compartilhamento de experi\u00eancias e redes<\/li>\n<\/ul>\n<p data-start=\"2046\" data-end=\"2063\"><strong data-start=\"2046\" data-end=\"2061\">Importante:<\/strong><\/p>\n<ul>\n<li data-start=\"2066\" data-end=\"2109\">N\u00e3o se trata de fomento ou terceiriza\u00e7\u00e3o.<\/li>\n<li data-start=\"2112\" data-end=\"2173\">O envio de informa\u00e7\u00f5es n\u00e3o garante participa\u00e7\u00e3o autom\u00e1tica.<\/li>\n<li data-start=\"2112\" data-end=\"2173\">As contribui\u00e7\u00f5es ser\u00e3o analisadas pela equipe t\u00e9cnica e curatorial.<\/li>\n<\/ul>\n<p>Para se inscrever e melhores informa\u00e7\u00f5es, acesse <strong><a href=\"https:\/\/docs.google.com\/forms\/d\/e\/1FAIpQLSfzPmXKkFqh33ce6lgDX223O5PinB3TZeQ8VE5GBDEVshOClQ\/viewform?fbclid=PAQ0xDSwMJbRNleHRuA2FlbQIxMAABp6Z0VaKLpTX0oYCQSkW5g-VAfZkQlN5i8on8fjeZvkwGiK0KIAT1ywdPeg37_aem_gdV0D04pqhZlbm3d5m9GOw\">aqui<\/a><\/strong><\/p>\n<p><span class=\"a_GcMg font-feature-liga-off font-feature-clig-off font-feature-calt-off text-decoration-none text-strikethrough-none\">Data limite para inscri\u00e7\u00f5es: 16\/08<\/span><\/p>\n<p>Festivais selecionados: 20\/08<\/p>\n<p>Resultados via Instagram @globalattitude<\/p>\n<p>&nbsp;<\/p>\n<hr data-start=\"2247\" data-end=\"2250\" \/>\n<h2 data-start=\"1343\" data-end=\"1384\">2) Inscri\u00e7\u00f5es &#8211; Grupo de Trabalho<\/h2>\n<p class=\"cvGsUA direction-ltr align-center para-style-body\"><span class=\"a_GcMg font-feature-liga-off font-feature-clig-off font-feature-calt-off text-decoration-none text-strikethrough-none\">O Projeto DiverCidade tamb\u00e9m est\u00e1 montando seu <\/span><span class=\"a_GcMg font-feature-liga-off font-feature-clig-off font-feature-calt-off text-decoration-none text-strikethrough-none\">banco de grupo de trabalho para avaliar propostas art\u00edsticas com transpar\u00eancia e qualidade t\u00e9cnica.<\/span><\/p>\n<p data-start=\"881\" data-end=\"910\"><strong data-start=\"881\" data-end=\"908\">Principais informa\u00e7\u00f5es:<\/strong><\/p>\n<ul>\n<li data-start=\"913\" data-end=\"1042\"><strong data-start=\"913\" data-end=\"938\">Quem pode participar:<\/strong> Pessoas jur\u00eddicas (incluindo MEI) com pelo menos 3 anos de experi\u00eancia na \u00e1rea cultural ou art\u00edstica.<\/li>\n<li data-start=\"1045\" data-end=\"1107\"><strong data-start=\"1045\" data-end=\"1056\">Fun\u00e7\u00e3o:<\/strong> Analisar propostas dentro do prazo estabelecido.<\/li>\n<li data-start=\"1110\" data-end=\"1165\"><strong data-start=\"1110\" data-end=\"1126\">Remunera\u00e7\u00e3o:<\/strong> R$ 5.000,00<\/li>\n<li data-start=\"1168\" data-end=\"1224\"><strong data-start=\"1168\" data-end=\"1183\">Inscri\u00e7\u00f5es:<\/strong> Exclusivamente pelo formul\u00e1rio online.<\/li>\n<li data-start=\"1227\" data-end=\"1336\"><strong data-start=\"1227\" data-end=\"1252\">Crit\u00e9rios de sele\u00e7\u00e3o:<\/strong> Experi\u00eancia, curr\u00edculo, participa\u00e7\u00e3o anterior em comiss\u00f5es e publica\u00e7\u00f5es\/pr\u00eamios.<\/li>\n<\/ul>\n<p>Para se inscrever e melhores informa\u00e7\u00f5es, acesse <strong><a href=\"https:\/\/docs.google.com\/forms\/d\/e\/1FAIpQLSey_tho4LnrU4SnmnKTUUXa7bCYtnGfRzMbcdwAGm5H_pseag\/viewform?fbclid=PAQ0xDSwMJbOFleHRuA2FlbQIxMAABp_tVEVLtjHg96BVlhgwAaQRliTwuSTosLAQ88fRREsJXNSsNvTbsGXymcXJh_aem_8M0Z8QCE1zoEm9jzSHYnAw\">aqui<\/a><\/strong><\/p>\n<p><span class=\"a_GcMg font-feature-liga-off font-feature-clig-off font-feature-calt-off text-decoration-none text-strikethrough-none\">Data limite para inscri\u00e7\u00f5es: 14\/08<\/span><\/p>\n<p>Selecionados Grupo de Trabalho: 15\/08<\/p>\n<p>Resultados via Instagram @globalattitude<\/p>\n","protected":false},"excerpt":{"rendered":"<p>Festival DiverCidade \u2013 Arte por Toda Parte O Instituto Global Attitude, respons\u00e1vel pela execu\u00e7\u00e3o do Festival DiverCidade \u2013 Arte por Toda Parte, contemplado no Edital n\u00ba 02\/2025 \u2013 SMC\/Aldir Blanc da Secretaria Municipal de Cultura de S\u00e3o Paulo, est\u00e1 com dois processos abertos para participa\u00e7\u00e3o. Confira abaixo: 1) Inscri\u00e7\u00f5es &#8211; Festivais Com foco em escuta [&hellip;]<\/p>\n","protected":false},"author":4,"featured_media":0,"comment_status":"open","ping_status":"open","sticky":false,"template":"","format":"standard","meta":{"_acf_changed":false,"om_disable_all_campaigns":false,"_monsterinsights_skip_tracking":false,"_monsterinsights_sitenote_active":false,"_monsterinsights_sitenote_note":"","_monsterinsights_sitenote_category":0,"_uf_show_specific_survey":0,"_uf_disable_surveys":false,"footnotes":""},"categories":[1],"tags":[],"class_list":["post-13661","post","type-post","status-publish","format-standard","hentry","category-nao-categorizado"],"acf":[],"aioseo_notices":[],"yoast_head":"<!-- This site is optimized with the Yoast SEO plugin v27.5 - https:\/\/yoast.com\/product\/yoast-seo-wordpress\/ -->\n<title>Projeto DiverCidade est\u00e1 com inscri\u00e7\u00f5es abertas- agosto de 2025 - Instituto Global Attitude<\/title>\n<meta name=\"robots\" content=\"index, follow, max-snippet:-1, max-image-preview:large, max-video-preview:-1\" \/>\n<link rel=\"canonical\" href=\"https:\/\/globalattitude.org.br\/projeto-divercidade-estao-com-inscricoes-abertas-agosto-de-2025\/\" \/>\n<meta property=\"og:locale\" content=\"en_US\" \/>\n<meta property=\"og:type\" content=\"article\" \/>\n<meta property=\"og:title\" content=\"Projeto DiverCidade est\u00e1 com inscri\u00e7\u00f5es abertas- agosto de 2025 - Instituto Global Attitude\" \/>\n<meta property=\"og:description\" content=\"Festival DiverCidade \u2013 Arte por Toda Parte O Instituto Global Attitude, respons\u00e1vel pela execu\u00e7\u00e3o do Festival DiverCidade \u2013 Arte por Toda Parte, contemplado no Edital n\u00ba 02\/2025 \u2013 SMC\/Aldir Blanc da Secretaria Municipal de Cultura de S\u00e3o Paulo, est\u00e1 com dois processos abertos para participa\u00e7\u00e3o. Confira abaixo: 1) Inscri\u00e7\u00f5es &#8211; Festivais Com foco em escuta [&hellip;]\" \/>\n<meta property=\"og:url\" content=\"https:\/\/globalattitude.org.br\/projeto-divercidade-estao-com-inscricoes-abertas-agosto-de-2025\/\" \/>\n<meta property=\"og:site_name\" content=\"Instituto Global Attitude\" \/>\n<meta property=\"article:publisher\" content=\"https:\/\/www.facebook.com\/global.attitude.org\/\" \/>\n<meta property=\"article:published_time\" content=\"2025-08-13T13:16:36+00:00\" \/>\n<meta property=\"article:modified_time\" content=\"2025-08-15T20:33:06+00:00\" \/>\n<meta name=\"author\" content=\"comunicacao\" \/>\n<meta name=\"twitter:card\" content=\"summary_large_image\" \/>\n<meta name=\"twitter:creator\" content=\"@global_attitude\" \/>\n<meta name=\"twitter:site\" content=\"@global_attitude\" \/>\n<meta name=\"twitter:label1\" content=\"Written by\" \/>\n\t<meta name=\"twitter:data1\" content=\"comunicacao\" \/>\n\t<meta name=\"twitter:label2\" content=\"Est. reading time\" \/>\n\t<meta name=\"twitter:data2\" content=\"2 minutes\" \/>\n<script type=\"application\/ld+json\" class=\"yoast-schema-graph\">{\"@context\":\"https:\\\/\\\/schema.org\",\"@graph\":[{\"@type\":[\"Article\",\"BlogPosting\"],\"@id\":\"https:\\\/\\\/globalattitude.org.br\\\/projeto-divercidade-estao-com-inscricoes-abertas-agosto-de-2025\\\/#article\",\"isPartOf\":{\"@id\":\"https:\\\/\\\/globalattitude.org.br\\\/projeto-divercidade-estao-com-inscricoes-abertas-agosto-de-2025\\\/\"},\"author\":{\"name\":\"comunicacao\",\"@id\":\"https:\\\/\\\/globalattitude.org.br\\\/en\\\/#\\\/schema\\\/person\\\/d2d0edb26129b7407b05aa493af63725\"},\"headline\":\"Projeto DiverCidade est\u00e1 com inscri\u00e7\u00f5es abertas- agosto de 2025\",\"datePublished\":\"2025-08-13T13:16:36+00:00\",\"dateModified\":\"2025-08-15T20:33:06+00:00\",\"mainEntityOfPage\":{\"@id\":\"https:\\\/\\\/globalattitude.org.br\\\/projeto-divercidade-estao-com-inscricoes-abertas-agosto-de-2025\\\/\"},\"wordCount\":332,\"commentCount\":0,\"publisher\":{\"@id\":\"https:\\\/\\\/globalattitude.org.br\\\/en\\\/#organization\"},\"articleSection\":[\"N\u00e3o categorizado\"],\"inLanguage\":\"en-US\",\"potentialAction\":[{\"@type\":\"CommentAction\",\"name\":\"Comment\",\"target\":[\"https:\\\/\\\/globalattitude.org.br\\\/projeto-divercidade-estao-com-inscricoes-abertas-agosto-de-2025\\\/#respond\"]}]},{\"@type\":\"WebPage\",\"@id\":\"https:\\\/\\\/globalattitude.org.br\\\/projeto-divercidade-estao-com-inscricoes-abertas-agosto-de-2025\\\/\",\"url\":\"https:\\\/\\\/globalattitude.org.br\\\/projeto-divercidade-estao-com-inscricoes-abertas-agosto-de-2025\\\/\",\"name\":\"Projeto DiverCidade est\u00e1 com inscri\u00e7\u00f5es abertas- agosto de 2025 - Instituto Global Attitude\",\"isPartOf\":{\"@id\":\"https:\\\/\\\/globalattitude.org.br\\\/en\\\/#website\"},\"datePublished\":\"2025-08-13T13:16:36+00:00\",\"dateModified\":\"2025-08-15T20:33:06+00:00\",\"breadcrumb\":{\"@id\":\"https:\\\/\\\/globalattitude.org.br\\\/projeto-divercidade-estao-com-inscricoes-abertas-agosto-de-2025\\\/#breadcrumb\"},\"inLanguage\":\"en-US\",\"potentialAction\":[{\"@type\":\"ReadAction\",\"target\":[\"https:\\\/\\\/globalattitude.org.br\\\/projeto-divercidade-estao-com-inscricoes-abertas-agosto-de-2025\\\/\"]}]},{\"@type\":\"BreadcrumbList\",\"@id\":\"https:\\\/\\\/globalattitude.org.br\\\/projeto-divercidade-estao-com-inscricoes-abertas-agosto-de-2025\\\/#breadcrumb\",\"itemListElement\":[{\"@type\":\"ListItem\",\"position\":1,\"name\":\"In\u00edcio\",\"item\":\"https:\\\/\\\/globalattitude.org.br\\\/en\\\/\"},{\"@type\":\"ListItem\",\"position\":2,\"name\":\"Projeto DiverCidade est\u00e1 com inscri\u00e7\u00f5es abertas- agosto de 2025\"}]},{\"@type\":\"WebSite\",\"@id\":\"https:\\\/\\\/globalattitude.org.br\\\/en\\\/#website\",\"url\":\"https:\\\/\\\/globalattitude.org.br\\\/en\\\/\",\"name\":\"Instituto Global Attitude\",\"description\":\"\",\"publisher\":{\"@id\":\"https:\\\/\\\/globalattitude.org.br\\\/en\\\/#organization\"},\"potentialAction\":[{\"@type\":\"SearchAction\",\"target\":{\"@type\":\"EntryPoint\",\"urlTemplate\":\"https:\\\/\\\/globalattitude.org.br\\\/en\\\/?s={search_term_string}\"},\"query-input\":{\"@type\":\"PropertyValueSpecification\",\"valueRequired\":true,\"valueName\":\"search_term_string\"}}],\"inLanguage\":\"en-US\"},{\"@type\":\"Organization\",\"@id\":\"https:\\\/\\\/globalattitude.org.br\\\/en\\\/#organization\",\"name\":\"Instituto Global Attitude\",\"url\":\"https:\\\/\\\/globalattitude.org.br\\\/en\\\/\",\"logo\":{\"@type\":\"ImageObject\",\"inLanguage\":\"en-US\",\"@id\":\"https:\\\/\\\/globalattitude.org.br\\\/en\\\/#\\\/schema\\\/logo\\\/image\\\/\",\"url\":\"https:\\\/\\\/globalattitude.org.br\\\/wp-content\\\/uploads\\\/2023\\\/01\\\/instituto-global-attitude-color.png\",\"contentUrl\":\"https:\\\/\\\/globalattitude.org.br\\\/wp-content\\\/uploads\\\/2023\\\/01\\\/instituto-global-attitude-color.png\",\"width\":300,\"height\":131,\"caption\":\"Instituto Global Attitude\"},\"image\":{\"@id\":\"https:\\\/\\\/globalattitude.org.br\\\/en\\\/#\\\/schema\\\/logo\\\/image\\\/\"},\"sameAs\":[\"https:\\\/\\\/www.facebook.com\\\/global.attitude.org\\\/\",\"https:\\\/\\\/x.com\\\/global_attitude\",\"https:\\\/\\\/www.instagram.com\\\/globalattitude\",\"https:\\\/\\\/www.linkedin.com\\\/company\\\/global-attitude\\\/?viewAsMember=true\"]},{\"@type\":\"Person\",\"@id\":\"https:\\\/\\\/globalattitude.org.br\\\/en\\\/#\\\/schema\\\/person\\\/d2d0edb26129b7407b05aa493af63725\",\"name\":\"comunicacao\",\"image\":{\"@type\":\"ImageObject\",\"inLanguage\":\"en-US\",\"@id\":\"https:\\\/\\\/secure.gravatar.com\\\/avatar\\\/a25dbef6d352d1355e632d9629c19165ddb3e176cbcb21ee573e3d96d011d16b?s=96&d=mm&r=g\",\"url\":\"https:\\\/\\\/secure.gravatar.com\\\/avatar\\\/a25dbef6d352d1355e632d9629c19165ddb3e176cbcb21ee573e3d96d011d16b?s=96&d=mm&r=g\",\"contentUrl\":\"https:\\\/\\\/secure.gravatar.com\\\/avatar\\\/a25dbef6d352d1355e632d9629c19165ddb3e176cbcb21ee573e3d96d011d16b?s=96&d=mm&r=g\",\"caption\":\"comunicacao\"},\"url\":\"https:\\\/\\\/globalattitude.org.br\\\/en\\\/author\\\/comunicacao\\\/\"}]}<\/script>\n<!-- \/ Yoast SEO plugin. -->","yoast_head_json":{"title":"Projeto DiverCidade est\u00e1 com inscri\u00e7\u00f5es abertas- agosto de 2025 - Instituto Global Attitude","robots":{"index":"index","follow":"follow","max-snippet":"max-snippet:-1","max-image-preview":"max-image-preview:large","max-video-preview":"max-video-preview:-1"},"canonical":"https:\/\/globalattitude.org.br\/projeto-divercidade-estao-com-inscricoes-abertas-agosto-de-2025\/","og_locale":"en_US","og_type":"article","og_title":"Projeto DiverCidade est\u00e1 com inscri\u00e7\u00f5es abertas- agosto de 2025 - Instituto Global Attitude","og_description":"Festival DiverCidade \u2013 Arte por Toda Parte O Instituto Global Attitude, respons\u00e1vel pela execu\u00e7\u00e3o do Festival DiverCidade \u2013 Arte por Toda Parte, contemplado no Edital n\u00ba 02\/2025 \u2013 SMC\/Aldir Blanc da Secretaria Municipal de Cultura de S\u00e3o Paulo, est\u00e1 com dois processos abertos para participa\u00e7\u00e3o. Confira abaixo: 1) Inscri\u00e7\u00f5es &#8211; Festivais Com foco em escuta [&hellip;]","og_url":"https:\/\/globalattitude.org.br\/projeto-divercidade-estao-com-inscricoes-abertas-agosto-de-2025\/","og_site_name":"Instituto Global Attitude","article_publisher":"https:\/\/www.facebook.com\/global.attitude.org\/","article_published_time":"2025-08-13T13:16:36+00:00","article_modified_time":"2025-08-15T20:33:06+00:00","author":"comunicacao","twitter_card":"summary_large_image","twitter_creator":"@global_attitude","twitter_site":"@global_attitude","twitter_misc":{"Written by":"comunicacao","Est. reading time":"2 minutes"},"schema":{"@context":"https:\/\/schema.org","@graph":[{"@type":["Article","BlogPosting"],"@id":"https:\/\/globalattitude.org.br\/projeto-divercidade-estao-com-inscricoes-abertas-agosto-de-2025\/#article","isPartOf":{"@id":"https:\/\/globalattitude.org.br\/projeto-divercidade-estao-com-inscricoes-abertas-agosto-de-2025\/"},"author":{"name":"comunicacao","@id":"https:\/\/globalattitude.org.br\/en\/#\/schema\/person\/d2d0edb26129b7407b05aa493af63725"},"headline":"Projeto DiverCidade est\u00e1 com inscri\u00e7\u00f5es abertas- agosto de 2025","datePublished":"2025-08-13T13:16:36+00:00","dateModified":"2025-08-15T20:33:06+00:00","mainEntityOfPage":{"@id":"https:\/\/globalattitude.org.br\/projeto-divercidade-estao-com-inscricoes-abertas-agosto-de-2025\/"},"wordCount":332,"commentCount":0,"publisher":{"@id":"https:\/\/globalattitude.org.br\/en\/#organization"},"articleSection":["N\u00e3o categorizado"],"inLanguage":"en-US","potentialAction":[{"@type":"CommentAction","name":"Comment","target":["https:\/\/globalattitude.org.br\/projeto-divercidade-estao-com-inscricoes-abertas-agosto-de-2025\/#respond"]}]},{"@type":"WebPage","@id":"https:\/\/globalattitude.org.br\/projeto-divercidade-estao-com-inscricoes-abertas-agosto-de-2025\/","url":"https:\/\/globalattitude.org.br\/projeto-divercidade-estao-com-inscricoes-abertas-agosto-de-2025\/","name":"Projeto DiverCidade est\u00e1 com inscri\u00e7\u00f5es abertas- agosto de 2025 - Instituto Global Attitude","isPartOf":{"@id":"https:\/\/globalattitude.org.br\/en\/#website"},"datePublished":"2025-08-13T13:16:36+00:00","dateModified":"2025-08-15T20:33:06+00:00","breadcrumb":{"@id":"https:\/\/globalattitude.org.br\/projeto-divercidade-estao-com-inscricoes-abertas-agosto-de-2025\/#breadcrumb"},"inLanguage":"en-US","potentialAction":[{"@type":"ReadAction","target":["https:\/\/globalattitude.org.br\/projeto-divercidade-estao-com-inscricoes-abertas-agosto-de-2025\/"]}]},{"@type":"BreadcrumbList","@id":"https:\/\/globalattitude.org.br\/projeto-divercidade-estao-com-inscricoes-abertas-agosto-de-2025\/#breadcrumb","itemListElement":[{"@type":"ListItem","position":1,"name":"In\u00edcio","item":"https:\/\/globalattitude.org.br\/en\/"},{"@type":"ListItem","position":2,"name":"Projeto DiverCidade est\u00e1 com inscri\u00e7\u00f5es abertas- agosto de 2025"}]},{"@type":"WebSite","@id":"https:\/\/globalattitude.org.br\/en\/#website","url":"https:\/\/globalattitude.org.br\/en\/","name":"Instituto Global Attitude","description":"","publisher":{"@id":"https:\/\/globalattitude.org.br\/en\/#organization"},"potentialAction":[{"@type":"SearchAction","target":{"@type":"EntryPoint","urlTemplate":"https:\/\/globalattitude.org.br\/en\/?s={search_term_string}"},"query-input":{"@type":"PropertyValueSpecification","valueRequired":true,"valueName":"search_term_string"}}],"inLanguage":"en-US"},{"@type":"Organization","@id":"https:\/\/globalattitude.org.br\/en\/#organization","name":"Instituto Global Attitude","url":"https:\/\/globalattitude.org.br\/en\/","logo":{"@type":"ImageObject","inLanguage":"en-US","@id":"https:\/\/globalattitude.org.br\/en\/#\/schema\/logo\/image\/","url":"https:\/\/globalattitude.org.br\/wp-content\/uploads\/2023\/01\/instituto-global-attitude-color.png","contentUrl":"https:\/\/globalattitude.org.br\/wp-content\/uploads\/2023\/01\/instituto-global-attitude-color.png","width":300,"height":131,"caption":"Instituto Global Attitude"},"image":{"@id":"https:\/\/globalattitude.org.br\/en\/#\/schema\/logo\/image\/"},"sameAs":["https:\/\/www.facebook.com\/global.attitude.org\/","https:\/\/x.com\/global_attitude","https:\/\/www.instagram.com\/globalattitude","https:\/\/www.linkedin.com\/company\/global-attitude\/?viewAsMember=true"]},{"@type":"Person","@id":"https:\/\/globalattitude.org.br\/en\/#\/schema\/person\/d2d0edb26129b7407b05aa493af63725","name":"comunicacao","image":{"@type":"ImageObject","inLanguage":"en-US","@id":"https:\/\/secure.gravatar.com\/avatar\/a25dbef6d352d1355e632d9629c19165ddb3e176cbcb21ee573e3d96d011d16b?s=96&d=mm&r=g","url":"https:\/\/secure.gravatar.com\/avatar\/a25dbef6d352d1355e632d9629c19165ddb3e176cbcb21ee573e3d96d011d16b?s=96&d=mm&r=g","contentUrl":"https:\/\/secure.gravatar.com\/avatar\/a25dbef6d352d1355e632d9629c19165ddb3e176cbcb21ee573e3d96d011d16b?s=96&d=mm&r=g","caption":"comunicacao"},"url":"https:\/\/globalattitude.org.br\/en\/author\/comunicacao\/"}]}},"_links":{"self":[{"href":"https:\/\/globalattitude.org.br\/en\/wp-json\/wp\/v2\/posts\/13661","targetHints":{"allow":["GET"]}}],"collection":[{"href":"https:\/\/globalattitude.org.br\/en\/wp-json\/wp\/v2\/posts"}],"about":[{"href":"https:\/\/globalattitude.org.br\/en\/wp-json\/wp\/v2\/types\/post"}],"author":[{"embeddable":true,"href":"https:\/\/globalattitude.org.br\/en\/wp-json\/wp\/v2\/users\/4"}],"replies":[{"embeddable":true,"href":"https:\/\/globalattitude.org.br\/en\/wp-json\/wp\/v2\/comments?post=13661"}],"version-history":[{"count":8,"href":"https:\/\/globalattitude.org.br\/en\/wp-json\/wp\/v2\/posts\/13661\/revisions"}],"predecessor-version":[{"id":13710,"href":"https:\/\/globalattitude.org.br\/en\/wp-json\/wp\/v2\/posts\/13661\/revisions\/13710"}],"wp:attachment":[{"href":"https:\/\/globalattitude.org.br\/en\/wp-json\/wp\/v2\/media?parent=13661"}],"wp:term":[{"taxonomy":"category","embeddable":true,"href":"https:\/\/globalattitude.org.br\/en\/wp-json\/wp\/v2\/categories?post=13661"},{"taxonomy":"post_tag","embeddable":true,"href":"https:\/\/globalattitude.org.br\/en\/wp-json\/wp\/v2\/tags?post=13661"}],"curies":[{"name":"wp","href":"https:\/\/api.w.org\/{rel}","templated":true}]}}