{"id":13779,"date":"2025-10-14T16:24:12","date_gmt":"2025-10-14T19:24:12","guid":{"rendered":"https:\/\/globalattitude.org.br\/?p=13779"},"modified":"2025-10-14T16:24:12","modified_gmt":"2025-10-14T19:24:12","slug":"hamas-liberta-os-ultimos-refens-da-guerra-em-gaza","status":"publish","type":"post","link":"https:\/\/globalattitude.org.br\/en\/hamas-liberta-os-ultimos-refens-da-guerra-em-gaza\/","title":{"rendered":"Hamas liberta os \u00faltimos ref\u00e9ns da guerra em Gaza"},"content":{"rendered":"<p data-start=\"94\" data-end=\"386\">O Hamas liberou <strong data-start=\"110\" data-end=\"129\">20 ref\u00e9ns vivos<\/strong> que estavam sob seu controle h\u00e1 738 dias, desde o ataque a Israel em 7 de outubro de 2023. Al\u00e9m disso, ser\u00e3o devolvidos <strong data-start=\"288\" data-end=\"301\">28 corpos<\/strong> de pessoas que morreram durante o cativeiro.<\/p>\n<p data-start=\"388\" data-end=\"719\">O acordo faz parte de uma tr\u00e9gua mediada pelos Estados Unidos, trazendo de volta tamb\u00e9m um cessar-fogo que entrou em vigor em 10 de outubro.  Em contrapartida, Israel liberar\u00e1 cerca de <strong data-start=\"610\" data-end=\"643\">1.700 prisioneiros palestinos<\/strong>, entre eles 250 condenados \u00e0 morte.<\/p>\n<p data-start=\"721\" data-end=\"1013\">Pa\u00edses como Turquia e Egito contribu\u00edram diplomaticamente para viabilizar o acordo.  Logo ap\u00f3s as libera\u00e7\u00f5es, houve movimenta\u00e7\u00f5es para deslocar popula\u00e7\u00f5es palestinas de volta a Gaza e restabelecer ajuda humanit\u00e1ria.<\/p>\n<p data-start=\"1015\" data-end=\"1367\">De acordo com Rodrigo Reis, diretor executivo do Instituto Global Attitude (IGA), o plano \u00e9 \u201cbastante delicado\u201d, com desafios pol\u00edticos e humanit\u00e1rios \u00e0 frente.  Para ele, a discuss\u00e3o sobre o <strong data-start=\"1244\" data-end=\"1285\">reconhecimento de um Estado palestino<\/strong> ser\u00e1 crucial para evitar novos conflitos.<\/p>\n<p data-start=\"1369\" data-end=\"1681\">Segundo o texto, o confronto entre Israel e o Hamas deixou cerca de <strong data-start=\"1437\" data-end=\"1454\">68 mil mortos<\/strong>, sendo a maioria palestinos.  Estima-se que 78% da infraestrutura de Gaza foi destru\u00edda, incluindo 92% das habita\u00e7\u00f5es e escolas, e 61% dos hospitais.<\/p>\n<p data-start=\"1683\" data-end=\"1977\">O plano apresentado prev\u00ea que Israel retire suas tropas para zonas de seguran\u00e7a pr\u00e9-estabelecidas e que Gaza seja reconstru\u00edda, enquanto o reconhecimento de um Estado palestino \u2014 sem participa\u00e7\u00e3o do Hamas no governo \u2014 \u00e9 apontado como passo estrat\u00e9gico.<\/p>\n<p data-start=\"1979\" data-end=\"2220\">O IGA v\u00ea no arranjo uma \u201cboa not\u00edcia\u201d diante do cen\u00e1rio dram\u00e1tico que vinha se desenhando, embora ressalte a necessidade de flexibilidade pol\u00edtica e media\u00e7\u00e3o internacional para garantir estabilidade.<\/p>\n<p data-start=\"1979\" data-end=\"2220\">\n<p data-start=\"1979\" data-end=\"2220\">Leia completo em: https:\/\/www.poder360.com.br\/poder-internacional\/hamas-inicia-libertacao-dos-ultimos-refens-da-guerra-em-gaza\/<\/p>\n","protected":false},"excerpt":{"rendered":"<p>O Hamas liberou 20 ref\u00e9ns vivos que estavam sob seu controle h\u00e1 738 dias, desde o ataque a Israel em 7 de outubro de 2023. Al\u00e9m disso, ser\u00e3o devolvidos 28 corpos de pessoas que morreram durante o cativeiro. O acordo faz parte de uma tr\u00e9gua mediada pelos Estados Unidos, trazendo de volta tamb\u00e9m um cessar-fogo [&hellip;]<\/p>\n","protected":false},"author":4,"featured_media":0,"comment_status":"open","ping_status":"open","sticky":false,"template":"","format":"standard","meta":{"_acf_changed":false,"om_disable_all_campaigns":false,"_monsterinsights_skip_tracking":false,"_monsterinsights_sitenote_active":false,"_monsterinsights_sitenote_note":"","_monsterinsights_sitenote_category":0,"_uf_show_specific_survey":0,"_uf_disable_surveys":false,"footnotes":""},"categories":[1],"tags":[],"class_list":["post-13779","post","type-post","status-publish","format-standard","hentry","category-nao-categorizado"],"acf":[],"aioseo_notices":[],"yoast_head":"<!-- This site is optimized with the Yoast SEO plugin v27.5 - https:\/\/yoast.com\/product\/yoast-seo-wordpress\/ -->\n<title>Hamas liberta os \u00faltimos ref\u00e9ns da guerra em Gaza - Instituto Global Attitude<\/title>\n<meta name=\"robots\" content=\"index, follow, max-snippet:-1, max-image-preview:large, max-video-preview:-1\" \/>\n<link rel=\"canonical\" href=\"https:\/\/globalattitude.org.br\/hamas-liberta-os-ultimos-refens-da-guerra-em-gaza\/\" \/>\n<meta property=\"og:locale\" content=\"en_US\" \/>\n<meta property=\"og:type\" content=\"article\" \/>\n<meta property=\"og:title\" content=\"Hamas liberta os \u00faltimos ref\u00e9ns da guerra em Gaza - Instituto Global Attitude\" \/>\n<meta property=\"og:description\" content=\"O Hamas liberou 20 ref\u00e9ns vivos que estavam sob seu controle h\u00e1 738 dias, desde o ataque a Israel em 7 de outubro de 2023. Al\u00e9m disso, ser\u00e3o devolvidos 28 corpos de pessoas que morreram durante o cativeiro. O acordo faz parte de uma tr\u00e9gua mediada pelos Estados Unidos, trazendo de volta tamb\u00e9m um cessar-fogo [&hellip;]\" \/>\n<meta property=\"og:url\" content=\"https:\/\/globalattitude.org.br\/hamas-liberta-os-ultimos-refens-da-guerra-em-gaza\/\" \/>\n<meta property=\"og:site_name\" content=\"Instituto Global Attitude\" \/>\n<meta property=\"article:publisher\" content=\"https:\/\/www.facebook.com\/global.attitude.org\/\" \/>\n<meta property=\"article:published_time\" content=\"2025-10-14T19:24:12+00:00\" \/>\n<meta name=\"author\" content=\"comunicacao\" \/>\n<meta name=\"twitter:card\" content=\"summary_large_image\" \/>\n<meta name=\"twitter:creator\" content=\"@global_attitude\" \/>\n<meta name=\"twitter:site\" content=\"@global_attitude\" \/>\n<meta name=\"twitter:label1\" content=\"Written by\" \/>\n\t<meta name=\"twitter:data1\" content=\"comunicacao\" \/>\n\t<meta name=\"twitter:label2\" content=\"Est. reading time\" \/>\n\t<meta name=\"twitter:data2\" content=\"2 minutes\" \/>\n<script type=\"application\/ld+json\" class=\"yoast-schema-graph\">{\"@context\":\"https:\\\/\\\/schema.org\",\"@graph\":[{\"@type\":[\"Article\",\"BlogPosting\"],\"@id\":\"https:\\\/\\\/globalattitude.org.br\\\/hamas-liberta-os-ultimos-refens-da-guerra-em-gaza\\\/#article\",\"isPartOf\":{\"@id\":\"https:\\\/\\\/globalattitude.org.br\\\/hamas-liberta-os-ultimos-refens-da-guerra-em-gaza\\\/\"},\"author\":{\"name\":\"comunicacao\",\"@id\":\"https:\\\/\\\/globalattitude.org.br\\\/en\\\/#\\\/schema\\\/person\\\/d2d0edb26129b7407b05aa493af63725\"},\"headline\":\"Hamas liberta os \u00faltimos ref\u00e9ns da guerra em Gaza\",\"datePublished\":\"2025-10-14T19:24:12+00:00\",\"mainEntityOfPage\":{\"@id\":\"https:\\\/\\\/globalattitude.org.br\\\/hamas-liberta-os-ultimos-refens-da-guerra-em-gaza\\\/\"},\"wordCount\":284,\"commentCount\":0,\"publisher\":{\"@id\":\"https:\\\/\\\/globalattitude.org.br\\\/en\\\/#organization\"},\"articleSection\":[\"N\u00e3o categorizado\"],\"inLanguage\":\"en-US\",\"potentialAction\":[{\"@type\":\"CommentAction\",\"name\":\"Comment\",\"target\":[\"https:\\\/\\\/globalattitude.org.br\\\/hamas-liberta-os-ultimos-refens-da-guerra-em-gaza\\\/#respond\"]}]},{\"@type\":\"WebPage\",\"@id\":\"https:\\\/\\\/globalattitude.org.br\\\/hamas-liberta-os-ultimos-refens-da-guerra-em-gaza\\\/\",\"url\":\"https:\\\/\\\/globalattitude.org.br\\\/hamas-liberta-os-ultimos-refens-da-guerra-em-gaza\\\/\",\"name\":\"Hamas liberta os \u00faltimos ref\u00e9ns da guerra em Gaza - Instituto Global Attitude\",\"isPartOf\":{\"@id\":\"https:\\\/\\\/globalattitude.org.br\\\/en\\\/#website\"},\"datePublished\":\"2025-10-14T19:24:12+00:00\",\"breadcrumb\":{\"@id\":\"https:\\\/\\\/globalattitude.org.br\\\/hamas-liberta-os-ultimos-refens-da-guerra-em-gaza\\\/#breadcrumb\"},\"inLanguage\":\"en-US\",\"potentialAction\":[{\"@type\":\"ReadAction\",\"target\":[\"https:\\\/\\\/globalattitude.org.br\\\/hamas-liberta-os-ultimos-refens-da-guerra-em-gaza\\\/\"]}]},{\"@type\":\"BreadcrumbList\",\"@id\":\"https:\\\/\\\/globalattitude.org.br\\\/hamas-liberta-os-ultimos-refens-da-guerra-em-gaza\\\/#breadcrumb\",\"itemListElement\":[{\"@type\":\"ListItem\",\"position\":1,\"name\":\"In\u00edcio\",\"item\":\"https:\\\/\\\/globalattitude.org.br\\\/en\\\/\"},{\"@type\":\"ListItem\",\"position\":2,\"name\":\"Hamas liberta os \u00faltimos ref\u00e9ns da guerra em Gaza\"}]},{\"@type\":\"WebSite\",\"@id\":\"https:\\\/\\\/globalattitude.org.br\\\/en\\\/#website\",\"url\":\"https:\\\/\\\/globalattitude.org.br\\\/en\\\/\",\"name\":\"Instituto Global Attitude\",\"description\":\"\",\"publisher\":{\"@id\":\"https:\\\/\\\/globalattitude.org.br\\\/en\\\/#organization\"},\"potentialAction\":[{\"@type\":\"SearchAction\",\"target\":{\"@type\":\"EntryPoint\",\"urlTemplate\":\"https:\\\/\\\/globalattitude.org.br\\\/en\\\/?s={search_term_string}\"},\"query-input\":{\"@type\":\"PropertyValueSpecification\",\"valueRequired\":true,\"valueName\":\"search_term_string\"}}],\"inLanguage\":\"en-US\"},{\"@type\":\"Organization\",\"@id\":\"https:\\\/\\\/globalattitude.org.br\\\/en\\\/#organization\",\"name\":\"Instituto Global Attitude\",\"url\":\"https:\\\/\\\/globalattitude.org.br\\\/en\\\/\",\"logo\":{\"@type\":\"ImageObject\",\"inLanguage\":\"en-US\",\"@id\":\"https:\\\/\\\/globalattitude.org.br\\\/en\\\/#\\\/schema\\\/logo\\\/image\\\/\",\"url\":\"https:\\\/\\\/globalattitude.org.br\\\/wp-content\\\/uploads\\\/2023\\\/01\\\/instituto-global-attitude-color.png\",\"contentUrl\":\"https:\\\/\\\/globalattitude.org.br\\\/wp-content\\\/uploads\\\/2023\\\/01\\\/instituto-global-attitude-color.png\",\"width\":300,\"height\":131,\"caption\":\"Instituto Global Attitude\"},\"image\":{\"@id\":\"https:\\\/\\\/globalattitude.org.br\\\/en\\\/#\\\/schema\\\/logo\\\/image\\\/\"},\"sameAs\":[\"https:\\\/\\\/www.facebook.com\\\/global.attitude.org\\\/\",\"https:\\\/\\\/x.com\\\/global_attitude\",\"https:\\\/\\\/www.instagram.com\\\/globalattitude\",\"https:\\\/\\\/www.linkedin.com\\\/company\\\/global-attitude\\\/?viewAsMember=true\"]},{\"@type\":\"Person\",\"@id\":\"https:\\\/\\\/globalattitude.org.br\\\/en\\\/#\\\/schema\\\/person\\\/d2d0edb26129b7407b05aa493af63725\",\"name\":\"comunicacao\",\"image\":{\"@type\":\"ImageObject\",\"inLanguage\":\"en-US\",\"@id\":\"https:\\\/\\\/secure.gravatar.com\\\/avatar\\\/a25dbef6d352d1355e632d9629c19165ddb3e176cbcb21ee573e3d96d011d16b?s=96&d=mm&r=g\",\"url\":\"https:\\\/\\\/secure.gravatar.com\\\/avatar\\\/a25dbef6d352d1355e632d9629c19165ddb3e176cbcb21ee573e3d96d011d16b?s=96&d=mm&r=g\",\"contentUrl\":\"https:\\\/\\\/secure.gravatar.com\\\/avatar\\\/a25dbef6d352d1355e632d9629c19165ddb3e176cbcb21ee573e3d96d011d16b?s=96&d=mm&r=g\",\"caption\":\"comunicacao\"},\"url\":\"https:\\\/\\\/globalattitude.org.br\\\/en\\\/author\\\/comunicacao\\\/\"}]}<\/script>\n<!-- \/ Yoast SEO plugin. -->","yoast_head_json":{"title":"Hamas liberta os \u00faltimos ref\u00e9ns da guerra em Gaza - Instituto Global Attitude","robots":{"index":"index","follow":"follow","max-snippet":"max-snippet:-1","max-image-preview":"max-image-preview:large","max-video-preview":"max-video-preview:-1"},"canonical":"https:\/\/globalattitude.org.br\/hamas-liberta-os-ultimos-refens-da-guerra-em-gaza\/","og_locale":"en_US","og_type":"article","og_title":"Hamas liberta os \u00faltimos ref\u00e9ns da guerra em Gaza - Instituto Global Attitude","og_description":"O Hamas liberou 20 ref\u00e9ns vivos que estavam sob seu controle h\u00e1 738 dias, desde o ataque a Israel em 7 de outubro de 2023. Al\u00e9m disso, ser\u00e3o devolvidos 28 corpos de pessoas que morreram durante o cativeiro. O acordo faz parte de uma tr\u00e9gua mediada pelos Estados Unidos, trazendo de volta tamb\u00e9m um cessar-fogo [&hellip;]","og_url":"https:\/\/globalattitude.org.br\/hamas-liberta-os-ultimos-refens-da-guerra-em-gaza\/","og_site_name":"Instituto Global Attitude","article_publisher":"https:\/\/www.facebook.com\/global.attitude.org\/","article_published_time":"2025-10-14T19:24:12+00:00","author":"comunicacao","twitter_card":"summary_large_image","twitter_creator":"@global_attitude","twitter_site":"@global_attitude","twitter_misc":{"Written by":"comunicacao","Est. reading time":"2 minutes"},"schema":{"@context":"https:\/\/schema.org","@graph":[{"@type":["Article","BlogPosting"],"@id":"https:\/\/globalattitude.org.br\/hamas-liberta-os-ultimos-refens-da-guerra-em-gaza\/#article","isPartOf":{"@id":"https:\/\/globalattitude.org.br\/hamas-liberta-os-ultimos-refens-da-guerra-em-gaza\/"},"author":{"name":"comunicacao","@id":"https:\/\/globalattitude.org.br\/en\/#\/schema\/person\/d2d0edb26129b7407b05aa493af63725"},"headline":"Hamas liberta os \u00faltimos ref\u00e9ns da guerra em Gaza","datePublished":"2025-10-14T19:24:12+00:00","mainEntityOfPage":{"@id":"https:\/\/globalattitude.org.br\/hamas-liberta-os-ultimos-refens-da-guerra-em-gaza\/"},"wordCount":284,"commentCount":0,"publisher":{"@id":"https:\/\/globalattitude.org.br\/en\/#organization"},"articleSection":["N\u00e3o categorizado"],"inLanguage":"en-US","potentialAction":[{"@type":"CommentAction","name":"Comment","target":["https:\/\/globalattitude.org.br\/hamas-liberta-os-ultimos-refens-da-guerra-em-gaza\/#respond"]}]},{"@type":"WebPage","@id":"https:\/\/globalattitude.org.br\/hamas-liberta-os-ultimos-refens-da-guerra-em-gaza\/","url":"https:\/\/globalattitude.org.br\/hamas-liberta-os-ultimos-refens-da-guerra-em-gaza\/","name":"Hamas liberta os \u00faltimos ref\u00e9ns da guerra em Gaza - Instituto Global Attitude","isPartOf":{"@id":"https:\/\/globalattitude.org.br\/en\/#website"},"datePublished":"2025-10-14T19:24:12+00:00","breadcrumb":{"@id":"https:\/\/globalattitude.org.br\/hamas-liberta-os-ultimos-refens-da-guerra-em-gaza\/#breadcrumb"},"inLanguage":"en-US","potentialAction":[{"@type":"ReadAction","target":["https:\/\/globalattitude.org.br\/hamas-liberta-os-ultimos-refens-da-guerra-em-gaza\/"]}]},{"@type":"BreadcrumbList","@id":"https:\/\/globalattitude.org.br\/hamas-liberta-os-ultimos-refens-da-guerra-em-gaza\/#breadcrumb","itemListElement":[{"@type":"ListItem","position":1,"name":"In\u00edcio","item":"https:\/\/globalattitude.org.br\/en\/"},{"@type":"ListItem","position":2,"name":"Hamas liberta os \u00faltimos ref\u00e9ns da guerra em Gaza"}]},{"@type":"WebSite","@id":"https:\/\/globalattitude.org.br\/en\/#website","url":"https:\/\/globalattitude.org.br\/en\/","name":"Instituto Global Attitude","description":"","publisher":{"@id":"https:\/\/globalattitude.org.br\/en\/#organization"},"potentialAction":[{"@type":"SearchAction","target":{"@type":"EntryPoint","urlTemplate":"https:\/\/globalattitude.org.br\/en\/?s={search_term_string}"},"query-input":{"@type":"PropertyValueSpecification","valueRequired":true,"valueName":"search_term_string"}}],"inLanguage":"en-US"},{"@type":"Organization","@id":"https:\/\/globalattitude.org.br\/en\/#organization","name":"Instituto Global Attitude","url":"https:\/\/globalattitude.org.br\/en\/","logo":{"@type":"ImageObject","inLanguage":"en-US","@id":"https:\/\/globalattitude.org.br\/en\/#\/schema\/logo\/image\/","url":"https:\/\/globalattitude.org.br\/wp-content\/uploads\/2023\/01\/instituto-global-attitude-color.png","contentUrl":"https:\/\/globalattitude.org.br\/wp-content\/uploads\/2023\/01\/instituto-global-attitude-color.png","width":300,"height":131,"caption":"Instituto Global Attitude"},"image":{"@id":"https:\/\/globalattitude.org.br\/en\/#\/schema\/logo\/image\/"},"sameAs":["https:\/\/www.facebook.com\/global.attitude.org\/","https:\/\/x.com\/global_attitude","https:\/\/www.instagram.com\/globalattitude","https:\/\/www.linkedin.com\/company\/global-attitude\/?viewAsMember=true"]},{"@type":"Person","@id":"https:\/\/globalattitude.org.br\/en\/#\/schema\/person\/d2d0edb26129b7407b05aa493af63725","name":"comunicacao","image":{"@type":"ImageObject","inLanguage":"en-US","@id":"https:\/\/secure.gravatar.com\/avatar\/a25dbef6d352d1355e632d9629c19165ddb3e176cbcb21ee573e3d96d011d16b?s=96&d=mm&r=g","url":"https:\/\/secure.gravatar.com\/avatar\/a25dbef6d352d1355e632d9629c19165ddb3e176cbcb21ee573e3d96d011d16b?s=96&d=mm&r=g","contentUrl":"https:\/\/secure.gravatar.com\/avatar\/a25dbef6d352d1355e632d9629c19165ddb3e176cbcb21ee573e3d96d011d16b?s=96&d=mm&r=g","caption":"comunicacao"},"url":"https:\/\/globalattitude.org.br\/en\/author\/comunicacao\/"}]}},"_links":{"self":[{"href":"https:\/\/globalattitude.org.br\/en\/wp-json\/wp\/v2\/posts\/13779","targetHints":{"allow":["GET"]}}],"collection":[{"href":"https:\/\/globalattitude.org.br\/en\/wp-json\/wp\/v2\/posts"}],"about":[{"href":"https:\/\/globalattitude.org.br\/en\/wp-json\/wp\/v2\/types\/post"}],"author":[{"embeddable":true,"href":"https:\/\/globalattitude.org.br\/en\/wp-json\/wp\/v2\/users\/4"}],"replies":[{"embeddable":true,"href":"https:\/\/globalattitude.org.br\/en\/wp-json\/wp\/v2\/comments?post=13779"}],"version-history":[{"count":1,"href":"https:\/\/globalattitude.org.br\/en\/wp-json\/wp\/v2\/posts\/13779\/revisions"}],"predecessor-version":[{"id":13782,"href":"https:\/\/globalattitude.org.br\/en\/wp-json\/wp\/v2\/posts\/13779\/revisions\/13782"}],"wp:attachment":[{"href":"https:\/\/globalattitude.org.br\/en\/wp-json\/wp\/v2\/media?parent=13779"}],"wp:term":[{"taxonomy":"category","embeddable":true,"href":"https:\/\/globalattitude.org.br\/en\/wp-json\/wp\/v2\/categories?post=13779"},{"taxonomy":"post_tag","embeddable":true,"href":"https:\/\/globalattitude.org.br\/en\/wp-json\/wp\/v2\/tags?post=13779"}],"curies":[{"name":"wp","href":"https:\/\/api.w.org\/{rel}","templated":true}]}}