{"id":13798,"date":"2025-11-03T13:59:50","date_gmt":"2025-11-03T16:59:50","guid":{"rendered":"https:\/\/globalattitude.org.br\/?p=13798"},"modified":"2025-11-03T13:59:50","modified_gmt":"2025-11-03T16:59:50","slug":"festival-bateria-nota-10-da-varzea-celebra-a-cultura-periferica-e-a-forca-das-torcidas-em-sao-paulo","status":"publish","type":"post","link":"https:\/\/globalattitude.org.br\/en\/festival-bateria-nota-10-da-varzea-celebra-a-cultura-periferica-e-a-forca-das-torcidas-em-sao-paulo\/","title":{"rendered":"Festival Bateria Nota 10 da V\u00e1rzea celebra a cultura perif\u00e9rica e a for\u00e7a das torcidas em S\u00e3o Paulo"},"content":{"rendered":"<p>O som das batucadas e o ritmo vibrante das periferias tomaram conta do Centro Cultural Tendal da Lapa durante o <strong data-start=\"512\" data-end=\"550\">Festival Bateria Nota 10 da V\u00e1rzea<\/strong>, uma iniciativa que valoriza as express\u00f5es culturais das comunidades e o talento das baterias ligadas ao futebol amador da capital.<\/p>\n<p><iframe title=\"Projeto DiverCidade | BATERIA DE VARRZEA\" width=\"500\" height=\"281\" src=\"https:\/\/www.youtube.com\/embed\/6V9Rhmoyrbo?feature=oembed\" frameborder=\"0\" allow=\"accelerometer; autoplay; clipboard-write; encrypted-media; gyroscope; picture-in-picture; web-share\" referrerpolicy=\"strict-origin-when-cross-origin\" allowfullscreen><\/iframe><\/p>\n<p data-start=\"686\" data-end=\"922\">O evento integra o <strong data-start=\"705\" data-end=\"728\">projeto DiverCidade<\/strong>, executado pelo <strong data-start=\"745\" data-end=\"780\">Instituto Global Attitude (IGA)<\/strong>, que tem como prop\u00f3sito democratizar o acesso \u00e0 arte e \u00e0 cultura em S\u00e3o Paulo, levando festivais gratuitos para todas as regi\u00f5es da cidade.<\/p>\n<p data-start=\"924\" data-end=\"1187\">Com uma programa\u00e7\u00e3o envolvente e participa\u00e7\u00f5es de grupos musicais representativos da cultura popular, o festival promoveu a valoriza\u00e7\u00e3o das manifesta\u00e7\u00f5es art\u00edsticas que nascem nas periferias e se expandem como s\u00edmbolo de identidade, resist\u00eancia e pertencimento.<\/p>\n<p data-start=\"1189\" data-end=\"1450\">Mais do que um evento musical, o <strong data-start=\"1222\" data-end=\"1260\">Festival Bateria Nota 10 da V\u00e1rzea<\/strong> refor\u00e7a o compromisso do IGA em promover pol\u00edticas culturais inclusivas, que fortalecem artistas locais, geram oportunidades e reconhecem o papel transformador da cultura nas comunidades.<\/p>\n<p data-start=\"1452\" data-end=\"1742\">A iniciativa \u00e9 parte de um conjunto de a\u00e7\u00f5es que comp\u00f5em o <strong data-start=\"1511\" data-end=\"1526\">DiverCidade<\/strong>, projeto que tem levado experi\u00eancias culturais diversificadas para o p\u00fablico paulistano ao longo de 2025 \u2014 sempre com o olhar voltado para o protagonismo das periferias e a valoriza\u00e7\u00e3o da produ\u00e7\u00e3o art\u00edstica local.<\/p>\n<p data-start=\"1744\" data-end=\"1977\">Com o apoio da <strong data-start=\"1759\" data-end=\"1794\">Secretaria Municipal de Cultura<\/strong> e viabilizado por meio da <strong data-start=\"1821\" data-end=\"1861\">Pol\u00edtica Nacional Aldir Blanc (PNAB)<\/strong>, o projeto reafirma a import\u00e2ncia de investir em a\u00e7\u00f5es culturais que conectam, inspiram e transformam realidades.<\/p>\n<p data-start=\"1979\" data-end=\"2219\">O <strong data-start=\"1981\" data-end=\"2019\">Festival Bateria Nota 10 da V\u00e1rzea<\/strong> \u00e9 um verdadeiro retrato da pot\u00eancia criativa que pulsa nas comunidades e mais uma prova de que a arte, quando acess\u00edvel a todos, \u00e9 capaz de unir pessoas, celebrar identidades e transformar cidades.<\/p>\n","protected":false},"excerpt":{"rendered":"<p>O som das batucadas e o ritmo vibrante das periferias tomaram conta do Centro Cultural Tendal da Lapa durante o Festival Bateria Nota 10 da V\u00e1rzea, uma iniciativa que valoriza as express\u00f5es culturais das comunidades e o talento das baterias ligadas ao futebol amador da capital. O evento integra o projeto DiverCidade, executado pelo Instituto [&hellip;]<\/p>\n","protected":false},"author":4,"featured_media":0,"comment_status":"open","ping_status":"open","sticky":false,"template":"","format":"standard","meta":{"_acf_changed":false,"om_disable_all_campaigns":false,"_monsterinsights_skip_tracking":false,"_monsterinsights_sitenote_active":false,"_monsterinsights_sitenote_note":"","_monsterinsights_sitenote_category":0,"_uf_show_specific_survey":0,"_uf_disable_surveys":false,"footnotes":""},"categories":[1],"tags":[],"class_list":["post-13798","post","type-post","status-publish","format-standard","hentry","category-nao-categorizado"],"acf":[],"aioseo_notices":[],"yoast_head":"<!-- This site is optimized with the Yoast SEO plugin v27.5 - https:\/\/yoast.com\/product\/yoast-seo-wordpress\/ -->\n<title>Festival Bateria Nota 10 da V\u00e1rzea celebra a cultura perif\u00e9rica e a for\u00e7a das torcidas em S\u00e3o Paulo - Instituto Global Attitude<\/title>\n<meta name=\"robots\" content=\"index, follow, max-snippet:-1, max-image-preview:large, max-video-preview:-1\" \/>\n<link rel=\"canonical\" href=\"https:\/\/globalattitude.org.br\/festival-bateria-nota-10-da-varzea-celebra-a-cultura-periferica-e-a-forca-das-torcidas-em-sao-paulo\/\" \/>\n<meta property=\"og:locale\" content=\"en_US\" \/>\n<meta property=\"og:type\" content=\"article\" \/>\n<meta property=\"og:title\" content=\"Festival Bateria Nota 10 da V\u00e1rzea celebra a cultura perif\u00e9rica e a for\u00e7a das torcidas em S\u00e3o Paulo - Instituto Global Attitude\" \/>\n<meta property=\"og:description\" content=\"O som das batucadas e o ritmo vibrante das periferias tomaram conta do Centro Cultural Tendal da Lapa durante o Festival Bateria Nota 10 da V\u00e1rzea, uma iniciativa que valoriza as express\u00f5es culturais das comunidades e o talento das baterias ligadas ao futebol amador da capital. O evento integra o projeto DiverCidade, executado pelo Instituto [&hellip;]\" \/>\n<meta property=\"og:url\" content=\"https:\/\/globalattitude.org.br\/festival-bateria-nota-10-da-varzea-celebra-a-cultura-periferica-e-a-forca-das-torcidas-em-sao-paulo\/\" \/>\n<meta property=\"og:site_name\" content=\"Instituto Global Attitude\" \/>\n<meta property=\"article:publisher\" content=\"https:\/\/www.facebook.com\/global.attitude.org\/\" \/>\n<meta property=\"article:published_time\" content=\"2025-11-03T16:59:50+00:00\" \/>\n<meta name=\"author\" content=\"comunicacao\" \/>\n<meta name=\"twitter:card\" content=\"summary_large_image\" \/>\n<meta name=\"twitter:creator\" content=\"@global_attitude\" \/>\n<meta name=\"twitter:site\" content=\"@global_attitude\" \/>\n<meta name=\"twitter:label1\" content=\"Written by\" \/>\n\t<meta name=\"twitter:data1\" content=\"comunicacao\" \/>\n\t<meta name=\"twitter:label2\" content=\"Est. reading time\" \/>\n\t<meta name=\"twitter:data2\" content=\"2 minutes\" \/>\n<script type=\"application\/ld+json\" class=\"yoast-schema-graph\">{\"@context\":\"https:\\\/\\\/schema.org\",\"@graph\":[{\"@type\":[\"Article\",\"BlogPosting\"],\"@id\":\"https:\\\/\\\/globalattitude.org.br\\\/festival-bateria-nota-10-da-varzea-celebra-a-cultura-periferica-e-a-forca-das-torcidas-em-sao-paulo\\\/#article\",\"isPartOf\":{\"@id\":\"https:\\\/\\\/globalattitude.org.br\\\/festival-bateria-nota-10-da-varzea-celebra-a-cultura-periferica-e-a-forca-das-torcidas-em-sao-paulo\\\/\"},\"author\":{\"name\":\"comunicacao\",\"@id\":\"https:\\\/\\\/globalattitude.org.br\\\/en\\\/#\\\/schema\\\/person\\\/d2d0edb26129b7407b05aa493af63725\"},\"headline\":\"Festival Bateria Nota 10 da V\u00e1rzea celebra a cultura perif\u00e9rica e a for\u00e7a das torcidas em S\u00e3o Paulo\",\"datePublished\":\"2025-11-03T16:59:50+00:00\",\"mainEntityOfPage\":{\"@id\":\"https:\\\/\\\/globalattitude.org.br\\\/festival-bateria-nota-10-da-varzea-celebra-a-cultura-periferica-e-a-forca-das-torcidas-em-sao-paulo\\\/\"},\"wordCount\":319,\"commentCount\":0,\"publisher\":{\"@id\":\"https:\\\/\\\/globalattitude.org.br\\\/en\\\/#organization\"},\"articleSection\":[\"N\u00e3o categorizado\"],\"inLanguage\":\"en-US\",\"potentialAction\":[{\"@type\":\"CommentAction\",\"name\":\"Comment\",\"target\":[\"https:\\\/\\\/globalattitude.org.br\\\/festival-bateria-nota-10-da-varzea-celebra-a-cultura-periferica-e-a-forca-das-torcidas-em-sao-paulo\\\/#respond\"]}]},{\"@type\":\"WebPage\",\"@id\":\"https:\\\/\\\/globalattitude.org.br\\\/festival-bateria-nota-10-da-varzea-celebra-a-cultura-periferica-e-a-forca-das-torcidas-em-sao-paulo\\\/\",\"url\":\"https:\\\/\\\/globalattitude.org.br\\\/festival-bateria-nota-10-da-varzea-celebra-a-cultura-periferica-e-a-forca-das-torcidas-em-sao-paulo\\\/\",\"name\":\"Festival Bateria Nota 10 da V\u00e1rzea celebra a cultura perif\u00e9rica e a for\u00e7a das torcidas em S\u00e3o Paulo - Instituto Global Attitude\",\"isPartOf\":{\"@id\":\"https:\\\/\\\/globalattitude.org.br\\\/en\\\/#website\"},\"datePublished\":\"2025-11-03T16:59:50+00:00\",\"breadcrumb\":{\"@id\":\"https:\\\/\\\/globalattitude.org.br\\\/festival-bateria-nota-10-da-varzea-celebra-a-cultura-periferica-e-a-forca-das-torcidas-em-sao-paulo\\\/#breadcrumb\"},\"inLanguage\":\"en-US\",\"potentialAction\":[{\"@type\":\"ReadAction\",\"target\":[\"https:\\\/\\\/globalattitude.org.br\\\/festival-bateria-nota-10-da-varzea-celebra-a-cultura-periferica-e-a-forca-das-torcidas-em-sao-paulo\\\/\"]}]},{\"@type\":\"BreadcrumbList\",\"@id\":\"https:\\\/\\\/globalattitude.org.br\\\/festival-bateria-nota-10-da-varzea-celebra-a-cultura-periferica-e-a-forca-das-torcidas-em-sao-paulo\\\/#breadcrumb\",\"itemListElement\":[{\"@type\":\"ListItem\",\"position\":1,\"name\":\"In\u00edcio\",\"item\":\"https:\\\/\\\/globalattitude.org.br\\\/en\\\/\"},{\"@type\":\"ListItem\",\"position\":2,\"name\":\"Festival Bateria Nota 10 da V\u00e1rzea celebra a cultura perif\u00e9rica e a for\u00e7a das torcidas em S\u00e3o Paulo\"}]},{\"@type\":\"WebSite\",\"@id\":\"https:\\\/\\\/globalattitude.org.br\\\/en\\\/#website\",\"url\":\"https:\\\/\\\/globalattitude.org.br\\\/en\\\/\",\"name\":\"Instituto Global Attitude\",\"description\":\"\",\"publisher\":{\"@id\":\"https:\\\/\\\/globalattitude.org.br\\\/en\\\/#organization\"},\"potentialAction\":[{\"@type\":\"SearchAction\",\"target\":{\"@type\":\"EntryPoint\",\"urlTemplate\":\"https:\\\/\\\/globalattitude.org.br\\\/en\\\/?s={search_term_string}\"},\"query-input\":{\"@type\":\"PropertyValueSpecification\",\"valueRequired\":true,\"valueName\":\"search_term_string\"}}],\"inLanguage\":\"en-US\"},{\"@type\":\"Organization\",\"@id\":\"https:\\\/\\\/globalattitude.org.br\\\/en\\\/#organization\",\"name\":\"Instituto Global Attitude\",\"url\":\"https:\\\/\\\/globalattitude.org.br\\\/en\\\/\",\"logo\":{\"@type\":\"ImageObject\",\"inLanguage\":\"en-US\",\"@id\":\"https:\\\/\\\/globalattitude.org.br\\\/en\\\/#\\\/schema\\\/logo\\\/image\\\/\",\"url\":\"https:\\\/\\\/globalattitude.org.br\\\/wp-content\\\/uploads\\\/2023\\\/01\\\/instituto-global-attitude-color.png\",\"contentUrl\":\"https:\\\/\\\/globalattitude.org.br\\\/wp-content\\\/uploads\\\/2023\\\/01\\\/instituto-global-attitude-color.png\",\"width\":300,\"height\":131,\"caption\":\"Instituto Global Attitude\"},\"image\":{\"@id\":\"https:\\\/\\\/globalattitude.org.br\\\/en\\\/#\\\/schema\\\/logo\\\/image\\\/\"},\"sameAs\":[\"https:\\\/\\\/www.facebook.com\\\/global.attitude.org\\\/\",\"https:\\\/\\\/x.com\\\/global_attitude\",\"https:\\\/\\\/www.instagram.com\\\/globalattitude\",\"https:\\\/\\\/www.linkedin.com\\\/company\\\/global-attitude\\\/?viewAsMember=true\"]},{\"@type\":\"Person\",\"@id\":\"https:\\\/\\\/globalattitude.org.br\\\/en\\\/#\\\/schema\\\/person\\\/d2d0edb26129b7407b05aa493af63725\",\"name\":\"comunicacao\",\"image\":{\"@type\":\"ImageObject\",\"inLanguage\":\"en-US\",\"@id\":\"https:\\\/\\\/secure.gravatar.com\\\/avatar\\\/a25dbef6d352d1355e632d9629c19165ddb3e176cbcb21ee573e3d96d011d16b?s=96&d=mm&r=g\",\"url\":\"https:\\\/\\\/secure.gravatar.com\\\/avatar\\\/a25dbef6d352d1355e632d9629c19165ddb3e176cbcb21ee573e3d96d011d16b?s=96&d=mm&r=g\",\"contentUrl\":\"https:\\\/\\\/secure.gravatar.com\\\/avatar\\\/a25dbef6d352d1355e632d9629c19165ddb3e176cbcb21ee573e3d96d011d16b?s=96&d=mm&r=g\",\"caption\":\"comunicacao\"},\"url\":\"https:\\\/\\\/globalattitude.org.br\\\/en\\\/author\\\/comunicacao\\\/\"}]}<\/script>\n<!-- \/ Yoast SEO plugin. -->","yoast_head_json":{"title":"Festival Bateria Nota 10 da V\u00e1rzea celebra a cultura perif\u00e9rica e a for\u00e7a das torcidas em S\u00e3o Paulo - Instituto Global Attitude","robots":{"index":"index","follow":"follow","max-snippet":"max-snippet:-1","max-image-preview":"max-image-preview:large","max-video-preview":"max-video-preview:-1"},"canonical":"https:\/\/globalattitude.org.br\/festival-bateria-nota-10-da-varzea-celebra-a-cultura-periferica-e-a-forca-das-torcidas-em-sao-paulo\/","og_locale":"en_US","og_type":"article","og_title":"Festival Bateria Nota 10 da V\u00e1rzea celebra a cultura perif\u00e9rica e a for\u00e7a das torcidas em S\u00e3o Paulo - Instituto Global Attitude","og_description":"O som das batucadas e o ritmo vibrante das periferias tomaram conta do Centro Cultural Tendal da Lapa durante o Festival Bateria Nota 10 da V\u00e1rzea, uma iniciativa que valoriza as express\u00f5es culturais das comunidades e o talento das baterias ligadas ao futebol amador da capital. O evento integra o projeto DiverCidade, executado pelo Instituto [&hellip;]","og_url":"https:\/\/globalattitude.org.br\/festival-bateria-nota-10-da-varzea-celebra-a-cultura-periferica-e-a-forca-das-torcidas-em-sao-paulo\/","og_site_name":"Instituto Global Attitude","article_publisher":"https:\/\/www.facebook.com\/global.attitude.org\/","article_published_time":"2025-11-03T16:59:50+00:00","author":"comunicacao","twitter_card":"summary_large_image","twitter_creator":"@global_attitude","twitter_site":"@global_attitude","twitter_misc":{"Written by":"comunicacao","Est. reading time":"2 minutes"},"schema":{"@context":"https:\/\/schema.org","@graph":[{"@type":["Article","BlogPosting"],"@id":"https:\/\/globalattitude.org.br\/festival-bateria-nota-10-da-varzea-celebra-a-cultura-periferica-e-a-forca-das-torcidas-em-sao-paulo\/#article","isPartOf":{"@id":"https:\/\/globalattitude.org.br\/festival-bateria-nota-10-da-varzea-celebra-a-cultura-periferica-e-a-forca-das-torcidas-em-sao-paulo\/"},"author":{"name":"comunicacao","@id":"https:\/\/globalattitude.org.br\/en\/#\/schema\/person\/d2d0edb26129b7407b05aa493af63725"},"headline":"Festival Bateria Nota 10 da V\u00e1rzea celebra a cultura perif\u00e9rica e a for\u00e7a das torcidas em S\u00e3o Paulo","datePublished":"2025-11-03T16:59:50+00:00","mainEntityOfPage":{"@id":"https:\/\/globalattitude.org.br\/festival-bateria-nota-10-da-varzea-celebra-a-cultura-periferica-e-a-forca-das-torcidas-em-sao-paulo\/"},"wordCount":319,"commentCount":0,"publisher":{"@id":"https:\/\/globalattitude.org.br\/en\/#organization"},"articleSection":["N\u00e3o categorizado"],"inLanguage":"en-US","potentialAction":[{"@type":"CommentAction","name":"Comment","target":["https:\/\/globalattitude.org.br\/festival-bateria-nota-10-da-varzea-celebra-a-cultura-periferica-e-a-forca-das-torcidas-em-sao-paulo\/#respond"]}]},{"@type":"WebPage","@id":"https:\/\/globalattitude.org.br\/festival-bateria-nota-10-da-varzea-celebra-a-cultura-periferica-e-a-forca-das-torcidas-em-sao-paulo\/","url":"https:\/\/globalattitude.org.br\/festival-bateria-nota-10-da-varzea-celebra-a-cultura-periferica-e-a-forca-das-torcidas-em-sao-paulo\/","name":"Festival Bateria Nota 10 da V\u00e1rzea celebra a cultura perif\u00e9rica e a for\u00e7a das torcidas em S\u00e3o Paulo - Instituto Global Attitude","isPartOf":{"@id":"https:\/\/globalattitude.org.br\/en\/#website"},"datePublished":"2025-11-03T16:59:50+00:00","breadcrumb":{"@id":"https:\/\/globalattitude.org.br\/festival-bateria-nota-10-da-varzea-celebra-a-cultura-periferica-e-a-forca-das-torcidas-em-sao-paulo\/#breadcrumb"},"inLanguage":"en-US","potentialAction":[{"@type":"ReadAction","target":["https:\/\/globalattitude.org.br\/festival-bateria-nota-10-da-varzea-celebra-a-cultura-periferica-e-a-forca-das-torcidas-em-sao-paulo\/"]}]},{"@type":"BreadcrumbList","@id":"https:\/\/globalattitude.org.br\/festival-bateria-nota-10-da-varzea-celebra-a-cultura-periferica-e-a-forca-das-torcidas-em-sao-paulo\/#breadcrumb","itemListElement":[{"@type":"ListItem","position":1,"name":"In\u00edcio","item":"https:\/\/globalattitude.org.br\/en\/"},{"@type":"ListItem","position":2,"name":"Festival Bateria Nota 10 da V\u00e1rzea celebra a cultura perif\u00e9rica e a for\u00e7a das torcidas em S\u00e3o Paulo"}]},{"@type":"WebSite","@id":"https:\/\/globalattitude.org.br\/en\/#website","url":"https:\/\/globalattitude.org.br\/en\/","name":"Instituto Global Attitude","description":"","publisher":{"@id":"https:\/\/globalattitude.org.br\/en\/#organization"},"potentialAction":[{"@type":"SearchAction","target":{"@type":"EntryPoint","urlTemplate":"https:\/\/globalattitude.org.br\/en\/?s={search_term_string}"},"query-input":{"@type":"PropertyValueSpecification","valueRequired":true,"valueName":"search_term_string"}}],"inLanguage":"en-US"},{"@type":"Organization","@id":"https:\/\/globalattitude.org.br\/en\/#organization","name":"Instituto Global Attitude","url":"https:\/\/globalattitude.org.br\/en\/","logo":{"@type":"ImageObject","inLanguage":"en-US","@id":"https:\/\/globalattitude.org.br\/en\/#\/schema\/logo\/image\/","url":"https:\/\/globalattitude.org.br\/wp-content\/uploads\/2023\/01\/instituto-global-attitude-color.png","contentUrl":"https:\/\/globalattitude.org.br\/wp-content\/uploads\/2023\/01\/instituto-global-attitude-color.png","width":300,"height":131,"caption":"Instituto Global Attitude"},"image":{"@id":"https:\/\/globalattitude.org.br\/en\/#\/schema\/logo\/image\/"},"sameAs":["https:\/\/www.facebook.com\/global.attitude.org\/","https:\/\/x.com\/global_attitude","https:\/\/www.instagram.com\/globalattitude","https:\/\/www.linkedin.com\/company\/global-attitude\/?viewAsMember=true"]},{"@type":"Person","@id":"https:\/\/globalattitude.org.br\/en\/#\/schema\/person\/d2d0edb26129b7407b05aa493af63725","name":"comunicacao","image":{"@type":"ImageObject","inLanguage":"en-US","@id":"https:\/\/secure.gravatar.com\/avatar\/a25dbef6d352d1355e632d9629c19165ddb3e176cbcb21ee573e3d96d011d16b?s=96&d=mm&r=g","url":"https:\/\/secure.gravatar.com\/avatar\/a25dbef6d352d1355e632d9629c19165ddb3e176cbcb21ee573e3d96d011d16b?s=96&d=mm&r=g","contentUrl":"https:\/\/secure.gravatar.com\/avatar\/a25dbef6d352d1355e632d9629c19165ddb3e176cbcb21ee573e3d96d011d16b?s=96&d=mm&r=g","caption":"comunicacao"},"url":"https:\/\/globalattitude.org.br\/en\/author\/comunicacao\/"}]}},"_links":{"self":[{"href":"https:\/\/globalattitude.org.br\/en\/wp-json\/wp\/v2\/posts\/13798","targetHints":{"allow":["GET"]}}],"collection":[{"href":"https:\/\/globalattitude.org.br\/en\/wp-json\/wp\/v2\/posts"}],"about":[{"href":"https:\/\/globalattitude.org.br\/en\/wp-json\/wp\/v2\/types\/post"}],"author":[{"embeddable":true,"href":"https:\/\/globalattitude.org.br\/en\/wp-json\/wp\/v2\/users\/4"}],"replies":[{"embeddable":true,"href":"https:\/\/globalattitude.org.br\/en\/wp-json\/wp\/v2\/comments?post=13798"}],"version-history":[{"count":2,"href":"https:\/\/globalattitude.org.br\/en\/wp-json\/wp\/v2\/posts\/13798\/revisions"}],"predecessor-version":[{"id":13802,"href":"https:\/\/globalattitude.org.br\/en\/wp-json\/wp\/v2\/posts\/13798\/revisions\/13802"}],"wp:attachment":[{"href":"https:\/\/globalattitude.org.br\/en\/wp-json\/wp\/v2\/media?parent=13798"}],"wp:term":[{"taxonomy":"category","embeddable":true,"href":"https:\/\/globalattitude.org.br\/en\/wp-json\/wp\/v2\/categories?post=13798"},{"taxonomy":"post_tag","embeddable":true,"href":"https:\/\/globalattitude.org.br\/en\/wp-json\/wp\/v2\/tags?post=13798"}],"curies":[{"name":"wp","href":"https:\/\/api.w.org\/{rel}","templated":true}]}}