{"id":13805,"date":"2025-11-06T12:59:21","date_gmt":"2025-11-06T15:59:21","guid":{"rendered":"https:\/\/globalattitude.org.br\/?p=13805"},"modified":"2025-11-06T12:59:21","modified_gmt":"2025-11-06T15:59:21","slug":"global-attitude-e-o-marco-de-100-dias-na-praca-da-cidadania-de-itaquaquecetuba-um-projeto-de-sucesso-que-transforma-vidas","status":"publish","type":"post","link":"https:\/\/globalattitude.org.br\/en\/global-attitude-e-o-marco-de-100-dias-na-praca-da-cidadania-de-itaquaquecetuba-um-projeto-de-sucesso-que-transforma-vidas\/","title":{"rendered":"Global Attitude e o Marco de 100 Dias na Pra\u00e7a da Cidadania de Itaquaquecetuba: Um Projeto de Sucesso que Transforma Vidas"},"content":{"rendered":"<div class=\"hide-scrollbar markdown prose relative w-full max-w-none overflow-x-scroll break-words text-base leading-7 first:mt-0 prose-headings:first:mt-0 prose-strong:font-bold prose-thead:font-bold light:text-[#3E4247] dark:text-[#EBEBEB] prose-headings:light:text-[#3E4247]\">\n<div>\n<div>\n<p class=\"mb-3 mt-0\" data-copy-text=\"true\">No Global Attitude, cada projeto \u00e9 um passo em dire\u00e7\u00e3o a um futuro mais promissor, pautado pela qualifica\u00e7\u00e3o, inclus\u00e3o e oportunidades. \u00c9 com imenso orgulho que anunciamos os resultados impactantes da Pra\u00e7a da Cidadania de Itaquaquecetuba, que em apenas 100 dias de funcionamento, reafirma nosso compromisso com o desenvolvimento comunit\u00e1rio e a descentraliza\u00e7\u00e3o de pol\u00edticas p\u00fablicas eficazes.<\/p>\n<\/div>\n<\/div>\n<\/div>\n<div class=\"hide-scrollbar markdown prose relative w-full max-w-none overflow-x-scroll break-words text-base leading-7 first:mt-0 prose-headings:first:mt-0 prose-strong:font-bold prose-thead:font-bold light:text-[#3E4247] dark:text-[#EBEBEB] prose-headings:light:text-[#3E4247]\">\n<div><\/div>\n<div>\n<div>\n<div><\/div>\n<div><\/div>\n<\/div>\n<div><\/div>\n<\/div>\n<\/div>\n<div class=\"hide-scrollbar markdown prose relative w-full max-w-none overflow-x-scroll break-words text-base leading-7 first:mt-0 prose-headings:first:mt-0 prose-strong:font-bold prose-thead:font-bold light:text-[#3E4247] dark:text-[#EBEBEB] prose-headings:light:text-[#3E4247]\">\n<div><\/div>\n<div>\n<div>\n<div><\/div>\n<div><\/div>\n<\/div>\n<div>\n<p class=\"mb-3 mt-0\" data-copy-text=\"true\">Desde sua inaugura\u00e7\u00e3o em 3 de junho, a Pra\u00e7a da Cidadania tornou-se um vibrante polo de atividades e um verdadeiro referencial em forma\u00e7\u00e3o profissional, bem-estar e integra\u00e7\u00e3o social. O espa\u00e7o, mantido em uma colabora\u00e7\u00e3o estrat\u00e9gica entre o Fundo Social de S\u00e3o Paulo e a Prefeitura local, tem superado todas as expectativas, atendendo a uma demanda crescente por servi\u00e7os e oportunidades.<\/p>\n<\/div>\n<\/div>\n<\/div>\n<div class=\"hide-scrollbar markdown prose relative w-full max-w-none overflow-x-scroll break-words text-base leading-7 first:mt-0 prose-headings:first:mt-0 prose-strong:font-bold prose-thead:font-bold light:text-[#3E4247] dark:text-[#EBEBEB] prose-headings:light:text-[#3E4247]\">\n<div><\/div>\n<div>\n<div>\n<div><\/div>\n<div><\/div>\n<\/div>\n<div><\/div>\n<\/div>\n<\/div>\n<div class=\"hide-scrollbar markdown prose relative w-full max-w-none overflow-x-scroll break-words text-base leading-7 first:mt-0 prose-headings:first:mt-0 prose-strong:font-bold prose-thead:font-bold light:text-[#3E4247] dark:text-[#EBEBEB] prose-headings:light:text-[#3E4247]\">\n<div><\/div>\n<div>\n<div>\n<div><\/div>\n<div><\/div>\n<\/div>\n<div>\n<h3 class=\"mb-2 mt-4 text-[1.25rem]\/[2rem] font-bold\">Qualifica\u00e7\u00e3o Profissional: Abrindo Portas para o Futuro<\/h3>\n<\/div>\n<\/div>\n<\/div>\n<div class=\"hide-scrollbar markdown prose relative w-full max-w-none overflow-x-scroll break-words text-base leading-7 first:mt-0 prose-headings:first:mt-0 prose-strong:font-bold prose-thead:font-bold light:text-[#3E4247] dark:text-[#EBEBEB] prose-headings:light:text-[#3E4247]\">\n<div><\/div>\n<div>\n<div>\n<div><\/div>\n<div><\/div>\n<\/div>\n<div>\n<p class=\"mb-3 mt-0\" data-copy-text=\"true\">Um dos pilares fundamentais deste projeto \u00e9 a capacita\u00e7\u00e3o profissional. Em um curto per\u00edodo de tr\u00eas meses, a Pra\u00e7a da Cidadania j\u00e1 formou <strong>406 alunos<\/strong> em cursos que atendem diretamente \u00e0s necessidades do mercado e aos interesses da comunidade. Entre as \u00e1reas contempladas, destacam-se gastronomia, beleza e bem-estar, moda, administra\u00e7\u00e3o e inform\u00e1tica. Um destaque especial vai para o programa Caminhos da Capacita\u00e7\u00e3o, que formou <strong>45 alunos<\/strong> no curso de banho e tosa, uma iniciativa que demonstra a adaptabilidade e o foco em setores com demanda.<\/p>\n<\/div>\n<\/div>\n<\/div>\n<div class=\"hide-scrollbar markdown prose relative w-full max-w-none overflow-x-scroll break-words text-base leading-7 first:mt-0 prose-headings:first:mt-0 prose-strong:font-bold prose-thead:font-bold light:text-[#3E4247] dark:text-[#EBEBEB] prose-headings:light:text-[#3E4247]\">\n<div><\/div>\n<div>\n<div>\n<div><\/div>\n<div><\/div>\n<\/div>\n<div><\/div>\n<\/div>\n<\/div>\n<div class=\"hide-scrollbar markdown prose relative w-full max-w-none overflow-x-scroll break-words text-base leading-7 first:mt-0 prose-headings:first:mt-0 prose-strong:font-bold prose-thead:font-bold light:text-[#3E4247] dark:text-[#EBEBEB] prose-headings:light:text-[#3E4247]\">\n<div><\/div>\n<div>\n<div>\n<div><\/div>\n<div><\/div>\n<\/div>\n<div>\n<p class=\"mb-3 mt-0\" data-copy-text=\"true\">A Escola de Qualifica\u00e7\u00e3o Profissional da Pra\u00e7a registrou mais de <strong>3.145 atendimentos<\/strong>, consolidando-se como um centro vital de aprendizado e crescimento para os moradores.<\/p>\n<\/div>\n<\/div>\n<\/div>\n<div class=\"hide-scrollbar markdown prose relative w-full max-w-none overflow-x-scroll break-words text-base leading-7 first:mt-0 prose-headings:first:mt-0 prose-strong:font-bold prose-thead:font-bold light:text-[#3E4247] dark:text-[#EBEBEB] prose-headings:light:text-[#3E4247]\">\n<div><\/div>\n<div>\n<div>\n<div><\/div>\n<div><\/div>\n<\/div>\n<div><\/div>\n<\/div>\n<\/div>\n<div class=\"hide-scrollbar markdown prose relative w-full max-w-none overflow-x-scroll break-words text-base leading-7 first:mt-0 prose-headings:first:mt-0 prose-strong:font-bold prose-thead:font-bold light:text-[#3E4247] dark:text-[#EBEBEB] prose-headings:light:text-[#3E4247]\">\n<div><\/div>\n<div>\n<div>\n<div><\/div>\n<div><\/div>\n<\/div>\n<div>\n<h3 class=\"mb-2 mt-4 text-[1.25rem]\/[2rem] font-bold\">Lazer, Esporte e Conviv\u00eancia: Fortalecendo La\u00e7os Comunit\u00e1rios<\/h3>\n<\/div>\n<\/div>\n<\/div>\n<div class=\"hide-scrollbar markdown prose relative w-full max-w-none overflow-x-scroll break-words text-base leading-7 first:mt-0 prose-headings:first:mt-0 prose-strong:font-bold prose-thead:font-bold light:text-[#3E4247] dark:text-[#EBEBEB] prose-headings:light:text-[#3E4247]\">\n<div><\/div>\n<div>\n<div>\n<div><\/div>\n<div><\/div>\n<\/div>\n<div>\n<p class=\"mb-3 mt-0\" data-copy-text=\"true\">Al\u00e9m da forma\u00e7\u00e3o, a Pra\u00e7a da Cidadania se estabeleceu como um espa\u00e7o din\u00e2mico de conviv\u00eancia e lazer. As instala\u00e7\u00f5es esportivas e de recrea\u00e7\u00e3o foram intensamente utilizadas, proporcionando sa\u00fade, bem-estar e fortalecendo os la\u00e7os comunit\u00e1rios. Estima-se que mais de <strong>8.831 pessoas<\/strong> usufru\u00edram da academia ao ar livre, das quadras de basquete 3&#215;3 e futsal, do parquinho infantil, da pista de caminhada e da pista de skate.<\/p>\n<\/div>\n<\/div>\n<\/div>\n<div class=\"hide-scrollbar markdown prose relative w-full max-w-none overflow-x-scroll break-words text-base leading-7 first:mt-0 prose-headings:first:mt-0 prose-strong:font-bold prose-thead:font-bold light:text-[#3E4247] dark:text-[#EBEBEB] prose-headings:light:text-[#3E4247]\">\n<div><\/div>\n<div>\n<div>\n<div><\/div>\n<div><\/div>\n<\/div>\n<div><\/div>\n<\/div>\n<\/div>\n<div class=\"hide-scrollbar markdown prose relative w-full max-w-none overflow-x-scroll break-words text-base leading-7 first:mt-0 prose-headings:first:mt-0 prose-strong:font-bold prose-thead:font-bold light:text-[#3E4247] dark:text-[#EBEBEB] prose-headings:light:text-[#3E4247]\">\n<div><\/div>\n<div>\n<div>\n<div><\/div>\n<div><\/div>\n<\/div>\n<div>\n<p class=\"mb-3 mt-0\" data-copy-text=\"true\">A Pra\u00e7a tamb\u00e9m foi palco de diversas a\u00e7\u00f5es comunit\u00e1rias e eventos que promoveram a intera\u00e7\u00e3o e a conscientiza\u00e7\u00e3o. Centenas de pessoas participaram de celebra\u00e7\u00f5es como a festa julina, formaturas e o projeto V\u00f4lei Mania. Campanhas importantes, como o Agosto Lil\u00e1s e o projeto Cadeira Vazia, em parceria com a UNG, refor\u00e7aram o papel da Pra\u00e7a como um espa\u00e7o para debates e engajamento c\u00edvico.<\/p>\n<\/div>\n<\/div>\n<\/div>\n<div class=\"hide-scrollbar markdown prose relative w-full max-w-none overflow-x-scroll break-words text-base leading-7 first:mt-0 prose-headings:first:mt-0 prose-strong:font-bold prose-thead:font-bold light:text-[#3E4247] dark:text-[#EBEBEB] prose-headings:light:text-[#3E4247]\">\n<div><\/div>\n<div>\n<div>\n<div><\/div>\n<div><\/div>\n<\/div>\n<div><\/div>\n<\/div>\n<\/div>\n<div class=\"hide-scrollbar markdown prose relative w-full max-w-none overflow-x-scroll break-words text-base leading-7 first:mt-0 prose-headings:first:mt-0 prose-strong:font-bold prose-thead:font-bold light:text-[#3E4247] dark:text-[#EBEBEB] prose-headings:light:text-[#3E4247]\">\n<div><\/div>\n<div>\n<div>\n<div><\/div>\n<div><\/div>\n<\/div>\n<div>\n<h3 class=\"mb-2 mt-4 text-[1.25rem]\/[2rem] font-bold\">Impacto Abrangente: Mais de 11 Mil Pessoas Atendidas<\/h3>\n<\/div>\n<\/div>\n<\/div>\n<div class=\"hide-scrollbar markdown prose relative w-full max-w-none overflow-x-scroll break-words text-base leading-7 first:mt-0 prose-headings:first:mt-0 prose-strong:font-bold prose-thead:font-bold light:text-[#3E4247] dark:text-[#EBEBEB] prose-headings:light:text-[#3E4247]\">\n<div><\/div>\n<div>\n<div>\n<div><\/div>\n<div><\/div>\n<\/div>\n<div>\n<p class=\"mb-3 mt-0\" data-copy-text=\"true\">Em seus primeiros 100 dias, a Pra\u00e7a da Cidadania de Itaquaquecetuba alcan\u00e7ou um feito not\u00e1vel: um total de <strong>11.976 pessoas foram atendidas<\/strong>. Esse n\u00famero expressivo reflete o sucesso da estrat\u00e9gia de descentraliza\u00e7\u00e3o das pol\u00edticas p\u00fablicas, levando as oportunidades diretamente para onde as pessoas vivem.<\/p>\n<\/div>\n<\/div>\n<\/div>\n<div class=\"hide-scrollbar markdown prose relative w-full max-w-none overflow-x-scroll break-words text-base leading-7 first:mt-0 prose-headings:first:mt-0 prose-strong:font-bold prose-thead:font-bold light:text-[#3E4247] dark:text-[#EBEBEB] prose-headings:light:text-[#3E4247]\">\n<div><\/div>\n<div>\n<div>\n<div><\/div>\n<div><\/div>\n<\/div>\n<div><\/div>\n<\/div>\n<\/div>\n<div class=\"hide-scrollbar markdown prose relative w-full max-w-none overflow-x-scroll break-words text-base leading-7 first:mt-0 prose-headings:first:mt-0 prose-strong:font-bold prose-thead:font-bold light:text-[#3E4247] dark:text-[#EBEBEB] prose-headings:light:text-[#3E4247]\">\n<div><\/div>\n<div>\n<div>\n<div><\/div>\n<div><\/div>\n<\/div>\n<div>\n<p class=\"mb-3 mt-0\" data-copy-text=\"true\">A unidade tamb\u00e9m demonstrou sua capacidade de integra\u00e7\u00e3o com outras esferas governamentais, como a a\u00e7\u00e3o conjunta com a Secretaria Estadual de Desenvolvimento Econ\u00f4mico, que resultou em 100 atendimentos relacionados ao Banco do Povo Paulista e cadastros para vagas de emprego.<\/p>\n<\/div>\n<\/div>\n<\/div>\n<div class=\"hide-scrollbar markdown prose relative w-full max-w-none overflow-x-scroll break-words text-base leading-7 first:mt-0 prose-headings:first:mt-0 prose-strong:font-bold prose-thead:font-bold light:text-[#3E4247] dark:text-[#EBEBEB] prose-headings:light:text-[#3E4247]\">\n<div><\/div>\n<div>\n<div>\n<div><\/div>\n<div><\/div>\n<\/div>\n<div><\/div>\n<\/div>\n<\/div>\n<div class=\"hide-scrollbar markdown prose relative w-full max-w-none overflow-x-scroll break-words text-base leading-7 first:mt-0 prose-headings:first:mt-0 prose-strong:font-bold prose-thead:font-bold light:text-[#3E4247] dark:text-[#EBEBEB] prose-headings:light:text-[#3E4247]\">\n<div><\/div>\n<div>\n<div>\n<div><\/div>\n<div><\/div>\n<\/div>\n<div>\n<p class=\"mb-3 mt-0\" data-copy-text=\"true\">Como afirmou a primeira-dama e presidente do Fundo Social, Mila Boigues, &#8220;A Pra\u00e7a da Cidadania \u00e9 um marco na descentraliza\u00e7\u00e3o das pol\u00edticas p\u00fablicas. Estamos levando oportunidades e qualidade de vida para onde o povo vive&#8221;. O prefeito Eduardo Boigues complementou, destacando que &#8220;Em apenas 100 dias, mostramos que quando o poder p\u00fablico se aproxima da popula\u00e7\u00e3o, transformamos realidades&#8221;. Essa filosofia \u00e9 a mesma que o Global Attitude emprega em todos os seus projetos.<\/p>\n<\/div>\n<\/div>\n<\/div>\n<div class=\"hide-scrollbar markdown prose relative w-full max-w-none overflow-x-scroll break-words text-base leading-7 first:mt-0 prose-headings:first:mt-0 prose-strong:font-bold prose-thead:font-bold light:text-[#3E4247] dark:text-[#EBEBEB] prose-headings:light:text-[#3E4247]\">\n<div><\/div>\n<div>\n<div>\n<div><\/div>\n<div><\/div>\n<\/div>\n<div><\/div>\n<\/div>\n<\/div>\n<div class=\"hide-scrollbar markdown prose relative w-full max-w-none overflow-x-scroll break-words text-base leading-7 first:mt-0 prose-headings:first:mt-0 prose-strong:font-bold prose-thead:font-bold light:text-[#3E4247] dark:text-[#EBEBEB] prose-headings:light:text-[#3E4247]\">\n<div><\/div>\n<div>\n<div>\n<div><\/div>\n<div><\/div>\n<\/div>\n<div>\n<p class=\"mb-3 mt-0\" data-copy-text=\"true\">O Global Attitude celebra a Pra\u00e7a da Cidadania de Itaquaquecetuba como mais um testemunho de que, com dedica\u00e7\u00e3o, parcerias s\u00f3lidas e um olhar atento \u00e0s necessidades da popula\u00e7\u00e3o, \u00e9 poss\u00edvel construir ambientes que verdadeiramente transformam vidas e impulsionam o desenvolvimento. Continuaremos a investir em projetos que gerem impacto real e duradouro nas comunidades por todo o Brasil.<\/p>\n<\/div>\n<\/div>\n<\/div>\n","protected":false},"excerpt":{"rendered":"<p>No Global Attitude, cada projeto \u00e9 um passo em dire\u00e7\u00e3o a um futuro mais promissor, pautado pela qualifica\u00e7\u00e3o, inclus\u00e3o e oportunidades. \u00c9 com imenso orgulho que anunciamos os resultados impactantes da Pra\u00e7a da Cidadania de Itaquaquecetuba, que em apenas 100 dias de funcionamento, reafirma nosso compromisso com o desenvolvimento comunit\u00e1rio e a descentraliza\u00e7\u00e3o de pol\u00edticas [&hellip;]<\/p>\n","protected":false},"author":4,"featured_media":0,"comment_status":"open","ping_status":"open","sticky":false,"template":"","format":"standard","meta":{"_acf_changed":false,"om_disable_all_campaigns":false,"_monsterinsights_skip_tracking":false,"_monsterinsights_sitenote_active":false,"_monsterinsights_sitenote_note":"","_monsterinsights_sitenote_category":0,"_uf_show_specific_survey":0,"_uf_disable_surveys":false,"footnotes":""},"categories":[1],"tags":[],"class_list":["post-13805","post","type-post","status-publish","format-standard","hentry","category-nao-categorizado"],"acf":[],"aioseo_notices":[],"yoast_head":"<!-- This site is optimized with the Yoast SEO plugin v27.5 - https:\/\/yoast.com\/product\/yoast-seo-wordpress\/ -->\n<title>Global Attitude e o Marco de 100 Dias na Pra\u00e7a da Cidadania de Itaquaquecetuba: Um Projeto de Sucesso que Transforma Vidas - Instituto Global Attitude<\/title>\n<meta name=\"robots\" content=\"index, follow, max-snippet:-1, max-image-preview:large, max-video-preview:-1\" \/>\n<link rel=\"canonical\" href=\"https:\/\/globalattitude.org.br\/global-attitude-e-o-marco-de-100-dias-na-praca-da-cidadania-de-itaquaquecetuba-um-projeto-de-sucesso-que-transforma-vidas\/\" \/>\n<meta property=\"og:locale\" content=\"en_US\" \/>\n<meta property=\"og:type\" content=\"article\" \/>\n<meta property=\"og:title\" content=\"Global Attitude e o Marco de 100 Dias na Pra\u00e7a da Cidadania de Itaquaquecetuba: Um Projeto de Sucesso que Transforma Vidas - Instituto Global Attitude\" \/>\n<meta property=\"og:description\" content=\"No Global Attitude, cada projeto \u00e9 um passo em dire\u00e7\u00e3o a um futuro mais promissor, pautado pela qualifica\u00e7\u00e3o, inclus\u00e3o e oportunidades. \u00c9 com imenso orgulho que anunciamos os resultados impactantes da Pra\u00e7a da Cidadania de Itaquaquecetuba, que em apenas 100 dias de funcionamento, reafirma nosso compromisso com o desenvolvimento comunit\u00e1rio e a descentraliza\u00e7\u00e3o de pol\u00edticas [&hellip;]\" \/>\n<meta property=\"og:url\" content=\"https:\/\/globalattitude.org.br\/global-attitude-e-o-marco-de-100-dias-na-praca-da-cidadania-de-itaquaquecetuba-um-projeto-de-sucesso-que-transforma-vidas\/\" \/>\n<meta property=\"og:site_name\" content=\"Instituto Global Attitude\" \/>\n<meta property=\"article:publisher\" content=\"https:\/\/www.facebook.com\/global.attitude.org\/\" \/>\n<meta property=\"article:published_time\" content=\"2025-11-06T15:59:21+00:00\" \/>\n<meta name=\"author\" content=\"comunicacao\" \/>\n<meta name=\"twitter:card\" content=\"summary_large_image\" \/>\n<meta name=\"twitter:creator\" content=\"@global_attitude\" \/>\n<meta name=\"twitter:site\" content=\"@global_attitude\" \/>\n<meta name=\"twitter:label1\" content=\"Written by\" \/>\n\t<meta name=\"twitter:data1\" content=\"comunicacao\" \/>\n\t<meta name=\"twitter:label2\" content=\"Est. reading time\" \/>\n\t<meta name=\"twitter:data2\" content=\"4 minutes\" \/>\n<script type=\"application\/ld+json\" class=\"yoast-schema-graph\">{\"@context\":\"https:\\\/\\\/schema.org\",\"@graph\":[{\"@type\":[\"Article\",\"BlogPosting\"],\"@id\":\"https:\\\/\\\/globalattitude.org.br\\\/global-attitude-e-o-marco-de-100-dias-na-praca-da-cidadania-de-itaquaquecetuba-um-projeto-de-sucesso-que-transforma-vidas\\\/#article\",\"isPartOf\":{\"@id\":\"https:\\\/\\\/globalattitude.org.br\\\/global-attitude-e-o-marco-de-100-dias-na-praca-da-cidadania-de-itaquaquecetuba-um-projeto-de-sucesso-que-transforma-vidas\\\/\"},\"author\":{\"name\":\"comunicacao\",\"@id\":\"https:\\\/\\\/globalattitude.org.br\\\/en\\\/#\\\/schema\\\/person\\\/d2d0edb26129b7407b05aa493af63725\"},\"headline\":\"Global Attitude e o Marco de 100 Dias na Pra\u00e7a da Cidadania de Itaquaquecetuba: Um Projeto de Sucesso que Transforma Vidas\",\"datePublished\":\"2025-11-06T15:59:21+00:00\",\"mainEntityOfPage\":{\"@id\":\"https:\\\/\\\/globalattitude.org.br\\\/global-attitude-e-o-marco-de-100-dias-na-praca-da-cidadania-de-itaquaquecetuba-um-projeto-de-sucesso-que-transforma-vidas\\\/\"},\"wordCount\":672,\"commentCount\":0,\"publisher\":{\"@id\":\"https:\\\/\\\/globalattitude.org.br\\\/en\\\/#organization\"},\"articleSection\":[\"N\u00e3o categorizado\"],\"inLanguage\":\"en-US\",\"potentialAction\":[{\"@type\":\"CommentAction\",\"name\":\"Comment\",\"target\":[\"https:\\\/\\\/globalattitude.org.br\\\/global-attitude-e-o-marco-de-100-dias-na-praca-da-cidadania-de-itaquaquecetuba-um-projeto-de-sucesso-que-transforma-vidas\\\/#respond\"]}]},{\"@type\":\"WebPage\",\"@id\":\"https:\\\/\\\/globalattitude.org.br\\\/global-attitude-e-o-marco-de-100-dias-na-praca-da-cidadania-de-itaquaquecetuba-um-projeto-de-sucesso-que-transforma-vidas\\\/\",\"url\":\"https:\\\/\\\/globalattitude.org.br\\\/global-attitude-e-o-marco-de-100-dias-na-praca-da-cidadania-de-itaquaquecetuba-um-projeto-de-sucesso-que-transforma-vidas\\\/\",\"name\":\"Global Attitude e o Marco de 100 Dias na Pra\u00e7a da Cidadania de Itaquaquecetuba: Um Projeto de Sucesso que Transforma Vidas - Instituto Global Attitude\",\"isPartOf\":{\"@id\":\"https:\\\/\\\/globalattitude.org.br\\\/en\\\/#website\"},\"datePublished\":\"2025-11-06T15:59:21+00:00\",\"breadcrumb\":{\"@id\":\"https:\\\/\\\/globalattitude.org.br\\\/global-attitude-e-o-marco-de-100-dias-na-praca-da-cidadania-de-itaquaquecetuba-um-projeto-de-sucesso-que-transforma-vidas\\\/#breadcrumb\"},\"inLanguage\":\"en-US\",\"potentialAction\":[{\"@type\":\"ReadAction\",\"target\":[\"https:\\\/\\\/globalattitude.org.br\\\/global-attitude-e-o-marco-de-100-dias-na-praca-da-cidadania-de-itaquaquecetuba-um-projeto-de-sucesso-que-transforma-vidas\\\/\"]}]},{\"@type\":\"BreadcrumbList\",\"@id\":\"https:\\\/\\\/globalattitude.org.br\\\/global-attitude-e-o-marco-de-100-dias-na-praca-da-cidadania-de-itaquaquecetuba-um-projeto-de-sucesso-que-transforma-vidas\\\/#breadcrumb\",\"itemListElement\":[{\"@type\":\"ListItem\",\"position\":1,\"name\":\"In\u00edcio\",\"item\":\"https:\\\/\\\/globalattitude.org.br\\\/en\\\/\"},{\"@type\":\"ListItem\",\"position\":2,\"name\":\"Global Attitude e o Marco de 100 Dias na Pra\u00e7a da Cidadania de Itaquaquecetuba: Um Projeto de Sucesso que Transforma Vidas\"}]},{\"@type\":\"WebSite\",\"@id\":\"https:\\\/\\\/globalattitude.org.br\\\/en\\\/#website\",\"url\":\"https:\\\/\\\/globalattitude.org.br\\\/en\\\/\",\"name\":\"Instituto Global Attitude\",\"description\":\"\",\"publisher\":{\"@id\":\"https:\\\/\\\/globalattitude.org.br\\\/en\\\/#organization\"},\"potentialAction\":[{\"@type\":\"SearchAction\",\"target\":{\"@type\":\"EntryPoint\",\"urlTemplate\":\"https:\\\/\\\/globalattitude.org.br\\\/en\\\/?s={search_term_string}\"},\"query-input\":{\"@type\":\"PropertyValueSpecification\",\"valueRequired\":true,\"valueName\":\"search_term_string\"}}],\"inLanguage\":\"en-US\"},{\"@type\":\"Organization\",\"@id\":\"https:\\\/\\\/globalattitude.org.br\\\/en\\\/#organization\",\"name\":\"Instituto Global Attitude\",\"url\":\"https:\\\/\\\/globalattitude.org.br\\\/en\\\/\",\"logo\":{\"@type\":\"ImageObject\",\"inLanguage\":\"en-US\",\"@id\":\"https:\\\/\\\/globalattitude.org.br\\\/en\\\/#\\\/schema\\\/logo\\\/image\\\/\",\"url\":\"https:\\\/\\\/globalattitude.org.br\\\/wp-content\\\/uploads\\\/2023\\\/01\\\/instituto-global-attitude-color.png\",\"contentUrl\":\"https:\\\/\\\/globalattitude.org.br\\\/wp-content\\\/uploads\\\/2023\\\/01\\\/instituto-global-attitude-color.png\",\"width\":300,\"height\":131,\"caption\":\"Instituto Global Attitude\"},\"image\":{\"@id\":\"https:\\\/\\\/globalattitude.org.br\\\/en\\\/#\\\/schema\\\/logo\\\/image\\\/\"},\"sameAs\":[\"https:\\\/\\\/www.facebook.com\\\/global.attitude.org\\\/\",\"https:\\\/\\\/x.com\\\/global_attitude\",\"https:\\\/\\\/www.instagram.com\\\/globalattitude\",\"https:\\\/\\\/www.linkedin.com\\\/company\\\/global-attitude\\\/?viewAsMember=true\"]},{\"@type\":\"Person\",\"@id\":\"https:\\\/\\\/globalattitude.org.br\\\/en\\\/#\\\/schema\\\/person\\\/d2d0edb26129b7407b05aa493af63725\",\"name\":\"comunicacao\",\"image\":{\"@type\":\"ImageObject\",\"inLanguage\":\"en-US\",\"@id\":\"https:\\\/\\\/secure.gravatar.com\\\/avatar\\\/a25dbef6d352d1355e632d9629c19165ddb3e176cbcb21ee573e3d96d011d16b?s=96&d=mm&r=g\",\"url\":\"https:\\\/\\\/secure.gravatar.com\\\/avatar\\\/a25dbef6d352d1355e632d9629c19165ddb3e176cbcb21ee573e3d96d011d16b?s=96&d=mm&r=g\",\"contentUrl\":\"https:\\\/\\\/secure.gravatar.com\\\/avatar\\\/a25dbef6d352d1355e632d9629c19165ddb3e176cbcb21ee573e3d96d011d16b?s=96&d=mm&r=g\",\"caption\":\"comunicacao\"},\"url\":\"https:\\\/\\\/globalattitude.org.br\\\/en\\\/author\\\/comunicacao\\\/\"}]}<\/script>\n<!-- \/ Yoast SEO plugin. -->","yoast_head_json":{"title":"Global Attitude e o Marco de 100 Dias na Pra\u00e7a da Cidadania de Itaquaquecetuba: Um Projeto de Sucesso que Transforma Vidas - Instituto Global Attitude","robots":{"index":"index","follow":"follow","max-snippet":"max-snippet:-1","max-image-preview":"max-image-preview:large","max-video-preview":"max-video-preview:-1"},"canonical":"https:\/\/globalattitude.org.br\/global-attitude-e-o-marco-de-100-dias-na-praca-da-cidadania-de-itaquaquecetuba-um-projeto-de-sucesso-que-transforma-vidas\/","og_locale":"en_US","og_type":"article","og_title":"Global Attitude e o Marco de 100 Dias na Pra\u00e7a da Cidadania de Itaquaquecetuba: Um Projeto de Sucesso que Transforma Vidas - Instituto Global Attitude","og_description":"No Global Attitude, cada projeto \u00e9 um passo em dire\u00e7\u00e3o a um futuro mais promissor, pautado pela qualifica\u00e7\u00e3o, inclus\u00e3o e oportunidades. \u00c9 com imenso orgulho que anunciamos os resultados impactantes da Pra\u00e7a da Cidadania de Itaquaquecetuba, que em apenas 100 dias de funcionamento, reafirma nosso compromisso com o desenvolvimento comunit\u00e1rio e a descentraliza\u00e7\u00e3o de pol\u00edticas [&hellip;]","og_url":"https:\/\/globalattitude.org.br\/global-attitude-e-o-marco-de-100-dias-na-praca-da-cidadania-de-itaquaquecetuba-um-projeto-de-sucesso-que-transforma-vidas\/","og_site_name":"Instituto Global Attitude","article_publisher":"https:\/\/www.facebook.com\/global.attitude.org\/","article_published_time":"2025-11-06T15:59:21+00:00","author":"comunicacao","twitter_card":"summary_large_image","twitter_creator":"@global_attitude","twitter_site":"@global_attitude","twitter_misc":{"Written by":"comunicacao","Est. reading time":"4 minutes"},"schema":{"@context":"https:\/\/schema.org","@graph":[{"@type":["Article","BlogPosting"],"@id":"https:\/\/globalattitude.org.br\/global-attitude-e-o-marco-de-100-dias-na-praca-da-cidadania-de-itaquaquecetuba-um-projeto-de-sucesso-que-transforma-vidas\/#article","isPartOf":{"@id":"https:\/\/globalattitude.org.br\/global-attitude-e-o-marco-de-100-dias-na-praca-da-cidadania-de-itaquaquecetuba-um-projeto-de-sucesso-que-transforma-vidas\/"},"author":{"name":"comunicacao","@id":"https:\/\/globalattitude.org.br\/en\/#\/schema\/person\/d2d0edb26129b7407b05aa493af63725"},"headline":"Global Attitude e o Marco de 100 Dias na Pra\u00e7a da Cidadania de Itaquaquecetuba: Um Projeto de Sucesso que Transforma Vidas","datePublished":"2025-11-06T15:59:21+00:00","mainEntityOfPage":{"@id":"https:\/\/globalattitude.org.br\/global-attitude-e-o-marco-de-100-dias-na-praca-da-cidadania-de-itaquaquecetuba-um-projeto-de-sucesso-que-transforma-vidas\/"},"wordCount":672,"commentCount":0,"publisher":{"@id":"https:\/\/globalattitude.org.br\/en\/#organization"},"articleSection":["N\u00e3o categorizado"],"inLanguage":"en-US","potentialAction":[{"@type":"CommentAction","name":"Comment","target":["https:\/\/globalattitude.org.br\/global-attitude-e-o-marco-de-100-dias-na-praca-da-cidadania-de-itaquaquecetuba-um-projeto-de-sucesso-que-transforma-vidas\/#respond"]}]},{"@type":"WebPage","@id":"https:\/\/globalattitude.org.br\/global-attitude-e-o-marco-de-100-dias-na-praca-da-cidadania-de-itaquaquecetuba-um-projeto-de-sucesso-que-transforma-vidas\/","url":"https:\/\/globalattitude.org.br\/global-attitude-e-o-marco-de-100-dias-na-praca-da-cidadania-de-itaquaquecetuba-um-projeto-de-sucesso-que-transforma-vidas\/","name":"Global Attitude e o Marco de 100 Dias na Pra\u00e7a da Cidadania de Itaquaquecetuba: Um Projeto de Sucesso que Transforma Vidas - Instituto Global Attitude","isPartOf":{"@id":"https:\/\/globalattitude.org.br\/en\/#website"},"datePublished":"2025-11-06T15:59:21+00:00","breadcrumb":{"@id":"https:\/\/globalattitude.org.br\/global-attitude-e-o-marco-de-100-dias-na-praca-da-cidadania-de-itaquaquecetuba-um-projeto-de-sucesso-que-transforma-vidas\/#breadcrumb"},"inLanguage":"en-US","potentialAction":[{"@type":"ReadAction","target":["https:\/\/globalattitude.org.br\/global-attitude-e-o-marco-de-100-dias-na-praca-da-cidadania-de-itaquaquecetuba-um-projeto-de-sucesso-que-transforma-vidas\/"]}]},{"@type":"BreadcrumbList","@id":"https:\/\/globalattitude.org.br\/global-attitude-e-o-marco-de-100-dias-na-praca-da-cidadania-de-itaquaquecetuba-um-projeto-de-sucesso-que-transforma-vidas\/#breadcrumb","itemListElement":[{"@type":"ListItem","position":1,"name":"In\u00edcio","item":"https:\/\/globalattitude.org.br\/en\/"},{"@type":"ListItem","position":2,"name":"Global Attitude e o Marco de 100 Dias na Pra\u00e7a da Cidadania de Itaquaquecetuba: Um Projeto de Sucesso que Transforma Vidas"}]},{"@type":"WebSite","@id":"https:\/\/globalattitude.org.br\/en\/#website","url":"https:\/\/globalattitude.org.br\/en\/","name":"Instituto Global Attitude","description":"","publisher":{"@id":"https:\/\/globalattitude.org.br\/en\/#organization"},"potentialAction":[{"@type":"SearchAction","target":{"@type":"EntryPoint","urlTemplate":"https:\/\/globalattitude.org.br\/en\/?s={search_term_string}"},"query-input":{"@type":"PropertyValueSpecification","valueRequired":true,"valueName":"search_term_string"}}],"inLanguage":"en-US"},{"@type":"Organization","@id":"https:\/\/globalattitude.org.br\/en\/#organization","name":"Instituto Global Attitude","url":"https:\/\/globalattitude.org.br\/en\/","logo":{"@type":"ImageObject","inLanguage":"en-US","@id":"https:\/\/globalattitude.org.br\/en\/#\/schema\/logo\/image\/","url":"https:\/\/globalattitude.org.br\/wp-content\/uploads\/2023\/01\/instituto-global-attitude-color.png","contentUrl":"https:\/\/globalattitude.org.br\/wp-content\/uploads\/2023\/01\/instituto-global-attitude-color.png","width":300,"height":131,"caption":"Instituto Global Attitude"},"image":{"@id":"https:\/\/globalattitude.org.br\/en\/#\/schema\/logo\/image\/"},"sameAs":["https:\/\/www.facebook.com\/global.attitude.org\/","https:\/\/x.com\/global_attitude","https:\/\/www.instagram.com\/globalattitude","https:\/\/www.linkedin.com\/company\/global-attitude\/?viewAsMember=true"]},{"@type":"Person","@id":"https:\/\/globalattitude.org.br\/en\/#\/schema\/person\/d2d0edb26129b7407b05aa493af63725","name":"comunicacao","image":{"@type":"ImageObject","inLanguage":"en-US","@id":"https:\/\/secure.gravatar.com\/avatar\/a25dbef6d352d1355e632d9629c19165ddb3e176cbcb21ee573e3d96d011d16b?s=96&d=mm&r=g","url":"https:\/\/secure.gravatar.com\/avatar\/a25dbef6d352d1355e632d9629c19165ddb3e176cbcb21ee573e3d96d011d16b?s=96&d=mm&r=g","contentUrl":"https:\/\/secure.gravatar.com\/avatar\/a25dbef6d352d1355e632d9629c19165ddb3e176cbcb21ee573e3d96d011d16b?s=96&d=mm&r=g","caption":"comunicacao"},"url":"https:\/\/globalattitude.org.br\/en\/author\/comunicacao\/"}]}},"_links":{"self":[{"href":"https:\/\/globalattitude.org.br\/en\/wp-json\/wp\/v2\/posts\/13805","targetHints":{"allow":["GET"]}}],"collection":[{"href":"https:\/\/globalattitude.org.br\/en\/wp-json\/wp\/v2\/posts"}],"about":[{"href":"https:\/\/globalattitude.org.br\/en\/wp-json\/wp\/v2\/types\/post"}],"author":[{"embeddable":true,"href":"https:\/\/globalattitude.org.br\/en\/wp-json\/wp\/v2\/users\/4"}],"replies":[{"embeddable":true,"href":"https:\/\/globalattitude.org.br\/en\/wp-json\/wp\/v2\/comments?post=13805"}],"version-history":[{"count":2,"href":"https:\/\/globalattitude.org.br\/en\/wp-json\/wp\/v2\/posts\/13805\/revisions"}],"predecessor-version":[{"id":13809,"href":"https:\/\/globalattitude.org.br\/en\/wp-json\/wp\/v2\/posts\/13805\/revisions\/13809"}],"wp:attachment":[{"href":"https:\/\/globalattitude.org.br\/en\/wp-json\/wp\/v2\/media?parent=13805"}],"wp:term":[{"taxonomy":"category","embeddable":true,"href":"https:\/\/globalattitude.org.br\/en\/wp-json\/wp\/v2\/categories?post=13805"},{"taxonomy":"post_tag","embeddable":true,"href":"https:\/\/globalattitude.org.br\/en\/wp-json\/wp\/v2\/tags?post=13805"}],"curies":[{"name":"wp","href":"https:\/\/api.w.org\/{rel}","templated":true}]}}