{"id":1393,"date":"2016-09-28T14:30:33","date_gmt":"2016-09-28T17:30:33","guid":{"rendered":"https:\/\/globalattitude.org.br\/conheca-a-delegacao-do-diplomacia-civil-que-ira-ao-annual-meetings-2016\/"},"modified":"2023-03-10T10:11:05","modified_gmt":"2023-03-10T13:11:05","slug":"conheca-a-delegacao-do-diplomacia-civil-que-ira-ao-annual-meetings-2016","status":"publish","type":"post","link":"https:\/\/globalattitude.org.br\/en\/conheca-a-delegacao-do-diplomacia-civil-que-ira-ao-annual-meetings-2016\/","title":{"rendered":"Conhe\u00e7a a delega\u00e7\u00e3o do Diplomacia Civil que ir\u00e1 ao Annual Meetings 2016"},"content":{"rendered":"<p>Ap\u00f3s 125 inscri\u00e7\u00f5es de todas as regi\u00f5es do Brasil, o Instituto Global Attitude anuncia por fim a delega\u00e7\u00e3o que ir\u00e1 participar do <a href=\"http:\/\/blog.globalattitude.org.br\/inscricoes-abertas-diplomacia-civil-seleciona-delegacao-brasileira-para-o-annual-meetings\/\">Annual Meetings 2016<\/a>, em Washington,\u00a0 Estados Unidos.<\/p>\n<p>O evento, que ser\u00e1 realizado de 3 a 10 de outubro, acontece anualmente e conta com a presen\u00e7a do presidente do Banco Mundial, <a href=\"http:\/\/www.worldbank.org\/en\/about\/president\">Jim Yong Kim<\/a>, da diretora-gerente do\u00a0 Fundo Monet\u00e1rio Internacional (FMI), <a href=\"https:\/\/blog-imfdirect.imf.org\/bloggers\/christine-lagarde\/\">Christine Lagarde<\/a>, e dos ministros das Finan\u00e7as de todo o mundo, que discutir\u00e3o os progressos das duas organiza\u00e7\u00f5es ao longo do ano.<\/p>\n<p>As palestras, workshops, mesas redondas e debates se centram em quest\u00f5es sobre o com\u00e9rcio mundial, pol\u00edticas e finan\u00e7as internacionais, crescimento inclusivo e mercado financeiro.<\/p>\n<p>A delega\u00e7\u00e3o do Diplomacia Civil contou com quatro workshops preparat\u00f3rios, que servem de aux\u00edlio para o melhor proveito da viagem e est\u00e1 em fase de finaliza\u00e7\u00e3o de um artigo de opini\u00e3o ou pesquisa, com tema de pr\u00f3pria escolha.<\/p>\n<p><strong>Conhe\u00e7a os delegados:<\/strong><\/p>\n<p><strong><a href=\"http:\/\/globalattitude.org.br\/wp-content\/uploads\/2023\/03\/gabriel.jpg\" rel=\"attachment wp-att-2712\"><img decoding=\"async\" class=\"alignleft wp-image-2712\" src=\"http:\/\/globalattitude.org.br\/wp-content\/uploads\/2023\/03\/gabriel.jpg\" alt=\"gabriel\" width=\"200\" height=\"200\" \/><\/a>Gabriel Mota Silveira<\/strong> \u00e9 p\u00f3s-graduado em Rela\u00e7\u00f5es Governamentais e Pol\u00edticas P\u00fablicas pelo Centro Universit\u00e1rio de Bras\u00edlia e bacharel em Rela\u00e7\u00f5es Internacionais pela mesma universidade. Possui especializa\u00e7\u00e3o em Terrorismo Transnacional pela <a href=\"http:\/\/www.universiteitleiden.nl\/\">Universiteit Leiden<\/a>\u00a0(Holanda)\u00a0e tamb\u00e9m pelo\u00a0<a href=\"http:\/\/www.cedin.com.br\/\">Centro de Direito Internacional<\/a> (CEDIN). Certificado em Defesa Nacional pelo Minist\u00e9rio da Defesa e em Gerenciamento de Projetos pela Funda\u00e7\u00e3o Get\u00falio Vargas. Discente associado do <a href=\"https:\/\/www.uniceub.br\/cursos\/direito-e-relacoes-internacionais\/estudos-constitucionais\/cbec\/apresentacao.aspx\">Centro Brasileiro de Estudos Constitucionais<\/a> (CBEC), do grupo de pesquisa de Direito Empresarial e Desenvolvimento. Atuou recentemente junto ao Escrit\u00f3rio das Na\u00e7\u00f5es Unidas sobre Drogas e Crime e possui experi\u00eancia pr\u00e9via junto ao <a href=\"https:\/\/www.gov.uk\/government\/organisations\/uk-trade-investment\">United Kingdom Trade and Investment<\/a> &#8211; Defense and Security Organization e ao Minist\u00e9rio das Rela\u00e7\u00f5es Exteriores &#8211; Itamaraty.<\/p>\n<p><strong><a href=\"http:\/\/globalattitude.org.br\/wp-content\/uploads\/2023\/03\/guilherme.jpg\" rel=\"attachment wp-att-2713\"><img decoding=\"async\" class=\"alignleft wp-image-2713\" src=\"http:\/\/globalattitude.org.br\/wp-content\/uploads\/2023\/03\/guilherme.jpg\" alt=\"guilherme\" width=\"200\" height=\"200\" \/><\/a>Guilherme Flora Grespan<\/strong>\u00a0\u00e9 bacharelando em Engenharia de Produ\u00e7\u00e3o pela Escola Polit\u00e9cnica da Universidade de S\u00e3o Paulo (USP). Durante a gradua\u00e7\u00e3o, participou por tr\u00eas anos do Movimento Empresa J\u00fanior, com passagens pela <a href=\"http:\/\/www.polijunior.com.br\/\">Poli J\u00fanior<\/a>, <a href=\"http:\/\/www.nucleouspjunior.com.br\/\">N\u00facleo USP J\u00fanior<\/a> e Federa\u00e7\u00e3o do Estado de S\u00e3o Paulo. Foi representante da USP no <a href=\"http:\/\/www.fiesp.com.br\/sobre-a-fiesp\/comites\/jovens-empreendedores\/\">Comit\u00ea de Jovens Empreendedores da FIESP<\/a> (CJE), atuando em discuss\u00f5es para o fortalecimento do empreendedorimo no meio universit\u00e1rio. Possui passagem pelas organiza\u00e7\u00f5es <a href=\"https:\/\/endeavor.org.br\/\">Endeavor Brasil<\/a>\u00a0e pelo banco de investimento <a href=\"https:\/\/www.jpmorganchase.com\/\">JPMorgan Chase &amp; Co.<\/a>, atuando na \u00e1rea de estrat\u00e9gia em a\u00e7\u00f5es para Brasil e Am\u00e9rica Latina.\u00a0Atualmente \u00e9 trainee no banco Ita\u00fa BBA, onde trabalha com estrat\u00e9gia em renda vari\u00e1vel para Brasil com foco em investidores institucionais internacionais.<\/p>\n<p><strong><a href=\"http:\/\/globalattitude.org.br\/wp-content\/uploads\/2023\/03\/jack-2.jpg\" rel=\"attachment wp-att-2714\"><img decoding=\"async\" class=\"size-full wp-image-2714 alignleft\" src=\"http:\/\/globalattitude.org.br\/wp-content\/uploads\/2023\/03\/jack-2.jpg\" alt=\"jack\" width=\"200\" height=\"200\" \/><\/a>Jack Fernandes dos Santos Netto<\/strong> \u00e9 formado em Rela\u00e7\u00f5es Internacionais e trabalha atualmente na <a href=\"http:\/\/www.asau.com.br\/\">ASAU, Arquitetura e Urbanismo<\/a>, como chefe de planejamento da empresa. Estagiou anteriormente no programa do <a href=\"https:\/\/www1.mar.mil.br\/prosub\/\">Submarino Nuclear Brasileiro<\/a> (PROSUB) na \u00e1rea de importa\u00e7\u00f5es e log\u00edsticas e trabalhou na prefeitura de Itagua\u00ed como assessor de gabinete, participando de negocia\u00e7\u00f5es com \u00f3rg\u00e3os internacionais no passado como a\u00a0<a href=\"http:\/\/www.afd.fr\/lang\/pt\/home\/pays\/amerique-latine-et-caraibes\/alc\/bresil\">Ag\u00eancia Francesa de Desenvolvimento<\/a> (AFD). Men\u00e7\u00e3o honrosa na <a href=\"http:\/\/www.sionu.com.br\/\">Simula\u00e7\u00e3o das Na\u00e7\u00f5es Unidas<\/a> (SIONU) de 2011, foi diretor da mesma simula\u00e7\u00e3o de 2012 a 2015, assim como em outras simula\u00e7\u00f5es no Rio de Janeiro. Participou do <a href=\"http:\/\/www.ccopab.eb.mil.br\/pt\/\">CCOPAB<\/a> para a miss\u00e3o de paz da ONU no Haiti.<\/p>\n<p><strong><a href=\"http:\/\/globalattitude.org.br\/wp-content\/uploads\/2023\/03\/jessica.jpg\" rel=\"attachment wp-att-2715\"><img loading=\"lazy\" decoding=\"async\" class=\"alignleft wp-image-2715\" src=\"http:\/\/globalattitude.org.br\/wp-content\/uploads\/2023\/03\/jessica.jpg\" alt=\"jessica\" width=\"200\" height=\"200\" \/><\/a>J\u00e9ssica Amaral Ungaretti Lopes<\/strong> \u00e9 administradora formada pela ESPM-Sul e com parte da forma\u00e7\u00e3o feita na <a href=\"https:\/\/www.u-cergy.fr\/fr\/index.html\">Universit\u00e8 Cergy Pontoise<\/a>, na Fran\u00e7a. Atualmente faz dois cursos de p\u00f3s-gradua\u00e7\u00e3o: Finan\u00e7as e Controladoria, pela Universidade Federal do Rio Grande do Sul (UFRGS). Sua pesquisa est\u00e1 concentrada nas \u00e1reas de Gest\u00e3o, Finan\u00e7as e\u00a0Economia. Atuou como Presidente da <a href=\"http:\/\/fejers.org.br\/\">Federa\u00e7\u00e3o de Empresas Juniores do Rio Grande do Sul<\/a> (FEJERS) e atualmente \u00e9 S\u00f3cia-Diretora da <a href=\"http:\/\/www.4cinco.com\/\">4CINCO<\/a>, empresa que tem a gest\u00e3o como causa e potencializa as empresas atrav\u00e9s de tr\u00eas unidades de neg\u00f3cio: consultoria, escola e capital.<\/p>\n<p><strong><a href=\"http:\/\/globalattitude.org.br\/wp-content\/uploads\/2023\/03\/juliana-padilha.jpg\" rel=\"attachment wp-att-2716\"><img loading=\"lazy\" decoding=\"async\" class=\"alignleft wp-image-2716\" src=\"http:\/\/globalattitude.org.br\/wp-content\/uploads\/2023\/03\/juliana-padilha.jpg\" alt=\"juliana-padilha\" width=\"200\" height=\"200\" \/><\/a>Juliana Padilha da Silva<\/strong> \u00e9 graduanda de Direito pela Universidade Federal Fluminense (UFF), no Rio de Janeiro. Foi monitora de Economia Pol\u00edtica, desenvolvendo pesquisas para o blog da disciplina e tratando dos acontecimentos em destaque no cen\u00e1rio pol\u00edtico-internacional. J\u00e1 trabalhou como volunt\u00e1ria na ONG <a href=\"http:\/\/aiesec.org.br\/\">AIESEC<\/a> e cursou um per\u00edodo de interc\u00e2mbio na <a href=\"https:\/\/www.uminho.pt\/PT\">Universidade do Minho<\/a>, em Portugal, atendendo disciplinas como Direito Comparado, Ingl\u00eas Jur\u00eddico e Lideran\u00e7a Pol\u00edtica. Atualmente \u00e9 monitora da mat\u00e9ria de Direitos Humanos, buscando se aprofundar no estudo da \u00e1rea de Direito Internacional Humanit\u00e1rio.<\/p>\n<p><strong><a href=\"http:\/\/globalattitude.org.br\/wp-content\/uploads\/2023\/03\/Foto-Leticia.jpg\" rel=\"attachment wp-att-2711\"><img loading=\"lazy\" decoding=\"async\" class=\"alignleft wp-image-2711\" src=\"http:\/\/globalattitude.org.br\/wp-content\/uploads\/2023\/03\/Foto-Leticia.jpg\" alt=\"foto-leticia\" width=\"200\" height=\"200\" \/><\/a>Let\u00edcia Fucuchima Augusto<\/strong> \u00e9 graduada em Jornalismo pela Escola de Comunica\u00e7\u00f5es e Artes da USP. Trabalha h\u00e1 mais de cinco anos como jornalista na <a href=\"http:\/\/www.tendencias.com.br\/\">Tend\u00eancias Consultoria Integrada<\/a>, uma das maiores consultorias econ\u00f4micas do Brasil e refer\u00eancia em assuntos econ\u00f4micos, financeiros e pol\u00edticos. Tamb\u00e9m possui experi\u00eancia na \u00e1rea cultural, tendo trabalhado como redatora da <a href=\"http:\/\/www.zupi.com.br\/revista-de-arte-e-criatividade-zupi\/\">revista Zupi<\/a>, e com jornalismo de dados, tendo colaborado na elabora\u00e7\u00e3o de relat\u00f3rio da <a href=\"https:\/\/www.transparency.org\/\">Transparency International<\/a> sobre corrup\u00e7\u00e3o no Brasil.<\/p>\n<p>&nbsp;<\/p>\n<p><strong><a href=\"http:\/\/globalattitude.org.br\/wp-content\/uploads\/2023\/03\/matheus.jpg\" rel=\"attachment wp-att-2717\"><img loading=\"lazy\" decoding=\"async\" class=\"alignleft wp-image-2717\" src=\"http:\/\/globalattitude.org.br\/wp-content\/uploads\/2023\/03\/matheus.jpg\" alt=\"matheus\" width=\"200\" height=\"200\" \/><\/a>Matheus Justiniano Prates dos Santos <\/strong>\u00e9 bacharelando em Rela\u00e7\u00f5es Internacionais pela Universidade de S\u00e3o Paulo (USP). Atualmente \u00e9 analista do banco de investimentos <a href=\"https:\/\/www.jpmorganchase.com\/\">JP Morgan Chase &amp; Co.<\/a>, onde trabalha no time de auditoria interna para a \u00e1rea de Corporate &amp; Investment Banking na Am\u00e9rica Latina. Foi membro da diretoria de marketing da Empresa J\u00fanior do bacharelado (<a href=\"http:\/\/riuspjr.com.br\/\">RI USP Jr<\/a>).\u00a0Possui forte interesse nas \u00e1reas de governan\u00e7a e regulamenta\u00e7\u00e3o financeira, tendo participado de projeto acad\u00eamico sobre a experi\u00eancia de liberaliza\u00e7\u00e3o de pa\u00edses latinoamericanos nos anos noventa e foi assistente de pesquisa em projeto do <a href=\"http:\/\/www.globaleconomicgovernance.org\/\">Global Governance Programme<\/a> (das Universidades de Oxford e Princeton) sobre coopera\u00e7\u00e3o bilateral entre bancos centrais de pa\u00edses emergentes no per\u00edodo p\u00f3s-crise de 2008.<\/p>\n<p><strong><a href=\"http:\/\/globalattitude.org.br\/wp-content\/uploads\/2023\/03\/valentina.jpg\" rel=\"attachment wp-att-2718\"><img loading=\"lazy\" decoding=\"async\" class=\"alignleft wp-image-2718\" src=\"http:\/\/globalattitude.org.br\/wp-content\/uploads\/2023\/03\/valentina.jpg\" alt=\"valentina\" width=\"200\" height=\"200\" \/><\/a><\/strong><strong>Valentina Onzi Siliprandi<\/strong> \u00e9 graduanda em Rela\u00e7\u00f5es Internacionais pela Escola Superior de Propanganda e Marketing do Rio Grande do Sul (ESPM &#8211; SUL) e atualmente estagia no <a href=\"http:\/\/www.grupodimed.com.br\/\">Grupo Dimed<\/a> no setor de Marketing CRM, \u00e1rea de relacionamento com o cliente da rede de Farm\u00e1cias Panvel atrav\u00e9s do Programa de Fidelidade. Atua como volunt\u00e1ria de uma ONG baseada em Porto Alegre que recolhe e trata animais abandonados. Tem como linha de pesquisa para o Trabalho de Conclus\u00e3o de Curso a pol\u00edtica externa dos\u00a0pa\u00edses membros do BRICS, com foco principal na \u00c1frica do Sul.<\/p>\n<p>&nbsp;<\/p>\n<p>Aos que n\u00e3o foram aprovados, sem des\u00e2nimo! O fim do semestre ainda promete muitas novidades do Diplomacia Civil. <a href=\"https:\/\/www.facebook.com\/global.attitude.org\/app\/558781764146601\/?ref=page_internal\">Assine nosso newsletter<\/a> e acompanhe nossas <a href=\"https:\/\/www.facebook.com\/global.attitude.org\/\">redes sociais<\/a> para n\u00e3o deixar passar nenhum prazo de inscri\u00e7\u00e3o.<\/p>\n","protected":false},"excerpt":{"rendered":"<p>Ap\u00f3s 125 inscri\u00e7\u00f5es de todas as regi\u00f5es do Brasil, o Instituto Global Attitude anuncia por fim a delega\u00e7\u00e3o que ir\u00e1 participar do Annual Meetings 2016, em Washington,\u00a0 Estados Unidos. O evento, que ser\u00e1 realizado de 3 a 10 de outubro, acontece anualmente e conta com a presen\u00e7a do presidente do Banco Mundial, Jim Yong Kim, [&hellip;]<\/p>\n","protected":false},"author":1,"featured_media":1394,"comment_status":"open","ping_status":"open","sticky":false,"template":"","format":"standard","meta":{"_acf_changed":false,"om_disable_all_campaigns":false,"_monsterinsights_skip_tracking":false,"_uf_show_specific_survey":0,"_uf_disable_surveys":false,"footnotes":""},"categories":[22,34],"tags":[],"class_list":["post-1393","post","type-post","status-publish","format-standard","hentry","category-programas","category-ultimas"],"acf":[],"aioseo_notices":[],"aioseo_head":"\n\t\t<!-- All in One SEO 5.0.1.1 - aioseo.com -->\n\t<meta name=\"description\" content=\"Ap\u00f3s 125 inscri\u00e7\u00f5es de todas as regi\u00f5es do Brasil, o Instituto Global Attitude anuncia por fim a delega\u00e7\u00e3o que ir\u00e1 participar do Annual Meetings 2016, em Washington, Estados Unidos. O evento, que ser\u00e1 realizado de 3 a 10 de outubro, acontece anualmente e conta com a presen\u00e7a do presidente do Banco Mundial, Jim Yong Kim,\" \/>\n\t<meta name=\"robots\" content=\"max-image-preview:large\" \/>\n\t<meta name=\"author\" content=\"123esite\"\/>\n\t<link rel=\"canonical\" href=\"https:\/\/globalattitude.org.br\/en\/conheca-a-delegacao-do-diplomacia-civil-que-ira-ao-annual-meetings-2016\/\" \/>\n\t<meta name=\"generator\" content=\"All in One SEO (AIOSEO) 5.0.1.1\" \/>\n\t\t<meta property=\"og:locale\" content=\"en_US\" \/>\n\t\t<meta property=\"og:site_name\" content=\"Instituto Global Attitude -\" \/>\n\t\t<meta property=\"og:type\" content=\"article\" \/>\n\t\t<meta property=\"og:title\" content=\"Conhe\u00e7a a delega\u00e7\u00e3o do Diplomacia Civil que ir\u00e1 ao Annual Meetings 2016 - Instituto Global Attitude\" \/>\n\t\t<meta property=\"og:description\" content=\"Ap\u00f3s 125 inscri\u00e7\u00f5es de todas as regi\u00f5es do Brasil, o Instituto Global Attitude anuncia por fim a delega\u00e7\u00e3o que ir\u00e1 participar do Annual Meetings 2016, em Washington, Estados Unidos. O evento, que ser\u00e1 realizado de 3 a 10 de outubro, acontece anualmente e conta com a presen\u00e7a do presidente do Banco Mundial, Jim Yong Kim,\" \/>\n\t\t<meta property=\"og:url\" content=\"https:\/\/globalattitude.org.br\/en\/conheca-a-delegacao-do-diplomacia-civil-que-ira-ao-annual-meetings-2016\/\" \/>\n\t\t<meta property=\"article:published_time\" content=\"2016-09-28T17:30:33+00:00\" \/>\n\t\t<meta property=\"article:modified_time\" content=\"2023-03-10T13:11:05+00:00\" \/>\n\t\t<meta name=\"twitter:card\" content=\"summary_large_image\" \/>\n\t\t<meta name=\"twitter:title\" content=\"Conhe\u00e7a a delega\u00e7\u00e3o do Diplomacia Civil que ir\u00e1 ao Annual Meetings 2016 - Instituto Global Attitude\" \/>\n\t\t<meta name=\"twitter:description\" content=\"Ap\u00f3s 125 inscri\u00e7\u00f5es de todas as regi\u00f5es do Brasil, o Instituto Global Attitude anuncia por fim a delega\u00e7\u00e3o que ir\u00e1 participar do Annual Meetings 2016, em Washington, Estados Unidos. O evento, que ser\u00e1 realizado de 3 a 10 de outubro, acontece anualmente e conta com a presen\u00e7a do presidente do Banco Mundial, Jim Yong Kim,\" \/>\n\t\t<script type=\"application\/ld+json\" class=\"aioseo-schema\">\n\t\t\t{\"@context\":\"https:\\\/\\\/schema.org\",\"@graph\":[{\"@type\":\"BlogPosting\",\"@id\":\"https:\\\/\\\/globalattitude.org.br\\\/en\\\/conheca-a-delegacao-do-diplomacia-civil-que-ira-ao-annual-meetings-2016\\\/#blogposting\",\"name\":\"Conhe\\u00e7a a delega\\u00e7\\u00e3o do Diplomacia Civil que ir\\u00e1 ao Annual Meetings 2016 - Instituto Global Attitude\",\"headline\":\"Conhe\\u00e7a a delega\\u00e7\\u00e3o do Diplomacia Civil que ir\\u00e1 ao Annual Meetings 2016\",\"author\":{\"@id\":\"https:\\\/\\\/globalattitude.org.br\\\/en\\\/author\\\/123esite\\\/#author\"},\"publisher\":{\"@id\":\"https:\\\/\\\/globalattitude.org.br\\\/en\\\/#organization\"},\"image\":{\"@type\":\"ImageObject\",\"url\":\"https:\\\/\\\/globalattitude.org.br\\\/wp-content\\\/uploads\\\/2023\\\/03\\\/gabriel.jpg\",\"width\":300,\"height\":300},\"datePublished\":\"2016-09-28T14:30:33-03:00\",\"dateModified\":\"2023-03-10T10:11:05-03:00\",\"inLanguage\":\"en-US\",\"mainEntityOfPage\":{\"@id\":\"https:\\\/\\\/globalattitude.org.br\\\/en\\\/conheca-a-delegacao-do-diplomacia-civil-que-ira-ao-annual-meetings-2016\\\/#webpage\"},\"isPartOf\":{\"@id\":\"https:\\\/\\\/globalattitude.org.br\\\/en\\\/conheca-a-delegacao-do-diplomacia-civil-que-ira-ao-annual-meetings-2016\\\/#webpage\"},\"articleSection\":\"Programas, \\u00daltimas\"},{\"@type\":\"BreadcrumbList\",\"@id\":\"https:\\\/\\\/globalattitude.org.br\\\/en\\\/conheca-a-delegacao-do-diplomacia-civil-que-ira-ao-annual-meetings-2016\\\/#breadcrumblist\",\"itemListElement\":[{\"@type\":\"ListItem\",\"@id\":\"https:\\\/\\\/globalattitude.org.br\\\/en\\\/#listItem\",\"position\":1,\"name\":\"Home\",\"item\":\"https:\\\/\\\/globalattitude.org.br\\\/en\\\/\",\"nextItem\":{\"@type\":\"ListItem\",\"@id\":\"https:\\\/\\\/globalattitude.org.br\\\/category\\\/programas\\\/#listItem\",\"name\":\"Programas\"}},{\"@type\":\"ListItem\",\"@id\":\"https:\\\/\\\/globalattitude.org.br\\\/category\\\/programas\\\/#listItem\",\"position\":2,\"name\":\"Programas\",\"item\":\"https:\\\/\\\/globalattitude.org.br\\\/category\\\/programas\\\/\",\"nextItem\":{\"@type\":\"ListItem\",\"@id\":\"https:\\\/\\\/globalattitude.org.br\\\/en\\\/conheca-a-delegacao-do-diplomacia-civil-que-ira-ao-annual-meetings-2016\\\/#listItem\",\"name\":\"Conhe\\u00e7a a delega\\u00e7\\u00e3o do Diplomacia Civil que ir\\u00e1 ao Annual Meetings 2016\"},\"previousItem\":{\"@type\":\"ListItem\",\"@id\":\"https:\\\/\\\/globalattitude.org.br\\\/en\\\/#listItem\",\"name\":\"Home\"}},{\"@type\":\"ListItem\",\"@id\":\"https:\\\/\\\/globalattitude.org.br\\\/en\\\/conheca-a-delegacao-do-diplomacia-civil-que-ira-ao-annual-meetings-2016\\\/#listItem\",\"position\":3,\"name\":\"Conhe\\u00e7a a delega\\u00e7\\u00e3o do Diplomacia Civil que ir\\u00e1 ao Annual Meetings 2016\",\"previousItem\":{\"@type\":\"ListItem\",\"@id\":\"https:\\\/\\\/globalattitude.org.br\\\/category\\\/programas\\\/#listItem\",\"name\":\"Programas\"}}]},{\"@type\":\"Organization\",\"@id\":\"https:\\\/\\\/globalattitude.org.br\\\/en\\\/#organization\",\"name\":\"Global Attitude\",\"url\":\"https:\\\/\\\/globalattitude.org.br\\\/en\\\/\"},{\"@type\":\"Person\",\"@id\":\"https:\\\/\\\/globalattitude.org.br\\\/en\\\/author\\\/123esite\\\/#author\",\"url\":\"https:\\\/\\\/globalattitude.org.br\\\/en\\\/author\\\/123esite\\\/\",\"name\":\"123esite\",\"image\":{\"@type\":\"ImageObject\",\"@id\":\"https:\\\/\\\/globalattitude.org.br\\\/en\\\/conheca-a-delegacao-do-diplomacia-civil-que-ira-ao-annual-meetings-2016\\\/#authorImage\",\"url\":\"https:\\\/\\\/secure.gravatar.com\\\/avatar\\\/07bd71fac19f42004f2b73567f012e126689afdb23cb0017536dea9113ba1806?s=96&d=mm&r=g\",\"width\":96,\"height\":96,\"caption\":\"123esite\"}},{\"@type\":\"WebPage\",\"@id\":\"https:\\\/\\\/globalattitude.org.br\\\/en\\\/conheca-a-delegacao-do-diplomacia-civil-que-ira-ao-annual-meetings-2016\\\/#webpage\",\"url\":\"https:\\\/\\\/globalattitude.org.br\\\/en\\\/conheca-a-delegacao-do-diplomacia-civil-que-ira-ao-annual-meetings-2016\\\/\",\"name\":\"Conhe\\u00e7a a delega\\u00e7\\u00e3o do Diplomacia Civil que ir\\u00e1 ao Annual Meetings 2016 - Instituto Global Attitude\",\"description\":\"Ap\\u00f3s 125 inscri\\u00e7\\u00f5es de todas as regi\\u00f5es do Brasil, o Instituto Global Attitude anuncia por fim a delega\\u00e7\\u00e3o que ir\\u00e1 participar do Annual Meetings 2016, em Washington, Estados Unidos. O evento, que ser\\u00e1 realizado de 3 a 10 de outubro, acontece anualmente e conta com a presen\\u00e7a do presidente do Banco Mundial, Jim Yong Kim,\",\"inLanguage\":\"en-US\",\"isPartOf\":{\"@id\":\"https:\\\/\\\/globalattitude.org.br\\\/en\\\/#website\"},\"breadcrumb\":{\"@id\":\"https:\\\/\\\/globalattitude.org.br\\\/en\\\/conheca-a-delegacao-do-diplomacia-civil-que-ira-ao-annual-meetings-2016\\\/#breadcrumblist\"},\"author\":{\"@id\":\"https:\\\/\\\/globalattitude.org.br\\\/en\\\/author\\\/123esite\\\/#author\"},\"creator\":{\"@id\":\"https:\\\/\\\/globalattitude.org.br\\\/en\\\/author\\\/123esite\\\/#author\"},\"image\":{\"@type\":\"ImageObject\",\"url\":\"https:\\\/\\\/globalattitude.org.br\\\/wp-content\\\/uploads\\\/2023\\\/03\\\/gabriel.jpg\",\"@id\":\"https:\\\/\\\/globalattitude.org.br\\\/en\\\/conheca-a-delegacao-do-diplomacia-civil-que-ira-ao-annual-meetings-2016\\\/#mainImage\",\"width\":300,\"height\":300},\"primaryImageOfPage\":{\"@id\":\"https:\\\/\\\/globalattitude.org.br\\\/en\\\/conheca-a-delegacao-do-diplomacia-civil-que-ira-ao-annual-meetings-2016\\\/#mainImage\"},\"datePublished\":\"2016-09-28T14:30:33-03:00\",\"dateModified\":\"2023-03-10T10:11:05-03:00\"},{\"@type\":\"WebSite\",\"@id\":\"https:\\\/\\\/globalattitude.org.br\\\/en\\\/#website\",\"url\":\"https:\\\/\\\/globalattitude.org.br\\\/en\\\/\",\"name\":\"Global Attitude\",\"inLanguage\":\"en-US\",\"publisher\":{\"@id\":\"https:\\\/\\\/globalattitude.org.br\\\/en\\\/#organization\"}}]}\n\t\t<\/script>\n\t\t<!-- All in One SEO -->\n\n","aioseo_head_json":{"title":"Conhe\u00e7a a delega\u00e7\u00e3o do Diplomacia Civil que ir\u00e1 ao Annual Meetings 2016 - Instituto Global Attitude","description":"Ap\u00f3s 125 inscri\u00e7\u00f5es de todas as regi\u00f5es do Brasil, o Instituto Global Attitude anuncia por fim a delega\u00e7\u00e3o que ir\u00e1 participar do Annual Meetings 2016, em Washington, Estados Unidos. O evento, que ser\u00e1 realizado de 3 a 10 de outubro, acontece anualmente e conta com a presen\u00e7a do presidente do Banco Mundial, Jim Yong Kim,","canonical_url":"https:\/\/globalattitude.org.br\/en\/conheca-a-delegacao-do-diplomacia-civil-que-ira-ao-annual-meetings-2016\/","robots":"max-image-preview:large","keywords":"","webmasterTools":{"miscellaneous":""},"schema":{"@context":"https:\/\/schema.org","@graph":[{"@type":"BlogPosting","@id":"https:\/\/globalattitude.org.br\/en\/conheca-a-delegacao-do-diplomacia-civil-que-ira-ao-annual-meetings-2016\/#blogposting","name":"Conhe\u00e7a a delega\u00e7\u00e3o do Diplomacia Civil que ir\u00e1 ao Annual Meetings 2016 - Instituto Global Attitude","headline":"Conhe\u00e7a a delega\u00e7\u00e3o do Diplomacia Civil que ir\u00e1 ao Annual Meetings 2016","author":{"@id":"https:\/\/globalattitude.org.br\/en\/author\/123esite\/#author"},"publisher":{"@id":"https:\/\/globalattitude.org.br\/en\/#organization"},"image":{"@type":"ImageObject","url":"https:\/\/globalattitude.org.br\/wp-content\/uploads\/2023\/03\/gabriel.jpg","width":300,"height":300},"datePublished":"2016-09-28T14:30:33-03:00","dateModified":"2023-03-10T10:11:05-03:00","inLanguage":"en-US","mainEntityOfPage":{"@id":"https:\/\/globalattitude.org.br\/en\/conheca-a-delegacao-do-diplomacia-civil-que-ira-ao-annual-meetings-2016\/#webpage"},"isPartOf":{"@id":"https:\/\/globalattitude.org.br\/en\/conheca-a-delegacao-do-diplomacia-civil-que-ira-ao-annual-meetings-2016\/#webpage"},"articleSection":"Programas, \u00daltimas"},{"@type":"BreadcrumbList","@id":"https:\/\/globalattitude.org.br\/en\/conheca-a-delegacao-do-diplomacia-civil-que-ira-ao-annual-meetings-2016\/#breadcrumblist","itemListElement":[{"@type":"ListItem","@id":"https:\/\/globalattitude.org.br\/en\/#listItem","position":1,"name":"Home","item":"https:\/\/globalattitude.org.br\/en\/","nextItem":{"@type":"ListItem","@id":"https:\/\/globalattitude.org.br\/category\/programas\/#listItem","name":"Programas"}},{"@type":"ListItem","@id":"https:\/\/globalattitude.org.br\/category\/programas\/#listItem","position":2,"name":"Programas","item":"https:\/\/globalattitude.org.br\/category\/programas\/","nextItem":{"@type":"ListItem","@id":"https:\/\/globalattitude.org.br\/en\/conheca-a-delegacao-do-diplomacia-civil-que-ira-ao-annual-meetings-2016\/#listItem","name":"Conhe\u00e7a a delega\u00e7\u00e3o do Diplomacia Civil que ir\u00e1 ao Annual Meetings 2016"},"previousItem":{"@type":"ListItem","@id":"https:\/\/globalattitude.org.br\/en\/#listItem","name":"Home"}},{"@type":"ListItem","@id":"https:\/\/globalattitude.org.br\/en\/conheca-a-delegacao-do-diplomacia-civil-que-ira-ao-annual-meetings-2016\/#listItem","position":3,"name":"Conhe\u00e7a a delega\u00e7\u00e3o do Diplomacia Civil que ir\u00e1 ao Annual Meetings 2016","previousItem":{"@type":"ListItem","@id":"https:\/\/globalattitude.org.br\/category\/programas\/#listItem","name":"Programas"}}]},{"@type":"Organization","@id":"https:\/\/globalattitude.org.br\/en\/#organization","name":"Global Attitude","url":"https:\/\/globalattitude.org.br\/en\/"},{"@type":"Person","@id":"https:\/\/globalattitude.org.br\/en\/author\/123esite\/#author","url":"https:\/\/globalattitude.org.br\/en\/author\/123esite\/","name":"123esite","image":{"@type":"ImageObject","@id":"https:\/\/globalattitude.org.br\/en\/conheca-a-delegacao-do-diplomacia-civil-que-ira-ao-annual-meetings-2016\/#authorImage","url":"https:\/\/secure.gravatar.com\/avatar\/07bd71fac19f42004f2b73567f012e126689afdb23cb0017536dea9113ba1806?s=96&d=mm&r=g","width":96,"height":96,"caption":"123esite"}},{"@type":"WebPage","@id":"https:\/\/globalattitude.org.br\/en\/conheca-a-delegacao-do-diplomacia-civil-que-ira-ao-annual-meetings-2016\/#webpage","url":"https:\/\/globalattitude.org.br\/en\/conheca-a-delegacao-do-diplomacia-civil-que-ira-ao-annual-meetings-2016\/","name":"Conhe\u00e7a a delega\u00e7\u00e3o do Diplomacia Civil que ir\u00e1 ao Annual Meetings 2016 - Instituto Global Attitude","description":"Ap\u00f3s 125 inscri\u00e7\u00f5es de todas as regi\u00f5es do Brasil, o Instituto Global Attitude anuncia por fim a delega\u00e7\u00e3o que ir\u00e1 participar do Annual Meetings 2016, em Washington, Estados Unidos. O evento, que ser\u00e1 realizado de 3 a 10 de outubro, acontece anualmente e conta com a presen\u00e7a do presidente do Banco Mundial, Jim Yong Kim,","inLanguage":"en-US","isPartOf":{"@id":"https:\/\/globalattitude.org.br\/en\/#website"},"breadcrumb":{"@id":"https:\/\/globalattitude.org.br\/en\/conheca-a-delegacao-do-diplomacia-civil-que-ira-ao-annual-meetings-2016\/#breadcrumblist"},"author":{"@id":"https:\/\/globalattitude.org.br\/en\/author\/123esite\/#author"},"creator":{"@id":"https:\/\/globalattitude.org.br\/en\/author\/123esite\/#author"},"image":{"@type":"ImageObject","url":"https:\/\/globalattitude.org.br\/wp-content\/uploads\/2023\/03\/gabriel.jpg","@id":"https:\/\/globalattitude.org.br\/en\/conheca-a-delegacao-do-diplomacia-civil-que-ira-ao-annual-meetings-2016\/#mainImage","width":300,"height":300},"primaryImageOfPage":{"@id":"https:\/\/globalattitude.org.br\/en\/conheca-a-delegacao-do-diplomacia-civil-que-ira-ao-annual-meetings-2016\/#mainImage"},"datePublished":"2016-09-28T14:30:33-03:00","dateModified":"2023-03-10T10:11:05-03:00"},{"@type":"WebSite","@id":"https:\/\/globalattitude.org.br\/en\/#website","url":"https:\/\/globalattitude.org.br\/en\/","name":"Global Attitude","inLanguage":"en-US","publisher":{"@id":"https:\/\/globalattitude.org.br\/en\/#organization"}}]},"og:locale":"en_US","og:site_name":"Instituto Global Attitude -","og:type":"article","og:title":"Conhe\u00e7a a delega\u00e7\u00e3o do Diplomacia Civil que ir\u00e1 ao Annual Meetings 2016 - Instituto Global Attitude","og:description":"Ap\u00f3s 125 inscri\u00e7\u00f5es de todas as regi\u00f5es do Brasil, o Instituto Global Attitude anuncia por fim a delega\u00e7\u00e3o que ir\u00e1 participar do Annual Meetings 2016, em Washington, Estados Unidos. O evento, que ser\u00e1 realizado de 3 a 10 de outubro, acontece anualmente e conta com a presen\u00e7a do presidente do Banco Mundial, Jim Yong Kim,","og:url":"https:\/\/globalattitude.org.br\/en\/conheca-a-delegacao-do-diplomacia-civil-que-ira-ao-annual-meetings-2016\/","article:published_time":"2016-09-28T17:30:33+00:00","article:modified_time":"2023-03-10T13:11:05+00:00","twitter:card":"summary_large_image","twitter:title":"Conhe\u00e7a a delega\u00e7\u00e3o do Diplomacia Civil que ir\u00e1 ao Annual Meetings 2016 - Instituto Global Attitude","twitter:description":"Ap\u00f3s 125 inscri\u00e7\u00f5es de todas as regi\u00f5es do Brasil, o Instituto Global Attitude anuncia por fim a delega\u00e7\u00e3o que ir\u00e1 participar do Annual Meetings 2016, em Washington, Estados Unidos. O evento, que ser\u00e1 realizado de 3 a 10 de outubro, acontece anualmente e conta com a presen\u00e7a do presidente do Banco Mundial, Jim Yong Kim,"},"aioseo_meta_data":{"post_id":"1393","title":null,"description":null,"keywords":null,"keyphrases":null,"primary_term":null,"canonical_url":null,"og_title":null,"og_description":null,"og_object_type":"default","og_image_type":"default","og_image_url":null,"og_image_width":null,"og_image_height":null,"og_image_custom_url":null,"og_image_custom_fields":null,"og_video":null,"og_custom_url":null,"og_article_section":null,"og_article_tags":null,"twitter_use_og":false,"twitter_card":"default","twitter_image_type":"default","twitter_image_url":null,"twitter_image_custom_url":null,"twitter_image_custom_fields":null,"twitter_title":null,"twitter_description":null,"schema":{"blockGraphs":[],"customGraphs":[],"default":{"data":{"Article":[],"Course":[],"Dataset":[],"FAQPage":[],"Movie":[],"Person":[],"Product":[],"ProductReview":[],"Car":[],"Recipe":[],"Service":[],"SoftwareApplication":[],"WebPage":[]},"graphName":"","isEnabled":true},"graphs":[]},"schema_type":"default","schema_type_options":null,"pillar_content":false,"robots_default":true,"robots_noindex":false,"robots_noarchive":false,"robots_nosnippet":false,"robots_nofollow":false,"robots_noimageindex":false,"robots_noodp":false,"robots_notranslate":false,"robots_max_snippet":null,"robots_max_videopreview":null,"robots_max_imagepreview":"large","priority":null,"frequency":null,"local_seo":null,"breadcrumb_settings":null,"limit_modified_date":false,"ai":null,"created":"2024-04-18 13:46:22","updated":"2025-06-05 02:07:39","seo_analyzer_scan_date":null,"focus_keyword":null,"additional_keywords":null,"truseo_locale":null},"aioseo_breadcrumb":"<div class=\"aioseo-breadcrumbs\"><span class=\"aioseo-breadcrumb\">\n\t\t\t<a href=\"https:\/\/globalattitude.org.br\/en\/\" title=\"Home\">Home<\/a>\n\t\t<\/span><span class=\"aioseo-breadcrumb-separator\">&raquo;<\/span><span class=\"aioseo-breadcrumb\">\n\t\t\t<a href=\"https:\/\/globalattitude.org.br\/category\/programas\/\" title=\"Programas\">Programas<\/a>\n\t\t<\/span><span class=\"aioseo-breadcrumb-separator\">&raquo;<\/span><span class=\"aioseo-breadcrumb\">\n\t\t\tConhe\u00e7a a delega\u00e7\u00e3o do Diplomacia Civil que ir\u00e1 ao Annual Meetings 2016\n\t\t<\/span><\/div>","aioseo_breadcrumb_json":[{"label":"Home","link":"https:\/\/globalattitude.org.br\/en\/"},{"label":"Programas","link":"https:\/\/globalattitude.org.br\/category\/programas\/"},{"label":"Conhe\u00e7a a delega\u00e7\u00e3o do Diplomacia Civil que ir\u00e1 ao Annual Meetings 2016","link":"https:\/\/globalattitude.org.br\/en\/conheca-a-delegacao-do-diplomacia-civil-que-ira-ao-annual-meetings-2016\/"}],"yoast_head":"<!-- This site is optimized with the Yoast SEO plugin v28.4 - https:\/\/yoast.com\/product\/yoast-seo-wordpress\/ -->\n<title>Conhe\u00e7a a delega\u00e7\u00e3o do Diplomacia Civil que ir\u00e1 ao Annual Meetings 2016 - Instituto Global Attitude<\/title>\n<meta name=\"robots\" content=\"index, follow, max-snippet:-1, max-image-preview:large, max-video-preview:-1\" \/>\n<link rel=\"canonical\" href=\"http:\/\/globalattitude.org.br\/en\/conheca-a-delegacao-do-diplomacia-civil-que-ira-ao-annual-meetings-2016\/\" \/>\n<meta property=\"og:locale\" content=\"en_US\" \/>\n<meta property=\"og:type\" content=\"article\" \/>\n<meta property=\"og:title\" content=\"Conhe\u00e7a a delega\u00e7\u00e3o do Diplomacia Civil que ir\u00e1 ao Annual Meetings 2016 - Instituto Global Attitude\" \/>\n<meta property=\"og:description\" content=\"Ap\u00f3s 125 inscri\u00e7\u00f5es de todas as regi\u00f5es do Brasil, o Instituto Global Attitude anuncia por fim a delega\u00e7\u00e3o que ir\u00e1 participar do Annual Meetings 2016, em Washington,\u00a0 Estados Unidos. O evento, que ser\u00e1 realizado de 3 a 10 de outubro, acontece anualmente e conta com a presen\u00e7a do presidente do Banco Mundial, Jim Yong Kim, [&hellip;]\" \/>\n<meta property=\"og:url\" content=\"http:\/\/globalattitude.org.br\/en\/conheca-a-delegacao-do-diplomacia-civil-que-ira-ao-annual-meetings-2016\/\" \/>\n<meta property=\"og:site_name\" content=\"Instituto Global Attitude\" \/>\n<meta property=\"article:publisher\" content=\"https:\/\/www.facebook.com\/global.attitude.org\/\" \/>\n<meta property=\"article:published_time\" content=\"2016-09-28T17:30:33+00:00\" \/>\n<meta property=\"article:modified_time\" content=\"2023-03-10T13:11:05+00:00\" \/>\n<meta property=\"og:image\" content=\"http:\/\/globalattitude.org.br\/wp-content\/uploads\/2023\/03\/gabriel.jpg\" \/>\n\t<meta property=\"og:image:width\" content=\"300\" \/>\n\t<meta property=\"og:image:height\" content=\"300\" \/>\n\t<meta property=\"og:image:type\" content=\"image\/jpeg\" \/>\n<meta name=\"author\" content=\"123esite\" \/>\n<meta name=\"twitter:card\" content=\"summary_large_image\" \/>\n<meta name=\"twitter:creator\" content=\"@global_attitude\" \/>\n<meta name=\"twitter:site\" content=\"@global_attitude\" \/>\n<meta name=\"twitter:label1\" content=\"Written by\" \/>\n\t<meta name=\"twitter:data1\" content=\"123esite\" \/>\n\t<meta name=\"twitter:label2\" content=\"Est. reading time\" \/>\n\t<meta name=\"twitter:data2\" content=\"5 minutes\" \/>\n<script type=\"application\/ld+json\" class=\"yoast-schema-graph\">{\"@context\":\"https:\\\/\\\/schema.org\",\"@graph\":[{\"@type\":[\"Article\",\"BlogPosting\"],\"@id\":\"http:\\\/\\\/globalattitude.org.br\\\/en\\\/conheca-a-delegacao-do-diplomacia-civil-que-ira-ao-annual-meetings-2016\\\/#article\",\"isPartOf\":{\"@id\":\"http:\\\/\\\/globalattitude.org.br\\\/en\\\/conheca-a-delegacao-do-diplomacia-civil-que-ira-ao-annual-meetings-2016\\\/\"},\"author\":{\"name\":\"123esite\",\"@id\":\"https:\\\/\\\/globalattitude.org.br\\\/#\\\/schema\\\/person\\\/6d308f9d9d1eebad0278ad9386f13169\"},\"headline\":\"Conhe\u00e7a a delega\u00e7\u00e3o do Diplomacia Civil que ir\u00e1 ao Annual Meetings 2016\",\"datePublished\":\"2016-09-28T17:30:33+00:00\",\"dateModified\":\"2023-03-10T13:11:05+00:00\",\"mainEntityOfPage\":{\"@id\":\"http:\\\/\\\/globalattitude.org.br\\\/en\\\/conheca-a-delegacao-do-diplomacia-civil-que-ira-ao-annual-meetings-2016\\\/\"},\"wordCount\":1102,\"commentCount\":0,\"publisher\":{\"@id\":\"https:\\\/\\\/globalattitude.org.br\\\/#organization\"},\"image\":{\"@id\":\"http:\\\/\\\/globalattitude.org.br\\\/en\\\/conheca-a-delegacao-do-diplomacia-civil-que-ira-ao-annual-meetings-2016\\\/#primaryimage\"},\"thumbnailUrl\":\"https:\\\/\\\/globalattitude.org.br\\\/wp-content\\\/uploads\\\/2023\\\/03\\\/gabriel.jpg\",\"articleSection\":[\"Programas\",\"\u00daltimas\"],\"inLanguage\":\"en-US\",\"potentialAction\":[{\"@type\":\"CommentAction\",\"name\":\"Comment\",\"target\":[\"http:\\\/\\\/globalattitude.org.br\\\/en\\\/conheca-a-delegacao-do-diplomacia-civil-que-ira-ao-annual-meetings-2016\\\/#respond\"]}]},{\"@type\":\"WebPage\",\"@id\":\"http:\\\/\\\/globalattitude.org.br\\\/en\\\/conheca-a-delegacao-do-diplomacia-civil-que-ira-ao-annual-meetings-2016\\\/\",\"url\":\"http:\\\/\\\/globalattitude.org.br\\\/en\\\/conheca-a-delegacao-do-diplomacia-civil-que-ira-ao-annual-meetings-2016\\\/\",\"name\":\"Conhe\u00e7a a delega\u00e7\u00e3o do Diplomacia Civil que ir\u00e1 ao Annual Meetings 2016 - Instituto Global Attitude\",\"isPartOf\":{\"@id\":\"https:\\\/\\\/globalattitude.org.br\\\/#website\"},\"primaryImageOfPage\":{\"@id\":\"http:\\\/\\\/globalattitude.org.br\\\/en\\\/conheca-a-delegacao-do-diplomacia-civil-que-ira-ao-annual-meetings-2016\\\/#primaryimage\"},\"image\":{\"@id\":\"http:\\\/\\\/globalattitude.org.br\\\/en\\\/conheca-a-delegacao-do-diplomacia-civil-que-ira-ao-annual-meetings-2016\\\/#primaryimage\"},\"thumbnailUrl\":\"https:\\\/\\\/globalattitude.org.br\\\/wp-content\\\/uploads\\\/2023\\\/03\\\/gabriel.jpg\",\"datePublished\":\"2016-09-28T17:30:33+00:00\",\"dateModified\":\"2023-03-10T13:11:05+00:00\",\"breadcrumb\":{\"@id\":\"http:\\\/\\\/globalattitude.org.br\\\/en\\\/conheca-a-delegacao-do-diplomacia-civil-que-ira-ao-annual-meetings-2016\\\/#breadcrumb\"},\"inLanguage\":\"en-US\",\"potentialAction\":[{\"@type\":\"ReadAction\",\"target\":[\"http:\\\/\\\/globalattitude.org.br\\\/en\\\/conheca-a-delegacao-do-diplomacia-civil-que-ira-ao-annual-meetings-2016\\\/\"]}]},{\"@type\":\"ImageObject\",\"inLanguage\":\"en-US\",\"@id\":\"http:\\\/\\\/globalattitude.org.br\\\/en\\\/conheca-a-delegacao-do-diplomacia-civil-que-ira-ao-annual-meetings-2016\\\/#primaryimage\",\"url\":\"https:\\\/\\\/globalattitude.org.br\\\/wp-content\\\/uploads\\\/2023\\\/03\\\/gabriel.jpg\",\"contentUrl\":\"https:\\\/\\\/globalattitude.org.br\\\/wp-content\\\/uploads\\\/2023\\\/03\\\/gabriel.jpg\",\"width\":300,\"height\":300},{\"@type\":\"BreadcrumbList\",\"@id\":\"http:\\\/\\\/globalattitude.org.br\\\/en\\\/conheca-a-delegacao-do-diplomacia-civil-que-ira-ao-annual-meetings-2016\\\/#breadcrumb\",\"itemListElement\":[{\"@type\":\"ListItem\",\"position\":1,\"name\":\"In\u00edcio\",\"item\":\"http:\\\/\\\/globalattitude.org.br\\\/en\\\/\"},{\"@type\":\"ListItem\",\"position\":2,\"name\":\"Conhe\u00e7a a delega\u00e7\u00e3o do Diplomacia Civil que ir\u00e1 ao Annual Meetings 2016\"}]},{\"@type\":\"WebSite\",\"@id\":\"https:\\\/\\\/globalattitude.org.br\\\/#website\",\"url\":\"https:\\\/\\\/globalattitude.org.br\\\/\",\"name\":\"Instituto Global Attitude\",\"description\":\"\",\"publisher\":{\"@id\":\"https:\\\/\\\/globalattitude.org.br\\\/#organization\"},\"potentialAction\":[{\"@type\":\"SearchAction\",\"target\":{\"@type\":\"EntryPoint\",\"urlTemplate\":\"https:\\\/\\\/globalattitude.org.br\\\/?s={search_term_string}\"},\"query-input\":{\"@type\":\"PropertyValueSpecification\",\"valueRequired\":true,\"valueName\":\"search_term_string\"}}],\"inLanguage\":\"en-US\"},{\"@type\":\"Organization\",\"@id\":\"https:\\\/\\\/globalattitude.org.br\\\/#organization\",\"name\":\"Instituto Global Attitude\",\"url\":\"https:\\\/\\\/globalattitude.org.br\\\/\",\"logo\":{\"@type\":\"ImageObject\",\"inLanguage\":\"en-US\",\"@id\":\"https:\\\/\\\/globalattitude.org.br\\\/#\\\/schema\\\/logo\\\/image\\\/\",\"url\":\"https:\\\/\\\/globalattitude.org.br\\\/wp-content\\\/uploads\\\/2023\\\/01\\\/instituto-global-attitude-color.png\",\"contentUrl\":\"https:\\\/\\\/globalattitude.org.br\\\/wp-content\\\/uploads\\\/2023\\\/01\\\/instituto-global-attitude-color.png\",\"width\":300,\"height\":131,\"caption\":\"Instituto Global Attitude\"},\"image\":{\"@id\":\"https:\\\/\\\/globalattitude.org.br\\\/#\\\/schema\\\/logo\\\/image\\\/\"},\"sameAs\":[\"https:\\\/\\\/www.facebook.com\\\/global.attitude.org\\\/\",\"https:\\\/\\\/x.com\\\/global_attitude\",\"https:\\\/\\\/www.instagram.com\\\/globalattitude\",\"https:\\\/\\\/www.linkedin.com\\\/company\\\/global-attitude\\\/?viewAsMember=true\"]},{\"@type\":\"Person\",\"@id\":\"https:\\\/\\\/globalattitude.org.br\\\/#\\\/schema\\\/person\\\/6d308f9d9d1eebad0278ad9386f13169\",\"name\":\"123esite\",\"image\":{\"@type\":\"ImageObject\",\"inLanguage\":\"en-US\",\"@id\":\"https:\\\/\\\/secure.gravatar.com\\\/avatar\\\/07bd71fac19f42004f2b73567f012e126689afdb23cb0017536dea9113ba1806?s=96&d=mm&r=g\",\"url\":\"https:\\\/\\\/secure.gravatar.com\\\/avatar\\\/07bd71fac19f42004f2b73567f012e126689afdb23cb0017536dea9113ba1806?s=96&d=mm&r=g\",\"contentUrl\":\"https:\\\/\\\/secure.gravatar.com\\\/avatar\\\/07bd71fac19f42004f2b73567f012e126689afdb23cb0017536dea9113ba1806?s=96&d=mm&r=g\",\"caption\":\"123esite\"},\"sameAs\":[\"http:\\\/\\\/globalattitude.org.br\"],\"url\":\"https:\\\/\\\/globalattitude.org.br\\\/en\\\/author\\\/123esite\\\/\"}]}<\/script>\n<!-- \/ Yoast SEO plugin. -->","yoast_head_json":{"title":"Conhe\u00e7a a delega\u00e7\u00e3o do Diplomacia Civil que ir\u00e1 ao Annual Meetings 2016 - Instituto Global Attitude","robots":{"index":"index","follow":"follow","max-snippet":"max-snippet:-1","max-image-preview":"max-image-preview:large","max-video-preview":"max-video-preview:-1"},"canonical":"http:\/\/globalattitude.org.br\/en\/conheca-a-delegacao-do-diplomacia-civil-que-ira-ao-annual-meetings-2016\/","og_locale":"en_US","og_type":"article","og_title":"Conhe\u00e7a a delega\u00e7\u00e3o do Diplomacia Civil que ir\u00e1 ao Annual Meetings 2016 - Instituto Global Attitude","og_description":"Ap\u00f3s 125 inscri\u00e7\u00f5es de todas as regi\u00f5es do Brasil, o Instituto Global Attitude anuncia por fim a delega\u00e7\u00e3o que ir\u00e1 participar do Annual Meetings 2016, em Washington,\u00a0 Estados Unidos. O evento, que ser\u00e1 realizado de 3 a 10 de outubro, acontece anualmente e conta com a presen\u00e7a do presidente do Banco Mundial, Jim Yong Kim, [&hellip;]","og_url":"http:\/\/globalattitude.org.br\/en\/conheca-a-delegacao-do-diplomacia-civil-que-ira-ao-annual-meetings-2016\/","og_site_name":"Instituto Global Attitude","article_publisher":"https:\/\/www.facebook.com\/global.attitude.org\/","article_published_time":"2016-09-28T17:30:33+00:00","article_modified_time":"2023-03-10T13:11:05+00:00","og_image":[{"width":300,"height":300,"url":"http:\/\/globalattitude.org.br\/wp-content\/uploads\/2023\/03\/gabriel.jpg","type":"image\/jpeg"}],"author":"123esite","twitter_card":"summary_large_image","twitter_creator":"@global_attitude","twitter_site":"@global_attitude","twitter_misc":{"Written by":"123esite","Est. reading time":"5 minutes"},"schema":{"@context":"https:\/\/schema.org","@graph":[{"@type":["Article","BlogPosting"],"@id":"http:\/\/globalattitude.org.br\/en\/conheca-a-delegacao-do-diplomacia-civil-que-ira-ao-annual-meetings-2016\/#article","isPartOf":{"@id":"http:\/\/globalattitude.org.br\/en\/conheca-a-delegacao-do-diplomacia-civil-que-ira-ao-annual-meetings-2016\/"},"author":{"name":"123esite","@id":"https:\/\/globalattitude.org.br\/#\/schema\/person\/6d308f9d9d1eebad0278ad9386f13169"},"headline":"Conhe\u00e7a a delega\u00e7\u00e3o do Diplomacia Civil que ir\u00e1 ao Annual Meetings 2016","datePublished":"2016-09-28T17:30:33+00:00","dateModified":"2023-03-10T13:11:05+00:00","mainEntityOfPage":{"@id":"http:\/\/globalattitude.org.br\/en\/conheca-a-delegacao-do-diplomacia-civil-que-ira-ao-annual-meetings-2016\/"},"wordCount":1102,"commentCount":0,"publisher":{"@id":"https:\/\/globalattitude.org.br\/#organization"},"image":{"@id":"http:\/\/globalattitude.org.br\/en\/conheca-a-delegacao-do-diplomacia-civil-que-ira-ao-annual-meetings-2016\/#primaryimage"},"thumbnailUrl":"https:\/\/globalattitude.org.br\/wp-content\/uploads\/2023\/03\/gabriel.jpg","articleSection":["Programas","\u00daltimas"],"inLanguage":"en-US","potentialAction":[{"@type":"CommentAction","name":"Comment","target":["http:\/\/globalattitude.org.br\/en\/conheca-a-delegacao-do-diplomacia-civil-que-ira-ao-annual-meetings-2016\/#respond"]}]},{"@type":"WebPage","@id":"http:\/\/globalattitude.org.br\/en\/conheca-a-delegacao-do-diplomacia-civil-que-ira-ao-annual-meetings-2016\/","url":"http:\/\/globalattitude.org.br\/en\/conheca-a-delegacao-do-diplomacia-civil-que-ira-ao-annual-meetings-2016\/","name":"Conhe\u00e7a a delega\u00e7\u00e3o do Diplomacia Civil que ir\u00e1 ao Annual Meetings 2016 - Instituto Global Attitude","isPartOf":{"@id":"https:\/\/globalattitude.org.br\/#website"},"primaryImageOfPage":{"@id":"http:\/\/globalattitude.org.br\/en\/conheca-a-delegacao-do-diplomacia-civil-que-ira-ao-annual-meetings-2016\/#primaryimage"},"image":{"@id":"http:\/\/globalattitude.org.br\/en\/conheca-a-delegacao-do-diplomacia-civil-que-ira-ao-annual-meetings-2016\/#primaryimage"},"thumbnailUrl":"https:\/\/globalattitude.org.br\/wp-content\/uploads\/2023\/03\/gabriel.jpg","datePublished":"2016-09-28T17:30:33+00:00","dateModified":"2023-03-10T13:11:05+00:00","breadcrumb":{"@id":"http:\/\/globalattitude.org.br\/en\/conheca-a-delegacao-do-diplomacia-civil-que-ira-ao-annual-meetings-2016\/#breadcrumb"},"inLanguage":"en-US","potentialAction":[{"@type":"ReadAction","target":["http:\/\/globalattitude.org.br\/en\/conheca-a-delegacao-do-diplomacia-civil-que-ira-ao-annual-meetings-2016\/"]}]},{"@type":"ImageObject","inLanguage":"en-US","@id":"http:\/\/globalattitude.org.br\/en\/conheca-a-delegacao-do-diplomacia-civil-que-ira-ao-annual-meetings-2016\/#primaryimage","url":"https:\/\/globalattitude.org.br\/wp-content\/uploads\/2023\/03\/gabriel.jpg","contentUrl":"https:\/\/globalattitude.org.br\/wp-content\/uploads\/2023\/03\/gabriel.jpg","width":300,"height":300},{"@type":"BreadcrumbList","@id":"http:\/\/globalattitude.org.br\/en\/conheca-a-delegacao-do-diplomacia-civil-que-ira-ao-annual-meetings-2016\/#breadcrumb","itemListElement":[{"@type":"ListItem","position":1,"name":"In\u00edcio","item":"http:\/\/globalattitude.org.br\/en\/"},{"@type":"ListItem","position":2,"name":"Conhe\u00e7a a delega\u00e7\u00e3o do Diplomacia Civil que ir\u00e1 ao Annual Meetings 2016"}]},{"@type":"WebSite","@id":"https:\/\/globalattitude.org.br\/#website","url":"https:\/\/globalattitude.org.br\/","name":"Instituto Global Attitude","description":"","publisher":{"@id":"https:\/\/globalattitude.org.br\/#organization"},"potentialAction":[{"@type":"SearchAction","target":{"@type":"EntryPoint","urlTemplate":"https:\/\/globalattitude.org.br\/?s={search_term_string}"},"query-input":{"@type":"PropertyValueSpecification","valueRequired":true,"valueName":"search_term_string"}}],"inLanguage":"en-US"},{"@type":"Organization","@id":"https:\/\/globalattitude.org.br\/#organization","name":"Instituto Global Attitude","url":"https:\/\/globalattitude.org.br\/","logo":{"@type":"ImageObject","inLanguage":"en-US","@id":"https:\/\/globalattitude.org.br\/#\/schema\/logo\/image\/","url":"https:\/\/globalattitude.org.br\/wp-content\/uploads\/2023\/01\/instituto-global-attitude-color.png","contentUrl":"https:\/\/globalattitude.org.br\/wp-content\/uploads\/2023\/01\/instituto-global-attitude-color.png","width":300,"height":131,"caption":"Instituto Global Attitude"},"image":{"@id":"https:\/\/globalattitude.org.br\/#\/schema\/logo\/image\/"},"sameAs":["https:\/\/www.facebook.com\/global.attitude.org\/","https:\/\/x.com\/global_attitude","https:\/\/www.instagram.com\/globalattitude","https:\/\/www.linkedin.com\/company\/global-attitude\/?viewAsMember=true"]},{"@type":"Person","@id":"https:\/\/globalattitude.org.br\/#\/schema\/person\/6d308f9d9d1eebad0278ad9386f13169","name":"123esite","image":{"@type":"ImageObject","inLanguage":"en-US","@id":"https:\/\/secure.gravatar.com\/avatar\/07bd71fac19f42004f2b73567f012e126689afdb23cb0017536dea9113ba1806?s=96&d=mm&r=g","url":"https:\/\/secure.gravatar.com\/avatar\/07bd71fac19f42004f2b73567f012e126689afdb23cb0017536dea9113ba1806?s=96&d=mm&r=g","contentUrl":"https:\/\/secure.gravatar.com\/avatar\/07bd71fac19f42004f2b73567f012e126689afdb23cb0017536dea9113ba1806?s=96&d=mm&r=g","caption":"123esite"},"sameAs":["http:\/\/globalattitude.org.br"],"url":"https:\/\/globalattitude.org.br\/en\/author\/123esite\/"}]}},"_links":{"self":[{"href":"https:\/\/globalattitude.org.br\/en\/wp-json\/wp\/v2\/posts\/1393","targetHints":{"allow":["GET"]}}],"collection":[{"href":"https:\/\/globalattitude.org.br\/en\/wp-json\/wp\/v2\/posts"}],"about":[{"href":"https:\/\/globalattitude.org.br\/en\/wp-json\/wp\/v2\/types\/post"}],"author":[{"embeddable":true,"href":"https:\/\/globalattitude.org.br\/en\/wp-json\/wp\/v2\/users\/1"}],"replies":[{"embeddable":true,"href":"https:\/\/globalattitude.org.br\/en\/wp-json\/wp\/v2\/comments?post=1393"}],"version-history":[{"count":1,"href":"https:\/\/globalattitude.org.br\/en\/wp-json\/wp\/v2\/posts\/1393\/revisions"}],"predecessor-version":[{"id":1402,"href":"https:\/\/globalattitude.org.br\/en\/wp-json\/wp\/v2\/posts\/1393\/revisions\/1402"}],"wp:featuredmedia":[{"embeddable":true,"href":"https:\/\/globalattitude.org.br\/en\/wp-json\/wp\/v2\/media\/1394"}],"wp:attachment":[{"href":"https:\/\/globalattitude.org.br\/en\/wp-json\/wp\/v2\/media?parent=1393"}],"wp:term":[{"taxonomy":"category","embeddable":true,"href":"https:\/\/globalattitude.org.br\/en\/wp-json\/wp\/v2\/categories?post=1393"},{"taxonomy":"post_tag","embeddable":true,"href":"https:\/\/globalattitude.org.br\/en\/wp-json\/wp\/v2\/tags?post=1393"}],"curies":[{"name":"wp","href":"https:\/\/api.w.org\/{rel}","templated":true}]}}