{"id":1518,"date":"2016-11-17T13:47:21","date_gmt":"2016-11-17T15:47:21","guid":{"rendered":"https:\/\/globalattitude.org.br\/parlamentares-latino-americanos-debatem-a-apatridia-no-equador\/"},"modified":"2016-11-17T13:47:21","modified_gmt":"2016-11-17T15:47:21","slug":"parlamentares-latino-americanos-debatem-a-apatridia-no-equador","status":"publish","type":"post","link":"https:\/\/globalattitude.org.br\/en\/parlamentares-latino-americanos-debatem-a-apatridia-no-equador\/","title":{"rendered":"Parlamentares latino-americanos debatem a apatridia no Equador"},"content":{"rendered":"<p>Ocorreu na semana passada o primeiro passo da pol\u00edtica da Am\u00e9rica Latina para o reconhecimento da situa\u00e7\u00e3o ap\u00e1trida no continente. Organizado pela Assembleia Nacional do Equador e pela Ag\u00eancia da ONU para Refugiados (ACNUR), um encontro reuniu 30 parlamentares de 16 pa\u00edses, que promoveram a ades\u00e3o das suas respectivas na\u00e7\u00f5es \u00e0s conven\u00e7\u00f5es sobre apatridia das Na\u00e7\u00f5es Unidas.<\/p>\n<p>De acordo com os dados da ONU, a Am\u00e9rica Latina \u00e9 a regi\u00e3o onde menos ocorrem casos de apatridia &#8211; que \u00e9 quando o indiv\u00edduo n\u00e3o possui p\u00e1tria ou cidadania. Isso, garantiu\u00a0Mar\u00eda Clara Mart\u00edn, representante do ACNUR no Equador, se deve ao fato das legisla\u00e7\u00f5es locais serem forjadas de maneira a evitar isso, como quando, por exemplo, garante cidadania nacional a qualquer um que nas\u00e7a em seu territ\u00f3rio.<\/p>\n<p>Ainda segundo dados da ACNUR, ao menos 20 pa\u00edses mant\u00e9m leis que ou n\u00e3o permitem a ado\u00e7\u00e3o de cidadania, ou que podem retir\u00e1-la por motivos diversos. Ao menos 27 n\u00e3o permitem que as m\u00e3es passem a nacionalidade para seus filhos.<\/p>\n<p>Para quem se interessa por casos brasileiros, o jornal <a href=\"http:\/\/brasil.estadao.com.br\/noticias\/geral,a-historia-de-quem-nasce-sem-direito-a-ter-uma-patria,100000824234\"><b>O Estado de S. Paulo<\/b>\u00a0<\/a>\u00a0contou a hist\u00f3ria de Maha, uma ap\u00e1trida que hoje vive no Brasil. A hist\u00f3ria dela n\u00e3o \u00e9 \u00fanica no pa\u00eds, mas faz parte de um grupo cada vez mais crescente: o Brasil concentra quase 1800 ap\u00e1tridas, mais da metade em S\u00e3o Paulo.<\/p>\n<p>&nbsp;<\/p>\n<p><span style=\"text-decoration: underline;\"><em><strong>Leia Mais:\u00a0<\/strong><a href=\"http:\/\/blog.globalattitude.org.br\/as-maiores-populacoes-de-imigrantes-na-europa-sao-de-refugiados\/\">A maioria das popula\u00e7\u00f5es da Europa s\u00e3o de refugiados?<\/a><\/em><\/span><\/p>\n","protected":false},"excerpt":{"rendered":"<p>Ocorreu na semana passada o primeiro passo da pol\u00edtica da Am\u00e9rica Latina para o reconhecimento da situa\u00e7\u00e3o ap\u00e1trida no continente. Organizado pela Assembleia Nacional do Equador e pela Ag\u00eancia da ONU para Refugiados (ACNUR), um encontro reuniu 30 parlamentares de 16 pa\u00edses, que promoveram a ades\u00e3o das suas respectivas na\u00e7\u00f5es \u00e0s conven\u00e7\u00f5es sobre apatridia das [&hellip;]<\/p>\n","protected":false},"author":1,"featured_media":0,"comment_status":"open","ping_status":"open","sticky":false,"template":"","format":"standard","meta":{"_acf_changed":false,"om_disable_all_campaigns":false,"_monsterinsights_skip_tracking":false,"_monsterinsights_sitenote_active":false,"_monsterinsights_sitenote_note":"","_monsterinsights_sitenote_category":0,"_uf_show_specific_survey":0,"_uf_disable_surveys":false,"footnotes":""},"categories":[35,34],"tags":[],"class_list":["post-1518","post","type-post","status-publish","format-standard","hentry","category-opiniao","category-ultimas"],"acf":[],"aioseo_notices":[],"yoast_head":"<!-- This site is optimized with the Yoast SEO plugin v27.5 - https:\/\/yoast.com\/product\/yoast-seo-wordpress\/ -->\n<title>Parlamentares latino-americanos debatem a apatridia no Equador - Instituto Global Attitude<\/title>\n<meta name=\"robots\" content=\"index, follow, max-snippet:-1, max-image-preview:large, max-video-preview:-1\" \/>\n<link rel=\"canonical\" href=\"https:\/\/globalattitude.org.br\/en\/parlamentares-latino-americanos-debatem-a-apatridia-no-equador\/\" \/>\n<meta property=\"og:locale\" content=\"en_US\" \/>\n<meta property=\"og:type\" content=\"article\" \/>\n<meta property=\"og:title\" content=\"Parlamentares latino-americanos debatem a apatridia no Equador - Instituto Global Attitude\" \/>\n<meta property=\"og:description\" content=\"Ocorreu na semana passada o primeiro passo da pol\u00edtica da Am\u00e9rica Latina para o reconhecimento da situa\u00e7\u00e3o ap\u00e1trida no continente. Organizado pela Assembleia Nacional do Equador e pela Ag\u00eancia da ONU para Refugiados (ACNUR), um encontro reuniu 30 parlamentares de 16 pa\u00edses, que promoveram a ades\u00e3o das suas respectivas na\u00e7\u00f5es \u00e0s conven\u00e7\u00f5es sobre apatridia das [&hellip;]\" \/>\n<meta property=\"og:url\" content=\"https:\/\/globalattitude.org.br\/en\/parlamentares-latino-americanos-debatem-a-apatridia-no-equador\/\" \/>\n<meta property=\"og:site_name\" content=\"Instituto Global Attitude\" \/>\n<meta property=\"article:publisher\" content=\"https:\/\/www.facebook.com\/global.attitude.org\/\" \/>\n<meta property=\"article:published_time\" content=\"2016-11-17T15:47:21+00:00\" \/>\n<meta name=\"author\" content=\"123esite\" \/>\n<meta name=\"twitter:card\" content=\"summary_large_image\" \/>\n<meta name=\"twitter:creator\" content=\"@global_attitude\" \/>\n<meta name=\"twitter:site\" content=\"@global_attitude\" \/>\n<meta name=\"twitter:label1\" content=\"Written by\" \/>\n\t<meta name=\"twitter:data1\" content=\"123esite\" \/>\n\t<meta name=\"twitter:label2\" content=\"Est. reading time\" \/>\n\t<meta name=\"twitter:data2\" content=\"1 minute\" \/>\n<script type=\"application\/ld+json\" class=\"yoast-schema-graph\">{\"@context\":\"https:\\\/\\\/schema.org\",\"@graph\":[{\"@type\":[\"Article\",\"BlogPosting\"],\"@id\":\"https:\\\/\\\/globalattitude.org.br\\\/en\\\/parlamentares-latino-americanos-debatem-a-apatridia-no-equador\\\/#article\",\"isPartOf\":{\"@id\":\"https:\\\/\\\/globalattitude.org.br\\\/en\\\/parlamentares-latino-americanos-debatem-a-apatridia-no-equador\\\/\"},\"author\":{\"name\":\"123esite\",\"@id\":\"https:\\\/\\\/globalattitude.org.br\\\/en\\\/#\\\/schema\\\/person\\\/6d308f9d9d1eebad0278ad9386f13169\"},\"headline\":\"Parlamentares latino-americanos debatem a apatridia no Equador\",\"datePublished\":\"2016-11-17T15:47:21+00:00\",\"mainEntityOfPage\":{\"@id\":\"https:\\\/\\\/globalattitude.org.br\\\/en\\\/parlamentares-latino-americanos-debatem-a-apatridia-no-equador\\\/\"},\"wordCount\":269,\"commentCount\":0,\"publisher\":{\"@id\":\"https:\\\/\\\/globalattitude.org.br\\\/en\\\/#organization\"},\"articleSection\":[\"Opini\u00e3o\",\"\u00daltimas\"],\"inLanguage\":\"en-US\",\"potentialAction\":[{\"@type\":\"CommentAction\",\"name\":\"Comment\",\"target\":[\"https:\\\/\\\/globalattitude.org.br\\\/en\\\/parlamentares-latino-americanos-debatem-a-apatridia-no-equador\\\/#respond\"]}]},{\"@type\":\"WebPage\",\"@id\":\"https:\\\/\\\/globalattitude.org.br\\\/en\\\/parlamentares-latino-americanos-debatem-a-apatridia-no-equador\\\/\",\"url\":\"https:\\\/\\\/globalattitude.org.br\\\/en\\\/parlamentares-latino-americanos-debatem-a-apatridia-no-equador\\\/\",\"name\":\"Parlamentares latino-americanos debatem a apatridia no Equador - Instituto Global Attitude\",\"isPartOf\":{\"@id\":\"https:\\\/\\\/globalattitude.org.br\\\/en\\\/#website\"},\"datePublished\":\"2016-11-17T15:47:21+00:00\",\"breadcrumb\":{\"@id\":\"https:\\\/\\\/globalattitude.org.br\\\/en\\\/parlamentares-latino-americanos-debatem-a-apatridia-no-equador\\\/#breadcrumb\"},\"inLanguage\":\"en-US\",\"potentialAction\":[{\"@type\":\"ReadAction\",\"target\":[\"https:\\\/\\\/globalattitude.org.br\\\/en\\\/parlamentares-latino-americanos-debatem-a-apatridia-no-equador\\\/\"]}]},{\"@type\":\"BreadcrumbList\",\"@id\":\"https:\\\/\\\/globalattitude.org.br\\\/en\\\/parlamentares-latino-americanos-debatem-a-apatridia-no-equador\\\/#breadcrumb\",\"itemListElement\":[{\"@type\":\"ListItem\",\"position\":1,\"name\":\"In\u00edcio\",\"item\":\"https:\\\/\\\/globalattitude.org.br\\\/en\\\/\"},{\"@type\":\"ListItem\",\"position\":2,\"name\":\"Parlamentares latino-americanos debatem a apatridia no Equador\"}]},{\"@type\":\"WebSite\",\"@id\":\"https:\\\/\\\/globalattitude.org.br\\\/en\\\/#website\",\"url\":\"https:\\\/\\\/globalattitude.org.br\\\/en\\\/\",\"name\":\"Instituto Global Attitude\",\"description\":\"\",\"publisher\":{\"@id\":\"https:\\\/\\\/globalattitude.org.br\\\/en\\\/#organization\"},\"potentialAction\":[{\"@type\":\"SearchAction\",\"target\":{\"@type\":\"EntryPoint\",\"urlTemplate\":\"https:\\\/\\\/globalattitude.org.br\\\/en\\\/?s={search_term_string}\"},\"query-input\":{\"@type\":\"PropertyValueSpecification\",\"valueRequired\":true,\"valueName\":\"search_term_string\"}}],\"inLanguage\":\"en-US\"},{\"@type\":\"Organization\",\"@id\":\"https:\\\/\\\/globalattitude.org.br\\\/en\\\/#organization\",\"name\":\"Instituto Global Attitude\",\"url\":\"https:\\\/\\\/globalattitude.org.br\\\/en\\\/\",\"logo\":{\"@type\":\"ImageObject\",\"inLanguage\":\"en-US\",\"@id\":\"https:\\\/\\\/globalattitude.org.br\\\/en\\\/#\\\/schema\\\/logo\\\/image\\\/\",\"url\":\"https:\\\/\\\/globalattitude.org.br\\\/wp-content\\\/uploads\\\/2023\\\/01\\\/instituto-global-attitude-color.png\",\"contentUrl\":\"https:\\\/\\\/globalattitude.org.br\\\/wp-content\\\/uploads\\\/2023\\\/01\\\/instituto-global-attitude-color.png\",\"width\":300,\"height\":131,\"caption\":\"Instituto Global Attitude\"},\"image\":{\"@id\":\"https:\\\/\\\/globalattitude.org.br\\\/en\\\/#\\\/schema\\\/logo\\\/image\\\/\"},\"sameAs\":[\"https:\\\/\\\/www.facebook.com\\\/global.attitude.org\\\/\",\"https:\\\/\\\/x.com\\\/global_attitude\",\"https:\\\/\\\/www.instagram.com\\\/globalattitude\",\"https:\\\/\\\/www.linkedin.com\\\/company\\\/global-attitude\\\/?viewAsMember=true\"]},{\"@type\":\"Person\",\"@id\":\"https:\\\/\\\/globalattitude.org.br\\\/en\\\/#\\\/schema\\\/person\\\/6d308f9d9d1eebad0278ad9386f13169\",\"name\":\"123esite\",\"image\":{\"@type\":\"ImageObject\",\"inLanguage\":\"en-US\",\"@id\":\"https:\\\/\\\/secure.gravatar.com\\\/avatar\\\/07bd71fac19f42004f2b73567f012e126689afdb23cb0017536dea9113ba1806?s=96&d=mm&r=g\",\"url\":\"https:\\\/\\\/secure.gravatar.com\\\/avatar\\\/07bd71fac19f42004f2b73567f012e126689afdb23cb0017536dea9113ba1806?s=96&d=mm&r=g\",\"contentUrl\":\"https:\\\/\\\/secure.gravatar.com\\\/avatar\\\/07bd71fac19f42004f2b73567f012e126689afdb23cb0017536dea9113ba1806?s=96&d=mm&r=g\",\"caption\":\"123esite\"},\"sameAs\":[\"http:\\\/\\\/globalattitude.org.br\"],\"url\":\"https:\\\/\\\/globalattitude.org.br\\\/en\\\/author\\\/123esite\\\/\"}]}<\/script>\n<!-- \/ Yoast SEO plugin. -->","yoast_head_json":{"title":"Parlamentares latino-americanos debatem a apatridia no Equador - Instituto Global Attitude","robots":{"index":"index","follow":"follow","max-snippet":"max-snippet:-1","max-image-preview":"max-image-preview:large","max-video-preview":"max-video-preview:-1"},"canonical":"https:\/\/globalattitude.org.br\/en\/parlamentares-latino-americanos-debatem-a-apatridia-no-equador\/","og_locale":"en_US","og_type":"article","og_title":"Parlamentares latino-americanos debatem a apatridia no Equador - Instituto Global Attitude","og_description":"Ocorreu na semana passada o primeiro passo da pol\u00edtica da Am\u00e9rica Latina para o reconhecimento da situa\u00e7\u00e3o ap\u00e1trida no continente. Organizado pela Assembleia Nacional do Equador e pela Ag\u00eancia da ONU para Refugiados (ACNUR), um encontro reuniu 30 parlamentares de 16 pa\u00edses, que promoveram a ades\u00e3o das suas respectivas na\u00e7\u00f5es \u00e0s conven\u00e7\u00f5es sobre apatridia das [&hellip;]","og_url":"https:\/\/globalattitude.org.br\/en\/parlamentares-latino-americanos-debatem-a-apatridia-no-equador\/","og_site_name":"Instituto Global Attitude","article_publisher":"https:\/\/www.facebook.com\/global.attitude.org\/","article_published_time":"2016-11-17T15:47:21+00:00","author":"123esite","twitter_card":"summary_large_image","twitter_creator":"@global_attitude","twitter_site":"@global_attitude","twitter_misc":{"Written by":"123esite","Est. reading time":"1 minute"},"schema":{"@context":"https:\/\/schema.org","@graph":[{"@type":["Article","BlogPosting"],"@id":"https:\/\/globalattitude.org.br\/en\/parlamentares-latino-americanos-debatem-a-apatridia-no-equador\/#article","isPartOf":{"@id":"https:\/\/globalattitude.org.br\/en\/parlamentares-latino-americanos-debatem-a-apatridia-no-equador\/"},"author":{"name":"123esite","@id":"https:\/\/globalattitude.org.br\/en\/#\/schema\/person\/6d308f9d9d1eebad0278ad9386f13169"},"headline":"Parlamentares latino-americanos debatem a apatridia no Equador","datePublished":"2016-11-17T15:47:21+00:00","mainEntityOfPage":{"@id":"https:\/\/globalattitude.org.br\/en\/parlamentares-latino-americanos-debatem-a-apatridia-no-equador\/"},"wordCount":269,"commentCount":0,"publisher":{"@id":"https:\/\/globalattitude.org.br\/en\/#organization"},"articleSection":["Opini\u00e3o","\u00daltimas"],"inLanguage":"en-US","potentialAction":[{"@type":"CommentAction","name":"Comment","target":["https:\/\/globalattitude.org.br\/en\/parlamentares-latino-americanos-debatem-a-apatridia-no-equador\/#respond"]}]},{"@type":"WebPage","@id":"https:\/\/globalattitude.org.br\/en\/parlamentares-latino-americanos-debatem-a-apatridia-no-equador\/","url":"https:\/\/globalattitude.org.br\/en\/parlamentares-latino-americanos-debatem-a-apatridia-no-equador\/","name":"Parlamentares latino-americanos debatem a apatridia no Equador - Instituto Global Attitude","isPartOf":{"@id":"https:\/\/globalattitude.org.br\/en\/#website"},"datePublished":"2016-11-17T15:47:21+00:00","breadcrumb":{"@id":"https:\/\/globalattitude.org.br\/en\/parlamentares-latino-americanos-debatem-a-apatridia-no-equador\/#breadcrumb"},"inLanguage":"en-US","potentialAction":[{"@type":"ReadAction","target":["https:\/\/globalattitude.org.br\/en\/parlamentares-latino-americanos-debatem-a-apatridia-no-equador\/"]}]},{"@type":"BreadcrumbList","@id":"https:\/\/globalattitude.org.br\/en\/parlamentares-latino-americanos-debatem-a-apatridia-no-equador\/#breadcrumb","itemListElement":[{"@type":"ListItem","position":1,"name":"In\u00edcio","item":"https:\/\/globalattitude.org.br\/en\/"},{"@type":"ListItem","position":2,"name":"Parlamentares latino-americanos debatem a apatridia no Equador"}]},{"@type":"WebSite","@id":"https:\/\/globalattitude.org.br\/en\/#website","url":"https:\/\/globalattitude.org.br\/en\/","name":"Instituto Global Attitude","description":"","publisher":{"@id":"https:\/\/globalattitude.org.br\/en\/#organization"},"potentialAction":[{"@type":"SearchAction","target":{"@type":"EntryPoint","urlTemplate":"https:\/\/globalattitude.org.br\/en\/?s={search_term_string}"},"query-input":{"@type":"PropertyValueSpecification","valueRequired":true,"valueName":"search_term_string"}}],"inLanguage":"en-US"},{"@type":"Organization","@id":"https:\/\/globalattitude.org.br\/en\/#organization","name":"Instituto Global Attitude","url":"https:\/\/globalattitude.org.br\/en\/","logo":{"@type":"ImageObject","inLanguage":"en-US","@id":"https:\/\/globalattitude.org.br\/en\/#\/schema\/logo\/image\/","url":"https:\/\/globalattitude.org.br\/wp-content\/uploads\/2023\/01\/instituto-global-attitude-color.png","contentUrl":"https:\/\/globalattitude.org.br\/wp-content\/uploads\/2023\/01\/instituto-global-attitude-color.png","width":300,"height":131,"caption":"Instituto Global Attitude"},"image":{"@id":"https:\/\/globalattitude.org.br\/en\/#\/schema\/logo\/image\/"},"sameAs":["https:\/\/www.facebook.com\/global.attitude.org\/","https:\/\/x.com\/global_attitude","https:\/\/www.instagram.com\/globalattitude","https:\/\/www.linkedin.com\/company\/global-attitude\/?viewAsMember=true"]},{"@type":"Person","@id":"https:\/\/globalattitude.org.br\/en\/#\/schema\/person\/6d308f9d9d1eebad0278ad9386f13169","name":"123esite","image":{"@type":"ImageObject","inLanguage":"en-US","@id":"https:\/\/secure.gravatar.com\/avatar\/07bd71fac19f42004f2b73567f012e126689afdb23cb0017536dea9113ba1806?s=96&d=mm&r=g","url":"https:\/\/secure.gravatar.com\/avatar\/07bd71fac19f42004f2b73567f012e126689afdb23cb0017536dea9113ba1806?s=96&d=mm&r=g","contentUrl":"https:\/\/secure.gravatar.com\/avatar\/07bd71fac19f42004f2b73567f012e126689afdb23cb0017536dea9113ba1806?s=96&d=mm&r=g","caption":"123esite"},"sameAs":["http:\/\/globalattitude.org.br"],"url":"https:\/\/globalattitude.org.br\/en\/author\/123esite\/"}]}},"_links":{"self":[{"href":"https:\/\/globalattitude.org.br\/en\/wp-json\/wp\/v2\/posts\/1518","targetHints":{"allow":["GET"]}}],"collection":[{"href":"https:\/\/globalattitude.org.br\/en\/wp-json\/wp\/v2\/posts"}],"about":[{"href":"https:\/\/globalattitude.org.br\/en\/wp-json\/wp\/v2\/types\/post"}],"author":[{"embeddable":true,"href":"https:\/\/globalattitude.org.br\/en\/wp-json\/wp\/v2\/users\/1"}],"replies":[{"embeddable":true,"href":"https:\/\/globalattitude.org.br\/en\/wp-json\/wp\/v2\/comments?post=1518"}],"version-history":[{"count":0,"href":"https:\/\/globalattitude.org.br\/en\/wp-json\/wp\/v2\/posts\/1518\/revisions"}],"wp:attachment":[{"href":"https:\/\/globalattitude.org.br\/en\/wp-json\/wp\/v2\/media?parent=1518"}],"wp:term":[{"taxonomy":"category","embeddable":true,"href":"https:\/\/globalattitude.org.br\/en\/wp-json\/wp\/v2\/categories?post=1518"},{"taxonomy":"post_tag","embeddable":true,"href":"https:\/\/globalattitude.org.br\/en\/wp-json\/wp\/v2\/tags?post=1518"}],"curies":[{"name":"wp","href":"https:\/\/api.w.org\/{rel}","templated":true}]}}