{"id":1534,"date":"2016-11-28T20:32:08","date_gmt":"2016-11-28T22:32:08","guid":{"rendered":"https:\/\/globalattitude.org.br\/14-capas-de-jornais-sobre-a-morte-de-fidel-castro-mostram-como-o-mundo-reagiu\/"},"modified":"2023-03-10T10:15:33","modified_gmt":"2023-03-10T13:15:33","slug":"14-capas-de-jornais-sobre-a-morte-de-fidel-castro-mostram-como-o-mundo-reagiu","status":"publish","type":"post","link":"https:\/\/globalattitude.org.br\/en\/14-capas-de-jornais-sobre-a-morte-de-fidel-castro-mostram-como-o-mundo-reagiu\/","title":{"rendered":"14 capas de jornais sobre a morte de Fidel Castro mostram como o mundo reagiu"},"content":{"rendered":"<p>A morte de Fidel Castro, na noite de 25 de novembro de 2016, dividiu o mundo praticamente ao meio. Em quest\u00e3o de instantes, as redes sociais foram alagadas com coment\u00e1rios a favor e contra a figura do l\u00edder cubano, que faleceu de causas desconhecidas aos 90 anos.<\/p>\n<p><iframe src=\"https:\/\/www.youtube.com\/embed\/dGU5l69VXHY\" width=\"560\" height=\"315\" frameborder=\"0\" allowfullscreen=\"allowfullscreen\"><\/iframe><\/p>\n<p>A m\u00edtica figura de Fidel expressa sua import\u00e2ncia para o cen\u00e1rio mundial: l\u00edder de uma na\u00e7\u00e3o com o tamanho pouco maior que Pernambuco\u00a0 com a mesma popula\u00e7\u00e3o da cidade de S\u00e3o Paulo, Castro foi uma figura determinante nas rela\u00e7\u00f5es internacionais nos \u00faltimos 50 anos. O golpe de estado dado por ele, seu irm\u00e3o Raul (atual presidente Cubano) e o argentino Ernesto &#8220;Che&#8221; Guevara, destronou uma ditadura. Acabou se tornando um deles, governando Cuba de maneira direta at\u00e9 2006, quando completou 47 anos no poder. Mesmo assim, Cuba continua\u00a0associada a\u00a0seu nome at\u00e9 hoje.<\/p>\n<p>Sob sua batuta, Cuba virou uma pot\u00eancia ol\u00edmpica, zerou o analfabetismo e desenvolveu um sistema de sa\u00fade exemplar. Sob a mesma batuta, inimigos pol\u00edticos foram mortos no <i>pared\u00f3n<\/i>, e a popula\u00e7\u00e3o sofria com a falta de acessos a itens b\u00e1sicos gra\u00e7as ao embargo do governo americano. A ilha cubana, sempre associada ao atraso de seus carros e pr\u00e9dios antigos, apenas nos \u00faltimos anos come\u00e7a \u00a0vislumbrar o futuro.<\/p>\n<p>E \u00e9 nessa dicotomia toda que os jornais do mundo todo noticiaram a morte de Fidel. Mesmo os americanos, eternos desafetos pol\u00edticos de Fidel, renderam as devidas homenagens ao governante. O site americano <a href=\"http:\/\/www.newseum.org\/\" target=\"_blank\" rel=\"noopener noreferrer\">Newseum<\/a> seleciona diariamente capas de jornal do mundo todo, e essas s\u00e3o as do dia em que Fidel se foi. Confira:<\/p>\n<div><\/div>\n<div>\u00a0<b>The Guardian (Inglaterra)<br \/>\n<\/b>&#8220;A noite que a m\u00fasica parou&#8221;<\/div>\n<p><a href=\"http:\/\/globalattitude.org.br\/wp-content\/uploads\/2023\/03\/001-Guardian-ING.jpg\" rel=\"attachment wp-att-2908\"><img fetchpriority=\"high\" decoding=\"async\" class=\"aligncenter wp-image-2908\" src=\"http:\/\/globalattitude.org.br\/wp-content\/uploads\/2023\/03\/001-Guardian-ING.jpg\" alt=\"001-guardian-ing\" width=\"600\" height=\"911\" \/><\/a><\/p>\n<p>&nbsp;<\/p>\n<p><b>Di\u00e1rio Catarinense (Brasil)<br \/>\n<\/b>Cabe ao leitor definir quem foi Fidel Castro<\/p>\n<p><a href=\"http:\/\/globalattitude.org.br\/wp-content\/uploads\/2023\/03\/002-Diario-Catarinense.jpg\" rel=\"attachment wp-att-2909\"><img decoding=\"async\" class=\"aligncenter wp-image-2909\" src=\"http:\/\/globalattitude.org.br\/wp-content\/uploads\/2023\/03\/002-Diario-Catarinense.jpg\" alt=\"002-diario-catarinense\" width=\"600\" height=\"817\" \/><\/a><b><\/b><\/p>\n<p><b>Los Angeles Times (EUA)<br \/>\n<\/b>O jornal cita &#8220;Uma nova era para Cuba&#8221;, lembrando que as rela\u00e7\u00f5es entre os dois pa\u00edses podem melhorar a partir de agora<\/p>\n<p><a href=\"http:\/\/globalattitude.org.br\/wp-content\/uploads\/2023\/03\/003-WPOST.jpg\" rel=\"attachment wp-att-2910\"><img decoding=\"async\" class=\"aligncenter wp-image-2910\" src=\"http:\/\/globalattitude.org.br\/wp-content\/uploads\/2023\/03\/003-WPOST.jpg\" alt=\"003-wpost\" width=\"600\" height=\"1238\" \/><\/a><b><\/b><\/p>\n<p><b>El Universal (Venezuela)<br \/>\n<\/b>Apesar de ser um parceiro estrat\u00e9gico de Cuba, a m\u00eddia venezuelana tratou com polidez a morte de Castro. &#8220;O \u00faltimo rebelde&#8221; \u00e9, segundo a capa, &#8220;indispens\u00e1vel para entender a Am\u00e9rica Latina&#8221;<\/p>\n<p class=\"aligncenter\"><a href=\"http:\/\/globalattitude.org.br\/wp-content\/uploads\/2023\/03\/004-El-Universal-VEN.jpg\" rel=\"attachment wp-att-2897\"><img loading=\"lazy\" decoding=\"async\" class=\"aligncenter wp-image-2897\" src=\"http:\/\/globalattitude.org.br\/wp-content\/uploads\/2023\/03\/004-El-Universal-VEN.jpg\" alt=\"004-el-universal-ven\" width=\"600\" height=\"1092\" \/><\/a><b><\/b><\/p>\n<p class=\"aligncenter\">\n<p class=\"aligncenter\"><b>Ara (Catalunha &#8211; Espanha)<br \/>\n<\/b>O di\u00e1rio espanhol colocou na capa a pergunta que todo mundo se faz desde a morte de Fidel: &#8220;A Hist\u00f3ria o absolver\u00e1?&#8221;<a href=\"http:\/\/globalattitude.org.br\/wp-content\/uploads\/2023\/03\/005-ara.cat-ESP.jpg\" rel=\"attachment wp-att-2898\"><img loading=\"lazy\" decoding=\"async\" class=\"aligncenter wp-image-2898\" src=\"http:\/\/globalattitude.org.br\/wp-content\/uploads\/2023\/03\/005-ara.cat-ESP.jpg\" alt=\"005-ara-cat-esp\" width=\"600\" height=\"807\" \/><\/a><b><\/b><\/p>\n<p class=\"aligncenter\">\n<p class=\"aligncenter\"><b>El Comercio (Peru)<br \/>\n<\/b>&#8220;Come\u00e7a a era de Cuba sem Fidel&#8221;<br \/>\n<a href=\"http:\/\/globalattitude.org.br\/wp-content\/uploads\/2023\/03\/006-El-Comercio-PER.jpg\" rel=\"attachment wp-att-2902\"><img loading=\"lazy\" decoding=\"async\" class=\"aligncenter wp-image-2902\" src=\"http:\/\/globalattitude.org.br\/wp-content\/uploads\/2023\/03\/006-El-Comercio-PER.jpg\" alt=\"006-el-comercio-per\" width=\"600\" height=\"1100\" \/><\/a><b><\/b><\/p>\n<p class=\"aligncenter\">\n<p class=\"aligncenter\"><b>El Nuevo Comercio (Nicar\u00e1gua)<br \/>\n<\/b>Contrapondo a capa acima, para os nicaraguenses, &#8220;Termina uma era&#8221;<br \/>\n<a href=\"http:\/\/globalattitude.org.br\/wp-content\/uploads\/2023\/03\/007-El-Nuevo-Diario-NIC.jpg\" rel=\"attachment wp-att-2903\"><img loading=\"lazy\" decoding=\"async\" class=\"aligncenter wp-image-2903\" src=\"http:\/\/globalattitude.org.br\/wp-content\/uploads\/2023\/03\/007-El-Nuevo-Diario-NIC.jpg\" alt=\"007-el-nuevo-diario-nic\" width=\"600\" height=\"627\" \/><\/a><b><\/b><\/p>\n<p class=\"aligncenter\">\n<p class=\"aligncenter\"><b>Japan Times (Jap\u00e3o)<br \/>\n<\/b>O jornal japon\u00eas apostou na figura mais cl\u00e1ssica de Fidel, com sua silhueta contra a luz e uma de suas (muitas) c\u00e9lebres frases: &#8220;Uma revolu\u00e7\u00e3o \u00e9 uma luta mortal entre o futuro e o passado&#8221;<br \/>\n<a href=\"http:\/\/globalattitude.org.br\/wp-content\/uploads\/2023\/03\/008-Sunday-Times-JPN.jpg\" rel=\"attachment wp-att-2904\"><img loading=\"lazy\" decoding=\"async\" class=\"aligncenter wp-image-2904\" src=\"http:\/\/globalattitude.org.br\/wp-content\/uploads\/2023\/03\/008-Sunday-Times-JPN.jpg\" alt=\"008-sunday-times-jpn\" width=\"600\" height=\"879\" \/><\/a><b><\/b><\/p>\n<p class=\"aligncenter\">\n<p class=\"aligncenter\"><b>el Colombiano (Col\u00f4mbia)<br \/>\n<\/b>Segundo dados do governo cubano, <a href=\"http:\/\/brasil.elpais.com\/brasil\/2016\/11\/27\/internacional\/1480216413_424327.html\">Fidel foi alvo de ao menos 638 atentados<\/a>, a maioria feita pelo governo americano. Por isso a capa do elColombiano parece t\u00e3o real. &#8220;Chegou a morte &#8211; e mandou que ela parasse&#8221;<\/p>\n<p class=\"aligncenter\"><a href=\"http:\/\/blog.globalattitude.org.br\/wordpress\/wp-content\/uploads\/2016\/11\/009-El-Colombiano-COL.jpg\" rel=\"attachment wp-att-2899\"><img loading=\"lazy\" decoding=\"async\" class=\"aligncenter wp-image-2899\" src=\"http:\/\/blog.globalattitude.org.br\/wordpress\/wp-content\/uploads\/2016\/11\/009-El-Colombiano-COL.jpg\" alt=\"009-el-colombiano-col\" width=\"600\" height=\"877\" \/><\/a><b><\/b><\/p>\n<p class=\"aligncenter\">\n<p class=\"aligncenter\"><b>O Globo (Brasil)<br \/>\n<\/b>Os jornais brasileiros permaneceram como seus leitores: divididos. O Globo, em sua edi\u00e7\u00e3o, n\u00e3o deixou de ressaltar as opini\u00f5es pr\u00f3 e contra Fidel.<\/p>\n<p class=\"aligncenter\"><a href=\"http:\/\/blog.globalattitude.org.br\/wordpress\/wp-content\/uploads\/2016\/11\/010-O-Globo.jpg\" rel=\"attachment wp-att-2900\"><img loading=\"lazy\" decoding=\"async\" class=\"aligncenter wp-image-2900\" src=\"http:\/\/blog.globalattitude.org.br\/wordpress\/wp-content\/uploads\/2016\/11\/010-O-Globo.jpg\" alt=\"010-o-globo\" width=\"600\" height=\"1083\" \/><\/a><b><\/b><\/p>\n<p class=\"aligncenter\">\n<p class=\"aligncenter\"><b>Daily News (EUA)<br \/>\n<\/b>Eternos desafetos dos cubanos, os americanos do Daily News, tabloide novaiorquino, lembram que a ilha ainda n\u00e3o possui democracia, j\u00e1 que \u00e9 comandada por Raul Castro, irm\u00e3o de Fidel. <a href=\"https:\/\/www.google.com.br\/url?sa=t&amp;rct=j&amp;q=&amp;esrc=s&amp;source=web&amp;cd=3&amp;cad=rja&amp;uact=8&amp;ved=0ahUKEwjBuaK2oMzQAhXFW5AKHTQJCxoQFggsMAI&amp;url=http%3A%2F%2Fwww.nytimes.com%2F2013%2F02%2F25%2Fworld%2Famericas%2Fraul-castro-to-step-down-as-cubas-president-in-2018.html&amp;usg=AFQjCNF2IeUqSlxh_lcPfGjQbHLXBkPbNw&amp;sig2=e8d6nRPXJzAC6jkgGhEBLA\">Mas ele mesmo prometeu deixar o cargo em 2018<\/a>.<a href=\"http:\/\/blog.globalattitude.org.br\/wordpress\/wp-content\/uploads\/2016\/11\/011-Daily-News.jpg\" rel=\"attachment wp-att-2901\"><img loading=\"lazy\" decoding=\"async\" class=\"aligncenter wp-image-2901\" src=\"http:\/\/blog.globalattitude.org.br\/wordpress\/wp-content\/uploads\/2016\/11\/011-Daily-News.jpg\" alt=\"011-daily-news\" width=\"600\" height=\"750\" \/><\/a><b><\/b><\/p>\n<p class=\"aligncenter\">\n<p class=\"aligncenter\"><b>The Trentonian (EUA)<br \/>\n<\/b>Um dos poucos jornais a colocar a palavra &#8220;Ditador&#8221; na capa. Os EUA s\u00e3o o pa\u00eds mais pr\u00f3ximos de Cuba (140 km separam Havana da Fl\u00f3rida) e foi pra terra do tio Sam que muitos dissidentes e descontentes fugiram.<\/p>\n<p class=\"aligncenter\"><a href=\"http:\/\/globalattitude.org.br\/wp-content\/uploads\/2023\/03\/012-The-Trentonian.jpg\" rel=\"attachment wp-att-2905\"><img loading=\"lazy\" decoding=\"async\" class=\"aligncenter wp-image-2905\" src=\"http:\/\/globalattitude.org.br\/wp-content\/uploads\/2023\/03\/012-The-Trentonian.jpg\" alt=\"012-the-trentonian\" width=\"600\" height=\"600\" \/><\/a><b><\/b><\/p>\n<p class=\"aligncenter\">\n<p class=\"aligncenter\"><b>The New York Times (EUA)<br \/>\n<\/b>O maior jornal americano ressaltou a influ\u00eancia do cubano para a hist\u00f3ria do s\u00e9culo XX, e sua capacidade de &#8220;Desafiar os EUA&#8221;<br \/>\n<a href=\"http:\/\/globalattitude.org.br\/wp-content\/uploads\/2023\/03\/013-NYT.jpg\" rel=\"attachment wp-att-2906\"><img loading=\"lazy\" decoding=\"async\" class=\"aligncenter wp-image-2906\" src=\"http:\/\/globalattitude.org.br\/wp-content\/uploads\/2023\/03\/013-NYT.jpg\" alt=\"013-nyt\" width=\"600\" height=\"1081\" \/><\/a><\/p>\n<p class=\"aligncenter\">\n<p class=\"aligncenter\"><b>The Washington Post (EUA)<br \/>\n<\/b>Apesar de sua postura reconhecidamente conservadora, o Washington Post surpreendeu em sua capa: &#8220;Revolucion\u00e1rio que refez Cuba&#8221;<\/p>\n<p class=\"aligncenter\"><a href=\"http:\/\/globalattitude.org.br\/wp-content\/uploads\/2023\/03\/003-WPOST.jpg\" rel=\"attachment wp-att-2910\"><img loading=\"lazy\" decoding=\"async\" class=\"aligncenter size-full wp-image-2910\" src=\"http:\/\/globalattitude.org.br\/wp-content\/uploads\/2023\/03\/003-WPOST.jpg\" alt=\"003-wpost\" width=\"700\" height=\"1444\" \/><\/a><\/p>\n","protected":false},"excerpt":{"rendered":"<p>A morte de Fidel Castro, na noite de 25 de novembro de 2016, dividiu o mundo praticamente ao meio. Em quest\u00e3o de instantes, as redes sociais foram alagadas com coment\u00e1rios a favor e contra a figura do l\u00edder cubano, que faleceu de causas desconhecidas aos 90 anos. A m\u00edtica figura de Fidel expressa sua import\u00e2ncia [&hellip;]<\/p>\n","protected":false},"author":1,"featured_media":1535,"comment_status":"open","ping_status":"open","sticky":false,"template":"","format":"standard","meta":{"_acf_changed":false,"om_disable_all_campaigns":false,"_monsterinsights_skip_tracking":false,"_monsterinsights_sitenote_active":false,"_monsterinsights_sitenote_note":"","_monsterinsights_sitenote_category":0,"_uf_show_specific_survey":0,"_uf_disable_surveys":false,"footnotes":""},"categories":[35,34],"tags":[],"class_list":["post-1534","post","type-post","status-publish","format-standard","hentry","category-opiniao","category-ultimas"],"acf":[],"aioseo_notices":[],"yoast_head":"<!-- This site is optimized with the Yoast SEO plugin v27.4 - https:\/\/yoast.com\/product\/yoast-seo-wordpress\/ -->\n<title>14 capas de jornais sobre a morte de Fidel Castro mostram como o mundo reagiu - Instituto Global Attitude<\/title>\n<meta name=\"robots\" content=\"index, follow, max-snippet:-1, max-image-preview:large, max-video-preview:-1\" \/>\n<link rel=\"canonical\" href=\"https:\/\/globalattitude.org.br\/en\/14-capas-de-jornais-sobre-a-morte-de-fidel-castro-mostram-como-o-mundo-reagiu\/\" \/>\n<meta property=\"og:locale\" content=\"en_US\" \/>\n<meta property=\"og:type\" content=\"article\" \/>\n<meta property=\"og:title\" content=\"14 capas de jornais sobre a morte de Fidel Castro mostram como o mundo reagiu - Instituto Global Attitude\" \/>\n<meta property=\"og:description\" content=\"A morte de Fidel Castro, na noite de 25 de novembro de 2016, dividiu o mundo praticamente ao meio. Em quest\u00e3o de instantes, as redes sociais foram alagadas com coment\u00e1rios a favor e contra a figura do l\u00edder cubano, que faleceu de causas desconhecidas aos 90 anos. A m\u00edtica figura de Fidel expressa sua import\u00e2ncia [&hellip;]\" \/>\n<meta property=\"og:url\" content=\"https:\/\/globalattitude.org.br\/en\/14-capas-de-jornais-sobre-a-morte-de-fidel-castro-mostram-como-o-mundo-reagiu\/\" \/>\n<meta property=\"og:site_name\" content=\"Instituto Global Attitude\" \/>\n<meta property=\"article:publisher\" content=\"https:\/\/www.facebook.com\/global.attitude.org\/\" \/>\n<meta property=\"article:published_time\" content=\"2016-11-28T22:32:08+00:00\" \/>\n<meta property=\"article:modified_time\" content=\"2023-03-10T13:15:33+00:00\" \/>\n<meta property=\"og:image\" content=\"https:\/\/globalattitude.org.br\/wp-content\/uploads\/2023\/03\/001-Guardian-ING.jpg\" \/>\n\t<meta property=\"og:image:width\" content=\"700\" \/>\n\t<meta property=\"og:image:height\" content=\"1063\" \/>\n\t<meta property=\"og:image:type\" content=\"image\/jpeg\" \/>\n<meta name=\"author\" content=\"123esite\" \/>\n<meta name=\"twitter:card\" content=\"summary_large_image\" \/>\n<meta name=\"twitter:creator\" content=\"@global_attitude\" \/>\n<meta name=\"twitter:site\" content=\"@global_attitude\" \/>\n<meta name=\"twitter:label1\" content=\"Written by\" \/>\n\t<meta name=\"twitter:data1\" content=\"123esite\" \/>\n\t<meta name=\"twitter:label2\" content=\"Est. reading time\" \/>\n\t<meta name=\"twitter:data2\" content=\"3 minutes\" \/>\n<script type=\"application\/ld+json\" class=\"yoast-schema-graph\">{\"@context\":\"https:\\\/\\\/schema.org\",\"@graph\":[{\"@type\":[\"Article\",\"BlogPosting\"],\"@id\":\"https:\\\/\\\/globalattitude.org.br\\\/en\\\/14-capas-de-jornais-sobre-a-morte-de-fidel-castro-mostram-como-o-mundo-reagiu\\\/#article\",\"isPartOf\":{\"@id\":\"https:\\\/\\\/globalattitude.org.br\\\/en\\\/14-capas-de-jornais-sobre-a-morte-de-fidel-castro-mostram-como-o-mundo-reagiu\\\/\"},\"author\":{\"name\":\"123esite\",\"@id\":\"https:\\\/\\\/globalattitude.org.br\\\/en\\\/#\\\/schema\\\/person\\\/6d308f9d9d1eebad0278ad9386f13169\"},\"headline\":\"14 capas de jornais sobre a morte de Fidel Castro mostram como o mundo reagiu\",\"datePublished\":\"2016-11-28T22:32:08+00:00\",\"dateModified\":\"2023-03-10T13:15:33+00:00\",\"mainEntityOfPage\":{\"@id\":\"https:\\\/\\\/globalattitude.org.br\\\/en\\\/14-capas-de-jornais-sobre-a-morte-de-fidel-castro-mostram-como-o-mundo-reagiu\\\/\"},\"wordCount\":685,\"commentCount\":0,\"publisher\":{\"@id\":\"https:\\\/\\\/globalattitude.org.br\\\/en\\\/#organization\"},\"image\":{\"@id\":\"https:\\\/\\\/globalattitude.org.br\\\/en\\\/14-capas-de-jornais-sobre-a-morte-de-fidel-castro-mostram-como-o-mundo-reagiu\\\/#primaryimage\"},\"thumbnailUrl\":\"https:\\\/\\\/globalattitude.org.br\\\/wp-content\\\/uploads\\\/2023\\\/03\\\/001-Guardian-ING.jpg\",\"articleSection\":[\"Opini\u00e3o\",\"\u00daltimas\"],\"inLanguage\":\"en-US\",\"potentialAction\":[{\"@type\":\"CommentAction\",\"name\":\"Comment\",\"target\":[\"https:\\\/\\\/globalattitude.org.br\\\/en\\\/14-capas-de-jornais-sobre-a-morte-de-fidel-castro-mostram-como-o-mundo-reagiu\\\/#respond\"]}]},{\"@type\":\"WebPage\",\"@id\":\"https:\\\/\\\/globalattitude.org.br\\\/en\\\/14-capas-de-jornais-sobre-a-morte-de-fidel-castro-mostram-como-o-mundo-reagiu\\\/\",\"url\":\"https:\\\/\\\/globalattitude.org.br\\\/en\\\/14-capas-de-jornais-sobre-a-morte-de-fidel-castro-mostram-como-o-mundo-reagiu\\\/\",\"name\":\"14 capas de jornais sobre a morte de Fidel Castro mostram como o mundo reagiu - Instituto Global Attitude\",\"isPartOf\":{\"@id\":\"https:\\\/\\\/globalattitude.org.br\\\/en\\\/#website\"},\"primaryImageOfPage\":{\"@id\":\"https:\\\/\\\/globalattitude.org.br\\\/en\\\/14-capas-de-jornais-sobre-a-morte-de-fidel-castro-mostram-como-o-mundo-reagiu\\\/#primaryimage\"},\"image\":{\"@id\":\"https:\\\/\\\/globalattitude.org.br\\\/en\\\/14-capas-de-jornais-sobre-a-morte-de-fidel-castro-mostram-como-o-mundo-reagiu\\\/#primaryimage\"},\"thumbnailUrl\":\"https:\\\/\\\/globalattitude.org.br\\\/wp-content\\\/uploads\\\/2023\\\/03\\\/001-Guardian-ING.jpg\",\"datePublished\":\"2016-11-28T22:32:08+00:00\",\"dateModified\":\"2023-03-10T13:15:33+00:00\",\"breadcrumb\":{\"@id\":\"https:\\\/\\\/globalattitude.org.br\\\/en\\\/14-capas-de-jornais-sobre-a-morte-de-fidel-castro-mostram-como-o-mundo-reagiu\\\/#breadcrumb\"},\"inLanguage\":\"en-US\",\"potentialAction\":[{\"@type\":\"ReadAction\",\"target\":[\"https:\\\/\\\/globalattitude.org.br\\\/en\\\/14-capas-de-jornais-sobre-a-morte-de-fidel-castro-mostram-como-o-mundo-reagiu\\\/\"]}]},{\"@type\":\"ImageObject\",\"inLanguage\":\"en-US\",\"@id\":\"https:\\\/\\\/globalattitude.org.br\\\/en\\\/14-capas-de-jornais-sobre-a-morte-de-fidel-castro-mostram-como-o-mundo-reagiu\\\/#primaryimage\",\"url\":\"https:\\\/\\\/globalattitude.org.br\\\/wp-content\\\/uploads\\\/2023\\\/03\\\/001-Guardian-ING.jpg\",\"contentUrl\":\"https:\\\/\\\/globalattitude.org.br\\\/wp-content\\\/uploads\\\/2023\\\/03\\\/001-Guardian-ING.jpg\",\"width\":700,\"height\":1063},{\"@type\":\"BreadcrumbList\",\"@id\":\"https:\\\/\\\/globalattitude.org.br\\\/en\\\/14-capas-de-jornais-sobre-a-morte-de-fidel-castro-mostram-como-o-mundo-reagiu\\\/#breadcrumb\",\"itemListElement\":[{\"@type\":\"ListItem\",\"position\":1,\"name\":\"In\u00edcio\",\"item\":\"https:\\\/\\\/globalattitude.org.br\\\/en\\\/\"},{\"@type\":\"ListItem\",\"position\":2,\"name\":\"14 capas de jornais sobre a morte de Fidel Castro mostram como o mundo reagiu\"}]},{\"@type\":\"WebSite\",\"@id\":\"https:\\\/\\\/globalattitude.org.br\\\/en\\\/#website\",\"url\":\"https:\\\/\\\/globalattitude.org.br\\\/en\\\/\",\"name\":\"Instituto Global Attitude\",\"description\":\"\",\"publisher\":{\"@id\":\"https:\\\/\\\/globalattitude.org.br\\\/en\\\/#organization\"},\"potentialAction\":[{\"@type\":\"SearchAction\",\"target\":{\"@type\":\"EntryPoint\",\"urlTemplate\":\"https:\\\/\\\/globalattitude.org.br\\\/en\\\/?s={search_term_string}\"},\"query-input\":{\"@type\":\"PropertyValueSpecification\",\"valueRequired\":true,\"valueName\":\"search_term_string\"}}],\"inLanguage\":\"en-US\"},{\"@type\":\"Organization\",\"@id\":\"https:\\\/\\\/globalattitude.org.br\\\/en\\\/#organization\",\"name\":\"Instituto Global Attitude\",\"url\":\"https:\\\/\\\/globalattitude.org.br\\\/en\\\/\",\"logo\":{\"@type\":\"ImageObject\",\"inLanguage\":\"en-US\",\"@id\":\"https:\\\/\\\/globalattitude.org.br\\\/en\\\/#\\\/schema\\\/logo\\\/image\\\/\",\"url\":\"https:\\\/\\\/globalattitude.org.br\\\/wp-content\\\/uploads\\\/2023\\\/01\\\/instituto-global-attitude-color.png\",\"contentUrl\":\"https:\\\/\\\/globalattitude.org.br\\\/wp-content\\\/uploads\\\/2023\\\/01\\\/instituto-global-attitude-color.png\",\"width\":300,\"height\":131,\"caption\":\"Instituto Global Attitude\"},\"image\":{\"@id\":\"https:\\\/\\\/globalattitude.org.br\\\/en\\\/#\\\/schema\\\/logo\\\/image\\\/\"},\"sameAs\":[\"https:\\\/\\\/www.facebook.com\\\/global.attitude.org\\\/\",\"https:\\\/\\\/x.com\\\/global_attitude\",\"https:\\\/\\\/www.instagram.com\\\/globalattitude\",\"https:\\\/\\\/www.linkedin.com\\\/company\\\/global-attitude\\\/?viewAsMember=true\"]},{\"@type\":\"Person\",\"@id\":\"https:\\\/\\\/globalattitude.org.br\\\/en\\\/#\\\/schema\\\/person\\\/6d308f9d9d1eebad0278ad9386f13169\",\"name\":\"123esite\",\"image\":{\"@type\":\"ImageObject\",\"inLanguage\":\"en-US\",\"@id\":\"https:\\\/\\\/secure.gravatar.com\\\/avatar\\\/07bd71fac19f42004f2b73567f012e126689afdb23cb0017536dea9113ba1806?s=96&d=mm&r=g\",\"url\":\"https:\\\/\\\/secure.gravatar.com\\\/avatar\\\/07bd71fac19f42004f2b73567f012e126689afdb23cb0017536dea9113ba1806?s=96&d=mm&r=g\",\"contentUrl\":\"https:\\\/\\\/secure.gravatar.com\\\/avatar\\\/07bd71fac19f42004f2b73567f012e126689afdb23cb0017536dea9113ba1806?s=96&d=mm&r=g\",\"caption\":\"123esite\"},\"sameAs\":[\"http:\\\/\\\/globalattitude.org.br\"],\"url\":\"https:\\\/\\\/globalattitude.org.br\\\/en\\\/author\\\/123esite\\\/\"}]}<\/script>\n<!-- \/ Yoast SEO plugin. -->","yoast_head_json":{"title":"14 capas de jornais sobre a morte de Fidel Castro mostram como o mundo reagiu - Instituto Global Attitude","robots":{"index":"index","follow":"follow","max-snippet":"max-snippet:-1","max-image-preview":"max-image-preview:large","max-video-preview":"max-video-preview:-1"},"canonical":"https:\/\/globalattitude.org.br\/en\/14-capas-de-jornais-sobre-a-morte-de-fidel-castro-mostram-como-o-mundo-reagiu\/","og_locale":"en_US","og_type":"article","og_title":"14 capas de jornais sobre a morte de Fidel Castro mostram como o mundo reagiu - Instituto Global Attitude","og_description":"A morte de Fidel Castro, na noite de 25 de novembro de 2016, dividiu o mundo praticamente ao meio. Em quest\u00e3o de instantes, as redes sociais foram alagadas com coment\u00e1rios a favor e contra a figura do l\u00edder cubano, que faleceu de causas desconhecidas aos 90 anos. A m\u00edtica figura de Fidel expressa sua import\u00e2ncia [&hellip;]","og_url":"https:\/\/globalattitude.org.br\/en\/14-capas-de-jornais-sobre-a-morte-de-fidel-castro-mostram-como-o-mundo-reagiu\/","og_site_name":"Instituto Global Attitude","article_publisher":"https:\/\/www.facebook.com\/global.attitude.org\/","article_published_time":"2016-11-28T22:32:08+00:00","article_modified_time":"2023-03-10T13:15:33+00:00","og_image":[{"width":700,"height":1063,"url":"https:\/\/globalattitude.org.br\/wp-content\/uploads\/2023\/03\/001-Guardian-ING.jpg","type":"image\/jpeg"}],"author":"123esite","twitter_card":"summary_large_image","twitter_creator":"@global_attitude","twitter_site":"@global_attitude","twitter_misc":{"Written by":"123esite","Est. reading time":"3 minutes"},"schema":{"@context":"https:\/\/schema.org","@graph":[{"@type":["Article","BlogPosting"],"@id":"https:\/\/globalattitude.org.br\/en\/14-capas-de-jornais-sobre-a-morte-de-fidel-castro-mostram-como-o-mundo-reagiu\/#article","isPartOf":{"@id":"https:\/\/globalattitude.org.br\/en\/14-capas-de-jornais-sobre-a-morte-de-fidel-castro-mostram-como-o-mundo-reagiu\/"},"author":{"name":"123esite","@id":"https:\/\/globalattitude.org.br\/en\/#\/schema\/person\/6d308f9d9d1eebad0278ad9386f13169"},"headline":"14 capas de jornais sobre a morte de Fidel Castro mostram como o mundo reagiu","datePublished":"2016-11-28T22:32:08+00:00","dateModified":"2023-03-10T13:15:33+00:00","mainEntityOfPage":{"@id":"https:\/\/globalattitude.org.br\/en\/14-capas-de-jornais-sobre-a-morte-de-fidel-castro-mostram-como-o-mundo-reagiu\/"},"wordCount":685,"commentCount":0,"publisher":{"@id":"https:\/\/globalattitude.org.br\/en\/#organization"},"image":{"@id":"https:\/\/globalattitude.org.br\/en\/14-capas-de-jornais-sobre-a-morte-de-fidel-castro-mostram-como-o-mundo-reagiu\/#primaryimage"},"thumbnailUrl":"https:\/\/globalattitude.org.br\/wp-content\/uploads\/2023\/03\/001-Guardian-ING.jpg","articleSection":["Opini\u00e3o","\u00daltimas"],"inLanguage":"en-US","potentialAction":[{"@type":"CommentAction","name":"Comment","target":["https:\/\/globalattitude.org.br\/en\/14-capas-de-jornais-sobre-a-morte-de-fidel-castro-mostram-como-o-mundo-reagiu\/#respond"]}]},{"@type":"WebPage","@id":"https:\/\/globalattitude.org.br\/en\/14-capas-de-jornais-sobre-a-morte-de-fidel-castro-mostram-como-o-mundo-reagiu\/","url":"https:\/\/globalattitude.org.br\/en\/14-capas-de-jornais-sobre-a-morte-de-fidel-castro-mostram-como-o-mundo-reagiu\/","name":"14 capas de jornais sobre a morte de Fidel Castro mostram como o mundo reagiu - Instituto Global Attitude","isPartOf":{"@id":"https:\/\/globalattitude.org.br\/en\/#website"},"primaryImageOfPage":{"@id":"https:\/\/globalattitude.org.br\/en\/14-capas-de-jornais-sobre-a-morte-de-fidel-castro-mostram-como-o-mundo-reagiu\/#primaryimage"},"image":{"@id":"https:\/\/globalattitude.org.br\/en\/14-capas-de-jornais-sobre-a-morte-de-fidel-castro-mostram-como-o-mundo-reagiu\/#primaryimage"},"thumbnailUrl":"https:\/\/globalattitude.org.br\/wp-content\/uploads\/2023\/03\/001-Guardian-ING.jpg","datePublished":"2016-11-28T22:32:08+00:00","dateModified":"2023-03-10T13:15:33+00:00","breadcrumb":{"@id":"https:\/\/globalattitude.org.br\/en\/14-capas-de-jornais-sobre-a-morte-de-fidel-castro-mostram-como-o-mundo-reagiu\/#breadcrumb"},"inLanguage":"en-US","potentialAction":[{"@type":"ReadAction","target":["https:\/\/globalattitude.org.br\/en\/14-capas-de-jornais-sobre-a-morte-de-fidel-castro-mostram-como-o-mundo-reagiu\/"]}]},{"@type":"ImageObject","inLanguage":"en-US","@id":"https:\/\/globalattitude.org.br\/en\/14-capas-de-jornais-sobre-a-morte-de-fidel-castro-mostram-como-o-mundo-reagiu\/#primaryimage","url":"https:\/\/globalattitude.org.br\/wp-content\/uploads\/2023\/03\/001-Guardian-ING.jpg","contentUrl":"https:\/\/globalattitude.org.br\/wp-content\/uploads\/2023\/03\/001-Guardian-ING.jpg","width":700,"height":1063},{"@type":"BreadcrumbList","@id":"https:\/\/globalattitude.org.br\/en\/14-capas-de-jornais-sobre-a-morte-de-fidel-castro-mostram-como-o-mundo-reagiu\/#breadcrumb","itemListElement":[{"@type":"ListItem","position":1,"name":"In\u00edcio","item":"https:\/\/globalattitude.org.br\/en\/"},{"@type":"ListItem","position":2,"name":"14 capas de jornais sobre a morte de Fidel Castro mostram como o mundo reagiu"}]},{"@type":"WebSite","@id":"https:\/\/globalattitude.org.br\/en\/#website","url":"https:\/\/globalattitude.org.br\/en\/","name":"Instituto Global Attitude","description":"","publisher":{"@id":"https:\/\/globalattitude.org.br\/en\/#organization"},"potentialAction":[{"@type":"SearchAction","target":{"@type":"EntryPoint","urlTemplate":"https:\/\/globalattitude.org.br\/en\/?s={search_term_string}"},"query-input":{"@type":"PropertyValueSpecification","valueRequired":true,"valueName":"search_term_string"}}],"inLanguage":"en-US"},{"@type":"Organization","@id":"https:\/\/globalattitude.org.br\/en\/#organization","name":"Instituto Global Attitude","url":"https:\/\/globalattitude.org.br\/en\/","logo":{"@type":"ImageObject","inLanguage":"en-US","@id":"https:\/\/globalattitude.org.br\/en\/#\/schema\/logo\/image\/","url":"https:\/\/globalattitude.org.br\/wp-content\/uploads\/2023\/01\/instituto-global-attitude-color.png","contentUrl":"https:\/\/globalattitude.org.br\/wp-content\/uploads\/2023\/01\/instituto-global-attitude-color.png","width":300,"height":131,"caption":"Instituto Global Attitude"},"image":{"@id":"https:\/\/globalattitude.org.br\/en\/#\/schema\/logo\/image\/"},"sameAs":["https:\/\/www.facebook.com\/global.attitude.org\/","https:\/\/x.com\/global_attitude","https:\/\/www.instagram.com\/globalattitude","https:\/\/www.linkedin.com\/company\/global-attitude\/?viewAsMember=true"]},{"@type":"Person","@id":"https:\/\/globalattitude.org.br\/en\/#\/schema\/person\/6d308f9d9d1eebad0278ad9386f13169","name":"123esite","image":{"@type":"ImageObject","inLanguage":"en-US","@id":"https:\/\/secure.gravatar.com\/avatar\/07bd71fac19f42004f2b73567f012e126689afdb23cb0017536dea9113ba1806?s=96&d=mm&r=g","url":"https:\/\/secure.gravatar.com\/avatar\/07bd71fac19f42004f2b73567f012e126689afdb23cb0017536dea9113ba1806?s=96&d=mm&r=g","contentUrl":"https:\/\/secure.gravatar.com\/avatar\/07bd71fac19f42004f2b73567f012e126689afdb23cb0017536dea9113ba1806?s=96&d=mm&r=g","caption":"123esite"},"sameAs":["http:\/\/globalattitude.org.br"],"url":"https:\/\/globalattitude.org.br\/en\/author\/123esite\/"}]}},"_links":{"self":[{"href":"https:\/\/globalattitude.org.br\/en\/wp-json\/wp\/v2\/posts\/1534","targetHints":{"allow":["GET"]}}],"collection":[{"href":"https:\/\/globalattitude.org.br\/en\/wp-json\/wp\/v2\/posts"}],"about":[{"href":"https:\/\/globalattitude.org.br\/en\/wp-json\/wp\/v2\/types\/post"}],"author":[{"embeddable":true,"href":"https:\/\/globalattitude.org.br\/en\/wp-json\/wp\/v2\/users\/1"}],"replies":[{"embeddable":true,"href":"https:\/\/globalattitude.org.br\/en\/wp-json\/wp\/v2\/comments?post=1534"}],"version-history":[{"count":1,"href":"https:\/\/globalattitude.org.br\/en\/wp-json\/wp\/v2\/posts\/1534\/revisions"}],"predecessor-version":[{"id":1545,"href":"https:\/\/globalattitude.org.br\/en\/wp-json\/wp\/v2\/posts\/1534\/revisions\/1545"}],"wp:featuredmedia":[{"embeddable":true,"href":"https:\/\/globalattitude.org.br\/en\/wp-json\/wp\/v2\/media\/1535"}],"wp:attachment":[{"href":"https:\/\/globalattitude.org.br\/en\/wp-json\/wp\/v2\/media?parent=1534"}],"wp:term":[{"taxonomy":"category","embeddable":true,"href":"https:\/\/globalattitude.org.br\/en\/wp-json\/wp\/v2\/categories?post=1534"},{"taxonomy":"post_tag","embeddable":true,"href":"https:\/\/globalattitude.org.br\/en\/wp-json\/wp\/v2\/tags?post=1534"}],"curies":[{"name":"wp","href":"https:\/\/api.w.org\/{rel}","templated":true}]}}