{"id":1624,"date":"2017-01-30T18:43:46","date_gmt":"2017-01-30T20:43:46","guid":{"rendered":"https:\/\/globalattitude.org.br\/delegados-nobel-peace-summit-bogota\/"},"modified":"2023-03-10T10:16:52","modified_gmt":"2023-03-10T13:16:52","slug":"delegados-nobel-peace-summit-bogota","status":"publish","type":"post","link":"https:\/\/globalattitude.org.br\/en\/delegados-nobel-peace-summit-bogota\/","title":{"rendered":"Conhe\u00e7a os delegados do Nobel Peace Summit 2017"},"content":{"rendered":"<p>No pr\u00f3ximo dia 1\u00ba de fevereiro, quarta, os oito delegados selecionados pelo Instituto Global Attitude embarcam para Bogot\u00e1, na Col\u00f4mbia, para participar do Nobel Peace Summit. Ao todo, 170 pessoas fizeram parte do processo seletivo e, agora, os oito escolhidos agora v\u00e3o ter uma agenda cheia de debates sobre o processo de constru\u00e7\u00e3o da paz. Veja quem vai fazer parte da delega\u00e7\u00e3o:<\/p>\n<p class=\"p1\"><strong style=\"font-size: 1rem;\"><span class=\"s1\">Conhe\u00e7a um pouco mais sobre os delegados:<\/span><\/strong><\/p>\n<p class=\"p1\"><img decoding=\"async\" class=\"alignleft wp-image-2993 size-full\" src=\"http:\/\/globalattitude.org.br\/wp-content\/uploads\/2023\/03\/alisonok-1.jpg\" width=\"196\" height=\"196\" \/><\/p>\n<p><strong>\u00c1lison Ribeiro<\/strong> \u00e9 graduado em Administra\u00e7\u00e3o pela Universidade Federal da Bahia. Atuou em mais de 16 coletivos pelo Brasil. \u00c9 Co-fundador da Alavanca Educacional, Neg\u00f3cio Social que conecta educa\u00e7\u00e3o, tecnologia e autoconhecimento na jornada do estudante, reconhecido pelo ganhador do Premio Nobel da Paz, Prof. Muhammed Yunus, como um dos projetos que pode mudar a educa\u00e7\u00e3o no mundo. Atualmente \u00e9 um dos trainees do Vetor Brasil, alocado para trabalhar com inova\u00e7\u00e3o social no Governo do Estado do Amazonas, fomentando empreendedorismo social na Amaz\u00f4nia.<\/p>\n<p class=\"p1\">&#8212;&#8212;&#8212;&#8212;&#8212;&#8212;&#8212;&#8212;&#8212;&#8212;&#8212;&#8212;&#8212;&#8212;&#8212;&#8212;&#8212;&#8212;&#8212;&#8212;&#8212;&#8212;&#8212;&#8212;&#8212;&#8212;&#8212;&#8212;&#8212;&#8212;&#8212;&#8212;&#8212;&#8212;&#8212;&#8212;&#8212;&#8212;&#8212;&#8212;&#8212;&#8212;&#8212;&#8212;&#8212;&#8212;&#8212;&#8212;&#8212;&#8212;&#8212;&#8212;&#8212;&#8212;&#8212;&#8212;&#8212;&#8212;-<\/p>\n<p class=\"p1\"><span class=\"s1\"><b><img decoding=\"async\" class=\"alignright wp-image-2994 size-full\" src=\"http:\/\/globalattitude.org.br\/wp-content\/uploads\/2023\/03\/lucianaok-1.jpg\" width=\"196\" height=\"196\" \/><\/b><\/span><\/p>\n<p><strong>Luciana Sonck<\/strong> \u00e9 soci\u00f3loga e mestranda em Planejamento e Gest\u00e3o do Territ\u00f3rio. Atua como consultora de gest\u00e3o de projetos, moderniza\u00e7\u00e3o em pol\u00edticas p\u00fablicas e democratiza\u00e7\u00e3o do acesso\/transpar\u00eancia em governo, atualmente em parceria com a UNESCO. Trabalhou no Instituto Votorantim no Programa de Apoio \u00e0 Gest\u00e3o P\u00fablica, em parceria com o BNDES, beneficiando munic\u00edpios em todo o Brasil com capta\u00e7\u00e3o de recursos e planejamento urbano e regional. Como empreendedora social, \u00e9 co-criadora da Butique Sustent\u00e1vel, iniciativa de reeduca\u00e7\u00e3o do consumo.<\/p>\n<p class=\"p1\">&#8212;&#8212;&#8212;&#8212;&#8212;&#8212;&#8212;&#8212;&#8212;&#8212;&#8212;&#8212;&#8212;&#8212;&#8212;&#8212;&#8212;&#8212;&#8212;&#8212;&#8212;&#8212;&#8212;&#8212;&#8212;&#8212;&#8212;&#8212;&#8212;&#8212;&#8212;&#8212;&#8212;&#8212;&#8212;&#8212;&#8212;&#8212;&#8212;&#8212;&#8212;&#8212;&#8212;&#8212;&#8212;&#8212;&#8212;&#8212;&#8212;&#8212;&#8212;&#8212;&#8212;&#8212;&#8212;&#8212;&#8212;&#8212;-<\/p>\n<p class=\"p1\"><img decoding=\"async\" class=\"alignleft wp-image-2995 size-full\" src=\"http:\/\/globalattitude.org.br\/wp-content\/uploads\/2023\/03\/Amaralina2ok-1.jpg\" width=\"196\" height=\"196\" \/><\/p>\n<p><strong>Amaralina Xavier<\/strong> \u00e9 formada em Comunica\u00e7\u00e3o Social pela UFRGS, trabalhou com pesquisa etnogr\u00e1fica em Hubs de Inova\u00e7\u00e3o no Rio Grande do Sul. \u00c9 co-fundadora do coletivo Porto Alegre Como Vamos, uma plataforma digital que, al\u00e9m de acompanhar o executivo e legislativo, se propunha a facilitar discuss\u00f5es e encontros para educa\u00e7\u00e3o pol\u00edtica, justi\u00e7a social e cidadania. Com especializa\u00e7\u00e3o em Planejamento de Comunica\u00e7\u00e3o Estrat\u00e9gica pela PUCRS, hoje estuda na University for Peace, da ONU, quest\u00f5es como uso das tecnologias para promover a paz e educa\u00e7\u00e3o para direitos Humanos.<\/p>\n<p class=\"p1\">&#8212;&#8212;&#8212;&#8212;&#8212;&#8212;&#8212;&#8212;&#8212;&#8212;&#8212;&#8212;&#8212;&#8212;&#8212;&#8212;&#8212;&#8212;&#8212;&#8212;&#8212;&#8212;&#8212;&#8212;&#8212;&#8212;&#8212;&#8212;&#8212;&#8212;&#8212;&#8212;&#8212;&#8212;&#8212;&#8212;&#8212;&#8212;&#8212;&#8212;&#8212;&#8212;&#8212;&#8212;&#8212;&#8212;&#8212;&#8212;&#8212;&#8212;&#8212;&#8212;&#8212;&#8212;&#8212;&#8212;&#8212;&#8212;-<\/p>\n<p class=\"p1\"><b><img loading=\"lazy\" decoding=\"async\" class=\"alignright wp-image-2996 size-full\" src=\"http:\/\/blog.globalattitude.org.br\/wordpress\/wp-content\/uploads\/2017\/01\/bruna-1ok-1.jpg\" width=\"196\" height=\"196\" \/><\/b><\/p>\n<p><strong>Bruna Adamatti<\/strong> \u00e9 graduada em Direito pela FDSBC. Estagiou em \u00f3rg\u00e3os p\u00fablicos, prestando assist\u00eancia jur\u00eddica no POUPATEMPO e servindo junto aos procuradores do munic\u00edpio de S\u00e3o Bernardo do Campo. Trabalhou como Fundraiser para Oxfam Ireland e em renomadas escolas das redes Pearson e Oxford. Atualmente, trabalha junto ao diretor executivo da Sister Cities no Brasil, representante do projeto \u201cNosso Futuro Comum. Participou da Virada das Na\u00e7\u00f5es Unidas, onde teve voz ativa. Hoje seu foco \u00e9 promover a paz mediante a Educa\u00e7\u00e3o livre, o multiculturalismo e a erradica\u00e7\u00e3o da intoler\u00e2ncia.<\/p>\n<p class=\"p1\">&#8212;&#8212;&#8212;&#8212;&#8212;&#8212;&#8212;&#8212;&#8212;&#8212;&#8212;&#8212;&#8212;&#8212;&#8212;&#8212;&#8212;&#8212;&#8212;&#8212;&#8212;&#8212;&#8212;&#8212;&#8212;&#8212;&#8212;&#8212;&#8212;&#8212;&#8212;&#8212;&#8212;&#8212;&#8212;&#8212;&#8212;&#8212;&#8212;&#8212;&#8212;&#8212;&#8212;&#8212;&#8212;&#8212;&#8212;&#8212;&#8212;&#8212;&#8212;&#8212;&#8212;&#8212;&#8212;&#8212;&#8212;&#8212;-<\/p>\n<p class=\"p1\"><span class=\"s1\"><b><img loading=\"lazy\" decoding=\"async\" class=\"alignleft wp-image-2997 size-full\" src=\"http:\/\/globalattitude.org.br\/wp-content\/uploads\/2023\/03\/Aliceok-1.jpg\" width=\"196\" height=\"196\" \/><\/b><\/span><\/p>\n<p><strong>Alice Gaudiot<\/strong> \u00e9 estudante de direito pela Universidade Federal de Pernambuco. J\u00e1 lecionou no Vestibular Cidad\u00e3o, um pr\u00e9-vestibular volunt\u00e1rio que assiste alunos de poucas condi\u00e7\u00f5es financeiras. Participa ainda do projeto Pro Bono Recife, auxiliando comunidades carentes com seus problemas na \u00e1rea criminal. Em 2016 foi uma das vencedoras do Torneio de Media\u00e7\u00e3o promovido pela ESMATRE em conjunto com a INADR, tendo sido premiada com uma bolsa para competir na Esc\u00f3cia representando o Brasil na competi\u00e7\u00e3o internacional. Atualmente trabalha no Tribunal de Justi\u00e7a de Pernambuco<\/p>\n<p class=\"p1\">&#8212;&#8212;&#8212;&#8212;&#8212;&#8212;&#8212;&#8212;&#8212;&#8212;&#8212;&#8212;&#8212;&#8212;&#8212;&#8212;&#8212;&#8212;&#8212;&#8212;&#8212;&#8212;&#8212;&#8212;&#8212;&#8212;&#8212;&#8212;&#8212;&#8212;&#8212;&#8212;&#8212;&#8212;&#8212;&#8212;&#8212;&#8212;&#8212;&#8212;&#8212;&#8212;&#8212;&#8212;&#8212;&#8212;&#8212;&#8212;&#8212;&#8212;&#8212;&#8212;&#8212;&#8212;&#8212;&#8212;&#8212;&#8212;-<\/p>\n<p class=\"p1\"><span class=\"s1\"><b><img loading=\"lazy\" decoding=\"async\" class=\"alignright wp-image-2998 size-full\" src=\"http:\/\/blog.globalattitude.org.br\/wordpress\/wp-content\/uploads\/2017\/01\/foto-thiago-freitas-rubimok-1.jpg\" width=\"196\" height=\"196\" \/><\/b><\/span><\/p>\n<p><strong>Thiago Freitas Rubim<\/strong> \u00e9 assistente jur\u00eddico do Minist\u00e9rio P\u00fablico de S\u00e3o Paulo (MP-SP). Foi advogado em diferentes escrit\u00f3rios de advocacia e empresas, e tamb\u00e9m em conv\u00eanio com a Defensoria P\u00fablica de S\u00e3o Paulo (DPESP). Foi graduado cum laude em Direito pela Faculdade de Direito de Ribeir\u00e3o Preto, da Universidade de S\u00e3o Paulo (FDRP-USP), e \u00e9 mestrando em Direito Processual Civil pela Faculdade de Direito, da Universidade de S\u00e3o Paulo (FDUSP). \u00c9 membro do Instituto Paulista de Cidades Criativas e Identidades Culturais (IPCCIC).<\/p>\n<p><span style=\"font-size: 1rem;\">&#8212;&#8212;&#8212;&#8212;&#8212;&#8212;&#8212;&#8212;&#8212;&#8212;&#8212;&#8212;&#8212;&#8212;&#8212;&#8212;&#8212;&#8212;&#8212;&#8212;&#8212;&#8212;&#8212;&#8212;&#8212;&#8212;&#8212;&#8212;&#8212;&#8212;&#8212;&#8212;&#8212;&#8212;&#8212;&#8212;&#8212;&#8212;&#8212;&#8212;&#8212;&#8212;&#8212;&#8212;&#8212;&#8212;&#8212;&#8212;&#8212;&#8212;&#8212;&#8212;&#8212;&#8212;&#8212;&#8212;&#8212;&#8212;&#8212;&#8212;&#8212;&#8212;&#8212;&#8212;&#8212;&#8212;&#8212;&#8212;&#8212;&#8212;&#8212;&#8212;-<\/span><\/p>\n<p class=\"p1\"><span class=\"s1\"><b><img loading=\"lazy\" decoding=\"async\" class=\"wp-image-2998 size-full alignleft\" src=\"http:\/\/globalattitude.org.br\/wp-content\/uploads\/2023\/03\/lizianeok-1.jpg\" width=\"196\" height=\"196\" \/><\/b><\/span><\/p>\n<p><strong>Liziane Silva<\/strong>, \u00e9 fundadora e CEO da Ink, membro do Hub S\u00e3o Paulo dos Global Shapers, fellow do Young Leaders of the Americas Initiative. \u00c9 tamb\u00e9m fellow do Global Good Fund, participante do programa 10.000 Mulheres da Goldman Sachs, Babson e FGV. Formada em Economia pela UFPR, certificada no Innovation Master Series em Stanford e em Avalia\u00e7\u00e3o de Projetos Sociais pelo MIT Poverty Action Lab e PUC Rio. Em 2015 Liziane foi reconhecida pela APMG e PM4NGOs como refer\u00eancia global na promo\u00e7\u00e3o da profissionaliza\u00e7\u00e3o da gest\u00e3o de projetos de desenvolvimento internacional e humanit\u00e1rio.<\/p>\n<p>&#8212;&#8212;&#8212;&#8212;&#8212;&#8212;&#8212;&#8212;&#8212;&#8212;&#8212;&#8212;&#8212;&#8212;&#8212;&#8212;&#8212;&#8212;&#8212;&#8212;&#8212;&#8212;&#8212;&#8212;&#8212;&#8212;&#8212;&#8212;&#8212;&#8212;&#8212;&#8212;&#8212;&#8212;&#8212;&#8212;&#8212;&#8212;&#8212;&#8212;&#8212;&#8212;&#8212;&#8212;&#8212;&#8212;&#8212;&#8212;&#8212;&#8212;&#8212;&#8212;&#8212;&#8212;&#8212;&#8212;&#8212;&#8212;-<\/p>\n<p class=\"p1\"><span class=\"s1\"><b><img loading=\"lazy\" decoding=\"async\" class=\"alignright wp-image-2998 size-full\" src=\"http:\/\/globalattitude.org.br\/wp-content\/uploads\/2023\/03\/Foto-Leticiaok-1.jpg\" width=\"196\" height=\"196\" \/><\/b><\/span><\/p>\n<p><strong>Let\u00edcia Freire<\/strong> \u00e9 estudante de bacharelado em Direito, se especializando em Direito Internacional e Empresarial pelo Instituto Brasileiro de Mercado de Capitais (IBMEC-RJ). Integra o N\u00facleo de Competi\u00e7\u00f5es Internacionais da Faculdade de Direito do IBMEC-RJ na \u00e1rea de Arbitragem Empresarial. Cursou Direitos Humanos Internacionais, pela Universit\u00e9 Catholique de Louvain. \u00c9 fundadora e atual Diretora Acad\u00eamica do instituto de pesquisa Globalist Institute, cujo objetivo \u00e9 aproximar estudantes de diferentes nacionalidades nos debates acerca de temas estrat\u00e9gicos.<\/p>\n<p class=\"p1\">&#8212;&#8212;&#8212;&#8212;&#8212;&#8212;&#8212;&#8212;&#8212;&#8212;&#8212;&#8212;&#8212;&#8212;&#8212;&#8212;&#8212;&#8212;&#8212;&#8212;&#8212;&#8212;&#8212;&#8212;&#8212;&#8212;&#8212;&#8212;&#8212;&#8212;&#8212;&#8212;&#8212;&#8212;&#8212;&#8212;&#8212;&#8212;&#8212;&#8212;&#8212;&#8212;&#8212;&#8212;&#8212;&#8212;&#8212;&#8212;&#8212;&#8212;&#8212;&#8212;&#8212;&#8212;&#8212;&#8212;&#8212;&#8212;-<\/p>\n<p class=\"p1\">O Instituto Global Attitude deseja uma \u00f3tima viagem aos delegados! E lembramos que h\u00e1 v\u00e1rios eventos e delega\u00e7\u00f5es planejados para este ano, logo, se voc\u00ea n\u00e3o foi escolhido dessa vez, n\u00e3o desanime.\u00a0<span class=\"s1\">Siga\u00a0<\/span><span class=\"s1\">a nossa <a href=\"https:\/\/www.facebook.com\/global.attitude.org\/\">p\u00e1gina no Facebook<\/a> ou <a href=\"https:\/\/www.facebook.com\/global.attitude.org\/app\/558781764146601\/\">assine nossa newsletter<\/a>\u00a0e fique ligado nos prazos de inscri\u00e7\u00e3o.<\/span><\/p>\n<p class=\"p1\"><strong>Antes da viagem<\/strong><\/p>\n<p class=\"p1\">Os delegados far\u00e3o parte de um programa\u00a0de prepara\u00e7\u00e3o antes do evento. Contando com quatro workshops, ministrados pelo americano Maxwell Lantz, mestre em Rela\u00e7\u00f5es Internacionais pelo <a href=\"http:\/\/graduateinstitute.ch\/home.html\">Graduate Institute of International and Development Studies<\/a> (Genebra, Su\u00ed\u00e7a), pelo Professor Doutor S\u00e9rgio Gil Marques dos Santos, doutor em Ci\u00eancia Pol\u00edtica pela USP e professor das <a href=\"http:\/\/www.riobrancofac.edu.br\/site\/default.aspx\">Faculdades Integradas Rio Branco<\/a>, e tamb\u00e9m pelo professor Cesar Alves Ferragi, doutor em Administra\u00e7\u00e3o P\u00fablica pela International Christian University (Jap\u00e3o) e professor de Rela\u00e7\u00f5es Internacionais da ESPM. Os workshops abordam temas como a Hist\u00f3ria do Brasil no contexto da constru\u00e7\u00e3o da paz mundial, Ingl\u00eas para neg\u00f3cios, T\u00e9cnicas de Networking e Como representar o Brasil no exterior. Al\u00e9m dos workshops de prepara\u00e7\u00e3o, os delegados tamb\u00e9m v\u00e3o ficar respons\u00e1veis pela produ\u00e7\u00e3o de um artigo, de opini\u00e3o ou de pesquisa, ligado \u00e0 tem\u00e1tica do evento.<\/p>\n<p class=\"p1\">Durante o F\u00f3rum, os delegados v\u00e3o apresentar o workshop\u00a0&#8220;Caminhos para a implementa\u00e7\u00e3o do ODS 16 no Brasil&#8221;, cujo objetivo \u00e9 apresentar os desafios de implementa\u00e7\u00e3o dos Objetivos do Desenvolvimento Sustent\u00e1vel, especialmente do ODS 16, no contexto brasileiro. A proposta do workshop \u00e9 apresentar como, a partir do empoderamento da popula\u00e7\u00e3o jovem, podemos desenvolver solu\u00e7\u00f5es para os desafios da justi\u00e7a social, e como isso j\u00e1 est\u00e1 acontecendo no Brasil.<\/p>\n","protected":false},"excerpt":{"rendered":"<p>No pr\u00f3ximo dia 1\u00ba de fevereiro, quarta, os oito delegados selecionados pelo Instituto Global Attitude embarcam para Bogot\u00e1, na Col\u00f4mbia, para participar do Nobel Peace Summit. Ao todo, 170 pessoas fizeram parte do processo seletivo e, agora, os oito escolhidos agora v\u00e3o ter uma agenda cheia de debates sobre o processo de constru\u00e7\u00e3o da paz. [&hellip;]<\/p>\n","protected":false},"author":1,"featured_media":1625,"comment_status":"open","ping_status":"open","sticky":false,"template":"","format":"standard","meta":{"_acf_changed":false,"om_disable_all_campaigns":false,"_monsterinsights_skip_tracking":false,"_monsterinsights_sitenote_active":false,"_monsterinsights_sitenote_note":"","_monsterinsights_sitenote_category":0,"_uf_show_specific_survey":0,"_uf_disable_surveys":false,"footnotes":""},"categories":[22,34],"tags":[],"class_list":["post-1624","post","type-post","status-publish","format-standard","hentry","category-programas","category-ultimas"],"acf":[],"aioseo_notices":[],"yoast_head":"<!-- This site is optimized with the Yoast SEO plugin v27.5 - https:\/\/yoast.com\/product\/yoast-seo-wordpress\/ -->\n<title>Conhe\u00e7a os delegados do Nobel Peace Summit 2017 - Instituto Global Attitude<\/title>\n<meta name=\"robots\" content=\"index, follow, max-snippet:-1, max-image-preview:large, max-video-preview:-1\" \/>\n<link rel=\"canonical\" href=\"https:\/\/globalattitude.org.br\/en\/delegados-nobel-peace-summit-bogota\/\" \/>\n<meta property=\"og:locale\" content=\"en_US\" \/>\n<meta property=\"og:type\" content=\"article\" \/>\n<meta property=\"og:title\" content=\"Conhe\u00e7a os delegados do Nobel Peace Summit 2017 - Instituto Global Attitude\" \/>\n<meta property=\"og:description\" content=\"No pr\u00f3ximo dia 1\u00ba de fevereiro, quarta, os oito delegados selecionados pelo Instituto Global Attitude embarcam para Bogot\u00e1, na Col\u00f4mbia, para participar do Nobel Peace Summit. Ao todo, 170 pessoas fizeram parte do processo seletivo e, agora, os oito escolhidos agora v\u00e3o ter uma agenda cheia de debates sobre o processo de constru\u00e7\u00e3o da paz. [&hellip;]\" \/>\n<meta property=\"og:url\" content=\"https:\/\/globalattitude.org.br\/en\/delegados-nobel-peace-summit-bogota\/\" \/>\n<meta property=\"og:site_name\" content=\"Instituto Global Attitude\" \/>\n<meta property=\"article:publisher\" content=\"https:\/\/www.facebook.com\/global.attitude.org\/\" \/>\n<meta property=\"article:published_time\" content=\"2017-01-30T20:43:46+00:00\" \/>\n<meta property=\"article:modified_time\" content=\"2023-03-10T13:16:52+00:00\" \/>\n<meta property=\"og:image\" content=\"https:\/\/globalattitude.org.br\/wp-content\/uploads\/2023\/03\/alisonok-1.jpg\" \/>\n\t<meta property=\"og:image:width\" content=\"196\" \/>\n\t<meta property=\"og:image:height\" content=\"196\" \/>\n\t<meta property=\"og:image:type\" content=\"image\/jpeg\" \/>\n<meta name=\"author\" content=\"123esite\" \/>\n<meta name=\"twitter:card\" content=\"summary_large_image\" \/>\n<meta name=\"twitter:creator\" content=\"@global_attitude\" \/>\n<meta name=\"twitter:site\" content=\"@global_attitude\" \/>\n<meta name=\"twitter:label1\" content=\"Written by\" \/>\n\t<meta name=\"twitter:data1\" content=\"123esite\" \/>\n\t<meta name=\"twitter:label2\" content=\"Est. reading time\" \/>\n\t<meta name=\"twitter:data2\" content=\"5 minutes\" \/>\n<script type=\"application\/ld+json\" class=\"yoast-schema-graph\">{\"@context\":\"https:\\\/\\\/schema.org\",\"@graph\":[{\"@type\":[\"Article\",\"BlogPosting\"],\"@id\":\"https:\\\/\\\/globalattitude.org.br\\\/en\\\/delegados-nobel-peace-summit-bogota\\\/#article\",\"isPartOf\":{\"@id\":\"https:\\\/\\\/globalattitude.org.br\\\/en\\\/delegados-nobel-peace-summit-bogota\\\/\"},\"author\":{\"name\":\"123esite\",\"@id\":\"http:\\\/\\\/globalattitude.org.br\\\/#\\\/schema\\\/person\\\/6d308f9d9d1eebad0278ad9386f13169\"},\"headline\":\"Conhe\u00e7a os delegados do Nobel Peace Summit 2017\",\"datePublished\":\"2017-01-30T20:43:46+00:00\",\"dateModified\":\"2023-03-10T13:16:52+00:00\",\"mainEntityOfPage\":{\"@id\":\"https:\\\/\\\/globalattitude.org.br\\\/en\\\/delegados-nobel-peace-summit-bogota\\\/\"},\"wordCount\":1105,\"commentCount\":0,\"publisher\":{\"@id\":\"http:\\\/\\\/globalattitude.org.br\\\/#organization\"},\"image\":{\"@id\":\"https:\\\/\\\/globalattitude.org.br\\\/en\\\/delegados-nobel-peace-summit-bogota\\\/#primaryimage\"},\"thumbnailUrl\":\"https:\\\/\\\/globalattitude.org.br\\\/wp-content\\\/uploads\\\/2023\\\/03\\\/alisonok-1.jpg\",\"articleSection\":[\"Programas\",\"\u00daltimas\"],\"inLanguage\":\"en-US\",\"potentialAction\":[{\"@type\":\"CommentAction\",\"name\":\"Comment\",\"target\":[\"https:\\\/\\\/globalattitude.org.br\\\/en\\\/delegados-nobel-peace-summit-bogota\\\/#respond\"]}]},{\"@type\":\"WebPage\",\"@id\":\"https:\\\/\\\/globalattitude.org.br\\\/en\\\/delegados-nobel-peace-summit-bogota\\\/\",\"url\":\"https:\\\/\\\/globalattitude.org.br\\\/en\\\/delegados-nobel-peace-summit-bogota\\\/\",\"name\":\"Conhe\u00e7a os delegados do Nobel Peace Summit 2017 - Instituto Global Attitude\",\"isPartOf\":{\"@id\":\"http:\\\/\\\/globalattitude.org.br\\\/#website\"},\"primaryImageOfPage\":{\"@id\":\"https:\\\/\\\/globalattitude.org.br\\\/en\\\/delegados-nobel-peace-summit-bogota\\\/#primaryimage\"},\"image\":{\"@id\":\"https:\\\/\\\/globalattitude.org.br\\\/en\\\/delegados-nobel-peace-summit-bogota\\\/#primaryimage\"},\"thumbnailUrl\":\"https:\\\/\\\/globalattitude.org.br\\\/wp-content\\\/uploads\\\/2023\\\/03\\\/alisonok-1.jpg\",\"datePublished\":\"2017-01-30T20:43:46+00:00\",\"dateModified\":\"2023-03-10T13:16:52+00:00\",\"breadcrumb\":{\"@id\":\"https:\\\/\\\/globalattitude.org.br\\\/en\\\/delegados-nobel-peace-summit-bogota\\\/#breadcrumb\"},\"inLanguage\":\"en-US\",\"potentialAction\":[{\"@type\":\"ReadAction\",\"target\":[\"https:\\\/\\\/globalattitude.org.br\\\/en\\\/delegados-nobel-peace-summit-bogota\\\/\"]}]},{\"@type\":\"ImageObject\",\"inLanguage\":\"en-US\",\"@id\":\"https:\\\/\\\/globalattitude.org.br\\\/en\\\/delegados-nobel-peace-summit-bogota\\\/#primaryimage\",\"url\":\"https:\\\/\\\/globalattitude.org.br\\\/wp-content\\\/uploads\\\/2023\\\/03\\\/alisonok-1.jpg\",\"contentUrl\":\"https:\\\/\\\/globalattitude.org.br\\\/wp-content\\\/uploads\\\/2023\\\/03\\\/alisonok-1.jpg\",\"width\":196,\"height\":196},{\"@type\":\"BreadcrumbList\",\"@id\":\"https:\\\/\\\/globalattitude.org.br\\\/en\\\/delegados-nobel-peace-summit-bogota\\\/#breadcrumb\",\"itemListElement\":[{\"@type\":\"ListItem\",\"position\":1,\"name\":\"In\u00edcio\",\"item\":\"https:\\\/\\\/globalattitude.org.br\\\/en\\\/\"},{\"@type\":\"ListItem\",\"position\":2,\"name\":\"Conhe\u00e7a os delegados do Nobel Peace Summit 2017\"}]},{\"@type\":\"WebSite\",\"@id\":\"http:\\\/\\\/globalattitude.org.br\\\/#website\",\"url\":\"http:\\\/\\\/globalattitude.org.br\\\/\",\"name\":\"Instituto Global Attitude\",\"description\":\"\",\"publisher\":{\"@id\":\"http:\\\/\\\/globalattitude.org.br\\\/#organization\"},\"potentialAction\":[{\"@type\":\"SearchAction\",\"target\":{\"@type\":\"EntryPoint\",\"urlTemplate\":\"http:\\\/\\\/globalattitude.org.br\\\/?s={search_term_string}\"},\"query-input\":{\"@type\":\"PropertyValueSpecification\",\"valueRequired\":true,\"valueName\":\"search_term_string\"}}],\"inLanguage\":\"en-US\"},{\"@type\":\"Organization\",\"@id\":\"http:\\\/\\\/globalattitude.org.br\\\/#organization\",\"name\":\"Instituto Global Attitude\",\"url\":\"http:\\\/\\\/globalattitude.org.br\\\/\",\"logo\":{\"@type\":\"ImageObject\",\"inLanguage\":\"en-US\",\"@id\":\"http:\\\/\\\/globalattitude.org.br\\\/#\\\/schema\\\/logo\\\/image\\\/\",\"url\":\"https:\\\/\\\/globalattitude.org.br\\\/wp-content\\\/uploads\\\/2023\\\/01\\\/instituto-global-attitude-color.png\",\"contentUrl\":\"https:\\\/\\\/globalattitude.org.br\\\/wp-content\\\/uploads\\\/2023\\\/01\\\/instituto-global-attitude-color.png\",\"width\":300,\"height\":131,\"caption\":\"Instituto Global Attitude\"},\"image\":{\"@id\":\"http:\\\/\\\/globalattitude.org.br\\\/#\\\/schema\\\/logo\\\/image\\\/\"},\"sameAs\":[\"https:\\\/\\\/www.facebook.com\\\/global.attitude.org\\\/\",\"https:\\\/\\\/x.com\\\/global_attitude\",\"https:\\\/\\\/www.instagram.com\\\/globalattitude\",\"https:\\\/\\\/www.linkedin.com\\\/company\\\/global-attitude\\\/?viewAsMember=true\"]},{\"@type\":\"Person\",\"@id\":\"http:\\\/\\\/globalattitude.org.br\\\/#\\\/schema\\\/person\\\/6d308f9d9d1eebad0278ad9386f13169\",\"name\":\"123esite\",\"image\":{\"@type\":\"ImageObject\",\"inLanguage\":\"en-US\",\"@id\":\"https:\\\/\\\/secure.gravatar.com\\\/avatar\\\/07bd71fac19f42004f2b73567f012e126689afdb23cb0017536dea9113ba1806?s=96&d=mm&r=g\",\"url\":\"https:\\\/\\\/secure.gravatar.com\\\/avatar\\\/07bd71fac19f42004f2b73567f012e126689afdb23cb0017536dea9113ba1806?s=96&d=mm&r=g\",\"contentUrl\":\"https:\\\/\\\/secure.gravatar.com\\\/avatar\\\/07bd71fac19f42004f2b73567f012e126689afdb23cb0017536dea9113ba1806?s=96&d=mm&r=g\",\"caption\":\"123esite\"},\"sameAs\":[\"http:\\\/\\\/globalattitude.org.br\"],\"url\":\"https:\\\/\\\/globalattitude.org.br\\\/en\\\/author\\\/123esite\\\/\"}]}<\/script>\n<!-- \/ Yoast SEO plugin. -->","yoast_head_json":{"title":"Conhe\u00e7a os delegados do Nobel Peace Summit 2017 - Instituto Global Attitude","robots":{"index":"index","follow":"follow","max-snippet":"max-snippet:-1","max-image-preview":"max-image-preview:large","max-video-preview":"max-video-preview:-1"},"canonical":"https:\/\/globalattitude.org.br\/en\/delegados-nobel-peace-summit-bogota\/","og_locale":"en_US","og_type":"article","og_title":"Conhe\u00e7a os delegados do Nobel Peace Summit 2017 - Instituto Global Attitude","og_description":"No pr\u00f3ximo dia 1\u00ba de fevereiro, quarta, os oito delegados selecionados pelo Instituto Global Attitude embarcam para Bogot\u00e1, na Col\u00f4mbia, para participar do Nobel Peace Summit. Ao todo, 170 pessoas fizeram parte do processo seletivo e, agora, os oito escolhidos agora v\u00e3o ter uma agenda cheia de debates sobre o processo de constru\u00e7\u00e3o da paz. [&hellip;]","og_url":"https:\/\/globalattitude.org.br\/en\/delegados-nobel-peace-summit-bogota\/","og_site_name":"Instituto Global Attitude","article_publisher":"https:\/\/www.facebook.com\/global.attitude.org\/","article_published_time":"2017-01-30T20:43:46+00:00","article_modified_time":"2023-03-10T13:16:52+00:00","og_image":[{"width":196,"height":196,"url":"https:\/\/globalattitude.org.br\/wp-content\/uploads\/2023\/03\/alisonok-1.jpg","type":"image\/jpeg"}],"author":"123esite","twitter_card":"summary_large_image","twitter_creator":"@global_attitude","twitter_site":"@global_attitude","twitter_misc":{"Written by":"123esite","Est. reading time":"5 minutes"},"schema":{"@context":"https:\/\/schema.org","@graph":[{"@type":["Article","BlogPosting"],"@id":"https:\/\/globalattitude.org.br\/en\/delegados-nobel-peace-summit-bogota\/#article","isPartOf":{"@id":"https:\/\/globalattitude.org.br\/en\/delegados-nobel-peace-summit-bogota\/"},"author":{"name":"123esite","@id":"http:\/\/globalattitude.org.br\/#\/schema\/person\/6d308f9d9d1eebad0278ad9386f13169"},"headline":"Conhe\u00e7a os delegados do Nobel Peace Summit 2017","datePublished":"2017-01-30T20:43:46+00:00","dateModified":"2023-03-10T13:16:52+00:00","mainEntityOfPage":{"@id":"https:\/\/globalattitude.org.br\/en\/delegados-nobel-peace-summit-bogota\/"},"wordCount":1105,"commentCount":0,"publisher":{"@id":"http:\/\/globalattitude.org.br\/#organization"},"image":{"@id":"https:\/\/globalattitude.org.br\/en\/delegados-nobel-peace-summit-bogota\/#primaryimage"},"thumbnailUrl":"https:\/\/globalattitude.org.br\/wp-content\/uploads\/2023\/03\/alisonok-1.jpg","articleSection":["Programas","\u00daltimas"],"inLanguage":"en-US","potentialAction":[{"@type":"CommentAction","name":"Comment","target":["https:\/\/globalattitude.org.br\/en\/delegados-nobel-peace-summit-bogota\/#respond"]}]},{"@type":"WebPage","@id":"https:\/\/globalattitude.org.br\/en\/delegados-nobel-peace-summit-bogota\/","url":"https:\/\/globalattitude.org.br\/en\/delegados-nobel-peace-summit-bogota\/","name":"Conhe\u00e7a os delegados do Nobel Peace Summit 2017 - Instituto Global Attitude","isPartOf":{"@id":"http:\/\/globalattitude.org.br\/#website"},"primaryImageOfPage":{"@id":"https:\/\/globalattitude.org.br\/en\/delegados-nobel-peace-summit-bogota\/#primaryimage"},"image":{"@id":"https:\/\/globalattitude.org.br\/en\/delegados-nobel-peace-summit-bogota\/#primaryimage"},"thumbnailUrl":"https:\/\/globalattitude.org.br\/wp-content\/uploads\/2023\/03\/alisonok-1.jpg","datePublished":"2017-01-30T20:43:46+00:00","dateModified":"2023-03-10T13:16:52+00:00","breadcrumb":{"@id":"https:\/\/globalattitude.org.br\/en\/delegados-nobel-peace-summit-bogota\/#breadcrumb"},"inLanguage":"en-US","potentialAction":[{"@type":"ReadAction","target":["https:\/\/globalattitude.org.br\/en\/delegados-nobel-peace-summit-bogota\/"]}]},{"@type":"ImageObject","inLanguage":"en-US","@id":"https:\/\/globalattitude.org.br\/en\/delegados-nobel-peace-summit-bogota\/#primaryimage","url":"https:\/\/globalattitude.org.br\/wp-content\/uploads\/2023\/03\/alisonok-1.jpg","contentUrl":"https:\/\/globalattitude.org.br\/wp-content\/uploads\/2023\/03\/alisonok-1.jpg","width":196,"height":196},{"@type":"BreadcrumbList","@id":"https:\/\/globalattitude.org.br\/en\/delegados-nobel-peace-summit-bogota\/#breadcrumb","itemListElement":[{"@type":"ListItem","position":1,"name":"In\u00edcio","item":"https:\/\/globalattitude.org.br\/en\/"},{"@type":"ListItem","position":2,"name":"Conhe\u00e7a os delegados do Nobel Peace Summit 2017"}]},{"@type":"WebSite","@id":"http:\/\/globalattitude.org.br\/#website","url":"http:\/\/globalattitude.org.br\/","name":"Instituto Global Attitude","description":"","publisher":{"@id":"http:\/\/globalattitude.org.br\/#organization"},"potentialAction":[{"@type":"SearchAction","target":{"@type":"EntryPoint","urlTemplate":"http:\/\/globalattitude.org.br\/?s={search_term_string}"},"query-input":{"@type":"PropertyValueSpecification","valueRequired":true,"valueName":"search_term_string"}}],"inLanguage":"en-US"},{"@type":"Organization","@id":"http:\/\/globalattitude.org.br\/#organization","name":"Instituto Global Attitude","url":"http:\/\/globalattitude.org.br\/","logo":{"@type":"ImageObject","inLanguage":"en-US","@id":"http:\/\/globalattitude.org.br\/#\/schema\/logo\/image\/","url":"https:\/\/globalattitude.org.br\/wp-content\/uploads\/2023\/01\/instituto-global-attitude-color.png","contentUrl":"https:\/\/globalattitude.org.br\/wp-content\/uploads\/2023\/01\/instituto-global-attitude-color.png","width":300,"height":131,"caption":"Instituto Global Attitude"},"image":{"@id":"http:\/\/globalattitude.org.br\/#\/schema\/logo\/image\/"},"sameAs":["https:\/\/www.facebook.com\/global.attitude.org\/","https:\/\/x.com\/global_attitude","https:\/\/www.instagram.com\/globalattitude","https:\/\/www.linkedin.com\/company\/global-attitude\/?viewAsMember=true"]},{"@type":"Person","@id":"http:\/\/globalattitude.org.br\/#\/schema\/person\/6d308f9d9d1eebad0278ad9386f13169","name":"123esite","image":{"@type":"ImageObject","inLanguage":"en-US","@id":"https:\/\/secure.gravatar.com\/avatar\/07bd71fac19f42004f2b73567f012e126689afdb23cb0017536dea9113ba1806?s=96&d=mm&r=g","url":"https:\/\/secure.gravatar.com\/avatar\/07bd71fac19f42004f2b73567f012e126689afdb23cb0017536dea9113ba1806?s=96&d=mm&r=g","contentUrl":"https:\/\/secure.gravatar.com\/avatar\/07bd71fac19f42004f2b73567f012e126689afdb23cb0017536dea9113ba1806?s=96&d=mm&r=g","caption":"123esite"},"sameAs":["http:\/\/globalattitude.org.br"],"url":"https:\/\/globalattitude.org.br\/en\/author\/123esite\/"}]}},"_links":{"self":[{"href":"https:\/\/globalattitude.org.br\/en\/wp-json\/wp\/v2\/posts\/1624","targetHints":{"allow":["GET"]}}],"collection":[{"href":"https:\/\/globalattitude.org.br\/en\/wp-json\/wp\/v2\/posts"}],"about":[{"href":"https:\/\/globalattitude.org.br\/en\/wp-json\/wp\/v2\/types\/post"}],"author":[{"embeddable":true,"href":"https:\/\/globalattitude.org.br\/en\/wp-json\/wp\/v2\/users\/1"}],"replies":[{"embeddable":true,"href":"https:\/\/globalattitude.org.br\/en\/wp-json\/wp\/v2\/comments?post=1624"}],"version-history":[{"count":1,"href":"https:\/\/globalattitude.org.br\/en\/wp-json\/wp\/v2\/posts\/1624\/revisions"}],"predecessor-version":[{"id":1631,"href":"https:\/\/globalattitude.org.br\/en\/wp-json\/wp\/v2\/posts\/1624\/revisions\/1631"}],"wp:featuredmedia":[{"embeddable":true,"href":"https:\/\/globalattitude.org.br\/en\/wp-json\/wp\/v2\/media\/1625"}],"wp:attachment":[{"href":"https:\/\/globalattitude.org.br\/en\/wp-json\/wp\/v2\/media?parent=1624"}],"wp:term":[{"taxonomy":"category","embeddable":true,"href":"https:\/\/globalattitude.org.br\/en\/wp-json\/wp\/v2\/categories?post=1624"},{"taxonomy":"post_tag","embeddable":true,"href":"https:\/\/globalattitude.org.br\/en\/wp-json\/wp\/v2\/tags?post=1624"}],"curies":[{"name":"wp","href":"https:\/\/api.w.org\/{rel}","templated":true}]}}