{"id":1649,"date":"2017-03-14T13:10:05","date_gmt":"2017-03-14T16:10:05","guid":{"rendered":"https:\/\/globalattitude.org.br\/eventos-da-onu-e-oecd-em-paris-e-viena-estao-com-inscricoes-abertas\/"},"modified":"2017-03-14T13:10:05","modified_gmt":"2017-03-14T16:10:05","slug":"eventos-da-onu-e-oecd-em-paris-e-viena-estao-com-inscricoes-abertas","status":"publish","type":"post","link":"https:\/\/globalattitude.org.br\/en\/eventos-da-onu-e-oecd-em-paris-e-viena-estao-com-inscricoes-abertas\/","title":{"rendered":"Eventos da ONU e OECD, em Paris e Viena, est\u00e3o com inscri\u00e7\u00f5es abertas"},"content":{"rendered":"<p><i><span style=\"font-weight: 400;\">At\u00e9 dia 22\u00a0de mar\u00e7o o Instituto Global Attitude recebe inscri\u00e7\u00f5es de interessados em participar das delega\u00e7\u00f5es do OECD Forum e do Vienna Energy Forum<\/span><\/i><\/p>\n<p><span style=\"font-weight: 400;\">O Instituto Global Attitude, por meio do programa Diplomacia Civil, anuncia a abertura de dois processos seletivos para participa\u00e7\u00e3o nos eventos OECD Forum e Vienna Energy Forum. At\u00e9 quarta-feira, 22\u00a0de mar\u00e7o, os interessados podem realizar sua inscri\u00e7\u00e3o por meio do preenchimento de formul\u00e1rio eletr\u00f4nico dispon\u00edvel <\/span><a href=\"http:\/\/blog.globalattitude.org.br\/inscricoes\/\"><span style=\"font-weight: 400;\">no site do Diplomacia Civil<\/span><\/a><span style=\"font-weight: 400;\">.<\/span><\/p>\n<p><span style=\"font-weight: 400;\">De 4 a 9 de junho, Paris recebe mais uma edi\u00e7\u00e3o do OECD Forum. Neste ano, o tema norteador do f\u00f3rum \u00e9 \u201cWorking together to achieve the Sustainable Development Goals\u201d e a proposta \u00e9 promover o encontro entre atores de diferentes setores da sociedade para debater quais os principais desafios para o desenvolvimento sustent\u00e1vel. <\/span><\/p>\n<p><span style=\"font-weight: 400;\">J\u00e1 o Vienna Energy Forum \u00e9 organizado pela Organiza\u00e7\u00e3o das Na\u00e7\u00f5es Unidas e acontece entre os dias 7 e 13 de maio, na capital austr\u00edaca. A confer\u00eancia deste ano adotou como tema &#8220;Sustainable energy for the implementation of the SDGs and the Paris Agreement&#8221; e prop\u00f5e uma abordagem hol\u00edstica da quest\u00e3o energ\u00e9tica, com discuss\u00f5es tem\u00e1ticas sobre energia verde, inova\u00e7\u00e3o e sustentabilidade, e Objetivos de Desenvolvimento Sustent\u00e1vel (ODS) .<\/span><\/p>\n<p><b>Como participar<\/b><\/p>\n<p><span style=\"font-weight: 400;\">Para fazer parte da sele\u00e7\u00e3o, o interessado deve preencher o formul\u00e1rio eletr\u00f4nico com suas informa\u00e7\u00f5es, e tamb\u00e9m anexar seu curr\u00edculo, at\u00e9 dia 22\u00a0de mar\u00e7o, \u00e0s 23h59 (hor\u00e1rio de Bras\u00edlia). O crit\u00e9rio de sele\u00e7\u00e3o leva em conta tanto o desempenho acad\u00eamico do candidato como o interesse pela tem\u00e1tica abordada nos eventos, al\u00e9m da proposta de artigo que ser\u00e1 desenvolvido durante a prepara\u00e7\u00e3o para a viagem.<\/span><\/p>\n<p><span style=\"font-weight: 400;\">O programa \u00e9 pago e inclui o credenciamento no evento, passagens a\u00e9reas de ida e volta, traslado aeroporto-hotel, acomoda\u00e7\u00e3o em hotel, seguro sa\u00fade, assist\u00eancia na emiss\u00e3o de visto, workshops de capacita\u00e7\u00e3o, supervis\u00e3o e orienta\u00e7\u00e3o para reda\u00e7\u00e3o do artigo de pesquisa, cart\u00e3o de visita personalizado, certificado de participa\u00e7\u00e3o e acompanhamento de um coordenador do Instituto Global Attitude.<\/span><\/p>\n","protected":false},"excerpt":{"rendered":"<p>At\u00e9 dia 22\u00a0de mar\u00e7o o Instituto Global Attitude recebe inscri\u00e7\u00f5es de interessados em participar das delega\u00e7\u00f5es do OECD Forum e do Vienna Energy Forum O Instituto Global Attitude, por meio do programa Diplomacia Civil, anuncia a abertura de dois processos seletivos para participa\u00e7\u00e3o nos eventos OECD Forum e Vienna Energy Forum. At\u00e9 quarta-feira, 22\u00a0de mar\u00e7o, [&hellip;]<\/p>\n","protected":false},"author":1,"featured_media":0,"comment_status":"open","ping_status":"open","sticky":false,"template":"","format":"standard","meta":{"_acf_changed":false,"om_disable_all_campaigns":false,"_monsterinsights_skip_tracking":false,"_monsterinsights_sitenote_active":false,"_monsterinsights_sitenote_note":"","_monsterinsights_sitenote_category":0,"_uf_show_specific_survey":0,"_uf_disable_surveys":false,"footnotes":""},"categories":[22,34],"tags":[],"class_list":["post-1649","post","type-post","status-publish","format-standard","hentry","category-programas","category-ultimas"],"acf":[],"aioseo_notices":[],"yoast_head":"<!-- This site is optimized with the Yoast SEO plugin v27.5 - https:\/\/yoast.com\/product\/yoast-seo-wordpress\/ -->\n<title>Eventos da ONU e OECD, em Paris e Viena, est\u00e3o com inscri\u00e7\u00f5es abertas - Instituto Global Attitude<\/title>\n<meta name=\"robots\" content=\"index, follow, max-snippet:-1, max-image-preview:large, max-video-preview:-1\" \/>\n<link rel=\"canonical\" href=\"https:\/\/globalattitude.org.br\/en\/eventos-da-onu-e-oecd-em-paris-e-viena-estao-com-inscricoes-abertas\/\" \/>\n<meta property=\"og:locale\" content=\"en_US\" \/>\n<meta property=\"og:type\" content=\"article\" \/>\n<meta property=\"og:title\" content=\"Eventos da ONU e OECD, em Paris e Viena, est\u00e3o com inscri\u00e7\u00f5es abertas - Instituto Global Attitude\" \/>\n<meta property=\"og:description\" content=\"At\u00e9 dia 22\u00a0de mar\u00e7o o Instituto Global Attitude recebe inscri\u00e7\u00f5es de interessados em participar das delega\u00e7\u00f5es do OECD Forum e do Vienna Energy Forum O Instituto Global Attitude, por meio do programa Diplomacia Civil, anuncia a abertura de dois processos seletivos para participa\u00e7\u00e3o nos eventos OECD Forum e Vienna Energy Forum. At\u00e9 quarta-feira, 22\u00a0de mar\u00e7o, [&hellip;]\" \/>\n<meta property=\"og:url\" content=\"https:\/\/globalattitude.org.br\/en\/eventos-da-onu-e-oecd-em-paris-e-viena-estao-com-inscricoes-abertas\/\" \/>\n<meta property=\"og:site_name\" content=\"Instituto Global Attitude\" \/>\n<meta property=\"article:publisher\" content=\"https:\/\/www.facebook.com\/global.attitude.org\/\" \/>\n<meta property=\"article:published_time\" content=\"2017-03-14T16:10:05+00:00\" \/>\n<meta name=\"author\" content=\"123esite\" \/>\n<meta name=\"twitter:card\" content=\"summary_large_image\" \/>\n<meta name=\"twitter:creator\" content=\"@global_attitude\" \/>\n<meta name=\"twitter:site\" content=\"@global_attitude\" \/>\n<meta name=\"twitter:label1\" content=\"Written by\" \/>\n\t<meta name=\"twitter:data1\" content=\"123esite\" \/>\n\t<meta name=\"twitter:label2\" content=\"Est. reading time\" \/>\n\t<meta name=\"twitter:data2\" content=\"2 minutes\" \/>\n<script type=\"application\/ld+json\" class=\"yoast-schema-graph\">{\"@context\":\"https:\\\/\\\/schema.org\",\"@graph\":[{\"@type\":[\"Article\",\"BlogPosting\"],\"@id\":\"https:\\\/\\\/globalattitude.org.br\\\/en\\\/eventos-da-onu-e-oecd-em-paris-e-viena-estao-com-inscricoes-abertas\\\/#article\",\"isPartOf\":{\"@id\":\"https:\\\/\\\/globalattitude.org.br\\\/en\\\/eventos-da-onu-e-oecd-em-paris-e-viena-estao-com-inscricoes-abertas\\\/\"},\"author\":{\"name\":\"123esite\",\"@id\":\"https:\\\/\\\/globalattitude.org.br\\\/en\\\/#\\\/schema\\\/person\\\/6d308f9d9d1eebad0278ad9386f13169\"},\"headline\":\"Eventos da ONU e OECD, em Paris e Viena, est\u00e3o com inscri\u00e7\u00f5es abertas\",\"datePublished\":\"2017-03-14T16:10:05+00:00\",\"mainEntityOfPage\":{\"@id\":\"https:\\\/\\\/globalattitude.org.br\\\/en\\\/eventos-da-onu-e-oecd-em-paris-e-viena-estao-com-inscricoes-abertas\\\/\"},\"wordCount\":374,\"commentCount\":0,\"publisher\":{\"@id\":\"https:\\\/\\\/globalattitude.org.br\\\/en\\\/#organization\"},\"articleSection\":[\"Programas\",\"\u00daltimas\"],\"inLanguage\":\"en-US\",\"potentialAction\":[{\"@type\":\"CommentAction\",\"name\":\"Comment\",\"target\":[\"https:\\\/\\\/globalattitude.org.br\\\/en\\\/eventos-da-onu-e-oecd-em-paris-e-viena-estao-com-inscricoes-abertas\\\/#respond\"]}]},{\"@type\":\"WebPage\",\"@id\":\"https:\\\/\\\/globalattitude.org.br\\\/en\\\/eventos-da-onu-e-oecd-em-paris-e-viena-estao-com-inscricoes-abertas\\\/\",\"url\":\"https:\\\/\\\/globalattitude.org.br\\\/en\\\/eventos-da-onu-e-oecd-em-paris-e-viena-estao-com-inscricoes-abertas\\\/\",\"name\":\"Eventos da ONU e OECD, em Paris e Viena, est\u00e3o com inscri\u00e7\u00f5es abertas - Instituto Global Attitude\",\"isPartOf\":{\"@id\":\"https:\\\/\\\/globalattitude.org.br\\\/en\\\/#website\"},\"datePublished\":\"2017-03-14T16:10:05+00:00\",\"breadcrumb\":{\"@id\":\"https:\\\/\\\/globalattitude.org.br\\\/en\\\/eventos-da-onu-e-oecd-em-paris-e-viena-estao-com-inscricoes-abertas\\\/#breadcrumb\"},\"inLanguage\":\"en-US\",\"potentialAction\":[{\"@type\":\"ReadAction\",\"target\":[\"https:\\\/\\\/globalattitude.org.br\\\/en\\\/eventos-da-onu-e-oecd-em-paris-e-viena-estao-com-inscricoes-abertas\\\/\"]}]},{\"@type\":\"BreadcrumbList\",\"@id\":\"https:\\\/\\\/globalattitude.org.br\\\/en\\\/eventos-da-onu-e-oecd-em-paris-e-viena-estao-com-inscricoes-abertas\\\/#breadcrumb\",\"itemListElement\":[{\"@type\":\"ListItem\",\"position\":1,\"name\":\"In\u00edcio\",\"item\":\"https:\\\/\\\/globalattitude.org.br\\\/en\\\/\"},{\"@type\":\"ListItem\",\"position\":2,\"name\":\"Eventos da ONU e OECD, em Paris e Viena, est\u00e3o com inscri\u00e7\u00f5es abertas\"}]},{\"@type\":\"WebSite\",\"@id\":\"https:\\\/\\\/globalattitude.org.br\\\/en\\\/#website\",\"url\":\"https:\\\/\\\/globalattitude.org.br\\\/en\\\/\",\"name\":\"Instituto Global Attitude\",\"description\":\"\",\"publisher\":{\"@id\":\"https:\\\/\\\/globalattitude.org.br\\\/en\\\/#organization\"},\"potentialAction\":[{\"@type\":\"SearchAction\",\"target\":{\"@type\":\"EntryPoint\",\"urlTemplate\":\"https:\\\/\\\/globalattitude.org.br\\\/en\\\/?s={search_term_string}\"},\"query-input\":{\"@type\":\"PropertyValueSpecification\",\"valueRequired\":true,\"valueName\":\"search_term_string\"}}],\"inLanguage\":\"en-US\"},{\"@type\":\"Organization\",\"@id\":\"https:\\\/\\\/globalattitude.org.br\\\/en\\\/#organization\",\"name\":\"Instituto Global Attitude\",\"url\":\"https:\\\/\\\/globalattitude.org.br\\\/en\\\/\",\"logo\":{\"@type\":\"ImageObject\",\"inLanguage\":\"en-US\",\"@id\":\"https:\\\/\\\/globalattitude.org.br\\\/en\\\/#\\\/schema\\\/logo\\\/image\\\/\",\"url\":\"https:\\\/\\\/globalattitude.org.br\\\/wp-content\\\/uploads\\\/2023\\\/01\\\/instituto-global-attitude-color.png\",\"contentUrl\":\"https:\\\/\\\/globalattitude.org.br\\\/wp-content\\\/uploads\\\/2023\\\/01\\\/instituto-global-attitude-color.png\",\"width\":300,\"height\":131,\"caption\":\"Instituto Global Attitude\"},\"image\":{\"@id\":\"https:\\\/\\\/globalattitude.org.br\\\/en\\\/#\\\/schema\\\/logo\\\/image\\\/\"},\"sameAs\":[\"https:\\\/\\\/www.facebook.com\\\/global.attitude.org\\\/\",\"https:\\\/\\\/x.com\\\/global_attitude\",\"https:\\\/\\\/www.instagram.com\\\/globalattitude\",\"https:\\\/\\\/www.linkedin.com\\\/company\\\/global-attitude\\\/?viewAsMember=true\"]},{\"@type\":\"Person\",\"@id\":\"https:\\\/\\\/globalattitude.org.br\\\/en\\\/#\\\/schema\\\/person\\\/6d308f9d9d1eebad0278ad9386f13169\",\"name\":\"123esite\",\"image\":{\"@type\":\"ImageObject\",\"inLanguage\":\"en-US\",\"@id\":\"https:\\\/\\\/secure.gravatar.com\\\/avatar\\\/07bd71fac19f42004f2b73567f012e126689afdb23cb0017536dea9113ba1806?s=96&d=mm&r=g\",\"url\":\"https:\\\/\\\/secure.gravatar.com\\\/avatar\\\/07bd71fac19f42004f2b73567f012e126689afdb23cb0017536dea9113ba1806?s=96&d=mm&r=g\",\"contentUrl\":\"https:\\\/\\\/secure.gravatar.com\\\/avatar\\\/07bd71fac19f42004f2b73567f012e126689afdb23cb0017536dea9113ba1806?s=96&d=mm&r=g\",\"caption\":\"123esite\"},\"sameAs\":[\"http:\\\/\\\/globalattitude.org.br\"],\"url\":\"https:\\\/\\\/globalattitude.org.br\\\/en\\\/author\\\/123esite\\\/\"}]}<\/script>\n<!-- \/ Yoast SEO plugin. -->","yoast_head_json":{"title":"Eventos da ONU e OECD, em Paris e Viena, est\u00e3o com inscri\u00e7\u00f5es abertas - Instituto Global Attitude","robots":{"index":"index","follow":"follow","max-snippet":"max-snippet:-1","max-image-preview":"max-image-preview:large","max-video-preview":"max-video-preview:-1"},"canonical":"https:\/\/globalattitude.org.br\/en\/eventos-da-onu-e-oecd-em-paris-e-viena-estao-com-inscricoes-abertas\/","og_locale":"en_US","og_type":"article","og_title":"Eventos da ONU e OECD, em Paris e Viena, est\u00e3o com inscri\u00e7\u00f5es abertas - Instituto Global Attitude","og_description":"At\u00e9 dia 22\u00a0de mar\u00e7o o Instituto Global Attitude recebe inscri\u00e7\u00f5es de interessados em participar das delega\u00e7\u00f5es do OECD Forum e do Vienna Energy Forum O Instituto Global Attitude, por meio do programa Diplomacia Civil, anuncia a abertura de dois processos seletivos para participa\u00e7\u00e3o nos eventos OECD Forum e Vienna Energy Forum. At\u00e9 quarta-feira, 22\u00a0de mar\u00e7o, [&hellip;]","og_url":"https:\/\/globalattitude.org.br\/en\/eventos-da-onu-e-oecd-em-paris-e-viena-estao-com-inscricoes-abertas\/","og_site_name":"Instituto Global Attitude","article_publisher":"https:\/\/www.facebook.com\/global.attitude.org\/","article_published_time":"2017-03-14T16:10:05+00:00","author":"123esite","twitter_card":"summary_large_image","twitter_creator":"@global_attitude","twitter_site":"@global_attitude","twitter_misc":{"Written by":"123esite","Est. reading time":"2 minutes"},"schema":{"@context":"https:\/\/schema.org","@graph":[{"@type":["Article","BlogPosting"],"@id":"https:\/\/globalattitude.org.br\/en\/eventos-da-onu-e-oecd-em-paris-e-viena-estao-com-inscricoes-abertas\/#article","isPartOf":{"@id":"https:\/\/globalattitude.org.br\/en\/eventos-da-onu-e-oecd-em-paris-e-viena-estao-com-inscricoes-abertas\/"},"author":{"name":"123esite","@id":"https:\/\/globalattitude.org.br\/en\/#\/schema\/person\/6d308f9d9d1eebad0278ad9386f13169"},"headline":"Eventos da ONU e OECD, em Paris e Viena, est\u00e3o com inscri\u00e7\u00f5es abertas","datePublished":"2017-03-14T16:10:05+00:00","mainEntityOfPage":{"@id":"https:\/\/globalattitude.org.br\/en\/eventos-da-onu-e-oecd-em-paris-e-viena-estao-com-inscricoes-abertas\/"},"wordCount":374,"commentCount":0,"publisher":{"@id":"https:\/\/globalattitude.org.br\/en\/#organization"},"articleSection":["Programas","\u00daltimas"],"inLanguage":"en-US","potentialAction":[{"@type":"CommentAction","name":"Comment","target":["https:\/\/globalattitude.org.br\/en\/eventos-da-onu-e-oecd-em-paris-e-viena-estao-com-inscricoes-abertas\/#respond"]}]},{"@type":"WebPage","@id":"https:\/\/globalattitude.org.br\/en\/eventos-da-onu-e-oecd-em-paris-e-viena-estao-com-inscricoes-abertas\/","url":"https:\/\/globalattitude.org.br\/en\/eventos-da-onu-e-oecd-em-paris-e-viena-estao-com-inscricoes-abertas\/","name":"Eventos da ONU e OECD, em Paris e Viena, est\u00e3o com inscri\u00e7\u00f5es abertas - Instituto Global Attitude","isPartOf":{"@id":"https:\/\/globalattitude.org.br\/en\/#website"},"datePublished":"2017-03-14T16:10:05+00:00","breadcrumb":{"@id":"https:\/\/globalattitude.org.br\/en\/eventos-da-onu-e-oecd-em-paris-e-viena-estao-com-inscricoes-abertas\/#breadcrumb"},"inLanguage":"en-US","potentialAction":[{"@type":"ReadAction","target":["https:\/\/globalattitude.org.br\/en\/eventos-da-onu-e-oecd-em-paris-e-viena-estao-com-inscricoes-abertas\/"]}]},{"@type":"BreadcrumbList","@id":"https:\/\/globalattitude.org.br\/en\/eventos-da-onu-e-oecd-em-paris-e-viena-estao-com-inscricoes-abertas\/#breadcrumb","itemListElement":[{"@type":"ListItem","position":1,"name":"In\u00edcio","item":"https:\/\/globalattitude.org.br\/en\/"},{"@type":"ListItem","position":2,"name":"Eventos da ONU e OECD, em Paris e Viena, est\u00e3o com inscri\u00e7\u00f5es abertas"}]},{"@type":"WebSite","@id":"https:\/\/globalattitude.org.br\/en\/#website","url":"https:\/\/globalattitude.org.br\/en\/","name":"Instituto Global Attitude","description":"","publisher":{"@id":"https:\/\/globalattitude.org.br\/en\/#organization"},"potentialAction":[{"@type":"SearchAction","target":{"@type":"EntryPoint","urlTemplate":"https:\/\/globalattitude.org.br\/en\/?s={search_term_string}"},"query-input":{"@type":"PropertyValueSpecification","valueRequired":true,"valueName":"search_term_string"}}],"inLanguage":"en-US"},{"@type":"Organization","@id":"https:\/\/globalattitude.org.br\/en\/#organization","name":"Instituto Global Attitude","url":"https:\/\/globalattitude.org.br\/en\/","logo":{"@type":"ImageObject","inLanguage":"en-US","@id":"https:\/\/globalattitude.org.br\/en\/#\/schema\/logo\/image\/","url":"https:\/\/globalattitude.org.br\/wp-content\/uploads\/2023\/01\/instituto-global-attitude-color.png","contentUrl":"https:\/\/globalattitude.org.br\/wp-content\/uploads\/2023\/01\/instituto-global-attitude-color.png","width":300,"height":131,"caption":"Instituto Global Attitude"},"image":{"@id":"https:\/\/globalattitude.org.br\/en\/#\/schema\/logo\/image\/"},"sameAs":["https:\/\/www.facebook.com\/global.attitude.org\/","https:\/\/x.com\/global_attitude","https:\/\/www.instagram.com\/globalattitude","https:\/\/www.linkedin.com\/company\/global-attitude\/?viewAsMember=true"]},{"@type":"Person","@id":"https:\/\/globalattitude.org.br\/en\/#\/schema\/person\/6d308f9d9d1eebad0278ad9386f13169","name":"123esite","image":{"@type":"ImageObject","inLanguage":"en-US","@id":"https:\/\/secure.gravatar.com\/avatar\/07bd71fac19f42004f2b73567f012e126689afdb23cb0017536dea9113ba1806?s=96&d=mm&r=g","url":"https:\/\/secure.gravatar.com\/avatar\/07bd71fac19f42004f2b73567f012e126689afdb23cb0017536dea9113ba1806?s=96&d=mm&r=g","contentUrl":"https:\/\/secure.gravatar.com\/avatar\/07bd71fac19f42004f2b73567f012e126689afdb23cb0017536dea9113ba1806?s=96&d=mm&r=g","caption":"123esite"},"sameAs":["http:\/\/globalattitude.org.br"],"url":"https:\/\/globalattitude.org.br\/en\/author\/123esite\/"}]}},"_links":{"self":[{"href":"https:\/\/globalattitude.org.br\/en\/wp-json\/wp\/v2\/posts\/1649","targetHints":{"allow":["GET"]}}],"collection":[{"href":"https:\/\/globalattitude.org.br\/en\/wp-json\/wp\/v2\/posts"}],"about":[{"href":"https:\/\/globalattitude.org.br\/en\/wp-json\/wp\/v2\/types\/post"}],"author":[{"embeddable":true,"href":"https:\/\/globalattitude.org.br\/en\/wp-json\/wp\/v2\/users\/1"}],"replies":[{"embeddable":true,"href":"https:\/\/globalattitude.org.br\/en\/wp-json\/wp\/v2\/comments?post=1649"}],"version-history":[{"count":0,"href":"https:\/\/globalattitude.org.br\/en\/wp-json\/wp\/v2\/posts\/1649\/revisions"}],"wp:attachment":[{"href":"https:\/\/globalattitude.org.br\/en\/wp-json\/wp\/v2\/media?parent=1649"}],"wp:term":[{"taxonomy":"category","embeddable":true,"href":"https:\/\/globalattitude.org.br\/en\/wp-json\/wp\/v2\/categories?post=1649"},{"taxonomy":"post_tag","embeddable":true,"href":"https:\/\/globalattitude.org.br\/en\/wp-json\/wp\/v2\/tags?post=1649"}],"curies":[{"name":"wp","href":"https:\/\/api.w.org\/{rel}","templated":true}]}}