{"id":1653,"date":"2017-03-29T14:24:18","date_gmt":"2017-03-29T17:24:18","guid":{"rendered":"https:\/\/globalattitude.org.br\/conheca-os-delegados-do-spring-meetings-2017\/"},"modified":"2023-03-10T10:17:45","modified_gmt":"2023-03-10T13:17:45","slug":"conheca-os-delegados-do-spring-meetings-2017","status":"publish","type":"post","link":"https:\/\/globalattitude.org.br\/en\/conheca-os-delegados-do-spring-meetings-2017\/","title":{"rendered":"Conhe\u00e7a os delegados do Spring Meetings 2017"},"content":{"rendered":"<p><em>Entre os dias 16 e 23 de abril, seis delegados do programa Diplomacia Civil ir\u00e3o\u00a0participar do evento Spring Meetings 2017 em Washington,\u00a0Estados Unidos<\/em><\/p>\n<p>Est\u00e1 chegando a hora! No pr\u00f3ximo dia 16 de abril, os seis escolhidos pelo Instituto Global Attitude v\u00e3o embarcar para Washington, D.C. para participar do Spring Meetings e do Civil Society Policy Forum.<\/p>\n<p>Realizados pelo Banco Mundial e pelo Fundo Monet\u00e1rio Internacional (FMI), os dois eventos anuais s\u00e3o realizados simultaneamente debatendo quest\u00f5es como economia global, desenvolvimento internacional, mercados financeiros mundiais e o progresso nas pol\u00edticas adotadas pelas duas institui\u00e7\u00f5es.<\/p>\n<p>Confira agora quem s\u00e3o os integrantes da delega\u00e7\u00e3o do Diplomacia Civil:<\/p>\n<p>&nbsp;<\/p>\n<p class=\"p1\"><img decoding=\"async\" class=\"alignleft wp-image-3112 size-thumbnail\" src=\"http:\/\/globalattitude.org.br\/wp-content\/uploads\/2023\/03\/fernanda-ok-150x150.jpg\" alt=\"\" width=\"150\" height=\"150\" \/><\/p>\n<p><strong>Fernanda Maria<\/strong> \u00e9 estudante do 5\u00ba per\u00edodo de direito no Centro Universitario Tiradentes &#8211; Unit Alagoas. Fala, al\u00e9m do portugu\u00eas, ingl\u00eas, espanhol e franc\u00eas. Possui experi\u00eancia como professora de l\u00ednguas e como monitora de viagens. Atualmente redige artigos de pesquisa nos mais diversos temas, como direitos LGBTT, legaliza\u00e7\u00e3o da maconha medicinal no Brasil e pol\u00edticas p\u00fablicas imigrat\u00f3rias para retirar pa\u00edses americo-latinos da recess\u00e3o.<\/p>\n<p>&nbsp;<\/p>\n<hr \/>\n<p class=\"p1\"><span class=\"s1\"><b><img decoding=\"async\" class=\"alignright wp-image-3111 size-thumbnail\" src=\"http:\/\/globalattitude.org.br\/wp-content\/uploads\/2023\/03\/bruna-metran-ok-150x150.png\" alt=\"\" width=\"150\" height=\"150\" \/><\/b><\/span><strong>Bruna Antonella Metran<\/strong> \u00e9 formada em Rela\u00e7\u00f5es P\u00fablicas com \u00eanfase em Comunica\u00e7\u00e3o Integrada pela Universidade Anhembi Morumbi. P\u00f3s-graduanda em Rela\u00e7\u00f5es Internacionais pela Dam\u00e1sio, atualmente estuda para a carreira diplom\u00e1tica. Possui experi\u00eancias em comunica\u00e7\u00e3o, gest\u00e3o, empreendedorismo e na \u00e1rea jur\u00eddica. Participou do Programa Novas Lideran\u00e7as para a Am\u00e9rica Latina no Uruguai, na organiza\u00e7\u00e3o de cerimoniais da Associa\u00e7\u00e3o Brasileira de Rela\u00e7\u00f5es P\u00fablicas e no Programa Institucional de Bolsas de Inicia\u00e7\u00e3o Cient\u00edfica como pesquisadora e tradutora de um projeto sobre cooperativas de materiais recicl\u00e1veis em Buenos Aires, na Argentina.<\/p>\n<hr \/>\n<p class=\"p1\"><img decoding=\"async\" class=\"alignleft wp-image-3113 size-thumbnail\" src=\"http:\/\/globalattitude.org.br\/wp-content\/uploads\/2023\/03\/alexandre-ok-150x150.png\" alt=\"\" width=\"150\" height=\"150\" \/><\/p>\n<p><strong>Alexandre Pereira de Lima<\/strong>, formado em Engenharia Mec\u00e2nica pela Universidade de Taubat\u00e9 (UNITAU), p\u00f3s graduado em Administra\u00e7\u00e3o de Empresas pela Funda\u00e7\u00e3o Get\u00falio Vargas (FGV) e pela Universidade da Calif\u00f3rnia em San Diego (UCSD), atualmente cursa mestrado em Engenharia de Materiais na Universidade J\u00falio de Mesquita (UNESP). Atuou 12 anos em empresas multinacionais e atualmente atua como Engenheiro Mec\u00e2nico Aut\u00f4nomo. Recebeu o pr\u00eamio de melhor TCC Internacional da FGV em 2015.<\/p>\n<hr \/>\n<p>&nbsp;<\/p>\n<p class=\"p1\"><b><img loading=\"lazy\" decoding=\"async\" class=\"alignright wp-image-3114 size-thumbnail\" src=\"http:\/\/globalattitude.org.br\/wp-content\/uploads\/2023\/03\/luiz-ok-150x150.jpg\" alt=\"\" width=\"150\" height=\"150\" \/><\/b><strong>Luiz Santos<\/strong> \u00e9 bacharelando em Direito pela Universidade Federal do Cear\u00e1, e Diretor Comercial da empresa j\u00fanior do curso. Atua tamb\u00e9m como conselheiro da Federa\u00e7\u00e3o das Empresas Juniores do estado. Foi co-autor da primeira resolu\u00e7\u00e3o internacional de Model United Nations, em confer\u00eancia realizada na sede da ONU, em Nova York. Como co-founder da startup Choose, venceu o edital de protagonismo juvenil promovido pelo Banco Interamericano de Desenvolvimento em parceria com a Prefeitura de Fortaleza. Trabalhou tamb\u00e9m em projetos de voluntariado na Irlanda, Rom\u00eania e M\u00e9xico, al\u00e9m de desenvolver workshops de Direito Empresarial para microempreendedores da periferia da regi\u00e3o.<\/p>\n<hr \/>\n<p class=\"p1\"><span class=\"s1\"><b><img loading=\"lazy\" decoding=\"async\" class=\"alignleft wp-image-3115 size-thumbnail\" src=\"http:\/\/globalattitude.org.br\/wp-content\/uploads\/2023\/03\/amoraes-ok-150x150.jpg\" alt=\"\" width=\"150\" height=\"150\" \/><\/b><\/span><\/p>\n<p><strong>Anderson Moraes dos Santos<\/strong>, \u00e9 cursa\u00a0economia pela FEA-USP e estagia na Tend\u00eancias Consultoria na \u00e1rea de An\u00e1lise Setorial e Intelig\u00eancia de Mercado, acompanhando os setores de agroneg\u00f3cio, alimentos e bebidas. Atuou como consultor do PESC (Programa de Extens\u00e3o de Servi\u00e7os \u00e0 Comunidade) e foi diretor Sociocultural no Centro Acad\u00eamico Visconde de Cairu. Tamb\u00e9m trabalhou na Fipe com o censo da popula\u00e7\u00e3o em situa\u00e7\u00e3o de rua de S\u00e3o Paulo 2015 e no IPOP (\u00cdndice de Pre\u00e7os de Obras P\u00fablicas). Dentre seus principais interesses est\u00e3o: com\u00e9rcio internacional, gest\u00e3o p\u00fablica e desenvolvimento econ\u00f4mico.<\/p>\n<hr \/>\n<p class=\"p1\"><span class=\"s1\"><b><img loading=\"lazy\" decoding=\"async\" class=\"alignright wp-image-3117 size-thumbnail\" src=\"http:\/\/globalattitude.org.br\/wp-content\/uploads\/2023\/03\/stefano-1-ok-1-150x150.png\" alt=\"\" width=\"150\" height=\"150\" \/><\/b><\/span><\/p>\n<p><strong>Stefano Celano<\/strong> \u00e9 bacharelando em Economia pela Funda\u00e7\u00e3o Get\u00falio Vargas do Rio de Janeiro (FGV EPGE). No momento atua em uma bolsa de pesquisa sobre o mercado de cr\u00e9dito brasileiro e a atua\u00e7\u00e3o do BNDES. Sua forma\u00e7\u00e3o inclui tr\u00eas interc\u00e2mbios &#8211; Cape Town, Oxford e San Diego &#8211; e experi\u00eancia acad\u00eamica na \u00e1rea de finan\u00e7as, valuation e internacional, tendo participado de semin\u00e1rios de pol\u00edtica monet\u00e1ria em organiza\u00e7\u00f5es estudantis como a Liga de Mercado Financeiro.<\/p>\n<hr \/>\n<p>O Instituto Global Attitude deseja um excelente evento aos delegados!<\/p>\n<p>Lembramos que h\u00e1 v\u00e1rios outros eventos e delega\u00e7\u00f5es planejados para este ano, portanto, se voc\u00ea n\u00e3o foi escolhido desta vez, poder\u00e1 ser na pr\u00f3xima.\u00a0Siga\u00a0a nossa\u00a0<a href=\"https:\/\/www.facebook.com\/global.attitude.org\/\">p\u00e1gina no Facebook<\/a>\u00a0ou\u00a0<a href=\"https:\/\/www.facebook.com\/global.attitude.org\/app\/558781764146601\/\">assine nossa newsletter<\/a>\u00a0e fique ligado nos prazos de inscri\u00e7\u00e3o!<\/p>\n","protected":false},"excerpt":{"rendered":"<p>Entre os dias 16 e 23 de abril, seis delegados do programa Diplomacia Civil ir\u00e3o\u00a0participar do evento Spring Meetings 2017 em Washington,\u00a0Estados Unidos Est\u00e1 chegando a hora! No pr\u00f3ximo dia 16 de abril, os seis escolhidos pelo Instituto Global Attitude v\u00e3o embarcar para Washington, D.C. para participar do Spring Meetings e do Civil Society Policy [&hellip;]<\/p>\n","protected":false},"author":1,"featured_media":1654,"comment_status":"open","ping_status":"open","sticky":false,"template":"","format":"standard","meta":{"_acf_changed":false,"om_disable_all_campaigns":false,"_monsterinsights_skip_tracking":false,"_monsterinsights_sitenote_active":false,"_monsterinsights_sitenote_note":"","_monsterinsights_sitenote_category":0,"_uf_show_specific_survey":0,"_uf_disable_surveys":false,"footnotes":""},"categories":[22,34],"tags":[],"class_list":["post-1653","post","type-post","status-publish","format-standard","hentry","category-programas","category-ultimas"],"acf":[],"aioseo_notices":[],"yoast_head":"<!-- This site is optimized with the Yoast SEO plugin v27.5 - https:\/\/yoast.com\/product\/yoast-seo-wordpress\/ -->\n<title>Conhe\u00e7a os delegados do Spring Meetings 2017 - Instituto Global Attitude<\/title>\n<meta name=\"robots\" content=\"index, follow, max-snippet:-1, max-image-preview:large, max-video-preview:-1\" \/>\n<link rel=\"canonical\" href=\"http:\/\/globalattitude.org.br\/en\/conheca-os-delegados-do-spring-meetings-2017\/\" \/>\n<meta property=\"og:locale\" content=\"en_US\" \/>\n<meta property=\"og:type\" content=\"article\" \/>\n<meta property=\"og:title\" content=\"Conhe\u00e7a os delegados do Spring Meetings 2017 - Instituto Global Attitude\" \/>\n<meta property=\"og:description\" content=\"Entre os dias 16 e 23 de abril, seis delegados do programa Diplomacia Civil ir\u00e3o\u00a0participar do evento Spring Meetings 2017 em Washington,\u00a0Estados Unidos Est\u00e1 chegando a hora! No pr\u00f3ximo dia 16 de abril, os seis escolhidos pelo Instituto Global Attitude v\u00e3o embarcar para Washington, D.C. para participar do Spring Meetings e do Civil Society Policy [&hellip;]\" \/>\n<meta property=\"og:url\" content=\"http:\/\/globalattitude.org.br\/en\/conheca-os-delegados-do-spring-meetings-2017\/\" \/>\n<meta property=\"og:site_name\" content=\"Instituto Global Attitude\" \/>\n<meta property=\"article:publisher\" content=\"https:\/\/www.facebook.com\/global.attitude.org\/\" \/>\n<meta property=\"article:published_time\" content=\"2017-03-29T17:24:18+00:00\" \/>\n<meta property=\"article:modified_time\" content=\"2023-03-10T13:17:45+00:00\" \/>\n<meta property=\"og:image\" content=\"http:\/\/globalattitude.org.br\/wp-content\/uploads\/2023\/03\/fernanda-ok.jpg\" \/>\n\t<meta property=\"og:image:width\" content=\"196\" \/>\n\t<meta property=\"og:image:height\" content=\"195\" \/>\n\t<meta property=\"og:image:type\" content=\"image\/jpeg\" \/>\n<meta name=\"author\" content=\"123esite\" \/>\n<meta name=\"twitter:card\" content=\"summary_large_image\" \/>\n<meta name=\"twitter:creator\" content=\"@global_attitude\" \/>\n<meta name=\"twitter:site\" content=\"@global_attitude\" \/>\n<meta name=\"twitter:label1\" content=\"Written by\" \/>\n\t<meta name=\"twitter:data1\" content=\"123esite\" \/>\n\t<meta name=\"twitter:label2\" content=\"Est. reading time\" \/>\n\t<meta name=\"twitter:data2\" content=\"4 minutes\" \/>\n<script type=\"application\/ld+json\" class=\"yoast-schema-graph\">{\"@context\":\"https:\\\/\\\/schema.org\",\"@graph\":[{\"@type\":[\"Article\",\"BlogPosting\"],\"@id\":\"http:\\\/\\\/globalattitude.org.br\\\/en\\\/conheca-os-delegados-do-spring-meetings-2017\\\/#article\",\"isPartOf\":{\"@id\":\"http:\\\/\\\/globalattitude.org.br\\\/en\\\/conheca-os-delegados-do-spring-meetings-2017\\\/\"},\"author\":{\"name\":\"123esite\",\"@id\":\"https:\\\/\\\/globalattitude.org.br\\\/en\\\/#\\\/schema\\\/person\\\/6d308f9d9d1eebad0278ad9386f13169\"},\"headline\":\"Conhe\u00e7a os delegados do Spring Meetings 2017\",\"datePublished\":\"2017-03-29T17:24:18+00:00\",\"dateModified\":\"2023-03-10T13:17:45+00:00\",\"mainEntityOfPage\":{\"@id\":\"http:\\\/\\\/globalattitude.org.br\\\/en\\\/conheca-os-delegados-do-spring-meetings-2017\\\/\"},\"wordCount\":736,\"commentCount\":0,\"publisher\":{\"@id\":\"https:\\\/\\\/globalattitude.org.br\\\/en\\\/#organization\"},\"image\":{\"@id\":\"http:\\\/\\\/globalattitude.org.br\\\/en\\\/conheca-os-delegados-do-spring-meetings-2017\\\/#primaryimage\"},\"thumbnailUrl\":\"https:\\\/\\\/globalattitude.org.br\\\/wp-content\\\/uploads\\\/2023\\\/03\\\/fernanda-ok.jpg\",\"articleSection\":[\"Programas\",\"\u00daltimas\"],\"inLanguage\":\"en-US\",\"potentialAction\":[{\"@type\":\"CommentAction\",\"name\":\"Comment\",\"target\":[\"http:\\\/\\\/globalattitude.org.br\\\/en\\\/conheca-os-delegados-do-spring-meetings-2017\\\/#respond\"]}]},{\"@type\":\"WebPage\",\"@id\":\"http:\\\/\\\/globalattitude.org.br\\\/en\\\/conheca-os-delegados-do-spring-meetings-2017\\\/\",\"url\":\"http:\\\/\\\/globalattitude.org.br\\\/en\\\/conheca-os-delegados-do-spring-meetings-2017\\\/\",\"name\":\"Conhe\u00e7a os delegados do Spring Meetings 2017 - Instituto Global Attitude\",\"isPartOf\":{\"@id\":\"https:\\\/\\\/globalattitude.org.br\\\/en\\\/#website\"},\"primaryImageOfPage\":{\"@id\":\"http:\\\/\\\/globalattitude.org.br\\\/en\\\/conheca-os-delegados-do-spring-meetings-2017\\\/#primaryimage\"},\"image\":{\"@id\":\"http:\\\/\\\/globalattitude.org.br\\\/en\\\/conheca-os-delegados-do-spring-meetings-2017\\\/#primaryimage\"},\"thumbnailUrl\":\"https:\\\/\\\/globalattitude.org.br\\\/wp-content\\\/uploads\\\/2023\\\/03\\\/fernanda-ok.jpg\",\"datePublished\":\"2017-03-29T17:24:18+00:00\",\"dateModified\":\"2023-03-10T13:17:45+00:00\",\"breadcrumb\":{\"@id\":\"http:\\\/\\\/globalattitude.org.br\\\/en\\\/conheca-os-delegados-do-spring-meetings-2017\\\/#breadcrumb\"},\"inLanguage\":\"en-US\",\"potentialAction\":[{\"@type\":\"ReadAction\",\"target\":[\"http:\\\/\\\/globalattitude.org.br\\\/en\\\/conheca-os-delegados-do-spring-meetings-2017\\\/\"]}]},{\"@type\":\"ImageObject\",\"inLanguage\":\"en-US\",\"@id\":\"http:\\\/\\\/globalattitude.org.br\\\/en\\\/conheca-os-delegados-do-spring-meetings-2017\\\/#primaryimage\",\"url\":\"https:\\\/\\\/globalattitude.org.br\\\/wp-content\\\/uploads\\\/2023\\\/03\\\/fernanda-ok.jpg\",\"contentUrl\":\"https:\\\/\\\/globalattitude.org.br\\\/wp-content\\\/uploads\\\/2023\\\/03\\\/fernanda-ok.jpg\",\"width\":196,\"height\":195},{\"@type\":\"BreadcrumbList\",\"@id\":\"http:\\\/\\\/globalattitude.org.br\\\/en\\\/conheca-os-delegados-do-spring-meetings-2017\\\/#breadcrumb\",\"itemListElement\":[{\"@type\":\"ListItem\",\"position\":1,\"name\":\"In\u00edcio\",\"item\":\"https:\\\/\\\/globalattitude.org.br\\\/en\\\/\"},{\"@type\":\"ListItem\",\"position\":2,\"name\":\"Conhe\u00e7a os delegados do Spring Meetings 2017\"}]},{\"@type\":\"WebSite\",\"@id\":\"https:\\\/\\\/globalattitude.org.br\\\/en\\\/#website\",\"url\":\"https:\\\/\\\/globalattitude.org.br\\\/en\\\/\",\"name\":\"Instituto Global Attitude\",\"description\":\"\",\"publisher\":{\"@id\":\"https:\\\/\\\/globalattitude.org.br\\\/en\\\/#organization\"},\"potentialAction\":[{\"@type\":\"SearchAction\",\"target\":{\"@type\":\"EntryPoint\",\"urlTemplate\":\"https:\\\/\\\/globalattitude.org.br\\\/en\\\/?s={search_term_string}\"},\"query-input\":{\"@type\":\"PropertyValueSpecification\",\"valueRequired\":true,\"valueName\":\"search_term_string\"}}],\"inLanguage\":\"en-US\"},{\"@type\":\"Organization\",\"@id\":\"https:\\\/\\\/globalattitude.org.br\\\/en\\\/#organization\",\"name\":\"Instituto Global Attitude\",\"url\":\"https:\\\/\\\/globalattitude.org.br\\\/en\\\/\",\"logo\":{\"@type\":\"ImageObject\",\"inLanguage\":\"en-US\",\"@id\":\"https:\\\/\\\/globalattitude.org.br\\\/en\\\/#\\\/schema\\\/logo\\\/image\\\/\",\"url\":\"https:\\\/\\\/globalattitude.org.br\\\/wp-content\\\/uploads\\\/2023\\\/01\\\/instituto-global-attitude-color.png\",\"contentUrl\":\"https:\\\/\\\/globalattitude.org.br\\\/wp-content\\\/uploads\\\/2023\\\/01\\\/instituto-global-attitude-color.png\",\"width\":300,\"height\":131,\"caption\":\"Instituto Global Attitude\"},\"image\":{\"@id\":\"https:\\\/\\\/globalattitude.org.br\\\/en\\\/#\\\/schema\\\/logo\\\/image\\\/\"},\"sameAs\":[\"https:\\\/\\\/www.facebook.com\\\/global.attitude.org\\\/\",\"https:\\\/\\\/x.com\\\/global_attitude\",\"https:\\\/\\\/www.instagram.com\\\/globalattitude\",\"https:\\\/\\\/www.linkedin.com\\\/company\\\/global-attitude\\\/?viewAsMember=true\"]},{\"@type\":\"Person\",\"@id\":\"https:\\\/\\\/globalattitude.org.br\\\/en\\\/#\\\/schema\\\/person\\\/6d308f9d9d1eebad0278ad9386f13169\",\"name\":\"123esite\",\"image\":{\"@type\":\"ImageObject\",\"inLanguage\":\"en-US\",\"@id\":\"https:\\\/\\\/secure.gravatar.com\\\/avatar\\\/07bd71fac19f42004f2b73567f012e126689afdb23cb0017536dea9113ba1806?s=96&d=mm&r=g\",\"url\":\"https:\\\/\\\/secure.gravatar.com\\\/avatar\\\/07bd71fac19f42004f2b73567f012e126689afdb23cb0017536dea9113ba1806?s=96&d=mm&r=g\",\"contentUrl\":\"https:\\\/\\\/secure.gravatar.com\\\/avatar\\\/07bd71fac19f42004f2b73567f012e126689afdb23cb0017536dea9113ba1806?s=96&d=mm&r=g\",\"caption\":\"123esite\"},\"sameAs\":[\"http:\\\/\\\/globalattitude.org.br\"],\"url\":\"https:\\\/\\\/globalattitude.org.br\\\/en\\\/author\\\/123esite\\\/\"}]}<\/script>\n<!-- \/ Yoast SEO plugin. -->","yoast_head_json":{"title":"Conhe\u00e7a os delegados do Spring Meetings 2017 - Instituto Global Attitude","robots":{"index":"index","follow":"follow","max-snippet":"max-snippet:-1","max-image-preview":"max-image-preview:large","max-video-preview":"max-video-preview:-1"},"canonical":"http:\/\/globalattitude.org.br\/en\/conheca-os-delegados-do-spring-meetings-2017\/","og_locale":"en_US","og_type":"article","og_title":"Conhe\u00e7a os delegados do Spring Meetings 2017 - Instituto Global Attitude","og_description":"Entre os dias 16 e 23 de abril, seis delegados do programa Diplomacia Civil ir\u00e3o\u00a0participar do evento Spring Meetings 2017 em Washington,\u00a0Estados Unidos Est\u00e1 chegando a hora! No pr\u00f3ximo dia 16 de abril, os seis escolhidos pelo Instituto Global Attitude v\u00e3o embarcar para Washington, D.C. para participar do Spring Meetings e do Civil Society Policy [&hellip;]","og_url":"http:\/\/globalattitude.org.br\/en\/conheca-os-delegados-do-spring-meetings-2017\/","og_site_name":"Instituto Global Attitude","article_publisher":"https:\/\/www.facebook.com\/global.attitude.org\/","article_published_time":"2017-03-29T17:24:18+00:00","article_modified_time":"2023-03-10T13:17:45+00:00","og_image":[{"width":196,"height":195,"url":"http:\/\/globalattitude.org.br\/wp-content\/uploads\/2023\/03\/fernanda-ok.jpg","type":"image\/jpeg"}],"author":"123esite","twitter_card":"summary_large_image","twitter_creator":"@global_attitude","twitter_site":"@global_attitude","twitter_misc":{"Written by":"123esite","Est. reading time":"4 minutes"},"schema":{"@context":"https:\/\/schema.org","@graph":[{"@type":["Article","BlogPosting"],"@id":"http:\/\/globalattitude.org.br\/en\/conheca-os-delegados-do-spring-meetings-2017\/#article","isPartOf":{"@id":"http:\/\/globalattitude.org.br\/en\/conheca-os-delegados-do-spring-meetings-2017\/"},"author":{"name":"123esite","@id":"https:\/\/globalattitude.org.br\/en\/#\/schema\/person\/6d308f9d9d1eebad0278ad9386f13169"},"headline":"Conhe\u00e7a os delegados do Spring Meetings 2017","datePublished":"2017-03-29T17:24:18+00:00","dateModified":"2023-03-10T13:17:45+00:00","mainEntityOfPage":{"@id":"http:\/\/globalattitude.org.br\/en\/conheca-os-delegados-do-spring-meetings-2017\/"},"wordCount":736,"commentCount":0,"publisher":{"@id":"https:\/\/globalattitude.org.br\/en\/#organization"},"image":{"@id":"http:\/\/globalattitude.org.br\/en\/conheca-os-delegados-do-spring-meetings-2017\/#primaryimage"},"thumbnailUrl":"https:\/\/globalattitude.org.br\/wp-content\/uploads\/2023\/03\/fernanda-ok.jpg","articleSection":["Programas","\u00daltimas"],"inLanguage":"en-US","potentialAction":[{"@type":"CommentAction","name":"Comment","target":["http:\/\/globalattitude.org.br\/en\/conheca-os-delegados-do-spring-meetings-2017\/#respond"]}]},{"@type":"WebPage","@id":"http:\/\/globalattitude.org.br\/en\/conheca-os-delegados-do-spring-meetings-2017\/","url":"http:\/\/globalattitude.org.br\/en\/conheca-os-delegados-do-spring-meetings-2017\/","name":"Conhe\u00e7a os delegados do Spring Meetings 2017 - Instituto Global Attitude","isPartOf":{"@id":"https:\/\/globalattitude.org.br\/en\/#website"},"primaryImageOfPage":{"@id":"http:\/\/globalattitude.org.br\/en\/conheca-os-delegados-do-spring-meetings-2017\/#primaryimage"},"image":{"@id":"http:\/\/globalattitude.org.br\/en\/conheca-os-delegados-do-spring-meetings-2017\/#primaryimage"},"thumbnailUrl":"https:\/\/globalattitude.org.br\/wp-content\/uploads\/2023\/03\/fernanda-ok.jpg","datePublished":"2017-03-29T17:24:18+00:00","dateModified":"2023-03-10T13:17:45+00:00","breadcrumb":{"@id":"http:\/\/globalattitude.org.br\/en\/conheca-os-delegados-do-spring-meetings-2017\/#breadcrumb"},"inLanguage":"en-US","potentialAction":[{"@type":"ReadAction","target":["http:\/\/globalattitude.org.br\/en\/conheca-os-delegados-do-spring-meetings-2017\/"]}]},{"@type":"ImageObject","inLanguage":"en-US","@id":"http:\/\/globalattitude.org.br\/en\/conheca-os-delegados-do-spring-meetings-2017\/#primaryimage","url":"https:\/\/globalattitude.org.br\/wp-content\/uploads\/2023\/03\/fernanda-ok.jpg","contentUrl":"https:\/\/globalattitude.org.br\/wp-content\/uploads\/2023\/03\/fernanda-ok.jpg","width":196,"height":195},{"@type":"BreadcrumbList","@id":"http:\/\/globalattitude.org.br\/en\/conheca-os-delegados-do-spring-meetings-2017\/#breadcrumb","itemListElement":[{"@type":"ListItem","position":1,"name":"In\u00edcio","item":"https:\/\/globalattitude.org.br\/en\/"},{"@type":"ListItem","position":2,"name":"Conhe\u00e7a os delegados do Spring Meetings 2017"}]},{"@type":"WebSite","@id":"https:\/\/globalattitude.org.br\/en\/#website","url":"https:\/\/globalattitude.org.br\/en\/","name":"Instituto Global Attitude","description":"","publisher":{"@id":"https:\/\/globalattitude.org.br\/en\/#organization"},"potentialAction":[{"@type":"SearchAction","target":{"@type":"EntryPoint","urlTemplate":"https:\/\/globalattitude.org.br\/en\/?s={search_term_string}"},"query-input":{"@type":"PropertyValueSpecification","valueRequired":true,"valueName":"search_term_string"}}],"inLanguage":"en-US"},{"@type":"Organization","@id":"https:\/\/globalattitude.org.br\/en\/#organization","name":"Instituto Global Attitude","url":"https:\/\/globalattitude.org.br\/en\/","logo":{"@type":"ImageObject","inLanguage":"en-US","@id":"https:\/\/globalattitude.org.br\/en\/#\/schema\/logo\/image\/","url":"https:\/\/globalattitude.org.br\/wp-content\/uploads\/2023\/01\/instituto-global-attitude-color.png","contentUrl":"https:\/\/globalattitude.org.br\/wp-content\/uploads\/2023\/01\/instituto-global-attitude-color.png","width":300,"height":131,"caption":"Instituto Global Attitude"},"image":{"@id":"https:\/\/globalattitude.org.br\/en\/#\/schema\/logo\/image\/"},"sameAs":["https:\/\/www.facebook.com\/global.attitude.org\/","https:\/\/x.com\/global_attitude","https:\/\/www.instagram.com\/globalattitude","https:\/\/www.linkedin.com\/company\/global-attitude\/?viewAsMember=true"]},{"@type":"Person","@id":"https:\/\/globalattitude.org.br\/en\/#\/schema\/person\/6d308f9d9d1eebad0278ad9386f13169","name":"123esite","image":{"@type":"ImageObject","inLanguage":"en-US","@id":"https:\/\/secure.gravatar.com\/avatar\/07bd71fac19f42004f2b73567f012e126689afdb23cb0017536dea9113ba1806?s=96&d=mm&r=g","url":"https:\/\/secure.gravatar.com\/avatar\/07bd71fac19f42004f2b73567f012e126689afdb23cb0017536dea9113ba1806?s=96&d=mm&r=g","contentUrl":"https:\/\/secure.gravatar.com\/avatar\/07bd71fac19f42004f2b73567f012e126689afdb23cb0017536dea9113ba1806?s=96&d=mm&r=g","caption":"123esite"},"sameAs":["http:\/\/globalattitude.org.br"],"url":"https:\/\/globalattitude.org.br\/en\/author\/123esite\/"}]}},"_links":{"self":[{"href":"https:\/\/globalattitude.org.br\/en\/wp-json\/wp\/v2\/posts\/1653","targetHints":{"allow":["GET"]}}],"collection":[{"href":"https:\/\/globalattitude.org.br\/en\/wp-json\/wp\/v2\/posts"}],"about":[{"href":"https:\/\/globalattitude.org.br\/en\/wp-json\/wp\/v2\/types\/post"}],"author":[{"embeddable":true,"href":"https:\/\/globalattitude.org.br\/en\/wp-json\/wp\/v2\/users\/1"}],"replies":[{"embeddable":true,"href":"https:\/\/globalattitude.org.br\/en\/wp-json\/wp\/v2\/comments?post=1653"}],"version-history":[{"count":1,"href":"https:\/\/globalattitude.org.br\/en\/wp-json\/wp\/v2\/posts\/1653\/revisions"}],"predecessor-version":[{"id":1660,"href":"https:\/\/globalattitude.org.br\/en\/wp-json\/wp\/v2\/posts\/1653\/revisions\/1660"}],"wp:featuredmedia":[{"embeddable":true,"href":"https:\/\/globalattitude.org.br\/en\/wp-json\/wp\/v2\/media\/1654"}],"wp:attachment":[{"href":"https:\/\/globalattitude.org.br\/en\/wp-json\/wp\/v2\/media?parent=1653"}],"wp:term":[{"taxonomy":"category","embeddable":true,"href":"https:\/\/globalattitude.org.br\/en\/wp-json\/wp\/v2\/categories?post=1653"},{"taxonomy":"post_tag","embeddable":true,"href":"https:\/\/globalattitude.org.br\/en\/wp-json\/wp\/v2\/tags?post=1653"}],"curies":[{"name":"wp","href":"https:\/\/api.w.org\/{rel}","templated":true}]}}