{"id":1747,"date":"2017-06-02T22:45:58","date_gmt":"2017-06-03T01:45:58","guid":{"rendered":"https:\/\/globalattitude.org.br\/delegacao-do-diplomacia-civil-embarca-para-o-european-development-days-2017\/"},"modified":"2023-03-10T10:19:58","modified_gmt":"2023-03-10T13:19:58","slug":"delegacao-do-diplomacia-civil-embarca-para-o-european-development-days-2017","status":"publish","type":"post","link":"https:\/\/globalattitude.org.br\/en\/delegacao-do-diplomacia-civil-embarca-para-o-european-development-days-2017\/","title":{"rendered":"Delega\u00e7\u00e3o do Diplomacia Civil embarca para o European Development Days 2017"},"content":{"rendered":"<p><img fetchpriority=\"high\" decoding=\"async\" class=\"alignnone wp-image-3334 size-full\" src=\"http:\/\/globalattitude.org.br\/wp-content\/uploads\/2023\/03\/EU-Flags_2907981b.jpg\" alt=\"\" width=\"620\" height=\"387\" \/><\/p>\n<p>Semana que vem, nos dias 7 e 8 de junho, a Europa receber\u00e1 o mundo na cidade de Bruxelas.<\/p>\n<p>Mais de 100 l\u00edderes globais\u00a0e 40 mil participantes de todos os cantos do planeta estar\u00e3o reunidos na capital da Uni\u00e3o Europeia para discutir a agenda de desenvolvimento e pensar solu\u00e7\u00f5es para as mais importantes quest\u00f5es mundiais.<\/p>\n<p>Organizado desde 2006 pela Comiss\u00e3o Europeia, o evento deste ano trar\u00e1 a debate os mais diversos temas internacionais, como: Pessoas, Planeta, Prosperidade, Paz e Parcerias; divididos em dezenas de pain\u00e9is que comp\u00f5em a <a href=\"https:\/\/www.eudevdays.eu\/programme\">programa\u00e7\u00e3o geral.<\/a><\/p>\n<p>Com a experi\u00eancia da participa\u00e7\u00e3o em edi\u00e7\u00f5es anteriores do\u00a0evento, o Diplomacia Civil est\u00e1 levando mais uma delega\u00e7\u00e3o para marcar presen\u00e7a e trazer para o Brasil as ideias aprendidas\u00a0na Europa.<\/p>\n<p>Conhe\u00e7a quem s\u00e3o os membros da delega\u00e7\u00e3o que est\u00e1 de malas prontas para embarcar para Bruxelas:<\/p>\n<p>&nbsp;<\/p>\n<p><span class=\"alignnone\" style=\"font-weight: 400;\"><strong><img decoding=\"async\" class=\"alignnone wp-image-3335 size-thumbnail alignleft\" src=\"http:\/\/globalattitude.org.br\/wp-content\/uploads\/2023\/03\/foto_camila-150x150.jpg\" alt=\"\" width=\"150\" height=\"150\" \/>Camila Barros\u00a0<\/strong>\u00e9 graduanda em Rela\u00e7\u00f5es Internacionais no Centro Universit\u00e1rio Tabosa de Almeida (UNITA) em Caruaru- PE. Atua como pesquisadora na \u00e1rea de Migra\u00e7\u00f5es Internacionais e Crian\u00e7as Refugiadas. Participou do Projeto de Extens\u00e3o &#8220;Bienvenidos&#8221; no intuito de localizar organismos e institui\u00e7\u00f5es que lidam\u00a0com pessoas na condi\u00e7\u00e3o de ref\u00fagio. Atualmente participa do projeto &#8220;Cultura de Paz&#8221;, que tem como miss\u00e3o levar a cultura de paz e da fraternidade a crian\u00e7as e adolescentes em escolas. Entre seus interesses est\u00e3o\u00a0organismos internacionais que visem a prote\u00e7\u00e3o, o bem-estar e a garantia de direitos \u00e0s crian\u00e7as refugiadas.<\/span><\/p>\n<p>&#8211;<\/p>\n<p style=\"text-align: left;\"><img decoding=\"async\" class=\"wp-image-3338 size-thumbnail alignright\" src=\"http:\/\/globalattitude.org.br\/wp-content\/uploads\/2023\/03\/Screen-Shot-2017-06-02-at-7.23.52-PM-150x150.png\" alt=\"\" width=\"150\" height=\"150\" \/><\/p>\n<p style=\"text-align: left;\"><span style=\"font-weight: 400;\"><strong>Liz Cosmelli de Oliveira<\/strong> \u00e9 graduada em Rela\u00e7\u00f5es Internacionais pelo IBMEC &#8211; Rio.\u00a0<\/span><span style=\"font-weight: 400;\">\u00c9 mestranda em An\u00e1lise e Gest\u00e3o de Pol\u00edticas Internacionais: Resolu\u00e7\u00e3o de Conflitos e Coopera\u00e7\u00e3o para o Desenvolvimento pela\u00a0PUC-Rio, tendo participado de diversos semin\u00e1rios com \u00eanfase nos desafios de estudo de g\u00eanero no Brasil e no mundo, como o &#8220;Fazendo G\u00eanero&#8221;, entre outros. Como estagi\u00e1ria, possui experi\u00eancia na \u00e1rea de eventos de Rela\u00e7\u00f5es Internacionais pelo CEBRI &#8211; Centro Brasileiro de Rela\u00e7\u00f5es Internacionais e de trabalho volunt\u00e1rio pela AIESEC. Seus principais temas de interesse s\u00e3o: direitos humanos, g\u00eaneros, coopera\u00e7\u00e3o sul-sul e agenda 2030.<\/span><\/p>\n<p style=\"text-align: left;\">&#8211;<\/p>\n<p style=\"text-align: left;\"><span style=\"font-weight: 400;\"><strong><img loading=\"lazy\" decoding=\"async\" class=\"wp-image-3339 size-thumbnail alignleft\" src=\"http:\/\/globalattitude.org.br\/wp-content\/uploads\/2023\/03\/foto_lucas-150x150.jpg\" alt=\"\" width=\"150\" height=\"150\" \/><\/strong><\/span><\/p>\n<p style=\"text-align: left;\"><span style=\"font-weight: 400;\"><strong>Lucas Guimar\u00e3es<\/strong> \u00e9 Bacharel em Rela\u00e7\u00f5es Internacionais pela Universidade Cat\u00f3lica de Bras\u00edlia (UCB) e especialista em Rela\u00e7\u00f5es Internacionais pela Universidade de Bras\u00edlia (UnB). Fez um curso de curta dura\u00e7\u00e3o no Canad\u00e1 na \u00e1rea de Comunica\u00e7\u00e3o Avan\u00e7ada e<\/span><span style=\"font-weight: 400;\">\u00a0trabalho social na Col\u00f4mbia, onde ensinou sobre Direitos Humanos e publicou artigos\u00a0relacionados \u00e0 Uni\u00e3o Europeia e o Brasil. Como volunt\u00e1rio, fez parte da AIESEC,<\/span><span style=\"font-weight: 400;\">\u00a0onde participou de eventos em universidades e feiras de interc\u00e2mbio; e tamb\u00e9m fez parte da Federa\u00e7\u00e3o Nacional dos Estudantes de Rela\u00e7\u00f5es Internacionais (FENERI).<\/span><span style=\"font-weight: 400;\">\u00a0Atualmente \u00e9 editor e coordenador do blog Cidad\u00e3os do Mundo.<\/span><\/p>\n<p style=\"text-align: left;\"><strong><img loading=\"lazy\" decoding=\"async\" class=\"alignnone wp-image-3340 size-thumbnail alignright\" src=\"http:\/\/globalattitude.org.br\/wp-content\/uploads\/2023\/03\/Nathalia2-150x150.jpg\" alt=\"\" width=\"150\" height=\"150\" \/><\/strong><\/p>\n<p style=\"text-align: left;\">&#8211;<\/p>\n<p style=\"text-align: left;\"><strong>Nathalia Antonieta<\/strong> cursa Rela\u00e7\u00f5es Internacionais na PUC-MG. Durante o curso participou de projetos como National Model United Nations New York, modelo da ONU sediado em Nova Iorque e da institui\u00e7\u00e3o Rotary International &#8211; com experi\u00eancia na It\u00e1lia. Atualmente \u00e9 diretora assistente da &#8220;MINIONU&#8221;, maior modelo intercolegial da ONU na Am\u00e9rica Latina simulando a Corte Internacional de Justi\u00e7a al\u00e9m de diretora assistente do modelo &#8220;TEMAS &#8211; simula\u00e7\u00f5es tem\u00e1ticas&#8221;, tendo participado em edi\u00e7\u00f5es passadas do evento e hoje atuando no comit\u00ea de &#8220;crises e interven\u00e7\u00f5es&#8221;.<\/p>\n<p>&nbsp;<\/p>\n<p>Com muitas ideias para melhorar o mundo, os(as) delegados(as) escolhidos(as) t\u00eam tudo para fazer uma excelente participa\u00e7\u00e3o no evento atrav\u00e9s da sua atua\u00e7\u00e3o\u00a0como delegados\u00a0globais do\u00a0Diplomacia Civil.<\/p>\n<p>O Instituto Global Attitude deseja uma boa viagem a todos(as) e um evento inspirador!<\/p>\n<p>Para ficar por dentro das principais\u00a0not\u00edcias de tudo o\u00a0que acontecer\u00e1 nesses dias de evento, siga acompanhando aqui no site e tamb\u00e9m nas <a href=\"https:\/\/www.facebook.com\/global.attitude.org\/?ref=br_rs\">redes sociais<\/a>.<\/p>\n<p>Para\u00a0saber tudo\u00a0sobre\u00a0o EDD, confira\u00a0o site oficial:\u00a0<a href=\"https:\/\/www.eudevdays.eu\/\">https:\/\/www.eudevdays.eu\/<\/a><\/p>\n<p>&nbsp;<\/p>\n","protected":false},"excerpt":{"rendered":"<p>Semana que vem, nos dias 7 e 8 de junho, a Europa receber\u00e1 o mundo na cidade de Bruxelas. Mais de 100 l\u00edderes globais\u00a0e 40 mil participantes de todos os cantos do planeta estar\u00e3o reunidos na capital da Uni\u00e3o Europeia para discutir a agenda de desenvolvimento e pensar solu\u00e7\u00f5es para as mais importantes quest\u00f5es mundiais. [&hellip;]<\/p>\n","protected":false},"author":1,"featured_media":1748,"comment_status":"open","ping_status":"open","sticky":false,"template":"","format":"standard","meta":{"_acf_changed":false,"om_disable_all_campaigns":false,"_monsterinsights_skip_tracking":false,"_monsterinsights_sitenote_active":false,"_monsterinsights_sitenote_note":"","_monsterinsights_sitenote_category":0,"_uf_show_specific_survey":0,"_uf_disable_surveys":false,"footnotes":""},"categories":[22,34],"tags":[],"class_list":["post-1747","post","type-post","status-publish","format-standard","hentry","category-programas","category-ultimas"],"acf":[],"aioseo_notices":[],"yoast_head":"<!-- This site is optimized with the Yoast SEO plugin v27.5 - https:\/\/yoast.com\/product\/yoast-seo-wordpress\/ -->\n<title>Delega\u00e7\u00e3o do Diplomacia Civil embarca para o European Development Days 2017 - Instituto Global Attitude<\/title>\n<meta name=\"robots\" content=\"index, follow, max-snippet:-1, max-image-preview:large, max-video-preview:-1\" \/>\n<link rel=\"canonical\" href=\"https:\/\/globalattitude.org.br\/en\/delegacao-do-diplomacia-civil-embarca-para-o-european-development-days-2017\/\" \/>\n<meta property=\"og:locale\" content=\"en_US\" \/>\n<meta property=\"og:type\" content=\"article\" \/>\n<meta property=\"og:title\" content=\"Delega\u00e7\u00e3o do Diplomacia Civil embarca para o European Development Days 2017 - Instituto Global Attitude\" \/>\n<meta property=\"og:description\" content=\"Semana que vem, nos dias 7 e 8 de junho, a Europa receber\u00e1 o mundo na cidade de Bruxelas. Mais de 100 l\u00edderes globais\u00a0e 40 mil participantes de todos os cantos do planeta estar\u00e3o reunidos na capital da Uni\u00e3o Europeia para discutir a agenda de desenvolvimento e pensar solu\u00e7\u00f5es para as mais importantes quest\u00f5es mundiais. [&hellip;]\" \/>\n<meta property=\"og:url\" content=\"https:\/\/globalattitude.org.br\/en\/delegacao-do-diplomacia-civil-embarca-para-o-european-development-days-2017\/\" \/>\n<meta property=\"og:site_name\" content=\"Instituto Global Attitude\" \/>\n<meta property=\"article:publisher\" content=\"https:\/\/www.facebook.com\/global.attitude.org\/\" \/>\n<meta property=\"article:published_time\" content=\"2017-06-03T01:45:58+00:00\" \/>\n<meta property=\"article:modified_time\" content=\"2023-03-10T13:19:58+00:00\" \/>\n<meta property=\"og:image\" content=\"https:\/\/globalattitude.org.br\/wp-content\/uploads\/2023\/03\/EU-Flags_2907981b.jpg\" \/>\n\t<meta property=\"og:image:width\" content=\"620\" \/>\n\t<meta property=\"og:image:height\" content=\"387\" \/>\n\t<meta property=\"og:image:type\" content=\"image\/jpeg\" \/>\n<meta name=\"author\" content=\"123esite\" \/>\n<meta name=\"twitter:card\" content=\"summary_large_image\" \/>\n<meta name=\"twitter:creator\" content=\"@global_attitude\" \/>\n<meta name=\"twitter:site\" content=\"@global_attitude\" \/>\n<meta name=\"twitter:label1\" content=\"Written by\" \/>\n\t<meta name=\"twitter:data1\" content=\"123esite\" \/>\n\t<meta name=\"twitter:label2\" content=\"Est. reading time\" \/>\n\t<meta name=\"twitter:data2\" content=\"3 minutes\" \/>\n<script type=\"application\/ld+json\" class=\"yoast-schema-graph\">{\"@context\":\"https:\\\/\\\/schema.org\",\"@graph\":[{\"@type\":[\"Article\",\"BlogPosting\"],\"@id\":\"https:\\\/\\\/globalattitude.org.br\\\/en\\\/delegacao-do-diplomacia-civil-embarca-para-o-european-development-days-2017\\\/#article\",\"isPartOf\":{\"@id\":\"https:\\\/\\\/globalattitude.org.br\\\/en\\\/delegacao-do-diplomacia-civil-embarca-para-o-european-development-days-2017\\\/\"},\"author\":{\"name\":\"123esite\",\"@id\":\"http:\\\/\\\/globalattitude.org.br\\\/#\\\/schema\\\/person\\\/6d308f9d9d1eebad0278ad9386f13169\"},\"headline\":\"Delega\u00e7\u00e3o do Diplomacia Civil embarca para o European Development Days 2017\",\"datePublished\":\"2017-06-03T01:45:58+00:00\",\"dateModified\":\"2023-03-10T13:19:58+00:00\",\"mainEntityOfPage\":{\"@id\":\"https:\\\/\\\/globalattitude.org.br\\\/en\\\/delegacao-do-diplomacia-civil-embarca-para-o-european-development-days-2017\\\/\"},\"wordCount\":677,\"commentCount\":0,\"publisher\":{\"@id\":\"http:\\\/\\\/globalattitude.org.br\\\/#organization\"},\"image\":{\"@id\":\"https:\\\/\\\/globalattitude.org.br\\\/en\\\/delegacao-do-diplomacia-civil-embarca-para-o-european-development-days-2017\\\/#primaryimage\"},\"thumbnailUrl\":\"https:\\\/\\\/globalattitude.org.br\\\/wp-content\\\/uploads\\\/2023\\\/03\\\/EU-Flags_2907981b.jpg\",\"articleSection\":[\"Programas\",\"\u00daltimas\"],\"inLanguage\":\"en-US\",\"potentialAction\":[{\"@type\":\"CommentAction\",\"name\":\"Comment\",\"target\":[\"https:\\\/\\\/globalattitude.org.br\\\/en\\\/delegacao-do-diplomacia-civil-embarca-para-o-european-development-days-2017\\\/#respond\"]}]},{\"@type\":\"WebPage\",\"@id\":\"https:\\\/\\\/globalattitude.org.br\\\/en\\\/delegacao-do-diplomacia-civil-embarca-para-o-european-development-days-2017\\\/\",\"url\":\"https:\\\/\\\/globalattitude.org.br\\\/en\\\/delegacao-do-diplomacia-civil-embarca-para-o-european-development-days-2017\\\/\",\"name\":\"Delega\u00e7\u00e3o do Diplomacia Civil embarca para o European Development Days 2017 - Instituto Global Attitude\",\"isPartOf\":{\"@id\":\"http:\\\/\\\/globalattitude.org.br\\\/#website\"},\"primaryImageOfPage\":{\"@id\":\"https:\\\/\\\/globalattitude.org.br\\\/en\\\/delegacao-do-diplomacia-civil-embarca-para-o-european-development-days-2017\\\/#primaryimage\"},\"image\":{\"@id\":\"https:\\\/\\\/globalattitude.org.br\\\/en\\\/delegacao-do-diplomacia-civil-embarca-para-o-european-development-days-2017\\\/#primaryimage\"},\"thumbnailUrl\":\"https:\\\/\\\/globalattitude.org.br\\\/wp-content\\\/uploads\\\/2023\\\/03\\\/EU-Flags_2907981b.jpg\",\"datePublished\":\"2017-06-03T01:45:58+00:00\",\"dateModified\":\"2023-03-10T13:19:58+00:00\",\"breadcrumb\":{\"@id\":\"https:\\\/\\\/globalattitude.org.br\\\/en\\\/delegacao-do-diplomacia-civil-embarca-para-o-european-development-days-2017\\\/#breadcrumb\"},\"inLanguage\":\"en-US\",\"potentialAction\":[{\"@type\":\"ReadAction\",\"target\":[\"https:\\\/\\\/globalattitude.org.br\\\/en\\\/delegacao-do-diplomacia-civil-embarca-para-o-european-development-days-2017\\\/\"]}]},{\"@type\":\"ImageObject\",\"inLanguage\":\"en-US\",\"@id\":\"https:\\\/\\\/globalattitude.org.br\\\/en\\\/delegacao-do-diplomacia-civil-embarca-para-o-european-development-days-2017\\\/#primaryimage\",\"url\":\"https:\\\/\\\/globalattitude.org.br\\\/wp-content\\\/uploads\\\/2023\\\/03\\\/EU-Flags_2907981b.jpg\",\"contentUrl\":\"https:\\\/\\\/globalattitude.org.br\\\/wp-content\\\/uploads\\\/2023\\\/03\\\/EU-Flags_2907981b.jpg\",\"width\":620,\"height\":387},{\"@type\":\"BreadcrumbList\",\"@id\":\"https:\\\/\\\/globalattitude.org.br\\\/en\\\/delegacao-do-diplomacia-civil-embarca-para-o-european-development-days-2017\\\/#breadcrumb\",\"itemListElement\":[{\"@type\":\"ListItem\",\"position\":1,\"name\":\"In\u00edcio\",\"item\":\"https:\\\/\\\/globalattitude.org.br\\\/en\\\/\"},{\"@type\":\"ListItem\",\"position\":2,\"name\":\"Delega\u00e7\u00e3o do Diplomacia Civil embarca para o European Development Days 2017\"}]},{\"@type\":\"WebSite\",\"@id\":\"http:\\\/\\\/globalattitude.org.br\\\/#website\",\"url\":\"http:\\\/\\\/globalattitude.org.br\\\/\",\"name\":\"Instituto Global Attitude\",\"description\":\"\",\"publisher\":{\"@id\":\"http:\\\/\\\/globalattitude.org.br\\\/#organization\"},\"potentialAction\":[{\"@type\":\"SearchAction\",\"target\":{\"@type\":\"EntryPoint\",\"urlTemplate\":\"http:\\\/\\\/globalattitude.org.br\\\/?s={search_term_string}\"},\"query-input\":{\"@type\":\"PropertyValueSpecification\",\"valueRequired\":true,\"valueName\":\"search_term_string\"}}],\"inLanguage\":\"en-US\"},{\"@type\":\"Organization\",\"@id\":\"http:\\\/\\\/globalattitude.org.br\\\/#organization\",\"name\":\"Instituto Global Attitude\",\"url\":\"http:\\\/\\\/globalattitude.org.br\\\/\",\"logo\":{\"@type\":\"ImageObject\",\"inLanguage\":\"en-US\",\"@id\":\"http:\\\/\\\/globalattitude.org.br\\\/#\\\/schema\\\/logo\\\/image\\\/\",\"url\":\"https:\\\/\\\/globalattitude.org.br\\\/wp-content\\\/uploads\\\/2023\\\/01\\\/instituto-global-attitude-color.png\",\"contentUrl\":\"https:\\\/\\\/globalattitude.org.br\\\/wp-content\\\/uploads\\\/2023\\\/01\\\/instituto-global-attitude-color.png\",\"width\":300,\"height\":131,\"caption\":\"Instituto Global Attitude\"},\"image\":{\"@id\":\"http:\\\/\\\/globalattitude.org.br\\\/#\\\/schema\\\/logo\\\/image\\\/\"},\"sameAs\":[\"https:\\\/\\\/www.facebook.com\\\/global.attitude.org\\\/\",\"https:\\\/\\\/x.com\\\/global_attitude\",\"https:\\\/\\\/www.instagram.com\\\/globalattitude\",\"https:\\\/\\\/www.linkedin.com\\\/company\\\/global-attitude\\\/?viewAsMember=true\"]},{\"@type\":\"Person\",\"@id\":\"http:\\\/\\\/globalattitude.org.br\\\/#\\\/schema\\\/person\\\/6d308f9d9d1eebad0278ad9386f13169\",\"name\":\"123esite\",\"image\":{\"@type\":\"ImageObject\",\"inLanguage\":\"en-US\",\"@id\":\"https:\\\/\\\/secure.gravatar.com\\\/avatar\\\/07bd71fac19f42004f2b73567f012e126689afdb23cb0017536dea9113ba1806?s=96&d=mm&r=g\",\"url\":\"https:\\\/\\\/secure.gravatar.com\\\/avatar\\\/07bd71fac19f42004f2b73567f012e126689afdb23cb0017536dea9113ba1806?s=96&d=mm&r=g\",\"contentUrl\":\"https:\\\/\\\/secure.gravatar.com\\\/avatar\\\/07bd71fac19f42004f2b73567f012e126689afdb23cb0017536dea9113ba1806?s=96&d=mm&r=g\",\"caption\":\"123esite\"},\"sameAs\":[\"http:\\\/\\\/globalattitude.org.br\"],\"url\":\"https:\\\/\\\/globalattitude.org.br\\\/en\\\/author\\\/123esite\\\/\"}]}<\/script>\n<!-- \/ Yoast SEO plugin. -->","yoast_head_json":{"title":"Delega\u00e7\u00e3o do Diplomacia Civil embarca para o European Development Days 2017 - Instituto Global Attitude","robots":{"index":"index","follow":"follow","max-snippet":"max-snippet:-1","max-image-preview":"max-image-preview:large","max-video-preview":"max-video-preview:-1"},"canonical":"https:\/\/globalattitude.org.br\/en\/delegacao-do-diplomacia-civil-embarca-para-o-european-development-days-2017\/","og_locale":"en_US","og_type":"article","og_title":"Delega\u00e7\u00e3o do Diplomacia Civil embarca para o European Development Days 2017 - Instituto Global Attitude","og_description":"Semana que vem, nos dias 7 e 8 de junho, a Europa receber\u00e1 o mundo na cidade de Bruxelas. Mais de 100 l\u00edderes globais\u00a0e 40 mil participantes de todos os cantos do planeta estar\u00e3o reunidos na capital da Uni\u00e3o Europeia para discutir a agenda de desenvolvimento e pensar solu\u00e7\u00f5es para as mais importantes quest\u00f5es mundiais. [&hellip;]","og_url":"https:\/\/globalattitude.org.br\/en\/delegacao-do-diplomacia-civil-embarca-para-o-european-development-days-2017\/","og_site_name":"Instituto Global Attitude","article_publisher":"https:\/\/www.facebook.com\/global.attitude.org\/","article_published_time":"2017-06-03T01:45:58+00:00","article_modified_time":"2023-03-10T13:19:58+00:00","og_image":[{"width":620,"height":387,"url":"https:\/\/globalattitude.org.br\/wp-content\/uploads\/2023\/03\/EU-Flags_2907981b.jpg","type":"image\/jpeg"}],"author":"123esite","twitter_card":"summary_large_image","twitter_creator":"@global_attitude","twitter_site":"@global_attitude","twitter_misc":{"Written by":"123esite","Est. reading time":"3 minutes"},"schema":{"@context":"https:\/\/schema.org","@graph":[{"@type":["Article","BlogPosting"],"@id":"https:\/\/globalattitude.org.br\/en\/delegacao-do-diplomacia-civil-embarca-para-o-european-development-days-2017\/#article","isPartOf":{"@id":"https:\/\/globalattitude.org.br\/en\/delegacao-do-diplomacia-civil-embarca-para-o-european-development-days-2017\/"},"author":{"name":"123esite","@id":"http:\/\/globalattitude.org.br\/#\/schema\/person\/6d308f9d9d1eebad0278ad9386f13169"},"headline":"Delega\u00e7\u00e3o do Diplomacia Civil embarca para o European Development Days 2017","datePublished":"2017-06-03T01:45:58+00:00","dateModified":"2023-03-10T13:19:58+00:00","mainEntityOfPage":{"@id":"https:\/\/globalattitude.org.br\/en\/delegacao-do-diplomacia-civil-embarca-para-o-european-development-days-2017\/"},"wordCount":677,"commentCount":0,"publisher":{"@id":"http:\/\/globalattitude.org.br\/#organization"},"image":{"@id":"https:\/\/globalattitude.org.br\/en\/delegacao-do-diplomacia-civil-embarca-para-o-european-development-days-2017\/#primaryimage"},"thumbnailUrl":"https:\/\/globalattitude.org.br\/wp-content\/uploads\/2023\/03\/EU-Flags_2907981b.jpg","articleSection":["Programas","\u00daltimas"],"inLanguage":"en-US","potentialAction":[{"@type":"CommentAction","name":"Comment","target":["https:\/\/globalattitude.org.br\/en\/delegacao-do-diplomacia-civil-embarca-para-o-european-development-days-2017\/#respond"]}]},{"@type":"WebPage","@id":"https:\/\/globalattitude.org.br\/en\/delegacao-do-diplomacia-civil-embarca-para-o-european-development-days-2017\/","url":"https:\/\/globalattitude.org.br\/en\/delegacao-do-diplomacia-civil-embarca-para-o-european-development-days-2017\/","name":"Delega\u00e7\u00e3o do Diplomacia Civil embarca para o European Development Days 2017 - Instituto Global Attitude","isPartOf":{"@id":"http:\/\/globalattitude.org.br\/#website"},"primaryImageOfPage":{"@id":"https:\/\/globalattitude.org.br\/en\/delegacao-do-diplomacia-civil-embarca-para-o-european-development-days-2017\/#primaryimage"},"image":{"@id":"https:\/\/globalattitude.org.br\/en\/delegacao-do-diplomacia-civil-embarca-para-o-european-development-days-2017\/#primaryimage"},"thumbnailUrl":"https:\/\/globalattitude.org.br\/wp-content\/uploads\/2023\/03\/EU-Flags_2907981b.jpg","datePublished":"2017-06-03T01:45:58+00:00","dateModified":"2023-03-10T13:19:58+00:00","breadcrumb":{"@id":"https:\/\/globalattitude.org.br\/en\/delegacao-do-diplomacia-civil-embarca-para-o-european-development-days-2017\/#breadcrumb"},"inLanguage":"en-US","potentialAction":[{"@type":"ReadAction","target":["https:\/\/globalattitude.org.br\/en\/delegacao-do-diplomacia-civil-embarca-para-o-european-development-days-2017\/"]}]},{"@type":"ImageObject","inLanguage":"en-US","@id":"https:\/\/globalattitude.org.br\/en\/delegacao-do-diplomacia-civil-embarca-para-o-european-development-days-2017\/#primaryimage","url":"https:\/\/globalattitude.org.br\/wp-content\/uploads\/2023\/03\/EU-Flags_2907981b.jpg","contentUrl":"https:\/\/globalattitude.org.br\/wp-content\/uploads\/2023\/03\/EU-Flags_2907981b.jpg","width":620,"height":387},{"@type":"BreadcrumbList","@id":"https:\/\/globalattitude.org.br\/en\/delegacao-do-diplomacia-civil-embarca-para-o-european-development-days-2017\/#breadcrumb","itemListElement":[{"@type":"ListItem","position":1,"name":"In\u00edcio","item":"https:\/\/globalattitude.org.br\/en\/"},{"@type":"ListItem","position":2,"name":"Delega\u00e7\u00e3o do Diplomacia Civil embarca para o European Development Days 2017"}]},{"@type":"WebSite","@id":"http:\/\/globalattitude.org.br\/#website","url":"http:\/\/globalattitude.org.br\/","name":"Instituto Global Attitude","description":"","publisher":{"@id":"http:\/\/globalattitude.org.br\/#organization"},"potentialAction":[{"@type":"SearchAction","target":{"@type":"EntryPoint","urlTemplate":"http:\/\/globalattitude.org.br\/?s={search_term_string}"},"query-input":{"@type":"PropertyValueSpecification","valueRequired":true,"valueName":"search_term_string"}}],"inLanguage":"en-US"},{"@type":"Organization","@id":"http:\/\/globalattitude.org.br\/#organization","name":"Instituto Global Attitude","url":"http:\/\/globalattitude.org.br\/","logo":{"@type":"ImageObject","inLanguage":"en-US","@id":"http:\/\/globalattitude.org.br\/#\/schema\/logo\/image\/","url":"https:\/\/globalattitude.org.br\/wp-content\/uploads\/2023\/01\/instituto-global-attitude-color.png","contentUrl":"https:\/\/globalattitude.org.br\/wp-content\/uploads\/2023\/01\/instituto-global-attitude-color.png","width":300,"height":131,"caption":"Instituto Global Attitude"},"image":{"@id":"http:\/\/globalattitude.org.br\/#\/schema\/logo\/image\/"},"sameAs":["https:\/\/www.facebook.com\/global.attitude.org\/","https:\/\/x.com\/global_attitude","https:\/\/www.instagram.com\/globalattitude","https:\/\/www.linkedin.com\/company\/global-attitude\/?viewAsMember=true"]},{"@type":"Person","@id":"http:\/\/globalattitude.org.br\/#\/schema\/person\/6d308f9d9d1eebad0278ad9386f13169","name":"123esite","image":{"@type":"ImageObject","inLanguage":"en-US","@id":"https:\/\/secure.gravatar.com\/avatar\/07bd71fac19f42004f2b73567f012e126689afdb23cb0017536dea9113ba1806?s=96&d=mm&r=g","url":"https:\/\/secure.gravatar.com\/avatar\/07bd71fac19f42004f2b73567f012e126689afdb23cb0017536dea9113ba1806?s=96&d=mm&r=g","contentUrl":"https:\/\/secure.gravatar.com\/avatar\/07bd71fac19f42004f2b73567f012e126689afdb23cb0017536dea9113ba1806?s=96&d=mm&r=g","caption":"123esite"},"sameAs":["http:\/\/globalattitude.org.br"],"url":"https:\/\/globalattitude.org.br\/en\/author\/123esite\/"}]}},"_links":{"self":[{"href":"https:\/\/globalattitude.org.br\/en\/wp-json\/wp\/v2\/posts\/1747","targetHints":{"allow":["GET"]}}],"collection":[{"href":"https:\/\/globalattitude.org.br\/en\/wp-json\/wp\/v2\/posts"}],"about":[{"href":"https:\/\/globalattitude.org.br\/en\/wp-json\/wp\/v2\/types\/post"}],"author":[{"embeddable":true,"href":"https:\/\/globalattitude.org.br\/en\/wp-json\/wp\/v2\/users\/1"}],"replies":[{"embeddable":true,"href":"https:\/\/globalattitude.org.br\/en\/wp-json\/wp\/v2\/comments?post=1747"}],"version-history":[{"count":1,"href":"https:\/\/globalattitude.org.br\/en\/wp-json\/wp\/v2\/posts\/1747\/revisions"}],"predecessor-version":[{"id":1753,"href":"https:\/\/globalattitude.org.br\/en\/wp-json\/wp\/v2\/posts\/1747\/revisions\/1753"}],"wp:featuredmedia":[{"embeddable":true,"href":"https:\/\/globalattitude.org.br\/en\/wp-json\/wp\/v2\/media\/1748"}],"wp:attachment":[{"href":"https:\/\/globalattitude.org.br\/en\/wp-json\/wp\/v2\/media?parent=1747"}],"wp:term":[{"taxonomy":"category","embeddable":true,"href":"https:\/\/globalattitude.org.br\/en\/wp-json\/wp\/v2\/categories?post=1747"},{"taxonomy":"post_tag","embeddable":true,"href":"https:\/\/globalattitude.org.br\/en\/wp-json\/wp\/v2\/tags?post=1747"}],"curies":[{"name":"wp","href":"https:\/\/api.w.org\/{rel}","templated":true}]}}