{"id":1895,"date":"2017-09-25T20:22:36","date_gmt":"2017-09-25T23:22:36","guid":{"rendered":"https:\/\/globalattitude.org.br\/conheca-a-delegacao-que-se-prepara-para-ir-ao-forum-anual-do-fmi-e-banco-mundial\/"},"modified":"2023-03-10T10:25:28","modified_gmt":"2023-03-10T13:25:28","slug":"conheca-a-delegacao-que-se-prepara-para-ir-ao-forum-anual-do-fmi-e-banco-mundial","status":"publish","type":"post","link":"https:\/\/globalattitude.org.br\/en\/conheca-a-delegacao-que-se-prepara-para-ir-ao-forum-anual-do-fmi-e-banco-mundial\/","title":{"rendered":"Conhe\u00e7a a delega\u00e7\u00e3o que se prepara para ir ao f\u00f3rum anual do FMI e do Banco Mundial"},"content":{"rendered":"<p><img fetchpriority=\"high\" decoding=\"async\" class=\"alignnone wp-image-3567\" src=\"http:\/\/globalattitude.org.br\/wp-content\/uploads\/2023\/03\/AM17_tile-300x178.png\" alt=\"\" width=\"730\" height=\"433\" \/><\/p>\n<p>Sete jovens fazem parte da delega\u00e7\u00e3o brasileira que parte no in\u00edcio de outubro rumo \u00e0 capital dos EUA.<\/p>\n<p>Capacitados e coordenados pelo Diplomacia Civil \u2013 programa do Instituto Global Attitude que possibilita que estudantes, rec\u00e9m-formados e demais jovens brasileiros interessados\u00a0possam participar das discuss\u00f5es globais como membros de delega\u00e7\u00f5es especiais enviadas aos grandes f\u00f3runs\u00a0\u2013 os delegados e delegadas ter\u00e3o a oportunidade de de participar de uma experi\u00eancia \u00edmpar de relev\u00e2ncia internacional para suas carreiras.<\/p>\n<p>Realizado anualmente na sede do FMI e do Banco Mundial em Washington D.C. antes das reunio\u0303es do Comite\u0302 Moneta\u0301rio e Financeiro Internacional, o Annual Meetings conta com a presen\u00e7a do presidente do Banco Mundial, Jim Yong Kim, a diretora-gerente do IMF, Christine Lagarde, e de ministros das Finan\u00e7as de todo o mundo. Na ocasi\u00e3o, o Conselho discute quest\u00f5es monet\u00e1rias internacionais, aprovando resolu\u00e7\u00f5es correspondentes para a implementa\u00e7\u00e3o de novas pol\u00edticas financeiras mundiais.<\/p>\n<p>Neste ano o evento sera\u0301 realizado entre os dias 13 e 15 de outubro, mas, para os participantes do Diplomacia Civil a experi\u00eancia durar\u00e1 a semana inteira.<\/p>\n<p>&nbsp;<\/p>\n<blockquote><p>&#8220;Como parte do programa e com o intuito de agregar ainda mais \u00e0 experi\u00eancia do evento, eles contar\u00e3o com diversas atividades paralelas, como eventos de networking e encontro com importantes autoridades mundiais&#8221;, ressaltou\u00a0o coordenador do Diplomacia Civil, Felipe Toledo.<\/p>\n<p>&nbsp;<\/p><\/blockquote>\n<p>Conhe\u00e7a agora um pouco mais sobre os membros da delega\u00e7\u00e3o que ir\u00e3o a\u00a0Washington:<\/p>\n<p>&nbsp;<\/p>\n<p style=\"text-align: left;\"><span style=\"font-weight: 400;\"><strong><img decoding=\"async\" class=\"wp-image-3569 size-thumbnail alignright\" src=\"http:\/\/globalattitude.org.br\/wp-content\/uploads\/2023\/03\/Lucas-Warwar-150x150.jpg\" alt=\"\" width=\"150\" height=\"150\" \/>Lucas Warwar<\/strong> \u00e9 estudante de gradua\u00e7\u00e3o em Ci\u00eancias Econ\u00f4micas na Universidade Estadual de Campinas (Unicamp). Realizou um projeto de pesquisa no campo de pol\u00edtica fiscal, tendo avaliado o tema do impacto do aumento de impostos sobre o consumo. Ap\u00f3s ter tido a experi\u00eancia de atuar na \u00e1rea fiscal de uma multinacional do setor de bebidas, atualmente pesquisa sobre o tema de pol\u00edticas de redu\u00e7\u00e3o de pobreza &#8211; mais especificamente sobre as iniciativas de microcr\u00e9dito existentes atualmente no sudeste asi\u00e1tico.\u00a0<\/span><\/p>\n<p style=\"text-align: left;\">.<\/p>\n<p style=\"text-align: left;\"><span style=\"font-weight: 400;\"><strong><img decoding=\"async\" class=\"wp-image-3570 size-thumbnail alignleft\" src=\"http:\/\/globalattitude.org.br\/wp-content\/uploads\/2023\/03\/Maria-Eugenia-Cirillo-150x150.jpeg\" alt=\"\" width=\"150\" height=\"150\" \/>Maria Eug\u00eania Cirillo<\/strong> \u00e9 graduanda de Direito pela Pontif\u00edcia Universidade Cat\u00f3lica do Rio de Janeiro (PUC-Rio) e atua na \u00e1rea de Direito Societ\u00e1rio e de Mercado de Capitais. Entusiasta de temas relacionados ao Mercado Financeiro e \u00e0 Economia Global, procura destacar a rela\u00e7\u00e3o entre Direito e Economia, atribuindo uma perspectiva econ\u00f4mica ao estudo dos institutos jur\u00eddicos. Anteriormente, fez est\u00e1gio no Colegiado da Comiss\u00e3o de Valores Mobili\u00e1rios (CVM). Foi tamb\u00e9m Presidente da Liga de Mercado Financeiro PUC-Rio, bolsista PIBIC\/CNPq em Macroeconomia e Finan\u00e7as no Departamento de Economia da universidade e publicou artigo sobre fus\u00f5es e aquisi\u00e7\u00f5es.<\/span><\/p>\n<p>&nbsp;<\/p>\n<p><span style=\"font-weight: 400;\"><strong><img loading=\"lazy\" decoding=\"async\" class=\"alignnone wp-image-3571 size-thumbnail alignright\" src=\"http:\/\/globalattitude.org.br\/wp-content\/uploads\/2023\/03\/Pedro-Gustinelli-150x150.jpeg\" alt=\"\" width=\"150\" height=\"150\" \/>Pedro Quirino de Luca Gustinelli<\/strong> est\u00e1 cursando o \u00faltimo semestre de economia (ESALQ\/USP) e tem certifica\u00e7\u00e3o do Instituto Brasileiro Legislativo no curso Pol\u00edtica Contempor\u00e2nea. <\/span><span style=\"font-weight: 400;\">\u00c9 cofundador e coordenador do Grupo de Extens\u00e3o EducA\u00c7\u00c3O, da Universidade de S\u00e3o Paulo, que trabalha com a comunidade t\u00f3picos de economia, educa\u00e7\u00e3o financeira e empreendedorismo. <\/span><span style=\"font-weight: 400;\">Atualmente \u00e9 monitor da disciplina <\/span><span style=\"font-weight: 400;\">Hist\u00f3ria do Pensamento Econ\u00f4mico<\/span><span style=\"font-weight: 400;\"> e pesquisa temas como macroeconomia e democracia. Al\u00e9m disso, trabalha no mercado financeiro como assessor de investimentos\u00a0certificado pela ANCORD, na Vanguarda Capital &#8211; XP Investimentos.<\/span><\/p>\n<p>&nbsp;<\/p>\n<p><span style=\"font-weight: 400;\"><strong><img loading=\"lazy\" decoding=\"async\" class=\"wp-image-3585 size-thumbnail alignleft\" src=\"http:\/\/globalattitude.org.br\/wp-content\/uploads\/2023\/03\/Foto_linkedin-150x150.jpg\" alt=\"\" width=\"150\" height=\"150\" \/>Pedro Sahib Guimar\u00e3es<\/strong> \u00e9 bacharel em Engenharia Mec\u00e2nica pela Universidade de S\u00e3o Paulo &#8211; Escola de Engenharia de S\u00e3o Carlos\u00a0<\/span><span style=\"font-weight: 400;\">(EESC-USP). Durante a gradua\u00e7\u00e3o atuou em projetos de mapeamento e controle de custos para pequenas e m\u00e9dias empresas de usinagem. Em seu per\u00edodo de est\u00e1gio teve passagem por uma consultoria estrat\u00e9gica, uma<\/span><span style=\"font-weight: 400;\">\u00a0start-up<\/span><span style=\"font-weight: 400;\">\u00a0e pela \u00e1rea industrial.<\/span><span style=\"font-weight: 400;\">\u00a0Iniciou sua carreira no mercado financeiro como trainee de um banco de investimentos<\/span><span style=\"font-weight: 400;\">. Foi efetivado na \u00e1rea de Estrat\u00e9gia de Portf\u00f3lio e, junto \u00e0 equipe, participou do projeto vencedor do Pr\u00eamio Walther Moreira Salles de 2017 na categoria Gest\u00e3o de Risco. Atualmente est\u00e1 em um programa interno de treinamento para atuar como Gerente de Neg\u00f3cios para empresas de grande porte no segmento Middle Market.<\/span><\/p>\n<p>&nbsp;<\/p>\n<p><span style=\"font-weight: 400;\"><strong><img loading=\"lazy\" decoding=\"async\" class=\"alignnone wp-image-3572 size-thumbnail alignright\" src=\"http:\/\/globalattitude.org.br\/wp-content\/uploads\/2023\/03\/Petro-Sica-150x150.jpeg\" alt=\"\" width=\"150\" height=\"150\" \/>\u00a0Pietro Sica<\/strong> \u00e9 aluno do \u00faltimo ano do curso de Engenharia Agron\u00f4mica da Escola Superior de Agricultura \u201cLuiz de Queiroz\u201d da Universidade de S\u00e3o Paulo (ESALQ\/USP). Durante a gradua\u00e7\u00e3o, desenvolveu 5 projetos de Inicia\u00e7\u00e3o Cient\u00edfica, com foco em tratamento de res\u00edduos agroindustriais e gera\u00e7\u00e3o de bioenergia. Al\u00e9m disso, realizou atividades como pesquisador convidado por 10 meses na University of Georgia (EUA) e por 6 meses na Universidad de Salamanca (Espanha). Esses trabalhos permitiram a participa\u00e7\u00e3o em diversos congressos tanto nacionais como internacionais. Al\u00e9m de publica\u00e7\u00f5es em congressos, possui trabalhos divulgados em revistas internacionais.<\/span><\/p>\n<p>&nbsp;<\/p>\n<p><span style=\"font-weight: 400;\"><strong><img loading=\"lazy\" decoding=\"async\" class=\"alignnone wp-image-3573 size-thumbnail alignleft\" src=\"http:\/\/globalattitude.org.br\/wp-content\/uploads\/2023\/03\/Screen-Shot-2017-09-25-at-5.12.52-PM-150x150.png\" alt=\"\" width=\"150\" height=\"150\" \/>Priscilla Coelho<\/strong> \u00e9 Bacharel em Direito pela Universidade do Vale do Itaja\u00ed \u2013 UNIVALI, tendo participado do programa de mobilidade acad\u00eamica junto \u00e0 Universit\u00e9 de Lille, na Fran\u00e7a, cursando um semestre de Economia. \u00c9 aluna especial do programa de Mestrado de Direito Financeiro da Universidade de S\u00e3o Paulo \u2013 USP e p\u00f3s-graduanda no curso de Direito Tribut\u00e1rio Empresarial e Processo Tribut\u00e1rio na Pontif\u00edcia Universidade Cat\u00f3lica do Paran\u00e1 &#8211; PUC\/PR, al\u00e9m de Embaixadora do Programa Choice 2.0. Participou do programa de est\u00e1gio da C\u00e2mara dos Deputados e do programa de est\u00e1gio anual do Superior Tribunal de Justi\u00e7a, ambos em Bras\u00edlia. Foi Rondonista do Projeto Rondon na Opera\u00e7\u00e3o Itacai\u00fanas no Par\u00e1 e possui cursos de capacita\u00e7\u00e3o em contabilidade e Direito P\u00fablico.<\/span><\/p>\n<p>&nbsp;<\/p>\n<p><span style=\"font-weight: 400;\"><strong><img loading=\"lazy\" decoding=\"async\" class=\"alignnone wp-image-3574 size-thumbnail alignright\" src=\"http:\/\/globalattitude.org.br\/wp-content\/uploads\/2023\/03\/Screen-Shot-2017-09-25-at-5.15.50-PM-150x150.png\" alt=\"\" width=\"150\" height=\"150\" \/>Roberto Bonometti<\/strong> \u00e9 advogado formado pela Escola de Direito de S\u00e3o Paulo da Funda\u00e7\u00e3o Get\u00falio Vargas (Direito SP) e p\u00f3s-graduando pelo Insper, onde cursa uma especializa\u00e7\u00e3o em finan\u00e7as (Certificate in Financial Management &#8211; CFM). Atualmente trabalha em um escrit\u00f3rio de advocacia com financiamento de projetos e reestrutura\u00e7\u00e3o d\u00edvidas. Como aluno da gradua\u00e7\u00e3o, trabalhou em organiza\u00e7\u00f5es estudantis que ofereciam microcr\u00e9dito a neg\u00f3cios com impacto e integrou o time campe\u00e3o da rodada da Am\u00e9rica Latina do 12\u00ba ELSA Moot Court on WTO Law, competi\u00e7\u00e3o que simula uma disputa \u00a0entre dois pa\u00edses na Organiza\u00e7\u00e3o Mundial do Com\u00e9rcio.<\/span><\/p>\n<p>&nbsp;<\/p>\n<p>Para ficar por dentro de todas not\u00edcias sobre a atua\u00e7\u00e3o dos jovens delegados neste f\u00f3rum, acompanhe tamb\u00e9m a p\u00e1gina do Global Attitude nas <a href=\"https:\/\/www.facebook.com\/global.attitude.org\/\">m\u00eddias sociais<\/a>.<\/p>\n<p>Tem interesse em participar dos mais importantes\u00a0f\u00f3runs globais? Leia mais sobre o\u00a0<a href=\"http:\/\/blog.globalattitude.org.br\/o-que-e\/\">Diplomacia Civil<\/a>!<\/p>\n<p>&nbsp;<\/p>\n","protected":false},"excerpt":{"rendered":"<p>Sete jovens fazem parte da delega\u00e7\u00e3o brasileira que parte no in\u00edcio de outubro rumo \u00e0 capital dos EUA. Capacitados e coordenados pelo Diplomacia Civil \u2013 programa do Instituto Global Attitude que possibilita que estudantes, rec\u00e9m-formados e demais jovens brasileiros interessados\u00a0possam participar das discuss\u00f5es globais como membros de delega\u00e7\u00f5es especiais enviadas aos grandes f\u00f3runs\u00a0\u2013 os delegados [&hellip;]<\/p>\n","protected":false},"author":1,"featured_media":1896,"comment_status":"open","ping_status":"open","sticky":false,"template":"","format":"standard","meta":{"_acf_changed":false,"om_disable_all_campaigns":false,"_monsterinsights_skip_tracking":false,"_monsterinsights_sitenote_active":false,"_monsterinsights_sitenote_note":"","_monsterinsights_sitenote_category":0,"_uf_show_specific_survey":0,"_uf_disable_surveys":false,"footnotes":""},"categories":[22,34],"tags":[],"class_list":["post-1895","post","type-post","status-publish","format-standard","hentry","category-programas","category-ultimas"],"acf":[],"aioseo_notices":[],"yoast_head":"<!-- This site is optimized with the Yoast SEO plugin v27.5 - https:\/\/yoast.com\/product\/yoast-seo-wordpress\/ -->\n<title>Conhe\u00e7a a delega\u00e7\u00e3o que se prepara para ir ao f\u00f3rum anual do FMI e do Banco Mundial - Instituto Global Attitude<\/title>\n<meta name=\"robots\" content=\"index, follow, max-snippet:-1, max-image-preview:large, max-video-preview:-1\" \/>\n<link rel=\"canonical\" href=\"https:\/\/globalattitude.org.br\/conheca-a-delegacao-que-se-prepara-para-ir-ao-forum-anual-do-fmi-e-banco-mundial\/\" \/>\n<meta property=\"og:locale\" content=\"en_US\" \/>\n<meta property=\"og:type\" content=\"article\" \/>\n<meta property=\"og:title\" content=\"Conhe\u00e7a a delega\u00e7\u00e3o que se prepara para ir ao f\u00f3rum anual do FMI e do Banco Mundial - Instituto Global Attitude\" \/>\n<meta property=\"og:description\" content=\"Sete jovens fazem parte da delega\u00e7\u00e3o brasileira que parte no in\u00edcio de outubro rumo \u00e0 capital dos EUA. Capacitados e coordenados pelo Diplomacia Civil \u2013 programa do Instituto Global Attitude que possibilita que estudantes, rec\u00e9m-formados e demais jovens brasileiros interessados\u00a0possam participar das discuss\u00f5es globais como membros de delega\u00e7\u00f5es especiais enviadas aos grandes f\u00f3runs\u00a0\u2013 os delegados [&hellip;]\" \/>\n<meta property=\"og:url\" content=\"https:\/\/globalattitude.org.br\/conheca-a-delegacao-que-se-prepara-para-ir-ao-forum-anual-do-fmi-e-banco-mundial\/\" \/>\n<meta property=\"og:site_name\" content=\"Instituto Global Attitude\" \/>\n<meta property=\"article:publisher\" content=\"https:\/\/www.facebook.com\/global.attitude.org\/\" \/>\n<meta property=\"article:published_time\" content=\"2017-09-25T23:22:36+00:00\" \/>\n<meta property=\"article:modified_time\" content=\"2023-03-10T13:25:28+00:00\" \/>\n<meta property=\"og:image\" content=\"https:\/\/globalattitude.org.br\/wp-content\/uploads\/2023\/03\/AM17_tile.png\" \/>\n\t<meta property=\"og:image:width\" content=\"756\" \/>\n\t<meta property=\"og:image:height\" content=\"448\" \/>\n\t<meta property=\"og:image:type\" content=\"image\/png\" \/>\n<meta name=\"author\" content=\"123esite\" \/>\n<meta name=\"twitter:card\" content=\"summary_large_image\" \/>\n<meta name=\"twitter:creator\" content=\"@global_attitude\" \/>\n<meta name=\"twitter:site\" content=\"@global_attitude\" \/>\n<meta name=\"twitter:label1\" content=\"Written by\" \/>\n\t<meta name=\"twitter:data1\" content=\"123esite\" \/>\n\t<meta name=\"twitter:label2\" content=\"Est. reading time\" \/>\n\t<meta name=\"twitter:data2\" content=\"5 minutes\" \/>\n<script type=\"application\/ld+json\" class=\"yoast-schema-graph\">{\"@context\":\"https:\\\/\\\/schema.org\",\"@graph\":[{\"@type\":[\"Article\",\"BlogPosting\"],\"@id\":\"https:\\\/\\\/globalattitude.org.br\\\/conheca-a-delegacao-que-se-prepara-para-ir-ao-forum-anual-do-fmi-e-banco-mundial\\\/#article\",\"isPartOf\":{\"@id\":\"https:\\\/\\\/globalattitude.org.br\\\/conheca-a-delegacao-que-se-prepara-para-ir-ao-forum-anual-do-fmi-e-banco-mundial\\\/\"},\"author\":{\"name\":\"123esite\",\"@id\":\"https:\\\/\\\/globalattitude.org.br\\\/en\\\/#\\\/schema\\\/person\\\/6d308f9d9d1eebad0278ad9386f13169\"},\"headline\":\"Conhe\u00e7a a delega\u00e7\u00e3o que se prepara para ir ao f\u00f3rum anual do FMI e do Banco Mundial\",\"datePublished\":\"2017-09-25T23:22:36+00:00\",\"dateModified\":\"2023-03-10T13:25:28+00:00\",\"mainEntityOfPage\":{\"@id\":\"https:\\\/\\\/globalattitude.org.br\\\/conheca-a-delegacao-que-se-prepara-para-ir-ao-forum-anual-do-fmi-e-banco-mundial\\\/\"},\"wordCount\":1091,\"commentCount\":0,\"publisher\":{\"@id\":\"https:\\\/\\\/globalattitude.org.br\\\/en\\\/#organization\"},\"image\":{\"@id\":\"https:\\\/\\\/globalattitude.org.br\\\/conheca-a-delegacao-que-se-prepara-para-ir-ao-forum-anual-do-fmi-e-banco-mundial\\\/#primaryimage\"},\"thumbnailUrl\":\"https:\\\/\\\/globalattitude.org.br\\\/wp-content\\\/uploads\\\/2023\\\/03\\\/AM17_tile.png\",\"articleSection\":[\"Programas\",\"\u00daltimas\"],\"inLanguage\":\"en-US\",\"potentialAction\":[{\"@type\":\"CommentAction\",\"name\":\"Comment\",\"target\":[\"https:\\\/\\\/globalattitude.org.br\\\/conheca-a-delegacao-que-se-prepara-para-ir-ao-forum-anual-do-fmi-e-banco-mundial\\\/#respond\"]}]},{\"@type\":\"WebPage\",\"@id\":\"https:\\\/\\\/globalattitude.org.br\\\/conheca-a-delegacao-que-se-prepara-para-ir-ao-forum-anual-do-fmi-e-banco-mundial\\\/\",\"url\":\"https:\\\/\\\/globalattitude.org.br\\\/conheca-a-delegacao-que-se-prepara-para-ir-ao-forum-anual-do-fmi-e-banco-mundial\\\/\",\"name\":\"Conhe\u00e7a a delega\u00e7\u00e3o que se prepara para ir ao f\u00f3rum anual do FMI e do Banco Mundial - Instituto Global Attitude\",\"isPartOf\":{\"@id\":\"https:\\\/\\\/globalattitude.org.br\\\/en\\\/#website\"},\"primaryImageOfPage\":{\"@id\":\"https:\\\/\\\/globalattitude.org.br\\\/conheca-a-delegacao-que-se-prepara-para-ir-ao-forum-anual-do-fmi-e-banco-mundial\\\/#primaryimage\"},\"image\":{\"@id\":\"https:\\\/\\\/globalattitude.org.br\\\/conheca-a-delegacao-que-se-prepara-para-ir-ao-forum-anual-do-fmi-e-banco-mundial\\\/#primaryimage\"},\"thumbnailUrl\":\"https:\\\/\\\/globalattitude.org.br\\\/wp-content\\\/uploads\\\/2023\\\/03\\\/AM17_tile.png\",\"datePublished\":\"2017-09-25T23:22:36+00:00\",\"dateModified\":\"2023-03-10T13:25:28+00:00\",\"breadcrumb\":{\"@id\":\"https:\\\/\\\/globalattitude.org.br\\\/conheca-a-delegacao-que-se-prepara-para-ir-ao-forum-anual-do-fmi-e-banco-mundial\\\/#breadcrumb\"},\"inLanguage\":\"en-US\",\"potentialAction\":[{\"@type\":\"ReadAction\",\"target\":[\"https:\\\/\\\/globalattitude.org.br\\\/conheca-a-delegacao-que-se-prepara-para-ir-ao-forum-anual-do-fmi-e-banco-mundial\\\/\"]}]},{\"@type\":\"ImageObject\",\"inLanguage\":\"en-US\",\"@id\":\"https:\\\/\\\/globalattitude.org.br\\\/conheca-a-delegacao-que-se-prepara-para-ir-ao-forum-anual-do-fmi-e-banco-mundial\\\/#primaryimage\",\"url\":\"https:\\\/\\\/globalattitude.org.br\\\/wp-content\\\/uploads\\\/2023\\\/03\\\/AM17_tile.png\",\"contentUrl\":\"https:\\\/\\\/globalattitude.org.br\\\/wp-content\\\/uploads\\\/2023\\\/03\\\/AM17_tile.png\",\"width\":756,\"height\":448},{\"@type\":\"BreadcrumbList\",\"@id\":\"https:\\\/\\\/globalattitude.org.br\\\/conheca-a-delegacao-que-se-prepara-para-ir-ao-forum-anual-do-fmi-e-banco-mundial\\\/#breadcrumb\",\"itemListElement\":[{\"@type\":\"ListItem\",\"position\":1,\"name\":\"In\u00edcio\",\"item\":\"https:\\\/\\\/globalattitude.org.br\\\/en\\\/\"},{\"@type\":\"ListItem\",\"position\":2,\"name\":\"Conhe\u00e7a a delega\u00e7\u00e3o que se prepara para ir ao f\u00f3rum anual do FMI e do Banco Mundial\"}]},{\"@type\":\"WebSite\",\"@id\":\"https:\\\/\\\/globalattitude.org.br\\\/en\\\/#website\",\"url\":\"https:\\\/\\\/globalattitude.org.br\\\/en\\\/\",\"name\":\"Instituto Global Attitude\",\"description\":\"\",\"publisher\":{\"@id\":\"https:\\\/\\\/globalattitude.org.br\\\/en\\\/#organization\"},\"potentialAction\":[{\"@type\":\"SearchAction\",\"target\":{\"@type\":\"EntryPoint\",\"urlTemplate\":\"https:\\\/\\\/globalattitude.org.br\\\/en\\\/?s={search_term_string}\"},\"query-input\":{\"@type\":\"PropertyValueSpecification\",\"valueRequired\":true,\"valueName\":\"search_term_string\"}}],\"inLanguage\":\"en-US\"},{\"@type\":\"Organization\",\"@id\":\"https:\\\/\\\/globalattitude.org.br\\\/en\\\/#organization\",\"name\":\"Instituto Global Attitude\",\"url\":\"https:\\\/\\\/globalattitude.org.br\\\/en\\\/\",\"logo\":{\"@type\":\"ImageObject\",\"inLanguage\":\"en-US\",\"@id\":\"https:\\\/\\\/globalattitude.org.br\\\/en\\\/#\\\/schema\\\/logo\\\/image\\\/\",\"url\":\"https:\\\/\\\/globalattitude.org.br\\\/wp-content\\\/uploads\\\/2023\\\/01\\\/instituto-global-attitude-color.png\",\"contentUrl\":\"https:\\\/\\\/globalattitude.org.br\\\/wp-content\\\/uploads\\\/2023\\\/01\\\/instituto-global-attitude-color.png\",\"width\":300,\"height\":131,\"caption\":\"Instituto Global Attitude\"},\"image\":{\"@id\":\"https:\\\/\\\/globalattitude.org.br\\\/en\\\/#\\\/schema\\\/logo\\\/image\\\/\"},\"sameAs\":[\"https:\\\/\\\/www.facebook.com\\\/global.attitude.org\\\/\",\"https:\\\/\\\/x.com\\\/global_attitude\",\"https:\\\/\\\/www.instagram.com\\\/globalattitude\",\"https:\\\/\\\/www.linkedin.com\\\/company\\\/global-attitude\\\/?viewAsMember=true\"]},{\"@type\":\"Person\",\"@id\":\"https:\\\/\\\/globalattitude.org.br\\\/en\\\/#\\\/schema\\\/person\\\/6d308f9d9d1eebad0278ad9386f13169\",\"name\":\"123esite\",\"image\":{\"@type\":\"ImageObject\",\"inLanguage\":\"en-US\",\"@id\":\"https:\\\/\\\/secure.gravatar.com\\\/avatar\\\/07bd71fac19f42004f2b73567f012e126689afdb23cb0017536dea9113ba1806?s=96&d=mm&r=g\",\"url\":\"https:\\\/\\\/secure.gravatar.com\\\/avatar\\\/07bd71fac19f42004f2b73567f012e126689afdb23cb0017536dea9113ba1806?s=96&d=mm&r=g\",\"contentUrl\":\"https:\\\/\\\/secure.gravatar.com\\\/avatar\\\/07bd71fac19f42004f2b73567f012e126689afdb23cb0017536dea9113ba1806?s=96&d=mm&r=g\",\"caption\":\"123esite\"},\"sameAs\":[\"http:\\\/\\\/globalattitude.org.br\"],\"url\":\"https:\\\/\\\/globalattitude.org.br\\\/en\\\/author\\\/123esite\\\/\"}]}<\/script>\n<!-- \/ Yoast SEO plugin. -->","yoast_head_json":{"title":"Conhe\u00e7a a delega\u00e7\u00e3o que se prepara para ir ao f\u00f3rum anual do FMI e do Banco Mundial - Instituto Global Attitude","robots":{"index":"index","follow":"follow","max-snippet":"max-snippet:-1","max-image-preview":"max-image-preview:large","max-video-preview":"max-video-preview:-1"},"canonical":"https:\/\/globalattitude.org.br\/conheca-a-delegacao-que-se-prepara-para-ir-ao-forum-anual-do-fmi-e-banco-mundial\/","og_locale":"en_US","og_type":"article","og_title":"Conhe\u00e7a a delega\u00e7\u00e3o que se prepara para ir ao f\u00f3rum anual do FMI e do Banco Mundial - Instituto Global Attitude","og_description":"Sete jovens fazem parte da delega\u00e7\u00e3o brasileira que parte no in\u00edcio de outubro rumo \u00e0 capital dos EUA. Capacitados e coordenados pelo Diplomacia Civil \u2013 programa do Instituto Global Attitude que possibilita que estudantes, rec\u00e9m-formados e demais jovens brasileiros interessados\u00a0possam participar das discuss\u00f5es globais como membros de delega\u00e7\u00f5es especiais enviadas aos grandes f\u00f3runs\u00a0\u2013 os delegados [&hellip;]","og_url":"https:\/\/globalattitude.org.br\/conheca-a-delegacao-que-se-prepara-para-ir-ao-forum-anual-do-fmi-e-banco-mundial\/","og_site_name":"Instituto Global Attitude","article_publisher":"https:\/\/www.facebook.com\/global.attitude.org\/","article_published_time":"2017-09-25T23:22:36+00:00","article_modified_time":"2023-03-10T13:25:28+00:00","og_image":[{"width":756,"height":448,"url":"https:\/\/globalattitude.org.br\/wp-content\/uploads\/2023\/03\/AM17_tile.png","type":"image\/png"}],"author":"123esite","twitter_card":"summary_large_image","twitter_creator":"@global_attitude","twitter_site":"@global_attitude","twitter_misc":{"Written by":"123esite","Est. reading time":"5 minutes"},"schema":{"@context":"https:\/\/schema.org","@graph":[{"@type":["Article","BlogPosting"],"@id":"https:\/\/globalattitude.org.br\/conheca-a-delegacao-que-se-prepara-para-ir-ao-forum-anual-do-fmi-e-banco-mundial\/#article","isPartOf":{"@id":"https:\/\/globalattitude.org.br\/conheca-a-delegacao-que-se-prepara-para-ir-ao-forum-anual-do-fmi-e-banco-mundial\/"},"author":{"name":"123esite","@id":"https:\/\/globalattitude.org.br\/en\/#\/schema\/person\/6d308f9d9d1eebad0278ad9386f13169"},"headline":"Conhe\u00e7a a delega\u00e7\u00e3o que se prepara para ir ao f\u00f3rum anual do FMI e do Banco Mundial","datePublished":"2017-09-25T23:22:36+00:00","dateModified":"2023-03-10T13:25:28+00:00","mainEntityOfPage":{"@id":"https:\/\/globalattitude.org.br\/conheca-a-delegacao-que-se-prepara-para-ir-ao-forum-anual-do-fmi-e-banco-mundial\/"},"wordCount":1091,"commentCount":0,"publisher":{"@id":"https:\/\/globalattitude.org.br\/en\/#organization"},"image":{"@id":"https:\/\/globalattitude.org.br\/conheca-a-delegacao-que-se-prepara-para-ir-ao-forum-anual-do-fmi-e-banco-mundial\/#primaryimage"},"thumbnailUrl":"https:\/\/globalattitude.org.br\/wp-content\/uploads\/2023\/03\/AM17_tile.png","articleSection":["Programas","\u00daltimas"],"inLanguage":"en-US","potentialAction":[{"@type":"CommentAction","name":"Comment","target":["https:\/\/globalattitude.org.br\/conheca-a-delegacao-que-se-prepara-para-ir-ao-forum-anual-do-fmi-e-banco-mundial\/#respond"]}]},{"@type":"WebPage","@id":"https:\/\/globalattitude.org.br\/conheca-a-delegacao-que-se-prepara-para-ir-ao-forum-anual-do-fmi-e-banco-mundial\/","url":"https:\/\/globalattitude.org.br\/conheca-a-delegacao-que-se-prepara-para-ir-ao-forum-anual-do-fmi-e-banco-mundial\/","name":"Conhe\u00e7a a delega\u00e7\u00e3o que se prepara para ir ao f\u00f3rum anual do FMI e do Banco Mundial - Instituto Global Attitude","isPartOf":{"@id":"https:\/\/globalattitude.org.br\/en\/#website"},"primaryImageOfPage":{"@id":"https:\/\/globalattitude.org.br\/conheca-a-delegacao-que-se-prepara-para-ir-ao-forum-anual-do-fmi-e-banco-mundial\/#primaryimage"},"image":{"@id":"https:\/\/globalattitude.org.br\/conheca-a-delegacao-que-se-prepara-para-ir-ao-forum-anual-do-fmi-e-banco-mundial\/#primaryimage"},"thumbnailUrl":"https:\/\/globalattitude.org.br\/wp-content\/uploads\/2023\/03\/AM17_tile.png","datePublished":"2017-09-25T23:22:36+00:00","dateModified":"2023-03-10T13:25:28+00:00","breadcrumb":{"@id":"https:\/\/globalattitude.org.br\/conheca-a-delegacao-que-se-prepara-para-ir-ao-forum-anual-do-fmi-e-banco-mundial\/#breadcrumb"},"inLanguage":"en-US","potentialAction":[{"@type":"ReadAction","target":["https:\/\/globalattitude.org.br\/conheca-a-delegacao-que-se-prepara-para-ir-ao-forum-anual-do-fmi-e-banco-mundial\/"]}]},{"@type":"ImageObject","inLanguage":"en-US","@id":"https:\/\/globalattitude.org.br\/conheca-a-delegacao-que-se-prepara-para-ir-ao-forum-anual-do-fmi-e-banco-mundial\/#primaryimage","url":"https:\/\/globalattitude.org.br\/wp-content\/uploads\/2023\/03\/AM17_tile.png","contentUrl":"https:\/\/globalattitude.org.br\/wp-content\/uploads\/2023\/03\/AM17_tile.png","width":756,"height":448},{"@type":"BreadcrumbList","@id":"https:\/\/globalattitude.org.br\/conheca-a-delegacao-que-se-prepara-para-ir-ao-forum-anual-do-fmi-e-banco-mundial\/#breadcrumb","itemListElement":[{"@type":"ListItem","position":1,"name":"In\u00edcio","item":"https:\/\/globalattitude.org.br\/en\/"},{"@type":"ListItem","position":2,"name":"Conhe\u00e7a a delega\u00e7\u00e3o que se prepara para ir ao f\u00f3rum anual do FMI e do Banco Mundial"}]},{"@type":"WebSite","@id":"https:\/\/globalattitude.org.br\/en\/#website","url":"https:\/\/globalattitude.org.br\/en\/","name":"Instituto Global Attitude","description":"","publisher":{"@id":"https:\/\/globalattitude.org.br\/en\/#organization"},"potentialAction":[{"@type":"SearchAction","target":{"@type":"EntryPoint","urlTemplate":"https:\/\/globalattitude.org.br\/en\/?s={search_term_string}"},"query-input":{"@type":"PropertyValueSpecification","valueRequired":true,"valueName":"search_term_string"}}],"inLanguage":"en-US"},{"@type":"Organization","@id":"https:\/\/globalattitude.org.br\/en\/#organization","name":"Instituto Global Attitude","url":"https:\/\/globalattitude.org.br\/en\/","logo":{"@type":"ImageObject","inLanguage":"en-US","@id":"https:\/\/globalattitude.org.br\/en\/#\/schema\/logo\/image\/","url":"https:\/\/globalattitude.org.br\/wp-content\/uploads\/2023\/01\/instituto-global-attitude-color.png","contentUrl":"https:\/\/globalattitude.org.br\/wp-content\/uploads\/2023\/01\/instituto-global-attitude-color.png","width":300,"height":131,"caption":"Instituto Global Attitude"},"image":{"@id":"https:\/\/globalattitude.org.br\/en\/#\/schema\/logo\/image\/"},"sameAs":["https:\/\/www.facebook.com\/global.attitude.org\/","https:\/\/x.com\/global_attitude","https:\/\/www.instagram.com\/globalattitude","https:\/\/www.linkedin.com\/company\/global-attitude\/?viewAsMember=true"]},{"@type":"Person","@id":"https:\/\/globalattitude.org.br\/en\/#\/schema\/person\/6d308f9d9d1eebad0278ad9386f13169","name":"123esite","image":{"@type":"ImageObject","inLanguage":"en-US","@id":"https:\/\/secure.gravatar.com\/avatar\/07bd71fac19f42004f2b73567f012e126689afdb23cb0017536dea9113ba1806?s=96&d=mm&r=g","url":"https:\/\/secure.gravatar.com\/avatar\/07bd71fac19f42004f2b73567f012e126689afdb23cb0017536dea9113ba1806?s=96&d=mm&r=g","contentUrl":"https:\/\/secure.gravatar.com\/avatar\/07bd71fac19f42004f2b73567f012e126689afdb23cb0017536dea9113ba1806?s=96&d=mm&r=g","caption":"123esite"},"sameAs":["http:\/\/globalattitude.org.br"],"url":"https:\/\/globalattitude.org.br\/en\/author\/123esite\/"}]}},"_links":{"self":[{"href":"https:\/\/globalattitude.org.br\/en\/wp-json\/wp\/v2\/posts\/1895","targetHints":{"allow":["GET"]}}],"collection":[{"href":"https:\/\/globalattitude.org.br\/en\/wp-json\/wp\/v2\/posts"}],"about":[{"href":"https:\/\/globalattitude.org.br\/en\/wp-json\/wp\/v2\/types\/post"}],"author":[{"embeddable":true,"href":"https:\/\/globalattitude.org.br\/en\/wp-json\/wp\/v2\/users\/1"}],"replies":[{"embeddable":true,"href":"https:\/\/globalattitude.org.br\/en\/wp-json\/wp\/v2\/comments?post=1895"}],"version-history":[{"count":1,"href":"https:\/\/globalattitude.org.br\/en\/wp-json\/wp\/v2\/posts\/1895\/revisions"}],"predecessor-version":[{"id":1904,"href":"https:\/\/globalattitude.org.br\/en\/wp-json\/wp\/v2\/posts\/1895\/revisions\/1904"}],"wp:featuredmedia":[{"embeddable":true,"href":"https:\/\/globalattitude.org.br\/en\/wp-json\/wp\/v2\/media\/1896"}],"wp:attachment":[{"href":"https:\/\/globalattitude.org.br\/en\/wp-json\/wp\/v2\/media?parent=1895"}],"wp:term":[{"taxonomy":"category","embeddable":true,"href":"https:\/\/globalattitude.org.br\/en\/wp-json\/wp\/v2\/categories?post=1895"},{"taxonomy":"post_tag","embeddable":true,"href":"https:\/\/globalattitude.org.br\/en\/wp-json\/wp\/v2\/tags?post=1895"}],"curies":[{"name":"wp","href":"https:\/\/api.w.org\/{rel}","templated":true}]}}