{"id":2054,"date":"2017-12-11T18:14:25","date_gmt":"2017-12-11T20:14:25","guid":{"rendered":"https:\/\/globalattitude.org.br\/70-anos-da-declaracao-universal-dos-direitos-humanos-e-os-desafios-dos-proximos-anos\/"},"modified":"2023-03-10T10:30:58","modified_gmt":"2023-03-10T13:30:58","slug":"70-anos-da-declaracao-universal-dos-direitos-humanos-e-os-desafios-dos-proximos-anos","status":"publish","type":"post","link":"https:\/\/globalattitude.org.br\/en\/70-anos-da-declaracao-universal-dos-direitos-humanos-e-os-desafios-dos-proximos-anos\/","title":{"rendered":"70 anos da Declara\u00e7\u00e3o Universal dos Direitos Humanos e os desafios dos pr\u00f3ximos anos"},"content":{"rendered":"<p>O ano \u00e9 2018. A Declara\u00e7\u00e3o Universal dos Direitos Humanos (DUDH) completa 70 anos. O mundo, por\u00e9m, parece desafiar agora cada um destes anos, ao testar seus princ\u00edpios fundamentais em todas as regi\u00f5es do globo.<\/p>\n<p>A DUDH, documento que marcou a hist\u00f3ria dos Direitos Humanos ao ser proclamado pela Assembleia Geral das Na\u00e7\u00f5es Unidas em Paris, no final de 1948, estabelece a prote\u00e7\u00e3o universal destes direitos, tendo sido traduzido em mais de 500 idiomas (configurando-se, assim, como o documento mais traduzido do mundo) e se tornado inspira\u00e7\u00e3o para a cria\u00e7\u00e3o de constitui\u00e7\u00f5es dos mais variados Estados democr\u00e1ticos.<\/p>\n<p>A Declara\u00e7\u00e3o est\u00e1 mais pr\u00f3xima de seu centen\u00e1rio do que o ano de sua cria\u00e7\u00e3o. Por que, ent\u00e3o, temos testemunhado ultimamente o que parece ser um levante de not\u00edcias e situa\u00e7\u00f5es que insistem em violar os Direitos Humanos mais b\u00e1sicos?<\/p>\n<p>Em comunicado no Dia Mundial dos Direitos Humanos (10), o secret\u00e1rio-geral da ONU, Ant\u00f3nio Guterres, demonstrou preocupa\u00e7\u00e3o com a situa\u00e7\u00e3o internacional, afirmando que \u201cvemos o aumento da hostilidade contra direitos humanos e seus defensores por parte de pessoas que querem lucrar com a explora\u00e7\u00e3o e a divis\u00e3o. Vemos \u00f3dio, intoler\u00e2ncia, atrocidades e outros crimes. Estas a\u00e7\u00f5es colocam todos em perigo\u201d.<\/p>\n<p>Os crescentes n\u00fameros de deslocamento humano, ou seja, pessoas fugindo de suas casas para sobreviver, principalmente em pa\u00edses em guerras civis, como o Sud\u00e3o do Sul, Rep\u00fablica Centro Africana, S\u00edria e Myanmar; o tr\u00e1fico humano e sua recente den\u00fancia na L\u00edbia; o recrutamento de crian\u00e7as-soldado em pa\u00edses africanos e latinoamericanos; as assustadoras taxas de feminic\u00eddio n\u00e3o s\u00f3 em pa\u00edses em desenvolvimento como nos considerados mais ricos e a denomina\u00e7\u00e3o da Rep\u00fablica Democr\u00e1tica do Congo como o pa\u00eds do estupro; a insistente viol\u00eancia por homofobia; ataques terroristas em pa\u00edses africanos e europeus; <a href=\"http:\/\/interactive.unwomen.org\/multimedia\/infographic\/violenceagainstwomen\/en\/index.html#home-2\">casamentos for\u00e7ados; mutila\u00e7\u00e3o genital<\/a>; censura e morte de jornalistas em pa\u00edses onde impera a corrup\u00e7\u00e3o e a repress\u00e3o; desprezo pela cultura e vida ind\u00edgena; as altas taxas anuais de homic\u00eddios de negros no Brasil&#8230; Todas estas quest\u00f5es violam gravemente pelo menos um princ\u00edpio dos direitos humanos e a sua resolu\u00e7\u00e3o est\u00e1 longe de ser encontrada.<\/p>\n<div id=\"attachment_3789\" style=\"width: 610px\" class=\"wp-caption aligncenter\"><a href=\"http:\/\/globalattitude.org.br\/wp-content\/uploads\/2023\/03\/human-rights-activists-human-rights-act-protest-842-body-image-1433162586.jpg\"><img fetchpriority=\"high\" decoding=\"async\" aria-describedby=\"caption-attachment-3789\" class=\"wp-image-3789\" src=\"http:\/\/globalattitude.org.br\/wp-content\/uploads\/2023\/03\/human-rights-activists-human-rights-act-protest-842-body-image-1433162586-300x200.jpg\" alt=\"\" width=\"600\" height=\"400\" \/><\/a><p id=\"caption-attachment-3789\" class=\"wp-caption-text\">Protesto em Londres pelos Direitos Humanos. Foto: Vice.<\/p><\/div>\n<p>\u201cEnquanto a Segunda Guerra Mundial e o Holocausto se distanciam, essa consci\u00eancia [da humanidade] parece estar se evaporando em ritmo alarmante, e o enorme progresso alcan\u00e7ado atrav\u00e9s da promulga\u00e7\u00e3o progressiva dos princ\u00edpios de direitos humanos, conforme estabelecido na Declara\u00e7\u00e3o Universal, est\u00e1 sendo cada vez mais esquecido ou deliberadamente ignorado\u201d, disse o chefe de direitos humanos da ONU, Zeid Ra&#8217;ad Al Hussein, em comunicado neste s\u00e1bado (9).<\/p>\n<p>Ainda segundo Zeid, a DUDH foi criada como forma de proteger os direitos civis, pol\u00edticos e tamb\u00e9m sociais, econ\u00f4micos e culturais, uma vez que n\u00e3o h\u00e1 desenvolvimento em nenhuma destas \u00e1reas sem a garantia dos direitos humanos. \u201cVemos crescentes crueldades e crimes perpetrados em conflitos em todo o mundo; um nacionalismo antag\u00f4nico em ascens\u00e3o, com crescentes n\u00edveis de racismo, xenofobia e outras formas de discrimina\u00e7\u00e3o se enraizando, mesmo em pa\u00edses que se tornaram complacentes, com a cren\u00e7a de que estes seriam problemas do passado, em vez de problemas que pudessem facilmente ressurgir e se reafirmar\u201d.<\/p>\n<p>\u00c9 essencial que n\u00e3o s\u00f3 chefes de Estado como tamb\u00e9m as sociedades de cada na\u00e7\u00e3o defendam a dec\u00eancia humana e o direito de tratar e ser tratado como ser humano. Se um governo falha nesta garantia, \u00e9 a popula\u00e7\u00e3o quem deve se manifestar por ela ou a resigna\u00e7\u00e3o se tornar\u00e1 algo toler\u00e1vel e perigoso.<\/p>\n<p>Na \u00faltima quarta-feira (6), um estudo publicado pela Ag\u00eancia da ONU para Refugiados (ACNUR) denunciou casos de viol\u00eancia sexual e tortura de homens e meninos &#8211; crime no qual acreditava-se ser exclusivamente voltado \u00e0 popula\u00e7\u00e3o feminina.<br \/>\nNa pesquisa, foram entrevistados refugiados que atualmente vivem no Iraque, L\u00edbano e Jord\u00e2nia, os quais relataram epis\u00f3dios de estupro, mutila\u00e7\u00e3o e tiros \u00e0 queima-roupa dos \u00f3rg\u00e3os genitais quando mantidos em pris\u00f5es improvisadas. As v\u00edtimas inclu\u00edam meninos de 10 anos, adultos e idosos de at\u00e9 80 anos, com um aumento do risco de viol\u00eancia sexual aos que s\u00e3o gays, bissexuais ou trans.<\/p>\n<p>A import\u00e2ncia da publica\u00e7\u00e3o deste estudo serve como den\u00fancia para as viola\u00e7\u00f5es que ocorrem no pa\u00eds e em tantos outros, de forma que a como\u00e7\u00e3o gere a\u00e7\u00f5es por parte de \u00f3rg\u00e3os competentes. O sil\u00eancio n\u00e3o \u00e9 uma op\u00e7\u00e3o.<\/p>\n<p>\u201cMesmo que abusos de direitos humanos n\u00e3o tenham terminado quando a Declara\u00e7\u00e3o Universal foi adotada, ela tem ajudado milhares de pessoas a conseguir maior liberdade e seguran\u00e7a. Tem ajudado a prevenir viola\u00e7\u00f5es, obter justi\u00e7a e fortalecer leis e salvaguardas de direitos humanos nacionais e internacionais. Todos n\u00f3s temos o direito de falar livremente e de participar das decis\u00f5es que afetam nossas vidas. Todos temos o direito de viver uma vida livre de todas as formas de discrimina\u00e7\u00e3o\u201d, afirma Guterres.<\/p>\n<p><strong>Confira campanha da ONU sobre os 70 anos da Declara\u00e7\u00e3o Universal dos Direitos Humanos:<\/strong><\/p>\n<p><iframe src=\"https:\/\/www.youtube.com\/embed\/bZFtC0mlIbk\" width=\"560\" height=\"315\" frameborder=\"0\" allowfullscreen=\"allowfullscreen\"><\/iframe><\/p>\n","protected":false},"excerpt":{"rendered":"<p>O ano \u00e9 2018. A Declara\u00e7\u00e3o Universal dos Direitos Humanos (DUDH) completa 70 anos. O mundo, por\u00e9m, parece desafiar agora cada um destes anos, ao testar seus princ\u00edpios fundamentais em todas as regi\u00f5es do globo. A DUDH, documento que marcou a hist\u00f3ria dos Direitos Humanos ao ser proclamado pela Assembleia Geral das Na\u00e7\u00f5es Unidas em [&hellip;]<\/p>\n","protected":false},"author":1,"featured_media":2055,"comment_status":"open","ping_status":"open","sticky":false,"template":"","format":"standard","meta":{"_acf_changed":false,"om_disable_all_campaigns":false,"_monsterinsights_skip_tracking":false,"_uf_show_specific_survey":0,"_uf_disable_surveys":false,"footnotes":""},"categories":[35,34],"tags":[],"class_list":["post-2054","post","type-post","status-publish","format-standard","hentry","category-opiniao","category-ultimas"],"acf":[],"aioseo_notices":[],"aioseo_head":"\n\t\t<!-- All in One SEO 5.0.1.1 - aioseo.com -->\n\t<meta name=\"description\" content=\"O ano \u00e9 2018. A Declara\u00e7\u00e3o Universal dos Direitos Humanos (DUDH) completa 70 anos. O mundo, por\u00e9m, parece desafiar agora cada um destes anos, ao testar seus princ\u00edpios fundamentais em todas as regi\u00f5es do globo. A DUDH, documento que marcou a hist\u00f3ria dos Direitos Humanos ao ser proclamado pela Assembleia Geral das Na\u00e7\u00f5es Unidas em\" \/>\n\t<meta name=\"robots\" content=\"max-image-preview:large\" \/>\n\t<meta name=\"author\" content=\"123esite\"\/>\n\t<link rel=\"canonical\" href=\"https:\/\/globalattitude.org.br\/en\/70-anos-da-declaracao-universal-dos-direitos-humanos-e-os-desafios-dos-proximos-anos\/\" \/>\n\t<meta name=\"generator\" content=\"All in One SEO (AIOSEO) 5.0.1.1\" \/>\n\t\t<meta property=\"og:locale\" content=\"en_US\" \/>\n\t\t<meta property=\"og:site_name\" content=\"Instituto Global Attitude -\" \/>\n\t\t<meta property=\"og:type\" content=\"article\" \/>\n\t\t<meta property=\"og:title\" content=\"70 anos da Declara\u00e7\u00e3o Universal dos Direitos Humanos e os desafios dos pr\u00f3ximos anos - Instituto Global Attitude\" \/>\n\t\t<meta property=\"og:description\" content=\"O ano \u00e9 2018. A Declara\u00e7\u00e3o Universal dos Direitos Humanos (DUDH) completa 70 anos. O mundo, por\u00e9m, parece desafiar agora cada um destes anos, ao testar seus princ\u00edpios fundamentais em todas as regi\u00f5es do globo. A DUDH, documento que marcou a hist\u00f3ria dos Direitos Humanos ao ser proclamado pela Assembleia Geral das Na\u00e7\u00f5es Unidas em\" \/>\n\t\t<meta property=\"og:url\" content=\"https:\/\/globalattitude.org.br\/en\/70-anos-da-declaracao-universal-dos-direitos-humanos-e-os-desafios-dos-proximos-anos\/\" \/>\n\t\t<meta property=\"article:published_time\" content=\"2017-12-11T20:14:25+00:00\" \/>\n\t\t<meta property=\"article:modified_time\" content=\"2023-03-10T13:30:58+00:00\" \/>\n\t\t<meta name=\"twitter:card\" content=\"summary_large_image\" \/>\n\t\t<meta name=\"twitter:title\" content=\"70 anos da Declara\u00e7\u00e3o Universal dos Direitos Humanos e os desafios dos pr\u00f3ximos anos - Instituto Global Attitude\" \/>\n\t\t<meta name=\"twitter:description\" content=\"O ano \u00e9 2018. A Declara\u00e7\u00e3o Universal dos Direitos Humanos (DUDH) completa 70 anos. O mundo, por\u00e9m, parece desafiar agora cada um destes anos, ao testar seus princ\u00edpios fundamentais em todas as regi\u00f5es do globo. A DUDH, documento que marcou a hist\u00f3ria dos Direitos Humanos ao ser proclamado pela Assembleia Geral das Na\u00e7\u00f5es Unidas em\" \/>\n\t\t<script type=\"application\/ld+json\" class=\"aioseo-schema\">\n\t\t\t{\"@context\":\"https:\\\/\\\/schema.org\",\"@graph\":[{\"@type\":\"BlogPosting\",\"@id\":\"https:\\\/\\\/globalattitude.org.br\\\/en\\\/70-anos-da-declaracao-universal-dos-direitos-humanos-e-os-desafios-dos-proximos-anos\\\/#blogposting\",\"name\":\"70 anos da Declara\\u00e7\\u00e3o Universal dos Direitos Humanos e os desafios dos pr\\u00f3ximos anos - Instituto Global Attitude\",\"headline\":\"70 anos da Declara\\u00e7\\u00e3o Universal dos Direitos Humanos e os desafios dos pr\\u00f3ximos anos\",\"author\":{\"@id\":\"https:\\\/\\\/globalattitude.org.br\\\/en\\\/author\\\/123esite\\\/#author\"},\"publisher\":{\"@id\":\"https:\\\/\\\/globalattitude.org.br\\\/en\\\/#organization\"},\"image\":{\"@type\":\"ImageObject\",\"url\":\"https:\\\/\\\/globalattitude.org.br\\\/wp-content\\\/uploads\\\/2023\\\/03\\\/human-rights-activists-human-rights-act-protest-842-body-image-1433162586.jpg\",\"width\":1200,\"height\":799},\"datePublished\":\"2017-12-11T18:14:25-02:00\",\"dateModified\":\"2023-03-10T10:30:58-03:00\",\"inLanguage\":\"en-US\",\"mainEntityOfPage\":{\"@id\":\"https:\\\/\\\/globalattitude.org.br\\\/en\\\/70-anos-da-declaracao-universal-dos-direitos-humanos-e-os-desafios-dos-proximos-anos\\\/#webpage\"},\"isPartOf\":{\"@id\":\"https:\\\/\\\/globalattitude.org.br\\\/en\\\/70-anos-da-declaracao-universal-dos-direitos-humanos-e-os-desafios-dos-proximos-anos\\\/#webpage\"},\"articleSection\":\"Opini\\u00e3o, \\u00daltimas\"},{\"@type\":\"BreadcrumbList\",\"@id\":\"https:\\\/\\\/globalattitude.org.br\\\/en\\\/70-anos-da-declaracao-universal-dos-direitos-humanos-e-os-desafios-dos-proximos-anos\\\/#breadcrumblist\",\"itemListElement\":[{\"@type\":\"ListItem\",\"@id\":\"https:\\\/\\\/globalattitude.org.br\\\/en\\\/#listItem\",\"position\":1,\"name\":\"Home\",\"item\":\"https:\\\/\\\/globalattitude.org.br\\\/en\\\/\",\"nextItem\":{\"@type\":\"ListItem\",\"@id\":\"https:\\\/\\\/globalattitude.org.br\\\/category\\\/ultimas\\\/#listItem\",\"name\":\"\\u00daltimas\"}},{\"@type\":\"ListItem\",\"@id\":\"https:\\\/\\\/globalattitude.org.br\\\/category\\\/ultimas\\\/#listItem\",\"position\":2,\"name\":\"\\u00daltimas\",\"item\":\"https:\\\/\\\/globalattitude.org.br\\\/category\\\/ultimas\\\/\",\"nextItem\":{\"@type\":\"ListItem\",\"@id\":\"https:\\\/\\\/globalattitude.org.br\\\/en\\\/70-anos-da-declaracao-universal-dos-direitos-humanos-e-os-desafios-dos-proximos-anos\\\/#listItem\",\"name\":\"70 anos da Declara\\u00e7\\u00e3o Universal dos Direitos Humanos e os desafios dos pr\\u00f3ximos anos\"},\"previousItem\":{\"@type\":\"ListItem\",\"@id\":\"https:\\\/\\\/globalattitude.org.br\\\/en\\\/#listItem\",\"name\":\"Home\"}},{\"@type\":\"ListItem\",\"@id\":\"https:\\\/\\\/globalattitude.org.br\\\/en\\\/70-anos-da-declaracao-universal-dos-direitos-humanos-e-os-desafios-dos-proximos-anos\\\/#listItem\",\"position\":3,\"name\":\"70 anos da Declara\\u00e7\\u00e3o Universal dos Direitos Humanos e os desafios dos pr\\u00f3ximos anos\",\"previousItem\":{\"@type\":\"ListItem\",\"@id\":\"https:\\\/\\\/globalattitude.org.br\\\/category\\\/ultimas\\\/#listItem\",\"name\":\"\\u00daltimas\"}}]},{\"@type\":\"Organization\",\"@id\":\"https:\\\/\\\/globalattitude.org.br\\\/en\\\/#organization\",\"name\":\"Global Attitude\",\"url\":\"https:\\\/\\\/globalattitude.org.br\\\/en\\\/\"},{\"@type\":\"Person\",\"@id\":\"https:\\\/\\\/globalattitude.org.br\\\/en\\\/author\\\/123esite\\\/#author\",\"url\":\"https:\\\/\\\/globalattitude.org.br\\\/en\\\/author\\\/123esite\\\/\",\"name\":\"123esite\",\"image\":{\"@type\":\"ImageObject\",\"@id\":\"https:\\\/\\\/globalattitude.org.br\\\/en\\\/70-anos-da-declaracao-universal-dos-direitos-humanos-e-os-desafios-dos-proximos-anos\\\/#authorImage\",\"url\":\"https:\\\/\\\/secure.gravatar.com\\\/avatar\\\/07bd71fac19f42004f2b73567f012e126689afdb23cb0017536dea9113ba1806?s=96&d=mm&r=g\",\"width\":96,\"height\":96,\"caption\":\"123esite\"}},{\"@type\":\"WebPage\",\"@id\":\"https:\\\/\\\/globalattitude.org.br\\\/en\\\/70-anos-da-declaracao-universal-dos-direitos-humanos-e-os-desafios-dos-proximos-anos\\\/#webpage\",\"url\":\"https:\\\/\\\/globalattitude.org.br\\\/en\\\/70-anos-da-declaracao-universal-dos-direitos-humanos-e-os-desafios-dos-proximos-anos\\\/\",\"name\":\"70 anos da Declara\\u00e7\\u00e3o Universal dos Direitos Humanos e os desafios dos pr\\u00f3ximos anos - Instituto Global Attitude\",\"description\":\"O ano \\u00e9 2018. A Declara\\u00e7\\u00e3o Universal dos Direitos Humanos (DUDH) completa 70 anos. O mundo, por\\u00e9m, parece desafiar agora cada um destes anos, ao testar seus princ\\u00edpios fundamentais em todas as regi\\u00f5es do globo. A DUDH, documento que marcou a hist\\u00f3ria dos Direitos Humanos ao ser proclamado pela Assembleia Geral das Na\\u00e7\\u00f5es Unidas em\",\"inLanguage\":\"en-US\",\"isPartOf\":{\"@id\":\"https:\\\/\\\/globalattitude.org.br\\\/en\\\/#website\"},\"breadcrumb\":{\"@id\":\"https:\\\/\\\/globalattitude.org.br\\\/en\\\/70-anos-da-declaracao-universal-dos-direitos-humanos-e-os-desafios-dos-proximos-anos\\\/#breadcrumblist\"},\"author\":{\"@id\":\"https:\\\/\\\/globalattitude.org.br\\\/en\\\/author\\\/123esite\\\/#author\"},\"creator\":{\"@id\":\"https:\\\/\\\/globalattitude.org.br\\\/en\\\/author\\\/123esite\\\/#author\"},\"image\":{\"@type\":\"ImageObject\",\"url\":\"https:\\\/\\\/globalattitude.org.br\\\/wp-content\\\/uploads\\\/2023\\\/03\\\/human-rights-activists-human-rights-act-protest-842-body-image-1433162586.jpg\",\"@id\":\"https:\\\/\\\/globalattitude.org.br\\\/en\\\/70-anos-da-declaracao-universal-dos-direitos-humanos-e-os-desafios-dos-proximos-anos\\\/#mainImage\",\"width\":1200,\"height\":799},\"primaryImageOfPage\":{\"@id\":\"https:\\\/\\\/globalattitude.org.br\\\/en\\\/70-anos-da-declaracao-universal-dos-direitos-humanos-e-os-desafios-dos-proximos-anos\\\/#mainImage\"},\"datePublished\":\"2017-12-11T18:14:25-02:00\",\"dateModified\":\"2023-03-10T10:30:58-03:00\"},{\"@type\":\"WebSite\",\"@id\":\"https:\\\/\\\/globalattitude.org.br\\\/en\\\/#website\",\"url\":\"https:\\\/\\\/globalattitude.org.br\\\/en\\\/\",\"name\":\"Global Attitude\",\"inLanguage\":\"en-US\",\"publisher\":{\"@id\":\"https:\\\/\\\/globalattitude.org.br\\\/en\\\/#organization\"}}]}\n\t\t<\/script>\n\t\t<!-- All in One SEO -->\n\n","aioseo_head_json":{"title":"70 anos da Declara\u00e7\u00e3o Universal dos Direitos Humanos e os desafios dos pr\u00f3ximos anos - Instituto Global Attitude","description":"O ano \u00e9 2018. A Declara\u00e7\u00e3o Universal dos Direitos Humanos (DUDH) completa 70 anos. O mundo, por\u00e9m, parece desafiar agora cada um destes anos, ao testar seus princ\u00edpios fundamentais em todas as regi\u00f5es do globo. A DUDH, documento que marcou a hist\u00f3ria dos Direitos Humanos ao ser proclamado pela Assembleia Geral das Na\u00e7\u00f5es Unidas em","canonical_url":"https:\/\/globalattitude.org.br\/en\/70-anos-da-declaracao-universal-dos-direitos-humanos-e-os-desafios-dos-proximos-anos\/","robots":"max-image-preview:large","keywords":"","webmasterTools":{"miscellaneous":""},"schema":{"@context":"https:\/\/schema.org","@graph":[{"@type":"BlogPosting","@id":"https:\/\/globalattitude.org.br\/en\/70-anos-da-declaracao-universal-dos-direitos-humanos-e-os-desafios-dos-proximos-anos\/#blogposting","name":"70 anos da Declara\u00e7\u00e3o Universal dos Direitos Humanos e os desafios dos pr\u00f3ximos anos - Instituto Global Attitude","headline":"70 anos da Declara\u00e7\u00e3o Universal dos Direitos Humanos e os desafios dos pr\u00f3ximos anos","author":{"@id":"https:\/\/globalattitude.org.br\/en\/author\/123esite\/#author"},"publisher":{"@id":"https:\/\/globalattitude.org.br\/en\/#organization"},"image":{"@type":"ImageObject","url":"https:\/\/globalattitude.org.br\/wp-content\/uploads\/2023\/03\/human-rights-activists-human-rights-act-protest-842-body-image-1433162586.jpg","width":1200,"height":799},"datePublished":"2017-12-11T18:14:25-02:00","dateModified":"2023-03-10T10:30:58-03:00","inLanguage":"en-US","mainEntityOfPage":{"@id":"https:\/\/globalattitude.org.br\/en\/70-anos-da-declaracao-universal-dos-direitos-humanos-e-os-desafios-dos-proximos-anos\/#webpage"},"isPartOf":{"@id":"https:\/\/globalattitude.org.br\/en\/70-anos-da-declaracao-universal-dos-direitos-humanos-e-os-desafios-dos-proximos-anos\/#webpage"},"articleSection":"Opini\u00e3o, \u00daltimas"},{"@type":"BreadcrumbList","@id":"https:\/\/globalattitude.org.br\/en\/70-anos-da-declaracao-universal-dos-direitos-humanos-e-os-desafios-dos-proximos-anos\/#breadcrumblist","itemListElement":[{"@type":"ListItem","@id":"https:\/\/globalattitude.org.br\/en\/#listItem","position":1,"name":"Home","item":"https:\/\/globalattitude.org.br\/en\/","nextItem":{"@type":"ListItem","@id":"https:\/\/globalattitude.org.br\/category\/ultimas\/#listItem","name":"\u00daltimas"}},{"@type":"ListItem","@id":"https:\/\/globalattitude.org.br\/category\/ultimas\/#listItem","position":2,"name":"\u00daltimas","item":"https:\/\/globalattitude.org.br\/category\/ultimas\/","nextItem":{"@type":"ListItem","@id":"https:\/\/globalattitude.org.br\/en\/70-anos-da-declaracao-universal-dos-direitos-humanos-e-os-desafios-dos-proximos-anos\/#listItem","name":"70 anos da Declara\u00e7\u00e3o Universal dos Direitos Humanos e os desafios dos pr\u00f3ximos anos"},"previousItem":{"@type":"ListItem","@id":"https:\/\/globalattitude.org.br\/en\/#listItem","name":"Home"}},{"@type":"ListItem","@id":"https:\/\/globalattitude.org.br\/en\/70-anos-da-declaracao-universal-dos-direitos-humanos-e-os-desafios-dos-proximos-anos\/#listItem","position":3,"name":"70 anos da Declara\u00e7\u00e3o Universal dos Direitos Humanos e os desafios dos pr\u00f3ximos anos","previousItem":{"@type":"ListItem","@id":"https:\/\/globalattitude.org.br\/category\/ultimas\/#listItem","name":"\u00daltimas"}}]},{"@type":"Organization","@id":"https:\/\/globalattitude.org.br\/en\/#organization","name":"Global Attitude","url":"https:\/\/globalattitude.org.br\/en\/"},{"@type":"Person","@id":"https:\/\/globalattitude.org.br\/en\/author\/123esite\/#author","url":"https:\/\/globalattitude.org.br\/en\/author\/123esite\/","name":"123esite","image":{"@type":"ImageObject","@id":"https:\/\/globalattitude.org.br\/en\/70-anos-da-declaracao-universal-dos-direitos-humanos-e-os-desafios-dos-proximos-anos\/#authorImage","url":"https:\/\/secure.gravatar.com\/avatar\/07bd71fac19f42004f2b73567f012e126689afdb23cb0017536dea9113ba1806?s=96&d=mm&r=g","width":96,"height":96,"caption":"123esite"}},{"@type":"WebPage","@id":"https:\/\/globalattitude.org.br\/en\/70-anos-da-declaracao-universal-dos-direitos-humanos-e-os-desafios-dos-proximos-anos\/#webpage","url":"https:\/\/globalattitude.org.br\/en\/70-anos-da-declaracao-universal-dos-direitos-humanos-e-os-desafios-dos-proximos-anos\/","name":"70 anos da Declara\u00e7\u00e3o Universal dos Direitos Humanos e os desafios dos pr\u00f3ximos anos - Instituto Global Attitude","description":"O ano \u00e9 2018. A Declara\u00e7\u00e3o Universal dos Direitos Humanos (DUDH) completa 70 anos. O mundo, por\u00e9m, parece desafiar agora cada um destes anos, ao testar seus princ\u00edpios fundamentais em todas as regi\u00f5es do globo. A DUDH, documento que marcou a hist\u00f3ria dos Direitos Humanos ao ser proclamado pela Assembleia Geral das Na\u00e7\u00f5es Unidas em","inLanguage":"en-US","isPartOf":{"@id":"https:\/\/globalattitude.org.br\/en\/#website"},"breadcrumb":{"@id":"https:\/\/globalattitude.org.br\/en\/70-anos-da-declaracao-universal-dos-direitos-humanos-e-os-desafios-dos-proximos-anos\/#breadcrumblist"},"author":{"@id":"https:\/\/globalattitude.org.br\/en\/author\/123esite\/#author"},"creator":{"@id":"https:\/\/globalattitude.org.br\/en\/author\/123esite\/#author"},"image":{"@type":"ImageObject","url":"https:\/\/globalattitude.org.br\/wp-content\/uploads\/2023\/03\/human-rights-activists-human-rights-act-protest-842-body-image-1433162586.jpg","@id":"https:\/\/globalattitude.org.br\/en\/70-anos-da-declaracao-universal-dos-direitos-humanos-e-os-desafios-dos-proximos-anos\/#mainImage","width":1200,"height":799},"primaryImageOfPage":{"@id":"https:\/\/globalattitude.org.br\/en\/70-anos-da-declaracao-universal-dos-direitos-humanos-e-os-desafios-dos-proximos-anos\/#mainImage"},"datePublished":"2017-12-11T18:14:25-02:00","dateModified":"2023-03-10T10:30:58-03:00"},{"@type":"WebSite","@id":"https:\/\/globalattitude.org.br\/en\/#website","url":"https:\/\/globalattitude.org.br\/en\/","name":"Global Attitude","inLanguage":"en-US","publisher":{"@id":"https:\/\/globalattitude.org.br\/en\/#organization"}}]},"og:locale":"en_US","og:site_name":"Instituto Global Attitude -","og:type":"article","og:title":"70 anos da Declara\u00e7\u00e3o Universal dos Direitos Humanos e os desafios dos pr\u00f3ximos anos - Instituto Global Attitude","og:description":"O ano \u00e9 2018. A Declara\u00e7\u00e3o Universal dos Direitos Humanos (DUDH) completa 70 anos. O mundo, por\u00e9m, parece desafiar agora cada um destes anos, ao testar seus princ\u00edpios fundamentais em todas as regi\u00f5es do globo. A DUDH, documento que marcou a hist\u00f3ria dos Direitos Humanos ao ser proclamado pela Assembleia Geral das Na\u00e7\u00f5es Unidas em","og:url":"https:\/\/globalattitude.org.br\/en\/70-anos-da-declaracao-universal-dos-direitos-humanos-e-os-desafios-dos-proximos-anos\/","article:published_time":"2017-12-11T20:14:25+00:00","article:modified_time":"2023-03-10T13:30:58+00:00","twitter:card":"summary_large_image","twitter:title":"70 anos da Declara\u00e7\u00e3o Universal dos Direitos Humanos e os desafios dos pr\u00f3ximos anos - Instituto Global Attitude","twitter:description":"O ano \u00e9 2018. A Declara\u00e7\u00e3o Universal dos Direitos Humanos (DUDH) completa 70 anos. O mundo, por\u00e9m, parece desafiar agora cada um destes anos, ao testar seus princ\u00edpios fundamentais em todas as regi\u00f5es do globo. A DUDH, documento que marcou a hist\u00f3ria dos Direitos Humanos ao ser proclamado pela Assembleia Geral das Na\u00e7\u00f5es Unidas em"},"aioseo_meta_data":{"post_id":"2054","title":null,"description":null,"keywords":null,"keyphrases":null,"primary_term":null,"canonical_url":null,"og_title":null,"og_description":null,"og_object_type":"default","og_image_type":"default","og_image_url":null,"og_image_width":null,"og_image_height":null,"og_image_custom_url":null,"og_image_custom_fields":null,"og_video":null,"og_custom_url":null,"og_article_section":null,"og_article_tags":null,"twitter_use_og":false,"twitter_card":"default","twitter_image_type":"default","twitter_image_url":null,"twitter_image_custom_url":null,"twitter_image_custom_fields":null,"twitter_title":null,"twitter_description":null,"schema":{"blockGraphs":[],"customGraphs":[],"default":{"data":{"Article":[],"Course":[],"Dataset":[],"FAQPage":[],"Movie":[],"Person":[],"Product":[],"ProductReview":[],"Car":[],"Recipe":[],"Service":[],"SoftwareApplication":[],"WebPage":[]},"graphName":"","isEnabled":true},"graphs":[]},"schema_type":"default","schema_type_options":null,"pillar_content":false,"robots_default":true,"robots_noindex":false,"robots_noarchive":false,"robots_nosnippet":false,"robots_nofollow":false,"robots_noimageindex":false,"robots_noodp":false,"robots_notranslate":false,"robots_max_snippet":null,"robots_max_videopreview":null,"robots_max_imagepreview":"large","priority":null,"frequency":null,"local_seo":null,"breadcrumb_settings":null,"limit_modified_date":false,"ai":null,"created":"2024-04-18 13:59:35","updated":"2025-06-05 02:14:42","seo_analyzer_scan_date":null,"focus_keyword":null,"additional_keywords":null,"truseo_locale":null},"aioseo_breadcrumb":"<div class=\"aioseo-breadcrumbs\"><span class=\"aioseo-breadcrumb\">\n\t\t\t<a href=\"https:\/\/globalattitude.org.br\/en\/\" title=\"Home\">Home<\/a>\n\t\t<\/span><span class=\"aioseo-breadcrumb-separator\">&raquo;<\/span><span class=\"aioseo-breadcrumb\">\n\t\t\t<a href=\"https:\/\/globalattitude.org.br\/category\/ultimas\/\" title=\"\u00daltimas\">\u00daltimas<\/a>\n\t\t<\/span><span class=\"aioseo-breadcrumb-separator\">&raquo;<\/span><span class=\"aioseo-breadcrumb\">\n\t\t\t70 anos da Declara\u00e7\u00e3o Universal dos Direitos Humanos e os desafios dos pr\u00f3ximos anos\n\t\t<\/span><\/div>","aioseo_breadcrumb_json":[{"label":"Home","link":"https:\/\/globalattitude.org.br\/en\/"},{"label":"\u00daltimas","link":"https:\/\/globalattitude.org.br\/category\/ultimas\/"},{"label":"70 anos da Declara\u00e7\u00e3o Universal dos Direitos Humanos e os desafios dos pr\u00f3ximos anos","link":"https:\/\/globalattitude.org.br\/en\/70-anos-da-declaracao-universal-dos-direitos-humanos-e-os-desafios-dos-proximos-anos\/"}],"yoast_head":"<!-- This site is optimized with the Yoast SEO plugin v28.4 - https:\/\/yoast.com\/product\/yoast-seo-wordpress\/ -->\n<title>70 anos da Declara\u00e7\u00e3o Universal dos Direitos Humanos e os desafios dos pr\u00f3ximos anos - Instituto Global Attitude<\/title>\n<meta name=\"robots\" content=\"index, follow, max-snippet:-1, max-image-preview:large, max-video-preview:-1\" \/>\n<link rel=\"canonical\" href=\"http:\/\/globalattitude.org.br\/70-anos-da-declaracao-universal-dos-direitos-humanos-e-os-desafios-dos-proximos-anos\/\" \/>\n<meta property=\"og:locale\" content=\"en_US\" \/>\n<meta property=\"og:type\" content=\"article\" \/>\n<meta property=\"og:title\" content=\"70 anos da Declara\u00e7\u00e3o Universal dos Direitos Humanos e os desafios dos pr\u00f3ximos anos - Instituto Global Attitude\" \/>\n<meta property=\"og:description\" content=\"O ano \u00e9 2018. A Declara\u00e7\u00e3o Universal dos Direitos Humanos (DUDH) completa 70 anos. O mundo, por\u00e9m, parece desafiar agora cada um destes anos, ao testar seus princ\u00edpios fundamentais em todas as regi\u00f5es do globo. A DUDH, documento que marcou a hist\u00f3ria dos Direitos Humanos ao ser proclamado pela Assembleia Geral das Na\u00e7\u00f5es Unidas em [&hellip;]\" \/>\n<meta property=\"og:url\" content=\"http:\/\/globalattitude.org.br\/70-anos-da-declaracao-universal-dos-direitos-humanos-e-os-desafios-dos-proximos-anos\/\" \/>\n<meta property=\"og:site_name\" content=\"Instituto Global Attitude\" \/>\n<meta property=\"article:publisher\" content=\"https:\/\/www.facebook.com\/global.attitude.org\/\" \/>\n<meta property=\"article:published_time\" content=\"2017-12-11T20:14:25+00:00\" \/>\n<meta property=\"article:modified_time\" content=\"2023-03-10T13:30:58+00:00\" \/>\n<meta property=\"og:image\" content=\"http:\/\/globalattitude.org.br\/wp-content\/uploads\/2023\/03\/human-rights-activists-human-rights-act-protest-842-body-image-1433162586.jpg\" \/>\n\t<meta property=\"og:image:width\" content=\"1200\" \/>\n\t<meta property=\"og:image:height\" content=\"799\" \/>\n\t<meta property=\"og:image:type\" content=\"image\/jpeg\" \/>\n<meta name=\"author\" content=\"123esite\" \/>\n<meta name=\"twitter:card\" content=\"summary_large_image\" \/>\n<meta name=\"twitter:creator\" content=\"@global_attitude\" \/>\n<meta name=\"twitter:site\" content=\"@global_attitude\" \/>\n<meta name=\"twitter:label1\" content=\"Written by\" \/>\n\t<meta name=\"twitter:data1\" content=\"123esite\" \/>\n\t<meta name=\"twitter:label2\" content=\"Est. reading time\" \/>\n\t<meta name=\"twitter:data2\" content=\"4 minutes\" \/>\n<script type=\"application\/ld+json\" class=\"yoast-schema-graph\">{\"@context\":\"https:\\\/\\\/schema.org\",\"@graph\":[{\"@type\":[\"Article\",\"BlogPosting\"],\"@id\":\"http:\\\/\\\/globalattitude.org.br\\\/70-anos-da-declaracao-universal-dos-direitos-humanos-e-os-desafios-dos-proximos-anos\\\/#article\",\"isPartOf\":{\"@id\":\"http:\\\/\\\/globalattitude.org.br\\\/70-anos-da-declaracao-universal-dos-direitos-humanos-e-os-desafios-dos-proximos-anos\\\/\"},\"author\":{\"name\":\"123esite\",\"@id\":\"https:\\\/\\\/globalattitude.org.br\\\/#\\\/schema\\\/person\\\/6d308f9d9d1eebad0278ad9386f13169\"},\"headline\":\"70 anos da Declara\u00e7\u00e3o Universal dos Direitos Humanos e os desafios dos pr\u00f3ximos anos\",\"datePublished\":\"2017-12-11T20:14:25+00:00\",\"dateModified\":\"2023-03-10T13:30:58+00:00\",\"mainEntityOfPage\":{\"@id\":\"http:\\\/\\\/globalattitude.org.br\\\/70-anos-da-declaracao-universal-dos-direitos-humanos-e-os-desafios-dos-proximos-anos\\\/\"},\"wordCount\":913,\"commentCount\":0,\"publisher\":{\"@id\":\"https:\\\/\\\/globalattitude.org.br\\\/#organization\"},\"image\":{\"@id\":\"http:\\\/\\\/globalattitude.org.br\\\/70-anos-da-declaracao-universal-dos-direitos-humanos-e-os-desafios-dos-proximos-anos\\\/#primaryimage\"},\"thumbnailUrl\":\"https:\\\/\\\/globalattitude.org.br\\\/wp-content\\\/uploads\\\/2023\\\/03\\\/human-rights-activists-human-rights-act-protest-842-body-image-1433162586.jpg\",\"articleSection\":[\"Opini\u00e3o\",\"\u00daltimas\"],\"inLanguage\":\"en-US\",\"potentialAction\":[{\"@type\":\"CommentAction\",\"name\":\"Comment\",\"target\":[\"http:\\\/\\\/globalattitude.org.br\\\/70-anos-da-declaracao-universal-dos-direitos-humanos-e-os-desafios-dos-proximos-anos\\\/#respond\"]}]},{\"@type\":\"WebPage\",\"@id\":\"http:\\\/\\\/globalattitude.org.br\\\/70-anos-da-declaracao-universal-dos-direitos-humanos-e-os-desafios-dos-proximos-anos\\\/\",\"url\":\"http:\\\/\\\/globalattitude.org.br\\\/70-anos-da-declaracao-universal-dos-direitos-humanos-e-os-desafios-dos-proximos-anos\\\/\",\"name\":\"70 anos da Declara\u00e7\u00e3o Universal dos Direitos Humanos e os desafios dos pr\u00f3ximos anos - Instituto Global Attitude\",\"isPartOf\":{\"@id\":\"https:\\\/\\\/globalattitude.org.br\\\/#website\"},\"primaryImageOfPage\":{\"@id\":\"http:\\\/\\\/globalattitude.org.br\\\/70-anos-da-declaracao-universal-dos-direitos-humanos-e-os-desafios-dos-proximos-anos\\\/#primaryimage\"},\"image\":{\"@id\":\"http:\\\/\\\/globalattitude.org.br\\\/70-anos-da-declaracao-universal-dos-direitos-humanos-e-os-desafios-dos-proximos-anos\\\/#primaryimage\"},\"thumbnailUrl\":\"https:\\\/\\\/globalattitude.org.br\\\/wp-content\\\/uploads\\\/2023\\\/03\\\/human-rights-activists-human-rights-act-protest-842-body-image-1433162586.jpg\",\"datePublished\":\"2017-12-11T20:14:25+00:00\",\"dateModified\":\"2023-03-10T13:30:58+00:00\",\"breadcrumb\":{\"@id\":\"http:\\\/\\\/globalattitude.org.br\\\/70-anos-da-declaracao-universal-dos-direitos-humanos-e-os-desafios-dos-proximos-anos\\\/#breadcrumb\"},\"inLanguage\":\"en-US\",\"potentialAction\":[{\"@type\":\"ReadAction\",\"target\":[\"http:\\\/\\\/globalattitude.org.br\\\/70-anos-da-declaracao-universal-dos-direitos-humanos-e-os-desafios-dos-proximos-anos\\\/\"]}]},{\"@type\":\"ImageObject\",\"inLanguage\":\"en-US\",\"@id\":\"http:\\\/\\\/globalattitude.org.br\\\/70-anos-da-declaracao-universal-dos-direitos-humanos-e-os-desafios-dos-proximos-anos\\\/#primaryimage\",\"url\":\"https:\\\/\\\/globalattitude.org.br\\\/wp-content\\\/uploads\\\/2023\\\/03\\\/human-rights-activists-human-rights-act-protest-842-body-image-1433162586.jpg\",\"contentUrl\":\"https:\\\/\\\/globalattitude.org.br\\\/wp-content\\\/uploads\\\/2023\\\/03\\\/human-rights-activists-human-rights-act-protest-842-body-image-1433162586.jpg\",\"width\":1200,\"height\":799},{\"@type\":\"BreadcrumbList\",\"@id\":\"http:\\\/\\\/globalattitude.org.br\\\/70-anos-da-declaracao-universal-dos-direitos-humanos-e-os-desafios-dos-proximos-anos\\\/#breadcrumb\",\"itemListElement\":[{\"@type\":\"ListItem\",\"position\":1,\"name\":\"In\u00edcio\",\"item\":\"http:\\\/\\\/globalattitude.org.br\\\/en\\\/\"},{\"@type\":\"ListItem\",\"position\":2,\"name\":\"70 anos da Declara\u00e7\u00e3o Universal dos Direitos Humanos e os desafios dos pr\u00f3ximos anos\"}]},{\"@type\":\"WebSite\",\"@id\":\"https:\\\/\\\/globalattitude.org.br\\\/#website\",\"url\":\"https:\\\/\\\/globalattitude.org.br\\\/\",\"name\":\"Instituto Global Attitude\",\"description\":\"\",\"publisher\":{\"@id\":\"https:\\\/\\\/globalattitude.org.br\\\/#organization\"},\"potentialAction\":[{\"@type\":\"SearchAction\",\"target\":{\"@type\":\"EntryPoint\",\"urlTemplate\":\"https:\\\/\\\/globalattitude.org.br\\\/?s={search_term_string}\"},\"query-input\":{\"@type\":\"PropertyValueSpecification\",\"valueRequired\":true,\"valueName\":\"search_term_string\"}}],\"inLanguage\":\"en-US\"},{\"@type\":\"Organization\",\"@id\":\"https:\\\/\\\/globalattitude.org.br\\\/#organization\",\"name\":\"Instituto Global Attitude\",\"url\":\"https:\\\/\\\/globalattitude.org.br\\\/\",\"logo\":{\"@type\":\"ImageObject\",\"inLanguage\":\"en-US\",\"@id\":\"https:\\\/\\\/globalattitude.org.br\\\/#\\\/schema\\\/logo\\\/image\\\/\",\"url\":\"https:\\\/\\\/globalattitude.org.br\\\/wp-content\\\/uploads\\\/2023\\\/01\\\/instituto-global-attitude-color.png\",\"contentUrl\":\"https:\\\/\\\/globalattitude.org.br\\\/wp-content\\\/uploads\\\/2023\\\/01\\\/instituto-global-attitude-color.png\",\"width\":300,\"height\":131,\"caption\":\"Instituto Global Attitude\"},\"image\":{\"@id\":\"https:\\\/\\\/globalattitude.org.br\\\/#\\\/schema\\\/logo\\\/image\\\/\"},\"sameAs\":[\"https:\\\/\\\/www.facebook.com\\\/global.attitude.org\\\/\",\"https:\\\/\\\/x.com\\\/global_attitude\",\"https:\\\/\\\/www.instagram.com\\\/globalattitude\",\"https:\\\/\\\/www.linkedin.com\\\/company\\\/global-attitude\\\/?viewAsMember=true\"]},{\"@type\":\"Person\",\"@id\":\"https:\\\/\\\/globalattitude.org.br\\\/#\\\/schema\\\/person\\\/6d308f9d9d1eebad0278ad9386f13169\",\"name\":\"123esite\",\"image\":{\"@type\":\"ImageObject\",\"inLanguage\":\"en-US\",\"@id\":\"https:\\\/\\\/secure.gravatar.com\\\/avatar\\\/07bd71fac19f42004f2b73567f012e126689afdb23cb0017536dea9113ba1806?s=96&d=mm&r=g\",\"url\":\"https:\\\/\\\/secure.gravatar.com\\\/avatar\\\/07bd71fac19f42004f2b73567f012e126689afdb23cb0017536dea9113ba1806?s=96&d=mm&r=g\",\"contentUrl\":\"https:\\\/\\\/secure.gravatar.com\\\/avatar\\\/07bd71fac19f42004f2b73567f012e126689afdb23cb0017536dea9113ba1806?s=96&d=mm&r=g\",\"caption\":\"123esite\"},\"sameAs\":[\"http:\\\/\\\/globalattitude.org.br\"],\"url\":\"https:\\\/\\\/globalattitude.org.br\\\/en\\\/author\\\/123esite\\\/\"}]}<\/script>\n<!-- \/ Yoast SEO plugin. -->","yoast_head_json":{"title":"70 anos da Declara\u00e7\u00e3o Universal dos Direitos Humanos e os desafios dos pr\u00f3ximos anos - Instituto Global Attitude","robots":{"index":"index","follow":"follow","max-snippet":"max-snippet:-1","max-image-preview":"max-image-preview:large","max-video-preview":"max-video-preview:-1"},"canonical":"http:\/\/globalattitude.org.br\/70-anos-da-declaracao-universal-dos-direitos-humanos-e-os-desafios-dos-proximos-anos\/","og_locale":"en_US","og_type":"article","og_title":"70 anos da Declara\u00e7\u00e3o Universal dos Direitos Humanos e os desafios dos pr\u00f3ximos anos - Instituto Global Attitude","og_description":"O ano \u00e9 2018. A Declara\u00e7\u00e3o Universal dos Direitos Humanos (DUDH) completa 70 anos. O mundo, por\u00e9m, parece desafiar agora cada um destes anos, ao testar seus princ\u00edpios fundamentais em todas as regi\u00f5es do globo. A DUDH, documento que marcou a hist\u00f3ria dos Direitos Humanos ao ser proclamado pela Assembleia Geral das Na\u00e7\u00f5es Unidas em [&hellip;]","og_url":"http:\/\/globalattitude.org.br\/70-anos-da-declaracao-universal-dos-direitos-humanos-e-os-desafios-dos-proximos-anos\/","og_site_name":"Instituto Global Attitude","article_publisher":"https:\/\/www.facebook.com\/global.attitude.org\/","article_published_time":"2017-12-11T20:14:25+00:00","article_modified_time":"2023-03-10T13:30:58+00:00","og_image":[{"width":1200,"height":799,"url":"http:\/\/globalattitude.org.br\/wp-content\/uploads\/2023\/03\/human-rights-activists-human-rights-act-protest-842-body-image-1433162586.jpg","type":"image\/jpeg"}],"author":"123esite","twitter_card":"summary_large_image","twitter_creator":"@global_attitude","twitter_site":"@global_attitude","twitter_misc":{"Written by":"123esite","Est. reading time":"4 minutes"},"schema":{"@context":"https:\/\/schema.org","@graph":[{"@type":["Article","BlogPosting"],"@id":"http:\/\/globalattitude.org.br\/70-anos-da-declaracao-universal-dos-direitos-humanos-e-os-desafios-dos-proximos-anos\/#article","isPartOf":{"@id":"http:\/\/globalattitude.org.br\/70-anos-da-declaracao-universal-dos-direitos-humanos-e-os-desafios-dos-proximos-anos\/"},"author":{"name":"123esite","@id":"https:\/\/globalattitude.org.br\/#\/schema\/person\/6d308f9d9d1eebad0278ad9386f13169"},"headline":"70 anos da Declara\u00e7\u00e3o Universal dos Direitos Humanos e os desafios dos pr\u00f3ximos anos","datePublished":"2017-12-11T20:14:25+00:00","dateModified":"2023-03-10T13:30:58+00:00","mainEntityOfPage":{"@id":"http:\/\/globalattitude.org.br\/70-anos-da-declaracao-universal-dos-direitos-humanos-e-os-desafios-dos-proximos-anos\/"},"wordCount":913,"commentCount":0,"publisher":{"@id":"https:\/\/globalattitude.org.br\/#organization"},"image":{"@id":"http:\/\/globalattitude.org.br\/70-anos-da-declaracao-universal-dos-direitos-humanos-e-os-desafios-dos-proximos-anos\/#primaryimage"},"thumbnailUrl":"https:\/\/globalattitude.org.br\/wp-content\/uploads\/2023\/03\/human-rights-activists-human-rights-act-protest-842-body-image-1433162586.jpg","articleSection":["Opini\u00e3o","\u00daltimas"],"inLanguage":"en-US","potentialAction":[{"@type":"CommentAction","name":"Comment","target":["http:\/\/globalattitude.org.br\/70-anos-da-declaracao-universal-dos-direitos-humanos-e-os-desafios-dos-proximos-anos\/#respond"]}]},{"@type":"WebPage","@id":"http:\/\/globalattitude.org.br\/70-anos-da-declaracao-universal-dos-direitos-humanos-e-os-desafios-dos-proximos-anos\/","url":"http:\/\/globalattitude.org.br\/70-anos-da-declaracao-universal-dos-direitos-humanos-e-os-desafios-dos-proximos-anos\/","name":"70 anos da Declara\u00e7\u00e3o Universal dos Direitos Humanos e os desafios dos pr\u00f3ximos anos - Instituto Global Attitude","isPartOf":{"@id":"https:\/\/globalattitude.org.br\/#website"},"primaryImageOfPage":{"@id":"http:\/\/globalattitude.org.br\/70-anos-da-declaracao-universal-dos-direitos-humanos-e-os-desafios-dos-proximos-anos\/#primaryimage"},"image":{"@id":"http:\/\/globalattitude.org.br\/70-anos-da-declaracao-universal-dos-direitos-humanos-e-os-desafios-dos-proximos-anos\/#primaryimage"},"thumbnailUrl":"https:\/\/globalattitude.org.br\/wp-content\/uploads\/2023\/03\/human-rights-activists-human-rights-act-protest-842-body-image-1433162586.jpg","datePublished":"2017-12-11T20:14:25+00:00","dateModified":"2023-03-10T13:30:58+00:00","breadcrumb":{"@id":"http:\/\/globalattitude.org.br\/70-anos-da-declaracao-universal-dos-direitos-humanos-e-os-desafios-dos-proximos-anos\/#breadcrumb"},"inLanguage":"en-US","potentialAction":[{"@type":"ReadAction","target":["http:\/\/globalattitude.org.br\/70-anos-da-declaracao-universal-dos-direitos-humanos-e-os-desafios-dos-proximos-anos\/"]}]},{"@type":"ImageObject","inLanguage":"en-US","@id":"http:\/\/globalattitude.org.br\/70-anos-da-declaracao-universal-dos-direitos-humanos-e-os-desafios-dos-proximos-anos\/#primaryimage","url":"https:\/\/globalattitude.org.br\/wp-content\/uploads\/2023\/03\/human-rights-activists-human-rights-act-protest-842-body-image-1433162586.jpg","contentUrl":"https:\/\/globalattitude.org.br\/wp-content\/uploads\/2023\/03\/human-rights-activists-human-rights-act-protest-842-body-image-1433162586.jpg","width":1200,"height":799},{"@type":"BreadcrumbList","@id":"http:\/\/globalattitude.org.br\/70-anos-da-declaracao-universal-dos-direitos-humanos-e-os-desafios-dos-proximos-anos\/#breadcrumb","itemListElement":[{"@type":"ListItem","position":1,"name":"In\u00edcio","item":"http:\/\/globalattitude.org.br\/en\/"},{"@type":"ListItem","position":2,"name":"70 anos da Declara\u00e7\u00e3o Universal dos Direitos Humanos e os desafios dos pr\u00f3ximos anos"}]},{"@type":"WebSite","@id":"https:\/\/globalattitude.org.br\/#website","url":"https:\/\/globalattitude.org.br\/","name":"Instituto Global Attitude","description":"","publisher":{"@id":"https:\/\/globalattitude.org.br\/#organization"},"potentialAction":[{"@type":"SearchAction","target":{"@type":"EntryPoint","urlTemplate":"https:\/\/globalattitude.org.br\/?s={search_term_string}"},"query-input":{"@type":"PropertyValueSpecification","valueRequired":true,"valueName":"search_term_string"}}],"inLanguage":"en-US"},{"@type":"Organization","@id":"https:\/\/globalattitude.org.br\/#organization","name":"Instituto Global Attitude","url":"https:\/\/globalattitude.org.br\/","logo":{"@type":"ImageObject","inLanguage":"en-US","@id":"https:\/\/globalattitude.org.br\/#\/schema\/logo\/image\/","url":"https:\/\/globalattitude.org.br\/wp-content\/uploads\/2023\/01\/instituto-global-attitude-color.png","contentUrl":"https:\/\/globalattitude.org.br\/wp-content\/uploads\/2023\/01\/instituto-global-attitude-color.png","width":300,"height":131,"caption":"Instituto Global Attitude"},"image":{"@id":"https:\/\/globalattitude.org.br\/#\/schema\/logo\/image\/"},"sameAs":["https:\/\/www.facebook.com\/global.attitude.org\/","https:\/\/x.com\/global_attitude","https:\/\/www.instagram.com\/globalattitude","https:\/\/www.linkedin.com\/company\/global-attitude\/?viewAsMember=true"]},{"@type":"Person","@id":"https:\/\/globalattitude.org.br\/#\/schema\/person\/6d308f9d9d1eebad0278ad9386f13169","name":"123esite","image":{"@type":"ImageObject","inLanguage":"en-US","@id":"https:\/\/secure.gravatar.com\/avatar\/07bd71fac19f42004f2b73567f012e126689afdb23cb0017536dea9113ba1806?s=96&d=mm&r=g","url":"https:\/\/secure.gravatar.com\/avatar\/07bd71fac19f42004f2b73567f012e126689afdb23cb0017536dea9113ba1806?s=96&d=mm&r=g","contentUrl":"https:\/\/secure.gravatar.com\/avatar\/07bd71fac19f42004f2b73567f012e126689afdb23cb0017536dea9113ba1806?s=96&d=mm&r=g","caption":"123esite"},"sameAs":["http:\/\/globalattitude.org.br"],"url":"https:\/\/globalattitude.org.br\/en\/author\/123esite\/"}]}},"_links":{"self":[{"href":"https:\/\/globalattitude.org.br\/en\/wp-json\/wp\/v2\/posts\/2054","targetHints":{"allow":["GET"]}}],"collection":[{"href":"https:\/\/globalattitude.org.br\/en\/wp-json\/wp\/v2\/posts"}],"about":[{"href":"https:\/\/globalattitude.org.br\/en\/wp-json\/wp\/v2\/types\/post"}],"author":[{"embeddable":true,"href":"https:\/\/globalattitude.org.br\/en\/wp-json\/wp\/v2\/users\/1"}],"replies":[{"embeddable":true,"href":"https:\/\/globalattitude.org.br\/en\/wp-json\/wp\/v2\/comments?post=2054"}],"version-history":[{"count":1,"href":"https:\/\/globalattitude.org.br\/en\/wp-json\/wp\/v2\/posts\/2054\/revisions"}],"predecessor-version":[{"id":2056,"href":"https:\/\/globalattitude.org.br\/en\/wp-json\/wp\/v2\/posts\/2054\/revisions\/2056"}],"wp:featuredmedia":[{"embeddable":true,"href":"https:\/\/globalattitude.org.br\/en\/wp-json\/wp\/v2\/media\/2055"}],"wp:attachment":[{"href":"https:\/\/globalattitude.org.br\/en\/wp-json\/wp\/v2\/media?parent=2054"}],"wp:term":[{"taxonomy":"category","embeddable":true,"href":"https:\/\/globalattitude.org.br\/en\/wp-json\/wp\/v2\/categories?post=2054"},{"taxonomy":"post_tag","embeddable":true,"href":"https:\/\/globalattitude.org.br\/en\/wp-json\/wp\/v2\/tags?post=2054"}],"curies":[{"name":"wp","href":"https:\/\/api.w.org\/{rel}","templated":true}]}}